{"id":180837,"date":"2021-09-03T11:08:04","date_gmt":"2021-09-03T14:08:04","guid":{"rendered":"https:\/\/www.suno.com.br\/noticias\/?p=180837"},"modified":"2021-09-03T11:08:04","modified_gmt":"2021-09-03T14:08:04","slug":"dolar-recua-apos-dados-de-emprego-fracos-nos-eua","status":"publish","type":"post","link":"https:\/\/www.suno.com.br\/noticias\/dolar-recua-apos-dados-de-emprego-fracos-nos-eua\/","title":{"rendered":"D\u00f3lar recua ap\u00f3s dados de emprego fracos nos EUA"},"content":{"rendered":"<p>O <strong>d\u00f3lar<\/strong> opera em baixa na manh\u00e3 desta sexta-feira (03), ap\u00f3s a divulga\u00e7\u00e3o dos dados de emprego dos EUA (<em>payroll)<\/em> decepcionar os mercados internacionais.<\/p>\t<div class=\"wrapper-featured-image\">\n\t\t<figure class=\"spotlightImg\">\n\n\t\t\t<picture>\n\t\t\t\t<source media=\"(max-width: 768px)\" srcset=\"https:\/\/files.sunoresearch.com.br\/n\/uploads\/2021\/07\/98de8955-dollar-1362244_1920-400x200.jpg\">\n\t\t\t\t<img loading=\"lazy\" decoding=\"async\" class=\"newsContent__article__imgCapa lazyloadDisabled \" src=\"https:\/\/files.sunoresearch.com.br\/n\/uploads\/2021\/07\/98de8955-dollar-1362244_1920-800x450.jpg\" width=\"800\" height=\"450\" alt=\"D\u00f3lar recua ap\u00f3s dados de emprego fracos nos EUA\" fetchpriority=high \/>\n\t\t\t<\/picture>\n\n\t\t\t<figcaption class=\"wp-caption-text wp-caption-text--show\">D\u00f3lar. Foto: Pixabay<\/figcaption>\n\t\t<\/figure>\n\t<\/div>\n\n\n\t<p>\n\t\t<a href=\"https:\/\/lp.suno.com.br\/planilha-controle-gastos\/\" target=\"_blank\" data-element=\"shortcode-suno-banner\" title=\"Banner SUNO, clique e saiba mais\">\n\t\t\t<picture>\n\t\t\t\t<source media=\"(max-width: 500px)\" srcset=\"https:\/\/files.sunoresearch.com.br\/n\/uploads\/2023\/03\/400x300-Planilha-controle-de-gastos.png\">\n\t\t\t\t<img class=\"newsContent__article__imgCapa newsContent__article__imgCapa--banner\"\n\t\t\t\t\tsrc=\"https:\/\/files.sunoresearch.com.br\/n\/uploads\/2023\/03\/1420x240-Planilha-controle-de-gastos.png\"\n\t\t\t\t\tdata-promo-id=\"101751\"\t\t\t\t\t\t\t\t\t\twidth='1420' height='240'\t\t\t\t\talt=\"https:\/\/files.sunoresearch.com.br\/n\/uploads\/2023\/03\/1420x240-Planilha-controle-de-gastos.png\"\n\t\t\t\t>\n\t\t\t<\/picture>\n\t\t<\/a>\n\t<\/p>\n\n\n<p>No c\u00e2mbio, o d\u00f3lar est\u00e1 alinhado ao sinal de baixa predominante ante outras moedas emergentes e ligadas a commodities no exterior.<\/p>\n<p>\u00c0s 9h22, o <strong>d\u00f3lar \u00e0 vista<\/strong> ca\u00eda 0,41%, a R$ 5,1618. O <strong>d\u00f3lar futuro<\/strong> para outubro recuava 0,49%, a R$ 5,1795.<\/p>\n<p>O Departamento do Trabalho norte-americano informou que foram criadas 235 mil vagas de trabalho pela economia do pa\u00eds em agosto, resultado muito abaixo da expectativa de 750 mil novos empregos estimada pelos especialistas.<\/p>\n<p>A not\u00edcia elevou as apostas do <a class=\"suno-keyword\" href=\"https:\/\/www.suno.com.br\/artigos\/mercado-financeiro\/\" target=\"_blank\" rel=\"noopener\" data-force=\"no\" data-priority=\"2\">mercado financeiro<\/a> de que o Fed n\u00e3o anunciar\u00e1 o corte de suas compras de t\u00edtulos (<em>tapering<\/em>) mais cedo do que o esperado.<\/p>\n<p>Na m\u00ednima do dia, alcan\u00e7ada pouco depois da divulga\u00e7\u00e3o dos dados, o d\u00f3lar foi a R$ 5,1320 na venda, queda de 0,98%.<\/p>\n<h2>Riscos internos podem elevar o d\u00f3lar hoje<\/h2>\n<p>Contudo, preocupa\u00e7\u00f5es fiscais persistem no Brasil. Quest\u00f5es como a crise h\u00eddrica pressionando ainda mais a infla\u00e7\u00e3o, as indefini\u00e7\u00f5es sobre os precat\u00f3rios, as fontes de recursos para o Bolsa Fam\u00edlia e a reforma do Imposto de Renda, continuam no radar.<\/p>\n\t<p>\n\t\t<a href=\"https:\/\/lp.suno.com.br\/planilha-da-vida-financeira\/\" target=\"_blank\" data-element=\"shortcode-suno-banner\" title=\"Banner SUNO, clique e saiba mais\">\n\t\t\t<picture>\n\t\t\t\t<source media=\"(max-width: 500px)\" srcset=\"https:\/\/files.sunoresearch.com.br\/n\/uploads\/2023\/04\/400x300-Planilha-vida-financeira-true.png\">\n\t\t\t\t<img class=\"newsContent__article__imgCapa newsContent__article__imgCapa--banner\"\n\t\t\t\t\tsrc=\"https:\/\/files.sunoresearch.com.br\/n\/uploads\/2023\/04\/1420x240-Planilha-vida-financeira-true.png\"\n\t\t\t\t\tdata-promo-id=\"106682\"\t\t\t\t\t\t\t\t\t\twidth='1420' height='240'\t\t\t\t\talt=\"https:\/\/files.sunoresearch.com.br\/n\/uploads\/2023\/04\/1420x240-Planilha-vida-financeira-true.png\"\n\t\t\t\t>\n\t\t\t<\/picture>\n\t\t<\/a>\n\t<\/p>\n\n\n<p>O temor fiscal tem sustentado a inclina\u00e7\u00e3o maior da <a class=\"suno-keyword\" href=\"https:\/\/www.suno.com.br\/artigos\/curva-de-juros\/\" target=\"_blank\" rel=\"noopener\" data-force=\"no\" data-priority=\"1\">curva de juros<\/a> nas \u00faltimas semanas.<\/p>\n<p>Na agenda do dia, est\u00e3o prevista falas do secret\u00e1rio especial do Tesouro e Or\u00e7amento, Bruno Funchal, \u00e0s 12h10, e o ministro da Economia, Paulo Guedes, \u00e0s 18h, que tamb\u00e9m podem influenciar na <strong>cota\u00e7\u00e3o do d\u00f3lar<\/strong>.<\/p>\n<p>\u00c0s 11:00, o <strong><a href=\"https:\/\/www.suno.com.br\/artigos\/dolar-comercial\/\" target=\"_blank\" rel=\"noopener\">d\u00f3lar comercial<\/a><\/strong> \u00e0 vista diminu\u00eda as perdas e operava em queda de 0,04%, valendo R$ 5,181 frente ao real.<\/p>\n<p>J\u00e1 o<strong><a href=\"https:\/\/www.suno.com.br\/artigos\/dxy\/\" target=\"_blank\" rel=\"noopener\"> \u00edndice DYX<\/a><\/strong>, que compara a moeda a outras seis divisas importantes, ca\u00eda 0,11% no mesmo hor\u00e1rio.<\/p>\n<h2>Cota\u00e7\u00e3o do dia anterior<\/h2>\n<p>O\u00a0<strong>d\u00f3lar\u00a0<\/strong>encerrou as negocia\u00e7\u00f5es de quinta-feira (02) em leve queda de 0,03%, frente ao real, valendo R$ 5,183 na venda.<\/p>\n\t<p>\n\t\t<a href=\"https:\/\/lp.suno.com.br\/planilha-de-controle-de-investimentos\/\" target=\"_blank\" data-element=\"shortcode-suno-banner\" title=\"Banner SUNO, clique e saiba mais\">\n\t\t\t<picture>\n\t\t\t\t<source media=\"(max-width: 500px)\" srcset=\"https:\/\/files.sunoresearch.com.br\/n\/uploads\/2023\/03\/400x300-Controle-de-Investimentos.png\">\n\t\t\t\t<img class=\"newsContent__article__imgCapa newsContent__article__imgCapa--banner\"\n\t\t\t\t\tsrc=\"https:\/\/files.sunoresearch.com.br\/n\/uploads\/2023\/03\/1420x240-Controle-de-Investimentos.png\"\n\t\t\t\t\tdata-promo-id=\"75934\"\t\t\t\t\t\t\t\t\t\twidth='1420' height='240'\t\t\t\t\talt=\"https:\/\/files.sunoresearch.com.br\/n\/uploads\/2023\/03\/1420x240-Controle-de-Investimentos.png\"\n\t\t\t\t>\n\t\t\t<\/picture>\n\t\t<\/a>\n\t<\/p>\n\n\n<p><em>Com informa\u00e7\u00f5es de Estad\u00e3o Conte\u00fado.\u00a0<\/em><\/p>\n","protected":false},"excerpt":{"rendered":"<p>O d\u00f3lar opera em baixa na manh\u00e3 desta sexta-feira (03), ap\u00f3s a divulga\u00e7\u00e3o dos dados de emprego dos EUA (payroll) decepcionar os mercados internacionais. D\u00f3lar. Foto: Pixabay No c\u00e2mbio, o d\u00f3lar est\u00e1 alinhado ao sinal de baixa predominante ante outras moedas emergentes e ligadas a commodities no exterior. \u00c0s 9h22, o d\u00f3lar \u00e0 vista ca\u00eda [&hellip;]<\/p>\n","protected":false},"author":102,"featured_media":166671,"comment_status":"closed","ping_status":"closed","sticky":false,"template":"","format":"standard","meta":[],"categories":[60],"tags":[326,1852],"suno_strategy":[],"class_list":["post-180837","post","type-post","status-publish","format-standard","has-post-thumbnail","hentry","category-mercado","tag-dolar","tag-dolar-futuro"],"yoast_head":"<!-- This site is optimized with the Yoast SEO plugin v24.4 - https:\/\/yoast.com\/wordpress\/plugins\/seo\/ -->\n<title>D\u00f3lar recua ap\u00f3s dados de emprego fracos nos EUA<\/title>\n<meta name=\"description\" content=\"O d\u00f3lar segue bastante vol\u00e1til nas opera\u00e7\u00f5es desta sexta, fraco ap\u00f3s dados do payroll mas puxado por riscos internos do Brasil. Leia aqui.\" \/>\n<meta name=\"robots\" content=\"index, follow, max-snippet:-1, max-image-preview:large, max-video-preview:-1\" \/>\n<link rel=\"canonical\" href=\"https:\/\/www.suno.com.br\/noticias\/dolar-recua-apos-dados-de-emprego-fracos-nos-eua\/\" \/>\n<meta property=\"og:locale\" content=\"pt_BR\" \/>\n<meta property=\"og:type\" content=\"article\" \/>\n<meta property=\"og:title\" content=\"D\u00f3lar recua ap\u00f3s dados de emprego fracos nos EUA\" \/>\n<meta property=\"og:description\" content=\"O d\u00f3lar segue bastante vol\u00e1til nas opera\u00e7\u00f5es desta sexta, fraco ap\u00f3s dados do payroll mas puxado por riscos internos do Brasil. Leia aqui.\" \/>\n<meta property=\"og:url\" content=\"https:\/\/www.suno.com.br\/noticias\/dolar-recua-apos-dados-de-emprego-fracos-nos-eua\/\" \/>\n<meta property=\"og:site_name\" content=\"Suno Not\u00edcias\" \/>\n<meta property=\"article:publisher\" content=\"https:\/\/facebook.com\/sunoresearch\" \/>\n<meta property=\"og:image\" content=\"https:\/\/files.sunoresearch.com.br\/n\/uploads\/2021\/07\/98de8955-dollar-1362244_1920.jpg\" \/>\n\t<meta property=\"og:image:width\" content=\"1920\" \/>\n\t<meta property=\"og:image:height\" content=\"1280\" \/>\n\t<meta property=\"og:image:type\" content=\"image\/jpeg\" \/>\n<meta name=\"author\" content=\"Monique Lima\" \/>\n<meta name=\"twitter:card\" content=\"summary_large_image\" \/>\n<meta name=\"twitter:creator\" content=\"@sunoresearch\" \/>\n<meta name=\"twitter:site\" content=\"@sunoresearch\" \/>\n<meta name=\"twitter:label1\" content=\"Escrito por\" \/>\n\t<meta name=\"twitter:data1\" content=\"Monique Lima\" \/>\n\t<meta name=\"twitter:label2\" content=\"Est. tempo de leitura\" \/>\n\t<meta name=\"twitter:data2\" content=\"2 minutos\" \/>\n<script type=\"application\/ld+json\" class=\"yoast-schema-graph\">{\"@context\":\"https:\/\/schema.org\",\"@graph\":[{\"@type\":\"NewsArticle\",\"@id\":\"https:\/\/www.suno.com.br\/noticias\/dolar-recua-apos-dados-de-emprego-fracos-nos-eua\/#article\",\"isPartOf\":{\"@id\":\"https:\/\/www.suno.com.br\/noticias\/dolar-recua-apos-dados-de-emprego-fracos-nos-eua\/\"},\"author\":{\"name\":\"Monique Lima\",\"@id\":\"https:\/\/www.suno.com.br\/noticias\/#\/schema\/person\/d712329319cc9b10f254d02d654cb36a\"},\"headline\":\"D\u00f3lar recua ap\u00f3s dados de emprego fracos nos EUA\",\"datePublished\":\"2021-09-03T14:08:04+00:00\",\"mainEntityOfPage\":{\"@id\":\"https:\/\/www.suno.com.br\/noticias\/dolar-recua-apos-dados-de-emprego-fracos-nos-eua\/\"},\"wordCount\":358,\"publisher\":{\"@id\":\"https:\/\/www.suno.com.br\/noticias\/#organization\"},\"image\":{\"@id\":\"https:\/\/www.suno.com.br\/noticias\/dolar-recua-apos-dados-de-emprego-fracos-nos-eua\/#primaryimage\"},\"thumbnailUrl\":\"https:\/\/files.sunoresearch.com.br\/n\/uploads\/2021\/07\/98de8955-dollar-1362244_1920.jpg\",\"keywords\":[\"d\u00f3lar\",\"d\u00f3lar futuro\"],\"articleSection\":[\"Mercado\"],\"inLanguage\":\"pt-BR\"},{\"@type\":\"WebPage\",\"@id\":\"https:\/\/www.suno.com.br\/noticias\/dolar-recua-apos-dados-de-emprego-fracos-nos-eua\/\",\"url\":\"https:\/\/www.suno.com.br\/noticias\/dolar-recua-apos-dados-de-emprego-fracos-nos-eua\/\",\"name\":\"D\u00f3lar recua ap\u00f3s dados de emprego fracos nos EUA\",\"isPartOf\":{\"@id\":\"https:\/\/www.suno.com.br\/noticias\/#website\"},\"primaryImageOfPage\":{\"@id\":\"https:\/\/www.suno.com.br\/noticias\/dolar-recua-apos-dados-de-emprego-fracos-nos-eua\/#primaryimage\"},\"image\":{\"@id\":\"https:\/\/www.suno.com.br\/noticias\/dolar-recua-apos-dados-de-emprego-fracos-nos-eua\/#primaryimage\"},\"thumbnailUrl\":\"https:\/\/files.sunoresearch.com.br\/n\/uploads\/2021\/07\/98de8955-dollar-1362244_1920.jpg\",\"datePublished\":\"2021-09-03T14:08:04+00:00\",\"description\":\"O d\u00f3lar segue bastante vol\u00e1til nas opera\u00e7\u00f5es desta sexta, fraco ap\u00f3s dados do payroll mas puxado por riscos internos do Brasil. Leia aqui.\",\"breadcrumb\":{\"@id\":\"https:\/\/www.suno.com.br\/noticias\/dolar-recua-apos-dados-de-emprego-fracos-nos-eua\/#breadcrumb\"},\"inLanguage\":\"pt-BR\",\"potentialAction\":[{\"@type\":\"ReadAction\",\"target\":[\"https:\/\/www.suno.com.br\/noticias\/dolar-recua-apos-dados-de-emprego-fracos-nos-eua\/\"]}]},{\"@type\":\"ImageObject\",\"inLanguage\":\"pt-BR\",\"@id\":\"https:\/\/www.suno.com.br\/noticias\/dolar-recua-apos-dados-de-emprego-fracos-nos-eua\/#primaryimage\",\"url\":\"https:\/\/files.sunoresearch.com.br\/n\/uploads\/2021\/07\/98de8955-dollar-1362244_1920.jpg\",\"contentUrl\":\"https:\/\/files.sunoresearch.com.br\/n\/uploads\/2021\/07\/98de8955-dollar-1362244_1920.jpg\",\"width\":1920,\"height\":1280,\"caption\":\"D\u00f3lar. Foto: Pixabay\"},{\"@type\":\"BreadcrumbList\",\"@id\":\"https:\/\/www.suno.com.br\/noticias\/dolar-recua-apos-dados-de-emprego-fracos-nos-eua\/#breadcrumb\",\"itemListElement\":[{\"@type\":\"ListItem\",\"position\":1,\"name\":\"Not\u00edcias\",\"item\":\"https:\/\/www.suno.com.br\/noticias\/\"},{\"@type\":\"ListItem\",\"position\":2,\"name\":\"Mercado\",\"item\":\"https:\/\/www.suno.com.br\/noticias\/mercado\/\"},{\"@type\":\"ListItem\",\"position\":3,\"name\":\"D\u00f3lar recua ap\u00f3s dados de emprego fracos nos EUA\"}]},{\"@type\":\"WebSite\",\"@id\":\"https:\/\/www.suno.com.br\/noticias\/#website\",\"url\":\"https:\/\/www.suno.com.br\/noticias\/\",\"name\":\"Suno Not\u00edcias\",\"description\":\"Seu portal de informa\u00e7\u00e3o sobre o mundo dos investimentos\",\"publisher\":{\"@id\":\"https:\/\/www.suno.com.br\/noticias\/#organization\"},\"potentialAction\":[{\"@type\":\"SearchAction\",\"target\":{\"@type\":\"EntryPoint\",\"urlTemplate\":\"https:\/\/www.suno.com.br\/noticias\/?s={search_term_string}\"},\"query-input\":{\"@type\":\"PropertyValueSpecification\",\"valueRequired\":true,\"valueName\":\"search_term_string\"}}],\"inLanguage\":\"pt-BR\"},{\"@type\":\"Organization\",\"@id\":\"https:\/\/www.suno.com.br\/noticias\/#organization\",\"name\":\"Suno Not\u00edcias\",\"url\":\"https:\/\/www.suno.com.br\/noticias\/\",\"logo\":{\"@type\":\"ImageObject\",\"inLanguage\":\"pt-BR\",\"@id\":\"https:\/\/www.suno.com.br\/noticias\/#\/schema\/logo\/image\/\",\"url\":\"https:\/\/files.sunoresearch.com.br\/n\/uploads\/2021\/09\/suno-logo.png\",\"contentUrl\":\"https:\/\/files.sunoresearch.com.br\/n\/uploads\/2021\/09\/suno-logo.png\",\"width\":180,\"height\":180,\"caption\":\"Suno Not\u00edcias\"},\"image\":{\"@id\":\"https:\/\/www.suno.com.br\/noticias\/#\/schema\/logo\/image\/\"},\"sameAs\":[\"https:\/\/facebook.com\/sunoresearch\",\"https:\/\/x.com\/sunoresearch\",\"https:\/\/www.instagram.com\/suno\",\"https:\/\/www.linkedin.com\/company\/suno-research\/\",\"https:\/\/www.youtube.com\/c\/sunoresearch\"]},{\"@type\":\"Person\",\"@id\":\"https:\/\/www.suno.com.br\/noticias\/#\/schema\/person\/d712329319cc9b10f254d02d654cb36a\",\"name\":\"Monique Lima\",\"image\":{\"@type\":\"ImageObject\",\"inLanguage\":\"pt-BR\",\"@id\":\"https:\/\/www.suno.com.br\/noticias\/#\/schema\/person\/image\/\",\"url\":\"https:\/\/secure.gravatar.com\/avatar\/daee7f16d906c2e9ffed236206ca2c30?s=96&r=g\",\"contentUrl\":\"https:\/\/secure.gravatar.com\/avatar\/daee7f16d906c2e9ffed236206ca2c30?s=96&r=g\",\"caption\":\"Monique Lima\"},\"description\":\"Rep\u00f3rter de Mercado no Suno Not\u00edcias, \u00e9 jornalista com experi\u00eancia na cobertura de economia, empreendedorismo, finan\u00e7as pessoais, mercado financeiro, carreira e recursos humanos. Formada em Jornalismo pela Universidade Paulista, teve experi\u00eancias em ve\u00edculos de comunica\u00e7\u00e3o como a Ag\u00eancia TradeMap, Revista Voc\u00ea S\/A e Revista Voc\u00ea RH, as duas \u00faltimas publica\u00e7\u00f5es da Editora Abril. No Suno Not\u00edcias, fala sobre as principais not\u00edcias de Fundos Imobili\u00e1rios, Fiagro, Startups e empresas listadas na Bolsa.\",\"url\":\"https:\/\/www.suno.com.br\/noticias\/author\/monique-lima\/\"}]}<\/script>\n<!-- \/ Yoast SEO plugin. -->","yoast_head_json":{"title":"D\u00f3lar recua ap\u00f3s dados de emprego fracos nos EUA","description":"O d\u00f3lar segue bastante vol\u00e1til nas opera\u00e7\u00f5es desta sexta, fraco ap\u00f3s dados do payroll mas puxado por riscos internos do Brasil. Leia aqui.","robots":{"index":"index","follow":"follow","max-snippet":"max-snippet:-1","max-image-preview":"max-image-preview:large","max-video-preview":"max-video-preview:-1"},"canonical":"https:\/\/www.suno.com.br\/noticias\/dolar-recua-apos-dados-de-emprego-fracos-nos-eua\/","og_locale":"pt_BR","og_type":"article","og_title":"D\u00f3lar recua ap\u00f3s dados de emprego fracos nos EUA","og_description":"O d\u00f3lar segue bastante vol\u00e1til nas opera\u00e7\u00f5es desta sexta, fraco ap\u00f3s dados do payroll mas puxado por riscos internos do Brasil. Leia aqui.","og_url":"https:\/\/www.suno.com.br\/noticias\/dolar-recua-apos-dados-de-emprego-fracos-nos-eua\/","og_site_name":"Suno Not\u00edcias","article_publisher":"https:\/\/facebook.com\/sunoresearch","og_image":[{"width":1920,"height":1280,"url":"https:\/\/files.sunoresearch.com.br\/n\/uploads\/2021\/07\/98de8955-dollar-1362244_1920.jpg","type":"image\/jpeg"}],"author":"Monique Lima","twitter_card":"summary_large_image","twitter_creator":"@sunoresearch","twitter_site":"@sunoresearch","twitter_misc":{"Escrito por":"Monique Lima","Est. tempo de leitura":"2 minutos"},"schema":{"@context":"https:\/\/schema.org","@graph":[{"@type":"NewsArticle","@id":"https:\/\/www.suno.com.br\/noticias\/dolar-recua-apos-dados-de-emprego-fracos-nos-eua\/#article","isPartOf":{"@id":"https:\/\/www.suno.com.br\/noticias\/dolar-recua-apos-dados-de-emprego-fracos-nos-eua\/"},"author":{"name":"Monique Lima","@id":"https:\/\/www.suno.com.br\/noticias\/#\/schema\/person\/d712329319cc9b10f254d02d654cb36a"},"headline":"D\u00f3lar recua ap\u00f3s dados de emprego fracos nos EUA","datePublished":"2021-09-03T14:08:04+00:00","mainEntityOfPage":{"@id":"https:\/\/www.suno.com.br\/noticias\/dolar-recua-apos-dados-de-emprego-fracos-nos-eua\/"},"wordCount":358,"publisher":{"@id":"https:\/\/www.suno.com.br\/noticias\/#organization"},"image":{"@id":"https:\/\/www.suno.com.br\/noticias\/dolar-recua-apos-dados-de-emprego-fracos-nos-eua\/#primaryimage"},"thumbnailUrl":"https:\/\/files.sunoresearch.com.br\/n\/uploads\/2021\/07\/98de8955-dollar-1362244_1920.jpg","keywords":["d\u00f3lar","d\u00f3lar futuro"],"articleSection":["Mercado"],"inLanguage":"pt-BR"},{"@type":"WebPage","@id":"https:\/\/www.suno.com.br\/noticias\/dolar-recua-apos-dados-de-emprego-fracos-nos-eua\/","url":"https:\/\/www.suno.com.br\/noticias\/dolar-recua-apos-dados-de-emprego-fracos-nos-eua\/","name":"D\u00f3lar recua ap\u00f3s dados de emprego fracos nos EUA","isPartOf":{"@id":"https:\/\/www.suno.com.br\/noticias\/#website"},"primaryImageOfPage":{"@id":"https:\/\/www.suno.com.br\/noticias\/dolar-recua-apos-dados-de-emprego-fracos-nos-eua\/#primaryimage"},"image":{"@id":"https:\/\/www.suno.com.br\/noticias\/dolar-recua-apos-dados-de-emprego-fracos-nos-eua\/#primaryimage"},"thumbnailUrl":"https:\/\/files.sunoresearch.com.br\/n\/uploads\/2021\/07\/98de8955-dollar-1362244_1920.jpg","datePublished":"2021-09-03T14:08:04+00:00","description":"O d\u00f3lar segue bastante vol\u00e1til nas opera\u00e7\u00f5es desta sexta, fraco ap\u00f3s dados do payroll mas puxado por riscos internos do Brasil. Leia aqui.","breadcrumb":{"@id":"https:\/\/www.suno.com.br\/noticias\/dolar-recua-apos-dados-de-emprego-fracos-nos-eua\/#breadcrumb"},"inLanguage":"pt-BR","potentialAction":[{"@type":"ReadAction","target":["https:\/\/www.suno.com.br\/noticias\/dolar-recua-apos-dados-de-emprego-fracos-nos-eua\/"]}]},{"@type":"ImageObject","inLanguage":"pt-BR","@id":"https:\/\/www.suno.com.br\/noticias\/dolar-recua-apos-dados-de-emprego-fracos-nos-eua\/#primaryimage","url":"https:\/\/files.sunoresearch.com.br\/n\/uploads\/2021\/07\/98de8955-dollar-1362244_1920.jpg","contentUrl":"https:\/\/files.sunoresearch.com.br\/n\/uploads\/2021\/07\/98de8955-dollar-1362244_1920.jpg","width":1920,"height":1280,"caption":"D\u00f3lar. Foto: Pixabay"},{"@type":"BreadcrumbList","@id":"https:\/\/www.suno.com.br\/noticias\/dolar-recua-apos-dados-de-emprego-fracos-nos-eua\/#breadcrumb","itemListElement":[{"@type":"ListItem","position":1,"name":"Not\u00edcias","item":"https:\/\/www.suno.com.br\/noticias\/"},{"@type":"ListItem","position":2,"name":"Mercado","item":"https:\/\/www.suno.com.br\/noticias\/mercado\/"},{"@type":"ListItem","position":3,"name":"D\u00f3lar recua ap\u00f3s dados de emprego fracos nos EUA"}]},{"@type":"WebSite","@id":"https:\/\/www.suno.com.br\/noticias\/#website","url":"https:\/\/www.suno.com.br\/noticias\/","name":"Suno Not\u00edcias","description":"Seu portal de informa\u00e7\u00e3o sobre o mundo dos investimentos","publisher":{"@id":"https:\/\/www.suno.com.br\/noticias\/#organization"},"potentialAction":[{"@type":"SearchAction","target":{"@type":"EntryPoint","urlTemplate":"https:\/\/www.suno.com.br\/noticias\/?s={search_term_string}"},"query-input":{"@type":"PropertyValueSpecification","valueRequired":true,"valueName":"search_term_string"}}],"inLanguage":"pt-BR"},{"@type":"Organization","@id":"https:\/\/www.suno.com.br\/noticias\/#organization","name":"Suno Not\u00edcias","url":"https:\/\/www.suno.com.br\/noticias\/","logo":{"@type":"ImageObject","inLanguage":"pt-BR","@id":"https:\/\/www.suno.com.br\/noticias\/#\/schema\/logo\/image\/","url":"https:\/\/files.sunoresearch.com.br\/n\/uploads\/2021\/09\/suno-logo.png","contentUrl":"https:\/\/files.sunoresearch.com.br\/n\/uploads\/2021\/09\/suno-logo.png","width":180,"height":180,"caption":"Suno Not\u00edcias"},"image":{"@id":"https:\/\/www.suno.com.br\/noticias\/#\/schema\/logo\/image\/"},"sameAs":["https:\/\/facebook.com\/sunoresearch","https:\/\/x.com\/sunoresearch","https:\/\/www.instagram.com\/suno","https:\/\/www.linkedin.com\/company\/suno-research\/","https:\/\/www.youtube.com\/c\/sunoresearch"]},{"@type":"Person","@id":"https:\/\/www.suno.com.br\/noticias\/#\/schema\/person\/d712329319cc9b10f254d02d654cb36a","name":"Monique Lima","image":{"@type":"ImageObject","inLanguage":"pt-BR","@id":"https:\/\/www.suno.com.br\/noticias\/#\/schema\/person\/image\/","url":"https:\/\/secure.gravatar.com\/avatar\/daee7f16d906c2e9ffed236206ca2c30?s=96&r=g","contentUrl":"https:\/\/secure.gravatar.com\/avatar\/daee7f16d906c2e9ffed236206ca2c30?s=96&r=g","caption":"Monique Lima"},"description":"Rep\u00f3rter de Mercado no Suno Not\u00edcias, \u00e9 jornalista com experi\u00eancia na cobertura de economia, empreendedorismo, finan\u00e7as pessoais, mercado financeiro, carreira e recursos humanos. Formada em Jornalismo pela Universidade Paulista, teve experi\u00eancias em ve\u00edculos de comunica\u00e7\u00e3o como a Ag\u00eancia TradeMap, Revista Voc\u00ea S\/A e Revista Voc\u00ea RH, as duas \u00faltimas publica\u00e7\u00f5es da Editora Abril. No Suno Not\u00edcias, fala sobre as principais not\u00edcias de Fundos Imobili\u00e1rios, Fiagro, Startups e empresas listadas na Bolsa.","url":"https:\/\/www.suno.com.br\/noticias\/author\/monique-lima\/"}]}},"default_loop_html":"<div class=\"cardsPage__listCard__boxs\"><div class=\"cardsPage__listCard__boxs__img\"><a href=\"https:\/\/www.suno.com.br\/noticias\/dolar-recua-apos-dados-de-emprego-fracos-nos-eua\/\"><img class=\"mask\" src=\"https:\/\/www.suno.com.br\/noticias\/wp-content\/themes\/suno\/resources\/images\/spotlight\/spotlight1img\/bg-mask.png\" alt=\"Image Mask\"\/><img src=\"https:\/\/files.sunoresearch.com.br\/n\/uploads\/2021\/07\/98de8955-dollar-1362244_1920-400x200.jpg\" alt=\"D\u00f3lar recua ap\u00f3s dados de emprego fracos nos EUA\"\/><\/a><span class=\"spotlightCategory\"><a href=\"https:\/\/www.suno.com.br\/noticias\/mercado\/\">Mercado<\/a><\/span><\/div><div class=\"cardsPage__listCard__boxs__content\"><a href=\"https:\/\/www.suno.com.br\/noticias\/dolar-recua-apos-dados-de-emprego-fracos-nos-eua\/\"><h2 class=\"content__title\">D\u00f3lar recua ap\u00f3s dados de emprego fracos nos EUA<\/h2><\/a><div class=\"newsContent__article__meta\"><div class=\"newsContent__article__meta__authorBox\"><a href=\"https:\/\/www.suno.com.br\/noticias\/author\/monique-lima\/\" class=\"authorBox__avatar noMobi\"><img src=\"https:\/\/secure.gravatar.com\/avatar\/daee7f16d906c2e9ffed236206ca2c30?s=96&#038;r=g\" alt=\"Monique Lima\"><\/a><div class=\"authorBox__name\"><span>por\n\t\t\t<a href=\"https:\/\/www.suno.com.br\/noticias\/author\/monique-lima\/\"><span itemprop=\"author\">Monique Lima<\/span><\/a><\/span><time datetime=\"2021-09-03T11:08:04-03:00\" itemprop=\"datePublished\">03\/09\/2021 11:08<\/time><\/div><\/div><\/div><\/div><\/div>","single_layout":"posts","amp_enabled":true,"_links":{"self":[{"href":"https:\/\/www.suno.com.br\/noticias\/wp-json\/wp\/v2\/posts\/180837"}],"collection":[{"href":"https:\/\/www.suno.com.br\/noticias\/wp-json\/wp\/v2\/posts"}],"about":[{"href":"https:\/\/www.suno.com.br\/noticias\/wp-json\/wp\/v2\/types\/post"}],"author":[{"embeddable":true,"href":"https:\/\/www.suno.com.br\/noticias\/wp-json\/wp\/v2\/users\/102"}],"replies":[{"embeddable":true,"href":"https:\/\/www.suno.com.br\/noticias\/wp-json\/wp\/v2\/comments?post=180837"}],"version-history":[{"count":2,"href":"https:\/\/www.suno.com.br\/noticias\/wp-json\/wp\/v2\/posts\/180837\/revisions"}],"predecessor-version":[{"id":180868,"href":"https:\/\/www.suno.com.br\/noticias\/wp-json\/wp\/v2\/posts\/180837\/revisions\/180868"}],"wp:featuredmedia":[{"embeddable":true,"href":"https:\/\/www.suno.com.br\/noticias\/wp-json\/wp\/v2\/media\/166671"}],"wp:attachment":[{"href":"https:\/\/www.suno.com.br\/noticias\/wp-json\/wp\/v2\/media?parent=180837"}],"wp:term":[{"taxonomy":"category","embeddable":true,"href":"https:\/\/www.suno.com.br\/noticias\/wp-json\/wp\/v2\/categories?post=180837"},{"taxonomy":"post_tag","embeddable":true,"href":"https:\/\/www.suno.com.br\/noticias\/wp-json\/wp\/v2\/tags?post=180837"},{"taxonomy":"suno_strategy","embeddable":true,"href":"https:\/\/www.suno.com.br\/noticias\/wp-json\/wp\/v2\/suno_strategy?post=180837"}],"curies":[{"name":"wp","href":"https:\/\/api.w.org\/{rel}","templated":true}]}}