{"id":180549,"date":"2021-09-02T15:52:14","date_gmt":"2021-09-02T18:52:14","guid":{"rendered":"https:\/\/www.suno.com.br\/noticias\/?p=180549"},"modified":"2021-09-02T15:52:14","modified_gmt":"2021-09-02T18:52:14","slug":"dolar-volatil-exterior-fraco-e-risco-fiscal-e-politico-alto","status":"publish","type":"post","link":"https:\/\/www.suno.com.br\/noticias\/dolar-volatil-exterior-fraco-e-risco-fiscal-e-politico-alto\/","title":{"rendered":"D\u00f3lar tem dia vol\u00e1til com exterior fraco e risco fiscal e pol\u00edtico alto no Pa\u00eds"},"content":{"rendered":"<p>O <strong>d\u00f3lar<\/strong> renovou m\u00ednima a R$ 5,1486 no mercado \u00e0 vista, na tarde desta quinta-feira (02). O operador Hideaki Iha, da corretora Fair, afirma que a queda reflete entrada de <a class=\"suno-keyword\" href=\"https:\/\/www.suno.com.br\/artigos\/fluxo-cambial\/\" target=\"_blank\" rel=\"noopener\" data-force=\"no\" data-priority=\"1\">fluxo cambial<\/a>.<\/p>\t<div class=\"wrapper-featured-image\">\n\t\t<figure class=\"spotlightImg\">\n\n\t\t\t<picture>\n\t\t\t\t<source media=\"(max-width: 768px)\" srcset=\"https:\/\/files.sunoresearch.com.br\/n\/uploads\/2021\/04\/e5e794c1-dollar-4418320_1280-400x200.webp\">\n\t\t\t\t<img loading=\"lazy\" decoding=\"async\" class=\"newsContent__article__imgCapa lazyloadDisabled \" src=\"https:\/\/files.sunoresearch.com.br\/n\/uploads\/2021\/04\/e5e794c1-dollar-4418320_1280-800x450.webp\" width=\"800\" height=\"450\" alt=\"D\u00f3lar tem dia vol\u00e1til com exterior fraco e risco fiscal e pol\u00edtico alto no Pa\u00eds\" fetchpriority=high \/>\n\t\t\t<\/picture>\n\n\t\t\t<figcaption class=\"wp-caption-text wp-caption-text--show\">D\u00f3lar - Foto: Pixabay<\/figcaption>\n\t\t<\/figure>\n\t<\/div>\n\n\n\t<p>\n\t\t<a href=\"https:\/\/lp.suno.com.br\/planilha-controle-gastos\/\" target=\"_blank\" data-element=\"shortcode-suno-banner\" title=\"Banner SUNO, clique e saiba mais\">\n\t\t\t<picture>\n\t\t\t\t<source media=\"(max-width: 500px)\" srcset=\"https:\/\/files.sunoresearch.com.br\/n\/uploads\/2023\/03\/400x300-Planilha-controle-de-gastos.png\">\n\t\t\t\t<img class=\"newsContent__article__imgCapa newsContent__article__imgCapa--banner\"\n\t\t\t\t\tsrc=\"https:\/\/files.sunoresearch.com.br\/n\/uploads\/2023\/03\/1420x240-Planilha-controle-de-gastos.png\"\n\t\t\t\t\tdata-promo-id=\"101751\"\t\t\t\t\t\t\t\t\t\twidth='1420' height='240'\t\t\t\t\talt=\"https:\/\/files.sunoresearch.com.br\/n\/uploads\/2023\/03\/1420x240-Planilha-controle-de-gastos.png\"\n\t\t\t\t>\n\t\t\t<\/picture>\n\t\t<\/a>\n\t<\/p>\n\n\n<p>Na manh\u00e3 de hoje, o d\u00f3lar chegou a subir acima de R$ 5,20 refletindo o cen\u00e1rio politico-econ\u00f4mico do Pa\u00eds. A aprova\u00e7\u00e3o da reforma do IR (Imposto de Renda), a infla\u00e7\u00e3o crescente, revis\u00f5es em baixa para o PIB neste ano e em 2022, fortalecem a moeda.<\/p>\n<p>Mas a moeda norte-americana voltou a cair com a entrada de fluxo cambial e a <strong>fraqueza do d\u00f3lar<\/strong> no exterior. \u00c0s 15:25, o <a href=\"https:\/\/www.suno.com.br\/artigos\/dxy\/\" target=\"_blank\" rel=\"noopener\"><strong>\u00edndice DYX<\/strong><\/a>, que compara a moeda a outras seis divisas importantes, ca\u00eda 0,22%.<\/p>\n<p>Hideaki Iha aponta que o maior fluxo vem de exportadores, em meio a subida do petr\u00f3leo que valoriza mais de 2% hoje. Para ele, no entanto, a queda pode ser pontual frente o <strong>real<\/strong>. &#8220;O mercado segue preocupado e puxa para cima, ent\u00e3o entra fluxo e a cota\u00e7\u00e3o recua&#8221;, observa.<\/p>\n\t<p>\n\t\t<a href=\"\" target=\"_blank\" data-element=\"shortcode-suno-banner\" title=\"Banner SUNO, clique e saiba mais\">\n\t\t\t<picture>\n\t\t\t\t<source media=\"(max-width: 500px)\" srcset=\"\">\n\t\t\t\t<img class=\"newsContent__article__imgCapa newsContent__article__imgCapa--banner\"\n\t\t\t\t\tsrc=\"\"\n\t\t\t\t\tdata-promo-id=\"77030\"\t\t\t\t\t\t\t\t\t\t\t\t\t\t\talt=\"\"\n\t\t\t\t>\n\t\t\t<\/picture>\n\t\t<\/a>\n\t<\/p>\n\n\n<p>\u00c0s 15:35, o <strong><a class=\"suno-keyword\" href=\"https:\/\/www.suno.com.br\/artigos\/dolar-comercial\/\" target=\"_blank\" rel=\"noopener\" data-force=\"no\" data-priority=\"2\">d\u00f3lar comercial<\/a><\/strong> \u00e0 vista operava em queda de 0,14%, valendo R$ 5,178 frente ao real. Bastante acima da m\u00ednima do dia.<\/p>\n<h2>De olho no Fed<\/h2>\n<p>O recuo da <strong>moeda norte-americana<\/strong> vem desde a sexta-feira passada, dia 27, quando o presidente do Fed, Jerome Powell, n\u00e3o detalhou como ser\u00e1 a diminui\u00e7\u00e3o da compra de t\u00edtulos pelo banco central.<\/p>\n\t<div data-element=\"shortcode-read-more\" class=\"knowMore\">\n\t\t\t\t<a class=\"knowMore__link\" href=\"https:\/\/www.suno.com.br\/noticias\/dolar-cai-influenciado-por-exterior-apos-subir-com-risco-brasil\/\">\n\t\t\tD\u00f3lar cai a R$ 5,16 influenciado por exterior, ap\u00f3s subir com risco fiscal e pol\u00edtico\t\t<\/a>\n\t<\/div>\n\n\n<p>Com isso, o d\u00f3lar perdeu terreno globalmente e investidores aguardam maiores informa\u00e7\u00f5es por parte do BC americano. Iha comenta que sa\u00edram dados positivos nos Estados Unidos, como o de encomendas \u00e0 ind\u00fastria em julho, mas o foco esta no relat\u00f3rio do <strong><em>payroll<\/em><\/strong>, que sai amanh\u00e3.<\/p>\n\t<p>\n\t\t<a href=\"\" target=\"_blank\" data-element=\"shortcode-suno-banner\" title=\"Banner SUNO, clique e saiba mais\">\n\t\t\t<picture>\n\t\t\t\t<source media=\"(max-width: 500px)\" srcset=\"\">\n\t\t\t\t<img class=\"newsContent__article__imgCapa newsContent__article__imgCapa--banner\"\n\t\t\t\t\tsrc=\"\"\n\t\t\t\t\tdata-promo-id=\"92668\"\t\t\t\t\t\t\t\t\t\t\t\t\t\t\talt=\"\"\n\t\t\t\t>\n\t\t\t<\/picture>\n\t\t<\/a>\n\t<\/p>\n\n\n<p>&#8220;Se vier n\u00famero bom de cria\u00e7\u00e3o de empregos americanos, o d\u00f3lar poder\u00e1 ganhar for\u00e7a, mas se frustrar e vier fraco, a moeda poder\u00e1 cair um pouco mais em um primeiro momento&#8221;, comenta.<\/p>\n<p>Ele pondera que um <em>payroll<\/em> fraco tamb\u00e9m pode pesar negativamente diante dos temores com o impacto da variante Delta na economia, que j\u00e1 ajuda na desacelera\u00e7\u00e3o da atividade econ\u00f4mica na China.<\/p>\n<h2>Cota\u00e7\u00e3o do d\u00f3lar no dia anterior<\/h2>\n<p>O\u00a0<strong>d\u00f3lar<\/strong>\u00a0encerrou as negocia\u00e7\u00f5es de quarta-feira (1) em alta de 0,20%, frente ao real, valendo R$ 5,182 na venda.<\/p>\n\t<p>\n\t\t<a href=\"https:\/\/lp.suno.com.br\/planilha-de-controle-de-investimentos\/\" target=\"_blank\" data-element=\"shortcode-suno-banner\" title=\"Banner SUNO, clique e saiba mais\">\n\t\t\t<picture>\n\t\t\t\t<source media=\"(max-width: 500px)\" srcset=\"https:\/\/files.sunoresearch.com.br\/n\/uploads\/2023\/03\/400x300-Controle-de-Investimentos.png\">\n\t\t\t\t<img class=\"newsContent__article__imgCapa newsContent__article__imgCapa--banner\"\n\t\t\t\t\tsrc=\"https:\/\/files.sunoresearch.com.br\/n\/uploads\/2023\/03\/1420x240-Controle-de-Investimentos.png\"\n\t\t\t\t\tdata-promo-id=\"75934\"\t\t\t\t\t\t\t\t\t\twidth='1420' height='240'\t\t\t\t\talt=\"https:\/\/files.sunoresearch.com.br\/n\/uploads\/2023\/03\/1420x240-Controle-de-Investimentos.png\"\n\t\t\t\t>\n\t\t\t<\/picture>\n\t\t<\/a>\n\t<\/p>\n\n\n<p><em>Com informa\u00e7\u00f5es de Estad\u00e3o Conte\u00fado.\u00a0<\/em><\/p>\n","protected":false},"excerpt":{"rendered":"<p>O d\u00f3lar renovou m\u00ednima a R$ 5,1486 no mercado \u00e0 vista, na tarde desta quinta-feira (02). O operador Hideaki Iha, da corretora Fair, afirma que a queda reflete entrada de fluxo cambial. D\u00f3lar &#8211; Foto: Pixabay Na manh\u00e3 de hoje, o d\u00f3lar chegou a subir acima de R$ 5,20 refletindo o cen\u00e1rio politico-econ\u00f4mico do Pa\u00eds. [&hellip;]<\/p>\n","protected":false},"author":102,"featured_media":137005,"comment_status":"closed","ping_status":"closed","sticky":false,"template":"","format":"standard","meta":[],"categories":[60],"tags":[326,1852],"suno_strategy":[],"class_list":["post-180549","post","type-post","status-publish","format-standard","has-post-thumbnail","hentry","category-mercado","tag-dolar","tag-dolar-futuro"],"yoast_head":"<!-- This site is optimized with the Yoast SEO plugin v24.4 - https:\/\/yoast.com\/wordpress\/plugins\/seo\/ -->\n<title>D\u00f3lar tem dia vol\u00e1til com exterior fraco e risco fiscal e pol\u00edtico alto no Pa\u00eds<\/title>\n<meta name=\"description\" content=\"D\u00f3lar tem dia vol\u00e1til de opera\u00e7\u00f5es, com exterior fraco e melhora no fluxo cambial, mas tamb\u00e9m risco pol\u00edtico intendo no Pa\u00eds. Leia mais aqui\" \/>\n<meta name=\"robots\" content=\"index, follow, max-snippet:-1, max-image-preview:large, max-video-preview:-1\" \/>\n<link rel=\"canonical\" href=\"https:\/\/www.suno.com.br\/noticias\/dolar-volatil-exterior-fraco-e-risco-fiscal-e-politico-alto\/\" \/>\n<meta property=\"og:locale\" content=\"pt_BR\" \/>\n<meta property=\"og:type\" content=\"article\" \/>\n<meta property=\"og:title\" content=\"D\u00f3lar tem dia vol\u00e1til com exterior fraco e risco fiscal e pol\u00edtico alto no Pa\u00eds\" \/>\n<meta property=\"og:description\" content=\"D\u00f3lar tem dia vol\u00e1til de opera\u00e7\u00f5es, com exterior fraco e melhora no fluxo cambial, mas tamb\u00e9m risco pol\u00edtico intendo no Pa\u00eds. Leia mais aqui\" \/>\n<meta property=\"og:url\" content=\"https:\/\/www.suno.com.br\/noticias\/dolar-volatil-exterior-fraco-e-risco-fiscal-e-politico-alto\/\" \/>\n<meta property=\"og:site_name\" content=\"Suno Not\u00edcias\" \/>\n<meta property=\"article:publisher\" content=\"https:\/\/facebook.com\/sunoresearch\" \/>\n<meta property=\"og:image\" content=\"https:\/\/files.sunoresearch.com.br\/n\/uploads\/2021\/04\/e5e794c1-dollar-4418320_1280.jpg\" \/>\n\t<meta property=\"og:image:width\" content=\"1280\" \/>\n\t<meta property=\"og:image:height\" content=\"701\" \/>\n\t<meta property=\"og:image:type\" content=\"image\/jpeg\" \/>\n<meta name=\"author\" content=\"Monique Lima\" \/>\n<meta name=\"twitter:card\" content=\"summary_large_image\" \/>\n<meta name=\"twitter:creator\" content=\"@sunoresearch\" \/>\n<meta name=\"twitter:site\" content=\"@sunoresearch\" \/>\n<meta name=\"twitter:label1\" content=\"Escrito por\" \/>\n\t<meta name=\"twitter:data1\" content=\"Monique Lima\" \/>\n\t<meta name=\"twitter:label2\" content=\"Est. tempo de leitura\" \/>\n\t<meta name=\"twitter:data2\" content=\"2 minutos\" \/>\n<script type=\"application\/ld+json\" class=\"yoast-schema-graph\">{\"@context\":\"https:\/\/schema.org\",\"@graph\":[{\"@type\":\"NewsArticle\",\"@id\":\"https:\/\/www.suno.com.br\/noticias\/dolar-volatil-exterior-fraco-e-risco-fiscal-e-politico-alto\/#article\",\"isPartOf\":{\"@id\":\"https:\/\/www.suno.com.br\/noticias\/dolar-volatil-exterior-fraco-e-risco-fiscal-e-politico-alto\/\"},\"author\":{\"name\":\"Monique Lima\",\"@id\":\"https:\/\/www.suno.com.br\/noticias\/#\/schema\/person\/d712329319cc9b10f254d02d654cb36a\"},\"headline\":\"D\u00f3lar tem dia vol\u00e1til com exterior fraco e risco fiscal e pol\u00edtico alto no Pa\u00eds\",\"datePublished\":\"2021-09-02T18:52:14+00:00\",\"mainEntityOfPage\":{\"@id\":\"https:\/\/www.suno.com.br\/noticias\/dolar-volatil-exterior-fraco-e-risco-fiscal-e-politico-alto\/\"},\"wordCount\":419,\"publisher\":{\"@id\":\"https:\/\/www.suno.com.br\/noticias\/#organization\"},\"image\":{\"@id\":\"https:\/\/www.suno.com.br\/noticias\/dolar-volatil-exterior-fraco-e-risco-fiscal-e-politico-alto\/#primaryimage\"},\"thumbnailUrl\":\"https:\/\/files.sunoresearch.com.br\/n\/uploads\/2021\/04\/e5e794c1-dollar-4418320_1280-jpg.webp\",\"keywords\":[\"d\u00f3lar\",\"d\u00f3lar futuro\"],\"articleSection\":[\"Mercado\"],\"inLanguage\":\"pt-BR\"},{\"@type\":\"WebPage\",\"@id\":\"https:\/\/www.suno.com.br\/noticias\/dolar-volatil-exterior-fraco-e-risco-fiscal-e-politico-alto\/\",\"url\":\"https:\/\/www.suno.com.br\/noticias\/dolar-volatil-exterior-fraco-e-risco-fiscal-e-politico-alto\/\",\"name\":\"D\u00f3lar tem dia vol\u00e1til com exterior fraco e risco fiscal e pol\u00edtico alto no Pa\u00eds\",\"isPartOf\":{\"@id\":\"https:\/\/www.suno.com.br\/noticias\/#website\"},\"primaryImageOfPage\":{\"@id\":\"https:\/\/www.suno.com.br\/noticias\/dolar-volatil-exterior-fraco-e-risco-fiscal-e-politico-alto\/#primaryimage\"},\"image\":{\"@id\":\"https:\/\/www.suno.com.br\/noticias\/dolar-volatil-exterior-fraco-e-risco-fiscal-e-politico-alto\/#primaryimage\"},\"thumbnailUrl\":\"https:\/\/files.sunoresearch.com.br\/n\/uploads\/2021\/04\/e5e794c1-dollar-4418320_1280-jpg.webp\",\"datePublished\":\"2021-09-02T18:52:14+00:00\",\"description\":\"D\u00f3lar tem dia vol\u00e1til de opera\u00e7\u00f5es, com exterior fraco e melhora no fluxo cambial, mas tamb\u00e9m risco pol\u00edtico intendo no Pa\u00eds. Leia mais aqui\",\"breadcrumb\":{\"@id\":\"https:\/\/www.suno.com.br\/noticias\/dolar-volatil-exterior-fraco-e-risco-fiscal-e-politico-alto\/#breadcrumb\"},\"inLanguage\":\"pt-BR\",\"potentialAction\":[{\"@type\":\"ReadAction\",\"target\":[\"https:\/\/www.suno.com.br\/noticias\/dolar-volatil-exterior-fraco-e-risco-fiscal-e-politico-alto\/\"]}]},{\"@type\":\"ImageObject\",\"inLanguage\":\"pt-BR\",\"@id\":\"https:\/\/www.suno.com.br\/noticias\/dolar-volatil-exterior-fraco-e-risco-fiscal-e-politico-alto\/#primaryimage\",\"url\":\"https:\/\/files.sunoresearch.com.br\/n\/uploads\/2021\/04\/e5e794c1-dollar-4418320_1280-jpg.webp\",\"contentUrl\":\"https:\/\/files.sunoresearch.com.br\/n\/uploads\/2021\/04\/e5e794c1-dollar-4418320_1280-jpg.webp\",\"width\":1280,\"height\":701,\"caption\":\"D\u00f3lar - Foto: Pixabay\"},{\"@type\":\"BreadcrumbList\",\"@id\":\"https:\/\/www.suno.com.br\/noticias\/dolar-volatil-exterior-fraco-e-risco-fiscal-e-politico-alto\/#breadcrumb\",\"itemListElement\":[{\"@type\":\"ListItem\",\"position\":1,\"name\":\"Not\u00edcias\",\"item\":\"https:\/\/www.suno.com.br\/noticias\/\"},{\"@type\":\"ListItem\",\"position\":2,\"name\":\"Mercado\",\"item\":\"https:\/\/www.suno.com.br\/noticias\/mercado\/\"},{\"@type\":\"ListItem\",\"position\":3,\"name\":\"D\u00f3lar tem dia vol\u00e1til com exterior fraco e risco fiscal e pol\u00edtico alto no Pa\u00eds\"}]},{\"@type\":\"WebSite\",\"@id\":\"https:\/\/www.suno.com.br\/noticias\/#website\",\"url\":\"https:\/\/www.suno.com.br\/noticias\/\",\"name\":\"Suno Not\u00edcias\",\"description\":\"Seu portal de informa\u00e7\u00e3o sobre o mundo dos investimentos\",\"publisher\":{\"@id\":\"https:\/\/www.suno.com.br\/noticias\/#organization\"},\"potentialAction\":[{\"@type\":\"SearchAction\",\"target\":{\"@type\":\"EntryPoint\",\"urlTemplate\":\"https:\/\/www.suno.com.br\/noticias\/?s={search_term_string}\"},\"query-input\":{\"@type\":\"PropertyValueSpecification\",\"valueRequired\":true,\"valueName\":\"search_term_string\"}}],\"inLanguage\":\"pt-BR\"},{\"@type\":\"Organization\",\"@id\":\"https:\/\/www.suno.com.br\/noticias\/#organization\",\"name\":\"Suno Not\u00edcias\",\"url\":\"https:\/\/www.suno.com.br\/noticias\/\",\"logo\":{\"@type\":\"ImageObject\",\"inLanguage\":\"pt-BR\",\"@id\":\"https:\/\/www.suno.com.br\/noticias\/#\/schema\/logo\/image\/\",\"url\":\"https:\/\/files.sunoresearch.com.br\/n\/uploads\/2021\/09\/suno-logo.png\",\"contentUrl\":\"https:\/\/files.sunoresearch.com.br\/n\/uploads\/2021\/09\/suno-logo.png\",\"width\":180,\"height\":180,\"caption\":\"Suno Not\u00edcias\"},\"image\":{\"@id\":\"https:\/\/www.suno.com.br\/noticias\/#\/schema\/logo\/image\/\"},\"sameAs\":[\"https:\/\/facebook.com\/sunoresearch\",\"https:\/\/x.com\/sunoresearch\",\"https:\/\/www.instagram.com\/suno\",\"https:\/\/www.linkedin.com\/company\/suno-research\/\",\"https:\/\/www.youtube.com\/c\/sunoresearch\"]},{\"@type\":\"Person\",\"@id\":\"https:\/\/www.suno.com.br\/noticias\/#\/schema\/person\/d712329319cc9b10f254d02d654cb36a\",\"name\":\"Monique Lima\",\"image\":{\"@type\":\"ImageObject\",\"inLanguage\":\"pt-BR\",\"@id\":\"https:\/\/www.suno.com.br\/noticias\/#\/schema\/person\/image\/\",\"url\":\"https:\/\/secure.gravatar.com\/avatar\/daee7f16d906c2e9ffed236206ca2c30?s=96&r=g\",\"contentUrl\":\"https:\/\/secure.gravatar.com\/avatar\/daee7f16d906c2e9ffed236206ca2c30?s=96&r=g\",\"caption\":\"Monique Lima\"},\"description\":\"Rep\u00f3rter de Mercado no Suno Not\u00edcias, \u00e9 jornalista com experi\u00eancia na cobertura de economia, empreendedorismo, finan\u00e7as pessoais, mercado financeiro, carreira e recursos humanos. Formada em Jornalismo pela Universidade Paulista, teve experi\u00eancias em ve\u00edculos de comunica\u00e7\u00e3o como a Ag\u00eancia TradeMap, Revista Voc\u00ea S\/A e Revista Voc\u00ea RH, as duas \u00faltimas publica\u00e7\u00f5es da Editora Abril. No Suno Not\u00edcias, fala sobre as principais not\u00edcias de Fundos Imobili\u00e1rios, Fiagro, Startups e empresas listadas na Bolsa.\",\"url\":\"https:\/\/www.suno.com.br\/noticias\/author\/monique-lima\/\"}]}<\/script>\n<!-- \/ Yoast SEO plugin. -->","yoast_head_json":{"title":"D\u00f3lar tem dia vol\u00e1til com exterior fraco e risco fiscal e pol\u00edtico alto no Pa\u00eds","description":"D\u00f3lar tem dia vol\u00e1til de opera\u00e7\u00f5es, com exterior fraco e melhora no fluxo cambial, mas tamb\u00e9m risco pol\u00edtico intendo no Pa\u00eds. Leia mais aqui","robots":{"index":"index","follow":"follow","max-snippet":"max-snippet:-1","max-image-preview":"max-image-preview:large","max-video-preview":"max-video-preview:-1"},"canonical":"https:\/\/www.suno.com.br\/noticias\/dolar-volatil-exterior-fraco-e-risco-fiscal-e-politico-alto\/","og_locale":"pt_BR","og_type":"article","og_title":"D\u00f3lar tem dia vol\u00e1til com exterior fraco e risco fiscal e pol\u00edtico alto no Pa\u00eds","og_description":"D\u00f3lar tem dia vol\u00e1til de opera\u00e7\u00f5es, com exterior fraco e melhora no fluxo cambial, mas tamb\u00e9m risco pol\u00edtico intendo no Pa\u00eds. Leia mais aqui","og_url":"https:\/\/www.suno.com.br\/noticias\/dolar-volatil-exterior-fraco-e-risco-fiscal-e-politico-alto\/","og_site_name":"Suno Not\u00edcias","article_publisher":"https:\/\/facebook.com\/sunoresearch","og_image":[{"width":1280,"height":701,"url":"https:\/\/files.sunoresearch.com.br\/n\/uploads\/2021\/04\/e5e794c1-dollar-4418320_1280.jpg","type":"image\/jpeg"}],"author":"Monique Lima","twitter_card":"summary_large_image","twitter_creator":"@sunoresearch","twitter_site":"@sunoresearch","twitter_misc":{"Escrito por":"Monique Lima","Est. tempo de leitura":"2 minutos"},"schema":{"@context":"https:\/\/schema.org","@graph":[{"@type":"NewsArticle","@id":"https:\/\/www.suno.com.br\/noticias\/dolar-volatil-exterior-fraco-e-risco-fiscal-e-politico-alto\/#article","isPartOf":{"@id":"https:\/\/www.suno.com.br\/noticias\/dolar-volatil-exterior-fraco-e-risco-fiscal-e-politico-alto\/"},"author":{"name":"Monique Lima","@id":"https:\/\/www.suno.com.br\/noticias\/#\/schema\/person\/d712329319cc9b10f254d02d654cb36a"},"headline":"D\u00f3lar tem dia vol\u00e1til com exterior fraco e risco fiscal e pol\u00edtico alto no Pa\u00eds","datePublished":"2021-09-02T18:52:14+00:00","mainEntityOfPage":{"@id":"https:\/\/www.suno.com.br\/noticias\/dolar-volatil-exterior-fraco-e-risco-fiscal-e-politico-alto\/"},"wordCount":419,"publisher":{"@id":"https:\/\/www.suno.com.br\/noticias\/#organization"},"image":{"@id":"https:\/\/www.suno.com.br\/noticias\/dolar-volatil-exterior-fraco-e-risco-fiscal-e-politico-alto\/#primaryimage"},"thumbnailUrl":"https:\/\/files.sunoresearch.com.br\/n\/uploads\/2021\/04\/e5e794c1-dollar-4418320_1280-jpg.webp","keywords":["d\u00f3lar","d\u00f3lar futuro"],"articleSection":["Mercado"],"inLanguage":"pt-BR"},{"@type":"WebPage","@id":"https:\/\/www.suno.com.br\/noticias\/dolar-volatil-exterior-fraco-e-risco-fiscal-e-politico-alto\/","url":"https:\/\/www.suno.com.br\/noticias\/dolar-volatil-exterior-fraco-e-risco-fiscal-e-politico-alto\/","name":"D\u00f3lar tem dia vol\u00e1til com exterior fraco e risco fiscal e pol\u00edtico alto no Pa\u00eds","isPartOf":{"@id":"https:\/\/www.suno.com.br\/noticias\/#website"},"primaryImageOfPage":{"@id":"https:\/\/www.suno.com.br\/noticias\/dolar-volatil-exterior-fraco-e-risco-fiscal-e-politico-alto\/#primaryimage"},"image":{"@id":"https:\/\/www.suno.com.br\/noticias\/dolar-volatil-exterior-fraco-e-risco-fiscal-e-politico-alto\/#primaryimage"},"thumbnailUrl":"https:\/\/files.sunoresearch.com.br\/n\/uploads\/2021\/04\/e5e794c1-dollar-4418320_1280-jpg.webp","datePublished":"2021-09-02T18:52:14+00:00","description":"D\u00f3lar tem dia vol\u00e1til de opera\u00e7\u00f5es, com exterior fraco e melhora no fluxo cambial, mas tamb\u00e9m risco pol\u00edtico intendo no Pa\u00eds. Leia mais aqui","breadcrumb":{"@id":"https:\/\/www.suno.com.br\/noticias\/dolar-volatil-exterior-fraco-e-risco-fiscal-e-politico-alto\/#breadcrumb"},"inLanguage":"pt-BR","potentialAction":[{"@type":"ReadAction","target":["https:\/\/www.suno.com.br\/noticias\/dolar-volatil-exterior-fraco-e-risco-fiscal-e-politico-alto\/"]}]},{"@type":"ImageObject","inLanguage":"pt-BR","@id":"https:\/\/www.suno.com.br\/noticias\/dolar-volatil-exterior-fraco-e-risco-fiscal-e-politico-alto\/#primaryimage","url":"https:\/\/files.sunoresearch.com.br\/n\/uploads\/2021\/04\/e5e794c1-dollar-4418320_1280-jpg.webp","contentUrl":"https:\/\/files.sunoresearch.com.br\/n\/uploads\/2021\/04\/e5e794c1-dollar-4418320_1280-jpg.webp","width":1280,"height":701,"caption":"D\u00f3lar - Foto: Pixabay"},{"@type":"BreadcrumbList","@id":"https:\/\/www.suno.com.br\/noticias\/dolar-volatil-exterior-fraco-e-risco-fiscal-e-politico-alto\/#breadcrumb","itemListElement":[{"@type":"ListItem","position":1,"name":"Not\u00edcias","item":"https:\/\/www.suno.com.br\/noticias\/"},{"@type":"ListItem","position":2,"name":"Mercado","item":"https:\/\/www.suno.com.br\/noticias\/mercado\/"},{"@type":"ListItem","position":3,"name":"D\u00f3lar tem dia vol\u00e1til com exterior fraco e risco fiscal e pol\u00edtico alto no Pa\u00eds"}]},{"@type":"WebSite","@id":"https:\/\/www.suno.com.br\/noticias\/#website","url":"https:\/\/www.suno.com.br\/noticias\/","name":"Suno Not\u00edcias","description":"Seu portal de informa\u00e7\u00e3o sobre o mundo dos investimentos","publisher":{"@id":"https:\/\/www.suno.com.br\/noticias\/#organization"},"potentialAction":[{"@type":"SearchAction","target":{"@type":"EntryPoint","urlTemplate":"https:\/\/www.suno.com.br\/noticias\/?s={search_term_string}"},"query-input":{"@type":"PropertyValueSpecification","valueRequired":true,"valueName":"search_term_string"}}],"inLanguage":"pt-BR"},{"@type":"Organization","@id":"https:\/\/www.suno.com.br\/noticias\/#organization","name":"Suno Not\u00edcias","url":"https:\/\/www.suno.com.br\/noticias\/","logo":{"@type":"ImageObject","inLanguage":"pt-BR","@id":"https:\/\/www.suno.com.br\/noticias\/#\/schema\/logo\/image\/","url":"https:\/\/files.sunoresearch.com.br\/n\/uploads\/2021\/09\/suno-logo.png","contentUrl":"https:\/\/files.sunoresearch.com.br\/n\/uploads\/2021\/09\/suno-logo.png","width":180,"height":180,"caption":"Suno Not\u00edcias"},"image":{"@id":"https:\/\/www.suno.com.br\/noticias\/#\/schema\/logo\/image\/"},"sameAs":["https:\/\/facebook.com\/sunoresearch","https:\/\/x.com\/sunoresearch","https:\/\/www.instagram.com\/suno","https:\/\/www.linkedin.com\/company\/suno-research\/","https:\/\/www.youtube.com\/c\/sunoresearch"]},{"@type":"Person","@id":"https:\/\/www.suno.com.br\/noticias\/#\/schema\/person\/d712329319cc9b10f254d02d654cb36a","name":"Monique Lima","image":{"@type":"ImageObject","inLanguage":"pt-BR","@id":"https:\/\/www.suno.com.br\/noticias\/#\/schema\/person\/image\/","url":"https:\/\/secure.gravatar.com\/avatar\/daee7f16d906c2e9ffed236206ca2c30?s=96&r=g","contentUrl":"https:\/\/secure.gravatar.com\/avatar\/daee7f16d906c2e9ffed236206ca2c30?s=96&r=g","caption":"Monique Lima"},"description":"Rep\u00f3rter de Mercado no Suno Not\u00edcias, \u00e9 jornalista com experi\u00eancia na cobertura de economia, empreendedorismo, finan\u00e7as pessoais, mercado financeiro, carreira e recursos humanos. Formada em Jornalismo pela Universidade Paulista, teve experi\u00eancias em ve\u00edculos de comunica\u00e7\u00e3o como a Ag\u00eancia TradeMap, Revista Voc\u00ea S\/A e Revista Voc\u00ea RH, as duas \u00faltimas publica\u00e7\u00f5es da Editora Abril. No Suno Not\u00edcias, fala sobre as principais not\u00edcias de Fundos Imobili\u00e1rios, Fiagro, Startups e empresas listadas na Bolsa.","url":"https:\/\/www.suno.com.br\/noticias\/author\/monique-lima\/"}]}},"default_loop_html":"<div class=\"cardsPage__listCard__boxs\"><div class=\"cardsPage__listCard__boxs__img\"><a href=\"https:\/\/www.suno.com.br\/noticias\/dolar-volatil-exterior-fraco-e-risco-fiscal-e-politico-alto\/\"><img class=\"mask\" src=\"https:\/\/www.suno.com.br\/noticias\/wp-content\/themes\/suno\/resources\/images\/spotlight\/spotlight1img\/bg-mask.png\" alt=\"Image Mask\"\/><img src=\"https:\/\/files.sunoresearch.com.br\/n\/uploads\/2021\/04\/e5e794c1-dollar-4418320_1280-400x200.webp\" alt=\"D\u00f3lar tem dia vol\u00e1til com exterior fraco e risco fiscal e pol\u00edtico alto no Pa\u00eds\"\/><\/a><span class=\"spotlightCategory\"><a href=\"https:\/\/www.suno.com.br\/noticias\/mercado\/\">Mercado<\/a><\/span><\/div><div class=\"cardsPage__listCard__boxs__content\"><a href=\"https:\/\/www.suno.com.br\/noticias\/dolar-volatil-exterior-fraco-e-risco-fiscal-e-politico-alto\/\"><h2 class=\"content__title\">D\u00f3lar tem dia vol\u00e1til com exterior fraco e risco fiscal e pol\u00edtico alto no Pa\u00eds<\/h2><\/a><div class=\"newsContent__article__meta\"><div class=\"newsContent__article__meta__authorBox\"><a href=\"https:\/\/www.suno.com.br\/noticias\/author\/monique-lima\/\" class=\"authorBox__avatar noMobi\"><img src=\"https:\/\/secure.gravatar.com\/avatar\/daee7f16d906c2e9ffed236206ca2c30?s=96&#038;r=g\" alt=\"Monique Lima\"><\/a><div class=\"authorBox__name\"><span>por\n\t\t\t<a href=\"https:\/\/www.suno.com.br\/noticias\/author\/monique-lima\/\"><span itemprop=\"author\">Monique Lima<\/span><\/a><\/span><time datetime=\"2021-09-02T15:52:14-03:00\" itemprop=\"datePublished\">02\/09\/2021 15:52<\/time><\/div><\/div><\/div><\/div><\/div>","single_layout":"posts","amp_enabled":true,"_links":{"self":[{"href":"https:\/\/www.suno.com.br\/noticias\/wp-json\/wp\/v2\/posts\/180549"}],"collection":[{"href":"https:\/\/www.suno.com.br\/noticias\/wp-json\/wp\/v2\/posts"}],"about":[{"href":"https:\/\/www.suno.com.br\/noticias\/wp-json\/wp\/v2\/types\/post"}],"author":[{"embeddable":true,"href":"https:\/\/www.suno.com.br\/noticias\/wp-json\/wp\/v2\/users\/102"}],"replies":[{"embeddable":true,"href":"https:\/\/www.suno.com.br\/noticias\/wp-json\/wp\/v2\/comments?post=180549"}],"version-history":[{"count":2,"href":"https:\/\/www.suno.com.br\/noticias\/wp-json\/wp\/v2\/posts\/180549\/revisions"}],"predecessor-version":[{"id":180619,"href":"https:\/\/www.suno.com.br\/noticias\/wp-json\/wp\/v2\/posts\/180549\/revisions\/180619"}],"wp:featuredmedia":[{"embeddable":true,"href":"https:\/\/www.suno.com.br\/noticias\/wp-json\/wp\/v2\/media\/137005"}],"wp:attachment":[{"href":"https:\/\/www.suno.com.br\/noticias\/wp-json\/wp\/v2\/media?parent=180549"}],"wp:term":[{"taxonomy":"category","embeddable":true,"href":"https:\/\/www.suno.com.br\/noticias\/wp-json\/wp\/v2\/categories?post=180549"},{"taxonomy":"post_tag","embeddable":true,"href":"https:\/\/www.suno.com.br\/noticias\/wp-json\/wp\/v2\/tags?post=180549"},{"taxonomy":"suno_strategy","embeddable":true,"href":"https:\/\/www.suno.com.br\/noticias\/wp-json\/wp\/v2\/suno_strategy?post=180549"}],"curies":[{"name":"wp","href":"https:\/\/api.w.org\/{rel}","templated":true}]}}