{"id":180444,"date":"2021-09-02T12:05:20","date_gmt":"2021-09-02T15:05:20","guid":{"rendered":"https:\/\/www.suno.com.br\/noticias\/?p=180444"},"modified":"2021-09-02T12:10:03","modified_gmt":"2021-09-02T15:10:03","slug":"dolar-cai-influenciado-por-exterior-apos-subir-com-risco-brasil","status":"publish","type":"post","link":"https:\/\/www.suno.com.br\/noticias\/dolar-cai-influenciado-por-exterior-apos-subir-com-risco-brasil\/","title":{"rendered":"D\u00f3lar cai a R$ 5,16 influenciado por exterior, ap\u00f3s subir com risco fiscal e pol\u00edtico"},"content":{"rendered":"<p>O <strong>d\u00f3lar<\/strong> abriu nesta quinta-feira (02) em leve baixa, ajustando-se ao sinal predominante no exterior. A moeda norte-americana cai frente outras moedas emergentes ligadas a commodities, como peso mexicano, lira turca e rand sul africano.<\/p>\t<div class=\"wrapper-featured-image\">\n\t\t<figure class=\"spotlightImg\">\n\n\t\t\t<picture>\n\t\t\t\t<source media=\"(max-width: 768px)\" srcset=\"https:\/\/files.sunoresearch.com.br\/n\/uploads\/2021\/06\/301dbca0-puzzle-2500328_1920-400x200.webp\">\n\t\t\t\t<img loading=\"lazy\" decoding=\"async\" class=\"newsContent__article__imgCapa lazyloadDisabled \" src=\"https:\/\/files.sunoresearch.com.br\/n\/uploads\/2021\/06\/301dbca0-puzzle-2500328_1920-800x450.webp\" width=\"800\" height=\"450\" alt=\"D\u00f3lar cai a R$ 5,16 influenciado por exterior, ap\u00f3s subir com risco fiscal e pol\u00edtico\" fetchpriority=high \/>\n\t\t\t<\/picture>\n\n\t\t\t<figcaption class=\"wp-caption-text wp-caption-text--show\">D\u00f3lar. Foto: Pixabay<\/figcaption>\n\t\t<\/figure>\n\t<\/div>\n\n\n\t<p>\n\t\t<a href=\"https:\/\/lp.suno.com.br\/planilha-controle-gastos\/\" target=\"_blank\" data-element=\"shortcode-suno-banner\" title=\"Banner SUNO, clique e saiba mais\">\n\t\t\t<picture>\n\t\t\t\t<source media=\"(max-width: 500px)\" srcset=\"https:\/\/files.sunoresearch.com.br\/n\/uploads\/2023\/03\/400x300-Planilha-controle-de-gastos.png\">\n\t\t\t\t<img class=\"newsContent__article__imgCapa newsContent__article__imgCapa--banner\"\n\t\t\t\t\tsrc=\"https:\/\/files.sunoresearch.com.br\/n\/uploads\/2023\/03\/1420x240-Planilha-controle-de-gastos.png\"\n\t\t\t\t\tdata-promo-id=\"101751\"\t\t\t\t\t\t\t\t\t\twidth='1420' height='240'\t\t\t\t\talt=\"https:\/\/files.sunoresearch.com.br\/n\/uploads\/2023\/03\/1420x240-Planilha-controle-de-gastos.png\"\n\t\t\t\t>\n\t\t\t<\/picture>\n\t\t<\/a>\n\t<\/p>\n\n\n<p>A tend\u00eancia de queda na <strong>cota\u00e7\u00e3o do d\u00f3lar hoje<\/strong>, que vem do mercado internacional, recuou por um tempo pela manh\u00e3, fazendo a moeda devolver suas perdas e subir, com m\u00e1xima a R$ 5,1961 no mercado \u00e0 vista.<\/p>\n<p>O dia \u00e9 marcado por forte volatilidade no <strong>c\u00e2mbio<\/strong>. Por um lado, o d\u00f3lar est\u00e1 fraco no mercado internacional, por outro, ganha for\u00e7a com a instabilidade econ\u00f4mica e pol\u00edtica do Brasil.<\/p>\n<p>\u00c0s 9h32 desta quinta, o <strong>d\u00f3lar \u00e0 vista<\/strong> tinha vi\u00e9s de baixa de 0,14%, a R$ 5,1776, ap\u00f3s m\u00e1xima a R$ 5,1931 e m\u00ednima a R$ 5,1711 nos primeiros neg\u00f3cios. O <strong><a class=\"suno-keyword\" href=\"https:\/\/www.suno.com.br\/artigos\/dolar-futuro\/\" target=\"_blank\" rel=\"noopener\" data-force=\"no\" data-priority=\"1\">d\u00f3lar futuro<\/a><\/strong> para outubro ca\u00eda 0,20%, a R$ 5,1975.<\/p>\n<h2>Puxa o d\u00f3lar para cima<\/h2>\n<p>Os investidores demandaram d\u00f3lar nesta manh\u00e3 por precau\u00e7\u00e3o, diante da infla\u00e7\u00e3o crescente, revis\u00f5es em baixa para o PIB neste ano e em 2022 e as quedas da produ\u00e7\u00e3o industrial brasileira em julho.<\/p>\n\t<p>\n\t\t<a href=\"https:\/\/lp.suno.com.br\/planilha-da-vida-financeira\/\" target=\"_blank\" data-element=\"shortcode-suno-banner\" title=\"Banner SUNO, clique e saiba mais\">\n\t\t\t<picture>\n\t\t\t\t<source media=\"(max-width: 500px)\" srcset=\"https:\/\/files.sunoresearch.com.br\/n\/uploads\/2023\/04\/400x300-Planilha-vida-financeira-true.png\">\n\t\t\t\t<img class=\"newsContent__article__imgCapa newsContent__article__imgCapa--banner\"\n\t\t\t\t\tsrc=\"https:\/\/files.sunoresearch.com.br\/n\/uploads\/2023\/04\/1420x240-Planilha-vida-financeira-true.png\"\n\t\t\t\t\tdata-promo-id=\"106682\"\t\t\t\t\t\t\t\t\t\twidth='1420' height='240'\t\t\t\t\talt=\"https:\/\/files.sunoresearch.com.br\/n\/uploads\/2023\/04\/1420x240-Planilha-vida-financeira-true.png\"\n\t\t\t\t>\n\t\t\t<\/picture>\n\t\t<\/a>\n\t<\/p>\n\n\n<p>Al\u00e9m disso, segundo operadores do mercado, os ajustes da <strong>moeda norte-americana<\/strong> refletem a cautela com o fiscal e com a pol\u00edtica institucional, ap\u00f3s a C\u00e2mara aprovar o texto base da <strong>reforma do IR<\/strong> (Imposto de Renda). O que era inesperado e s\u00f3 ocorreu porque o Senado imp\u00f4s duas derrotas ao governo ontem \u00e0 noite:<\/p>\n<ul>\n<li>aprovou mudan\u00e7a nos planos de sa\u00fade das estatais, que pode inviabilizar a privatiza\u00e7\u00e3o dos Correios, e<\/li>\n<li>rejeitou a medida provis\u00f3ria da reforma trabalhista.<\/li>\n<\/ul>\n<p>A <strong>produ\u00e7\u00e3o industrial<\/strong> caiu 1,3% em julho ante junho, na s\u00e9rie com ajuste sazonal. A mediana negativa esperada pelo mercado era de de 0,7%, dentro do intervalo de &#8211; 2,00% a +1,7%. Em rela\u00e7\u00e3o a julho de 2020, a produ\u00e7\u00e3o subiu 1,2%, menos que a mediana positiva de 1,9% do mercado.<\/p>\n<p>A ind\u00fastria acumula alta de 11,0% no ano de 2021. Em 12 meses, a produ\u00e7\u00e3o acumula alta de 7,0%.<\/p>\n<h2>Fed enfraquece a moeda l\u00e1 fora<\/h2>\n<p>\u00c0s 11:50, o <strong><a class=\"suno-keyword\" href=\"https:\/\/www.suno.com.br\/artigos\/dolar-comercial\/\" target=\"_blank\" rel=\"noopener\" data-force=\"no\" data-priority=\"2\">d\u00f3lar comercial<\/a><\/strong> \u00e0 vista operava em queda de 0,45%, valendo R$ 5,162 frente ao <strong>real<\/strong>.<\/p>\n<p>Desde que o presidente do banco central dos Estados Unidos, Jerome Powell, evitou na sexta-feira, dia 27, dar sinais claros sobre quando o <strong>Fed<\/strong> come\u00e7ar\u00e1 a cortar suas compras de t\u00edtulos, o d\u00f3lar tem perdido terreno globalmente.<\/p>\n\t<p>\n\t\t<a href=\"https:\/\/lp.suno.com.br\/ebook-como-analisar-uma-acao\/\" target=\"_blank\" data-element=\"shortcode-suno-banner\" title=\"Banner SUNO, clique e saiba mais\">\n\t\t\t<picture>\n\t\t\t\t<source media=\"(max-width: 500px)\" srcset=\"https:\/\/files.sunoresearch.com.br\/n\/uploads\/2023\/03\/Ebook-Acoes-Mobile-1.jpg\">\n\t\t\t\t<img class=\"newsContent__article__imgCapa newsContent__article__imgCapa--banner\"\n\t\t\t\t\tsrc=\"https:\/\/files.sunoresearch.com.br\/n\/uploads\/2023\/03\/Ebook-Acoes-Desktop-1.jpg\"\n\t\t\t\t\tdata-promo-id=\"171998\"\t\t\t\t\t\t\t\t\t\twidth='1420' height='286'\t\t\t\t\talt=\"https:\/\/files.sunoresearch.com.br\/n\/uploads\/2023\/03\/Ebook-Acoes-Desktop-1.jpg\"\n\t\t\t\t>\n\t\t\t<\/picture>\n\t\t<\/a>\n\t<\/p>\n\n\n<p>O <strong><a href=\"https:\/\/www.suno.com.br\/artigos\/dxy\/\" target=\"_blank\" rel=\"noopener\">\u00edndice DYX<\/a><\/strong>, que compara o d\u00f3lar ante seis divisas principais, j\u00e1 perdeu cerca de 1,4% desde que atingiu m\u00e1ximas em nove meses, no dia 20 de agosto.<\/p>\n<p>Agora, &#8220;investidores dever\u00e3o seguir acompanhando dados de atividade nos EUA enquanto buscam prever os impactos da variante Delta na atividade global&#8221;, disse em nota Rafael Gabriel Pacheco, da Guide Investimentos.<\/p>\n<p>O pr\u00f3ximo dado, previsto para amanh\u00e3, \u00e9 o do &#8220;<strong><em>payroll<\/em><\/strong>&#8220;, que indica como est\u00e1 o <a class=\"suno-keyword\" href=\"https:\/\/www.suno.com.br\/artigos\/mercado-de-trabalho\/\" target=\"_blank\" rel=\"noopener\" data-force=\"no\" data-priority=\"2\">mercado de trabalho<\/a> nos Estados Unidos. O relat\u00f3rio \u00e9 importante porque \u00e9 o indicador oficial do Fed para as metas de <a class=\"suno-keyword\" href=\"https:\/\/www.suno.com.br\/artigos\/pleno-emprego\/\" target=\"_blank\" rel=\"noopener\" data-force=\"no\" data-priority=\"1\">pleno emprego<\/a> dos EUA.<\/p>\n<h2>Cota\u00e7\u00e3o do d\u00f3lar no dia anterior<\/h2>\n<p>O <strong>d\u00f3lar<\/strong> encerrou as negocia\u00e7\u00f5es de quarta-feira (1) em alta de 0,20%, frente ao real, valendo R$ 5,182 na venda.<\/p>\n\t<p>\n\t\t<a href=\"https:\/\/lp.suno.com.br\/planilha-de-controle-de-investimentos\/\" target=\"_blank\" data-element=\"shortcode-suno-banner\" title=\"Banner SUNO, clique e saiba mais\">\n\t\t\t<picture>\n\t\t\t\t<source media=\"(max-width: 500px)\" srcset=\"https:\/\/files.sunoresearch.com.br\/n\/uploads\/2023\/03\/400x300-Controle-de-Investimentos.png\">\n\t\t\t\t<img class=\"newsContent__article__imgCapa newsContent__article__imgCapa--banner\"\n\t\t\t\t\tsrc=\"https:\/\/files.sunoresearch.com.br\/n\/uploads\/2023\/03\/1420x240-Controle-de-Investimentos.png\"\n\t\t\t\t\tdata-promo-id=\"75934\"\t\t\t\t\t\t\t\t\t\twidth='1420' height='240'\t\t\t\t\talt=\"https:\/\/files.sunoresearch.com.br\/n\/uploads\/2023\/03\/1420x240-Controle-de-Investimentos.png\"\n\t\t\t\t>\n\t\t\t<\/picture>\n\t\t<\/a>\n\t<\/p>\n\n\n<p><em>Com informa\u00e7\u00f5es de Estad\u00e3o Conte\u00fado.\u00a0<\/em><\/p>\n","protected":false},"excerpt":{"rendered":"<p>O d\u00f3lar abriu nesta quinta-feira (02) em leve baixa, ajustando-se ao sinal predominante no exterior. A moeda norte-americana cai frente outras moedas emergentes ligadas a commodities, como peso mexicano, lira turca e rand sul africano. D\u00f3lar. Foto: Pixabay A tend\u00eancia de queda na cota\u00e7\u00e3o do d\u00f3lar hoje, que vem do mercado internacional, recuou por um [&hellip;]<\/p>\n","protected":false},"author":102,"featured_media":156118,"comment_status":"closed","ping_status":"closed","sticky":false,"template":"","format":"standard","meta":[],"categories":[62],"tags":[326,1852,105816],"suno_strategy":[],"class_list":["post-180444","post","type-post","status-publish","format-standard","has-post-thumbnail","hentry","category-economia","tag-dolar","tag-dolar-futuro","tag-especialistas"],"yoast_head":"<!-- This site is optimized with the Yoast SEO plugin v24.4 - https:\/\/yoast.com\/wordpress\/plugins\/seo\/ -->\n<title>D\u00f3lar cai a R$ 5,16 influenciado por exterior, ap\u00f3s subir com &quot;risco Brasil&quot;<\/title>\n<meta name=\"description\" content=\"O d\u00f3lar apresenta uma sess\u00e3o bastante vol\u00e1til nesta quinta. Predomina a queda da moeda frente ao d\u00f3lar fraco no exterior. Leia mais detalhes\" \/>\n<meta name=\"robots\" content=\"index, follow, max-snippet:-1, max-image-preview:large, max-video-preview:-1\" \/>\n<link rel=\"canonical\" href=\"https:\/\/www.suno.com.br\/noticias\/dolar-cai-influenciado-por-exterior-apos-subir-com-risco-brasil\/\" \/>\n<meta property=\"og:locale\" content=\"pt_BR\" \/>\n<meta property=\"og:type\" content=\"article\" \/>\n<meta property=\"og:title\" content=\"D\u00f3lar cai a R$ 5,16 influenciado por exterior, ap\u00f3s subir com &quot;risco Brasil&quot;\" \/>\n<meta property=\"og:description\" content=\"O d\u00f3lar apresenta uma sess\u00e3o bastante vol\u00e1til nesta quinta. Predomina a queda da moeda frente ao d\u00f3lar fraco no exterior. Leia mais detalhes\" \/>\n<meta property=\"og:url\" content=\"https:\/\/www.suno.com.br\/noticias\/dolar-cai-influenciado-por-exterior-apos-subir-com-risco-brasil\/\" \/>\n<meta property=\"og:site_name\" content=\"Suno Not\u00edcias\" \/>\n<meta property=\"article:publisher\" content=\"https:\/\/facebook.com\/sunoresearch\" \/>\n<meta property=\"og:image\" content=\"https:\/\/files.sunoresearch.com.br\/n\/uploads\/2021\/06\/301dbca0-puzzle-2500328_1920.jpg\" \/>\n\t<meta property=\"og:image:width\" content=\"1920\" \/>\n\t<meta property=\"og:image:height\" content=\"1013\" \/>\n\t<meta property=\"og:image:type\" content=\"image\/jpeg\" \/>\n<meta name=\"author\" content=\"Monique Lima\" \/>\n<meta name=\"twitter:card\" content=\"summary_large_image\" \/>\n<meta name=\"twitter:creator\" content=\"@sunoresearch\" \/>\n<meta name=\"twitter:site\" content=\"@sunoresearch\" \/>\n<meta name=\"twitter:label1\" content=\"Escrito por\" \/>\n\t<meta name=\"twitter:data1\" content=\"Monique Lima\" \/>\n\t<meta name=\"twitter:label2\" content=\"Est. tempo de leitura\" \/>\n\t<meta name=\"twitter:data2\" content=\"3 minutos\" \/>\n<script type=\"application\/ld+json\" class=\"yoast-schema-graph\">{\"@context\":\"https:\/\/schema.org\",\"@graph\":[{\"@type\":\"NewsArticle\",\"@id\":\"https:\/\/www.suno.com.br\/noticias\/dolar-cai-influenciado-por-exterior-apos-subir-com-risco-brasil\/#article\",\"isPartOf\":{\"@id\":\"https:\/\/www.suno.com.br\/noticias\/dolar-cai-influenciado-por-exterior-apos-subir-com-risco-brasil\/\"},\"author\":{\"name\":\"Monique Lima\",\"@id\":\"https:\/\/www.suno.com.br\/noticias\/#\/schema\/person\/d712329319cc9b10f254d02d654cb36a\"},\"headline\":\"D\u00f3lar cai a R$ 5,16 influenciado por exterior, ap\u00f3s subir com risco fiscal e pol\u00edtico\",\"datePublished\":\"2021-09-02T15:05:20+00:00\",\"dateModified\":\"2021-09-02T15:10:03+00:00\",\"mainEntityOfPage\":{\"@id\":\"https:\/\/www.suno.com.br\/noticias\/dolar-cai-influenciado-por-exterior-apos-subir-com-risco-brasil\/\"},\"wordCount\":564,\"publisher\":{\"@id\":\"https:\/\/www.suno.com.br\/noticias\/#organization\"},\"image\":{\"@id\":\"https:\/\/www.suno.com.br\/noticias\/dolar-cai-influenciado-por-exterior-apos-subir-com-risco-brasil\/#primaryimage\"},\"thumbnailUrl\":\"https:\/\/files.sunoresearch.com.br\/n\/uploads\/2021\/06\/301dbca0-puzzle-2500328_1920-jpg.webp\",\"keywords\":[\"d\u00f3lar\",\"d\u00f3lar futuro\",\"Especialistas\"],\"articleSection\":[\"Economia\"],\"inLanguage\":\"pt-BR\"},{\"@type\":\"WebPage\",\"@id\":\"https:\/\/www.suno.com.br\/noticias\/dolar-cai-influenciado-por-exterior-apos-subir-com-risco-brasil\/\",\"url\":\"https:\/\/www.suno.com.br\/noticias\/dolar-cai-influenciado-por-exterior-apos-subir-com-risco-brasil\/\",\"name\":\"D\u00f3lar cai a R$ 5,16 influenciado por exterior, ap\u00f3s subir com \\\"risco Brasil\\\"\",\"isPartOf\":{\"@id\":\"https:\/\/www.suno.com.br\/noticias\/#website\"},\"primaryImageOfPage\":{\"@id\":\"https:\/\/www.suno.com.br\/noticias\/dolar-cai-influenciado-por-exterior-apos-subir-com-risco-brasil\/#primaryimage\"},\"image\":{\"@id\":\"https:\/\/www.suno.com.br\/noticias\/dolar-cai-influenciado-por-exterior-apos-subir-com-risco-brasil\/#primaryimage\"},\"thumbnailUrl\":\"https:\/\/files.sunoresearch.com.br\/n\/uploads\/2021\/06\/301dbca0-puzzle-2500328_1920-jpg.webp\",\"datePublished\":\"2021-09-02T15:05:20+00:00\",\"dateModified\":\"2021-09-02T15:10:03+00:00\",\"description\":\"O d\u00f3lar apresenta uma sess\u00e3o bastante vol\u00e1til nesta quinta. Predomina a queda da moeda frente ao d\u00f3lar fraco no exterior. Leia mais detalhes\",\"breadcrumb\":{\"@id\":\"https:\/\/www.suno.com.br\/noticias\/dolar-cai-influenciado-por-exterior-apos-subir-com-risco-brasil\/#breadcrumb\"},\"inLanguage\":\"pt-BR\",\"potentialAction\":[{\"@type\":\"ReadAction\",\"target\":[\"https:\/\/www.suno.com.br\/noticias\/dolar-cai-influenciado-por-exterior-apos-subir-com-risco-brasil\/\"]}]},{\"@type\":\"ImageObject\",\"inLanguage\":\"pt-BR\",\"@id\":\"https:\/\/www.suno.com.br\/noticias\/dolar-cai-influenciado-por-exterior-apos-subir-com-risco-brasil\/#primaryimage\",\"url\":\"https:\/\/files.sunoresearch.com.br\/n\/uploads\/2021\/06\/301dbca0-puzzle-2500328_1920-jpg.webp\",\"contentUrl\":\"https:\/\/files.sunoresearch.com.br\/n\/uploads\/2021\/06\/301dbca0-puzzle-2500328_1920-jpg.webp\",\"width\":1920,\"height\":1013,\"caption\":\"D\u00f3lar. Foto: Pixabay\"},{\"@type\":\"BreadcrumbList\",\"@id\":\"https:\/\/www.suno.com.br\/noticias\/dolar-cai-influenciado-por-exterior-apos-subir-com-risco-brasil\/#breadcrumb\",\"itemListElement\":[{\"@type\":\"ListItem\",\"position\":1,\"name\":\"Not\u00edcias\",\"item\":\"https:\/\/www.suno.com.br\/noticias\/\"},{\"@type\":\"ListItem\",\"position\":2,\"name\":\"Economia\",\"item\":\"https:\/\/www.suno.com.br\/noticias\/economia\/\"},{\"@type\":\"ListItem\",\"position\":3,\"name\":\"D\u00f3lar cai a R$ 5,16 influenciado por exterior, ap\u00f3s subir com risco fiscal e pol\u00edtico\"}]},{\"@type\":\"WebSite\",\"@id\":\"https:\/\/www.suno.com.br\/noticias\/#website\",\"url\":\"https:\/\/www.suno.com.br\/noticias\/\",\"name\":\"Suno Not\u00edcias\",\"description\":\"Seu portal de informa\u00e7\u00e3o sobre o mundo dos investimentos\",\"publisher\":{\"@id\":\"https:\/\/www.suno.com.br\/noticias\/#organization\"},\"potentialAction\":[{\"@type\":\"SearchAction\",\"target\":{\"@type\":\"EntryPoint\",\"urlTemplate\":\"https:\/\/www.suno.com.br\/noticias\/?s={search_term_string}\"},\"query-input\":{\"@type\":\"PropertyValueSpecification\",\"valueRequired\":true,\"valueName\":\"search_term_string\"}}],\"inLanguage\":\"pt-BR\"},{\"@type\":\"Organization\",\"@id\":\"https:\/\/www.suno.com.br\/noticias\/#organization\",\"name\":\"Suno Not\u00edcias\",\"url\":\"https:\/\/www.suno.com.br\/noticias\/\",\"logo\":{\"@type\":\"ImageObject\",\"inLanguage\":\"pt-BR\",\"@id\":\"https:\/\/www.suno.com.br\/noticias\/#\/schema\/logo\/image\/\",\"url\":\"https:\/\/files.sunoresearch.com.br\/n\/uploads\/2021\/09\/suno-logo.png\",\"contentUrl\":\"https:\/\/files.sunoresearch.com.br\/n\/uploads\/2021\/09\/suno-logo.png\",\"width\":180,\"height\":180,\"caption\":\"Suno Not\u00edcias\"},\"image\":{\"@id\":\"https:\/\/www.suno.com.br\/noticias\/#\/schema\/logo\/image\/\"},\"sameAs\":[\"https:\/\/facebook.com\/sunoresearch\",\"https:\/\/x.com\/sunoresearch\",\"https:\/\/www.instagram.com\/suno\",\"https:\/\/www.linkedin.com\/company\/suno-research\/\",\"https:\/\/www.youtube.com\/c\/sunoresearch\"]},{\"@type\":\"Person\",\"@id\":\"https:\/\/www.suno.com.br\/noticias\/#\/schema\/person\/d712329319cc9b10f254d02d654cb36a\",\"name\":\"Monique Lima\",\"image\":{\"@type\":\"ImageObject\",\"inLanguage\":\"pt-BR\",\"@id\":\"https:\/\/www.suno.com.br\/noticias\/#\/schema\/person\/image\/\",\"url\":\"https:\/\/secure.gravatar.com\/avatar\/daee7f16d906c2e9ffed236206ca2c30?s=96&r=g\",\"contentUrl\":\"https:\/\/secure.gravatar.com\/avatar\/daee7f16d906c2e9ffed236206ca2c30?s=96&r=g\",\"caption\":\"Monique Lima\"},\"description\":\"Rep\u00f3rter de Mercado no Suno Not\u00edcias, \u00e9 jornalista com experi\u00eancia na cobertura de economia, empreendedorismo, finan\u00e7as pessoais, mercado financeiro, carreira e recursos humanos. Formada em Jornalismo pela Universidade Paulista, teve experi\u00eancias em ve\u00edculos de comunica\u00e7\u00e3o como a Ag\u00eancia TradeMap, Revista Voc\u00ea S\/A e Revista Voc\u00ea RH, as duas \u00faltimas publica\u00e7\u00f5es da Editora Abril. No Suno Not\u00edcias, fala sobre as principais not\u00edcias de Fundos Imobili\u00e1rios, Fiagro, Startups e empresas listadas na Bolsa.\",\"url\":\"https:\/\/www.suno.com.br\/noticias\/author\/monique-lima\/\"}]}<\/script>\n<!-- \/ Yoast SEO plugin. -->","yoast_head_json":{"title":"D\u00f3lar cai a R$ 5,16 influenciado por exterior, ap\u00f3s subir com \"risco Brasil\"","description":"O d\u00f3lar apresenta uma sess\u00e3o bastante vol\u00e1til nesta quinta. Predomina a queda da moeda frente ao d\u00f3lar fraco no exterior. Leia mais detalhes","robots":{"index":"index","follow":"follow","max-snippet":"max-snippet:-1","max-image-preview":"max-image-preview:large","max-video-preview":"max-video-preview:-1"},"canonical":"https:\/\/www.suno.com.br\/noticias\/dolar-cai-influenciado-por-exterior-apos-subir-com-risco-brasil\/","og_locale":"pt_BR","og_type":"article","og_title":"D\u00f3lar cai a R$ 5,16 influenciado por exterior, ap\u00f3s subir com \"risco Brasil\"","og_description":"O d\u00f3lar apresenta uma sess\u00e3o bastante vol\u00e1til nesta quinta. Predomina a queda da moeda frente ao d\u00f3lar fraco no exterior. Leia mais detalhes","og_url":"https:\/\/www.suno.com.br\/noticias\/dolar-cai-influenciado-por-exterior-apos-subir-com-risco-brasil\/","og_site_name":"Suno Not\u00edcias","article_publisher":"https:\/\/facebook.com\/sunoresearch","og_image":[{"width":1920,"height":1013,"url":"https:\/\/files.sunoresearch.com.br\/n\/uploads\/2021\/06\/301dbca0-puzzle-2500328_1920.jpg","type":"image\/jpeg"}],"author":"Monique Lima","twitter_card":"summary_large_image","twitter_creator":"@sunoresearch","twitter_site":"@sunoresearch","twitter_misc":{"Escrito por":"Monique Lima","Est. tempo de leitura":"3 minutos"},"schema":{"@context":"https:\/\/schema.org","@graph":[{"@type":"NewsArticle","@id":"https:\/\/www.suno.com.br\/noticias\/dolar-cai-influenciado-por-exterior-apos-subir-com-risco-brasil\/#article","isPartOf":{"@id":"https:\/\/www.suno.com.br\/noticias\/dolar-cai-influenciado-por-exterior-apos-subir-com-risco-brasil\/"},"author":{"name":"Monique Lima","@id":"https:\/\/www.suno.com.br\/noticias\/#\/schema\/person\/d712329319cc9b10f254d02d654cb36a"},"headline":"D\u00f3lar cai a R$ 5,16 influenciado por exterior, ap\u00f3s subir com risco fiscal e pol\u00edtico","datePublished":"2021-09-02T15:05:20+00:00","dateModified":"2021-09-02T15:10:03+00:00","mainEntityOfPage":{"@id":"https:\/\/www.suno.com.br\/noticias\/dolar-cai-influenciado-por-exterior-apos-subir-com-risco-brasil\/"},"wordCount":564,"publisher":{"@id":"https:\/\/www.suno.com.br\/noticias\/#organization"},"image":{"@id":"https:\/\/www.suno.com.br\/noticias\/dolar-cai-influenciado-por-exterior-apos-subir-com-risco-brasil\/#primaryimage"},"thumbnailUrl":"https:\/\/files.sunoresearch.com.br\/n\/uploads\/2021\/06\/301dbca0-puzzle-2500328_1920-jpg.webp","keywords":["d\u00f3lar","d\u00f3lar futuro","Especialistas"],"articleSection":["Economia"],"inLanguage":"pt-BR"},{"@type":"WebPage","@id":"https:\/\/www.suno.com.br\/noticias\/dolar-cai-influenciado-por-exterior-apos-subir-com-risco-brasil\/","url":"https:\/\/www.suno.com.br\/noticias\/dolar-cai-influenciado-por-exterior-apos-subir-com-risco-brasil\/","name":"D\u00f3lar cai a R$ 5,16 influenciado por exterior, ap\u00f3s subir com \"risco Brasil\"","isPartOf":{"@id":"https:\/\/www.suno.com.br\/noticias\/#website"},"primaryImageOfPage":{"@id":"https:\/\/www.suno.com.br\/noticias\/dolar-cai-influenciado-por-exterior-apos-subir-com-risco-brasil\/#primaryimage"},"image":{"@id":"https:\/\/www.suno.com.br\/noticias\/dolar-cai-influenciado-por-exterior-apos-subir-com-risco-brasil\/#primaryimage"},"thumbnailUrl":"https:\/\/files.sunoresearch.com.br\/n\/uploads\/2021\/06\/301dbca0-puzzle-2500328_1920-jpg.webp","datePublished":"2021-09-02T15:05:20+00:00","dateModified":"2021-09-02T15:10:03+00:00","description":"O d\u00f3lar apresenta uma sess\u00e3o bastante vol\u00e1til nesta quinta. Predomina a queda da moeda frente ao d\u00f3lar fraco no exterior. Leia mais detalhes","breadcrumb":{"@id":"https:\/\/www.suno.com.br\/noticias\/dolar-cai-influenciado-por-exterior-apos-subir-com-risco-brasil\/#breadcrumb"},"inLanguage":"pt-BR","potentialAction":[{"@type":"ReadAction","target":["https:\/\/www.suno.com.br\/noticias\/dolar-cai-influenciado-por-exterior-apos-subir-com-risco-brasil\/"]}]},{"@type":"ImageObject","inLanguage":"pt-BR","@id":"https:\/\/www.suno.com.br\/noticias\/dolar-cai-influenciado-por-exterior-apos-subir-com-risco-brasil\/#primaryimage","url":"https:\/\/files.sunoresearch.com.br\/n\/uploads\/2021\/06\/301dbca0-puzzle-2500328_1920-jpg.webp","contentUrl":"https:\/\/files.sunoresearch.com.br\/n\/uploads\/2021\/06\/301dbca0-puzzle-2500328_1920-jpg.webp","width":1920,"height":1013,"caption":"D\u00f3lar. Foto: Pixabay"},{"@type":"BreadcrumbList","@id":"https:\/\/www.suno.com.br\/noticias\/dolar-cai-influenciado-por-exterior-apos-subir-com-risco-brasil\/#breadcrumb","itemListElement":[{"@type":"ListItem","position":1,"name":"Not\u00edcias","item":"https:\/\/www.suno.com.br\/noticias\/"},{"@type":"ListItem","position":2,"name":"Economia","item":"https:\/\/www.suno.com.br\/noticias\/economia\/"},{"@type":"ListItem","position":3,"name":"D\u00f3lar cai a R$ 5,16 influenciado por exterior, ap\u00f3s subir com risco fiscal e pol\u00edtico"}]},{"@type":"WebSite","@id":"https:\/\/www.suno.com.br\/noticias\/#website","url":"https:\/\/www.suno.com.br\/noticias\/","name":"Suno Not\u00edcias","description":"Seu portal de informa\u00e7\u00e3o sobre o mundo dos investimentos","publisher":{"@id":"https:\/\/www.suno.com.br\/noticias\/#organization"},"potentialAction":[{"@type":"SearchAction","target":{"@type":"EntryPoint","urlTemplate":"https:\/\/www.suno.com.br\/noticias\/?s={search_term_string}"},"query-input":{"@type":"PropertyValueSpecification","valueRequired":true,"valueName":"search_term_string"}}],"inLanguage":"pt-BR"},{"@type":"Organization","@id":"https:\/\/www.suno.com.br\/noticias\/#organization","name":"Suno Not\u00edcias","url":"https:\/\/www.suno.com.br\/noticias\/","logo":{"@type":"ImageObject","inLanguage":"pt-BR","@id":"https:\/\/www.suno.com.br\/noticias\/#\/schema\/logo\/image\/","url":"https:\/\/files.sunoresearch.com.br\/n\/uploads\/2021\/09\/suno-logo.png","contentUrl":"https:\/\/files.sunoresearch.com.br\/n\/uploads\/2021\/09\/suno-logo.png","width":180,"height":180,"caption":"Suno Not\u00edcias"},"image":{"@id":"https:\/\/www.suno.com.br\/noticias\/#\/schema\/logo\/image\/"},"sameAs":["https:\/\/facebook.com\/sunoresearch","https:\/\/x.com\/sunoresearch","https:\/\/www.instagram.com\/suno","https:\/\/www.linkedin.com\/company\/suno-research\/","https:\/\/www.youtube.com\/c\/sunoresearch"]},{"@type":"Person","@id":"https:\/\/www.suno.com.br\/noticias\/#\/schema\/person\/d712329319cc9b10f254d02d654cb36a","name":"Monique Lima","image":{"@type":"ImageObject","inLanguage":"pt-BR","@id":"https:\/\/www.suno.com.br\/noticias\/#\/schema\/person\/image\/","url":"https:\/\/secure.gravatar.com\/avatar\/daee7f16d906c2e9ffed236206ca2c30?s=96&r=g","contentUrl":"https:\/\/secure.gravatar.com\/avatar\/daee7f16d906c2e9ffed236206ca2c30?s=96&r=g","caption":"Monique Lima"},"description":"Rep\u00f3rter de Mercado no Suno Not\u00edcias, \u00e9 jornalista com experi\u00eancia na cobertura de economia, empreendedorismo, finan\u00e7as pessoais, mercado financeiro, carreira e recursos humanos. Formada em Jornalismo pela Universidade Paulista, teve experi\u00eancias em ve\u00edculos de comunica\u00e7\u00e3o como a Ag\u00eancia TradeMap, Revista Voc\u00ea S\/A e Revista Voc\u00ea RH, as duas \u00faltimas publica\u00e7\u00f5es da Editora Abril. No Suno Not\u00edcias, fala sobre as principais not\u00edcias de Fundos Imobili\u00e1rios, Fiagro, Startups e empresas listadas na Bolsa.","url":"https:\/\/www.suno.com.br\/noticias\/author\/monique-lima\/"}]}},"default_loop_html":"<div class=\"cardsPage__listCard__boxs\"><div class=\"cardsPage__listCard__boxs__img\"><a href=\"https:\/\/www.suno.com.br\/noticias\/dolar-cai-influenciado-por-exterior-apos-subir-com-risco-brasil\/\"><img class=\"mask\" src=\"https:\/\/www.suno.com.br\/noticias\/wp-content\/themes\/suno\/resources\/images\/spotlight\/spotlight1img\/bg-mask.png\" alt=\"Image Mask\"\/><img src=\"https:\/\/files.sunoresearch.com.br\/n\/uploads\/2021\/06\/301dbca0-puzzle-2500328_1920-400x200.webp\" alt=\"D\u00f3lar cai a R$ 5,16 influenciado por exterior, ap\u00f3s subir com risco fiscal e pol\u00edtico\"\/><\/a><span class=\"spotlightCategory\"><a href=\"https:\/\/www.suno.com.br\/noticias\/economia\/\">Economia<\/a><\/span><\/div><div class=\"cardsPage__listCard__boxs__content\"><a href=\"https:\/\/www.suno.com.br\/noticias\/dolar-cai-influenciado-por-exterior-apos-subir-com-risco-brasil\/\"><h2 class=\"content__title\">D\u00f3lar cai a R$ 5,16 influenciado por exterior, ap\u00f3s subir com risco fiscal e pol\u00edtico<\/h2><\/a><div class=\"newsContent__article__meta\"><div class=\"newsContent__article__meta__authorBox\"><a href=\"https:\/\/www.suno.com.br\/noticias\/author\/monique-lima\/\" class=\"authorBox__avatar noMobi\"><img src=\"https:\/\/secure.gravatar.com\/avatar\/daee7f16d906c2e9ffed236206ca2c30?s=96&#038;r=g\" alt=\"Monique Lima\"><\/a><div class=\"authorBox__name\"><span>por\n\t\t\t<a href=\"https:\/\/www.suno.com.br\/noticias\/author\/monique-lima\/\"><span itemprop=\"author\">Monique Lima<\/span><\/a><\/span><time datetime=\"2021-09-02T12:05:20-03:00\" itemprop=\"datePublished\">02\/09\/2021 12:05<\/time><\/div><\/div><\/div><\/div><\/div>","single_layout":"posts","amp_enabled":true,"_links":{"self":[{"href":"https:\/\/www.suno.com.br\/noticias\/wp-json\/wp\/v2\/posts\/180444"}],"collection":[{"href":"https:\/\/www.suno.com.br\/noticias\/wp-json\/wp\/v2\/posts"}],"about":[{"href":"https:\/\/www.suno.com.br\/noticias\/wp-json\/wp\/v2\/types\/post"}],"author":[{"embeddable":true,"href":"https:\/\/www.suno.com.br\/noticias\/wp-json\/wp\/v2\/users\/102"}],"replies":[{"embeddable":true,"href":"https:\/\/www.suno.com.br\/noticias\/wp-json\/wp\/v2\/comments?post=180444"}],"version-history":[{"count":2,"href":"https:\/\/www.suno.com.br\/noticias\/wp-json\/wp\/v2\/posts\/180444\/revisions"}],"predecessor-version":[{"id":180449,"href":"https:\/\/www.suno.com.br\/noticias\/wp-json\/wp\/v2\/posts\/180444\/revisions\/180449"}],"wp:featuredmedia":[{"embeddable":true,"href":"https:\/\/www.suno.com.br\/noticias\/wp-json\/wp\/v2\/media\/156118"}],"wp:attachment":[{"href":"https:\/\/www.suno.com.br\/noticias\/wp-json\/wp\/v2\/media?parent=180444"}],"wp:term":[{"taxonomy":"category","embeddable":true,"href":"https:\/\/www.suno.com.br\/noticias\/wp-json\/wp\/v2\/categories?post=180444"},{"taxonomy":"post_tag","embeddable":true,"href":"https:\/\/www.suno.com.br\/noticias\/wp-json\/wp\/v2\/tags?post=180444"},{"taxonomy":"suno_strategy","embeddable":true,"href":"https:\/\/www.suno.com.br\/noticias\/wp-json\/wp\/v2\/suno_strategy?post=180444"}],"curies":[{"name":"wp","href":"https:\/\/api.w.org\/{rel}","templated":true}]}}