{"id":180421,"date":"2021-09-02T10:38:16","date_gmt":"2021-09-02T13:38:16","guid":{"rendered":"https:\/\/www.suno.com.br\/noticias\/?p=180421"},"modified":"2021-09-02T10:38:16","modified_gmt":"2021-09-02T13:38:16","slug":"ibovespa-abre-queda-1-industria-eletrobras-elet3","status":"publish","type":"post","link":"https:\/\/www.suno.com.br\/noticias\/ibovespa-abre-queda-1-industria-eletrobras-elet3\/","title":{"rendered":"Ibovespa abre em queda de 1% com dados da ind\u00fastria; Eletrobras (ELET3) cai 3,7%"},"content":{"rendered":"<p>Apesar do cen\u00e1rio externo favor\u00e1vel, o <strong>Ibovespa <\/strong>abre em queda de 1,11% aos 118.075 pontos s <a href=\"https:\/\/www.suno.com.br\/artigos\/pregao\">no preg\u00e3o desta quinta-feira (2)<\/a>, com forte influ\u00eancia dos dados divulgados entre ontem e hoje, al\u00e9m do aumento do risco fiscal e da reforma tribut\u00e1ria &#8211; <a href=\"https:\/\/www.suno.com.br\/noticias\/xp-reduz-projecao-ibovespa-2021\/\">que j\u00e1 fizeram as corretoras revisarem a proje\u00e7\u00e3o do \u00edndice para baixo<\/a>.<\/p>\t<div class=\"wrapper-featured-image\">\n\t\t<figure class=\"spotlightImg\">\n\n\t\t\t<picture>\n\t\t\t\t<source media=\"(max-width: 768px)\" srcset=\"https:\/\/files.sunoresearch.com.br\/n\/uploads\/2021\/05\/d1a6d65e-eletrobras-05-1-400x200.webp\">\n\t\t\t\t<img loading=\"lazy\" decoding=\"async\" class=\"newsContent__article__imgCapa lazyloadDisabled \" src=\"https:\/\/files.sunoresearch.com.br\/n\/uploads\/2021\/05\/d1a6d65e-eletrobras-05-1-800x450.webp\" width=\"800\" height=\"450\" alt=\"Ibovespa abre em queda de 1% com dados da ind\u00fastria; Eletrobras (ELET3) cai 3,7%\" fetchpriority=high \/>\n\t\t\t<\/picture>\n\n\t\t\t<figcaption class=\"wp-caption-text wp-caption-text--show\">Funcion\u00e1rio Eletrobras (ELET3) em usina e\u00f3lica. Foto: Divulga\u00e7\u00e3o<\/figcaption>\n\t\t<\/figure>\n\t<\/div>\n\n\n\t<p>\n\t\t<a href=\"https:\/\/lp.suno.com.br\/planilha-controle-gastos\/\" target=\"_blank\" data-element=\"shortcode-suno-banner\" title=\"Banner SUNO, clique e saiba mais\">\n\t\t\t<picture>\n\t\t\t\t<source media=\"(max-width: 500px)\" srcset=\"https:\/\/files.sunoresearch.com.br\/n\/uploads\/2023\/03\/400x300-Planilha-controle-de-gastos.png\">\n\t\t\t\t<img class=\"newsContent__article__imgCapa newsContent__article__imgCapa--banner\"\n\t\t\t\t\tsrc=\"https:\/\/files.sunoresearch.com.br\/n\/uploads\/2023\/03\/1420x240-Planilha-controle-de-gastos.png\"\n\t\t\t\t\tdata-promo-id=\"101751\"\t\t\t\t\t\t\t\t\t\twidth='1420' height='240'\t\t\t\t\talt=\"https:\/\/files.sunoresearch.com.br\/n\/uploads\/2023\/03\/1420x240-Planilha-controle-de-gastos.png\"\n\t\t\t\t>\n\t\t\t<\/picture>\n\t\t<\/a>\n\t<\/p>\n\n\n<p>O <strong>Ibovespa hoje<\/strong> reage \u00e0 recente divulga\u00e7\u00e3o dos dados referentes \u00e0 produ\u00e7\u00e3o industrial, representando um crescimento de 1,2% ante expectativa de 1,8% de alta.<\/p>\n<p>Assim, o segmento retoma o n\u00edvel no in\u00edcio da pandemia e se soma \u00e0 divulga\u00e7\u00e3o do Produto Interno Bruto (PIB) do Brasil, em queda de 0,1% ante uma expectativa de 0,2% de alta.<\/p>\n\t<div data-element=\"shortcode-read-more\" class=\"knowMore\">\n\t\t\t\t<span class=\"knowMore__title\">Leia mais<\/span>\n\t\t\t\t<a class=\"knowMore__link\" href=\"https:\/\/www.suno.com.br\/noticias\/commodities-ibovespa-devolve-ganhos-maiores-baixas\/\">\n\t\t\tCom commodities sangrando, Ibovespa devolve ganhos de 2021; Veja as cinco maiores baixas\t\t<\/a>\n\t<\/div>\n\n\n<p>&#8220;A Produ\u00e7\u00e3o Industrial frustrou fortemente as expectativas a exibir contra\u00e7\u00e3o de -1,3% em julho, pior que a nossa estimativa de -0,2%, e abaixo da expectativa do mercado -0,7%. Vale comentar que al\u00e9m do resultado ruim de julho, ainda tivemos revis\u00e3o de 0,0% para -0,2% no resultado de junho&#8221;, analisa economista-chefe da Ativa Investimentos, \u00c9tore Sanchez.<\/p>\n<p>&#8220;Contudo, apesar do resultado abaixo do esperado, esse \u00e9 apenas o primeiro dado do setor no terceiro trimestre, al\u00e9m disso, a produ\u00e7\u00e3o industrial tem peso menor no PIB se comparado a outros setores. Por fim, mantemos a nossa expectativa de crescimento de 4,6% em 2021&#8221;, acrescenta.<\/p>\n<p>L\u00e1 fora, os indicadores do mercado americano ficam em leve tom de otimismo, com o payroll (dados do desemprego dos EUA) vindo um pouco acima das expectativas.<\/p>\n<p>Os mercados europeus tamb\u00e9m sobem com os \u00edndices de pre\u00e7os ao produtor vindo acima do esperado.<\/p>\n<p>Al\u00e9m disso, vale lembrar, a\u00a0C\u00e2mara dos Deputados aprovou texto-base da<a href=\"https:\/\/www.suno.com.br\/noticias\/reforma-do-imposto-de-renda-arrecadacao\/\"><strong>\u00a0reforma do IR<\/strong><\/a>\u00a0por 398 votos a favor e 77 contra nesta quarta (1\u00ba).<\/p>\n<p>A vers\u00e3o aprovada pelos parlamentares prev\u00ea um corte de 7% <strong>na al\u00edquota do IR<\/strong> para empresas, que cai de 15% para 8%.<\/p>\n<p>Al\u00e9m disso, o projeto estabelece tamb\u00e9m a tributa\u00e7\u00e3o in\u00e9dita do mercado financeiro, que passar\u00e1 a ter uma taxa de 20% sobre lucros e dividendos. Segundo Sabino, essa taxa\u00e7\u00e3o compensaria as redu\u00e7\u00f5es de arrecada\u00e7\u00e3o do IR sobre pessoas f\u00edsicas e empresas.<\/p>\n<h2>Not\u00edcias que v\u00e3o movimentar o Ibovespa hoje<\/h2>\n<ul>\n<li><b>Taesa <\/b>antecipa obra que conecta Nordeste ao Sudeste<\/li>\n<li><b>BRF<\/b> fecha compra<\/li>\n<li><b>OceanPact<\/b> fecha contratos com a <strong>Petrobras<\/strong><\/li>\n<\/ul>\n<h3>Taesa adianta obras<\/h3>\n<p>A\u00a0<a class=\"suno-keyword\" href=\"https:\/\/www.suno.com.br\/acoes\/TAEE11\/\" target=\"_blank\" rel=\"noopener\" data-force=\"yes\" data-priority=\"2\"><strong>Taesa<\/strong>\u00a0(TAEE11)<\/a> iniciou na quarta (1\u00ba) a opera\u00e7\u00e3o comercial na linha de transmiss\u00e3o de 500 kV, um empreendimento interliga Minas Gerais \u00e0 Bahia, passando pelas cidades de Pirapora, Jana\u00faba e Bom Jesus da Lapa.<\/p>\n<p>Com esse in\u00edcio antecipado, a companhia adianta em seis meses na entrega do empreendimento em rela\u00e7\u00e3o ao previsto. Ao todo, o<strong>\u00a0projeto Jana\u00faba<\/strong>\u00a0recebeu R$ 950 milh\u00f5es em investimentos, o que significa uma efici\u00eancia de 18% em rela\u00e7\u00e3o ao Capex estimado pela\u00a0<strong>Aneel<\/strong>.<\/p>\n\t<p>\n\t\t<a href=\"https:\/\/lp.suno.com.br\/planilha-da-vida-financeira\/\" target=\"_blank\" data-element=\"shortcode-suno-banner\" title=\"Banner SUNO, clique e saiba mais\">\n\t\t\t<picture>\n\t\t\t\t<source media=\"(max-width: 500px)\" srcset=\"https:\/\/files.sunoresearch.com.br\/n\/uploads\/2023\/04\/400x300-Planilha-vida-financeira-true.png\">\n\t\t\t\t<img class=\"newsContent__article__imgCapa newsContent__article__imgCapa--banner\"\n\t\t\t\t\tsrc=\"https:\/\/files.sunoresearch.com.br\/n\/uploads\/2023\/04\/1420x240-Planilha-vida-financeira-true.png\"\n\t\t\t\t\tdata-promo-id=\"106682\"\t\t\t\t\t\t\t\t\t\twidth='1420' height='240'\t\t\t\t\talt=\"https:\/\/files.sunoresearch.com.br\/n\/uploads\/2023\/04\/1420x240-Planilha-vida-financeira-true.png\"\n\t\t\t\t>\n\t\t\t<\/picture>\n\t\t<\/a>\n\t<\/p>\n\n\n<p>A constru\u00e7\u00e3o da\u00a0linha de transmiss\u00e3o\u00a0adicionar\u00e1 uma Receita Anual Permitida (RAP) de R$ 213,6 milh\u00f5es por ano \u00e0 transmissora de\u00a0energia el\u00e9trica, o que gera uma receita de R$ 18 milh\u00f5es por m\u00eas \u00e0 empresa.<\/p>\n<p>No preg\u00e3o de hoje, as <strong>a\u00e7\u00f5es da Taesa <\/strong>caem 1,09%.<\/p>\n<h3>BRF fecha compra da Mogiana<\/h3>\n<p>Em an\u00fancio na noite de quarta (1\u00ba), a\u00a0<a href=\"https:\/\/www.suno.com.br\/acoes\/brfs3\/\"><strong>BRF<\/strong> (BRFS3)<\/a> divulgou que concluiu a compra da Mogiana Alimentos por meio da sua subsidi\u00e1ria BRF Pet, conforme mostra <strong>fato relevante<\/strong>\u00a0enviado \u00e0\u00a0<strong>Comiss\u00e3o de Valores Mobili\u00e1rios<\/strong>\u00a0(CVM).<\/p>\n<p>O pre\u00e7o a ser pago pela <strong>compra<\/strong> da empresa e do\u00a0Grupo Hercosul \u00e9 de R$ 1,35 bilh\u00e3o, ainda sujeito a ajustes, segundo a BRF.\u00a0Segundo a companhia, o n\u00edvel de alavancagem ainda permanecer\u00e1 de acordo com os limites prudenciais estabelecidos pela administra\u00e7\u00e3o.<\/p>\n\t<p>\n\t\t<a href=\"https:\/\/lp.suno.com.br\/planilha-da-vida-financeira\/\" target=\"_blank\" data-element=\"shortcode-suno-banner\" title=\"Banner SUNO, clique e saiba mais\">\n\t\t\t<picture>\n\t\t\t\t<source media=\"(max-width: 500px)\" srcset=\"https:\/\/files.sunoresearch.com.br\/n\/uploads\/2023\/04\/400x300-Planilha-vida-financeira-true.png\">\n\t\t\t\t<img class=\"newsContent__article__imgCapa newsContent__article__imgCapa--banner\"\n\t\t\t\t\tsrc=\"https:\/\/files.sunoresearch.com.br\/n\/uploads\/2023\/04\/1420x240-Planilha-vida-financeira-true.png\"\n\t\t\t\t\tdata-promo-id=\"106682\"\t\t\t\t\t\t\t\t\t\twidth='1420' height='240'\t\t\t\t\talt=\"https:\/\/files.sunoresearch.com.br\/n\/uploads\/2023\/04\/1420x240-Planilha-vida-financeira-true.png\"\n\t\t\t\t>\n\t\t\t<\/picture>\n\t\t<\/a>\n\t<\/p>\n\n\n<p>Ap\u00f3s as compras, a\u00a0BRF Pet\u00a0promover\u00e1 a integra\u00e7\u00e3o das novas opera\u00e7\u00f5es de\u00a0pet food, impulsionando sua estrat\u00e9gia comercial com foco no canal de distribui\u00e7\u00e3o especializado, agregando marcas fortes e trazendo importantes ganhos de sinergia, como na compra de gr\u00e3os e coprodutos para a fabrica\u00e7\u00e3o de ra\u00e7\u00f5es.<\/p>\n<p>No preg\u00e3o de hoje, as <strong>a\u00e7\u00f5es da BRF <\/strong>caem 1,17% no <strong>Ibovespa nesta ter\u00e7a<\/strong>.<\/p>\n<h3>OceanPact e Petrobras<\/h3>\n<p>Em an\u00fancio recente, a <a href=\"https:\/\/www.suno.com.br\/acoes\/opct3\"><strong>OceanPact<\/strong> (OPCT3)<\/a> comunicou que fechou quatro contratos com a <a href=\"https:\/\/www.suno.com.br\/acoes\/petr4\/\"><strong>Petrobras<\/strong> (PETR4)<\/a>, sendo dois para afretamento de embarca\u00e7\u00f5es RSV e dois de presta\u00e7\u00e3o de servi\u00e7os de ROV nas embarca\u00e7\u00f5es.<\/p>\n<p>\u201cO backlog consolidado de cada conjunto de embarca\u00e7\u00e3o e servi\u00e7o de ROV \u00e9 de , respectivamente, R$387,5 milh\u00f5es e R$ 405,9 milh\u00f5es, sendo 59,7% e 59,4% em d\u00f3lar\u201d, diz o comunicado.<\/p>\n\t<p>\n\t\t<a href=\"https:\/\/lp.suno.com.br\/ebook-como-analisar-uma-acao\/\" target=\"_blank\" data-element=\"shortcode-suno-banner\" title=\"Banner SUNO, clique e saiba mais\">\n\t\t\t<picture>\n\t\t\t\t<source media=\"(max-width: 500px)\" srcset=\"https:\/\/files.sunoresearch.com.br\/n\/uploads\/2023\/03\/Ebook-Acoes-Mobile-1.jpg\">\n\t\t\t\t<img class=\"newsContent__article__imgCapa newsContent__article__imgCapa--banner\"\n\t\t\t\t\tsrc=\"https:\/\/files.sunoresearch.com.br\/n\/uploads\/2023\/03\/Ebook-Acoes-Desktop-1.jpg\"\n\t\t\t\t\tdata-promo-id=\"171998\"\t\t\t\t\t\t\t\t\t\twidth='1420' height='286'\t\t\t\t\talt=\"https:\/\/files.sunoresearch.com.br\/n\/uploads\/2023\/03\/Ebook-Acoes-Desktop-1.jpg\"\n\t\t\t\t>\n\t\t\t<\/picture>\n\t\t<\/a>\n\t<\/p>\n\n\n<p>&#8220;Cada contrato de afretamento de embarca\u00e7\u00e3o em conjunto com a respectiva presta\u00e7\u00e3o de servi\u00e7o de ROV contempla valor de di\u00e1ria consolidada de, respectivamente, US$ 62.227 e US$ 65.188&#8221;, ressalta a OceanPact.<\/p>\n<p>As <strong>a\u00e7\u00f5es da OceanPact <\/strong>sobem 4,1% fora do Ibovespa, ao passo que as <strong>a\u00e7\u00f5es da Petrobras <\/strong>caem 0,63% no <strong>Ibovespa hoje<\/strong>.<\/p>\n<h2>Destaques do Ibovespa<\/h2>\n<p>As principais altas no Ibovespa, por volta das 10h20 s\u00e3o:<\/p>\n<ul>\n<li><a href=\"https:\/\/www.suno.com.br\/acoes\/csna3\/\"><strong>Companhia Sider\u00fargica Nacional <\/strong>(CSNA3)<\/a>: +2,29%<\/li>\n<li><a href=\"https:\/\/www.suno.com.br\/acoes\/elet3\/\"><strong>Embraer <\/strong>(EMBR3)<\/a>: +1,96%<\/li>\n<li><a href=\"https:\/\/www.suno.com.br\/acoes\/elet6\/\"><strong>Usiminas <\/strong>(USIM5)<\/a>: +0,94%<\/li>\n<li><a href=\"https:\/\/www.suno.com.br\/acoes\/b3sa3\/\"><strong>Marfrig <\/strong>(MRFG3)<\/a>: +0,93%<\/li>\n<li><a href=\"https:\/\/www.suno.com.br\/acoes\/igta3\"><strong>Minerva Foods <\/strong>(BEEF3)<\/a>: +0,97%<\/li>\n<\/ul>\n<p>No mesmo hor\u00e1rio, as principais quedas no Ibovespa eram:<\/p>\n<ul>\n<li><a href=\"https:\/\/www.suno.com.br\/acoes\/usim5\/\"><strong>Eletrobras <\/strong>(ELET3)<\/a>: -3,05%<\/li>\n<li><a href=\"https:\/\/www.suno.com.br\/acoes\/csna3\/\"><strong>Santander <\/strong>(SANB11)<\/a>: -3,10%<\/li>\n<li><a href=\"https:\/\/www.suno.com.br\/acoes\/goau4\/\"><strong>Ambev <\/strong>(ABEV3)<\/a>: -2,61%<\/li>\n<li><a href=\"https:\/\/www.suno.com.br\/acoes\/vale3\/\"><strong>Eletrobras <\/strong>(ELET6)<\/a>: -2,48%<\/li>\n<li><a href=\"https:\/\/www.suno.com.br\/acoes\/ggbr4\/\"><strong>Eneva <\/strong>(ENEV3)<\/a>: -2,11%<\/li>\n<\/ul>\n<h2>Principais \u00edndices<\/h2>\n<ul>\n<li><a href=\"https:\/\/www.suno.com.br\/artigos\/ifix\/\">IFIX<\/a>: +0,05%<\/li>\n<li><a href=\"https:\/\/www.suno.com.br\/artigos\/smll\/\">SMLL<\/a>: -0,12%<\/li>\n<li><a href=\"https:\/\/www.suno.com.br\/artigos\/idiv\/\">IDIV<\/a>: -0,72%<\/li>\n<li><a href=\"https:\/\/www.suno.com.br\/artigos\/ibrx\/\">IBRX 100<\/a>: -0,53%<\/li>\n<\/ul>\n<h2>Bolsas mundiais<\/h2>\n<p>Veja o desempenho dos principais \u00edndices acion\u00e1rios no exterior, al\u00e9m do \u00edndice Ibovespa<strong>:<\/strong><\/p>\n<ul>\n<li><a href=\"https:\/\/www.suno.com.br\/artigos\/futuro-de-sp-500\/\">Nova York (S&amp;P 500) futuro<\/a>: +0,27%<\/li>\n<li><a href=\"https:\/\/www.suno.com.br\/artigos\/indice-dow-jones-djia\/\">Nova York Dow Jones (DJIA) futuro<\/a>: +0,29%<\/li>\n<li><a href=\"https:\/\/www.suno.com.br\/artigos\/ftse-100\/\">Londres (FTSE 100)<\/a>: -0,01%<\/li>\n<li><a href=\"https:\/\/www.suno.com.br\/artigos\/dax-30\/\">Frankfurt (DAX 30)<\/a>: +0,11%<\/li>\n<li><a href=\"https:\/\/www.suno.com.br\/artigos\/cac-40\/\">Paris (CAC 40)<\/a>: +0,12%<\/li>\n<li><a href=\"https:\/\/www.suno.com.br\/artigos\/ftse-mib\/\">Mil\u00e3o (FTSE\/MIB)<\/a>: +0,01%<\/li>\n<li><a href=\"https:\/\/www.suno.com.br\/artigos\/hang-seng\/\">Hong Kong (Hang Seng)<\/a>: +0,24% (fechada)<\/li>\n<li><a href=\"https:\/\/www.suno.com.br\/artigos\/bolsa-de-xangai\/\">Xangai (SSE Composite)<\/a>: +0,84% (fechada)<\/li>\n<li><a href=\"https:\/\/www.suno.com.br\/artigos\/nikkei-225\/\">T\u00f3quio (Nikkei 225)<\/a>: +0,33% (fechada)<\/li>\n<\/ul>\n<h2>\u00daltima cota\u00e7\u00e3o do Ibovespa<\/h2>\n<p>No fechamento do preg\u00e3o da ter\u00e7a (31), o <strong>Ibovespa<\/strong> subiu 0,52%, a 119.395 pontos.<\/p>\n\t<p>\n\t\t<a href=\"https:\/\/lp.suno.com.br\/planilha-de-controle-de-investimentos\/\" target=\"_blank\" data-element=\"shortcode-suno-banner\" title=\"Banner SUNO, clique e saiba mais\">\n\t\t\t<picture>\n\t\t\t\t<source media=\"(max-width: 500px)\" srcset=\"https:\/\/files.sunoresearch.com.br\/n\/uploads\/2023\/03\/400x300-Controle-de-Investimentos.png\">\n\t\t\t\t<img class=\"newsContent__article__imgCapa newsContent__article__imgCapa--banner\"\n\t\t\t\t\tsrc=\"https:\/\/files.sunoresearch.com.br\/n\/uploads\/2023\/03\/1420x240-Controle-de-Investimentos.png\"\n\t\t\t\t\tdata-promo-id=\"75934\"\t\t\t\t\t\t\t\t\t\twidth='1420' height='240'\t\t\t\t\talt=\"https:\/\/files.sunoresearch.com.br\/n\/uploads\/2023\/03\/1420x240-Controle-de-Investimentos.png\"\n\t\t\t\t>\n\t\t\t<\/picture>\n\t\t<\/a>\n\t<\/p>\n\n\n","protected":false},"excerpt":{"rendered":"<p>Apesar do cen\u00e1rio externo favor\u00e1vel, o Ibovespa abre em queda de 1,11% aos 118.075 pontos s no preg\u00e3o desta quinta-feira (2), com forte influ\u00eancia dos dados divulgados entre ontem e hoje, al\u00e9m do aumento do risco fiscal e da reforma tribut\u00e1ria &#8211; que j\u00e1 fizeram as corretoras revisarem a proje\u00e7\u00e3o do \u00edndice para baixo. Funcion\u00e1rio [&hellip;]<\/p>\n","protected":false},"author":73,"featured_media":150268,"comment_status":"closed","ping_status":"closed","sticky":false,"template":"","format":"standard","meta":[],"categories":[60],"tags":[397,105816,105479,595,649],"suno_strategy":[],"class_list":["post-180421","post","type-post","status-publish","format-standard","has-post-thumbnail","hentry","category-mercado","tag-brf-brfs3","tag-especialistas","tag-oceanpact-opct3","tag-petrobras-petr4","tag-taesa-taee11-taee3-taee4"],"yoast_head":"<!-- This site is optimized with the Yoast SEO plugin v24.4 - https:\/\/yoast.com\/wordpress\/plugins\/seo\/ -->\n<title>Ibovespa em queda de1% com ind\u00fastria; Eletrobras (ELET3) cai 3,7%<\/title>\n<meta name=\"description\" content=\"Com reforma tribut\u00e1ria e dados da ind\u00fastria e do PIB no radar, Ibovespa vai na dire\u00e7\u00e3o contr\u00e1ria do exterior. Clique aqui e leia mais.\" \/>\n<meta name=\"robots\" content=\"index, follow, max-snippet:-1, max-image-preview:large, max-video-preview:-1\" \/>\n<link rel=\"canonical\" href=\"https:\/\/www.suno.com.br\/noticias\/ibovespa-abre-queda-1-industria-eletrobras-elet3\/\" \/>\n<meta property=\"og:locale\" content=\"pt_BR\" \/>\n<meta property=\"og:type\" content=\"article\" \/>\n<meta property=\"og:title\" content=\"Ibovespa em queda de1% com ind\u00fastria; Eletrobras (ELET3) cai 3,7%\" \/>\n<meta property=\"og:description\" content=\"Com reforma tribut\u00e1ria e dados da ind\u00fastria e do PIB no radar, Ibovespa vai na dire\u00e7\u00e3o contr\u00e1ria do exterior. Clique aqui e leia mais.\" \/>\n<meta property=\"og:url\" content=\"https:\/\/www.suno.com.br\/noticias\/ibovespa-abre-queda-1-industria-eletrobras-elet3\/\" \/>\n<meta property=\"og:site_name\" content=\"Suno Not\u00edcias\" \/>\n<meta property=\"article:publisher\" content=\"https:\/\/facebook.com\/sunoresearch\" \/>\n<meta property=\"og:image\" content=\"https:\/\/files.sunoresearch.com.br\/n\/uploads\/2021\/05\/d1a6d65e-eletrobras-05-1.jpg\" \/>\n\t<meta property=\"og:image:width\" content=\"1200\" \/>\n\t<meta property=\"og:image:height\" content=\"800\" \/>\n\t<meta property=\"og:image:type\" content=\"image\/jpeg\" \/>\n<meta name=\"author\" content=\"Eduardo Vargas\" \/>\n<meta name=\"twitter:card\" content=\"summary_large_image\" \/>\n<meta name=\"twitter:creator\" content=\"@sunoresearch\" \/>\n<meta name=\"twitter:site\" content=\"@sunoresearch\" \/>\n<meta name=\"twitter:label1\" content=\"Escrito por\" \/>\n\t<meta name=\"twitter:data1\" content=\"Eduardo Vargas\" \/>\n\t<meta name=\"twitter:label2\" content=\"Est. tempo de leitura\" \/>\n\t<meta name=\"twitter:data2\" content=\"4 minutos\" \/>\n<script type=\"application\/ld+json\" class=\"yoast-schema-graph\">{\"@context\":\"https:\/\/schema.org\",\"@graph\":[{\"@type\":\"NewsArticle\",\"@id\":\"https:\/\/www.suno.com.br\/noticias\/ibovespa-abre-queda-1-industria-eletrobras-elet3\/#article\",\"isPartOf\":{\"@id\":\"https:\/\/www.suno.com.br\/noticias\/ibovespa-abre-queda-1-industria-eletrobras-elet3\/\"},\"author\":{\"name\":\"Eduardo Vargas\",\"@id\":\"https:\/\/www.suno.com.br\/noticias\/#\/schema\/person\/7f4d362bf3518e76090143ae77bb49a5\"},\"headline\":\"Ibovespa abre em queda de 1% com dados da ind\u00fastria; Eletrobras (ELET3) cai 3,7%\",\"datePublished\":\"2021-09-02T13:38:16+00:00\",\"mainEntityOfPage\":{\"@id\":\"https:\/\/www.suno.com.br\/noticias\/ibovespa-abre-queda-1-industria-eletrobras-elet3\/\"},\"wordCount\":965,\"publisher\":{\"@id\":\"https:\/\/www.suno.com.br\/noticias\/#organization\"},\"image\":{\"@id\":\"https:\/\/www.suno.com.br\/noticias\/ibovespa-abre-queda-1-industria-eletrobras-elet3\/#primaryimage\"},\"thumbnailUrl\":\"https:\/\/files.sunoresearch.com.br\/n\/uploads\/2021\/05\/d1a6d65e-eletrobras-05-1-jpg.webp\",\"keywords\":[\"BRF (BRFS3)\",\"Especialistas\",\"Oceanpact (OPCT3)\",\"Petrobras (PETR4)\",\"Taesa (TAEE11\/TAEE3\/TAEE4)\"],\"articleSection\":[\"Mercado\"],\"inLanguage\":\"pt-BR\"},{\"@type\":\"WebPage\",\"@id\":\"https:\/\/www.suno.com.br\/noticias\/ibovespa-abre-queda-1-industria-eletrobras-elet3\/\",\"url\":\"https:\/\/www.suno.com.br\/noticias\/ibovespa-abre-queda-1-industria-eletrobras-elet3\/\",\"name\":\"Ibovespa em queda de1% com ind\u00fastria; Eletrobras (ELET3) cai 3,7%\",\"isPartOf\":{\"@id\":\"https:\/\/www.suno.com.br\/noticias\/#website\"},\"primaryImageOfPage\":{\"@id\":\"https:\/\/www.suno.com.br\/noticias\/ibovespa-abre-queda-1-industria-eletrobras-elet3\/#primaryimage\"},\"image\":{\"@id\":\"https:\/\/www.suno.com.br\/noticias\/ibovespa-abre-queda-1-industria-eletrobras-elet3\/#primaryimage\"},\"thumbnailUrl\":\"https:\/\/files.sunoresearch.com.br\/n\/uploads\/2021\/05\/d1a6d65e-eletrobras-05-1-jpg.webp\",\"datePublished\":\"2021-09-02T13:38:16+00:00\",\"description\":\"Com reforma tribut\u00e1ria e dados da ind\u00fastria e do PIB no radar, Ibovespa vai na dire\u00e7\u00e3o contr\u00e1ria do exterior. Clique aqui e leia mais.\",\"breadcrumb\":{\"@id\":\"https:\/\/www.suno.com.br\/noticias\/ibovespa-abre-queda-1-industria-eletrobras-elet3\/#breadcrumb\"},\"inLanguage\":\"pt-BR\",\"potentialAction\":[{\"@type\":\"ReadAction\",\"target\":[\"https:\/\/www.suno.com.br\/noticias\/ibovespa-abre-queda-1-industria-eletrobras-elet3\/\"]}]},{\"@type\":\"ImageObject\",\"inLanguage\":\"pt-BR\",\"@id\":\"https:\/\/www.suno.com.br\/noticias\/ibovespa-abre-queda-1-industria-eletrobras-elet3\/#primaryimage\",\"url\":\"https:\/\/files.sunoresearch.com.br\/n\/uploads\/2021\/05\/d1a6d65e-eletrobras-05-1-jpg.webp\",\"contentUrl\":\"https:\/\/files.sunoresearch.com.br\/n\/uploads\/2021\/05\/d1a6d65e-eletrobras-05-1-jpg.webp\",\"width\":1200,\"height\":800,\"caption\":\"Funcion\u00e1rio Eletrobras (ELET3) em usina e\u00f3lica. Foto: Divulga\u00e7\u00e3o\"},{\"@type\":\"BreadcrumbList\",\"@id\":\"https:\/\/www.suno.com.br\/noticias\/ibovespa-abre-queda-1-industria-eletrobras-elet3\/#breadcrumb\",\"itemListElement\":[{\"@type\":\"ListItem\",\"position\":1,\"name\":\"Not\u00edcias\",\"item\":\"https:\/\/www.suno.com.br\/noticias\/\"},{\"@type\":\"ListItem\",\"position\":2,\"name\":\"Mercado\",\"item\":\"https:\/\/www.suno.com.br\/noticias\/mercado\/\"},{\"@type\":\"ListItem\",\"position\":3,\"name\":\"Ibovespa abre em queda de 1% com dados da ind\u00fastria; Eletrobras (ELET3) cai 3,7%\"}]},{\"@type\":\"WebSite\",\"@id\":\"https:\/\/www.suno.com.br\/noticias\/#website\",\"url\":\"https:\/\/www.suno.com.br\/noticias\/\",\"name\":\"Suno Not\u00edcias\",\"description\":\"Seu portal de informa\u00e7\u00e3o sobre o mundo dos investimentos\",\"publisher\":{\"@id\":\"https:\/\/www.suno.com.br\/noticias\/#organization\"},\"potentialAction\":[{\"@type\":\"SearchAction\",\"target\":{\"@type\":\"EntryPoint\",\"urlTemplate\":\"https:\/\/www.suno.com.br\/noticias\/?s={search_term_string}\"},\"query-input\":{\"@type\":\"PropertyValueSpecification\",\"valueRequired\":true,\"valueName\":\"search_term_string\"}}],\"inLanguage\":\"pt-BR\"},{\"@type\":\"Organization\",\"@id\":\"https:\/\/www.suno.com.br\/noticias\/#organization\",\"name\":\"Suno Not\u00edcias\",\"url\":\"https:\/\/www.suno.com.br\/noticias\/\",\"logo\":{\"@type\":\"ImageObject\",\"inLanguage\":\"pt-BR\",\"@id\":\"https:\/\/www.suno.com.br\/noticias\/#\/schema\/logo\/image\/\",\"url\":\"https:\/\/files.sunoresearch.com.br\/n\/uploads\/2021\/09\/suno-logo.png\",\"contentUrl\":\"https:\/\/files.sunoresearch.com.br\/n\/uploads\/2021\/09\/suno-logo.png\",\"width\":180,\"height\":180,\"caption\":\"Suno Not\u00edcias\"},\"image\":{\"@id\":\"https:\/\/www.suno.com.br\/noticias\/#\/schema\/logo\/image\/\"},\"sameAs\":[\"https:\/\/facebook.com\/sunoresearch\",\"https:\/\/x.com\/sunoresearch\",\"https:\/\/www.instagram.com\/suno\",\"https:\/\/www.linkedin.com\/company\/suno-research\/\",\"https:\/\/www.youtube.com\/c\/sunoresearch\"]},{\"@type\":\"Person\",\"@id\":\"https:\/\/www.suno.com.br\/noticias\/#\/schema\/person\/7f4d362bf3518e76090143ae77bb49a5\",\"name\":\"Eduardo Vargas\",\"image\":{\"@type\":\"ImageObject\",\"inLanguage\":\"pt-BR\",\"@id\":\"https:\/\/www.suno.com.br\/noticias\/#\/schema\/person\/image\/\",\"url\":\"https:\/\/secure.gravatar.com\/avatar\/dac340933427a22924c9f99d1eb2e3f2?s=96&r=g\",\"contentUrl\":\"https:\/\/secure.gravatar.com\/avatar\/dac340933427a22924c9f99d1eb2e3f2?s=96&r=g\",\"caption\":\"Eduardo Vargas\"},\"description\":\"Jornalista formado pela UFSC, cobre macroeconomia, neg\u00f3cios e startups para o Suno Not\u00edcias, escrevendo principalmente not\u00edcias sobre o mercado financeiro e a bolsa de valores. No YouTube e no Instagram, \u00e9 respons\u00e1vel pela produ\u00e7\u00e3o de Reels e Shorts do Suno Not\u00edcias. Anteriormente, trabalhou cobrindo economia e cotidiano no ND+ e para o ND, maior jornal impresso de Santa Catarina. Cursou um semestre letivo de Estudos de M\u00eddia na Universidad de Buenos Aires.\",\"url\":\"https:\/\/www.suno.com.br\/noticias\/author\/eduardo-vargas\/\"}]}<\/script>\n<!-- \/ Yoast SEO plugin. -->","yoast_head_json":{"title":"Ibovespa em queda de1% com ind\u00fastria; Eletrobras (ELET3) cai 3,7%","description":"Com reforma tribut\u00e1ria e dados da ind\u00fastria e do PIB no radar, Ibovespa vai na dire\u00e7\u00e3o contr\u00e1ria do exterior. Clique aqui e leia mais.","robots":{"index":"index","follow":"follow","max-snippet":"max-snippet:-1","max-image-preview":"max-image-preview:large","max-video-preview":"max-video-preview:-1"},"canonical":"https:\/\/www.suno.com.br\/noticias\/ibovespa-abre-queda-1-industria-eletrobras-elet3\/","og_locale":"pt_BR","og_type":"article","og_title":"Ibovespa em queda de1% com ind\u00fastria; Eletrobras (ELET3) cai 3,7%","og_description":"Com reforma tribut\u00e1ria e dados da ind\u00fastria e do PIB no radar, Ibovespa vai na dire\u00e7\u00e3o contr\u00e1ria do exterior. Clique aqui e leia mais.","og_url":"https:\/\/www.suno.com.br\/noticias\/ibovespa-abre-queda-1-industria-eletrobras-elet3\/","og_site_name":"Suno Not\u00edcias","article_publisher":"https:\/\/facebook.com\/sunoresearch","og_image":[{"width":1200,"height":800,"url":"https:\/\/files.sunoresearch.com.br\/n\/uploads\/2021\/05\/d1a6d65e-eletrobras-05-1.jpg","type":"image\/jpeg"}],"author":"Eduardo Vargas","twitter_card":"summary_large_image","twitter_creator":"@sunoresearch","twitter_site":"@sunoresearch","twitter_misc":{"Escrito por":"Eduardo Vargas","Est. tempo de leitura":"4 minutos"},"schema":{"@context":"https:\/\/schema.org","@graph":[{"@type":"NewsArticle","@id":"https:\/\/www.suno.com.br\/noticias\/ibovespa-abre-queda-1-industria-eletrobras-elet3\/#article","isPartOf":{"@id":"https:\/\/www.suno.com.br\/noticias\/ibovespa-abre-queda-1-industria-eletrobras-elet3\/"},"author":{"name":"Eduardo Vargas","@id":"https:\/\/www.suno.com.br\/noticias\/#\/schema\/person\/7f4d362bf3518e76090143ae77bb49a5"},"headline":"Ibovespa abre em queda de 1% com dados da ind\u00fastria; Eletrobras (ELET3) cai 3,7%","datePublished":"2021-09-02T13:38:16+00:00","mainEntityOfPage":{"@id":"https:\/\/www.suno.com.br\/noticias\/ibovespa-abre-queda-1-industria-eletrobras-elet3\/"},"wordCount":965,"publisher":{"@id":"https:\/\/www.suno.com.br\/noticias\/#organization"},"image":{"@id":"https:\/\/www.suno.com.br\/noticias\/ibovespa-abre-queda-1-industria-eletrobras-elet3\/#primaryimage"},"thumbnailUrl":"https:\/\/files.sunoresearch.com.br\/n\/uploads\/2021\/05\/d1a6d65e-eletrobras-05-1-jpg.webp","keywords":["BRF (BRFS3)","Especialistas","Oceanpact (OPCT3)","Petrobras (PETR4)","Taesa (TAEE11\/TAEE3\/TAEE4)"],"articleSection":["Mercado"],"inLanguage":"pt-BR"},{"@type":"WebPage","@id":"https:\/\/www.suno.com.br\/noticias\/ibovespa-abre-queda-1-industria-eletrobras-elet3\/","url":"https:\/\/www.suno.com.br\/noticias\/ibovespa-abre-queda-1-industria-eletrobras-elet3\/","name":"Ibovespa em queda de1% com ind\u00fastria; Eletrobras (ELET3) cai 3,7%","isPartOf":{"@id":"https:\/\/www.suno.com.br\/noticias\/#website"},"primaryImageOfPage":{"@id":"https:\/\/www.suno.com.br\/noticias\/ibovespa-abre-queda-1-industria-eletrobras-elet3\/#primaryimage"},"image":{"@id":"https:\/\/www.suno.com.br\/noticias\/ibovespa-abre-queda-1-industria-eletrobras-elet3\/#primaryimage"},"thumbnailUrl":"https:\/\/files.sunoresearch.com.br\/n\/uploads\/2021\/05\/d1a6d65e-eletrobras-05-1-jpg.webp","datePublished":"2021-09-02T13:38:16+00:00","description":"Com reforma tribut\u00e1ria e dados da ind\u00fastria e do PIB no radar, Ibovespa vai na dire\u00e7\u00e3o contr\u00e1ria do exterior. Clique aqui e leia mais.","breadcrumb":{"@id":"https:\/\/www.suno.com.br\/noticias\/ibovespa-abre-queda-1-industria-eletrobras-elet3\/#breadcrumb"},"inLanguage":"pt-BR","potentialAction":[{"@type":"ReadAction","target":["https:\/\/www.suno.com.br\/noticias\/ibovespa-abre-queda-1-industria-eletrobras-elet3\/"]}]},{"@type":"ImageObject","inLanguage":"pt-BR","@id":"https:\/\/www.suno.com.br\/noticias\/ibovespa-abre-queda-1-industria-eletrobras-elet3\/#primaryimage","url":"https:\/\/files.sunoresearch.com.br\/n\/uploads\/2021\/05\/d1a6d65e-eletrobras-05-1-jpg.webp","contentUrl":"https:\/\/files.sunoresearch.com.br\/n\/uploads\/2021\/05\/d1a6d65e-eletrobras-05-1-jpg.webp","width":1200,"height":800,"caption":"Funcion\u00e1rio Eletrobras (ELET3) em usina e\u00f3lica. Foto: Divulga\u00e7\u00e3o"},{"@type":"BreadcrumbList","@id":"https:\/\/www.suno.com.br\/noticias\/ibovespa-abre-queda-1-industria-eletrobras-elet3\/#breadcrumb","itemListElement":[{"@type":"ListItem","position":1,"name":"Not\u00edcias","item":"https:\/\/www.suno.com.br\/noticias\/"},{"@type":"ListItem","position":2,"name":"Mercado","item":"https:\/\/www.suno.com.br\/noticias\/mercado\/"},{"@type":"ListItem","position":3,"name":"Ibovespa abre em queda de 1% com dados da ind\u00fastria; Eletrobras (ELET3) cai 3,7%"}]},{"@type":"WebSite","@id":"https:\/\/www.suno.com.br\/noticias\/#website","url":"https:\/\/www.suno.com.br\/noticias\/","name":"Suno Not\u00edcias","description":"Seu portal de informa\u00e7\u00e3o sobre o mundo dos investimentos","publisher":{"@id":"https:\/\/www.suno.com.br\/noticias\/#organization"},"potentialAction":[{"@type":"SearchAction","target":{"@type":"EntryPoint","urlTemplate":"https:\/\/www.suno.com.br\/noticias\/?s={search_term_string}"},"query-input":{"@type":"PropertyValueSpecification","valueRequired":true,"valueName":"search_term_string"}}],"inLanguage":"pt-BR"},{"@type":"Organization","@id":"https:\/\/www.suno.com.br\/noticias\/#organization","name":"Suno Not\u00edcias","url":"https:\/\/www.suno.com.br\/noticias\/","logo":{"@type":"ImageObject","inLanguage":"pt-BR","@id":"https:\/\/www.suno.com.br\/noticias\/#\/schema\/logo\/image\/","url":"https:\/\/files.sunoresearch.com.br\/n\/uploads\/2021\/09\/suno-logo.png","contentUrl":"https:\/\/files.sunoresearch.com.br\/n\/uploads\/2021\/09\/suno-logo.png","width":180,"height":180,"caption":"Suno Not\u00edcias"},"image":{"@id":"https:\/\/www.suno.com.br\/noticias\/#\/schema\/logo\/image\/"},"sameAs":["https:\/\/facebook.com\/sunoresearch","https:\/\/x.com\/sunoresearch","https:\/\/www.instagram.com\/suno","https:\/\/www.linkedin.com\/company\/suno-research\/","https:\/\/www.youtube.com\/c\/sunoresearch"]},{"@type":"Person","@id":"https:\/\/www.suno.com.br\/noticias\/#\/schema\/person\/7f4d362bf3518e76090143ae77bb49a5","name":"Eduardo Vargas","image":{"@type":"ImageObject","inLanguage":"pt-BR","@id":"https:\/\/www.suno.com.br\/noticias\/#\/schema\/person\/image\/","url":"https:\/\/secure.gravatar.com\/avatar\/dac340933427a22924c9f99d1eb2e3f2?s=96&r=g","contentUrl":"https:\/\/secure.gravatar.com\/avatar\/dac340933427a22924c9f99d1eb2e3f2?s=96&r=g","caption":"Eduardo Vargas"},"description":"Jornalista formado pela UFSC, cobre macroeconomia, neg\u00f3cios e startups para o Suno Not\u00edcias, escrevendo principalmente not\u00edcias sobre o mercado financeiro e a bolsa de valores. No YouTube e no Instagram, \u00e9 respons\u00e1vel pela produ\u00e7\u00e3o de Reels e Shorts do Suno Not\u00edcias. Anteriormente, trabalhou cobrindo economia e cotidiano no ND+ e para o ND, maior jornal impresso de Santa Catarina. Cursou um semestre letivo de Estudos de M\u00eddia na Universidad de Buenos Aires.","url":"https:\/\/www.suno.com.br\/noticias\/author\/eduardo-vargas\/"}]}},"default_loop_html":"<div class=\"cardsPage__listCard__boxs\"><div class=\"cardsPage__listCard__boxs__img\"><a href=\"https:\/\/www.suno.com.br\/noticias\/ibovespa-abre-queda-1-industria-eletrobras-elet3\/\"><img class=\"mask\" src=\"https:\/\/www.suno.com.br\/noticias\/wp-content\/themes\/suno\/resources\/images\/spotlight\/spotlight1img\/bg-mask.png\" alt=\"Image Mask\"\/><img src=\"https:\/\/files.sunoresearch.com.br\/n\/uploads\/2021\/05\/d1a6d65e-eletrobras-05-1-400x200.webp\" alt=\"Ibovespa abre em queda de 1% com dados da ind\u00fastria; Eletrobras (ELET3) cai 3,7%\"\/><\/a><span class=\"spotlightCategory\"><a href=\"https:\/\/www.suno.com.br\/noticias\/mercado\/\">Mercado<\/a><\/span><\/div><div class=\"cardsPage__listCard__boxs__content\"><a href=\"https:\/\/www.suno.com.br\/noticias\/ibovespa-abre-queda-1-industria-eletrobras-elet3\/\"><h2 class=\"content__title\">Ibovespa abre em queda de 1% com dados da ind\u00fastria; Eletrobras (ELET3) cai 3,7%<\/h2><\/a><div class=\"newsContent__article__meta\"><div class=\"newsContent__article__meta__authorBox\"><a href=\"https:\/\/www.suno.com.br\/noticias\/author\/eduardo-vargas\/\" class=\"authorBox__avatar noMobi\"><img src=\"https:\/\/secure.gravatar.com\/avatar\/dac340933427a22924c9f99d1eb2e3f2?s=96&#038;r=g\" alt=\"Eduardo Vargas\"><\/a><div class=\"authorBox__name\"><span>por\n\t\t\t<a href=\"https:\/\/www.suno.com.br\/noticias\/author\/eduardo-vargas\/\"><span itemprop=\"author\">Eduardo Vargas<\/span><\/a><\/span><time datetime=\"2021-09-02T10:38:16-03:00\" itemprop=\"datePublished\">02\/09\/2021 10:38<\/time><\/div><\/div><\/div><\/div><\/div>","single_layout":"posts","amp_enabled":true,"_links":{"self":[{"href":"https:\/\/www.suno.com.br\/noticias\/wp-json\/wp\/v2\/posts\/180421"}],"collection":[{"href":"https:\/\/www.suno.com.br\/noticias\/wp-json\/wp\/v2\/posts"}],"about":[{"href":"https:\/\/www.suno.com.br\/noticias\/wp-json\/wp\/v2\/types\/post"}],"author":[{"embeddable":true,"href":"https:\/\/www.suno.com.br\/noticias\/wp-json\/wp\/v2\/users\/73"}],"replies":[{"embeddable":true,"href":"https:\/\/www.suno.com.br\/noticias\/wp-json\/wp\/v2\/comments?post=180421"}],"version-history":[{"count":3,"href":"https:\/\/www.suno.com.br\/noticias\/wp-json\/wp\/v2\/posts\/180421\/revisions"}],"predecessor-version":[{"id":180435,"href":"https:\/\/www.suno.com.br\/noticias\/wp-json\/wp\/v2\/posts\/180421\/revisions\/180435"}],"wp:featuredmedia":[{"embeddable":true,"href":"https:\/\/www.suno.com.br\/noticias\/wp-json\/wp\/v2\/media\/150268"}],"wp:attachment":[{"href":"https:\/\/www.suno.com.br\/noticias\/wp-json\/wp\/v2\/media?parent=180421"}],"wp:term":[{"taxonomy":"category","embeddable":true,"href":"https:\/\/www.suno.com.br\/noticias\/wp-json\/wp\/v2\/categories?post=180421"},{"taxonomy":"post_tag","embeddable":true,"href":"https:\/\/www.suno.com.br\/noticias\/wp-json\/wp\/v2\/tags?post=180421"},{"taxonomy":"suno_strategy","embeddable":true,"href":"https:\/\/www.suno.com.br\/noticias\/wp-json\/wp\/v2\/suno_strategy?post=180421"}],"curies":[{"name":"wp","href":"https:\/\/api.w.org\/{rel}","templated":true}]}}