{"id":18038,"date":"2019-03-14T17:16:20","date_gmt":"2019-03-14T20:16:20","guid":{"rendered":"https:\/\/www.suno.com.br\/noticias\/?p=18038"},"modified":"2021-06-01T22:06:55","modified_gmt":"2021-06-02T01:06:55","slug":"china-industrial-avanco-anos","status":"publish","type":"post","link":"https:\/\/www.suno.com.br\/noticias\/china-industrial-avanco-anos\/","title":{"rendered":"China: produ\u00e7\u00e3o industrial tem o menor avan\u00e7o em 17 anos"},"content":{"rendered":"<p>O crescimento da produ\u00e7\u00e3o industrial da China obteve o menor desempenho em 17 anos.<\/p>\t<div class=\"wrapper-featured-image\">\n\t\t<figure class=\"spotlightImg\">\n\n\t\t\t<picture>\n\t\t\t\t<source media=\"(max-width: 768px)\" srcset=\"https:\/\/files.sunoresearch.com.br\/n\/uploads\/2019\/01\/f52e08bd-china-400x200.webp\">\n\t\t\t\t<img loading=\"lazy\" decoding=\"async\" class=\"newsContent__article__imgCapa lazyloadDisabled newsContent__article__imgCapa--noCaption\" src=\"https:\/\/files.sunoresearch.com.br\/n\/uploads\/2019\/01\/f52e08bd-china-800x450.webp\" width=\"800\" height=\"450\" alt=\"China: produ\u00e7\u00e3o industrial tem o menor avan\u00e7o em 17 anos\" fetchpriority=high \/>\n\t\t\t<\/picture>\n\n\t\t\t<figcaption class=\"wp-caption-text wp-caption-text--hide\">Coronav\u00edrus: China corta juros e injeta US$ 14,2 bi na economia<\/figcaption>\n\t\t<\/figure>\n\t<\/div>\n\n\n<p>Al\u00e9m disso, o <strong>desemprego<\/strong> na <strong>China<\/strong> subiu, provocando alertas na economia do pa\u00eds asi\u00e1tico. A s\u00e9rie de dados foi divulgado nesta quinta-feira (14). Apesar das<strong> vendas de varejo<\/strong> terem sido fracas,\u00a0o <strong>investimento em propriedades<\/strong> cresceu, indicando que a desacelera\u00e7\u00e3o pode n\u00e3o ser t\u00e3o acentuada.<\/p>\n<p><a href=\"https:\/\/www.suno.com.br\/noticias\/ue-aprova-plano-concorrencia-desleal-chinesa\/\">Saiba mais: UE aprova plano contra concorr\u00eancia desleal da China<\/a><\/p>\n<p>A produ\u00e7\u00e3o industrial da <strong>China<\/strong> obteve eleva\u00e7\u00e3o de 5,3% em janeiro-fevereiro, taxa mais lenta desde o in\u00edcio de 2002. Os n\u00fameros s\u00e3o reflexos da <strong>baixa demanda<\/strong> no cen\u00e1rio <strong>externo<\/strong> e <strong>interno<\/strong>. A expectativa era que a <strong>expans\u00e3o industrial chinesa\u00a0<\/strong>desacelerasse de 5,5% a 5,7% em dezembro.<\/p>\n<p>O <strong>crescimento<\/strong> em 2019 deve cair para o menor n\u00edvel em 29 anos. Medidas do governo para tentar reverter a situa\u00e7\u00e3o n\u00e3o est\u00e3o fazendo o efeito esperado. Analistas acreditam que a atividade pode n\u00e3o se estabilizar de maneira convincente at\u00e9 o ano que vem.<\/p>\n<p><a href=\"https:\/\/www.suno.com.br\/noticias\/china-indonesia-proibem-voos-boeing\/\">Saiba mais: Ap\u00f3s queda, China e Indon\u00e9sia pro\u00edbem voos do Boeing 737 Max 8<\/a><\/p>\n<p>&#8220;Os dados mais recentes devem aliviar parcialmente as preocupa\u00e7\u00f5es com uma forte desacelera\u00e7\u00e3o no in\u00edcio do ano. Mas o cen\u00e1rio de curto prazo ainda parece pessimista&#8221;, informou a <strong>Capital Economics<\/strong> em nota.<\/p>\n<p>Devido o Ano Novo Lunar, a <strong>China<\/strong> junta dados de janeiro e fevereiro para amenizar as distor\u00e7\u00f5es criadas pelo feriado. De acordo com especialistas, os dados do primeiro trimestre\u00a0 ser\u00e3o mais claros para verificar a real situa\u00e7\u00e3o da economia <strong>chinesa<\/strong>. De acordo com a<strong> Ag\u00eancia Nacional\u00a0 de Estat\u00edsticas<\/strong>, sem a distor\u00e7\u00e3o sazonal, a produ\u00e7\u00e3o avan\u00e7ou 6,1%.<\/p>\n<p><a href=\"https:\/\/www.suno.com.br\/noticias\/banco-central-china-estimulos-economia-emprestimos\/\">Saiba mais: BC da China promete apoiar economia com est\u00edmulos aos empr\u00e9stimos<\/a><\/p>\n<p>Os principais \u00edndices da bolsa na <strong>China<\/strong> fecharam em baixa neste quarta (14). O \u00edndice <strong>CSI300<\/strong>, que re\u00fane as maiores companhias listadas em <strong>Xangai<\/strong> e <strong>Shenzhen<\/strong>, caiu 0,69%, enquanto o \u00edndice de Xangai teve perdas de 1,2%.<\/p>\n<h2>Desemprego na China<\/h2>\n<p>A <strong>taxa de desemprego<\/strong> no m\u00eas passado subiu de 4,9% para 5,3% em rela\u00e7\u00e3o a dezembro, disse <strong>Li Xiru<\/strong>, autoridade da ag\u00eancia de estat\u00edsticas. O corte de vagas de emprego voltadas ao exterior puxou o \u00edndice para baixo. Por\u00e9m, o n\u00famero \u00e9 menor do que o previsto pelo governo da <strong>China<\/strong>.<\/p>\n","protected":false},"excerpt":{"rendered":"<p>O crescimento da produ\u00e7\u00e3o industrial da China obteve o menor desempenho em 17 anos. Coronav\u00edrus: China corta juros e injeta US$ 14,2 bi na economia Al\u00e9m disso, o desemprego na China subiu, provocando alertas na economia do pa\u00eds asi\u00e1tico. A s\u00e9rie de dados foi divulgado nesta quinta-feira (14). Apesar das vendas de varejo terem sido [&hellip;]<\/p>\n","protected":false},"author":14,"featured_media":10361,"comment_status":"closed","ping_status":"closed","sticky":false,"template":"","format":"standard","meta":[],"categories":[64],"tags":[711,1296],"suno_strategy":[],"class_list":["post-18038","post","type-post","status-publish","format-standard","has-post-thumbnail","hentry","category-negocios","tag-china","tag-desemprego"],"yoast_head":"<!-- This site is optimized with the Yoast SEO plugin v24.4 - https:\/\/yoast.com\/wordpress\/plugins\/seo\/ -->\n<title>China: produ\u00e7\u00e3o industrial tem o menor avan\u00e7o em 17 anos<\/title>\n<meta name=\"description\" content=\"O desemprego na China subiu, provocando alertas na economia do pa\u00eds. A s\u00e9rie de dados foi divulgado nesta quinta. Clique para ler mais.\" \/>\n<meta name=\"robots\" content=\"index, follow, max-snippet:-1, max-image-preview:large, max-video-preview:-1\" \/>\n<link rel=\"canonical\" href=\"https:\/\/www.suno.com.br\/noticias\/china-industrial-avanco-anos\/\" \/>\n<meta property=\"og:locale\" content=\"pt_BR\" \/>\n<meta property=\"og:type\" content=\"article\" \/>\n<meta property=\"og:title\" content=\"China: produ\u00e7\u00e3o industrial tem o menor avan\u00e7o em 17 anos\" \/>\n<meta property=\"og:description\" content=\"O desemprego na China subiu, provocando alertas na economia do pa\u00eds. A s\u00e9rie de dados foi divulgado nesta quinta. Clique para ler mais.\" \/>\n<meta property=\"og:url\" content=\"https:\/\/www.suno.com.br\/noticias\/china-industrial-avanco-anos\/\" \/>\n<meta property=\"og:site_name\" content=\"Suno Not\u00edcias\" \/>\n<meta property=\"article:publisher\" content=\"https:\/\/facebook.com\/sunoresearch\" \/>\n<meta property=\"og:image\" content=\"https:\/\/files.sunoresearch.com.br\/n\/uploads\/2019\/01\/f52e08bd-china.jpg\" \/>\n\t<meta property=\"og:image:width\" content=\"1024\" \/>\n\t<meta property=\"og:image:height\" content=\"768\" \/>\n\t<meta property=\"og:image:type\" content=\"image\/jpeg\" \/>\n<meta name=\"author\" content=\"Renan Dantas\" \/>\n<meta name=\"twitter:card\" content=\"summary_large_image\" \/>\n<meta name=\"twitter:creator\" content=\"@sunoresearch\" \/>\n<meta name=\"twitter:site\" content=\"@sunoresearch\" \/>\n<meta name=\"twitter:label1\" content=\"Escrito por\" \/>\n\t<meta name=\"twitter:data1\" content=\"Renan Dantas\" \/>\n\t<meta name=\"twitter:label2\" content=\"Est. tempo de leitura\" \/>\n\t<meta name=\"twitter:data2\" content=\"2 minutos\" \/>\n<script type=\"application\/ld+json\" class=\"yoast-schema-graph\">{\"@context\":\"https:\/\/schema.org\",\"@graph\":[{\"@type\":\"NewsArticle\",\"@id\":\"https:\/\/www.suno.com.br\/noticias\/china-industrial-avanco-anos\/#article\",\"isPartOf\":{\"@id\":\"https:\/\/www.suno.com.br\/noticias\/china-industrial-avanco-anos\/\"},\"author\":{\"name\":\"Renan Dantas\",\"@id\":\"https:\/\/www.suno.com.br\/noticias\/#\/schema\/person\/3f7693d5795a3f6d5ce15309ee785699\"},\"headline\":\"China: produ\u00e7\u00e3o industrial tem o menor avan\u00e7o em 17 anos\",\"datePublished\":\"2019-03-14T20:16:20+00:00\",\"dateModified\":\"2021-06-02T01:06:55+00:00\",\"mainEntityOfPage\":{\"@id\":\"https:\/\/www.suno.com.br\/noticias\/china-industrial-avanco-anos\/\"},\"wordCount\":403,\"publisher\":{\"@id\":\"https:\/\/www.suno.com.br\/noticias\/#organization\"},\"image\":{\"@id\":\"https:\/\/www.suno.com.br\/noticias\/china-industrial-avanco-anos\/#primaryimage\"},\"thumbnailUrl\":\"https:\/\/files.sunoresearch.com.br\/n\/uploads\/2019\/01\/f52e08bd-china-jpg.webp\",\"keywords\":[\"China\",\"Desemprego\"],\"articleSection\":[\"Neg\u00f3cios\"],\"inLanguage\":\"pt-BR\"},{\"@type\":\"WebPage\",\"@id\":\"https:\/\/www.suno.com.br\/noticias\/china-industrial-avanco-anos\/\",\"url\":\"https:\/\/www.suno.com.br\/noticias\/china-industrial-avanco-anos\/\",\"name\":\"China: produ\u00e7\u00e3o industrial tem o menor avan\u00e7o em 17 anos\",\"isPartOf\":{\"@id\":\"https:\/\/www.suno.com.br\/noticias\/#website\"},\"primaryImageOfPage\":{\"@id\":\"https:\/\/www.suno.com.br\/noticias\/china-industrial-avanco-anos\/#primaryimage\"},\"image\":{\"@id\":\"https:\/\/www.suno.com.br\/noticias\/china-industrial-avanco-anos\/#primaryimage\"},\"thumbnailUrl\":\"https:\/\/files.sunoresearch.com.br\/n\/uploads\/2019\/01\/f52e08bd-china-jpg.webp\",\"datePublished\":\"2019-03-14T20:16:20+00:00\",\"dateModified\":\"2021-06-02T01:06:55+00:00\",\"description\":\"O desemprego na China subiu, provocando alertas na economia do pa\u00eds. A s\u00e9rie de dados foi divulgado nesta quinta. Clique para ler mais.\",\"breadcrumb\":{\"@id\":\"https:\/\/www.suno.com.br\/noticias\/china-industrial-avanco-anos\/#breadcrumb\"},\"inLanguage\":\"pt-BR\",\"potentialAction\":[{\"@type\":\"ReadAction\",\"target\":[\"https:\/\/www.suno.com.br\/noticias\/china-industrial-avanco-anos\/\"]}]},{\"@type\":\"ImageObject\",\"inLanguage\":\"pt-BR\",\"@id\":\"https:\/\/www.suno.com.br\/noticias\/china-industrial-avanco-anos\/#primaryimage\",\"url\":\"https:\/\/files.sunoresearch.com.br\/n\/uploads\/2019\/01\/f52e08bd-china-jpg.webp\",\"contentUrl\":\"https:\/\/files.sunoresearch.com.br\/n\/uploads\/2019\/01\/f52e08bd-china-jpg.webp\",\"width\":1024,\"height\":768,\"caption\":\"Coronav\u00edrus: China corta juros e injeta US$ 14,2 bi na economia\"},{\"@type\":\"BreadcrumbList\",\"@id\":\"https:\/\/www.suno.com.br\/noticias\/china-industrial-avanco-anos\/#breadcrumb\",\"itemListElement\":[{\"@type\":\"ListItem\",\"position\":1,\"name\":\"Not\u00edcias\",\"item\":\"https:\/\/www.suno.com.br\/noticias\/\"},{\"@type\":\"ListItem\",\"position\":2,\"name\":\"Neg\u00f3cios\",\"item\":\"https:\/\/www.suno.com.br\/noticias\/negocios\/\"},{\"@type\":\"ListItem\",\"position\":3,\"name\":\"China: produ\u00e7\u00e3o industrial tem o menor avan\u00e7o em 17 anos\"}]},{\"@type\":\"WebSite\",\"@id\":\"https:\/\/www.suno.com.br\/noticias\/#website\",\"url\":\"https:\/\/www.suno.com.br\/noticias\/\",\"name\":\"Suno Not\u00edcias\",\"description\":\"Seu portal de informa\u00e7\u00e3o sobre o mundo dos investimentos\",\"publisher\":{\"@id\":\"https:\/\/www.suno.com.br\/noticias\/#organization\"},\"potentialAction\":[{\"@type\":\"SearchAction\",\"target\":{\"@type\":\"EntryPoint\",\"urlTemplate\":\"https:\/\/www.suno.com.br\/noticias\/?s={search_term_string}\"},\"query-input\":{\"@type\":\"PropertyValueSpecification\",\"valueRequired\":true,\"valueName\":\"search_term_string\"}}],\"inLanguage\":\"pt-BR\"},{\"@type\":\"Organization\",\"@id\":\"https:\/\/www.suno.com.br\/noticias\/#organization\",\"name\":\"Suno Not\u00edcias\",\"url\":\"https:\/\/www.suno.com.br\/noticias\/\",\"logo\":{\"@type\":\"ImageObject\",\"inLanguage\":\"pt-BR\",\"@id\":\"https:\/\/www.suno.com.br\/noticias\/#\/schema\/logo\/image\/\",\"url\":\"https:\/\/files.sunoresearch.com.br\/n\/uploads\/2021\/09\/suno-logo.png\",\"contentUrl\":\"https:\/\/files.sunoresearch.com.br\/n\/uploads\/2021\/09\/suno-logo.png\",\"width\":180,\"height\":180,\"caption\":\"Suno Not\u00edcias\"},\"image\":{\"@id\":\"https:\/\/www.suno.com.br\/noticias\/#\/schema\/logo\/image\/\"},\"sameAs\":[\"https:\/\/facebook.com\/sunoresearch\",\"https:\/\/x.com\/sunoresearch\",\"https:\/\/www.instagram.com\/suno\",\"https:\/\/www.linkedin.com\/company\/suno-research\/\",\"https:\/\/www.youtube.com\/c\/sunoresearch\"]},{\"@type\":\"Person\",\"@id\":\"https:\/\/www.suno.com.br\/noticias\/#\/schema\/person\/3f7693d5795a3f6d5ce15309ee785699\",\"name\":\"Renan Dantas\",\"image\":{\"@type\":\"ImageObject\",\"inLanguage\":\"pt-BR\",\"@id\":\"https:\/\/www.suno.com.br\/noticias\/#\/schema\/person\/image\/\",\"url\":\"https:\/\/secure.gravatar.com\/avatar\/1787b83e7484a08e51d62ac8b41c8396?s=96&r=g\",\"contentUrl\":\"https:\/\/secure.gravatar.com\/avatar\/1787b83e7484a08e51d62ac8b41c8396?s=96&r=g\",\"caption\":\"Renan Dantas\"},\"description\":\"Escreve sobre pol\u00edtica e mercado financeiro para o portal Suno Not\u00edcias. Antes, atuou na assessoria de comunica\u00e7\u00e3o do Minist\u00e9rio P\u00fablico do Trabalho e na R\u00e1dio Mackenzie, onde apresentava e produzia um programa sobre artistas da m\u00fasica brasileira. \u00c9 estudante na Universidade Presbiteriana Mackenzie.\",\"url\":\"https:\/\/www.suno.com.br\/noticias\/author\/renan-dantas\/\"}]}<\/script>\n<!-- \/ Yoast SEO plugin. -->","yoast_head_json":{"title":"China: produ\u00e7\u00e3o industrial tem o menor avan\u00e7o em 17 anos","description":"O desemprego na China subiu, provocando alertas na economia do pa\u00eds. A s\u00e9rie de dados foi divulgado nesta quinta. Clique para ler mais.","robots":{"index":"index","follow":"follow","max-snippet":"max-snippet:-1","max-image-preview":"max-image-preview:large","max-video-preview":"max-video-preview:-1"},"canonical":"https:\/\/www.suno.com.br\/noticias\/china-industrial-avanco-anos\/","og_locale":"pt_BR","og_type":"article","og_title":"China: produ\u00e7\u00e3o industrial tem o menor avan\u00e7o em 17 anos","og_description":"O desemprego na China subiu, provocando alertas na economia do pa\u00eds. A s\u00e9rie de dados foi divulgado nesta quinta. Clique para ler mais.","og_url":"https:\/\/www.suno.com.br\/noticias\/china-industrial-avanco-anos\/","og_site_name":"Suno Not\u00edcias","article_publisher":"https:\/\/facebook.com\/sunoresearch","og_image":[{"width":1024,"height":768,"url":"https:\/\/files.sunoresearch.com.br\/n\/uploads\/2019\/01\/f52e08bd-china.jpg","type":"image\/jpeg"}],"author":"Renan Dantas","twitter_card":"summary_large_image","twitter_creator":"@sunoresearch","twitter_site":"@sunoresearch","twitter_misc":{"Escrito por":"Renan Dantas","Est. tempo de leitura":"2 minutos"},"schema":{"@context":"https:\/\/schema.org","@graph":[{"@type":"NewsArticle","@id":"https:\/\/www.suno.com.br\/noticias\/china-industrial-avanco-anos\/#article","isPartOf":{"@id":"https:\/\/www.suno.com.br\/noticias\/china-industrial-avanco-anos\/"},"author":{"name":"Renan Dantas","@id":"https:\/\/www.suno.com.br\/noticias\/#\/schema\/person\/3f7693d5795a3f6d5ce15309ee785699"},"headline":"China: produ\u00e7\u00e3o industrial tem o menor avan\u00e7o em 17 anos","datePublished":"2019-03-14T20:16:20+00:00","dateModified":"2021-06-02T01:06:55+00:00","mainEntityOfPage":{"@id":"https:\/\/www.suno.com.br\/noticias\/china-industrial-avanco-anos\/"},"wordCount":403,"publisher":{"@id":"https:\/\/www.suno.com.br\/noticias\/#organization"},"image":{"@id":"https:\/\/www.suno.com.br\/noticias\/china-industrial-avanco-anos\/#primaryimage"},"thumbnailUrl":"https:\/\/files.sunoresearch.com.br\/n\/uploads\/2019\/01\/f52e08bd-china-jpg.webp","keywords":["China","Desemprego"],"articleSection":["Neg\u00f3cios"],"inLanguage":"pt-BR"},{"@type":"WebPage","@id":"https:\/\/www.suno.com.br\/noticias\/china-industrial-avanco-anos\/","url":"https:\/\/www.suno.com.br\/noticias\/china-industrial-avanco-anos\/","name":"China: produ\u00e7\u00e3o industrial tem o menor avan\u00e7o em 17 anos","isPartOf":{"@id":"https:\/\/www.suno.com.br\/noticias\/#website"},"primaryImageOfPage":{"@id":"https:\/\/www.suno.com.br\/noticias\/china-industrial-avanco-anos\/#primaryimage"},"image":{"@id":"https:\/\/www.suno.com.br\/noticias\/china-industrial-avanco-anos\/#primaryimage"},"thumbnailUrl":"https:\/\/files.sunoresearch.com.br\/n\/uploads\/2019\/01\/f52e08bd-china-jpg.webp","datePublished":"2019-03-14T20:16:20+00:00","dateModified":"2021-06-02T01:06:55+00:00","description":"O desemprego na China subiu, provocando alertas na economia do pa\u00eds. A s\u00e9rie de dados foi divulgado nesta quinta. Clique para ler mais.","breadcrumb":{"@id":"https:\/\/www.suno.com.br\/noticias\/china-industrial-avanco-anos\/#breadcrumb"},"inLanguage":"pt-BR","potentialAction":[{"@type":"ReadAction","target":["https:\/\/www.suno.com.br\/noticias\/china-industrial-avanco-anos\/"]}]},{"@type":"ImageObject","inLanguage":"pt-BR","@id":"https:\/\/www.suno.com.br\/noticias\/china-industrial-avanco-anos\/#primaryimage","url":"https:\/\/files.sunoresearch.com.br\/n\/uploads\/2019\/01\/f52e08bd-china-jpg.webp","contentUrl":"https:\/\/files.sunoresearch.com.br\/n\/uploads\/2019\/01\/f52e08bd-china-jpg.webp","width":1024,"height":768,"caption":"Coronav\u00edrus: China corta juros e injeta US$ 14,2 bi na economia"},{"@type":"BreadcrumbList","@id":"https:\/\/www.suno.com.br\/noticias\/china-industrial-avanco-anos\/#breadcrumb","itemListElement":[{"@type":"ListItem","position":1,"name":"Not\u00edcias","item":"https:\/\/www.suno.com.br\/noticias\/"},{"@type":"ListItem","position":2,"name":"Neg\u00f3cios","item":"https:\/\/www.suno.com.br\/noticias\/negocios\/"},{"@type":"ListItem","position":3,"name":"China: produ\u00e7\u00e3o industrial tem o menor avan\u00e7o em 17 anos"}]},{"@type":"WebSite","@id":"https:\/\/www.suno.com.br\/noticias\/#website","url":"https:\/\/www.suno.com.br\/noticias\/","name":"Suno Not\u00edcias","description":"Seu portal de informa\u00e7\u00e3o sobre o mundo dos investimentos","publisher":{"@id":"https:\/\/www.suno.com.br\/noticias\/#organization"},"potentialAction":[{"@type":"SearchAction","target":{"@type":"EntryPoint","urlTemplate":"https:\/\/www.suno.com.br\/noticias\/?s={search_term_string}"},"query-input":{"@type":"PropertyValueSpecification","valueRequired":true,"valueName":"search_term_string"}}],"inLanguage":"pt-BR"},{"@type":"Organization","@id":"https:\/\/www.suno.com.br\/noticias\/#organization","name":"Suno Not\u00edcias","url":"https:\/\/www.suno.com.br\/noticias\/","logo":{"@type":"ImageObject","inLanguage":"pt-BR","@id":"https:\/\/www.suno.com.br\/noticias\/#\/schema\/logo\/image\/","url":"https:\/\/files.sunoresearch.com.br\/n\/uploads\/2021\/09\/suno-logo.png","contentUrl":"https:\/\/files.sunoresearch.com.br\/n\/uploads\/2021\/09\/suno-logo.png","width":180,"height":180,"caption":"Suno Not\u00edcias"},"image":{"@id":"https:\/\/www.suno.com.br\/noticias\/#\/schema\/logo\/image\/"},"sameAs":["https:\/\/facebook.com\/sunoresearch","https:\/\/x.com\/sunoresearch","https:\/\/www.instagram.com\/suno","https:\/\/www.linkedin.com\/company\/suno-research\/","https:\/\/www.youtube.com\/c\/sunoresearch"]},{"@type":"Person","@id":"https:\/\/www.suno.com.br\/noticias\/#\/schema\/person\/3f7693d5795a3f6d5ce15309ee785699","name":"Renan Dantas","image":{"@type":"ImageObject","inLanguage":"pt-BR","@id":"https:\/\/www.suno.com.br\/noticias\/#\/schema\/person\/image\/","url":"https:\/\/secure.gravatar.com\/avatar\/1787b83e7484a08e51d62ac8b41c8396?s=96&r=g","contentUrl":"https:\/\/secure.gravatar.com\/avatar\/1787b83e7484a08e51d62ac8b41c8396?s=96&r=g","caption":"Renan Dantas"},"description":"Escreve sobre pol\u00edtica e mercado financeiro para o portal Suno Not\u00edcias. Antes, atuou na assessoria de comunica\u00e7\u00e3o do Minist\u00e9rio P\u00fablico do Trabalho e na R\u00e1dio Mackenzie, onde apresentava e produzia um programa sobre artistas da m\u00fasica brasileira. \u00c9 estudante na Universidade Presbiteriana Mackenzie.","url":"https:\/\/www.suno.com.br\/noticias\/author\/renan-dantas\/"}]}},"default_loop_html":"<div class=\"cardsPage__listCard__boxs\"><div class=\"cardsPage__listCard__boxs__img\"><a href=\"https:\/\/www.suno.com.br\/noticias\/china-industrial-avanco-anos\/\"><img class=\"mask\" src=\"https:\/\/www.suno.com.br\/noticias\/wp-content\/themes\/suno\/resources\/images\/spotlight\/spotlight1img\/bg-mask.png\" alt=\"Image Mask\"\/><img src=\"https:\/\/files.sunoresearch.com.br\/n\/uploads\/2019\/01\/f52e08bd-china-400x200.webp\" alt=\"China: produ\u00e7\u00e3o industrial tem o menor avan\u00e7o em 17 anos\"\/><\/a><span class=\"spotlightCategory\"><a href=\"https:\/\/www.suno.com.br\/noticias\/negocios\/\">Neg\u00f3cios<\/a><\/span><\/div><div class=\"cardsPage__listCard__boxs__content\"><a href=\"https:\/\/www.suno.com.br\/noticias\/china-industrial-avanco-anos\/\"><h2 class=\"content__title\">China: produ\u00e7\u00e3o industrial tem o menor avan\u00e7o em 17 anos<\/h2><\/a><div class=\"newsContent__article__meta\"><div class=\"newsContent__article__meta__authorBox\"><a href=\"https:\/\/www.suno.com.br\/noticias\/author\/renan-dantas\/\" class=\"authorBox__avatar noMobi\"><img src=\"https:\/\/secure.gravatar.com\/avatar\/1787b83e7484a08e51d62ac8b41c8396?s=96&#038;r=g\" alt=\"Renan Dantas\"><\/a><div class=\"authorBox__name\"><span>por\n\t\t\t<a href=\"https:\/\/www.suno.com.br\/noticias\/author\/renan-dantas\/\"><span itemprop=\"author\">Renan Dantas<\/span><\/a><\/span><time datetime=\"2019-03-14T17:16:20-03:00\" itemprop=\"datePublished\">14\/03\/2019 17:16<\/time><\/div><\/div><\/div><\/div><\/div>","single_layout":"posts","amp_enabled":true,"_links":{"self":[{"href":"https:\/\/www.suno.com.br\/noticias\/wp-json\/wp\/v2\/posts\/18038"}],"collection":[{"href":"https:\/\/www.suno.com.br\/noticias\/wp-json\/wp\/v2\/posts"}],"about":[{"href":"https:\/\/www.suno.com.br\/noticias\/wp-json\/wp\/v2\/types\/post"}],"author":[{"embeddable":true,"href":"https:\/\/www.suno.com.br\/noticias\/wp-json\/wp\/v2\/users\/14"}],"replies":[{"embeddable":true,"href":"https:\/\/www.suno.com.br\/noticias\/wp-json\/wp\/v2\/comments?post=18038"}],"version-history":[{"count":1,"href":"https:\/\/www.suno.com.br\/noticias\/wp-json\/wp\/v2\/posts\/18038\/revisions"}],"predecessor-version":[{"id":153939,"href":"https:\/\/www.suno.com.br\/noticias\/wp-json\/wp\/v2\/posts\/18038\/revisions\/153939"}],"wp:featuredmedia":[{"embeddable":true,"href":"https:\/\/www.suno.com.br\/noticias\/wp-json\/wp\/v2\/media\/10361"}],"wp:attachment":[{"href":"https:\/\/www.suno.com.br\/noticias\/wp-json\/wp\/v2\/media?parent=18038"}],"wp:term":[{"taxonomy":"category","embeddable":true,"href":"https:\/\/www.suno.com.br\/noticias\/wp-json\/wp\/v2\/categories?post=18038"},{"taxonomy":"post_tag","embeddable":true,"href":"https:\/\/www.suno.com.br\/noticias\/wp-json\/wp\/v2\/tags?post=18038"},{"taxonomy":"suno_strategy","embeddable":true,"href":"https:\/\/www.suno.com.br\/noticias\/wp-json\/wp\/v2\/suno_strategy?post=18038"}],"curies":[{"name":"wp","href":"https:\/\/api.w.org\/{rel}","templated":true}]}}