{"id":18028,"date":"2019-03-14T16:06:51","date_gmt":"2019-03-14T19:06:51","guid":{"rendered":"https:\/\/www.suno.com.br\/noticias\/?p=18028"},"modified":"2019-03-14T16:06:51","modified_gmt":"2019-03-14T19:06:51","slug":"adiamento-brexit-nova-data-30-junho","status":"publish","type":"post","link":"https:\/\/www.suno.com.br\/noticias\/adiamento-brexit-nova-data-30-junho\/","title":{"rendered":"Adiamento do Brexit \u00e9 aprovado; nova data pode ser 30 de junho"},"content":{"rendered":"<p>O<strong> Parlamento brit\u00e2nico<\/strong> votou a <strong>favor<\/strong> da proposta da primeira-ministra <strong>Theresa May<\/strong>, de pedir \u00e0 <a href=\"https:\/\/www.suno.com.br\/artigos\/uniao-europeia\/\">Uni\u00e3o Europeia<\/a> (UE) pelo <strong>adiamento<\/strong> da data do Brexit, prevista, por ora, para 29 de mar\u00e7o. A nova data pode ser 30 de junho.<\/p>\t<div class=\"wrapper-featured-image\">\n\t\t<figure class=\"spotlightImg\">\n\n\t\t\t<picture>\n\t\t\t\t<source media=\"(max-width: 768px)\" srcset=\"https:\/\/files.sunoresearch.com.br\/n\/uploads\/2019\/03\/12b246c4-brexit4-400x200.webp\">\n\t\t\t\t<img loading=\"lazy\" decoding=\"async\" class=\"newsContent__article__imgCapa lazyloadDisabled newsContent__article__imgCapa--noCaption\" src=\"https:\/\/files.sunoresearch.com.br\/n\/uploads\/2019\/03\/12b246c4-brexit4-800x450.webp\" width=\"800\" height=\"450\" alt=\"Adiamento do Brexit \u00e9 aprovado; nova data pode ser 30 de junho\" fetchpriority=high \/>\n\t\t\t<\/picture>\n\n\t\t\t<figcaption class=\"wp-caption-text wp-caption-text--hide\">Brexit: o que fazer para trabalhar ou estudar em Londres?<\/figcaption>\n\t\t<\/figure>\n\t<\/div>\n\n\n<p>Foram <strong>412 votos a 202<\/strong>, que decidiram pelo <strong>adiamento<\/strong> da data da sa\u00edda do <strong>Reino Unido<\/strong> do <a href=\"https:\/\/www.suno.com.br\/artigos\/blocos-economicos\/\">bloco econ\u00f4mico<\/a> <strong>Uni\u00e3o Europeia<\/strong>. O <strong>Brexit<\/strong> poder\u00e1 ser postergado para <strong>30 de junho<\/strong>, caso Bruxelas concorde com o pedido da <strong>primeira-ministra<\/strong>.<\/p>\n<p>Contudo, a data pode sofrer altera\u00e7\u00f5es, caso os parlamentares desenvolvam <strong>alguma vers\u00e3o do acordo<\/strong> de separa\u00e7\u00e3o at\u00e9 a pr\u00f3xima quarta-feira (20). A data \u00e9 v\u00e9spera de uma c\u00fapula, na qual os l\u00edderes europeus v\u00e3o deliberar sobre o pedido de <strong>Londres<\/strong>.<\/p>\n<p>A <strong>decis\u00e3o<\/strong> da UE deve ser <strong>un\u00e2nime<\/strong>. Assim, fora o Reino Unido, <strong>27 pa\u00edses<\/strong> devem concordar com o pedido da<strong> primeira-ministra<\/strong>.<\/p>\n<p>De acordo com a &#8220;Folha de S. Paulo&#8221;, nos \u00faltimos dias, diversos chefes de Estado e de governo, do continente europeu, sinalizaram que <strong>Theresa May<\/strong> deveria apresentar <strong>justificativa plaus\u00edvel<\/strong> para a solicita\u00e7\u00e3o de <strong>adiamento<\/strong> do <strong>Brexit<\/strong>. Ou seja, o sinal verde da Europa ao adiamento <strong>n\u00e3o seria mera formalidade<\/strong>.<\/p>\n<p><a href=\"https:\/\/www.suno.com.br\/noticias\/brexit-parlamento-britanico-vota-contra-convocacao-de-novo-referendo\/\">Saiba mais &#8211;\u00a0Brexit: Parlamento brit\u00e2nico vota contra convoca\u00e7\u00e3o de novo referendo<\/a><\/p>\n<h2>Sem novo referendo<\/h2>\n<p>O <strong>Parlamento brit\u00e2nico<\/strong> votou contra um <strong>novo referendo<\/strong> sobre o Brexit. A proposta de um novo pleito estava em uma <strong>emenda<\/strong> rejeitada mais cedo, nesta quinta-feira (14) por Westminster.<\/p>\n<p>Com <strong>85 votos a favor e 334 contra<\/strong>, o texto chamado de <strong>&#8220;Emenda H&#8221;<\/strong> foi rejeitado pela C\u00e2mara dos Comuns. A emenda, apresentada pela deputada <strong>Sarah Wollaston<\/strong>, previa um adiamento do <strong>Brexit<\/strong> suficientemente longo para permitir a convoca\u00e7\u00e3o de um novo referendo.<\/p>\n<p>A <strong>emenda<\/strong> foi apresentada sobre a mo\u00e7\u00e3o da primeira-ministra brit\u00e2nica, <strong>Theresa May<\/strong>, que prev\u00ea o adiamento da sa\u00edda do <strong>Reino Unido da Uni\u00e3o Europeia<\/strong> (UE). Segundo os tratados europeus, <strong>Londres<\/strong> dever\u00e1 deixar o bloco no dia 29 de mar\u00e7o. Entretanto, o <strong>governo brit\u00e2nico<\/strong> quer mais tempo para negociar um acordo de sa\u00edda.<\/p>\n<p>A hip\u00f3tese de um<strong> novo referendo<\/strong> foi rejeitada tamb\u00e9m gra\u00e7as a absten\u00e7\u00e3o de massa do <strong>Partido Trabalhista<\/strong>. A esquerda brit\u00e2nica n\u00e3o \u00e9 contr\u00e1ria a um <strong>novo pleito<\/strong>, mas se disse c\u00e9ptica sobre o calend\u00e1rio do eventual voto.<\/p>\n<p><a href=\"https:\/\/www.suno.com.br\/noticias\/brexit-o-que-acontece-agora\/\">Saiba mais &#8211;\u00a0Brexit: o que acontece agora?<\/a><\/p>\n<h2>Sem Brexit sem acordo<\/h2>\n<p>O Parlamento brit\u00e2nico rejeitou <a href=\"https:\/\/www.suno.com.br\/artigos\/morning-call-inflacao-pib-e-brexit\/\">nesta quarta (13)<\/a> a possibilidade de o Reino Unido realizar a sa\u00edda da Uni\u00e3o Europeia, o Brexit, sem acordo em 29 de mar\u00e7o.<\/p>\n<p>A emenda apresentada por <strong>Caroline Spelman,<\/strong> que rejeita a possibilidade de uma <strong>sa\u00edda do bloco<\/strong> sem acordo &#8220;a qualquer momento e sob qualquer circunst\u00e2ncia&#8221; &#8211; o &#8220;no deal&#8221;, foi aprovada por 312 e 308 votos. A premi\u00ea <strong>Theresa May<\/strong> considerava essa op\u00e7\u00e3o na sua lista de alternativas para o <strong>Brexit.<\/strong><\/p>\n","protected":false},"excerpt":{"rendered":"<p>O Parlamento brit\u00e2nico votou a favor da proposta da primeira-ministra Theresa May, de pedir \u00e0 Uni\u00e3o Europeia (UE) pelo adiamento da data do Brexit, prevista, por ora, para 29 de mar\u00e7o. A nova data pode ser 30 de junho. Brexit: o que fazer para trabalhar ou estudar em Londres? Foram 412 votos a 202, que [&hellip;]<\/p>\n","protected":false},"author":12,"featured_media":17793,"comment_status":"closed","ping_status":"closed","sticky":false,"template":"","format":"standard","meta":[],"categories":[63],"tags":[753,730,853,731],"suno_strategy":[],"class_list":["post-18028","post","type-post","status-publish","format-standard","has-post-thumbnail","hentry","category-internacional","tag-brexit","tag-reino-unido","tag-theresa-may","tag-uniao-europeia"],"yoast_head":"<!-- This site is optimized with the Yoast SEO plugin v24.4 - https:\/\/yoast.com\/wordpress\/plugins\/seo\/ -->\n<title>Adiamento do Brexit \u00e9 aprovado; nova data pode ser 30 de junho<\/title>\n<meta name=\"description\" content=\"O Parlamento brit\u00e2nico votou a favor da proposta de Theresa May, de pedir \u00e0 UE pelo adiamento da data do Brexit. Clique para saber mais.\" \/>\n<meta name=\"robots\" content=\"index, follow, max-snippet:-1, max-image-preview:large, max-video-preview:-1\" \/>\n<link rel=\"canonical\" href=\"https:\/\/www.suno.com.br\/noticias\/adiamento-brexit-nova-data-30-junho\/\" \/>\n<meta property=\"og:locale\" content=\"pt_BR\" \/>\n<meta property=\"og:type\" content=\"article\" \/>\n<meta property=\"og:title\" content=\"Adiamento do Brexit \u00e9 aprovado; nova data pode ser 30 de junho\" \/>\n<meta property=\"og:description\" content=\"O Parlamento brit\u00e2nico votou a favor da proposta de Theresa May, de pedir \u00e0 UE pelo adiamento da data do Brexit. Clique para saber mais.\" \/>\n<meta property=\"og:url\" content=\"https:\/\/www.suno.com.br\/noticias\/adiamento-brexit-nova-data-30-junho\/\" \/>\n<meta property=\"og:site_name\" content=\"Suno Not\u00edcias\" \/>\n<meta property=\"article:publisher\" content=\"https:\/\/facebook.com\/sunoresearch\" \/>\n<meta property=\"og:image\" content=\"https:\/\/files.sunoresearch.com.br\/n\/uploads\/2019\/03\/12b246c4-brexit4.jpg\" \/>\n\t<meta property=\"og:image:width\" content=\"1200\" \/>\n\t<meta property=\"og:image:height\" content=\"795\" \/>\n\t<meta property=\"og:image:type\" content=\"image\/jpeg\" \/>\n<meta name=\"author\" content=\"Amanda Gushiken\" \/>\n<meta name=\"twitter:card\" content=\"summary_large_image\" \/>\n<meta name=\"twitter:creator\" content=\"@sunoresearch\" \/>\n<meta name=\"twitter:site\" content=\"@sunoresearch\" \/>\n<meta name=\"twitter:label1\" content=\"Escrito por\" \/>\n\t<meta name=\"twitter:data1\" content=\"Amanda Gushiken\" \/>\n\t<meta name=\"twitter:label2\" content=\"Est. tempo de leitura\" \/>\n\t<meta name=\"twitter:data2\" content=\"2 minutos\" \/>\n<script type=\"application\/ld+json\" class=\"yoast-schema-graph\">{\"@context\":\"https:\/\/schema.org\",\"@graph\":[{\"@type\":\"NewsArticle\",\"@id\":\"https:\/\/www.suno.com.br\/noticias\/adiamento-brexit-nova-data-30-junho\/#article\",\"isPartOf\":{\"@id\":\"https:\/\/www.suno.com.br\/noticias\/adiamento-brexit-nova-data-30-junho\/\"},\"author\":{\"name\":\"Amanda Gushiken\",\"@id\":\"https:\/\/www.suno.com.br\/noticias\/#\/schema\/person\/a5b06fa4e879d8e8e119c6ed3cd630d1\"},\"headline\":\"Adiamento do Brexit \u00e9 aprovado; nova data pode ser 30 de junho\",\"datePublished\":\"2019-03-14T19:06:51+00:00\",\"mainEntityOfPage\":{\"@id\":\"https:\/\/www.suno.com.br\/noticias\/adiamento-brexit-nova-data-30-junho\/\"},\"wordCount\":491,\"publisher\":{\"@id\":\"https:\/\/www.suno.com.br\/noticias\/#organization\"},\"image\":{\"@id\":\"https:\/\/www.suno.com.br\/noticias\/adiamento-brexit-nova-data-30-junho\/#primaryimage\"},\"thumbnailUrl\":\"https:\/\/files.sunoresearch.com.br\/n\/uploads\/2019\/03\/12b246c4-brexit4-jpg.webp\",\"keywords\":[\"Brexit\",\"Reino Unido\",\"Theresa May\",\"Uni\u00e3o Europeia\"],\"articleSection\":[\"Internacional\"],\"inLanguage\":\"pt-BR\"},{\"@type\":\"WebPage\",\"@id\":\"https:\/\/www.suno.com.br\/noticias\/adiamento-brexit-nova-data-30-junho\/\",\"url\":\"https:\/\/www.suno.com.br\/noticias\/adiamento-brexit-nova-data-30-junho\/\",\"name\":\"Adiamento do Brexit \u00e9 aprovado; nova data pode ser 30 de junho\",\"isPartOf\":{\"@id\":\"https:\/\/www.suno.com.br\/noticias\/#website\"},\"primaryImageOfPage\":{\"@id\":\"https:\/\/www.suno.com.br\/noticias\/adiamento-brexit-nova-data-30-junho\/#primaryimage\"},\"image\":{\"@id\":\"https:\/\/www.suno.com.br\/noticias\/adiamento-brexit-nova-data-30-junho\/#primaryimage\"},\"thumbnailUrl\":\"https:\/\/files.sunoresearch.com.br\/n\/uploads\/2019\/03\/12b246c4-brexit4-jpg.webp\",\"datePublished\":\"2019-03-14T19:06:51+00:00\",\"description\":\"O Parlamento brit\u00e2nico votou a favor da proposta de Theresa May, de pedir \u00e0 UE pelo adiamento da data do Brexit. Clique para saber mais.\",\"breadcrumb\":{\"@id\":\"https:\/\/www.suno.com.br\/noticias\/adiamento-brexit-nova-data-30-junho\/#breadcrumb\"},\"inLanguage\":\"pt-BR\",\"potentialAction\":[{\"@type\":\"ReadAction\",\"target\":[\"https:\/\/www.suno.com.br\/noticias\/adiamento-brexit-nova-data-30-junho\/\"]}]},{\"@type\":\"ImageObject\",\"inLanguage\":\"pt-BR\",\"@id\":\"https:\/\/www.suno.com.br\/noticias\/adiamento-brexit-nova-data-30-junho\/#primaryimage\",\"url\":\"https:\/\/files.sunoresearch.com.br\/n\/uploads\/2019\/03\/12b246c4-brexit4-jpg.webp\",\"contentUrl\":\"https:\/\/files.sunoresearch.com.br\/n\/uploads\/2019\/03\/12b246c4-brexit4-jpg.webp\",\"width\":1200,\"height\":795,\"caption\":\"Brexit: o que fazer para trabalhar ou estudar em Londres?\"},{\"@type\":\"BreadcrumbList\",\"@id\":\"https:\/\/www.suno.com.br\/noticias\/adiamento-brexit-nova-data-30-junho\/#breadcrumb\",\"itemListElement\":[{\"@type\":\"ListItem\",\"position\":1,\"name\":\"Not\u00edcias\",\"item\":\"https:\/\/www.suno.com.br\/noticias\/\"},{\"@type\":\"ListItem\",\"position\":2,\"name\":\"Internacional\",\"item\":\"https:\/\/www.suno.com.br\/noticias\/internacional\/\"},{\"@type\":\"ListItem\",\"position\":3,\"name\":\"Adiamento do Brexit \u00e9 aprovado; nova data pode ser 30 de junho\"}]},{\"@type\":\"WebSite\",\"@id\":\"https:\/\/www.suno.com.br\/noticias\/#website\",\"url\":\"https:\/\/www.suno.com.br\/noticias\/\",\"name\":\"Suno Not\u00edcias\",\"description\":\"Seu portal de informa\u00e7\u00e3o sobre o mundo dos investimentos\",\"publisher\":{\"@id\":\"https:\/\/www.suno.com.br\/noticias\/#organization\"},\"potentialAction\":[{\"@type\":\"SearchAction\",\"target\":{\"@type\":\"EntryPoint\",\"urlTemplate\":\"https:\/\/www.suno.com.br\/noticias\/?s={search_term_string}\"},\"query-input\":{\"@type\":\"PropertyValueSpecification\",\"valueRequired\":true,\"valueName\":\"search_term_string\"}}],\"inLanguage\":\"pt-BR\"},{\"@type\":\"Organization\",\"@id\":\"https:\/\/www.suno.com.br\/noticias\/#organization\",\"name\":\"Suno Not\u00edcias\",\"url\":\"https:\/\/www.suno.com.br\/noticias\/\",\"logo\":{\"@type\":\"ImageObject\",\"inLanguage\":\"pt-BR\",\"@id\":\"https:\/\/www.suno.com.br\/noticias\/#\/schema\/logo\/image\/\",\"url\":\"https:\/\/files.sunoresearch.com.br\/n\/uploads\/2021\/09\/suno-logo.png\",\"contentUrl\":\"https:\/\/files.sunoresearch.com.br\/n\/uploads\/2021\/09\/suno-logo.png\",\"width\":180,\"height\":180,\"caption\":\"Suno Not\u00edcias\"},\"image\":{\"@id\":\"https:\/\/www.suno.com.br\/noticias\/#\/schema\/logo\/image\/\"},\"sameAs\":[\"https:\/\/facebook.com\/sunoresearch\",\"https:\/\/x.com\/sunoresearch\",\"https:\/\/www.instagram.com\/suno\",\"https:\/\/www.linkedin.com\/company\/suno-research\/\",\"https:\/\/www.youtube.com\/c\/sunoresearch\"]},{\"@type\":\"Person\",\"@id\":\"https:\/\/www.suno.com.br\/noticias\/#\/schema\/person\/a5b06fa4e879d8e8e119c6ed3cd630d1\",\"name\":\"Amanda Gushiken\",\"image\":{\"@type\":\"ImageObject\",\"inLanguage\":\"pt-BR\",\"@id\":\"https:\/\/www.suno.com.br\/noticias\/#\/schema\/person\/image\/\",\"url\":\"https:\/\/secure.gravatar.com\/avatar\/ecd84705e6b65e3685ae80d725501fbe?s=96&r=g\",\"contentUrl\":\"https:\/\/secure.gravatar.com\/avatar\/ecd84705e6b65e3685ae80d725501fbe?s=96&r=g\",\"caption\":\"Amanda Gushiken\"},\"description\":\"Amanda Sayuri Gushiken escreve sobre finan\u00e7as e neg\u00f3cios para o portal Suno Not\u00edcias. Antes, trabalhou selecionando not\u00edcias da imprensa para clientes do mercado financeiro. Tamb\u00e9m desenvolveu pesquisa acad\u00eamica pela Universidade Anhembi Morumbi na \u00e1rea de Teorias da Comunica\u00e7\u00e3o e \u00e9 fot\u00f3grafa nas horas vagas.\",\"url\":\"https:\/\/www.suno.com.br\/noticias\/author\/amanda\/\"}]}<\/script>\n<!-- \/ Yoast SEO plugin. -->","yoast_head_json":{"title":"Adiamento do Brexit \u00e9 aprovado; nova data pode ser 30 de junho","description":"O Parlamento brit\u00e2nico votou a favor da proposta de Theresa May, de pedir \u00e0 UE pelo adiamento da data do Brexit. Clique para saber mais.","robots":{"index":"index","follow":"follow","max-snippet":"max-snippet:-1","max-image-preview":"max-image-preview:large","max-video-preview":"max-video-preview:-1"},"canonical":"https:\/\/www.suno.com.br\/noticias\/adiamento-brexit-nova-data-30-junho\/","og_locale":"pt_BR","og_type":"article","og_title":"Adiamento do Brexit \u00e9 aprovado; nova data pode ser 30 de junho","og_description":"O Parlamento brit\u00e2nico votou a favor da proposta de Theresa May, de pedir \u00e0 UE pelo adiamento da data do Brexit. Clique para saber mais.","og_url":"https:\/\/www.suno.com.br\/noticias\/adiamento-brexit-nova-data-30-junho\/","og_site_name":"Suno Not\u00edcias","article_publisher":"https:\/\/facebook.com\/sunoresearch","og_image":[{"width":1200,"height":795,"url":"https:\/\/files.sunoresearch.com.br\/n\/uploads\/2019\/03\/12b246c4-brexit4.jpg","type":"image\/jpeg"}],"author":"Amanda Gushiken","twitter_card":"summary_large_image","twitter_creator":"@sunoresearch","twitter_site":"@sunoresearch","twitter_misc":{"Escrito por":"Amanda Gushiken","Est. tempo de leitura":"2 minutos"},"schema":{"@context":"https:\/\/schema.org","@graph":[{"@type":"NewsArticle","@id":"https:\/\/www.suno.com.br\/noticias\/adiamento-brexit-nova-data-30-junho\/#article","isPartOf":{"@id":"https:\/\/www.suno.com.br\/noticias\/adiamento-brexit-nova-data-30-junho\/"},"author":{"name":"Amanda Gushiken","@id":"https:\/\/www.suno.com.br\/noticias\/#\/schema\/person\/a5b06fa4e879d8e8e119c6ed3cd630d1"},"headline":"Adiamento do Brexit \u00e9 aprovado; nova data pode ser 30 de junho","datePublished":"2019-03-14T19:06:51+00:00","mainEntityOfPage":{"@id":"https:\/\/www.suno.com.br\/noticias\/adiamento-brexit-nova-data-30-junho\/"},"wordCount":491,"publisher":{"@id":"https:\/\/www.suno.com.br\/noticias\/#organization"},"image":{"@id":"https:\/\/www.suno.com.br\/noticias\/adiamento-brexit-nova-data-30-junho\/#primaryimage"},"thumbnailUrl":"https:\/\/files.sunoresearch.com.br\/n\/uploads\/2019\/03\/12b246c4-brexit4-jpg.webp","keywords":["Brexit","Reino Unido","Theresa May","Uni\u00e3o Europeia"],"articleSection":["Internacional"],"inLanguage":"pt-BR"},{"@type":"WebPage","@id":"https:\/\/www.suno.com.br\/noticias\/adiamento-brexit-nova-data-30-junho\/","url":"https:\/\/www.suno.com.br\/noticias\/adiamento-brexit-nova-data-30-junho\/","name":"Adiamento do Brexit \u00e9 aprovado; nova data pode ser 30 de junho","isPartOf":{"@id":"https:\/\/www.suno.com.br\/noticias\/#website"},"primaryImageOfPage":{"@id":"https:\/\/www.suno.com.br\/noticias\/adiamento-brexit-nova-data-30-junho\/#primaryimage"},"image":{"@id":"https:\/\/www.suno.com.br\/noticias\/adiamento-brexit-nova-data-30-junho\/#primaryimage"},"thumbnailUrl":"https:\/\/files.sunoresearch.com.br\/n\/uploads\/2019\/03\/12b246c4-brexit4-jpg.webp","datePublished":"2019-03-14T19:06:51+00:00","description":"O Parlamento brit\u00e2nico votou a favor da proposta de Theresa May, de pedir \u00e0 UE pelo adiamento da data do Brexit. Clique para saber mais.","breadcrumb":{"@id":"https:\/\/www.suno.com.br\/noticias\/adiamento-brexit-nova-data-30-junho\/#breadcrumb"},"inLanguage":"pt-BR","potentialAction":[{"@type":"ReadAction","target":["https:\/\/www.suno.com.br\/noticias\/adiamento-brexit-nova-data-30-junho\/"]}]},{"@type":"ImageObject","inLanguage":"pt-BR","@id":"https:\/\/www.suno.com.br\/noticias\/adiamento-brexit-nova-data-30-junho\/#primaryimage","url":"https:\/\/files.sunoresearch.com.br\/n\/uploads\/2019\/03\/12b246c4-brexit4-jpg.webp","contentUrl":"https:\/\/files.sunoresearch.com.br\/n\/uploads\/2019\/03\/12b246c4-brexit4-jpg.webp","width":1200,"height":795,"caption":"Brexit: o que fazer para trabalhar ou estudar em Londres?"},{"@type":"BreadcrumbList","@id":"https:\/\/www.suno.com.br\/noticias\/adiamento-brexit-nova-data-30-junho\/#breadcrumb","itemListElement":[{"@type":"ListItem","position":1,"name":"Not\u00edcias","item":"https:\/\/www.suno.com.br\/noticias\/"},{"@type":"ListItem","position":2,"name":"Internacional","item":"https:\/\/www.suno.com.br\/noticias\/internacional\/"},{"@type":"ListItem","position":3,"name":"Adiamento do Brexit \u00e9 aprovado; nova data pode ser 30 de junho"}]},{"@type":"WebSite","@id":"https:\/\/www.suno.com.br\/noticias\/#website","url":"https:\/\/www.suno.com.br\/noticias\/","name":"Suno Not\u00edcias","description":"Seu portal de informa\u00e7\u00e3o sobre o mundo dos investimentos","publisher":{"@id":"https:\/\/www.suno.com.br\/noticias\/#organization"},"potentialAction":[{"@type":"SearchAction","target":{"@type":"EntryPoint","urlTemplate":"https:\/\/www.suno.com.br\/noticias\/?s={search_term_string}"},"query-input":{"@type":"PropertyValueSpecification","valueRequired":true,"valueName":"search_term_string"}}],"inLanguage":"pt-BR"},{"@type":"Organization","@id":"https:\/\/www.suno.com.br\/noticias\/#organization","name":"Suno Not\u00edcias","url":"https:\/\/www.suno.com.br\/noticias\/","logo":{"@type":"ImageObject","inLanguage":"pt-BR","@id":"https:\/\/www.suno.com.br\/noticias\/#\/schema\/logo\/image\/","url":"https:\/\/files.sunoresearch.com.br\/n\/uploads\/2021\/09\/suno-logo.png","contentUrl":"https:\/\/files.sunoresearch.com.br\/n\/uploads\/2021\/09\/suno-logo.png","width":180,"height":180,"caption":"Suno Not\u00edcias"},"image":{"@id":"https:\/\/www.suno.com.br\/noticias\/#\/schema\/logo\/image\/"},"sameAs":["https:\/\/facebook.com\/sunoresearch","https:\/\/x.com\/sunoresearch","https:\/\/www.instagram.com\/suno","https:\/\/www.linkedin.com\/company\/suno-research\/","https:\/\/www.youtube.com\/c\/sunoresearch"]},{"@type":"Person","@id":"https:\/\/www.suno.com.br\/noticias\/#\/schema\/person\/a5b06fa4e879d8e8e119c6ed3cd630d1","name":"Amanda Gushiken","image":{"@type":"ImageObject","inLanguage":"pt-BR","@id":"https:\/\/www.suno.com.br\/noticias\/#\/schema\/person\/image\/","url":"https:\/\/secure.gravatar.com\/avatar\/ecd84705e6b65e3685ae80d725501fbe?s=96&r=g","contentUrl":"https:\/\/secure.gravatar.com\/avatar\/ecd84705e6b65e3685ae80d725501fbe?s=96&r=g","caption":"Amanda Gushiken"},"description":"Amanda Sayuri Gushiken escreve sobre finan\u00e7as e neg\u00f3cios para o portal Suno Not\u00edcias. Antes, trabalhou selecionando not\u00edcias da imprensa para clientes do mercado financeiro. Tamb\u00e9m desenvolveu pesquisa acad\u00eamica pela Universidade Anhembi Morumbi na \u00e1rea de Teorias da Comunica\u00e7\u00e3o e \u00e9 fot\u00f3grafa nas horas vagas.","url":"https:\/\/www.suno.com.br\/noticias\/author\/amanda\/"}]}},"default_loop_html":"<div class=\"cardsPage__listCard__boxs\"><div class=\"cardsPage__listCard__boxs__img\"><a href=\"https:\/\/www.suno.com.br\/noticias\/adiamento-brexit-nova-data-30-junho\/\"><img class=\"mask\" src=\"https:\/\/www.suno.com.br\/noticias\/wp-content\/themes\/suno\/resources\/images\/spotlight\/spotlight1img\/bg-mask.png\" alt=\"Image Mask\"\/><img src=\"https:\/\/files.sunoresearch.com.br\/n\/uploads\/2019\/03\/12b246c4-brexit4-400x200.webp\" alt=\"Adiamento do Brexit \u00e9 aprovado; nova data pode ser 30 de junho\"\/><\/a><span class=\"spotlightCategory\"><a href=\"https:\/\/www.suno.com.br\/noticias\/internacional\/\">Internacional<\/a><\/span><\/div><div class=\"cardsPage__listCard__boxs__content\"><a href=\"https:\/\/www.suno.com.br\/noticias\/adiamento-brexit-nova-data-30-junho\/\"><h2 class=\"content__title\">Adiamento do Brexit \u00e9 aprovado; nova data pode ser 30 de junho<\/h2><\/a><div class=\"newsContent__article__meta\"><div class=\"newsContent__article__meta__authorBox\"><a href=\"https:\/\/www.suno.com.br\/noticias\/author\/amanda\/\" class=\"authorBox__avatar noMobi\"><img src=\"https:\/\/files.sunoresearch.com.br\/n\/uploads\/2018\/11\/c6ad30be-amanda-150x150.webp\" alt=\"Amanda Gushiken\"><\/a><div class=\"authorBox__name\"><span>por\n\t\t\t<a href=\"https:\/\/www.suno.com.br\/noticias\/author\/amanda\/\"><span itemprop=\"author\">Amanda Gushiken<\/span><\/a><\/span><time datetime=\"2019-03-14T16:06:51-03:00\" itemprop=\"datePublished\">14\/03\/2019 16:06<\/time><\/div><\/div><\/div><\/div><\/div>","single_layout":"posts","amp_enabled":true,"_links":{"self":[{"href":"https:\/\/www.suno.com.br\/noticias\/wp-json\/wp\/v2\/posts\/18028"}],"collection":[{"href":"https:\/\/www.suno.com.br\/noticias\/wp-json\/wp\/v2\/posts"}],"about":[{"href":"https:\/\/www.suno.com.br\/noticias\/wp-json\/wp\/v2\/types\/post"}],"author":[{"embeddable":true,"href":"https:\/\/www.suno.com.br\/noticias\/wp-json\/wp\/v2\/users\/12"}],"replies":[{"embeddable":true,"href":"https:\/\/www.suno.com.br\/noticias\/wp-json\/wp\/v2\/comments?post=18028"}],"version-history":[{"count":0,"href":"https:\/\/www.suno.com.br\/noticias\/wp-json\/wp\/v2\/posts\/18028\/revisions"}],"wp:featuredmedia":[{"embeddable":true,"href":"https:\/\/www.suno.com.br\/noticias\/wp-json\/wp\/v2\/media\/17793"}],"wp:attachment":[{"href":"https:\/\/www.suno.com.br\/noticias\/wp-json\/wp\/v2\/media?parent=18028"}],"wp:term":[{"taxonomy":"category","embeddable":true,"href":"https:\/\/www.suno.com.br\/noticias\/wp-json\/wp\/v2\/categories?post=18028"},{"taxonomy":"post_tag","embeddable":true,"href":"https:\/\/www.suno.com.br\/noticias\/wp-json\/wp\/v2\/tags?post=18028"},{"taxonomy":"suno_strategy","embeddable":true,"href":"https:\/\/www.suno.com.br\/noticias\/wp-json\/wp\/v2\/suno_strategy?post=18028"}],"curies":[{"name":"wp","href":"https:\/\/api.w.org\/{rel}","templated":true}]}}