{"id":18014,"date":"2019-03-14T15:25:33","date_gmt":"2019-03-14T18:25:33","guid":{"rendered":"https:\/\/www.suno.com.br\/noticias\/?p=18014"},"modified":"2019-03-14T15:25:33","modified_gmt":"2019-03-14T18:25:33","slug":"btg-pactual-fundo-passivo-ibovespa-taxa-menor-etf","status":"publish","type":"post","link":"https:\/\/www.suno.com.br\/noticias\/btg-pactual-fundo-passivo-ibovespa-taxa-menor-etf\/","title":{"rendered":"BTG Pactual vai lan\u00e7ar fundo passivo indexado ao Ibovespa"},"content":{"rendered":"<p>O BTG Pactual (BPAC11) lan\u00e7ar\u00e1, via<strong> BTG Digital<\/strong>, um <strong>fundo passivo de a\u00e7\u00f5es<\/strong>, que ser\u00e1 vinculado ao \u00edndice acion\u00e1rio<strong> <a href=\"https:\/\/www.suno.com.br\/artigos\/ibovespa\/\">Ibovespa<\/a><\/strong>, da <a href=\"https:\/\/www.suno.com.br\/artigos\/b3\/\">B3<\/a> (<a href=\"https:\/\/www.suno.com.br\/artigos\/bmf\/\">BM&amp;F<\/a> <a href=\"https:\/\/www.suno.com.br\/artigos\/bovespa-precedente-b3\/\">Bovespa<\/a>). A informa\u00e7\u00e3o foi divulgada por <strong>Marcelo Flora<\/strong>, diretor plataforma, ao portal &#8220;Money Times&#8221;.<\/p>\t<div class=\"wrapper-featured-image\">\n\t\t<figure class=\"spotlightImg\">\n\n\t\t\t<picture>\n\t\t\t\t<source media=\"(max-width: 768px)\" srcset=\"https:\/\/files.sunoresearch.com.br\/n\/uploads\/2019\/03\/a43ec7b1-btg-pactual-400x200.webp\">\n\t\t\t\t<img loading=\"lazy\" decoding=\"async\" class=\"newsContent__article__imgCapa lazyloadDisabled newsContent__article__imgCapa--noCaption\" src=\"https:\/\/files.sunoresearch.com.br\/n\/uploads\/2019\/03\/a43ec7b1-btg-pactual-800x450.webp\" width=\"800\" height=\"450\" alt=\"BTG Pactual vai lan\u00e7ar fundo passivo indexado ao Ibovespa\" fetchpriority=high \/>\n\t\t\t<\/picture>\n\n\t\t\t<figcaption class=\"wp-caption-text wp-caption-text--hide\">Ibovespa fecha em alta com otimismo interno e externo. (divulga\u00e7\u00e3o)<\/figcaption>\n\t\t<\/figure>\n\t<\/div>\n\n\n<p>O<strong> novo <a href=\"https:\/\/www.suno.com.br\/artigos\/fundo-passivo\/\">fundo passivo<\/a><\/strong> do <strong>BTG Pactual<\/strong> ter\u00e1 <strong>taxa inferior<\/strong> aos dos\u00a0<strong>Exchange-Traded Funds<\/strong> (ETFs) que replicam o \u00edndice acion\u00e1rio.<\/p>\n<p>Intitulado\u00a0&#8220;<a href=\"https:\/\/www.suno.com.br\/artigos\/fundo-de-acoes\/\">FIA<\/a> BTG Pactual Ibovespa Indexado&#8221;, ter\u00e1 <strong><a href=\"https:\/\/www.suno.com.br\/artigos\/taxa-de-administracao\/\">taxa de administra\u00e7\u00e3o<\/a> de 0,15%<\/strong>. O valor est\u00e1 abaixo:<\/p>\n<ul>\n<li>da taxa de administra\u00e7\u00e3o de <strong>0,54%<\/strong> cobrada pelo ETF atrelado ao Ibovespa, da <strong>BlackRock<\/strong>;<\/li>\n<li>da taxa de administra\u00e7\u00e3o de <strong>0,30%<\/strong> cobrada pelo ETF atrelado ao Ibovespa, do <strong>Ita\u00fa Unibanco\u00a0<\/strong>(ITUB4).<\/li>\n<\/ul>\n<p>\u201cPercebemos que muitas pessoas ficam <strong>inseguras<\/strong> com o<strong> <a href=\"https:\/\/www.suno.com.br\/artigos\/home-broker\/\">home-broker<\/a><\/strong>. Com este produto, o cliente <strong>n\u00e3o precisa<\/strong> abrir uma conta na <strong>corretora<\/strong> ou na <strong>B3<\/strong>. \u00c9 muito mais f\u00e1cil\u201d, explicou Flora ao &#8220;Money Times&#8221;.<\/p>\n<p>Ainda segundo Flora, a ideia do <strong>novo fundo passivo<\/strong> surgiu ap\u00f3s o <strong>sucesso<\/strong> do <strong>fundo &#8220;Tesouro Selic Simples FI RF&#8221;<\/strong>, cujo foco s\u00e3o os investimentos em t\u00edtulos p\u00fablicos.<\/p>\n<p><a href=\"https:\/\/www.suno.com.br\/noticias\/btg-pactual-lucro-711-trimestre\/\">Saiba mais &#8211;\u00a0BTG Pactual tem lucro de R$ 711 mi no trimestre e R$ 2,7 bi em 2018<\/a><\/p>\n<h2>Fundo\u00a0Tesouro Selic Simples FI RF<\/h2>\n<p>Tamb\u00e9m por meio do BTG Digital, o <strong>BTG Pactual<\/strong> lan\u00e7ou em maio de 2018 o <strong>fundo &#8220;Tesouro Selic Simples FI RF&#8221;<\/strong>.<\/p>\n<p>Composto exclusivamente por t\u00edtulos p\u00fablicos <strong>Tesouro Selic (<a href=\"https:\/\/www.suno.com.br\/artigos\/tesouro-selic\/\">LFT<\/a>)<\/strong>, tal <strong>fundo<\/strong> possui <strong>aplica\u00e7\u00e3o m\u00ednima<\/strong> de R$ 1000 e <strong>movimenta\u00e7\u00e3o m\u00ednima<\/strong> de R$ 100. O Tesouro Selic \u00e9 o \u00fanico t\u00edtulo do programa de t\u00edtulos p\u00fablicos com ganhos vinculados \u00e0 <a href=\"https:\/\/www.suno.com.br\/artigos\/taxa-selic\/\">taxa Selic<\/a>.<\/p>\n<p>As principais <strong>vantagens<\/strong> de investir neste fundo s\u00e3o:<\/p>\n<ul>\n<li><strong><a href=\"https:\/\/www.suno.com.br\/artigos\/liquidez\/\">liquidez<\/a> di\u00e1ria<\/strong> (D+0);<\/li>\n<li>e a<strong> taxa de administra\u00e7\u00e3o<\/strong> de 0,08% ao ano.<\/li>\n<\/ul>\n<p>A diferen\u00e7a para quem investe diretamente no <a href=\"https:\/\/www.suno.com.br\/artigos\/tesouro-direto\/\"><strong>Tesouro Direto<\/strong><\/a> \u00e9 a taxa de cust\u00f3dia de<strong> 0,3%<\/strong> cobrada pela\u00a0<strong><a href=\"https:\/\/www.suno.com.br\/artigos\/cblc\/\">Companhia Brasileira de Liquida\u00e7\u00e3o e Cust\u00f3dia<\/a><\/strong> (CBLC), segundo o <strong>BTG Pactual<\/strong>.<\/p>\n<p>H\u00e1 ainda possibilidade de <strong>encargos adicionais<\/strong>,\u00a0dependendo da corretora escolhida (variando entre 0,06% e 0,50% ao ano).<\/p>\n<p><a href=\"https:\/\/www.suno.com.br\/noticias\/btg-cripto-ativo-lastro-imoveis-inadimplentes\/\">Saiba mais &#8211;\u00a0BTG lan\u00e7ar\u00e1 cripto-ativo com lastro em im\u00f3veis inadimplentes<\/a><\/p>\n<p>N\u00e3o h\u00e1 liquidez di\u00e1ria quando se investe diretamente pelo <a href=\"https:\/\/www.suno.com.br\/artigos\/tesouro-nacional\/\">Tesouro Nacional<\/a>. O resgate \u00e9 feito no<strong> dia seguinte<\/strong> ao requerimento <strong>(D+1)<\/strong>.<\/p>\n<p>\u201cPor conta de seu <strong>baixo risco<\/strong> e <strong>alta liquidez<\/strong> esse \u00e9 o investimento ideal para o que chamamos de \u2018colch\u00e3o\u2019 financeiro de emerg\u00eancia. Al\u00e9m da facilidade do resgate, o <strong>Tesouro Selic (LFT)<\/strong> oferece a certeza de <strong>baix\u00edssima volatilidade<\/strong>. \u00c9 uma excelente alternativa \u00e0 <strong>poupan\u00e7a<\/strong> e ao pr\u00f3prio Tesouro Selic oferecido no <strong>Tesouro Direto<\/strong>\u201d, explicou <strong>Marcelo Flora<\/strong>.<\/p>\n<p>Quando lan\u00e7ado, a taxa de administra\u00e7\u00e3o do fundo\u00a0<strong>Tesouro Selic Simples FI RF<\/strong> era de\u00a00,10%. A taxa j\u00e1 caiu a 0,08%, e a pretens\u00e3o \u00e9 que des\u00e7a at\u00e9 0,02%, conforme cres\u00e7a o patrim\u00f4nio do fundo do<strong> BTG Digital<\/strong>, que atualmente est\u00e1 em R$ 250 milh\u00f5es.<\/p>\n","protected":false},"excerpt":{"rendered":"<p>O BTG Pactual (BPAC11) lan\u00e7ar\u00e1, via BTG Digital, um fundo passivo de a\u00e7\u00f5es, que ser\u00e1 vinculado ao \u00edndice acion\u00e1rio Ibovespa, da B3 (BM&amp;F Bovespa). A informa\u00e7\u00e3o foi divulgada por Marcelo Flora, diretor plataforma, ao portal &#8220;Money Times&#8221;. Ibovespa fecha em alta com otimismo interno e externo. (divulga\u00e7\u00e3o) O novo fundo passivo do BTG Pactual ter\u00e1 [&hellip;]<\/p>\n","protected":false},"author":12,"featured_media":18020,"comment_status":"closed","ping_status":"closed","sticky":false,"template":"","format":"standard","meta":[],"categories":[64],"tags":[399,313,316,1044],"suno_strategy":[],"class_list":["post-18014","post","type-post","status-publish","format-standard","has-post-thumbnail","hentry","category-negocios","tag-btg-pactual-bpac11-bpac3-bpac5","tag-fundos-de-investimento","tag-tesouro-direto","tag-tesouro-nacional"],"yoast_head":"<!-- This site is optimized with the Yoast SEO plugin v24.4 - https:\/\/yoast.com\/wordpress\/plugins\/seo\/ -->\n<title>BTG Pactual vai lan\u00e7ar fundo passivo indexado ao Ibovespa<\/title>\n<meta name=\"description\" content=\"O BTG Pactual lan\u00e7ar\u00e1, via BTG Digital, um fundo passivo de a\u00e7\u00f5es, que ser\u00e1 vinculado ao \u00edndice acion\u00e1rio Ibovespa. Clique para saber mais.\" \/>\n<meta name=\"robots\" content=\"index, follow, max-snippet:-1, max-image-preview:large, max-video-preview:-1\" \/>\n<link rel=\"canonical\" href=\"https:\/\/www.suno.com.br\/noticias\/btg-pactual-fundo-passivo-ibovespa-taxa-menor-etf\/\" \/>\n<meta property=\"og:locale\" content=\"pt_BR\" \/>\n<meta property=\"og:type\" content=\"article\" \/>\n<meta property=\"og:title\" content=\"BTG Pactual vai lan\u00e7ar fundo passivo indexado ao Ibovespa\" \/>\n<meta property=\"og:description\" content=\"O BTG Pactual lan\u00e7ar\u00e1, via BTG Digital, um fundo passivo de a\u00e7\u00f5es, que ser\u00e1 vinculado ao \u00edndice acion\u00e1rio Ibovespa. Clique para saber mais.\" \/>\n<meta property=\"og:url\" content=\"https:\/\/www.suno.com.br\/noticias\/btg-pactual-fundo-passivo-ibovespa-taxa-menor-etf\/\" \/>\n<meta property=\"og:site_name\" content=\"Suno Not\u00edcias\" \/>\n<meta property=\"article:publisher\" content=\"https:\/\/facebook.com\/sunoresearch\" \/>\n<meta property=\"og:image\" content=\"https:\/\/files.sunoresearch.com.br\/n\/uploads\/2019\/03\/a43ec7b1-btg-pactual.jpg\" \/>\n\t<meta property=\"og:image:width\" content=\"1024\" \/>\n\t<meta property=\"og:image:height\" content=\"768\" \/>\n\t<meta property=\"og:image:type\" content=\"image\/jpeg\" \/>\n<meta name=\"author\" content=\"Amanda Gushiken\" \/>\n<meta name=\"twitter:card\" content=\"summary_large_image\" \/>\n<meta name=\"twitter:creator\" content=\"@sunoresearch\" \/>\n<meta name=\"twitter:site\" content=\"@sunoresearch\" \/>\n<meta name=\"twitter:label1\" content=\"Escrito por\" \/>\n\t<meta name=\"twitter:data1\" content=\"Amanda Gushiken\" \/>\n\t<meta name=\"twitter:label2\" content=\"Est. tempo de leitura\" \/>\n\t<meta name=\"twitter:data2\" content=\"2 minutos\" \/>\n<script type=\"application\/ld+json\" class=\"yoast-schema-graph\">{\"@context\":\"https:\/\/schema.org\",\"@graph\":[{\"@type\":\"NewsArticle\",\"@id\":\"https:\/\/www.suno.com.br\/noticias\/btg-pactual-fundo-passivo-ibovespa-taxa-menor-etf\/#article\",\"isPartOf\":{\"@id\":\"https:\/\/www.suno.com.br\/noticias\/btg-pactual-fundo-passivo-ibovespa-taxa-menor-etf\/\"},\"author\":{\"name\":\"Amanda Gushiken\",\"@id\":\"https:\/\/www.suno.com.br\/noticias\/#\/schema\/person\/a5b06fa4e879d8e8e119c6ed3cd630d1\"},\"headline\":\"BTG Pactual vai lan\u00e7ar fundo passivo indexado ao Ibovespa\",\"datePublished\":\"2019-03-14T18:25:33+00:00\",\"mainEntityOfPage\":{\"@id\":\"https:\/\/www.suno.com.br\/noticias\/btg-pactual-fundo-passivo-ibovespa-taxa-menor-etf\/\"},\"wordCount\":485,\"publisher\":{\"@id\":\"https:\/\/www.suno.com.br\/noticias\/#organization\"},\"image\":{\"@id\":\"https:\/\/www.suno.com.br\/noticias\/btg-pactual-fundo-passivo-ibovespa-taxa-menor-etf\/#primaryimage\"},\"thumbnailUrl\":\"https:\/\/files.sunoresearch.com.br\/n\/uploads\/2019\/03\/a43ec7b1-btg-pactual-jpg.webp\",\"keywords\":[\"BTG Pactual (BPAC11\/BPAC3\/BPAC5)\",\"Fundos de investimento\",\"Tesouro Direto\",\"Tesouro Nacional\"],\"articleSection\":[\"Neg\u00f3cios\"],\"inLanguage\":\"pt-BR\"},{\"@type\":\"WebPage\",\"@id\":\"https:\/\/www.suno.com.br\/noticias\/btg-pactual-fundo-passivo-ibovespa-taxa-menor-etf\/\",\"url\":\"https:\/\/www.suno.com.br\/noticias\/btg-pactual-fundo-passivo-ibovespa-taxa-menor-etf\/\",\"name\":\"BTG Pactual vai lan\u00e7ar fundo passivo indexado ao Ibovespa\",\"isPartOf\":{\"@id\":\"https:\/\/www.suno.com.br\/noticias\/#website\"},\"primaryImageOfPage\":{\"@id\":\"https:\/\/www.suno.com.br\/noticias\/btg-pactual-fundo-passivo-ibovespa-taxa-menor-etf\/#primaryimage\"},\"image\":{\"@id\":\"https:\/\/www.suno.com.br\/noticias\/btg-pactual-fundo-passivo-ibovespa-taxa-menor-etf\/#primaryimage\"},\"thumbnailUrl\":\"https:\/\/files.sunoresearch.com.br\/n\/uploads\/2019\/03\/a43ec7b1-btg-pactual-jpg.webp\",\"datePublished\":\"2019-03-14T18:25:33+00:00\",\"description\":\"O BTG Pactual lan\u00e7ar\u00e1, via BTG Digital, um fundo passivo de a\u00e7\u00f5es, que ser\u00e1 vinculado ao \u00edndice acion\u00e1rio Ibovespa. Clique para saber mais.\",\"breadcrumb\":{\"@id\":\"https:\/\/www.suno.com.br\/noticias\/btg-pactual-fundo-passivo-ibovespa-taxa-menor-etf\/#breadcrumb\"},\"inLanguage\":\"pt-BR\",\"potentialAction\":[{\"@type\":\"ReadAction\",\"target\":[\"https:\/\/www.suno.com.br\/noticias\/btg-pactual-fundo-passivo-ibovespa-taxa-menor-etf\/\"]}]},{\"@type\":\"ImageObject\",\"inLanguage\":\"pt-BR\",\"@id\":\"https:\/\/www.suno.com.br\/noticias\/btg-pactual-fundo-passivo-ibovespa-taxa-menor-etf\/#primaryimage\",\"url\":\"https:\/\/files.sunoresearch.com.br\/n\/uploads\/2019\/03\/a43ec7b1-btg-pactual-jpg.webp\",\"contentUrl\":\"https:\/\/files.sunoresearch.com.br\/n\/uploads\/2019\/03\/a43ec7b1-btg-pactual-jpg.webp\",\"width\":1024,\"height\":768,\"caption\":\"Ibovespa fecha em alta com otimismo interno e externo. (divulga\u00e7\u00e3o)\"},{\"@type\":\"BreadcrumbList\",\"@id\":\"https:\/\/www.suno.com.br\/noticias\/btg-pactual-fundo-passivo-ibovespa-taxa-menor-etf\/#breadcrumb\",\"itemListElement\":[{\"@type\":\"ListItem\",\"position\":1,\"name\":\"Not\u00edcias\",\"item\":\"https:\/\/www.suno.com.br\/noticias\/\"},{\"@type\":\"ListItem\",\"position\":2,\"name\":\"Neg\u00f3cios\",\"item\":\"https:\/\/www.suno.com.br\/noticias\/negocios\/\"},{\"@type\":\"ListItem\",\"position\":3,\"name\":\"BTG Pactual vai lan\u00e7ar fundo passivo indexado ao Ibovespa\"}]},{\"@type\":\"WebSite\",\"@id\":\"https:\/\/www.suno.com.br\/noticias\/#website\",\"url\":\"https:\/\/www.suno.com.br\/noticias\/\",\"name\":\"Suno Not\u00edcias\",\"description\":\"Seu portal de informa\u00e7\u00e3o sobre o mundo dos investimentos\",\"publisher\":{\"@id\":\"https:\/\/www.suno.com.br\/noticias\/#organization\"},\"potentialAction\":[{\"@type\":\"SearchAction\",\"target\":{\"@type\":\"EntryPoint\",\"urlTemplate\":\"https:\/\/www.suno.com.br\/noticias\/?s={search_term_string}\"},\"query-input\":{\"@type\":\"PropertyValueSpecification\",\"valueRequired\":true,\"valueName\":\"search_term_string\"}}],\"inLanguage\":\"pt-BR\"},{\"@type\":\"Organization\",\"@id\":\"https:\/\/www.suno.com.br\/noticias\/#organization\",\"name\":\"Suno Not\u00edcias\",\"url\":\"https:\/\/www.suno.com.br\/noticias\/\",\"logo\":{\"@type\":\"ImageObject\",\"inLanguage\":\"pt-BR\",\"@id\":\"https:\/\/www.suno.com.br\/noticias\/#\/schema\/logo\/image\/\",\"url\":\"https:\/\/files.sunoresearch.com.br\/n\/uploads\/2021\/09\/suno-logo.png\",\"contentUrl\":\"https:\/\/files.sunoresearch.com.br\/n\/uploads\/2021\/09\/suno-logo.png\",\"width\":180,\"height\":180,\"caption\":\"Suno Not\u00edcias\"},\"image\":{\"@id\":\"https:\/\/www.suno.com.br\/noticias\/#\/schema\/logo\/image\/\"},\"sameAs\":[\"https:\/\/facebook.com\/sunoresearch\",\"https:\/\/x.com\/sunoresearch\",\"https:\/\/www.instagram.com\/suno\",\"https:\/\/www.linkedin.com\/company\/suno-research\/\",\"https:\/\/www.youtube.com\/c\/sunoresearch\"]},{\"@type\":\"Person\",\"@id\":\"https:\/\/www.suno.com.br\/noticias\/#\/schema\/person\/a5b06fa4e879d8e8e119c6ed3cd630d1\",\"name\":\"Amanda Gushiken\",\"image\":{\"@type\":\"ImageObject\",\"inLanguage\":\"pt-BR\",\"@id\":\"https:\/\/www.suno.com.br\/noticias\/#\/schema\/person\/image\/\",\"url\":\"https:\/\/secure.gravatar.com\/avatar\/ecd84705e6b65e3685ae80d725501fbe?s=96&r=g\",\"contentUrl\":\"https:\/\/secure.gravatar.com\/avatar\/ecd84705e6b65e3685ae80d725501fbe?s=96&r=g\",\"caption\":\"Amanda Gushiken\"},\"description\":\"Amanda Sayuri Gushiken escreve sobre finan\u00e7as e neg\u00f3cios para o portal Suno Not\u00edcias. Antes, trabalhou selecionando not\u00edcias da imprensa para clientes do mercado financeiro. Tamb\u00e9m desenvolveu pesquisa acad\u00eamica pela Universidade Anhembi Morumbi na \u00e1rea de Teorias da Comunica\u00e7\u00e3o e \u00e9 fot\u00f3grafa nas horas vagas.\",\"url\":\"https:\/\/www.suno.com.br\/noticias\/author\/amanda\/\"}]}<\/script>\n<!-- \/ Yoast SEO plugin. -->","yoast_head_json":{"title":"BTG Pactual vai lan\u00e7ar fundo passivo indexado ao Ibovespa","description":"O BTG Pactual lan\u00e7ar\u00e1, via BTG Digital, um fundo passivo de a\u00e7\u00f5es, que ser\u00e1 vinculado ao \u00edndice acion\u00e1rio Ibovespa. Clique para saber mais.","robots":{"index":"index","follow":"follow","max-snippet":"max-snippet:-1","max-image-preview":"max-image-preview:large","max-video-preview":"max-video-preview:-1"},"canonical":"https:\/\/www.suno.com.br\/noticias\/btg-pactual-fundo-passivo-ibovespa-taxa-menor-etf\/","og_locale":"pt_BR","og_type":"article","og_title":"BTG Pactual vai lan\u00e7ar fundo passivo indexado ao Ibovespa","og_description":"O BTG Pactual lan\u00e7ar\u00e1, via BTG Digital, um fundo passivo de a\u00e7\u00f5es, que ser\u00e1 vinculado ao \u00edndice acion\u00e1rio Ibovespa. Clique para saber mais.","og_url":"https:\/\/www.suno.com.br\/noticias\/btg-pactual-fundo-passivo-ibovespa-taxa-menor-etf\/","og_site_name":"Suno Not\u00edcias","article_publisher":"https:\/\/facebook.com\/sunoresearch","og_image":[{"width":1024,"height":768,"url":"https:\/\/files.sunoresearch.com.br\/n\/uploads\/2019\/03\/a43ec7b1-btg-pactual.jpg","type":"image\/jpeg"}],"author":"Amanda Gushiken","twitter_card":"summary_large_image","twitter_creator":"@sunoresearch","twitter_site":"@sunoresearch","twitter_misc":{"Escrito por":"Amanda Gushiken","Est. tempo de leitura":"2 minutos"},"schema":{"@context":"https:\/\/schema.org","@graph":[{"@type":"NewsArticle","@id":"https:\/\/www.suno.com.br\/noticias\/btg-pactual-fundo-passivo-ibovespa-taxa-menor-etf\/#article","isPartOf":{"@id":"https:\/\/www.suno.com.br\/noticias\/btg-pactual-fundo-passivo-ibovespa-taxa-menor-etf\/"},"author":{"name":"Amanda Gushiken","@id":"https:\/\/www.suno.com.br\/noticias\/#\/schema\/person\/a5b06fa4e879d8e8e119c6ed3cd630d1"},"headline":"BTG Pactual vai lan\u00e7ar fundo passivo indexado ao Ibovespa","datePublished":"2019-03-14T18:25:33+00:00","mainEntityOfPage":{"@id":"https:\/\/www.suno.com.br\/noticias\/btg-pactual-fundo-passivo-ibovespa-taxa-menor-etf\/"},"wordCount":485,"publisher":{"@id":"https:\/\/www.suno.com.br\/noticias\/#organization"},"image":{"@id":"https:\/\/www.suno.com.br\/noticias\/btg-pactual-fundo-passivo-ibovespa-taxa-menor-etf\/#primaryimage"},"thumbnailUrl":"https:\/\/files.sunoresearch.com.br\/n\/uploads\/2019\/03\/a43ec7b1-btg-pactual-jpg.webp","keywords":["BTG Pactual (BPAC11\/BPAC3\/BPAC5)","Fundos de investimento","Tesouro Direto","Tesouro Nacional"],"articleSection":["Neg\u00f3cios"],"inLanguage":"pt-BR"},{"@type":"WebPage","@id":"https:\/\/www.suno.com.br\/noticias\/btg-pactual-fundo-passivo-ibovespa-taxa-menor-etf\/","url":"https:\/\/www.suno.com.br\/noticias\/btg-pactual-fundo-passivo-ibovespa-taxa-menor-etf\/","name":"BTG Pactual vai lan\u00e7ar fundo passivo indexado ao Ibovespa","isPartOf":{"@id":"https:\/\/www.suno.com.br\/noticias\/#website"},"primaryImageOfPage":{"@id":"https:\/\/www.suno.com.br\/noticias\/btg-pactual-fundo-passivo-ibovespa-taxa-menor-etf\/#primaryimage"},"image":{"@id":"https:\/\/www.suno.com.br\/noticias\/btg-pactual-fundo-passivo-ibovespa-taxa-menor-etf\/#primaryimage"},"thumbnailUrl":"https:\/\/files.sunoresearch.com.br\/n\/uploads\/2019\/03\/a43ec7b1-btg-pactual-jpg.webp","datePublished":"2019-03-14T18:25:33+00:00","description":"O BTG Pactual lan\u00e7ar\u00e1, via BTG Digital, um fundo passivo de a\u00e7\u00f5es, que ser\u00e1 vinculado ao \u00edndice acion\u00e1rio Ibovespa. Clique para saber mais.","breadcrumb":{"@id":"https:\/\/www.suno.com.br\/noticias\/btg-pactual-fundo-passivo-ibovespa-taxa-menor-etf\/#breadcrumb"},"inLanguage":"pt-BR","potentialAction":[{"@type":"ReadAction","target":["https:\/\/www.suno.com.br\/noticias\/btg-pactual-fundo-passivo-ibovespa-taxa-menor-etf\/"]}]},{"@type":"ImageObject","inLanguage":"pt-BR","@id":"https:\/\/www.suno.com.br\/noticias\/btg-pactual-fundo-passivo-ibovespa-taxa-menor-etf\/#primaryimage","url":"https:\/\/files.sunoresearch.com.br\/n\/uploads\/2019\/03\/a43ec7b1-btg-pactual-jpg.webp","contentUrl":"https:\/\/files.sunoresearch.com.br\/n\/uploads\/2019\/03\/a43ec7b1-btg-pactual-jpg.webp","width":1024,"height":768,"caption":"Ibovespa fecha em alta com otimismo interno e externo. (divulga\u00e7\u00e3o)"},{"@type":"BreadcrumbList","@id":"https:\/\/www.suno.com.br\/noticias\/btg-pactual-fundo-passivo-ibovespa-taxa-menor-etf\/#breadcrumb","itemListElement":[{"@type":"ListItem","position":1,"name":"Not\u00edcias","item":"https:\/\/www.suno.com.br\/noticias\/"},{"@type":"ListItem","position":2,"name":"Neg\u00f3cios","item":"https:\/\/www.suno.com.br\/noticias\/negocios\/"},{"@type":"ListItem","position":3,"name":"BTG Pactual vai lan\u00e7ar fundo passivo indexado ao Ibovespa"}]},{"@type":"WebSite","@id":"https:\/\/www.suno.com.br\/noticias\/#website","url":"https:\/\/www.suno.com.br\/noticias\/","name":"Suno Not\u00edcias","description":"Seu portal de informa\u00e7\u00e3o sobre o mundo dos investimentos","publisher":{"@id":"https:\/\/www.suno.com.br\/noticias\/#organization"},"potentialAction":[{"@type":"SearchAction","target":{"@type":"EntryPoint","urlTemplate":"https:\/\/www.suno.com.br\/noticias\/?s={search_term_string}"},"query-input":{"@type":"PropertyValueSpecification","valueRequired":true,"valueName":"search_term_string"}}],"inLanguage":"pt-BR"},{"@type":"Organization","@id":"https:\/\/www.suno.com.br\/noticias\/#organization","name":"Suno Not\u00edcias","url":"https:\/\/www.suno.com.br\/noticias\/","logo":{"@type":"ImageObject","inLanguage":"pt-BR","@id":"https:\/\/www.suno.com.br\/noticias\/#\/schema\/logo\/image\/","url":"https:\/\/files.sunoresearch.com.br\/n\/uploads\/2021\/09\/suno-logo.png","contentUrl":"https:\/\/files.sunoresearch.com.br\/n\/uploads\/2021\/09\/suno-logo.png","width":180,"height":180,"caption":"Suno Not\u00edcias"},"image":{"@id":"https:\/\/www.suno.com.br\/noticias\/#\/schema\/logo\/image\/"},"sameAs":["https:\/\/facebook.com\/sunoresearch","https:\/\/x.com\/sunoresearch","https:\/\/www.instagram.com\/suno","https:\/\/www.linkedin.com\/company\/suno-research\/","https:\/\/www.youtube.com\/c\/sunoresearch"]},{"@type":"Person","@id":"https:\/\/www.suno.com.br\/noticias\/#\/schema\/person\/a5b06fa4e879d8e8e119c6ed3cd630d1","name":"Amanda Gushiken","image":{"@type":"ImageObject","inLanguage":"pt-BR","@id":"https:\/\/www.suno.com.br\/noticias\/#\/schema\/person\/image\/","url":"https:\/\/secure.gravatar.com\/avatar\/ecd84705e6b65e3685ae80d725501fbe?s=96&r=g","contentUrl":"https:\/\/secure.gravatar.com\/avatar\/ecd84705e6b65e3685ae80d725501fbe?s=96&r=g","caption":"Amanda Gushiken"},"description":"Amanda Sayuri Gushiken escreve sobre finan\u00e7as e neg\u00f3cios para o portal Suno Not\u00edcias. Antes, trabalhou selecionando not\u00edcias da imprensa para clientes do mercado financeiro. Tamb\u00e9m desenvolveu pesquisa acad\u00eamica pela Universidade Anhembi Morumbi na \u00e1rea de Teorias da Comunica\u00e7\u00e3o e \u00e9 fot\u00f3grafa nas horas vagas.","url":"https:\/\/www.suno.com.br\/noticias\/author\/amanda\/"}]}},"default_loop_html":"<div class=\"cardsPage__listCard__boxs\"><div class=\"cardsPage__listCard__boxs__img\"><a href=\"https:\/\/www.suno.com.br\/noticias\/btg-pactual-fundo-passivo-ibovespa-taxa-menor-etf\/\"><img class=\"mask\" src=\"https:\/\/www.suno.com.br\/noticias\/wp-content\/themes\/suno\/resources\/images\/spotlight\/spotlight1img\/bg-mask.png\" alt=\"Image Mask\"\/><img src=\"https:\/\/files.sunoresearch.com.br\/n\/uploads\/2019\/03\/a43ec7b1-btg-pactual-400x200.webp\" alt=\"BTG Pactual vai lan\u00e7ar fundo passivo indexado ao Ibovespa\"\/><\/a><span class=\"spotlightCategory\"><a href=\"https:\/\/www.suno.com.br\/noticias\/negocios\/\">Neg\u00f3cios<\/a><\/span><\/div><div class=\"cardsPage__listCard__boxs__content\"><a href=\"https:\/\/www.suno.com.br\/noticias\/btg-pactual-fundo-passivo-ibovespa-taxa-menor-etf\/\"><h2 class=\"content__title\">BTG Pactual vai lan\u00e7ar fundo passivo indexado ao Ibovespa<\/h2><\/a><div class=\"newsContent__article__meta\"><div class=\"newsContent__article__meta__authorBox\"><a href=\"https:\/\/www.suno.com.br\/noticias\/author\/amanda\/\" class=\"authorBox__avatar noMobi\"><img src=\"https:\/\/files.sunoresearch.com.br\/n\/uploads\/2018\/11\/c6ad30be-amanda-150x150.webp\" alt=\"Amanda Gushiken\"><\/a><div class=\"authorBox__name\"><span>por\n\t\t\t<a href=\"https:\/\/www.suno.com.br\/noticias\/author\/amanda\/\"><span itemprop=\"author\">Amanda Gushiken<\/span><\/a><\/span><time datetime=\"2019-03-14T15:25:33-03:00\" itemprop=\"datePublished\">14\/03\/2019 15:25<\/time><\/div><\/div><\/div><\/div><\/div>","single_layout":"posts","amp_enabled":true,"_links":{"self":[{"href":"https:\/\/www.suno.com.br\/noticias\/wp-json\/wp\/v2\/posts\/18014"}],"collection":[{"href":"https:\/\/www.suno.com.br\/noticias\/wp-json\/wp\/v2\/posts"}],"about":[{"href":"https:\/\/www.suno.com.br\/noticias\/wp-json\/wp\/v2\/types\/post"}],"author":[{"embeddable":true,"href":"https:\/\/www.suno.com.br\/noticias\/wp-json\/wp\/v2\/users\/12"}],"replies":[{"embeddable":true,"href":"https:\/\/www.suno.com.br\/noticias\/wp-json\/wp\/v2\/comments?post=18014"}],"version-history":[{"count":0,"href":"https:\/\/www.suno.com.br\/noticias\/wp-json\/wp\/v2\/posts\/18014\/revisions"}],"wp:featuredmedia":[{"embeddable":true,"href":"https:\/\/www.suno.com.br\/noticias\/wp-json\/wp\/v2\/media\/18020"}],"wp:attachment":[{"href":"https:\/\/www.suno.com.br\/noticias\/wp-json\/wp\/v2\/media?parent=18014"}],"wp:term":[{"taxonomy":"category","embeddable":true,"href":"https:\/\/www.suno.com.br\/noticias\/wp-json\/wp\/v2\/categories?post=18014"},{"taxonomy":"post_tag","embeddable":true,"href":"https:\/\/www.suno.com.br\/noticias\/wp-json\/wp\/v2\/tags?post=18014"},{"taxonomy":"suno_strategy","embeddable":true,"href":"https:\/\/www.suno.com.br\/noticias\/wp-json\/wp\/v2\/suno_strategy?post=18014"}],"curies":[{"name":"wp","href":"https:\/\/api.w.org\/{rel}","templated":true}]}}