{"id":180078,"date":"2021-09-01T10:40:00","date_gmt":"2021-09-01T13:40:00","guid":{"rendered":"https:\/\/www.suno.com.br\/noticias\/?p=180078"},"modified":"2021-09-01T10:40:00","modified_gmt":"2021-09-01T13:40:00","slug":"ibovespa-abre-queda-minerio-pib-vale-vale3","status":"publish","type":"post","link":"https:\/\/www.suno.com.br\/noticias\/ibovespa-abre-queda-minerio-pib-vale-vale3\/","title":{"rendered":"Ibovespa abre caindo com min\u00e9rio de ferro e PIB; Vale (VALE3) cai 3%"},"content":{"rendered":"<p>Apesar do cen\u00e1rio externo favor\u00e1vel, o <strong>Ibovespa <\/strong>segue na dire\u00e7\u00e3o contr\u00e1ria em queda de 0,21% aos 118.536 pontos <a href=\"https:\/\/www.suno.com.br\/artigos\/pregao\">no preg\u00e3o desta quarta-feira (1\u00ba)<\/a>, abalada pelo crescimento econ\u00f4mico abaixo das proje\u00e7\u00f5es e pela queda brusca do min\u00e9rio de ferro, que penaliza as companhias do segmento na bolsa.<\/p>\t<div class=\"wrapper-featured-image\">\n\t\t<figure class=\"spotlightImg\">\n\n\t\t\t<picture>\n\t\t\t\t<source media=\"(max-width: 768px)\" srcset=\"https:\/\/files.sunoresearch.com.br\/n\/uploads\/2019\/02\/9c71bb40-companhia-sider\u00fargica-nacional-400x200.webp\">\n\t\t\t\t<img loading=\"lazy\" decoding=\"async\" class=\"newsContent__article__imgCapa lazyloadDisabled \" src=\"https:\/\/files.sunoresearch.com.br\/n\/uploads\/2019\/02\/9c71bb40-companhia-sider\u00fargica-nacional-800x450.webp\" width=\"800\" height=\"450\" alt=\"Ibovespa abre caindo com min\u00e9rio de ferro e PIB; Vale (VALE3) cai 3%\" fetchpriority=high \/>\n\t\t\t<\/picture>\n\n\t\t\t<figcaption class=\"wp-caption-text wp-caption-text--show\">Ap\u00f3s agravamento da queda do min\u00e9rio de ferro, todas as companhias do segmento puxam as quedas do Ibovespa - Foto: Reprodu\u00e7\u00e3o<\/figcaption>\n\t\t<\/figure>\n\t<\/div>\n\n\n\t<p>\n\t\t<a href=\"https:\/\/lp.suno.com.br\/planilha-controle-gastos\/\" target=\"_blank\" data-element=\"shortcode-suno-banner\" title=\"Banner SUNO, clique e saiba mais\">\n\t\t\t<picture>\n\t\t\t\t<source media=\"(max-width: 500px)\" srcset=\"https:\/\/files.sunoresearch.com.br\/n\/uploads\/2023\/03\/400x300-Planilha-controle-de-gastos.png\">\n\t\t\t\t<img class=\"newsContent__article__imgCapa newsContent__article__imgCapa--banner\"\n\t\t\t\t\tsrc=\"https:\/\/files.sunoresearch.com.br\/n\/uploads\/2023\/03\/1420x240-Planilha-controle-de-gastos.png\"\n\t\t\t\t\tdata-promo-id=\"101751\"\t\t\t\t\t\t\t\t\t\twidth='1420' height='240'\t\t\t\t\talt=\"https:\/\/files.sunoresearch.com.br\/n\/uploads\/2023\/03\/1420x240-Planilha-controle-de-gastos.png\"\n\t\t\t\t>\n\t\t\t<\/picture>\n\t\t<\/a>\n\t<\/p>\n\n\n<p>O <strong>Ibovespa hoje<\/strong> conta com a recente divulga\u00e7\u00e3o do Produto Interno Bruto (PIB) do Brasil, em queda de 0,1% ante uma expectativa de 0,2% de alta. Desta forma, o crescimento anualizado \u00e9 de 12,4%.<\/p>\n\t<div data-element=\"shortcode-read-more\" class=\"knowMore\">\n\t\t\t\t<span class=\"knowMore__title\">Leia mais<\/span>\n\t\t\t\t<a class=\"knowMore__link\" href=\"https:\/\/www.suno.com.br\/noticias\/commodities-ibovespa-devolve-ganhos-maiores-baixas\/\">\n\t\t\tCom commodities sangrando, Ibovespa devolve ganhos de 2021; Veja as cinco maiores baixas\t\t<\/a>\n\t<\/div>\n\n\n<p>&#8220;Foi um n\u00famero um pouco inferior ao consenso do mercado. Ele sucede tr\u00eas trimestres consecutivos de crescimento. N\u00e3o creio que essa pequena surpresa deve gerar alguma revis\u00e3o muito significativa. A e expectativa \u00e9 que o segundo trimestre tenha n\u00fameros positivos, apesar de n\u00e3o t\u00e3o expressivos. Os n\u00fameros estimados para 2021 permanecem entre 5% e 5,5% de crescimento econ\u00f4mico&#8221;, analisa Jose Mauro Delella, consultor da Alta Vista investimentos.<\/p>\n<p>L\u00e1 fora, os indicadores da Europa jogam as bolsas para cima, com os PMIs em n\u00edveis acima do esperado &#8211; apesar do indicador do segmento industrial alem\u00e3o ter vindo em 62,6 ante expectativa de 62,7.<\/p>\n<p>Outro evento relevante que deve afetar a <strong>bolsa de valores hoje<\/strong> \u00e9 o discurso do Presidente do Federal Reserve (Fed) de Atlanta, Raphael Bostic, que ocorre \u00e0s 13h, podendo dar novo tom \u00e0 pol\u00edtica monet\u00e1ria americana.<\/p>\n<p>Al\u00e9m disso, o agravamento da queda do min\u00e9rio de ferro acarreta em uma desvaloriza\u00e7\u00e3o generalizada das companhias sider\u00fargicas e mineradoras, com queda da ordem de 3% na maior parte das companhias.<\/p>\n<h2>Not\u00edcias que v\u00e3o movimentar o Ibovespa hoje<\/h2>\n<ul>\n<li><b>Oi <\/b>tem nova CFO e diretora de RI<\/li>\n<li><b>CSN<\/b> e <strong>Renner<\/strong> concluem aquisi\u00e7\u00f5es<\/li>\n<li><strong>Eletrobras<\/strong> pagar\u00e1 outorgas \u00e0 Uni\u00e3o<\/li>\n<\/ul>\n<h3>Oi renova time executivo<\/h3>\n<p>O\u00a0<strong><a class=\"suno-keyword\" href=\"https:\/\/www.suno.com.br\/artigos\/conselho-administracao\/\" target=\"_blank\" rel=\"noopener\" data-force=\"no\" data-priority=\"1\">Conselho de Administra\u00e7\u00e3o<\/a><\/strong>\u00a0da\u00a0<strong><a class=\"suno-keyword\" href=\"https:\/\/www.suno.com.br\/acoes\/OIBR4\/\" target=\"_blank\" rel=\"noopener\" data-force=\"yes\" data-priority=\"2\">Oi<\/a><\/strong><a class=\"suno-keyword\" href=\"https:\/\/www.suno.com.br\/acoes\/OIBR4\/\" target=\"_blank\" rel=\"noopener\" data-force=\"yes\" data-priority=\"2\"> (OIBR3)<\/a> informou ao mercado na ter\u00e7a (31) que elegeu Cristiane Barretto Sales para assumir, a partir de 1\u00ba de setembro de 2021, os cargos de Diretora de Finan\u00e7as e de <a class=\"suno-keyword\" href=\"https:\/\/www.suno.com.br\/artigos\/relacoes-com-investidores\/\" target=\"_blank\" rel=\"noopener\" data-force=\"no\" data-priority=\"1\">Rela\u00e7\u00f5es com Investidores<\/a>. A CFO e DRI vai se reportar, segundo a companhia informa em\u00a0<strong><a class=\"suno-keyword\" href=\"https:\/\/www.suno.com.br\/artigos\/fato-relevante\/\" target=\"_blank\" rel=\"noopener\" data-force=\"no\" data-priority=\"1\">fato relevante<\/a><\/strong>, ao CEO Rodrigo Abreu.<\/p>\n<p>Cristiane vai substituir\u00a0<a href=\"https:\/\/www.suno.com.br\/noticias\/oi-oibr3-diretoria-saem-camille-faria-e-bernardo-winik\/\">Camille Loyo Faria, que se desligou<\/a> dos cargos de Diretora de Finan\u00e7as e de Rela\u00e7\u00f5es com Investidores. Al\u00e9m disso, foi tamb\u00e9m que Bernardo Kos Winik deixou os postos de Diretor de Clientes e Diretor Estatut\u00e1rio.<\/p>\n<p>Cristiane tem mais de 30 anos de atua\u00e7\u00e3o financeira em grandes empresas nacionais e multinacionais p\u00fablicas e privadas: \u201cPossui muita experi\u00eancia no setor de telecomunica\u00e7\u00f5es.\u201d<\/p>\n\t<p>\n\t\t<a href=\"https:\/\/lp.suno.com.br\/planilha-da-vida-financeira\/\" target=\"_blank\" data-element=\"shortcode-suno-banner\" title=\"Banner SUNO, clique e saiba mais\">\n\t\t\t<picture>\n\t\t\t\t<source media=\"(max-width: 500px)\" srcset=\"https:\/\/files.sunoresearch.com.br\/n\/uploads\/2023\/04\/400x300-Planilha-vida-financeira-true.png\">\n\t\t\t\t<img class=\"newsContent__article__imgCapa newsContent__article__imgCapa--banner\"\n\t\t\t\t\tsrc=\"https:\/\/files.sunoresearch.com.br\/n\/uploads\/2023\/04\/1420x240-Planilha-vida-financeira-true.png\"\n\t\t\t\t\tdata-promo-id=\"106682\"\t\t\t\t\t\t\t\t\t\twidth='1420' height='240'\t\t\t\t\talt=\"https:\/\/files.sunoresearch.com.br\/n\/uploads\/2023\/04\/1420x240-Planilha-vida-financeira-true.png\"\n\t\t\t\t>\n\t\t\t<\/picture>\n\t\t<\/a>\n\t<\/p>\n\n\n<p>A empresa tamb\u00e9m informa que. na fun\u00e7\u00e3o de CFO, Cristiane ser\u00e1 respons\u00e1vel \u201cpela continuidade da implementa\u00e7\u00e3o da estrat\u00e9gia financeira da companhia e foco na execu\u00e7\u00e3o de seu plano de transforma\u00e7\u00e3o, com \u00eanfase na otimiza\u00e7\u00e3o e simplifica\u00e7\u00e3o de suas opera\u00e7\u00f5es, na implementa\u00e7\u00e3o de uma nova <a class=\"suno-keyword\" href=\"https:\/\/www.suno.com.br\/artigos\/disciplina-financeira\/\" target=\"_blank\" rel=\"noopener\" data-force=\"no\" data-priority=\"1\">disciplina financeira<\/a>\u00a0e na conclus\u00e3o de todas as opera\u00e7\u00f5es extraordin\u00e1rias em andamento.\u201d<\/p>\n<p>No preg\u00e3o de hoje, as <strong>a\u00e7\u00f5es da Oi<\/strong> caem 4,51%.<\/p>\n<h3>CSN e Renner fecham compras<\/h3>\n<p>Em compras j\u00e1 anunciadas previamente, tanto a <strong><a class=\"suno-keyword\" href=\"https:\/\/www.suno.com.br\/acoes\/OIBR4\/\" target=\"_blank\" rel=\"noopener\" data-force=\"yes\" data-priority=\"2\">Companhia Sider\u00fargica Nacional <\/a><\/strong><a class=\"suno-keyword\" href=\"https:\/\/www.suno.com.br\/acoes\/OIBR4\/\" target=\"_blank\" rel=\"noopener\" data-force=\"yes\" data-priority=\"2\">(CSNA3)<\/a> quanto as \u00a0<strong><a class=\"suno-keyword\" href=\"https:\/\/www.suno.com.br\/acoes\/OIBR4\/\" target=\"_blank\" rel=\"noopener\" data-force=\"yes\" data-priority=\"2\">Lojas Renner<\/a><\/strong><a class=\"suno-keyword\" href=\"https:\/\/www.suno.com.br\/acoes\/OIBR4\/\" target=\"_blank\" rel=\"noopener\" data-force=\"yes\" data-priority=\"2\"> (LREN3)<\/a> informaram ao mercado terem conclu\u00eddo aquisi\u00e7\u00f5es recentes.<\/p>\n<p>No caso da primeira, foi confirmado que a CSN Cimentos, sua controlada, fechou a compra da Elizabeth Cimentos e da Elizabeth Minera\u00e7\u00e3o, ambas anunciadas no fim de junho, com neg\u00f3cio da ordem de R$ 1,08 bilh\u00e3o.<\/p>\n\t<p>\n\t\t<a href=\"https:\/\/lp.suno.com.br\/planilha-da-vida-financeira\/\" target=\"_blank\" data-element=\"shortcode-suno-banner\" title=\"Banner SUNO, clique e saiba mais\">\n\t\t\t<picture>\n\t\t\t\t<source media=\"(max-width: 500px)\" srcset=\"https:\/\/files.sunoresearch.com.br\/n\/uploads\/2023\/04\/400x300-Planilha-vida-financeira-true.png\">\n\t\t\t\t<img class=\"newsContent__article__imgCapa newsContent__article__imgCapa--banner\"\n\t\t\t\t\tsrc=\"https:\/\/files.sunoresearch.com.br\/n\/uploads\/2023\/04\/1420x240-Planilha-vida-financeira-true.png\"\n\t\t\t\t\tdata-promo-id=\"106682\"\t\t\t\t\t\t\t\t\t\twidth='1420' height='240'\t\t\t\t\talt=\"https:\/\/files.sunoresearch.com.br\/n\/uploads\/2023\/04\/1420x240-Planilha-vida-financeira-true.png\"\n\t\t\t\t>\n\t\t\t<\/picture>\n\t\t<\/a>\n\t<\/p>\n\n\n<p>No caso da varejista de vestu\u00e1rio, trata-se da compra da Repassa, que movimentou as a\u00e7\u00f5es da companhia \u00e0 \u00e9poca.<\/p>\n<p>A companhia adquirida \u00e9 uma plataforma online de revenda de roupas, cal\u00e7ados e acess\u00f3rios e que atua em todo territ\u00f3rio nacional. \u00c9 uma startup nativa digital com foco no p\u00fablico feminino, B e C+, e com ESG no centro do seu modelo de neg\u00f3cio, que tem a &#8220;miss\u00e3o de aumentar o ciclo de vida das pe\u00e7as&#8221;.<\/p>\n<p>Com a not\u00edcia, as <strong>a\u00e7\u00f5es da Renner <\/strong>ficam est\u00e1veis em 0,6% de queda, enquanto as <strong>a\u00e7\u00f5es da CSN <\/strong>caem 3% no <strong>Ibovespa nesta ter\u00e7a<\/strong>, acompanhando o movimento do min\u00e9rio.<\/p>\n<h3>Eletrobras pagar\u00e1 outorgas<\/h3>\n<p>Ainda na ter\u00e7a-feira (31), a Eletrobras (ELET3) informou que pagar\u00e1 R$ 23,2 bilh\u00f5es \u00e0 Uni\u00e3o pelas outorgas de 22 usinas hidrel\u00e9tricas que ter\u00e3o contratos renovados.<\/p>\n<p>A decis\u00e3o da companhia el\u00e9trica entoa a tese de privatiza\u00e7\u00e3o da companhia, j\u00e1 que o Planalto aprovou uma resolu\u00e7\u00e3o que define o valor do benef\u00edcio econ\u00f4mico dos novos contratos de concess\u00e3o da companhia.<\/p>\n\t<p>\n\t\t<a href=\"https:\/\/lp.suno.com.br\/ebook-como-analisar-uma-acao\/\" target=\"_blank\" data-element=\"shortcode-suno-banner\" title=\"Banner SUNO, clique e saiba mais\">\n\t\t\t<picture>\n\t\t\t\t<source media=\"(max-width: 500px)\" srcset=\"https:\/\/files.sunoresearch.com.br\/n\/uploads\/2023\/03\/Ebook-Acoes-Mobile-1.jpg\">\n\t\t\t\t<img class=\"newsContent__article__imgCapa newsContent__article__imgCapa--banner\"\n\t\t\t\t\tsrc=\"https:\/\/files.sunoresearch.com.br\/n\/uploads\/2023\/03\/Ebook-Acoes-Desktop-1.jpg\"\n\t\t\t\t\tdata-promo-id=\"171998\"\t\t\t\t\t\t\t\t\t\twidth='1420' height='286'\t\t\t\t\talt=\"https:\/\/files.sunoresearch.com.br\/n\/uploads\/2023\/03\/Ebook-Acoes-Desktop-1.jpg\"\n\t\t\t\t>\n\t\t\t<\/picture>\n\t\t<\/a>\n\t<\/p>\n\n\n<p>Nesse sentido, o Conselho Nacional de Pol\u00edtica Energ\u00e9tica (CNPE) firmou um montante de R$ 62,5 bilh\u00f5es como valor adicionado pelos novos contratos de concess\u00e3o de gera\u00e7\u00e3o de energia el\u00e9trica para as 22 usina<\/p>\n<p>As <strong>a\u00e7\u00f5es da Eletrobras<\/strong> encabe\u00e7am as altas, subindo 3% no <strong>Ibovespa hoje<\/strong>.<\/p>\n<h2>Destaques do Ibovespa<\/h2>\n<p>As principais altas no Ibovespa, por volta das 10h20 s\u00e3o:<\/p>\n<ul>\n<li><a href=\"https:\/\/www.suno.com.br\/acoes\/elet3\/\"><strong>Eletrobras <\/strong>(ELET3)<\/a>: +3,01%<\/li>\n<li><a href=\"https:\/\/www.suno.com.br\/acoes\/elet6\/\"><strong>Eletrobras <\/strong>(ELET6)<\/a>: +1,67%<\/li>\n<li><a href=\"https:\/\/www.suno.com.br\/acoes\/b3sa3\/\"><strong>B3 <\/strong>(B3SA3)<\/a>: +1,71%<\/li>\n<li><a href=\"https:\/\/www.suno.com.br\/acoes\/igta3\"><strong>Iguatemi <\/strong>(IGTA3)<\/a>: +1,46%<\/li>\n<li><a href=\"https:\/\/www.suno.com.br\/acoes\/eqtl3\/\"><strong>Equatorial <\/strong>(EQTL3)<\/a>: +1,57%<\/li>\n<\/ul>\n<p>No mesmo hor\u00e1rio, as principais quedas no Ibovespa eram:<\/p>\n<ul>\n<li><a href=\"https:\/\/www.suno.com.br\/acoes\/usim5\/\"><strong>Usiminas <\/strong>(USIM5)<\/a>: -4,47%<\/li>\n<li><a href=\"https:\/\/www.suno.com.br\/acoes\/csna3\/\"><strong>Companhia Sider\u00fargica Nacional <\/strong>(CSNA3)<\/a>: -3,64%<\/li>\n<li><a href=\"https:\/\/www.suno.com.br\/acoes\/goau4\/\"><strong>Gerdau Metais <\/strong>(GOAU4)<\/a>: -3,40%<\/li>\n<li><a href=\"https:\/\/www.suno.com.br\/acoes\/ggbr4\/\"><strong>Gerdau <\/strong>(GGBR4)<\/a>: -3,11%<\/li>\n<li><a href=\"https:\/\/www.suno.com.br\/acoes\/vale3\/\"><strong>Vale <\/strong>(VALE3)<\/a>: -2,87%<\/li>\n<\/ul>\n<h2>Principais \u00edndices<\/h2>\n<ul>\n<li><a href=\"https:\/\/www.suno.com.br\/artigos\/ifix\/\">IFIX<\/a>: +0,20%<\/li>\n<li><a href=\"https:\/\/www.suno.com.br\/artigos\/smll\/\">SMLL<\/a>: -1,04%<\/li>\n<li><a href=\"https:\/\/www.suno.com.br\/artigos\/idiv\/\">IDIV<\/a>: -0,20%<\/li>\n<li><a href=\"https:\/\/www.suno.com.br\/artigos\/ibrx\/\">IBRX 100<\/a>: -0,44%<\/li>\n<\/ul>\n<h2>Bolsas mundiais<\/h2>\n<p>Veja o desempenho dos principais \u00edndices acion\u00e1rios no exterior, al\u00e9m do \u00edndice Ibovespa<strong>:<\/strong><\/p>\n<ul>\n<li><a href=\"https:\/\/www.suno.com.br\/artigos\/futuro-de-sp-500\/\">Nova York (S&amp;P 500) futuro<\/a>: +0,20%<\/li>\n<li><a href=\"https:\/\/www.suno.com.br\/artigos\/indice-dow-jones-djia\/\">Nova York Dow Jones (DJIA) futuro<\/a>: +0,08%<\/li>\n<li><a href=\"https:\/\/www.suno.com.br\/artigos\/ftse-100\/\">Londres (FTSE 100)<\/a>: +0,48%<\/li>\n<li><a href=\"https:\/\/www.suno.com.br\/artigos\/dax-30\/\">Frankfurt (DAX 30)<\/a>: -0,08%<\/li>\n<li><a href=\"https:\/\/www.suno.com.br\/artigos\/cac-40\/\">Paris (CAC 40)<\/a>: +0,91%<\/li>\n<li><a href=\"https:\/\/www.suno.com.br\/artigos\/ftse-mib\/\">Mil\u00e3o (FTSE\/MIB)<\/a>: +0,52%<\/li>\n<li><a href=\"https:\/\/www.suno.com.br\/artigos\/hang-seng\/\">Hong Kong (Hang Seng)<\/a>: +0,58% (fechada)<\/li>\n<li><a href=\"https:\/\/www.suno.com.br\/artigos\/bolsa-de-xangai\/\">Xangai (SSE Composite)<\/a>: +0,65% (fechada)<\/li>\n<li><a href=\"https:\/\/www.suno.com.br\/artigos\/nikkei-225\/\">T\u00f3quio (Nikkei 225)<\/a>: +1,29% (fechada)<\/li>\n<\/ul>\n<h2>\u00daltima cota\u00e7\u00e3o do Ibovespa<\/h2>\n<p>No fechamento do preg\u00e3o da ter\u00e7a (31), o <strong>Ibovespa<\/strong> caiu 0,80%, a 118.781 pontos.<\/p>\n\t<p>\n\t\t<a href=\"https:\/\/lp.suno.com.br\/planilha-de-controle-de-investimentos\/\" target=\"_blank\" data-element=\"shortcode-suno-banner\" title=\"Banner SUNO, clique e saiba mais\">\n\t\t\t<picture>\n\t\t\t\t<source media=\"(max-width: 500px)\" srcset=\"https:\/\/files.sunoresearch.com.br\/n\/uploads\/2023\/03\/400x300-Controle-de-Investimentos.png\">\n\t\t\t\t<img class=\"newsContent__article__imgCapa newsContent__article__imgCapa--banner\"\n\t\t\t\t\tsrc=\"https:\/\/files.sunoresearch.com.br\/n\/uploads\/2023\/03\/1420x240-Controle-de-Investimentos.png\"\n\t\t\t\t\tdata-promo-id=\"75934\"\t\t\t\t\t\t\t\t\t\twidth='1420' height='240'\t\t\t\t\talt=\"https:\/\/files.sunoresearch.com.br\/n\/uploads\/2023\/03\/1420x240-Controle-de-Investimentos.png\"\n\t\t\t\t>\n\t\t\t<\/picture>\n\t\t<\/a>\n\t<\/p>\n\n\n","protected":false},"excerpt":{"rendered":"<p>Apesar do cen\u00e1rio externo favor\u00e1vel, o Ibovespa segue na dire\u00e7\u00e3o contr\u00e1ria em queda de 0,21% aos 118.536 pontos no preg\u00e3o desta quarta-feira (1\u00ba), abalada pelo crescimento econ\u00f4mico abaixo das proje\u00e7\u00f5es e pela queda brusca do min\u00e9rio de ferro, que penaliza as companhias do segmento na bolsa. Ap\u00f3s agravamento da queda do min\u00e9rio de ferro, todas [&hellip;]<\/p>\n","protected":false},"author":73,"featured_media":16306,"comment_status":"closed","ping_status":"closed","sticky":false,"template":"","format":"standard","meta":[],"categories":[60],"tags":[1388,455,105816,721,542,584,2609,675,676],"suno_strategy":[],"class_list":["post-180078","post","type-post","status-publish","format-standard","has-post-thumbnail","hentry","category-mercado","tag-csn-csna3","tag-eletrobras-elet3-elet5-elet6","tag-especialistas","tag-ibovespa","tag-lojas-renner-lren3","tag-oi-oibr3-oibr4","tag-usim5","tag-usiminas","tag-vale-vale3"],"yoast_head":"<!-- This site is optimized with the Yoast SEO plugin v24.4 - https:\/\/yoast.com\/wordpress\/plugins\/seo\/ -->\n<title>Ibovespa abre caindo com min\u00e9rio de ferro e PIB; Vale (VALE3) cai 3%<\/title>\n<meta name=\"description\" content=\"Com uma maior desvaloriza\u00e7\u00e3o do min\u00e9rio de ferro, todas as companhias do setor no Ibovespa puxam as quedas. Clique aqui e leia mais.\" \/>\n<meta name=\"robots\" content=\"index, follow, max-snippet:-1, max-image-preview:large, max-video-preview:-1\" \/>\n<link rel=\"canonical\" href=\"https:\/\/www.suno.com.br\/noticias\/ibovespa-abre-queda-minerio-pib-vale-vale3\/\" \/>\n<meta property=\"og:locale\" content=\"pt_BR\" \/>\n<meta property=\"og:type\" content=\"article\" \/>\n<meta property=\"og:title\" content=\"Ibovespa abre caindo com min\u00e9rio de ferro e PIB; Vale (VALE3) cai 3%\" \/>\n<meta property=\"og:description\" content=\"Com uma maior desvaloriza\u00e7\u00e3o do min\u00e9rio de ferro, todas as companhias do setor no Ibovespa puxam as quedas. Clique aqui e leia mais.\" \/>\n<meta property=\"og:url\" content=\"https:\/\/www.suno.com.br\/noticias\/ibovespa-abre-queda-minerio-pib-vale-vale3\/\" \/>\n<meta property=\"og:site_name\" content=\"Suno Not\u00edcias\" \/>\n<meta property=\"article:publisher\" content=\"https:\/\/facebook.com\/sunoresearch\" \/>\n<meta property=\"og:image\" content=\"https:\/\/files.sunoresearch.com.br\/n\/uploads\/2019\/02\/9c71bb40-companhia-sider\u00fargica-nacional-1024x793.jpg\" \/>\n\t<meta property=\"og:image:width\" content=\"1024\" \/>\n\t<meta property=\"og:image:height\" content=\"793\" \/>\n\t<meta property=\"og:image:type\" content=\"image\/jpeg\" \/>\n<meta name=\"author\" content=\"Eduardo Vargas\" \/>\n<meta name=\"twitter:card\" content=\"summary_large_image\" \/>\n<meta name=\"twitter:creator\" content=\"@sunoresearch\" \/>\n<meta name=\"twitter:site\" content=\"@sunoresearch\" \/>\n<meta name=\"twitter:label1\" content=\"Escrito por\" \/>\n\t<meta name=\"twitter:data1\" content=\"Eduardo Vargas\" \/>\n\t<meta name=\"twitter:label2\" content=\"Est. tempo de leitura\" \/>\n\t<meta name=\"twitter:data2\" content=\"4 minutos\" \/>\n<script type=\"application\/ld+json\" class=\"yoast-schema-graph\">{\"@context\":\"https:\/\/schema.org\",\"@graph\":[{\"@type\":\"NewsArticle\",\"@id\":\"https:\/\/www.suno.com.br\/noticias\/ibovespa-abre-queda-minerio-pib-vale-vale3\/#article\",\"isPartOf\":{\"@id\":\"https:\/\/www.suno.com.br\/noticias\/ibovespa-abre-queda-minerio-pib-vale-vale3\/\"},\"author\":{\"name\":\"Eduardo Vargas\",\"@id\":\"https:\/\/www.suno.com.br\/noticias\/#\/schema\/person\/7f4d362bf3518e76090143ae77bb49a5\"},\"headline\":\"Ibovespa abre caindo com min\u00e9rio de ferro e PIB; Vale (VALE3) cai 3%\",\"datePublished\":\"2021-09-01T13:40:00+00:00\",\"mainEntityOfPage\":{\"@id\":\"https:\/\/www.suno.com.br\/noticias\/ibovespa-abre-queda-minerio-pib-vale-vale3\/\"},\"wordCount\":972,\"publisher\":{\"@id\":\"https:\/\/www.suno.com.br\/noticias\/#organization\"},\"image\":{\"@id\":\"https:\/\/www.suno.com.br\/noticias\/ibovespa-abre-queda-minerio-pib-vale-vale3\/#primaryimage\"},\"thumbnailUrl\":\"https:\/\/files.sunoresearch.com.br\/n\/uploads\/2019\/02\/9c71bb40-companhia-sider\u00fargica-nacional-scaled.webp\",\"keywords\":[\"CSN (CSNA3)\",\"Eletrobras (ELET3\/ELET5\/ELET6)\",\"Especialistas\",\"Ibovespa\",\"Lojas Renner (LREN3)\",\"Oi (OIBR3\/OIBR4)\",\"USIM5\",\"Usiminas\",\"Vale (VALE3)\"],\"articleSection\":[\"Mercado\"],\"inLanguage\":\"pt-BR\"},{\"@type\":\"WebPage\",\"@id\":\"https:\/\/www.suno.com.br\/noticias\/ibovespa-abre-queda-minerio-pib-vale-vale3\/\",\"url\":\"https:\/\/www.suno.com.br\/noticias\/ibovespa-abre-queda-minerio-pib-vale-vale3\/\",\"name\":\"Ibovespa abre caindo com min\u00e9rio de ferro e PIB; Vale (VALE3) cai 3%\",\"isPartOf\":{\"@id\":\"https:\/\/www.suno.com.br\/noticias\/#website\"},\"primaryImageOfPage\":{\"@id\":\"https:\/\/www.suno.com.br\/noticias\/ibovespa-abre-queda-minerio-pib-vale-vale3\/#primaryimage\"},\"image\":{\"@id\":\"https:\/\/www.suno.com.br\/noticias\/ibovespa-abre-queda-minerio-pib-vale-vale3\/#primaryimage\"},\"thumbnailUrl\":\"https:\/\/files.sunoresearch.com.br\/n\/uploads\/2019\/02\/9c71bb40-companhia-sider\u00fargica-nacional-scaled.webp\",\"datePublished\":\"2021-09-01T13:40:00+00:00\",\"description\":\"Com uma maior desvaloriza\u00e7\u00e3o do min\u00e9rio de ferro, todas as companhias do setor no Ibovespa puxam as quedas. Clique aqui e leia mais.\",\"breadcrumb\":{\"@id\":\"https:\/\/www.suno.com.br\/noticias\/ibovespa-abre-queda-minerio-pib-vale-vale3\/#breadcrumb\"},\"inLanguage\":\"pt-BR\",\"potentialAction\":[{\"@type\":\"ReadAction\",\"target\":[\"https:\/\/www.suno.com.br\/noticias\/ibovespa-abre-queda-minerio-pib-vale-vale3\/\"]}]},{\"@type\":\"ImageObject\",\"inLanguage\":\"pt-BR\",\"@id\":\"https:\/\/www.suno.com.br\/noticias\/ibovespa-abre-queda-minerio-pib-vale-vale3\/#primaryimage\",\"url\":\"https:\/\/files.sunoresearch.com.br\/n\/uploads\/2019\/02\/9c71bb40-companhia-sider\u00fargica-nacional-scaled.webp\",\"contentUrl\":\"https:\/\/files.sunoresearch.com.br\/n\/uploads\/2019\/02\/9c71bb40-companhia-sider\u00fargica-nacional-scaled.webp\",\"width\":2560,\"height\":1983,\"caption\":\"Ap\u00f3s agravamento da queda do min\u00e9rio de ferro, todas as companhias do segmento puxam as quedas do Ibovespa - Foto: Reprodu\u00e7\u00e3o\"},{\"@type\":\"BreadcrumbList\",\"@id\":\"https:\/\/www.suno.com.br\/noticias\/ibovespa-abre-queda-minerio-pib-vale-vale3\/#breadcrumb\",\"itemListElement\":[{\"@type\":\"ListItem\",\"position\":1,\"name\":\"Not\u00edcias\",\"item\":\"https:\/\/www.suno.com.br\/noticias\/\"},{\"@type\":\"ListItem\",\"position\":2,\"name\":\"Mercado\",\"item\":\"https:\/\/www.suno.com.br\/noticias\/mercado\/\"},{\"@type\":\"ListItem\",\"position\":3,\"name\":\"Ibovespa abre caindo com min\u00e9rio de ferro e PIB; Vale (VALE3) cai 3%\"}]},{\"@type\":\"WebSite\",\"@id\":\"https:\/\/www.suno.com.br\/noticias\/#website\",\"url\":\"https:\/\/www.suno.com.br\/noticias\/\",\"name\":\"Suno Not\u00edcias\",\"description\":\"Seu portal de informa\u00e7\u00e3o sobre o mundo dos investimentos\",\"publisher\":{\"@id\":\"https:\/\/www.suno.com.br\/noticias\/#organization\"},\"potentialAction\":[{\"@type\":\"SearchAction\",\"target\":{\"@type\":\"EntryPoint\",\"urlTemplate\":\"https:\/\/www.suno.com.br\/noticias\/?s={search_term_string}\"},\"query-input\":{\"@type\":\"PropertyValueSpecification\",\"valueRequired\":true,\"valueName\":\"search_term_string\"}}],\"inLanguage\":\"pt-BR\"},{\"@type\":\"Organization\",\"@id\":\"https:\/\/www.suno.com.br\/noticias\/#organization\",\"name\":\"Suno Not\u00edcias\",\"url\":\"https:\/\/www.suno.com.br\/noticias\/\",\"logo\":{\"@type\":\"ImageObject\",\"inLanguage\":\"pt-BR\",\"@id\":\"https:\/\/www.suno.com.br\/noticias\/#\/schema\/logo\/image\/\",\"url\":\"https:\/\/files.sunoresearch.com.br\/n\/uploads\/2021\/09\/suno-logo.png\",\"contentUrl\":\"https:\/\/files.sunoresearch.com.br\/n\/uploads\/2021\/09\/suno-logo.png\",\"width\":180,\"height\":180,\"caption\":\"Suno Not\u00edcias\"},\"image\":{\"@id\":\"https:\/\/www.suno.com.br\/noticias\/#\/schema\/logo\/image\/\"},\"sameAs\":[\"https:\/\/facebook.com\/sunoresearch\",\"https:\/\/x.com\/sunoresearch\",\"https:\/\/www.instagram.com\/suno\",\"https:\/\/www.linkedin.com\/company\/suno-research\/\",\"https:\/\/www.youtube.com\/c\/sunoresearch\"]},{\"@type\":\"Person\",\"@id\":\"https:\/\/www.suno.com.br\/noticias\/#\/schema\/person\/7f4d362bf3518e76090143ae77bb49a5\",\"name\":\"Eduardo Vargas\",\"image\":{\"@type\":\"ImageObject\",\"inLanguage\":\"pt-BR\",\"@id\":\"https:\/\/www.suno.com.br\/noticias\/#\/schema\/person\/image\/\",\"url\":\"https:\/\/secure.gravatar.com\/avatar\/dac340933427a22924c9f99d1eb2e3f2?s=96&r=g\",\"contentUrl\":\"https:\/\/secure.gravatar.com\/avatar\/dac340933427a22924c9f99d1eb2e3f2?s=96&r=g\",\"caption\":\"Eduardo Vargas\"},\"description\":\"Jornalista formado pela UFSC, cobre macroeconomia, neg\u00f3cios e startups para o Suno Not\u00edcias, escrevendo principalmente not\u00edcias sobre o mercado financeiro e a bolsa de valores. No YouTube e no Instagram, \u00e9 respons\u00e1vel pela produ\u00e7\u00e3o de Reels e Shorts do Suno Not\u00edcias. Anteriormente, trabalhou cobrindo economia e cotidiano no ND+ e para o ND, maior jornal impresso de Santa Catarina. Cursou um semestre letivo de Estudos de M\u00eddia na Universidad de Buenos Aires.\",\"url\":\"https:\/\/www.suno.com.br\/noticias\/author\/eduardo-vargas\/\"}]}<\/script>\n<!-- \/ Yoast SEO plugin. -->","yoast_head_json":{"title":"Ibovespa abre caindo com min\u00e9rio de ferro e PIB; Vale (VALE3) cai 3%","description":"Com uma maior desvaloriza\u00e7\u00e3o do min\u00e9rio de ferro, todas as companhias do setor no Ibovespa puxam as quedas. Clique aqui e leia mais.","robots":{"index":"index","follow":"follow","max-snippet":"max-snippet:-1","max-image-preview":"max-image-preview:large","max-video-preview":"max-video-preview:-1"},"canonical":"https:\/\/www.suno.com.br\/noticias\/ibovespa-abre-queda-minerio-pib-vale-vale3\/","og_locale":"pt_BR","og_type":"article","og_title":"Ibovespa abre caindo com min\u00e9rio de ferro e PIB; Vale (VALE3) cai 3%","og_description":"Com uma maior desvaloriza\u00e7\u00e3o do min\u00e9rio de ferro, todas as companhias do setor no Ibovespa puxam as quedas. Clique aqui e leia mais.","og_url":"https:\/\/www.suno.com.br\/noticias\/ibovespa-abre-queda-minerio-pib-vale-vale3\/","og_site_name":"Suno Not\u00edcias","article_publisher":"https:\/\/facebook.com\/sunoresearch","og_image":[{"width":1024,"height":793,"url":"https:\/\/files.sunoresearch.com.br\/n\/uploads\/2019\/02\/9c71bb40-companhia-sider\u00fargica-nacional-1024x793.jpg","type":"image\/jpeg"}],"author":"Eduardo Vargas","twitter_card":"summary_large_image","twitter_creator":"@sunoresearch","twitter_site":"@sunoresearch","twitter_misc":{"Escrito por":"Eduardo Vargas","Est. tempo de leitura":"4 minutos"},"schema":{"@context":"https:\/\/schema.org","@graph":[{"@type":"NewsArticle","@id":"https:\/\/www.suno.com.br\/noticias\/ibovespa-abre-queda-minerio-pib-vale-vale3\/#article","isPartOf":{"@id":"https:\/\/www.suno.com.br\/noticias\/ibovespa-abre-queda-minerio-pib-vale-vale3\/"},"author":{"name":"Eduardo Vargas","@id":"https:\/\/www.suno.com.br\/noticias\/#\/schema\/person\/7f4d362bf3518e76090143ae77bb49a5"},"headline":"Ibovespa abre caindo com min\u00e9rio de ferro e PIB; Vale (VALE3) cai 3%","datePublished":"2021-09-01T13:40:00+00:00","mainEntityOfPage":{"@id":"https:\/\/www.suno.com.br\/noticias\/ibovespa-abre-queda-minerio-pib-vale-vale3\/"},"wordCount":972,"publisher":{"@id":"https:\/\/www.suno.com.br\/noticias\/#organization"},"image":{"@id":"https:\/\/www.suno.com.br\/noticias\/ibovespa-abre-queda-minerio-pib-vale-vale3\/#primaryimage"},"thumbnailUrl":"https:\/\/files.sunoresearch.com.br\/n\/uploads\/2019\/02\/9c71bb40-companhia-sider\u00fargica-nacional-scaled.webp","keywords":["CSN (CSNA3)","Eletrobras (ELET3\/ELET5\/ELET6)","Especialistas","Ibovespa","Lojas Renner (LREN3)","Oi (OIBR3\/OIBR4)","USIM5","Usiminas","Vale (VALE3)"],"articleSection":["Mercado"],"inLanguage":"pt-BR"},{"@type":"WebPage","@id":"https:\/\/www.suno.com.br\/noticias\/ibovespa-abre-queda-minerio-pib-vale-vale3\/","url":"https:\/\/www.suno.com.br\/noticias\/ibovespa-abre-queda-minerio-pib-vale-vale3\/","name":"Ibovespa abre caindo com min\u00e9rio de ferro e PIB; Vale (VALE3) cai 3%","isPartOf":{"@id":"https:\/\/www.suno.com.br\/noticias\/#website"},"primaryImageOfPage":{"@id":"https:\/\/www.suno.com.br\/noticias\/ibovespa-abre-queda-minerio-pib-vale-vale3\/#primaryimage"},"image":{"@id":"https:\/\/www.suno.com.br\/noticias\/ibovespa-abre-queda-minerio-pib-vale-vale3\/#primaryimage"},"thumbnailUrl":"https:\/\/files.sunoresearch.com.br\/n\/uploads\/2019\/02\/9c71bb40-companhia-sider\u00fargica-nacional-scaled.webp","datePublished":"2021-09-01T13:40:00+00:00","description":"Com uma maior desvaloriza\u00e7\u00e3o do min\u00e9rio de ferro, todas as companhias do setor no Ibovespa puxam as quedas. Clique aqui e leia mais.","breadcrumb":{"@id":"https:\/\/www.suno.com.br\/noticias\/ibovespa-abre-queda-minerio-pib-vale-vale3\/#breadcrumb"},"inLanguage":"pt-BR","potentialAction":[{"@type":"ReadAction","target":["https:\/\/www.suno.com.br\/noticias\/ibovespa-abre-queda-minerio-pib-vale-vale3\/"]}]},{"@type":"ImageObject","inLanguage":"pt-BR","@id":"https:\/\/www.suno.com.br\/noticias\/ibovespa-abre-queda-minerio-pib-vale-vale3\/#primaryimage","url":"https:\/\/files.sunoresearch.com.br\/n\/uploads\/2019\/02\/9c71bb40-companhia-sider\u00fargica-nacional-scaled.webp","contentUrl":"https:\/\/files.sunoresearch.com.br\/n\/uploads\/2019\/02\/9c71bb40-companhia-sider\u00fargica-nacional-scaled.webp","width":2560,"height":1983,"caption":"Ap\u00f3s agravamento da queda do min\u00e9rio de ferro, todas as companhias do segmento puxam as quedas do Ibovespa - Foto: Reprodu\u00e7\u00e3o"},{"@type":"BreadcrumbList","@id":"https:\/\/www.suno.com.br\/noticias\/ibovespa-abre-queda-minerio-pib-vale-vale3\/#breadcrumb","itemListElement":[{"@type":"ListItem","position":1,"name":"Not\u00edcias","item":"https:\/\/www.suno.com.br\/noticias\/"},{"@type":"ListItem","position":2,"name":"Mercado","item":"https:\/\/www.suno.com.br\/noticias\/mercado\/"},{"@type":"ListItem","position":3,"name":"Ibovespa abre caindo com min\u00e9rio de ferro e PIB; Vale (VALE3) cai 3%"}]},{"@type":"WebSite","@id":"https:\/\/www.suno.com.br\/noticias\/#website","url":"https:\/\/www.suno.com.br\/noticias\/","name":"Suno Not\u00edcias","description":"Seu portal de informa\u00e7\u00e3o sobre o mundo dos investimentos","publisher":{"@id":"https:\/\/www.suno.com.br\/noticias\/#organization"},"potentialAction":[{"@type":"SearchAction","target":{"@type":"EntryPoint","urlTemplate":"https:\/\/www.suno.com.br\/noticias\/?s={search_term_string}"},"query-input":{"@type":"PropertyValueSpecification","valueRequired":true,"valueName":"search_term_string"}}],"inLanguage":"pt-BR"},{"@type":"Organization","@id":"https:\/\/www.suno.com.br\/noticias\/#organization","name":"Suno Not\u00edcias","url":"https:\/\/www.suno.com.br\/noticias\/","logo":{"@type":"ImageObject","inLanguage":"pt-BR","@id":"https:\/\/www.suno.com.br\/noticias\/#\/schema\/logo\/image\/","url":"https:\/\/files.sunoresearch.com.br\/n\/uploads\/2021\/09\/suno-logo.png","contentUrl":"https:\/\/files.sunoresearch.com.br\/n\/uploads\/2021\/09\/suno-logo.png","width":180,"height":180,"caption":"Suno Not\u00edcias"},"image":{"@id":"https:\/\/www.suno.com.br\/noticias\/#\/schema\/logo\/image\/"},"sameAs":["https:\/\/facebook.com\/sunoresearch","https:\/\/x.com\/sunoresearch","https:\/\/www.instagram.com\/suno","https:\/\/www.linkedin.com\/company\/suno-research\/","https:\/\/www.youtube.com\/c\/sunoresearch"]},{"@type":"Person","@id":"https:\/\/www.suno.com.br\/noticias\/#\/schema\/person\/7f4d362bf3518e76090143ae77bb49a5","name":"Eduardo Vargas","image":{"@type":"ImageObject","inLanguage":"pt-BR","@id":"https:\/\/www.suno.com.br\/noticias\/#\/schema\/person\/image\/","url":"https:\/\/secure.gravatar.com\/avatar\/dac340933427a22924c9f99d1eb2e3f2?s=96&r=g","contentUrl":"https:\/\/secure.gravatar.com\/avatar\/dac340933427a22924c9f99d1eb2e3f2?s=96&r=g","caption":"Eduardo Vargas"},"description":"Jornalista formado pela UFSC, cobre macroeconomia, neg\u00f3cios e startups para o Suno Not\u00edcias, escrevendo principalmente not\u00edcias sobre o mercado financeiro e a bolsa de valores. No YouTube e no Instagram, \u00e9 respons\u00e1vel pela produ\u00e7\u00e3o de Reels e Shorts do Suno Not\u00edcias. Anteriormente, trabalhou cobrindo economia e cotidiano no ND+ e para o ND, maior jornal impresso de Santa Catarina. Cursou um semestre letivo de Estudos de M\u00eddia na Universidad de Buenos Aires.","url":"https:\/\/www.suno.com.br\/noticias\/author\/eduardo-vargas\/"}]}},"default_loop_html":"<div class=\"cardsPage__listCard__boxs\"><div class=\"cardsPage__listCard__boxs__img\"><a href=\"https:\/\/www.suno.com.br\/noticias\/ibovespa-abre-queda-minerio-pib-vale-vale3\/\"><img class=\"mask\" src=\"https:\/\/www.suno.com.br\/noticias\/wp-content\/themes\/suno\/resources\/images\/spotlight\/spotlight1img\/bg-mask.png\" alt=\"Image Mask\"\/><img src=\"https:\/\/files.sunoresearch.com.br\/n\/uploads\/2019\/02\/9c71bb40-companhia-sider\u00fargica-nacional-400x200.webp\" alt=\"Ibovespa abre caindo com min\u00e9rio de ferro e PIB; Vale (VALE3) cai 3%\"\/><\/a><span class=\"spotlightCategory\"><a href=\"https:\/\/www.suno.com.br\/noticias\/mercado\/\">Mercado<\/a><\/span><\/div><div class=\"cardsPage__listCard__boxs__content\"><a href=\"https:\/\/www.suno.com.br\/noticias\/ibovespa-abre-queda-minerio-pib-vale-vale3\/\"><h2 class=\"content__title\">Ibovespa abre caindo com min\u00e9rio de ferro e PIB; Vale (VALE3) cai 3%<\/h2><\/a><div class=\"newsContent__article__meta\"><div class=\"newsContent__article__meta__authorBox\"><a href=\"https:\/\/www.suno.com.br\/noticias\/author\/eduardo-vargas\/\" class=\"authorBox__avatar noMobi\"><img src=\"https:\/\/secure.gravatar.com\/avatar\/dac340933427a22924c9f99d1eb2e3f2?s=96&#038;r=g\" alt=\"Eduardo Vargas\"><\/a><div class=\"authorBox__name\"><span>por\n\t\t\t<a href=\"https:\/\/www.suno.com.br\/noticias\/author\/eduardo-vargas\/\"><span itemprop=\"author\">Eduardo Vargas<\/span><\/a><\/span><time datetime=\"2021-09-01T10:40:00-03:00\" itemprop=\"datePublished\">01\/09\/2021 10:40<\/time><\/div><\/div><\/div><\/div><\/div>","single_layout":"posts","amp_enabled":true,"_links":{"self":[{"href":"https:\/\/www.suno.com.br\/noticias\/wp-json\/wp\/v2\/posts\/180078"}],"collection":[{"href":"https:\/\/www.suno.com.br\/noticias\/wp-json\/wp\/v2\/posts"}],"about":[{"href":"https:\/\/www.suno.com.br\/noticias\/wp-json\/wp\/v2\/types\/post"}],"author":[{"embeddable":true,"href":"https:\/\/www.suno.com.br\/noticias\/wp-json\/wp\/v2\/users\/73"}],"replies":[{"embeddable":true,"href":"https:\/\/www.suno.com.br\/noticias\/wp-json\/wp\/v2\/comments?post=180078"}],"version-history":[{"count":4,"href":"https:\/\/www.suno.com.br\/noticias\/wp-json\/wp\/v2\/posts\/180078\/revisions"}],"predecessor-version":[{"id":180423,"href":"https:\/\/www.suno.com.br\/noticias\/wp-json\/wp\/v2\/posts\/180078\/revisions\/180423"}],"wp:featuredmedia":[{"embeddable":true,"href":"https:\/\/www.suno.com.br\/noticias\/wp-json\/wp\/v2\/media\/16306"}],"wp:attachment":[{"href":"https:\/\/www.suno.com.br\/noticias\/wp-json\/wp\/v2\/media?parent=180078"}],"wp:term":[{"taxonomy":"category","embeddable":true,"href":"https:\/\/www.suno.com.br\/noticias\/wp-json\/wp\/v2\/categories?post=180078"},{"taxonomy":"post_tag","embeddable":true,"href":"https:\/\/www.suno.com.br\/noticias\/wp-json\/wp\/v2\/tags?post=180078"},{"taxonomy":"suno_strategy","embeddable":true,"href":"https:\/\/www.suno.com.br\/noticias\/wp-json\/wp\/v2\/suno_strategy?post=180078"}],"curies":[{"name":"wp","href":"https:\/\/api.w.org\/{rel}","templated":true}]}}