{"id":180012,"date":"2021-08-31T23:20:14","date_gmt":"2021-09-01T02:20:14","guid":{"rendered":"https:\/\/www.suno.com.br\/noticias\/?p=180012"},"modified":"2021-08-31T23:20:14","modified_gmt":"2021-09-01T02:20:14","slug":"oi-oibr3-cristiane-sales-diretora-financeira-ri","status":"publish","type":"post","link":"https:\/\/www.suno.com.br\/noticias\/oi-oibr3-cristiane-sales-diretora-financeira-ri\/","title":{"rendered":"Oi (OIBR3): Cristiane Barreto Sales, ex-Claro, \u00e9 eleita diretora financeira e de RI"},"content":{"rendered":"<p>O <strong><a class=\"suno-keyword\" href=\"https:\/\/www.suno.com.br\/artigos\/conselho-administracao\/\" target=\"_blank\" rel=\"noopener\" data-force=\"no\" data-priority=\"1\">Conselho de Administra\u00e7\u00e3o<\/a><\/strong> da <strong><a class=\"suno-keyword\" href=\"https:\/\/www.suno.com.br\/acoes\/OIBR4\/\" target=\"_blank\" rel=\"noopener\" data-force=\"yes\" data-priority=\"2\">Oi (OIBR3)<\/a>, <\/strong>empresa de telecomunica\u00e7\u00e3o em recupera\u00e7\u00e3o judicial, elegeu nesta ter\u00e7a (31) Cristiane Barretto Sales para assumir, a partir de 1\u00ba de setembro de 2021, os cargos de Diretora de Finan\u00e7as e de <a class=\"suno-keyword\" href=\"https:\/\/www.suno.com.br\/artigos\/relacoes-com-investidores\/\" target=\"_blank\" rel=\"noopener\" data-force=\"no\" data-priority=\"1\">Rela\u00e7\u00f5es com Investidores<\/a>. A CFO e DRI vai se reportar, segundo a companhia informa em <strong><a class=\"suno-keyword\" href=\"https:\/\/www.suno.com.br\/artigos\/fato-relevante\/\" target=\"_blank\" rel=\"noopener\" data-force=\"no\" data-priority=\"1\">fato relevante<\/a><\/strong>, ao CEO Rodrigo Abreu.<\/p>\t<div class=\"wrapper-featured-image\">\n\t\t<figure class=\"spotlightImg\">\n\n\t\t\t<picture>\n\t\t\t\t<source media=\"(max-width: 768px)\" srcset=\"https:\/\/files.sunoresearch.com.br\/n\/uploads\/2021\/07\/3c4b703c-oi-oibr3-divulgacao-400x200.jpg\">\n\t\t\t\t<img loading=\"lazy\" decoding=\"async\" class=\"newsContent__article__imgCapa lazyloadDisabled \" src=\"https:\/\/files.sunoresearch.com.br\/n\/uploads\/2021\/07\/3c4b703c-oi-oibr3-divulgacao-800x450.jpg\" width=\"800\" height=\"450\" alt=\"Oi (OIBR3): Cristiane Barreto Sales, ex-Claro, \u00e9 eleita diretora financeira e de RI\" fetchpriority=high \/>\n\t\t\t<\/picture>\n\n\t\t\t<figcaption class=\"wp-caption-text wp-caption-text--show\">Oi (OIBR3) planeja vender V.Tal, Oi Solu\u00e7\u00f5es, banda larga, im\u00f3veis e mais para pagar credores. Foto: Divulga\u00e7\u00e3o<\/figcaption>\n\t\t<\/figure>\n\t<\/div>\n\n\n\t<p>\n\t\t<a href=\"https:\/\/lp.suno.com.br\/planilha-controle-gastos\/\" target=\"_blank\" data-element=\"shortcode-suno-banner\" title=\"Banner SUNO, clique e saiba mais\">\n\t\t\t<picture>\n\t\t\t\t<source media=\"(max-width: 500px)\" srcset=\"https:\/\/files.sunoresearch.com.br\/n\/uploads\/2023\/03\/400x300-Planilha-controle-de-gastos.png\">\n\t\t\t\t<img class=\"newsContent__article__imgCapa newsContent__article__imgCapa--banner\"\n\t\t\t\t\tsrc=\"https:\/\/files.sunoresearch.com.br\/n\/uploads\/2023\/03\/1420x240-Planilha-controle-de-gastos.png\"\n\t\t\t\t\tdata-promo-id=\"101751\"\t\t\t\t\t\t\t\t\t\twidth='1420' height='240'\t\t\t\t\talt=\"https:\/\/files.sunoresearch.com.br\/n\/uploads\/2023\/03\/1420x240-Planilha-controle-de-gastos.png\"\n\t\t\t\t>\n\t\t\t<\/picture>\n\t\t<\/a>\n\t<\/p>\n\n\n<p>Cristiane vai substituir <strong><a href=\"https:\/\/www.suno.com.br\/noticias\/oi-oibr3-diretoria-saem-camille-faria-e-bernardo-winik\/\">Camille Loyo Faria, que se desligou<\/a><\/strong> dos cargos de Diretora de Finan\u00e7as e de\u00a0Rela\u00e7\u00f5es com Investidores nesta ter\u00e7a. Hoje foi anunciado tamb\u00e9m que Bernardo Kos Winik deixou os postos de Diretor de Clientes e Diretor Estatut\u00e1rio.<\/p>\n<p>Cristiane, de acordo com a Oi, tem mais de 30 anos de atua\u00e7\u00e3o financeira em grandes empresas nacionais e multinacionais p\u00fablicas e privadas: &#8220;Possui muita experi\u00eancia no <strong>setor de telecomunica\u00e7\u00f5es<\/strong>.&#8221;<\/p>\n<p>A executiva ocupava a posi\u00e7\u00e3o de Diretora Executiva de Planejamento e Gest\u00e3o Financeira na Claro Brasil. &#8220;Antes disso, Cristiane foi Conselheira de Administra\u00e7\u00e3o e CFO da Liq (antiga Contax), em que coordenou o in\u00edcio do processo de <strong>reestrutura\u00e7\u00e3o financeira<\/strong> da companhia&#8221;, afirma a nota da Oi.<\/p>\n\t<p>\n\t\t<a href=\"https:\/\/lp.suno.com.br\/planilha-da-vida-financeira\/\" target=\"_blank\" data-element=\"shortcode-suno-banner\" title=\"Banner SUNO, clique e saiba mais\">\n\t\t\t<picture>\n\t\t\t\t<source media=\"(max-width: 500px)\" srcset=\"https:\/\/files.sunoresearch.com.br\/n\/uploads\/2023\/04\/400x300-Planilha-vida-financeira-true.png\">\n\t\t\t\t<img class=\"newsContent__article__imgCapa newsContent__article__imgCapa--banner\"\n\t\t\t\t\tsrc=\"https:\/\/files.sunoresearch.com.br\/n\/uploads\/2023\/04\/1420x240-Planilha-vida-financeira-true.png\"\n\t\t\t\t\tdata-promo-id=\"106682\"\t\t\t\t\t\t\t\t\t\twidth='1420' height='240'\t\t\t\t\talt=\"https:\/\/files.sunoresearch.com.br\/n\/uploads\/2023\/04\/1420x240-Planilha-vida-financeira-true.png\"\n\t\t\t\t>\n\t\t\t<\/picture>\n\t\t<\/a>\n\t<\/p>\n\n\n<h2>OI: nova CFO trabalhou na Telefonica <a class=\"suno-keyword\" href=\"https:\/\/www.suno.com.br\/acoes\/VIVT3\/\" target=\"_blank\" rel=\"noopener\" data-force=\"yes\" data-priority=\"2\">Vivo (VIVT3)<\/a><\/h2>\n<p>Cristiane atuou, ainda, por 15 anos na Telefonica Vivo (VIVT3), onde come\u00e7ou como Diretora Financeira da Tele Leste Celular Participa\u00e7\u00f5es, nas opera\u00e7\u00f5es da Bahia e Sergipe, antes de ocupar, na sequ\u00eancia, j\u00e1 como Vivo Brasil, os cargos de Diretora de Or\u00e7amento e Controle de Gest\u00e3o, Vice Presidente Executiva de Finan\u00e7as Planejamento e Controle, Diretora executiva de Controladoria, Diretora Executiva de Estrat\u00e9gia e Rela\u00e7\u00e3o com Investidores e Vice-Presidente de Gest\u00e3o de Clientes, Estrat\u00e9gia e Qualidade.<\/p>\n\t<p>\n\t\t<a href=\"https:\/\/lp.suno.com.br\/planilha-de-controle-de-investimentos\/\" target=\"_blank\" data-element=\"shortcode-suno-banner\" title=\"Banner SUNO, clique e saiba mais\">\n\t\t\t<picture>\n\t\t\t\t<source media=\"(max-width: 500px)\" srcset=\"https:\/\/files.sunoresearch.com.br\/n\/uploads\/2023\/03\/400x300-Controle-de-Investimentos.png\">\n\t\t\t\t<img class=\"newsContent__article__imgCapa newsContent__article__imgCapa--banner\"\n\t\t\t\t\tsrc=\"https:\/\/files.sunoresearch.com.br\/n\/uploads\/2023\/03\/1420x240-Controle-de-Investimentos.png\"\n\t\t\t\t\tdata-promo-id=\"75934\"\t\t\t\t\t\t\t\t\t\twidth='1420' height='240'\t\t\t\t\talt=\"https:\/\/files.sunoresearch.com.br\/n\/uploads\/2023\/03\/1420x240-Controle-de-Investimentos.png\"\n\t\t\t\t>\n\t\t\t<\/picture>\n\t\t<\/a>\n\t<\/p>\n\n\n<p>Cristiane come\u00e7ou a carreira na Arthur Andersen, em que trabalhou por dez anos, at\u00e9 se tornar Gerente S\u00eanior de Auditoria. \u00c9 formada em Administra\u00e7\u00e3o de Empresas pela Universidade Salvador, e possui MBAs com \u00eanfase em telecomunica\u00e7\u00f5es pela <strong>Funda\u00e7\u00e3o Get\u00falio Vargas<\/strong> e pela IESE Business School, da Universidade de Navarra, na Espanha.<\/p>\n\n\t<div data-element=\"shortcode-read-more\" class=\"readToo\">\n\t\t\t\t<span class=\"readToo__title\">Leia mais<\/span>\n\t\t\t\t<ul class=\"readToo__list\">\n\t\t\t<li><a href=\"https:\/\/www.suno.com.br\/noticias\/oi-oibr3-fibra-otica-sul-40-cidades\/\">Oi (OIBR3) investe R$ 638 mi em fibra \u00f3tica no Sul e alcan\u00e7a 40 cidades<\/a><\/li><li><a href=\"https:\/\/www.suno.com.br\/noticias\/oi-oibr3-geracao-caixa-recuperandas-junho-2021\/\">Oi (OIBR3) teve gera\u00e7\u00e3o de caixa das recuperandas negativa em R$ 260 mi em junho<\/a><\/li>\t\t<\/ul>\n\t<\/div>\n\n\n<p>A <strong>Oi<\/strong> informa ainda que, na fun\u00e7\u00e3o de CFO, Cristiane ser\u00e1 respons\u00e1vel &#8220;pela continuidade da implementa\u00e7\u00e3o da estrat\u00e9gia financeira da companhia e foco na execu\u00e7\u00e3o de seu plano de transforma\u00e7\u00e3o, com \u00eanfase na otimiza\u00e7\u00e3o e simplifica\u00e7\u00e3o de suas opera\u00e7\u00f5es, na implementa\u00e7\u00e3o de uma nova <a class=\"suno-keyword\" href=\"https:\/\/www.suno.com.br\/artigos\/disciplina-financeira\/\" target=\"_blank\" rel=\"noopener\" data-force=\"no\" data-priority=\"1\">disciplina financeira<\/a> e na conclus\u00e3o de todas as opera\u00e7\u00f5es extraordin\u00e1rias em andamento.&#8221;<\/p>\n\t<p>\n\t\t<a href=\"https:\/\/lp.suno.com.br\/ebook-como-analisar-uma-acao\/\" target=\"_blank\" data-element=\"shortcode-suno-banner\" title=\"Banner SUNO, clique e saiba mais\">\n\t\t\t<picture>\n\t\t\t\t<source media=\"(max-width: 500px)\" srcset=\"https:\/\/files.sunoresearch.com.br\/n\/uploads\/2023\/03\/Ebook-Acoes-Mobile-1.jpg\">\n\t\t\t\t<img class=\"newsContent__article__imgCapa newsContent__article__imgCapa--banner\"\n\t\t\t\t\tsrc=\"https:\/\/files.sunoresearch.com.br\/n\/uploads\/2023\/03\/Ebook-Acoes-Desktop-1.jpg\"\n\t\t\t\t\tdata-promo-id=\"171998\"\t\t\t\t\t\t\t\t\t\twidth='1420' height='286'\t\t\t\t\talt=\"https:\/\/files.sunoresearch.com.br\/n\/uploads\/2023\/03\/Ebook-Acoes-Desktop-1.jpg\"\n\t\t\t\t>\n\t\t\t<\/picture>\n\t\t<\/a>\n\t<\/p>\n\n\n","protected":false},"excerpt":{"rendered":"<p>O Conselho de Administra\u00e7\u00e3o da Oi (OIBR3), empresa de telecomunica\u00e7\u00e3o em recupera\u00e7\u00e3o judicial, elegeu nesta ter\u00e7a (31) Cristiane Barretto Sales para assumir, a partir de 1\u00ba de setembro de 2021, os cargos de Diretora de Finan\u00e7as e de Rela\u00e7\u00f5es com Investidores. A CFO e DRI vai se reportar, segundo a companhia informa em fato relevante, [&hellip;]<\/p>\n","protected":false},"author":98,"featured_media":170137,"comment_status":"closed","ping_status":"closed","sticky":false,"template":"","format":"standard","meta":[],"categories":[64],"tags":[584],"suno_strategy":[],"class_list":["post-180012","post","type-post","status-publish","format-standard","has-post-thumbnail","hentry","category-negocios","tag-oi-oibr3-oibr4"],"yoast_head":"<!-- This site is optimized with the Yoast SEO plugin v24.4 - https:\/\/yoast.com\/wordpress\/plugins\/seo\/ -->\n<title>Oi (OIBR3): Cristiane Barreto Sales \u00e9 eleita diretora financeira e de RI<\/title>\n<meta name=\"description\" content=\"Ex-Claro, Cristiane Barreto Sales vai substituir Camille Loyo Faria, que se desligou desses cargos nesta ter\u00e7a. Leia mais sobre a OI aqui\" \/>\n<meta name=\"robots\" content=\"index, follow, max-snippet:-1, max-image-preview:large, max-video-preview:-1\" \/>\n<link rel=\"canonical\" href=\"https:\/\/www.suno.com.br\/noticias\/oi-oibr3-cristiane-sales-diretora-financeira-ri\/\" \/>\n<meta property=\"og:locale\" content=\"pt_BR\" \/>\n<meta property=\"og:type\" content=\"article\" \/>\n<meta property=\"og:title\" content=\"Oi (OIBR3): Cristiane Barreto Sales \u00e9 eleita diretora financeira e de RI\" \/>\n<meta property=\"og:description\" content=\"Ex-Claro, Cristiane Barreto Sales vai substituir Camille Loyo Faria, que se desligou desses cargos nesta ter\u00e7a. Leia mais sobre a OI aqui\" \/>\n<meta property=\"og:url\" content=\"https:\/\/www.suno.com.br\/noticias\/oi-oibr3-cristiane-sales-diretora-financeira-ri\/\" \/>\n<meta property=\"og:site_name\" content=\"Suno Not\u00edcias\" \/>\n<meta property=\"article:publisher\" content=\"https:\/\/facebook.com\/sunoresearch\" \/>\n<meta property=\"og:image\" content=\"https:\/\/files.sunoresearch.com.br\/n\/uploads\/2021\/07\/3c4b703c-oi-oibr3-divulgacao.jpg\" \/>\n\t<meta property=\"og:image:width\" content=\"1500\" \/>\n\t<meta property=\"og:image:height\" content=\"1000\" \/>\n\t<meta property=\"og:image:type\" content=\"image\/jpeg\" \/>\n<meta name=\"author\" content=\"Marco Ant\u00f4nio Lopes\" \/>\n<meta name=\"twitter:card\" content=\"summary_large_image\" \/>\n<meta name=\"twitter:creator\" content=\"@sunoresearch\" \/>\n<meta name=\"twitter:site\" content=\"@sunoresearch\" \/>\n<meta name=\"twitter:label1\" content=\"Escrito por\" \/>\n\t<meta name=\"twitter:data1\" content=\"Marco Ant\u00f4nio Lopes\" \/>\n\t<meta name=\"twitter:label2\" content=\"Est. tempo de leitura\" \/>\n\t<meta name=\"twitter:data2\" content=\"2 minutos\" \/>\n<script type=\"application\/ld+json\" class=\"yoast-schema-graph\">{\"@context\":\"https:\/\/schema.org\",\"@graph\":[{\"@type\":\"NewsArticle\",\"@id\":\"https:\/\/www.suno.com.br\/noticias\/oi-oibr3-cristiane-sales-diretora-financeira-ri\/#article\",\"isPartOf\":{\"@id\":\"https:\/\/www.suno.com.br\/noticias\/oi-oibr3-cristiane-sales-diretora-financeira-ri\/\"},\"author\":{\"name\":\"Marco Ant\u00f4nio Lopes\",\"@id\":\"https:\/\/www.suno.com.br\/noticias\/#\/schema\/person\/829bbe8d57f84333b966b96229c6bf5f\"},\"headline\":\"Oi (OIBR3): Cristiane Barreto Sales, ex-Claro, \u00e9 eleita diretora financeira e de RI\",\"datePublished\":\"2021-09-01T02:20:14+00:00\",\"mainEntityOfPage\":{\"@id\":\"https:\/\/www.suno.com.br\/noticias\/oi-oibr3-cristiane-sales-diretora-financeira-ri\/\"},\"wordCount\":439,\"publisher\":{\"@id\":\"https:\/\/www.suno.com.br\/noticias\/#organization\"},\"image\":{\"@id\":\"https:\/\/www.suno.com.br\/noticias\/oi-oibr3-cristiane-sales-diretora-financeira-ri\/#primaryimage\"},\"thumbnailUrl\":\"https:\/\/files.sunoresearch.com.br\/n\/uploads\/2021\/07\/3c4b703c-oi-oibr3-divulgacao.jpg\",\"keywords\":[\"Oi (OIBR3\/OIBR4)\"],\"articleSection\":[\"Neg\u00f3cios\"],\"inLanguage\":\"pt-BR\"},{\"@type\":\"WebPage\",\"@id\":\"https:\/\/www.suno.com.br\/noticias\/oi-oibr3-cristiane-sales-diretora-financeira-ri\/\",\"url\":\"https:\/\/www.suno.com.br\/noticias\/oi-oibr3-cristiane-sales-diretora-financeira-ri\/\",\"name\":\"Oi (OIBR3): Cristiane Barreto Sales \u00e9 eleita diretora financeira e de RI\",\"isPartOf\":{\"@id\":\"https:\/\/www.suno.com.br\/noticias\/#website\"},\"primaryImageOfPage\":{\"@id\":\"https:\/\/www.suno.com.br\/noticias\/oi-oibr3-cristiane-sales-diretora-financeira-ri\/#primaryimage\"},\"image\":{\"@id\":\"https:\/\/www.suno.com.br\/noticias\/oi-oibr3-cristiane-sales-diretora-financeira-ri\/#primaryimage\"},\"thumbnailUrl\":\"https:\/\/files.sunoresearch.com.br\/n\/uploads\/2021\/07\/3c4b703c-oi-oibr3-divulgacao.jpg\",\"datePublished\":\"2021-09-01T02:20:14+00:00\",\"description\":\"Ex-Claro, Cristiane Barreto Sales vai substituir Camille Loyo Faria, que se desligou desses cargos nesta ter\u00e7a. Leia mais sobre a OI aqui\",\"breadcrumb\":{\"@id\":\"https:\/\/www.suno.com.br\/noticias\/oi-oibr3-cristiane-sales-diretora-financeira-ri\/#breadcrumb\"},\"inLanguage\":\"pt-BR\",\"potentialAction\":[{\"@type\":\"ReadAction\",\"target\":[\"https:\/\/www.suno.com.br\/noticias\/oi-oibr3-cristiane-sales-diretora-financeira-ri\/\"]}]},{\"@type\":\"ImageObject\",\"inLanguage\":\"pt-BR\",\"@id\":\"https:\/\/www.suno.com.br\/noticias\/oi-oibr3-cristiane-sales-diretora-financeira-ri\/#primaryimage\",\"url\":\"https:\/\/files.sunoresearch.com.br\/n\/uploads\/2021\/07\/3c4b703c-oi-oibr3-divulgacao.jpg\",\"contentUrl\":\"https:\/\/files.sunoresearch.com.br\/n\/uploads\/2021\/07\/3c4b703c-oi-oibr3-divulgacao.jpg\",\"width\":1500,\"height\":1000,\"caption\":\"Oi (OIBR3) planeja vender V.Tal, Oi Solu\u00e7\u00f5es, banda larga, im\u00f3veis e mais para pagar credores. Foto: Divulga\u00e7\u00e3o\"},{\"@type\":\"BreadcrumbList\",\"@id\":\"https:\/\/www.suno.com.br\/noticias\/oi-oibr3-cristiane-sales-diretora-financeira-ri\/#breadcrumb\",\"itemListElement\":[{\"@type\":\"ListItem\",\"position\":1,\"name\":\"Not\u00edcias\",\"item\":\"https:\/\/www.suno.com.br\/noticias\/\"},{\"@type\":\"ListItem\",\"position\":2,\"name\":\"Neg\u00f3cios\",\"item\":\"https:\/\/www.suno.com.br\/noticias\/negocios\/\"},{\"@type\":\"ListItem\",\"position\":3,\"name\":\"Oi (OIBR3): Cristiane Barreto Sales, ex-Claro, \u00e9 eleita diretora financeira e de RI\"}]},{\"@type\":\"WebSite\",\"@id\":\"https:\/\/www.suno.com.br\/noticias\/#website\",\"url\":\"https:\/\/www.suno.com.br\/noticias\/\",\"name\":\"Suno Not\u00edcias\",\"description\":\"Seu portal de informa\u00e7\u00e3o sobre o mundo dos investimentos\",\"publisher\":{\"@id\":\"https:\/\/www.suno.com.br\/noticias\/#organization\"},\"potentialAction\":[{\"@type\":\"SearchAction\",\"target\":{\"@type\":\"EntryPoint\",\"urlTemplate\":\"https:\/\/www.suno.com.br\/noticias\/?s={search_term_string}\"},\"query-input\":{\"@type\":\"PropertyValueSpecification\",\"valueRequired\":true,\"valueName\":\"search_term_string\"}}],\"inLanguage\":\"pt-BR\"},{\"@type\":\"Organization\",\"@id\":\"https:\/\/www.suno.com.br\/noticias\/#organization\",\"name\":\"Suno Not\u00edcias\",\"url\":\"https:\/\/www.suno.com.br\/noticias\/\",\"logo\":{\"@type\":\"ImageObject\",\"inLanguage\":\"pt-BR\",\"@id\":\"https:\/\/www.suno.com.br\/noticias\/#\/schema\/logo\/image\/\",\"url\":\"https:\/\/files.sunoresearch.com.br\/n\/uploads\/2021\/09\/suno-logo.png\",\"contentUrl\":\"https:\/\/files.sunoresearch.com.br\/n\/uploads\/2021\/09\/suno-logo.png\",\"width\":180,\"height\":180,\"caption\":\"Suno Not\u00edcias\"},\"image\":{\"@id\":\"https:\/\/www.suno.com.br\/noticias\/#\/schema\/logo\/image\/\"},\"sameAs\":[\"https:\/\/facebook.com\/sunoresearch\",\"https:\/\/x.com\/sunoresearch\",\"https:\/\/www.instagram.com\/suno\",\"https:\/\/www.linkedin.com\/company\/suno-research\/\",\"https:\/\/www.youtube.com\/c\/sunoresearch\"]},{\"@type\":\"Person\",\"@id\":\"https:\/\/www.suno.com.br\/noticias\/#\/schema\/person\/829bbe8d57f84333b966b96229c6bf5f\",\"name\":\"Marco Ant\u00f4nio Lopes\",\"image\":{\"@type\":\"ImageObject\",\"inLanguage\":\"pt-BR\",\"@id\":\"https:\/\/www.suno.com.br\/noticias\/#\/schema\/person\/image\/\",\"url\":\"https:\/\/secure.gravatar.com\/avatar\/385167b012fbc1cde32c5446ee253313?s=96&r=g\",\"contentUrl\":\"https:\/\/secure.gravatar.com\/avatar\/385167b012fbc1cde32c5446ee253313?s=96&r=g\",\"caption\":\"Marco Ant\u00f4nio Lopes\"},\"description\":\"Jornalista, \u00e9 editor no Suno Not\u00edcias. Trabalhou nas revistas Playboy, Super, Veja Comer &amp; Beber, Homem Vogue e Universo Masculino, al\u00e9m dos portais Abril.com, R7, nas editorias de Home, Esportes, Hora 7, Entretenimento e Geral, e Eu Quero Investir. Autor do livro Bruce Lee: Definitivo (Editora Conrad). Colaborou nas revistas Nova, Veja SP, Grandes Guerras, Placar, Bizz, Casa Claudia e Quatro Rodas.\",\"url\":\"https:\/\/www.suno.com.br\/noticias\/author\/marco-lopes\/\"}]}<\/script>\n<!-- \/ Yoast SEO plugin. -->","yoast_head_json":{"title":"Oi (OIBR3): Cristiane Barreto Sales \u00e9 eleita diretora financeira e de RI","description":"Ex-Claro, Cristiane Barreto Sales vai substituir Camille Loyo Faria, que se desligou desses cargos nesta ter\u00e7a. Leia mais sobre a OI aqui","robots":{"index":"index","follow":"follow","max-snippet":"max-snippet:-1","max-image-preview":"max-image-preview:large","max-video-preview":"max-video-preview:-1"},"canonical":"https:\/\/www.suno.com.br\/noticias\/oi-oibr3-cristiane-sales-diretora-financeira-ri\/","og_locale":"pt_BR","og_type":"article","og_title":"Oi (OIBR3): Cristiane Barreto Sales \u00e9 eleita diretora financeira e de RI","og_description":"Ex-Claro, Cristiane Barreto Sales vai substituir Camille Loyo Faria, que se desligou desses cargos nesta ter\u00e7a. Leia mais sobre a OI aqui","og_url":"https:\/\/www.suno.com.br\/noticias\/oi-oibr3-cristiane-sales-diretora-financeira-ri\/","og_site_name":"Suno Not\u00edcias","article_publisher":"https:\/\/facebook.com\/sunoresearch","og_image":[{"width":1500,"height":1000,"url":"https:\/\/files.sunoresearch.com.br\/n\/uploads\/2021\/07\/3c4b703c-oi-oibr3-divulgacao.jpg","type":"image\/jpeg"}],"author":"Marco Ant\u00f4nio Lopes","twitter_card":"summary_large_image","twitter_creator":"@sunoresearch","twitter_site":"@sunoresearch","twitter_misc":{"Escrito por":"Marco Ant\u00f4nio Lopes","Est. tempo de leitura":"2 minutos"},"schema":{"@context":"https:\/\/schema.org","@graph":[{"@type":"NewsArticle","@id":"https:\/\/www.suno.com.br\/noticias\/oi-oibr3-cristiane-sales-diretora-financeira-ri\/#article","isPartOf":{"@id":"https:\/\/www.suno.com.br\/noticias\/oi-oibr3-cristiane-sales-diretora-financeira-ri\/"},"author":{"name":"Marco Ant\u00f4nio Lopes","@id":"https:\/\/www.suno.com.br\/noticias\/#\/schema\/person\/829bbe8d57f84333b966b96229c6bf5f"},"headline":"Oi (OIBR3): Cristiane Barreto Sales, ex-Claro, \u00e9 eleita diretora financeira e de RI","datePublished":"2021-09-01T02:20:14+00:00","mainEntityOfPage":{"@id":"https:\/\/www.suno.com.br\/noticias\/oi-oibr3-cristiane-sales-diretora-financeira-ri\/"},"wordCount":439,"publisher":{"@id":"https:\/\/www.suno.com.br\/noticias\/#organization"},"image":{"@id":"https:\/\/www.suno.com.br\/noticias\/oi-oibr3-cristiane-sales-diretora-financeira-ri\/#primaryimage"},"thumbnailUrl":"https:\/\/files.sunoresearch.com.br\/n\/uploads\/2021\/07\/3c4b703c-oi-oibr3-divulgacao.jpg","keywords":["Oi (OIBR3\/OIBR4)"],"articleSection":["Neg\u00f3cios"],"inLanguage":"pt-BR"},{"@type":"WebPage","@id":"https:\/\/www.suno.com.br\/noticias\/oi-oibr3-cristiane-sales-diretora-financeira-ri\/","url":"https:\/\/www.suno.com.br\/noticias\/oi-oibr3-cristiane-sales-diretora-financeira-ri\/","name":"Oi (OIBR3): Cristiane Barreto Sales \u00e9 eleita diretora financeira e de RI","isPartOf":{"@id":"https:\/\/www.suno.com.br\/noticias\/#website"},"primaryImageOfPage":{"@id":"https:\/\/www.suno.com.br\/noticias\/oi-oibr3-cristiane-sales-diretora-financeira-ri\/#primaryimage"},"image":{"@id":"https:\/\/www.suno.com.br\/noticias\/oi-oibr3-cristiane-sales-diretora-financeira-ri\/#primaryimage"},"thumbnailUrl":"https:\/\/files.sunoresearch.com.br\/n\/uploads\/2021\/07\/3c4b703c-oi-oibr3-divulgacao.jpg","datePublished":"2021-09-01T02:20:14+00:00","description":"Ex-Claro, Cristiane Barreto Sales vai substituir Camille Loyo Faria, que se desligou desses cargos nesta ter\u00e7a. Leia mais sobre a OI aqui","breadcrumb":{"@id":"https:\/\/www.suno.com.br\/noticias\/oi-oibr3-cristiane-sales-diretora-financeira-ri\/#breadcrumb"},"inLanguage":"pt-BR","potentialAction":[{"@type":"ReadAction","target":["https:\/\/www.suno.com.br\/noticias\/oi-oibr3-cristiane-sales-diretora-financeira-ri\/"]}]},{"@type":"ImageObject","inLanguage":"pt-BR","@id":"https:\/\/www.suno.com.br\/noticias\/oi-oibr3-cristiane-sales-diretora-financeira-ri\/#primaryimage","url":"https:\/\/files.sunoresearch.com.br\/n\/uploads\/2021\/07\/3c4b703c-oi-oibr3-divulgacao.jpg","contentUrl":"https:\/\/files.sunoresearch.com.br\/n\/uploads\/2021\/07\/3c4b703c-oi-oibr3-divulgacao.jpg","width":1500,"height":1000,"caption":"Oi (OIBR3) planeja vender V.Tal, Oi Solu\u00e7\u00f5es, banda larga, im\u00f3veis e mais para pagar credores. Foto: Divulga\u00e7\u00e3o"},{"@type":"BreadcrumbList","@id":"https:\/\/www.suno.com.br\/noticias\/oi-oibr3-cristiane-sales-diretora-financeira-ri\/#breadcrumb","itemListElement":[{"@type":"ListItem","position":1,"name":"Not\u00edcias","item":"https:\/\/www.suno.com.br\/noticias\/"},{"@type":"ListItem","position":2,"name":"Neg\u00f3cios","item":"https:\/\/www.suno.com.br\/noticias\/negocios\/"},{"@type":"ListItem","position":3,"name":"Oi (OIBR3): Cristiane Barreto Sales, ex-Claro, \u00e9 eleita diretora financeira e de RI"}]},{"@type":"WebSite","@id":"https:\/\/www.suno.com.br\/noticias\/#website","url":"https:\/\/www.suno.com.br\/noticias\/","name":"Suno Not\u00edcias","description":"Seu portal de informa\u00e7\u00e3o sobre o mundo dos investimentos","publisher":{"@id":"https:\/\/www.suno.com.br\/noticias\/#organization"},"potentialAction":[{"@type":"SearchAction","target":{"@type":"EntryPoint","urlTemplate":"https:\/\/www.suno.com.br\/noticias\/?s={search_term_string}"},"query-input":{"@type":"PropertyValueSpecification","valueRequired":true,"valueName":"search_term_string"}}],"inLanguage":"pt-BR"},{"@type":"Organization","@id":"https:\/\/www.suno.com.br\/noticias\/#organization","name":"Suno Not\u00edcias","url":"https:\/\/www.suno.com.br\/noticias\/","logo":{"@type":"ImageObject","inLanguage":"pt-BR","@id":"https:\/\/www.suno.com.br\/noticias\/#\/schema\/logo\/image\/","url":"https:\/\/files.sunoresearch.com.br\/n\/uploads\/2021\/09\/suno-logo.png","contentUrl":"https:\/\/files.sunoresearch.com.br\/n\/uploads\/2021\/09\/suno-logo.png","width":180,"height":180,"caption":"Suno Not\u00edcias"},"image":{"@id":"https:\/\/www.suno.com.br\/noticias\/#\/schema\/logo\/image\/"},"sameAs":["https:\/\/facebook.com\/sunoresearch","https:\/\/x.com\/sunoresearch","https:\/\/www.instagram.com\/suno","https:\/\/www.linkedin.com\/company\/suno-research\/","https:\/\/www.youtube.com\/c\/sunoresearch"]},{"@type":"Person","@id":"https:\/\/www.suno.com.br\/noticias\/#\/schema\/person\/829bbe8d57f84333b966b96229c6bf5f","name":"Marco Ant\u00f4nio Lopes","image":{"@type":"ImageObject","inLanguage":"pt-BR","@id":"https:\/\/www.suno.com.br\/noticias\/#\/schema\/person\/image\/","url":"https:\/\/secure.gravatar.com\/avatar\/385167b012fbc1cde32c5446ee253313?s=96&r=g","contentUrl":"https:\/\/secure.gravatar.com\/avatar\/385167b012fbc1cde32c5446ee253313?s=96&r=g","caption":"Marco Ant\u00f4nio Lopes"},"description":"Jornalista, \u00e9 editor no Suno Not\u00edcias. Trabalhou nas revistas Playboy, Super, Veja Comer &amp; Beber, Homem Vogue e Universo Masculino, al\u00e9m dos portais Abril.com, R7, nas editorias de Home, Esportes, Hora 7, Entretenimento e Geral, e Eu Quero Investir. Autor do livro Bruce Lee: Definitivo (Editora Conrad). Colaborou nas revistas Nova, Veja SP, Grandes Guerras, Placar, Bizz, Casa Claudia e Quatro Rodas.","url":"https:\/\/www.suno.com.br\/noticias\/author\/marco-lopes\/"}]}},"default_loop_html":"<div class=\"cardsPage__listCard__boxs\"><div class=\"cardsPage__listCard__boxs__img\"><a href=\"https:\/\/www.suno.com.br\/noticias\/oi-oibr3-geracao-caixa-recuperandas-junho-2021\/\"><img class=\"mask\" src=\"https:\/\/www.suno.com.br\/noticias\/wp-content\/themes\/suno\/resources\/images\/spotlight\/spotlight1img\/bg-mask.png\" alt=\"Image Mask\"\/><img src=\"https:\/\/files.sunoresearch.com.br\/n\/uploads\/2021\/07\/3c4b703c-oi-oibr3-divulgacao-400x200.jpg\" alt=\"Oi (OIBR3) teve gera\u00e7\u00e3o de caixa das recuperandas negativa em R$ 260 mi em junho\"\/><\/a><span class=\"spotlightCategory\"><a href=\"https:\/\/www.suno.com.br\/noticias\/negocios\/\">Neg\u00f3cios<\/a><\/span><\/div><div class=\"cardsPage__listCard__boxs__content\"><a href=\"https:\/\/www.suno.com.br\/noticias\/oi-oibr3-geracao-caixa-recuperandas-junho-2021\/\"><h2 class=\"content__title\">Oi (OIBR3) teve gera\u00e7\u00e3o de caixa das recuperandas negativa em R$ 260 mi em junho<\/h2><\/a><div class=\"newsContent__article__meta\"><div class=\"newsContent__article__meta__authorBox\"><a href=\"https:\/\/www.suno.com.br\/noticias\/author\/poliana-santos\/\" class=\"authorBox__avatar noMobi\"><img src=\"https:\/\/files.sunoresearch.com.br\/n\/uploads\/2020\/08\/7ef34026-whatsapp-image-2020-08-03-at-12.37.57-150x150.webp\" alt=\"Poliana Santos\"><\/a><div class=\"authorBox__name\"><span>por\n\t\t\t<a href=\"https:\/\/www.suno.com.br\/noticias\/author\/poliana-santos\/\"><span itemprop=\"author\">Poliana Santos<\/span><\/a><\/span><time datetime=\"2021-08-17T08:16:53-03:00\" itemprop=\"datePublished\">17\/08\/2021 08:16<\/time><\/div><\/div><\/div><\/div><\/div>","single_layout":"posts","amp_enabled":true,"_links":{"self":[{"href":"https:\/\/www.suno.com.br\/noticias\/wp-json\/wp\/v2\/posts\/180012"}],"collection":[{"href":"https:\/\/www.suno.com.br\/noticias\/wp-json\/wp\/v2\/posts"}],"about":[{"href":"https:\/\/www.suno.com.br\/noticias\/wp-json\/wp\/v2\/types\/post"}],"author":[{"embeddable":true,"href":"https:\/\/www.suno.com.br\/noticias\/wp-json\/wp\/v2\/users\/98"}],"replies":[{"embeddable":true,"href":"https:\/\/www.suno.com.br\/noticias\/wp-json\/wp\/v2\/comments?post=180012"}],"version-history":[{"count":2,"href":"https:\/\/www.suno.com.br\/noticias\/wp-json\/wp\/v2\/posts\/180012\/revisions"}],"predecessor-version":[{"id":180015,"href":"https:\/\/www.suno.com.br\/noticias\/wp-json\/wp\/v2\/posts\/180012\/revisions\/180015"}],"wp:featuredmedia":[{"embeddable":true,"href":"https:\/\/www.suno.com.br\/noticias\/wp-json\/wp\/v2\/media\/170137"}],"wp:attachment":[{"href":"https:\/\/www.suno.com.br\/noticias\/wp-json\/wp\/v2\/media?parent=180012"}],"wp:term":[{"taxonomy":"category","embeddable":true,"href":"https:\/\/www.suno.com.br\/noticias\/wp-json\/wp\/v2\/categories?post=180012"},{"taxonomy":"post_tag","embeddable":true,"href":"https:\/\/www.suno.com.br\/noticias\/wp-json\/wp\/v2\/tags?post=180012"},{"taxonomy":"suno_strategy","embeddable":true,"href":"https:\/\/www.suno.com.br\/noticias\/wp-json\/wp\/v2\/suno_strategy?post=180012"}],"curies":[{"name":"wp","href":"https:\/\/api.w.org\/{rel}","templated":true}]}}