{"id":179990,"date":"2021-08-31T20:50:35","date_gmt":"2021-08-31T23:50:35","guid":{"rendered":"https:\/\/www.suno.com.br\/noticias\/?p=179990"},"modified":"2021-08-31T20:50:35","modified_gmt":"2021-08-31T23:50:35","slug":"conta-luz-fica-mais-cara-nova-bandeira","status":"publish","type":"post","link":"https:\/\/www.suno.com.br\/noticias\/conta-luz-fica-mais-cara-nova-bandeira\/","title":{"rendered":"Nova bandeira tarif\u00e1ria anunciada pela Aneel aumenta conta de luz em 7%"},"content":{"rendered":"<p>Foi anunciada nesta ter\u00e7a (31) a nova bandeira tarif\u00e1ria para a <strong>conta de luz<\/strong>, definida pela Ag\u00eancia Nacional de Energia El\u00e9trica (Aneel). A tarifa passa a vigorar a partir de amanh\u00e3 (1\u00b0). O reajuste \u00e9 o o quarto do ano.<\/p>\t<div class=\"wrapper-featured-image\">\n\t\t<figure class=\"spotlightImg\">\n\n\t\t\t<picture>\n\t\t\t\t<source media=\"(max-width: 768px)\" srcset=\"https:\/\/files.sunoresearch.com.br\/n\/uploads\/2021\/03\/8e9fd97d-setor-distribuicao-energia-400x200.webp\">\n\t\t\t\t<img loading=\"lazy\" decoding=\"async\" class=\"newsContent__article__imgCapa lazyloadDisabled \" src=\"https:\/\/files.sunoresearch.com.br\/n\/uploads\/2021\/03\/8e9fd97d-setor-distribuicao-energia-800x450.webp\" width=\"800\" height=\"450\" alt=\"Nova bandeira tarif\u00e1ria anunciada pela Aneel aumenta conta de luz em 7%\" fetchpriority=high \/>\n\t\t\t<\/picture>\n\n\t\t\t<figcaption class=\"wp-caption-text wp-caption-text--show\">Energia el\u00e9trica - Foto: Pixabay<\/figcaption>\n\t\t<\/figure>\n\t<\/div>\n\n\n\t<p>\n\t\t<a href=\"https:\/\/lp.suno.com.br\/planilha-controle-gastos\/\" target=\"_blank\" data-element=\"shortcode-suno-banner\" title=\"Banner SUNO, clique e saiba mais\">\n\t\t\t<picture>\n\t\t\t\t<source media=\"(max-width: 500px)\" srcset=\"https:\/\/files.sunoresearch.com.br\/n\/uploads\/2023\/03\/400x300-Planilha-controle-de-gastos.png\">\n\t\t\t\t<img class=\"newsContent__article__imgCapa newsContent__article__imgCapa--banner\"\n\t\t\t\t\tsrc=\"https:\/\/files.sunoresearch.com.br\/n\/uploads\/2023\/03\/1420x240-Planilha-controle-de-gastos.png\"\n\t\t\t\t\tdata-promo-id=\"101751\"\t\t\t\t\t\t\t\t\t\twidth='1420' height='240'\t\t\t\t\talt=\"https:\/\/files.sunoresearch.com.br\/n\/uploads\/2023\/03\/1420x240-Planilha-controle-de-gastos.png\"\n\t\t\t\t>\n\t\t\t<\/picture>\n\t\t<\/a>\n\t<\/p>\n\n\n<p>A <strong>nova bandeira tarif\u00e1ria<\/strong> na conta de luz foi chamada de &#8220;bandeira de escassez h\u00eddrica&#8221;. A taxa extra ser\u00e1 de R$ 14,20 para cada 100 kilowatt-hora (KWh) consumidos, permanecendo vigente at\u00e9 abril do ano que vem.<img decoding=\"async\" style=\"width: 1px; height: 1px;\" src=\"https:\/\/agenciabrasil.ebc.com.br\/ebc.png?id=1420196&amp;o=rss\" \/><img decoding=\"async\" style=\"width: 1px; height: 1px;\" src=\"https:\/\/agenciabrasil.ebc.com.br\/ebc.gif?id=1420196&amp;o=rss\" \/><\/p>\n<p>O novo patamar representa um aumento de R$ 4,71, cerca de 50%, em rela\u00e7\u00e3o \u00e0 bandeira vermelha patamar 2, at\u00e9 ent\u00e3o o maior patamar, no valor R$ 9,49 por 100 kWh. As contas de luz ficam em m\u00e9dia 7% mais caras.<\/p>\n<h2>Crise h\u00eddrica e aumento da gera\u00e7\u00e3o de energia com usinas termoel\u00e9tricas<\/h2>\n<p>A decis\u00e3o foi tomada em meio \u00e0 crise hidrol\u00f3gica que afeta o n\u00edvel dos reservat\u00f3rios das <strong>usinas hidrel\u00e9tricas<\/strong>, principal fonte geradora de <strong>energia el\u00e9trica<\/strong> no pa\u00eds. De acordo com o governo federal, \u00e9 a pior seca em 91 anos. Com as hidrel\u00e9tricas operando no limite, \u00e9 preciso aumentar a gera\u00e7\u00e3o de energia el\u00e9trica por meio de usinas termoel\u00e9tricas, que t\u00eam custo mais alto.<\/p>\n<p>O <strong>ministro de Minas e Energia<\/strong>, Bento Albuquerque, garantiu que as medidas s\u00e3o suficientes para garantir a oferta.<\/p>\n<p>&#8220;N\u00f3s trabalhamos para ter a oferta suficiente para a demanda de todas as unidades consumidoras no pa\u00eds. Estamos presenciando a maior seca que o pa\u00eds, o Brasil, j\u00e1 passou. E isso com reflexos na capacidade dos nossos reservat\u00f3rios das usinas hidrel\u00e9tricas&#8221;, afirmou durante coletiva de imprensa para anunciar as novas medidas, em Bras\u00edlia.<\/p>\n<p>Ainda de acordo com o ministro, as medidas que v\u00eam sendo adotadas at\u00e9 agora est\u00e3o surtindo efeito, mas a situa\u00e7\u00e3o ainda est\u00e1 longe da normalidade. &#8220;N\u00f3s estamos em condi\u00e7\u00f5es melhores do que est\u00e1vamos no in\u00edcio do m\u00eas de agosto. E isso mostra que as medidas est\u00e3o surtindo efeito, mas ainda n\u00e3o nos levam \u00e0 uma situa\u00e7\u00e3o de normalidade ou mesmo de conforto, por isso que n\u00f3s estamos adotando todas essas demandas&#8221;.<\/p>\n<p>Segundo a Aneel, mesmo com o reajuste recente das <strong>bandeiras tarif\u00e1ria<\/strong>s, incluindo a cria\u00e7\u00e3o do patamar 2 da bandeira vermelha, em junho, a arrecada\u00e7\u00e3o extra para custear o aumento da <strong>gera\u00e7\u00e3o de energia<\/strong> segue insuficiente. O d\u00e9ficit na conta de <a class=\"suno-keyword\" href=\"https:\/\/www.suno.com.br\/artigos\/bandeiras-tarifarias\/\" target=\"_blank\" rel=\"noopener\" data-force=\"no\" data-priority=\"1\">bandeiras tarif\u00e1rias<\/a> est\u00e1 em R$ 5,2 bilh\u00f5es. Al\u00e9m disso, o Brasil precisar\u00e1 importar energia de pa\u00edses vizinhos, ao custo de R$ 8,6 bilh\u00f5es.<\/p>\n<p>&#8220;N\u00f3s temos que ter uma gera\u00e7\u00e3o adicional para enfrentar a escassez h\u00eddrica. Nessa gera\u00e7\u00e3o adicional est\u00e1 contemplada a importa\u00e7\u00e3o de energia da Argentina e do Uruguai, <strong>gera\u00e7\u00e3o termoel\u00e9trica<\/strong> adicional&#8221;, explicou Andr\u00e9 Pepitone, diretor-geral da Aneel, em coletiva de imprensa para anunciar as novas medidas.<\/p>\n\t<p>\n\t\t<a href=\"\" target=\"_blank\" data-element=\"shortcode-suno-banner\" title=\"Banner SUNO, clique e saiba mais\">\n\t\t\t<picture>\n\t\t\t\t<source media=\"(max-width: 500px)\" srcset=\"\">\n\t\t\t\t<img class=\"newsContent__article__imgCapa newsContent__article__imgCapa--banner\"\n\t\t\t\t\tsrc=\"\"\n\t\t\t\t\tdata-promo-id=\"89005\"\t\t\t\t\t\t\t\t\t\t\t\t\t\t\talt=\"\"\n\t\t\t\t>\n\t\t\t<\/picture>\n\t\t<\/a>\n\t<\/p>\n\n\n<h2>Aumento da conta de luz<\/h2>\n<p>Todos os consumidores do mercado cativo das distribuidoras de energia el\u00e9trica ser\u00e3o abrangidos pela nova bandeira tarif\u00e1ria, com exce\u00e7\u00e3o dos moradores de Roraima, \u00fanico estado que n\u00e3o est\u00e1 interligado ao <a class=\"suno-keyword\" href=\"https:\/\/www.suno.com.br\/artigos\/sistema-interligado-nacional\/\" target=\"_blank\" rel=\"noopener\" data-force=\"no\" data-priority=\"1\">Sistema Interligado Nacional<\/a> (SIN) e das cerca de 12 milh\u00f5es de fam\u00edlias inscritas no programa Tarifa Social de Energia El\u00e9trica.<\/p>\n<p>Segundo a Aneel, como a tarifa m\u00e9dia da conta \u00e9 R$ 60 reais a cada a 100 KWh, resultando em uma conta final de R$ 69,49, no caso da incid\u00eancia da bandeira vermelha patamar 2 (R$ 9,49), o valor da conta de luz com a nova bandeira de escassez h\u00eddrica ficar\u00e1, em m\u00e9dia, 6,78% mais cara, chegando a R$ 74,20 (R$ 60 de tarifa m\u00e9dia + taxa extra de R$ 14,20 da nova tarifa).<\/p>\n<h2><strong>B\u00f4nus de economia de energia d\u00e1 b\u00f4nus de R$ 0,50 a cada quilowatt-hora<\/strong><\/h2>\n<p>O Minist\u00e9rio de Minas e Energia tamb\u00e9m deu mais detalhes sobre o <a href=\"https:\/\/agenciabrasil.ebc.com.br\/politica\/noticia\/2021-08\/governo-define-regras-para-reducao-voluntaria-de-energia-eletrica\" target=\"_blank\" rel=\"noopener\">Programa de Redu\u00e7\u00e3o Volunt\u00e1ria de energia el\u00e9trica<\/a>, voltado para os chamados consumidores regulados, que incluem empresas.<\/p>\n<p>O governo vai pagar um pr\u00eamio de R$ 50 por 100 kWh reduzido. O patamar de redu\u00e7\u00e3o \u00e9 de no m\u00ednimo 10%, limitado a 20%. A expectativa da pasta \u00e9 obter uma redu\u00e7\u00e3o m\u00e9dia de 15% do consumo. Se isso ocorrer, a expectativa \u00e9 reduzir a demanda de energia em 914 megawatt hora (mWh) m\u00e9dio, volume de energia suficiente para atender 4 milh\u00f5es de domic\u00edlios e que representa cerca de 1,41% da carga do Sistema Interligado Nacional. O programa vai perdurar at\u00e9 o final do ano que vem.<\/p>\n<p>Os cidad\u00e3os de baixa renda inscritos na <strong>tarifa social<\/strong> tamb\u00e9m poder\u00e3o participar do Programa de Incentivo \u00e0 Redu\u00e7\u00e3o Volunt\u00e1ria do <strong>consumo de energia.<\/strong><\/p>\n\t<p>\n\t\t<a href=\"https:\/\/lp.suno.com.br\/planilha-de-controle-de-investimentos\/\" target=\"_blank\" data-element=\"shortcode-suno-banner\" title=\"Banner SUNO, clique e saiba mais\">\n\t\t\t<picture>\n\t\t\t\t<source media=\"(max-width: 500px)\" srcset=\"https:\/\/files.sunoresearch.com.br\/n\/uploads\/2023\/03\/400x300-Controle-de-Investimentos.png\">\n\t\t\t\t<img class=\"newsContent__article__imgCapa newsContent__article__imgCapa--banner\"\n\t\t\t\t\tsrc=\"https:\/\/files.sunoresearch.com.br\/n\/uploads\/2023\/03\/1420x240-Controle-de-Investimentos.png\"\n\t\t\t\t\tdata-promo-id=\"75934\"\t\t\t\t\t\t\t\t\t\twidth='1420' height='240'\t\t\t\t\talt=\"https:\/\/files.sunoresearch.com.br\/n\/uploads\/2023\/03\/1420x240-Controle-de-Investimentos.png\"\n\t\t\t\t>\n\t\t\t<\/picture>\n\t\t<\/a>\n\t<\/p>\n\n\n<p>O governo pretende premiar os consumidores que reduzirem o consumo em um patamar de 10% a 20% com um b\u00f4nus de R$ 0,50 a cada quilowatt-hora economizado. Pelas regras apresentadas pelo Minist\u00e9rio de Minas e Energia (MME), quem economizar menos que 10% n\u00e3o receber\u00e1 b\u00f4nus, e quem superar o n\u00edvel de 20% tampouco receber\u00e1 pr\u00eamio adicional. As regras foram apresentadas pela pasta em entrevista coletiva nesta ter\u00e7a-feira (31).<\/p>\n<p>Embora o governo tenha cogitado uma gratifica\u00e7\u00e3o de R$ 1 a cada 1 kWh poupado, t\u00e9cnicos consideraram o valor invi\u00e1vel.<\/p>\n<h2>Conta de luz: fam\u00edlia brasileira paga em m\u00e9dia R$ 139,26<\/h2>\n<p>Para ter uma compara\u00e7\u00e3o, a tarifa m\u00e9dia paga pelos consumidores residenciais hoje est\u00e1 em R$ 607,60 por MWh &#8211; ou seja, R$ 0,60760 a cada 1 kWh. O problema \u00e9 que a gera\u00e7\u00e3o de energia adicional \u00e9 muito mais cara do que essa m\u00e9dia. A termel\u00e9trica William Arjona, em Mato Grosso do Sul, tem custo de R$ 2 mil por MWh, ou R$ 2 a cada 1 kWh.<\/p>\n<p>Em m\u00e9dia, uma fam\u00edlia brasileira consome 163 quilowatts-hora mensais, o equivalente a R$ 139,26, com impostos. Se conseguir economizar 20%, por exemplo, essa mesma fam\u00edlia pagaria uma conta 36% menor: al\u00e9m dos 130,4 kWh, ela receberia um b\u00f4nus sobre os 32,6 kWh economizados e pagaria R$ 88,43.<\/p>\n<p>O financiamento do b\u00f4nus passou por um impasse. O <strong>Minist\u00e9rio da Economi<\/strong>a n\u00e3o aceitou abrir cr\u00e9dito extraordin\u00e1rio para bancar o b\u00f4nus. Por outro lado, embora o governo queira premiar quem economiza, n\u00e3o quer punir quem gastar mais com multa ou corte compuls\u00f3rio &#8211; como foi feito em 2001.<\/p>\n<p>O programa prev\u00ea que o conjunto de consumidores pague, proporcionalmente, pelo custo adicional de gera\u00e7\u00e3o, por meio de uma taxa chamada de Encargos de Servi\u00e7o do Sistema (ESS).<\/p>\n<p>O ESS \u00e9 pago via bandeira tarif\u00e1ria e, caso o custo das usinas supere o valor arrecadado, \u00e9 repassado no <strong>reajuste tarif\u00e1rio<\/strong> anual de cada distribuidora.<\/p>\n\t<p>\n\t\t<a href=\"\" target=\"_blank\" data-element=\"shortcode-suno-banner\" title=\"Banner SUNO, clique e saiba mais\">\n\t\t\t<picture>\n\t\t\t\t<source media=\"(max-width: 500px)\" srcset=\"\">\n\t\t\t\t<img class=\"newsContent__article__imgCapa newsContent__article__imgCapa--banner\"\n\t\t\t\t\tsrc=\"\"\n\t\t\t\t\tdata-promo-id=\"77053\"\t\t\t\t\t\t\t\t\t\t\t\t\t\t\talt=\"\"\n\t\t\t\t>\n\t\t\t<\/picture>\n\t\t<\/a>\n\t<\/p>\n\n\n<p>Ap\u00f3s pagar esse custo, o consumidor que economizar energia ter\u00e1 uma parte desse valor devolvido na <strong>conta de luz<\/strong> &#8211; mas apenas a sua economia individual, e a um valor mais baixo do que aquele que ele efetivamente pagou.<\/p>\n<p>(Com Estad\u00e3o Conte\u00fado)<\/p>\n","protected":false},"excerpt":{"rendered":"<p>Foi anunciada nesta ter\u00e7a (31) a nova bandeira tarif\u00e1ria para a conta de luz, definida pela Ag\u00eancia Nacional de Energia El\u00e9trica (Aneel). A tarifa passa a vigorar a partir de amanh\u00e3 (1\u00b0). O reajuste \u00e9 o o quarto do ano. Energia el\u00e9trica &#8211; Foto: Pixabay A nova bandeira tarif\u00e1ria na conta de luz foi chamada [&hellip;]<\/p>\n","protected":false},"author":43,"featured_media":130466,"comment_status":"closed","ping_status":"closed","sticky":false,"template":"","format":"standard","meta":[],"categories":[62],"tags":[896,106435,2153],"suno_strategy":[],"class_list":["post-179990","post","type-post","status-publish","format-standard","has-post-thumbnail","hentry","category-economia","tag-aneel","tag-crise-hidrica","tag-energia-eletrica"],"yoast_head":"<!-- This site is optimized with the Yoast SEO plugin v24.4 - https:\/\/yoast.com\/wordpress\/plugins\/seo\/ -->\n<title>Nova bandeira tarif\u00e1ria anunciada pela Aneel aumenta conta de luz em 7%<\/title>\n<meta name=\"description\" content=\"Foi anunciada a nova bandeira tarif\u00e1ria para a conta de luz, definida pela Aneel. A tarifa passa a vigorar a partir de 1\u00b0 de setembro\" \/>\n<meta name=\"robots\" content=\"index, follow, max-snippet:-1, max-image-preview:large, max-video-preview:-1\" \/>\n<link rel=\"canonical\" href=\"https:\/\/www.suno.com.br\/noticias\/conta-luz-fica-mais-cara-nova-bandeira\/\" \/>\n<meta property=\"og:locale\" content=\"pt_BR\" \/>\n<meta property=\"og:type\" content=\"article\" \/>\n<meta property=\"og:title\" content=\"Nova bandeira tarif\u00e1ria anunciada pela Aneel aumenta conta de luz em 7%\" \/>\n<meta property=\"og:description\" content=\"Foi anunciada a nova bandeira tarif\u00e1ria para a conta de luz, definida pela Aneel. A tarifa passa a vigorar a partir de 1\u00b0 de setembro\" \/>\n<meta property=\"og:url\" content=\"https:\/\/www.suno.com.br\/noticias\/conta-luz-fica-mais-cara-nova-bandeira\/\" \/>\n<meta property=\"og:site_name\" content=\"Suno Not\u00edcias\" \/>\n<meta property=\"article:publisher\" content=\"https:\/\/facebook.com\/sunoresearch\" \/>\n<meta property=\"article:author\" content=\"https:\/\/www.facebook.com\/sunonoticias\/\" \/>\n<meta property=\"og:image\" content=\"https:\/\/files.sunoresearch.com.br\/n\/uploads\/2021\/03\/8e9fd97d-setor-distribuicao-energia.jpg\" \/>\n\t<meta property=\"og:image:width\" content=\"1200\" \/>\n\t<meta property=\"og:image:height\" content=\"799\" \/>\n\t<meta property=\"og:image:type\" content=\"image\/jpeg\" \/>\n<meta name=\"author\" content=\"Reda\u00e7\u00e3o Suno Not\u00edcias\" \/>\n<meta name=\"twitter:card\" content=\"summary_large_image\" \/>\n<meta name=\"twitter:creator\" content=\"@https:\/\/twitter.com\/sunoresearch\" \/>\n<meta name=\"twitter:site\" content=\"@sunoresearch\" \/>\n<meta name=\"twitter:label1\" content=\"Escrito por\" \/>\n\t<meta name=\"twitter:data1\" content=\"Reda\u00e7\u00e3o Suno Not\u00edcias\" \/>\n\t<meta name=\"twitter:label2\" content=\"Est. tempo de leitura\" \/>\n\t<meta name=\"twitter:data2\" content=\"6 minutos\" \/>\n<script type=\"application\/ld+json\" class=\"yoast-schema-graph\">{\"@context\":\"https:\/\/schema.org\",\"@graph\":[{\"@type\":\"NewsArticle\",\"@id\":\"https:\/\/www.suno.com.br\/noticias\/conta-luz-fica-mais-cara-nova-bandeira\/#article\",\"isPartOf\":{\"@id\":\"https:\/\/www.suno.com.br\/noticias\/conta-luz-fica-mais-cara-nova-bandeira\/\"},\"author\":{\"name\":\"Reda\u00e7\u00e3o Suno Not\u00edcias\",\"@id\":\"https:\/\/www.suno.com.br\/noticias\/#\/schema\/person\/c1b1bd3727fa852bd045e9dbff3673ea\"},\"headline\":\"Nova bandeira tarif\u00e1ria anunciada pela Aneel aumenta conta de luz em 7%\",\"datePublished\":\"2021-08-31T23:50:35+00:00\",\"mainEntityOfPage\":{\"@id\":\"https:\/\/www.suno.com.br\/noticias\/conta-luz-fica-mais-cara-nova-bandeira\/\"},\"wordCount\":1160,\"publisher\":{\"@id\":\"https:\/\/www.suno.com.br\/noticias\/#organization\"},\"image\":{\"@id\":\"https:\/\/www.suno.com.br\/noticias\/conta-luz-fica-mais-cara-nova-bandeira\/#primaryimage\"},\"thumbnailUrl\":\"https:\/\/files.sunoresearch.com.br\/n\/uploads\/2021\/03\/8e9fd97d-setor-distribuicao-energia-jpg.webp\",\"keywords\":[\"Aneel\",\"crise h\u00eddrica\",\"energia el\u00e9trica\"],\"articleSection\":[\"Economia\"],\"inLanguage\":\"pt-BR\"},{\"@type\":\"WebPage\",\"@id\":\"https:\/\/www.suno.com.br\/noticias\/conta-luz-fica-mais-cara-nova-bandeira\/\",\"url\":\"https:\/\/www.suno.com.br\/noticias\/conta-luz-fica-mais-cara-nova-bandeira\/\",\"name\":\"Nova bandeira tarif\u00e1ria anunciada pela Aneel aumenta conta de luz em 7%\",\"isPartOf\":{\"@id\":\"https:\/\/www.suno.com.br\/noticias\/#website\"},\"primaryImageOfPage\":{\"@id\":\"https:\/\/www.suno.com.br\/noticias\/conta-luz-fica-mais-cara-nova-bandeira\/#primaryimage\"},\"image\":{\"@id\":\"https:\/\/www.suno.com.br\/noticias\/conta-luz-fica-mais-cara-nova-bandeira\/#primaryimage\"},\"thumbnailUrl\":\"https:\/\/files.sunoresearch.com.br\/n\/uploads\/2021\/03\/8e9fd97d-setor-distribuicao-energia-jpg.webp\",\"datePublished\":\"2021-08-31T23:50:35+00:00\",\"description\":\"Foi anunciada a nova bandeira tarif\u00e1ria para a conta de luz, definida pela Aneel. A tarifa passa a vigorar a partir de 1\u00b0 de setembro\",\"breadcrumb\":{\"@id\":\"https:\/\/www.suno.com.br\/noticias\/conta-luz-fica-mais-cara-nova-bandeira\/#breadcrumb\"},\"inLanguage\":\"pt-BR\",\"potentialAction\":[{\"@type\":\"ReadAction\",\"target\":[\"https:\/\/www.suno.com.br\/noticias\/conta-luz-fica-mais-cara-nova-bandeira\/\"]}]},{\"@type\":\"ImageObject\",\"inLanguage\":\"pt-BR\",\"@id\":\"https:\/\/www.suno.com.br\/noticias\/conta-luz-fica-mais-cara-nova-bandeira\/#primaryimage\",\"url\":\"https:\/\/files.sunoresearch.com.br\/n\/uploads\/2021\/03\/8e9fd97d-setor-distribuicao-energia-jpg.webp\",\"contentUrl\":\"https:\/\/files.sunoresearch.com.br\/n\/uploads\/2021\/03\/8e9fd97d-setor-distribuicao-energia-jpg.webp\",\"width\":1200,\"height\":799,\"caption\":\"Energia el\u00e9trica - Foto: Pixabay\"},{\"@type\":\"BreadcrumbList\",\"@id\":\"https:\/\/www.suno.com.br\/noticias\/conta-luz-fica-mais-cara-nova-bandeira\/#breadcrumb\",\"itemListElement\":[{\"@type\":\"ListItem\",\"position\":1,\"name\":\"Not\u00edcias\",\"item\":\"https:\/\/www.suno.com.br\/noticias\/\"},{\"@type\":\"ListItem\",\"position\":2,\"name\":\"Economia\",\"item\":\"https:\/\/www.suno.com.br\/noticias\/economia\/\"},{\"@type\":\"ListItem\",\"position\":3,\"name\":\"Nova bandeira tarif\u00e1ria anunciada pela Aneel aumenta conta de luz em 7%\"}]},{\"@type\":\"WebSite\",\"@id\":\"https:\/\/www.suno.com.br\/noticias\/#website\",\"url\":\"https:\/\/www.suno.com.br\/noticias\/\",\"name\":\"Suno Not\u00edcias\",\"description\":\"Seu portal de informa\u00e7\u00e3o sobre o mundo dos investimentos\",\"publisher\":{\"@id\":\"https:\/\/www.suno.com.br\/noticias\/#organization\"},\"potentialAction\":[{\"@type\":\"SearchAction\",\"target\":{\"@type\":\"EntryPoint\",\"urlTemplate\":\"https:\/\/www.suno.com.br\/noticias\/?s={search_term_string}\"},\"query-input\":{\"@type\":\"PropertyValueSpecification\",\"valueRequired\":true,\"valueName\":\"search_term_string\"}}],\"inLanguage\":\"pt-BR\"},{\"@type\":\"Organization\",\"@id\":\"https:\/\/www.suno.com.br\/noticias\/#organization\",\"name\":\"Suno Not\u00edcias\",\"url\":\"https:\/\/www.suno.com.br\/noticias\/\",\"logo\":{\"@type\":\"ImageObject\",\"inLanguage\":\"pt-BR\",\"@id\":\"https:\/\/www.suno.com.br\/noticias\/#\/schema\/logo\/image\/\",\"url\":\"https:\/\/files.sunoresearch.com.br\/n\/uploads\/2021\/09\/suno-logo.png\",\"contentUrl\":\"https:\/\/files.sunoresearch.com.br\/n\/uploads\/2021\/09\/suno-logo.png\",\"width\":180,\"height\":180,\"caption\":\"Suno Not\u00edcias\"},\"image\":{\"@id\":\"https:\/\/www.suno.com.br\/noticias\/#\/schema\/logo\/image\/\"},\"sameAs\":[\"https:\/\/facebook.com\/sunoresearch\",\"https:\/\/x.com\/sunoresearch\",\"https:\/\/www.instagram.com\/suno\",\"https:\/\/www.linkedin.com\/company\/suno-research\/\",\"https:\/\/www.youtube.com\/c\/sunoresearch\"]},{\"@type\":\"Person\",\"@id\":\"https:\/\/www.suno.com.br\/noticias\/#\/schema\/person\/c1b1bd3727fa852bd045e9dbff3673ea\",\"name\":\"Reda\u00e7\u00e3o Suno Not\u00edcias\",\"image\":{\"@type\":\"ImageObject\",\"inLanguage\":\"pt-BR\",\"@id\":\"https:\/\/www.suno.com.br\/noticias\/#\/schema\/person\/image\/\",\"url\":\"https:\/\/secure.gravatar.com\/avatar\/b8104b9b5a71985d5238ee59fbe418af?s=96&r=g\",\"contentUrl\":\"https:\/\/secure.gravatar.com\/avatar\/b8104b9b5a71985d5238ee59fbe418af?s=96&r=g\",\"caption\":\"Reda\u00e7\u00e3o Suno Not\u00edcias\"},\"description\":\"O Suno Not\u00edcias \u00e9 um portal de informa\u00e7\u00f5es sobre Mercado Financeiro, Pol\u00edtica, Neg\u00f3cios, Economia e Finan\u00e7as Pessoais.\",\"sameAs\":[\"https:\/\/www.suno.com.br\/noticias\",\"https:\/\/www.facebook.com\/sunonoticias\/\",\"https:\/\/www.instagram.com\/sunonoticias\/\",\"https:\/\/x.com\/https:\/\/twitter.com\/sunoresearch\",\"https:\/\/www.youtube.com\/sunonoticias\"],\"url\":\"https:\/\/www.suno.com.br\/noticias\/author\/redacao-suno\/\"}]}<\/script>\n<!-- \/ Yoast SEO plugin. -->","yoast_head_json":{"title":"Nova bandeira tarif\u00e1ria anunciada pela Aneel aumenta conta de luz em 7%","description":"Foi anunciada a nova bandeira tarif\u00e1ria para a conta de luz, definida pela Aneel. A tarifa passa a vigorar a partir de 1\u00b0 de setembro","robots":{"index":"index","follow":"follow","max-snippet":"max-snippet:-1","max-image-preview":"max-image-preview:large","max-video-preview":"max-video-preview:-1"},"canonical":"https:\/\/www.suno.com.br\/noticias\/conta-luz-fica-mais-cara-nova-bandeira\/","og_locale":"pt_BR","og_type":"article","og_title":"Nova bandeira tarif\u00e1ria anunciada pela Aneel aumenta conta de luz em 7%","og_description":"Foi anunciada a nova bandeira tarif\u00e1ria para a conta de luz, definida pela Aneel. A tarifa passa a vigorar a partir de 1\u00b0 de setembro","og_url":"https:\/\/www.suno.com.br\/noticias\/conta-luz-fica-mais-cara-nova-bandeira\/","og_site_name":"Suno Not\u00edcias","article_publisher":"https:\/\/facebook.com\/sunoresearch","article_author":"https:\/\/www.facebook.com\/sunonoticias\/","og_image":[{"width":1200,"height":799,"url":"https:\/\/files.sunoresearch.com.br\/n\/uploads\/2021\/03\/8e9fd97d-setor-distribuicao-energia.jpg","type":"image\/jpeg"}],"author":"Reda\u00e7\u00e3o Suno Not\u00edcias","twitter_card":"summary_large_image","twitter_creator":"@https:\/\/twitter.com\/sunoresearch","twitter_site":"@sunoresearch","twitter_misc":{"Escrito por":"Reda\u00e7\u00e3o Suno Not\u00edcias","Est. tempo de leitura":"6 minutos"},"schema":{"@context":"https:\/\/schema.org","@graph":[{"@type":"NewsArticle","@id":"https:\/\/www.suno.com.br\/noticias\/conta-luz-fica-mais-cara-nova-bandeira\/#article","isPartOf":{"@id":"https:\/\/www.suno.com.br\/noticias\/conta-luz-fica-mais-cara-nova-bandeira\/"},"author":{"name":"Reda\u00e7\u00e3o Suno Not\u00edcias","@id":"https:\/\/www.suno.com.br\/noticias\/#\/schema\/person\/c1b1bd3727fa852bd045e9dbff3673ea"},"headline":"Nova bandeira tarif\u00e1ria anunciada pela Aneel aumenta conta de luz em 7%","datePublished":"2021-08-31T23:50:35+00:00","mainEntityOfPage":{"@id":"https:\/\/www.suno.com.br\/noticias\/conta-luz-fica-mais-cara-nova-bandeira\/"},"wordCount":1160,"publisher":{"@id":"https:\/\/www.suno.com.br\/noticias\/#organization"},"image":{"@id":"https:\/\/www.suno.com.br\/noticias\/conta-luz-fica-mais-cara-nova-bandeira\/#primaryimage"},"thumbnailUrl":"https:\/\/files.sunoresearch.com.br\/n\/uploads\/2021\/03\/8e9fd97d-setor-distribuicao-energia-jpg.webp","keywords":["Aneel","crise h\u00eddrica","energia el\u00e9trica"],"articleSection":["Economia"],"inLanguage":"pt-BR"},{"@type":"WebPage","@id":"https:\/\/www.suno.com.br\/noticias\/conta-luz-fica-mais-cara-nova-bandeira\/","url":"https:\/\/www.suno.com.br\/noticias\/conta-luz-fica-mais-cara-nova-bandeira\/","name":"Nova bandeira tarif\u00e1ria anunciada pela Aneel aumenta conta de luz em 7%","isPartOf":{"@id":"https:\/\/www.suno.com.br\/noticias\/#website"},"primaryImageOfPage":{"@id":"https:\/\/www.suno.com.br\/noticias\/conta-luz-fica-mais-cara-nova-bandeira\/#primaryimage"},"image":{"@id":"https:\/\/www.suno.com.br\/noticias\/conta-luz-fica-mais-cara-nova-bandeira\/#primaryimage"},"thumbnailUrl":"https:\/\/files.sunoresearch.com.br\/n\/uploads\/2021\/03\/8e9fd97d-setor-distribuicao-energia-jpg.webp","datePublished":"2021-08-31T23:50:35+00:00","description":"Foi anunciada a nova bandeira tarif\u00e1ria para a conta de luz, definida pela Aneel. A tarifa passa a vigorar a partir de 1\u00b0 de setembro","breadcrumb":{"@id":"https:\/\/www.suno.com.br\/noticias\/conta-luz-fica-mais-cara-nova-bandeira\/#breadcrumb"},"inLanguage":"pt-BR","potentialAction":[{"@type":"ReadAction","target":["https:\/\/www.suno.com.br\/noticias\/conta-luz-fica-mais-cara-nova-bandeira\/"]}]},{"@type":"ImageObject","inLanguage":"pt-BR","@id":"https:\/\/www.suno.com.br\/noticias\/conta-luz-fica-mais-cara-nova-bandeira\/#primaryimage","url":"https:\/\/files.sunoresearch.com.br\/n\/uploads\/2021\/03\/8e9fd97d-setor-distribuicao-energia-jpg.webp","contentUrl":"https:\/\/files.sunoresearch.com.br\/n\/uploads\/2021\/03\/8e9fd97d-setor-distribuicao-energia-jpg.webp","width":1200,"height":799,"caption":"Energia el\u00e9trica - Foto: Pixabay"},{"@type":"BreadcrumbList","@id":"https:\/\/www.suno.com.br\/noticias\/conta-luz-fica-mais-cara-nova-bandeira\/#breadcrumb","itemListElement":[{"@type":"ListItem","position":1,"name":"Not\u00edcias","item":"https:\/\/www.suno.com.br\/noticias\/"},{"@type":"ListItem","position":2,"name":"Economia","item":"https:\/\/www.suno.com.br\/noticias\/economia\/"},{"@type":"ListItem","position":3,"name":"Nova bandeira tarif\u00e1ria anunciada pela Aneel aumenta conta de luz em 7%"}]},{"@type":"WebSite","@id":"https:\/\/www.suno.com.br\/noticias\/#website","url":"https:\/\/www.suno.com.br\/noticias\/","name":"Suno Not\u00edcias","description":"Seu portal de informa\u00e7\u00e3o sobre o mundo dos investimentos","publisher":{"@id":"https:\/\/www.suno.com.br\/noticias\/#organization"},"potentialAction":[{"@type":"SearchAction","target":{"@type":"EntryPoint","urlTemplate":"https:\/\/www.suno.com.br\/noticias\/?s={search_term_string}"},"query-input":{"@type":"PropertyValueSpecification","valueRequired":true,"valueName":"search_term_string"}}],"inLanguage":"pt-BR"},{"@type":"Organization","@id":"https:\/\/www.suno.com.br\/noticias\/#organization","name":"Suno Not\u00edcias","url":"https:\/\/www.suno.com.br\/noticias\/","logo":{"@type":"ImageObject","inLanguage":"pt-BR","@id":"https:\/\/www.suno.com.br\/noticias\/#\/schema\/logo\/image\/","url":"https:\/\/files.sunoresearch.com.br\/n\/uploads\/2021\/09\/suno-logo.png","contentUrl":"https:\/\/files.sunoresearch.com.br\/n\/uploads\/2021\/09\/suno-logo.png","width":180,"height":180,"caption":"Suno Not\u00edcias"},"image":{"@id":"https:\/\/www.suno.com.br\/noticias\/#\/schema\/logo\/image\/"},"sameAs":["https:\/\/facebook.com\/sunoresearch","https:\/\/x.com\/sunoresearch","https:\/\/www.instagram.com\/suno","https:\/\/www.linkedin.com\/company\/suno-research\/","https:\/\/www.youtube.com\/c\/sunoresearch"]},{"@type":"Person","@id":"https:\/\/www.suno.com.br\/noticias\/#\/schema\/person\/c1b1bd3727fa852bd045e9dbff3673ea","name":"Reda\u00e7\u00e3o Suno Not\u00edcias","image":{"@type":"ImageObject","inLanguage":"pt-BR","@id":"https:\/\/www.suno.com.br\/noticias\/#\/schema\/person\/image\/","url":"https:\/\/secure.gravatar.com\/avatar\/b8104b9b5a71985d5238ee59fbe418af?s=96&r=g","contentUrl":"https:\/\/secure.gravatar.com\/avatar\/b8104b9b5a71985d5238ee59fbe418af?s=96&r=g","caption":"Reda\u00e7\u00e3o Suno Not\u00edcias"},"description":"O Suno Not\u00edcias \u00e9 um portal de informa\u00e7\u00f5es sobre Mercado Financeiro, Pol\u00edtica, Neg\u00f3cios, Economia e Finan\u00e7as Pessoais.","sameAs":["https:\/\/www.suno.com.br\/noticias","https:\/\/www.facebook.com\/sunonoticias\/","https:\/\/www.instagram.com\/sunonoticias\/","https:\/\/x.com\/https:\/\/twitter.com\/sunoresearch","https:\/\/www.youtube.com\/sunonoticias"],"url":"https:\/\/www.suno.com.br\/noticias\/author\/redacao-suno\/"}]}},"default_loop_html":"<div class=\"cardsPage__listCard__boxs\"><div class=\"cardsPage__listCard__boxs__img\"><a href=\"https:\/\/www.suno.com.br\/noticias\/conta-luz-fica-mais-cara-nova-bandeira\/\"><img class=\"mask\" src=\"https:\/\/www.suno.com.br\/noticias\/wp-content\/themes\/suno\/resources\/images\/spotlight\/spotlight1img\/bg-mask.png\" alt=\"Image Mask\"\/><img src=\"https:\/\/files.sunoresearch.com.br\/n\/uploads\/2021\/03\/8e9fd97d-setor-distribuicao-energia-400x200.webp\" alt=\"Nova bandeira tarif\u00e1ria anunciada pela Aneel aumenta conta de luz em 7%\"\/><\/a><span class=\"spotlightCategory\"><a href=\"https:\/\/www.suno.com.br\/noticias\/economia\/\">Economia<\/a><\/span><\/div><div class=\"cardsPage__listCard__boxs__content\"><a href=\"https:\/\/www.suno.com.br\/noticias\/conta-luz-fica-mais-cara-nova-bandeira\/\"><h2 class=\"content__title\">Nova bandeira tarif\u00e1ria anunciada pela Aneel aumenta conta de luz em 7%<\/h2><\/a><div class=\"newsContent__article__meta\"><div class=\"newsContent__article__meta__authorBox\"><a href=\"https:\/\/www.suno.com.br\/noticias\/author\/redacao-suno\/\" class=\"authorBox__avatar noMobi\"><img src=\"https:\/\/files.sunoresearch.com.br\/n\/uploads\/2020\/08\/0ace682d-redacao-1-150x150.webp\" alt=\"Reda\u00e7\u00e3o Suno Not\u00edcias\"><\/a><div class=\"authorBox__name\"><span>por\n\t\t\t<a href=\"https:\/\/www.suno.com.br\/noticias\/author\/redacao-suno\/\"><span itemprop=\"author\">Reda\u00e7\u00e3o Suno Not\u00edcias<\/span><\/a><\/span><time datetime=\"2021-08-31T20:50:35-03:00\" itemprop=\"datePublished\">31\/08\/2021 20:50<\/time><\/div><\/div><\/div><\/div><\/div>","single_layout":"posts","amp_enabled":true,"_links":{"self":[{"href":"https:\/\/www.suno.com.br\/noticias\/wp-json\/wp\/v2\/posts\/179990"}],"collection":[{"href":"https:\/\/www.suno.com.br\/noticias\/wp-json\/wp\/v2\/posts"}],"about":[{"href":"https:\/\/www.suno.com.br\/noticias\/wp-json\/wp\/v2\/types\/post"}],"author":[{"embeddable":true,"href":"https:\/\/www.suno.com.br\/noticias\/wp-json\/wp\/v2\/users\/43"}],"replies":[{"embeddable":true,"href":"https:\/\/www.suno.com.br\/noticias\/wp-json\/wp\/v2\/comments?post=179990"}],"version-history":[{"count":2,"href":"https:\/\/www.suno.com.br\/noticias\/wp-json\/wp\/v2\/posts\/179990\/revisions"}],"predecessor-version":[{"id":180004,"href":"https:\/\/www.suno.com.br\/noticias\/wp-json\/wp\/v2\/posts\/179990\/revisions\/180004"}],"wp:featuredmedia":[{"embeddable":true,"href":"https:\/\/www.suno.com.br\/noticias\/wp-json\/wp\/v2\/media\/130466"}],"wp:attachment":[{"href":"https:\/\/www.suno.com.br\/noticias\/wp-json\/wp\/v2\/media?parent=179990"}],"wp:term":[{"taxonomy":"category","embeddable":true,"href":"https:\/\/www.suno.com.br\/noticias\/wp-json\/wp\/v2\/categories?post=179990"},{"taxonomy":"post_tag","embeddable":true,"href":"https:\/\/www.suno.com.br\/noticias\/wp-json\/wp\/v2\/tags?post=179990"},{"taxonomy":"suno_strategy","embeddable":true,"href":"https:\/\/www.suno.com.br\/noticias\/wp-json\/wp\/v2\/suno_strategy?post=179990"}],"curies":[{"name":"wp","href":"https:\/\/api.w.org\/{rel}","templated":true}]}}