{"id":17997,"date":"2019-03-14T13:23:03","date_gmt":"2019-03-14T16:23:03","guid":{"rendered":"https:\/\/www.suno.com.br\/noticias\/?p=17997"},"modified":"2021-02-17T22:49:57","modified_gmt":"2021-02-18T01:49:57","slug":"mercado-reduz-projecao-deficit-2019","status":"publish","type":"post","link":"https:\/\/www.suno.com.br\/noticias\/mercado-reduz-projecao-deficit-2019\/","title":{"rendered":"Mercado reduz proje\u00e7\u00e3o de d\u00e9ficit p\u00fablico em 2019 para R$ 98,175 bi"},"content":{"rendered":"<p>Analistas do mercado financeiro reduziram a proje\u00e7\u00e3o de d\u00e9ficit prim\u00e1rio das contas p\u00fablicas em 2019 para R$ 98,175 bilh\u00f5es. Se confirmado, o rombo ficar\u00e1 abaixo da meta estipulada pelo governo, de R$ 139 bilh\u00f5es.<\/p>\t<div class=\"wrapper-featured-image\">\n\t\t<figure class=\"spotlightImg\">\n\n\t\t\t<picture>\n\t\t\t\t<source media=\"(max-width: 768px)\" srcset=\"https:\/\/files.sunoresearch.com.br\/n\/uploads\/2018\/10\/f0c55af9-economia-brasileira-400x200.webp\">\n\t\t\t\t<img loading=\"lazy\" decoding=\"async\" class=\"newsContent__article__imgCapa lazyloadDisabled newsContent__article__imgCapa--noCaption\" src=\"https:\/\/files.sunoresearch.com.br\/n\/uploads\/2018\/10\/f0c55af9-economia-brasileira-800x450.webp\" width=\"800\" height=\"450\" alt=\"Mercado reduz proje\u00e7\u00e3o de d\u00e9ficit p\u00fablico em 2019 para R$ 98,175 bi\" fetchpriority=high \/>\n\t\t\t<\/picture>\n\n\t\t\t<figcaption class=\"wp-caption-text wp-caption-text--hide\">O Boletim Focus, no relat\u00f3rio divulgado nesta segunda-feira (5), estima uma queda de 5,02% do PIB brasileiro em 2020.<\/figcaption>\n\t\t<\/figure>\n\t<\/div>\n\n\n<p>A <strong>estimativa<\/strong> est\u00e1 presente no \u00faltimo <strong>levantamento<\/strong> elaborado pela <strong>Secretaria de Pol\u00edtica Econ\u00f4mica<\/strong>, do <strong>Minist\u00e9rio da Economia<\/strong>. O documento foi divulgado nesta quinta (14). A <strong>proje\u00e7\u00e3o<\/strong> anterior, de fevereiro, era de que 2019 terminaria com um <strong>d\u00e9ficit prim\u00e1rio<\/strong> de R$ 99,560 bilh\u00f5es &#8211; c\u00e1lculo tamb\u00e9m inferior aos R$ 102,385 previstos anteriormente.<\/p>\n<p><a href=\"https:\/\/www.suno.com.br\/noticias\/mercado-finaneiro-reduz-previsao-deficit\/\">Saiba mais: Mercado financeiro reduz previs\u00e3o de d\u00e9ficit nas contas p\u00fablicas em 2019<\/a><\/p>\n<p>O <strong>resultado prim\u00e1rio<\/strong> \u00e9 a soma de tudo que o governo <strong>arrecada<\/strong> menos as <strong>despesas,<\/strong> sem incluir no c\u00e1lculo o custos do pagamento dos <strong>juros.<br \/>\n<\/strong><\/p>\n<p style=\"text-align: center;\"><iframe loading=\"lazy\" src=\"https:\/\/www.youtube.com\/embed\/ODXvjzlAzJE\" width=\"560\" height=\"315\" frameborder=\"0\" allowfullscreen=\"allowfullscreen\"><\/iframe><\/p>\n<p>A <strong>proje\u00e7\u00e3o<\/strong> do <strong>rombo<\/strong> para 2020 \u00e9 menor, e se manteve desde o levantamento de fevereiro. No ano que vem, analistas preveem que o <strong>d\u00e9ficit<\/strong> chegue a R$ 65,462 bilh\u00f5es. A previs\u00e3o est\u00e1 em melhor situa\u00e7\u00e3o do que o calculado pelo <strong>governo federal,<\/strong> que trabalha com uma <strong>meta<\/strong> de R$ 110 bilh\u00f5es para o pr\u00f3ximo ano.<\/p>\n<p><a href=\"https:\/\/www.suno.com.br\/noticias\/militares-reforma-previdencia-entrega-paulo-guedes\/\">Saiba mais: Militares entregam proposta de reforma da Previd\u00eancia a Paulo Guedes<\/a><\/p>\n<p>Os valores ainda est\u00e3o bem acima do objetivo do ministro <strong>Paulo Guedes<\/strong>. Ele afirmou que buscaria zerar o <strong>rombo fiscal<\/strong> neste ano. &#8220;Vamos botar metas imposs\u00edveis, vamos zerar o <strong>d\u00e9ficit<\/strong> neste ano. Vai ser dif\u00edcil, mas vamos fazer o m\u00e1ximo poss\u00edvel&#8221;, declarou <strong>Guedes<\/strong> durante evento no <strong><a href=\"https:\/\/www.suno.com.br\/artigos\/bacen\/\">Banco Central<\/a>,<\/strong> em janeiro.<\/p>\n<p>Vai contra os planos do governo as despesas com a <strong>Previd\u00eancia,<\/strong> que crescem ano a ano e somaram R$ 290,297 bilh\u00f5es em 2018. Para ajudar a combater o resultado negativo, o espera arrecadar R$ 100 bilh\u00f5es com o megaleil\u00e3o de petr\u00f3leo do pr\u00e9-sal, marcado para 28 de outubro.<\/p>\n<p><a href=\"https:\/\/www.suno.com.br\/noticias\/banco-central-cortar-juros\/\">Saiba mais: Banco Central vai cortar juros at\u00e9 o meio do ano, diz ex-diretor<\/a><\/p>\n<p>O governo quer evitar a alta no <strong>endividamento,<\/strong> que bateu 76,7% do <strong>Produto Interno Bruto (PIB)<\/strong> no fim de 2018. Mesmo com a aprova\u00e7\u00e3o da <strong>reforma da Previd\u00eancia<\/strong>, essa taxa deve chegar a um pico de 80% do PIB em 2022 para ent\u00e3o declinar, de acordo com c\u00e1lculos do <strong><a href=\"http:\/\/www.tesouro.fazenda.gov.br\/\">Tesouro Nacional<\/a>.<\/strong> O n\u00edvel de <strong>endividamento<\/strong> do <strong>Brasil<\/strong> \u00e9 bem acima da <strong>d\u00edvida bruta<\/strong> de outros pa\u00edses emergentes, cuja m\u00e9dia \u00e9 por volta dos 50% do PIB.<\/p>\n","protected":false},"excerpt":{"rendered":"<p>Analistas do mercado financeiro reduziram a proje\u00e7\u00e3o de d\u00e9ficit prim\u00e1rio das contas p\u00fablicas em 2019 para R$ 98,175 bilh\u00f5es. Se confirmado, o rombo ficar\u00e1 abaixo da meta estipulada pelo governo, de R$ 139 bilh\u00f5es. O Boletim Focus, no relat\u00f3rio divulgado nesta segunda-feira (5), estima uma queda de 5,02% do PIB brasileiro em 2020. A estimativa [&hellip;]<\/p>\n","protected":false},"author":13,"featured_media":5389,"comment_status":"closed","ping_status":"closed","sticky":false,"template":"","format":"standard","meta":[],"categories":[62],"tags":[1842,909,1128],"suno_strategy":[],"class_list":["post-17997","post","type-post","status-publish","format-standard","has-post-thumbnail","hentry","category-economia","tag-banco-central-bc","tag-ministerio-da-economia","tag-orcamento-publico"],"yoast_head":"<!-- This site is optimized with the Yoast SEO plugin v24.4 - https:\/\/yoast.com\/wordpress\/plugins\/seo\/ -->\n<title>Mercado reduz proje\u00e7\u00e3o de d\u00e9ficit p\u00fablico em 2019 para R$ 98,175 bi<\/title>\n<meta name=\"description\" content=\"Analistas do mercado financeiro reduziram a proje\u00e7\u00e3o de d\u00e9ficit prim\u00e1rio das contas p\u00fablicas em 2019 para R$ 98,175 bi. Clique e saiba mais\" \/>\n<meta name=\"robots\" content=\"index, follow, max-snippet:-1, max-image-preview:large, max-video-preview:-1\" \/>\n<link rel=\"canonical\" href=\"https:\/\/www.suno.com.br\/noticias\/mercado-reduz-projecao-deficit-2019\/\" \/>\n<meta property=\"og:locale\" content=\"pt_BR\" \/>\n<meta property=\"og:type\" content=\"article\" \/>\n<meta property=\"og:title\" content=\"Mercado reduz proje\u00e7\u00e3o de d\u00e9ficit p\u00fablico em 2019 para R$ 98,175 bi\" \/>\n<meta property=\"og:description\" content=\"Analistas do mercado financeiro reduziram a proje\u00e7\u00e3o de d\u00e9ficit prim\u00e1rio das contas p\u00fablicas em 2019 para R$ 98,175 bi. Clique e saiba mais\" \/>\n<meta property=\"og:url\" content=\"https:\/\/www.suno.com.br\/noticias\/mercado-reduz-projecao-deficit-2019\/\" \/>\n<meta property=\"og:site_name\" content=\"Suno Not\u00edcias\" \/>\n<meta property=\"article:publisher\" content=\"https:\/\/facebook.com\/sunoresearch\" \/>\n<meta property=\"og:image\" content=\"https:\/\/files.sunoresearch.com.br\/n\/uploads\/2018\/10\/f0c55af9-economia-brasileira.jpg\" \/>\n\t<meta property=\"og:image:width\" content=\"1920\" \/>\n\t<meta property=\"og:image:height\" content=\"1200\" \/>\n\t<meta property=\"og:image:type\" content=\"image\/jpeg\" \/>\n<meta name=\"author\" content=\"Guilherme Caetano\" \/>\n<meta name=\"twitter:card\" content=\"summary_large_image\" \/>\n<meta name=\"twitter:creator\" content=\"@sunoresearch\" \/>\n<meta name=\"twitter:site\" content=\"@sunoresearch\" \/>\n<meta name=\"twitter:label1\" content=\"Escrito por\" \/>\n\t<meta name=\"twitter:data1\" content=\"Guilherme Caetano\" \/>\n\t<meta name=\"twitter:label2\" content=\"Est. tempo de leitura\" \/>\n\t<meta name=\"twitter:data2\" content=\"2 minutos\" \/>\n<script type=\"application\/ld+json\" class=\"yoast-schema-graph\">{\"@context\":\"https:\/\/schema.org\",\"@graph\":[{\"@type\":\"NewsArticle\",\"@id\":\"https:\/\/www.suno.com.br\/noticias\/mercado-reduz-projecao-deficit-2019\/#article\",\"isPartOf\":{\"@id\":\"https:\/\/www.suno.com.br\/noticias\/mercado-reduz-projecao-deficit-2019\/\"},\"author\":{\"name\":\"Guilherme Caetano\",\"@id\":\"https:\/\/www.suno.com.br\/noticias\/#\/schema\/person\/0d0c9687cd2f600c564f25980c140de9\"},\"headline\":\"Mercado reduz proje\u00e7\u00e3o de d\u00e9ficit p\u00fablico em 2019 para R$ 98,175 bi\",\"datePublished\":\"2019-03-14T16:23:03+00:00\",\"dateModified\":\"2021-02-18T01:49:57+00:00\",\"mainEntityOfPage\":{\"@id\":\"https:\/\/www.suno.com.br\/noticias\/mercado-reduz-projecao-deficit-2019\/\"},\"wordCount\":416,\"publisher\":{\"@id\":\"https:\/\/www.suno.com.br\/noticias\/#organization\"},\"image\":{\"@id\":\"https:\/\/www.suno.com.br\/noticias\/mercado-reduz-projecao-deficit-2019\/#primaryimage\"},\"thumbnailUrl\":\"https:\/\/files.sunoresearch.com.br\/n\/uploads\/2018\/10\/f0c55af9-economia-brasileira-jpg.webp\",\"keywords\":[\"Banco Central (BC)\",\"Minist\u00e9rio da Economia\",\"Or\u00e7amento P\u00fablico\"],\"articleSection\":[\"Economia\"],\"inLanguage\":\"pt-BR\"},{\"@type\":\"WebPage\",\"@id\":\"https:\/\/www.suno.com.br\/noticias\/mercado-reduz-projecao-deficit-2019\/\",\"url\":\"https:\/\/www.suno.com.br\/noticias\/mercado-reduz-projecao-deficit-2019\/\",\"name\":\"Mercado reduz proje\u00e7\u00e3o de d\u00e9ficit p\u00fablico em 2019 para R$ 98,175 bi\",\"isPartOf\":{\"@id\":\"https:\/\/www.suno.com.br\/noticias\/#website\"},\"primaryImageOfPage\":{\"@id\":\"https:\/\/www.suno.com.br\/noticias\/mercado-reduz-projecao-deficit-2019\/#primaryimage\"},\"image\":{\"@id\":\"https:\/\/www.suno.com.br\/noticias\/mercado-reduz-projecao-deficit-2019\/#primaryimage\"},\"thumbnailUrl\":\"https:\/\/files.sunoresearch.com.br\/n\/uploads\/2018\/10\/f0c55af9-economia-brasileira-jpg.webp\",\"datePublished\":\"2019-03-14T16:23:03+00:00\",\"dateModified\":\"2021-02-18T01:49:57+00:00\",\"description\":\"Analistas do mercado financeiro reduziram a proje\u00e7\u00e3o de d\u00e9ficit prim\u00e1rio das contas p\u00fablicas em 2019 para R$ 98,175 bi. Clique e saiba mais\",\"breadcrumb\":{\"@id\":\"https:\/\/www.suno.com.br\/noticias\/mercado-reduz-projecao-deficit-2019\/#breadcrumb\"},\"inLanguage\":\"pt-BR\",\"potentialAction\":[{\"@type\":\"ReadAction\",\"target\":[\"https:\/\/www.suno.com.br\/noticias\/mercado-reduz-projecao-deficit-2019\/\"]}]},{\"@type\":\"ImageObject\",\"inLanguage\":\"pt-BR\",\"@id\":\"https:\/\/www.suno.com.br\/noticias\/mercado-reduz-projecao-deficit-2019\/#primaryimage\",\"url\":\"https:\/\/files.sunoresearch.com.br\/n\/uploads\/2018\/10\/f0c55af9-economia-brasileira-jpg.webp\",\"contentUrl\":\"https:\/\/files.sunoresearch.com.br\/n\/uploads\/2018\/10\/f0c55af9-economia-brasileira-jpg.webp\",\"width\":1920,\"height\":1200,\"caption\":\"O Boletim Focus, no relat\u00f3rio divulgado nesta segunda-feira (5), estima uma queda de 5,02% do PIB brasileiro em 2020.\"},{\"@type\":\"BreadcrumbList\",\"@id\":\"https:\/\/www.suno.com.br\/noticias\/mercado-reduz-projecao-deficit-2019\/#breadcrumb\",\"itemListElement\":[{\"@type\":\"ListItem\",\"position\":1,\"name\":\"Not\u00edcias\",\"item\":\"https:\/\/www.suno.com.br\/noticias\/\"},{\"@type\":\"ListItem\",\"position\":2,\"name\":\"Economia\",\"item\":\"https:\/\/www.suno.com.br\/noticias\/economia\/\"},{\"@type\":\"ListItem\",\"position\":3,\"name\":\"Mercado reduz proje\u00e7\u00e3o de d\u00e9ficit p\u00fablico em 2019 para R$ 98,175 bi\"}]},{\"@type\":\"WebSite\",\"@id\":\"https:\/\/www.suno.com.br\/noticias\/#website\",\"url\":\"https:\/\/www.suno.com.br\/noticias\/\",\"name\":\"Suno Not\u00edcias\",\"description\":\"Seu portal de informa\u00e7\u00e3o sobre o mundo dos investimentos\",\"publisher\":{\"@id\":\"https:\/\/www.suno.com.br\/noticias\/#organization\"},\"potentialAction\":[{\"@type\":\"SearchAction\",\"target\":{\"@type\":\"EntryPoint\",\"urlTemplate\":\"https:\/\/www.suno.com.br\/noticias\/?s={search_term_string}\"},\"query-input\":{\"@type\":\"PropertyValueSpecification\",\"valueRequired\":true,\"valueName\":\"search_term_string\"}}],\"inLanguage\":\"pt-BR\"},{\"@type\":\"Organization\",\"@id\":\"https:\/\/www.suno.com.br\/noticias\/#organization\",\"name\":\"Suno Not\u00edcias\",\"url\":\"https:\/\/www.suno.com.br\/noticias\/\",\"logo\":{\"@type\":\"ImageObject\",\"inLanguage\":\"pt-BR\",\"@id\":\"https:\/\/www.suno.com.br\/noticias\/#\/schema\/logo\/image\/\",\"url\":\"https:\/\/files.sunoresearch.com.br\/n\/uploads\/2021\/09\/suno-logo.png\",\"contentUrl\":\"https:\/\/files.sunoresearch.com.br\/n\/uploads\/2021\/09\/suno-logo.png\",\"width\":180,\"height\":180,\"caption\":\"Suno Not\u00edcias\"},\"image\":{\"@id\":\"https:\/\/www.suno.com.br\/noticias\/#\/schema\/logo\/image\/\"},\"sameAs\":[\"https:\/\/facebook.com\/sunoresearch\",\"https:\/\/x.com\/sunoresearch\",\"https:\/\/www.instagram.com\/suno\",\"https:\/\/www.linkedin.com\/company\/suno-research\/\",\"https:\/\/www.youtube.com\/c\/sunoresearch\"]},{\"@type\":\"Person\",\"@id\":\"https:\/\/www.suno.com.br\/noticias\/#\/schema\/person\/0d0c9687cd2f600c564f25980c140de9\",\"name\":\"Guilherme Caetano\",\"image\":{\"@type\":\"ImageObject\",\"inLanguage\":\"pt-BR\",\"@id\":\"https:\/\/www.suno.com.br\/noticias\/#\/schema\/person\/image\/\",\"url\":\"https:\/\/secure.gravatar.com\/avatar\/e48357351a01702a0d19307070e081bf?s=96&r=g\",\"contentUrl\":\"https:\/\/secure.gravatar.com\/avatar\/e48357351a01702a0d19307070e081bf?s=96&r=g\",\"caption\":\"Guilherme Caetano\"},\"description\":\"Formado em jornalismo pela Escola de Comunica\u00e7\u00f5es e Artes da USP, Guilherme Caetano escreve para o portal de not\u00edcias da Suno Research. Passou pelas reda\u00e7\u00f5es da Folha de S.Paulo e da revista \u00c9poca.\",\"url\":\"https:\/\/www.suno.com.br\/noticias\/author\/guilherme-caetano\/\"}]}<\/script>\n<!-- \/ Yoast SEO plugin. -->","yoast_head_json":{"title":"Mercado reduz proje\u00e7\u00e3o de d\u00e9ficit p\u00fablico em 2019 para R$ 98,175 bi","description":"Analistas do mercado financeiro reduziram a proje\u00e7\u00e3o de d\u00e9ficit prim\u00e1rio das contas p\u00fablicas em 2019 para R$ 98,175 bi. Clique e saiba mais","robots":{"index":"index","follow":"follow","max-snippet":"max-snippet:-1","max-image-preview":"max-image-preview:large","max-video-preview":"max-video-preview:-1"},"canonical":"https:\/\/www.suno.com.br\/noticias\/mercado-reduz-projecao-deficit-2019\/","og_locale":"pt_BR","og_type":"article","og_title":"Mercado reduz proje\u00e7\u00e3o de d\u00e9ficit p\u00fablico em 2019 para R$ 98,175 bi","og_description":"Analistas do mercado financeiro reduziram a proje\u00e7\u00e3o de d\u00e9ficit prim\u00e1rio das contas p\u00fablicas em 2019 para R$ 98,175 bi. Clique e saiba mais","og_url":"https:\/\/www.suno.com.br\/noticias\/mercado-reduz-projecao-deficit-2019\/","og_site_name":"Suno Not\u00edcias","article_publisher":"https:\/\/facebook.com\/sunoresearch","og_image":[{"width":1920,"height":1200,"url":"https:\/\/files.sunoresearch.com.br\/n\/uploads\/2018\/10\/f0c55af9-economia-brasileira.jpg","type":"image\/jpeg"}],"author":"Guilherme Caetano","twitter_card":"summary_large_image","twitter_creator":"@sunoresearch","twitter_site":"@sunoresearch","twitter_misc":{"Escrito por":"Guilherme Caetano","Est. tempo de leitura":"2 minutos"},"schema":{"@context":"https:\/\/schema.org","@graph":[{"@type":"NewsArticle","@id":"https:\/\/www.suno.com.br\/noticias\/mercado-reduz-projecao-deficit-2019\/#article","isPartOf":{"@id":"https:\/\/www.suno.com.br\/noticias\/mercado-reduz-projecao-deficit-2019\/"},"author":{"name":"Guilherme Caetano","@id":"https:\/\/www.suno.com.br\/noticias\/#\/schema\/person\/0d0c9687cd2f600c564f25980c140de9"},"headline":"Mercado reduz proje\u00e7\u00e3o de d\u00e9ficit p\u00fablico em 2019 para R$ 98,175 bi","datePublished":"2019-03-14T16:23:03+00:00","dateModified":"2021-02-18T01:49:57+00:00","mainEntityOfPage":{"@id":"https:\/\/www.suno.com.br\/noticias\/mercado-reduz-projecao-deficit-2019\/"},"wordCount":416,"publisher":{"@id":"https:\/\/www.suno.com.br\/noticias\/#organization"},"image":{"@id":"https:\/\/www.suno.com.br\/noticias\/mercado-reduz-projecao-deficit-2019\/#primaryimage"},"thumbnailUrl":"https:\/\/files.sunoresearch.com.br\/n\/uploads\/2018\/10\/f0c55af9-economia-brasileira-jpg.webp","keywords":["Banco Central (BC)","Minist\u00e9rio da Economia","Or\u00e7amento P\u00fablico"],"articleSection":["Economia"],"inLanguage":"pt-BR"},{"@type":"WebPage","@id":"https:\/\/www.suno.com.br\/noticias\/mercado-reduz-projecao-deficit-2019\/","url":"https:\/\/www.suno.com.br\/noticias\/mercado-reduz-projecao-deficit-2019\/","name":"Mercado reduz proje\u00e7\u00e3o de d\u00e9ficit p\u00fablico em 2019 para R$ 98,175 bi","isPartOf":{"@id":"https:\/\/www.suno.com.br\/noticias\/#website"},"primaryImageOfPage":{"@id":"https:\/\/www.suno.com.br\/noticias\/mercado-reduz-projecao-deficit-2019\/#primaryimage"},"image":{"@id":"https:\/\/www.suno.com.br\/noticias\/mercado-reduz-projecao-deficit-2019\/#primaryimage"},"thumbnailUrl":"https:\/\/files.sunoresearch.com.br\/n\/uploads\/2018\/10\/f0c55af9-economia-brasileira-jpg.webp","datePublished":"2019-03-14T16:23:03+00:00","dateModified":"2021-02-18T01:49:57+00:00","description":"Analistas do mercado financeiro reduziram a proje\u00e7\u00e3o de d\u00e9ficit prim\u00e1rio das contas p\u00fablicas em 2019 para R$ 98,175 bi. Clique e saiba mais","breadcrumb":{"@id":"https:\/\/www.suno.com.br\/noticias\/mercado-reduz-projecao-deficit-2019\/#breadcrumb"},"inLanguage":"pt-BR","potentialAction":[{"@type":"ReadAction","target":["https:\/\/www.suno.com.br\/noticias\/mercado-reduz-projecao-deficit-2019\/"]}]},{"@type":"ImageObject","inLanguage":"pt-BR","@id":"https:\/\/www.suno.com.br\/noticias\/mercado-reduz-projecao-deficit-2019\/#primaryimage","url":"https:\/\/files.sunoresearch.com.br\/n\/uploads\/2018\/10\/f0c55af9-economia-brasileira-jpg.webp","contentUrl":"https:\/\/files.sunoresearch.com.br\/n\/uploads\/2018\/10\/f0c55af9-economia-brasileira-jpg.webp","width":1920,"height":1200,"caption":"O Boletim Focus, no relat\u00f3rio divulgado nesta segunda-feira (5), estima uma queda de 5,02% do PIB brasileiro em 2020."},{"@type":"BreadcrumbList","@id":"https:\/\/www.suno.com.br\/noticias\/mercado-reduz-projecao-deficit-2019\/#breadcrumb","itemListElement":[{"@type":"ListItem","position":1,"name":"Not\u00edcias","item":"https:\/\/www.suno.com.br\/noticias\/"},{"@type":"ListItem","position":2,"name":"Economia","item":"https:\/\/www.suno.com.br\/noticias\/economia\/"},{"@type":"ListItem","position":3,"name":"Mercado reduz proje\u00e7\u00e3o de d\u00e9ficit p\u00fablico em 2019 para R$ 98,175 bi"}]},{"@type":"WebSite","@id":"https:\/\/www.suno.com.br\/noticias\/#website","url":"https:\/\/www.suno.com.br\/noticias\/","name":"Suno Not\u00edcias","description":"Seu portal de informa\u00e7\u00e3o sobre o mundo dos investimentos","publisher":{"@id":"https:\/\/www.suno.com.br\/noticias\/#organization"},"potentialAction":[{"@type":"SearchAction","target":{"@type":"EntryPoint","urlTemplate":"https:\/\/www.suno.com.br\/noticias\/?s={search_term_string}"},"query-input":{"@type":"PropertyValueSpecification","valueRequired":true,"valueName":"search_term_string"}}],"inLanguage":"pt-BR"},{"@type":"Organization","@id":"https:\/\/www.suno.com.br\/noticias\/#organization","name":"Suno Not\u00edcias","url":"https:\/\/www.suno.com.br\/noticias\/","logo":{"@type":"ImageObject","inLanguage":"pt-BR","@id":"https:\/\/www.suno.com.br\/noticias\/#\/schema\/logo\/image\/","url":"https:\/\/files.sunoresearch.com.br\/n\/uploads\/2021\/09\/suno-logo.png","contentUrl":"https:\/\/files.sunoresearch.com.br\/n\/uploads\/2021\/09\/suno-logo.png","width":180,"height":180,"caption":"Suno Not\u00edcias"},"image":{"@id":"https:\/\/www.suno.com.br\/noticias\/#\/schema\/logo\/image\/"},"sameAs":["https:\/\/facebook.com\/sunoresearch","https:\/\/x.com\/sunoresearch","https:\/\/www.instagram.com\/suno","https:\/\/www.linkedin.com\/company\/suno-research\/","https:\/\/www.youtube.com\/c\/sunoresearch"]},{"@type":"Person","@id":"https:\/\/www.suno.com.br\/noticias\/#\/schema\/person\/0d0c9687cd2f600c564f25980c140de9","name":"Guilherme Caetano","image":{"@type":"ImageObject","inLanguage":"pt-BR","@id":"https:\/\/www.suno.com.br\/noticias\/#\/schema\/person\/image\/","url":"https:\/\/secure.gravatar.com\/avatar\/e48357351a01702a0d19307070e081bf?s=96&r=g","contentUrl":"https:\/\/secure.gravatar.com\/avatar\/e48357351a01702a0d19307070e081bf?s=96&r=g","caption":"Guilherme Caetano"},"description":"Formado em jornalismo pela Escola de Comunica\u00e7\u00f5es e Artes da USP, Guilherme Caetano escreve para o portal de not\u00edcias da Suno Research. Passou pelas reda\u00e7\u00f5es da Folha de S.Paulo e da revista \u00c9poca.","url":"https:\/\/www.suno.com.br\/noticias\/author\/guilherme-caetano\/"}]}},"default_loop_html":"<div class=\"cardsPage__listCard__boxs\"><div class=\"cardsPage__listCard__boxs__img\"><a href=\"https:\/\/www.suno.com.br\/noticias\/mercado-reduz-projecao-deficit-2019\/\"><img class=\"mask\" src=\"https:\/\/www.suno.com.br\/noticias\/wp-content\/themes\/suno\/resources\/images\/spotlight\/spotlight1img\/bg-mask.png\" alt=\"Image Mask\"\/><img src=\"https:\/\/files.sunoresearch.com.br\/n\/uploads\/2018\/10\/f0c55af9-economia-brasileira-400x200.webp\" alt=\"Mercado reduz proje\u00e7\u00e3o de d\u00e9ficit p\u00fablico em 2019 para R$ 98,175 bi\"\/><\/a><span class=\"spotlightCategory\"><a href=\"https:\/\/www.suno.com.br\/noticias\/economia\/\">Economia<\/a><\/span><\/div><div class=\"cardsPage__listCard__boxs__content\"><a href=\"https:\/\/www.suno.com.br\/noticias\/mercado-reduz-projecao-deficit-2019\/\"><h2 class=\"content__title\">Mercado reduz proje\u00e7\u00e3o de d\u00e9ficit p\u00fablico em 2019 para R$ 98,175 bi<\/h2><\/a><div class=\"newsContent__article__meta\"><div class=\"newsContent__article__meta__authorBox\"><a href=\"https:\/\/www.suno.com.br\/noticias\/author\/guilherme-caetano\/\" class=\"authorBox__avatar noMobi\"><img src=\"https:\/\/secure.gravatar.com\/avatar\/e48357351a01702a0d19307070e081bf?s=96&#038;r=g\" alt=\"Guilherme Caetano\"><\/a><div class=\"authorBox__name\"><span>por\n\t\t\t<a href=\"https:\/\/www.suno.com.br\/noticias\/author\/guilherme-caetano\/\"><span itemprop=\"author\">Guilherme Caetano<\/span><\/a><\/span><time datetime=\"2019-03-14T13:23:03-03:00\" itemprop=\"datePublished\">14\/03\/2019 13:23<\/time><\/div><\/div><\/div><\/div><\/div>","single_layout":"posts","amp_enabled":true,"_links":{"self":[{"href":"https:\/\/www.suno.com.br\/noticias\/wp-json\/wp\/v2\/posts\/17997"}],"collection":[{"href":"https:\/\/www.suno.com.br\/noticias\/wp-json\/wp\/v2\/posts"}],"about":[{"href":"https:\/\/www.suno.com.br\/noticias\/wp-json\/wp\/v2\/types\/post"}],"author":[{"embeddable":true,"href":"https:\/\/www.suno.com.br\/noticias\/wp-json\/wp\/v2\/users\/13"}],"replies":[{"embeddable":true,"href":"https:\/\/www.suno.com.br\/noticias\/wp-json\/wp\/v2\/comments?post=17997"}],"version-history":[{"count":0,"href":"https:\/\/www.suno.com.br\/noticias\/wp-json\/wp\/v2\/posts\/17997\/revisions"}],"wp:featuredmedia":[{"embeddable":true,"href":"https:\/\/www.suno.com.br\/noticias\/wp-json\/wp\/v2\/media\/5389"}],"wp:attachment":[{"href":"https:\/\/www.suno.com.br\/noticias\/wp-json\/wp\/v2\/media?parent=17997"}],"wp:term":[{"taxonomy":"category","embeddable":true,"href":"https:\/\/www.suno.com.br\/noticias\/wp-json\/wp\/v2\/categories?post=17997"},{"taxonomy":"post_tag","embeddable":true,"href":"https:\/\/www.suno.com.br\/noticias\/wp-json\/wp\/v2\/tags?post=17997"},{"taxonomy":"suno_strategy","embeddable":true,"href":"https:\/\/www.suno.com.br\/noticias\/wp-json\/wp\/v2\/suno_strategy?post=17997"}],"curies":[{"name":"wp","href":"https:\/\/api.w.org\/{rel}","templated":true}]}}