{"id":179864,"date":"2021-09-02T08:41:51","date_gmt":"2021-09-02T11:41:51","guid":{"rendered":"https:\/\/www.suno.com.br\/noticias\/?p=179864"},"modified":"2021-09-02T16:02:51","modified_gmt":"2021-09-02T19:02:51","slug":"ibovespa-5-maiores-altas-agosto-embraer-embr3","status":"publish","type":"post","link":"https:\/\/www.suno.com.br\/noticias\/ibovespa-5-maiores-altas-agosto-embraer-embr3\/","title":{"rendered":"Ibovespa: Veja as 5 maiores altas de agosto; Embraer (EMBR3) voa 25%"},"content":{"rendered":"<p>Pelo segundo m\u00eas consecutivo, o <strong>Ibovespa<\/strong> acumulou varia\u00e7\u00e3o negativa. Em agosto, a desvaloriza\u00e7\u00e3o do principal <a class=\"suno-keyword\" href=\"https:\/\/www.suno.com.br\/artigos\/indice-de-acoes\/\" target=\"_blank\" rel=\"noopener\" data-force=\"no\" data-priority=\"1\">\u00edndice de a\u00e7\u00f5es<\/a> da B3 chegou a 2,48%, aos 118.781 pontos.<\/p>\t<div class=\"wrapper-featured-image\">\n\t\t<figure class=\"spotlightImg\">\n\n\t\t\t<picture>\n\t\t\t\t<source media=\"(max-width: 768px)\" srcset=\"https:\/\/files.sunoresearch.com.br\/n\/uploads\/2021\/06\/fe2d9c85-202486058_3719702038135266_8953010912953026238_n-400x200.webp\">\n\t\t\t\t<img loading=\"lazy\" decoding=\"async\" class=\"newsContent__article__imgCapa lazyloadDisabled \" src=\"https:\/\/files.sunoresearch.com.br\/n\/uploads\/2021\/06\/fe2d9c85-202486058_3719702038135266_8953010912953026238_n-800x450.webp\" width=\"800\" height=\"450\" alt=\"Ibovespa: Veja as 5 maiores altas de agosto; Embraer (EMBR3) voa 25%\" fetchpriority=high \/>\n\t\t\t<\/picture>\n\n\t\t\t<figcaption class=\"wp-caption-text wp-caption-text--show\">Embraer teve melhora de perspectiva em 2021 com parceria da startups de &#039;carros voadores&#039; - Foto: Divulga\u00e7\u00e3o<\/figcaption>\n\t\t<\/figure>\n\t<\/div>\n\n\n\t<p>\n\t\t<a href=\"https:\/\/lp.suno.com.br\/planilha-controle-gastos\/\" target=\"_blank\" data-element=\"shortcode-suno-banner\" title=\"Banner SUNO, clique e saiba mais\">\n\t\t\t<picture>\n\t\t\t\t<source media=\"(max-width: 500px)\" srcset=\"https:\/\/files.sunoresearch.com.br\/n\/uploads\/2023\/03\/400x300-Planilha-controle-de-gastos.png\">\n\t\t\t\t<img class=\"newsContent__article__imgCapa newsContent__article__imgCapa--banner\"\n\t\t\t\t\tsrc=\"https:\/\/files.sunoresearch.com.br\/n\/uploads\/2023\/03\/1420x240-Planilha-controle-de-gastos.png\"\n\t\t\t\t\tdata-promo-id=\"101751\"\t\t\t\t\t\t\t\t\t\twidth='1420' height='240'\t\t\t\t\talt=\"https:\/\/files.sunoresearch.com.br\/n\/uploads\/2023\/03\/1420x240-Planilha-controle-de-gastos.png\"\n\t\t\t\t>\n\t\t\t<\/picture>\n\t\t<\/a>\n\t<\/p>\n\n\n<p>Os riscos fiscais foram o principal fator no cen\u00e1rio dom\u00e9stico que prejudicou a<strong> cota\u00e7\u00e3o do Ibovespa<\/strong>. Em meio a disputa pela manuten\u00e7\u00e3o do <a class=\"suno-keyword\" href=\"https:\/\/www.suno.com.br\/artigos\/teto-de-gastos\/\" target=\"_blank\" rel=\"noopener\" data-force=\"no\" data-priority=\"1\">teto de gastos<\/a>, a d\u00edvida dos precat\u00f3rios caiu como uma bomba nas contas do governo federal de 2022.<\/p>\n<p>Al\u00e9m disso, o presidente Jair Bolsonaro se comprometeu com o aumento do Bolsa Fam\u00edlia para R$ 300, cerca de 50% a mais do que \u00e9 pago atualmente. Por\u00e9m, para esse valor se concretizar no pr\u00f3ximo ano, os ajustes fiscais devem ser feitos e at\u00e9 agora a C\u00e2mara dos Deputados, o Senado e o Minist\u00e9rio da Economia n\u00e3o se entenderam a respeito.<\/p>\n<p>J\u00e1 no cen\u00e1rio internacional, influenciou\u00a0a <strong>movimenta\u00e7\u00e3o do Ibovespa <\/strong>a queda das commodities. A China segue impondo mais regulamenta\u00e7\u00f5es a produ\u00e7\u00e3o e venda dos produtos e tamb\u00e9m apresenta desacelera\u00e7\u00e3o na sua recupera\u00e7\u00e3o econ\u00f4mica.<\/p>\n<p>Embora o saldo do principal<strong> \u00edndice de a\u00e7\u00f5es da B3<\/strong> tenha sido negativo em reflexo ao contexto adverso, muitas empresas se destacaram e tiveram um bom desempenho no per\u00edodo pelo seu pr\u00f3prio cen\u00e1rio. Vamos a elas:<\/p>\n<h2>Veja as a\u00e7\u00f5es do Ibovespa que mais subiram no m\u00eas passado:<\/h2>\n<ul>\n<li><a class=\"suno-keyword\" href=\"https:\/\/www.suno.com.br\/acoes\/EMBR3\/\" target=\"_blank\" rel=\"noopener\" data-force=\"yes\" data-priority=\"2\">Embraer (EMBR3)<\/a>: +25,98%<\/li>\n<li><a href=\"https:\/\/www.suno.com.br\/acoes\/CPFE3\/\" target=\"_blank\" rel=\"noopener\">CPFL Energia (CPFE3)<\/a>: +14,69%<\/li>\n<li><a class=\"suno-keyword\" href=\"https:\/\/www.suno.com.br\/acoes\/BRKM5\/\" target=\"_blank\" rel=\"noopener\" data-force=\"yes\" data-priority=\"2\">Braskem (BRKM5)<\/a>: +14,27%<\/li>\n<li><a class=\"suno-keyword\" href=\"https:\/\/www.suno.com.br\/acoes\/CMIG4\/\" target=\"_blank\" rel=\"noopener\" data-force=\"yes\" data-priority=\"2\">Cemig (CMIG4)<\/a>: +13,15%<\/li>\n<li><a class=\"suno-keyword\" href=\"https:\/\/www.suno.com.br\/acoes\/SUZB3\/\" target=\"_blank\" rel=\"noopener\" data-force=\"yes\" data-priority=\"2\">Suzano (SUZB3)<\/a>: +12,82%<\/li>\n<\/ul>\n<h3>1\u00ba &#8211; Embraer lidera o ranking de a\u00e7\u00f5es mais valorizadas do Ibovespa em agosto<\/h3>\n<p>Depois de uma fase dif\u00edcil que antecedeu at\u00e9 mesmo a pandemia do coronav\u00edrus, a <strong>Embraer (EMBR3) <\/strong>vem numa toada de recupera\u00e7\u00e3o que rendeu um lucro de R$ 212,8 milh\u00f5es no segundo trimestre de 2021. A fabricante de avi\u00f5es s\u00f3 viu um valor maior no terceiro trimestre de 2017, quando a Embraer lucrou R$ 351 milh\u00f5es.<\/p>\n<p>A disparada de 25,98% em agosto foi impulsionada pela sequ\u00eancia de encomendas de aeronaves e as parcerias da sua subsidi\u00e1ria Eve, que opera no desenvolvimento e manuten\u00e7\u00e3o dos chamados &#8220;carros voadores&#8221;, os eVTOLs.<\/p>\n<p>Segundo o <a class=\"suno-keyword\" href=\"https:\/\/www.suno.com.br\/acoes\/BPAC11\/\" target=\"_blank\" rel=\"noopener\" data-force=\"yes\" data-priority=\"2\">BTG Pactual (BPAC11)<\/a>, tr\u00eas fatores corroboram para o desempenho das <strong>a\u00e7\u00f5es da Embraer<\/strong> no <a class=\"suno-keyword\" href=\"https:\/\/www.suno.com.br\/artigos\/curto-prazo\/\" target=\"_blank\" rel=\"noopener\" data-force=\"no\" data-priority=\"1\">curto prazo<\/a>:<\/p>\n<ul>\n<li>a acelera\u00e7\u00e3o do ritmo de vacina\u00e7\u00e3o, para a qual a Embraer tem exposi\u00e7\u00e3o (especialmente na Europa e EUA),<\/li>\n<li>o segmento de avia\u00e7\u00e3o executiva resiliente neste momento, com novas encomendas, e<\/li>\n<li>uma maior consci\u00eancia do valor potencial da opera\u00e7\u00e3o em mobilidade a\u00e9rea urbana (eVTOL).<\/li>\n<\/ul>\n<p>Com isso, a recomenda\u00e7\u00e3o do banco de investimentos \u00e9 de compra para as <strong>a\u00e7\u00f5es EMBR3<\/strong>, com pre\u00e7o-alvo de R$ 26,00 por papel.<\/p>\n<p>No \u00faltimo dia de agosto (31), os pap\u00e9is da <strong>Embraer no Ibovespa<\/strong> eram negociados a R$ 23,42, enquanto no dia 02 de agosto estavam cotados a R$ 18,89.<\/p>\n\t<p>\n\t\t<a href=\"https:\/\/lp.suno.com.br\/planilha-da-vida-financeira\/\" target=\"_blank\" data-element=\"shortcode-suno-banner\" title=\"Banner SUNO, clique e saiba mais\">\n\t\t\t<picture>\n\t\t\t\t<source media=\"(max-width: 500px)\" srcset=\"https:\/\/files.sunoresearch.com.br\/n\/uploads\/2023\/04\/400x300-Planilha-vida-financeira-true.png\">\n\t\t\t\t<img class=\"newsContent__article__imgCapa newsContent__article__imgCapa--banner\"\n\t\t\t\t\tsrc=\"https:\/\/files.sunoresearch.com.br\/n\/uploads\/2023\/04\/1420x240-Planilha-vida-financeira-true.png\"\n\t\t\t\t\tdata-promo-id=\"106682\"\t\t\t\t\t\t\t\t\t\twidth='1420' height='240'\t\t\t\t\talt=\"https:\/\/files.sunoresearch.com.br\/n\/uploads\/2023\/04\/1420x240-Planilha-vida-financeira-true.png\"\n\t\t\t\t>\n\t\t\t<\/picture>\n\t\t<\/a>\n\t<\/p>\n\n\n<h3>2\u00ba &#8211; CPFL Energia<\/h3>\n<p>A <strong>CPFL Energia (CPFE3)<\/strong> viu uma valoriza\u00e7\u00e3o de 14,69% das suas a\u00e7\u00f5es no Ibovespa durante o m\u00eas de agosto. A <strong>cota\u00e7\u00e3o da CPFL<\/strong> passou de R$ 25,42 no dia 02 de agosto para R$ 29,04 em 31 de agosto.<\/p>\n<p>O movimento de compra das a\u00e7\u00f5es da companhia de energia foi impulsionado por dois fatores: os resultados do 2T21 e o an\u00fancio de <a class=\"suno-keyword\" href=\"https:\/\/www.suno.com.br\/artigos\/dividendos\/\" target=\"_blank\" rel=\"noopener\" data-force=\"no\" data-priority=\"2\">distribui\u00e7\u00e3o de dividendos<\/a> da empresa.<\/p>\n<p>Entre abril e junho a CPFL Energia registrou um <a class=\"suno-keyword\" href=\"https:\/\/www.suno.com.br\/artigos\/lucro-liquido\/\" target=\"_blank\" rel=\"noopener\" data-force=\"no\" data-priority=\"1\">lucro l\u00edquido<\/a> de R$ 1,126 bilh\u00e3o &#8211; salto de 143,6% ante igual per\u00edodo do ano passado. O resultado foi atribu\u00eddo ao aumento de 13,7% na carga da \u00e1rea de concess\u00e3o. Nesse ponto, um dos destaques foi o setor industrial, que retomou o consumo de energia junto com o crescimento da demanda.<\/p>\n<p>Em seguida, a CPFL anunciou a distribui\u00e7\u00e3o de R$ 1,730 bilh\u00e3o em dividendos, equivalente a R$ 1,501834847 por a\u00e7\u00e3o. Por\u00e9m, a empresa n\u00e3o anunciou em que data seria feito o pagamento, apenas que\u00a0 teria direito aos proventos os acionistas com posi\u00e7\u00e3o comprada at\u00e9 31 de agosto de 2021.<\/p>\n<h3>3\u00ba &#8211; Braskem<\/h3>\n<p>A arrancada da <strong>Braskem (BRKM5)<\/strong> para integrar o p\u00f3dio de agosto do Ibovespa come\u00e7ou depois do dia 18. At\u00e9 ent\u00e3o, a varia\u00e7\u00e3o acumulada da empresa estava no negativo.<\/p>\n<p>O ponto de virada foi o an\u00fancio da parceria de distribui\u00e7\u00e3o feita com a Nexeo Plastics. Por meio da Nexeo, a Braskem ir\u00e1 entregar seus produtos na Am\u00e9rica do Norte e na Europa. Com isso, a base internacional para venda dos filamentos de polipropileno (PP) e pellets (pequenas pelotas) para impress\u00e3o 3D e fabrica\u00e7\u00e3o de aditivos aumenta.<\/p>\n<p>No mesmo dia do an\u00fancio, o BTG elevou o pre\u00e7o-alvo para as <strong>a\u00e7\u00f5es da Braskem<\/strong> de R$ 63 para R$ 71, com os analistas do banco reiterando recomenda\u00e7\u00e3o de compra.<\/p>\n<p>De R$ 58,23 no dia 02 de agosto, as <strong>a\u00e7\u00f5es BRKM5<\/strong> da Braskem no Ibovespa subiram para R$ 65,99 no dia 31. Uma valoriza\u00e7\u00e3o de 14,27% no per\u00edodo.<\/p>\n<h3>4\u00ba &#8211; Cemig<\/h3>\n<p>O quarto lugar das maiores <strong>altas do Ibovespa<\/strong> ficou com a <strong>Cemig (CMIG4)<\/strong>. A Companhia de Energia de Minas Gerais apresentou um s\u00f3lido resultado no segundo trimestre e acabou com uma valoriza\u00e7\u00e3o de 13,15% das suas <strong>a\u00e7\u00f5es no Ibovespa<\/strong>.<\/p>\n\t<p>\n\t\t<a href=\"https:\/\/lp.suno.com.br\/ebook-como-analisar-uma-acao\/\" target=\"_blank\" data-element=\"shortcode-suno-banner\" title=\"Banner SUNO, clique e saiba mais\">\n\t\t\t<picture>\n\t\t\t\t<source media=\"(max-width: 500px)\" srcset=\"https:\/\/files.sunoresearch.com.br\/n\/uploads\/2023\/03\/Ebook-Acoes-Mobile-1.jpg\">\n\t\t\t\t<img class=\"newsContent__article__imgCapa newsContent__article__imgCapa--banner\"\n\t\t\t\t\tsrc=\"https:\/\/files.sunoresearch.com.br\/n\/uploads\/2023\/03\/Ebook-Acoes-Desktop-1.jpg\"\n\t\t\t\t\tdata-promo-id=\"171998\"\t\t\t\t\t\t\t\t\t\twidth='1420' height='286'\t\t\t\t\talt=\"https:\/\/files.sunoresearch.com.br\/n\/uploads\/2023\/03\/Ebook-Acoes-Desktop-1.jpg\"\n\t\t\t\t>\n\t\t\t<\/picture>\n\t\t<\/a>\n\t<\/p>\n\n\n<p>A companhia estatal registrou um lucro l\u00edquido de R$ 1,94 bilh\u00e3o entre abril e junho de 2021, alta de 80% em rela\u00e7\u00e3o ao mesmo per\u00edodo de 2020. Al\u00e9m disso, a <a class=\"suno-keyword\" href=\"https:\/\/www.suno.com.br\/artigos\/o-que-receita-liquida\/\" target=\"_blank\" rel=\"noopener\" data-force=\"no\" data-priority=\"1\">receita l\u00edquida<\/a> da companhia alcan\u00e7ou R$ 7,354 bilh\u00f5es no per\u00edodo, 33,7% maior que o visto no mesmo intervalo de 2020.<\/p>\n<p>Por\u00e9m, o resultado recebeu uma forcinha de R$ 909,6 milh\u00f5es de ganhos n\u00e3o recorrentes com prorroga\u00e7\u00f5es de outorgas (lei 14.052 \/ 2020), al\u00e9m de R$ 618,7 milh\u00f5es com <a class=\"suno-keyword\" href=\"https:\/\/www.suno.com.br\/artigos\/variacao-cambial\/\" target=\"_blank\" rel=\"noopener\" data-force=\"no\" data-priority=\"1\">varia\u00e7\u00e3o cambial<\/a>.<\/p>\n<p>A recomenda\u00e7\u00e3o de analistas de bancos de investimentos foi neutra em rela\u00e7\u00e3o a Cemig, mas os investidores optaram pela compra. Agosto <span style=\"font-weight: 400;\">come\u00e7ou <\/span>com as a\u00e7\u00f5es CMIG4 valendo R$ 11,87 e terminou com elas cotadas a R$ 13,51.<\/p>\n<h3>5\u00ba &#8211; Suzano<\/h3>\n<p>A Suzano (SUZB3) fecha o ranking de <strong>maiores altas do Ibovespa em agosto<\/strong>. A empresa de papel e celulose acumulou uma valoriza\u00e7\u00e3o de 12,82% no pre\u00e7o das suas a\u00e7\u00f5es no per\u00edodo.<\/p>\n<p>Em seu balan\u00e7o de segundo trimestre, a Suzano registrou um lucro l\u00edquido de R$ 10,036 bilh\u00f5es e reverteu o preju\u00edzo de R$ 2,052 bilh\u00f5es do mesmo per\u00edodo do ano passado. Al\u00e9m disso, a receita da companhia voltou a subir com a estabiliza\u00e7\u00e3o dos pre\u00e7os da celulose no mercado internacional.<\/p>\n<p>Al\u00e9m disso, em relat\u00f3rio do in\u00edcio de agosto, o Fundo Verde destacou a empresa como uma boa op\u00e7\u00e3o para prote\u00e7\u00e3o dos investimentos, j\u00e1 que a receita da Suzano est\u00e1 atrelada ao c\u00e2mbio.<\/p>\n<p>&#8220;Nos pre\u00e7os atuais das suas a\u00e7\u00f5es, a empresa oferece um \u00f3timo retorno ainda que haja quedas nos valores da celulose ou do d\u00f3lar. Por ter receita atrelada ao c\u00e2mbio, a Suzano representa uma boa prote\u00e7\u00e3o para o fundo em caso de maior deteriora\u00e7\u00e3o fiscal do pa\u00eds&#8221;, disse a gestora.<\/p>\n<p>Com isso, as <strong>a\u00e7\u00f5es SUZB3<\/strong> sa\u00edram de uma cota\u00e7\u00e3o de R$ 54,52\u00a0 em 02 de agosto para R$ 61,00 em 31 de agosto.<\/p>\n<h2>Investir em a\u00e7\u00f5es do Ibovespa<\/h2>\n<p>O SUNO Not\u00edcias destaca que essa mat\u00e9ria n\u00e3o \u00e9 uma recomenda\u00e7\u00e3o de investimento.<\/p>\n<p>Antes de qualquer aporte em a\u00e7\u00f5es \u00e9 importante ressaltar que quitar as d\u00edvidas deve sempre ser a prioridade. Os analistas da SUNO Research salientam que \u00e9 necess\u00e1rio antes poupar dinheiro para depois <a href=\"https:\/\/www.suno.com.br\/artigos\/investir-acoes\/\" target=\"_blank\" rel=\"noopener\">investir no <strong>Ibovespa<\/strong><\/a>, e nunca se endividar para investir ou investir endividado.<\/p>\n\t<p>\n\t\t<a href=\"https:\/\/lp.suno.com.br\/planilha-de-controle-de-investimentos\/\" target=\"_blank\" data-element=\"shortcode-suno-banner\" title=\"Banner SUNO, clique e saiba mais\">\n\t\t\t<picture>\n\t\t\t\t<source media=\"(max-width: 500px)\" srcset=\"https:\/\/files.sunoresearch.com.br\/n\/uploads\/2023\/03\/400x300-Controle-de-Investimentos.png\">\n\t\t\t\t<img class=\"newsContent__article__imgCapa newsContent__article__imgCapa--banner\"\n\t\t\t\t\tsrc=\"https:\/\/files.sunoresearch.com.br\/n\/uploads\/2023\/03\/1420x240-Controle-de-Investimentos.png\"\n\t\t\t\t\tdata-promo-id=\"75934\"\t\t\t\t\t\t\t\t\t\twidth='1420' height='240'\t\t\t\t\talt=\"https:\/\/files.sunoresearch.com.br\/n\/uploads\/2023\/03\/1420x240-Controle-de-Investimentos.png\"\n\t\t\t\t>\n\t\t\t<\/picture>\n\t\t<\/a>\n\t<\/p>\n\n\n","protected":false},"excerpt":{"rendered":"<p>Pelo segundo m\u00eas consecutivo, o Ibovespa acumulou varia\u00e7\u00e3o negativa. Em agosto, a desvaloriza\u00e7\u00e3o do principal \u00edndice de a\u00e7\u00f5es da B3 chegou a 2,48%, aos 118.781 pontos. Embraer teve melhora de perspectiva em 2021 com parceria da startups de &#039;carros voadores&#039; &#8211; Foto: Divulga\u00e7\u00e3o Os riscos fiscais foram o principal fator no cen\u00e1rio dom\u00e9stico que prejudicou [&hellip;]<\/p>\n","protected":false},"author":102,"featured_media":160989,"comment_status":"closed","ping_status":"closed","sticky":false,"template":"","format":"standard","meta":[],"categories":[60],"tags":[395,420,436,460,105815,105816,721,648],"suno_strategy":[],"class_list":["post-179864","post","type-post","status-publish","format-standard","has-post-thumbnail","hentry","category-mercado","tag-braskem-brkm3-brkm5-brkm6","tag-cemig-cmig3-cmig4","tag-cpfl-cpfe3","tag-embraer-embr3","tag-especial","tag-especialistas","tag-ibovespa","tag-suzano-suzb3"],"yoast_head":"<!-- This site is optimized with the Yoast SEO plugin v24.4 - https:\/\/yoast.com\/wordpress\/plugins\/seo\/ -->\n<title>Ibovespa: veja as 5 maiores altas de agosto; Embraer (EMBR3) voa 25%<\/title>\n<meta name=\"description\" content=\"Confira as 5 a\u00e7\u00f5es que mais valorizaram no Ibovespa em agosto. O ranking come\u00e7a com a Embraer (EMBR3) que voou 25% no per\u00edodo. Leia mais.\" \/>\n<meta name=\"robots\" content=\"index, follow, max-snippet:-1, max-image-preview:large, max-video-preview:-1\" \/>\n<link rel=\"canonical\" href=\"https:\/\/www.suno.com.br\/noticias\/ibovespa-5-maiores-altas-agosto-embraer-embr3\/\" \/>\n<meta property=\"og:locale\" content=\"pt_BR\" \/>\n<meta property=\"og:type\" content=\"article\" \/>\n<meta property=\"og:title\" content=\"Ibovespa: veja as 5 maiores altas de agosto; Embraer (EMBR3) voa 25%\" \/>\n<meta property=\"og:description\" content=\"Confira as 5 a\u00e7\u00f5es que mais valorizaram no Ibovespa em agosto. O ranking come\u00e7a com a Embraer (EMBR3) que voou 25% no per\u00edodo. Leia mais.\" \/>\n<meta property=\"og:url\" content=\"https:\/\/www.suno.com.br\/noticias\/ibovespa-5-maiores-altas-agosto-embraer-embr3\/\" \/>\n<meta property=\"og:site_name\" content=\"Suno Not\u00edcias\" \/>\n<meta property=\"article:publisher\" content=\"https:\/\/facebook.com\/sunoresearch\" \/>\n<meta property=\"og:image\" content=\"https:\/\/files.sunoresearch.com.br\/n\/uploads\/2021\/06\/fe2d9c85-202486058_3719702038135266_8953010912953026238_n.jpg\" \/>\n\t<meta property=\"og:image:width\" content=\"1920\" \/>\n\t<meta property=\"og:image:height\" content=\"1080\" \/>\n\t<meta property=\"og:image:type\" content=\"image\/jpeg\" \/>\n<meta name=\"author\" content=\"Monique Lima\" \/>\n<meta name=\"twitter:card\" content=\"summary_large_image\" \/>\n<meta name=\"twitter:creator\" content=\"@sunoresearch\" \/>\n<meta name=\"twitter:site\" content=\"@sunoresearch\" \/>\n<meta name=\"twitter:label1\" content=\"Escrito por\" \/>\n\t<meta name=\"twitter:data1\" content=\"Monique Lima\" \/>\n\t<meta name=\"twitter:label2\" content=\"Est. tempo de leitura\" \/>\n\t<meta name=\"twitter:data2\" content=\"6 minutos\" \/>\n<script type=\"application\/ld+json\" class=\"yoast-schema-graph\">{\"@context\":\"https:\/\/schema.org\",\"@graph\":[{\"@type\":\"NewsArticle\",\"@id\":\"https:\/\/www.suno.com.br\/noticias\/ibovespa-5-maiores-altas-agosto-embraer-embr3\/#article\",\"isPartOf\":{\"@id\":\"https:\/\/www.suno.com.br\/noticias\/ibovespa-5-maiores-altas-agosto-embraer-embr3\/\"},\"author\":{\"name\":\"Monique Lima\",\"@id\":\"https:\/\/www.suno.com.br\/noticias\/#\/schema\/person\/d712329319cc9b10f254d02d654cb36a\"},\"headline\":\"Ibovespa: Veja as 5 maiores altas de agosto; Embraer (EMBR3) voa 25%\",\"datePublished\":\"2021-09-02T11:41:51+00:00\",\"dateModified\":\"2021-09-02T19:02:51+00:00\",\"mainEntityOfPage\":{\"@id\":\"https:\/\/www.suno.com.br\/noticias\/ibovespa-5-maiores-altas-agosto-embraer-embr3\/\"},\"wordCount\":1268,\"publisher\":{\"@id\":\"https:\/\/www.suno.com.br\/noticias\/#organization\"},\"image\":{\"@id\":\"https:\/\/www.suno.com.br\/noticias\/ibovespa-5-maiores-altas-agosto-embraer-embr3\/#primaryimage\"},\"thumbnailUrl\":\"https:\/\/files.sunoresearch.com.br\/n\/uploads\/2021\/06\/fe2d9c85-202486058_3719702038135266_8953010912953026238_n-jpg.webp\",\"keywords\":[\"Braskem (BRKM3\/BRKM5\/BRKM6)\",\"Cemig (CMIG3\/CMIG4)\",\"CPFL (CPFE3)\",\"Embraer (EMBR3)\",\"Especiais\",\"Especialistas\",\"Ibovespa\",\"Suzano (SUZB3)\"],\"articleSection\":[\"Mercado\"],\"inLanguage\":\"pt-BR\"},{\"@type\":\"WebPage\",\"@id\":\"https:\/\/www.suno.com.br\/noticias\/ibovespa-5-maiores-altas-agosto-embraer-embr3\/\",\"url\":\"https:\/\/www.suno.com.br\/noticias\/ibovespa-5-maiores-altas-agosto-embraer-embr3\/\",\"name\":\"Ibovespa: veja as 5 maiores altas de agosto; Embraer (EMBR3) voa 25%\",\"isPartOf\":{\"@id\":\"https:\/\/www.suno.com.br\/noticias\/#website\"},\"primaryImageOfPage\":{\"@id\":\"https:\/\/www.suno.com.br\/noticias\/ibovespa-5-maiores-altas-agosto-embraer-embr3\/#primaryimage\"},\"image\":{\"@id\":\"https:\/\/www.suno.com.br\/noticias\/ibovespa-5-maiores-altas-agosto-embraer-embr3\/#primaryimage\"},\"thumbnailUrl\":\"https:\/\/files.sunoresearch.com.br\/n\/uploads\/2021\/06\/fe2d9c85-202486058_3719702038135266_8953010912953026238_n-jpg.webp\",\"datePublished\":\"2021-09-02T11:41:51+00:00\",\"dateModified\":\"2021-09-02T19:02:51+00:00\",\"description\":\"Confira as 5 a\u00e7\u00f5es que mais valorizaram no Ibovespa em agosto. O ranking come\u00e7a com a Embraer (EMBR3) que voou 25% no per\u00edodo. Leia mais.\",\"breadcrumb\":{\"@id\":\"https:\/\/www.suno.com.br\/noticias\/ibovespa-5-maiores-altas-agosto-embraer-embr3\/#breadcrumb\"},\"inLanguage\":\"pt-BR\",\"potentialAction\":[{\"@type\":\"ReadAction\",\"target\":[\"https:\/\/www.suno.com.br\/noticias\/ibovespa-5-maiores-altas-agosto-embraer-embr3\/\"]}]},{\"@type\":\"ImageObject\",\"inLanguage\":\"pt-BR\",\"@id\":\"https:\/\/www.suno.com.br\/noticias\/ibovespa-5-maiores-altas-agosto-embraer-embr3\/#primaryimage\",\"url\":\"https:\/\/files.sunoresearch.com.br\/n\/uploads\/2021\/06\/fe2d9c85-202486058_3719702038135266_8953010912953026238_n-jpg.webp\",\"contentUrl\":\"https:\/\/files.sunoresearch.com.br\/n\/uploads\/2021\/06\/fe2d9c85-202486058_3719702038135266_8953010912953026238_n-jpg.webp\",\"width\":1920,\"height\":1080,\"caption\":\"Embraer teve melhora de perspectiva em 2021 com parceria da startups de 'carros voadores' - Foto: Divulga\u00e7\u00e3o\"},{\"@type\":\"BreadcrumbList\",\"@id\":\"https:\/\/www.suno.com.br\/noticias\/ibovespa-5-maiores-altas-agosto-embraer-embr3\/#breadcrumb\",\"itemListElement\":[{\"@type\":\"ListItem\",\"position\":1,\"name\":\"Not\u00edcias\",\"item\":\"https:\/\/www.suno.com.br\/noticias\/\"},{\"@type\":\"ListItem\",\"position\":2,\"name\":\"Mercado\",\"item\":\"https:\/\/www.suno.com.br\/noticias\/mercado\/\"},{\"@type\":\"ListItem\",\"position\":3,\"name\":\"Ibovespa: Veja as 5 maiores altas de agosto; Embraer (EMBR3) voa 25%\"}]},{\"@type\":\"WebSite\",\"@id\":\"https:\/\/www.suno.com.br\/noticias\/#website\",\"url\":\"https:\/\/www.suno.com.br\/noticias\/\",\"name\":\"Suno Not\u00edcias\",\"description\":\"Seu portal de informa\u00e7\u00e3o sobre o mundo dos investimentos\",\"publisher\":{\"@id\":\"https:\/\/www.suno.com.br\/noticias\/#organization\"},\"potentialAction\":[{\"@type\":\"SearchAction\",\"target\":{\"@type\":\"EntryPoint\",\"urlTemplate\":\"https:\/\/www.suno.com.br\/noticias\/?s={search_term_string}\"},\"query-input\":{\"@type\":\"PropertyValueSpecification\",\"valueRequired\":true,\"valueName\":\"search_term_string\"}}],\"inLanguage\":\"pt-BR\"},{\"@type\":\"Organization\",\"@id\":\"https:\/\/www.suno.com.br\/noticias\/#organization\",\"name\":\"Suno Not\u00edcias\",\"url\":\"https:\/\/www.suno.com.br\/noticias\/\",\"logo\":{\"@type\":\"ImageObject\",\"inLanguage\":\"pt-BR\",\"@id\":\"https:\/\/www.suno.com.br\/noticias\/#\/schema\/logo\/image\/\",\"url\":\"https:\/\/files.sunoresearch.com.br\/n\/uploads\/2021\/09\/suno-logo.png\",\"contentUrl\":\"https:\/\/files.sunoresearch.com.br\/n\/uploads\/2021\/09\/suno-logo.png\",\"width\":180,\"height\":180,\"caption\":\"Suno Not\u00edcias\"},\"image\":{\"@id\":\"https:\/\/www.suno.com.br\/noticias\/#\/schema\/logo\/image\/\"},\"sameAs\":[\"https:\/\/facebook.com\/sunoresearch\",\"https:\/\/x.com\/sunoresearch\",\"https:\/\/www.instagram.com\/suno\",\"https:\/\/www.linkedin.com\/company\/suno-research\/\",\"https:\/\/www.youtube.com\/c\/sunoresearch\"]},{\"@type\":\"Person\",\"@id\":\"https:\/\/www.suno.com.br\/noticias\/#\/schema\/person\/d712329319cc9b10f254d02d654cb36a\",\"name\":\"Monique Lima\",\"image\":{\"@type\":\"ImageObject\",\"inLanguage\":\"pt-BR\",\"@id\":\"https:\/\/www.suno.com.br\/noticias\/#\/schema\/person\/image\/\",\"url\":\"https:\/\/secure.gravatar.com\/avatar\/daee7f16d906c2e9ffed236206ca2c30?s=96&r=g\",\"contentUrl\":\"https:\/\/secure.gravatar.com\/avatar\/daee7f16d906c2e9ffed236206ca2c30?s=96&r=g\",\"caption\":\"Monique Lima\"},\"description\":\"Rep\u00f3rter de Mercado no Suno Not\u00edcias, \u00e9 jornalista com experi\u00eancia na cobertura de economia, empreendedorismo, finan\u00e7as pessoais, mercado financeiro, carreira e recursos humanos. Formada em Jornalismo pela Universidade Paulista, teve experi\u00eancias em ve\u00edculos de comunica\u00e7\u00e3o como a Ag\u00eancia TradeMap, Revista Voc\u00ea S\/A e Revista Voc\u00ea RH, as duas \u00faltimas publica\u00e7\u00f5es da Editora Abril. No Suno Not\u00edcias, fala sobre as principais not\u00edcias de Fundos Imobili\u00e1rios, Fiagro, Startups e empresas listadas na Bolsa.\",\"url\":\"https:\/\/www.suno.com.br\/noticias\/author\/monique-lima\/\"}]}<\/script>\n<!-- \/ Yoast SEO plugin. -->","yoast_head_json":{"title":"Ibovespa: veja as 5 maiores altas de agosto; Embraer (EMBR3) voa 25%","description":"Confira as 5 a\u00e7\u00f5es que mais valorizaram no Ibovespa em agosto. O ranking come\u00e7a com a Embraer (EMBR3) que voou 25% no per\u00edodo. Leia mais.","robots":{"index":"index","follow":"follow","max-snippet":"max-snippet:-1","max-image-preview":"max-image-preview:large","max-video-preview":"max-video-preview:-1"},"canonical":"https:\/\/www.suno.com.br\/noticias\/ibovespa-5-maiores-altas-agosto-embraer-embr3\/","og_locale":"pt_BR","og_type":"article","og_title":"Ibovespa: veja as 5 maiores altas de agosto; Embraer (EMBR3) voa 25%","og_description":"Confira as 5 a\u00e7\u00f5es que mais valorizaram no Ibovespa em agosto. O ranking come\u00e7a com a Embraer (EMBR3) que voou 25% no per\u00edodo. Leia mais.","og_url":"https:\/\/www.suno.com.br\/noticias\/ibovespa-5-maiores-altas-agosto-embraer-embr3\/","og_site_name":"Suno Not\u00edcias","article_publisher":"https:\/\/facebook.com\/sunoresearch","og_image":[{"width":1920,"height":1080,"url":"https:\/\/files.sunoresearch.com.br\/n\/uploads\/2021\/06\/fe2d9c85-202486058_3719702038135266_8953010912953026238_n.jpg","type":"image\/jpeg"}],"author":"Monique Lima","twitter_card":"summary_large_image","twitter_creator":"@sunoresearch","twitter_site":"@sunoresearch","twitter_misc":{"Escrito por":"Monique Lima","Est. tempo de leitura":"6 minutos"},"schema":{"@context":"https:\/\/schema.org","@graph":[{"@type":"NewsArticle","@id":"https:\/\/www.suno.com.br\/noticias\/ibovespa-5-maiores-altas-agosto-embraer-embr3\/#article","isPartOf":{"@id":"https:\/\/www.suno.com.br\/noticias\/ibovespa-5-maiores-altas-agosto-embraer-embr3\/"},"author":{"name":"Monique Lima","@id":"https:\/\/www.suno.com.br\/noticias\/#\/schema\/person\/d712329319cc9b10f254d02d654cb36a"},"headline":"Ibovespa: Veja as 5 maiores altas de agosto; Embraer (EMBR3) voa 25%","datePublished":"2021-09-02T11:41:51+00:00","dateModified":"2021-09-02T19:02:51+00:00","mainEntityOfPage":{"@id":"https:\/\/www.suno.com.br\/noticias\/ibovespa-5-maiores-altas-agosto-embraer-embr3\/"},"wordCount":1268,"publisher":{"@id":"https:\/\/www.suno.com.br\/noticias\/#organization"},"image":{"@id":"https:\/\/www.suno.com.br\/noticias\/ibovespa-5-maiores-altas-agosto-embraer-embr3\/#primaryimage"},"thumbnailUrl":"https:\/\/files.sunoresearch.com.br\/n\/uploads\/2021\/06\/fe2d9c85-202486058_3719702038135266_8953010912953026238_n-jpg.webp","keywords":["Braskem (BRKM3\/BRKM5\/BRKM6)","Cemig (CMIG3\/CMIG4)","CPFL (CPFE3)","Embraer (EMBR3)","Especiais","Especialistas","Ibovespa","Suzano (SUZB3)"],"articleSection":["Mercado"],"inLanguage":"pt-BR"},{"@type":"WebPage","@id":"https:\/\/www.suno.com.br\/noticias\/ibovespa-5-maiores-altas-agosto-embraer-embr3\/","url":"https:\/\/www.suno.com.br\/noticias\/ibovespa-5-maiores-altas-agosto-embraer-embr3\/","name":"Ibovespa: veja as 5 maiores altas de agosto; Embraer (EMBR3) voa 25%","isPartOf":{"@id":"https:\/\/www.suno.com.br\/noticias\/#website"},"primaryImageOfPage":{"@id":"https:\/\/www.suno.com.br\/noticias\/ibovespa-5-maiores-altas-agosto-embraer-embr3\/#primaryimage"},"image":{"@id":"https:\/\/www.suno.com.br\/noticias\/ibovespa-5-maiores-altas-agosto-embraer-embr3\/#primaryimage"},"thumbnailUrl":"https:\/\/files.sunoresearch.com.br\/n\/uploads\/2021\/06\/fe2d9c85-202486058_3719702038135266_8953010912953026238_n-jpg.webp","datePublished":"2021-09-02T11:41:51+00:00","dateModified":"2021-09-02T19:02:51+00:00","description":"Confira as 5 a\u00e7\u00f5es que mais valorizaram no Ibovespa em agosto. O ranking come\u00e7a com a Embraer (EMBR3) que voou 25% no per\u00edodo. Leia mais.","breadcrumb":{"@id":"https:\/\/www.suno.com.br\/noticias\/ibovespa-5-maiores-altas-agosto-embraer-embr3\/#breadcrumb"},"inLanguage":"pt-BR","potentialAction":[{"@type":"ReadAction","target":["https:\/\/www.suno.com.br\/noticias\/ibovespa-5-maiores-altas-agosto-embraer-embr3\/"]}]},{"@type":"ImageObject","inLanguage":"pt-BR","@id":"https:\/\/www.suno.com.br\/noticias\/ibovespa-5-maiores-altas-agosto-embraer-embr3\/#primaryimage","url":"https:\/\/files.sunoresearch.com.br\/n\/uploads\/2021\/06\/fe2d9c85-202486058_3719702038135266_8953010912953026238_n-jpg.webp","contentUrl":"https:\/\/files.sunoresearch.com.br\/n\/uploads\/2021\/06\/fe2d9c85-202486058_3719702038135266_8953010912953026238_n-jpg.webp","width":1920,"height":1080,"caption":"Embraer teve melhora de perspectiva em 2021 com parceria da startups de 'carros voadores' - Foto: Divulga\u00e7\u00e3o"},{"@type":"BreadcrumbList","@id":"https:\/\/www.suno.com.br\/noticias\/ibovespa-5-maiores-altas-agosto-embraer-embr3\/#breadcrumb","itemListElement":[{"@type":"ListItem","position":1,"name":"Not\u00edcias","item":"https:\/\/www.suno.com.br\/noticias\/"},{"@type":"ListItem","position":2,"name":"Mercado","item":"https:\/\/www.suno.com.br\/noticias\/mercado\/"},{"@type":"ListItem","position":3,"name":"Ibovespa: Veja as 5 maiores altas de agosto; Embraer (EMBR3) voa 25%"}]},{"@type":"WebSite","@id":"https:\/\/www.suno.com.br\/noticias\/#website","url":"https:\/\/www.suno.com.br\/noticias\/","name":"Suno Not\u00edcias","description":"Seu portal de informa\u00e7\u00e3o sobre o mundo dos investimentos","publisher":{"@id":"https:\/\/www.suno.com.br\/noticias\/#organization"},"potentialAction":[{"@type":"SearchAction","target":{"@type":"EntryPoint","urlTemplate":"https:\/\/www.suno.com.br\/noticias\/?s={search_term_string}"},"query-input":{"@type":"PropertyValueSpecification","valueRequired":true,"valueName":"search_term_string"}}],"inLanguage":"pt-BR"},{"@type":"Organization","@id":"https:\/\/www.suno.com.br\/noticias\/#organization","name":"Suno Not\u00edcias","url":"https:\/\/www.suno.com.br\/noticias\/","logo":{"@type":"ImageObject","inLanguage":"pt-BR","@id":"https:\/\/www.suno.com.br\/noticias\/#\/schema\/logo\/image\/","url":"https:\/\/files.sunoresearch.com.br\/n\/uploads\/2021\/09\/suno-logo.png","contentUrl":"https:\/\/files.sunoresearch.com.br\/n\/uploads\/2021\/09\/suno-logo.png","width":180,"height":180,"caption":"Suno Not\u00edcias"},"image":{"@id":"https:\/\/www.suno.com.br\/noticias\/#\/schema\/logo\/image\/"},"sameAs":["https:\/\/facebook.com\/sunoresearch","https:\/\/x.com\/sunoresearch","https:\/\/www.instagram.com\/suno","https:\/\/www.linkedin.com\/company\/suno-research\/","https:\/\/www.youtube.com\/c\/sunoresearch"]},{"@type":"Person","@id":"https:\/\/www.suno.com.br\/noticias\/#\/schema\/person\/d712329319cc9b10f254d02d654cb36a","name":"Monique Lima","image":{"@type":"ImageObject","inLanguage":"pt-BR","@id":"https:\/\/www.suno.com.br\/noticias\/#\/schema\/person\/image\/","url":"https:\/\/secure.gravatar.com\/avatar\/daee7f16d906c2e9ffed236206ca2c30?s=96&r=g","contentUrl":"https:\/\/secure.gravatar.com\/avatar\/daee7f16d906c2e9ffed236206ca2c30?s=96&r=g","caption":"Monique Lima"},"description":"Rep\u00f3rter de Mercado no Suno Not\u00edcias, \u00e9 jornalista com experi\u00eancia na cobertura de economia, empreendedorismo, finan\u00e7as pessoais, mercado financeiro, carreira e recursos humanos. Formada em Jornalismo pela Universidade Paulista, teve experi\u00eancias em ve\u00edculos de comunica\u00e7\u00e3o como a Ag\u00eancia TradeMap, Revista Voc\u00ea S\/A e Revista Voc\u00ea RH, as duas \u00faltimas publica\u00e7\u00f5es da Editora Abril. No Suno Not\u00edcias, fala sobre as principais not\u00edcias de Fundos Imobili\u00e1rios, Fiagro, Startups e empresas listadas na Bolsa.","url":"https:\/\/www.suno.com.br\/noticias\/author\/monique-lima\/"}]}},"default_loop_html":"<div class=\"cardsPage__listCard__boxs\"><div class=\"cardsPage__listCard__boxs__img\"><a href=\"https:\/\/www.suno.com.br\/noticias\/ibovespa-5-maiores-altas-agosto-embraer-embr3\/\"><img class=\"mask\" src=\"https:\/\/www.suno.com.br\/noticias\/wp-content\/themes\/suno\/resources\/images\/spotlight\/spotlight1img\/bg-mask.png\" alt=\"Image Mask\"\/><img src=\"https:\/\/files.sunoresearch.com.br\/n\/uploads\/2021\/06\/fe2d9c85-202486058_3719702038135266_8953010912953026238_n-400x200.webp\" alt=\"Ibovespa: Veja as 5 maiores altas de agosto; Embraer (EMBR3) voa 25%\"\/><\/a><span class=\"spotlightCategory\"><a href=\"https:\/\/www.suno.com.br\/noticias\/mercado\/\">Mercado<\/a><\/span><\/div><div class=\"cardsPage__listCard__boxs__content\"><a href=\"https:\/\/www.suno.com.br\/noticias\/ibovespa-5-maiores-altas-agosto-embraer-embr3\/\"><h2 class=\"content__title\">Ibovespa: Veja as 5 maiores altas de agosto; Embraer (EMBR3) voa 25%<\/h2><\/a><div class=\"newsContent__article__meta\"><div class=\"newsContent__article__meta__authorBox\"><a href=\"https:\/\/www.suno.com.br\/noticias\/author\/monique-lima\/\" class=\"authorBox__avatar noMobi\"><img src=\"https:\/\/secure.gravatar.com\/avatar\/daee7f16d906c2e9ffed236206ca2c30?s=96&#038;r=g\" alt=\"Monique Lima\"><\/a><div class=\"authorBox__name\"><span>por\n\t\t\t<a href=\"https:\/\/www.suno.com.br\/noticias\/author\/monique-lima\/\"><span itemprop=\"author\">Monique Lima<\/span><\/a><\/span><time datetime=\"2021-09-02T08:41:51-03:00\" itemprop=\"datePublished\">02\/09\/2021 08:41<\/time><\/div><\/div><\/div><\/div><\/div>","single_layout":"posts","amp_enabled":true,"_links":{"self":[{"href":"https:\/\/www.suno.com.br\/noticias\/wp-json\/wp\/v2\/posts\/179864"}],"collection":[{"href":"https:\/\/www.suno.com.br\/noticias\/wp-json\/wp\/v2\/posts"}],"about":[{"href":"https:\/\/www.suno.com.br\/noticias\/wp-json\/wp\/v2\/types\/post"}],"author":[{"embeddable":true,"href":"https:\/\/www.suno.com.br\/noticias\/wp-json\/wp\/v2\/users\/102"}],"replies":[{"embeddable":true,"href":"https:\/\/www.suno.com.br\/noticias\/wp-json\/wp\/v2\/comments?post=179864"}],"version-history":[{"count":3,"href":"https:\/\/www.suno.com.br\/noticias\/wp-json\/wp\/v2\/posts\/179864\/revisions"}],"predecessor-version":[{"id":180390,"href":"https:\/\/www.suno.com.br\/noticias\/wp-json\/wp\/v2\/posts\/179864\/revisions\/180390"}],"wp:featuredmedia":[{"embeddable":true,"href":"https:\/\/www.suno.com.br\/noticias\/wp-json\/wp\/v2\/media\/160989"}],"wp:attachment":[{"href":"https:\/\/www.suno.com.br\/noticias\/wp-json\/wp\/v2\/media?parent=179864"}],"wp:term":[{"taxonomy":"category","embeddable":true,"href":"https:\/\/www.suno.com.br\/noticias\/wp-json\/wp\/v2\/categories?post=179864"},{"taxonomy":"post_tag","embeddable":true,"href":"https:\/\/www.suno.com.br\/noticias\/wp-json\/wp\/v2\/tags?post=179864"},{"taxonomy":"suno_strategy","embeddable":true,"href":"https:\/\/www.suno.com.br\/noticias\/wp-json\/wp\/v2\/suno_strategy?post=179864"}],"curies":[{"name":"wp","href":"https:\/\/api.w.org\/{rel}","templated":true}]}}