{"id":179837,"date":"2021-08-31T17:21:06","date_gmt":"2021-08-31T20:21:06","guid":{"rendered":"https:\/\/www.suno.com.br\/noticias\/?p=179837"},"modified":"2021-08-31T17:21:06","modified_gmt":"2021-08-31T20:21:06","slug":"vibra-energia-brdt3-zeg-biogas-mercado-de-biometano","status":"publish","type":"post","link":"https:\/\/www.suno.com.br\/noticias\/vibra-energia-brdt3-zeg-biogas-mercado-de-biometano\/","title":{"rendered":"Vibra Energia (BRDT3) anuncia parceria com ZEG Biog\u00e1s para fomentar o mercado de biometano"},"content":{"rendered":"<p>A <a href=\"https:\/\/www.suno.com.br\/acoes\/BRDT3\/\" target=\"_blank\" rel=\"noopener\"><strong>Vibra Energia<\/strong> (BRDT3)<\/a>, ex-BR Distribuidora, e a ZEG Biog\u00e1s assinaram um <a class=\"suno-keyword\" href=\"https:\/\/www.suno.com.br\/artigos\/acordo-de-cooperacao\/\" target=\"_blank\" rel=\"noopener\" data-force=\"no\" data-priority=\"1\">acordo de coopera\u00e7\u00e3o<\/a> para ofertar aos fornecedores de etanol da Vibra uma solu\u00e7\u00e3o integrada de produ\u00e7\u00e3o de biometano.<\/p>\t<div class=\"wrapper-featured-image\">\n\t\t<figure class=\"spotlightImg\">\n\n\t\t\t<picture>\n\t\t\t\t<source media=\"(max-width: 768px)\" srcset=\"https:\/\/files.sunoresearch.com.br\/n\/uploads\/2021\/02\/7cc74510-logo-testeira-padrao_ps-400x200.webp\">\n\t\t\t\t<img loading=\"lazy\" decoding=\"async\" class=\"newsContent__article__imgCapa lazyloadDisabled \" src=\"https:\/\/files.sunoresearch.com.br\/n\/uploads\/2021\/02\/7cc74510-logo-testeira-padrao_ps-800x450.webp\" width=\"800\" height=\"450\" alt=\"Vibra Energia (BRDT3) anuncia parceria com ZEG Biog\u00e1s para fomentar o mercado de biometano\" fetchpriority=high \/>\n\t\t\t<\/picture>\n\n\t\t\t<figcaption class=\"wp-caption-text wp-caption-text--show\">Vibra Energia - Foto: BR Distribuidora\/Divulga\u00e7\u00e3o<\/figcaption>\n\t\t<\/figure>\n\t<\/div>\n\n\n\t<p>\n\t\t<a href=\"https:\/\/lp.suno.com.br\/planilha-controle-gastos\/\" target=\"_blank\" data-element=\"shortcode-suno-banner\" title=\"Banner SUNO, clique e saiba mais\">\n\t\t\t<picture>\n\t\t\t\t<source media=\"(max-width: 500px)\" srcset=\"https:\/\/files.sunoresearch.com.br\/n\/uploads\/2023\/03\/400x300-Planilha-controle-de-gastos.png\">\n\t\t\t\t<img class=\"newsContent__article__imgCapa newsContent__article__imgCapa--banner\"\n\t\t\t\t\tsrc=\"https:\/\/files.sunoresearch.com.br\/n\/uploads\/2023\/03\/1420x240-Planilha-controle-de-gastos.png\"\n\t\t\t\t\tdata-promo-id=\"101751\"\t\t\t\t\t\t\t\t\t\twidth='1420' height='240'\t\t\t\t\talt=\"https:\/\/files.sunoresearch.com.br\/n\/uploads\/2023\/03\/1420x240-Planilha-controle-de-gastos.png\"\n\t\t\t\t>\n\t\t\t<\/picture>\n\t\t<\/a>\n\t<\/p>\n\n\n<p>\u201cO objetivo \u00e9 fomentar o crescimento deste mercado no pa\u00eds, levando aos produtores solu\u00e7\u00f5es tecnol\u00f3gicas para a <strong>fabrica\u00e7\u00e3o de biometano<\/strong> a partir de subprodutos do processo industrial que origina o etanol\u201d, diz o comunicado da Vibra Energia.<\/p>\n<p>As proje\u00e7\u00f5es da Vibra e da <strong>ZEG Biog\u00e1s<\/strong> apontam para uma produ\u00e7\u00e3o anual de 10 bilh\u00f5es m\u00b3 de biometano no Brasil. Isso equivale a um ter\u00e7o da demanda atual por g\u00e1s natural no Pa\u00eds, sendo aproximadamente 30% dele oriundo da vinha\u00e7a cana-de-a\u00e7\u00facar.<\/p>\n\t<div data-element=\"shortcode-read-more\" class=\"knowMore\">\n\t\t\t\t<a class=\"knowMore__link\" href=\"https:\/\/www.suno.com.br\/noticias\/vibra-energia-brdt3-fundo-imobiliario-postos-combustiveis-prisma-capital\/\">\n\t\t\tVibra Energia (BRDT3), ex-BR, criar\u00e1 fundo imobili\u00e1rio de postos de combust\u00edveis com Prisma Capital\t\t<\/a>\n\t<\/div>\n\n\n<p>Para as mais de 300 usinas de etanol pertencentes aos 60 grupos industriais <strong>fornecedores de etanol da Vibra<\/strong>, essa \u00e9 a oportunidade de viabilizar uma solu\u00e7\u00e3o ambientalmente adequada para a vinha\u00e7a e efluentes de seus processos produtivos com a cana-de-a\u00e7\u00facar.<\/p>\n<p>&#8220;A <strong>parceria com a ZEG<\/strong> foi certeira. Eles possuem uma tecnologia pr\u00f3pria que conta com a melhor solu\u00e7\u00e3o em biodigestor para vinha\u00e7a do mundo, al\u00e9m de ser altamente eficiente em custos&#8221;, afirma Marcelo Bragan\u00e7a, Diretor Executivo da Vibra Energia.<\/p>\n\t<p>\n\t\t<a href=\"https:\/\/lp.suno.com.br\/planilha-da-vida-financeira\/\" target=\"_blank\" data-element=\"shortcode-suno-banner\" title=\"Banner SUNO, clique e saiba mais\">\n\t\t\t<picture>\n\t\t\t\t<source media=\"(max-width: 500px)\" srcset=\"https:\/\/files.sunoresearch.com.br\/n\/uploads\/2023\/04\/400x300-Planilha-vida-financeira-true.png\">\n\t\t\t\t<img class=\"newsContent__article__imgCapa newsContent__article__imgCapa--banner\"\n\t\t\t\t\tsrc=\"https:\/\/files.sunoresearch.com.br\/n\/uploads\/2023\/04\/1420x240-Planilha-vida-financeira-true.png\"\n\t\t\t\t\tdata-promo-id=\"106682\"\t\t\t\t\t\t\t\t\t\twidth='1420' height='240'\t\t\t\t\talt=\"https:\/\/files.sunoresearch.com.br\/n\/uploads\/2023\/04\/1420x240-Planilha-vida-financeira-true.png\"\n\t\t\t\t>\n\t\t\t<\/picture>\n\t\t<\/a>\n\t<\/p>\n\n\n<p>A partir do acordo, as duas empresas tra\u00e7ar\u00e3o planos de trabalho detalhados junto a cada fornecedor de etanol que se interesse pela solu\u00e7\u00e3o do biometano. O suporte passa pelas seguintes opera\u00e7\u00f5es:<\/p>\n<ul>\n<li>defini\u00e7\u00f5es de capacidade de produ\u00e7\u00e3o,<\/li>\n<li>identifica\u00e7\u00e3o de potencial de consumo interno e na regi\u00e3o,<\/li>\n<li>cria\u00e7\u00e3o de projetos de engenharia para implanta\u00e7\u00e3o, e<\/li>\n<li>elabora\u00e7\u00e3o de estudo de viabilidade econ\u00f4mico-financeira do projeto.<\/li>\n<\/ul>\n\t<div data-element=\"shortcode-read-more\" class=\"knowMore\">\n\t\t\t\t<a class=\"knowMore__link\" href=\"https:\/\/www.suno.com.br\/noticias\/vibra-energia-brdt3-joint-venture-copersucar-etanol\/\">\n\t\t\tVibra Energia (BRDT3), ex-BR, forma joint venture com Copersucar na \u00e1rea de etanol\t\t<\/a>\n\t<\/div>\n\n\n<p>A Vibra e a ZEG Biog\u00e1s tamb\u00e9m ajudar\u00e3o a definir o modelo de neg\u00f3cios que ser\u00e1 utilizado para explorar a oportunidade.<\/p>\n<h2>\u00daltima cota\u00e7\u00e3o da Vibra Energia<\/h2>\n<p>\u00c0s 16h40 as <strong>a\u00e7\u00f5es da Vibra Energia<\/strong> ca\u00edam na <a class=\"suno-keyword\" href=\"https:\/\/www.suno.com.br\/artigos\/bolsa-de-valores\/\" target=\"_blank\" rel=\"noopener\" data-force=\"no\" data-priority=\"3\">bolsa de valores<\/a>, com desvaloriza\u00e7\u00e3o de 0,22%. Com isso, a <strong>cota\u00e7\u00e3o da Vibra<\/strong> estava em R$ 26,87.<\/p>\n<p>Nos \u00faltimos 12 meses, a <strong>Vibra Energia<\/strong>, ex-BR Distribuidora acumula uma valoriza\u00e7\u00e3o de 31,94% das suas a\u00e7\u00f5es no Ibovespa.<\/p>\n\t<p>\n\t\t<a href=\"https:\/\/lp.suno.com.br\/planilha-de-controle-de-investimentos\/\" target=\"_blank\" data-element=\"shortcode-suno-banner\" title=\"Banner SUNO, clique e saiba mais\">\n\t\t\t<picture>\n\t\t\t\t<source media=\"(max-width: 500px)\" srcset=\"https:\/\/files.sunoresearch.com.br\/n\/uploads\/2023\/03\/400x300-Controle-de-Investimentos.png\">\n\t\t\t\t<img class=\"newsContent__article__imgCapa newsContent__article__imgCapa--banner\"\n\t\t\t\t\tsrc=\"https:\/\/files.sunoresearch.com.br\/n\/uploads\/2023\/03\/1420x240-Controle-de-Investimentos.png\"\n\t\t\t\t\tdata-promo-id=\"75934\"\t\t\t\t\t\t\t\t\t\twidth='1420' height='240'\t\t\t\t\talt=\"https:\/\/files.sunoresearch.com.br\/n\/uploads\/2023\/03\/1420x240-Controle-de-Investimentos.png\"\n\t\t\t\t>\n\t\t\t<\/picture>\n\t\t<\/a>\n\t<\/p>\n\n\n","protected":false},"excerpt":{"rendered":"<p>A Vibra Energia (BRDT3), ex-BR Distribuidora, e a ZEG Biog\u00e1s assinaram um acordo de coopera\u00e7\u00e3o para ofertar aos fornecedores de etanol da Vibra uma solu\u00e7\u00e3o integrada de produ\u00e7\u00e3o de biometano. Vibra Energia &#8211; Foto: BR Distribuidora\/Divulga\u00e7\u00e3o \u201cO objetivo \u00e9 fomentar o crescimento deste mercado no pa\u00eds, levando aos produtores solu\u00e7\u00f5es tecnol\u00f3gicas para a fabrica\u00e7\u00e3o de [&hellip;]<\/p>\n","protected":false},"author":102,"featured_media":119185,"comment_status":"closed","ping_status":"closed","sticky":false,"template":"","format":"standard","meta":[],"categories":[64],"tags":[1337,1117,596],"suno_strategy":[],"class_list":["post-179837","post","type-post","status-publish","format-standard","has-post-thumbnail","hentry","category-negocios","tag-biocombustiveis","tag-sustentabilidade","tag-vibra-energia-vbbr3"],"yoast_head":"<!-- This site is optimized with the Yoast SEO plugin v24.4 - https:\/\/yoast.com\/wordpress\/plugins\/seo\/ -->\n<title>Vibra Energia (BRDT3) anuncia parceria com ZEG Biog\u00e1s para biometano<\/title>\n<meta name=\"description\" content=\"A Vibra Energia (BRDT3) firmou mais uma parceria, dessa vez com a ZEG Biog\u00e1s para fomentar o mercado de biometano. Veja detalhes aqui.\" \/>\n<meta name=\"robots\" content=\"index, follow, max-snippet:-1, max-image-preview:large, max-video-preview:-1\" \/>\n<link rel=\"canonical\" href=\"https:\/\/www.suno.com.br\/noticias\/vibra-energia-brdt3-zeg-biogas-mercado-de-biometano\/\" \/>\n<meta property=\"og:locale\" content=\"pt_BR\" \/>\n<meta property=\"og:type\" content=\"article\" \/>\n<meta property=\"og:title\" content=\"Vibra Energia (BRDT3) anuncia parceria com ZEG Biog\u00e1s para biometano\" \/>\n<meta property=\"og:description\" content=\"A Vibra Energia (BRDT3) firmou mais uma parceria, dessa vez com a ZEG Biog\u00e1s para fomentar o mercado de biometano. Veja detalhes aqui.\" \/>\n<meta property=\"og:url\" content=\"https:\/\/www.suno.com.br\/noticias\/vibra-energia-brdt3-zeg-biogas-mercado-de-biometano\/\" \/>\n<meta property=\"og:site_name\" content=\"Suno Not\u00edcias\" \/>\n<meta property=\"article:publisher\" content=\"https:\/\/facebook.com\/sunoresearch\" \/>\n<meta property=\"og:image\" content=\"https:\/\/files.sunoresearch.com.br\/n\/uploads\/2021\/02\/7cc74510-logo-testeira-padrao_ps.jpg\" \/>\n\t<meta property=\"og:image:width\" content=\"1920\" \/>\n\t<meta property=\"og:image:height\" content=\"1133\" \/>\n\t<meta property=\"og:image:type\" content=\"image\/jpeg\" \/>\n<meta name=\"author\" content=\"Monique Lima\" \/>\n<meta name=\"twitter:card\" content=\"summary_large_image\" \/>\n<meta name=\"twitter:creator\" content=\"@sunoresearch\" \/>\n<meta name=\"twitter:site\" content=\"@sunoresearch\" \/>\n<meta name=\"twitter:label1\" content=\"Escrito por\" \/>\n\t<meta name=\"twitter:data1\" content=\"Monique Lima\" \/>\n\t<meta name=\"twitter:label2\" content=\"Est. tempo de leitura\" \/>\n\t<meta name=\"twitter:data2\" content=\"2 minutos\" \/>\n<script type=\"application\/ld+json\" class=\"yoast-schema-graph\">{\"@context\":\"https:\/\/schema.org\",\"@graph\":[{\"@type\":\"NewsArticle\",\"@id\":\"https:\/\/www.suno.com.br\/noticias\/vibra-energia-brdt3-zeg-biogas-mercado-de-biometano\/#article\",\"isPartOf\":{\"@id\":\"https:\/\/www.suno.com.br\/noticias\/vibra-energia-brdt3-zeg-biogas-mercado-de-biometano\/\"},\"author\":{\"name\":\"Monique Lima\",\"@id\":\"https:\/\/www.suno.com.br\/noticias\/#\/schema\/person\/d712329319cc9b10f254d02d654cb36a\"},\"headline\":\"Vibra Energia (BRDT3) anuncia parceria com ZEG Biog\u00e1s para fomentar o mercado de biometano\",\"datePublished\":\"2021-08-31T20:21:06+00:00\",\"mainEntityOfPage\":{\"@id\":\"https:\/\/www.suno.com.br\/noticias\/vibra-energia-brdt3-zeg-biogas-mercado-de-biometano\/\"},\"wordCount\":392,\"publisher\":{\"@id\":\"https:\/\/www.suno.com.br\/noticias\/#organization\"},\"image\":{\"@id\":\"https:\/\/www.suno.com.br\/noticias\/vibra-energia-brdt3-zeg-biogas-mercado-de-biometano\/#primaryimage\"},\"thumbnailUrl\":\"https:\/\/files.sunoresearch.com.br\/n\/uploads\/2021\/02\/7cc74510-logo-testeira-padrao_ps-jpg.webp\",\"keywords\":[\"Biocombust\u00edveis\",\"Sustentabilidade\",\"Vibra Energia (VBBR3)\"],\"articleSection\":[\"Neg\u00f3cios\"],\"inLanguage\":\"pt-BR\"},{\"@type\":\"WebPage\",\"@id\":\"https:\/\/www.suno.com.br\/noticias\/vibra-energia-brdt3-zeg-biogas-mercado-de-biometano\/\",\"url\":\"https:\/\/www.suno.com.br\/noticias\/vibra-energia-brdt3-zeg-biogas-mercado-de-biometano\/\",\"name\":\"Vibra Energia (BRDT3) anuncia parceria com ZEG Biog\u00e1s para biometano\",\"isPartOf\":{\"@id\":\"https:\/\/www.suno.com.br\/noticias\/#website\"},\"primaryImageOfPage\":{\"@id\":\"https:\/\/www.suno.com.br\/noticias\/vibra-energia-brdt3-zeg-biogas-mercado-de-biometano\/#primaryimage\"},\"image\":{\"@id\":\"https:\/\/www.suno.com.br\/noticias\/vibra-energia-brdt3-zeg-biogas-mercado-de-biometano\/#primaryimage\"},\"thumbnailUrl\":\"https:\/\/files.sunoresearch.com.br\/n\/uploads\/2021\/02\/7cc74510-logo-testeira-padrao_ps-jpg.webp\",\"datePublished\":\"2021-08-31T20:21:06+00:00\",\"description\":\"A Vibra Energia (BRDT3) firmou mais uma parceria, dessa vez com a ZEG Biog\u00e1s para fomentar o mercado de biometano. Veja detalhes aqui.\",\"breadcrumb\":{\"@id\":\"https:\/\/www.suno.com.br\/noticias\/vibra-energia-brdt3-zeg-biogas-mercado-de-biometano\/#breadcrumb\"},\"inLanguage\":\"pt-BR\",\"potentialAction\":[{\"@type\":\"ReadAction\",\"target\":[\"https:\/\/www.suno.com.br\/noticias\/vibra-energia-brdt3-zeg-biogas-mercado-de-biometano\/\"]}]},{\"@type\":\"ImageObject\",\"inLanguage\":\"pt-BR\",\"@id\":\"https:\/\/www.suno.com.br\/noticias\/vibra-energia-brdt3-zeg-biogas-mercado-de-biometano\/#primaryimage\",\"url\":\"https:\/\/files.sunoresearch.com.br\/n\/uploads\/2021\/02\/7cc74510-logo-testeira-padrao_ps-jpg.webp\",\"contentUrl\":\"https:\/\/files.sunoresearch.com.br\/n\/uploads\/2021\/02\/7cc74510-logo-testeira-padrao_ps-jpg.webp\",\"width\":1920,\"height\":1133,\"caption\":\"Vibra Energia - Foto: BR Distribuidora\/Divulga\u00e7\u00e3o\"},{\"@type\":\"BreadcrumbList\",\"@id\":\"https:\/\/www.suno.com.br\/noticias\/vibra-energia-brdt3-zeg-biogas-mercado-de-biometano\/#breadcrumb\",\"itemListElement\":[{\"@type\":\"ListItem\",\"position\":1,\"name\":\"Not\u00edcias\",\"item\":\"https:\/\/www.suno.com.br\/noticias\/\"},{\"@type\":\"ListItem\",\"position\":2,\"name\":\"Neg\u00f3cios\",\"item\":\"https:\/\/www.suno.com.br\/noticias\/negocios\/\"},{\"@type\":\"ListItem\",\"position\":3,\"name\":\"Vibra Energia (BRDT3) anuncia parceria com ZEG Biog\u00e1s para fomentar o mercado de biometano\"}]},{\"@type\":\"WebSite\",\"@id\":\"https:\/\/www.suno.com.br\/noticias\/#website\",\"url\":\"https:\/\/www.suno.com.br\/noticias\/\",\"name\":\"Suno Not\u00edcias\",\"description\":\"Seu portal de informa\u00e7\u00e3o sobre o mundo dos investimentos\",\"publisher\":{\"@id\":\"https:\/\/www.suno.com.br\/noticias\/#organization\"},\"potentialAction\":[{\"@type\":\"SearchAction\",\"target\":{\"@type\":\"EntryPoint\",\"urlTemplate\":\"https:\/\/www.suno.com.br\/noticias\/?s={search_term_string}\"},\"query-input\":{\"@type\":\"PropertyValueSpecification\",\"valueRequired\":true,\"valueName\":\"search_term_string\"}}],\"inLanguage\":\"pt-BR\"},{\"@type\":\"Organization\",\"@id\":\"https:\/\/www.suno.com.br\/noticias\/#organization\",\"name\":\"Suno Not\u00edcias\",\"url\":\"https:\/\/www.suno.com.br\/noticias\/\",\"logo\":{\"@type\":\"ImageObject\",\"inLanguage\":\"pt-BR\",\"@id\":\"https:\/\/www.suno.com.br\/noticias\/#\/schema\/logo\/image\/\",\"url\":\"https:\/\/files.sunoresearch.com.br\/n\/uploads\/2021\/09\/suno-logo.png\",\"contentUrl\":\"https:\/\/files.sunoresearch.com.br\/n\/uploads\/2021\/09\/suno-logo.png\",\"width\":180,\"height\":180,\"caption\":\"Suno Not\u00edcias\"},\"image\":{\"@id\":\"https:\/\/www.suno.com.br\/noticias\/#\/schema\/logo\/image\/\"},\"sameAs\":[\"https:\/\/facebook.com\/sunoresearch\",\"https:\/\/x.com\/sunoresearch\",\"https:\/\/www.instagram.com\/suno\",\"https:\/\/www.linkedin.com\/company\/suno-research\/\",\"https:\/\/www.youtube.com\/c\/sunoresearch\"]},{\"@type\":\"Person\",\"@id\":\"https:\/\/www.suno.com.br\/noticias\/#\/schema\/person\/d712329319cc9b10f254d02d654cb36a\",\"name\":\"Monique Lima\",\"image\":{\"@type\":\"ImageObject\",\"inLanguage\":\"pt-BR\",\"@id\":\"https:\/\/www.suno.com.br\/noticias\/#\/schema\/person\/image\/\",\"url\":\"https:\/\/secure.gravatar.com\/avatar\/daee7f16d906c2e9ffed236206ca2c30?s=96&r=g\",\"contentUrl\":\"https:\/\/secure.gravatar.com\/avatar\/daee7f16d906c2e9ffed236206ca2c30?s=96&r=g\",\"caption\":\"Monique Lima\"},\"description\":\"Rep\u00f3rter de Mercado no Suno Not\u00edcias, \u00e9 jornalista com experi\u00eancia na cobertura de economia, empreendedorismo, finan\u00e7as pessoais, mercado financeiro, carreira e recursos humanos. Formada em Jornalismo pela Universidade Paulista, teve experi\u00eancias em ve\u00edculos de comunica\u00e7\u00e3o como a Ag\u00eancia TradeMap, Revista Voc\u00ea S\/A e Revista Voc\u00ea RH, as duas \u00faltimas publica\u00e7\u00f5es da Editora Abril. No Suno Not\u00edcias, fala sobre as principais not\u00edcias de Fundos Imobili\u00e1rios, Fiagro, Startups e empresas listadas na Bolsa.\",\"url\":\"https:\/\/www.suno.com.br\/noticias\/author\/monique-lima\/\"}]}<\/script>\n<!-- \/ Yoast SEO plugin. -->","yoast_head_json":{"title":"Vibra Energia (BRDT3) anuncia parceria com ZEG Biog\u00e1s para biometano","description":"A Vibra Energia (BRDT3) firmou mais uma parceria, dessa vez com a ZEG Biog\u00e1s para fomentar o mercado de biometano. Veja detalhes aqui.","robots":{"index":"index","follow":"follow","max-snippet":"max-snippet:-1","max-image-preview":"max-image-preview:large","max-video-preview":"max-video-preview:-1"},"canonical":"https:\/\/www.suno.com.br\/noticias\/vibra-energia-brdt3-zeg-biogas-mercado-de-biometano\/","og_locale":"pt_BR","og_type":"article","og_title":"Vibra Energia (BRDT3) anuncia parceria com ZEG Biog\u00e1s para biometano","og_description":"A Vibra Energia (BRDT3) firmou mais uma parceria, dessa vez com a ZEG Biog\u00e1s para fomentar o mercado de biometano. Veja detalhes aqui.","og_url":"https:\/\/www.suno.com.br\/noticias\/vibra-energia-brdt3-zeg-biogas-mercado-de-biometano\/","og_site_name":"Suno Not\u00edcias","article_publisher":"https:\/\/facebook.com\/sunoresearch","og_image":[{"width":1920,"height":1133,"url":"https:\/\/files.sunoresearch.com.br\/n\/uploads\/2021\/02\/7cc74510-logo-testeira-padrao_ps.jpg","type":"image\/jpeg"}],"author":"Monique Lima","twitter_card":"summary_large_image","twitter_creator":"@sunoresearch","twitter_site":"@sunoresearch","twitter_misc":{"Escrito por":"Monique Lima","Est. tempo de leitura":"2 minutos"},"schema":{"@context":"https:\/\/schema.org","@graph":[{"@type":"NewsArticle","@id":"https:\/\/www.suno.com.br\/noticias\/vibra-energia-brdt3-zeg-biogas-mercado-de-biometano\/#article","isPartOf":{"@id":"https:\/\/www.suno.com.br\/noticias\/vibra-energia-brdt3-zeg-biogas-mercado-de-biometano\/"},"author":{"name":"Monique Lima","@id":"https:\/\/www.suno.com.br\/noticias\/#\/schema\/person\/d712329319cc9b10f254d02d654cb36a"},"headline":"Vibra Energia (BRDT3) anuncia parceria com ZEG Biog\u00e1s para fomentar o mercado de biometano","datePublished":"2021-08-31T20:21:06+00:00","mainEntityOfPage":{"@id":"https:\/\/www.suno.com.br\/noticias\/vibra-energia-brdt3-zeg-biogas-mercado-de-biometano\/"},"wordCount":392,"publisher":{"@id":"https:\/\/www.suno.com.br\/noticias\/#organization"},"image":{"@id":"https:\/\/www.suno.com.br\/noticias\/vibra-energia-brdt3-zeg-biogas-mercado-de-biometano\/#primaryimage"},"thumbnailUrl":"https:\/\/files.sunoresearch.com.br\/n\/uploads\/2021\/02\/7cc74510-logo-testeira-padrao_ps-jpg.webp","keywords":["Biocombust\u00edveis","Sustentabilidade","Vibra Energia (VBBR3)"],"articleSection":["Neg\u00f3cios"],"inLanguage":"pt-BR"},{"@type":"WebPage","@id":"https:\/\/www.suno.com.br\/noticias\/vibra-energia-brdt3-zeg-biogas-mercado-de-biometano\/","url":"https:\/\/www.suno.com.br\/noticias\/vibra-energia-brdt3-zeg-biogas-mercado-de-biometano\/","name":"Vibra Energia (BRDT3) anuncia parceria com ZEG Biog\u00e1s para biometano","isPartOf":{"@id":"https:\/\/www.suno.com.br\/noticias\/#website"},"primaryImageOfPage":{"@id":"https:\/\/www.suno.com.br\/noticias\/vibra-energia-brdt3-zeg-biogas-mercado-de-biometano\/#primaryimage"},"image":{"@id":"https:\/\/www.suno.com.br\/noticias\/vibra-energia-brdt3-zeg-biogas-mercado-de-biometano\/#primaryimage"},"thumbnailUrl":"https:\/\/files.sunoresearch.com.br\/n\/uploads\/2021\/02\/7cc74510-logo-testeira-padrao_ps-jpg.webp","datePublished":"2021-08-31T20:21:06+00:00","description":"A Vibra Energia (BRDT3) firmou mais uma parceria, dessa vez com a ZEG Biog\u00e1s para fomentar o mercado de biometano. Veja detalhes aqui.","breadcrumb":{"@id":"https:\/\/www.suno.com.br\/noticias\/vibra-energia-brdt3-zeg-biogas-mercado-de-biometano\/#breadcrumb"},"inLanguage":"pt-BR","potentialAction":[{"@type":"ReadAction","target":["https:\/\/www.suno.com.br\/noticias\/vibra-energia-brdt3-zeg-biogas-mercado-de-biometano\/"]}]},{"@type":"ImageObject","inLanguage":"pt-BR","@id":"https:\/\/www.suno.com.br\/noticias\/vibra-energia-brdt3-zeg-biogas-mercado-de-biometano\/#primaryimage","url":"https:\/\/files.sunoresearch.com.br\/n\/uploads\/2021\/02\/7cc74510-logo-testeira-padrao_ps-jpg.webp","contentUrl":"https:\/\/files.sunoresearch.com.br\/n\/uploads\/2021\/02\/7cc74510-logo-testeira-padrao_ps-jpg.webp","width":1920,"height":1133,"caption":"Vibra Energia - Foto: BR Distribuidora\/Divulga\u00e7\u00e3o"},{"@type":"BreadcrumbList","@id":"https:\/\/www.suno.com.br\/noticias\/vibra-energia-brdt3-zeg-biogas-mercado-de-biometano\/#breadcrumb","itemListElement":[{"@type":"ListItem","position":1,"name":"Not\u00edcias","item":"https:\/\/www.suno.com.br\/noticias\/"},{"@type":"ListItem","position":2,"name":"Neg\u00f3cios","item":"https:\/\/www.suno.com.br\/noticias\/negocios\/"},{"@type":"ListItem","position":3,"name":"Vibra Energia (BRDT3) anuncia parceria com ZEG Biog\u00e1s para fomentar o mercado de biometano"}]},{"@type":"WebSite","@id":"https:\/\/www.suno.com.br\/noticias\/#website","url":"https:\/\/www.suno.com.br\/noticias\/","name":"Suno Not\u00edcias","description":"Seu portal de informa\u00e7\u00e3o sobre o mundo dos investimentos","publisher":{"@id":"https:\/\/www.suno.com.br\/noticias\/#organization"},"potentialAction":[{"@type":"SearchAction","target":{"@type":"EntryPoint","urlTemplate":"https:\/\/www.suno.com.br\/noticias\/?s={search_term_string}"},"query-input":{"@type":"PropertyValueSpecification","valueRequired":true,"valueName":"search_term_string"}}],"inLanguage":"pt-BR"},{"@type":"Organization","@id":"https:\/\/www.suno.com.br\/noticias\/#organization","name":"Suno Not\u00edcias","url":"https:\/\/www.suno.com.br\/noticias\/","logo":{"@type":"ImageObject","inLanguage":"pt-BR","@id":"https:\/\/www.suno.com.br\/noticias\/#\/schema\/logo\/image\/","url":"https:\/\/files.sunoresearch.com.br\/n\/uploads\/2021\/09\/suno-logo.png","contentUrl":"https:\/\/files.sunoresearch.com.br\/n\/uploads\/2021\/09\/suno-logo.png","width":180,"height":180,"caption":"Suno Not\u00edcias"},"image":{"@id":"https:\/\/www.suno.com.br\/noticias\/#\/schema\/logo\/image\/"},"sameAs":["https:\/\/facebook.com\/sunoresearch","https:\/\/x.com\/sunoresearch","https:\/\/www.instagram.com\/suno","https:\/\/www.linkedin.com\/company\/suno-research\/","https:\/\/www.youtube.com\/c\/sunoresearch"]},{"@type":"Person","@id":"https:\/\/www.suno.com.br\/noticias\/#\/schema\/person\/d712329319cc9b10f254d02d654cb36a","name":"Monique Lima","image":{"@type":"ImageObject","inLanguage":"pt-BR","@id":"https:\/\/www.suno.com.br\/noticias\/#\/schema\/person\/image\/","url":"https:\/\/secure.gravatar.com\/avatar\/daee7f16d906c2e9ffed236206ca2c30?s=96&r=g","contentUrl":"https:\/\/secure.gravatar.com\/avatar\/daee7f16d906c2e9ffed236206ca2c30?s=96&r=g","caption":"Monique Lima"},"description":"Rep\u00f3rter de Mercado no Suno Not\u00edcias, \u00e9 jornalista com experi\u00eancia na cobertura de economia, empreendedorismo, finan\u00e7as pessoais, mercado financeiro, carreira e recursos humanos. Formada em Jornalismo pela Universidade Paulista, teve experi\u00eancias em ve\u00edculos de comunica\u00e7\u00e3o como a Ag\u00eancia TradeMap, Revista Voc\u00ea S\/A e Revista Voc\u00ea RH, as duas \u00faltimas publica\u00e7\u00f5es da Editora Abril. No Suno Not\u00edcias, fala sobre as principais not\u00edcias de Fundos Imobili\u00e1rios, Fiagro, Startups e empresas listadas na Bolsa.","url":"https:\/\/www.suno.com.br\/noticias\/author\/monique-lima\/"}]}},"default_loop_html":"<div class=\"cardsPage__listCard__boxs\"><div class=\"cardsPage__listCard__boxs__img\"><a href=\"https:\/\/www.suno.com.br\/noticias\/vibra-energia-brdt3-zeg-biogas-mercado-de-biometano\/\"><img class=\"mask\" src=\"https:\/\/www.suno.com.br\/noticias\/wp-content\/themes\/suno\/resources\/images\/spotlight\/spotlight1img\/bg-mask.png\" alt=\"Image Mask\"\/><img src=\"https:\/\/files.sunoresearch.com.br\/n\/uploads\/2021\/02\/7cc74510-logo-testeira-padrao_ps-400x200.webp\" alt=\"Vibra Energia (BRDT3) anuncia parceria com ZEG Biog\u00e1s para fomentar o mercado de biometano\"\/><\/a><span class=\"spotlightCategory\"><a href=\"https:\/\/www.suno.com.br\/noticias\/negocios\/\">Neg\u00f3cios<\/a><\/span><\/div><div class=\"cardsPage__listCard__boxs__content\"><a href=\"https:\/\/www.suno.com.br\/noticias\/vibra-energia-brdt3-zeg-biogas-mercado-de-biometano\/\"><h2 class=\"content__title\">Vibra Energia (BRDT3) anuncia parceria com ZEG Biog\u00e1s para fomentar o mercado de biometano<\/h2><\/a><div class=\"newsContent__article__meta\"><div class=\"newsContent__article__meta__authorBox\"><a href=\"https:\/\/www.suno.com.br\/noticias\/author\/monique-lima\/\" class=\"authorBox__avatar noMobi\"><img src=\"https:\/\/secure.gravatar.com\/avatar\/daee7f16d906c2e9ffed236206ca2c30?s=96&#038;r=g\" alt=\"Monique Lima\"><\/a><div class=\"authorBox__name\"><span>por\n\t\t\t<a href=\"https:\/\/www.suno.com.br\/noticias\/author\/monique-lima\/\"><span itemprop=\"author\">Monique Lima<\/span><\/a><\/span><time datetime=\"2021-08-31T17:21:06-03:00\" itemprop=\"datePublished\">31\/08\/2021 17:21<\/time><\/div><\/div><\/div><\/div><\/div>","single_layout":"posts","amp_enabled":true,"_links":{"self":[{"href":"https:\/\/www.suno.com.br\/noticias\/wp-json\/wp\/v2\/posts\/179837"}],"collection":[{"href":"https:\/\/www.suno.com.br\/noticias\/wp-json\/wp\/v2\/posts"}],"about":[{"href":"https:\/\/www.suno.com.br\/noticias\/wp-json\/wp\/v2\/types\/post"}],"author":[{"embeddable":true,"href":"https:\/\/www.suno.com.br\/noticias\/wp-json\/wp\/v2\/users\/102"}],"replies":[{"embeddable":true,"href":"https:\/\/www.suno.com.br\/noticias\/wp-json\/wp\/v2\/comments?post=179837"}],"version-history":[{"count":3,"href":"https:\/\/www.suno.com.br\/noticias\/wp-json\/wp\/v2\/posts\/179837\/revisions"}],"predecessor-version":[{"id":179909,"href":"https:\/\/www.suno.com.br\/noticias\/wp-json\/wp\/v2\/posts\/179837\/revisions\/179909"}],"wp:featuredmedia":[{"embeddable":true,"href":"https:\/\/www.suno.com.br\/noticias\/wp-json\/wp\/v2\/media\/119185"}],"wp:attachment":[{"href":"https:\/\/www.suno.com.br\/noticias\/wp-json\/wp\/v2\/media?parent=179837"}],"wp:term":[{"taxonomy":"category","embeddable":true,"href":"https:\/\/www.suno.com.br\/noticias\/wp-json\/wp\/v2\/categories?post=179837"},{"taxonomy":"post_tag","embeddable":true,"href":"https:\/\/www.suno.com.br\/noticias\/wp-json\/wp\/v2\/tags?post=179837"},{"taxonomy":"suno_strategy","embeddable":true,"href":"https:\/\/www.suno.com.br\/noticias\/wp-json\/wp\/v2\/suno_strategy?post=179837"}],"curies":[{"name":"wp","href":"https:\/\/api.w.org\/{rel}","templated":true}]}}