{"id":179782,"date":"2021-08-31T15:00:03","date_gmt":"2021-08-31T18:00:03","guid":{"rendered":"https:\/\/www.suno.com.br\/noticias\/?p=179782"},"modified":"2021-08-31T15:00:03","modified_gmt":"2021-08-31T18:00:03","slug":"dolar-recua-com-ptax-e-cotacao-fraca-da-moeda-no-exterior","status":"publish","type":"post","link":"https:\/\/www.suno.com.br\/noticias\/dolar-recua-com-ptax-e-cotacao-fraca-da-moeda-no-exterior\/","title":{"rendered":"D\u00f3lar recua a R$ 5,14 com Ptax e cota\u00e7\u00e3o fraca da moeda no exterior"},"content":{"rendered":"<p>O <strong>d\u00f3lar<\/strong> segue ampliando a queda frente ao real nesta ter\u00e7a-feira (31). Grande parte da tend\u00eancia baixista vem de investidores vendidos em contratos cambiais, que precificam a queda da moeda norte-americana no exterior.<\/p>\t<div class=\"wrapper-featured-image\">\n\t\t<figure class=\"spotlightImg\">\n\n\t\t\t<picture>\n\t\t\t\t<source media=\"(max-width: 768px)\" srcset=\"https:\/\/files.sunoresearch.com.br\/n\/uploads\/2021\/04\/9a3c9edc-pexels-pixabay-164527-400x200.jpg\">\n\t\t\t\t<img loading=\"lazy\" decoding=\"async\" class=\"newsContent__article__imgCapa lazyloadDisabled \" src=\"https:\/\/files.sunoresearch.com.br\/n\/uploads\/2021\/04\/9a3c9edc-pexels-pixabay-164527-800x450.jpg\" width=\"800\" height=\"450\" alt=\"D\u00f3lar recua a R$ 5,14 com Ptax e cota\u00e7\u00e3o fraca da moeda no exterior\" fetchpriority=high \/>\n\t\t\t<\/picture>\n\n\t\t\t<figcaption class=\"wp-caption-text wp-caption-text--show\">D\u00f3lar. Foto: Pixabay<\/figcaption>\n\t\t<\/figure>\n\t<\/div>\n\n\n\t<p>\n\t\t<a href=\"https:\/\/lp.suno.com.br\/planilha-controle-gastos\/\" target=\"_blank\" data-element=\"shortcode-suno-banner\" title=\"Banner SUNO, clique e saiba mais\">\n\t\t\t<picture>\n\t\t\t\t<source media=\"(max-width: 500px)\" srcset=\"https:\/\/files.sunoresearch.com.br\/n\/uploads\/2023\/03\/400x300-Planilha-controle-de-gastos.png\">\n\t\t\t\t<img class=\"newsContent__article__imgCapa newsContent__article__imgCapa--banner\"\n\t\t\t\t\tsrc=\"https:\/\/files.sunoresearch.com.br\/n\/uploads\/2023\/03\/1420x240-Planilha-controle-de-gastos.png\"\n\t\t\t\t\tdata-promo-id=\"101751\"\t\t\t\t\t\t\t\t\t\twidth='1420' height='240'\t\t\t\t\talt=\"https:\/\/files.sunoresearch.com.br\/n\/uploads\/2023\/03\/1420x240-Planilha-controle-de-gastos.png\"\n\t\t\t\t>\n\t\t\t<\/picture>\n\t\t<\/a>\n\t<\/p>\n\n\n<p>\u00c0s 12:25, o <strong>d\u00f3lar \u00e0 vista<\/strong> registrou uma nova m\u00ednima a R$ 5,1212 (-1,31%) e o <strong><a class=\"suno-keyword\" href=\"https:\/\/www.suno.com.br\/artigos\/dolar-futuro\/\" target=\"_blank\" rel=\"noopener\" data-force=\"no\" data-priority=\"1\">d\u00f3lar futuro<\/a><\/strong> para outubro, a R$ 5,1425 (-1,26%).<\/p>\n<p>Tamb\u00e9m influencia na <strong>cota\u00e7\u00e3o do d\u00f3lar hoje<\/strong> o recuo menor do que o esperado do sentimento do consumidor americano em agosto. Foi a maior baixa em seis meses para o indicador.<\/p>\n\t<div data-element=\"shortcode-read-more\" class=\"knowMore\">\n\t\t\t\t<a class=\"knowMore__link\" href=\"https:\/\/www.suno.com.br\/noticias\/dolar-opera-em-queda-mantendo-tendencia-do-exterior\/\">\n\t\t\tD\u00f3lar opera em queda, mantendo tend\u00eancia do exterior\t\t<\/a>\n\t<\/div>\n\n\n<p>O Conference Board informou nesta ter\u00e7a que o <a class=\"suno-keyword\" href=\"https:\/\/www.suno.com.br\/artigos\/indice-de-confianca\/\" target=\"_blank\" rel=\"noopener\" data-force=\"no\" data-priority=\"1\">\u00edndice de confian\u00e7a<\/a> do consumidor caiu para 113,8 no m\u00eas, ante 125,1 em julho. Economistas consultados pela Reuters previam queda para 124,0.<\/p>\n<p>Dados nacionais melhores de desemprego e o n\u00famero menor de casos e de mortes de Covid-19 no Pa\u00eds tamb\u00e9m d\u00e3o for\u00e7as ao <strong>real frente ao d\u00f3lar<\/strong>, afirma Vanei Nagem, respons\u00e1vel pela \u00e1rea de c\u00e2mbio da Terra Investimentos.<\/p>\n\t<p>\n\t\t<a href=\"https:\/\/lp.suno.com.br\/planilha-da-vida-financeira\/\" target=\"_blank\" data-element=\"shortcode-suno-banner\" title=\"Banner SUNO, clique e saiba mais\">\n\t\t\t<picture>\n\t\t\t\t<source media=\"(max-width: 500px)\" srcset=\"https:\/\/files.sunoresearch.com.br\/n\/uploads\/2023\/04\/400x300-Planilha-vida-financeira-true.png\">\n\t\t\t\t<img class=\"newsContent__article__imgCapa newsContent__article__imgCapa--banner\"\n\t\t\t\t\tsrc=\"https:\/\/files.sunoresearch.com.br\/n\/uploads\/2023\/04\/1420x240-Planilha-vida-financeira-true.png\"\n\t\t\t\t\tdata-promo-id=\"106682\"\t\t\t\t\t\t\t\t\t\twidth='1420' height='240'\t\t\t\t\talt=\"https:\/\/files.sunoresearch.com.br\/n\/uploads\/2023\/04\/1420x240-Planilha-vida-financeira-true.png\"\n\t\t\t\t>\n\t\t\t<\/picture>\n\t\t<\/a>\n\t<\/p>\n\n\n<p><a href=\"https:\/\/www.suno.com.br\/noticias\/taxa-de-desemprego-recua-para-141-no-2o-trimestre-afirma-ibge\/\" target=\"_blank\" rel=\"noopener\">A taxa de desemprego no Brasil<\/a> recuou 0,5 p.p. em junho frente ao trimestre anterior e se manteve no piso do intervalo das proje\u00e7\u00f5es do mercado (14,1% A 14,8%).<\/p>\n<p>Para \u00c9tore Sanchez, economista-chefe da Ativa Investimentos, o resultado surpreendeu positivamente. Principalmente porque o avan\u00e7o na for\u00e7a de trabalho foi praticamente todo escoado para a popula\u00e7\u00e3o ocupada, o que \u00e9 uma \u00f3tima sinaliza\u00e7\u00e3o para o Pa\u00eds.<\/p>\n<h2>Ptax ajuda na volatilidade da moeda<\/h2>\n\t<p>\n\t\t<a href=\"https:\/\/lp.suno.com.br\/ebook-como-analisar-uma-acao\/\" target=\"_blank\" data-element=\"shortcode-suno-banner\" title=\"Banner SUNO, clique e saiba mais\">\n\t\t\t<picture>\n\t\t\t\t<source media=\"(max-width: 500px)\" srcset=\"https:\/\/files.sunoresearch.com.br\/n\/uploads\/2023\/03\/Ebook-Acoes-Mobile-1.jpg\">\n\t\t\t\t<img class=\"newsContent__article__imgCapa newsContent__article__imgCapa--banner\"\n\t\t\t\t\tsrc=\"https:\/\/files.sunoresearch.com.br\/n\/uploads\/2023\/03\/Ebook-Acoes-Desktop-1.jpg\"\n\t\t\t\t\tdata-promo-id=\"171998\"\t\t\t\t\t\t\t\t\t\twidth='1420' height='286'\t\t\t\t\talt=\"https:\/\/files.sunoresearch.com.br\/n\/uploads\/2023\/03\/Ebook-Acoes-Desktop-1.jpg\"\n\t\t\t\t>\n\t\t\t<\/picture>\n\t\t<\/a>\n\t<\/p>\n\n\n<p>Desde ontem, as opera\u00e7\u00f5es da moeda norte-americana est\u00e3o mais vol\u00e1teis com a coleta de taxas nas mesas de opera\u00e7\u00e3o para a forma\u00e7\u00e3o da Ptax.\u00a0Nesta ter\u00e7a, ser\u00e1 feita a \u00faltima coleta de agosto, que ir\u00e1 ajustar os contratos cambiais e resultados corporativos do pr\u00f3ximo per\u00edodo.<\/p>\n<p>\u00c0s 14:50, o <strong><a class=\"suno-keyword\" href=\"https:\/\/www.suno.com.br\/artigos\/dolar-comercial\/\" target=\"_blank\" rel=\"noopener\" data-force=\"no\" data-priority=\"2\">d\u00f3lar comercial<\/a><\/strong> \u00e0 vista operava em queda de 0,83%, valendo R$ 5,144 frente ao real.<\/p>\n<p>A quest\u00e3o fiscal tamb\u00e9m segue no foco dos investidores diante da entrega do Projeto de Lei Or\u00e7ament\u00e1ria Anual (PLOA) de 2022 pelo governo ao Congresso, agora \u00e0s 15h.<\/p>\n<h2>Cota\u00e7\u00e3o do d\u00f3lar no dia anterior<\/h2>\n<p>O <strong>d\u00f3lar<\/strong> encerrou as negocia\u00e7\u00f5es de segunda-feira (27) em queda de 0,12% frente ao real, valendo R$ 5,189 na venda.<\/p>\n\t<p>\n\t\t<a href=\"https:\/\/lp.suno.com.br\/planilha-de-controle-de-investimentos\/\" target=\"_blank\" data-element=\"shortcode-suno-banner\" title=\"Banner SUNO, clique e saiba mais\">\n\t\t\t<picture>\n\t\t\t\t<source media=\"(max-width: 500px)\" srcset=\"https:\/\/files.sunoresearch.com.br\/n\/uploads\/2023\/03\/400x300-Controle-de-Investimentos.png\">\n\t\t\t\t<img class=\"newsContent__article__imgCapa newsContent__article__imgCapa--banner\"\n\t\t\t\t\tsrc=\"https:\/\/files.sunoresearch.com.br\/n\/uploads\/2023\/03\/1420x240-Controle-de-Investimentos.png\"\n\t\t\t\t\tdata-promo-id=\"75934\"\t\t\t\t\t\t\t\t\t\twidth='1420' height='240'\t\t\t\t\talt=\"https:\/\/files.sunoresearch.com.br\/n\/uploads\/2023\/03\/1420x240-Controle-de-Investimentos.png\"\n\t\t\t\t>\n\t\t\t<\/picture>\n\t\t<\/a>\n\t<\/p>\n\n\n<p><em>Com informa\u00e7\u00f5es de Estad\u00e3o Conte\u00fado.\u00a0<\/em><\/p>\n","protected":false},"excerpt":{"rendered":"<p>O d\u00f3lar segue ampliando a queda frente ao real nesta ter\u00e7a-feira (31). Grande parte da tend\u00eancia baixista vem de investidores vendidos em contratos cambiais, que precificam a queda da moeda norte-americana no exterior. D\u00f3lar. Foto: Pixabay \u00c0s 12:25, o d\u00f3lar \u00e0 vista registrou uma nova m\u00ednima a R$ 5,1212 (-1,31%) e o d\u00f3lar futuro para [&hellip;]<\/p>\n","protected":false},"author":102,"featured_media":137388,"comment_status":"closed","ping_status":"closed","sticky":false,"template":"","format":"standard","meta":[],"categories":[60],"tags":[326,1852],"suno_strategy":[],"class_list":["post-179782","post","type-post","status-publish","format-standard","has-post-thumbnail","hentry","category-mercado","tag-dolar","tag-dolar-futuro"],"yoast_head":"<!-- This site is optimized with the Yoast SEO plugin v24.4 - https:\/\/yoast.com\/wordpress\/plugins\/seo\/ -->\n<title>D\u00f3lar recua a R$ 5,14 com Ptax e cota\u00e7\u00e3o fraca da moeda no exterior<\/title>\n<meta name=\"description\" content=\"O d\u00f3lar mant\u00e9m tend\u00eancia baixista nesta ter\u00e7a, com coleta de taxas para a Ptaz e recuo no exterior. Veja detalhes do c\u00e2mbio hoje aqui.\" \/>\n<meta name=\"robots\" content=\"index, follow, max-snippet:-1, max-image-preview:large, max-video-preview:-1\" \/>\n<link rel=\"canonical\" href=\"https:\/\/www.suno.com.br\/noticias\/dolar-recua-com-ptax-e-cotacao-fraca-da-moeda-no-exterior\/\" \/>\n<meta property=\"og:locale\" content=\"pt_BR\" \/>\n<meta property=\"og:type\" content=\"article\" \/>\n<meta property=\"og:title\" content=\"D\u00f3lar recua a R$ 5,14 com Ptax e cota\u00e7\u00e3o fraca da moeda no exterior\" \/>\n<meta property=\"og:description\" content=\"O d\u00f3lar mant\u00e9m tend\u00eancia baixista nesta ter\u00e7a, com coleta de taxas para a Ptaz e recuo no exterior. Veja detalhes do c\u00e2mbio hoje aqui.\" \/>\n<meta property=\"og:url\" content=\"https:\/\/www.suno.com.br\/noticias\/dolar-recua-com-ptax-e-cotacao-fraca-da-moeda-no-exterior\/\" \/>\n<meta property=\"og:site_name\" content=\"Suno Not\u00edcias\" \/>\n<meta property=\"article:publisher\" content=\"https:\/\/facebook.com\/sunoresearch\" \/>\n<meta property=\"og:image\" content=\"https:\/\/files.sunoresearch.com.br\/n\/uploads\/2021\/04\/9a3c9edc-pexels-pixabay-164527-scaled.jpg\" \/>\n\t<meta property=\"og:image:width\" content=\"2560\" \/>\n\t<meta property=\"og:image:height\" content=\"1707\" \/>\n\t<meta property=\"og:image:type\" content=\"image\/jpeg\" \/>\n<meta name=\"author\" content=\"Monique Lima\" \/>\n<meta name=\"twitter:card\" content=\"summary_large_image\" \/>\n<meta name=\"twitter:creator\" content=\"@sunoresearch\" \/>\n<meta name=\"twitter:site\" content=\"@sunoresearch\" \/>\n<meta name=\"twitter:label1\" content=\"Escrito por\" \/>\n\t<meta name=\"twitter:data1\" content=\"Monique Lima\" \/>\n\t<meta name=\"twitter:label2\" content=\"Est. tempo de leitura\" \/>\n\t<meta name=\"twitter:data2\" content=\"2 minutos\" \/>\n<script type=\"application\/ld+json\" class=\"yoast-schema-graph\">{\"@context\":\"https:\/\/schema.org\",\"@graph\":[{\"@type\":\"NewsArticle\",\"@id\":\"https:\/\/www.suno.com.br\/noticias\/dolar-recua-com-ptax-e-cotacao-fraca-da-moeda-no-exterior\/#article\",\"isPartOf\":{\"@id\":\"https:\/\/www.suno.com.br\/noticias\/dolar-recua-com-ptax-e-cotacao-fraca-da-moeda-no-exterior\/\"},\"author\":{\"name\":\"Monique Lima\",\"@id\":\"https:\/\/www.suno.com.br\/noticias\/#\/schema\/person\/d712329319cc9b10f254d02d654cb36a\"},\"headline\":\"D\u00f3lar recua a R$ 5,14 com Ptax e cota\u00e7\u00e3o fraca da moeda no exterior\",\"datePublished\":\"2021-08-31T18:00:03+00:00\",\"mainEntityOfPage\":{\"@id\":\"https:\/\/www.suno.com.br\/noticias\/dolar-recua-com-ptax-e-cotacao-fraca-da-moeda-no-exterior\/\"},\"wordCount\":407,\"publisher\":{\"@id\":\"https:\/\/www.suno.com.br\/noticias\/#organization\"},\"image\":{\"@id\":\"https:\/\/www.suno.com.br\/noticias\/dolar-recua-com-ptax-e-cotacao-fraca-da-moeda-no-exterior\/#primaryimage\"},\"thumbnailUrl\":\"https:\/\/files.sunoresearch.com.br\/n\/uploads\/2021\/04\/9a3c9edc-pexels-pixabay-164527-scaled.jpg\",\"keywords\":[\"d\u00f3lar\",\"d\u00f3lar futuro\"],\"articleSection\":[\"Mercado\"],\"inLanguage\":\"pt-BR\"},{\"@type\":\"WebPage\",\"@id\":\"https:\/\/www.suno.com.br\/noticias\/dolar-recua-com-ptax-e-cotacao-fraca-da-moeda-no-exterior\/\",\"url\":\"https:\/\/www.suno.com.br\/noticias\/dolar-recua-com-ptax-e-cotacao-fraca-da-moeda-no-exterior\/\",\"name\":\"D\u00f3lar recua a R$ 5,14 com Ptax e cota\u00e7\u00e3o fraca da moeda no exterior\",\"isPartOf\":{\"@id\":\"https:\/\/www.suno.com.br\/noticias\/#website\"},\"primaryImageOfPage\":{\"@id\":\"https:\/\/www.suno.com.br\/noticias\/dolar-recua-com-ptax-e-cotacao-fraca-da-moeda-no-exterior\/#primaryimage\"},\"image\":{\"@id\":\"https:\/\/www.suno.com.br\/noticias\/dolar-recua-com-ptax-e-cotacao-fraca-da-moeda-no-exterior\/#primaryimage\"},\"thumbnailUrl\":\"https:\/\/files.sunoresearch.com.br\/n\/uploads\/2021\/04\/9a3c9edc-pexels-pixabay-164527-scaled.jpg\",\"datePublished\":\"2021-08-31T18:00:03+00:00\",\"description\":\"O d\u00f3lar mant\u00e9m tend\u00eancia baixista nesta ter\u00e7a, com coleta de taxas para a Ptaz e recuo no exterior. Veja detalhes do c\u00e2mbio hoje aqui.\",\"breadcrumb\":{\"@id\":\"https:\/\/www.suno.com.br\/noticias\/dolar-recua-com-ptax-e-cotacao-fraca-da-moeda-no-exterior\/#breadcrumb\"},\"inLanguage\":\"pt-BR\",\"potentialAction\":[{\"@type\":\"ReadAction\",\"target\":[\"https:\/\/www.suno.com.br\/noticias\/dolar-recua-com-ptax-e-cotacao-fraca-da-moeda-no-exterior\/\"]}]},{\"@type\":\"ImageObject\",\"inLanguage\":\"pt-BR\",\"@id\":\"https:\/\/www.suno.com.br\/noticias\/dolar-recua-com-ptax-e-cotacao-fraca-da-moeda-no-exterior\/#primaryimage\",\"url\":\"https:\/\/files.sunoresearch.com.br\/n\/uploads\/2021\/04\/9a3c9edc-pexels-pixabay-164527-scaled.jpg\",\"contentUrl\":\"https:\/\/files.sunoresearch.com.br\/n\/uploads\/2021\/04\/9a3c9edc-pexels-pixabay-164527-scaled.jpg\",\"width\":2560,\"height\":1707,\"caption\":\"D\u00f3lar. Foto: Pixabay\"},{\"@type\":\"BreadcrumbList\",\"@id\":\"https:\/\/www.suno.com.br\/noticias\/dolar-recua-com-ptax-e-cotacao-fraca-da-moeda-no-exterior\/#breadcrumb\",\"itemListElement\":[{\"@type\":\"ListItem\",\"position\":1,\"name\":\"Not\u00edcias\",\"item\":\"https:\/\/www.suno.com.br\/noticias\/\"},{\"@type\":\"ListItem\",\"position\":2,\"name\":\"Mercado\",\"item\":\"https:\/\/www.suno.com.br\/noticias\/mercado\/\"},{\"@type\":\"ListItem\",\"position\":3,\"name\":\"D\u00f3lar recua a R$ 5,14 com Ptax e cota\u00e7\u00e3o fraca da moeda no exterior\"}]},{\"@type\":\"WebSite\",\"@id\":\"https:\/\/www.suno.com.br\/noticias\/#website\",\"url\":\"https:\/\/www.suno.com.br\/noticias\/\",\"name\":\"Suno Not\u00edcias\",\"description\":\"Seu portal de informa\u00e7\u00e3o sobre o mundo dos investimentos\",\"publisher\":{\"@id\":\"https:\/\/www.suno.com.br\/noticias\/#organization\"},\"potentialAction\":[{\"@type\":\"SearchAction\",\"target\":{\"@type\":\"EntryPoint\",\"urlTemplate\":\"https:\/\/www.suno.com.br\/noticias\/?s={search_term_string}\"},\"query-input\":{\"@type\":\"PropertyValueSpecification\",\"valueRequired\":true,\"valueName\":\"search_term_string\"}}],\"inLanguage\":\"pt-BR\"},{\"@type\":\"Organization\",\"@id\":\"https:\/\/www.suno.com.br\/noticias\/#organization\",\"name\":\"Suno Not\u00edcias\",\"url\":\"https:\/\/www.suno.com.br\/noticias\/\",\"logo\":{\"@type\":\"ImageObject\",\"inLanguage\":\"pt-BR\",\"@id\":\"https:\/\/www.suno.com.br\/noticias\/#\/schema\/logo\/image\/\",\"url\":\"https:\/\/files.sunoresearch.com.br\/n\/uploads\/2021\/09\/suno-logo.png\",\"contentUrl\":\"https:\/\/files.sunoresearch.com.br\/n\/uploads\/2021\/09\/suno-logo.png\",\"width\":180,\"height\":180,\"caption\":\"Suno Not\u00edcias\"},\"image\":{\"@id\":\"https:\/\/www.suno.com.br\/noticias\/#\/schema\/logo\/image\/\"},\"sameAs\":[\"https:\/\/facebook.com\/sunoresearch\",\"https:\/\/x.com\/sunoresearch\",\"https:\/\/www.instagram.com\/suno\",\"https:\/\/www.linkedin.com\/company\/suno-research\/\",\"https:\/\/www.youtube.com\/c\/sunoresearch\"]},{\"@type\":\"Person\",\"@id\":\"https:\/\/www.suno.com.br\/noticias\/#\/schema\/person\/d712329319cc9b10f254d02d654cb36a\",\"name\":\"Monique Lima\",\"image\":{\"@type\":\"ImageObject\",\"inLanguage\":\"pt-BR\",\"@id\":\"https:\/\/www.suno.com.br\/noticias\/#\/schema\/person\/image\/\",\"url\":\"https:\/\/secure.gravatar.com\/avatar\/daee7f16d906c2e9ffed236206ca2c30?s=96&r=g\",\"contentUrl\":\"https:\/\/secure.gravatar.com\/avatar\/daee7f16d906c2e9ffed236206ca2c30?s=96&r=g\",\"caption\":\"Monique Lima\"},\"description\":\"Rep\u00f3rter de Mercado no Suno Not\u00edcias, \u00e9 jornalista com experi\u00eancia na cobertura de economia, empreendedorismo, finan\u00e7as pessoais, mercado financeiro, carreira e recursos humanos. Formada em Jornalismo pela Universidade Paulista, teve experi\u00eancias em ve\u00edculos de comunica\u00e7\u00e3o como a Ag\u00eancia TradeMap, Revista Voc\u00ea S\/A e Revista Voc\u00ea RH, as duas \u00faltimas publica\u00e7\u00f5es da Editora Abril. No Suno Not\u00edcias, fala sobre as principais not\u00edcias de Fundos Imobili\u00e1rios, Fiagro, Startups e empresas listadas na Bolsa.\",\"url\":\"https:\/\/www.suno.com.br\/noticias\/author\/monique-lima\/\"}]}<\/script>\n<!-- \/ Yoast SEO plugin. -->","yoast_head_json":{"title":"D\u00f3lar recua a R$ 5,14 com Ptax e cota\u00e7\u00e3o fraca da moeda no exterior","description":"O d\u00f3lar mant\u00e9m tend\u00eancia baixista nesta ter\u00e7a, com coleta de taxas para a Ptaz e recuo no exterior. Veja detalhes do c\u00e2mbio hoje aqui.","robots":{"index":"index","follow":"follow","max-snippet":"max-snippet:-1","max-image-preview":"max-image-preview:large","max-video-preview":"max-video-preview:-1"},"canonical":"https:\/\/www.suno.com.br\/noticias\/dolar-recua-com-ptax-e-cotacao-fraca-da-moeda-no-exterior\/","og_locale":"pt_BR","og_type":"article","og_title":"D\u00f3lar recua a R$ 5,14 com Ptax e cota\u00e7\u00e3o fraca da moeda no exterior","og_description":"O d\u00f3lar mant\u00e9m tend\u00eancia baixista nesta ter\u00e7a, com coleta de taxas para a Ptaz e recuo no exterior. Veja detalhes do c\u00e2mbio hoje aqui.","og_url":"https:\/\/www.suno.com.br\/noticias\/dolar-recua-com-ptax-e-cotacao-fraca-da-moeda-no-exterior\/","og_site_name":"Suno Not\u00edcias","article_publisher":"https:\/\/facebook.com\/sunoresearch","og_image":[{"width":2560,"height":1707,"url":"https:\/\/files.sunoresearch.com.br\/n\/uploads\/2021\/04\/9a3c9edc-pexels-pixabay-164527-scaled.jpg","type":"image\/jpeg"}],"author":"Monique Lima","twitter_card":"summary_large_image","twitter_creator":"@sunoresearch","twitter_site":"@sunoresearch","twitter_misc":{"Escrito por":"Monique Lima","Est. tempo de leitura":"2 minutos"},"schema":{"@context":"https:\/\/schema.org","@graph":[{"@type":"NewsArticle","@id":"https:\/\/www.suno.com.br\/noticias\/dolar-recua-com-ptax-e-cotacao-fraca-da-moeda-no-exterior\/#article","isPartOf":{"@id":"https:\/\/www.suno.com.br\/noticias\/dolar-recua-com-ptax-e-cotacao-fraca-da-moeda-no-exterior\/"},"author":{"name":"Monique Lima","@id":"https:\/\/www.suno.com.br\/noticias\/#\/schema\/person\/d712329319cc9b10f254d02d654cb36a"},"headline":"D\u00f3lar recua a R$ 5,14 com Ptax e cota\u00e7\u00e3o fraca da moeda no exterior","datePublished":"2021-08-31T18:00:03+00:00","mainEntityOfPage":{"@id":"https:\/\/www.suno.com.br\/noticias\/dolar-recua-com-ptax-e-cotacao-fraca-da-moeda-no-exterior\/"},"wordCount":407,"publisher":{"@id":"https:\/\/www.suno.com.br\/noticias\/#organization"},"image":{"@id":"https:\/\/www.suno.com.br\/noticias\/dolar-recua-com-ptax-e-cotacao-fraca-da-moeda-no-exterior\/#primaryimage"},"thumbnailUrl":"https:\/\/files.sunoresearch.com.br\/n\/uploads\/2021\/04\/9a3c9edc-pexels-pixabay-164527-scaled.jpg","keywords":["d\u00f3lar","d\u00f3lar futuro"],"articleSection":["Mercado"],"inLanguage":"pt-BR"},{"@type":"WebPage","@id":"https:\/\/www.suno.com.br\/noticias\/dolar-recua-com-ptax-e-cotacao-fraca-da-moeda-no-exterior\/","url":"https:\/\/www.suno.com.br\/noticias\/dolar-recua-com-ptax-e-cotacao-fraca-da-moeda-no-exterior\/","name":"D\u00f3lar recua a R$ 5,14 com Ptax e cota\u00e7\u00e3o fraca da moeda no exterior","isPartOf":{"@id":"https:\/\/www.suno.com.br\/noticias\/#website"},"primaryImageOfPage":{"@id":"https:\/\/www.suno.com.br\/noticias\/dolar-recua-com-ptax-e-cotacao-fraca-da-moeda-no-exterior\/#primaryimage"},"image":{"@id":"https:\/\/www.suno.com.br\/noticias\/dolar-recua-com-ptax-e-cotacao-fraca-da-moeda-no-exterior\/#primaryimage"},"thumbnailUrl":"https:\/\/files.sunoresearch.com.br\/n\/uploads\/2021\/04\/9a3c9edc-pexels-pixabay-164527-scaled.jpg","datePublished":"2021-08-31T18:00:03+00:00","description":"O d\u00f3lar mant\u00e9m tend\u00eancia baixista nesta ter\u00e7a, com coleta de taxas para a Ptaz e recuo no exterior. Veja detalhes do c\u00e2mbio hoje aqui.","breadcrumb":{"@id":"https:\/\/www.suno.com.br\/noticias\/dolar-recua-com-ptax-e-cotacao-fraca-da-moeda-no-exterior\/#breadcrumb"},"inLanguage":"pt-BR","potentialAction":[{"@type":"ReadAction","target":["https:\/\/www.suno.com.br\/noticias\/dolar-recua-com-ptax-e-cotacao-fraca-da-moeda-no-exterior\/"]}]},{"@type":"ImageObject","inLanguage":"pt-BR","@id":"https:\/\/www.suno.com.br\/noticias\/dolar-recua-com-ptax-e-cotacao-fraca-da-moeda-no-exterior\/#primaryimage","url":"https:\/\/files.sunoresearch.com.br\/n\/uploads\/2021\/04\/9a3c9edc-pexels-pixabay-164527-scaled.jpg","contentUrl":"https:\/\/files.sunoresearch.com.br\/n\/uploads\/2021\/04\/9a3c9edc-pexels-pixabay-164527-scaled.jpg","width":2560,"height":1707,"caption":"D\u00f3lar. Foto: Pixabay"},{"@type":"BreadcrumbList","@id":"https:\/\/www.suno.com.br\/noticias\/dolar-recua-com-ptax-e-cotacao-fraca-da-moeda-no-exterior\/#breadcrumb","itemListElement":[{"@type":"ListItem","position":1,"name":"Not\u00edcias","item":"https:\/\/www.suno.com.br\/noticias\/"},{"@type":"ListItem","position":2,"name":"Mercado","item":"https:\/\/www.suno.com.br\/noticias\/mercado\/"},{"@type":"ListItem","position":3,"name":"D\u00f3lar recua a R$ 5,14 com Ptax e cota\u00e7\u00e3o fraca da moeda no exterior"}]},{"@type":"WebSite","@id":"https:\/\/www.suno.com.br\/noticias\/#website","url":"https:\/\/www.suno.com.br\/noticias\/","name":"Suno Not\u00edcias","description":"Seu portal de informa\u00e7\u00e3o sobre o mundo dos investimentos","publisher":{"@id":"https:\/\/www.suno.com.br\/noticias\/#organization"},"potentialAction":[{"@type":"SearchAction","target":{"@type":"EntryPoint","urlTemplate":"https:\/\/www.suno.com.br\/noticias\/?s={search_term_string}"},"query-input":{"@type":"PropertyValueSpecification","valueRequired":true,"valueName":"search_term_string"}}],"inLanguage":"pt-BR"},{"@type":"Organization","@id":"https:\/\/www.suno.com.br\/noticias\/#organization","name":"Suno Not\u00edcias","url":"https:\/\/www.suno.com.br\/noticias\/","logo":{"@type":"ImageObject","inLanguage":"pt-BR","@id":"https:\/\/www.suno.com.br\/noticias\/#\/schema\/logo\/image\/","url":"https:\/\/files.sunoresearch.com.br\/n\/uploads\/2021\/09\/suno-logo.png","contentUrl":"https:\/\/files.sunoresearch.com.br\/n\/uploads\/2021\/09\/suno-logo.png","width":180,"height":180,"caption":"Suno Not\u00edcias"},"image":{"@id":"https:\/\/www.suno.com.br\/noticias\/#\/schema\/logo\/image\/"},"sameAs":["https:\/\/facebook.com\/sunoresearch","https:\/\/x.com\/sunoresearch","https:\/\/www.instagram.com\/suno","https:\/\/www.linkedin.com\/company\/suno-research\/","https:\/\/www.youtube.com\/c\/sunoresearch"]},{"@type":"Person","@id":"https:\/\/www.suno.com.br\/noticias\/#\/schema\/person\/d712329319cc9b10f254d02d654cb36a","name":"Monique Lima","image":{"@type":"ImageObject","inLanguage":"pt-BR","@id":"https:\/\/www.suno.com.br\/noticias\/#\/schema\/person\/image\/","url":"https:\/\/secure.gravatar.com\/avatar\/daee7f16d906c2e9ffed236206ca2c30?s=96&r=g","contentUrl":"https:\/\/secure.gravatar.com\/avatar\/daee7f16d906c2e9ffed236206ca2c30?s=96&r=g","caption":"Monique Lima"},"description":"Rep\u00f3rter de Mercado no Suno Not\u00edcias, \u00e9 jornalista com experi\u00eancia na cobertura de economia, empreendedorismo, finan\u00e7as pessoais, mercado financeiro, carreira e recursos humanos. Formada em Jornalismo pela Universidade Paulista, teve experi\u00eancias em ve\u00edculos de comunica\u00e7\u00e3o como a Ag\u00eancia TradeMap, Revista Voc\u00ea S\/A e Revista Voc\u00ea RH, as duas \u00faltimas publica\u00e7\u00f5es da Editora Abril. No Suno Not\u00edcias, fala sobre as principais not\u00edcias de Fundos Imobili\u00e1rios, Fiagro, Startups e empresas listadas na Bolsa.","url":"https:\/\/www.suno.com.br\/noticias\/author\/monique-lima\/"}]}},"default_loop_html":"<div class=\"cardsPage__listCard__boxs\"><div class=\"cardsPage__listCard__boxs__img\"><a href=\"https:\/\/www.suno.com.br\/noticias\/dolar-recua-com-ptax-e-cotacao-fraca-da-moeda-no-exterior\/\"><img class=\"mask\" src=\"https:\/\/www.suno.com.br\/noticias\/wp-content\/themes\/suno\/resources\/images\/spotlight\/spotlight1img\/bg-mask.png\" alt=\"Image Mask\"\/><img src=\"https:\/\/files.sunoresearch.com.br\/n\/uploads\/2021\/04\/9a3c9edc-pexels-pixabay-164527-400x200.jpg\" alt=\"D\u00f3lar recua a R$ 5,14 com Ptax e cota\u00e7\u00e3o fraca da moeda no exterior\"\/><\/a><span class=\"spotlightCategory\"><a href=\"https:\/\/www.suno.com.br\/noticias\/mercado\/\">Mercado<\/a><\/span><\/div><div class=\"cardsPage__listCard__boxs__content\"><a href=\"https:\/\/www.suno.com.br\/noticias\/dolar-recua-com-ptax-e-cotacao-fraca-da-moeda-no-exterior\/\"><h2 class=\"content__title\">D\u00f3lar recua a R$ 5,14 com Ptax e cota\u00e7\u00e3o fraca da moeda no exterior<\/h2><\/a><div class=\"newsContent__article__meta\"><div class=\"newsContent__article__meta__authorBox\"><a href=\"https:\/\/www.suno.com.br\/noticias\/author\/monique-lima\/\" class=\"authorBox__avatar noMobi\"><img src=\"https:\/\/secure.gravatar.com\/avatar\/daee7f16d906c2e9ffed236206ca2c30?s=96&#038;r=g\" alt=\"Monique Lima\"><\/a><div class=\"authorBox__name\"><span>por\n\t\t\t<a href=\"https:\/\/www.suno.com.br\/noticias\/author\/monique-lima\/\"><span itemprop=\"author\">Monique Lima<\/span><\/a><\/span><time datetime=\"2021-08-31T15:00:03-03:00\" itemprop=\"datePublished\">31\/08\/2021 15:00<\/time><\/div><\/div><\/div><\/div><\/div>","single_layout":"posts","amp_enabled":true,"_links":{"self":[{"href":"https:\/\/www.suno.com.br\/noticias\/wp-json\/wp\/v2\/posts\/179782"}],"collection":[{"href":"https:\/\/www.suno.com.br\/noticias\/wp-json\/wp\/v2\/posts"}],"about":[{"href":"https:\/\/www.suno.com.br\/noticias\/wp-json\/wp\/v2\/types\/post"}],"author":[{"embeddable":true,"href":"https:\/\/www.suno.com.br\/noticias\/wp-json\/wp\/v2\/users\/102"}],"replies":[{"embeddable":true,"href":"https:\/\/www.suno.com.br\/noticias\/wp-json\/wp\/v2\/comments?post=179782"}],"version-history":[{"count":3,"href":"https:\/\/www.suno.com.br\/noticias\/wp-json\/wp\/v2\/posts\/179782\/revisions"}],"predecessor-version":[{"id":179832,"href":"https:\/\/www.suno.com.br\/noticias\/wp-json\/wp\/v2\/posts\/179782\/revisions\/179832"}],"wp:featuredmedia":[{"embeddable":true,"href":"https:\/\/www.suno.com.br\/noticias\/wp-json\/wp\/v2\/media\/137388"}],"wp:attachment":[{"href":"https:\/\/www.suno.com.br\/noticias\/wp-json\/wp\/v2\/media?parent=179782"}],"wp:term":[{"taxonomy":"category","embeddable":true,"href":"https:\/\/www.suno.com.br\/noticias\/wp-json\/wp\/v2\/categories?post=179782"},{"taxonomy":"post_tag","embeddable":true,"href":"https:\/\/www.suno.com.br\/noticias\/wp-json\/wp\/v2\/tags?post=179782"},{"taxonomy":"suno_strategy","embeddable":true,"href":"https:\/\/www.suno.com.br\/noticias\/wp-json\/wp\/v2\/suno_strategy?post=179782"}],"curies":[{"name":"wp","href":"https:\/\/api.w.org\/{rel}","templated":true}]}}