{"id":179691,"date":"2021-08-31T10:17:10","date_gmt":"2021-08-31T13:17:10","guid":{"rendered":"https:\/\/www.suno.com.br\/noticias\/?p=179691"},"modified":"2021-08-31T10:17:10","modified_gmt":"2021-08-31T13:17:10","slug":"taxa-de-desemprego-recua-para-141-no-2o-trimestre-afirma-ibge","status":"publish","type":"post","link":"https:\/\/www.suno.com.br\/noticias\/taxa-de-desemprego-recua-para-141-no-2o-trimestre-afirma-ibge\/","title":{"rendered":"Taxa de desemprego recua para 14,1% no 2\u00ba trimestre, afirma IBGE"},"content":{"rendered":"<p>A <strong>taxa de desemprego<\/strong> no Brasil ficou em 14,1% no trimestre encerrado em junho, de acordo com os dados da Pnad Cont\u00ednua, divulgados nesta ter\u00e7a-feira (31) pelo IBGE.<\/p>\t<div class=\"wrapper-featured-image\">\n\t\t<figure class=\"spotlightImg\">\n\n\t\t\t<picture>\n\t\t\t\t<source media=\"(max-width: 768px)\" srcset=\"https:\/\/files.sunoresearch.com.br\/n\/uploads\/2019\/08\/83d6b7aa-desemprego-400x200.webp\">\n\t\t\t\t<img loading=\"lazy\" decoding=\"async\" class=\"newsContent__article__imgCapa lazyloadDisabled \" src=\"https:\/\/files.sunoresearch.com.br\/n\/uploads\/2019\/08\/83d6b7aa-desemprego-800x450.webp\" width=\"800\" height=\"450\" alt=\"Taxa de desemprego recua para 14,1% no 2\u00ba trimestre, afirma IBGE\" fetchpriority=high \/>\n\t\t\t<\/picture>\n\n\t\t\t<figcaption class=\"wp-caption-text wp-caption-text--show\">Taxa de desemprego recua 8,9% no trimestre. Foto: reprodu\u00e7\u00e3o.<\/figcaption>\n\t\t<\/figure>\n\t<\/div>\n\n\n\t<p>\n\t\t<a href=\"https:\/\/lp.suno.com.br\/planilha-controle-gastos\/\" target=\"_blank\" data-element=\"shortcode-suno-banner\" title=\"Banner SUNO, clique e saiba mais\">\n\t\t\t<picture>\n\t\t\t\t<source media=\"(max-width: 500px)\" srcset=\"https:\/\/files.sunoresearch.com.br\/n\/uploads\/2023\/03\/400x300-Planilha-controle-de-gastos.png\">\n\t\t\t\t<img class=\"newsContent__article__imgCapa newsContent__article__imgCapa--banner\"\n\t\t\t\t\tsrc=\"https:\/\/files.sunoresearch.com.br\/n\/uploads\/2023\/03\/1420x240-Planilha-controle-de-gastos.png\"\n\t\t\t\t\tdata-promo-id=\"101751\"\t\t\t\t\t\t\t\t\t\twidth='1420' height='240'\t\t\t\t\talt=\"https:\/\/files.sunoresearch.com.br\/n\/uploads\/2023\/03\/1420x240-Planilha-controle-de-gastos.png\"\n\t\t\t\t>\n\t\t\t<\/picture>\n\t\t<\/a>\n\t<\/p>\n\n\n<p>O valor representa um recuo de 0,6 p.p. em rela\u00e7\u00e3o ao primeiro trimestre do ano. J\u00e1 em igual per\u00edodo de 2020, a taxa de desemprego medida pela <strong>Pnad Cont\u00ednua<\/strong> estava em 13,3%.<\/p>\n<p>O resultado apresentado pelo IBGE veio\u00a0no piso das expectativas dos analistas ouvidos pelo <i>Proje\u00e7\u00f5es Broadcast<\/i>, que estimavam uma taxa de desemprego entre 14,1% e 14,8%, com mediana de 14,5%.<\/p>\n<p>Entretanto, mesmo com a diminui\u00e7\u00e3o da taxa no trimestre, a <strong>popula\u00e7\u00e3o desocupada<\/strong> do Pa\u00eds se manteve est\u00e1vel\u00a0 em 14,4 milh\u00f5es de pessoas, quando comparada com o per\u00edodo anterior. Em rela\u00e7\u00e3o ao mesmo per\u00edodo de 2020, quando somava 12,8 milh\u00f5es de pessoas desocupadas, o aumentou foi de 12,9%.<\/p>\n<h2>Aumento na ocupa\u00e7\u00e3o, mas queda na renda<\/h2>\n<p>O recuo observado na taxa de desemprego teve como influencia o\u00a0aumento no n\u00famero de pessoas ocupadas (87,8 milh\u00f5es), que avan\u00e7ou 2,5%, somando mais 2,1 milh\u00f5es entre abril e junho. Com isso, o <strong>n\u00edvel de ocupa\u00e7\u00e3o<\/strong> subiu 1,2 ponto percentual para 49,6%.<\/p>\n<p>Contudo, o n\u00famero ainda indica que menos da metade da popula\u00e7\u00e3o em idade para trabalhar est\u00e1 ocupada no pa\u00eds.<\/p>\n\t<p>\n\t\t<a href=\"https:\/\/lp.suno.com.br\/planilha-da-vida-financeira\/\" target=\"_blank\" data-element=\"shortcode-suno-banner\" title=\"Banner SUNO, clique e saiba mais\">\n\t\t\t<picture>\n\t\t\t\t<source media=\"(max-width: 500px)\" srcset=\"https:\/\/files.sunoresearch.com.br\/n\/uploads\/2023\/04\/400x300-Planilha-vida-financeira-true.png\">\n\t\t\t\t<img class=\"newsContent__article__imgCapa newsContent__article__imgCapa--banner\"\n\t\t\t\t\tsrc=\"https:\/\/files.sunoresearch.com.br\/n\/uploads\/2023\/04\/1420x240-Planilha-vida-financeira-true.png\"\n\t\t\t\t\tdata-promo-id=\"106682\"\t\t\t\t\t\t\t\t\t\twidth='1420' height='240'\t\t\t\t\talt=\"https:\/\/files.sunoresearch.com.br\/n\/uploads\/2023\/04\/1420x240-Planilha-vida-financeira-true.png\"\n\t\t\t\t>\n\t\t\t<\/picture>\n\t\t<\/a>\n\t<\/p>\n\n\n<p>\u201cO crescimento da ocupa\u00e7\u00e3o ocorreu em v\u00e1rias formas de trabalho. At\u00e9 ent\u00e3o v\u00ednhamos observando aumentos no trabalho por conta pr\u00f3pria e no emprego sem carteira assinada, mas pouca movimenta\u00e7\u00e3o do emprego com carteira&#8221;, explica a analista da pesquisado IBGE, Adriana Beringuy.<\/p>\n<p>No segundo trimestre, por\u00e9m, a taxa de desemprego melhorou porque houve um movimento positivo, com crescimento de 618 mil pessoas a mais no contingente de empregados com <strong>carteira de trabalho assinada<\/strong>.<\/p>\n<p>A <strong>renda m\u00e9dia<\/strong> real do trabalhador foi de R$ 2.515,00 no trimestre encerrado em junho. O resultado representa queda de 6,6% em rela\u00e7\u00e3o ao mesmo per\u00edodo do ano anterior.<\/p>\n<p>A massa de renda real habitual paga aos ocupados somou R$ 215,490 bilh\u00f5es no trimestre at\u00e9 junho, queda de 1,7% ante igual per\u00edodo do ano anterior, informou o <strong>IBGE<\/strong>.<\/p>\n<h2>Taxa de desemprego por outros indicadores<\/h2>\n<p>Os <strong>trabalhadores informais<\/strong>, que incluem aqueles sem carteira assinada (empregados do setor privado ou trabalhadores dom\u00e9sticos), sem CNPJ (empregadores ou empregados por conta pr\u00f3pria) ou trabalhadores sem remunera\u00e7\u00e3o, somaram 35,6 milh\u00f5es de pessoas e uma taxa de 40,6%. No trimestre anterior, a taxa foi de 39,6%, com 34,0 milh\u00f5es de informais. H\u00e1 um ano esse contingente era menor, 30,8 milh\u00f5es e uma taxa de 36,9%.<\/p>\n\t<p>\n\t\t<a href=\"https:\/\/lp.suno.com.br\/ebook-como-analisar-uma-acao\/\" target=\"_blank\" data-element=\"shortcode-suno-banner\" title=\"Banner SUNO, clique e saiba mais\">\n\t\t\t<picture>\n\t\t\t\t<source media=\"(max-width: 500px)\" srcset=\"https:\/\/files.sunoresearch.com.br\/n\/uploads\/2023\/03\/Ebook-Acoes-Mobile-1.jpg\">\n\t\t\t\t<img class=\"newsContent__article__imgCapa newsContent__article__imgCapa--banner\"\n\t\t\t\t\tsrc=\"https:\/\/files.sunoresearch.com.br\/n\/uploads\/2023\/03\/Ebook-Acoes-Desktop-1.jpg\"\n\t\t\t\t\tdata-promo-id=\"171998\"\t\t\t\t\t\t\t\t\t\twidth='1420' height='286'\t\t\t\t\talt=\"https:\/\/files.sunoresearch.com.br\/n\/uploads\/2023\/03\/Ebook-Acoes-Desktop-1.jpg\"\n\t\t\t\t>\n\t\t\t<\/picture>\n\t\t<\/a>\n\t<\/p>\n\n\n<p>J\u00e1 os <strong>trabalhadores subocupados<\/strong>, aqueles que trabalham menos horas do que poderiam trabalhar, chegou a um n\u00famero recorde de 7,5 milh\u00f5es de pessoas, um aumento de 7,3%, com mais 511 mil pessoas. Em rela\u00e7\u00e3o ao mesmo trimestre do ano anterior, o indicador subiu 34,4%, quando havia no pa\u00eds 5,6 milh\u00f5es de pessoas subocupadas.<\/p>\n<p>Os <strong>desalentados<\/strong>, pessoas que desistiram de procurar trabalho devido \u00e0s condi\u00e7\u00f5es estruturais do mercado, reduziram em 6,5%, somando 5,6 milh\u00f5es, em rela\u00e7\u00e3o ao primeiro trimestre do ano. Mas esse contingente permanece est\u00e1vel na compara\u00e7\u00e3o com o segundo trimestre do ano passado.<\/p>\n<p>O contingente de pessoas subutilizadas, aquelas desocupadas, subocupadas ou na for\u00e7a de trabalho potencial, foi de 32,2 milh\u00f5es, uma redu\u00e7\u00e3o de 3,0% em rela\u00e7\u00e3o ao primeiro trimestre (33,2 milh\u00f5es). A taxa composta de subutiliza\u00e7\u00e3o foi de 28,6%.<\/p>\n\t<p>\n\t\t<a href=\"https:\/\/lp.suno.com.br\/planilha-de-controle-de-investimentos\/\" target=\"_blank\" data-element=\"shortcode-suno-banner\" title=\"Banner SUNO, clique e saiba mais\">\n\t\t\t<picture>\n\t\t\t\t<source media=\"(max-width: 500px)\" srcset=\"https:\/\/files.sunoresearch.com.br\/n\/uploads\/2023\/03\/400x300-Controle-de-Investimentos.png\">\n\t\t\t\t<img class=\"newsContent__article__imgCapa newsContent__article__imgCapa--banner\"\n\t\t\t\t\tsrc=\"https:\/\/files.sunoresearch.com.br\/n\/uploads\/2023\/03\/1420x240-Controle-de-Investimentos.png\"\n\t\t\t\t\tdata-promo-id=\"75934\"\t\t\t\t\t\t\t\t\t\twidth='1420' height='240'\t\t\t\t\talt=\"https:\/\/files.sunoresearch.com.br\/n\/uploads\/2023\/03\/1420x240-Controle-de-Investimentos.png\"\n\t\t\t\t>\n\t\t\t<\/picture>\n\t\t<\/a>\n\t<\/p>\n\n\n<p><em>Com informa\u00e7\u00f5es de Estad\u00e3o Conte\u00fado e Ag\u00eancia de Not\u00edcias do IBGE.\u00a0<\/em><\/p>\n","protected":false},"excerpt":{"rendered":"<p>A taxa de desemprego no Brasil ficou em 14,1% no trimestre encerrado em junho, de acordo com os dados da Pnad Cont\u00ednua, divulgados nesta ter\u00e7a-feira (31) pelo IBGE. Taxa de desemprego recua 8,9% no trimestre. Foto: reprodu\u00e7\u00e3o. O valor representa um recuo de 0,6 p.p. em rela\u00e7\u00e3o ao primeiro trimestre do ano. J\u00e1 em igual [&hellip;]<\/p>\n","protected":false},"author":102,"featured_media":35910,"comment_status":"closed","ping_status":"closed","sticky":false,"template":"","format":"standard","meta":[],"categories":[62],"tags":[1296,821,1191],"suno_strategy":[],"class_list":["post-179691","post","type-post","status-publish","format-standard","has-post-thumbnail","hentry","category-economia","tag-desemprego","tag-ibge","tag-pnad"],"yoast_head":"<!-- This site is optimized with the Yoast SEO plugin v24.4 - https:\/\/yoast.com\/wordpress\/plugins\/seo\/ -->\n<title>Taxa de desemprego recua para 14,1% no 2\u00ba trimestre, afirma IBGE<\/title>\n<meta name=\"description\" content=\"A taxa de desemprego recuou 0,6 p.p. no trimestre encerrado em junho, informa o IBGE. Veja outros indicadores de desemprego aqui.\" \/>\n<meta name=\"robots\" content=\"index, follow, max-snippet:-1, max-image-preview:large, max-video-preview:-1\" \/>\n<link rel=\"canonical\" href=\"https:\/\/www.suno.com.br\/noticias\/taxa-de-desemprego-recua-para-141-no-2o-trimestre-afirma-ibge\/\" \/>\n<meta property=\"og:locale\" content=\"pt_BR\" \/>\n<meta property=\"og:type\" content=\"article\" \/>\n<meta property=\"og:title\" content=\"Taxa de desemprego recua para 14,1% no 2\u00ba trimestre, afirma IBGE\" \/>\n<meta property=\"og:description\" content=\"A taxa de desemprego recuou 0,6 p.p. no trimestre encerrado em junho, informa o IBGE. Veja outros indicadores de desemprego aqui.\" \/>\n<meta property=\"og:url\" content=\"https:\/\/www.suno.com.br\/noticias\/taxa-de-desemprego-recua-para-141-no-2o-trimestre-afirma-ibge\/\" \/>\n<meta property=\"og:site_name\" content=\"Suno Not\u00edcias\" \/>\n<meta property=\"article:publisher\" content=\"https:\/\/facebook.com\/sunoresearch\" \/>\n<meta property=\"og:image\" content=\"https:\/\/files.sunoresearch.com.br\/n\/uploads\/2019\/08\/83d6b7aa-desemprego.jpeg\" \/>\n\t<meta property=\"og:image:width\" content=\"1400\" \/>\n\t<meta property=\"og:image:height\" content=\"960\" \/>\n\t<meta property=\"og:image:type\" content=\"image\/jpeg\" \/>\n<meta name=\"author\" content=\"Monique Lima\" \/>\n<meta name=\"twitter:card\" content=\"summary_large_image\" \/>\n<meta name=\"twitter:creator\" content=\"@sunoresearch\" \/>\n<meta name=\"twitter:site\" content=\"@sunoresearch\" \/>\n<meta name=\"twitter:label1\" content=\"Escrito por\" \/>\n\t<meta name=\"twitter:data1\" content=\"Monique Lima\" \/>\n\t<meta name=\"twitter:label2\" content=\"Est. tempo de leitura\" \/>\n\t<meta name=\"twitter:data2\" content=\"3 minutos\" \/>\n<script type=\"application\/ld+json\" class=\"yoast-schema-graph\">{\"@context\":\"https:\/\/schema.org\",\"@graph\":[{\"@type\":\"NewsArticle\",\"@id\":\"https:\/\/www.suno.com.br\/noticias\/taxa-de-desemprego-recua-para-141-no-2o-trimestre-afirma-ibge\/#article\",\"isPartOf\":{\"@id\":\"https:\/\/www.suno.com.br\/noticias\/taxa-de-desemprego-recua-para-141-no-2o-trimestre-afirma-ibge\/\"},\"author\":{\"name\":\"Monique Lima\",\"@id\":\"https:\/\/www.suno.com.br\/noticias\/#\/schema\/person\/d712329319cc9b10f254d02d654cb36a\"},\"headline\":\"Taxa de desemprego recua para 14,1% no 2\u00ba trimestre, afirma IBGE\",\"datePublished\":\"2021-08-31T13:17:10+00:00\",\"mainEntityOfPage\":{\"@id\":\"https:\/\/www.suno.com.br\/noticias\/taxa-de-desemprego-recua-para-141-no-2o-trimestre-afirma-ibge\/\"},\"wordCount\":595,\"publisher\":{\"@id\":\"https:\/\/www.suno.com.br\/noticias\/#organization\"},\"image\":{\"@id\":\"https:\/\/www.suno.com.br\/noticias\/taxa-de-desemprego-recua-para-141-no-2o-trimestre-afirma-ibge\/#primaryimage\"},\"thumbnailUrl\":\"https:\/\/files.sunoresearch.com.br\/n\/uploads\/2019\/08\/83d6b7aa-desemprego-jpeg.webp\",\"keywords\":[\"Desemprego\",\"IBGE\",\"PNAD\"],\"articleSection\":[\"Economia\"],\"inLanguage\":\"pt-BR\"},{\"@type\":\"WebPage\",\"@id\":\"https:\/\/www.suno.com.br\/noticias\/taxa-de-desemprego-recua-para-141-no-2o-trimestre-afirma-ibge\/\",\"url\":\"https:\/\/www.suno.com.br\/noticias\/taxa-de-desemprego-recua-para-141-no-2o-trimestre-afirma-ibge\/\",\"name\":\"Taxa de desemprego recua para 14,1% no 2\u00ba trimestre, afirma IBGE\",\"isPartOf\":{\"@id\":\"https:\/\/www.suno.com.br\/noticias\/#website\"},\"primaryImageOfPage\":{\"@id\":\"https:\/\/www.suno.com.br\/noticias\/taxa-de-desemprego-recua-para-141-no-2o-trimestre-afirma-ibge\/#primaryimage\"},\"image\":{\"@id\":\"https:\/\/www.suno.com.br\/noticias\/taxa-de-desemprego-recua-para-141-no-2o-trimestre-afirma-ibge\/#primaryimage\"},\"thumbnailUrl\":\"https:\/\/files.sunoresearch.com.br\/n\/uploads\/2019\/08\/83d6b7aa-desemprego-jpeg.webp\",\"datePublished\":\"2021-08-31T13:17:10+00:00\",\"description\":\"A taxa de desemprego recuou 0,6 p.p. no trimestre encerrado em junho, informa o IBGE. Veja outros indicadores de desemprego aqui.\",\"breadcrumb\":{\"@id\":\"https:\/\/www.suno.com.br\/noticias\/taxa-de-desemprego-recua-para-141-no-2o-trimestre-afirma-ibge\/#breadcrumb\"},\"inLanguage\":\"pt-BR\",\"potentialAction\":[{\"@type\":\"ReadAction\",\"target\":[\"https:\/\/www.suno.com.br\/noticias\/taxa-de-desemprego-recua-para-141-no-2o-trimestre-afirma-ibge\/\"]}]},{\"@type\":\"ImageObject\",\"inLanguage\":\"pt-BR\",\"@id\":\"https:\/\/www.suno.com.br\/noticias\/taxa-de-desemprego-recua-para-141-no-2o-trimestre-afirma-ibge\/#primaryimage\",\"url\":\"https:\/\/files.sunoresearch.com.br\/n\/uploads\/2019\/08\/83d6b7aa-desemprego-jpeg.webp\",\"contentUrl\":\"https:\/\/files.sunoresearch.com.br\/n\/uploads\/2019\/08\/83d6b7aa-desemprego-jpeg.webp\",\"width\":1400,\"height\":960,\"caption\":\"Taxa de desemprego recua 8,9% no trimestre. Foto: reprodu\u00e7\u00e3o.\"},{\"@type\":\"BreadcrumbList\",\"@id\":\"https:\/\/www.suno.com.br\/noticias\/taxa-de-desemprego-recua-para-141-no-2o-trimestre-afirma-ibge\/#breadcrumb\",\"itemListElement\":[{\"@type\":\"ListItem\",\"position\":1,\"name\":\"Not\u00edcias\",\"item\":\"https:\/\/www.suno.com.br\/noticias\/\"},{\"@type\":\"ListItem\",\"position\":2,\"name\":\"Economia\",\"item\":\"https:\/\/www.suno.com.br\/noticias\/economia\/\"},{\"@type\":\"ListItem\",\"position\":3,\"name\":\"Taxa de desemprego recua para 14,1% no 2\u00ba trimestre, afirma IBGE\"}]},{\"@type\":\"WebSite\",\"@id\":\"https:\/\/www.suno.com.br\/noticias\/#website\",\"url\":\"https:\/\/www.suno.com.br\/noticias\/\",\"name\":\"Suno Not\u00edcias\",\"description\":\"Seu portal de informa\u00e7\u00e3o sobre o mundo dos investimentos\",\"publisher\":{\"@id\":\"https:\/\/www.suno.com.br\/noticias\/#organization\"},\"potentialAction\":[{\"@type\":\"SearchAction\",\"target\":{\"@type\":\"EntryPoint\",\"urlTemplate\":\"https:\/\/www.suno.com.br\/noticias\/?s={search_term_string}\"},\"query-input\":{\"@type\":\"PropertyValueSpecification\",\"valueRequired\":true,\"valueName\":\"search_term_string\"}}],\"inLanguage\":\"pt-BR\"},{\"@type\":\"Organization\",\"@id\":\"https:\/\/www.suno.com.br\/noticias\/#organization\",\"name\":\"Suno Not\u00edcias\",\"url\":\"https:\/\/www.suno.com.br\/noticias\/\",\"logo\":{\"@type\":\"ImageObject\",\"inLanguage\":\"pt-BR\",\"@id\":\"https:\/\/www.suno.com.br\/noticias\/#\/schema\/logo\/image\/\",\"url\":\"https:\/\/files.sunoresearch.com.br\/n\/uploads\/2021\/09\/suno-logo.png\",\"contentUrl\":\"https:\/\/files.sunoresearch.com.br\/n\/uploads\/2021\/09\/suno-logo.png\",\"width\":180,\"height\":180,\"caption\":\"Suno Not\u00edcias\"},\"image\":{\"@id\":\"https:\/\/www.suno.com.br\/noticias\/#\/schema\/logo\/image\/\"},\"sameAs\":[\"https:\/\/facebook.com\/sunoresearch\",\"https:\/\/x.com\/sunoresearch\",\"https:\/\/www.instagram.com\/suno\",\"https:\/\/www.linkedin.com\/company\/suno-research\/\",\"https:\/\/www.youtube.com\/c\/sunoresearch\"]},{\"@type\":\"Person\",\"@id\":\"https:\/\/www.suno.com.br\/noticias\/#\/schema\/person\/d712329319cc9b10f254d02d654cb36a\",\"name\":\"Monique Lima\",\"image\":{\"@type\":\"ImageObject\",\"inLanguage\":\"pt-BR\",\"@id\":\"https:\/\/www.suno.com.br\/noticias\/#\/schema\/person\/image\/\",\"url\":\"https:\/\/secure.gravatar.com\/avatar\/daee7f16d906c2e9ffed236206ca2c30?s=96&r=g\",\"contentUrl\":\"https:\/\/secure.gravatar.com\/avatar\/daee7f16d906c2e9ffed236206ca2c30?s=96&r=g\",\"caption\":\"Monique Lima\"},\"description\":\"Rep\u00f3rter de Mercado no Suno Not\u00edcias, \u00e9 jornalista com experi\u00eancia na cobertura de economia, empreendedorismo, finan\u00e7as pessoais, mercado financeiro, carreira e recursos humanos. Formada em Jornalismo pela Universidade Paulista, teve experi\u00eancias em ve\u00edculos de comunica\u00e7\u00e3o como a Ag\u00eancia TradeMap, Revista Voc\u00ea S\/A e Revista Voc\u00ea RH, as duas \u00faltimas publica\u00e7\u00f5es da Editora Abril. No Suno Not\u00edcias, fala sobre as principais not\u00edcias de Fundos Imobili\u00e1rios, Fiagro, Startups e empresas listadas na Bolsa.\",\"url\":\"https:\/\/www.suno.com.br\/noticias\/author\/monique-lima\/\"}]}<\/script>\n<!-- \/ Yoast SEO plugin. -->","yoast_head_json":{"title":"Taxa de desemprego recua para 14,1% no 2\u00ba trimestre, afirma IBGE","description":"A taxa de desemprego recuou 0,6 p.p. no trimestre encerrado em junho, informa o IBGE. Veja outros indicadores de desemprego aqui.","robots":{"index":"index","follow":"follow","max-snippet":"max-snippet:-1","max-image-preview":"max-image-preview:large","max-video-preview":"max-video-preview:-1"},"canonical":"https:\/\/www.suno.com.br\/noticias\/taxa-de-desemprego-recua-para-141-no-2o-trimestre-afirma-ibge\/","og_locale":"pt_BR","og_type":"article","og_title":"Taxa de desemprego recua para 14,1% no 2\u00ba trimestre, afirma IBGE","og_description":"A taxa de desemprego recuou 0,6 p.p. no trimestre encerrado em junho, informa o IBGE. Veja outros indicadores de desemprego aqui.","og_url":"https:\/\/www.suno.com.br\/noticias\/taxa-de-desemprego-recua-para-141-no-2o-trimestre-afirma-ibge\/","og_site_name":"Suno Not\u00edcias","article_publisher":"https:\/\/facebook.com\/sunoresearch","og_image":[{"width":1400,"height":960,"url":"https:\/\/files.sunoresearch.com.br\/n\/uploads\/2019\/08\/83d6b7aa-desemprego.jpeg","type":"image\/jpeg"}],"author":"Monique Lima","twitter_card":"summary_large_image","twitter_creator":"@sunoresearch","twitter_site":"@sunoresearch","twitter_misc":{"Escrito por":"Monique Lima","Est. tempo de leitura":"3 minutos"},"schema":{"@context":"https:\/\/schema.org","@graph":[{"@type":"NewsArticle","@id":"https:\/\/www.suno.com.br\/noticias\/taxa-de-desemprego-recua-para-141-no-2o-trimestre-afirma-ibge\/#article","isPartOf":{"@id":"https:\/\/www.suno.com.br\/noticias\/taxa-de-desemprego-recua-para-141-no-2o-trimestre-afirma-ibge\/"},"author":{"name":"Monique Lima","@id":"https:\/\/www.suno.com.br\/noticias\/#\/schema\/person\/d712329319cc9b10f254d02d654cb36a"},"headline":"Taxa de desemprego recua para 14,1% no 2\u00ba trimestre, afirma IBGE","datePublished":"2021-08-31T13:17:10+00:00","mainEntityOfPage":{"@id":"https:\/\/www.suno.com.br\/noticias\/taxa-de-desemprego-recua-para-141-no-2o-trimestre-afirma-ibge\/"},"wordCount":595,"publisher":{"@id":"https:\/\/www.suno.com.br\/noticias\/#organization"},"image":{"@id":"https:\/\/www.suno.com.br\/noticias\/taxa-de-desemprego-recua-para-141-no-2o-trimestre-afirma-ibge\/#primaryimage"},"thumbnailUrl":"https:\/\/files.sunoresearch.com.br\/n\/uploads\/2019\/08\/83d6b7aa-desemprego-jpeg.webp","keywords":["Desemprego","IBGE","PNAD"],"articleSection":["Economia"],"inLanguage":"pt-BR"},{"@type":"WebPage","@id":"https:\/\/www.suno.com.br\/noticias\/taxa-de-desemprego-recua-para-141-no-2o-trimestre-afirma-ibge\/","url":"https:\/\/www.suno.com.br\/noticias\/taxa-de-desemprego-recua-para-141-no-2o-trimestre-afirma-ibge\/","name":"Taxa de desemprego recua para 14,1% no 2\u00ba trimestre, afirma IBGE","isPartOf":{"@id":"https:\/\/www.suno.com.br\/noticias\/#website"},"primaryImageOfPage":{"@id":"https:\/\/www.suno.com.br\/noticias\/taxa-de-desemprego-recua-para-141-no-2o-trimestre-afirma-ibge\/#primaryimage"},"image":{"@id":"https:\/\/www.suno.com.br\/noticias\/taxa-de-desemprego-recua-para-141-no-2o-trimestre-afirma-ibge\/#primaryimage"},"thumbnailUrl":"https:\/\/files.sunoresearch.com.br\/n\/uploads\/2019\/08\/83d6b7aa-desemprego-jpeg.webp","datePublished":"2021-08-31T13:17:10+00:00","description":"A taxa de desemprego recuou 0,6 p.p. no trimestre encerrado em junho, informa o IBGE. Veja outros indicadores de desemprego aqui.","breadcrumb":{"@id":"https:\/\/www.suno.com.br\/noticias\/taxa-de-desemprego-recua-para-141-no-2o-trimestre-afirma-ibge\/#breadcrumb"},"inLanguage":"pt-BR","potentialAction":[{"@type":"ReadAction","target":["https:\/\/www.suno.com.br\/noticias\/taxa-de-desemprego-recua-para-141-no-2o-trimestre-afirma-ibge\/"]}]},{"@type":"ImageObject","inLanguage":"pt-BR","@id":"https:\/\/www.suno.com.br\/noticias\/taxa-de-desemprego-recua-para-141-no-2o-trimestre-afirma-ibge\/#primaryimage","url":"https:\/\/files.sunoresearch.com.br\/n\/uploads\/2019\/08\/83d6b7aa-desemprego-jpeg.webp","contentUrl":"https:\/\/files.sunoresearch.com.br\/n\/uploads\/2019\/08\/83d6b7aa-desemprego-jpeg.webp","width":1400,"height":960,"caption":"Taxa de desemprego recua 8,9% no trimestre. Foto: reprodu\u00e7\u00e3o."},{"@type":"BreadcrumbList","@id":"https:\/\/www.suno.com.br\/noticias\/taxa-de-desemprego-recua-para-141-no-2o-trimestre-afirma-ibge\/#breadcrumb","itemListElement":[{"@type":"ListItem","position":1,"name":"Not\u00edcias","item":"https:\/\/www.suno.com.br\/noticias\/"},{"@type":"ListItem","position":2,"name":"Economia","item":"https:\/\/www.suno.com.br\/noticias\/economia\/"},{"@type":"ListItem","position":3,"name":"Taxa de desemprego recua para 14,1% no 2\u00ba trimestre, afirma IBGE"}]},{"@type":"WebSite","@id":"https:\/\/www.suno.com.br\/noticias\/#website","url":"https:\/\/www.suno.com.br\/noticias\/","name":"Suno Not\u00edcias","description":"Seu portal de informa\u00e7\u00e3o sobre o mundo dos investimentos","publisher":{"@id":"https:\/\/www.suno.com.br\/noticias\/#organization"},"potentialAction":[{"@type":"SearchAction","target":{"@type":"EntryPoint","urlTemplate":"https:\/\/www.suno.com.br\/noticias\/?s={search_term_string}"},"query-input":{"@type":"PropertyValueSpecification","valueRequired":true,"valueName":"search_term_string"}}],"inLanguage":"pt-BR"},{"@type":"Organization","@id":"https:\/\/www.suno.com.br\/noticias\/#organization","name":"Suno Not\u00edcias","url":"https:\/\/www.suno.com.br\/noticias\/","logo":{"@type":"ImageObject","inLanguage":"pt-BR","@id":"https:\/\/www.suno.com.br\/noticias\/#\/schema\/logo\/image\/","url":"https:\/\/files.sunoresearch.com.br\/n\/uploads\/2021\/09\/suno-logo.png","contentUrl":"https:\/\/files.sunoresearch.com.br\/n\/uploads\/2021\/09\/suno-logo.png","width":180,"height":180,"caption":"Suno Not\u00edcias"},"image":{"@id":"https:\/\/www.suno.com.br\/noticias\/#\/schema\/logo\/image\/"},"sameAs":["https:\/\/facebook.com\/sunoresearch","https:\/\/x.com\/sunoresearch","https:\/\/www.instagram.com\/suno","https:\/\/www.linkedin.com\/company\/suno-research\/","https:\/\/www.youtube.com\/c\/sunoresearch"]},{"@type":"Person","@id":"https:\/\/www.suno.com.br\/noticias\/#\/schema\/person\/d712329319cc9b10f254d02d654cb36a","name":"Monique Lima","image":{"@type":"ImageObject","inLanguage":"pt-BR","@id":"https:\/\/www.suno.com.br\/noticias\/#\/schema\/person\/image\/","url":"https:\/\/secure.gravatar.com\/avatar\/daee7f16d906c2e9ffed236206ca2c30?s=96&r=g","contentUrl":"https:\/\/secure.gravatar.com\/avatar\/daee7f16d906c2e9ffed236206ca2c30?s=96&r=g","caption":"Monique Lima"},"description":"Rep\u00f3rter de Mercado no Suno Not\u00edcias, \u00e9 jornalista com experi\u00eancia na cobertura de economia, empreendedorismo, finan\u00e7as pessoais, mercado financeiro, carreira e recursos humanos. Formada em Jornalismo pela Universidade Paulista, teve experi\u00eancias em ve\u00edculos de comunica\u00e7\u00e3o como a Ag\u00eancia TradeMap, Revista Voc\u00ea S\/A e Revista Voc\u00ea RH, as duas \u00faltimas publica\u00e7\u00f5es da Editora Abril. No Suno Not\u00edcias, fala sobre as principais not\u00edcias de Fundos Imobili\u00e1rios, Fiagro, Startups e empresas listadas na Bolsa.","url":"https:\/\/www.suno.com.br\/noticias\/author\/monique-lima\/"}]}},"default_loop_html":"<div class=\"cardsPage__listCard__boxs\"><div class=\"cardsPage__listCard__boxs__img\"><a href=\"https:\/\/www.suno.com.br\/noticias\/taxa-de-desemprego-recua-para-141-no-2o-trimestre-afirma-ibge\/\"><img class=\"mask\" src=\"https:\/\/www.suno.com.br\/noticias\/wp-content\/themes\/suno\/resources\/images\/spotlight\/spotlight1img\/bg-mask.png\" alt=\"Image Mask\"\/><img src=\"https:\/\/files.sunoresearch.com.br\/n\/uploads\/2019\/08\/83d6b7aa-desemprego-400x200.webp\" alt=\"Taxa de desemprego recua para 14,1% no 2\u00ba trimestre, afirma IBGE\"\/><\/a><span class=\"spotlightCategory\"><a href=\"https:\/\/www.suno.com.br\/noticias\/economia\/\">Economia<\/a><\/span><\/div><div class=\"cardsPage__listCard__boxs__content\"><a href=\"https:\/\/www.suno.com.br\/noticias\/taxa-de-desemprego-recua-para-141-no-2o-trimestre-afirma-ibge\/\"><h2 class=\"content__title\">Taxa de desemprego recua para 14,1% no 2\u00ba trimestre, afirma IBGE<\/h2><\/a><div class=\"newsContent__article__meta\"><div class=\"newsContent__article__meta__authorBox\"><a href=\"https:\/\/www.suno.com.br\/noticias\/author\/monique-lima\/\" class=\"authorBox__avatar noMobi\"><img src=\"https:\/\/secure.gravatar.com\/avatar\/daee7f16d906c2e9ffed236206ca2c30?s=96&#038;r=g\" alt=\"Monique Lima\"><\/a><div class=\"authorBox__name\"><span>por\n\t\t\t<a href=\"https:\/\/www.suno.com.br\/noticias\/author\/monique-lima\/\"><span itemprop=\"author\">Monique Lima<\/span><\/a><\/span><time datetime=\"2021-08-31T10:17:10-03:00\" itemprop=\"datePublished\">31\/08\/2021 10:17<\/time><\/div><\/div><\/div><\/div><\/div>","single_layout":"posts","amp_enabled":true,"_links":{"self":[{"href":"https:\/\/www.suno.com.br\/noticias\/wp-json\/wp\/v2\/posts\/179691"}],"collection":[{"href":"https:\/\/www.suno.com.br\/noticias\/wp-json\/wp\/v2\/posts"}],"about":[{"href":"https:\/\/www.suno.com.br\/noticias\/wp-json\/wp\/v2\/types\/post"}],"author":[{"embeddable":true,"href":"https:\/\/www.suno.com.br\/noticias\/wp-json\/wp\/v2\/users\/102"}],"replies":[{"embeddable":true,"href":"https:\/\/www.suno.com.br\/noticias\/wp-json\/wp\/v2\/comments?post=179691"}],"version-history":[{"count":2,"href":"https:\/\/www.suno.com.br\/noticias\/wp-json\/wp\/v2\/posts\/179691\/revisions"}],"predecessor-version":[{"id":179720,"href":"https:\/\/www.suno.com.br\/noticias\/wp-json\/wp\/v2\/posts\/179691\/revisions\/179720"}],"wp:featuredmedia":[{"embeddable":true,"href":"https:\/\/www.suno.com.br\/noticias\/wp-json\/wp\/v2\/media\/35910"}],"wp:attachment":[{"href":"https:\/\/www.suno.com.br\/noticias\/wp-json\/wp\/v2\/media?parent=179691"}],"wp:term":[{"taxonomy":"category","embeddable":true,"href":"https:\/\/www.suno.com.br\/noticias\/wp-json\/wp\/v2\/categories?post=179691"},{"taxonomy":"post_tag","embeddable":true,"href":"https:\/\/www.suno.com.br\/noticias\/wp-json\/wp\/v2\/tags?post=179691"},{"taxonomy":"suno_strategy","embeddable":true,"href":"https:\/\/www.suno.com.br\/noticias\/wp-json\/wp\/v2\/suno_strategy?post=179691"}],"curies":[{"name":"wp","href":"https:\/\/api.w.org\/{rel}","templated":true}]}}