{"id":179676,"date":"2021-08-31T09:48:07","date_gmt":"2021-08-31T12:48:07","guid":{"rendered":"https:\/\/www.suno.com.br\/noticias\/?p=179676"},"modified":"2021-08-31T09:48:07","modified_gmt":"2021-08-31T12:48:07","slug":"via-viia3-ativa-recomenda-compra-valorizacao-74-preco-alvo","status":"publish","type":"post","link":"https:\/\/www.suno.com.br\/noticias\/via-viia3-ativa-recomenda-compra-valorizacao-74-preco-alvo\/","title":{"rendered":"Via (VIIA3): Ativa recomenda compra, com valoriza\u00e7\u00e3o de 74% no pre\u00e7o-alvo"},"content":{"rendered":"<p>Para a Ativa Investimentos, a <a href=\"https:\/\/www.suno.com.br\/acoes\/vvar3\/\" target=\"_blank\" rel=\"noopener\"><strong>Via<\/strong> (VIIA3)<\/a> est\u00e1 passando por um processo de <em>turnaround<\/em>, no qual a varejista est\u00e1 reestruturando seu neg\u00f3cio para aumentar seu valor e voltar para o caminho certo. \u00c9 isso que diz o \u00faltimo relat\u00f3rio de recomenda\u00e7\u00e3o da corretora, divulgado na segunda-feira (30).<\/p>\t<div class=\"wrapper-featured-image\">\n\t\t<figure class=\"spotlightImg\">\n\n\t\t\t<picture>\n\t\t\t\t<source media=\"(max-width: 768px)\" srcset=\"https:\/\/files.sunoresearch.com.br\/n\/uploads\/2021\/07\/c304d3c7-via-vvar3-centro-distribuicao-400x200.jpg\">\n\t\t\t\t<img loading=\"lazy\" decoding=\"async\" class=\"newsContent__article__imgCapa lazyloadDisabled \" src=\"https:\/\/files.sunoresearch.com.br\/n\/uploads\/2021\/07\/c304d3c7-via-vvar3-centro-distribuicao-800x450.jpg\" width=\"800\" height=\"450\" alt=\"Via (VIIA3): Ativa recomenda compra, com valoriza\u00e7\u00e3o de 74% no pre\u00e7o-alvo\" fetchpriority=high \/>\n\t\t\t<\/picture>\n\n\t\t\t<figcaption class=\"wp-caption-text wp-caption-text--show\">Centro de distribui\u00e7\u00e3o da Via Varejo. Foto: Divulga\u00e7\u00e3o Via <\/figcaption>\n\t\t<\/figure>\n\t<\/div>\n\n\n\t<p>\n\t\t<a href=\"https:\/\/lp.suno.com.br\/planilha-controle-gastos\/\" target=\"_blank\" data-element=\"shortcode-suno-banner\" title=\"Banner SUNO, clique e saiba mais\">\n\t\t\t<picture>\n\t\t\t\t<source media=\"(max-width: 500px)\" srcset=\"https:\/\/files.sunoresearch.com.br\/n\/uploads\/2023\/03\/400x300-Planilha-controle-de-gastos.png\">\n\t\t\t\t<img class=\"newsContent__article__imgCapa newsContent__article__imgCapa--banner\"\n\t\t\t\t\tsrc=\"https:\/\/files.sunoresearch.com.br\/n\/uploads\/2023\/03\/1420x240-Planilha-controle-de-gastos.png\"\n\t\t\t\t\tdata-promo-id=\"101751\"\t\t\t\t\t\t\t\t\t\twidth='1420' height='240'\t\t\t\t\talt=\"https:\/\/files.sunoresearch.com.br\/n\/uploads\/2023\/03\/1420x240-Planilha-controle-de-gastos.png\"\n\t\t\t\t>\n\t\t\t<\/picture>\n\t\t<\/a>\n\t<\/p>\n\n\n<p>&#8220;Destacamos o robusto desempenho dos <strong>canais digitais da Via<\/strong> nos \u00faltimos trimestres, que, a despeito dos desafios a serem enfrentados no ambiente competitivo do e-commerce, posicionam a companhia para capturar um novo ciclo de crescimento&#8221;, diz a Ativa.<\/p>\n<p>A corretora acredita que a varejista est\u00e1 em posi\u00e7\u00e3o de destaque no varejo f\u00edsico e ampliando sua participa\u00e7\u00e3o no canal digital, onde ainda est\u00e1 atr\u00e1s dos concorrentes. Por isso &#8220;acreditamos que a companhia deve come\u00e7ar a operar com m\u00faltiplos menos descontados, nos levando a reiterar nossa <strong>recomenda\u00e7\u00e3o de compra<\/strong>&#8220;, diz relat\u00f3rio.<\/p>\n\t<div data-element=\"shortcode-read-more\" class=\"knowMore\">\n\t\t\t\t<a class=\"knowMore__link\" href=\"https:\/\/www.suno.com.br\/noticias\/via-vvar3-resultado-2t21-expectativa\/\">\n\t\t\tVia (VVAR3): resultado trimestral n\u00e3o anima, mas analistas mant\u00eam otimismo\t\t<\/a>\n\t<\/div>\n\n\n<p>A recomenda\u00e7\u00e3o de compra\u00a0considera um <strong>pre\u00e7o-alvo<\/strong> de R$ 18,70, com potencial de valoriza\u00e7\u00e3o dos pap\u00e9is em 73,8%, considerando a <strong>cota\u00e7\u00e3o da Via<\/strong> de R$ 10,76, no fechamento de segunda-feira (30).<\/p>\n<p>&#8220;Nosso pre\u00e7o-alvo atualizado reflete o crescimento de GMV digital menos acentuado da Via em rela\u00e7\u00e3o a seus pares no 2T21.&#8221;<\/p>\n<figure id=\"attachment_179681\" aria-describedby=\"caption-attachment-179681\" style=\"width: 733px\" class=\"wp-caption alignnone\"><img loading=\"lazy\" decoding=\"async\" class=\"size-full wp-image-179681\" src=\"https:\/\/storage.googleapis.com\/wp-noticias\/2021\/08\/b054824c-ativa-viia3.png\" alt=\"Recomenda\u00e7\u00e3o de compra da Ativa para a Via (VIIA3)\" width=\"733\" height=\"402\" srcset=\"https:\/\/files.sunoresearch.com.br\/n\/uploads\/2021\/08\/b054824c-ativa-viia3.png 733w, https:\/\/files.sunoresearch.com.br\/n\/uploads\/2021\/08\/b054824c-ativa-viia3-300x165.png 300w, https:\/\/files.sunoresearch.com.br\/n\/uploads\/2021\/08\/b054824c-ativa-viia3-150x82.png 150w\" sizes=\"(max-width: 733px) 100vw, 733px\" \/><figcaption id=\"caption-attachment-179681\" class=\"wp-caption-text\">Foto: relat\u00f3rio da Ativa<\/figcaption><\/figure>\n<h2>Pontos fortes da Via pela Ativa<\/h2>\n<p>A Ativa destaca que, na parte da digitaliza\u00e7\u00e3o e da omnicanalidade, a estrat\u00e9gia de abertura de lojas f\u00edsicas pela Via \u00e9 um ponto positivo, j\u00e1 que elas funcionam como<a href=\"https:\/\/www.suno.com.br\/noticias\/via-vvar3-logistica-concorrente-4t21\/\" target=\"_blank\" rel=\"noopener\"> hubs de distribui\u00e7\u00e3o em novas regi\u00f5es<\/a>. Com isso, a varejista deve conseguir ampliar e monetizar seu neg\u00f3cio cada vez mais.<\/p>\n\t<p>\n\t\t<a href=\"https:\/\/lp.suno.com.br\/planilha-da-vida-financeira\/\" target=\"_blank\" data-element=\"shortcode-suno-banner\" title=\"Banner SUNO, clique e saiba mais\">\n\t\t\t<picture>\n\t\t\t\t<source media=\"(max-width: 500px)\" srcset=\"https:\/\/files.sunoresearch.com.br\/n\/uploads\/2023\/04\/400x300-Planilha-vida-financeira-true.png\">\n\t\t\t\t<img class=\"newsContent__article__imgCapa newsContent__article__imgCapa--banner\"\n\t\t\t\t\tsrc=\"https:\/\/files.sunoresearch.com.br\/n\/uploads\/2023\/04\/1420x240-Planilha-vida-financeira-true.png\"\n\t\t\t\t\tdata-promo-id=\"106682\"\t\t\t\t\t\t\t\t\t\twidth='1420' height='240'\t\t\t\t\talt=\"https:\/\/files.sunoresearch.com.br\/n\/uploads\/2023\/04\/1420x240-Planilha-vida-financeira-true.png\"\n\t\t\t\t>\n\t\t\t<\/picture>\n\t\t<\/a>\n\t<\/p>\n\n\n<p>Outros pontos de crescimento que est\u00e3o sendo trabalhados pela Via s\u00e3o:<\/p>\n<ul>\n<li>gest\u00e3o do modelo 3P (processo de produ\u00e7\u00e3o do produto),<\/li>\n<li>aumento no n\u00famero de sellers,<\/li>\n<li>SKUs (Unidades de Manuten\u00e7\u00e3o de Estoque, na sigla em ingl\u00eas),<\/li>\n<li>categorias de produtos, e<\/li>\n<li>melhor n\u00edvel de servi\u00e7o dentro da sua plataforma e fora dela \u2013 atrav\u00e9s de seu<br \/>\nbra\u00e7o log\u00edstico.<\/li>\n<\/ul>\n<p>&#8220;Ademais, vemos a companhia \u2013 atrav\u00e9s de seu bra\u00e7o financeiro \u2013 capaz de atingir e surfar um grande mercado<br \/>\nde pessoas desbancarizadas fora das grandes metr\u00f3poles&#8221;, diz relat\u00f3rio. A Ativa v\u00ea a possibilidade de cria\u00e7\u00e3o de um ecossistema financeiro pela Via ao redor dos sellers do marketplace.<\/p>\n\t<p>\n\t\t<a href=\"https:\/\/lp.suno.com.br\/ebook-como-analisar-uma-acao\/\" target=\"_blank\" data-element=\"shortcode-suno-banner\" title=\"Banner SUNO, clique e saiba mais\">\n\t\t\t<picture>\n\t\t\t\t<source media=\"(max-width: 500px)\" srcset=\"https:\/\/files.sunoresearch.com.br\/n\/uploads\/2023\/03\/Ebook-Acoes-Mobile-1.jpg\">\n\t\t\t\t<img class=\"newsContent__article__imgCapa newsContent__article__imgCapa--banner\"\n\t\t\t\t\tsrc=\"https:\/\/files.sunoresearch.com.br\/n\/uploads\/2023\/03\/Ebook-Acoes-Desktop-1.jpg\"\n\t\t\t\t\tdata-promo-id=\"171998\"\t\t\t\t\t\t\t\t\t\twidth='1420' height='286'\t\t\t\t\talt=\"https:\/\/files.sunoresearch.com.br\/n\/uploads\/2023\/03\/Ebook-Acoes-Desktop-1.jpg\"\n\t\t\t\t>\n\t\t\t<\/picture>\n\t\t<\/a>\n\t<\/p>\n\n\n<h2>\u00daltima cota\u00e7\u00e3o<\/h2>\n<p>No fechamento das opera\u00e7\u00f5es de segunda-feira (30), a cota\u00e7\u00e3o da Via fechou em queda de 0,74%, com as <strong>a\u00e7\u00f5es VIIA3<\/strong> valendo R$ 10,76 &#8211; valor de refer\u00eancia usado pela Ativa.<\/p>\n<p>Nos \u00faltimos 12 meses, a <strong>Via<\/strong> acumula uma desvaloriza\u00e7\u00e3o de 47,44% no valor das suas a\u00e7\u00f5es, sendo a m\u00e1xima do per\u00edodo R$ 20,76 e a m\u00ednima R$ 10,19.<\/p>\n\t<p>\n\t\t<a href=\"https:\/\/lp.suno.com.br\/planilha-de-controle-de-investimentos\/\" target=\"_blank\" data-element=\"shortcode-suno-banner\" title=\"Banner SUNO, clique e saiba mais\">\n\t\t\t<picture>\n\t\t\t\t<source media=\"(max-width: 500px)\" srcset=\"https:\/\/files.sunoresearch.com.br\/n\/uploads\/2023\/03\/400x300-Controle-de-Investimentos.png\">\n\t\t\t\t<img class=\"newsContent__article__imgCapa newsContent__article__imgCapa--banner\"\n\t\t\t\t\tsrc=\"https:\/\/files.sunoresearch.com.br\/n\/uploads\/2023\/03\/1420x240-Controle-de-Investimentos.png\"\n\t\t\t\t\tdata-promo-id=\"75934\"\t\t\t\t\t\t\t\t\t\twidth='1420' height='240'\t\t\t\t\talt=\"https:\/\/files.sunoresearch.com.br\/n\/uploads\/2023\/03\/1420x240-Controle-de-Investimentos.png\"\n\t\t\t\t>\n\t\t\t<\/picture>\n\t\t<\/a>\n\t<\/p>\n\n\n","protected":false},"excerpt":{"rendered":"<p>Para a Ativa Investimentos, a Via (VIIA3) est\u00e1 passando por um processo de turnaround, no qual a varejista est\u00e1 reestruturando seu neg\u00f3cio para aumentar seu valor e voltar para o caminho certo. \u00c9 isso que diz o \u00faltimo relat\u00f3rio de recomenda\u00e7\u00e3o da corretora, divulgado na segunda-feira (30). Centro de distribui\u00e7\u00e3o da Via Varejo. Foto: Divulga\u00e7\u00e3o [&hellip;]<\/p>\n","protected":false},"author":102,"featured_media":167285,"comment_status":"closed","ping_status":"closed","sticky":false,"template":"","format":"standard","meta":[],"categories":[64],"tags":[105844,105816,106935],"suno_strategy":[],"class_list":["post-179676","post","type-post","status-publish","format-standard","has-post-thumbnail","hentry","category-negocios","tag-ativa","tag-especialistas","tag-via-viia3"],"yoast_head":"<!-- This site is optimized with the Yoast SEO plugin v24.4 - https:\/\/yoast.com\/wordpress\/plugins\/seo\/ -->\n<title>Via (VIIA3): Ativa recomenda compra, com valoriza\u00e7\u00e3o de 74% no pre\u00e7o<\/title>\n<meta name=\"description\" content=\"A Ativas Investimentos recomendou Compra das a\u00e7\u00f5es da Via (VIIA3) em \u00faltimo relat\u00f3rio. Veja detalhes da an\u00e1lise da corretora aqui.\" \/>\n<meta name=\"robots\" content=\"index, follow, max-snippet:-1, max-image-preview:large, max-video-preview:-1\" \/>\n<link rel=\"canonical\" href=\"https:\/\/www.suno.com.br\/noticias\/via-viia3-ativa-recomenda-compra-valorizacao-74-preco-alvo\/\" \/>\n<meta property=\"og:locale\" content=\"pt_BR\" \/>\n<meta property=\"og:type\" content=\"article\" \/>\n<meta property=\"og:title\" content=\"Via (VIIA3): Ativa recomenda compra, com valoriza\u00e7\u00e3o de 74% no pre\u00e7o\" \/>\n<meta property=\"og:description\" content=\"A Ativas Investimentos recomendou Compra das a\u00e7\u00f5es da Via (VIIA3) em \u00faltimo relat\u00f3rio. Veja detalhes da an\u00e1lise da corretora aqui.\" \/>\n<meta property=\"og:url\" content=\"https:\/\/www.suno.com.br\/noticias\/via-viia3-ativa-recomenda-compra-valorizacao-74-preco-alvo\/\" \/>\n<meta property=\"og:site_name\" content=\"Suno Not\u00edcias\" \/>\n<meta property=\"article:publisher\" content=\"https:\/\/facebook.com\/sunoresearch\" \/>\n<meta property=\"og:image\" content=\"https:\/\/files.sunoresearch.com.br\/n\/uploads\/2021\/07\/c304d3c7-via-vvar3-centro-distribuicao.jpg\" \/>\n\t<meta property=\"og:image:width\" content=\"1645\" \/>\n\t<meta property=\"og:image:height\" content=\"800\" \/>\n\t<meta property=\"og:image:type\" content=\"image\/jpeg\" \/>\n<meta name=\"author\" content=\"Monique Lima\" \/>\n<meta name=\"twitter:card\" content=\"summary_large_image\" \/>\n<meta name=\"twitter:creator\" content=\"@sunoresearch\" \/>\n<meta name=\"twitter:site\" content=\"@sunoresearch\" \/>\n<meta name=\"twitter:label1\" content=\"Escrito por\" \/>\n\t<meta name=\"twitter:data1\" content=\"Monique Lima\" \/>\n\t<meta name=\"twitter:label2\" content=\"Est. tempo de leitura\" \/>\n\t<meta name=\"twitter:data2\" content=\"3 minutos\" \/>\n<script type=\"application\/ld+json\" class=\"yoast-schema-graph\">{\"@context\":\"https:\/\/schema.org\",\"@graph\":[{\"@type\":\"NewsArticle\",\"@id\":\"https:\/\/www.suno.com.br\/noticias\/via-viia3-ativa-recomenda-compra-valorizacao-74-preco-alvo\/#article\",\"isPartOf\":{\"@id\":\"https:\/\/www.suno.com.br\/noticias\/via-viia3-ativa-recomenda-compra-valorizacao-74-preco-alvo\/\"},\"author\":{\"name\":\"Monique Lima\",\"@id\":\"https:\/\/www.suno.com.br\/noticias\/#\/schema\/person\/d712329319cc9b10f254d02d654cb36a\"},\"headline\":\"Via (VIIA3): Ativa recomenda compra, com valoriza\u00e7\u00e3o de 74% no pre\u00e7o-alvo\",\"datePublished\":\"2021-08-31T12:48:07+00:00\",\"mainEntityOfPage\":{\"@id\":\"https:\/\/www.suno.com.br\/noticias\/via-viia3-ativa-recomenda-compra-valorizacao-74-preco-alvo\/\"},\"wordCount\":480,\"publisher\":{\"@id\":\"https:\/\/www.suno.com.br\/noticias\/#organization\"},\"image\":{\"@id\":\"https:\/\/www.suno.com.br\/noticias\/via-viia3-ativa-recomenda-compra-valorizacao-74-preco-alvo\/#primaryimage\"},\"thumbnailUrl\":\"https:\/\/files.sunoresearch.com.br\/n\/uploads\/2021\/07\/c304d3c7-via-vvar3-centro-distribuicao.jpg\",\"keywords\":[\"Ativa\",\"Especialistas\",\"Via (VIIA3)\"],\"articleSection\":[\"Neg\u00f3cios\"],\"inLanguage\":\"pt-BR\"},{\"@type\":\"WebPage\",\"@id\":\"https:\/\/www.suno.com.br\/noticias\/via-viia3-ativa-recomenda-compra-valorizacao-74-preco-alvo\/\",\"url\":\"https:\/\/www.suno.com.br\/noticias\/via-viia3-ativa-recomenda-compra-valorizacao-74-preco-alvo\/\",\"name\":\"Via (VIIA3): Ativa recomenda compra, com valoriza\u00e7\u00e3o de 74% no pre\u00e7o\",\"isPartOf\":{\"@id\":\"https:\/\/www.suno.com.br\/noticias\/#website\"},\"primaryImageOfPage\":{\"@id\":\"https:\/\/www.suno.com.br\/noticias\/via-viia3-ativa-recomenda-compra-valorizacao-74-preco-alvo\/#primaryimage\"},\"image\":{\"@id\":\"https:\/\/www.suno.com.br\/noticias\/via-viia3-ativa-recomenda-compra-valorizacao-74-preco-alvo\/#primaryimage\"},\"thumbnailUrl\":\"https:\/\/files.sunoresearch.com.br\/n\/uploads\/2021\/07\/c304d3c7-via-vvar3-centro-distribuicao.jpg\",\"datePublished\":\"2021-08-31T12:48:07+00:00\",\"description\":\"A Ativas Investimentos recomendou Compra das a\u00e7\u00f5es da Via (VIIA3) em \u00faltimo relat\u00f3rio. Veja detalhes da an\u00e1lise da corretora aqui.\",\"breadcrumb\":{\"@id\":\"https:\/\/www.suno.com.br\/noticias\/via-viia3-ativa-recomenda-compra-valorizacao-74-preco-alvo\/#breadcrumb\"},\"inLanguage\":\"pt-BR\",\"potentialAction\":[{\"@type\":\"ReadAction\",\"target\":[\"https:\/\/www.suno.com.br\/noticias\/via-viia3-ativa-recomenda-compra-valorizacao-74-preco-alvo\/\"]}]},{\"@type\":\"ImageObject\",\"inLanguage\":\"pt-BR\",\"@id\":\"https:\/\/www.suno.com.br\/noticias\/via-viia3-ativa-recomenda-compra-valorizacao-74-preco-alvo\/#primaryimage\",\"url\":\"https:\/\/files.sunoresearch.com.br\/n\/uploads\/2021\/07\/c304d3c7-via-vvar3-centro-distribuicao.jpg\",\"contentUrl\":\"https:\/\/files.sunoresearch.com.br\/n\/uploads\/2021\/07\/c304d3c7-via-vvar3-centro-distribuicao.jpg\",\"width\":1645,\"height\":800,\"caption\":\"Centro de distribui\u00e7\u00e3o da Via Varejo. Foto: Divulga\u00e7\u00e3o Via\"},{\"@type\":\"BreadcrumbList\",\"@id\":\"https:\/\/www.suno.com.br\/noticias\/via-viia3-ativa-recomenda-compra-valorizacao-74-preco-alvo\/#breadcrumb\",\"itemListElement\":[{\"@type\":\"ListItem\",\"position\":1,\"name\":\"Not\u00edcias\",\"item\":\"https:\/\/www.suno.com.br\/noticias\/\"},{\"@type\":\"ListItem\",\"position\":2,\"name\":\"Neg\u00f3cios\",\"item\":\"https:\/\/www.suno.com.br\/noticias\/negocios\/\"},{\"@type\":\"ListItem\",\"position\":3,\"name\":\"Via (VIIA3): Ativa recomenda compra, com valoriza\u00e7\u00e3o de 74% no pre\u00e7o-alvo\"}]},{\"@type\":\"WebSite\",\"@id\":\"https:\/\/www.suno.com.br\/noticias\/#website\",\"url\":\"https:\/\/www.suno.com.br\/noticias\/\",\"name\":\"Suno Not\u00edcias\",\"description\":\"Seu portal de informa\u00e7\u00e3o sobre o mundo dos investimentos\",\"publisher\":{\"@id\":\"https:\/\/www.suno.com.br\/noticias\/#organization\"},\"potentialAction\":[{\"@type\":\"SearchAction\",\"target\":{\"@type\":\"EntryPoint\",\"urlTemplate\":\"https:\/\/www.suno.com.br\/noticias\/?s={search_term_string}\"},\"query-input\":{\"@type\":\"PropertyValueSpecification\",\"valueRequired\":true,\"valueName\":\"search_term_string\"}}],\"inLanguage\":\"pt-BR\"},{\"@type\":\"Organization\",\"@id\":\"https:\/\/www.suno.com.br\/noticias\/#organization\",\"name\":\"Suno Not\u00edcias\",\"url\":\"https:\/\/www.suno.com.br\/noticias\/\",\"logo\":{\"@type\":\"ImageObject\",\"inLanguage\":\"pt-BR\",\"@id\":\"https:\/\/www.suno.com.br\/noticias\/#\/schema\/logo\/image\/\",\"url\":\"https:\/\/files.sunoresearch.com.br\/n\/uploads\/2021\/09\/suno-logo.png\",\"contentUrl\":\"https:\/\/files.sunoresearch.com.br\/n\/uploads\/2021\/09\/suno-logo.png\",\"width\":180,\"height\":180,\"caption\":\"Suno Not\u00edcias\"},\"image\":{\"@id\":\"https:\/\/www.suno.com.br\/noticias\/#\/schema\/logo\/image\/\"},\"sameAs\":[\"https:\/\/facebook.com\/sunoresearch\",\"https:\/\/x.com\/sunoresearch\",\"https:\/\/www.instagram.com\/suno\",\"https:\/\/www.linkedin.com\/company\/suno-research\/\",\"https:\/\/www.youtube.com\/c\/sunoresearch\"]},{\"@type\":\"Person\",\"@id\":\"https:\/\/www.suno.com.br\/noticias\/#\/schema\/person\/d712329319cc9b10f254d02d654cb36a\",\"name\":\"Monique Lima\",\"image\":{\"@type\":\"ImageObject\",\"inLanguage\":\"pt-BR\",\"@id\":\"https:\/\/www.suno.com.br\/noticias\/#\/schema\/person\/image\/\",\"url\":\"https:\/\/secure.gravatar.com\/avatar\/daee7f16d906c2e9ffed236206ca2c30?s=96&r=g\",\"contentUrl\":\"https:\/\/secure.gravatar.com\/avatar\/daee7f16d906c2e9ffed236206ca2c30?s=96&r=g\",\"caption\":\"Monique Lima\"},\"description\":\"Rep\u00f3rter de Mercado no Suno Not\u00edcias, \u00e9 jornalista com experi\u00eancia na cobertura de economia, empreendedorismo, finan\u00e7as pessoais, mercado financeiro, carreira e recursos humanos. Formada em Jornalismo pela Universidade Paulista, teve experi\u00eancias em ve\u00edculos de comunica\u00e7\u00e3o como a Ag\u00eancia TradeMap, Revista Voc\u00ea S\/A e Revista Voc\u00ea RH, as duas \u00faltimas publica\u00e7\u00f5es da Editora Abril. No Suno Not\u00edcias, fala sobre as principais not\u00edcias de Fundos Imobili\u00e1rios, Fiagro, Startups e empresas listadas na Bolsa.\",\"url\":\"https:\/\/www.suno.com.br\/noticias\/author\/monique-lima\/\"}]}<\/script>\n<!-- \/ Yoast SEO plugin. -->","yoast_head_json":{"title":"Via (VIIA3): Ativa recomenda compra, com valoriza\u00e7\u00e3o de 74% no pre\u00e7o","description":"A Ativas Investimentos recomendou Compra das a\u00e7\u00f5es da Via (VIIA3) em \u00faltimo relat\u00f3rio. Veja detalhes da an\u00e1lise da corretora aqui.","robots":{"index":"index","follow":"follow","max-snippet":"max-snippet:-1","max-image-preview":"max-image-preview:large","max-video-preview":"max-video-preview:-1"},"canonical":"https:\/\/www.suno.com.br\/noticias\/via-viia3-ativa-recomenda-compra-valorizacao-74-preco-alvo\/","og_locale":"pt_BR","og_type":"article","og_title":"Via (VIIA3): Ativa recomenda compra, com valoriza\u00e7\u00e3o de 74% no pre\u00e7o","og_description":"A Ativas Investimentos recomendou Compra das a\u00e7\u00f5es da Via (VIIA3) em \u00faltimo relat\u00f3rio. Veja detalhes da an\u00e1lise da corretora aqui.","og_url":"https:\/\/www.suno.com.br\/noticias\/via-viia3-ativa-recomenda-compra-valorizacao-74-preco-alvo\/","og_site_name":"Suno Not\u00edcias","article_publisher":"https:\/\/facebook.com\/sunoresearch","og_image":[{"width":1645,"height":800,"url":"https:\/\/files.sunoresearch.com.br\/n\/uploads\/2021\/07\/c304d3c7-via-vvar3-centro-distribuicao.jpg","type":"image\/jpeg"}],"author":"Monique Lima","twitter_card":"summary_large_image","twitter_creator":"@sunoresearch","twitter_site":"@sunoresearch","twitter_misc":{"Escrito por":"Monique Lima","Est. tempo de leitura":"3 minutos"},"schema":{"@context":"https:\/\/schema.org","@graph":[{"@type":"NewsArticle","@id":"https:\/\/www.suno.com.br\/noticias\/via-viia3-ativa-recomenda-compra-valorizacao-74-preco-alvo\/#article","isPartOf":{"@id":"https:\/\/www.suno.com.br\/noticias\/via-viia3-ativa-recomenda-compra-valorizacao-74-preco-alvo\/"},"author":{"name":"Monique Lima","@id":"https:\/\/www.suno.com.br\/noticias\/#\/schema\/person\/d712329319cc9b10f254d02d654cb36a"},"headline":"Via (VIIA3): Ativa recomenda compra, com valoriza\u00e7\u00e3o de 74% no pre\u00e7o-alvo","datePublished":"2021-08-31T12:48:07+00:00","mainEntityOfPage":{"@id":"https:\/\/www.suno.com.br\/noticias\/via-viia3-ativa-recomenda-compra-valorizacao-74-preco-alvo\/"},"wordCount":480,"publisher":{"@id":"https:\/\/www.suno.com.br\/noticias\/#organization"},"image":{"@id":"https:\/\/www.suno.com.br\/noticias\/via-viia3-ativa-recomenda-compra-valorizacao-74-preco-alvo\/#primaryimage"},"thumbnailUrl":"https:\/\/files.sunoresearch.com.br\/n\/uploads\/2021\/07\/c304d3c7-via-vvar3-centro-distribuicao.jpg","keywords":["Ativa","Especialistas","Via (VIIA3)"],"articleSection":["Neg\u00f3cios"],"inLanguage":"pt-BR"},{"@type":"WebPage","@id":"https:\/\/www.suno.com.br\/noticias\/via-viia3-ativa-recomenda-compra-valorizacao-74-preco-alvo\/","url":"https:\/\/www.suno.com.br\/noticias\/via-viia3-ativa-recomenda-compra-valorizacao-74-preco-alvo\/","name":"Via (VIIA3): Ativa recomenda compra, com valoriza\u00e7\u00e3o de 74% no pre\u00e7o","isPartOf":{"@id":"https:\/\/www.suno.com.br\/noticias\/#website"},"primaryImageOfPage":{"@id":"https:\/\/www.suno.com.br\/noticias\/via-viia3-ativa-recomenda-compra-valorizacao-74-preco-alvo\/#primaryimage"},"image":{"@id":"https:\/\/www.suno.com.br\/noticias\/via-viia3-ativa-recomenda-compra-valorizacao-74-preco-alvo\/#primaryimage"},"thumbnailUrl":"https:\/\/files.sunoresearch.com.br\/n\/uploads\/2021\/07\/c304d3c7-via-vvar3-centro-distribuicao.jpg","datePublished":"2021-08-31T12:48:07+00:00","description":"A Ativas Investimentos recomendou Compra das a\u00e7\u00f5es da Via (VIIA3) em \u00faltimo relat\u00f3rio. Veja detalhes da an\u00e1lise da corretora aqui.","breadcrumb":{"@id":"https:\/\/www.suno.com.br\/noticias\/via-viia3-ativa-recomenda-compra-valorizacao-74-preco-alvo\/#breadcrumb"},"inLanguage":"pt-BR","potentialAction":[{"@type":"ReadAction","target":["https:\/\/www.suno.com.br\/noticias\/via-viia3-ativa-recomenda-compra-valorizacao-74-preco-alvo\/"]}]},{"@type":"ImageObject","inLanguage":"pt-BR","@id":"https:\/\/www.suno.com.br\/noticias\/via-viia3-ativa-recomenda-compra-valorizacao-74-preco-alvo\/#primaryimage","url":"https:\/\/files.sunoresearch.com.br\/n\/uploads\/2021\/07\/c304d3c7-via-vvar3-centro-distribuicao.jpg","contentUrl":"https:\/\/files.sunoresearch.com.br\/n\/uploads\/2021\/07\/c304d3c7-via-vvar3-centro-distribuicao.jpg","width":1645,"height":800,"caption":"Centro de distribui\u00e7\u00e3o da Via Varejo. Foto: Divulga\u00e7\u00e3o Via"},{"@type":"BreadcrumbList","@id":"https:\/\/www.suno.com.br\/noticias\/via-viia3-ativa-recomenda-compra-valorizacao-74-preco-alvo\/#breadcrumb","itemListElement":[{"@type":"ListItem","position":1,"name":"Not\u00edcias","item":"https:\/\/www.suno.com.br\/noticias\/"},{"@type":"ListItem","position":2,"name":"Neg\u00f3cios","item":"https:\/\/www.suno.com.br\/noticias\/negocios\/"},{"@type":"ListItem","position":3,"name":"Via (VIIA3): Ativa recomenda compra, com valoriza\u00e7\u00e3o de 74% no pre\u00e7o-alvo"}]},{"@type":"WebSite","@id":"https:\/\/www.suno.com.br\/noticias\/#website","url":"https:\/\/www.suno.com.br\/noticias\/","name":"Suno Not\u00edcias","description":"Seu portal de informa\u00e7\u00e3o sobre o mundo dos investimentos","publisher":{"@id":"https:\/\/www.suno.com.br\/noticias\/#organization"},"potentialAction":[{"@type":"SearchAction","target":{"@type":"EntryPoint","urlTemplate":"https:\/\/www.suno.com.br\/noticias\/?s={search_term_string}"},"query-input":{"@type":"PropertyValueSpecification","valueRequired":true,"valueName":"search_term_string"}}],"inLanguage":"pt-BR"},{"@type":"Organization","@id":"https:\/\/www.suno.com.br\/noticias\/#organization","name":"Suno Not\u00edcias","url":"https:\/\/www.suno.com.br\/noticias\/","logo":{"@type":"ImageObject","inLanguage":"pt-BR","@id":"https:\/\/www.suno.com.br\/noticias\/#\/schema\/logo\/image\/","url":"https:\/\/files.sunoresearch.com.br\/n\/uploads\/2021\/09\/suno-logo.png","contentUrl":"https:\/\/files.sunoresearch.com.br\/n\/uploads\/2021\/09\/suno-logo.png","width":180,"height":180,"caption":"Suno Not\u00edcias"},"image":{"@id":"https:\/\/www.suno.com.br\/noticias\/#\/schema\/logo\/image\/"},"sameAs":["https:\/\/facebook.com\/sunoresearch","https:\/\/x.com\/sunoresearch","https:\/\/www.instagram.com\/suno","https:\/\/www.linkedin.com\/company\/suno-research\/","https:\/\/www.youtube.com\/c\/sunoresearch"]},{"@type":"Person","@id":"https:\/\/www.suno.com.br\/noticias\/#\/schema\/person\/d712329319cc9b10f254d02d654cb36a","name":"Monique Lima","image":{"@type":"ImageObject","inLanguage":"pt-BR","@id":"https:\/\/www.suno.com.br\/noticias\/#\/schema\/person\/image\/","url":"https:\/\/secure.gravatar.com\/avatar\/daee7f16d906c2e9ffed236206ca2c30?s=96&r=g","contentUrl":"https:\/\/secure.gravatar.com\/avatar\/daee7f16d906c2e9ffed236206ca2c30?s=96&r=g","caption":"Monique Lima"},"description":"Rep\u00f3rter de Mercado no Suno Not\u00edcias, \u00e9 jornalista com experi\u00eancia na cobertura de economia, empreendedorismo, finan\u00e7as pessoais, mercado financeiro, carreira e recursos humanos. Formada em Jornalismo pela Universidade Paulista, teve experi\u00eancias em ve\u00edculos de comunica\u00e7\u00e3o como a Ag\u00eancia TradeMap, Revista Voc\u00ea S\/A e Revista Voc\u00ea RH, as duas \u00faltimas publica\u00e7\u00f5es da Editora Abril. No Suno Not\u00edcias, fala sobre as principais not\u00edcias de Fundos Imobili\u00e1rios, Fiagro, Startups e empresas listadas na Bolsa.","url":"https:\/\/www.suno.com.br\/noticias\/author\/monique-lima\/"}]}},"default_loop_html":"<div class=\"cardsPage__listCard__boxs\"><div class=\"cardsPage__listCard__boxs__img\"><a href=\"https:\/\/www.suno.com.br\/noticias\/via-viia3-ativa-recomenda-compra-valorizacao-74-preco-alvo\/\"><img class=\"mask\" src=\"https:\/\/www.suno.com.br\/noticias\/wp-content\/themes\/suno\/resources\/images\/spotlight\/spotlight1img\/bg-mask.png\" alt=\"Image Mask\"\/><img src=\"https:\/\/files.sunoresearch.com.br\/n\/uploads\/2021\/07\/c304d3c7-via-vvar3-centro-distribuicao-400x200.jpg\" alt=\"Via (VIIA3): Ativa recomenda compra, com valoriza\u00e7\u00e3o de 74% no pre\u00e7o-alvo\"\/><\/a><span class=\"spotlightCategory\"><a href=\"https:\/\/www.suno.com.br\/noticias\/negocios\/\">Neg\u00f3cios<\/a><\/span><\/div><div class=\"cardsPage__listCard__boxs__content\"><a href=\"https:\/\/www.suno.com.br\/noticias\/via-viia3-ativa-recomenda-compra-valorizacao-74-preco-alvo\/\"><h2 class=\"content__title\">Via (VIIA3): Ativa recomenda compra, com valoriza\u00e7\u00e3o de 74% no pre\u00e7o-alvo<\/h2><\/a><div class=\"newsContent__article__meta\"><div class=\"newsContent__article__meta__authorBox\"><a href=\"https:\/\/www.suno.com.br\/noticias\/author\/monique-lima\/\" class=\"authorBox__avatar noMobi\"><img src=\"https:\/\/secure.gravatar.com\/avatar\/daee7f16d906c2e9ffed236206ca2c30?s=96&#038;r=g\" alt=\"Monique Lima\"><\/a><div class=\"authorBox__name\"><span>por\n\t\t\t<a href=\"https:\/\/www.suno.com.br\/noticias\/author\/monique-lima\/\"><span itemprop=\"author\">Monique Lima<\/span><\/a><\/span><time datetime=\"2021-08-31T09:48:07-03:00\" itemprop=\"datePublished\">31\/08\/2021 09:48<\/time><\/div><\/div><\/div><\/div><\/div>","single_layout":"posts","amp_enabled":true,"_links":{"self":[{"href":"https:\/\/www.suno.com.br\/noticias\/wp-json\/wp\/v2\/posts\/179676"}],"collection":[{"href":"https:\/\/www.suno.com.br\/noticias\/wp-json\/wp\/v2\/posts"}],"about":[{"href":"https:\/\/www.suno.com.br\/noticias\/wp-json\/wp\/v2\/types\/post"}],"author":[{"embeddable":true,"href":"https:\/\/www.suno.com.br\/noticias\/wp-json\/wp\/v2\/users\/102"}],"replies":[{"embeddable":true,"href":"https:\/\/www.suno.com.br\/noticias\/wp-json\/wp\/v2\/comments?post=179676"}],"version-history":[{"count":3,"href":"https:\/\/www.suno.com.br\/noticias\/wp-json\/wp\/v2\/posts\/179676\/revisions"}],"predecessor-version":[{"id":179708,"href":"https:\/\/www.suno.com.br\/noticias\/wp-json\/wp\/v2\/posts\/179676\/revisions\/179708"}],"wp:featuredmedia":[{"embeddable":true,"href":"https:\/\/www.suno.com.br\/noticias\/wp-json\/wp\/v2\/media\/167285"}],"wp:attachment":[{"href":"https:\/\/www.suno.com.br\/noticias\/wp-json\/wp\/v2\/media?parent=179676"}],"wp:term":[{"taxonomy":"category","embeddable":true,"href":"https:\/\/www.suno.com.br\/noticias\/wp-json\/wp\/v2\/categories?post=179676"},{"taxonomy":"post_tag","embeddable":true,"href":"https:\/\/www.suno.com.br\/noticias\/wp-json\/wp\/v2\/tags?post=179676"},{"taxonomy":"suno_strategy","embeddable":true,"href":"https:\/\/www.suno.com.br\/noticias\/wp-json\/wp\/v2\/suno_strategy?post=179676"}],"curies":[{"name":"wp","href":"https:\/\/api.w.org\/{rel}","templated":true}]}}