{"id":179668,"date":"2021-08-31T09:36:00","date_gmt":"2021-08-31T12:36:00","guid":{"rendered":"https:\/\/www.suno.com.br\/noticias\/?p=179668"},"modified":"2021-08-31T12:53:51","modified_gmt":"2021-08-31T15:53:51","slug":"agrogalaxy-agxy3-alper-aper3-seguro-fornecidos","status":"publish","type":"post","link":"https:\/\/www.suno.com.br\/noticias\/agrogalaxy-agxy3-alper-aper3-seguro-fornecidos\/","title":{"rendered":"Agrogalaxy (AGXY3) e Alper (APER3) fecham parceria para oferta de seguros"},"content":{"rendered":"<p>A <a href=\"https:\/\/www.suno.com.br\/acoes\/agxy3\/\"><strong>Agrogalaxy<\/strong> (AGXY3)<\/a> fechou parceria com a Alper, segundo comunicado ao mercado divulgado na noite de segunda-feira (30). Com o acordo, a <a class=\"suno-keyword\" href=\"https:\/\/www.suno.com.br\/acoes\/APER3\/\" target=\"_blank\" rel=\"noopener\" data-force=\"yes\" data-priority=\"2\">Alper (APER3)<\/a> deve fornecer servi\u00e7os como seguro de safra \u00e0 companhia do agroneg\u00f3cio.<\/p>\t<div class=\"wrapper-featured-image\">\n\t\t<figure class=\"spotlightImg\">\n\n\t\t\t<picture>\n\t\t\t\t<source media=\"(max-width: 768px)\" srcset=\"https:\/\/files.sunoresearch.com.br\/n\/uploads\/2021\/03\/0c74818b-agricultural-machine-1918989_1280-400x200.webp\">\n\t\t\t\t<img loading=\"lazy\" decoding=\"async\" class=\"newsContent__article__imgCapa lazyloadDisabled \" src=\"https:\/\/files.sunoresearch.com.br\/n\/uploads\/2021\/03\/0c74818b-agricultural-machine-1918989_1280-800x450.webp\" width=\"800\" height=\"450\" alt=\"Agrogalaxy (AGXY3) e Alper (APER3) fecham parceria para oferta de seguros\" fetchpriority=high \/>\n\t\t\t<\/picture>\n\n\t\t\t<figcaption class=\"wp-caption-text wp-caption-text--show\">Agrogalaxy (AGXY3). Foto: Pixabay<\/figcaption>\n\t\t<\/figure>\n\t<\/div>\n\n\n\t<p>\n\t\t<a href=\"https:\/\/lp.suno.com.br\/planilha-controle-gastos\/\" target=\"_blank\" data-element=\"shortcode-suno-banner\" title=\"Banner SUNO, clique e saiba mais\">\n\t\t\t<picture>\n\t\t\t\t<source media=\"(max-width: 500px)\" srcset=\"https:\/\/files.sunoresearch.com.br\/n\/uploads\/2023\/03\/400x300-Planilha-controle-de-gastos.png\">\n\t\t\t\t<img class=\"newsContent__article__imgCapa newsContent__article__imgCapa--banner\"\n\t\t\t\t\tsrc=\"https:\/\/files.sunoresearch.com.br\/n\/uploads\/2023\/03\/1420x240-Planilha-controle-de-gastos.png\"\n\t\t\t\t\tdata-promo-id=\"101751\"\t\t\t\t\t\t\t\t\t\twidth='1420' height='240'\t\t\t\t\talt=\"https:\/\/files.sunoresearch.com.br\/n\/uploads\/2023\/03\/1420x240-Planilha-controle-de-gastos.png\"\n\t\t\t\t>\n\t\t\t<\/picture>\n\t\t<\/a>\n\t<\/p>\n\n\n<p>A parceria firmada pela Agrogalaxy deve envolver a &#8220;distribui\u00e7\u00e3o, com exclusividade, de produtos de <strong>seguro<\/strong> e benef\u00edcios comercializados pela <strong>Alper<\/strong>&#8220;.<\/p>\n<p>Al\u00e9m disso, o acordo prev\u00ea uma distribui\u00e7\u00e3o voltada n\u00e3o s\u00f3 para a pessoa jur\u00eddica da empresa, mas tamb\u00e9m para as demais sociedades de seu grupo econ\u00f4mico, seus clientes, seus colaboradores e seu mercado de opera\u00e7\u00e3o.<\/p>\n\t<div data-element=\"shortcode-read-more\" class=\"knowMore\">\n\t\t\t\t<span class=\"knowMore__title\">Leia mais<\/span>\n\t\t\t\t<a class=\"knowMore__link\" href=\"https:\/\/www.suno.com.br\/noticias\/agrogalaxy-agxy3-ipo-b3\/\">\n\t\t\tAgrogalaxy (AGXY3) estreia em forte queda na B3; IPO movimenta R$ 350 milh\u00f5es\t\t<\/a>\n\t<\/div>\n\n\n<p>O <strong>acordo<\/strong> era esperado desde junho, ap\u00f3s ambas as companhias terem informado ao mercado que assinaram um memorando de entendimentos n\u00e3o vinculativo.<\/p>\n<p>Segundo o documento arquivado na <a href=\"https:\/\/www.suno.com.br\/artigos\/cvm\">Comiss\u00e3o de Valores Mobili\u00e1rios (<strong>CVM<\/strong>)<\/a>, o acordo firmado entre as duas companhias, agora, tem por objeto \u201cestabelecer os termos e condi\u00e7\u00f5es da parceria e, com sua assinatura, as artes tratar\u00e3o de implement\u00e1-la de imediato, considerando o planejamento realizado e a responsabilidade de cada parte\u201d.<\/p>\n\t<p>\n\t\t<a href=\"https:\/\/lp.suno.com.br\/planilha-da-vida-financeira\/\" target=\"_blank\" data-element=\"shortcode-suno-banner\" title=\"Banner SUNO, clique e saiba mais\">\n\t\t\t<picture>\n\t\t\t\t<source media=\"(max-width: 500px)\" srcset=\"https:\/\/files.sunoresearch.com.br\/n\/uploads\/2023\/04\/400x300-Planilha-vida-financeira-true.png\">\n\t\t\t\t<img class=\"newsContent__article__imgCapa newsContent__article__imgCapa--banner\"\n\t\t\t\t\tsrc=\"https:\/\/files.sunoresearch.com.br\/n\/uploads\/2023\/04\/1420x240-Planilha-vida-financeira-true.png\"\n\t\t\t\t\tdata-promo-id=\"106682\"\t\t\t\t\t\t\t\t\t\twidth='1420' height='240'\t\t\t\t\talt=\"https:\/\/files.sunoresearch.com.br\/n\/uploads\/2023\/04\/1420x240-Planilha-vida-financeira-true.png\"\n\t\t\t\t>\n\t\t\t<\/picture>\n\t\t<\/a>\n\t<\/p>\n\n\n<h2>Um m\u00eas de Agrogalaxy na bolsa<\/h2>\n<p>A companhia, que \u00e9 uma das principais plataformas de varejo de insumos agr\u00edcolas e servi\u00e7os para o segmento do agroneg\u00f3cio, estreou na bolsa ainda no fim de julho, ap\u00f3s ter cancelado sua <a class=\"suno-keyword\" href=\"https:\/\/www.suno.com.br\/artigos\/ipo\/\" target=\"_blank\" rel=\"noopener\" data-force=\"no\" data-priority=\"2\">oferta p\u00fablica de a\u00e7\u00f5es (<strong>IPO<\/strong>)<\/a> em mar\u00e7o.<\/p>\n<p>Na \u00e9poca, a empresa havia desistido da listagem por <a href=\"https:\/\/www.suno.com.br\/noticias\/agrogalaxy-suspende-ipo-condicoes-mercado\/\">conta das condi\u00e7\u00f5es de mercado<\/a>.<\/p>\n\t<p>\n\t\t<a href=\"https:\/\/lp.suno.com.br\/ebook-como-analisar-uma-acao\/\" target=\"_blank\" data-element=\"shortcode-suno-banner\" title=\"Banner SUNO, clique e saiba mais\">\n\t\t\t<picture>\n\t\t\t\t<source media=\"(max-width: 500px)\" srcset=\"https:\/\/files.sunoresearch.com.br\/n\/uploads\/2023\/03\/Ebook-Acoes-Mobile-1.jpg\">\n\t\t\t\t<img class=\"newsContent__article__imgCapa newsContent__article__imgCapa--banner\"\n\t\t\t\t\tsrc=\"https:\/\/files.sunoresearch.com.br\/n\/uploads\/2023\/03\/Ebook-Acoes-Desktop-1.jpg\"\n\t\t\t\t\tdata-promo-id=\"171998\"\t\t\t\t\t\t\t\t\t\twidth='1420' height='286'\t\t\t\t\talt=\"https:\/\/files.sunoresearch.com.br\/n\/uploads\/2023\/03\/Ebook-Acoes-Desktop-1.jpg\"\n\t\t\t\t>\n\t\t\t<\/picture>\n\t\t<\/a>\n\t<\/p>\n\n\n<p>No seu dia de estreia, nas primeiras negocia\u00e7\u00f5es, as <strong>a\u00e7\u00f5es da Agrogalaxy<\/strong> fecharam em baixa de 22,55% abaixo da precifica\u00e7\u00e3o feita, com cota\u00e7\u00e3o de R$ 10,65.<\/p>\n<p>Segundo a empresa, todos os recursos l\u00edquidos levantados com a venda de 25,45 milh\u00f5es de <a class=\"suno-keyword\" href=\"https:\/\/www.suno.com.br\/artigos\/o-que-sao-acoes-ordinarias-preferenciais-e-units\/\" target=\"_blank\" rel=\"noopener\" data-force=\"no\" data-priority=\"1\">a\u00e7\u00f5es ordin\u00e1rias<\/a> ir\u00e3o para o caixa da empresa, com uma oferta totalmente prim\u00e1ria.<\/p>\n<p>Vale lembrar, contudo, que o <strong>IPO<\/strong> foi feito com base na Instru\u00e7\u00e3o 476 da CVM, restrita a investidores profissionais.<\/p>\n<h3>Cota\u00e7\u00e3o de AGXY3<\/h3>\n<p>Ap\u00f3s a queda intensa na chegada \u00e0 bolsa, a companhia enfrentou ainda mais baixas, sendo atualmente negociada a R$ 7,40. Com isso, a queda acumulada da\u00a0<strong>Agrogalaxy<\/strong> j\u00e1 soma 30,52%, considerando o pre\u00e7o do fechamento do preg\u00e3o de segunda (30).<\/p>\n\t<p>\n\t\t<a href=\"https:\/\/lp.suno.com.br\/planilha-de-controle-de-investimentos\/\" target=\"_blank\" data-element=\"shortcode-suno-banner\" title=\"Banner SUNO, clique e saiba mais\">\n\t\t\t<picture>\n\t\t\t\t<source media=\"(max-width: 500px)\" srcset=\"https:\/\/files.sunoresearch.com.br\/n\/uploads\/2023\/03\/400x300-Controle-de-Investimentos.png\">\n\t\t\t\t<img class=\"newsContent__article__imgCapa newsContent__article__imgCapa--banner\"\n\t\t\t\t\tsrc=\"https:\/\/files.sunoresearch.com.br\/n\/uploads\/2023\/03\/1420x240-Controle-de-Investimentos.png\"\n\t\t\t\t\tdata-promo-id=\"75934\"\t\t\t\t\t\t\t\t\t\twidth='1420' height='240'\t\t\t\t\talt=\"https:\/\/files.sunoresearch.com.br\/n\/uploads\/2023\/03\/1420x240-Controle-de-Investimentos.png\"\n\t\t\t\t>\n\t\t\t<\/picture>\n\t\t<\/a>\n\t<\/p>\n\n\n","protected":false},"excerpt":{"rendered":"<p>A Agrogalaxy (AGXY3) fechou parceria com a Alper, segundo comunicado ao mercado divulgado na noite de segunda-feira (30). Com o acordo, a Alper (APER3) deve fornecer servi\u00e7os como seguro de safra \u00e0 companhia do agroneg\u00f3cio. Agrogalaxy (AGXY3). Foto: Pixabay A parceria firmada pela Agrogalaxy deve envolver a &#8220;distribui\u00e7\u00e3o, com exclusividade, de produtos de seguro e [&hellip;]<\/p>\n","protected":false},"author":73,"featured_media":139867,"comment_status":"closed","ping_status":"closed","sticky":false,"template":"","format":"standard","meta":[],"categories":[64],"tags":[105567,105798,319],"suno_strategy":[],"class_list":["post-179668","post","type-post","status-publish","format-standard","has-post-thumbnail","hentry","category-negocios","tag-agrogalaxy","tag-alper-aper3","tag-ipo-oferta-inicial-de-acoes"],"yoast_head":"<!-- This site is optimized with the Yoast SEO plugin v24.4 - https:\/\/yoast.com\/wordpress\/plugins\/seo\/ -->\n<title>Agrogalaxy (AGXY3) ter\u00e1 seguros fornecidos pela Alper (APER3)<\/title>\n<meta name=\"description\" content=\"Segundo acordo firmado por ambas as companhias, a Alper passar\u00e1 a fornecer seguros exclusivos \u00e0 Agrogalaxy. Clique aqui e leia mais.\" \/>\n<meta name=\"robots\" content=\"index, follow, max-snippet:-1, max-image-preview:large, max-video-preview:-1\" \/>\n<link rel=\"canonical\" href=\"https:\/\/www.suno.com.br\/noticias\/agrogalaxy-agxy3-alper-aper3-seguro-fornecidos\/\" \/>\n<meta property=\"og:locale\" content=\"pt_BR\" \/>\n<meta property=\"og:type\" content=\"article\" \/>\n<meta property=\"og:title\" content=\"Agrogalaxy (AGXY3) ter\u00e1 seguros fornecidos pela Alper (APER3)\" \/>\n<meta property=\"og:description\" content=\"Segundo acordo firmado por ambas as companhias, a Alper passar\u00e1 a fornecer seguros exclusivos \u00e0 Agrogalaxy. Clique aqui e leia mais.\" \/>\n<meta property=\"og:url\" content=\"https:\/\/www.suno.com.br\/noticias\/agrogalaxy-agxy3-alper-aper3-seguro-fornecidos\/\" \/>\n<meta property=\"og:site_name\" content=\"Suno Not\u00edcias\" \/>\n<meta property=\"article:publisher\" content=\"https:\/\/facebook.com\/sunoresearch\" \/>\n<meta property=\"og:image\" content=\"https:\/\/files.sunoresearch.com.br\/n\/uploads\/2021\/03\/0c74818b-agricultural-machine-1918989_1280.jpg\" \/>\n\t<meta property=\"og:image:width\" content=\"1280\" \/>\n\t<meta property=\"og:image:height\" content=\"853\" \/>\n\t<meta property=\"og:image:type\" content=\"image\/jpeg\" \/>\n<meta name=\"author\" content=\"Eduardo Vargas\" \/>\n<meta name=\"twitter:card\" content=\"summary_large_image\" \/>\n<meta name=\"twitter:creator\" content=\"@sunoresearch\" \/>\n<meta name=\"twitter:site\" content=\"@sunoresearch\" \/>\n<meta name=\"twitter:label1\" content=\"Escrito por\" \/>\n\t<meta name=\"twitter:data1\" content=\"Eduardo Vargas\" \/>\n\t<meta name=\"twitter:label2\" content=\"Est. tempo de leitura\" \/>\n\t<meta name=\"twitter:data2\" content=\"2 minutos\" \/>\n<script type=\"application\/ld+json\" class=\"yoast-schema-graph\">{\"@context\":\"https:\/\/schema.org\",\"@graph\":[{\"@type\":\"NewsArticle\",\"@id\":\"https:\/\/www.suno.com.br\/noticias\/agrogalaxy-agxy3-alper-aper3-seguro-fornecidos\/#article\",\"isPartOf\":{\"@id\":\"https:\/\/www.suno.com.br\/noticias\/agrogalaxy-agxy3-alper-aper3-seguro-fornecidos\/\"},\"author\":{\"name\":\"Eduardo Vargas\",\"@id\":\"https:\/\/www.suno.com.br\/noticias\/#\/schema\/person\/7f4d362bf3518e76090143ae77bb49a5\"},\"headline\":\"Agrogalaxy (AGXY3) e Alper (APER3) fecham parceria para oferta de seguros\",\"datePublished\":\"2021-08-31T12:36:00+00:00\",\"dateModified\":\"2021-08-31T15:53:51+00:00\",\"mainEntityOfPage\":{\"@id\":\"https:\/\/www.suno.com.br\/noticias\/agrogalaxy-agxy3-alper-aper3-seguro-fornecidos\/\"},\"wordCount\":397,\"publisher\":{\"@id\":\"https:\/\/www.suno.com.br\/noticias\/#organization\"},\"image\":{\"@id\":\"https:\/\/www.suno.com.br\/noticias\/agrogalaxy-agxy3-alper-aper3-seguro-fornecidos\/#primaryimage\"},\"thumbnailUrl\":\"https:\/\/files.sunoresearch.com.br\/n\/uploads\/2021\/03\/0c74818b-agricultural-machine-1918989_1280-jpg.webp\",\"keywords\":[\"Agrogalaxy\",\"Alper (APER3)\",\"IPO (Oferta Inicial de A\u00e7\u00f5es)\"],\"articleSection\":[\"Neg\u00f3cios\"],\"inLanguage\":\"pt-BR\"},{\"@type\":\"WebPage\",\"@id\":\"https:\/\/www.suno.com.br\/noticias\/agrogalaxy-agxy3-alper-aper3-seguro-fornecidos\/\",\"url\":\"https:\/\/www.suno.com.br\/noticias\/agrogalaxy-agxy3-alper-aper3-seguro-fornecidos\/\",\"name\":\"Agrogalaxy (AGXY3) ter\u00e1 seguros fornecidos pela Alper (APER3)\",\"isPartOf\":{\"@id\":\"https:\/\/www.suno.com.br\/noticias\/#website\"},\"primaryImageOfPage\":{\"@id\":\"https:\/\/www.suno.com.br\/noticias\/agrogalaxy-agxy3-alper-aper3-seguro-fornecidos\/#primaryimage\"},\"image\":{\"@id\":\"https:\/\/www.suno.com.br\/noticias\/agrogalaxy-agxy3-alper-aper3-seguro-fornecidos\/#primaryimage\"},\"thumbnailUrl\":\"https:\/\/files.sunoresearch.com.br\/n\/uploads\/2021\/03\/0c74818b-agricultural-machine-1918989_1280-jpg.webp\",\"datePublished\":\"2021-08-31T12:36:00+00:00\",\"dateModified\":\"2021-08-31T15:53:51+00:00\",\"description\":\"Segundo acordo firmado por ambas as companhias, a Alper passar\u00e1 a fornecer seguros exclusivos \u00e0 Agrogalaxy. Clique aqui e leia mais.\",\"breadcrumb\":{\"@id\":\"https:\/\/www.suno.com.br\/noticias\/agrogalaxy-agxy3-alper-aper3-seguro-fornecidos\/#breadcrumb\"},\"inLanguage\":\"pt-BR\",\"potentialAction\":[{\"@type\":\"ReadAction\",\"target\":[\"https:\/\/www.suno.com.br\/noticias\/agrogalaxy-agxy3-alper-aper3-seguro-fornecidos\/\"]}]},{\"@type\":\"ImageObject\",\"inLanguage\":\"pt-BR\",\"@id\":\"https:\/\/www.suno.com.br\/noticias\/agrogalaxy-agxy3-alper-aper3-seguro-fornecidos\/#primaryimage\",\"url\":\"https:\/\/files.sunoresearch.com.br\/n\/uploads\/2021\/03\/0c74818b-agricultural-machine-1918989_1280-jpg.webp\",\"contentUrl\":\"https:\/\/files.sunoresearch.com.br\/n\/uploads\/2021\/03\/0c74818b-agricultural-machine-1918989_1280-jpg.webp\",\"width\":1280,\"height\":853,\"caption\":\"Agrogalaxy (AGXY3). Foto: Pixabay\"},{\"@type\":\"BreadcrumbList\",\"@id\":\"https:\/\/www.suno.com.br\/noticias\/agrogalaxy-agxy3-alper-aper3-seguro-fornecidos\/#breadcrumb\",\"itemListElement\":[{\"@type\":\"ListItem\",\"position\":1,\"name\":\"Not\u00edcias\",\"item\":\"https:\/\/www.suno.com.br\/noticias\/\"},{\"@type\":\"ListItem\",\"position\":2,\"name\":\"Neg\u00f3cios\",\"item\":\"https:\/\/www.suno.com.br\/noticias\/negocios\/\"},{\"@type\":\"ListItem\",\"position\":3,\"name\":\"Agrogalaxy (AGXY3) e Alper (APER3) fecham parceria para oferta de seguros\"}]},{\"@type\":\"WebSite\",\"@id\":\"https:\/\/www.suno.com.br\/noticias\/#website\",\"url\":\"https:\/\/www.suno.com.br\/noticias\/\",\"name\":\"Suno Not\u00edcias\",\"description\":\"Seu portal de informa\u00e7\u00e3o sobre o mundo dos investimentos\",\"publisher\":{\"@id\":\"https:\/\/www.suno.com.br\/noticias\/#organization\"},\"potentialAction\":[{\"@type\":\"SearchAction\",\"target\":{\"@type\":\"EntryPoint\",\"urlTemplate\":\"https:\/\/www.suno.com.br\/noticias\/?s={search_term_string}\"},\"query-input\":{\"@type\":\"PropertyValueSpecification\",\"valueRequired\":true,\"valueName\":\"search_term_string\"}}],\"inLanguage\":\"pt-BR\"},{\"@type\":\"Organization\",\"@id\":\"https:\/\/www.suno.com.br\/noticias\/#organization\",\"name\":\"Suno Not\u00edcias\",\"url\":\"https:\/\/www.suno.com.br\/noticias\/\",\"logo\":{\"@type\":\"ImageObject\",\"inLanguage\":\"pt-BR\",\"@id\":\"https:\/\/www.suno.com.br\/noticias\/#\/schema\/logo\/image\/\",\"url\":\"https:\/\/files.sunoresearch.com.br\/n\/uploads\/2021\/09\/suno-logo.png\",\"contentUrl\":\"https:\/\/files.sunoresearch.com.br\/n\/uploads\/2021\/09\/suno-logo.png\",\"width\":180,\"height\":180,\"caption\":\"Suno Not\u00edcias\"},\"image\":{\"@id\":\"https:\/\/www.suno.com.br\/noticias\/#\/schema\/logo\/image\/\"},\"sameAs\":[\"https:\/\/facebook.com\/sunoresearch\",\"https:\/\/x.com\/sunoresearch\",\"https:\/\/www.instagram.com\/suno\",\"https:\/\/www.linkedin.com\/company\/suno-research\/\",\"https:\/\/www.youtube.com\/c\/sunoresearch\"]},{\"@type\":\"Person\",\"@id\":\"https:\/\/www.suno.com.br\/noticias\/#\/schema\/person\/7f4d362bf3518e76090143ae77bb49a5\",\"name\":\"Eduardo Vargas\",\"image\":{\"@type\":\"ImageObject\",\"inLanguage\":\"pt-BR\",\"@id\":\"https:\/\/www.suno.com.br\/noticias\/#\/schema\/person\/image\/\",\"url\":\"https:\/\/secure.gravatar.com\/avatar\/dac340933427a22924c9f99d1eb2e3f2?s=96&r=g\",\"contentUrl\":\"https:\/\/secure.gravatar.com\/avatar\/dac340933427a22924c9f99d1eb2e3f2?s=96&r=g\",\"caption\":\"Eduardo Vargas\"},\"description\":\"Jornalista formado pela UFSC, cobre macroeconomia, neg\u00f3cios e startups para o Suno Not\u00edcias, escrevendo principalmente not\u00edcias sobre o mercado financeiro e a bolsa de valores. No YouTube e no Instagram, \u00e9 respons\u00e1vel pela produ\u00e7\u00e3o de Reels e Shorts do Suno Not\u00edcias. Anteriormente, trabalhou cobrindo economia e cotidiano no ND+ e para o ND, maior jornal impresso de Santa Catarina. Cursou um semestre letivo de Estudos de M\u00eddia na Universidad de Buenos Aires.\",\"url\":\"https:\/\/www.suno.com.br\/noticias\/author\/eduardo-vargas\/\"}]}<\/script>\n<!-- \/ Yoast SEO plugin. -->","yoast_head_json":{"title":"Agrogalaxy (AGXY3) ter\u00e1 seguros fornecidos pela Alper (APER3)","description":"Segundo acordo firmado por ambas as companhias, a Alper passar\u00e1 a fornecer seguros exclusivos \u00e0 Agrogalaxy. Clique aqui e leia mais.","robots":{"index":"index","follow":"follow","max-snippet":"max-snippet:-1","max-image-preview":"max-image-preview:large","max-video-preview":"max-video-preview:-1"},"canonical":"https:\/\/www.suno.com.br\/noticias\/agrogalaxy-agxy3-alper-aper3-seguro-fornecidos\/","og_locale":"pt_BR","og_type":"article","og_title":"Agrogalaxy (AGXY3) ter\u00e1 seguros fornecidos pela Alper (APER3)","og_description":"Segundo acordo firmado por ambas as companhias, a Alper passar\u00e1 a fornecer seguros exclusivos \u00e0 Agrogalaxy. Clique aqui e leia mais.","og_url":"https:\/\/www.suno.com.br\/noticias\/agrogalaxy-agxy3-alper-aper3-seguro-fornecidos\/","og_site_name":"Suno Not\u00edcias","article_publisher":"https:\/\/facebook.com\/sunoresearch","og_image":[{"width":1280,"height":853,"url":"https:\/\/files.sunoresearch.com.br\/n\/uploads\/2021\/03\/0c74818b-agricultural-machine-1918989_1280.jpg","type":"image\/jpeg"}],"author":"Eduardo Vargas","twitter_card":"summary_large_image","twitter_creator":"@sunoresearch","twitter_site":"@sunoresearch","twitter_misc":{"Escrito por":"Eduardo Vargas","Est. tempo de leitura":"2 minutos"},"schema":{"@context":"https:\/\/schema.org","@graph":[{"@type":"NewsArticle","@id":"https:\/\/www.suno.com.br\/noticias\/agrogalaxy-agxy3-alper-aper3-seguro-fornecidos\/#article","isPartOf":{"@id":"https:\/\/www.suno.com.br\/noticias\/agrogalaxy-agxy3-alper-aper3-seguro-fornecidos\/"},"author":{"name":"Eduardo Vargas","@id":"https:\/\/www.suno.com.br\/noticias\/#\/schema\/person\/7f4d362bf3518e76090143ae77bb49a5"},"headline":"Agrogalaxy (AGXY3) e Alper (APER3) fecham parceria para oferta de seguros","datePublished":"2021-08-31T12:36:00+00:00","dateModified":"2021-08-31T15:53:51+00:00","mainEntityOfPage":{"@id":"https:\/\/www.suno.com.br\/noticias\/agrogalaxy-agxy3-alper-aper3-seguro-fornecidos\/"},"wordCount":397,"publisher":{"@id":"https:\/\/www.suno.com.br\/noticias\/#organization"},"image":{"@id":"https:\/\/www.suno.com.br\/noticias\/agrogalaxy-agxy3-alper-aper3-seguro-fornecidos\/#primaryimage"},"thumbnailUrl":"https:\/\/files.sunoresearch.com.br\/n\/uploads\/2021\/03\/0c74818b-agricultural-machine-1918989_1280-jpg.webp","keywords":["Agrogalaxy","Alper (APER3)","IPO (Oferta Inicial de A\u00e7\u00f5es)"],"articleSection":["Neg\u00f3cios"],"inLanguage":"pt-BR"},{"@type":"WebPage","@id":"https:\/\/www.suno.com.br\/noticias\/agrogalaxy-agxy3-alper-aper3-seguro-fornecidos\/","url":"https:\/\/www.suno.com.br\/noticias\/agrogalaxy-agxy3-alper-aper3-seguro-fornecidos\/","name":"Agrogalaxy (AGXY3) ter\u00e1 seguros fornecidos pela Alper (APER3)","isPartOf":{"@id":"https:\/\/www.suno.com.br\/noticias\/#website"},"primaryImageOfPage":{"@id":"https:\/\/www.suno.com.br\/noticias\/agrogalaxy-agxy3-alper-aper3-seguro-fornecidos\/#primaryimage"},"image":{"@id":"https:\/\/www.suno.com.br\/noticias\/agrogalaxy-agxy3-alper-aper3-seguro-fornecidos\/#primaryimage"},"thumbnailUrl":"https:\/\/files.sunoresearch.com.br\/n\/uploads\/2021\/03\/0c74818b-agricultural-machine-1918989_1280-jpg.webp","datePublished":"2021-08-31T12:36:00+00:00","dateModified":"2021-08-31T15:53:51+00:00","description":"Segundo acordo firmado por ambas as companhias, a Alper passar\u00e1 a fornecer seguros exclusivos \u00e0 Agrogalaxy. Clique aqui e leia mais.","breadcrumb":{"@id":"https:\/\/www.suno.com.br\/noticias\/agrogalaxy-agxy3-alper-aper3-seguro-fornecidos\/#breadcrumb"},"inLanguage":"pt-BR","potentialAction":[{"@type":"ReadAction","target":["https:\/\/www.suno.com.br\/noticias\/agrogalaxy-agxy3-alper-aper3-seguro-fornecidos\/"]}]},{"@type":"ImageObject","inLanguage":"pt-BR","@id":"https:\/\/www.suno.com.br\/noticias\/agrogalaxy-agxy3-alper-aper3-seguro-fornecidos\/#primaryimage","url":"https:\/\/files.sunoresearch.com.br\/n\/uploads\/2021\/03\/0c74818b-agricultural-machine-1918989_1280-jpg.webp","contentUrl":"https:\/\/files.sunoresearch.com.br\/n\/uploads\/2021\/03\/0c74818b-agricultural-machine-1918989_1280-jpg.webp","width":1280,"height":853,"caption":"Agrogalaxy (AGXY3). Foto: Pixabay"},{"@type":"BreadcrumbList","@id":"https:\/\/www.suno.com.br\/noticias\/agrogalaxy-agxy3-alper-aper3-seguro-fornecidos\/#breadcrumb","itemListElement":[{"@type":"ListItem","position":1,"name":"Not\u00edcias","item":"https:\/\/www.suno.com.br\/noticias\/"},{"@type":"ListItem","position":2,"name":"Neg\u00f3cios","item":"https:\/\/www.suno.com.br\/noticias\/negocios\/"},{"@type":"ListItem","position":3,"name":"Agrogalaxy (AGXY3) e Alper (APER3) fecham parceria para oferta de seguros"}]},{"@type":"WebSite","@id":"https:\/\/www.suno.com.br\/noticias\/#website","url":"https:\/\/www.suno.com.br\/noticias\/","name":"Suno Not\u00edcias","description":"Seu portal de informa\u00e7\u00e3o sobre o mundo dos investimentos","publisher":{"@id":"https:\/\/www.suno.com.br\/noticias\/#organization"},"potentialAction":[{"@type":"SearchAction","target":{"@type":"EntryPoint","urlTemplate":"https:\/\/www.suno.com.br\/noticias\/?s={search_term_string}"},"query-input":{"@type":"PropertyValueSpecification","valueRequired":true,"valueName":"search_term_string"}}],"inLanguage":"pt-BR"},{"@type":"Organization","@id":"https:\/\/www.suno.com.br\/noticias\/#organization","name":"Suno Not\u00edcias","url":"https:\/\/www.suno.com.br\/noticias\/","logo":{"@type":"ImageObject","inLanguage":"pt-BR","@id":"https:\/\/www.suno.com.br\/noticias\/#\/schema\/logo\/image\/","url":"https:\/\/files.sunoresearch.com.br\/n\/uploads\/2021\/09\/suno-logo.png","contentUrl":"https:\/\/files.sunoresearch.com.br\/n\/uploads\/2021\/09\/suno-logo.png","width":180,"height":180,"caption":"Suno Not\u00edcias"},"image":{"@id":"https:\/\/www.suno.com.br\/noticias\/#\/schema\/logo\/image\/"},"sameAs":["https:\/\/facebook.com\/sunoresearch","https:\/\/x.com\/sunoresearch","https:\/\/www.instagram.com\/suno","https:\/\/www.linkedin.com\/company\/suno-research\/","https:\/\/www.youtube.com\/c\/sunoresearch"]},{"@type":"Person","@id":"https:\/\/www.suno.com.br\/noticias\/#\/schema\/person\/7f4d362bf3518e76090143ae77bb49a5","name":"Eduardo Vargas","image":{"@type":"ImageObject","inLanguage":"pt-BR","@id":"https:\/\/www.suno.com.br\/noticias\/#\/schema\/person\/image\/","url":"https:\/\/secure.gravatar.com\/avatar\/dac340933427a22924c9f99d1eb2e3f2?s=96&r=g","contentUrl":"https:\/\/secure.gravatar.com\/avatar\/dac340933427a22924c9f99d1eb2e3f2?s=96&r=g","caption":"Eduardo Vargas"},"description":"Jornalista formado pela UFSC, cobre macroeconomia, neg\u00f3cios e startups para o Suno Not\u00edcias, escrevendo principalmente not\u00edcias sobre o mercado financeiro e a bolsa de valores. No YouTube e no Instagram, \u00e9 respons\u00e1vel pela produ\u00e7\u00e3o de Reels e Shorts do Suno Not\u00edcias. Anteriormente, trabalhou cobrindo economia e cotidiano no ND+ e para o ND, maior jornal impresso de Santa Catarina. Cursou um semestre letivo de Estudos de M\u00eddia na Universidad de Buenos Aires.","url":"https:\/\/www.suno.com.br\/noticias\/author\/eduardo-vargas\/"}]}},"default_loop_html":"<div class=\"cardsPage__listCard__boxs\"><div class=\"cardsPage__listCard__boxs__img\"><a href=\"https:\/\/www.suno.com.br\/noticias\/agrogalaxy-agxy3-alper-aper3-seguro-fornecidos\/\"><img class=\"mask\" src=\"https:\/\/www.suno.com.br\/noticias\/wp-content\/themes\/suno\/resources\/images\/spotlight\/spotlight1img\/bg-mask.png\" alt=\"Image Mask\"\/><img src=\"https:\/\/files.sunoresearch.com.br\/n\/uploads\/2021\/03\/0c74818b-agricultural-machine-1918989_1280-400x200.webp\" alt=\"Agrogalaxy (AGXY3) e Alper (APER3) fecham parceria para oferta de seguros\"\/><\/a><span class=\"spotlightCategory\"><a href=\"https:\/\/www.suno.com.br\/noticias\/negocios\/\">Neg\u00f3cios<\/a><\/span><\/div><div class=\"cardsPage__listCard__boxs__content\"><a href=\"https:\/\/www.suno.com.br\/noticias\/agrogalaxy-agxy3-alper-aper3-seguro-fornecidos\/\"><h2 class=\"content__title\">Agrogalaxy (AGXY3) e Alper (APER3) fecham parceria para oferta de seguros<\/h2><\/a><div class=\"newsContent__article__meta\"><div class=\"newsContent__article__meta__authorBox\"><a href=\"https:\/\/www.suno.com.br\/noticias\/author\/eduardo-vargas\/\" class=\"authorBox__avatar noMobi\"><img src=\"https:\/\/secure.gravatar.com\/avatar\/dac340933427a22924c9f99d1eb2e3f2?s=96&#038;r=g\" alt=\"Eduardo Vargas\"><\/a><div class=\"authorBox__name\"><span>por\n\t\t\t<a href=\"https:\/\/www.suno.com.br\/noticias\/author\/eduardo-vargas\/\"><span itemprop=\"author\">Eduardo Vargas<\/span><\/a><\/span><time datetime=\"2021-08-31T09:36:00-03:00\" itemprop=\"datePublished\">31\/08\/2021 09:36<\/time><\/div><\/div><\/div><\/div><\/div>","single_layout":"posts","amp_enabled":true,"_links":{"self":[{"href":"https:\/\/www.suno.com.br\/noticias\/wp-json\/wp\/v2\/posts\/179668"}],"collection":[{"href":"https:\/\/www.suno.com.br\/noticias\/wp-json\/wp\/v2\/posts"}],"about":[{"href":"https:\/\/www.suno.com.br\/noticias\/wp-json\/wp\/v2\/types\/post"}],"author":[{"embeddable":true,"href":"https:\/\/www.suno.com.br\/noticias\/wp-json\/wp\/v2\/users\/73"}],"replies":[{"embeddable":true,"href":"https:\/\/www.suno.com.br\/noticias\/wp-json\/wp\/v2\/comments?post=179668"}],"version-history":[{"count":3,"href":"https:\/\/www.suno.com.br\/noticias\/wp-json\/wp\/v2\/posts\/179668\/revisions"}],"predecessor-version":[{"id":179796,"href":"https:\/\/www.suno.com.br\/noticias\/wp-json\/wp\/v2\/posts\/179668\/revisions\/179796"}],"wp:featuredmedia":[{"embeddable":true,"href":"https:\/\/www.suno.com.br\/noticias\/wp-json\/wp\/v2\/media\/139867"}],"wp:attachment":[{"href":"https:\/\/www.suno.com.br\/noticias\/wp-json\/wp\/v2\/media?parent=179668"}],"wp:term":[{"taxonomy":"category","embeddable":true,"href":"https:\/\/www.suno.com.br\/noticias\/wp-json\/wp\/v2\/categories?post=179668"},{"taxonomy":"post_tag","embeddable":true,"href":"https:\/\/www.suno.com.br\/noticias\/wp-json\/wp\/v2\/tags?post=179668"},{"taxonomy":"suno_strategy","embeddable":true,"href":"https:\/\/www.suno.com.br\/noticias\/wp-json\/wp\/v2\/suno_strategy?post=179668"}],"curies":[{"name":"wp","href":"https:\/\/api.w.org\/{rel}","templated":true}]}}