{"id":179659,"date":"2021-08-31T08:13:34","date_gmt":"2021-08-31T11:13:34","guid":{"rendered":"https:\/\/www.suno.com.br\/noticias\/?p=179659"},"modified":"2021-08-31T09:37:32","modified_gmt":"2021-08-31T12:37:32","slug":"oi-oibr3-diretoria-saem-camille-faria-e-bernardo-winik","status":"publish","type":"post","link":"https:\/\/www.suno.com.br\/noticias\/oi-oibr3-diretoria-saem-camille-faria-e-bernardo-winik\/","title":{"rendered":"Oi (OIBR3) altera sua diretoria estatut\u00e1ria: saem Camille Faria e Bernardo Winik"},"content":{"rendered":"<p>A <a class=\"suno-keyword\" href=\"https:\/\/www.suno.com.br\/acoes\/OIBR3\/\" target=\"_blank\" rel=\"noopener\" data-force=\"yes\" data-priority=\"2\"><strong>Oi<\/strong> (OIBR3)<\/a>, empresa de telecomunica\u00e7\u00e3o em recupera\u00e7\u00e3o judicial, fez altera\u00e7\u00f5es em duas das posi\u00e7\u00f5es de sua Diretoria Estatut\u00e1ria na \u00faltima segunda-feira (30), conforme informa em <a class=\"suno-keyword\" href=\"https:\/\/www.suno.com.br\/artigos\/fato-relevante\/\" target=\"_blank\" rel=\"noopener\" data-force=\"no\" data-priority=\"1\">fato relevante<\/a>.<\/p>\t<div class=\"wrapper-featured-image\">\n\t\t<figure class=\"spotlightImg\">\n\n\t\t\t<picture>\n\t\t\t\t<source media=\"(max-width: 768px)\" srcset=\"https:\/\/files.sunoresearch.com.br\/n\/uploads\/2021\/07\/a692467b-lut_6296-scaled-1-400x200.jpg\">\n\t\t\t\t<img loading=\"lazy\" decoding=\"async\" class=\"newsContent__article__imgCapa lazyloadDisabled \" src=\"https:\/\/files.sunoresearch.com.br\/n\/uploads\/2021\/07\/a692467b-lut_6296-scaled-1-800x450.jpg\" width=\"800\" height=\"450\" alt=\"Oi (OIBR3) altera sua diretoria estatut\u00e1ria: saem Camille Faria e Bernardo Winik\" fetchpriority=high \/>\n\t\t\t<\/picture>\n\n\t\t\t<figcaption class=\"wp-caption-text wp-caption-text--show\">Oi. Foto: Divulga\u00e7\u00e3o<\/figcaption>\n\t\t<\/figure>\n\t<\/div>\n\n\n\t<p>\n\t\t<a href=\"\" target=\"_blank\" data-element=\"shortcode-suno-banner\" title=\"Banner SUNO, clique e saiba mais\">\n\t\t\t<picture>\n\t\t\t\t<source media=\"(max-width: 500px)\" srcset=\"\">\n\t\t\t\t<img class=\"newsContent__article__imgCapa newsContent__article__imgCapa--banner\"\n\t\t\t\t\tsrc=\"\"\n\t\t\t\t\tdata-promo-id=\"91853\"\t\t\t\t\t\t\t\t\t\t\t\t\t\t\talt=\"\"\n\t\t\t\t>\n\t\t\t<\/picture>\n\t\t<\/a>\n\t<\/p>\n\n\n<p>A primeira diz respeito a sa\u00edda da <strong>Camille Loyo Faria<\/strong>, que se desligou dos cargos de Diretora de Finan\u00e7as e de <a class=\"suno-keyword\" href=\"https:\/\/www.suno.com.br\/artigos\/relacoes-com-investidores\/\" target=\"_blank\" rel=\"noopener\" data-force=\"no\" data-priority=\"1\">Rela\u00e7\u00f5es com Investidores<\/a> da Oi.\u00a0J\u00e1 o segundo a sair foi Bernardo Kos Winik, que deixou os postos de Diretor de Clientes e Diretor Estatut\u00e1rio.<\/p>\n<p>Enquanto Diretores Estatut\u00e1rios, ambos respondiam diretamente ao Conselho de Administra\u00e7\u00e3o da Oi por terem sido eleitos por ele. Diferente do que acontece com o posto de diretor comum, que responde ao posto hier\u00e1rquico da empresa.<\/p>\n<p>Camille Loyo Faria foi uma das respons\u00e1veis por estruturar o plano de separa\u00e7\u00e3o em unidades produtivas da <strong>empresa de telecomunica\u00e7\u00f5es<\/strong> para a venda em leil\u00f5es judiciais.\u00a0Ela tamb\u00e9m teve papel decisivo em negocia\u00e7\u00f5es com credores para a aprova\u00e7\u00e3o do aditamento ao <a class=\"suno-keyword\" href=\"https:\/\/www.suno.com.br\/artigos\/plano-de-recuperacao\/\" target=\"_blank\" rel=\"noopener\" data-force=\"no\" data-priority=\"1\">plano de recupera\u00e7\u00e3o judicial<\/a> do <strong>grupo Oi<\/strong>, e em opera\u00e7\u00f5es de capta\u00e7\u00e3o de recursos.<\/p>\n<p>De acordo com documento \u00e0 CVM, o <strong>CEO da Oi<\/strong>, Rodrigo Abreu, vai acumular as fun\u00e7\u00f5es de Faria de modo interino, at\u00e9 que novo executivo seja nomeado.<\/p>\n\t<p>\n\t\t<a href=\"https:\/\/lp.suno.com.br\/planilha-da-vida-financeira\/\" target=\"_blank\" data-element=\"shortcode-suno-banner\" title=\"Banner SUNO, clique e saiba mais\">\n\t\t\t<picture>\n\t\t\t\t<source media=\"(max-width: 500px)\" srcset=\"https:\/\/files.sunoresearch.com.br\/n\/uploads\/2023\/04\/400x300-Planilha-vida-financeira-true.png\">\n\t\t\t\t<img class=\"newsContent__article__imgCapa newsContent__article__imgCapa--banner\"\n\t\t\t\t\tsrc=\"https:\/\/files.sunoresearch.com.br\/n\/uploads\/2023\/04\/1420x240-Planilha-vida-financeira-true.png\"\n\t\t\t\t\tdata-promo-id=\"106682\"\t\t\t\t\t\t\t\t\t\twidth='1420' height='240'\t\t\t\t\talt=\"https:\/\/files.sunoresearch.com.br\/n\/uploads\/2023\/04\/1420x240-Planilha-vida-financeira-true.png\"\n\t\t\t\t>\n\t\t\t<\/picture>\n\t\t<\/a>\n\t<\/p>\n\n\n<p>J\u00e1 <strong>Bernardo Winik<\/strong> esteve a frente da renova\u00e7\u00e3o comercial da Oi em meio \u00e0 <strong>recupera\u00e7\u00e3o judicial<\/strong>. Por meio da sua atua\u00e7\u00e3o a empresa passou a focar cada vez mais em banda larga por fibra. Segundo o comunicado, o cargo de Winik deixa de existir, como parte da simplifica\u00e7\u00e3o da companhia.<\/p>\n<p>No lugar, haver\u00e1 duas lideran\u00e7as para os segmentos Consumidor\/Empresarial e Oi Solu\u00e7\u00f5es. Os dois novos cargos ser\u00e3o ocupados pelos diretores n\u00e3o estatut\u00e1rios <strong>Roberto Guenzburger<\/strong> e <strong>Adriana Coutinho Viali<\/strong>, que se reportam agora diretamente ao CEO.<\/p>\n<p>&#8220;A Companhia expressa seu agradecimento \u00e0 Sra. Camille Loyo Faria e ao Sr. Bernardo Kos Winik por sua dedica\u00e7\u00e3o e entrega, reconhecendo as contribui\u00e7\u00f5es e resultados significativos atingidos neste per\u00edodo, (&#8230;) permitindo que a mesma possa seguir de maneira bem-sucedida com seu plano estrat\u00e9gico.&#8221;<\/p>\n<h2>\u00daltima cota\u00e7\u00e3o da Oi<\/h2>\n<p>Ap\u00f3s as opera\u00e7\u00f5es de segunda-feira (30), a<strong> cota\u00e7\u00e3o da Oi<\/strong> fechou em queda de 2,61% nas <strong>a\u00e7\u00f5es OIBR3<\/strong>, valendo R$ 1,12, e desvaloriza\u00e7\u00e3o de 1,56% nas <strong>a\u00e7\u00f5es OIBR4<\/strong>, valendo R$ 1,89.<\/p>\n<p>Nos \u00faltimos 12 meses, ambas as a\u00e7\u00f5es da <strong>Oi<\/strong> acomulam desvaloriza\u00e7\u00e3o na bolsa de valores: OIBR3 de -37,08% e OIBR4 de -23,48%.<\/p>\n\t<p>\n\t\t<a href=\"https:\/\/lp.suno.com.br\/planilha-de-controle-de-investimentos\/\" target=\"_blank\" data-element=\"shortcode-suno-banner\" title=\"Banner SUNO, clique e saiba mais\">\n\t\t\t<picture>\n\t\t\t\t<source media=\"(max-width: 500px)\" srcset=\"https:\/\/files.sunoresearch.com.br\/n\/uploads\/2023\/03\/400x300-Controle-de-Investimentos.png\">\n\t\t\t\t<img class=\"newsContent__article__imgCapa newsContent__article__imgCapa--banner\"\n\t\t\t\t\tsrc=\"https:\/\/files.sunoresearch.com.br\/n\/uploads\/2023\/03\/1420x240-Controle-de-Investimentos.png\"\n\t\t\t\t\tdata-promo-id=\"75934\"\t\t\t\t\t\t\t\t\t\twidth='1420' height='240'\t\t\t\t\talt=\"https:\/\/files.sunoresearch.com.br\/n\/uploads\/2023\/03\/1420x240-Controle-de-Investimentos.png\"\n\t\t\t\t>\n\t\t\t<\/picture>\n\t\t<\/a>\n\t<\/p>\n\n\n","protected":false},"excerpt":{"rendered":"<p>A Oi (OIBR3), empresa de telecomunica\u00e7\u00e3o em recupera\u00e7\u00e3o judicial, fez altera\u00e7\u00f5es em duas das posi\u00e7\u00f5es de sua Diretoria Estatut\u00e1ria na \u00faltima segunda-feira (30), conforme informa em fato relevante. Oi. Foto: Divulga\u00e7\u00e3o A primeira diz respeito a sa\u00edda da Camille Loyo Faria, que se desligou dos cargos de Diretora de Finan\u00e7as e de Rela\u00e7\u00f5es com Investidores [&hellip;]<\/p>\n","protected":false},"author":102,"featured_media":164582,"comment_status":"closed","ping_status":"closed","sticky":false,"template":"","format":"standard","meta":[],"categories":[64],"tags":[584],"suno_strategy":[],"class_list":["post-179659","post","type-post","status-publish","format-standard","has-post-thumbnail","hentry","category-negocios","tag-oi-oibr3-oibr4"],"yoast_head":"<!-- This site is optimized with the Yoast SEO plugin v24.4 - https:\/\/yoast.com\/wordpress\/plugins\/seo\/ -->\n<title>Oi (OIBR3) reestrutura sua diretoria: saem Camille Faria e Bernardo Winik<\/title>\n<meta name=\"description\" content=\"A Oi (OIBR3) informou a sa\u00edda de dois diretores na \u00faltima segunda-feira (30): Camille Faria e Bernardo Winik. Veja como fica agora.\" \/>\n<meta name=\"robots\" content=\"index, follow, max-snippet:-1, max-image-preview:large, max-video-preview:-1\" \/>\n<link rel=\"canonical\" href=\"https:\/\/www.suno.com.br\/noticias\/oi-oibr3-diretoria-saem-camille-faria-e-bernardo-winik\/\" \/>\n<meta property=\"og:locale\" content=\"pt_BR\" \/>\n<meta property=\"og:type\" content=\"article\" \/>\n<meta property=\"og:title\" content=\"Oi (OIBR3) reestrutura sua diretoria: saem Camille Faria e Bernardo Winik\" \/>\n<meta property=\"og:description\" content=\"A Oi (OIBR3) informou a sa\u00edda de dois diretores na \u00faltima segunda-feira (30): Camille Faria e Bernardo Winik. Veja como fica agora.\" \/>\n<meta property=\"og:url\" content=\"https:\/\/www.suno.com.br\/noticias\/oi-oibr3-diretoria-saem-camille-faria-e-bernardo-winik\/\" \/>\n<meta property=\"og:site_name\" content=\"Suno Not\u00edcias\" \/>\n<meta property=\"article:publisher\" content=\"https:\/\/facebook.com\/sunoresearch\" \/>\n<meta property=\"og:image\" content=\"https:\/\/files.sunoresearch.com.br\/n\/uploads\/2021\/07\/a692467b-lut_6296-scaled-1.jpg\" \/>\n\t<meta property=\"og:image:width\" content=\"2560\" \/>\n\t<meta property=\"og:image:height\" content=\"1709\" \/>\n\t<meta property=\"og:image:type\" content=\"image\/jpeg\" \/>\n<meta name=\"author\" content=\"Monique Lima\" \/>\n<meta name=\"twitter:card\" content=\"summary_large_image\" \/>\n<meta name=\"twitter:creator\" content=\"@sunoresearch\" \/>\n<meta name=\"twitter:site\" content=\"@sunoresearch\" \/>\n<meta name=\"twitter:label1\" content=\"Escrito por\" \/>\n\t<meta name=\"twitter:data1\" content=\"Monique Lima\" \/>\n\t<meta name=\"twitter:label2\" content=\"Est. tempo de leitura\" \/>\n\t<meta name=\"twitter:data2\" content=\"2 minutos\" \/>\n<script type=\"application\/ld+json\" class=\"yoast-schema-graph\">{\"@context\":\"https:\/\/schema.org\",\"@graph\":[{\"@type\":\"NewsArticle\",\"@id\":\"https:\/\/www.suno.com.br\/noticias\/oi-oibr3-diretoria-saem-camille-faria-e-bernardo-winik\/#article\",\"isPartOf\":{\"@id\":\"https:\/\/www.suno.com.br\/noticias\/oi-oibr3-diretoria-saem-camille-faria-e-bernardo-winik\/\"},\"author\":{\"name\":\"Monique Lima\",\"@id\":\"https:\/\/www.suno.com.br\/noticias\/#\/schema\/person\/d712329319cc9b10f254d02d654cb36a\"},\"headline\":\"Oi (OIBR3) altera sua diretoria estatut\u00e1ria: saem Camille Faria e Bernardo Winik\",\"datePublished\":\"2021-08-31T11:13:34+00:00\",\"dateModified\":\"2021-08-31T12:37:32+00:00\",\"mainEntityOfPage\":{\"@id\":\"https:\/\/www.suno.com.br\/noticias\/oi-oibr3-diretoria-saem-camille-faria-e-bernardo-winik\/\"},\"wordCount\":434,\"publisher\":{\"@id\":\"https:\/\/www.suno.com.br\/noticias\/#organization\"},\"image\":{\"@id\":\"https:\/\/www.suno.com.br\/noticias\/oi-oibr3-diretoria-saem-camille-faria-e-bernardo-winik\/#primaryimage\"},\"thumbnailUrl\":\"https:\/\/files.sunoresearch.com.br\/n\/uploads\/2021\/07\/a692467b-lut_6296-scaled-1.jpg\",\"keywords\":[\"Oi (OIBR3\/OIBR4)\"],\"articleSection\":[\"Neg\u00f3cios\"],\"inLanguage\":\"pt-BR\"},{\"@type\":\"WebPage\",\"@id\":\"https:\/\/www.suno.com.br\/noticias\/oi-oibr3-diretoria-saem-camille-faria-e-bernardo-winik\/\",\"url\":\"https:\/\/www.suno.com.br\/noticias\/oi-oibr3-diretoria-saem-camille-faria-e-bernardo-winik\/\",\"name\":\"Oi (OIBR3) reestrutura sua diretoria: saem Camille Faria e Bernardo Winik\",\"isPartOf\":{\"@id\":\"https:\/\/www.suno.com.br\/noticias\/#website\"},\"primaryImageOfPage\":{\"@id\":\"https:\/\/www.suno.com.br\/noticias\/oi-oibr3-diretoria-saem-camille-faria-e-bernardo-winik\/#primaryimage\"},\"image\":{\"@id\":\"https:\/\/www.suno.com.br\/noticias\/oi-oibr3-diretoria-saem-camille-faria-e-bernardo-winik\/#primaryimage\"},\"thumbnailUrl\":\"https:\/\/files.sunoresearch.com.br\/n\/uploads\/2021\/07\/a692467b-lut_6296-scaled-1.jpg\",\"datePublished\":\"2021-08-31T11:13:34+00:00\",\"dateModified\":\"2021-08-31T12:37:32+00:00\",\"description\":\"A Oi (OIBR3) informou a sa\u00edda de dois diretores na \u00faltima segunda-feira (30): Camille Faria e Bernardo Winik. Veja como fica agora.\",\"breadcrumb\":{\"@id\":\"https:\/\/www.suno.com.br\/noticias\/oi-oibr3-diretoria-saem-camille-faria-e-bernardo-winik\/#breadcrumb\"},\"inLanguage\":\"pt-BR\",\"potentialAction\":[{\"@type\":\"ReadAction\",\"target\":[\"https:\/\/www.suno.com.br\/noticias\/oi-oibr3-diretoria-saem-camille-faria-e-bernardo-winik\/\"]}]},{\"@type\":\"ImageObject\",\"inLanguage\":\"pt-BR\",\"@id\":\"https:\/\/www.suno.com.br\/noticias\/oi-oibr3-diretoria-saem-camille-faria-e-bernardo-winik\/#primaryimage\",\"url\":\"https:\/\/files.sunoresearch.com.br\/n\/uploads\/2021\/07\/a692467b-lut_6296-scaled-1.jpg\",\"contentUrl\":\"https:\/\/files.sunoresearch.com.br\/n\/uploads\/2021\/07\/a692467b-lut_6296-scaled-1.jpg\",\"width\":2560,\"height\":1709,\"caption\":\"Oi. Foto: Divulga\u00e7\u00e3o\"},{\"@type\":\"BreadcrumbList\",\"@id\":\"https:\/\/www.suno.com.br\/noticias\/oi-oibr3-diretoria-saem-camille-faria-e-bernardo-winik\/#breadcrumb\",\"itemListElement\":[{\"@type\":\"ListItem\",\"position\":1,\"name\":\"Not\u00edcias\",\"item\":\"https:\/\/www.suno.com.br\/noticias\/\"},{\"@type\":\"ListItem\",\"position\":2,\"name\":\"Neg\u00f3cios\",\"item\":\"https:\/\/www.suno.com.br\/noticias\/negocios\/\"},{\"@type\":\"ListItem\",\"position\":3,\"name\":\"Oi (OIBR3) altera sua diretoria estatut\u00e1ria: saem Camille Faria e Bernardo Winik\"}]},{\"@type\":\"WebSite\",\"@id\":\"https:\/\/www.suno.com.br\/noticias\/#website\",\"url\":\"https:\/\/www.suno.com.br\/noticias\/\",\"name\":\"Suno Not\u00edcias\",\"description\":\"Seu portal de informa\u00e7\u00e3o sobre o mundo dos investimentos\",\"publisher\":{\"@id\":\"https:\/\/www.suno.com.br\/noticias\/#organization\"},\"potentialAction\":[{\"@type\":\"SearchAction\",\"target\":{\"@type\":\"EntryPoint\",\"urlTemplate\":\"https:\/\/www.suno.com.br\/noticias\/?s={search_term_string}\"},\"query-input\":{\"@type\":\"PropertyValueSpecification\",\"valueRequired\":true,\"valueName\":\"search_term_string\"}}],\"inLanguage\":\"pt-BR\"},{\"@type\":\"Organization\",\"@id\":\"https:\/\/www.suno.com.br\/noticias\/#organization\",\"name\":\"Suno Not\u00edcias\",\"url\":\"https:\/\/www.suno.com.br\/noticias\/\",\"logo\":{\"@type\":\"ImageObject\",\"inLanguage\":\"pt-BR\",\"@id\":\"https:\/\/www.suno.com.br\/noticias\/#\/schema\/logo\/image\/\",\"url\":\"https:\/\/files.sunoresearch.com.br\/n\/uploads\/2021\/09\/suno-logo.png\",\"contentUrl\":\"https:\/\/files.sunoresearch.com.br\/n\/uploads\/2021\/09\/suno-logo.png\",\"width\":180,\"height\":180,\"caption\":\"Suno Not\u00edcias\"},\"image\":{\"@id\":\"https:\/\/www.suno.com.br\/noticias\/#\/schema\/logo\/image\/\"},\"sameAs\":[\"https:\/\/facebook.com\/sunoresearch\",\"https:\/\/x.com\/sunoresearch\",\"https:\/\/www.instagram.com\/suno\",\"https:\/\/www.linkedin.com\/company\/suno-research\/\",\"https:\/\/www.youtube.com\/c\/sunoresearch\"]},{\"@type\":\"Person\",\"@id\":\"https:\/\/www.suno.com.br\/noticias\/#\/schema\/person\/d712329319cc9b10f254d02d654cb36a\",\"name\":\"Monique Lima\",\"image\":{\"@type\":\"ImageObject\",\"inLanguage\":\"pt-BR\",\"@id\":\"https:\/\/www.suno.com.br\/noticias\/#\/schema\/person\/image\/\",\"url\":\"https:\/\/secure.gravatar.com\/avatar\/daee7f16d906c2e9ffed236206ca2c30?s=96&r=g\",\"contentUrl\":\"https:\/\/secure.gravatar.com\/avatar\/daee7f16d906c2e9ffed236206ca2c30?s=96&r=g\",\"caption\":\"Monique Lima\"},\"description\":\"Rep\u00f3rter de Mercado no Suno Not\u00edcias, \u00e9 jornalista com experi\u00eancia na cobertura de economia, empreendedorismo, finan\u00e7as pessoais, mercado financeiro, carreira e recursos humanos. Formada em Jornalismo pela Universidade Paulista, teve experi\u00eancias em ve\u00edculos de comunica\u00e7\u00e3o como a Ag\u00eancia TradeMap, Revista Voc\u00ea S\/A e Revista Voc\u00ea RH, as duas \u00faltimas publica\u00e7\u00f5es da Editora Abril. No Suno Not\u00edcias, fala sobre as principais not\u00edcias de Fundos Imobili\u00e1rios, Fiagro, Startups e empresas listadas na Bolsa.\",\"url\":\"https:\/\/www.suno.com.br\/noticias\/author\/monique-lima\/\"}]}<\/script>\n<!-- \/ Yoast SEO plugin. -->","yoast_head_json":{"title":"Oi (OIBR3) reestrutura sua diretoria: saem Camille Faria e Bernardo Winik","description":"A Oi (OIBR3) informou a sa\u00edda de dois diretores na \u00faltima segunda-feira (30): Camille Faria e Bernardo Winik. Veja como fica agora.","robots":{"index":"index","follow":"follow","max-snippet":"max-snippet:-1","max-image-preview":"max-image-preview:large","max-video-preview":"max-video-preview:-1"},"canonical":"https:\/\/www.suno.com.br\/noticias\/oi-oibr3-diretoria-saem-camille-faria-e-bernardo-winik\/","og_locale":"pt_BR","og_type":"article","og_title":"Oi (OIBR3) reestrutura sua diretoria: saem Camille Faria e Bernardo Winik","og_description":"A Oi (OIBR3) informou a sa\u00edda de dois diretores na \u00faltima segunda-feira (30): Camille Faria e Bernardo Winik. Veja como fica agora.","og_url":"https:\/\/www.suno.com.br\/noticias\/oi-oibr3-diretoria-saem-camille-faria-e-bernardo-winik\/","og_site_name":"Suno Not\u00edcias","article_publisher":"https:\/\/facebook.com\/sunoresearch","og_image":[{"width":2560,"height":1709,"url":"https:\/\/files.sunoresearch.com.br\/n\/uploads\/2021\/07\/a692467b-lut_6296-scaled-1.jpg","type":"image\/jpeg"}],"author":"Monique Lima","twitter_card":"summary_large_image","twitter_creator":"@sunoresearch","twitter_site":"@sunoresearch","twitter_misc":{"Escrito por":"Monique Lima","Est. tempo de leitura":"2 minutos"},"schema":{"@context":"https:\/\/schema.org","@graph":[{"@type":"NewsArticle","@id":"https:\/\/www.suno.com.br\/noticias\/oi-oibr3-diretoria-saem-camille-faria-e-bernardo-winik\/#article","isPartOf":{"@id":"https:\/\/www.suno.com.br\/noticias\/oi-oibr3-diretoria-saem-camille-faria-e-bernardo-winik\/"},"author":{"name":"Monique Lima","@id":"https:\/\/www.suno.com.br\/noticias\/#\/schema\/person\/d712329319cc9b10f254d02d654cb36a"},"headline":"Oi (OIBR3) altera sua diretoria estatut\u00e1ria: saem Camille Faria e Bernardo Winik","datePublished":"2021-08-31T11:13:34+00:00","dateModified":"2021-08-31T12:37:32+00:00","mainEntityOfPage":{"@id":"https:\/\/www.suno.com.br\/noticias\/oi-oibr3-diretoria-saem-camille-faria-e-bernardo-winik\/"},"wordCount":434,"publisher":{"@id":"https:\/\/www.suno.com.br\/noticias\/#organization"},"image":{"@id":"https:\/\/www.suno.com.br\/noticias\/oi-oibr3-diretoria-saem-camille-faria-e-bernardo-winik\/#primaryimage"},"thumbnailUrl":"https:\/\/files.sunoresearch.com.br\/n\/uploads\/2021\/07\/a692467b-lut_6296-scaled-1.jpg","keywords":["Oi (OIBR3\/OIBR4)"],"articleSection":["Neg\u00f3cios"],"inLanguage":"pt-BR"},{"@type":"WebPage","@id":"https:\/\/www.suno.com.br\/noticias\/oi-oibr3-diretoria-saem-camille-faria-e-bernardo-winik\/","url":"https:\/\/www.suno.com.br\/noticias\/oi-oibr3-diretoria-saem-camille-faria-e-bernardo-winik\/","name":"Oi (OIBR3) reestrutura sua diretoria: saem Camille Faria e Bernardo Winik","isPartOf":{"@id":"https:\/\/www.suno.com.br\/noticias\/#website"},"primaryImageOfPage":{"@id":"https:\/\/www.suno.com.br\/noticias\/oi-oibr3-diretoria-saem-camille-faria-e-bernardo-winik\/#primaryimage"},"image":{"@id":"https:\/\/www.suno.com.br\/noticias\/oi-oibr3-diretoria-saem-camille-faria-e-bernardo-winik\/#primaryimage"},"thumbnailUrl":"https:\/\/files.sunoresearch.com.br\/n\/uploads\/2021\/07\/a692467b-lut_6296-scaled-1.jpg","datePublished":"2021-08-31T11:13:34+00:00","dateModified":"2021-08-31T12:37:32+00:00","description":"A Oi (OIBR3) informou a sa\u00edda de dois diretores na \u00faltima segunda-feira (30): Camille Faria e Bernardo Winik. Veja como fica agora.","breadcrumb":{"@id":"https:\/\/www.suno.com.br\/noticias\/oi-oibr3-diretoria-saem-camille-faria-e-bernardo-winik\/#breadcrumb"},"inLanguage":"pt-BR","potentialAction":[{"@type":"ReadAction","target":["https:\/\/www.suno.com.br\/noticias\/oi-oibr3-diretoria-saem-camille-faria-e-bernardo-winik\/"]}]},{"@type":"ImageObject","inLanguage":"pt-BR","@id":"https:\/\/www.suno.com.br\/noticias\/oi-oibr3-diretoria-saem-camille-faria-e-bernardo-winik\/#primaryimage","url":"https:\/\/files.sunoresearch.com.br\/n\/uploads\/2021\/07\/a692467b-lut_6296-scaled-1.jpg","contentUrl":"https:\/\/files.sunoresearch.com.br\/n\/uploads\/2021\/07\/a692467b-lut_6296-scaled-1.jpg","width":2560,"height":1709,"caption":"Oi. Foto: Divulga\u00e7\u00e3o"},{"@type":"BreadcrumbList","@id":"https:\/\/www.suno.com.br\/noticias\/oi-oibr3-diretoria-saem-camille-faria-e-bernardo-winik\/#breadcrumb","itemListElement":[{"@type":"ListItem","position":1,"name":"Not\u00edcias","item":"https:\/\/www.suno.com.br\/noticias\/"},{"@type":"ListItem","position":2,"name":"Neg\u00f3cios","item":"https:\/\/www.suno.com.br\/noticias\/negocios\/"},{"@type":"ListItem","position":3,"name":"Oi (OIBR3) altera sua diretoria estatut\u00e1ria: saem Camille Faria e Bernardo Winik"}]},{"@type":"WebSite","@id":"https:\/\/www.suno.com.br\/noticias\/#website","url":"https:\/\/www.suno.com.br\/noticias\/","name":"Suno Not\u00edcias","description":"Seu portal de informa\u00e7\u00e3o sobre o mundo dos investimentos","publisher":{"@id":"https:\/\/www.suno.com.br\/noticias\/#organization"},"potentialAction":[{"@type":"SearchAction","target":{"@type":"EntryPoint","urlTemplate":"https:\/\/www.suno.com.br\/noticias\/?s={search_term_string}"},"query-input":{"@type":"PropertyValueSpecification","valueRequired":true,"valueName":"search_term_string"}}],"inLanguage":"pt-BR"},{"@type":"Organization","@id":"https:\/\/www.suno.com.br\/noticias\/#organization","name":"Suno Not\u00edcias","url":"https:\/\/www.suno.com.br\/noticias\/","logo":{"@type":"ImageObject","inLanguage":"pt-BR","@id":"https:\/\/www.suno.com.br\/noticias\/#\/schema\/logo\/image\/","url":"https:\/\/files.sunoresearch.com.br\/n\/uploads\/2021\/09\/suno-logo.png","contentUrl":"https:\/\/files.sunoresearch.com.br\/n\/uploads\/2021\/09\/suno-logo.png","width":180,"height":180,"caption":"Suno Not\u00edcias"},"image":{"@id":"https:\/\/www.suno.com.br\/noticias\/#\/schema\/logo\/image\/"},"sameAs":["https:\/\/facebook.com\/sunoresearch","https:\/\/x.com\/sunoresearch","https:\/\/www.instagram.com\/suno","https:\/\/www.linkedin.com\/company\/suno-research\/","https:\/\/www.youtube.com\/c\/sunoresearch"]},{"@type":"Person","@id":"https:\/\/www.suno.com.br\/noticias\/#\/schema\/person\/d712329319cc9b10f254d02d654cb36a","name":"Monique Lima","image":{"@type":"ImageObject","inLanguage":"pt-BR","@id":"https:\/\/www.suno.com.br\/noticias\/#\/schema\/person\/image\/","url":"https:\/\/secure.gravatar.com\/avatar\/daee7f16d906c2e9ffed236206ca2c30?s=96&r=g","contentUrl":"https:\/\/secure.gravatar.com\/avatar\/daee7f16d906c2e9ffed236206ca2c30?s=96&r=g","caption":"Monique Lima"},"description":"Rep\u00f3rter de Mercado no Suno Not\u00edcias, \u00e9 jornalista com experi\u00eancia na cobertura de economia, empreendedorismo, finan\u00e7as pessoais, mercado financeiro, carreira e recursos humanos. Formada em Jornalismo pela Universidade Paulista, teve experi\u00eancias em ve\u00edculos de comunica\u00e7\u00e3o como a Ag\u00eancia TradeMap, Revista Voc\u00ea S\/A e Revista Voc\u00ea RH, as duas \u00faltimas publica\u00e7\u00f5es da Editora Abril. No Suno Not\u00edcias, fala sobre as principais not\u00edcias de Fundos Imobili\u00e1rios, Fiagro, Startups e empresas listadas na Bolsa.","url":"https:\/\/www.suno.com.br\/noticias\/author\/monique-lima\/"}]}},"default_loop_html":"<div class=\"cardsPage__listCard__boxs\"><div class=\"cardsPage__listCard__boxs__img\"><a href=\"https:\/\/www.suno.com.br\/noticias\/oi-oibr3-diretoria-saem-camille-faria-e-bernardo-winik\/\"><img class=\"mask\" src=\"https:\/\/www.suno.com.br\/noticias\/wp-content\/themes\/suno\/resources\/images\/spotlight\/spotlight1img\/bg-mask.png\" alt=\"Image Mask\"\/><img src=\"https:\/\/files.sunoresearch.com.br\/n\/uploads\/2021\/07\/a692467b-lut_6296-scaled-1-400x200.jpg\" alt=\"Oi (OIBR3) altera sua diretoria estatut\u00e1ria: saem Camille Faria e Bernardo Winik\"\/><\/a><span class=\"spotlightCategory\"><a href=\"https:\/\/www.suno.com.br\/noticias\/negocios\/\">Neg\u00f3cios<\/a><\/span><\/div><div class=\"cardsPage__listCard__boxs__content\"><a href=\"https:\/\/www.suno.com.br\/noticias\/oi-oibr3-diretoria-saem-camille-faria-e-bernardo-winik\/\"><h2 class=\"content__title\">Oi (OIBR3) altera sua diretoria estatut\u00e1ria: saem Camille Faria e Bernardo Winik<\/h2><\/a><div class=\"newsContent__article__meta\"><div class=\"newsContent__article__meta__authorBox\"><a href=\"https:\/\/www.suno.com.br\/noticias\/author\/monique-lima\/\" class=\"authorBox__avatar noMobi\"><img src=\"https:\/\/secure.gravatar.com\/avatar\/daee7f16d906c2e9ffed236206ca2c30?s=96&#038;r=g\" alt=\"Monique Lima\"><\/a><div class=\"authorBox__name\"><span>por\n\t\t\t<a href=\"https:\/\/www.suno.com.br\/noticias\/author\/monique-lima\/\"><span itemprop=\"author\">Monique Lima<\/span><\/a><\/span><time datetime=\"2021-08-31T08:13:34-03:00\" itemprop=\"datePublished\">31\/08\/2021 08:13<\/time><\/div><\/div><\/div><\/div><\/div>","single_layout":"posts","amp_enabled":true,"_links":{"self":[{"href":"https:\/\/www.suno.com.br\/noticias\/wp-json\/wp\/v2\/posts\/179659"}],"collection":[{"href":"https:\/\/www.suno.com.br\/noticias\/wp-json\/wp\/v2\/posts"}],"about":[{"href":"https:\/\/www.suno.com.br\/noticias\/wp-json\/wp\/v2\/types\/post"}],"author":[{"embeddable":true,"href":"https:\/\/www.suno.com.br\/noticias\/wp-json\/wp\/v2\/users\/102"}],"replies":[{"embeddable":true,"href":"https:\/\/www.suno.com.br\/noticias\/wp-json\/wp\/v2\/comments?post=179659"}],"version-history":[{"count":6,"href":"https:\/\/www.suno.com.br\/noticias\/wp-json\/wp\/v2\/posts\/179659\/revisions"}],"predecessor-version":[{"id":179719,"href":"https:\/\/www.suno.com.br\/noticias\/wp-json\/wp\/v2\/posts\/179659\/revisions\/179719"}],"wp:featuredmedia":[{"embeddable":true,"href":"https:\/\/www.suno.com.br\/noticias\/wp-json\/wp\/v2\/media\/164582"}],"wp:attachment":[{"href":"https:\/\/www.suno.com.br\/noticias\/wp-json\/wp\/v2\/media?parent=179659"}],"wp:term":[{"taxonomy":"category","embeddable":true,"href":"https:\/\/www.suno.com.br\/noticias\/wp-json\/wp\/v2\/categories?post=179659"},{"taxonomy":"post_tag","embeddable":true,"href":"https:\/\/www.suno.com.br\/noticias\/wp-json\/wp\/v2\/tags?post=179659"},{"taxonomy":"suno_strategy","embeddable":true,"href":"https:\/\/www.suno.com.br\/noticias\/wp-json\/wp\/v2\/suno_strategy?post=179659"}],"curies":[{"name":"wp","href":"https:\/\/api.w.org\/{rel}","templated":true}]}}