{"id":179587,"date":"2021-08-30T19:26:50","date_gmt":"2021-08-30T22:26:50","guid":{"rendered":"https:\/\/www.suno.com.br\/noticias\/?p=179587"},"modified":"2021-08-30T19:26:50","modified_gmt":"2021-08-30T22:26:50","slug":"anima-anim3-compra0ceub-negociacao","status":"publish","type":"post","link":"https:\/\/www.suno.com.br\/noticias\/anima-anim3-compra0ceub-negociacao\/","title":{"rendered":"\u00c2nima (ANIM3) pode comprar CEUB por R$ 800 mi, diz jornal"},"content":{"rendered":"<p>A <a href=\"https:\/\/www.suno.com.br\/acoes\/ANIM3\/\" target=\"_blank\" rel=\"noopener noreferrer\"><strong>\u00c2nima<\/strong> Educa\u00e7\u00e3o (ANIM3)<\/a> estaria prestes a comprar o Centro Universit\u00e1rio de Bras\u00edlia (CEUB). De acordo com o jornal <em>Valor<\/em>, as negocia\u00e7\u00f5es entre as duas companhias j\u00e1 est\u00e3o avan\u00e7adas e a opera\u00e7\u00e3o deve movimentar cerca de R$ 800 milh\u00f5es.<\/p>\t<div class=\"wrapper-featured-image\">\n\t\t<figure class=\"spotlightImg\">\n\n\t\t\t<picture>\n\t\t\t\t<source media=\"(max-width: 768px)\" srcset=\"https:\/\/files.sunoresearch.com.br\/n\/uploads\/2021\/07\/3711f32d-75247407_2532435753501150_3484222125013729280_n-1-400x200.jpg\">\n\t\t\t\t<img loading=\"lazy\" decoding=\"async\" class=\"newsContent__article__imgCapa lazyloadDisabled \" src=\"https:\/\/files.sunoresearch.com.br\/n\/uploads\/2021\/07\/3711f32d-75247407_2532435753501150_3484222125013729280_n-1-800x450.jpg\" width=\"800\" height=\"450\" alt=\"\u00c2nima (ANIM3) pode comprar CEUB por R$ 800 mi, diz jornal\" fetchpriority=high \/>\n\t\t\t<\/picture>\n\n\t\t\t<figcaption class=\"wp-caption-text wp-caption-text--show\">\u00c2nima:  Foto: Reprodu\u00e7\u00e3o Facebook<\/figcaption>\n\t\t<\/figure>\n\t<\/div>\n\n\n\t<p>\n\t\t<a href=\"https:\/\/lp.suno.com.br\/planilha-controle-gastos\/\" target=\"_blank\" data-element=\"shortcode-suno-banner\" title=\"Banner SUNO, clique e saiba mais\">\n\t\t\t<picture>\n\t\t\t\t<source media=\"(max-width: 500px)\" srcset=\"https:\/\/files.sunoresearch.com.br\/n\/uploads\/2023\/03\/400x300-Planilha-controle-de-gastos.png\">\n\t\t\t\t<img class=\"newsContent__article__imgCapa newsContent__article__imgCapa--banner\"\n\t\t\t\t\tsrc=\"https:\/\/files.sunoresearch.com.br\/n\/uploads\/2023\/03\/1420x240-Planilha-controle-de-gastos.png\"\n\t\t\t\t\tdata-promo-id=\"101751\"\t\t\t\t\t\t\t\t\t\twidth='1420' height='240'\t\t\t\t\talt=\"https:\/\/files.sunoresearch.com.br\/n\/uploads\/2023\/03\/1420x240-Planilha-controle-de-gastos.png\"\n\t\t\t\t>\n\t\t\t<\/picture>\n\t\t<\/a>\n\t<\/p>\n\n\n<p>Fontes afirmaram ao jornal que o valor total a ser pago pela \u00c2nima engloba o<strong> passivo fiscal da CEUB<\/strong>, gerado ap\u00f3s a faculdade brasiliense sem fins lucrativos perder essa isen\u00e7\u00e3o.<\/p>\n<p>Ainda de acordo com a reportagem, o curso de <strong>medicina da CEUB<\/strong>, com 750 alunos, foi o que chamou a aten\u00e7\u00e3o da \u00c2nima. Adona da<strong> faculdade S\u00e3o Judas<\/strong> tem cerca de 10 mil alunos de medicina &#8212; um dos cursos mais rent\u00e1veis.<\/p>\n\t<p>\n\t\t<a href=\"https:\/\/lp.suno.com.br\/planilha-da-vida-financeira\/\" target=\"_blank\" data-element=\"shortcode-suno-banner\" title=\"Banner SUNO, clique e saiba mais\">\n\t\t\t<picture>\n\t\t\t\t<source media=\"(max-width: 500px)\" srcset=\"https:\/\/files.sunoresearch.com.br\/n\/uploads\/2023\/04\/400x300-Planilha-vida-financeira-true.png\">\n\t\t\t\t<img class=\"newsContent__article__imgCapa newsContent__article__imgCapa--banner\"\n\t\t\t\t\tsrc=\"https:\/\/files.sunoresearch.com.br\/n\/uploads\/2023\/04\/1420x240-Planilha-vida-financeira-true.png\"\n\t\t\t\t\tdata-promo-id=\"106682\"\t\t\t\t\t\t\t\t\t\twidth='1420' height='240'\t\t\t\t\talt=\"https:\/\/files.sunoresearch.com.br\/n\/uploads\/2023\/04\/1420x240-Planilha-vida-financeira-true.png\"\n\t\t\t\t>\n\t\t\t<\/picture>\n\t\t<\/a>\n\t<\/p>\n\n\n<p>Recentemente, a<a href=\"https:\/\/www.suno.com.br\/noticias\/anima-anim3-grupo-laureate-ser-educacional-seer3\/\"><strong> \u00c2nima tamb\u00e9m comprou a Laureate<\/strong><\/a>. Mas foi em novembro do ano passado que a companhia assinou um contrato com o Grupo Laureate para aquisi\u00e7\u00e3o de todos os ativos do grupo no Brasil.<\/p>\n<p>O contrato previa um pre\u00e7o de R$ 4,4 bilh\u00f5es, sendo que R$ 3,77 bilh\u00f5es ser\u00e3o pagos em dinheiro para a Laureate e R$ 623 milh\u00f5es correspondem a d\u00edvidas de ativos que ser\u00e3o assumidos pela \u00c2nima.<\/p>\n<p>A proposta inclu\u00eda tamb\u00e9m R$ 203 milh\u00f5es a t\u00edtulo de earn-out por 135 vagas de medicina pendentes de aprova\u00e7\u00e3o. Conforme fato relevante divulgado em 30 de outubro, a \u00c2nima vai cumprir as obriga\u00e7\u00f5es, pagando multa de R$ 180 milh\u00f5es \u00e0<a href=\"https:\/\/www.suno.com.br\/acoes\/sedu3\/\" target=\"_blank\" rel=\"noopener noreferrer\"><strong> Ser Educacional (SEER3)<\/strong><\/a>, referente ao processo do Go Shop.<\/p>\n\t<p>\n\t\t<a href=\"https:\/\/lp.suno.com.br\/ebook-como-analisar-uma-acao\/\" target=\"_blank\" data-element=\"shortcode-suno-banner\" title=\"Banner SUNO, clique e saiba mais\">\n\t\t\t<picture>\n\t\t\t\t<source media=\"(max-width: 500px)\" srcset=\"https:\/\/files.sunoresearch.com.br\/n\/uploads\/2023\/03\/Ebook-Acoes-Mobile-1.jpg\">\n\t\t\t\t<img class=\"newsContent__article__imgCapa newsContent__article__imgCapa--banner\"\n\t\t\t\t\tsrc=\"https:\/\/files.sunoresearch.com.br\/n\/uploads\/2023\/03\/Ebook-Acoes-Desktop-1.jpg\"\n\t\t\t\t\tdata-promo-id=\"171998\"\t\t\t\t\t\t\t\t\t\twidth='1420' height='286'\t\t\t\t\talt=\"https:\/\/files.sunoresearch.com.br\/n\/uploads\/2023\/03\/Ebook-Acoes-Desktop-1.jpg\"\n\t\t\t\t>\n\t\t\t<\/picture>\n\t\t<\/a>\n\t<\/p>\n\n\n<p>Tamb\u00e9m faz parte da opera\u00e7\u00e3o a venda concomitante de 100% da Faculdades Metropolitanas Unidas (<strong>FMU<\/strong>) ao fundo <strong>Farallon<\/strong> por R$ 500 milh\u00f5es.<\/p>\n<h4>Veja tamb\u00e9m:<\/h4>\n<h2>\u00c2nima lucra R$9,5 milh\u00f5es e avan\u00e7a na integra\u00e7\u00e3o das aquisi\u00e7\u00f5es Laureate<\/h2>\n<p>Com forte estrat\u00e9gia de aquisi\u00e7\u00f5es do trimestre, a \u00c2nima registrou um <a class=\"suno-keyword\" href=\"https:\/\/www.suno.com.br\/artigos\/lucro-liquido\/\" target=\"_blank\" rel=\"noopener noreferrer\" data-force=\"no\" data-priority=\"1\">lucro l\u00edquido<\/a> de R$ 9,5 milh\u00f5es no segundo trimestre de 2021. Alta de 48,2% em rela\u00e7\u00e3o ao lucro de R$ 4,9 milh\u00f5es do mesmo per\u00edodo do ano passado.<\/p>\n<p>De acordo com a \u00c2nima, a integra\u00e7\u00e3o das novas aquisi\u00e7\u00f5es impulsionaram os bons resultados da empresa. Desde junho, somam-se ao operacional da empresa de educa\u00e7\u00e3o as seguintes institui\u00e7\u00f5es:<\/p>\n<ul>\n<li>Universidade Anhembi Morumbi (UAM);<\/li>\n<li>Business School S\u00e3o Paulo (BSP);<\/li>\n<li>Universidade Salvador (UNIFACS);<\/li>\n<li>Universidade Potiguar (UnP);<\/li>\n<li>Centro Universit\u00e1rio Ritter dos Reis (UniRitter);<\/li>\n<li>Centro Universit\u00e1rio FADERGS;<\/li>\n<li>Centro Universit\u00e1rio dos Guarapes (UniFG);<\/li>\n<li>CEDEPE Business School ;<\/li>\n<li>Centro Universit\u00e1rio IBMR;<\/li>\n<li>Faculdade Internacional da Para\u00edba (FPB); e<\/li>\n<li>Faculdade Milton Campos.<\/li>\n<\/ul>\n\t<div data-element=\"shortcode-read-more\" class=\"knowMore\">\n\t\t\t\t<span class=\"knowMore__title\">Veja tamb\u00e9m<\/span>\n\t\t\t\t<a class=\"knowMore__link\" href=\"https:\/\/www.suno.com.br\/noticias\/btg-eleva-preco-alvo-anima-anim3\/\">\n\t\t\t\u00c2nima (ANIM3): BTG eleva pre\u00e7o-alvo para R$ 15 por a\u00e7\u00e3o\t\t<\/a>\n\t<\/div>\n\n\n<p>A<a class=\"suno-keyword\" href=\"https:\/\/www.suno.com.br\/artigos\/o-que-receita-liquida\/\" target=\"_blank\" rel=\"noopener noreferrer\" data-force=\"no\" data-priority=\"1\"> receita l\u00edquida<\/a> da empresa subiu 64,5 em um ano, para R$ 586 milh\u00f5es e o Ebitda (sigla em ingl\u00eas para lucro antes de juros, impostos, <a class=\"suno-keyword\" href=\"https:\/\/www.suno.com.br\/artigos\/depreciacao-amortizacao\/\" target=\"_blank\" rel=\"noopener noreferrer\" data-force=\"no\" data-priority=\"1\">deprecia\u00e7\u00e3o e amortiza\u00e7\u00e3o<\/a>) saltou 107,7%: de R$ 85,9 milh\u00f5es apresentado no segundo trimestre do ano passado, para R$ 150,1 milh\u00f5es neste trimestre.<\/p>\n<h2>Cota\u00e7\u00e3o da ANIM3<\/h2>\n<p>A a\u00e7\u00e3o da <strong>\u00c2nima<\/strong> (ANIM3) encerrou o preg\u00e3o de hoje em leve queda de 0,30%, valendo R$ 9,95.<\/p>\n\t<p>\n\t\t<a href=\"https:\/\/lp.suno.com.br\/planilha-de-controle-de-investimentos\/\" target=\"_blank\" data-element=\"shortcode-suno-banner\" title=\"Banner SUNO, clique e saiba mais\">\n\t\t\t<picture>\n\t\t\t\t<source media=\"(max-width: 500px)\" srcset=\"https:\/\/files.sunoresearch.com.br\/n\/uploads\/2023\/03\/400x300-Controle-de-Investimentos.png\">\n\t\t\t\t<img class=\"newsContent__article__imgCapa newsContent__article__imgCapa--banner\"\n\t\t\t\t\tsrc=\"https:\/\/files.sunoresearch.com.br\/n\/uploads\/2023\/03\/1420x240-Controle-de-Investimentos.png\"\n\t\t\t\t\tdata-promo-id=\"75934\"\t\t\t\t\t\t\t\t\t\twidth='1420' height='240'\t\t\t\t\talt=\"https:\/\/files.sunoresearch.com.br\/n\/uploads\/2023\/03\/1420x240-Controle-de-Investimentos.png\"\n\t\t\t\t>\n\t\t\t<\/picture>\n\t\t<\/a>\n\t<\/p>\n\n\n","protected":false},"excerpt":{"rendered":"<p>A \u00c2nima Educa\u00e7\u00e3o (ANIM3) estaria prestes a comprar o Centro Universit\u00e1rio de Bras\u00edlia (CEUB). De acordo com o jornal Valor, as negocia\u00e7\u00f5es entre as duas companhias j\u00e1 est\u00e3o avan\u00e7adas e a opera\u00e7\u00e3o deve movimentar cerca de R$ 800 milh\u00f5es. \u00c2nima: Foto: Reprodu\u00e7\u00e3o Facebook Fontes afirmaram ao jornal que o valor total a ser pago pela [&hellip;]<\/p>\n","protected":false},"author":39,"featured_media":164438,"comment_status":"closed","ping_status":"closed","sticky":false,"template":"","format":"standard","meta":[],"categories":[64],"tags":[361],"suno_strategy":[],"class_list":["post-179587","post","type-post","status-publish","format-standard","has-post-thumbnail","hentry","category-negocios","tag-anima-anim3"],"yoast_head":"<!-- This site is optimized with the Yoast SEO plugin v24.4 - https:\/\/yoast.com\/wordpress\/plugins\/seo\/ -->\n<title>\u00c2nima (ANIM3) pode comprar CEUB por R$ 800 mi, diz jornal<\/title>\n<meta name=\"description\" content=\"A \u00c2nima Educa\u00e7\u00e3o (ANIM3) estaria negociando a compra do CEUB por R$ 800 milh\u00f5es. Clique aqui para saber mais!\" \/>\n<meta name=\"robots\" content=\"index, follow, max-snippet:-1, max-image-preview:large, max-video-preview:-1\" \/>\n<link rel=\"canonical\" href=\"https:\/\/www.suno.com.br\/noticias\/anima-anim3-compra0ceub-negociacao\/\" \/>\n<meta property=\"og:locale\" content=\"pt_BR\" \/>\n<meta property=\"og:type\" content=\"article\" \/>\n<meta property=\"og:title\" content=\"\u00c2nima (ANIM3) pode comprar CEUB por R$ 800 mi, diz jornal\" \/>\n<meta property=\"og:description\" content=\"A \u00c2nima Educa\u00e7\u00e3o (ANIM3) estaria negociando a compra do CEUB por R$ 800 milh\u00f5es. Clique aqui para saber mais!\" \/>\n<meta property=\"og:url\" content=\"https:\/\/www.suno.com.br\/noticias\/anima-anim3-compra0ceub-negociacao\/\" \/>\n<meta property=\"og:site_name\" content=\"Suno Not\u00edcias\" \/>\n<meta property=\"article:publisher\" content=\"https:\/\/facebook.com\/sunoresearch\" \/>\n<meta property=\"og:image\" content=\"https:\/\/files.sunoresearch.com.br\/n\/uploads\/2021\/07\/3711f32d-75247407_2532435753501150_3484222125013729280_n-1.jpg\" \/>\n\t<meta property=\"og:image:width\" content=\"1200\" \/>\n\t<meta property=\"og:image:height\" content=\"900\" \/>\n\t<meta property=\"og:image:type\" content=\"image\/jpeg\" \/>\n<meta name=\"author\" content=\"Laura Moutinho\" \/>\n<meta name=\"twitter:card\" content=\"summary_large_image\" \/>\n<meta name=\"twitter:creator\" content=\"@sunoresearch\" \/>\n<meta name=\"twitter:site\" content=\"@sunoresearch\" \/>\n<meta name=\"twitter:label1\" content=\"Escrito por\" \/>\n\t<meta name=\"twitter:data1\" content=\"Laura Moutinho\" \/>\n\t<meta name=\"twitter:label2\" content=\"Est. tempo de leitura\" \/>\n\t<meta name=\"twitter:data2\" content=\"2 minutos\" \/>\n<script type=\"application\/ld+json\" class=\"yoast-schema-graph\">{\"@context\":\"https:\/\/schema.org\",\"@graph\":[{\"@type\":\"NewsArticle\",\"@id\":\"https:\/\/www.suno.com.br\/noticias\/anima-anim3-compra0ceub-negociacao\/#article\",\"isPartOf\":{\"@id\":\"https:\/\/www.suno.com.br\/noticias\/anima-anim3-compra0ceub-negociacao\/\"},\"author\":{\"name\":\"Laura Moutinho\",\"@id\":\"https:\/\/www.suno.com.br\/noticias\/#\/schema\/person\/3df0d2808748b74496efe5dbeaef2c72\"},\"headline\":\"\u00c2nima (ANIM3) pode comprar CEUB por R$ 800 mi, diz jornal\",\"datePublished\":\"2021-08-30T22:26:50+00:00\",\"mainEntityOfPage\":{\"@id\":\"https:\/\/www.suno.com.br\/noticias\/anima-anim3-compra0ceub-negociacao\/\"},\"wordCount\":514,\"publisher\":{\"@id\":\"https:\/\/www.suno.com.br\/noticias\/#organization\"},\"image\":{\"@id\":\"https:\/\/www.suno.com.br\/noticias\/anima-anim3-compra0ceub-negociacao\/#primaryimage\"},\"thumbnailUrl\":\"https:\/\/files.sunoresearch.com.br\/n\/uploads\/2021\/07\/3711f32d-75247407_2532435753501150_3484222125013729280_n-1.jpg\",\"keywords\":[\"Anima (ANIM3)\"],\"articleSection\":[\"Neg\u00f3cios\"],\"inLanguage\":\"pt-BR\"},{\"@type\":\"WebPage\",\"@id\":\"https:\/\/www.suno.com.br\/noticias\/anima-anim3-compra0ceub-negociacao\/\",\"url\":\"https:\/\/www.suno.com.br\/noticias\/anima-anim3-compra0ceub-negociacao\/\",\"name\":\"\u00c2nima (ANIM3) pode comprar CEUB por R$ 800 mi, diz jornal\",\"isPartOf\":{\"@id\":\"https:\/\/www.suno.com.br\/noticias\/#website\"},\"primaryImageOfPage\":{\"@id\":\"https:\/\/www.suno.com.br\/noticias\/anima-anim3-compra0ceub-negociacao\/#primaryimage\"},\"image\":{\"@id\":\"https:\/\/www.suno.com.br\/noticias\/anima-anim3-compra0ceub-negociacao\/#primaryimage\"},\"thumbnailUrl\":\"https:\/\/files.sunoresearch.com.br\/n\/uploads\/2021\/07\/3711f32d-75247407_2532435753501150_3484222125013729280_n-1.jpg\",\"datePublished\":\"2021-08-30T22:26:50+00:00\",\"description\":\"A \u00c2nima Educa\u00e7\u00e3o (ANIM3) estaria negociando a compra do CEUB por R$ 800 milh\u00f5es. Clique aqui para saber mais!\",\"breadcrumb\":{\"@id\":\"https:\/\/www.suno.com.br\/noticias\/anima-anim3-compra0ceub-negociacao\/#breadcrumb\"},\"inLanguage\":\"pt-BR\",\"potentialAction\":[{\"@type\":\"ReadAction\",\"target\":[\"https:\/\/www.suno.com.br\/noticias\/anima-anim3-compra0ceub-negociacao\/\"]}]},{\"@type\":\"ImageObject\",\"inLanguage\":\"pt-BR\",\"@id\":\"https:\/\/www.suno.com.br\/noticias\/anima-anim3-compra0ceub-negociacao\/#primaryimage\",\"url\":\"https:\/\/files.sunoresearch.com.br\/n\/uploads\/2021\/07\/3711f32d-75247407_2532435753501150_3484222125013729280_n-1.jpg\",\"contentUrl\":\"https:\/\/files.sunoresearch.com.br\/n\/uploads\/2021\/07\/3711f32d-75247407_2532435753501150_3484222125013729280_n-1.jpg\",\"width\":1200,\"height\":900,\"caption\":\"\u00c2nima: Foto: Reprodu\u00e7\u00e3o Facebook\"},{\"@type\":\"BreadcrumbList\",\"@id\":\"https:\/\/www.suno.com.br\/noticias\/anima-anim3-compra0ceub-negociacao\/#breadcrumb\",\"itemListElement\":[{\"@type\":\"ListItem\",\"position\":1,\"name\":\"Not\u00edcias\",\"item\":\"https:\/\/www.suno.com.br\/noticias\/\"},{\"@type\":\"ListItem\",\"position\":2,\"name\":\"Neg\u00f3cios\",\"item\":\"https:\/\/www.suno.com.br\/noticias\/negocios\/\"},{\"@type\":\"ListItem\",\"position\":3,\"name\":\"\u00c2nima (ANIM3) pode comprar CEUB por R$ 800 mi, diz jornal\"}]},{\"@type\":\"WebSite\",\"@id\":\"https:\/\/www.suno.com.br\/noticias\/#website\",\"url\":\"https:\/\/www.suno.com.br\/noticias\/\",\"name\":\"Suno Not\u00edcias\",\"description\":\"Seu portal de informa\u00e7\u00e3o sobre o mundo dos investimentos\",\"publisher\":{\"@id\":\"https:\/\/www.suno.com.br\/noticias\/#organization\"},\"potentialAction\":[{\"@type\":\"SearchAction\",\"target\":{\"@type\":\"EntryPoint\",\"urlTemplate\":\"https:\/\/www.suno.com.br\/noticias\/?s={search_term_string}\"},\"query-input\":{\"@type\":\"PropertyValueSpecification\",\"valueRequired\":true,\"valueName\":\"search_term_string\"}}],\"inLanguage\":\"pt-BR\"},{\"@type\":\"Organization\",\"@id\":\"https:\/\/www.suno.com.br\/noticias\/#organization\",\"name\":\"Suno Not\u00edcias\",\"url\":\"https:\/\/www.suno.com.br\/noticias\/\",\"logo\":{\"@type\":\"ImageObject\",\"inLanguage\":\"pt-BR\",\"@id\":\"https:\/\/www.suno.com.br\/noticias\/#\/schema\/logo\/image\/\",\"url\":\"https:\/\/files.sunoresearch.com.br\/n\/uploads\/2021\/09\/suno-logo.png\",\"contentUrl\":\"https:\/\/files.sunoresearch.com.br\/n\/uploads\/2021\/09\/suno-logo.png\",\"width\":180,\"height\":180,\"caption\":\"Suno Not\u00edcias\"},\"image\":{\"@id\":\"https:\/\/www.suno.com.br\/noticias\/#\/schema\/logo\/image\/\"},\"sameAs\":[\"https:\/\/facebook.com\/sunoresearch\",\"https:\/\/x.com\/sunoresearch\",\"https:\/\/www.instagram.com\/suno\",\"https:\/\/www.linkedin.com\/company\/suno-research\/\",\"https:\/\/www.youtube.com\/c\/sunoresearch\"]},{\"@type\":\"Person\",\"@id\":\"https:\/\/www.suno.com.br\/noticias\/#\/schema\/person\/3df0d2808748b74496efe5dbeaef2c72\",\"name\":\"Laura Moutinho\",\"image\":{\"@type\":\"ImageObject\",\"inLanguage\":\"pt-BR\",\"@id\":\"https:\/\/www.suno.com.br\/noticias\/#\/schema\/person\/image\/\",\"url\":\"https:\/\/secure.gravatar.com\/avatar\/7571c7c8ca3a6fca5e41384ece5557ff?s=96&r=g\",\"contentUrl\":\"https:\/\/secure.gravatar.com\/avatar\/7571c7c8ca3a6fca5e41384ece5557ff?s=96&r=g\",\"caption\":\"Laura Moutinho\"},\"description\":\"Estagi\u00e1ria na Suno Not\u00edcias, escreve not\u00edcias que afetam o mercado financeiro. Estuda administra\u00e7\u00e3o na Universidade Presbiteriana Mackenzie.\",\"url\":\"https:\/\/www.suno.com.br\/noticias\/author\/laura-moutinho\/\"}]}<\/script>\n<!-- \/ Yoast SEO plugin. -->","yoast_head_json":{"title":"\u00c2nima (ANIM3) pode comprar CEUB por R$ 800 mi, diz jornal","description":"A \u00c2nima Educa\u00e7\u00e3o (ANIM3) estaria negociando a compra do CEUB por R$ 800 milh\u00f5es. Clique aqui para saber mais!","robots":{"index":"index","follow":"follow","max-snippet":"max-snippet:-1","max-image-preview":"max-image-preview:large","max-video-preview":"max-video-preview:-1"},"canonical":"https:\/\/www.suno.com.br\/noticias\/anima-anim3-compra0ceub-negociacao\/","og_locale":"pt_BR","og_type":"article","og_title":"\u00c2nima (ANIM3) pode comprar CEUB por R$ 800 mi, diz jornal","og_description":"A \u00c2nima Educa\u00e7\u00e3o (ANIM3) estaria negociando a compra do CEUB por R$ 800 milh\u00f5es. Clique aqui para saber mais!","og_url":"https:\/\/www.suno.com.br\/noticias\/anima-anim3-compra0ceub-negociacao\/","og_site_name":"Suno Not\u00edcias","article_publisher":"https:\/\/facebook.com\/sunoresearch","og_image":[{"width":1200,"height":900,"url":"https:\/\/files.sunoresearch.com.br\/n\/uploads\/2021\/07\/3711f32d-75247407_2532435753501150_3484222125013729280_n-1.jpg","type":"image\/jpeg"}],"author":"Laura Moutinho","twitter_card":"summary_large_image","twitter_creator":"@sunoresearch","twitter_site":"@sunoresearch","twitter_misc":{"Escrito por":"Laura Moutinho","Est. tempo de leitura":"2 minutos"},"schema":{"@context":"https:\/\/schema.org","@graph":[{"@type":"NewsArticle","@id":"https:\/\/www.suno.com.br\/noticias\/anima-anim3-compra0ceub-negociacao\/#article","isPartOf":{"@id":"https:\/\/www.suno.com.br\/noticias\/anima-anim3-compra0ceub-negociacao\/"},"author":{"name":"Laura Moutinho","@id":"https:\/\/www.suno.com.br\/noticias\/#\/schema\/person\/3df0d2808748b74496efe5dbeaef2c72"},"headline":"\u00c2nima (ANIM3) pode comprar CEUB por R$ 800 mi, diz jornal","datePublished":"2021-08-30T22:26:50+00:00","mainEntityOfPage":{"@id":"https:\/\/www.suno.com.br\/noticias\/anima-anim3-compra0ceub-negociacao\/"},"wordCount":514,"publisher":{"@id":"https:\/\/www.suno.com.br\/noticias\/#organization"},"image":{"@id":"https:\/\/www.suno.com.br\/noticias\/anima-anim3-compra0ceub-negociacao\/#primaryimage"},"thumbnailUrl":"https:\/\/files.sunoresearch.com.br\/n\/uploads\/2021\/07\/3711f32d-75247407_2532435753501150_3484222125013729280_n-1.jpg","keywords":["Anima (ANIM3)"],"articleSection":["Neg\u00f3cios"],"inLanguage":"pt-BR"},{"@type":"WebPage","@id":"https:\/\/www.suno.com.br\/noticias\/anima-anim3-compra0ceub-negociacao\/","url":"https:\/\/www.suno.com.br\/noticias\/anima-anim3-compra0ceub-negociacao\/","name":"\u00c2nima (ANIM3) pode comprar CEUB por R$ 800 mi, diz jornal","isPartOf":{"@id":"https:\/\/www.suno.com.br\/noticias\/#website"},"primaryImageOfPage":{"@id":"https:\/\/www.suno.com.br\/noticias\/anima-anim3-compra0ceub-negociacao\/#primaryimage"},"image":{"@id":"https:\/\/www.suno.com.br\/noticias\/anima-anim3-compra0ceub-negociacao\/#primaryimage"},"thumbnailUrl":"https:\/\/files.sunoresearch.com.br\/n\/uploads\/2021\/07\/3711f32d-75247407_2532435753501150_3484222125013729280_n-1.jpg","datePublished":"2021-08-30T22:26:50+00:00","description":"A \u00c2nima Educa\u00e7\u00e3o (ANIM3) estaria negociando a compra do CEUB por R$ 800 milh\u00f5es. Clique aqui para saber mais!","breadcrumb":{"@id":"https:\/\/www.suno.com.br\/noticias\/anima-anim3-compra0ceub-negociacao\/#breadcrumb"},"inLanguage":"pt-BR","potentialAction":[{"@type":"ReadAction","target":["https:\/\/www.suno.com.br\/noticias\/anima-anim3-compra0ceub-negociacao\/"]}]},{"@type":"ImageObject","inLanguage":"pt-BR","@id":"https:\/\/www.suno.com.br\/noticias\/anima-anim3-compra0ceub-negociacao\/#primaryimage","url":"https:\/\/files.sunoresearch.com.br\/n\/uploads\/2021\/07\/3711f32d-75247407_2532435753501150_3484222125013729280_n-1.jpg","contentUrl":"https:\/\/files.sunoresearch.com.br\/n\/uploads\/2021\/07\/3711f32d-75247407_2532435753501150_3484222125013729280_n-1.jpg","width":1200,"height":900,"caption":"\u00c2nima: Foto: Reprodu\u00e7\u00e3o Facebook"},{"@type":"BreadcrumbList","@id":"https:\/\/www.suno.com.br\/noticias\/anima-anim3-compra0ceub-negociacao\/#breadcrumb","itemListElement":[{"@type":"ListItem","position":1,"name":"Not\u00edcias","item":"https:\/\/www.suno.com.br\/noticias\/"},{"@type":"ListItem","position":2,"name":"Neg\u00f3cios","item":"https:\/\/www.suno.com.br\/noticias\/negocios\/"},{"@type":"ListItem","position":3,"name":"\u00c2nima (ANIM3) pode comprar CEUB por R$ 800 mi, diz jornal"}]},{"@type":"WebSite","@id":"https:\/\/www.suno.com.br\/noticias\/#website","url":"https:\/\/www.suno.com.br\/noticias\/","name":"Suno Not\u00edcias","description":"Seu portal de informa\u00e7\u00e3o sobre o mundo dos investimentos","publisher":{"@id":"https:\/\/www.suno.com.br\/noticias\/#organization"},"potentialAction":[{"@type":"SearchAction","target":{"@type":"EntryPoint","urlTemplate":"https:\/\/www.suno.com.br\/noticias\/?s={search_term_string}"},"query-input":{"@type":"PropertyValueSpecification","valueRequired":true,"valueName":"search_term_string"}}],"inLanguage":"pt-BR"},{"@type":"Organization","@id":"https:\/\/www.suno.com.br\/noticias\/#organization","name":"Suno Not\u00edcias","url":"https:\/\/www.suno.com.br\/noticias\/","logo":{"@type":"ImageObject","inLanguage":"pt-BR","@id":"https:\/\/www.suno.com.br\/noticias\/#\/schema\/logo\/image\/","url":"https:\/\/files.sunoresearch.com.br\/n\/uploads\/2021\/09\/suno-logo.png","contentUrl":"https:\/\/files.sunoresearch.com.br\/n\/uploads\/2021\/09\/suno-logo.png","width":180,"height":180,"caption":"Suno Not\u00edcias"},"image":{"@id":"https:\/\/www.suno.com.br\/noticias\/#\/schema\/logo\/image\/"},"sameAs":["https:\/\/facebook.com\/sunoresearch","https:\/\/x.com\/sunoresearch","https:\/\/www.instagram.com\/suno","https:\/\/www.linkedin.com\/company\/suno-research\/","https:\/\/www.youtube.com\/c\/sunoresearch"]},{"@type":"Person","@id":"https:\/\/www.suno.com.br\/noticias\/#\/schema\/person\/3df0d2808748b74496efe5dbeaef2c72","name":"Laura Moutinho","image":{"@type":"ImageObject","inLanguage":"pt-BR","@id":"https:\/\/www.suno.com.br\/noticias\/#\/schema\/person\/image\/","url":"https:\/\/secure.gravatar.com\/avatar\/7571c7c8ca3a6fca5e41384ece5557ff?s=96&r=g","contentUrl":"https:\/\/secure.gravatar.com\/avatar\/7571c7c8ca3a6fca5e41384ece5557ff?s=96&r=g","caption":"Laura Moutinho"},"description":"Estagi\u00e1ria na Suno Not\u00edcias, escreve not\u00edcias que afetam o mercado financeiro. Estuda administra\u00e7\u00e3o na Universidade Presbiteriana Mackenzie.","url":"https:\/\/www.suno.com.br\/noticias\/author\/laura-moutinho\/"}]}},"default_loop_html":"<div class=\"cardsPage__listCard__boxs\"><div class=\"cardsPage__listCard__boxs__img\"><a href=\"https:\/\/www.suno.com.br\/noticias\/anima-anim3-compra0ceub-negociacao\/\"><img class=\"mask\" src=\"https:\/\/www.suno.com.br\/noticias\/wp-content\/themes\/suno\/resources\/images\/spotlight\/spotlight1img\/bg-mask.png\" alt=\"Image Mask\"\/><img src=\"https:\/\/files.sunoresearch.com.br\/n\/uploads\/2021\/07\/3711f32d-75247407_2532435753501150_3484222125013729280_n-1-400x200.jpg\" alt=\"\u00c2nima (ANIM3) pode comprar CEUB por R$ 800 mi, diz jornal\"\/><\/a><span class=\"spotlightCategory\"><a href=\"https:\/\/www.suno.com.br\/noticias\/negocios\/\">Neg\u00f3cios<\/a><\/span><\/div><div class=\"cardsPage__listCard__boxs__content\"><a href=\"https:\/\/www.suno.com.br\/noticias\/anima-anim3-compra0ceub-negociacao\/\"><h2 class=\"content__title\">\u00c2nima (ANIM3) pode comprar CEUB por R$ 800 mi, diz jornal<\/h2><\/a><div class=\"newsContent__article__meta\"><div class=\"newsContent__article__meta__authorBox\"><a href=\"https:\/\/www.suno.com.br\/noticias\/author\/laura-moutinho\/\" class=\"authorBox__avatar noMobi\"><img src=\"https:\/\/files.sunoresearch.com.br\/n\/uploads\/2020\/08\/531ff69d-whatsapp-image-2020-08-03-at-14.54.38-150x150.webp\" alt=\"Laura Moutinho\"><\/a><div class=\"authorBox__name\"><span>por\n\t\t\t<a href=\"https:\/\/www.suno.com.br\/noticias\/author\/laura-moutinho\/\"><span itemprop=\"author\">Laura Moutinho<\/span><\/a><\/span><time datetime=\"2021-08-30T19:26:50-03:00\" itemprop=\"datePublished\">30\/08\/2021 19:26<\/time><\/div><\/div><\/div><\/div><\/div>","single_layout":"posts","amp_enabled":true,"_links":{"self":[{"href":"https:\/\/www.suno.com.br\/noticias\/wp-json\/wp\/v2\/posts\/179587"}],"collection":[{"href":"https:\/\/www.suno.com.br\/noticias\/wp-json\/wp\/v2\/posts"}],"about":[{"href":"https:\/\/www.suno.com.br\/noticias\/wp-json\/wp\/v2\/types\/post"}],"author":[{"embeddable":true,"href":"https:\/\/www.suno.com.br\/noticias\/wp-json\/wp\/v2\/users\/39"}],"replies":[{"embeddable":true,"href":"https:\/\/www.suno.com.br\/noticias\/wp-json\/wp\/v2\/comments?post=179587"}],"version-history":[{"count":3,"href":"https:\/\/www.suno.com.br\/noticias\/wp-json\/wp\/v2\/posts\/179587\/revisions"}],"predecessor-version":[{"id":179604,"href":"https:\/\/www.suno.com.br\/noticias\/wp-json\/wp\/v2\/posts\/179587\/revisions\/179604"}],"wp:featuredmedia":[{"embeddable":true,"href":"https:\/\/www.suno.com.br\/noticias\/wp-json\/wp\/v2\/media\/164438"}],"wp:attachment":[{"href":"https:\/\/www.suno.com.br\/noticias\/wp-json\/wp\/v2\/media?parent=179587"}],"wp:term":[{"taxonomy":"category","embeddable":true,"href":"https:\/\/www.suno.com.br\/noticias\/wp-json\/wp\/v2\/categories?post=179587"},{"taxonomy":"post_tag","embeddable":true,"href":"https:\/\/www.suno.com.br\/noticias\/wp-json\/wp\/v2\/tags?post=179587"},{"taxonomy":"suno_strategy","embeddable":true,"href":"https:\/\/www.suno.com.br\/noticias\/wp-json\/wp\/v2\/suno_strategy?post=179587"}],"curies":[{"name":"wp","href":"https:\/\/api.w.org\/{rel}","templated":true}]}}