{"id":179440,"date":"2021-08-30T12:43:41","date_gmt":"2021-08-30T15:43:41","guid":{"rendered":"https:\/\/www.suno.com.br\/noticias\/?p=179440"},"modified":"2021-08-30T12:43:41","modified_gmt":"2021-08-30T15:43:41","slug":"vibra-energia-brdt3-fundo-imobiliario-postos-combustiveis-prisma-capital","status":"publish","type":"post","link":"https:\/\/www.suno.com.br\/noticias\/vibra-energia-brdt3-fundo-imobiliario-postos-combustiveis-prisma-capital\/","title":{"rendered":"Vibra Energia (BRDT3), ex-BR, criar\u00e1 fundo imobili\u00e1rio de postos de combust\u00edveis com Prisma Capital"},"content":{"rendered":"<p>A <a href=\"https:\/\/www.suno.com.br\/acoes\/BRDT3\/\" target=\"_blank\" rel=\"noopener\"><strong>Vibra Energia<\/strong> (BRDT3)<\/a>, ex-BR Distribuidora, celebrou um memorando de entendimento (MoU) com a Prisma Capital para a cria\u00e7\u00e3o de um <a class=\"suno-keyword\" href=\"https:\/\/www.suno.com.br\/artigos\/fundo-de-investimento-em-participacoes\/\" target=\"_blank\" rel=\"noopener\" data-force=\"no\" data-priority=\"2\">fundo de investimento<\/a> imobili\u00e1rio (FII).<\/p>\t<div class=\"wrapper-featured-image\">\n\t\t<figure class=\"spotlightImg\">\n\n\t\t\t<picture>\n\t\t\t\t<source media=\"(max-width: 768px)\" srcset=\"https:\/\/files.sunoresearch.com.br\/n\/uploads\/2021\/05\/1ab0e3e8-br-distribuidora-4-1-400x200.webp\">\n\t\t\t\t<img loading=\"lazy\" decoding=\"async\" class=\"newsContent__article__imgCapa lazyloadDisabled \" src=\"https:\/\/files.sunoresearch.com.br\/n\/uploads\/2021\/05\/1ab0e3e8-br-distribuidora-4-1-800x450.webp\" width=\"800\" height=\"450\" alt=\"Vibra Energia (BRDT3), ex-BR, criar\u00e1 fundo imobili\u00e1rio de postos de combust\u00edveis com Prisma Capital\" fetchpriority=high \/>\n\t\t\t<\/picture>\n\n\t\t\t<figcaption class=\"wp-caption-text wp-caption-text--show\">BR Distribuidora. Foto: divulga\u00e7\u00e3o<\/figcaption>\n\t\t<\/figure>\n\t<\/div>\n\n\n\t<p>\n\t\t<a href=\"https:\/\/lp.suno.com.br\/planilha-controle-gastos\/\" target=\"_blank\" data-element=\"shortcode-suno-banner\" title=\"Banner SUNO, clique e saiba mais\">\n\t\t\t<picture>\n\t\t\t\t<source media=\"(max-width: 500px)\" srcset=\"https:\/\/files.sunoresearch.com.br\/n\/uploads\/2023\/03\/400x300-Planilha-controle-de-gastos.png\">\n\t\t\t\t<img class=\"newsContent__article__imgCapa newsContent__article__imgCapa--banner\"\n\t\t\t\t\tsrc=\"https:\/\/files.sunoresearch.com.br\/n\/uploads\/2023\/03\/1420x240-Planilha-controle-de-gastos.png\"\n\t\t\t\t\tdata-promo-id=\"101751\"\t\t\t\t\t\t\t\t\t\twidth='1420' height='240'\t\t\t\t\talt=\"https:\/\/files.sunoresearch.com.br\/n\/uploads\/2023\/03\/1420x240-Planilha-controle-de-gastos.png\"\n\t\t\t\t>\n\t\t\t<\/picture>\n\t\t<\/a>\n\t<\/p>\n\n\n<p>De acordo com <a class=\"suno-keyword\" href=\"https:\/\/www.suno.com.br\/artigos\/fato-relevante\/\" target=\"_blank\" rel=\"noopener\" data-force=\"no\" data-priority=\"1\">fato relevante<\/a>, o <strong>FII<\/strong> receber\u00e1 aporte de im\u00f3veis da Vibra Energia, sendo eles todos <strong>postos de combust\u00edveis<\/strong> com bandeira Petrobras, avaliados em R$ 643,8 milh\u00f5es.<\/p>\n<p>A ex-<strong>BR Distribuidora<\/strong> informou que a opera\u00e7\u00e3o com a Prisma Capital engloba o aporte e gest\u00e3o de uma carteira de at\u00e9 238 im\u00f3veis.<\/p>\n<p>\u201cTrata-se de uma opera\u00e7\u00e3o inovadora no mercado brasileiro, com capilaridade nacional, englobando o aporte e a gest\u00e3o profissional de uma carteira de at\u00e9 238 im\u00f3veis\u201d, diz a Vibra Energia em documento.<\/p>\n<p>A monetiza\u00e7\u00e3o ocorrer\u00e1 em tr\u00eas etapas, conforme explica a <strong>Vibra<\/strong>:<\/p>\n<ul>\n<li>primeiro, com o aporte dos im\u00f3veis pela Vibra no FII e aquisi\u00e7\u00e3o de 15% das cotas pela <strong>Prisma Capital<\/strong>;<\/li>\n<li>segundo, com venda direta aos atuais operadores dos postos; e<\/li>\n<li>terceiro, com a listagem do fundo no mercado e oferta a investidores e p\u00fablico em geral.<\/li>\n<\/ul>\n\t<p>\n\t\t<a href=\"\" target=\"_blank\" data-element=\"shortcode-suno-banner\" title=\"Banner SUNO, clique e saiba mais\">\n\t\t\t<picture>\n\t\t\t\t<source media=\"(max-width: 500px)\" srcset=\"\">\n\t\t\t\t<img class=\"newsContent__article__imgCapa newsContent__article__imgCapa--banner\"\n\t\t\t\t\tsrc=\"\"\n\t\t\t\t\tdata-promo-id=\"77014\"\t\t\t\t\t\t\t\t\t\t\t\t\t\t\talt=\"\"\n\t\t\t\t>\n\t\t\t<\/picture>\n\t\t<\/a>\n\t<\/p>\n\n\n<p>&#8220;A conclus\u00e3o da opera\u00e7\u00e3o est\u00e1 condicionada \u00e0 negocia\u00e7\u00e3o e assinatura dos instrumentos definitivos pelas partes e sua aprova\u00e7\u00e3o pelas respectivas inst\u00e2ncias societ\u00e1rias competentes, bem como demais condi\u00e7\u00f5es precedentes usuais desse tipo de opera\u00e7\u00e3o&#8221;, informa a empresa em comunicado.<\/p>\n<h2>Vibra Energia cria <em>joint venture<\/em> com Copersucar<\/h2>\n<p>Tamb\u00e9m nesta segunda-feira (30), a <a href=\"https:\/\/www.suno.com.br\/noticias\/vibra-energia-brdt3-joint-venture-copersucar-etanol\/\" target=\"_blank\" rel=\"noopener\">Vibra Energia celebrou parceria com a Copersucar<\/a> para a cria\u00e7\u00e3o de uma <a href=\"https:\/\/www.suno.com.br\/artigos\/joint-venture\/\" target=\"_blank\" rel=\"noopener\"><em>joint venture<\/em><\/a> que atuar\u00e1 como Empresa Comercializadora de Etanol (ECE). A ECE contar\u00e1 com uma gest\u00e3o independente e governan\u00e7a corporativa pr\u00f3pria.<\/p>\n<p>A Vibra Energia ir\u00e1 adquirir da Copersucar a\u00e7\u00f5es representativas de 49,99% do capital social da ECE pelo valor de R$ 4,99 milh\u00f5es.\u00a0Os outros 50,01% de participa\u00e7\u00e3o permanece com a Copersucar, em uma sociedade que ser\u00e1 constitu\u00edda com capital social de R$ 10 milh\u00f5es, por determina\u00e7\u00e3o regulat\u00f3ria.<\/p>\n\t<p>\n\t\t<a href=\"\" target=\"_blank\" data-element=\"shortcode-suno-banner\" title=\"Banner SUNO, clique e saiba mais\">\n\t\t\t<picture>\n\t\t\t\t<source media=\"(max-width: 500px)\" srcset=\"\">\n\t\t\t\t<img class=\"newsContent__article__imgCapa newsContent__article__imgCapa--banner\"\n\t\t\t\t\tsrc=\"\"\n\t\t\t\t\tdata-promo-id=\"77050\"\t\t\t\t\t\t\t\t\t\t\t\t\t\t\talt=\"\"\n\t\t\t\t>\n\t\t\t<\/picture>\n\t\t<\/a>\n\t<\/p>\n\n\n<p>Ap\u00f3s as devidas aprova\u00e7\u00f5es da opera\u00e7\u00e3o pelas autoridades competentes, as acionistas ir\u00e3o aportar na nova sociedade mais R$ 440 milh\u00f5es, na propor\u00e7\u00e3o de suas participa\u00e7\u00f5es. N\u00e3o haver\u00e1 aporte de ativos imobilizados dos s\u00f3cios, informa a Vibra Energia.<\/p>\n<p>Para Luis Sales, analista da Guide Investimentos, o impacto da opera\u00e7\u00e3o \u00e9 positivo para as <strong>a\u00e7\u00f5es da Vibra Energia<\/strong> no Ibovespa.<\/p>\n<p>&#8220;Vemos a cria\u00e7\u00e3o da JV com bons olhos, pelo potencial sin\u00e9rgico que deve ser criado. Quest\u00f5es como ganhos com escala e melhores controles operacionais, al\u00e9m de maior capacidade de carregos de estoque&#8221;, comenta por relat\u00f3rio aos clientes.<\/p>\n<h2>\u00daltima Cota\u00e7\u00e3o<\/h2>\n<p>\u00c0s 12:25, a <strong>cota\u00e7\u00e3o da Vibra Energia<\/strong>, ex-BR Distribuidora, operava em alta no Ibovespa. As <strong>a\u00e7\u00f5es BRDT3<\/strong> subiam 0,33%, valendo R$ 27,22.<\/p>\n<p>Nos \u00faltimos 12 meses, a <strong>Vibra Energia<\/strong> acumula uma valoriza\u00e7\u00e3o de 38,33% nas suas a\u00e7\u00f5es.<\/p>\n\t<p>\n\t\t<a href=\"https:\/\/lp.suno.com.br\/planilha-de-controle-de-investimentos\/\" target=\"_blank\" data-element=\"shortcode-suno-banner\" title=\"Banner SUNO, clique e saiba mais\">\n\t\t\t<picture>\n\t\t\t\t<source media=\"(max-width: 500px)\" srcset=\"https:\/\/files.sunoresearch.com.br\/n\/uploads\/2023\/03\/400x300-Controle-de-Investimentos.png\">\n\t\t\t\t<img class=\"newsContent__article__imgCapa newsContent__article__imgCapa--banner\"\n\t\t\t\t\tsrc=\"https:\/\/files.sunoresearch.com.br\/n\/uploads\/2023\/03\/1420x240-Controle-de-Investimentos.png\"\n\t\t\t\t\tdata-promo-id=\"75934\"\t\t\t\t\t\t\t\t\t\twidth='1420' height='240'\t\t\t\t\talt=\"https:\/\/files.sunoresearch.com.br\/n\/uploads\/2023\/03\/1420x240-Controle-de-Investimentos.png\"\n\t\t\t\t>\n\t\t\t<\/picture>\n\t\t<\/a>\n\t<\/p>\n\n\n","protected":false},"excerpt":{"rendered":"<p>A Vibra Energia (BRDT3), ex-BR Distribuidora, celebrou um memorando de entendimento (MoU) com a Prisma Capital para a cria\u00e7\u00e3o de um fundo de investimento imobili\u00e1rio (FII). BR Distribuidora. Foto: divulga\u00e7\u00e3o De acordo com fato relevante, o FII receber\u00e1 aporte de im\u00f3veis da Vibra Energia, sendo eles todos postos de combust\u00edveis com bandeira Petrobras, avaliados em [&hellip;]<\/p>\n","protected":false},"author":102,"featured_media":147298,"comment_status":"closed","ping_status":"closed","sticky":false,"template":"","format":"standard","meta":[],"categories":[64],"tags":[105816,596],"suno_strategy":[],"class_list":["post-179440","post","type-post","status-publish","format-standard","has-post-thumbnail","hentry","category-negocios","tag-especialistas","tag-vibra-energia-vbbr3"],"yoast_head":"<!-- This site is optimized with the Yoast SEO plugin v24.4 - https:\/\/yoast.com\/wordpress\/plugins\/seo\/ -->\n<title>Vibra Energia (BRDT3), criar\u00e1 fundo imobili\u00e1rio de postos de combust\u00edveis<\/title>\n<meta name=\"description\" content=\"A Vibra Energia (BRDT3), ex-BR, firmou parceria com a Prisma Capital para criar fundos imobili\u00e1rios dos seus postos de combust\u00edveis. Entenda.\" \/>\n<meta name=\"robots\" content=\"index, follow, max-snippet:-1, max-image-preview:large, max-video-preview:-1\" \/>\n<link rel=\"canonical\" href=\"https:\/\/www.suno.com.br\/noticias\/vibra-energia-brdt3-fundo-imobiliario-postos-combustiveis-prisma-capital\/\" \/>\n<meta property=\"og:locale\" content=\"pt_BR\" \/>\n<meta property=\"og:type\" content=\"article\" \/>\n<meta property=\"og:title\" content=\"Vibra Energia (BRDT3), criar\u00e1 fundo imobili\u00e1rio de postos de combust\u00edveis\" \/>\n<meta property=\"og:description\" content=\"A Vibra Energia (BRDT3), ex-BR, firmou parceria com a Prisma Capital para criar fundos imobili\u00e1rios dos seus postos de combust\u00edveis. Entenda.\" \/>\n<meta property=\"og:url\" content=\"https:\/\/www.suno.com.br\/noticias\/vibra-energia-brdt3-fundo-imobiliario-postos-combustiveis-prisma-capital\/\" \/>\n<meta property=\"og:site_name\" content=\"Suno Not\u00edcias\" \/>\n<meta property=\"article:publisher\" content=\"https:\/\/facebook.com\/sunoresearch\" \/>\n<meta property=\"og:image\" content=\"https:\/\/files.sunoresearch.com.br\/n\/uploads\/2021\/05\/1ab0e3e8-br-distribuidora-4-1.jpg\" \/>\n\t<meta property=\"og:image:width\" content=\"1200\" \/>\n\t<meta property=\"og:image:height\" content=\"677\" \/>\n\t<meta property=\"og:image:type\" content=\"image\/jpeg\" \/>\n<meta name=\"author\" content=\"Monique Lima\" \/>\n<meta name=\"twitter:card\" content=\"summary_large_image\" \/>\n<meta name=\"twitter:creator\" content=\"@sunoresearch\" \/>\n<meta name=\"twitter:site\" content=\"@sunoresearch\" \/>\n<meta name=\"twitter:label1\" content=\"Escrito por\" \/>\n\t<meta name=\"twitter:data1\" content=\"Monique Lima\" \/>\n\t<meta name=\"twitter:label2\" content=\"Est. tempo de leitura\" \/>\n\t<meta name=\"twitter:data2\" content=\"2 minutos\" \/>\n<script type=\"application\/ld+json\" class=\"yoast-schema-graph\">{\"@context\":\"https:\/\/schema.org\",\"@graph\":[{\"@type\":\"NewsArticle\",\"@id\":\"https:\/\/www.suno.com.br\/noticias\/vibra-energia-brdt3-fundo-imobiliario-postos-combustiveis-prisma-capital\/#article\",\"isPartOf\":{\"@id\":\"https:\/\/www.suno.com.br\/noticias\/vibra-energia-brdt3-fundo-imobiliario-postos-combustiveis-prisma-capital\/\"},\"author\":{\"name\":\"Monique Lima\",\"@id\":\"https:\/\/www.suno.com.br\/noticias\/#\/schema\/person\/d712329319cc9b10f254d02d654cb36a\"},\"headline\":\"Vibra Energia (BRDT3), ex-BR, criar\u00e1 fundo imobili\u00e1rio de postos de combust\u00edveis com Prisma Capital\",\"datePublished\":\"2021-08-30T15:43:41+00:00\",\"mainEntityOfPage\":{\"@id\":\"https:\/\/www.suno.com.br\/noticias\/vibra-energia-brdt3-fundo-imobiliario-postos-combustiveis-prisma-capital\/\"},\"wordCount\":495,\"publisher\":{\"@id\":\"https:\/\/www.suno.com.br\/noticias\/#organization\"},\"image\":{\"@id\":\"https:\/\/www.suno.com.br\/noticias\/vibra-energia-brdt3-fundo-imobiliario-postos-combustiveis-prisma-capital\/#primaryimage\"},\"thumbnailUrl\":\"https:\/\/files.sunoresearch.com.br\/n\/uploads\/2021\/05\/1ab0e3e8-br-distribuidora-4-1-jpg.webp\",\"keywords\":[\"Especialistas\",\"Vibra Energia (VBBR3)\"],\"articleSection\":[\"Neg\u00f3cios\"],\"inLanguage\":\"pt-BR\"},{\"@type\":\"WebPage\",\"@id\":\"https:\/\/www.suno.com.br\/noticias\/vibra-energia-brdt3-fundo-imobiliario-postos-combustiveis-prisma-capital\/\",\"url\":\"https:\/\/www.suno.com.br\/noticias\/vibra-energia-brdt3-fundo-imobiliario-postos-combustiveis-prisma-capital\/\",\"name\":\"Vibra Energia (BRDT3), criar\u00e1 fundo imobili\u00e1rio de postos de combust\u00edveis\",\"isPartOf\":{\"@id\":\"https:\/\/www.suno.com.br\/noticias\/#website\"},\"primaryImageOfPage\":{\"@id\":\"https:\/\/www.suno.com.br\/noticias\/vibra-energia-brdt3-fundo-imobiliario-postos-combustiveis-prisma-capital\/#primaryimage\"},\"image\":{\"@id\":\"https:\/\/www.suno.com.br\/noticias\/vibra-energia-brdt3-fundo-imobiliario-postos-combustiveis-prisma-capital\/#primaryimage\"},\"thumbnailUrl\":\"https:\/\/files.sunoresearch.com.br\/n\/uploads\/2021\/05\/1ab0e3e8-br-distribuidora-4-1-jpg.webp\",\"datePublished\":\"2021-08-30T15:43:41+00:00\",\"description\":\"A Vibra Energia (BRDT3), ex-BR, firmou parceria com a Prisma Capital para criar fundos imobili\u00e1rios dos seus postos de combust\u00edveis. Entenda.\",\"breadcrumb\":{\"@id\":\"https:\/\/www.suno.com.br\/noticias\/vibra-energia-brdt3-fundo-imobiliario-postos-combustiveis-prisma-capital\/#breadcrumb\"},\"inLanguage\":\"pt-BR\",\"potentialAction\":[{\"@type\":\"ReadAction\",\"target\":[\"https:\/\/www.suno.com.br\/noticias\/vibra-energia-brdt3-fundo-imobiliario-postos-combustiveis-prisma-capital\/\"]}]},{\"@type\":\"ImageObject\",\"inLanguage\":\"pt-BR\",\"@id\":\"https:\/\/www.suno.com.br\/noticias\/vibra-energia-brdt3-fundo-imobiliario-postos-combustiveis-prisma-capital\/#primaryimage\",\"url\":\"https:\/\/files.sunoresearch.com.br\/n\/uploads\/2021\/05\/1ab0e3e8-br-distribuidora-4-1-jpg.webp\",\"contentUrl\":\"https:\/\/files.sunoresearch.com.br\/n\/uploads\/2021\/05\/1ab0e3e8-br-distribuidora-4-1-jpg.webp\",\"width\":1200,\"height\":677,\"caption\":\"BR Distribuidora. Foto: divulga\u00e7\u00e3o\"},{\"@type\":\"BreadcrumbList\",\"@id\":\"https:\/\/www.suno.com.br\/noticias\/vibra-energia-brdt3-fundo-imobiliario-postos-combustiveis-prisma-capital\/#breadcrumb\",\"itemListElement\":[{\"@type\":\"ListItem\",\"position\":1,\"name\":\"Not\u00edcias\",\"item\":\"https:\/\/www.suno.com.br\/noticias\/\"},{\"@type\":\"ListItem\",\"position\":2,\"name\":\"Neg\u00f3cios\",\"item\":\"https:\/\/www.suno.com.br\/noticias\/negocios\/\"},{\"@type\":\"ListItem\",\"position\":3,\"name\":\"Vibra Energia (BRDT3), ex-BR, criar\u00e1 fundo imobili\u00e1rio de postos de combust\u00edveis com Prisma Capital\"}]},{\"@type\":\"WebSite\",\"@id\":\"https:\/\/www.suno.com.br\/noticias\/#website\",\"url\":\"https:\/\/www.suno.com.br\/noticias\/\",\"name\":\"Suno Not\u00edcias\",\"description\":\"Seu portal de informa\u00e7\u00e3o sobre o mundo dos investimentos\",\"publisher\":{\"@id\":\"https:\/\/www.suno.com.br\/noticias\/#organization\"},\"potentialAction\":[{\"@type\":\"SearchAction\",\"target\":{\"@type\":\"EntryPoint\",\"urlTemplate\":\"https:\/\/www.suno.com.br\/noticias\/?s={search_term_string}\"},\"query-input\":{\"@type\":\"PropertyValueSpecification\",\"valueRequired\":true,\"valueName\":\"search_term_string\"}}],\"inLanguage\":\"pt-BR\"},{\"@type\":\"Organization\",\"@id\":\"https:\/\/www.suno.com.br\/noticias\/#organization\",\"name\":\"Suno Not\u00edcias\",\"url\":\"https:\/\/www.suno.com.br\/noticias\/\",\"logo\":{\"@type\":\"ImageObject\",\"inLanguage\":\"pt-BR\",\"@id\":\"https:\/\/www.suno.com.br\/noticias\/#\/schema\/logo\/image\/\",\"url\":\"https:\/\/files.sunoresearch.com.br\/n\/uploads\/2021\/09\/suno-logo.png\",\"contentUrl\":\"https:\/\/files.sunoresearch.com.br\/n\/uploads\/2021\/09\/suno-logo.png\",\"width\":180,\"height\":180,\"caption\":\"Suno Not\u00edcias\"},\"image\":{\"@id\":\"https:\/\/www.suno.com.br\/noticias\/#\/schema\/logo\/image\/\"},\"sameAs\":[\"https:\/\/facebook.com\/sunoresearch\",\"https:\/\/x.com\/sunoresearch\",\"https:\/\/www.instagram.com\/suno\",\"https:\/\/www.linkedin.com\/company\/suno-research\/\",\"https:\/\/www.youtube.com\/c\/sunoresearch\"]},{\"@type\":\"Person\",\"@id\":\"https:\/\/www.suno.com.br\/noticias\/#\/schema\/person\/d712329319cc9b10f254d02d654cb36a\",\"name\":\"Monique Lima\",\"image\":{\"@type\":\"ImageObject\",\"inLanguage\":\"pt-BR\",\"@id\":\"https:\/\/www.suno.com.br\/noticias\/#\/schema\/person\/image\/\",\"url\":\"https:\/\/secure.gravatar.com\/avatar\/daee7f16d906c2e9ffed236206ca2c30?s=96&r=g\",\"contentUrl\":\"https:\/\/secure.gravatar.com\/avatar\/daee7f16d906c2e9ffed236206ca2c30?s=96&r=g\",\"caption\":\"Monique Lima\"},\"description\":\"Rep\u00f3rter de Mercado no Suno Not\u00edcias, \u00e9 jornalista com experi\u00eancia na cobertura de economia, empreendedorismo, finan\u00e7as pessoais, mercado financeiro, carreira e recursos humanos. Formada em Jornalismo pela Universidade Paulista, teve experi\u00eancias em ve\u00edculos de comunica\u00e7\u00e3o como a Ag\u00eancia TradeMap, Revista Voc\u00ea S\/A e Revista Voc\u00ea RH, as duas \u00faltimas publica\u00e7\u00f5es da Editora Abril. No Suno Not\u00edcias, fala sobre as principais not\u00edcias de Fundos Imobili\u00e1rios, Fiagro, Startups e empresas listadas na Bolsa.\",\"url\":\"https:\/\/www.suno.com.br\/noticias\/author\/monique-lima\/\"}]}<\/script>\n<!-- \/ Yoast SEO plugin. -->","yoast_head_json":{"title":"Vibra Energia (BRDT3), criar\u00e1 fundo imobili\u00e1rio de postos de combust\u00edveis","description":"A Vibra Energia (BRDT3), ex-BR, firmou parceria com a Prisma Capital para criar fundos imobili\u00e1rios dos seus postos de combust\u00edveis. Entenda.","robots":{"index":"index","follow":"follow","max-snippet":"max-snippet:-1","max-image-preview":"max-image-preview:large","max-video-preview":"max-video-preview:-1"},"canonical":"https:\/\/www.suno.com.br\/noticias\/vibra-energia-brdt3-fundo-imobiliario-postos-combustiveis-prisma-capital\/","og_locale":"pt_BR","og_type":"article","og_title":"Vibra Energia (BRDT3), criar\u00e1 fundo imobili\u00e1rio de postos de combust\u00edveis","og_description":"A Vibra Energia (BRDT3), ex-BR, firmou parceria com a Prisma Capital para criar fundos imobili\u00e1rios dos seus postos de combust\u00edveis. Entenda.","og_url":"https:\/\/www.suno.com.br\/noticias\/vibra-energia-brdt3-fundo-imobiliario-postos-combustiveis-prisma-capital\/","og_site_name":"Suno Not\u00edcias","article_publisher":"https:\/\/facebook.com\/sunoresearch","og_image":[{"width":1200,"height":677,"url":"https:\/\/files.sunoresearch.com.br\/n\/uploads\/2021\/05\/1ab0e3e8-br-distribuidora-4-1.jpg","type":"image\/jpeg"}],"author":"Monique Lima","twitter_card":"summary_large_image","twitter_creator":"@sunoresearch","twitter_site":"@sunoresearch","twitter_misc":{"Escrito por":"Monique Lima","Est. tempo de leitura":"2 minutos"},"schema":{"@context":"https:\/\/schema.org","@graph":[{"@type":"NewsArticle","@id":"https:\/\/www.suno.com.br\/noticias\/vibra-energia-brdt3-fundo-imobiliario-postos-combustiveis-prisma-capital\/#article","isPartOf":{"@id":"https:\/\/www.suno.com.br\/noticias\/vibra-energia-brdt3-fundo-imobiliario-postos-combustiveis-prisma-capital\/"},"author":{"name":"Monique Lima","@id":"https:\/\/www.suno.com.br\/noticias\/#\/schema\/person\/d712329319cc9b10f254d02d654cb36a"},"headline":"Vibra Energia (BRDT3), ex-BR, criar\u00e1 fundo imobili\u00e1rio de postos de combust\u00edveis com Prisma Capital","datePublished":"2021-08-30T15:43:41+00:00","mainEntityOfPage":{"@id":"https:\/\/www.suno.com.br\/noticias\/vibra-energia-brdt3-fundo-imobiliario-postos-combustiveis-prisma-capital\/"},"wordCount":495,"publisher":{"@id":"https:\/\/www.suno.com.br\/noticias\/#organization"},"image":{"@id":"https:\/\/www.suno.com.br\/noticias\/vibra-energia-brdt3-fundo-imobiliario-postos-combustiveis-prisma-capital\/#primaryimage"},"thumbnailUrl":"https:\/\/files.sunoresearch.com.br\/n\/uploads\/2021\/05\/1ab0e3e8-br-distribuidora-4-1-jpg.webp","keywords":["Especialistas","Vibra Energia (VBBR3)"],"articleSection":["Neg\u00f3cios"],"inLanguage":"pt-BR"},{"@type":"WebPage","@id":"https:\/\/www.suno.com.br\/noticias\/vibra-energia-brdt3-fundo-imobiliario-postos-combustiveis-prisma-capital\/","url":"https:\/\/www.suno.com.br\/noticias\/vibra-energia-brdt3-fundo-imobiliario-postos-combustiveis-prisma-capital\/","name":"Vibra Energia (BRDT3), criar\u00e1 fundo imobili\u00e1rio de postos de combust\u00edveis","isPartOf":{"@id":"https:\/\/www.suno.com.br\/noticias\/#website"},"primaryImageOfPage":{"@id":"https:\/\/www.suno.com.br\/noticias\/vibra-energia-brdt3-fundo-imobiliario-postos-combustiveis-prisma-capital\/#primaryimage"},"image":{"@id":"https:\/\/www.suno.com.br\/noticias\/vibra-energia-brdt3-fundo-imobiliario-postos-combustiveis-prisma-capital\/#primaryimage"},"thumbnailUrl":"https:\/\/files.sunoresearch.com.br\/n\/uploads\/2021\/05\/1ab0e3e8-br-distribuidora-4-1-jpg.webp","datePublished":"2021-08-30T15:43:41+00:00","description":"A Vibra Energia (BRDT3), ex-BR, firmou parceria com a Prisma Capital para criar fundos imobili\u00e1rios dos seus postos de combust\u00edveis. Entenda.","breadcrumb":{"@id":"https:\/\/www.suno.com.br\/noticias\/vibra-energia-brdt3-fundo-imobiliario-postos-combustiveis-prisma-capital\/#breadcrumb"},"inLanguage":"pt-BR","potentialAction":[{"@type":"ReadAction","target":["https:\/\/www.suno.com.br\/noticias\/vibra-energia-brdt3-fundo-imobiliario-postos-combustiveis-prisma-capital\/"]}]},{"@type":"ImageObject","inLanguage":"pt-BR","@id":"https:\/\/www.suno.com.br\/noticias\/vibra-energia-brdt3-fundo-imobiliario-postos-combustiveis-prisma-capital\/#primaryimage","url":"https:\/\/files.sunoresearch.com.br\/n\/uploads\/2021\/05\/1ab0e3e8-br-distribuidora-4-1-jpg.webp","contentUrl":"https:\/\/files.sunoresearch.com.br\/n\/uploads\/2021\/05\/1ab0e3e8-br-distribuidora-4-1-jpg.webp","width":1200,"height":677,"caption":"BR Distribuidora. Foto: divulga\u00e7\u00e3o"},{"@type":"BreadcrumbList","@id":"https:\/\/www.suno.com.br\/noticias\/vibra-energia-brdt3-fundo-imobiliario-postos-combustiveis-prisma-capital\/#breadcrumb","itemListElement":[{"@type":"ListItem","position":1,"name":"Not\u00edcias","item":"https:\/\/www.suno.com.br\/noticias\/"},{"@type":"ListItem","position":2,"name":"Neg\u00f3cios","item":"https:\/\/www.suno.com.br\/noticias\/negocios\/"},{"@type":"ListItem","position":3,"name":"Vibra Energia (BRDT3), ex-BR, criar\u00e1 fundo imobili\u00e1rio de postos de combust\u00edveis com Prisma Capital"}]},{"@type":"WebSite","@id":"https:\/\/www.suno.com.br\/noticias\/#website","url":"https:\/\/www.suno.com.br\/noticias\/","name":"Suno Not\u00edcias","description":"Seu portal de informa\u00e7\u00e3o sobre o mundo dos investimentos","publisher":{"@id":"https:\/\/www.suno.com.br\/noticias\/#organization"},"potentialAction":[{"@type":"SearchAction","target":{"@type":"EntryPoint","urlTemplate":"https:\/\/www.suno.com.br\/noticias\/?s={search_term_string}"},"query-input":{"@type":"PropertyValueSpecification","valueRequired":true,"valueName":"search_term_string"}}],"inLanguage":"pt-BR"},{"@type":"Organization","@id":"https:\/\/www.suno.com.br\/noticias\/#organization","name":"Suno Not\u00edcias","url":"https:\/\/www.suno.com.br\/noticias\/","logo":{"@type":"ImageObject","inLanguage":"pt-BR","@id":"https:\/\/www.suno.com.br\/noticias\/#\/schema\/logo\/image\/","url":"https:\/\/files.sunoresearch.com.br\/n\/uploads\/2021\/09\/suno-logo.png","contentUrl":"https:\/\/files.sunoresearch.com.br\/n\/uploads\/2021\/09\/suno-logo.png","width":180,"height":180,"caption":"Suno Not\u00edcias"},"image":{"@id":"https:\/\/www.suno.com.br\/noticias\/#\/schema\/logo\/image\/"},"sameAs":["https:\/\/facebook.com\/sunoresearch","https:\/\/x.com\/sunoresearch","https:\/\/www.instagram.com\/suno","https:\/\/www.linkedin.com\/company\/suno-research\/","https:\/\/www.youtube.com\/c\/sunoresearch"]},{"@type":"Person","@id":"https:\/\/www.suno.com.br\/noticias\/#\/schema\/person\/d712329319cc9b10f254d02d654cb36a","name":"Monique Lima","image":{"@type":"ImageObject","inLanguage":"pt-BR","@id":"https:\/\/www.suno.com.br\/noticias\/#\/schema\/person\/image\/","url":"https:\/\/secure.gravatar.com\/avatar\/daee7f16d906c2e9ffed236206ca2c30?s=96&r=g","contentUrl":"https:\/\/secure.gravatar.com\/avatar\/daee7f16d906c2e9ffed236206ca2c30?s=96&r=g","caption":"Monique Lima"},"description":"Rep\u00f3rter de Mercado no Suno Not\u00edcias, \u00e9 jornalista com experi\u00eancia na cobertura de economia, empreendedorismo, finan\u00e7as pessoais, mercado financeiro, carreira e recursos humanos. Formada em Jornalismo pela Universidade Paulista, teve experi\u00eancias em ve\u00edculos de comunica\u00e7\u00e3o como a Ag\u00eancia TradeMap, Revista Voc\u00ea S\/A e Revista Voc\u00ea RH, as duas \u00faltimas publica\u00e7\u00f5es da Editora Abril. No Suno Not\u00edcias, fala sobre as principais not\u00edcias de Fundos Imobili\u00e1rios, Fiagro, Startups e empresas listadas na Bolsa.","url":"https:\/\/www.suno.com.br\/noticias\/author\/monique-lima\/"}]}},"default_loop_html":"<div class=\"cardsPage__listCard__boxs\"><div class=\"cardsPage__listCard__boxs__img\"><a href=\"https:\/\/www.suno.com.br\/noticias\/vibra-energia-brdt3-fundo-imobiliario-postos-combustiveis-prisma-capital\/\"><img class=\"mask\" src=\"https:\/\/www.suno.com.br\/noticias\/wp-content\/themes\/suno\/resources\/images\/spotlight\/spotlight1img\/bg-mask.png\" alt=\"Image Mask\"\/><img src=\"https:\/\/files.sunoresearch.com.br\/n\/uploads\/2021\/05\/1ab0e3e8-br-distribuidora-4-1-400x200.webp\" alt=\"Vibra Energia (BRDT3), ex-BR, criar\u00e1 fundo imobili\u00e1rio de postos de combust\u00edveis com Prisma Capital\"\/><\/a><span class=\"spotlightCategory\"><a href=\"https:\/\/www.suno.com.br\/noticias\/negocios\/\">Neg\u00f3cios<\/a><\/span><\/div><div class=\"cardsPage__listCard__boxs__content\"><a href=\"https:\/\/www.suno.com.br\/noticias\/vibra-energia-brdt3-fundo-imobiliario-postos-combustiveis-prisma-capital\/\"><h2 class=\"content__title\">Vibra Energia (BRDT3), ex-BR, criar\u00e1 fundo imobili\u00e1rio de postos de combust\u00edveis com Prisma Capital<\/h2><\/a><div class=\"newsContent__article__meta\"><div class=\"newsContent__article__meta__authorBox\"><a href=\"https:\/\/www.suno.com.br\/noticias\/author\/monique-lima\/\" class=\"authorBox__avatar noMobi\"><img src=\"https:\/\/secure.gravatar.com\/avatar\/daee7f16d906c2e9ffed236206ca2c30?s=96&#038;r=g\" alt=\"Monique Lima\"><\/a><div class=\"authorBox__name\"><span>por\n\t\t\t<a href=\"https:\/\/www.suno.com.br\/noticias\/author\/monique-lima\/\"><span itemprop=\"author\">Monique Lima<\/span><\/a><\/span><time datetime=\"2021-08-30T12:43:41-03:00\" itemprop=\"datePublished\">30\/08\/2021 12:43<\/time><\/div><\/div><\/div><\/div><\/div>","single_layout":"posts","amp_enabled":true,"_links":{"self":[{"href":"https:\/\/www.suno.com.br\/noticias\/wp-json\/wp\/v2\/posts\/179440"}],"collection":[{"href":"https:\/\/www.suno.com.br\/noticias\/wp-json\/wp\/v2\/posts"}],"about":[{"href":"https:\/\/www.suno.com.br\/noticias\/wp-json\/wp\/v2\/types\/post"}],"author":[{"embeddable":true,"href":"https:\/\/www.suno.com.br\/noticias\/wp-json\/wp\/v2\/users\/102"}],"replies":[{"embeddable":true,"href":"https:\/\/www.suno.com.br\/noticias\/wp-json\/wp\/v2\/comments?post=179440"}],"version-history":[{"count":2,"href":"https:\/\/www.suno.com.br\/noticias\/wp-json\/wp\/v2\/posts\/179440\/revisions"}],"predecessor-version":[{"id":179447,"href":"https:\/\/www.suno.com.br\/noticias\/wp-json\/wp\/v2\/posts\/179440\/revisions\/179447"}],"wp:featuredmedia":[{"embeddable":true,"href":"https:\/\/www.suno.com.br\/noticias\/wp-json\/wp\/v2\/media\/147298"}],"wp:attachment":[{"href":"https:\/\/www.suno.com.br\/noticias\/wp-json\/wp\/v2\/media?parent=179440"}],"wp:term":[{"taxonomy":"category","embeddable":true,"href":"https:\/\/www.suno.com.br\/noticias\/wp-json\/wp\/v2\/categories?post=179440"},{"taxonomy":"post_tag","embeddable":true,"href":"https:\/\/www.suno.com.br\/noticias\/wp-json\/wp\/v2\/tags?post=179440"},{"taxonomy":"suno_strategy","embeddable":true,"href":"https:\/\/www.suno.com.br\/noticias\/wp-json\/wp\/v2\/suno_strategy?post=179440"}],"curies":[{"name":"wp","href":"https:\/\/api.w.org\/{rel}","templated":true}]}}