{"id":179438,"date":"2021-08-30T12:40:20","date_gmt":"2021-08-30T15:40:20","guid":{"rendered":"https:\/\/www.suno.com.br\/noticias\/?p=179438"},"modified":"2021-08-30T12:41:05","modified_gmt":"2021-08-30T15:41:05","slug":"bova11-blackrock-taxa-adminitracao-etf-10","status":"publish","type":"post","link":"https:\/\/www.suno.com.br\/noticias\/bova11-blackrock-taxa-adminitracao-etf-10\/","title":{"rendered":"BOVA11: BlackRock reduz taxa de administra\u00e7\u00e3o do ETF para 0,10% ao ano"},"content":{"rendered":"<p>A BlackRock decidiu reduzir para 0,10% ao ano a <a class=\"suno-keyword\" href=\"https:\/\/www.suno.com.br\/artigos\/taxa-de-administracao\/\" target=\"_blank\" rel=\"noopener\" data-force=\"no\" data-priority=\"1\">taxa de administra\u00e7\u00e3o<\/a> cobrada pela aquisi\u00e7\u00e3o do <strong>BOVA11<\/strong>, que replica o Ibovespa, principal \u00edndice da bolsa de valores brasileira. A decis\u00e3o foi anunciada nesta segunda (30) e ocorre em meio ao acirramento da competitividade no mercado de Exchange Traded Fund, ou fundos de \u00edndices (ETFs).<\/p>\t<div class=\"wrapper-featured-image\">\n\t\t<figure class=\"spotlightImg\">\n\n\t\t\t<picture>\n\t\t\t\t<source media=\"(max-width: 768px)\" srcset=\"https:\/\/files.sunoresearch.com.br\/n\/uploads\/2021\/01\/ec9bcd3b-sized-blackrock-1-400x200.webp\">\n\t\t\t\t<img loading=\"lazy\" decoding=\"async\" class=\"newsContent__article__imgCapa lazyloadDisabled \" src=\"https:\/\/files.sunoresearch.com.br\/n\/uploads\/2021\/01\/ec9bcd3b-sized-blackrock-1-800x450.webp\" width=\"800\" height=\"450\" alt=\"BOVA11: BlackRock reduz taxa de administra\u00e7\u00e3o do ETF para 0,10% ao ano\" fetchpriority=high \/>\n\t\t\t<\/picture>\n\n\t\t\t<figcaption class=\"wp-caption-text wp-caption-text--show\">BlackRock Sede - Foto: Divulga\u00e7\u00e3o<\/figcaption>\n\t\t<\/figure>\n\t<\/div>\n\n\n\t<p>\n\t\t<a href=\"https:\/\/lp.suno.com.br\/planilha-controle-gastos\/\" target=\"_blank\" data-element=\"shortcode-suno-banner\" title=\"Banner SUNO, clique e saiba mais\">\n\t\t\t<picture>\n\t\t\t\t<source media=\"(max-width: 500px)\" srcset=\"https:\/\/files.sunoresearch.com.br\/n\/uploads\/2023\/03\/400x300-Planilha-controle-de-gastos.png\">\n\t\t\t\t<img class=\"newsContent__article__imgCapa newsContent__article__imgCapa--banner\"\n\t\t\t\t\tsrc=\"https:\/\/files.sunoresearch.com.br\/n\/uploads\/2023\/03\/1420x240-Planilha-controle-de-gastos.png\"\n\t\t\t\t\tdata-promo-id=\"101751\"\t\t\t\t\t\t\t\t\t\twidth='1420' height='240'\t\t\t\t\talt=\"https:\/\/files.sunoresearch.com.br\/n\/uploads\/2023\/03\/1420x240-Planilha-controle-de-gastos.png\"\n\t\t\t\t>\n\t\t\t<\/picture>\n\t\t<\/a>\n\t<\/p>\n\n\n<p>Anteriormente, o BOVA11 tinha uma <strong>taxa de administra\u00e7\u00e3o<\/strong> de 0,30% cobrada pela gestora.\u00a0Segundo a <strong>BlackRock<\/strong>, a decis\u00e3o reflete\u00a0&#8220;<a href=\"https:\/\/statusinvest.com.br\/bdrs\/blak34\">o crescimento cont\u00ednuo da BlackRock<\/a> e a capacidade de alavancar a escala para o benef\u00edcio dos clientes&#8221;.<\/p>\n<p>&#8220;Embora estejamos satisfeitos em poder fazer esta mudan\u00e7a para nossos clientes, sabemos que o pre\u00e7o n\u00e3o \u00e9 o \u00fanico fator que eles consideram&#8221;, afirma Daniel Lobo, estrategista de<a href=\"https:\/\/www.suno.com.br\/artigos\/etf\"> ETFs da BlackRock no Brasil<\/a>.<\/p>\n<p>&#8220;Outros aspectos, como qualidade e liquidez s\u00e3o igualmente importantes, e o BOVA11 \u00e9 o <strong>ETF<\/strong> <strong>de <a href=\"https:\/\/www.suno.com.br\/artigos\/ibovespa\">Ibovespa <\/a><\/strong>mais l\u00edquido do mercado, negociando cerca de duas vezes mais do que todos os outros ETFs Ibovespa nos \u00faltimos 20 dias&#8221;, acrescenta.<\/p>\n\n\t<div data-element=\"shortcode-read-more\" class=\"readToo\">\n\t\t\t\t<span class=\"readToo__title\">Leia mais<\/span>\n\t\t\t\t<ul class=\"readToo__list\">\n\t\t\t<li><a href=\"https:\/\/www.suno.com.br\/noticias\/blackrock-fundo-diversificacao-carteira-global-income-juros\/\">BlackRock: Diretor v\u00ea diversifica\u00e7\u00e3o global como prote\u00e7\u00e3o mais eficaz de carteira em um cen\u00e1rio turbulento<\/a><\/li><li><a href=\"https:\/\/www.suno.com.br\/noticias\/guerra-etfs-btg-bpac11-itau-itub4-xp\/\">Guerra dos ETFs: Ita\u00fa (ITUB4), BTG (BPAC11) e XP correm em busca das menores taxas e atrativos de peso<\/a><\/li>\t\t<\/ul>\n\t<\/div>\n\n\n<p>O ETF \u00e9 pioneiro no mercado brasileiro, sendo lan\u00e7ado em 2008 com cobran\u00e7a de 0,54% ao ano de taxa de administra\u00e7\u00e3o.<\/p>\n<p>Depois de cerca de 13 anos de vida, o ativo ainda \u00e9 o maior do seu segmento no mercado dom\u00e9stico, com R$ 14,36 bilh\u00f5es sob gest\u00e3o.<\/p>\n<p>Segundo levantamento recente da Kinvo, divulgado neste m\u00eas de agosto, o <strong>fundo de \u00edndice<\/strong> est\u00e1 presente em 9,1% das carteiras, com um volume de 3,1%.<\/p>\n\t<p>\n\t\t<a href=\"https:\/\/lp.suno.com.br\/planilha-da-vida-financeira\/\" target=\"_blank\" data-element=\"shortcode-suno-banner\" title=\"Banner SUNO, clique e saiba mais\">\n\t\t\t<picture>\n\t\t\t\t<source media=\"(max-width: 500px)\" srcset=\"https:\/\/files.sunoresearch.com.br\/n\/uploads\/2023\/04\/400x300-Planilha-vida-financeira-true.png\">\n\t\t\t\t<img class=\"newsContent__article__imgCapa newsContent__article__imgCapa--banner\"\n\t\t\t\t\tsrc=\"https:\/\/files.sunoresearch.com.br\/n\/uploads\/2023\/04\/1420x240-Planilha-vida-financeira-true.png\"\n\t\t\t\t\tdata-promo-id=\"106682\"\t\t\t\t\t\t\t\t\t\twidth='1420' height='240'\t\t\t\t\talt=\"https:\/\/files.sunoresearch.com.br\/n\/uploads\/2023\/04\/1420x240-Planilha-vida-financeira-true.png\"\n\t\t\t\t>\n\t\t\t<\/picture>\n\t\t<\/a>\n\t<\/p>\n\n\n<p>&#8220;Este \u00e9 um ETF que visa replicar a movimenta\u00e7\u00e3o do Ibov. \u00c9 uma maneira interessante de ter uma cesta de a\u00e7\u00f5es sem a necessidade de comprar todas elas. Para efeito de compara\u00e7\u00e3o, enquanto o Ibovespa fechou julho com valoriza\u00e7\u00e3o de 2,34% no ano, o fundo BOVA11 teve valoriza\u00e7\u00e3o de 2,15% no mesmo per\u00edodo&#8221;, afirma Beto Assad, analista de a\u00e7\u00f5es e consultor financeiro da Kinvo.<\/p>\n<h2>Redu\u00e7\u00e3o na cobran\u00e7a do BOVA11 soma na guerra de ETFs<\/h2>\n<p>Com uma competitividade cada vez maior, os ETFs est\u00e3o com suas taxas de administra\u00e7\u00e3o cada vez menores. No dia 26 de julho, <a href=\"https:\/\/www.suno.com.br\/noticias\/guerra-etfs-btg-bpac11-itau-itub4-xp\/\">a XP chegou a zerar a cobran\u00e7a anual do BOVX11<\/a>, o seu ETF de Ibovespa.<\/p>\n<p>Isso, contudo, at\u00e9 que o fundo atinja R$ 1 bilh\u00e3o sobre gest\u00e3o &#8211; pouco menos do triplo do que h\u00e1 sob o guarda-chuva da XP com o fundo de \u00edndice.<\/p>\n\t<p>\n\t\t<a href=\"https:\/\/lp.suno.com.br\/ebook-como-analisar-uma-acao\/\" target=\"_blank\" data-element=\"shortcode-suno-banner\" title=\"Banner SUNO, clique e saiba mais\">\n\t\t\t<picture>\n\t\t\t\t<source media=\"(max-width: 500px)\" srcset=\"https:\/\/files.sunoresearch.com.br\/n\/uploads\/2023\/03\/Ebook-Acoes-Mobile-1.jpg\">\n\t\t\t\t<img class=\"newsContent__article__imgCapa newsContent__article__imgCapa--banner\"\n\t\t\t\t\tsrc=\"https:\/\/files.sunoresearch.com.br\/n\/uploads\/2023\/03\/Ebook-Acoes-Desktop-1.jpg\"\n\t\t\t\t\tdata-promo-id=\"171998\"\t\t\t\t\t\t\t\t\t\twidth='1420' height='286'\t\t\t\t\talt=\"https:\/\/files.sunoresearch.com.br\/n\/uploads\/2023\/03\/Ebook-Acoes-Desktop-1.jpg\"\n\t\t\t\t>\n\t\t\t<\/picture>\n\t\t<\/a>\n\t<\/p>\n\n\n<p>A m\u00e9dia de cobran\u00e7a pelo ETF de Ibovespa era de 0,45% ao ano em 2017, sendo de 0,21% atuais &#8211; n\u00famero que sofre com a redu\u00e7\u00e3o recente da maioria das corretoras. Confira como cada uma cobra pela gest\u00e3o:<\/p>\n<ul>\n<li>XBOV11 (Caixa Econ\u00f4mica) &#8211; 0,30% a.a.<\/li>\n<li>BOVV11 (Ita\u00fa) &#8211; 0,10% a.a.<\/li>\n<li>BOVB11 (Bradesco) &#8211; 0,20% a.a.<\/li>\n<li>BBOV11 (Banco do Brasil) &#8211; 0,18% a.a.<\/li>\n<li>SAET11 (Safra) &#8211; 0,25% a.a.<\/li>\n<li>BOVX11 (XP) &#8211; 0,15% a.a. (antes de zerar)<\/li>\n<li>IBOB11 (BTG Pactual) &#8211; 0,03% a.a.<\/li>\n<\/ul>\n<p>Com o movimento recente de redu\u00e7\u00e3o da taxa do <strong>BOVA11<\/strong>,\u00a0 a disputa pelos novos investidores (que s\u00e3o recomendados a come\u00e7ar pelos ETFs) fica ainda maior. Agora, o fundo de \u00edndice da BlackRock torna-se menos caro ao investidor do que a m\u00e9dia do mercado, por\u00e9m ainda fica atr\u00e1s da XP e do <a href=\"https:\/\/www.suno.com.br\/acoes\/bpac11\/\">BTG (BPAC11)<\/a>, que seguem na batalha pela gest\u00e3o do patrim\u00f4nio dos novatos na bolsa.<\/p>\n\t<p>\n\t\t<a href=\"https:\/\/lp.suno.com.br\/planilha-de-controle-de-investimentos\/\" target=\"_blank\" data-element=\"shortcode-suno-banner\" title=\"Banner SUNO, clique e saiba mais\">\n\t\t\t<picture>\n\t\t\t\t<source media=\"(max-width: 500px)\" srcset=\"https:\/\/files.sunoresearch.com.br\/n\/uploads\/2023\/03\/400x300-Controle-de-Investimentos.png\">\n\t\t\t\t<img class=\"newsContent__article__imgCapa newsContent__article__imgCapa--banner\"\n\t\t\t\t\tsrc=\"https:\/\/files.sunoresearch.com.br\/n\/uploads\/2023\/03\/1420x240-Controle-de-Investimentos.png\"\n\t\t\t\t\tdata-promo-id=\"75934\"\t\t\t\t\t\t\t\t\t\twidth='1420' height='240'\t\t\t\t\talt=\"https:\/\/files.sunoresearch.com.br\/n\/uploads\/2023\/03\/1420x240-Controle-de-Investimentos.png\"\n\t\t\t\t>\n\t\t\t<\/picture>\n\t\t<\/a>\n\t<\/p>\n\n\n","protected":false},"excerpt":{"rendered":"<p>A BlackRock decidiu reduzir para 0,10% ao ano a taxa de administra\u00e7\u00e3o cobrada pela aquisi\u00e7\u00e3o do BOVA11, que replica o Ibovespa, principal \u00edndice da bolsa de valores brasileira. A decis\u00e3o foi anunciada nesta segunda (30) e ocorre em meio ao acirramento da competitividade no mercado de Exchange Traded Fund, ou fundos de \u00edndices (ETFs). B3 [&hellip;]<\/p>\n","protected":false},"author":73,"featured_media":113376,"comment_status":"closed","ping_status":"closed","sticky":false,"template":"","format":"standard","meta":[],"categories":[64],"tags":[1332,105816,1270,721],"suno_strategy":[],"class_list":["post-179438","post","type-post","status-publish","format-standard","has-post-thumbnail","hentry","category-negocios","tag-blackrock-blak34","tag-especialistas","tag-etfs","tag-ibovespa"],"yoast_head":"<!-- This site is optimized with the Yoast SEO plugin v24.4 - https:\/\/yoast.com\/wordpress\/plugins\/seo\/ -->\n<title>BOVA11: BlackRock reduz taxa de administra\u00e7\u00e3o do ETF para 0,10%<\/title>\n<meta name=\"description\" content=\"O movimento da BlackRock vem em meio \u00e0 &quot;guerra dos ETFs&quot; que j\u00e1 fez a XP zerar sua taxa de administra\u00e7\u00e3o temporariamente. Leia mais.\" \/>\n<meta name=\"robots\" content=\"index, follow, max-snippet:-1, max-image-preview:large, max-video-preview:-1\" \/>\n<link rel=\"canonical\" href=\"https:\/\/www.suno.com.br\/noticias\/bova11-blackrock-taxa-adminitracao-etf-10\/\" \/>\n<meta property=\"og:locale\" content=\"pt_BR\" \/>\n<meta property=\"og:type\" content=\"article\" \/>\n<meta property=\"og:title\" content=\"BOVA11: BlackRock reduz taxa de administra\u00e7\u00e3o do ETF para 0,10%\" \/>\n<meta property=\"og:description\" content=\"O movimento da BlackRock vem em meio \u00e0 &quot;guerra dos ETFs&quot; que j\u00e1 fez a XP zerar sua taxa de administra\u00e7\u00e3o temporariamente. Leia mais.\" \/>\n<meta property=\"og:url\" content=\"https:\/\/www.suno.com.br\/noticias\/bova11-blackrock-taxa-adminitracao-etf-10\/\" \/>\n<meta property=\"og:site_name\" content=\"Suno Not\u00edcias\" \/>\n<meta property=\"article:publisher\" content=\"https:\/\/facebook.com\/sunoresearch\" \/>\n<meta property=\"og:image\" content=\"https:\/\/files.sunoresearch.com.br\/n\/uploads\/2021\/01\/ec9bcd3b-sized-blackrock-1.jpg\" \/>\n\t<meta property=\"og:image:width\" content=\"2000\" \/>\n\t<meta property=\"og:image:height\" content=\"1333\" \/>\n\t<meta property=\"og:image:type\" content=\"image\/jpeg\" \/>\n<meta name=\"author\" content=\"Eduardo Vargas\" \/>\n<meta name=\"twitter:card\" content=\"summary_large_image\" \/>\n<meta name=\"twitter:creator\" content=\"@sunoresearch\" \/>\n<meta name=\"twitter:site\" content=\"@sunoresearch\" \/>\n<meta name=\"twitter:label1\" content=\"Escrito por\" \/>\n\t<meta name=\"twitter:data1\" content=\"Eduardo Vargas\" \/>\n\t<meta name=\"twitter:label2\" content=\"Est. tempo de leitura\" \/>\n\t<meta name=\"twitter:data2\" content=\"3 minutos\" \/>\n<script type=\"application\/ld+json\" class=\"yoast-schema-graph\">{\"@context\":\"https:\/\/schema.org\",\"@graph\":[{\"@type\":\"NewsArticle\",\"@id\":\"https:\/\/www.suno.com.br\/noticias\/bova11-blackrock-taxa-adminitracao-etf-10\/#article\",\"isPartOf\":{\"@id\":\"https:\/\/www.suno.com.br\/noticias\/bova11-blackrock-taxa-adminitracao-etf-10\/\"},\"author\":{\"name\":\"Eduardo Vargas\",\"@id\":\"https:\/\/www.suno.com.br\/noticias\/#\/schema\/person\/7f4d362bf3518e76090143ae77bb49a5\"},\"headline\":\"BOVA11: BlackRock reduz taxa de administra\u00e7\u00e3o do ETF para 0,10% ao ano\",\"datePublished\":\"2021-08-30T15:40:20+00:00\",\"dateModified\":\"2021-08-30T15:41:05+00:00\",\"mainEntityOfPage\":{\"@id\":\"https:\/\/www.suno.com.br\/noticias\/bova11-blackrock-taxa-adminitracao-etf-10\/\"},\"wordCount\":575,\"publisher\":{\"@id\":\"https:\/\/www.suno.com.br\/noticias\/#organization\"},\"image\":{\"@id\":\"https:\/\/www.suno.com.br\/noticias\/bova11-blackrock-taxa-adminitracao-etf-10\/#primaryimage\"},\"thumbnailUrl\":\"https:\/\/files.sunoresearch.com.br\/n\/uploads\/2021\/01\/ec9bcd3b-sized-blackrock-1-jpg.webp\",\"keywords\":[\"Blackrock (BLAK34)\",\"Especialistas\",\"ETFs\",\"Ibovespa\"],\"articleSection\":[\"Neg\u00f3cios\"],\"inLanguage\":\"pt-BR\"},{\"@type\":\"WebPage\",\"@id\":\"https:\/\/www.suno.com.br\/noticias\/bova11-blackrock-taxa-adminitracao-etf-10\/\",\"url\":\"https:\/\/www.suno.com.br\/noticias\/bova11-blackrock-taxa-adminitracao-etf-10\/\",\"name\":\"BOVA11: BlackRock reduz taxa de administra\u00e7\u00e3o do ETF para 0,10%\",\"isPartOf\":{\"@id\":\"https:\/\/www.suno.com.br\/noticias\/#website\"},\"primaryImageOfPage\":{\"@id\":\"https:\/\/www.suno.com.br\/noticias\/bova11-blackrock-taxa-adminitracao-etf-10\/#primaryimage\"},\"image\":{\"@id\":\"https:\/\/www.suno.com.br\/noticias\/bova11-blackrock-taxa-adminitracao-etf-10\/#primaryimage\"},\"thumbnailUrl\":\"https:\/\/files.sunoresearch.com.br\/n\/uploads\/2021\/01\/ec9bcd3b-sized-blackrock-1-jpg.webp\",\"datePublished\":\"2021-08-30T15:40:20+00:00\",\"dateModified\":\"2021-08-30T15:41:05+00:00\",\"description\":\"O movimento da BlackRock vem em meio \u00e0 \\\"guerra dos ETFs\\\" que j\u00e1 fez a XP zerar sua taxa de administra\u00e7\u00e3o temporariamente. Leia mais.\",\"breadcrumb\":{\"@id\":\"https:\/\/www.suno.com.br\/noticias\/bova11-blackrock-taxa-adminitracao-etf-10\/#breadcrumb\"},\"inLanguage\":\"pt-BR\",\"potentialAction\":[{\"@type\":\"ReadAction\",\"target\":[\"https:\/\/www.suno.com.br\/noticias\/bova11-blackrock-taxa-adminitracao-etf-10\/\"]}]},{\"@type\":\"ImageObject\",\"inLanguage\":\"pt-BR\",\"@id\":\"https:\/\/www.suno.com.br\/noticias\/bova11-blackrock-taxa-adminitracao-etf-10\/#primaryimage\",\"url\":\"https:\/\/files.sunoresearch.com.br\/n\/uploads\/2021\/01\/ec9bcd3b-sized-blackrock-1-jpg.webp\",\"contentUrl\":\"https:\/\/files.sunoresearch.com.br\/n\/uploads\/2021\/01\/ec9bcd3b-sized-blackrock-1-jpg.webp\",\"width\":2000,\"height\":1333,\"caption\":\"BlackRock Sede - Foto: Divulga\u00e7\u00e3o\"},{\"@type\":\"BreadcrumbList\",\"@id\":\"https:\/\/www.suno.com.br\/noticias\/bova11-blackrock-taxa-adminitracao-etf-10\/#breadcrumb\",\"itemListElement\":[{\"@type\":\"ListItem\",\"position\":1,\"name\":\"Not\u00edcias\",\"item\":\"https:\/\/www.suno.com.br\/noticias\/\"},{\"@type\":\"ListItem\",\"position\":2,\"name\":\"Neg\u00f3cios\",\"item\":\"https:\/\/www.suno.com.br\/noticias\/negocios\/\"},{\"@type\":\"ListItem\",\"position\":3,\"name\":\"BOVA11: BlackRock reduz taxa de administra\u00e7\u00e3o do ETF para 0,10% ao ano\"}]},{\"@type\":\"WebSite\",\"@id\":\"https:\/\/www.suno.com.br\/noticias\/#website\",\"url\":\"https:\/\/www.suno.com.br\/noticias\/\",\"name\":\"Suno Not\u00edcias\",\"description\":\"Seu portal de informa\u00e7\u00e3o sobre o mundo dos investimentos\",\"publisher\":{\"@id\":\"https:\/\/www.suno.com.br\/noticias\/#organization\"},\"potentialAction\":[{\"@type\":\"SearchAction\",\"target\":{\"@type\":\"EntryPoint\",\"urlTemplate\":\"https:\/\/www.suno.com.br\/noticias\/?s={search_term_string}\"},\"query-input\":{\"@type\":\"PropertyValueSpecification\",\"valueRequired\":true,\"valueName\":\"search_term_string\"}}],\"inLanguage\":\"pt-BR\"},{\"@type\":\"Organization\",\"@id\":\"https:\/\/www.suno.com.br\/noticias\/#organization\",\"name\":\"Suno Not\u00edcias\",\"url\":\"https:\/\/www.suno.com.br\/noticias\/\",\"logo\":{\"@type\":\"ImageObject\",\"inLanguage\":\"pt-BR\",\"@id\":\"https:\/\/www.suno.com.br\/noticias\/#\/schema\/logo\/image\/\",\"url\":\"https:\/\/files.sunoresearch.com.br\/n\/uploads\/2021\/09\/suno-logo.png\",\"contentUrl\":\"https:\/\/files.sunoresearch.com.br\/n\/uploads\/2021\/09\/suno-logo.png\",\"width\":180,\"height\":180,\"caption\":\"Suno Not\u00edcias\"},\"image\":{\"@id\":\"https:\/\/www.suno.com.br\/noticias\/#\/schema\/logo\/image\/\"},\"sameAs\":[\"https:\/\/facebook.com\/sunoresearch\",\"https:\/\/x.com\/sunoresearch\",\"https:\/\/www.instagram.com\/suno\",\"https:\/\/www.linkedin.com\/company\/suno-research\/\",\"https:\/\/www.youtube.com\/c\/sunoresearch\"]},{\"@type\":\"Person\",\"@id\":\"https:\/\/www.suno.com.br\/noticias\/#\/schema\/person\/7f4d362bf3518e76090143ae77bb49a5\",\"name\":\"Eduardo Vargas\",\"image\":{\"@type\":\"ImageObject\",\"inLanguage\":\"pt-BR\",\"@id\":\"https:\/\/www.suno.com.br\/noticias\/#\/schema\/person\/image\/\",\"url\":\"https:\/\/secure.gravatar.com\/avatar\/dac340933427a22924c9f99d1eb2e3f2?s=96&r=g\",\"contentUrl\":\"https:\/\/secure.gravatar.com\/avatar\/dac340933427a22924c9f99d1eb2e3f2?s=96&r=g\",\"caption\":\"Eduardo Vargas\"},\"description\":\"Jornalista formado pela UFSC, cobre macroeconomia, neg\u00f3cios e startups para o Suno Not\u00edcias, escrevendo principalmente not\u00edcias sobre o mercado financeiro e a bolsa de valores. No YouTube e no Instagram, \u00e9 respons\u00e1vel pela produ\u00e7\u00e3o de Reels e Shorts do Suno Not\u00edcias. Anteriormente, trabalhou cobrindo economia e cotidiano no ND+ e para o ND, maior jornal impresso de Santa Catarina. Cursou um semestre letivo de Estudos de M\u00eddia na Universidad de Buenos Aires.\",\"url\":\"https:\/\/www.suno.com.br\/noticias\/author\/eduardo-vargas\/\"}]}<\/script>\n<!-- \/ Yoast SEO plugin. -->","yoast_head_json":{"title":"BOVA11: BlackRock reduz taxa de administra\u00e7\u00e3o do ETF para 0,10%","description":"O movimento da BlackRock vem em meio \u00e0 \"guerra dos ETFs\" que j\u00e1 fez a XP zerar sua taxa de administra\u00e7\u00e3o temporariamente. Leia mais.","robots":{"index":"index","follow":"follow","max-snippet":"max-snippet:-1","max-image-preview":"max-image-preview:large","max-video-preview":"max-video-preview:-1"},"canonical":"https:\/\/www.suno.com.br\/noticias\/bova11-blackrock-taxa-adminitracao-etf-10\/","og_locale":"pt_BR","og_type":"article","og_title":"BOVA11: BlackRock reduz taxa de administra\u00e7\u00e3o do ETF para 0,10%","og_description":"O movimento da BlackRock vem em meio \u00e0 \"guerra dos ETFs\" que j\u00e1 fez a XP zerar sua taxa de administra\u00e7\u00e3o temporariamente. Leia mais.","og_url":"https:\/\/www.suno.com.br\/noticias\/bova11-blackrock-taxa-adminitracao-etf-10\/","og_site_name":"Suno Not\u00edcias","article_publisher":"https:\/\/facebook.com\/sunoresearch","og_image":[{"width":2000,"height":1333,"url":"https:\/\/files.sunoresearch.com.br\/n\/uploads\/2021\/01\/ec9bcd3b-sized-blackrock-1.jpg","type":"image\/jpeg"}],"author":"Eduardo Vargas","twitter_card":"summary_large_image","twitter_creator":"@sunoresearch","twitter_site":"@sunoresearch","twitter_misc":{"Escrito por":"Eduardo Vargas","Est. tempo de leitura":"3 minutos"},"schema":{"@context":"https:\/\/schema.org","@graph":[{"@type":"NewsArticle","@id":"https:\/\/www.suno.com.br\/noticias\/bova11-blackrock-taxa-adminitracao-etf-10\/#article","isPartOf":{"@id":"https:\/\/www.suno.com.br\/noticias\/bova11-blackrock-taxa-adminitracao-etf-10\/"},"author":{"name":"Eduardo Vargas","@id":"https:\/\/www.suno.com.br\/noticias\/#\/schema\/person\/7f4d362bf3518e76090143ae77bb49a5"},"headline":"BOVA11: BlackRock reduz taxa de administra\u00e7\u00e3o do ETF para 0,10% ao ano","datePublished":"2021-08-30T15:40:20+00:00","dateModified":"2021-08-30T15:41:05+00:00","mainEntityOfPage":{"@id":"https:\/\/www.suno.com.br\/noticias\/bova11-blackrock-taxa-adminitracao-etf-10\/"},"wordCount":575,"publisher":{"@id":"https:\/\/www.suno.com.br\/noticias\/#organization"},"image":{"@id":"https:\/\/www.suno.com.br\/noticias\/bova11-blackrock-taxa-adminitracao-etf-10\/#primaryimage"},"thumbnailUrl":"https:\/\/files.sunoresearch.com.br\/n\/uploads\/2021\/01\/ec9bcd3b-sized-blackrock-1-jpg.webp","keywords":["Blackrock (BLAK34)","Especialistas","ETFs","Ibovespa"],"articleSection":["Neg\u00f3cios"],"inLanguage":"pt-BR"},{"@type":"WebPage","@id":"https:\/\/www.suno.com.br\/noticias\/bova11-blackrock-taxa-adminitracao-etf-10\/","url":"https:\/\/www.suno.com.br\/noticias\/bova11-blackrock-taxa-adminitracao-etf-10\/","name":"BOVA11: BlackRock reduz taxa de administra\u00e7\u00e3o do ETF para 0,10%","isPartOf":{"@id":"https:\/\/www.suno.com.br\/noticias\/#website"},"primaryImageOfPage":{"@id":"https:\/\/www.suno.com.br\/noticias\/bova11-blackrock-taxa-adminitracao-etf-10\/#primaryimage"},"image":{"@id":"https:\/\/www.suno.com.br\/noticias\/bova11-blackrock-taxa-adminitracao-etf-10\/#primaryimage"},"thumbnailUrl":"https:\/\/files.sunoresearch.com.br\/n\/uploads\/2021\/01\/ec9bcd3b-sized-blackrock-1-jpg.webp","datePublished":"2021-08-30T15:40:20+00:00","dateModified":"2021-08-30T15:41:05+00:00","description":"O movimento da BlackRock vem em meio \u00e0 \"guerra dos ETFs\" que j\u00e1 fez a XP zerar sua taxa de administra\u00e7\u00e3o temporariamente. Leia mais.","breadcrumb":{"@id":"https:\/\/www.suno.com.br\/noticias\/bova11-blackrock-taxa-adminitracao-etf-10\/#breadcrumb"},"inLanguage":"pt-BR","potentialAction":[{"@type":"ReadAction","target":["https:\/\/www.suno.com.br\/noticias\/bova11-blackrock-taxa-adminitracao-etf-10\/"]}]},{"@type":"ImageObject","inLanguage":"pt-BR","@id":"https:\/\/www.suno.com.br\/noticias\/bova11-blackrock-taxa-adminitracao-etf-10\/#primaryimage","url":"https:\/\/files.sunoresearch.com.br\/n\/uploads\/2021\/01\/ec9bcd3b-sized-blackrock-1-jpg.webp","contentUrl":"https:\/\/files.sunoresearch.com.br\/n\/uploads\/2021\/01\/ec9bcd3b-sized-blackrock-1-jpg.webp","width":2000,"height":1333,"caption":"BlackRock Sede - Foto: Divulga\u00e7\u00e3o"},{"@type":"BreadcrumbList","@id":"https:\/\/www.suno.com.br\/noticias\/bova11-blackrock-taxa-adminitracao-etf-10\/#breadcrumb","itemListElement":[{"@type":"ListItem","position":1,"name":"Not\u00edcias","item":"https:\/\/www.suno.com.br\/noticias\/"},{"@type":"ListItem","position":2,"name":"Neg\u00f3cios","item":"https:\/\/www.suno.com.br\/noticias\/negocios\/"},{"@type":"ListItem","position":3,"name":"BOVA11: BlackRock reduz taxa de administra\u00e7\u00e3o do ETF para 0,10% ao ano"}]},{"@type":"WebSite","@id":"https:\/\/www.suno.com.br\/noticias\/#website","url":"https:\/\/www.suno.com.br\/noticias\/","name":"Suno Not\u00edcias","description":"Seu portal de informa\u00e7\u00e3o sobre o mundo dos investimentos","publisher":{"@id":"https:\/\/www.suno.com.br\/noticias\/#organization"},"potentialAction":[{"@type":"SearchAction","target":{"@type":"EntryPoint","urlTemplate":"https:\/\/www.suno.com.br\/noticias\/?s={search_term_string}"},"query-input":{"@type":"PropertyValueSpecification","valueRequired":true,"valueName":"search_term_string"}}],"inLanguage":"pt-BR"},{"@type":"Organization","@id":"https:\/\/www.suno.com.br\/noticias\/#organization","name":"Suno Not\u00edcias","url":"https:\/\/www.suno.com.br\/noticias\/","logo":{"@type":"ImageObject","inLanguage":"pt-BR","@id":"https:\/\/www.suno.com.br\/noticias\/#\/schema\/logo\/image\/","url":"https:\/\/files.sunoresearch.com.br\/n\/uploads\/2021\/09\/suno-logo.png","contentUrl":"https:\/\/files.sunoresearch.com.br\/n\/uploads\/2021\/09\/suno-logo.png","width":180,"height":180,"caption":"Suno Not\u00edcias"},"image":{"@id":"https:\/\/www.suno.com.br\/noticias\/#\/schema\/logo\/image\/"},"sameAs":["https:\/\/facebook.com\/sunoresearch","https:\/\/x.com\/sunoresearch","https:\/\/www.instagram.com\/suno","https:\/\/www.linkedin.com\/company\/suno-research\/","https:\/\/www.youtube.com\/c\/sunoresearch"]},{"@type":"Person","@id":"https:\/\/www.suno.com.br\/noticias\/#\/schema\/person\/7f4d362bf3518e76090143ae77bb49a5","name":"Eduardo Vargas","image":{"@type":"ImageObject","inLanguage":"pt-BR","@id":"https:\/\/www.suno.com.br\/noticias\/#\/schema\/person\/image\/","url":"https:\/\/secure.gravatar.com\/avatar\/dac340933427a22924c9f99d1eb2e3f2?s=96&r=g","contentUrl":"https:\/\/secure.gravatar.com\/avatar\/dac340933427a22924c9f99d1eb2e3f2?s=96&r=g","caption":"Eduardo Vargas"},"description":"Jornalista formado pela UFSC, cobre macroeconomia, neg\u00f3cios e startups para o Suno Not\u00edcias, escrevendo principalmente not\u00edcias sobre o mercado financeiro e a bolsa de valores. No YouTube e no Instagram, \u00e9 respons\u00e1vel pela produ\u00e7\u00e3o de Reels e Shorts do Suno Not\u00edcias. Anteriormente, trabalhou cobrindo economia e cotidiano no ND+ e para o ND, maior jornal impresso de Santa Catarina. Cursou um semestre letivo de Estudos de M\u00eddia na Universidad de Buenos Aires.","url":"https:\/\/www.suno.com.br\/noticias\/author\/eduardo-vargas\/"}]}},"default_loop_html":"<div class=\"cardsPage__listCard__boxs\"><div class=\"cardsPage__listCard__boxs__img\"><a href=\"https:\/\/www.suno.com.br\/noticias\/guerra-etfs-btg-bpac11-itau-itub4-xp\/\"><img class=\"mask\" src=\"https:\/\/www.suno.com.br\/noticias\/wp-content\/themes\/suno\/resources\/images\/spotlight\/spotlight1img\/bg-mask.png\" alt=\"Image Mask\"\/><img src=\"https:\/\/files.sunoresearch.com.br\/n\/uploads\/2021\/03\/e519bb7d-b3-4-400x200.webp\" alt=\"Guerra dos ETFs: Ita\u00fa (ITUB4), BTG (BPAC11) e XP correm em busca das menores taxas e atrativos de peso\"\/><\/a><span class=\"spotlightCategory\"><a href=\"https:\/\/www.suno.com.br\/noticias\/mercado\/\">Mercado<\/a><\/span><\/div><div class=\"cardsPage__listCard__boxs__content\"><a href=\"https:\/\/www.suno.com.br\/noticias\/guerra-etfs-btg-bpac11-itau-itub4-xp\/\"><h2 class=\"content__title\">Guerra dos ETFs: Ita\u00fa (ITUB4), BTG (BPAC11) e XP correm em busca das menores taxas e atrativos de peso<\/h2><\/a><div class=\"newsContent__article__meta\"><div class=\"newsContent__article__meta__authorBox\"><a href=\"https:\/\/www.suno.com.br\/noticias\/author\/arthur-guimaraes\/\" class=\"authorBox__avatar noMobi\"><img src=\"https:\/\/files.sunoresearch.com.br\/n\/uploads\/2020\/02\/dfb40897-eu-150x150.webp\" alt=\"Arthur Guimar\u00e3es\"><\/a><div class=\"authorBox__name\"><span>por\n\t\t\t<a href=\"https:\/\/www.suno.com.br\/noticias\/author\/arthur-guimaraes\/\"><span itemprop=\"author\">Arthur Guimar\u00e3es<\/span><\/a><\/span><time datetime=\"2021-08-22T10:00:58-03:00\" itemprop=\"datePublished\">22\/08\/2021 10:00<\/time><\/div><\/div><\/div><\/div><\/div>","single_layout":"posts","amp_enabled":true,"_links":{"self":[{"href":"https:\/\/www.suno.com.br\/noticias\/wp-json\/wp\/v2\/posts\/179438"}],"collection":[{"href":"https:\/\/www.suno.com.br\/noticias\/wp-json\/wp\/v2\/posts"}],"about":[{"href":"https:\/\/www.suno.com.br\/noticias\/wp-json\/wp\/v2\/types\/post"}],"author":[{"embeddable":true,"href":"https:\/\/www.suno.com.br\/noticias\/wp-json\/wp\/v2\/users\/73"}],"replies":[{"embeddable":true,"href":"https:\/\/www.suno.com.br\/noticias\/wp-json\/wp\/v2\/comments?post=179438"}],"version-history":[{"count":3,"href":"https:\/\/www.suno.com.br\/noticias\/wp-json\/wp\/v2\/posts\/179438\/revisions"}],"predecessor-version":[{"id":179454,"href":"https:\/\/www.suno.com.br\/noticias\/wp-json\/wp\/v2\/posts\/179438\/revisions\/179454"}],"wp:featuredmedia":[{"embeddable":true,"href":"https:\/\/www.suno.com.br\/noticias\/wp-json\/wp\/v2\/media\/113376"}],"wp:attachment":[{"href":"https:\/\/www.suno.com.br\/noticias\/wp-json\/wp\/v2\/media?parent=179438"}],"wp:term":[{"taxonomy":"category","embeddable":true,"href":"https:\/\/www.suno.com.br\/noticias\/wp-json\/wp\/v2\/categories?post=179438"},{"taxonomy":"post_tag","embeddable":true,"href":"https:\/\/www.suno.com.br\/noticias\/wp-json\/wp\/v2\/tags?post=179438"},{"taxonomy":"suno_strategy","embeddable":true,"href":"https:\/\/www.suno.com.br\/noticias\/wp-json\/wp\/v2\/suno_strategy?post=179438"}],"curies":[{"name":"wp","href":"https:\/\/api.w.org\/{rel}","templated":true}]}}