{"id":179398,"date":"2021-08-30T11:36:58","date_gmt":"2021-08-30T14:36:58","guid":{"rendered":"https:\/\/www.suno.com.br\/noticias\/?p=179398"},"modified":"2021-08-30T11:36:58","modified_gmt":"2021-08-30T14:36:58","slug":"kora-saude-krsa3-goiania-ing-aquisicao","status":"publish","type":"post","link":"https:\/\/www.suno.com.br\/noticias\/kora-saude-krsa3-goiania-ing-aquisicao\/","title":{"rendered":"Kora (KRSA3) compra o Instituto de Neurologia de Goi\u00e2nia por R$ 123 milh\u00f5es"},"content":{"rendered":"<p>A <a href=\"https:\/\/www.suno.com.br\/acoes\/krsa3\"><strong>Kora<\/strong> Sa\u00fade (KRSA3)<\/a>, novata na bolsa, celebrou contrato de compra e venda por meio da Ilha do Boi, sua controlada, para aquisi\u00e7\u00e3o do Instituto de Neurologia de Goi\u00e2nia (ING), al\u00e9m da entrada indireta no capital do Centro Goiano de Ortopedia e Traumatologia (CGOT) e da Angiocardis, de terapia e diagn\u00f3sticos.<\/p>\t<div class=\"wrapper-featured-image\">\n\t\t<figure class=\"spotlightImg\">\n\n\t\t\t<picture>\n\t\t\t\t<source media=\"(max-width: 768px)\" srcset=\"https:\/\/files.sunoresearch.com.br\/n\/uploads\/2021\/08\/64fff200-instituto-de-neurologia-goiania-1-400x200.jpg\">\n\t\t\t\t<img loading=\"lazy\" decoding=\"async\" class=\"newsContent__article__imgCapa lazyloadDisabled \" src=\"https:\/\/files.sunoresearch.com.br\/n\/uploads\/2021\/08\/64fff200-instituto-de-neurologia-goiania-1-800x450.jpg\" width=\"800\" height=\"450\" alt=\"Kora (KRSA3) compra o Instituto de Neurologia de Goi\u00e2nia por R$ 123 milh\u00f5es\" fetchpriority=high \/>\n\t\t\t<\/picture>\n\n\t\t\t<figcaption class=\"wp-caption-text wp-caption-text--show\">Compra feita pela Kora mostra avan\u00e7o da companhia em aquisi\u00e7\u00f5es e diversifica\u00e7\u00e3o de segmentos, conforme a empresa citou na sua entrada na bolsa - Foto: Divulga\u00e7\u00e3o\/ING<\/figcaption>\n\t\t<\/figure>\n\t<\/div>\n\n\n\t<p>\n\t\t<a href=\"https:\/\/lp.suno.com.br\/planilha-controle-gastos\/\" target=\"_blank\" data-element=\"shortcode-suno-banner\" title=\"Banner SUNO, clique e saiba mais\">\n\t\t\t<picture>\n\t\t\t\t<source media=\"(max-width: 500px)\" srcset=\"https:\/\/files.sunoresearch.com.br\/n\/uploads\/2023\/03\/400x300-Planilha-controle-de-gastos.png\">\n\t\t\t\t<img class=\"newsContent__article__imgCapa newsContent__article__imgCapa--banner\"\n\t\t\t\t\tsrc=\"https:\/\/files.sunoresearch.com.br\/n\/uploads\/2023\/03\/1420x240-Planilha-controle-de-gastos.png\"\n\t\t\t\t\tdata-promo-id=\"101751\"\t\t\t\t\t\t\t\t\t\twidth='1420' height='240'\t\t\t\t\talt=\"https:\/\/files.sunoresearch.com.br\/n\/uploads\/2023\/03\/1420x240-Planilha-controle-de-gastos.png\"\n\t\t\t\t>\n\t\t\t<\/picture>\n\t\t<\/a>\n\t<\/p>\n\n\n<p>Com as compras feitas pela subsidi\u00e1ria, a Kora entra no estado de <strong>Goi\u00e1s<\/strong> e passa a estender seus neg\u00f3cios para tr\u00eas estados do Centro-Oeste brasileiro.<\/p>\n<p>A <strong>Ilha do Boi<\/strong>, com o contrato, assumiu a obriga\u00e7\u00e3o de pagar R$112,9 milh\u00f5es pelas cotas do ING, sendo que um total de R$ 100 milh\u00f5es fica condicionado ao fechamento da transa\u00e7\u00e3o, enquanto os outros R$ 22,9 milh\u00f5es ser\u00e3o pagos em at\u00e9 cinco anos.<\/p>\n<p>Isso considerando o <a href=\"https:\/\/www.suno.com.br\/artigos\/geracao-de-caixa\">caixa l\u00edquido<\/a> de R$ 6 milh\u00f5es no fechamento da opera\u00e7\u00e3o &#8211; que fica sujeita ao &#8220;cumprimento de certas condi\u00e7\u00f5es precedentes usuais para opera\u00e7\u00f5es da mesma natureza&#8221;.<\/p>\n\t<div data-element=\"shortcode-read-more\" class=\"knowMore\">\n\t\t\t\t<span class=\"knowMore__title\">Leia mais<\/span>\n\t\t\t\t<a class=\"knowMore__link\" href=\"https:\/\/www.suno.com.br\/noticias\/kora-saude-krsa3-tem-avanco-de-226-no-lucro-liquido-do-2t21\/\">\n\t\t\tKora Sa\u00fade (KRSA3) tem avan\u00e7o de 226% no lucro l\u00edquido do 2T21\t\t<\/a>\n\t<\/div>\n\n\n<p>O <strong>ING<\/strong> \u00e9 um hospital tradicional no seu ramo, sendo o primeiro de neurologia do Brasil. Segundo a companhia, a unidade de sa\u00fade \u00e9 &#8220;refer\u00eancia nacional em cirurgias de aneurisma e cirurgias estereot\u00e1xicas&#8221;.<\/p>\n<p>&#8220;Al\u00e9m da atividade assistencial, o ING teve sua atividade acad\u00eamica voltada para forma\u00e7\u00e3o de neurologistas, neurocirurgi\u00f5es e neurofisiologistas com forma\u00e7\u00e3o internacional, sendo uma das institui\u00e7\u00f5es de refer\u00eancia na pr\u00e1tica de servi\u00e7os de neurologia no Centro Oeste do Brasil&#8221;, consta no <a class=\"suno-keyword\" href=\"https:\/\/www.suno.com.br\/artigos\/fato-relevante\/\" target=\"_blank\" rel=\"noopener\" data-force=\"no\" data-priority=\"1\"><strong>fato relevante<\/strong><\/a> da Kora.<\/p>\n<h3>O ING conta com:<\/h3>\n<ul>\n<li>105 leitos<\/li>\n<li>6 salas cir\u00fargicas<\/li>\n<li>2 salas de hemodin\u00e2mica<\/li>\n<li>3 resson\u00e2ncias magn\u00e9ticas<\/li>\n<li>Parque de imagem completo que inclui equipamentos de eletromiografia e eletroencefalograma<\/li>\n<\/ul>\n\t<p>\n\t\t<a href=\"https:\/\/lp.suno.com.br\/planilha-da-vida-financeira\/\" target=\"_blank\" data-element=\"shortcode-suno-banner\" title=\"Banner SUNO, clique e saiba mais\">\n\t\t\t<picture>\n\t\t\t\t<source media=\"(max-width: 500px)\" srcset=\"https:\/\/files.sunoresearch.com.br\/n\/uploads\/2023\/04\/400x300-Planilha-vida-financeira-true.png\">\n\t\t\t\t<img class=\"newsContent__article__imgCapa newsContent__article__imgCapa--banner\"\n\t\t\t\t\tsrc=\"https:\/\/files.sunoresearch.com.br\/n\/uploads\/2023\/04\/1420x240-Planilha-vida-financeira-true.png\"\n\t\t\t\t\tdata-promo-id=\"106682\"\t\t\t\t\t\t\t\t\t\twidth='1420' height='240'\t\t\t\t\talt=\"https:\/\/files.sunoresearch.com.br\/n\/uploads\/2023\/04\/1420x240-Planilha-vida-financeira-true.png\"\n\t\t\t\t>\n\t\t\t<\/picture>\n\t\t<\/a>\n\t<\/p>\n\n\n<h2>Kora estreou na bolsa em agosto<\/h2>\n<p>A companhia de sa\u00fade fez sua <a href=\"https:\/\/www.suno.com.br\/artigos\/ipo\">oferta p\u00fablica de a\u00e7\u00f5es (<strong>IPO<\/strong>)<\/a> recentemente, com estreia das a\u00e7\u00f5es na B3 no dia 13 de agosto.<\/p>\n<p>Na ocasi\u00e3o da <a class=\"suno-keyword\" href=\"https:\/\/www.suno.com.br\/artigos\/oferta-restrita\/\" target=\"_blank\" rel=\"noopener\" data-force=\"no\" data-priority=\"1\">oferta restrita<\/a>, a empresa precificou suas a\u00e7\u00f5es a R$ 7,20, piso da faixa indicativa, levantando um capital de R$ 769,9 milh\u00f5es.<\/p>\n<p>No seu primeiro preg\u00e3o, em poucas horas de negocia\u00e7\u00e3o, as <a href=\"https:\/\/www.suno.com.br\/artigos\/acoes-ordinarias\"><strong>a\u00e7\u00f5es da Kora<\/strong><\/a> j\u00e1 apresentavam alta de mais de 18%.<\/p>\n<p>Segundo a companhia, os recursos obtidos com a oferta <a href=\"https:\/\/www.suno.com.br\/noticias\/kora-saude-krsa3-precifica-acao-ipo\/\">devem potencializar a\u00a0<strong>compra<\/strong>\u00a0<strong>de ativos<\/strong><\/a> (que incluem o pagamento de uma parcela da compra de um hospital) e tamb\u00e9m para inaugura\u00e7\u00e3o de novas unidades de sa\u00fade.<\/p>\n\t<p>\n\t\t<a href=\"https:\/\/lp.suno.com.br\/ebook-como-analisar-uma-acao\/\" target=\"_blank\" data-element=\"shortcode-suno-banner\" title=\"Banner SUNO, clique e saiba mais\">\n\t\t\t<picture>\n\t\t\t\t<source media=\"(max-width: 500px)\" srcset=\"https:\/\/files.sunoresearch.com.br\/n\/uploads\/2023\/03\/Ebook-Acoes-Mobile-1.jpg\">\n\t\t\t\t<img class=\"newsContent__article__imgCapa newsContent__article__imgCapa--banner\"\n\t\t\t\t\tsrc=\"https:\/\/files.sunoresearch.com.br\/n\/uploads\/2023\/03\/Ebook-Acoes-Desktop-1.jpg\"\n\t\t\t\t\tdata-promo-id=\"171998\"\t\t\t\t\t\t\t\t\t\twidth='1420' height='286'\t\t\t\t\talt=\"https:\/\/files.sunoresearch.com.br\/n\/uploads\/2023\/03\/Ebook-Acoes-Desktop-1.jpg\"\n\t\t\t\t>\n\t\t\t<\/picture>\n\t\t<\/a>\n\t<\/p>\n\n\n<p>Com a entrada na bolsa, a companhia j\u00e1 havia citado que mirava uma <strong>diversifica\u00e7\u00e3o<\/strong> de segmentos, com entrada na oncologia, imagem e diagn\u00f3sticos &#8211; movimento confirmado pelas aquisi\u00e7\u00f5es recentes, como a do ING.<\/p>\n<p>Vale lembrar que o IPO foi anunciado em abril, e a empresa visava <a href=\"https:\/\/www.suno.com.br\/noticias\/kora-saude-krsa3-oferta-restrita-ipo-levantar-15-bilhao\/\">levantar um capital de R$ 1,68 bilh\u00f5es com a\u00a0<strong>venda<\/strong>\u00a0<strong>dos<\/strong>\u00a0<strong>pap\u00e9is<\/strong><\/a>. No in\u00edcio do ano, a Kora tamb\u00e9m havia interrompido o processo de IPO \u201cem raz\u00e3o da atual conjuntura dos mercados financeiro e de capitais.\u201d<\/p>\n<h3>Cota\u00e7\u00e3o de KRSA3<\/h3>\n<p>Ap\u00f3s a aquisi\u00e7\u00e3o, a <strong>cota\u00e7\u00e3o da Kora<\/strong> apresenta alta de 2,67%, a pre\u00e7o de R$ 7,70.<\/p>\n\t<p>\n\t\t<a href=\"https:\/\/lp.suno.com.br\/planilha-de-controle-de-investimentos\/\" target=\"_blank\" data-element=\"shortcode-suno-banner\" title=\"Banner SUNO, clique e saiba mais\">\n\t\t\t<picture>\n\t\t\t\t<source media=\"(max-width: 500px)\" srcset=\"https:\/\/files.sunoresearch.com.br\/n\/uploads\/2023\/03\/400x300-Controle-de-Investimentos.png\">\n\t\t\t\t<img class=\"newsContent__article__imgCapa newsContent__article__imgCapa--banner\"\n\t\t\t\t\tsrc=\"https:\/\/files.sunoresearch.com.br\/n\/uploads\/2023\/03\/1420x240-Controle-de-Investimentos.png\"\n\t\t\t\t\tdata-promo-id=\"75934\"\t\t\t\t\t\t\t\t\t\twidth='1420' height='240'\t\t\t\t\talt=\"https:\/\/files.sunoresearch.com.br\/n\/uploads\/2023\/03\/1420x240-Controle-de-Investimentos.png\"\n\t\t\t\t>\n\t\t\t<\/picture>\n\t\t<\/a>\n\t<\/p>\n\n\n","protected":false},"excerpt":{"rendered":"<p>A Kora Sa\u00fade (KRSA3), novata na bolsa, celebrou contrato de compra e venda por meio da Ilha do Boi, sua controlada, para aquisi\u00e7\u00e3o do Instituto de Neurologia de Goi\u00e2nia (ING), al\u00e9m da entrada indireta no capital do Centro Goiano de Ortopedia e Traumatologia (CGOT) e da Angiocardis, de terapia e diagn\u00f3sticos. Compra feita pela Kora [&hellip;]<\/p>\n","protected":false},"author":73,"featured_media":179411,"comment_status":"closed","ping_status":"closed","sticky":false,"template":"","format":"standard","meta":[],"categories":[64],"tags":[62812,319,105852],"suno_strategy":[],"class_list":["post-179398","post","type-post","status-publish","format-standard","has-post-thumbnail","hentry","category-negocios","tag-fusoes-e-aquisicoes","tag-ipo-oferta-inicial-de-acoes","tag-kora-saude-krsa3"],"yoast_head":"<!-- This site is optimized with the Yoast SEO plugin v24.4 - https:\/\/yoast.com\/wordpress\/plugins\/seo\/ -->\n<title>Kora (KRSA3) entra em Goi\u00e1s e compra o ING por R$ 123 milh\u00f5es<\/title>\n<meta name=\"description\" content=\"Por meio de sua controlada, a Ilha do Boi, a Kora expande suas opera\u00e7\u00f5es no Centro-Oeste. Clique aqui e leia mais.\" \/>\n<meta name=\"robots\" content=\"index, follow, max-snippet:-1, max-image-preview:large, max-video-preview:-1\" \/>\n<link rel=\"canonical\" href=\"https:\/\/www.suno.com.br\/noticias\/kora-saude-krsa3-goiania-ing-aquisicao\/\" \/>\n<meta property=\"og:locale\" content=\"pt_BR\" \/>\n<meta property=\"og:type\" content=\"article\" \/>\n<meta property=\"og:title\" content=\"Kora (KRSA3) entra em Goi\u00e1s e compra o ING por R$ 123 milh\u00f5es\" \/>\n<meta property=\"og:description\" content=\"Por meio de sua controlada, a Ilha do Boi, a Kora expande suas opera\u00e7\u00f5es no Centro-Oeste. Clique aqui e leia mais.\" \/>\n<meta property=\"og:url\" content=\"https:\/\/www.suno.com.br\/noticias\/kora-saude-krsa3-goiania-ing-aquisicao\/\" \/>\n<meta property=\"og:site_name\" content=\"Suno Not\u00edcias\" \/>\n<meta property=\"article:publisher\" content=\"https:\/\/facebook.com\/sunoresearch\" \/>\n<meta property=\"og:image\" content=\"https:\/\/files.sunoresearch.com.br\/n\/uploads\/2021\/08\/64fff200-instituto-de-neurologia-goiania-1.jpg\" \/>\n\t<meta property=\"og:image:width\" content=\"1600\" \/>\n\t<meta property=\"og:image:height\" content=\"1067\" \/>\n\t<meta property=\"og:image:type\" content=\"image\/jpeg\" \/>\n<meta name=\"author\" content=\"Eduardo Vargas\" \/>\n<meta name=\"twitter:card\" content=\"summary_large_image\" \/>\n<meta name=\"twitter:creator\" content=\"@sunoresearch\" \/>\n<meta name=\"twitter:site\" content=\"@sunoresearch\" \/>\n<meta name=\"twitter:label1\" content=\"Escrito por\" \/>\n\t<meta name=\"twitter:data1\" content=\"Eduardo Vargas\" \/>\n\t<meta name=\"twitter:label2\" content=\"Est. tempo de leitura\" \/>\n\t<meta name=\"twitter:data2\" content=\"3 minutos\" \/>\n<script type=\"application\/ld+json\" class=\"yoast-schema-graph\">{\"@context\":\"https:\/\/schema.org\",\"@graph\":[{\"@type\":\"NewsArticle\",\"@id\":\"https:\/\/www.suno.com.br\/noticias\/kora-saude-krsa3-goiania-ing-aquisicao\/#article\",\"isPartOf\":{\"@id\":\"https:\/\/www.suno.com.br\/noticias\/kora-saude-krsa3-goiania-ing-aquisicao\/\"},\"author\":{\"name\":\"Eduardo Vargas\",\"@id\":\"https:\/\/www.suno.com.br\/noticias\/#\/schema\/person\/7f4d362bf3518e76090143ae77bb49a5\"},\"headline\":\"Kora (KRSA3) compra o Instituto de Neurologia de Goi\u00e2nia por R$ 123 milh\u00f5es\",\"datePublished\":\"2021-08-30T14:36:58+00:00\",\"mainEntityOfPage\":{\"@id\":\"https:\/\/www.suno.com.br\/noticias\/kora-saude-krsa3-goiania-ing-aquisicao\/\"},\"wordCount\":542,\"publisher\":{\"@id\":\"https:\/\/www.suno.com.br\/noticias\/#organization\"},\"image\":{\"@id\":\"https:\/\/www.suno.com.br\/noticias\/kora-saude-krsa3-goiania-ing-aquisicao\/#primaryimage\"},\"thumbnailUrl\":\"https:\/\/files.sunoresearch.com.br\/n\/uploads\/2021\/08\/64fff200-instituto-de-neurologia-goiania-1.jpg\",\"keywords\":[\"fus\u00f5es e aquisi\u00e7\u00f5es\",\"IPO (Oferta Inicial de A\u00e7\u00f5es)\",\"Kora Sa\u00fade (KRSA3)\"],\"articleSection\":[\"Neg\u00f3cios\"],\"inLanguage\":\"pt-BR\"},{\"@type\":\"WebPage\",\"@id\":\"https:\/\/www.suno.com.br\/noticias\/kora-saude-krsa3-goiania-ing-aquisicao\/\",\"url\":\"https:\/\/www.suno.com.br\/noticias\/kora-saude-krsa3-goiania-ing-aquisicao\/\",\"name\":\"Kora (KRSA3) entra em Goi\u00e1s e compra o ING por R$ 123 milh\u00f5es\",\"isPartOf\":{\"@id\":\"https:\/\/www.suno.com.br\/noticias\/#website\"},\"primaryImageOfPage\":{\"@id\":\"https:\/\/www.suno.com.br\/noticias\/kora-saude-krsa3-goiania-ing-aquisicao\/#primaryimage\"},\"image\":{\"@id\":\"https:\/\/www.suno.com.br\/noticias\/kora-saude-krsa3-goiania-ing-aquisicao\/#primaryimage\"},\"thumbnailUrl\":\"https:\/\/files.sunoresearch.com.br\/n\/uploads\/2021\/08\/64fff200-instituto-de-neurologia-goiania-1.jpg\",\"datePublished\":\"2021-08-30T14:36:58+00:00\",\"description\":\"Por meio de sua controlada, a Ilha do Boi, a Kora expande suas opera\u00e7\u00f5es no Centro-Oeste. Clique aqui e leia mais.\",\"breadcrumb\":{\"@id\":\"https:\/\/www.suno.com.br\/noticias\/kora-saude-krsa3-goiania-ing-aquisicao\/#breadcrumb\"},\"inLanguage\":\"pt-BR\",\"potentialAction\":[{\"@type\":\"ReadAction\",\"target\":[\"https:\/\/www.suno.com.br\/noticias\/kora-saude-krsa3-goiania-ing-aquisicao\/\"]}]},{\"@type\":\"ImageObject\",\"inLanguage\":\"pt-BR\",\"@id\":\"https:\/\/www.suno.com.br\/noticias\/kora-saude-krsa3-goiania-ing-aquisicao\/#primaryimage\",\"url\":\"https:\/\/files.sunoresearch.com.br\/n\/uploads\/2021\/08\/64fff200-instituto-de-neurologia-goiania-1.jpg\",\"contentUrl\":\"https:\/\/files.sunoresearch.com.br\/n\/uploads\/2021\/08\/64fff200-instituto-de-neurologia-goiania-1.jpg\",\"width\":1600,\"height\":1067,\"caption\":\"Compra feita pela Kora mostra avan\u00e7o da companhia em aquisi\u00e7\u00f5es e diversifica\u00e7\u00e3o de segmentos, conforme a empresa citou na sua entrada na bolsa - Foto: Divulga\u00e7\u00e3o\/ING\"},{\"@type\":\"BreadcrumbList\",\"@id\":\"https:\/\/www.suno.com.br\/noticias\/kora-saude-krsa3-goiania-ing-aquisicao\/#breadcrumb\",\"itemListElement\":[{\"@type\":\"ListItem\",\"position\":1,\"name\":\"Not\u00edcias\",\"item\":\"https:\/\/www.suno.com.br\/noticias\/\"},{\"@type\":\"ListItem\",\"position\":2,\"name\":\"Neg\u00f3cios\",\"item\":\"https:\/\/www.suno.com.br\/noticias\/negocios\/\"},{\"@type\":\"ListItem\",\"position\":3,\"name\":\"Kora (KRSA3) compra o Instituto de Neurologia de Goi\u00e2nia por R$ 123 milh\u00f5es\"}]},{\"@type\":\"WebSite\",\"@id\":\"https:\/\/www.suno.com.br\/noticias\/#website\",\"url\":\"https:\/\/www.suno.com.br\/noticias\/\",\"name\":\"Suno Not\u00edcias\",\"description\":\"Seu portal de informa\u00e7\u00e3o sobre o mundo dos investimentos\",\"publisher\":{\"@id\":\"https:\/\/www.suno.com.br\/noticias\/#organization\"},\"potentialAction\":[{\"@type\":\"SearchAction\",\"target\":{\"@type\":\"EntryPoint\",\"urlTemplate\":\"https:\/\/www.suno.com.br\/noticias\/?s={search_term_string}\"},\"query-input\":{\"@type\":\"PropertyValueSpecification\",\"valueRequired\":true,\"valueName\":\"search_term_string\"}}],\"inLanguage\":\"pt-BR\"},{\"@type\":\"Organization\",\"@id\":\"https:\/\/www.suno.com.br\/noticias\/#organization\",\"name\":\"Suno Not\u00edcias\",\"url\":\"https:\/\/www.suno.com.br\/noticias\/\",\"logo\":{\"@type\":\"ImageObject\",\"inLanguage\":\"pt-BR\",\"@id\":\"https:\/\/www.suno.com.br\/noticias\/#\/schema\/logo\/image\/\",\"url\":\"https:\/\/files.sunoresearch.com.br\/n\/uploads\/2021\/09\/suno-logo.png\",\"contentUrl\":\"https:\/\/files.sunoresearch.com.br\/n\/uploads\/2021\/09\/suno-logo.png\",\"width\":180,\"height\":180,\"caption\":\"Suno Not\u00edcias\"},\"image\":{\"@id\":\"https:\/\/www.suno.com.br\/noticias\/#\/schema\/logo\/image\/\"},\"sameAs\":[\"https:\/\/facebook.com\/sunoresearch\",\"https:\/\/x.com\/sunoresearch\",\"https:\/\/www.instagram.com\/suno\",\"https:\/\/www.linkedin.com\/company\/suno-research\/\",\"https:\/\/www.youtube.com\/c\/sunoresearch\"]},{\"@type\":\"Person\",\"@id\":\"https:\/\/www.suno.com.br\/noticias\/#\/schema\/person\/7f4d362bf3518e76090143ae77bb49a5\",\"name\":\"Eduardo Vargas\",\"image\":{\"@type\":\"ImageObject\",\"inLanguage\":\"pt-BR\",\"@id\":\"https:\/\/www.suno.com.br\/noticias\/#\/schema\/person\/image\/\",\"url\":\"https:\/\/secure.gravatar.com\/avatar\/dac340933427a22924c9f99d1eb2e3f2?s=96&r=g\",\"contentUrl\":\"https:\/\/secure.gravatar.com\/avatar\/dac340933427a22924c9f99d1eb2e3f2?s=96&r=g\",\"caption\":\"Eduardo Vargas\"},\"description\":\"Jornalista formado pela UFSC, cobre macroeconomia, neg\u00f3cios e startups para o Suno Not\u00edcias, escrevendo principalmente not\u00edcias sobre o mercado financeiro e a bolsa de valores. No YouTube e no Instagram, \u00e9 respons\u00e1vel pela produ\u00e7\u00e3o de Reels e Shorts do Suno Not\u00edcias. Anteriormente, trabalhou cobrindo economia e cotidiano no ND+ e para o ND, maior jornal impresso de Santa Catarina. Cursou um semestre letivo de Estudos de M\u00eddia na Universidad de Buenos Aires.\",\"url\":\"https:\/\/www.suno.com.br\/noticias\/author\/eduardo-vargas\/\"}]}<\/script>\n<!-- \/ Yoast SEO plugin. -->","yoast_head_json":{"title":"Kora (KRSA3) entra em Goi\u00e1s e compra o ING por R$ 123 milh\u00f5es","description":"Por meio de sua controlada, a Ilha do Boi, a Kora expande suas opera\u00e7\u00f5es no Centro-Oeste. Clique aqui e leia mais.","robots":{"index":"index","follow":"follow","max-snippet":"max-snippet:-1","max-image-preview":"max-image-preview:large","max-video-preview":"max-video-preview:-1"},"canonical":"https:\/\/www.suno.com.br\/noticias\/kora-saude-krsa3-goiania-ing-aquisicao\/","og_locale":"pt_BR","og_type":"article","og_title":"Kora (KRSA3) entra em Goi\u00e1s e compra o ING por R$ 123 milh\u00f5es","og_description":"Por meio de sua controlada, a Ilha do Boi, a Kora expande suas opera\u00e7\u00f5es no Centro-Oeste. Clique aqui e leia mais.","og_url":"https:\/\/www.suno.com.br\/noticias\/kora-saude-krsa3-goiania-ing-aquisicao\/","og_site_name":"Suno Not\u00edcias","article_publisher":"https:\/\/facebook.com\/sunoresearch","og_image":[{"width":1600,"height":1067,"url":"https:\/\/files.sunoresearch.com.br\/n\/uploads\/2021\/08\/64fff200-instituto-de-neurologia-goiania-1.jpg","type":"image\/jpeg"}],"author":"Eduardo Vargas","twitter_card":"summary_large_image","twitter_creator":"@sunoresearch","twitter_site":"@sunoresearch","twitter_misc":{"Escrito por":"Eduardo Vargas","Est. tempo de leitura":"3 minutos"},"schema":{"@context":"https:\/\/schema.org","@graph":[{"@type":"NewsArticle","@id":"https:\/\/www.suno.com.br\/noticias\/kora-saude-krsa3-goiania-ing-aquisicao\/#article","isPartOf":{"@id":"https:\/\/www.suno.com.br\/noticias\/kora-saude-krsa3-goiania-ing-aquisicao\/"},"author":{"name":"Eduardo Vargas","@id":"https:\/\/www.suno.com.br\/noticias\/#\/schema\/person\/7f4d362bf3518e76090143ae77bb49a5"},"headline":"Kora (KRSA3) compra o Instituto de Neurologia de Goi\u00e2nia por R$ 123 milh\u00f5es","datePublished":"2021-08-30T14:36:58+00:00","mainEntityOfPage":{"@id":"https:\/\/www.suno.com.br\/noticias\/kora-saude-krsa3-goiania-ing-aquisicao\/"},"wordCount":542,"publisher":{"@id":"https:\/\/www.suno.com.br\/noticias\/#organization"},"image":{"@id":"https:\/\/www.suno.com.br\/noticias\/kora-saude-krsa3-goiania-ing-aquisicao\/#primaryimage"},"thumbnailUrl":"https:\/\/files.sunoresearch.com.br\/n\/uploads\/2021\/08\/64fff200-instituto-de-neurologia-goiania-1.jpg","keywords":["fus\u00f5es e aquisi\u00e7\u00f5es","IPO (Oferta Inicial de A\u00e7\u00f5es)","Kora Sa\u00fade (KRSA3)"],"articleSection":["Neg\u00f3cios"],"inLanguage":"pt-BR"},{"@type":"WebPage","@id":"https:\/\/www.suno.com.br\/noticias\/kora-saude-krsa3-goiania-ing-aquisicao\/","url":"https:\/\/www.suno.com.br\/noticias\/kora-saude-krsa3-goiania-ing-aquisicao\/","name":"Kora (KRSA3) entra em Goi\u00e1s e compra o ING por R$ 123 milh\u00f5es","isPartOf":{"@id":"https:\/\/www.suno.com.br\/noticias\/#website"},"primaryImageOfPage":{"@id":"https:\/\/www.suno.com.br\/noticias\/kora-saude-krsa3-goiania-ing-aquisicao\/#primaryimage"},"image":{"@id":"https:\/\/www.suno.com.br\/noticias\/kora-saude-krsa3-goiania-ing-aquisicao\/#primaryimage"},"thumbnailUrl":"https:\/\/files.sunoresearch.com.br\/n\/uploads\/2021\/08\/64fff200-instituto-de-neurologia-goiania-1.jpg","datePublished":"2021-08-30T14:36:58+00:00","description":"Por meio de sua controlada, a Ilha do Boi, a Kora expande suas opera\u00e7\u00f5es no Centro-Oeste. Clique aqui e leia mais.","breadcrumb":{"@id":"https:\/\/www.suno.com.br\/noticias\/kora-saude-krsa3-goiania-ing-aquisicao\/#breadcrumb"},"inLanguage":"pt-BR","potentialAction":[{"@type":"ReadAction","target":["https:\/\/www.suno.com.br\/noticias\/kora-saude-krsa3-goiania-ing-aquisicao\/"]}]},{"@type":"ImageObject","inLanguage":"pt-BR","@id":"https:\/\/www.suno.com.br\/noticias\/kora-saude-krsa3-goiania-ing-aquisicao\/#primaryimage","url":"https:\/\/files.sunoresearch.com.br\/n\/uploads\/2021\/08\/64fff200-instituto-de-neurologia-goiania-1.jpg","contentUrl":"https:\/\/files.sunoresearch.com.br\/n\/uploads\/2021\/08\/64fff200-instituto-de-neurologia-goiania-1.jpg","width":1600,"height":1067,"caption":"Compra feita pela Kora mostra avan\u00e7o da companhia em aquisi\u00e7\u00f5es e diversifica\u00e7\u00e3o de segmentos, conforme a empresa citou na sua entrada na bolsa - Foto: Divulga\u00e7\u00e3o\/ING"},{"@type":"BreadcrumbList","@id":"https:\/\/www.suno.com.br\/noticias\/kora-saude-krsa3-goiania-ing-aquisicao\/#breadcrumb","itemListElement":[{"@type":"ListItem","position":1,"name":"Not\u00edcias","item":"https:\/\/www.suno.com.br\/noticias\/"},{"@type":"ListItem","position":2,"name":"Neg\u00f3cios","item":"https:\/\/www.suno.com.br\/noticias\/negocios\/"},{"@type":"ListItem","position":3,"name":"Kora (KRSA3) compra o Instituto de Neurologia de Goi\u00e2nia por R$ 123 milh\u00f5es"}]},{"@type":"WebSite","@id":"https:\/\/www.suno.com.br\/noticias\/#website","url":"https:\/\/www.suno.com.br\/noticias\/","name":"Suno Not\u00edcias","description":"Seu portal de informa\u00e7\u00e3o sobre o mundo dos investimentos","publisher":{"@id":"https:\/\/www.suno.com.br\/noticias\/#organization"},"potentialAction":[{"@type":"SearchAction","target":{"@type":"EntryPoint","urlTemplate":"https:\/\/www.suno.com.br\/noticias\/?s={search_term_string}"},"query-input":{"@type":"PropertyValueSpecification","valueRequired":true,"valueName":"search_term_string"}}],"inLanguage":"pt-BR"},{"@type":"Organization","@id":"https:\/\/www.suno.com.br\/noticias\/#organization","name":"Suno Not\u00edcias","url":"https:\/\/www.suno.com.br\/noticias\/","logo":{"@type":"ImageObject","inLanguage":"pt-BR","@id":"https:\/\/www.suno.com.br\/noticias\/#\/schema\/logo\/image\/","url":"https:\/\/files.sunoresearch.com.br\/n\/uploads\/2021\/09\/suno-logo.png","contentUrl":"https:\/\/files.sunoresearch.com.br\/n\/uploads\/2021\/09\/suno-logo.png","width":180,"height":180,"caption":"Suno Not\u00edcias"},"image":{"@id":"https:\/\/www.suno.com.br\/noticias\/#\/schema\/logo\/image\/"},"sameAs":["https:\/\/facebook.com\/sunoresearch","https:\/\/x.com\/sunoresearch","https:\/\/www.instagram.com\/suno","https:\/\/www.linkedin.com\/company\/suno-research\/","https:\/\/www.youtube.com\/c\/sunoresearch"]},{"@type":"Person","@id":"https:\/\/www.suno.com.br\/noticias\/#\/schema\/person\/7f4d362bf3518e76090143ae77bb49a5","name":"Eduardo Vargas","image":{"@type":"ImageObject","inLanguage":"pt-BR","@id":"https:\/\/www.suno.com.br\/noticias\/#\/schema\/person\/image\/","url":"https:\/\/secure.gravatar.com\/avatar\/dac340933427a22924c9f99d1eb2e3f2?s=96&r=g","contentUrl":"https:\/\/secure.gravatar.com\/avatar\/dac340933427a22924c9f99d1eb2e3f2?s=96&r=g","caption":"Eduardo Vargas"},"description":"Jornalista formado pela UFSC, cobre macroeconomia, neg\u00f3cios e startups para o Suno Not\u00edcias, escrevendo principalmente not\u00edcias sobre o mercado financeiro e a bolsa de valores. No YouTube e no Instagram, \u00e9 respons\u00e1vel pela produ\u00e7\u00e3o de Reels e Shorts do Suno Not\u00edcias. Anteriormente, trabalhou cobrindo economia e cotidiano no ND+ e para o ND, maior jornal impresso de Santa Catarina. Cursou um semestre letivo de Estudos de M\u00eddia na Universidad de Buenos Aires.","url":"https:\/\/www.suno.com.br\/noticias\/author\/eduardo-vargas\/"}]}},"default_loop_html":"<div class=\"cardsPage__listCard__boxs\"><div class=\"cardsPage__listCard__boxs__img\"><a href=\"https:\/\/www.suno.com.br\/noticias\/kora-saude-krsa3-goiania-ing-aquisicao\/\"><img class=\"mask\" src=\"https:\/\/www.suno.com.br\/noticias\/wp-content\/themes\/suno\/resources\/images\/spotlight\/spotlight1img\/bg-mask.png\" alt=\"Image Mask\"\/><img src=\"https:\/\/files.sunoresearch.com.br\/n\/uploads\/2021\/08\/64fff200-instituto-de-neurologia-goiania-1-400x200.jpg\" alt=\"Kora (KRSA3) compra o Instituto de Neurologia de Goi\u00e2nia por R$ 123 milh\u00f5es\"\/><\/a><span class=\"spotlightCategory\"><a href=\"https:\/\/www.suno.com.br\/noticias\/negocios\/\">Neg\u00f3cios<\/a><\/span><\/div><div class=\"cardsPage__listCard__boxs__content\"><a href=\"https:\/\/www.suno.com.br\/noticias\/kora-saude-krsa3-goiania-ing-aquisicao\/\"><h2 class=\"content__title\">Kora (KRSA3) compra o Instituto de Neurologia de Goi\u00e2nia por R$ 123 milh\u00f5es<\/h2><\/a><div class=\"newsContent__article__meta\"><div class=\"newsContent__article__meta__authorBox\"><a href=\"https:\/\/www.suno.com.br\/noticias\/author\/eduardo-vargas\/\" class=\"authorBox__avatar noMobi\"><img src=\"https:\/\/secure.gravatar.com\/avatar\/dac340933427a22924c9f99d1eb2e3f2?s=96&#038;r=g\" alt=\"Eduardo Vargas\"><\/a><div class=\"authorBox__name\"><span>por\n\t\t\t<a href=\"https:\/\/www.suno.com.br\/noticias\/author\/eduardo-vargas\/\"><span itemprop=\"author\">Eduardo Vargas<\/span><\/a><\/span><time datetime=\"2021-08-30T11:36:58-03:00\" itemprop=\"datePublished\">30\/08\/2021 11:36<\/time><\/div><\/div><\/div><\/div><\/div>","single_layout":"posts","amp_enabled":true,"_links":{"self":[{"href":"https:\/\/www.suno.com.br\/noticias\/wp-json\/wp\/v2\/posts\/179398"}],"collection":[{"href":"https:\/\/www.suno.com.br\/noticias\/wp-json\/wp\/v2\/posts"}],"about":[{"href":"https:\/\/www.suno.com.br\/noticias\/wp-json\/wp\/v2\/types\/post"}],"author":[{"embeddable":true,"href":"https:\/\/www.suno.com.br\/noticias\/wp-json\/wp\/v2\/users\/73"}],"replies":[{"embeddable":true,"href":"https:\/\/www.suno.com.br\/noticias\/wp-json\/wp\/v2\/comments?post=179398"}],"version-history":[{"count":3,"href":"https:\/\/www.suno.com.br\/noticias\/wp-json\/wp\/v2\/posts\/179398\/revisions"}],"predecessor-version":[{"id":179424,"href":"https:\/\/www.suno.com.br\/noticias\/wp-json\/wp\/v2\/posts\/179398\/revisions\/179424"}],"wp:featuredmedia":[{"embeddable":true,"href":"https:\/\/www.suno.com.br\/noticias\/wp-json\/wp\/v2\/media\/179411"}],"wp:attachment":[{"href":"https:\/\/www.suno.com.br\/noticias\/wp-json\/wp\/v2\/media?parent=179398"}],"wp:term":[{"taxonomy":"category","embeddable":true,"href":"https:\/\/www.suno.com.br\/noticias\/wp-json\/wp\/v2\/categories?post=179398"},{"taxonomy":"post_tag","embeddable":true,"href":"https:\/\/www.suno.com.br\/noticias\/wp-json\/wp\/v2\/tags?post=179398"},{"taxonomy":"suno_strategy","embeddable":true,"href":"https:\/\/www.suno.com.br\/noticias\/wp-json\/wp\/v2\/suno_strategy?post=179398"}],"curies":[{"name":"wp","href":"https:\/\/api.w.org\/{rel}","templated":true}]}}