{"id":179381,"date":"2021-08-30T19:49:35","date_gmt":"2021-08-30T22:49:35","guid":{"rendered":"https:\/\/www.suno.com.br\/noticias\/?p=179381"},"modified":"2021-08-30T19:49:35","modified_gmt":"2021-08-30T22:49:35","slug":"investidor-estrangeiro-eleva-posicao-vendida-queda-juros","status":"publish","type":"post","link":"https:\/\/www.suno.com.br\/noticias\/investidor-estrangeiro-eleva-posicao-vendida-queda-juros\/","title":{"rendered":"B3 (B3SA3): investidor estrangeiro eleva posi\u00e7\u00e3o &#8216;vendida&#8217; e aposta na queda dos juros"},"content":{"rendered":"<p>Os<a href=\"https:\/\/www.suno.com.br\/artigos\/investidor-estrangeiro\/\"> investidores estrangeiros<\/a> elevaram suas posi\u00e7\u00f5es aplicadas no mercado de <strong>juros<\/strong>, em termos l\u00edquidos, no preg\u00e3o de sexta-feira (27,) segundo informa\u00e7\u00f5es da B3.<\/p>\t<div class=\"wrapper-featured-image\">\n\t\t<figure class=\"spotlightImg\">\n\n\t\t\t<picture>\n\t\t\t\t<source media=\"(max-width: 768px)\" srcset=\"https:\/\/files.sunoresearch.com.br\/n\/uploads\/2021\/08\/9dd9a852-banco-central-determina-fechamento-das-atividades-do-banco-neon-400x200.jpg\">\n\t\t\t\t<img loading=\"lazy\" decoding=\"async\" class=\"newsContent__article__imgCapa lazyloadDisabled \" src=\"https:\/\/files.sunoresearch.com.br\/n\/uploads\/2021\/08\/9dd9a852-banco-central-determina-fechamento-das-atividades-do-banco-neon-800x450.jpg\" width=\"800\" height=\"450\" alt=\"B3 (B3SA3): investidor estrangeiro eleva posi\u00e7\u00e3o &#8216;vendida&#8217; e aposta na queda dos juros\" fetchpriority=high \/>\n\t\t\t<\/picture>\n\n\t\t\t<figcaption class=\"wp-caption-text wp-caption-text--show\">No relat\u00f3rio, a OCDE projeta um crescimento econ\u00f4mico de 5,2% par ao Brasil em 2021 - Foto Flickr.\/Ag\u00eancia Brasil<\/figcaption>\n\t\t<\/figure>\n\t<\/div>\n\n\n\t<p>\n\t\t<a href=\"https:\/\/lp.suno.com.br\/planilha-controle-gastos\/\" target=\"_blank\" data-element=\"shortcode-suno-banner\" title=\"Banner SUNO, clique e saiba mais\">\n\t\t\t<picture>\n\t\t\t\t<source media=\"(max-width: 500px)\" srcset=\"https:\/\/files.sunoresearch.com.br\/n\/uploads\/2023\/03\/400x300-Planilha-controle-de-gastos.png\">\n\t\t\t\t<img class=\"newsContent__article__imgCapa newsContent__article__imgCapa--banner\"\n\t\t\t\t\tsrc=\"https:\/\/files.sunoresearch.com.br\/n\/uploads\/2023\/03\/1420x240-Planilha-controle-de-gastos.png\"\n\t\t\t\t\tdata-promo-id=\"101751\"\t\t\t\t\t\t\t\t\t\twidth='1420' height='240'\t\t\t\t\talt=\"https:\/\/files.sunoresearch.com.br\/n\/uploads\/2023\/03\/1420x240-Planilha-controle-de-gastos.png\"\n\t\t\t\t>\n\t\t\t<\/picture>\n\t\t<\/a>\n\t<\/p>\n\n\n<p>O estoque dos <strong>contratos<\/strong> em aberto vendidos em taxas\/comprados em PU, Pre\u00e7o unit\u00e1rio, destes players subiu de 3.497.718 para 3.645.418, aumento de 147.700 contratos.<\/p>\n<p>J\u00e1 os <strong>investidores<\/strong> <strong>locais<\/strong> reduziram a<a href=\"https:\/\/www.suno.com.br\/artigos\/short\/\"> posi\u00e7\u00e3o l\u00edquida vendida em taxa<\/a>, passando de 2.175.185 para 2.010.289, uma diferen\u00e7a de 164.896 contratos.<\/p>\n\t<div data-element=\"shortcode-read-more\" class=\"knowMore\">\n\t\t\t\t<span class=\"knowMore__title\">Leia mais<\/span>\n\t\t\t\t<a class=\"knowMore__link\" href=\"https:\/\/www.suno.com.br\/noticias\/selic-prognostico-2022-taxa-juros-bc-bacen\/\">\n\t\t\tSelic em 2022: analistas divergem nas previs\u00f5es; mas elei\u00e7\u00f5es e teto de gastos preocupam todos\t\t<\/a>\n\t<\/div>\n\n\n<p>Em contrapartida, os <strong>bancos<\/strong> diminu\u00edram posi\u00e7\u00e3o l\u00edquida comprada em taxa, com o estoque passando de 5.400.004 para 5.378.699 contratos em aberto, uma baixa de 21.305 contratos.<\/p>\n<h2>Juros futuros<\/h2>\n<p>Os juros futuros come\u00e7am a semana com alta dos longos, refletindo a cautela local em meio \u00e0 crise h\u00eddrica, riscos fiscais e <strong>inflacion\u00e1rios<\/strong>, ru\u00eddos pol\u00edticos antes dos atos de 7 de setembro, e sa\u00edda dos bancos p\u00fablicos da Febraban.<\/p>\n<p>As taxas m\u00e9dias t\u00eam vi\u00e9s de alta, mas as curtas operam est\u00e1veis ap\u00f3s o <a href=\"https:\/\/www.suno.com.br\/artigos\/igp-m\/\"><strong>IGP-M<\/strong> mostrar desacelera\u00e7\u00e3o em agosto<\/a>.<\/p>\n\t<p>\n\t\t<a href=\"https:\/\/lp.suno.com.br\/planilha-da-vida-financeira\/\" target=\"_blank\" data-element=\"shortcode-suno-banner\" title=\"Banner SUNO, clique e saiba mais\">\n\t\t\t<picture>\n\t\t\t\t<source media=\"(max-width: 500px)\" srcset=\"https:\/\/files.sunoresearch.com.br\/n\/uploads\/2023\/04\/400x300-Planilha-vida-financeira-true.png\">\n\t\t\t\t<img class=\"newsContent__article__imgCapa newsContent__article__imgCapa--banner\"\n\t\t\t\t\tsrc=\"https:\/\/files.sunoresearch.com.br\/n\/uploads\/2023\/04\/1420x240-Planilha-vida-financeira-true.png\"\n\t\t\t\t\tdata-promo-id=\"106682\"\t\t\t\t\t\t\t\t\t\twidth='1420' height='240'\t\t\t\t\talt=\"https:\/\/files.sunoresearch.com.br\/n\/uploads\/2023\/04\/1420x240-Planilha-vida-financeira-true.png\"\n\t\t\t\t>\n\t\t\t<\/picture>\n\t\t<\/a>\n\t<\/p>\n\n\n<p>Na manh\u00e3\u00a0desta segunda-feira (30) a taxa do contrato de dep\u00f3sito interfinanceiro (DI) para janeiro de 2027 subia para m\u00e1xima de 9,78%, de 9,71% no ajuste anterior.<\/p>\n<p>O DI para janeiro de 2023 marcava 8,47%, de 8,45%, e o para janeiro de 2022 exibia m\u00e1xima de 6,765%, de 6,779% no ajuste de sexta-feira (27).<\/p>\n<h2>Ouro fechou em alta com influ\u00eancia dos Treasuries ap\u00f3s Powell<\/h2>\n<p>Com os movimentos recentes, o ouro teve alta no \u00faltimo preg\u00e3o da semaan, reagindo ao d\u00f3lar fraco e a queda nos juros dos Treasuries, ap\u00f3s falas do presidente do Federal Reserve (<strong>Fed<\/strong>, o banco central norte-americano), <a class=\"suno-keyword\" href=\"https:\/\/www.suno.com.br\/tudo-sobre\/jerome-powell\/\" target=\"_blank\" rel=\"noopener\" data-force=\"no\" data-priority=\"2\">Jerome <strong>Powell<\/strong><\/a>, durante o Simp\u00f3sio de Jackson Hole.<\/p>\n<p>Na Comex, divis\u00e3o de metais da <a class=\"suno-keyword\" href=\"https:\/\/www.suno.com.br\/artigos\/nymex\/\" target=\"_blank\" rel=\"noopener\" data-force=\"no\" data-priority=\"1\">New York Mercantile Exchange (Nymex)<\/a>, o ouro com entrega prevista para dezembro saltou em 1,35%, a US$ 1.819,50 a on\u00e7a-troy. No acumulado da semana, o contrato do metal acumulou alta de 1,99%.<\/p>\n\t<p>\n\t\t<a href=\"https:\/\/lp.suno.com.br\/ebook-como-analisar-uma-acao\/\" target=\"_blank\" data-element=\"shortcode-suno-banner\" title=\"Banner SUNO, clique e saiba mais\">\n\t\t\t<picture>\n\t\t\t\t<source media=\"(max-width: 500px)\" srcset=\"https:\/\/files.sunoresearch.com.br\/n\/uploads\/2023\/03\/Ebook-Acoes-Mobile-1.jpg\">\n\t\t\t\t<img class=\"newsContent__article__imgCapa newsContent__article__imgCapa--banner\"\n\t\t\t\t\tsrc=\"https:\/\/files.sunoresearch.com.br\/n\/uploads\/2023\/03\/Ebook-Acoes-Desktop-1.jpg\"\n\t\t\t\t\tdata-promo-id=\"171998\"\t\t\t\t\t\t\t\t\t\twidth='1420' height='286'\t\t\t\t\talt=\"https:\/\/files.sunoresearch.com.br\/n\/uploads\/2023\/03\/Ebook-Acoes-Desktop-1.jpg\"\n\t\t\t\t>\n\t\t\t<\/picture>\n\t\t<\/a>\n\t<\/p>\n\n\n<p>Com a cota\u00e7\u00e3o na moeda americana, o metal precioso fica mais atraente a investidores que negociam com outras divisas quando a moeda norte-americana se enfraquece, enquanto o recuo nos retornos da renda fixa dos Estados Unidos d\u00e1 apoio por concorrerem com a commodity como reserva de seguran\u00e7a de <strong>investidores<\/strong>.<\/p>\n<p>O movimento de <a class=\"suno-keyword\" href=\"https:\/\/www.suno.com.br\/artigos\/queda-dolar\/\" target=\"_blank\" rel=\"noopener\" data-force=\"no\" data-priority=\"1\">queda do d\u00f3lar<\/a> ante rivais e dos <strong>juros<\/strong> dos Treasuries se intensificou no fim da manh\u00e3 desta sexta-feira, quando Powell adotou tom mais <i>dovish<\/i> que os do demais dirigentes do Fed ao discursar sobre a <a class=\"suno-keyword\" href=\"https:\/\/www.suno.com.br\/artigos\/politica-monetaria\/\" target=\"_blank\" rel=\"noopener\" data-force=\"no\" data-priority=\"1\">pol\u00edtica monet\u00e1ria<\/a> da entidade e suas metas de infla\u00e7\u00e3o e emprego.<\/p>\n<p><em>Com informa\u00e7\u00f5es do Estad\u00e3o Conte\u00fado<\/em><\/p>\n\t<p>\n\t\t<a href=\"https:\/\/lp.suno.com.br\/planilha-de-controle-de-investimentos\/\" target=\"_blank\" data-element=\"shortcode-suno-banner\" title=\"Banner SUNO, clique e saiba mais\">\n\t\t\t<picture>\n\t\t\t\t<source media=\"(max-width: 500px)\" srcset=\"https:\/\/files.sunoresearch.com.br\/n\/uploads\/2023\/03\/400x300-Controle-de-Investimentos.png\">\n\t\t\t\t<img class=\"newsContent__article__imgCapa newsContent__article__imgCapa--banner\"\n\t\t\t\t\tsrc=\"https:\/\/files.sunoresearch.com.br\/n\/uploads\/2023\/03\/1420x240-Controle-de-Investimentos.png\"\n\t\t\t\t\tdata-promo-id=\"75934\"\t\t\t\t\t\t\t\t\t\twidth='1420' height='240'\t\t\t\t\talt=\"https:\/\/files.sunoresearch.com.br\/n\/uploads\/2023\/03\/1420x240-Controle-de-Investimentos.png\"\n\t\t\t\t>\n\t\t\t<\/picture>\n\t\t<\/a>\n\t<\/p>\n\n\n","protected":false},"excerpt":{"rendered":"<p>Os investidores estrangeiros elevaram suas posi\u00e7\u00f5es aplicadas no mercado de juros, em termos l\u00edquidos, no preg\u00e3o de sexta-feira (27,) segundo informa\u00e7\u00f5es da B3. No relat\u00f3rio, a OCDE projeta um crescimento econ\u00f4mico de 5,2% par ao Brasil em 2021 &#8211; Foto Flickr.\/Ag\u00eancia Brasil O estoque dos contratos em aberto vendidos em taxas\/comprados em PU, Pre\u00e7o unit\u00e1rio, [&hellip;]<\/p>\n","protected":false},"author":73,"featured_media":172180,"comment_status":"closed","ping_status":"closed","sticky":false,"template":"","format":"standard","meta":[],"categories":[60],"tags":[106444,2080,2197,1752,290],"suno_strategy":[],"class_list":["post-179381","post","type-post","status-publish","format-standard","has-post-thumbnail","hentry","category-mercado","tag-agencias","tag-investidores-estrangeiros","tag-juros-futuros","tag-taxa-de-juros","tag-taxa-selic"],"yoast_head":"<!-- This site is optimized with the Yoast SEO plugin v24.4 - https:\/\/yoast.com\/wordpress\/plugins\/seo\/ -->\n<title>Investidor estrangeiro eleva posi\u00e7\u00e3o &#039;vendida&#039; e aposta na queda dos juros<\/title>\n<meta name=\"description\" content=\"O estoque dos contratos em aberto vendidos em taxas\/comprados em juros subiu de 3,4 milh\u00f5es para 3,6 milh\u00f5es. Clique aqui e leia mais.\" \/>\n<meta name=\"robots\" content=\"index, follow, max-snippet:-1, max-image-preview:large, max-video-preview:-1\" \/>\n<link rel=\"canonical\" href=\"https:\/\/www.suno.com.br\/noticias\/investidor-estrangeiro-eleva-posicao-vendida-queda-juros\/\" \/>\n<meta property=\"og:locale\" content=\"pt_BR\" \/>\n<meta property=\"og:type\" content=\"article\" \/>\n<meta property=\"og:title\" content=\"Investidor estrangeiro eleva posi\u00e7\u00e3o &#039;vendida&#039; e aposta na queda dos juros\" \/>\n<meta property=\"og:description\" content=\"O estoque dos contratos em aberto vendidos em taxas\/comprados em juros subiu de 3,4 milh\u00f5es para 3,6 milh\u00f5es. Clique aqui e leia mais.\" \/>\n<meta property=\"og:url\" content=\"https:\/\/www.suno.com.br\/noticias\/investidor-estrangeiro-eleva-posicao-vendida-queda-juros\/\" \/>\n<meta property=\"og:site_name\" content=\"Suno Not\u00edcias\" \/>\n<meta property=\"article:publisher\" content=\"https:\/\/facebook.com\/sunoresearch\" \/>\n<meta property=\"og:image\" content=\"https:\/\/files.sunoresearch.com.br\/n\/uploads\/2021\/08\/9dd9a852-banco-central-determina-fechamento-das-atividades-do-banco-neon.jpg\" \/>\n\t<meta property=\"og:image:width\" content=\"1200\" \/>\n\t<meta property=\"og:image:height\" content=\"800\" \/>\n\t<meta property=\"og:image:type\" content=\"image\/jpeg\" \/>\n<meta name=\"author\" content=\"Eduardo Vargas\" \/>\n<meta name=\"twitter:card\" content=\"summary_large_image\" \/>\n<meta name=\"twitter:creator\" content=\"@sunoresearch\" \/>\n<meta name=\"twitter:site\" content=\"@sunoresearch\" \/>\n<meta name=\"twitter:label1\" content=\"Escrito por\" \/>\n\t<meta name=\"twitter:data1\" content=\"Eduardo Vargas\" \/>\n\t<meta name=\"twitter:label2\" content=\"Est. tempo de leitura\" \/>\n\t<meta name=\"twitter:data2\" content=\"2 minutos\" \/>\n<script type=\"application\/ld+json\" class=\"yoast-schema-graph\">{\"@context\":\"https:\/\/schema.org\",\"@graph\":[{\"@type\":\"NewsArticle\",\"@id\":\"https:\/\/www.suno.com.br\/noticias\/investidor-estrangeiro-eleva-posicao-vendida-queda-juros\/#article\",\"isPartOf\":{\"@id\":\"https:\/\/www.suno.com.br\/noticias\/investidor-estrangeiro-eleva-posicao-vendida-queda-juros\/\"},\"author\":{\"name\":\"Eduardo Vargas\",\"@id\":\"https:\/\/www.suno.com.br\/noticias\/#\/schema\/person\/7f4d362bf3518e76090143ae77bb49a5\"},\"headline\":\"B3 (B3SA3): investidor estrangeiro eleva posi\u00e7\u00e3o &#8216;vendida&#8217; e aposta na queda dos juros\",\"datePublished\":\"2021-08-30T22:49:35+00:00\",\"mainEntityOfPage\":{\"@id\":\"https:\/\/www.suno.com.br\/noticias\/investidor-estrangeiro-eleva-posicao-vendida-queda-juros\/\"},\"wordCount\":457,\"publisher\":{\"@id\":\"https:\/\/www.suno.com.br\/noticias\/#organization\"},\"image\":{\"@id\":\"https:\/\/www.suno.com.br\/noticias\/investidor-estrangeiro-eleva-posicao-vendida-queda-juros\/#primaryimage\"},\"thumbnailUrl\":\"https:\/\/files.sunoresearch.com.br\/n\/uploads\/2021\/08\/9dd9a852-banco-central-determina-fechamento-das-atividades-do-banco-neon.jpg\",\"keywords\":[\"Ag\u00eancias\",\"Investidores estrangeiros\",\"juros futuros\",\"taxa de juros\",\"Taxa Selic\"],\"articleSection\":[\"Mercado\"],\"inLanguage\":\"pt-BR\"},{\"@type\":\"WebPage\",\"@id\":\"https:\/\/www.suno.com.br\/noticias\/investidor-estrangeiro-eleva-posicao-vendida-queda-juros\/\",\"url\":\"https:\/\/www.suno.com.br\/noticias\/investidor-estrangeiro-eleva-posicao-vendida-queda-juros\/\",\"name\":\"Investidor estrangeiro eleva posi\u00e7\u00e3o 'vendida' e aposta na queda dos juros\",\"isPartOf\":{\"@id\":\"https:\/\/www.suno.com.br\/noticias\/#website\"},\"primaryImageOfPage\":{\"@id\":\"https:\/\/www.suno.com.br\/noticias\/investidor-estrangeiro-eleva-posicao-vendida-queda-juros\/#primaryimage\"},\"image\":{\"@id\":\"https:\/\/www.suno.com.br\/noticias\/investidor-estrangeiro-eleva-posicao-vendida-queda-juros\/#primaryimage\"},\"thumbnailUrl\":\"https:\/\/files.sunoresearch.com.br\/n\/uploads\/2021\/08\/9dd9a852-banco-central-determina-fechamento-das-atividades-do-banco-neon.jpg\",\"datePublished\":\"2021-08-30T22:49:35+00:00\",\"description\":\"O estoque dos contratos em aberto vendidos em taxas\/comprados em juros subiu de 3,4 milh\u00f5es para 3,6 milh\u00f5es. Clique aqui e leia mais.\",\"breadcrumb\":{\"@id\":\"https:\/\/www.suno.com.br\/noticias\/investidor-estrangeiro-eleva-posicao-vendida-queda-juros\/#breadcrumb\"},\"inLanguage\":\"pt-BR\",\"potentialAction\":[{\"@type\":\"ReadAction\",\"target\":[\"https:\/\/www.suno.com.br\/noticias\/investidor-estrangeiro-eleva-posicao-vendida-queda-juros\/\"]}]},{\"@type\":\"ImageObject\",\"inLanguage\":\"pt-BR\",\"@id\":\"https:\/\/www.suno.com.br\/noticias\/investidor-estrangeiro-eleva-posicao-vendida-queda-juros\/#primaryimage\",\"url\":\"https:\/\/files.sunoresearch.com.br\/n\/uploads\/2021\/08\/9dd9a852-banco-central-determina-fechamento-das-atividades-do-banco-neon.jpg\",\"contentUrl\":\"https:\/\/files.sunoresearch.com.br\/n\/uploads\/2021\/08\/9dd9a852-banco-central-determina-fechamento-das-atividades-do-banco-neon.jpg\",\"width\":1200,\"height\":800,\"caption\":\"No relat\u00f3rio, a OCDE projeta um crescimento econ\u00f4mico de 5,2% par ao Brasil em 2021 - Foto Flickr.\/Ag\u00eancia Brasil\"},{\"@type\":\"BreadcrumbList\",\"@id\":\"https:\/\/www.suno.com.br\/noticias\/investidor-estrangeiro-eleva-posicao-vendida-queda-juros\/#breadcrumb\",\"itemListElement\":[{\"@type\":\"ListItem\",\"position\":1,\"name\":\"Not\u00edcias\",\"item\":\"https:\/\/www.suno.com.br\/noticias\/\"},{\"@type\":\"ListItem\",\"position\":2,\"name\":\"Mercado\",\"item\":\"https:\/\/www.suno.com.br\/noticias\/mercado\/\"},{\"@type\":\"ListItem\",\"position\":3,\"name\":\"B3 (B3SA3): investidor estrangeiro eleva posi\u00e7\u00e3o &#8216;vendida&#8217; e aposta na queda dos juros\"}]},{\"@type\":\"WebSite\",\"@id\":\"https:\/\/www.suno.com.br\/noticias\/#website\",\"url\":\"https:\/\/www.suno.com.br\/noticias\/\",\"name\":\"Suno Not\u00edcias\",\"description\":\"Seu portal de informa\u00e7\u00e3o sobre o mundo dos investimentos\",\"publisher\":{\"@id\":\"https:\/\/www.suno.com.br\/noticias\/#organization\"},\"potentialAction\":[{\"@type\":\"SearchAction\",\"target\":{\"@type\":\"EntryPoint\",\"urlTemplate\":\"https:\/\/www.suno.com.br\/noticias\/?s={search_term_string}\"},\"query-input\":{\"@type\":\"PropertyValueSpecification\",\"valueRequired\":true,\"valueName\":\"search_term_string\"}}],\"inLanguage\":\"pt-BR\"},{\"@type\":\"Organization\",\"@id\":\"https:\/\/www.suno.com.br\/noticias\/#organization\",\"name\":\"Suno Not\u00edcias\",\"url\":\"https:\/\/www.suno.com.br\/noticias\/\",\"logo\":{\"@type\":\"ImageObject\",\"inLanguage\":\"pt-BR\",\"@id\":\"https:\/\/www.suno.com.br\/noticias\/#\/schema\/logo\/image\/\",\"url\":\"https:\/\/files.sunoresearch.com.br\/n\/uploads\/2021\/09\/suno-logo.png\",\"contentUrl\":\"https:\/\/files.sunoresearch.com.br\/n\/uploads\/2021\/09\/suno-logo.png\",\"width\":180,\"height\":180,\"caption\":\"Suno Not\u00edcias\"},\"image\":{\"@id\":\"https:\/\/www.suno.com.br\/noticias\/#\/schema\/logo\/image\/\"},\"sameAs\":[\"https:\/\/facebook.com\/sunoresearch\",\"https:\/\/x.com\/sunoresearch\",\"https:\/\/www.instagram.com\/suno\",\"https:\/\/www.linkedin.com\/company\/suno-research\/\",\"https:\/\/www.youtube.com\/c\/sunoresearch\"]},{\"@type\":\"Person\",\"@id\":\"https:\/\/www.suno.com.br\/noticias\/#\/schema\/person\/7f4d362bf3518e76090143ae77bb49a5\",\"name\":\"Eduardo Vargas\",\"image\":{\"@type\":\"ImageObject\",\"inLanguage\":\"pt-BR\",\"@id\":\"https:\/\/www.suno.com.br\/noticias\/#\/schema\/person\/image\/\",\"url\":\"https:\/\/secure.gravatar.com\/avatar\/dac340933427a22924c9f99d1eb2e3f2?s=96&r=g\",\"contentUrl\":\"https:\/\/secure.gravatar.com\/avatar\/dac340933427a22924c9f99d1eb2e3f2?s=96&r=g\",\"caption\":\"Eduardo Vargas\"},\"description\":\"Jornalista formado pela UFSC, cobre macroeconomia, neg\u00f3cios e startups para o Suno Not\u00edcias, escrevendo principalmente not\u00edcias sobre o mercado financeiro e a bolsa de valores. No YouTube e no Instagram, \u00e9 respons\u00e1vel pela produ\u00e7\u00e3o de Reels e Shorts do Suno Not\u00edcias. Anteriormente, trabalhou cobrindo economia e cotidiano no ND+ e para o ND, maior jornal impresso de Santa Catarina. Cursou um semestre letivo de Estudos de M\u00eddia na Universidad de Buenos Aires.\",\"url\":\"https:\/\/www.suno.com.br\/noticias\/author\/eduardo-vargas\/\"}]}<\/script>\n<!-- \/ Yoast SEO plugin. -->","yoast_head_json":{"title":"Investidor estrangeiro eleva posi\u00e7\u00e3o 'vendida' e aposta na queda dos juros","description":"O estoque dos contratos em aberto vendidos em taxas\/comprados em juros subiu de 3,4 milh\u00f5es para 3,6 milh\u00f5es. Clique aqui e leia mais.","robots":{"index":"index","follow":"follow","max-snippet":"max-snippet:-1","max-image-preview":"max-image-preview:large","max-video-preview":"max-video-preview:-1"},"canonical":"https:\/\/www.suno.com.br\/noticias\/investidor-estrangeiro-eleva-posicao-vendida-queda-juros\/","og_locale":"pt_BR","og_type":"article","og_title":"Investidor estrangeiro eleva posi\u00e7\u00e3o 'vendida' e aposta na queda dos juros","og_description":"O estoque dos contratos em aberto vendidos em taxas\/comprados em juros subiu de 3,4 milh\u00f5es para 3,6 milh\u00f5es. Clique aqui e leia mais.","og_url":"https:\/\/www.suno.com.br\/noticias\/investidor-estrangeiro-eleva-posicao-vendida-queda-juros\/","og_site_name":"Suno Not\u00edcias","article_publisher":"https:\/\/facebook.com\/sunoresearch","og_image":[{"width":1200,"height":800,"url":"https:\/\/files.sunoresearch.com.br\/n\/uploads\/2021\/08\/9dd9a852-banco-central-determina-fechamento-das-atividades-do-banco-neon.jpg","type":"image\/jpeg"}],"author":"Eduardo Vargas","twitter_card":"summary_large_image","twitter_creator":"@sunoresearch","twitter_site":"@sunoresearch","twitter_misc":{"Escrito por":"Eduardo Vargas","Est. tempo de leitura":"2 minutos"},"schema":{"@context":"https:\/\/schema.org","@graph":[{"@type":"NewsArticle","@id":"https:\/\/www.suno.com.br\/noticias\/investidor-estrangeiro-eleva-posicao-vendida-queda-juros\/#article","isPartOf":{"@id":"https:\/\/www.suno.com.br\/noticias\/investidor-estrangeiro-eleva-posicao-vendida-queda-juros\/"},"author":{"name":"Eduardo Vargas","@id":"https:\/\/www.suno.com.br\/noticias\/#\/schema\/person\/7f4d362bf3518e76090143ae77bb49a5"},"headline":"B3 (B3SA3): investidor estrangeiro eleva posi\u00e7\u00e3o &#8216;vendida&#8217; e aposta na queda dos juros","datePublished":"2021-08-30T22:49:35+00:00","mainEntityOfPage":{"@id":"https:\/\/www.suno.com.br\/noticias\/investidor-estrangeiro-eleva-posicao-vendida-queda-juros\/"},"wordCount":457,"publisher":{"@id":"https:\/\/www.suno.com.br\/noticias\/#organization"},"image":{"@id":"https:\/\/www.suno.com.br\/noticias\/investidor-estrangeiro-eleva-posicao-vendida-queda-juros\/#primaryimage"},"thumbnailUrl":"https:\/\/files.sunoresearch.com.br\/n\/uploads\/2021\/08\/9dd9a852-banco-central-determina-fechamento-das-atividades-do-banco-neon.jpg","keywords":["Ag\u00eancias","Investidores estrangeiros","juros futuros","taxa de juros","Taxa Selic"],"articleSection":["Mercado"],"inLanguage":"pt-BR"},{"@type":"WebPage","@id":"https:\/\/www.suno.com.br\/noticias\/investidor-estrangeiro-eleva-posicao-vendida-queda-juros\/","url":"https:\/\/www.suno.com.br\/noticias\/investidor-estrangeiro-eleva-posicao-vendida-queda-juros\/","name":"Investidor estrangeiro eleva posi\u00e7\u00e3o 'vendida' e aposta na queda dos juros","isPartOf":{"@id":"https:\/\/www.suno.com.br\/noticias\/#website"},"primaryImageOfPage":{"@id":"https:\/\/www.suno.com.br\/noticias\/investidor-estrangeiro-eleva-posicao-vendida-queda-juros\/#primaryimage"},"image":{"@id":"https:\/\/www.suno.com.br\/noticias\/investidor-estrangeiro-eleva-posicao-vendida-queda-juros\/#primaryimage"},"thumbnailUrl":"https:\/\/files.sunoresearch.com.br\/n\/uploads\/2021\/08\/9dd9a852-banco-central-determina-fechamento-das-atividades-do-banco-neon.jpg","datePublished":"2021-08-30T22:49:35+00:00","description":"O estoque dos contratos em aberto vendidos em taxas\/comprados em juros subiu de 3,4 milh\u00f5es para 3,6 milh\u00f5es. Clique aqui e leia mais.","breadcrumb":{"@id":"https:\/\/www.suno.com.br\/noticias\/investidor-estrangeiro-eleva-posicao-vendida-queda-juros\/#breadcrumb"},"inLanguage":"pt-BR","potentialAction":[{"@type":"ReadAction","target":["https:\/\/www.suno.com.br\/noticias\/investidor-estrangeiro-eleva-posicao-vendida-queda-juros\/"]}]},{"@type":"ImageObject","inLanguage":"pt-BR","@id":"https:\/\/www.suno.com.br\/noticias\/investidor-estrangeiro-eleva-posicao-vendida-queda-juros\/#primaryimage","url":"https:\/\/files.sunoresearch.com.br\/n\/uploads\/2021\/08\/9dd9a852-banco-central-determina-fechamento-das-atividades-do-banco-neon.jpg","contentUrl":"https:\/\/files.sunoresearch.com.br\/n\/uploads\/2021\/08\/9dd9a852-banco-central-determina-fechamento-das-atividades-do-banco-neon.jpg","width":1200,"height":800,"caption":"No relat\u00f3rio, a OCDE projeta um crescimento econ\u00f4mico de 5,2% par ao Brasil em 2021 - Foto Flickr.\/Ag\u00eancia Brasil"},{"@type":"BreadcrumbList","@id":"https:\/\/www.suno.com.br\/noticias\/investidor-estrangeiro-eleva-posicao-vendida-queda-juros\/#breadcrumb","itemListElement":[{"@type":"ListItem","position":1,"name":"Not\u00edcias","item":"https:\/\/www.suno.com.br\/noticias\/"},{"@type":"ListItem","position":2,"name":"Mercado","item":"https:\/\/www.suno.com.br\/noticias\/mercado\/"},{"@type":"ListItem","position":3,"name":"B3 (B3SA3): investidor estrangeiro eleva posi\u00e7\u00e3o &#8216;vendida&#8217; e aposta na queda dos juros"}]},{"@type":"WebSite","@id":"https:\/\/www.suno.com.br\/noticias\/#website","url":"https:\/\/www.suno.com.br\/noticias\/","name":"Suno Not\u00edcias","description":"Seu portal de informa\u00e7\u00e3o sobre o mundo dos investimentos","publisher":{"@id":"https:\/\/www.suno.com.br\/noticias\/#organization"},"potentialAction":[{"@type":"SearchAction","target":{"@type":"EntryPoint","urlTemplate":"https:\/\/www.suno.com.br\/noticias\/?s={search_term_string}"},"query-input":{"@type":"PropertyValueSpecification","valueRequired":true,"valueName":"search_term_string"}}],"inLanguage":"pt-BR"},{"@type":"Organization","@id":"https:\/\/www.suno.com.br\/noticias\/#organization","name":"Suno Not\u00edcias","url":"https:\/\/www.suno.com.br\/noticias\/","logo":{"@type":"ImageObject","inLanguage":"pt-BR","@id":"https:\/\/www.suno.com.br\/noticias\/#\/schema\/logo\/image\/","url":"https:\/\/files.sunoresearch.com.br\/n\/uploads\/2021\/09\/suno-logo.png","contentUrl":"https:\/\/files.sunoresearch.com.br\/n\/uploads\/2021\/09\/suno-logo.png","width":180,"height":180,"caption":"Suno Not\u00edcias"},"image":{"@id":"https:\/\/www.suno.com.br\/noticias\/#\/schema\/logo\/image\/"},"sameAs":["https:\/\/facebook.com\/sunoresearch","https:\/\/x.com\/sunoresearch","https:\/\/www.instagram.com\/suno","https:\/\/www.linkedin.com\/company\/suno-research\/","https:\/\/www.youtube.com\/c\/sunoresearch"]},{"@type":"Person","@id":"https:\/\/www.suno.com.br\/noticias\/#\/schema\/person\/7f4d362bf3518e76090143ae77bb49a5","name":"Eduardo Vargas","image":{"@type":"ImageObject","inLanguage":"pt-BR","@id":"https:\/\/www.suno.com.br\/noticias\/#\/schema\/person\/image\/","url":"https:\/\/secure.gravatar.com\/avatar\/dac340933427a22924c9f99d1eb2e3f2?s=96&r=g","contentUrl":"https:\/\/secure.gravatar.com\/avatar\/dac340933427a22924c9f99d1eb2e3f2?s=96&r=g","caption":"Eduardo Vargas"},"description":"Jornalista formado pela UFSC, cobre macroeconomia, neg\u00f3cios e startups para o Suno Not\u00edcias, escrevendo principalmente not\u00edcias sobre o mercado financeiro e a bolsa de valores. No YouTube e no Instagram, \u00e9 respons\u00e1vel pela produ\u00e7\u00e3o de Reels e Shorts do Suno Not\u00edcias. Anteriormente, trabalhou cobrindo economia e cotidiano no ND+ e para o ND, maior jornal impresso de Santa Catarina. Cursou um semestre letivo de Estudos de M\u00eddia na Universidad de Buenos Aires.","url":"https:\/\/www.suno.com.br\/noticias\/author\/eduardo-vargas\/"}]}},"default_loop_html":"<div class=\"cardsPage__listCard__boxs\"><div class=\"cardsPage__listCard__boxs__img\"><a href=\"https:\/\/www.suno.com.br\/noticias\/investidor-estrangeiro-eleva-posicao-vendida-queda-juros\/\"><img class=\"mask\" src=\"https:\/\/www.suno.com.br\/noticias\/wp-content\/themes\/suno\/resources\/images\/spotlight\/spotlight1img\/bg-mask.png\" alt=\"Image Mask\"\/><img src=\"https:\/\/files.sunoresearch.com.br\/n\/uploads\/2021\/08\/9dd9a852-banco-central-determina-fechamento-das-atividades-do-banco-neon-400x200.jpg\" alt=\"B3 (B3SA3): investidor estrangeiro eleva posi\u00e7\u00e3o &#8216;vendida&#8217; e aposta na queda dos juros\"\/><\/a><span class=\"spotlightCategory\"><a href=\"https:\/\/www.suno.com.br\/noticias\/mercado\/\">Mercado<\/a><\/span><\/div><div class=\"cardsPage__listCard__boxs__content\"><a href=\"https:\/\/www.suno.com.br\/noticias\/investidor-estrangeiro-eleva-posicao-vendida-queda-juros\/\"><h2 class=\"content__title\">B3 (B3SA3): investidor estrangeiro eleva posi\u00e7\u00e3o &#8216;vendida&#8217; e aposta na queda dos juros<\/h2><\/a><div class=\"newsContent__article__meta\"><div class=\"newsContent__article__meta__authorBox\"><a href=\"https:\/\/www.suno.com.br\/noticias\/author\/eduardo-vargas\/\" class=\"authorBox__avatar noMobi\"><img src=\"https:\/\/secure.gravatar.com\/avatar\/dac340933427a22924c9f99d1eb2e3f2?s=96&#038;r=g\" alt=\"Eduardo Vargas\"><\/a><div class=\"authorBox__name\"><span>por\n\t\t\t<a href=\"https:\/\/www.suno.com.br\/noticias\/author\/eduardo-vargas\/\"><span itemprop=\"author\">Eduardo Vargas<\/span><\/a><\/span><time datetime=\"2021-08-30T19:49:35-03:00\" itemprop=\"datePublished\">30\/08\/2021 19:49<\/time><\/div><\/div><\/div><\/div><\/div>","single_layout":"posts","amp_enabled":true,"_links":{"self":[{"href":"https:\/\/www.suno.com.br\/noticias\/wp-json\/wp\/v2\/posts\/179381"}],"collection":[{"href":"https:\/\/www.suno.com.br\/noticias\/wp-json\/wp\/v2\/posts"}],"about":[{"href":"https:\/\/www.suno.com.br\/noticias\/wp-json\/wp\/v2\/types\/post"}],"author":[{"embeddable":true,"href":"https:\/\/www.suno.com.br\/noticias\/wp-json\/wp\/v2\/users\/73"}],"replies":[{"embeddable":true,"href":"https:\/\/www.suno.com.br\/noticias\/wp-json\/wp\/v2\/comments?post=179381"}],"version-history":[{"count":4,"href":"https:\/\/www.suno.com.br\/noticias\/wp-json\/wp\/v2\/posts\/179381\/revisions"}],"predecessor-version":[{"id":179609,"href":"https:\/\/www.suno.com.br\/noticias\/wp-json\/wp\/v2\/posts\/179381\/revisions\/179609"}],"wp:featuredmedia":[{"embeddable":true,"href":"https:\/\/www.suno.com.br\/noticias\/wp-json\/wp\/v2\/media\/172180"}],"wp:attachment":[{"href":"https:\/\/www.suno.com.br\/noticias\/wp-json\/wp\/v2\/media?parent=179381"}],"wp:term":[{"taxonomy":"category","embeddable":true,"href":"https:\/\/www.suno.com.br\/noticias\/wp-json\/wp\/v2\/categories?post=179381"},{"taxonomy":"post_tag","embeddable":true,"href":"https:\/\/www.suno.com.br\/noticias\/wp-json\/wp\/v2\/tags?post=179381"},{"taxonomy":"suno_strategy","embeddable":true,"href":"https:\/\/www.suno.com.br\/noticias\/wp-json\/wp\/v2\/suno_strategy?post=179381"}],"curies":[{"name":"wp","href":"https:\/\/api.w.org\/{rel}","templated":true}]}}