{"id":179354,"date":"2021-08-30T10:58:24","date_gmt":"2021-08-30T13:58:24","guid":{"rendered":"https:\/\/www.suno.com.br\/noticias\/?p=179354"},"modified":"2021-08-30T10:58:24","modified_gmt":"2021-08-30T13:58:24","slug":"ibovespa-abre-abaixo-120-mil-pontos-cyrela-cyre3","status":"publish","type":"post","link":"https:\/\/www.suno.com.br\/noticias\/ibovespa-abre-abaixo-120-mil-pontos-cyrela-cyre3\/","title":{"rendered":"Ibovespa come\u00e7a semana no negativo, abaixo de 120 mil pontos; Cyrela (CYRE3) puxa quedas"},"content":{"rendered":"<p>Ap\u00f3s uma semana turbulenta com o novo tom do Federal Reserve (Fed) sobre a pol\u00edtica monet\u00e1ria, que puxou alta de 1,6% na bolsa brasileira,\u00a0 o <strong>Ibovespa<\/strong>\u00a0<a href=\"https:\/\/www.suno.com.br\/artigos\/pregao\">abre o primeiro preg\u00e3o desta semana em queda de 1,04% aos 119.418 pontos<\/a>.<\/p>\t<div class=\"wrapper-featured-image\">\n\t\t<figure class=\"spotlightImg\">\n\n\t\t\t<picture>\n\t\t\t\t<source media=\"(max-width: 768px)\" srcset=\"https:\/\/files.sunoresearch.com.br\/n\/uploads\/2021\/04\/f213a8b2-cyrela-400x200.webp\">\n\t\t\t\t<img loading=\"lazy\" decoding=\"async\" class=\"newsContent__article__imgCapa lazyloadDisabled \" src=\"https:\/\/files.sunoresearch.com.br\/n\/uploads\/2021\/04\/f213a8b2-cyrela-800x450.webp\" width=\"800\" height=\"450\" alt=\"Ibovespa come\u00e7a semana no negativo, abaixo de 120 mil pontos; Cyrela (CYRE3) puxa quedas\" fetchpriority=high \/>\n\t\t\t<\/picture>\n\n\t\t\t<figcaption class=\"wp-caption-text wp-caption-text--show\">Cyrela (CYRE3) Foto: Reprodu\u00e7\u00e3o Facebook<\/figcaption>\n\t\t<\/figure>\n\t<\/div>\n\n\n\t<p>\n\t\t<a href=\"https:\/\/lp.suno.com.br\/planilha-controle-gastos\/\" target=\"_blank\" data-element=\"shortcode-suno-banner\" title=\"Banner SUNO, clique e saiba mais\">\n\t\t\t<picture>\n\t\t\t\t<source media=\"(max-width: 500px)\" srcset=\"https:\/\/files.sunoresearch.com.br\/n\/uploads\/2023\/03\/400x300-Planilha-controle-de-gastos.png\">\n\t\t\t\t<img class=\"newsContent__article__imgCapa newsContent__article__imgCapa--banner\"\n\t\t\t\t\tsrc=\"https:\/\/files.sunoresearch.com.br\/n\/uploads\/2023\/03\/1420x240-Planilha-controle-de-gastos.png\"\n\t\t\t\t\tdata-promo-id=\"101751\"\t\t\t\t\t\t\t\t\t\twidth='1420' height='240'\t\t\t\t\talt=\"https:\/\/files.sunoresearch.com.br\/n\/uploads\/2023\/03\/1420x240-Planilha-controle-de-gastos.png\"\n\t\t\t\t>\n\t\t\t<\/picture>\n\t\t<\/a>\n\t<\/p>\n\n\n<p>Antes da abertura de preg\u00e3o e do <strong>Ibovespa hoje<\/strong>, foi divulgado o<a href=\"https:\/\/www.suno.com.br\/noticias\/igp-m-segue-em-desaceleracao-com-alta-de-066-em-agosto-revela-fgv\/\"> IGP-M, em alta de 0,66%<\/a> ante uma proje\u00e7\u00e3o do mercado que via 0,91% para o m\u00eas de agosto.\u00a0Segundo a FGV, a crise h\u00eddrica foi o fator que impediu uma desacelera\u00e7\u00e3o ainda maior do \u00edndice.<\/p>\n\t<div data-element=\"shortcode-read-more\" class=\"knowMore\">\n\t\t\t\t<span class=\"knowMore__title\">Leia mais<\/span>\n\t\t\t\t<a class=\"knowMore__link\" href=\"https:\/\/www.suno.com.br\/noticias\/commodities-ibovespa-devolve-ganhos-maiores-baixas\/\">\n\t\t\tCom commodities sangrando, Ibovespa devolve ganhos de 2021; Veja as cinco maiores baixas\t\t<\/a>\n\t<\/div>\n\n\n<p>\u00c0 noite, com o mercado fechado, a China divulga o seu PMI Industrial, Composto e de n\u00e3o-manufatura &#8211; dados que devem afetar o comportamento dos mercados internacionais.<\/p>\n<p>O<strong> d\u00f3lar<\/strong> abre o dia em alta de 0,22%, sendo negociado a R$ 5,207.<\/p>\n<p>Vale frisar que, ainda na agenda de indicadores, o Brasil divulga seu Produto Interno Bruto (PIB) na quarta-feira (1\u00ba).<\/p>\n<h2>Not\u00edcias que v\u00e3o movimentar o Ibovespa hoje<\/h2>\n<ul>\n<li><b>Petrobras <\/b>planeja troca de ativos e vende a Breitener<\/li>\n<li><b>Banco do Brasil<\/b> quer deixar a Febraban<\/li>\n<li><b>Klabin <\/b>inicia nova opera\u00e7\u00e3o<\/li>\n<\/ul>\n<h3>Petrobras avan\u00e7a em vendas<\/h3>\n<p>Ainda na sexta-feira (27), a <a class=\"suno-keyword\" href=\"https:\/\/www.suno.com.br\/acoes\/PETR4\/\" target=\"_blank\" rel=\"noopener\" data-force=\"yes\" data-priority=\"2\"><strong>Petrobras<\/strong> (PETR4)<\/a>\u00a0fechou contrato para venda de 93,7% da sua participa\u00e7\u00e3o na Breitener Energ\u00e9tica S.A., a <strong>Breitener<\/strong>.<\/p>\n<p>O valor da venda feita pela estatal \u00e9 de R$ 304 milh\u00f5es, sendo R$ 251 milh\u00f5es a serem pagos em seu fechamento, sujeito aos ajustes previstos no contrato, e R$ 53 milh\u00f5es em pagamento contingente.<\/p>\n<p>Mas, al\u00e9m disso, a petroleira teve outras mudan\u00e7as at\u00e9 a abertura de mercado. Recentemente os acionistas tomaram a decis\u00e3o de reconduzir sete membros do conselho de administra\u00e7\u00e3o, todos indicados pela Uni\u00e3o, e elegeram um candidato indicado por minorit\u00e1rios, durante assembleia geral feita tamb\u00e9m na sexta (27).<\/p>\n\t<p>\n\t\t<a href=\"https:\/\/lp.suno.com.br\/planilha-da-vida-financeira\/\" target=\"_blank\" data-element=\"shortcode-suno-banner\" title=\"Banner SUNO, clique e saiba mais\">\n\t\t\t<picture>\n\t\t\t\t<source media=\"(max-width: 500px)\" srcset=\"https:\/\/files.sunoresearch.com.br\/n\/uploads\/2023\/04\/400x300-Planilha-vida-financeira-true.png\">\n\t\t\t\t<img class=\"newsContent__article__imgCapa newsContent__article__imgCapa--banner\"\n\t\t\t\t\tsrc=\"https:\/\/files.sunoresearch.com.br\/n\/uploads\/2023\/04\/1420x240-Planilha-vida-financeira-true.png\"\n\t\t\t\t\tdata-promo-id=\"106682\"\t\t\t\t\t\t\t\t\t\twidth='1420' height='240'\t\t\t\t\talt=\"https:\/\/files.sunoresearch.com.br\/n\/uploads\/2023\/04\/1420x240-Planilha-vida-financeira-true.png\"\n\t\t\t\t>\n\t\t\t<\/picture>\n\t\t<\/a>\n\t<\/p>\n\n\n<p>Com a elei\u00e7\u00e3o, a Petrobras passar\u00e1 a contar com um total de tr\u00eas membros indicados por minorit\u00e1rios, sete indicados pela Uni\u00e3o e um por trabalhadores.<\/p>\n<p>Segundo rumor recente, a companhia tamb\u00e9m visa trocar os ativos da <a class=\"suno-keyword\" href=\"https:\/\/www.suno.com.br\/acoes\/BRKM5\/\" target=\"_blank\" rel=\"noopener\" data-force=\"yes\" data-priority=\"2\">Braskem (BRKM5)<\/a>. Segundo a coluna do Lauro Jardim do jornal O Globo, a diretoria da estatal petrol\u00edfera quer trocar os ativos da petroqu\u00edmica por ativos no Rio de Janeiro com a Novonor \u2014 antiga Odebrecht.<\/p>\n<p>A diretoria da estatal planeja trocar com a empreiteira os 36% que a estatal possui no capital da Braskem por ativos no Rio de Janeiro respons\u00e1veis por 28% da <a class=\"suno-keyword\" href=\"https:\/\/www.suno.com.br\/artigos\/geracao-de-caixa\/\" target=\"_blank\" rel=\"noopener\" data-force=\"no\" data-priority=\"1\">gera\u00e7\u00e3o de caixa<\/a>\u00a0da petroqu\u00edmica.<\/p>\n<p>Vale frisar que, as <strong>a\u00e7\u00f5es da Petrobras<\/strong> fecharam no seu maior pre\u00e7o dos \u00faltimos 13 anos no \u00faltimo preg\u00e3o, em alta de 3,6% vista na sexta (27), com influ\u00eancia da valoriza\u00e7\u00e3o do petr\u00f3leo.<\/p>\n<p>No preg\u00e3o de hoje, a estatal cai 0,67% na <strong>cota\u00e7\u00e3o do Ibovespa<\/strong>.<\/p>\n<h3>Banco do Brasil quer sair da Febraban junto com a Caixa<\/h3>\n<p>A Caixa Econ\u00f4mica e o <a href=\"https:\/\/www.suno.com.br\/acoes\/bbas3\/\"><strong>Banco do Brasil<\/strong>\u00a0(BBAS3)<\/a> planejam sair da Federa\u00e7\u00e3o Brasileira de Bancos (Febraban), que pretende emitir um manifesto na pr\u00f3xima ter\u00e7a\u00a0 (31) com um pedido de harmonia entre os tr\u00eas Poderes. O documento ainda est\u00e1 sendo redigido e mostra preocupa\u00e7\u00e3o com a escalada da crise entre os Poderes.<\/p>\n<p>Contudo, tanto a <strong>Caixa<\/strong> quanto o Banco do Brasil s\u00e3o contr\u00e1rios ao pedido de alinhamento do Legislativo, Executivo e Judici\u00e1rio, em um momento no qual o presidente Jair Bolsonaro (sem partido) tem feito ataques p\u00fablicos aos demais poderes. O manifesto foi interpretado como uma cr\u00edtica \u00e0 gest\u00e3o federal, uma vez que teria como pauta medidas urgentes para que o Brasil seja capaz de superar a pandemia e gerar empregos.<\/p>\n\t<p>\n\t\t<a href=\"https:\/\/lp.suno.com.br\/planilha-da-vida-financeira\/\" target=\"_blank\" data-element=\"shortcode-suno-banner\" title=\"Banner SUNO, clique e saiba mais\">\n\t\t\t<picture>\n\t\t\t\t<source media=\"(max-width: 500px)\" srcset=\"https:\/\/files.sunoresearch.com.br\/n\/uploads\/2023\/04\/400x300-Planilha-vida-financeira-true.png\">\n\t\t\t\t<img class=\"newsContent__article__imgCapa newsContent__article__imgCapa--banner\"\n\t\t\t\t\tsrc=\"https:\/\/files.sunoresearch.com.br\/n\/uploads\/2023\/04\/1420x240-Planilha-vida-financeira-true.png\"\n\t\t\t\t\tdata-promo-id=\"106682\"\t\t\t\t\t\t\t\t\t\twidth='1420' height='240'\t\t\t\t\talt=\"https:\/\/files.sunoresearch.com.br\/n\/uploads\/2023\/04\/1420x240-Planilha-vida-financeira-true.png\"\n\t\t\t\t>\n\t\t\t<\/picture>\n\t\t<\/a>\n\t<\/p>\n\n\n<p>A decis\u00e3o de romper com a Febraban foi encabe\u00e7ada pelo presidente da Caixa, <a class=\"suno-keyword\" href=\"https:\/\/www.suno.com.br\/tudo-sobre\/pedro-guimaraes\/\" target=\"_blank\" rel=\"noopener\" data-force=\"no\" data-priority=\"2\">Pedro Guimar\u00e3es<\/a>, que mant\u00e9m rela\u00e7\u00e3o pr\u00f3xima com o presidente Bolsonaro.<\/p>\n<p>Segundo o Estado de S. Paulo, ambas as institui\u00e7\u00f5es contestaram o trecho que cita uma \u201cgrande preocupa\u00e7\u00e3o\u201d com a \u201cescalada de tens\u00f5es e hostilidade entre as autoridades p\u00fablicas.\u201d<\/p>\n<p>Com a not\u00edcia, as <strong>a\u00e7\u00f5es do Banco do Brasil<\/strong> caem 0,43% no <strong>Ibovespa nesta segundo<\/strong>.<\/p>\n<h3>Klabin e Puma II<\/h3>\n<p>A\u00a0<a class=\"suno-keyword\" href=\"https:\/\/www.suno.com.br\/acoes\/KLBN11\/\" target=\"_blank\" rel=\"noopener\" data-force=\"yes\" data-priority=\"2\"><strong>Klabin<\/strong>\u00a0(KLBN11)<\/a> deu in\u00edcio \u00e0s opera\u00e7\u00f5es da primeira etapa do projeto Puma II, na unidade industrial em Ortigueira (PR), conforme divulgado em fato relevante.<\/p>\n<p>Essa primeira etapa contemplou a constru\u00e7\u00e3o de uma linha de fibras principal. Com essa linha ser\u00e1 feita a produ\u00e7\u00e3o de celulose n\u00e3o branqueada integrada a uma m\u00e1quina de <strong>papel kraftliner<\/strong>\u00a0e kraftliner branco (white top liner).<\/p>\n\t<p>\n\t\t<a href=\"https:\/\/lp.suno.com.br\/ebook-como-analisar-uma-acao\/\" target=\"_blank\" data-element=\"shortcode-suno-banner\" title=\"Banner SUNO, clique e saiba mais\">\n\t\t\t<picture>\n\t\t\t\t<source media=\"(max-width: 500px)\" srcset=\"https:\/\/files.sunoresearch.com.br\/n\/uploads\/2023\/03\/Ebook-Acoes-Mobile-1.jpg\">\n\t\t\t\t<img class=\"newsContent__article__imgCapa newsContent__article__imgCapa--banner\"\n\t\t\t\t\tsrc=\"https:\/\/files.sunoresearch.com.br\/n\/uploads\/2023\/03\/Ebook-Acoes-Desktop-1.jpg\"\n\t\t\t\t\tdata-promo-id=\"171998\"\t\t\t\t\t\t\t\t\t\twidth='1420' height='286'\t\t\t\t\talt=\"https:\/\/files.sunoresearch.com.br\/n\/uploads\/2023\/03\/Ebook-Acoes-Desktop-1.jpg\"\n\t\t\t\t>\n\t\t\t<\/picture>\n\t\t<\/a>\n\t<\/p>\n\n\n<p>A capacidade de produ\u00e7\u00e3o dessa primeira etapa do <strong>Puma II<\/strong> \u00e9 de 450 mil toneladas anuais, de acordo com a fabricante de papel e celulose. Conforme a Klabin, ser\u00e1 comercializada sob a\u00a0<strong>marca Eukaliner<\/strong>, primeiro papel kraftliner do mundo produzido a partir de 100% de\u00a0<strong>fibras de eucalipto<\/strong>.<\/p>\n<p>A opera\u00e7\u00e3o agradou o Ita\u00fa BBA, que classificou as <strong>a\u00e7\u00f5es da Klabin<\/strong> como outperform.<\/p>\n<p>\u201cPela primeira vez, a Klabin divulgou que 100% da produ\u00e7\u00e3o da primeira m\u00e1quina de Eukaliner j\u00e1 est\u00e1 vendida (70% por meio de contratos). Em nossa opini\u00e3o, as vendas contratuais reduzem o risco de exposi\u00e7\u00e3o para o mercado\u201d, dizem os analistas.<\/p>\n<p>A companhia cai 1,31%, seguindo a tend\u00eancia do Ibovespa.<\/p>\n<h2>Destaques do Ibovespa<\/h2>\n<p>As principais altas no Ibovespa, por volta das 10h30 s\u00e3o:<\/p>\n<ul>\n<li><a href=\"https:\/\/www.suno.com.br\/acoes\/prio3\/\"><strong>P\u00e3o de A\u00e7\u00facar <\/strong>(PCAR3)<\/a>: +1,61%<\/li>\n<li><a href=\"https:\/\/www.suno.com.br\/acoes\/prio3\/\"><strong>Usiminas <\/strong>(USIM5)<\/a>: +0,38%<\/li>\n<li><a href=\"https:\/\/www.suno.com.br\/acoes\/bidi11\"><strong>IRB Brasil <\/strong>(IRBR3)<\/a>: +0,38%<\/li>\n<li><a href=\"https:\/\/www.suno.com.br\/acoes\/yduq3\/\"><strong>CVC <\/strong>(CVCB3)<\/a>: +0,27%<\/li>\n<li><a href=\"https:\/\/www.suno.com.br\/acoes\/usim5\/\"><strong>Fleury <\/strong>(FLRY3)<\/a>: +0,21%<\/li>\n<\/ul>\n<p>No mesmo hor\u00e1rio, as principais quedas no Ibovespa eram:<\/p>\n<ul>\n<li><a href=\"https:\/\/www.suno.com.br\/acoes\/sbsp3\/\"><strong>Cyrela <\/strong>(CYRE3)<\/a>: -3,52%<\/li>\n<li><a href=\"https:\/\/www.suno.com.br\/acoes\/lcam3\/\"><strong>Yduqs <\/strong>(YDUQ3)<\/a>: -3,10%<\/li>\n<li><a href=\"https:\/\/www.suno.com.br\/acoes\/enev3\/\"><strong>Locamerica <\/strong>(LCAM3)<\/a>: -3,10%<\/li>\n<li><a href=\"https:\/\/www.suno.com.br\/acoes\/brfs3\/\"><strong>MRV <\/strong>(MRVE3)<\/a>: -3,15%<\/li>\n<li><a href=\"https:\/\/www.suno.com.br\/acoes\/rent3\/\"><strong>Eztec <\/strong>(EZTC3)<\/a>: -2,54%<\/li>\n<\/ul>\n<h2>Principais \u00edndices<\/h2>\n<ul>\n<li><a href=\"https:\/\/www.suno.com.br\/artigos\/ifix\/\">IFIX<\/a>: +0,38%<\/li>\n<li><a href=\"https:\/\/www.suno.com.br\/artigos\/smll\/\">SMLL<\/a>: -0,17%<\/li>\n<li><a href=\"https:\/\/www.suno.com.br\/artigos\/idiv\/\">IDIV<\/a>: +0,17%<\/li>\n<li><a href=\"https:\/\/www.suno.com.br\/artigos\/ibrx\/\">IBRX 100<\/a>: -0,38%<\/li>\n<\/ul>\n<h2>Bolsas mundiais<\/h2>\n<p>Veja o desempenho dos principais \u00edndices acion\u00e1rios no exterior, al\u00e9m do \u00edndice Ibovespa<strong>:<\/strong><\/p>\n<ul>\n<li><a href=\"https:\/\/www.suno.com.br\/artigos\/futuro-de-sp-500\/\">Nova York (S&amp;P 500) futuro<\/a>: +0,16%<\/li>\n<li><a href=\"https:\/\/www.suno.com.br\/artigos\/indice-dow-jones-djia\/\">Nova York Dow Jones (DJIA) futuro<\/a>: -0,03%<\/li>\n<li><a href=\"https:\/\/www.suno.com.br\/artigos\/ftse-100\/\">Londres (FTSE 100)<\/a>: +0,32% (fechada)<\/li>\n<li><a href=\"https:\/\/www.suno.com.br\/artigos\/dax-30\/\">Frankfurt (DAX 30)<\/a>: +0,09%<\/li>\n<li><a href=\"https:\/\/www.suno.com.br\/artigos\/cac-40\/\">Paris (CAC 40)<\/a>: -0,01%<\/li>\n<li><a href=\"https:\/\/www.suno.com.br\/artigos\/ftse-mib\/\">Mil\u00e3o (FTSE\/MIB)<\/a>: +0,05%<\/li>\n<li><a href=\"https:\/\/www.suno.com.br\/artigos\/hang-seng\/\">Hong Kong (Hang Seng)<\/a>: +0,52% (fechada)<\/li>\n<li><a href=\"https:\/\/www.suno.com.br\/artigos\/bolsa-de-xangai\/\">Xangai (SSE Composite)<\/a>: +0,17% (fechada)<\/li>\n<li><a href=\"https:\/\/www.suno.com.br\/artigos\/nikkei-225\/\">T\u00f3quio (Nikkei 225)<\/a>: +0,54% (fechada)<\/li>\n<\/ul>\n<h2>\u00daltima cota\u00e7\u00e3o do Ibovespa<\/h2>\n<p>Com clima positivo no exterior, o\u00a0 <strong>Ibovespa <\/strong>fechou o preg\u00e3o de sexta (27) subindo 1,65%, a 120.678 pontos.<\/p>\n\t<p>\n\t\t<a href=\"https:\/\/lp.suno.com.br\/planilha-de-controle-de-investimentos\/\" target=\"_blank\" data-element=\"shortcode-suno-banner\" title=\"Banner SUNO, clique e saiba mais\">\n\t\t\t<picture>\n\t\t\t\t<source media=\"(max-width: 500px)\" srcset=\"https:\/\/files.sunoresearch.com.br\/n\/uploads\/2023\/03\/400x300-Controle-de-Investimentos.png\">\n\t\t\t\t<img class=\"newsContent__article__imgCapa newsContent__article__imgCapa--banner\"\n\t\t\t\t\tsrc=\"https:\/\/files.sunoresearch.com.br\/n\/uploads\/2023\/03\/1420x240-Controle-de-Investimentos.png\"\n\t\t\t\t\tdata-promo-id=\"75934\"\t\t\t\t\t\t\t\t\t\twidth='1420' height='240'\t\t\t\t\talt=\"https:\/\/files.sunoresearch.com.br\/n\/uploads\/2023\/03\/1420x240-Controle-de-Investimentos.png\"\n\t\t\t\t>\n\t\t\t<\/picture>\n\t\t<\/a>\n\t<\/p>\n\n\n","protected":false},"excerpt":{"rendered":"<p>Ap\u00f3s uma semana turbulenta com o novo tom do Federal Reserve (Fed) sobre a pol\u00edtica monet\u00e1ria, que puxou alta de 1,6% na bolsa brasileira,\u00a0 o Ibovespa\u00a0abre o primeiro preg\u00e3o desta semana em queda de 1,04% aos 119.418 pontos. Cyrela (CYRE3) Foto: Reprodu\u00e7\u00e3o Facebook Antes da abertura de preg\u00e3o e do Ibovespa hoje, foi divulgado o [&hellip;]<\/p>\n","protected":false},"author":73,"featured_media":139145,"comment_status":"closed","ping_status":"closed","sticky":false,"template":"","format":"standard","meta":[],"categories":[60],"tags":[732,443,721,529,595],"suno_strategy":[],"class_list":["post-179354","post","type-post","status-publish","format-standard","has-post-thumbnail","hentry","category-mercado","tag-banco-do-brasil-bbas3","tag-cyrela-cyre3","tag-ibovespa","tag-klabin-klbn11-klbn3-klbn4","tag-petrobras-petr4"],"yoast_head":"<!-- This site is optimized with the Yoast SEO plugin v24.4 - https:\/\/yoast.com\/wordpress\/plugins\/seo\/ -->\n<title>Ibovespa abre abaixo dos 120 mil pontos; Cyrela (CYRE3) puxa quedas<\/title>\n<meta name=\"description\" content=\"Com novas not\u00edcias sobre Petrobras, Klabin e Banco do Brasil, o Ibovespa abre caindo 1% e volta aos 119 mil pontos. Clique aqui e leia mais\" \/>\n<meta name=\"robots\" content=\"index, follow, max-snippet:-1, max-image-preview:large, max-video-preview:-1\" \/>\n<link rel=\"canonical\" href=\"https:\/\/www.suno.com.br\/noticias\/ibovespa-abre-abaixo-120-mil-pontos-cyrela-cyre3\/\" \/>\n<meta property=\"og:locale\" content=\"pt_BR\" \/>\n<meta property=\"og:type\" content=\"article\" \/>\n<meta property=\"og:title\" content=\"Ibovespa abre abaixo dos 120 mil pontos; Cyrela (CYRE3) puxa quedas\" \/>\n<meta property=\"og:description\" content=\"Com novas not\u00edcias sobre Petrobras, Klabin e Banco do Brasil, o Ibovespa abre caindo 1% e volta aos 119 mil pontos. Clique aqui e leia mais\" \/>\n<meta property=\"og:url\" content=\"https:\/\/www.suno.com.br\/noticias\/ibovespa-abre-abaixo-120-mil-pontos-cyrela-cyre3\/\" \/>\n<meta property=\"og:site_name\" content=\"Suno Not\u00edcias\" \/>\n<meta property=\"article:publisher\" content=\"https:\/\/facebook.com\/sunoresearch\" \/>\n<meta property=\"og:image\" content=\"https:\/\/files.sunoresearch.com.br\/n\/uploads\/2021\/04\/f213a8b2-cyrela.jpg\" \/>\n\t<meta property=\"og:image:width\" content=\"1200\" \/>\n\t<meta property=\"og:image:height\" content=\"1197\" \/>\n\t<meta property=\"og:image:type\" content=\"image\/jpeg\" \/>\n<meta name=\"author\" content=\"Eduardo Vargas\" \/>\n<meta name=\"twitter:card\" content=\"summary_large_image\" \/>\n<meta name=\"twitter:creator\" content=\"@sunoresearch\" \/>\n<meta name=\"twitter:site\" content=\"@sunoresearch\" \/>\n<meta name=\"twitter:label1\" content=\"Escrito por\" \/>\n\t<meta name=\"twitter:data1\" content=\"Eduardo Vargas\" \/>\n\t<meta name=\"twitter:label2\" content=\"Est. tempo de leitura\" \/>\n\t<meta name=\"twitter:data2\" content=\"5 minutos\" \/>\n<script type=\"application\/ld+json\" class=\"yoast-schema-graph\">{\"@context\":\"https:\/\/schema.org\",\"@graph\":[{\"@type\":\"NewsArticle\",\"@id\":\"https:\/\/www.suno.com.br\/noticias\/ibovespa-abre-abaixo-120-mil-pontos-cyrela-cyre3\/#article\",\"isPartOf\":{\"@id\":\"https:\/\/www.suno.com.br\/noticias\/ibovespa-abre-abaixo-120-mil-pontos-cyrela-cyre3\/\"},\"author\":{\"name\":\"Eduardo Vargas\",\"@id\":\"https:\/\/www.suno.com.br\/noticias\/#\/schema\/person\/7f4d362bf3518e76090143ae77bb49a5\"},\"headline\":\"Ibovespa come\u00e7a semana no negativo, abaixo de 120 mil pontos; Cyrela (CYRE3) puxa quedas\",\"datePublished\":\"2021-08-30T13:58:24+00:00\",\"mainEntityOfPage\":{\"@id\":\"https:\/\/www.suno.com.br\/noticias\/ibovespa-abre-abaixo-120-mil-pontos-cyrela-cyre3\/\"},\"wordCount\":1030,\"publisher\":{\"@id\":\"https:\/\/www.suno.com.br\/noticias\/#organization\"},\"image\":{\"@id\":\"https:\/\/www.suno.com.br\/noticias\/ibovespa-abre-abaixo-120-mil-pontos-cyrela-cyre3\/#primaryimage\"},\"thumbnailUrl\":\"https:\/\/files.sunoresearch.com.br\/n\/uploads\/2021\/04\/f213a8b2-cyrela-jpg.webp\",\"keywords\":[\"Banco do Brasil (BBAS3)\",\"Cyrela (CYRE3)\",\"Ibovespa\",\"Klabin (KLBN11\/KLBN3\/KLBN4)\",\"Petrobras (PETR4)\"],\"articleSection\":[\"Mercado\"],\"inLanguage\":\"pt-BR\"},{\"@type\":\"WebPage\",\"@id\":\"https:\/\/www.suno.com.br\/noticias\/ibovespa-abre-abaixo-120-mil-pontos-cyrela-cyre3\/\",\"url\":\"https:\/\/www.suno.com.br\/noticias\/ibovespa-abre-abaixo-120-mil-pontos-cyrela-cyre3\/\",\"name\":\"Ibovespa abre abaixo dos 120 mil pontos; Cyrela (CYRE3) puxa quedas\",\"isPartOf\":{\"@id\":\"https:\/\/www.suno.com.br\/noticias\/#website\"},\"primaryImageOfPage\":{\"@id\":\"https:\/\/www.suno.com.br\/noticias\/ibovespa-abre-abaixo-120-mil-pontos-cyrela-cyre3\/#primaryimage\"},\"image\":{\"@id\":\"https:\/\/www.suno.com.br\/noticias\/ibovespa-abre-abaixo-120-mil-pontos-cyrela-cyre3\/#primaryimage\"},\"thumbnailUrl\":\"https:\/\/files.sunoresearch.com.br\/n\/uploads\/2021\/04\/f213a8b2-cyrela-jpg.webp\",\"datePublished\":\"2021-08-30T13:58:24+00:00\",\"description\":\"Com novas not\u00edcias sobre Petrobras, Klabin e Banco do Brasil, o Ibovespa abre caindo 1% e volta aos 119 mil pontos. Clique aqui e leia mais\",\"breadcrumb\":{\"@id\":\"https:\/\/www.suno.com.br\/noticias\/ibovespa-abre-abaixo-120-mil-pontos-cyrela-cyre3\/#breadcrumb\"},\"inLanguage\":\"pt-BR\",\"potentialAction\":[{\"@type\":\"ReadAction\",\"target\":[\"https:\/\/www.suno.com.br\/noticias\/ibovespa-abre-abaixo-120-mil-pontos-cyrela-cyre3\/\"]}]},{\"@type\":\"ImageObject\",\"inLanguage\":\"pt-BR\",\"@id\":\"https:\/\/www.suno.com.br\/noticias\/ibovespa-abre-abaixo-120-mil-pontos-cyrela-cyre3\/#primaryimage\",\"url\":\"https:\/\/files.sunoresearch.com.br\/n\/uploads\/2021\/04\/f213a8b2-cyrela-jpg.webp\",\"contentUrl\":\"https:\/\/files.sunoresearch.com.br\/n\/uploads\/2021\/04\/f213a8b2-cyrela-jpg.webp\",\"width\":1200,\"height\":1197,\"caption\":\"Cyrela (CYRE3) Foto: Reprodu\u00e7\u00e3o Facebook\"},{\"@type\":\"BreadcrumbList\",\"@id\":\"https:\/\/www.suno.com.br\/noticias\/ibovespa-abre-abaixo-120-mil-pontos-cyrela-cyre3\/#breadcrumb\",\"itemListElement\":[{\"@type\":\"ListItem\",\"position\":1,\"name\":\"Not\u00edcias\",\"item\":\"https:\/\/www.suno.com.br\/noticias\/\"},{\"@type\":\"ListItem\",\"position\":2,\"name\":\"Mercado\",\"item\":\"https:\/\/www.suno.com.br\/noticias\/mercado\/\"},{\"@type\":\"ListItem\",\"position\":3,\"name\":\"Ibovespa come\u00e7a semana no negativo, abaixo de 120 mil pontos; Cyrela (CYRE3) puxa quedas\"}]},{\"@type\":\"WebSite\",\"@id\":\"https:\/\/www.suno.com.br\/noticias\/#website\",\"url\":\"https:\/\/www.suno.com.br\/noticias\/\",\"name\":\"Suno Not\u00edcias\",\"description\":\"Seu portal de informa\u00e7\u00e3o sobre o mundo dos investimentos\",\"publisher\":{\"@id\":\"https:\/\/www.suno.com.br\/noticias\/#organization\"},\"potentialAction\":[{\"@type\":\"SearchAction\",\"target\":{\"@type\":\"EntryPoint\",\"urlTemplate\":\"https:\/\/www.suno.com.br\/noticias\/?s={search_term_string}\"},\"query-input\":{\"@type\":\"PropertyValueSpecification\",\"valueRequired\":true,\"valueName\":\"search_term_string\"}}],\"inLanguage\":\"pt-BR\"},{\"@type\":\"Organization\",\"@id\":\"https:\/\/www.suno.com.br\/noticias\/#organization\",\"name\":\"Suno Not\u00edcias\",\"url\":\"https:\/\/www.suno.com.br\/noticias\/\",\"logo\":{\"@type\":\"ImageObject\",\"inLanguage\":\"pt-BR\",\"@id\":\"https:\/\/www.suno.com.br\/noticias\/#\/schema\/logo\/image\/\",\"url\":\"https:\/\/files.sunoresearch.com.br\/n\/uploads\/2021\/09\/suno-logo.png\",\"contentUrl\":\"https:\/\/files.sunoresearch.com.br\/n\/uploads\/2021\/09\/suno-logo.png\",\"width\":180,\"height\":180,\"caption\":\"Suno Not\u00edcias\"},\"image\":{\"@id\":\"https:\/\/www.suno.com.br\/noticias\/#\/schema\/logo\/image\/\"},\"sameAs\":[\"https:\/\/facebook.com\/sunoresearch\",\"https:\/\/x.com\/sunoresearch\",\"https:\/\/www.instagram.com\/suno\",\"https:\/\/www.linkedin.com\/company\/suno-research\/\",\"https:\/\/www.youtube.com\/c\/sunoresearch\"]},{\"@type\":\"Person\",\"@id\":\"https:\/\/www.suno.com.br\/noticias\/#\/schema\/person\/7f4d362bf3518e76090143ae77bb49a5\",\"name\":\"Eduardo Vargas\",\"image\":{\"@type\":\"ImageObject\",\"inLanguage\":\"pt-BR\",\"@id\":\"https:\/\/www.suno.com.br\/noticias\/#\/schema\/person\/image\/\",\"url\":\"https:\/\/secure.gravatar.com\/avatar\/dac340933427a22924c9f99d1eb2e3f2?s=96&r=g\",\"contentUrl\":\"https:\/\/secure.gravatar.com\/avatar\/dac340933427a22924c9f99d1eb2e3f2?s=96&r=g\",\"caption\":\"Eduardo Vargas\"},\"description\":\"Jornalista formado pela UFSC, cobre macroeconomia, neg\u00f3cios e startups para o Suno Not\u00edcias, escrevendo principalmente not\u00edcias sobre o mercado financeiro e a bolsa de valores. No YouTube e no Instagram, \u00e9 respons\u00e1vel pela produ\u00e7\u00e3o de Reels e Shorts do Suno Not\u00edcias. Anteriormente, trabalhou cobrindo economia e cotidiano no ND+ e para o ND, maior jornal impresso de Santa Catarina. Cursou um semestre letivo de Estudos de M\u00eddia na Universidad de Buenos Aires.\",\"url\":\"https:\/\/www.suno.com.br\/noticias\/author\/eduardo-vargas\/\"}]}<\/script>\n<!-- \/ Yoast SEO plugin. -->","yoast_head_json":{"title":"Ibovespa abre abaixo dos 120 mil pontos; Cyrela (CYRE3) puxa quedas","description":"Com novas not\u00edcias sobre Petrobras, Klabin e Banco do Brasil, o Ibovespa abre caindo 1% e volta aos 119 mil pontos. Clique aqui e leia mais","robots":{"index":"index","follow":"follow","max-snippet":"max-snippet:-1","max-image-preview":"max-image-preview:large","max-video-preview":"max-video-preview:-1"},"canonical":"https:\/\/www.suno.com.br\/noticias\/ibovespa-abre-abaixo-120-mil-pontos-cyrela-cyre3\/","og_locale":"pt_BR","og_type":"article","og_title":"Ibovespa abre abaixo dos 120 mil pontos; Cyrela (CYRE3) puxa quedas","og_description":"Com novas not\u00edcias sobre Petrobras, Klabin e Banco do Brasil, o Ibovespa abre caindo 1% e volta aos 119 mil pontos. Clique aqui e leia mais","og_url":"https:\/\/www.suno.com.br\/noticias\/ibovespa-abre-abaixo-120-mil-pontos-cyrela-cyre3\/","og_site_name":"Suno Not\u00edcias","article_publisher":"https:\/\/facebook.com\/sunoresearch","og_image":[{"width":1200,"height":1197,"url":"https:\/\/files.sunoresearch.com.br\/n\/uploads\/2021\/04\/f213a8b2-cyrela.jpg","type":"image\/jpeg"}],"author":"Eduardo Vargas","twitter_card":"summary_large_image","twitter_creator":"@sunoresearch","twitter_site":"@sunoresearch","twitter_misc":{"Escrito por":"Eduardo Vargas","Est. tempo de leitura":"5 minutos"},"schema":{"@context":"https:\/\/schema.org","@graph":[{"@type":"NewsArticle","@id":"https:\/\/www.suno.com.br\/noticias\/ibovespa-abre-abaixo-120-mil-pontos-cyrela-cyre3\/#article","isPartOf":{"@id":"https:\/\/www.suno.com.br\/noticias\/ibovespa-abre-abaixo-120-mil-pontos-cyrela-cyre3\/"},"author":{"name":"Eduardo Vargas","@id":"https:\/\/www.suno.com.br\/noticias\/#\/schema\/person\/7f4d362bf3518e76090143ae77bb49a5"},"headline":"Ibovespa come\u00e7a semana no negativo, abaixo de 120 mil pontos; Cyrela (CYRE3) puxa quedas","datePublished":"2021-08-30T13:58:24+00:00","mainEntityOfPage":{"@id":"https:\/\/www.suno.com.br\/noticias\/ibovespa-abre-abaixo-120-mil-pontos-cyrela-cyre3\/"},"wordCount":1030,"publisher":{"@id":"https:\/\/www.suno.com.br\/noticias\/#organization"},"image":{"@id":"https:\/\/www.suno.com.br\/noticias\/ibovespa-abre-abaixo-120-mil-pontos-cyrela-cyre3\/#primaryimage"},"thumbnailUrl":"https:\/\/files.sunoresearch.com.br\/n\/uploads\/2021\/04\/f213a8b2-cyrela-jpg.webp","keywords":["Banco do Brasil (BBAS3)","Cyrela (CYRE3)","Ibovespa","Klabin (KLBN11\/KLBN3\/KLBN4)","Petrobras (PETR4)"],"articleSection":["Mercado"],"inLanguage":"pt-BR"},{"@type":"WebPage","@id":"https:\/\/www.suno.com.br\/noticias\/ibovespa-abre-abaixo-120-mil-pontos-cyrela-cyre3\/","url":"https:\/\/www.suno.com.br\/noticias\/ibovespa-abre-abaixo-120-mil-pontos-cyrela-cyre3\/","name":"Ibovespa abre abaixo dos 120 mil pontos; Cyrela (CYRE3) puxa quedas","isPartOf":{"@id":"https:\/\/www.suno.com.br\/noticias\/#website"},"primaryImageOfPage":{"@id":"https:\/\/www.suno.com.br\/noticias\/ibovespa-abre-abaixo-120-mil-pontos-cyrela-cyre3\/#primaryimage"},"image":{"@id":"https:\/\/www.suno.com.br\/noticias\/ibovespa-abre-abaixo-120-mil-pontos-cyrela-cyre3\/#primaryimage"},"thumbnailUrl":"https:\/\/files.sunoresearch.com.br\/n\/uploads\/2021\/04\/f213a8b2-cyrela-jpg.webp","datePublished":"2021-08-30T13:58:24+00:00","description":"Com novas not\u00edcias sobre Petrobras, Klabin e Banco do Brasil, o Ibovespa abre caindo 1% e volta aos 119 mil pontos. Clique aqui e leia mais","breadcrumb":{"@id":"https:\/\/www.suno.com.br\/noticias\/ibovespa-abre-abaixo-120-mil-pontos-cyrela-cyre3\/#breadcrumb"},"inLanguage":"pt-BR","potentialAction":[{"@type":"ReadAction","target":["https:\/\/www.suno.com.br\/noticias\/ibovespa-abre-abaixo-120-mil-pontos-cyrela-cyre3\/"]}]},{"@type":"ImageObject","inLanguage":"pt-BR","@id":"https:\/\/www.suno.com.br\/noticias\/ibovespa-abre-abaixo-120-mil-pontos-cyrela-cyre3\/#primaryimage","url":"https:\/\/files.sunoresearch.com.br\/n\/uploads\/2021\/04\/f213a8b2-cyrela-jpg.webp","contentUrl":"https:\/\/files.sunoresearch.com.br\/n\/uploads\/2021\/04\/f213a8b2-cyrela-jpg.webp","width":1200,"height":1197,"caption":"Cyrela (CYRE3) Foto: Reprodu\u00e7\u00e3o Facebook"},{"@type":"BreadcrumbList","@id":"https:\/\/www.suno.com.br\/noticias\/ibovespa-abre-abaixo-120-mil-pontos-cyrela-cyre3\/#breadcrumb","itemListElement":[{"@type":"ListItem","position":1,"name":"Not\u00edcias","item":"https:\/\/www.suno.com.br\/noticias\/"},{"@type":"ListItem","position":2,"name":"Mercado","item":"https:\/\/www.suno.com.br\/noticias\/mercado\/"},{"@type":"ListItem","position":3,"name":"Ibovespa come\u00e7a semana no negativo, abaixo de 120 mil pontos; Cyrela (CYRE3) puxa quedas"}]},{"@type":"WebSite","@id":"https:\/\/www.suno.com.br\/noticias\/#website","url":"https:\/\/www.suno.com.br\/noticias\/","name":"Suno Not\u00edcias","description":"Seu portal de informa\u00e7\u00e3o sobre o mundo dos investimentos","publisher":{"@id":"https:\/\/www.suno.com.br\/noticias\/#organization"},"potentialAction":[{"@type":"SearchAction","target":{"@type":"EntryPoint","urlTemplate":"https:\/\/www.suno.com.br\/noticias\/?s={search_term_string}"},"query-input":{"@type":"PropertyValueSpecification","valueRequired":true,"valueName":"search_term_string"}}],"inLanguage":"pt-BR"},{"@type":"Organization","@id":"https:\/\/www.suno.com.br\/noticias\/#organization","name":"Suno Not\u00edcias","url":"https:\/\/www.suno.com.br\/noticias\/","logo":{"@type":"ImageObject","inLanguage":"pt-BR","@id":"https:\/\/www.suno.com.br\/noticias\/#\/schema\/logo\/image\/","url":"https:\/\/files.sunoresearch.com.br\/n\/uploads\/2021\/09\/suno-logo.png","contentUrl":"https:\/\/files.sunoresearch.com.br\/n\/uploads\/2021\/09\/suno-logo.png","width":180,"height":180,"caption":"Suno Not\u00edcias"},"image":{"@id":"https:\/\/www.suno.com.br\/noticias\/#\/schema\/logo\/image\/"},"sameAs":["https:\/\/facebook.com\/sunoresearch","https:\/\/x.com\/sunoresearch","https:\/\/www.instagram.com\/suno","https:\/\/www.linkedin.com\/company\/suno-research\/","https:\/\/www.youtube.com\/c\/sunoresearch"]},{"@type":"Person","@id":"https:\/\/www.suno.com.br\/noticias\/#\/schema\/person\/7f4d362bf3518e76090143ae77bb49a5","name":"Eduardo Vargas","image":{"@type":"ImageObject","inLanguage":"pt-BR","@id":"https:\/\/www.suno.com.br\/noticias\/#\/schema\/person\/image\/","url":"https:\/\/secure.gravatar.com\/avatar\/dac340933427a22924c9f99d1eb2e3f2?s=96&r=g","contentUrl":"https:\/\/secure.gravatar.com\/avatar\/dac340933427a22924c9f99d1eb2e3f2?s=96&r=g","caption":"Eduardo Vargas"},"description":"Jornalista formado pela UFSC, cobre macroeconomia, neg\u00f3cios e startups para o Suno Not\u00edcias, escrevendo principalmente not\u00edcias sobre o mercado financeiro e a bolsa de valores. No YouTube e no Instagram, \u00e9 respons\u00e1vel pela produ\u00e7\u00e3o de Reels e Shorts do Suno Not\u00edcias. Anteriormente, trabalhou cobrindo economia e cotidiano no ND+ e para o ND, maior jornal impresso de Santa Catarina. Cursou um semestre letivo de Estudos de M\u00eddia na Universidad de Buenos Aires.","url":"https:\/\/www.suno.com.br\/noticias\/author\/eduardo-vargas\/"}]}},"default_loop_html":"<div class=\"cardsPage__listCard__boxs\"><div class=\"cardsPage__listCard__boxs__img\"><a href=\"https:\/\/www.suno.com.br\/noticias\/ibovespa-abre-abaixo-120-mil-pontos-cyrela-cyre3\/\"><img class=\"mask\" src=\"https:\/\/www.suno.com.br\/noticias\/wp-content\/themes\/suno\/resources\/images\/spotlight\/spotlight1img\/bg-mask.png\" alt=\"Image Mask\"\/><img src=\"https:\/\/files.sunoresearch.com.br\/n\/uploads\/2021\/04\/f213a8b2-cyrela-400x200.webp\" alt=\"Ibovespa come\u00e7a semana no negativo, abaixo de 120 mil pontos; Cyrela (CYRE3) puxa quedas\"\/><\/a><span class=\"spotlightCategory\"><a href=\"https:\/\/www.suno.com.br\/noticias\/mercado\/\">Mercado<\/a><\/span><\/div><div class=\"cardsPage__listCard__boxs__content\"><a href=\"https:\/\/www.suno.com.br\/noticias\/ibovespa-abre-abaixo-120-mil-pontos-cyrela-cyre3\/\"><h2 class=\"content__title\">Ibovespa come\u00e7a semana no negativo, abaixo de 120 mil pontos; Cyrela (CYRE3) puxa quedas<\/h2><\/a><div class=\"newsContent__article__meta\"><div class=\"newsContent__article__meta__authorBox\"><a href=\"https:\/\/www.suno.com.br\/noticias\/author\/eduardo-vargas\/\" class=\"authorBox__avatar noMobi\"><img src=\"https:\/\/secure.gravatar.com\/avatar\/dac340933427a22924c9f99d1eb2e3f2?s=96&#038;r=g\" alt=\"Eduardo Vargas\"><\/a><div class=\"authorBox__name\"><span>por\n\t\t\t<a href=\"https:\/\/www.suno.com.br\/noticias\/author\/eduardo-vargas\/\"><span itemprop=\"author\">Eduardo Vargas<\/span><\/a><\/span><time datetime=\"2021-08-30T10:58:24-03:00\" itemprop=\"datePublished\">30\/08\/2021 10:58<\/time><\/div><\/div><\/div><\/div><\/div>","single_layout":"posts","amp_enabled":true,"_links":{"self":[{"href":"https:\/\/www.suno.com.br\/noticias\/wp-json\/wp\/v2\/posts\/179354"}],"collection":[{"href":"https:\/\/www.suno.com.br\/noticias\/wp-json\/wp\/v2\/posts"}],"about":[{"href":"https:\/\/www.suno.com.br\/noticias\/wp-json\/wp\/v2\/types\/post"}],"author":[{"embeddable":true,"href":"https:\/\/www.suno.com.br\/noticias\/wp-json\/wp\/v2\/users\/73"}],"replies":[{"embeddable":true,"href":"https:\/\/www.suno.com.br\/noticias\/wp-json\/wp\/v2\/comments?post=179354"}],"version-history":[{"count":3,"href":"https:\/\/www.suno.com.br\/noticias\/wp-json\/wp\/v2\/posts\/179354\/revisions"}],"predecessor-version":[{"id":179406,"href":"https:\/\/www.suno.com.br\/noticias\/wp-json\/wp\/v2\/posts\/179354\/revisions\/179406"}],"wp:featuredmedia":[{"embeddable":true,"href":"https:\/\/www.suno.com.br\/noticias\/wp-json\/wp\/v2\/media\/139145"}],"wp:attachment":[{"href":"https:\/\/www.suno.com.br\/noticias\/wp-json\/wp\/v2\/media?parent=179354"}],"wp:term":[{"taxonomy":"category","embeddable":true,"href":"https:\/\/www.suno.com.br\/noticias\/wp-json\/wp\/v2\/categories?post=179354"},{"taxonomy":"post_tag","embeddable":true,"href":"https:\/\/www.suno.com.br\/noticias\/wp-json\/wp\/v2\/tags?post=179354"},{"taxonomy":"suno_strategy","embeddable":true,"href":"https:\/\/www.suno.com.br\/noticias\/wp-json\/wp\/v2\/suno_strategy?post=179354"}],"curies":[{"name":"wp","href":"https:\/\/api.w.org\/{rel}","templated":true}]}}