{"id":179190,"date":"2021-08-27T21:59:19","date_gmt":"2021-08-28T00:59:19","guid":{"rendered":"https:\/\/www.suno.com.br\/noticias\/?p=179190"},"modified":"2021-08-27T23:57:40","modified_gmt":"2021-08-28T02:57:40","slug":"contas-luz-setembro-bandeira-vermelha","status":"publish","type":"post","link":"https:\/\/www.suno.com.br\/noticias\/contas-luz-setembro-bandeira-vermelha\/","title":{"rendered":"Bandeira vermelha no segundo patamar \u00e9 mantida pela Aneel e contas de luz sobem em setembro"},"content":{"rendered":"<p>A bandeira vermelha no n\u00edvel dois nas <strong>contas de luz<\/strong> em setembro foi mantida nesta sexta pela <strong>Ag\u00eancia Nacional de Energia El\u00e9trica (Aneel)<\/strong>. A decis\u00e3o representa valor mais alto na tarifa. S\u00f3 n\u00e3o foi definido qual ser\u00e1 o aumento.<\/p>\t<div class=\"wrapper-featured-image\">\n\t\t<figure class=\"spotlightImg\">\n\n\t\t\t<picture>\n\t\t\t\t<source media=\"(max-width: 768px)\" srcset=\"https:\/\/files.sunoresearch.com.br\/n\/uploads\/2021\/02\/79e6e7ee-aneel-400x200.jpg\">\n\t\t\t\t<img loading=\"lazy\" decoding=\"async\" class=\"newsContent__article__imgCapa lazyloadDisabled \" src=\"https:\/\/files.sunoresearch.com.br\/n\/uploads\/2021\/02\/79e6e7ee-aneel-800x450.jpg\" width=\"800\" height=\"450\" alt=\"Bandeira vermelha no segundo patamar \u00e9 mantida pela Aneel e contas de luz sobem em setembro\" fetchpriority=high \/>\n\t\t\t<\/picture>\n\n\t\t\t<figcaption class=\"wp-caption-text wp-caption-text--show\">Aneel<\/figcaption>\n\t\t<\/figure>\n\t<\/div>\n\n\n\t<p>\n\t\t<a href=\"https:\/\/lp.suno.com.br\/planilha-controle-gastos\/\" target=\"_blank\" data-element=\"shortcode-suno-banner\" title=\"Banner SUNO, clique e saiba mais\">\n\t\t\t<picture>\n\t\t\t\t<source media=\"(max-width: 500px)\" srcset=\"https:\/\/files.sunoresearch.com.br\/n\/uploads\/2023\/03\/400x300-Planilha-controle-de-gastos.png\">\n\t\t\t\t<img class=\"newsContent__article__imgCapa newsContent__article__imgCapa--banner\"\n\t\t\t\t\tsrc=\"https:\/\/files.sunoresearch.com.br\/n\/uploads\/2023\/03\/1420x240-Planilha-controle-de-gastos.png\"\n\t\t\t\t\tdata-promo-id=\"101751\"\t\t\t\t\t\t\t\t\t\twidth='1420' height='240'\t\t\t\t\talt=\"https:\/\/files.sunoresearch.com.br\/n\/uploads\/2023\/03\/1420x240-Planilha-controle-de-gastos.png\"\n\t\t\t\t>\n\t\t\t<\/picture>\n\t\t<\/a>\n\t<\/p>\n\n\n<p>Os consumidores pagam hoje uma taxa adicional de R$ 9,49 a cada 100 qulowatts-hora (kWh), cifra que deve subir no pr\u00f3ximo m\u00eas, conforme mostrou o Broadcast.<\/p>\n<p>Mais cedo, o jornal O Globo informou que a eleva\u00e7\u00e3o vai chegar a algo em torno de R$ 14 e R$ 15 a partir do m\u00eas que vem. De acordo com a reportagem, o<strong><a href=\"https:\/\/www.suno.com.br\/noticias\/bandeira-vermelha-de-conta-de-luz-pode-subir-ate-58-em-setembro-diz-jornal\/\"> valor do reajuste ainda est\u00e1 sendo analisado<\/a><\/strong>, e deve ser anunciado at\u00e9 a pr\u00f3xima ter\u00e7a-feira (31).<\/p>\n<p>O tema passou a ser tratado como prioridade pela equipe econ\u00f4mica, diante do efeito sobre a infla\u00e7\u00e3o. O <strong>Minist\u00e9rio da Economia<\/strong> defende o mesmo reajuste informado pela mat\u00e9ria do jornal O Globo, entre R$ 14 e 15 a cada 100 kWh consumidos, a vigorar entre setembro e maio.<\/p>\n<p>J\u00e1 a Aneel calculou que seria necess\u00e1rio um <strong>valor mais alto para as contas de luz<\/strong>, por volta de R$ 25 a cada 100 kWh, at\u00e9 dezembro deste ano, com possibilidade de retorno aos atuais R$ 9,49 em janeiro.<\/p>\n\t<p>\n\t\t<a href=\"\" target=\"_blank\" data-element=\"shortcode-suno-banner\" title=\"Banner SUNO, clique e saiba mais\">\n\t\t\t<picture>\n\t\t\t\t<source media=\"(max-width: 500px)\" srcset=\"\">\n\t\t\t\t<img class=\"newsContent__article__imgCapa newsContent__article__imgCapa--banner\"\n\t\t\t\t\tsrc=\"\"\n\t\t\t\t\tdata-promo-id=\"77053\"\t\t\t\t\t\t\t\t\t\t\t\t\t\t\talt=\"\"\n\t\t\t\t>\n\t\t\t<\/picture>\n\t\t<\/a>\n\t<\/p>\n\n\n<h2>Quarto m\u00eas consecutivo que a Aneel aciona a bandeira vermelha<\/h2>\n<p>Ainda n\u00e3o h\u00e1 previs\u00e3o para quando a ag\u00eancia reguladora ir\u00e1 definir o novo valor da bandeira vermelha 2. O \u00f3rg\u00e3o pode convocar reuni\u00e3o extraordin\u00e1ria para analisar o tema at\u00e9 ter\u00e7a-feira, para que o reajuste das contas de luzj\u00e1 passe a valer em setembro. Tamb\u00e9m \u00e9 poss\u00edvel que a diretoria colegiada se re\u00fana ao longo da pr\u00f3xima semana e defina a corre\u00e7\u00e3o com efeitos retroativos a 1\u00ba de setembro.<\/p>\n<p>\u00c9 o quarto m\u00eas consecutivo que a Aneel aciona a bandeira vermelha patamar 2. De acordo com a ag\u00eancia, agosto foi um m\u00eas de &#8220;severidade&#8221; para o regime hidrol\u00f3gico do <strong>sistema el\u00e9trico<\/strong>, pois as aflu\u00eancias (quantidade de \u00e1gua que chega aos reservat\u00f3rios) continuaram entre as mais cr\u00edticas j\u00e1 registradas.<\/p>\n<p>&#8220;A perspectiva para setembro n\u00e3o deve se alterar significativamente, com os principais reservat\u00f3rios do SIN (<a class=\"suno-keyword\" href=\"https:\/\/www.suno.com.br\/artigos\/sistema-interligado-nacional\/\" target=\"_blank\" rel=\"noopener\" data-force=\"no\" data-priority=\"1\">Sistema Interligado Nacional<\/a>) atingindo n\u00edveis consideravelmente baixos para essa \u00e9poca do ano. Essa conjuntura sinaliza horizonte com reduzida capacidade de <strong>produ\u00e7\u00e3o hidrel\u00e9trica<\/strong> e necessidade de acionamento m\u00e1ximo dos recursos termel\u00e9tricos&#8221;, diz o comunicado.<\/p>\n<p>Em junho, a ag\u00eancia j\u00e1 havia aprovado um reajuste de 52% na bandeira vermelha 2, que foi de R$ 6,24 para R$ 9,49 a cada 100 kWh. J\u00e1 nessa ocasi\u00e3o, a ag\u00eancia admitiu que o valor para as contas de luz n\u00e3o seria suficiente para fazer frente \u00e0s despesas com as <strong>usinas t\u00e9rmicas<\/strong> e abriu uma consulta p\u00fablica para discutir uma nova alta. A proposta previa um reajuste para at\u00e9 R$ 11,50.<\/p>\n\t<p>\n\t\t<a href=\"\" target=\"_blank\" data-element=\"shortcode-suno-banner\" title=\"Banner SUNO, clique e saiba mais\">\n\t\t\t<picture>\n\t\t\t\t<source media=\"(max-width: 500px)\" srcset=\"\">\n\t\t\t\t<img class=\"newsContent__article__imgCapa newsContent__article__imgCapa--banner\"\n\t\t\t\t\tsrc=\"\"\n\t\t\t\t\tdata-promo-id=\"89005\"\t\t\t\t\t\t\t\t\t\t\t\t\t\t\talt=\"\"\n\t\t\t\t>\n\t\t\t<\/picture>\n\t\t<\/a>\n\t<\/p>\n\n\n<p>O valor, no entanto, foi proposto antes de o governo admitir uma &#8220;relevante piora&#8221; nas previs\u00f5es para o cen\u00e1rio h\u00eddrico e nas proje\u00e7\u00f5es para os pr\u00f3ximos meses. C\u00e1lculos da <strong>ag\u00eancia reguladora<\/strong> apontam que as medidas adotadas pela C\u00e2mara de Regras Excepcionais para a Gest\u00e3o Hidroenerg\u00e9tica (Creg), grupo presidido pelo <strong>Minist\u00e9rio de Minas e Energia<\/strong> (MME) e criado por meio da Medida Provis\u00f3ria 1055 devem custar entre R$ 2,4 bilh\u00f5es a R$ 4,3 bilh\u00f5es.<\/p>\n<h2><b>Contas de luz: sistema de bandeiras<\/b><\/h2>\n<p>O sistema de <strong><a class=\"suno-keyword\" href=\"https:\/\/www.suno.com.br\/artigos\/bandeiras-tarifarias\/\" target=\"_blank\" rel=\"noopener\" data-force=\"no\" data-priority=\"1\">bandeiras tarif\u00e1rias<\/a><\/strong> foi criado em 2015 e sinaliza ao consumidor o custo da gera\u00e7\u00e3o de energia el\u00e9trica no Pa\u00eds. Na pr\u00e1tica, as cores e modalidades (verde, amarela ou vermelha) indicam se haver\u00e1 ou n\u00e3o cobran\u00e7a extra nas contas de luz.<\/p>\n<p>A bandeira verde, quando n\u00e3o h\u00e1 cobran\u00e7a adicional, significa que o custo para produzir energia est\u00e1 baixo. O acionamento das bandeiras amarela e vermelha representa um aumento no custo da gera\u00e7\u00e3o e a necessidade de acionamento de t\u00e9rmicas, o que est\u00e1 ligado principalmente ao volume dos reservat\u00f3rios e das chuvas, afetando as <strong>contas de luz<\/strong>.<\/p>\n<h2>Guedes quer reajuste menor para taxa extra da conta de luz<\/h2>\n<p>A preocupa\u00e7\u00e3o com o impacto de mais um aumento no pre\u00e7o da energia sobre a infla\u00e7\u00e3o foi o que fez o ministro da Economia, <strong><a class=\"suno-keyword\" href=\"https:\/\/www.suno.com.br\/tudo-sobre\/paulo-guedes\/\" target=\"_blank\" rel=\"noopener\" data-force=\"no\" data-priority=\"2\">Paulo Guedes<\/a><\/strong>, entrar no debate da defini\u00e7\u00e3o da bandeira vermelha n\u00edvel dois, que ter\u00e1 de ser reajustada novamente em raz\u00e3o do agravamento da crise h\u00eddrica. A proposta do Minist\u00e9rio de Minas e Energia (MME) foi classificada de &#8220;bandeira\u00e7o&#8221; pela \u00e1rea econ\u00f4mica e levou at\u00e9 o presidente do <strong>Banco Central (BC),<\/strong> Roberto Campos Neto, a entrar nas discuss\u00f5es.<\/p>\n<p>O tema passou a ser tratado como prioridade n\u00famero um pela equipe econ\u00f4mica, diante do efeito sobre a infla\u00e7\u00e3o, que j\u00e1 acumula alta de 8,99% em 12 meses at\u00e9 julho, passando de dois d\u00edgitos em algumas capitais. A disparada de pre\u00e7os ocorre em um momento de queda de popularidade do presidente Jair Bolsonaro e levou o Banco Central a apertar o passo na eleva\u00e7\u00e3o dos juros b\u00e1sicos da economia.<\/p>\n<p>O <strong>Minist\u00e9rio da Economia, <\/strong>que defendeu uma bandeira mais baixa, entre R$ 14 e R$ 15 a cada 100 quilowatts-hora (kWh) consumidos, argumenta que a manuten\u00e7\u00e3o de um patamar mais elevado dar\u00e1 tempo de recompor os reservat\u00f3rios. A interlocutores, o ministro da Economia tem dito que Bolsonaro apoia a ideia de um reajuste menor, por\u00e9m mais duradouro, no valor da bandeira, embora o martelo ainda n\u00e3o tenha sido batido.<\/p>\n<p>A ideia da Aneel, que calculou valor mais alto, por volta de R$ 25 a cada 100 kWh, at\u00e9 dezembro deste ano, com possibilidade de retorno aos atuais R$ 9,49 em janeiro, era vista como menos prov\u00e1vel devido ao impacto de <a class=\"suno-keyword\" href=\"https:\/\/www.suno.com.br\/artigos\/curto-prazo\/\" target=\"_blank\" rel=\"noopener\" data-force=\"no\" data-priority=\"1\">curto prazo<\/a> que teria nas contas de luz e na infla\u00e7\u00e3o.<\/p>\n<p>Por outro lado, era a preferida das distribuidoras, que est\u00e3o estranguladas por despesas muito elevadas e com dificuldades para carregar os gastos por muito tempo. H\u00e1 ainda uma terceira alternativa em estudo, com um valor mais alto entre setembro e dezembro e um mais baixo entre janeiro e maio.<\/p>\n<p>O impasse sobre o valor da bandeira esbarra em quest\u00f5es pol\u00edticas e econ\u00f4micas. Segundo apurou o <b>Estad\u00e3o\/Broadcast<\/b>, Guedes defendia que o reajuste na bandeira tivesse sido adotado mais cedo, mas o MME e a Aneel acabaram adiando a decis\u00e3o.<\/p>\n<p>Diante da demora, o ministro da Economia passou a argumentar que a decis\u00e3o deveria sair apenas depois do an\u00fancio do Aux\u00edlio Brasil, novo programa social do governo, que vai substituir o Bolsa Fam\u00edlia. Para o ministro, era necess\u00e1rio haver uma agenda positiva para rebater o impacto de mais um aumento na conta de luz em um momento de alta no pre\u00e7o da gasolina e do g\u00e1s de cozinha.<\/p>\n<p>Mesmo com a perspectiva de piora da crise h\u00eddrica entre setembro e novembro, o governo tenta evitar a todo custo um racionamento e impor meta de economia de energia para a popula\u00e7\u00e3o. A aposta \u00e9 um programa volunt\u00e1rio de bonifica\u00e7\u00e3o para os consumidores que pouparem energia a partir de setembro, economizando na <strong>conta de luz<\/strong>. At\u00e9 agora, n\u00e3o h\u00e1 defini\u00e7\u00f5es sobre como o programa vai funcionar, e novas reuni\u00f5es devem ser realizadas ao longo dos pr\u00f3ximos dias para tentar encontrar um modelo equilibrado.<\/p>\n<p><em>(Com Estad\u00e3o Conte\u00fado)<\/em><\/p>\n\t<p>\n\t\t<a href=\"https:\/\/lp.suno.com.br\/planilha-de-controle-de-investimentos\/\" target=\"_blank\" data-element=\"shortcode-suno-banner\" title=\"Banner SUNO, clique e saiba mais\">\n\t\t\t<picture>\n\t\t\t\t<source media=\"(max-width: 500px)\" srcset=\"https:\/\/files.sunoresearch.com.br\/n\/uploads\/2023\/03\/400x300-Controle-de-Investimentos.png\">\n\t\t\t\t<img class=\"newsContent__article__imgCapa newsContent__article__imgCapa--banner\"\n\t\t\t\t\tsrc=\"https:\/\/files.sunoresearch.com.br\/n\/uploads\/2023\/03\/1420x240-Controle-de-Investimentos.png\"\n\t\t\t\t\tdata-promo-id=\"75934\"\t\t\t\t\t\t\t\t\t\twidth='1420' height='240'\t\t\t\t\talt=\"https:\/\/files.sunoresearch.com.br\/n\/uploads\/2023\/03\/1420x240-Controle-de-Investimentos.png\"\n\t\t\t\t>\n\t\t\t<\/picture>\n\t\t<\/a>\n\t<\/p>\n\n\n","protected":false},"excerpt":{"rendered":"<p>A bandeira vermelha no n\u00edvel dois nas contas de luz em setembro foi mantida nesta sexta pela Ag\u00eancia Nacional de Energia El\u00e9trica (Aneel). A decis\u00e3o representa valor mais alto na tarifa. S\u00f3 n\u00e3o foi definido qual ser\u00e1 o aumento. Aneel Os consumidores pagam hoje uma taxa adicional de R$ 9,49 a cada 100 qulowatts-hora (kWh), [&hellip;]<\/p>\n","protected":false},"author":43,"featured_media":120420,"comment_status":"closed","ping_status":"closed","sticky":false,"template":"","format":"standard","meta":[],"categories":[62],"tags":[896,2153],"suno_strategy":[],"class_list":["post-179190","post","type-post","status-publish","format-standard","has-post-thumbnail","hentry","category-economia","tag-aneel","tag-energia-eletrica"],"yoast_head":"<!-- This site is optimized with the Yoast SEO plugin v24.4 - https:\/\/yoast.com\/wordpress\/plugins\/seo\/ -->\n<title>Bandeira vermelha \u00e9 mantida pela Aneel e contas de luz sobem<\/title>\n<meta name=\"description\" content=\"A decis\u00e3o representa valor mais alto nas contas de luz. S\u00f3 n\u00e3o foi definido qual ser\u00e1 o aumento, que deve ser anunciado na pr\u00f3xima semana\" \/>\n<meta name=\"robots\" content=\"index, follow, max-snippet:-1, max-image-preview:large, max-video-preview:-1\" \/>\n<link rel=\"canonical\" href=\"https:\/\/www.suno.com.br\/noticias\/contas-luz-setembro-bandeira-vermelha\/\" \/>\n<meta property=\"og:locale\" content=\"pt_BR\" \/>\n<meta property=\"og:type\" content=\"article\" \/>\n<meta property=\"og:title\" content=\"Bandeira vermelha \u00e9 mantida pela Aneel e contas de luz sobem\" \/>\n<meta property=\"og:description\" content=\"A decis\u00e3o representa valor mais alto nas contas de luz. S\u00f3 n\u00e3o foi definido qual ser\u00e1 o aumento, que deve ser anunciado na pr\u00f3xima semana\" \/>\n<meta property=\"og:url\" content=\"https:\/\/www.suno.com.br\/noticias\/contas-luz-setembro-bandeira-vermelha\/\" \/>\n<meta property=\"og:site_name\" content=\"Suno Not\u00edcias\" \/>\n<meta property=\"article:publisher\" content=\"https:\/\/facebook.com\/sunoresearch\" \/>\n<meta property=\"article:author\" content=\"https:\/\/www.facebook.com\/sunonoticias\/\" \/>\n<meta property=\"og:image\" content=\"https:\/\/files.sunoresearch.com.br\/n\/uploads\/2021\/02\/79e6e7ee-aneel-scaled.jpg\" \/>\n\t<meta property=\"og:image:width\" content=\"2560\" \/>\n\t<meta property=\"og:image:height\" content=\"1707\" \/>\n\t<meta property=\"og:image:type\" content=\"image\/jpeg\" \/>\n<meta name=\"author\" content=\"Reda\u00e7\u00e3o Suno Not\u00edcias\" \/>\n<meta name=\"twitter:card\" content=\"summary_large_image\" \/>\n<meta name=\"twitter:creator\" content=\"@https:\/\/twitter.com\/sunoresearch\" \/>\n<meta name=\"twitter:site\" content=\"@sunoresearch\" \/>\n<meta name=\"twitter:label1\" content=\"Escrito por\" \/>\n\t<meta name=\"twitter:data1\" content=\"Reda\u00e7\u00e3o Suno Not\u00edcias\" \/>\n\t<meta name=\"twitter:label2\" content=\"Est. tempo de leitura\" \/>\n\t<meta name=\"twitter:data2\" content=\"6 minutos\" \/>\n<script type=\"application\/ld+json\" class=\"yoast-schema-graph\">{\"@context\":\"https:\/\/schema.org\",\"@graph\":[{\"@type\":\"NewsArticle\",\"@id\":\"https:\/\/www.suno.com.br\/noticias\/contas-luz-setembro-bandeira-vermelha\/#article\",\"isPartOf\":{\"@id\":\"https:\/\/www.suno.com.br\/noticias\/contas-luz-setembro-bandeira-vermelha\/\"},\"author\":{\"name\":\"Reda\u00e7\u00e3o Suno Not\u00edcias\",\"@id\":\"https:\/\/www.suno.com.br\/noticias\/#\/schema\/person\/c1b1bd3727fa852bd045e9dbff3673ea\"},\"headline\":\"Bandeira vermelha no segundo patamar \u00e9 mantida pela Aneel e contas de luz sobem em setembro\",\"datePublished\":\"2021-08-28T00:59:19+00:00\",\"dateModified\":\"2021-08-28T02:57:40+00:00\",\"mainEntityOfPage\":{\"@id\":\"https:\/\/www.suno.com.br\/noticias\/contas-luz-setembro-bandeira-vermelha\/\"},\"wordCount\":1267,\"publisher\":{\"@id\":\"https:\/\/www.suno.com.br\/noticias\/#organization\"},\"image\":{\"@id\":\"https:\/\/www.suno.com.br\/noticias\/contas-luz-setembro-bandeira-vermelha\/#primaryimage\"},\"thumbnailUrl\":\"https:\/\/files.sunoresearch.com.br\/n\/uploads\/2021\/02\/79e6e7ee-aneel-scaled.jpg\",\"keywords\":[\"Aneel\",\"energia el\u00e9trica\"],\"articleSection\":[\"Economia\"],\"inLanguage\":\"pt-BR\"},{\"@type\":\"WebPage\",\"@id\":\"https:\/\/www.suno.com.br\/noticias\/contas-luz-setembro-bandeira-vermelha\/\",\"url\":\"https:\/\/www.suno.com.br\/noticias\/contas-luz-setembro-bandeira-vermelha\/\",\"name\":\"Bandeira vermelha \u00e9 mantida pela Aneel e contas de luz sobem\",\"isPartOf\":{\"@id\":\"https:\/\/www.suno.com.br\/noticias\/#website\"},\"primaryImageOfPage\":{\"@id\":\"https:\/\/www.suno.com.br\/noticias\/contas-luz-setembro-bandeira-vermelha\/#primaryimage\"},\"image\":{\"@id\":\"https:\/\/www.suno.com.br\/noticias\/contas-luz-setembro-bandeira-vermelha\/#primaryimage\"},\"thumbnailUrl\":\"https:\/\/files.sunoresearch.com.br\/n\/uploads\/2021\/02\/79e6e7ee-aneel-scaled.jpg\",\"datePublished\":\"2021-08-28T00:59:19+00:00\",\"dateModified\":\"2021-08-28T02:57:40+00:00\",\"description\":\"A decis\u00e3o representa valor mais alto nas contas de luz. S\u00f3 n\u00e3o foi definido qual ser\u00e1 o aumento, que deve ser anunciado na pr\u00f3xima semana\",\"breadcrumb\":{\"@id\":\"https:\/\/www.suno.com.br\/noticias\/contas-luz-setembro-bandeira-vermelha\/#breadcrumb\"},\"inLanguage\":\"pt-BR\",\"potentialAction\":[{\"@type\":\"ReadAction\",\"target\":[\"https:\/\/www.suno.com.br\/noticias\/contas-luz-setembro-bandeira-vermelha\/\"]}]},{\"@type\":\"ImageObject\",\"inLanguage\":\"pt-BR\",\"@id\":\"https:\/\/www.suno.com.br\/noticias\/contas-luz-setembro-bandeira-vermelha\/#primaryimage\",\"url\":\"https:\/\/files.sunoresearch.com.br\/n\/uploads\/2021\/02\/79e6e7ee-aneel-scaled.jpg\",\"contentUrl\":\"https:\/\/files.sunoresearch.com.br\/n\/uploads\/2021\/02\/79e6e7ee-aneel-scaled.jpg\",\"width\":2560,\"height\":1707,\"caption\":\"Aneel\"},{\"@type\":\"BreadcrumbList\",\"@id\":\"https:\/\/www.suno.com.br\/noticias\/contas-luz-setembro-bandeira-vermelha\/#breadcrumb\",\"itemListElement\":[{\"@type\":\"ListItem\",\"position\":1,\"name\":\"Not\u00edcias\",\"item\":\"https:\/\/www.suno.com.br\/noticias\/\"},{\"@type\":\"ListItem\",\"position\":2,\"name\":\"Economia\",\"item\":\"https:\/\/www.suno.com.br\/noticias\/economia\/\"},{\"@type\":\"ListItem\",\"position\":3,\"name\":\"Bandeira vermelha no segundo patamar \u00e9 mantida pela Aneel e contas de luz sobem em setembro\"}]},{\"@type\":\"WebSite\",\"@id\":\"https:\/\/www.suno.com.br\/noticias\/#website\",\"url\":\"https:\/\/www.suno.com.br\/noticias\/\",\"name\":\"Suno Not\u00edcias\",\"description\":\"Seu portal de informa\u00e7\u00e3o sobre o mundo dos investimentos\",\"publisher\":{\"@id\":\"https:\/\/www.suno.com.br\/noticias\/#organization\"},\"potentialAction\":[{\"@type\":\"SearchAction\",\"target\":{\"@type\":\"EntryPoint\",\"urlTemplate\":\"https:\/\/www.suno.com.br\/noticias\/?s={search_term_string}\"},\"query-input\":{\"@type\":\"PropertyValueSpecification\",\"valueRequired\":true,\"valueName\":\"search_term_string\"}}],\"inLanguage\":\"pt-BR\"},{\"@type\":\"Organization\",\"@id\":\"https:\/\/www.suno.com.br\/noticias\/#organization\",\"name\":\"Suno Not\u00edcias\",\"url\":\"https:\/\/www.suno.com.br\/noticias\/\",\"logo\":{\"@type\":\"ImageObject\",\"inLanguage\":\"pt-BR\",\"@id\":\"https:\/\/www.suno.com.br\/noticias\/#\/schema\/logo\/image\/\",\"url\":\"https:\/\/files.sunoresearch.com.br\/n\/uploads\/2021\/09\/suno-logo.png\",\"contentUrl\":\"https:\/\/files.sunoresearch.com.br\/n\/uploads\/2021\/09\/suno-logo.png\",\"width\":180,\"height\":180,\"caption\":\"Suno Not\u00edcias\"},\"image\":{\"@id\":\"https:\/\/www.suno.com.br\/noticias\/#\/schema\/logo\/image\/\"},\"sameAs\":[\"https:\/\/facebook.com\/sunoresearch\",\"https:\/\/x.com\/sunoresearch\",\"https:\/\/www.instagram.com\/suno\",\"https:\/\/www.linkedin.com\/company\/suno-research\/\",\"https:\/\/www.youtube.com\/c\/sunoresearch\"]},{\"@type\":\"Person\",\"@id\":\"https:\/\/www.suno.com.br\/noticias\/#\/schema\/person\/c1b1bd3727fa852bd045e9dbff3673ea\",\"name\":\"Reda\u00e7\u00e3o Suno Not\u00edcias\",\"image\":{\"@type\":\"ImageObject\",\"inLanguage\":\"pt-BR\",\"@id\":\"https:\/\/www.suno.com.br\/noticias\/#\/schema\/person\/image\/\",\"url\":\"https:\/\/secure.gravatar.com\/avatar\/b8104b9b5a71985d5238ee59fbe418af?s=96&r=g\",\"contentUrl\":\"https:\/\/secure.gravatar.com\/avatar\/b8104b9b5a71985d5238ee59fbe418af?s=96&r=g\",\"caption\":\"Reda\u00e7\u00e3o Suno Not\u00edcias\"},\"description\":\"O Suno Not\u00edcias \u00e9 um portal de informa\u00e7\u00f5es sobre Mercado Financeiro, Pol\u00edtica, Neg\u00f3cios, Economia e Finan\u00e7as Pessoais.\",\"sameAs\":[\"https:\/\/www.suno.com.br\/noticias\",\"https:\/\/www.facebook.com\/sunonoticias\/\",\"https:\/\/www.instagram.com\/sunonoticias\/\",\"https:\/\/x.com\/https:\/\/twitter.com\/sunoresearch\",\"https:\/\/www.youtube.com\/sunonoticias\"],\"url\":\"https:\/\/www.suno.com.br\/noticias\/author\/redacao-suno\/\"}]}<\/script>\n<!-- \/ Yoast SEO plugin. -->","yoast_head_json":{"title":"Bandeira vermelha \u00e9 mantida pela Aneel e contas de luz sobem","description":"A decis\u00e3o representa valor mais alto nas contas de luz. S\u00f3 n\u00e3o foi definido qual ser\u00e1 o aumento, que deve ser anunciado na pr\u00f3xima semana","robots":{"index":"index","follow":"follow","max-snippet":"max-snippet:-1","max-image-preview":"max-image-preview:large","max-video-preview":"max-video-preview:-1"},"canonical":"https:\/\/www.suno.com.br\/noticias\/contas-luz-setembro-bandeira-vermelha\/","og_locale":"pt_BR","og_type":"article","og_title":"Bandeira vermelha \u00e9 mantida pela Aneel e contas de luz sobem","og_description":"A decis\u00e3o representa valor mais alto nas contas de luz. S\u00f3 n\u00e3o foi definido qual ser\u00e1 o aumento, que deve ser anunciado na pr\u00f3xima semana","og_url":"https:\/\/www.suno.com.br\/noticias\/contas-luz-setembro-bandeira-vermelha\/","og_site_name":"Suno Not\u00edcias","article_publisher":"https:\/\/facebook.com\/sunoresearch","article_author":"https:\/\/www.facebook.com\/sunonoticias\/","og_image":[{"width":2560,"height":1707,"url":"https:\/\/files.sunoresearch.com.br\/n\/uploads\/2021\/02\/79e6e7ee-aneel-scaled.jpg","type":"image\/jpeg"}],"author":"Reda\u00e7\u00e3o Suno Not\u00edcias","twitter_card":"summary_large_image","twitter_creator":"@https:\/\/twitter.com\/sunoresearch","twitter_site":"@sunoresearch","twitter_misc":{"Escrito por":"Reda\u00e7\u00e3o Suno Not\u00edcias","Est. tempo de leitura":"6 minutos"},"schema":{"@context":"https:\/\/schema.org","@graph":[{"@type":"NewsArticle","@id":"https:\/\/www.suno.com.br\/noticias\/contas-luz-setembro-bandeira-vermelha\/#article","isPartOf":{"@id":"https:\/\/www.suno.com.br\/noticias\/contas-luz-setembro-bandeira-vermelha\/"},"author":{"name":"Reda\u00e7\u00e3o Suno Not\u00edcias","@id":"https:\/\/www.suno.com.br\/noticias\/#\/schema\/person\/c1b1bd3727fa852bd045e9dbff3673ea"},"headline":"Bandeira vermelha no segundo patamar \u00e9 mantida pela Aneel e contas de luz sobem em setembro","datePublished":"2021-08-28T00:59:19+00:00","dateModified":"2021-08-28T02:57:40+00:00","mainEntityOfPage":{"@id":"https:\/\/www.suno.com.br\/noticias\/contas-luz-setembro-bandeira-vermelha\/"},"wordCount":1267,"publisher":{"@id":"https:\/\/www.suno.com.br\/noticias\/#organization"},"image":{"@id":"https:\/\/www.suno.com.br\/noticias\/contas-luz-setembro-bandeira-vermelha\/#primaryimage"},"thumbnailUrl":"https:\/\/files.sunoresearch.com.br\/n\/uploads\/2021\/02\/79e6e7ee-aneel-scaled.jpg","keywords":["Aneel","energia el\u00e9trica"],"articleSection":["Economia"],"inLanguage":"pt-BR"},{"@type":"WebPage","@id":"https:\/\/www.suno.com.br\/noticias\/contas-luz-setembro-bandeira-vermelha\/","url":"https:\/\/www.suno.com.br\/noticias\/contas-luz-setembro-bandeira-vermelha\/","name":"Bandeira vermelha \u00e9 mantida pela Aneel e contas de luz sobem","isPartOf":{"@id":"https:\/\/www.suno.com.br\/noticias\/#website"},"primaryImageOfPage":{"@id":"https:\/\/www.suno.com.br\/noticias\/contas-luz-setembro-bandeira-vermelha\/#primaryimage"},"image":{"@id":"https:\/\/www.suno.com.br\/noticias\/contas-luz-setembro-bandeira-vermelha\/#primaryimage"},"thumbnailUrl":"https:\/\/files.sunoresearch.com.br\/n\/uploads\/2021\/02\/79e6e7ee-aneel-scaled.jpg","datePublished":"2021-08-28T00:59:19+00:00","dateModified":"2021-08-28T02:57:40+00:00","description":"A decis\u00e3o representa valor mais alto nas contas de luz. S\u00f3 n\u00e3o foi definido qual ser\u00e1 o aumento, que deve ser anunciado na pr\u00f3xima semana","breadcrumb":{"@id":"https:\/\/www.suno.com.br\/noticias\/contas-luz-setembro-bandeira-vermelha\/#breadcrumb"},"inLanguage":"pt-BR","potentialAction":[{"@type":"ReadAction","target":["https:\/\/www.suno.com.br\/noticias\/contas-luz-setembro-bandeira-vermelha\/"]}]},{"@type":"ImageObject","inLanguage":"pt-BR","@id":"https:\/\/www.suno.com.br\/noticias\/contas-luz-setembro-bandeira-vermelha\/#primaryimage","url":"https:\/\/files.sunoresearch.com.br\/n\/uploads\/2021\/02\/79e6e7ee-aneel-scaled.jpg","contentUrl":"https:\/\/files.sunoresearch.com.br\/n\/uploads\/2021\/02\/79e6e7ee-aneel-scaled.jpg","width":2560,"height":1707,"caption":"Aneel"},{"@type":"BreadcrumbList","@id":"https:\/\/www.suno.com.br\/noticias\/contas-luz-setembro-bandeira-vermelha\/#breadcrumb","itemListElement":[{"@type":"ListItem","position":1,"name":"Not\u00edcias","item":"https:\/\/www.suno.com.br\/noticias\/"},{"@type":"ListItem","position":2,"name":"Economia","item":"https:\/\/www.suno.com.br\/noticias\/economia\/"},{"@type":"ListItem","position":3,"name":"Bandeira vermelha no segundo patamar \u00e9 mantida pela Aneel e contas de luz sobem em setembro"}]},{"@type":"WebSite","@id":"https:\/\/www.suno.com.br\/noticias\/#website","url":"https:\/\/www.suno.com.br\/noticias\/","name":"Suno Not\u00edcias","description":"Seu portal de informa\u00e7\u00e3o sobre o mundo dos investimentos","publisher":{"@id":"https:\/\/www.suno.com.br\/noticias\/#organization"},"potentialAction":[{"@type":"SearchAction","target":{"@type":"EntryPoint","urlTemplate":"https:\/\/www.suno.com.br\/noticias\/?s={search_term_string}"},"query-input":{"@type":"PropertyValueSpecification","valueRequired":true,"valueName":"search_term_string"}}],"inLanguage":"pt-BR"},{"@type":"Organization","@id":"https:\/\/www.suno.com.br\/noticias\/#organization","name":"Suno Not\u00edcias","url":"https:\/\/www.suno.com.br\/noticias\/","logo":{"@type":"ImageObject","inLanguage":"pt-BR","@id":"https:\/\/www.suno.com.br\/noticias\/#\/schema\/logo\/image\/","url":"https:\/\/files.sunoresearch.com.br\/n\/uploads\/2021\/09\/suno-logo.png","contentUrl":"https:\/\/files.sunoresearch.com.br\/n\/uploads\/2021\/09\/suno-logo.png","width":180,"height":180,"caption":"Suno Not\u00edcias"},"image":{"@id":"https:\/\/www.suno.com.br\/noticias\/#\/schema\/logo\/image\/"},"sameAs":["https:\/\/facebook.com\/sunoresearch","https:\/\/x.com\/sunoresearch","https:\/\/www.instagram.com\/suno","https:\/\/www.linkedin.com\/company\/suno-research\/","https:\/\/www.youtube.com\/c\/sunoresearch"]},{"@type":"Person","@id":"https:\/\/www.suno.com.br\/noticias\/#\/schema\/person\/c1b1bd3727fa852bd045e9dbff3673ea","name":"Reda\u00e7\u00e3o Suno Not\u00edcias","image":{"@type":"ImageObject","inLanguage":"pt-BR","@id":"https:\/\/www.suno.com.br\/noticias\/#\/schema\/person\/image\/","url":"https:\/\/secure.gravatar.com\/avatar\/b8104b9b5a71985d5238ee59fbe418af?s=96&r=g","contentUrl":"https:\/\/secure.gravatar.com\/avatar\/b8104b9b5a71985d5238ee59fbe418af?s=96&r=g","caption":"Reda\u00e7\u00e3o Suno Not\u00edcias"},"description":"O Suno Not\u00edcias \u00e9 um portal de informa\u00e7\u00f5es sobre Mercado Financeiro, Pol\u00edtica, Neg\u00f3cios, Economia e Finan\u00e7as Pessoais.","sameAs":["https:\/\/www.suno.com.br\/noticias","https:\/\/www.facebook.com\/sunonoticias\/","https:\/\/www.instagram.com\/sunonoticias\/","https:\/\/x.com\/https:\/\/twitter.com\/sunoresearch","https:\/\/www.youtube.com\/sunonoticias"],"url":"https:\/\/www.suno.com.br\/noticias\/author\/redacao-suno\/"}]}},"default_loop_html":"<div class=\"cardsPage__listCard__boxs\"><div class=\"cardsPage__listCard__boxs__img\"><a href=\"https:\/\/www.suno.com.br\/noticias\/contas-luz-setembro-bandeira-vermelha\/\"><img class=\"mask\" src=\"https:\/\/www.suno.com.br\/noticias\/wp-content\/themes\/suno\/resources\/images\/spotlight\/spotlight1img\/bg-mask.png\" alt=\"Image Mask\"\/><img src=\"https:\/\/files.sunoresearch.com.br\/n\/uploads\/2021\/02\/79e6e7ee-aneel-400x200.jpg\" alt=\"Bandeira vermelha no segundo patamar \u00e9 mantida pela Aneel e contas de luz sobem em setembro\"\/><\/a><span class=\"spotlightCategory\"><a href=\"https:\/\/www.suno.com.br\/noticias\/economia\/\">Economia<\/a><\/span><\/div><div class=\"cardsPage__listCard__boxs__content\"><a href=\"https:\/\/www.suno.com.br\/noticias\/contas-luz-setembro-bandeira-vermelha\/\"><h2 class=\"content__title\">Bandeira vermelha no segundo patamar \u00e9 mantida pela Aneel e contas de luz sobem em setembro<\/h2><\/a><div class=\"newsContent__article__meta\"><div class=\"newsContent__article__meta__authorBox\"><a href=\"https:\/\/www.suno.com.br\/noticias\/author\/redacao-suno\/\" class=\"authorBox__avatar noMobi\"><img src=\"https:\/\/files.sunoresearch.com.br\/n\/uploads\/2020\/08\/0ace682d-redacao-1-150x150.webp\" alt=\"Reda\u00e7\u00e3o Suno Not\u00edcias\"><\/a><div class=\"authorBox__name\"><span>por\n\t\t\t<a href=\"https:\/\/www.suno.com.br\/noticias\/author\/redacao-suno\/\"><span itemprop=\"author\">Reda\u00e7\u00e3o Suno Not\u00edcias<\/span><\/a><\/span><time datetime=\"2021-08-27T21:59:19-03:00\" itemprop=\"datePublished\">27\/08\/2021 21:59<\/time><\/div><\/div><\/div><\/div><\/div>","single_layout":"posts","amp_enabled":true,"_links":{"self":[{"href":"https:\/\/www.suno.com.br\/noticias\/wp-json\/wp\/v2\/posts\/179190"}],"collection":[{"href":"https:\/\/www.suno.com.br\/noticias\/wp-json\/wp\/v2\/posts"}],"about":[{"href":"https:\/\/www.suno.com.br\/noticias\/wp-json\/wp\/v2\/types\/post"}],"author":[{"embeddable":true,"href":"https:\/\/www.suno.com.br\/noticias\/wp-json\/wp\/v2\/users\/43"}],"replies":[{"embeddable":true,"href":"https:\/\/www.suno.com.br\/noticias\/wp-json\/wp\/v2\/comments?post=179190"}],"version-history":[{"count":3,"href":"https:\/\/www.suno.com.br\/noticias\/wp-json\/wp\/v2\/posts\/179190\/revisions"}],"predecessor-version":[{"id":179208,"href":"https:\/\/www.suno.com.br\/noticias\/wp-json\/wp\/v2\/posts\/179190\/revisions\/179208"}],"wp:featuredmedia":[{"embeddable":true,"href":"https:\/\/www.suno.com.br\/noticias\/wp-json\/wp\/v2\/media\/120420"}],"wp:attachment":[{"href":"https:\/\/www.suno.com.br\/noticias\/wp-json\/wp\/v2\/media?parent=179190"}],"wp:term":[{"taxonomy":"category","embeddable":true,"href":"https:\/\/www.suno.com.br\/noticias\/wp-json\/wp\/v2\/categories?post=179190"},{"taxonomy":"post_tag","embeddable":true,"href":"https:\/\/www.suno.com.br\/noticias\/wp-json\/wp\/v2\/tags?post=179190"},{"taxonomy":"suno_strategy","embeddable":true,"href":"https:\/\/www.suno.com.br\/noticias\/wp-json\/wp\/v2\/suno_strategy?post=179190"}],"curies":[{"name":"wp","href":"https:\/\/api.w.org\/{rel}","templated":true}]}}