{"id":179029,"date":"2021-08-27T15:46:58","date_gmt":"2021-08-27T18:46:58","guid":{"rendered":"https:\/\/www.suno.com.br\/noticias\/?p=179029"},"modified":"2021-08-27T15:47:10","modified_gmt":"2021-08-27T18:47:10","slug":"presidente-bc-promete-aumentar-seguranca-do-pix","status":"publish","type":"post","link":"https:\/\/www.suno.com.br\/noticias\/presidente-bc-promete-aumentar-seguranca-do-pix\/","title":{"rendered":"Presidente do BC promete aumentar seguran\u00e7a do Pix com novas medidas"},"content":{"rendered":"<p>O presidente do <a class=\"suno-keyword\" href=\"https:\/\/www.suno.com.br\/artigos\/bacen\/\" target=\"_blank\" rel=\"noopener\" data-force=\"no\" data-priority=\"3\">Banco Central (BC)<\/a>, Roberto Campos Neto, disse que anunciar\u00e1 &#8220;em breve&#8221; medidas para aumentar a <strong>seguran\u00e7a do Pix<\/strong>. Isso, inclusive, poder\u00e1 incluir a limita\u00e7\u00e3o de hor\u00e1rio da transa\u00e7\u00e3o pelos clientes.<\/p>\t<div class=\"wrapper-featured-image\">\n\t\t<figure class=\"spotlightImg\">\n\n\t\t\t<picture>\n\t\t\t\t<source media=\"(max-width: 768px)\" srcset=\"https:\/\/files.sunoresearch.com.br\/n\/uploads\/2021\/08\/cdc78c08-pix_ebc-400x200.jpg\">\n\t\t\t\t<img loading=\"lazy\" decoding=\"async\" class=\"newsContent__article__imgCapa lazyloadDisabled \" src=\"https:\/\/files.sunoresearch.com.br\/n\/uploads\/2021\/08\/cdc78c08-pix_ebc-800x450.jpg\" width=\"800\" height=\"450\" alt=\"Presidente do BC promete aumentar seguran\u00e7a do Pix com novas medidas\" fetchpriority=high \/>\n\t\t\t<\/picture>\n\n\t\t\t<figcaption class=\"wp-caption-text wp-caption-text--show\">Pix - Foto: Marcello Casal Jr\/ Ag\u00eancia Brasil<\/figcaption>\n\t\t<\/figure>\n\t<\/div>\n\n\n\t<p>\n\t\t<a href=\"https:\/\/lp.suno.com.br\/planilha-controle-gastos\/\" target=\"_blank\" data-element=\"shortcode-suno-banner\" title=\"Banner SUNO, clique e saiba mais\">\n\t\t\t<picture>\n\t\t\t\t<source media=\"(max-width: 500px)\" srcset=\"https:\/\/files.sunoresearch.com.br\/n\/uploads\/2023\/03\/400x300-Planilha-controle-de-gastos.png\">\n\t\t\t\t<img class=\"newsContent__article__imgCapa newsContent__article__imgCapa--banner\"\n\t\t\t\t\tsrc=\"https:\/\/files.sunoresearch.com.br\/n\/uploads\/2023\/03\/1420x240-Planilha-controle-de-gastos.png\"\n\t\t\t\t\tdata-promo-id=\"101751\"\t\t\t\t\t\t\t\t\t\twidth='1420' height='240'\t\t\t\t\talt=\"https:\/\/files.sunoresearch.com.br\/n\/uploads\/2023\/03\/1420x240-Planilha-controle-de-gastos.png\"\n\t\t\t\t>\n\t\t\t<\/picture>\n\t\t<\/a>\n\t<\/p>\n\n\n<p>As medidas ser\u00e3o uma resposta ao aumento do uso da ferramenta em crise. A seguran\u00e7a do Pix, <a href=\"https:\/\/www.suno.com.br\/noticias\/bc-uso-pix-brasil-doc-ted-boleto\/\">ferramenta de transfer\u00eancia de dinheiro mais utilizada no Pa\u00eds<\/a>, \u00e9 uma preocupa\u00e7\u00e3o dos usu\u00e1rios.<\/p>\n<p>Segundo a Secretaria de Seguran\u00e7a P\u00fablica de S\u00e3o Paulo, foram registrados 206 boletins de ocorr\u00eancia de <strong>sequestro-rel\u00e2mpago<\/strong> no estado de janeiro a julho deste ano &#8212; aumento de 39,1% em rela\u00e7\u00e3o ao mesmo per\u00edodo de 2020.<\/p>\n<p>A pasta, por\u00e9m, n\u00e3o tem o detalhamento de quais dos casos envolvem o Pix.<\/p>\n<p>&#8220;Olhamos com cuidado associa\u00e7\u00e3o do Pix com criminalidade. Anunciaremos em breve conjunto de medidas para Pix ser mais seguro&#8221;, afirmou Campos Neto, em evento da <a href=\"https:\/\/www.suno.com.br\/artigos\/febraban\/\">Federa\u00e7\u00e3o Brasileira de Bancos (Febraban)<\/a> e da Esfera nesta sexta-feira (27).<\/p>\n<p>Apesar de antecipar a ado\u00e7\u00e3o de medidas para tornar a transfer\u00eancia mais segura, Campos Neto defendeu que o aumento nos sequestros rel\u00e2mpagos n\u00e3o est\u00e1 necessariamente ligado ao Pix, mas sim ao aumento na circula\u00e7\u00e3o de pessoas com a melhora nos \u00edndices na pandemia.<\/p>\n\t<div data-element=\"shortcode-read-more\" class=\"knowMore\">\n\t\t\t\t<span class=\"knowMore__title\">Leia mais<\/span>\n\t\t\t\t<a class=\"knowMore__link\" href=\"https:\/\/www.suno.com.br\/noticias\/pix-apps-mensagens-compras-online-bc\/\">\n\t\t\tPix ser\u00e1 atualizado para fazer pagamentos em apps de mensagens e compras online, diz BC\t\t<\/a>\n\t<\/div>\n\n\n<p>&#8220;Sequestro rel\u00e2mpago pode ser Pix, TED, DOC, qualquer coisa. Havia sequestros rel\u00e2mpagos em ATMs, foram ajustando&#8221;, completou.<\/p>\n<h2>Dicas de como se proteger e aumentar a seguran\u00e7a do Pix<\/h2>\n<p>Al\u00e9m de <strong>sequestros-rel\u00e2mpagos<\/strong>, outras a\u00e7\u00f5es dos criminosos s\u00e3o o envio de links maliosos para <strong>roubo de dados<\/strong>, conversas no WhatsApp se passando por parentes ou amigos e at\u00e9 mesmo transfer\u00eancias ap\u00f3s o furto do celular.<\/p>\n\t<p>\n\t\t<a href=\"https:\/\/lp.suno.com.br\/planilha-da-vida-financeira\/\" target=\"_blank\" data-element=\"shortcode-suno-banner\" title=\"Banner SUNO, clique e saiba mais\">\n\t\t\t<picture>\n\t\t\t\t<source media=\"(max-width: 500px)\" srcset=\"https:\/\/files.sunoresearch.com.br\/n\/uploads\/2023\/04\/400x300-Planilha-vida-financeira-true.png\">\n\t\t\t\t<img class=\"newsContent__article__imgCapa newsContent__article__imgCapa--banner\"\n\t\t\t\t\tsrc=\"https:\/\/files.sunoresearch.com.br\/n\/uploads\/2023\/04\/1420x240-Planilha-vida-financeira-true.png\"\n\t\t\t\t\tdata-promo-id=\"106682\"\t\t\t\t\t\t\t\t\t\twidth='1420' height='240'\t\t\t\t\talt=\"https:\/\/files.sunoresearch.com.br\/n\/uploads\/2023\/04\/1420x240-Planilha-vida-financeira-true.png\"\n\t\t\t\t>\n\t\t\t<\/picture>\n\t\t<\/a>\n\t<\/p>\n\n\n<p>Todos estas artimanhas s\u00e3o usadas para praticar roubos pelo Pix.<\/p>\n<p>No Distrito Federal, 87% dos crimes cibern\u00e9ticos cometidos em 2021 at\u00e9 agora estavam relacionados ao Pix. No Rio, houve um aumento de 33% em estelionatos virtuais neste primeiro semestre, de acordo com a Pol\u00edcia Civil.<\/p>\n<p>Em reportagem, o jornal<em> O Estado de S.Paulo<\/em> listou oito dicas sobre como se proteger. S\u00e3o elas:<\/p>\n<ul>\n<li>Revise e configure o <strong>limite do Pix<\/strong>;<\/li>\n<li>N\u00e3o utilize a senha do banco em outros aplicativos;<\/li>\n<li>N\u00e3o anote ou salve senhas dentro do celular;<\/li>\n<li>Utilize o bloqueio da tela de in\u00edcio do celular;<\/li>\n<li>N\u00e3o fa\u00e7a um <strong>Pix para n\u00fameros desconhecidos<\/strong>;<\/li>\n<li>Notifique imediatamente seu banco;<\/li>\n<li>Avise tamb\u00e9m a operadora de celular;<\/li>\n<li>Registre um boletim de ocorr\u00eancia.<\/li>\n<\/ul>\n<p>\u201cPor seu desenho tecnol\u00f3gico, todas as opera\u00e7\u00f5es com o Pix s\u00e3o 100% rastre\u00e1veis, o que permite a identifica\u00e7\u00e3o das contas recebedoras de recursos produtos de golpe\/crime\u201d, diz o BC. A <strong>seguran\u00e7a do Pix<\/strong> \u00e9 um tema discutido desde seu lan\u00e7amento, em outubro de 2020.<\/p>\n<p><em>(Com informa\u00e7\u00f5es do Estad\u00e3o Conte\u00fado)<\/em><\/p>\n\t<p>\n\t\t<a href=\"https:\/\/lp.suno.com.br\/planilha-de-controle-de-investimentos\/\" target=\"_blank\" data-element=\"shortcode-suno-banner\" title=\"Banner SUNO, clique e saiba mais\">\n\t\t\t<picture>\n\t\t\t\t<source media=\"(max-width: 500px)\" srcset=\"https:\/\/files.sunoresearch.com.br\/n\/uploads\/2023\/03\/400x300-Controle-de-Investimentos.png\">\n\t\t\t\t<img class=\"newsContent__article__imgCapa newsContent__article__imgCapa--banner\"\n\t\t\t\t\tsrc=\"https:\/\/files.sunoresearch.com.br\/n\/uploads\/2023\/03\/1420x240-Controle-de-Investimentos.png\"\n\t\t\t\t\tdata-promo-id=\"75934\"\t\t\t\t\t\t\t\t\t\twidth='1420' height='240'\t\t\t\t\talt=\"https:\/\/files.sunoresearch.com.br\/n\/uploads\/2023\/03\/1420x240-Controle-de-Investimentos.png\"\n\t\t\t\t>\n\t\t\t<\/picture>\n\t\t<\/a>\n\t<\/p>\n\n\n","protected":false},"excerpt":{"rendered":"<p>O presidente do Banco Central (BC), Roberto Campos Neto, disse que anunciar\u00e1 &#8220;em breve&#8221; medidas para aumentar a seguran\u00e7a do Pix. Isso, inclusive, poder\u00e1 incluir a limita\u00e7\u00e3o de hor\u00e1rio da transa\u00e7\u00e3o pelos clientes. Pix &#8211; Foto: Marcello Casal Jr\/ Ag\u00eancia Brasil As medidas ser\u00e3o uma resposta ao aumento do uso da ferramenta em crise. A [&hellip;]<\/p>\n","protected":false},"author":24,"featured_media":179042,"comment_status":"closed","ping_status":"closed","sticky":false,"template":"","format":"standard","meta":[],"categories":[62],"tags":[1842,2637,1113],"suno_strategy":[],"class_list":["post-179029","post","type-post","status-publish","format-standard","has-post-thumbnail","hentry","category-economia","tag-banco-central-bc","tag-pix","tag-roberto-campos-neto"],"yoast_head":"<!-- This site is optimized with the Yoast SEO plugin v24.4 - https:\/\/yoast.com\/wordpress\/plugins\/seo\/ -->\n<title>Presidente do BC promete aumentar seguran\u00e7a do Pix<\/title>\n<meta name=\"description\" content=\"O presidente do Banco Central (BC), Roberto Campos Neto, disse que anunciar\u00e1 &quot;em breve&quot; medidas para aumentar a seguran\u00e7a do Pix. Confira.\" \/>\n<meta name=\"robots\" content=\"index, follow, max-snippet:-1, max-image-preview:large, max-video-preview:-1\" \/>\n<link rel=\"canonical\" href=\"https:\/\/www.suno.com.br\/noticias\/presidente-bc-promete-aumentar-seguranca-do-pix\/\" \/>\n<meta property=\"og:locale\" content=\"pt_BR\" \/>\n<meta property=\"og:type\" content=\"article\" \/>\n<meta property=\"og:title\" content=\"Presidente do BC promete aumentar seguran\u00e7a do Pix\" \/>\n<meta property=\"og:description\" content=\"O presidente do Banco Central (BC), Roberto Campos Neto, disse que anunciar\u00e1 &quot;em breve&quot; medidas para aumentar a seguran\u00e7a do Pix. Confira.\" \/>\n<meta property=\"og:url\" content=\"https:\/\/www.suno.com.br\/noticias\/presidente-bc-promete-aumentar-seguranca-do-pix\/\" \/>\n<meta property=\"og:site_name\" content=\"Suno Not\u00edcias\" \/>\n<meta property=\"article:publisher\" content=\"https:\/\/facebook.com\/sunoresearch\" \/>\n<meta property=\"og:image\" content=\"https:\/\/files.sunoresearch.com.br\/n\/uploads\/2021\/08\/cdc78c08-pix_ebc-scaled.jpg\" \/>\n\t<meta property=\"og:image:width\" content=\"2560\" \/>\n\t<meta property=\"og:image:height\" content=\"1707\" \/>\n\t<meta property=\"og:image:type\" content=\"image\/jpeg\" \/>\n<meta name=\"author\" content=\"Jader Lazarini\" \/>\n<meta name=\"twitter:card\" content=\"summary_large_image\" \/>\n<meta name=\"twitter:creator\" content=\"@sunoresearch\" \/>\n<meta name=\"twitter:site\" content=\"@sunoresearch\" \/>\n<meta name=\"twitter:label1\" content=\"Escrito por\" \/>\n\t<meta name=\"twitter:data1\" content=\"Jader Lazarini\" \/>\n\t<meta name=\"twitter:label2\" content=\"Est. tempo de leitura\" \/>\n\t<meta name=\"twitter:data2\" content=\"2 minutos\" \/>\n<script type=\"application\/ld+json\" class=\"yoast-schema-graph\">{\"@context\":\"https:\/\/schema.org\",\"@graph\":[{\"@type\":\"NewsArticle\",\"@id\":\"https:\/\/www.suno.com.br\/noticias\/presidente-bc-promete-aumentar-seguranca-do-pix\/#article\",\"isPartOf\":{\"@id\":\"https:\/\/www.suno.com.br\/noticias\/presidente-bc-promete-aumentar-seguranca-do-pix\/\"},\"author\":{\"name\":\"Jader Lazarini\",\"@id\":\"https:\/\/www.suno.com.br\/noticias\/#\/schema\/person\/918d79de1f0281f01599b93f9ea6e23f\"},\"headline\":\"Presidente do BC promete aumentar seguran\u00e7a do Pix com novas medidas\",\"datePublished\":\"2021-08-27T18:46:58+00:00\",\"dateModified\":\"2021-08-27T18:47:10+00:00\",\"mainEntityOfPage\":{\"@id\":\"https:\/\/www.suno.com.br\/noticias\/presidente-bc-promete-aumentar-seguranca-do-pix\/\"},\"wordCount\":498,\"publisher\":{\"@id\":\"https:\/\/www.suno.com.br\/noticias\/#organization\"},\"image\":{\"@id\":\"https:\/\/www.suno.com.br\/noticias\/presidente-bc-promete-aumentar-seguranca-do-pix\/#primaryimage\"},\"thumbnailUrl\":\"https:\/\/files.sunoresearch.com.br\/n\/uploads\/2021\/08\/cdc78c08-pix_ebc-scaled.jpg\",\"keywords\":[\"Banco Central (BC)\",\"PIX\",\"Roberto Campos Neto\"],\"articleSection\":[\"Economia\"],\"inLanguage\":\"pt-BR\"},{\"@type\":\"WebPage\",\"@id\":\"https:\/\/www.suno.com.br\/noticias\/presidente-bc-promete-aumentar-seguranca-do-pix\/\",\"url\":\"https:\/\/www.suno.com.br\/noticias\/presidente-bc-promete-aumentar-seguranca-do-pix\/\",\"name\":\"Presidente do BC promete aumentar seguran\u00e7a do Pix\",\"isPartOf\":{\"@id\":\"https:\/\/www.suno.com.br\/noticias\/#website\"},\"primaryImageOfPage\":{\"@id\":\"https:\/\/www.suno.com.br\/noticias\/presidente-bc-promete-aumentar-seguranca-do-pix\/#primaryimage\"},\"image\":{\"@id\":\"https:\/\/www.suno.com.br\/noticias\/presidente-bc-promete-aumentar-seguranca-do-pix\/#primaryimage\"},\"thumbnailUrl\":\"https:\/\/files.sunoresearch.com.br\/n\/uploads\/2021\/08\/cdc78c08-pix_ebc-scaled.jpg\",\"datePublished\":\"2021-08-27T18:46:58+00:00\",\"dateModified\":\"2021-08-27T18:47:10+00:00\",\"description\":\"O presidente do Banco Central (BC), Roberto Campos Neto, disse que anunciar\u00e1 \\\"em breve\\\" medidas para aumentar a seguran\u00e7a do Pix. Confira.\",\"breadcrumb\":{\"@id\":\"https:\/\/www.suno.com.br\/noticias\/presidente-bc-promete-aumentar-seguranca-do-pix\/#breadcrumb\"},\"inLanguage\":\"pt-BR\",\"potentialAction\":[{\"@type\":\"ReadAction\",\"target\":[\"https:\/\/www.suno.com.br\/noticias\/presidente-bc-promete-aumentar-seguranca-do-pix\/\"]}]},{\"@type\":\"ImageObject\",\"inLanguage\":\"pt-BR\",\"@id\":\"https:\/\/www.suno.com.br\/noticias\/presidente-bc-promete-aumentar-seguranca-do-pix\/#primaryimage\",\"url\":\"https:\/\/files.sunoresearch.com.br\/n\/uploads\/2021\/08\/cdc78c08-pix_ebc-scaled.jpg\",\"contentUrl\":\"https:\/\/files.sunoresearch.com.br\/n\/uploads\/2021\/08\/cdc78c08-pix_ebc-scaled.jpg\",\"width\":2560,\"height\":1707,\"caption\":\"Pix - Foto: Marcello Casal Jr\/ Ag\u00eancia Brasil\"},{\"@type\":\"BreadcrumbList\",\"@id\":\"https:\/\/www.suno.com.br\/noticias\/presidente-bc-promete-aumentar-seguranca-do-pix\/#breadcrumb\",\"itemListElement\":[{\"@type\":\"ListItem\",\"position\":1,\"name\":\"Not\u00edcias\",\"item\":\"https:\/\/www.suno.com.br\/noticias\/\"},{\"@type\":\"ListItem\",\"position\":2,\"name\":\"Economia\",\"item\":\"https:\/\/www.suno.com.br\/noticias\/economia\/\"},{\"@type\":\"ListItem\",\"position\":3,\"name\":\"Presidente do BC promete aumentar seguran\u00e7a do Pix com novas medidas\"}]},{\"@type\":\"WebSite\",\"@id\":\"https:\/\/www.suno.com.br\/noticias\/#website\",\"url\":\"https:\/\/www.suno.com.br\/noticias\/\",\"name\":\"Suno Not\u00edcias\",\"description\":\"Seu portal de informa\u00e7\u00e3o sobre o mundo dos investimentos\",\"publisher\":{\"@id\":\"https:\/\/www.suno.com.br\/noticias\/#organization\"},\"potentialAction\":[{\"@type\":\"SearchAction\",\"target\":{\"@type\":\"EntryPoint\",\"urlTemplate\":\"https:\/\/www.suno.com.br\/noticias\/?s={search_term_string}\"},\"query-input\":{\"@type\":\"PropertyValueSpecification\",\"valueRequired\":true,\"valueName\":\"search_term_string\"}}],\"inLanguage\":\"pt-BR\"},{\"@type\":\"Organization\",\"@id\":\"https:\/\/www.suno.com.br\/noticias\/#organization\",\"name\":\"Suno Not\u00edcias\",\"url\":\"https:\/\/www.suno.com.br\/noticias\/\",\"logo\":{\"@type\":\"ImageObject\",\"inLanguage\":\"pt-BR\",\"@id\":\"https:\/\/www.suno.com.br\/noticias\/#\/schema\/logo\/image\/\",\"url\":\"https:\/\/files.sunoresearch.com.br\/n\/uploads\/2021\/09\/suno-logo.png\",\"contentUrl\":\"https:\/\/files.sunoresearch.com.br\/n\/uploads\/2021\/09\/suno-logo.png\",\"width\":180,\"height\":180,\"caption\":\"Suno Not\u00edcias\"},\"image\":{\"@id\":\"https:\/\/www.suno.com.br\/noticias\/#\/schema\/logo\/image\/\"},\"sameAs\":[\"https:\/\/facebook.com\/sunoresearch\",\"https:\/\/x.com\/sunoresearch\",\"https:\/\/www.instagram.com\/suno\",\"https:\/\/www.linkedin.com\/company\/suno-research\/\",\"https:\/\/www.youtube.com\/c\/sunoresearch\"]},{\"@type\":\"Person\",\"@id\":\"https:\/\/www.suno.com.br\/noticias\/#\/schema\/person\/918d79de1f0281f01599b93f9ea6e23f\",\"name\":\"Jader Lazarini\",\"image\":{\"@type\":\"ImageObject\",\"inLanguage\":\"pt-BR\",\"@id\":\"https:\/\/www.suno.com.br\/noticias\/#\/schema\/person\/image\/\",\"url\":\"https:\/\/secure.gravatar.com\/avatar\/3c1ad8caa51589841baeb923fcddea97?s=96&r=g\",\"contentUrl\":\"https:\/\/secure.gravatar.com\/avatar\/3c1ad8caa51589841baeb923fcddea97?s=96&r=g\",\"caption\":\"Jader Lazarini\"},\"description\":\"Jader Lazarini escreve sobre investimentos, finan\u00e7as, economia e neg\u00f3cios. \u00c9 bacharel em Rela\u00e7\u00f5es Internacionais e analista CNPI (2619).\",\"url\":\"https:\/\/www.suno.com.br\/noticias\/author\/jader-lazarini\/\"}]}<\/script>\n<!-- \/ Yoast SEO plugin. -->","yoast_head_json":{"title":"Presidente do BC promete aumentar seguran\u00e7a do Pix","description":"O presidente do Banco Central (BC), Roberto Campos Neto, disse que anunciar\u00e1 \"em breve\" medidas para aumentar a seguran\u00e7a do Pix. Confira.","robots":{"index":"index","follow":"follow","max-snippet":"max-snippet:-1","max-image-preview":"max-image-preview:large","max-video-preview":"max-video-preview:-1"},"canonical":"https:\/\/www.suno.com.br\/noticias\/presidente-bc-promete-aumentar-seguranca-do-pix\/","og_locale":"pt_BR","og_type":"article","og_title":"Presidente do BC promete aumentar seguran\u00e7a do Pix","og_description":"O presidente do Banco Central (BC), Roberto Campos Neto, disse que anunciar\u00e1 \"em breve\" medidas para aumentar a seguran\u00e7a do Pix. Confira.","og_url":"https:\/\/www.suno.com.br\/noticias\/presidente-bc-promete-aumentar-seguranca-do-pix\/","og_site_name":"Suno Not\u00edcias","article_publisher":"https:\/\/facebook.com\/sunoresearch","og_image":[{"width":2560,"height":1707,"url":"https:\/\/files.sunoresearch.com.br\/n\/uploads\/2021\/08\/cdc78c08-pix_ebc-scaled.jpg","type":"image\/jpeg"}],"author":"Jader Lazarini","twitter_card":"summary_large_image","twitter_creator":"@sunoresearch","twitter_site":"@sunoresearch","twitter_misc":{"Escrito por":"Jader Lazarini","Est. tempo de leitura":"2 minutos"},"schema":{"@context":"https:\/\/schema.org","@graph":[{"@type":"NewsArticle","@id":"https:\/\/www.suno.com.br\/noticias\/presidente-bc-promete-aumentar-seguranca-do-pix\/#article","isPartOf":{"@id":"https:\/\/www.suno.com.br\/noticias\/presidente-bc-promete-aumentar-seguranca-do-pix\/"},"author":{"name":"Jader Lazarini","@id":"https:\/\/www.suno.com.br\/noticias\/#\/schema\/person\/918d79de1f0281f01599b93f9ea6e23f"},"headline":"Presidente do BC promete aumentar seguran\u00e7a do Pix com novas medidas","datePublished":"2021-08-27T18:46:58+00:00","dateModified":"2021-08-27T18:47:10+00:00","mainEntityOfPage":{"@id":"https:\/\/www.suno.com.br\/noticias\/presidente-bc-promete-aumentar-seguranca-do-pix\/"},"wordCount":498,"publisher":{"@id":"https:\/\/www.suno.com.br\/noticias\/#organization"},"image":{"@id":"https:\/\/www.suno.com.br\/noticias\/presidente-bc-promete-aumentar-seguranca-do-pix\/#primaryimage"},"thumbnailUrl":"https:\/\/files.sunoresearch.com.br\/n\/uploads\/2021\/08\/cdc78c08-pix_ebc-scaled.jpg","keywords":["Banco Central (BC)","PIX","Roberto Campos Neto"],"articleSection":["Economia"],"inLanguage":"pt-BR"},{"@type":"WebPage","@id":"https:\/\/www.suno.com.br\/noticias\/presidente-bc-promete-aumentar-seguranca-do-pix\/","url":"https:\/\/www.suno.com.br\/noticias\/presidente-bc-promete-aumentar-seguranca-do-pix\/","name":"Presidente do BC promete aumentar seguran\u00e7a do Pix","isPartOf":{"@id":"https:\/\/www.suno.com.br\/noticias\/#website"},"primaryImageOfPage":{"@id":"https:\/\/www.suno.com.br\/noticias\/presidente-bc-promete-aumentar-seguranca-do-pix\/#primaryimage"},"image":{"@id":"https:\/\/www.suno.com.br\/noticias\/presidente-bc-promete-aumentar-seguranca-do-pix\/#primaryimage"},"thumbnailUrl":"https:\/\/files.sunoresearch.com.br\/n\/uploads\/2021\/08\/cdc78c08-pix_ebc-scaled.jpg","datePublished":"2021-08-27T18:46:58+00:00","dateModified":"2021-08-27T18:47:10+00:00","description":"O presidente do Banco Central (BC), Roberto Campos Neto, disse que anunciar\u00e1 \"em breve\" medidas para aumentar a seguran\u00e7a do Pix. Confira.","breadcrumb":{"@id":"https:\/\/www.suno.com.br\/noticias\/presidente-bc-promete-aumentar-seguranca-do-pix\/#breadcrumb"},"inLanguage":"pt-BR","potentialAction":[{"@type":"ReadAction","target":["https:\/\/www.suno.com.br\/noticias\/presidente-bc-promete-aumentar-seguranca-do-pix\/"]}]},{"@type":"ImageObject","inLanguage":"pt-BR","@id":"https:\/\/www.suno.com.br\/noticias\/presidente-bc-promete-aumentar-seguranca-do-pix\/#primaryimage","url":"https:\/\/files.sunoresearch.com.br\/n\/uploads\/2021\/08\/cdc78c08-pix_ebc-scaled.jpg","contentUrl":"https:\/\/files.sunoresearch.com.br\/n\/uploads\/2021\/08\/cdc78c08-pix_ebc-scaled.jpg","width":2560,"height":1707,"caption":"Pix - Foto: Marcello Casal Jr\/ Ag\u00eancia Brasil"},{"@type":"BreadcrumbList","@id":"https:\/\/www.suno.com.br\/noticias\/presidente-bc-promete-aumentar-seguranca-do-pix\/#breadcrumb","itemListElement":[{"@type":"ListItem","position":1,"name":"Not\u00edcias","item":"https:\/\/www.suno.com.br\/noticias\/"},{"@type":"ListItem","position":2,"name":"Economia","item":"https:\/\/www.suno.com.br\/noticias\/economia\/"},{"@type":"ListItem","position":3,"name":"Presidente do BC promete aumentar seguran\u00e7a do Pix com novas medidas"}]},{"@type":"WebSite","@id":"https:\/\/www.suno.com.br\/noticias\/#website","url":"https:\/\/www.suno.com.br\/noticias\/","name":"Suno Not\u00edcias","description":"Seu portal de informa\u00e7\u00e3o sobre o mundo dos investimentos","publisher":{"@id":"https:\/\/www.suno.com.br\/noticias\/#organization"},"potentialAction":[{"@type":"SearchAction","target":{"@type":"EntryPoint","urlTemplate":"https:\/\/www.suno.com.br\/noticias\/?s={search_term_string}"},"query-input":{"@type":"PropertyValueSpecification","valueRequired":true,"valueName":"search_term_string"}}],"inLanguage":"pt-BR"},{"@type":"Organization","@id":"https:\/\/www.suno.com.br\/noticias\/#organization","name":"Suno Not\u00edcias","url":"https:\/\/www.suno.com.br\/noticias\/","logo":{"@type":"ImageObject","inLanguage":"pt-BR","@id":"https:\/\/www.suno.com.br\/noticias\/#\/schema\/logo\/image\/","url":"https:\/\/files.sunoresearch.com.br\/n\/uploads\/2021\/09\/suno-logo.png","contentUrl":"https:\/\/files.sunoresearch.com.br\/n\/uploads\/2021\/09\/suno-logo.png","width":180,"height":180,"caption":"Suno Not\u00edcias"},"image":{"@id":"https:\/\/www.suno.com.br\/noticias\/#\/schema\/logo\/image\/"},"sameAs":["https:\/\/facebook.com\/sunoresearch","https:\/\/x.com\/sunoresearch","https:\/\/www.instagram.com\/suno","https:\/\/www.linkedin.com\/company\/suno-research\/","https:\/\/www.youtube.com\/c\/sunoresearch"]},{"@type":"Person","@id":"https:\/\/www.suno.com.br\/noticias\/#\/schema\/person\/918d79de1f0281f01599b93f9ea6e23f","name":"Jader Lazarini","image":{"@type":"ImageObject","inLanguage":"pt-BR","@id":"https:\/\/www.suno.com.br\/noticias\/#\/schema\/person\/image\/","url":"https:\/\/secure.gravatar.com\/avatar\/3c1ad8caa51589841baeb923fcddea97?s=96&r=g","contentUrl":"https:\/\/secure.gravatar.com\/avatar\/3c1ad8caa51589841baeb923fcddea97?s=96&r=g","caption":"Jader Lazarini"},"description":"Jader Lazarini escreve sobre investimentos, finan\u00e7as, economia e neg\u00f3cios. \u00c9 bacharel em Rela\u00e7\u00f5es Internacionais e analista CNPI (2619).","url":"https:\/\/www.suno.com.br\/noticias\/author\/jader-lazarini\/"}]}},"default_loop_html":"<div class=\"cardsPage__listCard__boxs\"><div class=\"cardsPage__listCard__boxs__img\"><a href=\"https:\/\/www.suno.com.br\/noticias\/presidente-bc-promete-aumentar-seguranca-do-pix\/\"><img class=\"mask\" src=\"https:\/\/www.suno.com.br\/noticias\/wp-content\/themes\/suno\/resources\/images\/spotlight\/spotlight1img\/bg-mask.png\" alt=\"Image Mask\"\/><img src=\"https:\/\/files.sunoresearch.com.br\/n\/uploads\/2021\/08\/cdc78c08-pix_ebc-400x200.jpg\" alt=\"Presidente do BC promete aumentar seguran\u00e7a do Pix com novas medidas\"\/><\/a><span class=\"spotlightCategory\"><a href=\"https:\/\/www.suno.com.br\/noticias\/economia\/\">Economia<\/a><\/span><\/div><div class=\"cardsPage__listCard__boxs__content\"><a href=\"https:\/\/www.suno.com.br\/noticias\/presidente-bc-promete-aumentar-seguranca-do-pix\/\"><h2 class=\"content__title\">Presidente do BC promete aumentar seguran\u00e7a do Pix com novas medidas<\/h2><\/a><div class=\"newsContent__article__meta\"><div class=\"newsContent__article__meta__authorBox\"><a href=\"https:\/\/www.suno.com.br\/noticias\/author\/jader-lazarini\/\" class=\"authorBox__avatar noMobi\"><img src=\"https:\/\/files.sunoresearch.com.br\/n\/uploads\/2021\/01\/178e6598-foto-perfil-2-150x150.jpg\" alt=\"Jader Lazarini\"><\/a><div class=\"authorBox__name\"><span>por\n\t\t\t<a href=\"https:\/\/www.suno.com.br\/noticias\/author\/jader-lazarini\/\"><span itemprop=\"author\">Jader Lazarini<\/span><\/a><\/span><time datetime=\"2021-08-27T15:46:58-03:00\" itemprop=\"datePublished\">27\/08\/2021 15:46<\/time><\/div><\/div><\/div><\/div><\/div>","single_layout":"posts","amp_enabled":true,"_links":{"self":[{"href":"https:\/\/www.suno.com.br\/noticias\/wp-json\/wp\/v2\/posts\/179029"}],"collection":[{"href":"https:\/\/www.suno.com.br\/noticias\/wp-json\/wp\/v2\/posts"}],"about":[{"href":"https:\/\/www.suno.com.br\/noticias\/wp-json\/wp\/v2\/types\/post"}],"author":[{"embeddable":true,"href":"https:\/\/www.suno.com.br\/noticias\/wp-json\/wp\/v2\/users\/24"}],"replies":[{"embeddable":true,"href":"https:\/\/www.suno.com.br\/noticias\/wp-json\/wp\/v2\/comments?post=179029"}],"version-history":[{"count":3,"href":"https:\/\/www.suno.com.br\/noticias\/wp-json\/wp\/v2\/posts\/179029\/revisions"}],"predecessor-version":[{"id":179067,"href":"https:\/\/www.suno.com.br\/noticias\/wp-json\/wp\/v2\/posts\/179029\/revisions\/179067"}],"wp:featuredmedia":[{"embeddable":true,"href":"https:\/\/www.suno.com.br\/noticias\/wp-json\/wp\/v2\/media\/179042"}],"wp:attachment":[{"href":"https:\/\/www.suno.com.br\/noticias\/wp-json\/wp\/v2\/media?parent=179029"}],"wp:term":[{"taxonomy":"category","embeddable":true,"href":"https:\/\/www.suno.com.br\/noticias\/wp-json\/wp\/v2\/categories?post=179029"},{"taxonomy":"post_tag","embeddable":true,"href":"https:\/\/www.suno.com.br\/noticias\/wp-json\/wp\/v2\/tags?post=179029"},{"taxonomy":"suno_strategy","embeddable":true,"href":"https:\/\/www.suno.com.br\/noticias\/wp-json\/wp\/v2\/suno_strategy?post=179029"}],"curies":[{"name":"wp","href":"https:\/\/api.w.org\/{rel}","templated":true}]}}