{"id":17898,"date":"2019-03-13T16:58:47","date_gmt":"2019-03-13T19:58:47","guid":{"rendered":"https:\/\/www.suno.com.br\/noticias\/?p=17898"},"modified":"2019-03-13T17:19:03","modified_gmt":"2019-03-13T20:19:03","slug":"militares-reforma-previdencia-entrega-paulo-guedes","status":"publish","type":"post","link":"https:\/\/www.suno.com.br\/noticias\/militares-reforma-previdencia-entrega-paulo-guedes\/","title":{"rendered":"Militares entregam proposta de reforma da Previd\u00eancia a Paulo Guedes"},"content":{"rendered":"<p>O <strong>ministro da Defesa<\/strong>, Fernando Azevedo, <strong>enviar\u00e1<\/strong> ainda nesta quarta-feira (13), ao <strong>Minist\u00e9rio da Economia<\/strong>, a<strong> proposta de reforma da Previd\u00eancia<\/strong> dos <strong>militares<\/strong>. Assim, ter\u00e1 in\u00edcio a tramita\u00e7\u00e3o projeto no Congresso Nacional. A informa\u00e7\u00e3o \u00e9 do &#8220;G1&#8221;.<\/p>\t<div class=\"wrapper-featured-image\">\n\t\t<figure class=\"spotlightImg\">\n\n\t\t\t<picture>\n\t\t\t\t<source media=\"(max-width: 768px)\" srcset=\"https:\/\/files.sunoresearch.com.br\/n\/uploads\/2019\/03\/439f382f-militares-400x200.webp\">\n\t\t\t\t<img loading=\"lazy\" decoding=\"async\" class=\"newsContent__article__imgCapa lazyloadDisabled newsContent__article__imgCapa--noCaption\" src=\"https:\/\/files.sunoresearch.com.br\/n\/uploads\/2019\/03\/439f382f-militares-800x450.webp\" width=\"800\" height=\"450\" alt=\"Militares entregam proposta de reforma da Previd\u00eancia a Paulo Guedes\" fetchpriority=high \/>\n\t\t\t<\/picture>\n\n\t\t\t<figcaption class=\"wp-caption-text wp-caption-text--hide\">Militares entregam a Guedes proposta de reforma da Previd\u00eancia. (divulga\u00e7\u00e3o)<\/figcaption>\n\t\t<\/figure>\n\t<\/div>\n\n\n<p>Antes de chegar de fato \u00e0 <strong>C\u00e2mara dos Deputados<\/strong>, a<strong> proposta dos militares<\/strong> passar\u00e1 ainda pela\u00a0Secretaria de Assuntos Jur\u00eddicos, na <strong>Casa Civil<\/strong>. Isto depois de deixar a pasta do <strong>ministro Paulo Guedes<\/strong> (Economia).<\/p>\n<p>Na \u00faltima segunda-feira (11),\u00a0os <strong>l\u00edderes dos partidos na C\u00e2mara<\/strong> realizaram um <strong>acordo<\/strong>. Neste, foi estabelecido que a <strong>PEC da\u00a0reforma da Previd\u00eancia<\/strong> s\u00f3 seria <strong>votada<\/strong> pela<strong> Comiss\u00e3o de Constitui\u00e7\u00e3o e Justi\u00e7a e de Cidadania<\/strong> (CCJ) da Casa, <strong>ap\u00f3s<\/strong> a entrega da <strong>proposta<\/strong> com mudan\u00e7as para <strong>militares<\/strong>.<\/p>\n<p><a href=\"https:\/\/www.suno.com.br\/noticias\/reforma-previdencia-militares-inclusos\/\">Saiba mais &#8211;\u00a0Reforma da Previd\u00eancia: Militares dever\u00e3o ser inclusos para haver vota\u00e7\u00e3o\u00a0<\/a><\/p>\n<p>A decis\u00e3o foi tomada ap\u00f3s uma reuni\u00e3o na <strong>resid\u00eancia oficial<\/strong> do presidente da C\u00e2mara,<strong> Rodrigo Maia<\/strong> (DEM).<\/p>\n<p>A PEC da<strong> reforma da Previd\u00eancia<\/strong> dos<strong> demais servidores<\/strong> e dos trabalhadores do <strong>Regime Geral<\/strong>\u00a0j\u00e1 foi enviada \u00e0 <strong>C\u00e2mara dos Deputados<\/strong>. Pelas <strong>m\u00e3os<\/strong> do presidente da Rep\u00fablica, <strong>Jair Bolsonaro<\/strong>, em 20 de fevereiro.<\/p>\n<p>A <strong>instala\u00e7\u00e3o da CCJ<\/strong>, que depende das indica\u00e7\u00f5es dos partidos para compor a comiss\u00e3o, est\u00e1 agendada, tamb\u00e9m, para<strong> esta quarta-feira, \u00e0s 19h<\/strong>.<\/p>\n<p><a href=\"https:\/\/www.suno.com.br\/noticias\/bolsonaro-reforma-previdencia-nao-pode-um-ano\/\">Saiba mais &#8211;\u00a0\u201cN\u00e3o pode levar um ano para aprovar uma reforma\u201d, diz Bolsonaro\u00a0<\/a><\/p>\n<h2>O projeto dos militares<\/h2>\n<p>Ap\u00f3s estudos feitos pela equipe da Defesa, em di\u00e1logo com a Economia, o <strong>projeto<\/strong> que chegar\u00e1 aos t\u00e9cnicos da\u00a0Secretaria da Previd\u00eancia<strong> altera quatro leis e uma Medida Provis\u00f3ria<\/strong>.<\/p>\n<p>Conforme dados do<strong> Minist\u00e9rio da Economia<\/strong>, o <strong>d\u00e9ficit<\/strong> no sistema dos militares, em 2018, contabilizou <strong>R$ 19 bilh\u00f5es<\/strong>.<\/p>\n<p>Confira os principais pontos do projeto <strong>proposto<\/strong> pelas<strong> For\u00e7as Armadas<\/strong>, de acordo com o &#8220;G1&#8221;:<\/p>\n<ul>\n<li><strong>aumento de contribui\u00e7\u00e3o<\/strong>, de 7,5% a 10,5%.\u00a0Com a contribui\u00e7\u00e3o para pens\u00e3o das filhas e para o sistema de sa\u00fade, o total chegar\u00e1 a 14%;<\/li>\n<li><strong>pensionistas, estudantes de institui\u00e7\u00f5es militares, cabos e soldados<\/strong> passar\u00e3o a contribuir com 14% (cobran\u00e7a que n\u00e3o existe hoje);<\/li>\n<li>aumento de perman\u00eancia na ativa, de <strong>30 para 35 anos<\/strong>.<\/li>\n<\/ul>\n<p><a href=\"https:\/\/www.suno.com.br\/noticias\/previdencia-bpc-fique-eforma\/\">Saiba mais &#8211;\u00a0Previd\u00eancia: Maia defende que BPC fique fora da reforma\u00a0<\/a><\/p>\n<p>Al\u00e9m disso, os <strong>militares<\/strong> apresentar\u00e3o propostas de <strong>reestrutura\u00e7\u00e3o da carreira<\/strong>. Os par\u00e2metros atuais est\u00e3o na gest\u00e3o das For\u00e7as Armadas desde 2015.<\/p>\n<p>Atualmente, h\u00e1 um diagn\u00f3stico de que as <strong>For\u00e7as Armadas<\/strong> n\u00e3o conseguem reter os bons quadros, pois a carreira <strong>deixou de ser atrativa<\/strong>.<\/p>\n<p>Possuindo um dos <strong>sal\u00e1rios mais baixos do Executivo<\/strong>, os militares tamb\u00e9m <strong>perderam o aux\u00edlio-moradia e gratifica\u00e7\u00f5es<\/strong>, por conta de uma Medida Provis\u00f3ria editada no governo de Fernando Henrique Cardoso (FHC).<\/p>\n<p>O <strong>ministro da Defesa<\/strong> acentua que, nos oito anos de FHC, a <a href=\"https:\/\/www.suno.com.br\/artigos\/inflacao\/\">infla\u00e7\u00e3o<\/a> foi superior a 100%, mas o <strong>ajuste salarial<\/strong> ficou em cerca de 40%.<\/p>\n<p>Azevedo tamb\u00e9m destacou que a<strong> carreira militar<\/strong> deve ser analisada, considerando-se as suas <strong>especificidades<\/strong>. O ministro citou o artigo 142 da Constitui\u00e7\u00e3o.<\/p>\n<p>\u201cMilitar, por exemplo,<strong> n\u00e3o tem hora extra<\/strong>. Desvirtua a posi\u00e7\u00e3o militar. Imagine eu, que servi no <strong>Haiti<\/strong>, depois de um dia de oito horas de trabalho dizer: &#8216;agora acabou meu turno, n\u00e3o trabalho mais por hoje&#8217;\u201d, argumentou Azevedo.<\/p>\n<p>A exemplo dessa especificidade dos <strong>militares<\/strong>, a Pasta estimou que se um tenente recebesse hora extra, mais o adicional noturno, o sal\u00e1rio deste tenente passaria de cerca de R$ 7 mil para R$ 16 mil.<\/p>\n","protected":false},"excerpt":{"rendered":"<p>O ministro da Defesa, Fernando Azevedo, enviar\u00e1 ainda nesta quarta-feira (13), ao Minist\u00e9rio da Economia, a proposta de reforma da Previd\u00eancia dos militares. Assim, ter\u00e1 in\u00edcio a tramita\u00e7\u00e3o projeto no Congresso Nacional. A informa\u00e7\u00e3o \u00e9 do &#8220;G1&#8221;. Militares entregam a Guedes proposta de reforma da Previd\u00eancia. (divulga\u00e7\u00e3o) Antes de chegar de fato \u00e0 C\u00e2mara dos [&hellip;]<\/p>\n","protected":false},"author":12,"featured_media":17903,"comment_status":"closed","ping_status":"closed","sticky":false,"template":"","format":"standard","meta":[],"categories":[62],"tags":[719,1153,909,796,940],"suno_strategy":[],"class_list":["post-17898","post","type-post","status-publish","format-standard","has-post-thumbnail","hentry","category-economia","tag-jair-bolsonaro","tag-ministerio-defesa","tag-ministerio-da-economia","tag-paulo-guedes","tag-reforma-da-previdencia"],"yoast_head":"<!-- This site is optimized with the Yoast SEO plugin v24.4 - https:\/\/yoast.com\/wordpress\/plugins\/seo\/ -->\n<title>Militares entregam proposta de reforma da Previd\u00eancia a Paulo Guedes<\/title>\n<meta name=\"description\" content=\"O ministro da Defesa enviar\u00e1 nesta quarta-feira (13), \u00e0 Economia, a proposta de reforma da Previd\u00eancia dos militares. Clique para saber mais.\" \/>\n<meta name=\"robots\" content=\"index, follow, max-snippet:-1, max-image-preview:large, max-video-preview:-1\" \/>\n<link rel=\"canonical\" href=\"https:\/\/www.suno.com.br\/noticias\/militares-reforma-previdencia-entrega-paulo-guedes\/\" \/>\n<meta property=\"og:locale\" content=\"pt_BR\" \/>\n<meta property=\"og:type\" content=\"article\" \/>\n<meta property=\"og:title\" content=\"Militares entregam proposta de reforma da Previd\u00eancia a Paulo Guedes\" \/>\n<meta property=\"og:description\" content=\"O ministro da Defesa enviar\u00e1 nesta quarta-feira (13), \u00e0 Economia, a proposta de reforma da Previd\u00eancia dos militares. Clique para saber mais.\" \/>\n<meta property=\"og:url\" content=\"https:\/\/www.suno.com.br\/noticias\/militares-reforma-previdencia-entrega-paulo-guedes\/\" \/>\n<meta property=\"og:site_name\" content=\"Suno Not\u00edcias\" \/>\n<meta property=\"article:publisher\" content=\"https:\/\/facebook.com\/sunoresearch\" \/>\n<meta property=\"og:image\" content=\"https:\/\/files.sunoresearch.com.br\/n\/uploads\/2019\/03\/439f382f-militares.jpg\" \/>\n\t<meta property=\"og:image:width\" content=\"3216\" \/>\n\t<meta property=\"og:image:height\" content=\"2136\" \/>\n\t<meta property=\"og:image:type\" content=\"image\/jpeg\" \/>\n<meta name=\"author\" content=\"Amanda Gushiken\" \/>\n<meta name=\"twitter:card\" content=\"summary_large_image\" \/>\n<meta name=\"twitter:creator\" content=\"@sunoresearch\" \/>\n<meta name=\"twitter:site\" content=\"@sunoresearch\" \/>\n<meta name=\"twitter:label1\" content=\"Escrito por\" \/>\n\t<meta name=\"twitter:data1\" content=\"Amanda Gushiken\" \/>\n\t<meta name=\"twitter:label2\" content=\"Est. tempo de leitura\" \/>\n\t<meta name=\"twitter:data2\" content=\"3 minutos\" \/>\n<script type=\"application\/ld+json\" class=\"yoast-schema-graph\">{\"@context\":\"https:\/\/schema.org\",\"@graph\":[{\"@type\":\"NewsArticle\",\"@id\":\"https:\/\/www.suno.com.br\/noticias\/militares-reforma-previdencia-entrega-paulo-guedes\/#article\",\"isPartOf\":{\"@id\":\"https:\/\/www.suno.com.br\/noticias\/militares-reforma-previdencia-entrega-paulo-guedes\/\"},\"author\":{\"name\":\"Amanda Gushiken\",\"@id\":\"https:\/\/www.suno.com.br\/noticias\/#\/schema\/person\/a5b06fa4e879d8e8e119c6ed3cd630d1\"},\"headline\":\"Militares entregam proposta de reforma da Previd\u00eancia a Paulo Guedes\",\"datePublished\":\"2019-03-13T19:58:47+00:00\",\"dateModified\":\"2019-03-13T20:19:03+00:00\",\"mainEntityOfPage\":{\"@id\":\"https:\/\/www.suno.com.br\/noticias\/militares-reforma-previdencia-entrega-paulo-guedes\/\"},\"wordCount\":607,\"publisher\":{\"@id\":\"https:\/\/www.suno.com.br\/noticias\/#organization\"},\"image\":{\"@id\":\"https:\/\/www.suno.com.br\/noticias\/militares-reforma-previdencia-entrega-paulo-guedes\/#primaryimage\"},\"thumbnailUrl\":\"https:\/\/files.sunoresearch.com.br\/n\/uploads\/2019\/03\/439f382f-militares-scaled.webp\",\"keywords\":[\"Jair Bolsonaro\",\"Minist\u00e9rio da Defesa\",\"Minist\u00e9rio da Economia\",\"Paulo Guedes\",\"Reforma da Previd\u00eancia\"],\"articleSection\":[\"Economia\"],\"inLanguage\":\"pt-BR\"},{\"@type\":\"WebPage\",\"@id\":\"https:\/\/www.suno.com.br\/noticias\/militares-reforma-previdencia-entrega-paulo-guedes\/\",\"url\":\"https:\/\/www.suno.com.br\/noticias\/militares-reforma-previdencia-entrega-paulo-guedes\/\",\"name\":\"Militares entregam proposta de reforma da Previd\u00eancia a Paulo Guedes\",\"isPartOf\":{\"@id\":\"https:\/\/www.suno.com.br\/noticias\/#website\"},\"primaryImageOfPage\":{\"@id\":\"https:\/\/www.suno.com.br\/noticias\/militares-reforma-previdencia-entrega-paulo-guedes\/#primaryimage\"},\"image\":{\"@id\":\"https:\/\/www.suno.com.br\/noticias\/militares-reforma-previdencia-entrega-paulo-guedes\/#primaryimage\"},\"thumbnailUrl\":\"https:\/\/files.sunoresearch.com.br\/n\/uploads\/2019\/03\/439f382f-militares-scaled.webp\",\"datePublished\":\"2019-03-13T19:58:47+00:00\",\"dateModified\":\"2019-03-13T20:19:03+00:00\",\"description\":\"O ministro da Defesa enviar\u00e1 nesta quarta-feira (13), \u00e0 Economia, a proposta de reforma da Previd\u00eancia dos militares. Clique para saber mais.\",\"breadcrumb\":{\"@id\":\"https:\/\/www.suno.com.br\/noticias\/militares-reforma-previdencia-entrega-paulo-guedes\/#breadcrumb\"},\"inLanguage\":\"pt-BR\",\"potentialAction\":[{\"@type\":\"ReadAction\",\"target\":[\"https:\/\/www.suno.com.br\/noticias\/militares-reforma-previdencia-entrega-paulo-guedes\/\"]}]},{\"@type\":\"ImageObject\",\"inLanguage\":\"pt-BR\",\"@id\":\"https:\/\/www.suno.com.br\/noticias\/militares-reforma-previdencia-entrega-paulo-guedes\/#primaryimage\",\"url\":\"https:\/\/files.sunoresearch.com.br\/n\/uploads\/2019\/03\/439f382f-militares-scaled.webp\",\"contentUrl\":\"https:\/\/files.sunoresearch.com.br\/n\/uploads\/2019\/03\/439f382f-militares-scaled.webp\",\"width\":2560,\"height\":1700,\"caption\":\"Militares entregam a Guedes proposta de reforma da Previd\u00eancia. (divulga\u00e7\u00e3o)\"},{\"@type\":\"BreadcrumbList\",\"@id\":\"https:\/\/www.suno.com.br\/noticias\/militares-reforma-previdencia-entrega-paulo-guedes\/#breadcrumb\",\"itemListElement\":[{\"@type\":\"ListItem\",\"position\":1,\"name\":\"Not\u00edcias\",\"item\":\"https:\/\/www.suno.com.br\/noticias\/\"},{\"@type\":\"ListItem\",\"position\":2,\"name\":\"Economia\",\"item\":\"https:\/\/www.suno.com.br\/noticias\/economia\/\"},{\"@type\":\"ListItem\",\"position\":3,\"name\":\"Militares entregam proposta de reforma da Previd\u00eancia a Paulo Guedes\"}]},{\"@type\":\"WebSite\",\"@id\":\"https:\/\/www.suno.com.br\/noticias\/#website\",\"url\":\"https:\/\/www.suno.com.br\/noticias\/\",\"name\":\"Suno Not\u00edcias\",\"description\":\"Seu portal de informa\u00e7\u00e3o sobre o mundo dos investimentos\",\"publisher\":{\"@id\":\"https:\/\/www.suno.com.br\/noticias\/#organization\"},\"potentialAction\":[{\"@type\":\"SearchAction\",\"target\":{\"@type\":\"EntryPoint\",\"urlTemplate\":\"https:\/\/www.suno.com.br\/noticias\/?s={search_term_string}\"},\"query-input\":{\"@type\":\"PropertyValueSpecification\",\"valueRequired\":true,\"valueName\":\"search_term_string\"}}],\"inLanguage\":\"pt-BR\"},{\"@type\":\"Organization\",\"@id\":\"https:\/\/www.suno.com.br\/noticias\/#organization\",\"name\":\"Suno Not\u00edcias\",\"url\":\"https:\/\/www.suno.com.br\/noticias\/\",\"logo\":{\"@type\":\"ImageObject\",\"inLanguage\":\"pt-BR\",\"@id\":\"https:\/\/www.suno.com.br\/noticias\/#\/schema\/logo\/image\/\",\"url\":\"https:\/\/files.sunoresearch.com.br\/n\/uploads\/2021\/09\/suno-logo.png\",\"contentUrl\":\"https:\/\/files.sunoresearch.com.br\/n\/uploads\/2021\/09\/suno-logo.png\",\"width\":180,\"height\":180,\"caption\":\"Suno Not\u00edcias\"},\"image\":{\"@id\":\"https:\/\/www.suno.com.br\/noticias\/#\/schema\/logo\/image\/\"},\"sameAs\":[\"https:\/\/facebook.com\/sunoresearch\",\"https:\/\/x.com\/sunoresearch\",\"https:\/\/www.instagram.com\/suno\",\"https:\/\/www.linkedin.com\/company\/suno-research\/\",\"https:\/\/www.youtube.com\/c\/sunoresearch\"]},{\"@type\":\"Person\",\"@id\":\"https:\/\/www.suno.com.br\/noticias\/#\/schema\/person\/a5b06fa4e879d8e8e119c6ed3cd630d1\",\"name\":\"Amanda Gushiken\",\"image\":{\"@type\":\"ImageObject\",\"inLanguage\":\"pt-BR\",\"@id\":\"https:\/\/www.suno.com.br\/noticias\/#\/schema\/person\/image\/\",\"url\":\"https:\/\/secure.gravatar.com\/avatar\/ecd84705e6b65e3685ae80d725501fbe?s=96&r=g\",\"contentUrl\":\"https:\/\/secure.gravatar.com\/avatar\/ecd84705e6b65e3685ae80d725501fbe?s=96&r=g\",\"caption\":\"Amanda Gushiken\"},\"description\":\"Amanda Sayuri Gushiken escreve sobre finan\u00e7as e neg\u00f3cios para o portal Suno Not\u00edcias. Antes, trabalhou selecionando not\u00edcias da imprensa para clientes do mercado financeiro. Tamb\u00e9m desenvolveu pesquisa acad\u00eamica pela Universidade Anhembi Morumbi na \u00e1rea de Teorias da Comunica\u00e7\u00e3o e \u00e9 fot\u00f3grafa nas horas vagas.\",\"url\":\"https:\/\/www.suno.com.br\/noticias\/author\/amanda\/\"}]}<\/script>\n<!-- \/ Yoast SEO plugin. -->","yoast_head_json":{"title":"Militares entregam proposta de reforma da Previd\u00eancia a Paulo Guedes","description":"O ministro da Defesa enviar\u00e1 nesta quarta-feira (13), \u00e0 Economia, a proposta de reforma da Previd\u00eancia dos militares. Clique para saber mais.","robots":{"index":"index","follow":"follow","max-snippet":"max-snippet:-1","max-image-preview":"max-image-preview:large","max-video-preview":"max-video-preview:-1"},"canonical":"https:\/\/www.suno.com.br\/noticias\/militares-reforma-previdencia-entrega-paulo-guedes\/","og_locale":"pt_BR","og_type":"article","og_title":"Militares entregam proposta de reforma da Previd\u00eancia a Paulo Guedes","og_description":"O ministro da Defesa enviar\u00e1 nesta quarta-feira (13), \u00e0 Economia, a proposta de reforma da Previd\u00eancia dos militares. Clique para saber mais.","og_url":"https:\/\/www.suno.com.br\/noticias\/militares-reforma-previdencia-entrega-paulo-guedes\/","og_site_name":"Suno Not\u00edcias","article_publisher":"https:\/\/facebook.com\/sunoresearch","og_image":[{"width":3216,"height":2136,"url":"https:\/\/files.sunoresearch.com.br\/n\/uploads\/2019\/03\/439f382f-militares.jpg","type":"image\/jpeg"}],"author":"Amanda Gushiken","twitter_card":"summary_large_image","twitter_creator":"@sunoresearch","twitter_site":"@sunoresearch","twitter_misc":{"Escrito por":"Amanda Gushiken","Est. tempo de leitura":"3 minutos"},"schema":{"@context":"https:\/\/schema.org","@graph":[{"@type":"NewsArticle","@id":"https:\/\/www.suno.com.br\/noticias\/militares-reforma-previdencia-entrega-paulo-guedes\/#article","isPartOf":{"@id":"https:\/\/www.suno.com.br\/noticias\/militares-reforma-previdencia-entrega-paulo-guedes\/"},"author":{"name":"Amanda Gushiken","@id":"https:\/\/www.suno.com.br\/noticias\/#\/schema\/person\/a5b06fa4e879d8e8e119c6ed3cd630d1"},"headline":"Militares entregam proposta de reforma da Previd\u00eancia a Paulo Guedes","datePublished":"2019-03-13T19:58:47+00:00","dateModified":"2019-03-13T20:19:03+00:00","mainEntityOfPage":{"@id":"https:\/\/www.suno.com.br\/noticias\/militares-reforma-previdencia-entrega-paulo-guedes\/"},"wordCount":607,"publisher":{"@id":"https:\/\/www.suno.com.br\/noticias\/#organization"},"image":{"@id":"https:\/\/www.suno.com.br\/noticias\/militares-reforma-previdencia-entrega-paulo-guedes\/#primaryimage"},"thumbnailUrl":"https:\/\/files.sunoresearch.com.br\/n\/uploads\/2019\/03\/439f382f-militares-scaled.webp","keywords":["Jair Bolsonaro","Minist\u00e9rio da Defesa","Minist\u00e9rio da Economia","Paulo Guedes","Reforma da Previd\u00eancia"],"articleSection":["Economia"],"inLanguage":"pt-BR"},{"@type":"WebPage","@id":"https:\/\/www.suno.com.br\/noticias\/militares-reforma-previdencia-entrega-paulo-guedes\/","url":"https:\/\/www.suno.com.br\/noticias\/militares-reforma-previdencia-entrega-paulo-guedes\/","name":"Militares entregam proposta de reforma da Previd\u00eancia a Paulo Guedes","isPartOf":{"@id":"https:\/\/www.suno.com.br\/noticias\/#website"},"primaryImageOfPage":{"@id":"https:\/\/www.suno.com.br\/noticias\/militares-reforma-previdencia-entrega-paulo-guedes\/#primaryimage"},"image":{"@id":"https:\/\/www.suno.com.br\/noticias\/militares-reforma-previdencia-entrega-paulo-guedes\/#primaryimage"},"thumbnailUrl":"https:\/\/files.sunoresearch.com.br\/n\/uploads\/2019\/03\/439f382f-militares-scaled.webp","datePublished":"2019-03-13T19:58:47+00:00","dateModified":"2019-03-13T20:19:03+00:00","description":"O ministro da Defesa enviar\u00e1 nesta quarta-feira (13), \u00e0 Economia, a proposta de reforma da Previd\u00eancia dos militares. Clique para saber mais.","breadcrumb":{"@id":"https:\/\/www.suno.com.br\/noticias\/militares-reforma-previdencia-entrega-paulo-guedes\/#breadcrumb"},"inLanguage":"pt-BR","potentialAction":[{"@type":"ReadAction","target":["https:\/\/www.suno.com.br\/noticias\/militares-reforma-previdencia-entrega-paulo-guedes\/"]}]},{"@type":"ImageObject","inLanguage":"pt-BR","@id":"https:\/\/www.suno.com.br\/noticias\/militares-reforma-previdencia-entrega-paulo-guedes\/#primaryimage","url":"https:\/\/files.sunoresearch.com.br\/n\/uploads\/2019\/03\/439f382f-militares-scaled.webp","contentUrl":"https:\/\/files.sunoresearch.com.br\/n\/uploads\/2019\/03\/439f382f-militares-scaled.webp","width":2560,"height":1700,"caption":"Militares entregam a Guedes proposta de reforma da Previd\u00eancia. (divulga\u00e7\u00e3o)"},{"@type":"BreadcrumbList","@id":"https:\/\/www.suno.com.br\/noticias\/militares-reforma-previdencia-entrega-paulo-guedes\/#breadcrumb","itemListElement":[{"@type":"ListItem","position":1,"name":"Not\u00edcias","item":"https:\/\/www.suno.com.br\/noticias\/"},{"@type":"ListItem","position":2,"name":"Economia","item":"https:\/\/www.suno.com.br\/noticias\/economia\/"},{"@type":"ListItem","position":3,"name":"Militares entregam proposta de reforma da Previd\u00eancia a Paulo Guedes"}]},{"@type":"WebSite","@id":"https:\/\/www.suno.com.br\/noticias\/#website","url":"https:\/\/www.suno.com.br\/noticias\/","name":"Suno Not\u00edcias","description":"Seu portal de informa\u00e7\u00e3o sobre o mundo dos investimentos","publisher":{"@id":"https:\/\/www.suno.com.br\/noticias\/#organization"},"potentialAction":[{"@type":"SearchAction","target":{"@type":"EntryPoint","urlTemplate":"https:\/\/www.suno.com.br\/noticias\/?s={search_term_string}"},"query-input":{"@type":"PropertyValueSpecification","valueRequired":true,"valueName":"search_term_string"}}],"inLanguage":"pt-BR"},{"@type":"Organization","@id":"https:\/\/www.suno.com.br\/noticias\/#organization","name":"Suno Not\u00edcias","url":"https:\/\/www.suno.com.br\/noticias\/","logo":{"@type":"ImageObject","inLanguage":"pt-BR","@id":"https:\/\/www.suno.com.br\/noticias\/#\/schema\/logo\/image\/","url":"https:\/\/files.sunoresearch.com.br\/n\/uploads\/2021\/09\/suno-logo.png","contentUrl":"https:\/\/files.sunoresearch.com.br\/n\/uploads\/2021\/09\/suno-logo.png","width":180,"height":180,"caption":"Suno Not\u00edcias"},"image":{"@id":"https:\/\/www.suno.com.br\/noticias\/#\/schema\/logo\/image\/"},"sameAs":["https:\/\/facebook.com\/sunoresearch","https:\/\/x.com\/sunoresearch","https:\/\/www.instagram.com\/suno","https:\/\/www.linkedin.com\/company\/suno-research\/","https:\/\/www.youtube.com\/c\/sunoresearch"]},{"@type":"Person","@id":"https:\/\/www.suno.com.br\/noticias\/#\/schema\/person\/a5b06fa4e879d8e8e119c6ed3cd630d1","name":"Amanda Gushiken","image":{"@type":"ImageObject","inLanguage":"pt-BR","@id":"https:\/\/www.suno.com.br\/noticias\/#\/schema\/person\/image\/","url":"https:\/\/secure.gravatar.com\/avatar\/ecd84705e6b65e3685ae80d725501fbe?s=96&r=g","contentUrl":"https:\/\/secure.gravatar.com\/avatar\/ecd84705e6b65e3685ae80d725501fbe?s=96&r=g","caption":"Amanda Gushiken"},"description":"Amanda Sayuri Gushiken escreve sobre finan\u00e7as e neg\u00f3cios para o portal Suno Not\u00edcias. Antes, trabalhou selecionando not\u00edcias da imprensa para clientes do mercado financeiro. Tamb\u00e9m desenvolveu pesquisa acad\u00eamica pela Universidade Anhembi Morumbi na \u00e1rea de Teorias da Comunica\u00e7\u00e3o e \u00e9 fot\u00f3grafa nas horas vagas.","url":"https:\/\/www.suno.com.br\/noticias\/author\/amanda\/"}]}},"default_loop_html":"<div class=\"cardsPage__listCard__boxs\"><div class=\"cardsPage__listCard__boxs__img\"><a href=\"https:\/\/www.suno.com.br\/noticias\/militares-reforma-previdencia-entrega-paulo-guedes\/\"><img class=\"mask\" src=\"https:\/\/www.suno.com.br\/noticias\/wp-content\/themes\/suno\/resources\/images\/spotlight\/spotlight1img\/bg-mask.png\" alt=\"Image Mask\"\/><img src=\"https:\/\/files.sunoresearch.com.br\/n\/uploads\/2019\/03\/439f382f-militares-400x200.webp\" alt=\"Militares entregam proposta de reforma da Previd\u00eancia a Paulo Guedes\"\/><\/a><span class=\"spotlightCategory\"><a href=\"https:\/\/www.suno.com.br\/noticias\/economia\/\">Economia<\/a><\/span><\/div><div class=\"cardsPage__listCard__boxs__content\"><a href=\"https:\/\/www.suno.com.br\/noticias\/militares-reforma-previdencia-entrega-paulo-guedes\/\"><h2 class=\"content__title\">Militares entregam proposta de reforma da Previd\u00eancia a Paulo Guedes<\/h2><\/a><div class=\"newsContent__article__meta\"><div class=\"newsContent__article__meta__authorBox\"><a href=\"https:\/\/www.suno.com.br\/noticias\/author\/amanda\/\" class=\"authorBox__avatar noMobi\"><img src=\"https:\/\/files.sunoresearch.com.br\/n\/uploads\/2018\/11\/c6ad30be-amanda-150x150.webp\" alt=\"Amanda Gushiken\"><\/a><div class=\"authorBox__name\"><span>por\n\t\t\t<a href=\"https:\/\/www.suno.com.br\/noticias\/author\/amanda\/\"><span itemprop=\"author\">Amanda Gushiken<\/span><\/a><\/span><time datetime=\"2019-03-13T16:58:47-03:00\" itemprop=\"datePublished\">13\/03\/2019 16:58<\/time><\/div><\/div><\/div><\/div><\/div>","single_layout":"posts","amp_enabled":true,"_links":{"self":[{"href":"https:\/\/www.suno.com.br\/noticias\/wp-json\/wp\/v2\/posts\/17898"}],"collection":[{"href":"https:\/\/www.suno.com.br\/noticias\/wp-json\/wp\/v2\/posts"}],"about":[{"href":"https:\/\/www.suno.com.br\/noticias\/wp-json\/wp\/v2\/types\/post"}],"author":[{"embeddable":true,"href":"https:\/\/www.suno.com.br\/noticias\/wp-json\/wp\/v2\/users\/12"}],"replies":[{"embeddable":true,"href":"https:\/\/www.suno.com.br\/noticias\/wp-json\/wp\/v2\/comments?post=17898"}],"version-history":[{"count":0,"href":"https:\/\/www.suno.com.br\/noticias\/wp-json\/wp\/v2\/posts\/17898\/revisions"}],"wp:featuredmedia":[{"embeddable":true,"href":"https:\/\/www.suno.com.br\/noticias\/wp-json\/wp\/v2\/media\/17903"}],"wp:attachment":[{"href":"https:\/\/www.suno.com.br\/noticias\/wp-json\/wp\/v2\/media?parent=17898"}],"wp:term":[{"taxonomy":"category","embeddable":true,"href":"https:\/\/www.suno.com.br\/noticias\/wp-json\/wp\/v2\/categories?post=17898"},{"taxonomy":"post_tag","embeddable":true,"href":"https:\/\/www.suno.com.br\/noticias\/wp-json\/wp\/v2\/tags?post=17898"},{"taxonomy":"suno_strategy","embeddable":true,"href":"https:\/\/www.suno.com.br\/noticias\/wp-json\/wp\/v2\/suno_strategy?post=17898"}],"curies":[{"name":"wp","href":"https:\/\/api.w.org\/{rel}","templated":true}]}}