{"id":178876,"date":"2021-08-27T08:44:12","date_gmt":"2021-08-27T11:44:12","guid":{"rendered":"https:\/\/www.suno.com.br\/noticias\/?p=178876"},"modified":"2021-08-27T08:44:12","modified_gmt":"2021-08-27T11:44:12","slug":"petz-petz3-ricardo-dias-ex-ambev-conselho-de-administracao","status":"publish","type":"post","link":"https:\/\/www.suno.com.br\/noticias\/petz-petz3-ricardo-dias-ex-ambev-conselho-de-administracao\/","title":{"rendered":"Petz (PETZ3): Ricardo Dias, ex-Ambev, assume como conselheiro de administra\u00e7\u00e3o"},"content":{"rendered":"<p>Em assembleia realizada na \u00faltima quinta-feira (26), o Conselho de Administra\u00e7\u00e3o da<a href=\"https:\/\/www.suno.com.br\/acoes\/PETZ3\/\" target=\"_blank\" rel=\"noopener\"><b> Petz <\/b>(PETZ3)<\/a> acatou a ren\u00fancia de Frances Yumi Fukuda Alvim como membro e aprovou a elei\u00e7\u00e3o de Ricardo Dias Mieskalo Silva em substitui\u00e7\u00e3o ao cargo.<\/p>\t<div class=\"wrapper-featured-image\">\n\t\t<figure class=\"spotlightImg\">\n\n\t\t\t<picture>\n\t\t\t\t<source media=\"(max-width: 768px)\" srcset=\"https:\/\/files.sunoresearch.com.br\/n\/uploads\/2020\/08\/233e48a9-petz-400x200.webp\">\n\t\t\t\t<img loading=\"lazy\" decoding=\"async\" class=\"newsContent__article__imgCapa lazyloadDisabled \" src=\"https:\/\/files.sunoresearch.com.br\/n\/uploads\/2020\/08\/233e48a9-petz-800x450.webp\" width=\"800\" height=\"450\" alt=\"Petz (PETZ3): Ricardo Dias, ex-Ambev, assume como conselheiro de administra\u00e7\u00e3o\" fetchpriority=high \/>\n\t\t\t<\/picture>\n\n\t\t\t<figcaption class=\"wp-caption-text wp-caption-text--show\">Fachada de loja da Petz (foto: divulga\u00e7\u00e3o)<\/figcaption>\n\t\t<\/figure>\n\t<\/div>\n\n\n\t<p>\n\t\t<a href=\"https:\/\/lp.suno.com.br\/planilha-controle-gastos\/\" target=\"_blank\" data-element=\"shortcode-suno-banner\" title=\"Banner SUNO, clique e saiba mais\">\n\t\t\t<picture>\n\t\t\t\t<source media=\"(max-width: 500px)\" srcset=\"https:\/\/files.sunoresearch.com.br\/n\/uploads\/2023\/03\/400x300-Planilha-controle-de-gastos.png\">\n\t\t\t\t<img class=\"newsContent__article__imgCapa newsContent__article__imgCapa--banner\"\n\t\t\t\t\tsrc=\"https:\/\/files.sunoresearch.com.br\/n\/uploads\/2023\/03\/1420x240-Planilha-controle-de-gastos.png\"\n\t\t\t\t\tdata-promo-id=\"101751\"\t\t\t\t\t\t\t\t\t\twidth='1420' height='240'\t\t\t\t\talt=\"https:\/\/files.sunoresearch.com.br\/n\/uploads\/2023\/03\/1420x240-Planilha-controle-de-gastos.png\"\n\t\t\t\t>\n\t\t\t<\/picture>\n\t\t<\/a>\n\t<\/p>\n\n\n<p>Em <a class=\"suno-keyword\" href=\"https:\/\/www.suno.com.br\/artigos\/fato-relevante\/\" target=\"_blank\" rel=\"noopener\" data-force=\"no\" data-priority=\"1\">fato relevante<\/a>, a Petz informa que a substitui\u00e7\u00e3o aconteceu por unanimidade de votos e sem quaisquer ressalvas ou restri\u00e7\u00f5es pelos membros do Conselho.<\/p>\n<p>Com isso, <strong>Ricardo Dias Mieskalo Silva<\/strong> assume como novo integrante do <strong><a href=\"https:\/\/www.suno.com.br\/artigos\/conselho-administracao\/\" target=\"_blank\" rel=\"noopener\">Conselho de Administra\u00e7\u00e3o<\/a> da Petz<\/strong> ao lado de:<\/p>\n<ul>\n<li>Sergio Zimerman,<\/li>\n<li>Tania Zimerman,<\/li>\n<li>Gregory Louis Reider,<\/li>\n<li>Ilau Machado Filho,<\/li>\n<li>Claudio Roberto Ely, e<\/li>\n<li>Eduardo de Almeida Salles Terra<\/li>\n<\/ul>\n<p>&#8220;A nomea\u00e7\u00e3o do sr. Ricardo Dias refor\u00e7a o compromisso do Conselho de Administra\u00e7\u00e3o com a companhia. Ele contribuir\u00e1 para as estrat\u00e9gias de comunica\u00e7\u00e3o, branding e inova\u00e7\u00e3o&#8221;, aponta a Petz em documento. Ele exercer\u00e1 o mandato no conselho at\u00e9 a pr\u00f3xima Assembleia Geral da empresa.<\/p>\n\t<p>\n\t\t<a href=\"https:\/\/lp.suno.com.br\/planilha-da-vida-financeira\/\" target=\"_blank\" data-element=\"shortcode-suno-banner\" title=\"Banner SUNO, clique e saiba mais\">\n\t\t\t<picture>\n\t\t\t\t<source media=\"(max-width: 500px)\" srcset=\"https:\/\/files.sunoresearch.com.br\/n\/uploads\/2023\/04\/400x300-Planilha-vida-financeira-true.png\">\n\t\t\t\t<img class=\"newsContent__article__imgCapa newsContent__article__imgCapa--banner\"\n\t\t\t\t\tsrc=\"https:\/\/files.sunoresearch.com.br\/n\/uploads\/2023\/04\/1420x240-Planilha-vida-financeira-true.png\"\n\t\t\t\t\tdata-promo-id=\"106682\"\t\t\t\t\t\t\t\t\t\twidth='1420' height='240'\t\t\t\t\talt=\"https:\/\/files.sunoresearch.com.br\/n\/uploads\/2023\/04\/1420x240-Planilha-vida-financeira-true.png\"\n\t\t\t\t>\n\t\t\t<\/picture>\n\t\t<\/a>\n\t<\/p>\n\n\n<h2>Ricardo Dias, ex-Ambev, \u00e9 refor\u00e7o no marketing<\/h2>\n\t<p>\n\t\t<a href=\"https:\/\/lp.suno.com.br\/ebook-como-analisar-uma-acao\/\" target=\"_blank\" data-element=\"shortcode-suno-banner\" title=\"Banner SUNO, clique e saiba mais\">\n\t\t\t<picture>\n\t\t\t\t<source media=\"(max-width: 500px)\" srcset=\"https:\/\/files.sunoresearch.com.br\/n\/uploads\/2023\/03\/Ebook-Acoes-Mobile-1.jpg\">\n\t\t\t\t<img class=\"newsContent__article__imgCapa newsContent__article__imgCapa--banner\"\n\t\t\t\t\tsrc=\"https:\/\/files.sunoresearch.com.br\/n\/uploads\/2023\/03\/Ebook-Acoes-Desktop-1.jpg\"\n\t\t\t\t\tdata-promo-id=\"171998\"\t\t\t\t\t\t\t\t\t\twidth='1420' height='286'\t\t\t\t\talt=\"https:\/\/files.sunoresearch.com.br\/n\/uploads\/2023\/03\/Ebook-Acoes-Desktop-1.jpg\"\n\t\t\t\t>\n\t\t\t<\/picture>\n\t\t<\/a>\n\t<\/p>\n\n\n<p>A chegada de Dias, em substitui\u00e7\u00e3o a Yumi Alvim no <em>board<\/em>, mostra os esfor\u00e7os da Petz para montar um Conselho que domine as rela\u00e7\u00f5es com marcas e bens de consumo, temas fundamentais na constru\u00e7\u00e3o do ecossistema da varejista de produtos para animais de estima\u00e7\u00e3o.<\/p>\n<p>No final de 2020, Dias saiu da sua posi\u00e7\u00e3o de vice-presidente de Marketing da <a class=\"suno-keyword\" href=\"https:\/\/www.suno.com.br\/acoes\/ABEV3\/\" target=\"_blank\" rel=\"noopener\" data-force=\"yes\" data-priority=\"2\"><strong>Ambev<\/strong> (ABEV3)<\/a> e cofundou a Adventures, ag\u00eancia de marketing digital e gest\u00e3o de marcas.<\/p>\n<p>Durante quase 20 anos, ele exerceu diversas fun\u00e7\u00f5es na \u00e1rea de <strong>Marketing da Ambev<\/strong> e na Anheuser-Busch InBev. Passou por diversos pa\u00edses, incluindo Inglaterra, Canad\u00e1, China, M\u00e9xico e o escrit\u00f3rio global da AB InBev em Nova York.<\/p>\n<p>Sua chegada ao conselho ocorre <a href=\"https:\/\/www.suno.com.br\/noticias\/petz-petz3-mercado-internacional-zee-dog\/\" target=\"_blank\" rel=\"noopener\">poucas semanas ap\u00f3s a Petz comprar a <strong>Zee.Dog<\/strong><\/a>, por R$ 715 milh\u00f5es, adicionando uma marca forte em digital \u00e0 companhia.<\/p>\n\t<div data-element=\"shortcode-read-more\" class=\"knowMore\">\n\t\t\t\t<a class=\"knowMore__link\" href=\"https:\/\/www.suno.com.br\/noticias\/meliuz-cash3-caminho-certo-btg-preco-alvo\/\">\n\t\t\tM\u00e9liuz (CASH3) est\u00e1 no caminho certo, diz BTG; pre\u00e7o-alvo sai de R$ 40 para R$ 60 em 12 meses\t\t<\/a>\n\t<\/div>\n\n\n<h2>\u00daltima cota\u00e7\u00e3o da Petz na bolsa de valores<\/h2>\n<p>Ap\u00f3s as opera\u00e7\u00f5es de quinta-feira (26), a <strong>cota\u00e7\u00e3o da Petz <\/strong>na bolsa de valores fechou em queda de 2,79%, com a <strong>a\u00e7\u00e3o PETZ3<\/strong> valendo R$ 27,50.<\/p>\n<p>Desde o IPO da empresa, em setembro do ano passado, os pap\u00e9is da <b>Petz <\/b>j\u00e1 valorizaram 100,57% frente a precifica\u00e7\u00e3o de R$ 13,75. Na B3, sua avalia\u00e7\u00e3o chega em R$ 10,8 bilh\u00f5es.<\/p>\n\t<p>\n\t\t<a href=\"https:\/\/lp.suno.com.br\/planilha-de-controle-de-investimentos\/\" target=\"_blank\" data-element=\"shortcode-suno-banner\" title=\"Banner SUNO, clique e saiba mais\">\n\t\t\t<picture>\n\t\t\t\t<source media=\"(max-width: 500px)\" srcset=\"https:\/\/files.sunoresearch.com.br\/n\/uploads\/2023\/03\/400x300-Controle-de-Investimentos.png\">\n\t\t\t\t<img class=\"newsContent__article__imgCapa newsContent__article__imgCapa--banner\"\n\t\t\t\t\tsrc=\"https:\/\/files.sunoresearch.com.br\/n\/uploads\/2023\/03\/1420x240-Controle-de-Investimentos.png\"\n\t\t\t\t\tdata-promo-id=\"75934\"\t\t\t\t\t\t\t\t\t\twidth='1420' height='240'\t\t\t\t\talt=\"https:\/\/files.sunoresearch.com.br\/n\/uploads\/2023\/03\/1420x240-Controle-de-Investimentos.png\"\n\t\t\t\t>\n\t\t\t<\/picture>\n\t\t<\/a>\n\t<\/p>\n\n\n","protected":false},"excerpt":{"rendered":"<p>Em assembleia realizada na \u00faltima quinta-feira (26), o Conselho de Administra\u00e7\u00e3o da Petz (PETZ3) acatou a ren\u00fancia de Frances Yumi Fukuda Alvim como membro e aprovou a elei\u00e7\u00e3o de Ricardo Dias Mieskalo Silva em substitui\u00e7\u00e3o ao cargo. Fachada de loja da Petz (foto: divulga\u00e7\u00e3o) Em fato relevante, a Petz informa que a substitui\u00e7\u00e3o aconteceu por [&hellip;]<\/p>\n","protected":false},"author":102,"featured_media":81377,"comment_status":"closed","ping_status":"closed","sticky":false,"template":"","format":"standard","meta":[],"categories":[64],"tags":[359,2721,97380],"suno_strategy":[],"class_list":["post-178876","post","type-post","status-publish","format-standard","has-post-thumbnail","hentry","category-negocios","tag-ambev-abev3","tag-conselho-de-administracao","tag-petz-petz3"],"yoast_head":"<!-- This site is optimized with the Yoast SEO plugin v24.4 - https:\/\/yoast.com\/wordpress\/plugins\/seo\/ -->\n<title>Petz (PETZ3): Ricardo Dias, ex-Ambev, entra para o Conselho de Adm<\/title>\n<meta name=\"description\" content=\"A Petz (PETZ) anunciou a entrada do ex-VP de Marketing da Ambev (ABEV3) como novo membro do seu Conselho de Administra\u00e7\u00e3o. Leia aqui.\" \/>\n<meta name=\"robots\" content=\"index, follow, max-snippet:-1, max-image-preview:large, max-video-preview:-1\" \/>\n<link rel=\"canonical\" href=\"https:\/\/www.suno.com.br\/noticias\/petz-petz3-ricardo-dias-ex-ambev-conselho-de-administracao\/\" \/>\n<meta property=\"og:locale\" content=\"pt_BR\" \/>\n<meta property=\"og:type\" content=\"article\" \/>\n<meta property=\"og:title\" content=\"Petz (PETZ3): Ricardo Dias, ex-Ambev, entra para o Conselho de Adm\" \/>\n<meta property=\"og:description\" content=\"A Petz (PETZ) anunciou a entrada do ex-VP de Marketing da Ambev (ABEV3) como novo membro do seu Conselho de Administra\u00e7\u00e3o. Leia aqui.\" \/>\n<meta property=\"og:url\" content=\"https:\/\/www.suno.com.br\/noticias\/petz-petz3-ricardo-dias-ex-ambev-conselho-de-administracao\/\" \/>\n<meta property=\"og:site_name\" content=\"Suno Not\u00edcias\" \/>\n<meta property=\"article:publisher\" content=\"https:\/\/facebook.com\/sunoresearch\" \/>\n<meta property=\"og:image\" content=\"https:\/\/files.sunoresearch.com.br\/n\/uploads\/2020\/08\/233e48a9-petz.png\" \/>\n\t<meta property=\"og:image:width\" content=\"1200\" \/>\n\t<meta property=\"og:image:height\" content=\"640\" \/>\n\t<meta property=\"og:image:type\" content=\"image\/png\" \/>\n<meta name=\"author\" content=\"Monique Lima\" \/>\n<meta name=\"twitter:card\" content=\"summary_large_image\" \/>\n<meta name=\"twitter:creator\" content=\"@sunoresearch\" \/>\n<meta name=\"twitter:site\" content=\"@sunoresearch\" \/>\n<meta name=\"twitter:label1\" content=\"Escrito por\" \/>\n\t<meta name=\"twitter:data1\" content=\"Monique Lima\" \/>\n\t<meta name=\"twitter:label2\" content=\"Est. tempo de leitura\" \/>\n\t<meta name=\"twitter:data2\" content=\"2 minutos\" \/>\n<script type=\"application\/ld+json\" class=\"yoast-schema-graph\">{\"@context\":\"https:\/\/schema.org\",\"@graph\":[{\"@type\":\"NewsArticle\",\"@id\":\"https:\/\/www.suno.com.br\/noticias\/petz-petz3-ricardo-dias-ex-ambev-conselho-de-administracao\/#article\",\"isPartOf\":{\"@id\":\"https:\/\/www.suno.com.br\/noticias\/petz-petz3-ricardo-dias-ex-ambev-conselho-de-administracao\/\"},\"author\":{\"name\":\"Monique Lima\",\"@id\":\"https:\/\/www.suno.com.br\/noticias\/#\/schema\/person\/d712329319cc9b10f254d02d654cb36a\"},\"headline\":\"Petz (PETZ3): Ricardo Dias, ex-Ambev, assume como conselheiro de administra\u00e7\u00e3o\",\"datePublished\":\"2021-08-27T11:44:12+00:00\",\"mainEntityOfPage\":{\"@id\":\"https:\/\/www.suno.com.br\/noticias\/petz-petz3-ricardo-dias-ex-ambev-conselho-de-administracao\/\"},\"wordCount\":405,\"publisher\":{\"@id\":\"https:\/\/www.suno.com.br\/noticias\/#organization\"},\"image\":{\"@id\":\"https:\/\/www.suno.com.br\/noticias\/petz-petz3-ricardo-dias-ex-ambev-conselho-de-administracao\/#primaryimage\"},\"thumbnailUrl\":\"https:\/\/files.sunoresearch.com.br\/n\/uploads\/2020\/08\/233e48a9-petz-png.webp\",\"keywords\":[\"AMBEV (ABEV3)\",\"Conselho de Administra\u00e7\u00e3o\",\"Petz (PETZ3)\"],\"articleSection\":[\"Neg\u00f3cios\"],\"inLanguage\":\"pt-BR\"},{\"@type\":\"WebPage\",\"@id\":\"https:\/\/www.suno.com.br\/noticias\/petz-petz3-ricardo-dias-ex-ambev-conselho-de-administracao\/\",\"url\":\"https:\/\/www.suno.com.br\/noticias\/petz-petz3-ricardo-dias-ex-ambev-conselho-de-administracao\/\",\"name\":\"Petz (PETZ3): Ricardo Dias, ex-Ambev, entra para o Conselho de Adm\",\"isPartOf\":{\"@id\":\"https:\/\/www.suno.com.br\/noticias\/#website\"},\"primaryImageOfPage\":{\"@id\":\"https:\/\/www.suno.com.br\/noticias\/petz-petz3-ricardo-dias-ex-ambev-conselho-de-administracao\/#primaryimage\"},\"image\":{\"@id\":\"https:\/\/www.suno.com.br\/noticias\/petz-petz3-ricardo-dias-ex-ambev-conselho-de-administracao\/#primaryimage\"},\"thumbnailUrl\":\"https:\/\/files.sunoresearch.com.br\/n\/uploads\/2020\/08\/233e48a9-petz-png.webp\",\"datePublished\":\"2021-08-27T11:44:12+00:00\",\"description\":\"A Petz (PETZ) anunciou a entrada do ex-VP de Marketing da Ambev (ABEV3) como novo membro do seu Conselho de Administra\u00e7\u00e3o. Leia aqui.\",\"breadcrumb\":{\"@id\":\"https:\/\/www.suno.com.br\/noticias\/petz-petz3-ricardo-dias-ex-ambev-conselho-de-administracao\/#breadcrumb\"},\"inLanguage\":\"pt-BR\",\"potentialAction\":[{\"@type\":\"ReadAction\",\"target\":[\"https:\/\/www.suno.com.br\/noticias\/petz-petz3-ricardo-dias-ex-ambev-conselho-de-administracao\/\"]}]},{\"@type\":\"ImageObject\",\"inLanguage\":\"pt-BR\",\"@id\":\"https:\/\/www.suno.com.br\/noticias\/petz-petz3-ricardo-dias-ex-ambev-conselho-de-administracao\/#primaryimage\",\"url\":\"https:\/\/files.sunoresearch.com.br\/n\/uploads\/2020\/08\/233e48a9-petz-png.webp\",\"contentUrl\":\"https:\/\/files.sunoresearch.com.br\/n\/uploads\/2020\/08\/233e48a9-petz-png.webp\",\"width\":1200,\"height\":640,\"caption\":\"Fachada de loja da Petz (foto: divulga\u00e7\u00e3o)\"},{\"@type\":\"BreadcrumbList\",\"@id\":\"https:\/\/www.suno.com.br\/noticias\/petz-petz3-ricardo-dias-ex-ambev-conselho-de-administracao\/#breadcrumb\",\"itemListElement\":[{\"@type\":\"ListItem\",\"position\":1,\"name\":\"Not\u00edcias\",\"item\":\"https:\/\/www.suno.com.br\/noticias\/\"},{\"@type\":\"ListItem\",\"position\":2,\"name\":\"Neg\u00f3cios\",\"item\":\"https:\/\/www.suno.com.br\/noticias\/negocios\/\"},{\"@type\":\"ListItem\",\"position\":3,\"name\":\"Petz (PETZ3): Ricardo Dias, ex-Ambev, assume como conselheiro de administra\u00e7\u00e3o\"}]},{\"@type\":\"WebSite\",\"@id\":\"https:\/\/www.suno.com.br\/noticias\/#website\",\"url\":\"https:\/\/www.suno.com.br\/noticias\/\",\"name\":\"Suno Not\u00edcias\",\"description\":\"Seu portal de informa\u00e7\u00e3o sobre o mundo dos investimentos\",\"publisher\":{\"@id\":\"https:\/\/www.suno.com.br\/noticias\/#organization\"},\"potentialAction\":[{\"@type\":\"SearchAction\",\"target\":{\"@type\":\"EntryPoint\",\"urlTemplate\":\"https:\/\/www.suno.com.br\/noticias\/?s={search_term_string}\"},\"query-input\":{\"@type\":\"PropertyValueSpecification\",\"valueRequired\":true,\"valueName\":\"search_term_string\"}}],\"inLanguage\":\"pt-BR\"},{\"@type\":\"Organization\",\"@id\":\"https:\/\/www.suno.com.br\/noticias\/#organization\",\"name\":\"Suno Not\u00edcias\",\"url\":\"https:\/\/www.suno.com.br\/noticias\/\",\"logo\":{\"@type\":\"ImageObject\",\"inLanguage\":\"pt-BR\",\"@id\":\"https:\/\/www.suno.com.br\/noticias\/#\/schema\/logo\/image\/\",\"url\":\"https:\/\/files.sunoresearch.com.br\/n\/uploads\/2021\/09\/suno-logo.png\",\"contentUrl\":\"https:\/\/files.sunoresearch.com.br\/n\/uploads\/2021\/09\/suno-logo.png\",\"width\":180,\"height\":180,\"caption\":\"Suno Not\u00edcias\"},\"image\":{\"@id\":\"https:\/\/www.suno.com.br\/noticias\/#\/schema\/logo\/image\/\"},\"sameAs\":[\"https:\/\/facebook.com\/sunoresearch\",\"https:\/\/x.com\/sunoresearch\",\"https:\/\/www.instagram.com\/suno\",\"https:\/\/www.linkedin.com\/company\/suno-research\/\",\"https:\/\/www.youtube.com\/c\/sunoresearch\"]},{\"@type\":\"Person\",\"@id\":\"https:\/\/www.suno.com.br\/noticias\/#\/schema\/person\/d712329319cc9b10f254d02d654cb36a\",\"name\":\"Monique Lima\",\"image\":{\"@type\":\"ImageObject\",\"inLanguage\":\"pt-BR\",\"@id\":\"https:\/\/www.suno.com.br\/noticias\/#\/schema\/person\/image\/\",\"url\":\"https:\/\/secure.gravatar.com\/avatar\/daee7f16d906c2e9ffed236206ca2c30?s=96&r=g\",\"contentUrl\":\"https:\/\/secure.gravatar.com\/avatar\/daee7f16d906c2e9ffed236206ca2c30?s=96&r=g\",\"caption\":\"Monique Lima\"},\"description\":\"Rep\u00f3rter de Mercado no Suno Not\u00edcias, \u00e9 jornalista com experi\u00eancia na cobertura de economia, empreendedorismo, finan\u00e7as pessoais, mercado financeiro, carreira e recursos humanos. Formada em Jornalismo pela Universidade Paulista, teve experi\u00eancias em ve\u00edculos de comunica\u00e7\u00e3o como a Ag\u00eancia TradeMap, Revista Voc\u00ea S\/A e Revista Voc\u00ea RH, as duas \u00faltimas publica\u00e7\u00f5es da Editora Abril. No Suno Not\u00edcias, fala sobre as principais not\u00edcias de Fundos Imobili\u00e1rios, Fiagro, Startups e empresas listadas na Bolsa.\",\"url\":\"https:\/\/www.suno.com.br\/noticias\/author\/monique-lima\/\"}]}<\/script>\n<!-- \/ Yoast SEO plugin. -->","yoast_head_json":{"title":"Petz (PETZ3): Ricardo Dias, ex-Ambev, entra para o Conselho de Adm","description":"A Petz (PETZ) anunciou a entrada do ex-VP de Marketing da Ambev (ABEV3) como novo membro do seu Conselho de Administra\u00e7\u00e3o. Leia aqui.","robots":{"index":"index","follow":"follow","max-snippet":"max-snippet:-1","max-image-preview":"max-image-preview:large","max-video-preview":"max-video-preview:-1"},"canonical":"https:\/\/www.suno.com.br\/noticias\/petz-petz3-ricardo-dias-ex-ambev-conselho-de-administracao\/","og_locale":"pt_BR","og_type":"article","og_title":"Petz (PETZ3): Ricardo Dias, ex-Ambev, entra para o Conselho de Adm","og_description":"A Petz (PETZ) anunciou a entrada do ex-VP de Marketing da Ambev (ABEV3) como novo membro do seu Conselho de Administra\u00e7\u00e3o. Leia aqui.","og_url":"https:\/\/www.suno.com.br\/noticias\/petz-petz3-ricardo-dias-ex-ambev-conselho-de-administracao\/","og_site_name":"Suno Not\u00edcias","article_publisher":"https:\/\/facebook.com\/sunoresearch","og_image":[{"width":1200,"height":640,"url":"https:\/\/files.sunoresearch.com.br\/n\/uploads\/2020\/08\/233e48a9-petz.png","type":"image\/png"}],"author":"Monique Lima","twitter_card":"summary_large_image","twitter_creator":"@sunoresearch","twitter_site":"@sunoresearch","twitter_misc":{"Escrito por":"Monique Lima","Est. tempo de leitura":"2 minutos"},"schema":{"@context":"https:\/\/schema.org","@graph":[{"@type":"NewsArticle","@id":"https:\/\/www.suno.com.br\/noticias\/petz-petz3-ricardo-dias-ex-ambev-conselho-de-administracao\/#article","isPartOf":{"@id":"https:\/\/www.suno.com.br\/noticias\/petz-petz3-ricardo-dias-ex-ambev-conselho-de-administracao\/"},"author":{"name":"Monique Lima","@id":"https:\/\/www.suno.com.br\/noticias\/#\/schema\/person\/d712329319cc9b10f254d02d654cb36a"},"headline":"Petz (PETZ3): Ricardo Dias, ex-Ambev, assume como conselheiro de administra\u00e7\u00e3o","datePublished":"2021-08-27T11:44:12+00:00","mainEntityOfPage":{"@id":"https:\/\/www.suno.com.br\/noticias\/petz-petz3-ricardo-dias-ex-ambev-conselho-de-administracao\/"},"wordCount":405,"publisher":{"@id":"https:\/\/www.suno.com.br\/noticias\/#organization"},"image":{"@id":"https:\/\/www.suno.com.br\/noticias\/petz-petz3-ricardo-dias-ex-ambev-conselho-de-administracao\/#primaryimage"},"thumbnailUrl":"https:\/\/files.sunoresearch.com.br\/n\/uploads\/2020\/08\/233e48a9-petz-png.webp","keywords":["AMBEV (ABEV3)","Conselho de Administra\u00e7\u00e3o","Petz (PETZ3)"],"articleSection":["Neg\u00f3cios"],"inLanguage":"pt-BR"},{"@type":"WebPage","@id":"https:\/\/www.suno.com.br\/noticias\/petz-petz3-ricardo-dias-ex-ambev-conselho-de-administracao\/","url":"https:\/\/www.suno.com.br\/noticias\/petz-petz3-ricardo-dias-ex-ambev-conselho-de-administracao\/","name":"Petz (PETZ3): Ricardo Dias, ex-Ambev, entra para o Conselho de Adm","isPartOf":{"@id":"https:\/\/www.suno.com.br\/noticias\/#website"},"primaryImageOfPage":{"@id":"https:\/\/www.suno.com.br\/noticias\/petz-petz3-ricardo-dias-ex-ambev-conselho-de-administracao\/#primaryimage"},"image":{"@id":"https:\/\/www.suno.com.br\/noticias\/petz-petz3-ricardo-dias-ex-ambev-conselho-de-administracao\/#primaryimage"},"thumbnailUrl":"https:\/\/files.sunoresearch.com.br\/n\/uploads\/2020\/08\/233e48a9-petz-png.webp","datePublished":"2021-08-27T11:44:12+00:00","description":"A Petz (PETZ) anunciou a entrada do ex-VP de Marketing da Ambev (ABEV3) como novo membro do seu Conselho de Administra\u00e7\u00e3o. Leia aqui.","breadcrumb":{"@id":"https:\/\/www.suno.com.br\/noticias\/petz-petz3-ricardo-dias-ex-ambev-conselho-de-administracao\/#breadcrumb"},"inLanguage":"pt-BR","potentialAction":[{"@type":"ReadAction","target":["https:\/\/www.suno.com.br\/noticias\/petz-petz3-ricardo-dias-ex-ambev-conselho-de-administracao\/"]}]},{"@type":"ImageObject","inLanguage":"pt-BR","@id":"https:\/\/www.suno.com.br\/noticias\/petz-petz3-ricardo-dias-ex-ambev-conselho-de-administracao\/#primaryimage","url":"https:\/\/files.sunoresearch.com.br\/n\/uploads\/2020\/08\/233e48a9-petz-png.webp","contentUrl":"https:\/\/files.sunoresearch.com.br\/n\/uploads\/2020\/08\/233e48a9-petz-png.webp","width":1200,"height":640,"caption":"Fachada de loja da Petz (foto: divulga\u00e7\u00e3o)"},{"@type":"BreadcrumbList","@id":"https:\/\/www.suno.com.br\/noticias\/petz-petz3-ricardo-dias-ex-ambev-conselho-de-administracao\/#breadcrumb","itemListElement":[{"@type":"ListItem","position":1,"name":"Not\u00edcias","item":"https:\/\/www.suno.com.br\/noticias\/"},{"@type":"ListItem","position":2,"name":"Neg\u00f3cios","item":"https:\/\/www.suno.com.br\/noticias\/negocios\/"},{"@type":"ListItem","position":3,"name":"Petz (PETZ3): Ricardo Dias, ex-Ambev, assume como conselheiro de administra\u00e7\u00e3o"}]},{"@type":"WebSite","@id":"https:\/\/www.suno.com.br\/noticias\/#website","url":"https:\/\/www.suno.com.br\/noticias\/","name":"Suno Not\u00edcias","description":"Seu portal de informa\u00e7\u00e3o sobre o mundo dos investimentos","publisher":{"@id":"https:\/\/www.suno.com.br\/noticias\/#organization"},"potentialAction":[{"@type":"SearchAction","target":{"@type":"EntryPoint","urlTemplate":"https:\/\/www.suno.com.br\/noticias\/?s={search_term_string}"},"query-input":{"@type":"PropertyValueSpecification","valueRequired":true,"valueName":"search_term_string"}}],"inLanguage":"pt-BR"},{"@type":"Organization","@id":"https:\/\/www.suno.com.br\/noticias\/#organization","name":"Suno Not\u00edcias","url":"https:\/\/www.suno.com.br\/noticias\/","logo":{"@type":"ImageObject","inLanguage":"pt-BR","@id":"https:\/\/www.suno.com.br\/noticias\/#\/schema\/logo\/image\/","url":"https:\/\/files.sunoresearch.com.br\/n\/uploads\/2021\/09\/suno-logo.png","contentUrl":"https:\/\/files.sunoresearch.com.br\/n\/uploads\/2021\/09\/suno-logo.png","width":180,"height":180,"caption":"Suno Not\u00edcias"},"image":{"@id":"https:\/\/www.suno.com.br\/noticias\/#\/schema\/logo\/image\/"},"sameAs":["https:\/\/facebook.com\/sunoresearch","https:\/\/x.com\/sunoresearch","https:\/\/www.instagram.com\/suno","https:\/\/www.linkedin.com\/company\/suno-research\/","https:\/\/www.youtube.com\/c\/sunoresearch"]},{"@type":"Person","@id":"https:\/\/www.suno.com.br\/noticias\/#\/schema\/person\/d712329319cc9b10f254d02d654cb36a","name":"Monique Lima","image":{"@type":"ImageObject","inLanguage":"pt-BR","@id":"https:\/\/www.suno.com.br\/noticias\/#\/schema\/person\/image\/","url":"https:\/\/secure.gravatar.com\/avatar\/daee7f16d906c2e9ffed236206ca2c30?s=96&r=g","contentUrl":"https:\/\/secure.gravatar.com\/avatar\/daee7f16d906c2e9ffed236206ca2c30?s=96&r=g","caption":"Monique Lima"},"description":"Rep\u00f3rter de Mercado no Suno Not\u00edcias, \u00e9 jornalista com experi\u00eancia na cobertura de economia, empreendedorismo, finan\u00e7as pessoais, mercado financeiro, carreira e recursos humanos. Formada em Jornalismo pela Universidade Paulista, teve experi\u00eancias em ve\u00edculos de comunica\u00e7\u00e3o como a Ag\u00eancia TradeMap, Revista Voc\u00ea S\/A e Revista Voc\u00ea RH, as duas \u00faltimas publica\u00e7\u00f5es da Editora Abril. No Suno Not\u00edcias, fala sobre as principais not\u00edcias de Fundos Imobili\u00e1rios, Fiagro, Startups e empresas listadas na Bolsa.","url":"https:\/\/www.suno.com.br\/noticias\/author\/monique-lima\/"}]}},"default_loop_html":"<div class=\"cardsPage__listCard__boxs\"><div class=\"cardsPage__listCard__boxs__img\"><a href=\"https:\/\/www.suno.com.br\/noticias\/petz-petz3-ricardo-dias-ex-ambev-conselho-de-administracao\/\"><img class=\"mask\" src=\"https:\/\/www.suno.com.br\/noticias\/wp-content\/themes\/suno\/resources\/images\/spotlight\/spotlight1img\/bg-mask.png\" alt=\"Image Mask\"\/><img src=\"https:\/\/files.sunoresearch.com.br\/n\/uploads\/2020\/08\/233e48a9-petz-400x200.webp\" alt=\"Petz (PETZ3): Ricardo Dias, ex-Ambev, assume como conselheiro de administra\u00e7\u00e3o\"\/><\/a><span class=\"spotlightCategory\"><a href=\"https:\/\/www.suno.com.br\/noticias\/negocios\/\">Neg\u00f3cios<\/a><\/span><\/div><div class=\"cardsPage__listCard__boxs__content\"><a href=\"https:\/\/www.suno.com.br\/noticias\/petz-petz3-ricardo-dias-ex-ambev-conselho-de-administracao\/\"><h2 class=\"content__title\">Petz (PETZ3): Ricardo Dias, ex-Ambev, assume como conselheiro de administra\u00e7\u00e3o<\/h2><\/a><div class=\"newsContent__article__meta\"><div class=\"newsContent__article__meta__authorBox\"><a href=\"https:\/\/www.suno.com.br\/noticias\/author\/monique-lima\/\" class=\"authorBox__avatar noMobi\"><img src=\"https:\/\/secure.gravatar.com\/avatar\/daee7f16d906c2e9ffed236206ca2c30?s=96&#038;r=g\" alt=\"Monique Lima\"><\/a><div class=\"authorBox__name\"><span>por\n\t\t\t<a href=\"https:\/\/www.suno.com.br\/noticias\/author\/monique-lima\/\"><span itemprop=\"author\">Monique Lima<\/span><\/a><\/span><time datetime=\"2021-08-27T08:44:12-03:00\" itemprop=\"datePublished\">27\/08\/2021 08:44<\/time><\/div><\/div><\/div><\/div><\/div>","single_layout":"posts","amp_enabled":true,"_links":{"self":[{"href":"https:\/\/www.suno.com.br\/noticias\/wp-json\/wp\/v2\/posts\/178876"}],"collection":[{"href":"https:\/\/www.suno.com.br\/noticias\/wp-json\/wp\/v2\/posts"}],"about":[{"href":"https:\/\/www.suno.com.br\/noticias\/wp-json\/wp\/v2\/types\/post"}],"author":[{"embeddable":true,"href":"https:\/\/www.suno.com.br\/noticias\/wp-json\/wp\/v2\/users\/102"}],"replies":[{"embeddable":true,"href":"https:\/\/www.suno.com.br\/noticias\/wp-json\/wp\/v2\/comments?post=178876"}],"version-history":[{"count":2,"href":"https:\/\/www.suno.com.br\/noticias\/wp-json\/wp\/v2\/posts\/178876\/revisions"}],"predecessor-version":[{"id":178890,"href":"https:\/\/www.suno.com.br\/noticias\/wp-json\/wp\/v2\/posts\/178876\/revisions\/178890"}],"wp:featuredmedia":[{"embeddable":true,"href":"https:\/\/www.suno.com.br\/noticias\/wp-json\/wp\/v2\/media\/81377"}],"wp:attachment":[{"href":"https:\/\/www.suno.com.br\/noticias\/wp-json\/wp\/v2\/media?parent=178876"}],"wp:term":[{"taxonomy":"category","embeddable":true,"href":"https:\/\/www.suno.com.br\/noticias\/wp-json\/wp\/v2\/categories?post=178876"},{"taxonomy":"post_tag","embeddable":true,"href":"https:\/\/www.suno.com.br\/noticias\/wp-json\/wp\/v2\/tags?post=178876"},{"taxonomy":"suno_strategy","embeddable":true,"href":"https:\/\/www.suno.com.br\/noticias\/wp-json\/wp\/v2\/suno_strategy?post=178876"}],"curies":[{"name":"wp","href":"https:\/\/api.w.org\/{rel}","templated":true}]}}