{"id":17881,"date":"2019-03-13T15:49:22","date_gmt":"2019-03-13T18:49:22","guid":{"rendered":"https:\/\/www.suno.com.br\/noticias\/?p=17881"},"modified":"2021-06-13T23:47:26","modified_gmt":"2021-06-14T02:47:26","slug":"trump-proibicao-voos-boeing-737-max","status":"publish","type":"post","link":"https:\/\/www.suno.com.br\/noticias\/trump-proibicao-voos-boeing-737-max\/","title":{"rendered":"Donald Trump anuncia proibi\u00e7\u00e3o de voos com Boeing 737 Max 8 nos EUA"},"content":{"rendered":"<p>O presidente Donald Trump anunciou na tarde desta quarta (13) que os Estados Unidos v\u00e3o proibir o voo do Boeing 737 Max 8 em todo o territ\u00f3rio nacional.<\/p>\t<div class=\"wrapper-featured-image\">\n\t\t<figure class=\"spotlightImg\">\n\n\t\t\t<picture>\n\t\t\t\t<source media=\"(max-width: 768px)\" srcset=\"https:\/\/files.sunoresearch.com.br\/n\/uploads\/2019\/02\/0dbc9ed9-acordo-comercial-400x200.webp\">\n\t\t\t\t<img loading=\"lazy\" decoding=\"async\" class=\"newsContent__article__imgCapa lazyloadDisabled newsContent__article__imgCapa--noCaption\" src=\"https:\/\/files.sunoresearch.com.br\/n\/uploads\/2019\/02\/0dbc9ed9-acordo-comercial-jpg.webp\" width=\"800\" height=\"450\" alt=\"Donald Trump anuncia proibi\u00e7\u00e3o de voos com Boeing 737 Max 8 nos EUA\" fetchpriority=high \/>\n\t\t\t<\/picture>\n\n\t\t\t<figcaption class=\"wp-caption-text wp-caption-text--hide\">Donald Trump, presidente dos EUA (Divulga\u00e7\u00e3o)<\/figcaption>\n\t\t<\/figure>\n\t<\/div>\n\n\n<p>A decis\u00e3o de <strong>Trump<\/strong> vai de encontro \u00e0 linha adotada pela <strong>ag\u00eancia federal de<\/strong> <strong>avia\u00e7\u00e3o<\/strong> americana, que havia recha\u00e7ado qualquer rela\u00e7\u00e3o entre o acidente na <strong>Eti\u00f3pia,<\/strong> no \u00faltimo domingo (10), e na <strong>Indon\u00e9sia,<\/strong> ambos com o mesmo modelo do <strong>Boeing.<\/strong><\/p>\n<p><a href=\"https:\/\/www.suno.com.br\/noticias\/canada-suspende-voos-boeing-737-max-8\/\">Saiba mais: Canad\u00e1 tamb\u00e9m suspende voos do Boeing 737 Max 8<\/a><\/p>\n<p>Desde a <strong>trag\u00e9dia na \u00c1frica<\/strong>, a ag\u00eancia decidiu manter os <strong>voos<\/strong> da <strong>aeronave,<\/strong> apesar de outros 42 pa\u00edses terem banido a opera\u00e7\u00e3o. A ordem de <strong>Trump<\/strong> vem horas depois de o <strong>ministro dos Transportes<\/strong> do <strong>Canad\u00e1, Marc Gareau,<\/strong> dizer que dados do sistema de monitoramento com <strong>sat\u00e9lites<\/strong> do pa\u00eds sugerirem <strong>semelhan\u00e7as<\/strong> entre as <strong>quedas<\/strong> na <strong>Eti\u00f3pia<\/strong> e na <strong>Indon\u00e9sia,<\/strong> em outubro passado. Com isso, o pa\u00eds tamb\u00e9m <strong>suspendeu os voos<\/strong> do <strong>737 Max 8<\/strong>, juntando-se a uma lista de dezenas de pa\u00edses que tomaram a mesma decis\u00e3o.<\/p>\n<p><a href=\"https:\/\/www.suno.com.br\/noticias\/norwegian-economica-boeing\/\">Saiba mais: Norwegian ir\u00e1 pedir compensa\u00e7\u00e3o econ\u00f4mica \u00e0 Boeing por conta do 737 Max<\/a><\/p>\n<h2>Avi\u00e3o caiu na Eti\u00f3pia e matou 157 pessoas<\/h2>\n<p>A decis\u00e3o de suspender o modelo <strong>Boeing 737 MAX 8<\/strong> ocorre em consequ\u00eancia da <strong>morte de 157 pessoas na Eti\u00f3pia<\/strong>, no \u00faltimo domingo (10).<\/p>\n<p>Ap\u00f3s <strong>seis minutos de decolagem<\/strong>,\u00a0o voo ET 302, com rumo a\u00a0<strong>Nair\u00f3bi<\/strong> (Qu\u00eania), <strong>caiu<\/strong> perto da cidade de Bishoftu. Tal cidade fica a 62 quil\u00f4metros a sudeste da capital da <strong>Eti\u00f3pia<\/strong>, Adis Abeba.<\/p>\n<p><a href=\"https:\/\/www.suno.com.br\/noticias\/boeing-mudancas-modelo-max\/\">Saiba mais &#8211;\u00a0Boeing far\u00e1 mudan\u00e7as em software de pilotagem do modelo MAX\u00a0<\/a><\/p>\n<h2>A\u00e7\u00f5es da Boeing<\/h2>\n<p>Na \u00faltima quarta (12), por volta das 13h, as a\u00e7\u00f5es da<strong> Boeing<\/strong> na <strong>Bolsa de Nova York<\/strong> (<a href=\"https:\/\/www.suno.com.br\/artigos\/nyse\/\">NYSE<\/a>) baixavam 0,085%.<\/p>\n<p>H\u00e1 um amortecimento da queda, pois nos dias anteriores as a\u00e7\u00f5es da empresa fecharam a:<\/p>\n<ul>\n<li><strong>segunda-feira:<\/strong> desvaloriza\u00e7\u00e3o de 5,33%<\/li>\n<li><strong>ter\u00e7a-feira:<\/strong> desvaloriza\u00e7\u00e3o de 6,15%<\/li>\n<\/ul>\n<p><a href=\"https:\/\/www.suno.com.br\/noticias\/gol-suspende-modelo-boeing\/\">Saiba mais &#8211;\u00a0Gol suspende uso do modelo 737 MAX 8 da Boeing\u00a0<\/a><\/p>\n<h2>No Brasil: Gol<\/h2>\n<p>No Brasil, a <strong>Gol<\/strong> (GOLL4) \u00e9 a \u00fanica companhia a\u00e9rea que opera o <strong>Boeing 737 MAX 8<\/strong>. Na \u00faltima segunda (11), a companhia disse que iria manter a opera\u00e7\u00e3o dos voos do modelo.<\/p>\n<p>Ap\u00f3s o informe, os papeis da <strong>Gol<\/strong> na <strong>Bolsa de Valores de S\u00e3o Paulo<\/strong> (<a href=\"https:\/\/www.suno.com.br\/artigos\/b3\/\">B3<\/a>) chegaram a cair at\u00e9 quase 4%, ainda na segunda.<\/p>\n<p>Assim, no fim do dia, a companhia a\u00e9rea brasileira decidiu <strong>suspender tamb\u00e9m os voos do modelo<\/strong>.<\/p>\n<p>Por volta das 13h55 da quarta, as <strong>a\u00e7\u00f5es<\/strong> subiam 0,75%. Confira os fechamentos dos dias anteriores:<\/p>\n<ul>\n<li><strong>segunda-feira:<\/strong> desvaloriza\u00e7\u00e3o de 2,59%<\/li>\n<li><strong>ter\u00e7a-feira:<\/strong> valoriza\u00e7\u00e3o de 0,76%<\/li>\n<\/ul>\n<p><a href=\"https:\/\/www.suno.com.br\/noticias\/gol-voos-estados-unidos-boeing\/\">Saiba mais &#8211;\u00a0Gol cancela tr\u00eas voos para os EUA ap\u00f3s suspens\u00e3o de Boeing 737 MAX 8<\/a><\/p>\n<h2>Lista de pa\u00edses que suspendem voos do modelo apenas cresce<\/h2>\n<p>De acordo com o jornal &#8220;O Globo&#8221;, <strong>mais de 50 pa\u00edses<\/strong> j\u00e1 suspenderam os voos do Boeing 737 MAX 8. Dentre os quais est\u00e3o:<\/p>\n<ul>\n<li>Eti\u00f3pia;<\/li>\n<li>China;<\/li>\n<li>Indon\u00e9sia;<\/li>\n<li>Brasil;<\/li>\n<li>M\u00e9xico;<\/li>\n<li>Singapura;<\/li>\n<li>Mong\u00f3lia;<\/li>\n<li>Reino Unido;<\/li>\n<li>Om\u00e3;<\/li>\n<li>Mal\u00e1sia;<\/li>\n<li>Cor\u00e9ia do Sul;<\/li>\n<li>Austr\u00e1lia;<\/li>\n<li>\u00cdndia;<\/li>\n<li>Egito;<\/li>\n<li>L\u00edbano;<\/li>\n<li>Emirados \u00c1rabes Unidos;<\/li>\n<li>Canad\u00e1;<\/li>\n<li><strong>Estados Unidos.<\/strong><\/li>\n<\/ul>\n","protected":false},"excerpt":{"rendered":"<p>O presidente Donald Trump anunciou na tarde desta quarta (13) que os Estados Unidos v\u00e3o proibir o voo do Boeing 737 Max 8 em todo o territ\u00f3rio nacional. Donald Trump, presidente dos EUA (Divulga\u00e7\u00e3o) A decis\u00e3o de Trump vai de encontro \u00e0 linha adotada pela ag\u00eancia federal de avia\u00e7\u00e3o americana, que havia recha\u00e7ado qualquer rela\u00e7\u00e3o [&hellip;]<\/p>\n","protected":false},"author":13,"featured_media":15540,"comment_status":"closed","ping_status":"closed","sticky":false,"template":"","format":"standard","meta":[],"categories":[63],"tags":[828,724,793],"suno_strategy":[],"class_list":["post-17881","post","type-post","status-publish","format-standard","has-post-thumbnail","hentry","category-internacional","tag-boeing-boei34","tag-donald-trump","tag-estados-unidos-eua"],"yoast_head":"<!-- This site is optimized with the Yoast SEO plugin v24.4 - https:\/\/yoast.com\/wordpress\/plugins\/seo\/ -->\n<title>Donald Trump anuncia proibi\u00e7\u00e3o de voos com Boeing 737 Max 8 nos EUA<\/title>\n<meta name=\"description\" content=\"Trump anunciou na tarde desta quarta que os EUA v\u00e3o proibir o voo do Boeing 737 Max 8 em todo o territ\u00f3rio nacional. Clique e saiba mais.\" \/>\n<meta name=\"robots\" content=\"index, follow, max-snippet:-1, max-image-preview:large, max-video-preview:-1\" \/>\n<link rel=\"canonical\" href=\"https:\/\/www.suno.com.br\/noticias\/trump-proibicao-voos-boeing-737-max\/\" \/>\n<meta property=\"og:locale\" content=\"pt_BR\" \/>\n<meta property=\"og:type\" content=\"article\" \/>\n<meta property=\"og:title\" content=\"Donald Trump anuncia proibi\u00e7\u00e3o de voos com Boeing 737 Max 8 nos EUA\" \/>\n<meta property=\"og:description\" content=\"Trump anunciou na tarde desta quarta que os EUA v\u00e3o proibir o voo do Boeing 737 Max 8 em todo o territ\u00f3rio nacional. Clique e saiba mais.\" \/>\n<meta property=\"og:url\" content=\"https:\/\/www.suno.com.br\/noticias\/trump-proibicao-voos-boeing-737-max\/\" \/>\n<meta property=\"og:site_name\" content=\"Suno Not\u00edcias\" \/>\n<meta property=\"article:publisher\" content=\"https:\/\/facebook.com\/sunoresearch\" \/>\n<meta property=\"og:image\" content=\"https:\/\/files.sunoresearch.com.br\/n\/uploads\/2019\/02\/0dbc9ed9-acordo-comercial.jpg\" \/>\n\t<meta property=\"og:image:width\" content=\"754\" \/>\n\t<meta property=\"og:image:height\" content=\"502\" \/>\n\t<meta property=\"og:image:type\" content=\"image\/jpeg\" \/>\n<meta name=\"author\" content=\"Guilherme Caetano\" \/>\n<meta name=\"twitter:card\" content=\"summary_large_image\" \/>\n<meta name=\"twitter:creator\" content=\"@sunoresearch\" \/>\n<meta name=\"twitter:site\" content=\"@sunoresearch\" \/>\n<meta name=\"twitter:label1\" content=\"Escrito por\" \/>\n\t<meta name=\"twitter:data1\" content=\"Guilherme Caetano\" \/>\n\t<meta name=\"twitter:label2\" content=\"Est. tempo de leitura\" \/>\n\t<meta name=\"twitter:data2\" content=\"3 minutos\" \/>\n<script type=\"application\/ld+json\" class=\"yoast-schema-graph\">{\"@context\":\"https:\/\/schema.org\",\"@graph\":[{\"@type\":\"NewsArticle\",\"@id\":\"https:\/\/www.suno.com.br\/noticias\/trump-proibicao-voos-boeing-737-max\/#article\",\"isPartOf\":{\"@id\":\"https:\/\/www.suno.com.br\/noticias\/trump-proibicao-voos-boeing-737-max\/\"},\"author\":{\"name\":\"Guilherme Caetano\",\"@id\":\"https:\/\/www.suno.com.br\/noticias\/#\/schema\/person\/0d0c9687cd2f600c564f25980c140de9\"},\"headline\":\"Donald Trump anuncia proibi\u00e7\u00e3o de voos com Boeing 737 Max 8 nos EUA\",\"datePublished\":\"2019-03-13T18:49:22+00:00\",\"dateModified\":\"2021-06-14T02:47:26+00:00\",\"mainEntityOfPage\":{\"@id\":\"https:\/\/www.suno.com.br\/noticias\/trump-proibicao-voos-boeing-737-max\/\"},\"wordCount\":533,\"publisher\":{\"@id\":\"https:\/\/www.suno.com.br\/noticias\/#organization\"},\"image\":{\"@id\":\"https:\/\/www.suno.com.br\/noticias\/trump-proibicao-voos-boeing-737-max\/#primaryimage\"},\"thumbnailUrl\":\"https:\/\/files.sunoresearch.com.br\/n\/uploads\/2019\/02\/0dbc9ed9-acordo-comercial-jpg.webp\",\"keywords\":[\"Boeing (BOEI34)\",\"Donald Trump\",\"Estados Unidos (EUA)\"],\"articleSection\":[\"Internacional\"],\"inLanguage\":\"pt-BR\"},{\"@type\":\"WebPage\",\"@id\":\"https:\/\/www.suno.com.br\/noticias\/trump-proibicao-voos-boeing-737-max\/\",\"url\":\"https:\/\/www.suno.com.br\/noticias\/trump-proibicao-voos-boeing-737-max\/\",\"name\":\"Donald Trump anuncia proibi\u00e7\u00e3o de voos com Boeing 737 Max 8 nos EUA\",\"isPartOf\":{\"@id\":\"https:\/\/www.suno.com.br\/noticias\/#website\"},\"primaryImageOfPage\":{\"@id\":\"https:\/\/www.suno.com.br\/noticias\/trump-proibicao-voos-boeing-737-max\/#primaryimage\"},\"image\":{\"@id\":\"https:\/\/www.suno.com.br\/noticias\/trump-proibicao-voos-boeing-737-max\/#primaryimage\"},\"thumbnailUrl\":\"https:\/\/files.sunoresearch.com.br\/n\/uploads\/2019\/02\/0dbc9ed9-acordo-comercial-jpg.webp\",\"datePublished\":\"2019-03-13T18:49:22+00:00\",\"dateModified\":\"2021-06-14T02:47:26+00:00\",\"description\":\"Trump anunciou na tarde desta quarta que os EUA v\u00e3o proibir o voo do Boeing 737 Max 8 em todo o territ\u00f3rio nacional. Clique e saiba mais.\",\"breadcrumb\":{\"@id\":\"https:\/\/www.suno.com.br\/noticias\/trump-proibicao-voos-boeing-737-max\/#breadcrumb\"},\"inLanguage\":\"pt-BR\",\"potentialAction\":[{\"@type\":\"ReadAction\",\"target\":[\"https:\/\/www.suno.com.br\/noticias\/trump-proibicao-voos-boeing-737-max\/\"]}]},{\"@type\":\"ImageObject\",\"inLanguage\":\"pt-BR\",\"@id\":\"https:\/\/www.suno.com.br\/noticias\/trump-proibicao-voos-boeing-737-max\/#primaryimage\",\"url\":\"https:\/\/files.sunoresearch.com.br\/n\/uploads\/2019\/02\/0dbc9ed9-acordo-comercial-jpg.webp\",\"contentUrl\":\"https:\/\/files.sunoresearch.com.br\/n\/uploads\/2019\/02\/0dbc9ed9-acordo-comercial-jpg.webp\",\"width\":754,\"height\":502,\"caption\":\"Donald Trump, presidente dos EUA (Divulga\u00e7\u00e3o)\"},{\"@type\":\"BreadcrumbList\",\"@id\":\"https:\/\/www.suno.com.br\/noticias\/trump-proibicao-voos-boeing-737-max\/#breadcrumb\",\"itemListElement\":[{\"@type\":\"ListItem\",\"position\":1,\"name\":\"Not\u00edcias\",\"item\":\"https:\/\/www.suno.com.br\/noticias\/\"},{\"@type\":\"ListItem\",\"position\":2,\"name\":\"Internacional\",\"item\":\"https:\/\/www.suno.com.br\/noticias\/internacional\/\"},{\"@type\":\"ListItem\",\"position\":3,\"name\":\"Donald Trump anuncia proibi\u00e7\u00e3o de voos com Boeing 737 Max 8 nos EUA\"}]},{\"@type\":\"WebSite\",\"@id\":\"https:\/\/www.suno.com.br\/noticias\/#website\",\"url\":\"https:\/\/www.suno.com.br\/noticias\/\",\"name\":\"Suno Not\u00edcias\",\"description\":\"Seu portal de informa\u00e7\u00e3o sobre o mundo dos investimentos\",\"publisher\":{\"@id\":\"https:\/\/www.suno.com.br\/noticias\/#organization\"},\"potentialAction\":[{\"@type\":\"SearchAction\",\"target\":{\"@type\":\"EntryPoint\",\"urlTemplate\":\"https:\/\/www.suno.com.br\/noticias\/?s={search_term_string}\"},\"query-input\":{\"@type\":\"PropertyValueSpecification\",\"valueRequired\":true,\"valueName\":\"search_term_string\"}}],\"inLanguage\":\"pt-BR\"},{\"@type\":\"Organization\",\"@id\":\"https:\/\/www.suno.com.br\/noticias\/#organization\",\"name\":\"Suno Not\u00edcias\",\"url\":\"https:\/\/www.suno.com.br\/noticias\/\",\"logo\":{\"@type\":\"ImageObject\",\"inLanguage\":\"pt-BR\",\"@id\":\"https:\/\/www.suno.com.br\/noticias\/#\/schema\/logo\/image\/\",\"url\":\"https:\/\/files.sunoresearch.com.br\/n\/uploads\/2021\/09\/suno-logo.png\",\"contentUrl\":\"https:\/\/files.sunoresearch.com.br\/n\/uploads\/2021\/09\/suno-logo.png\",\"width\":180,\"height\":180,\"caption\":\"Suno Not\u00edcias\"},\"image\":{\"@id\":\"https:\/\/www.suno.com.br\/noticias\/#\/schema\/logo\/image\/\"},\"sameAs\":[\"https:\/\/facebook.com\/sunoresearch\",\"https:\/\/x.com\/sunoresearch\",\"https:\/\/www.instagram.com\/suno\",\"https:\/\/www.linkedin.com\/company\/suno-research\/\",\"https:\/\/www.youtube.com\/c\/sunoresearch\"]},{\"@type\":\"Person\",\"@id\":\"https:\/\/www.suno.com.br\/noticias\/#\/schema\/person\/0d0c9687cd2f600c564f25980c140de9\",\"name\":\"Guilherme Caetano\",\"image\":{\"@type\":\"ImageObject\",\"inLanguage\":\"pt-BR\",\"@id\":\"https:\/\/www.suno.com.br\/noticias\/#\/schema\/person\/image\/\",\"url\":\"https:\/\/secure.gravatar.com\/avatar\/e48357351a01702a0d19307070e081bf?s=96&r=g\",\"contentUrl\":\"https:\/\/secure.gravatar.com\/avatar\/e48357351a01702a0d19307070e081bf?s=96&r=g\",\"caption\":\"Guilherme Caetano\"},\"description\":\"Formado em jornalismo pela Escola de Comunica\u00e7\u00f5es e Artes da USP, Guilherme Caetano escreve para o portal de not\u00edcias da Suno Research. Passou pelas reda\u00e7\u00f5es da Folha de S.Paulo e da revista \u00c9poca.\",\"url\":\"https:\/\/www.suno.com.br\/noticias\/author\/guilherme-caetano\/\"}]}<\/script>\n<!-- \/ Yoast SEO plugin. -->","yoast_head_json":{"title":"Donald Trump anuncia proibi\u00e7\u00e3o de voos com Boeing 737 Max 8 nos EUA","description":"Trump anunciou na tarde desta quarta que os EUA v\u00e3o proibir o voo do Boeing 737 Max 8 em todo o territ\u00f3rio nacional. Clique e saiba mais.","robots":{"index":"index","follow":"follow","max-snippet":"max-snippet:-1","max-image-preview":"max-image-preview:large","max-video-preview":"max-video-preview:-1"},"canonical":"https:\/\/www.suno.com.br\/noticias\/trump-proibicao-voos-boeing-737-max\/","og_locale":"pt_BR","og_type":"article","og_title":"Donald Trump anuncia proibi\u00e7\u00e3o de voos com Boeing 737 Max 8 nos EUA","og_description":"Trump anunciou na tarde desta quarta que os EUA v\u00e3o proibir o voo do Boeing 737 Max 8 em todo o territ\u00f3rio nacional. Clique e saiba mais.","og_url":"https:\/\/www.suno.com.br\/noticias\/trump-proibicao-voos-boeing-737-max\/","og_site_name":"Suno Not\u00edcias","article_publisher":"https:\/\/facebook.com\/sunoresearch","og_image":[{"width":754,"height":502,"url":"https:\/\/files.sunoresearch.com.br\/n\/uploads\/2019\/02\/0dbc9ed9-acordo-comercial.jpg","type":"image\/jpeg"}],"author":"Guilherme Caetano","twitter_card":"summary_large_image","twitter_creator":"@sunoresearch","twitter_site":"@sunoresearch","twitter_misc":{"Escrito por":"Guilherme Caetano","Est. tempo de leitura":"3 minutos"},"schema":{"@context":"https:\/\/schema.org","@graph":[{"@type":"NewsArticle","@id":"https:\/\/www.suno.com.br\/noticias\/trump-proibicao-voos-boeing-737-max\/#article","isPartOf":{"@id":"https:\/\/www.suno.com.br\/noticias\/trump-proibicao-voos-boeing-737-max\/"},"author":{"name":"Guilherme Caetano","@id":"https:\/\/www.suno.com.br\/noticias\/#\/schema\/person\/0d0c9687cd2f600c564f25980c140de9"},"headline":"Donald Trump anuncia proibi\u00e7\u00e3o de voos com Boeing 737 Max 8 nos EUA","datePublished":"2019-03-13T18:49:22+00:00","dateModified":"2021-06-14T02:47:26+00:00","mainEntityOfPage":{"@id":"https:\/\/www.suno.com.br\/noticias\/trump-proibicao-voos-boeing-737-max\/"},"wordCount":533,"publisher":{"@id":"https:\/\/www.suno.com.br\/noticias\/#organization"},"image":{"@id":"https:\/\/www.suno.com.br\/noticias\/trump-proibicao-voos-boeing-737-max\/#primaryimage"},"thumbnailUrl":"https:\/\/files.sunoresearch.com.br\/n\/uploads\/2019\/02\/0dbc9ed9-acordo-comercial-jpg.webp","keywords":["Boeing (BOEI34)","Donald Trump","Estados Unidos (EUA)"],"articleSection":["Internacional"],"inLanguage":"pt-BR"},{"@type":"WebPage","@id":"https:\/\/www.suno.com.br\/noticias\/trump-proibicao-voos-boeing-737-max\/","url":"https:\/\/www.suno.com.br\/noticias\/trump-proibicao-voos-boeing-737-max\/","name":"Donald Trump anuncia proibi\u00e7\u00e3o de voos com Boeing 737 Max 8 nos EUA","isPartOf":{"@id":"https:\/\/www.suno.com.br\/noticias\/#website"},"primaryImageOfPage":{"@id":"https:\/\/www.suno.com.br\/noticias\/trump-proibicao-voos-boeing-737-max\/#primaryimage"},"image":{"@id":"https:\/\/www.suno.com.br\/noticias\/trump-proibicao-voos-boeing-737-max\/#primaryimage"},"thumbnailUrl":"https:\/\/files.sunoresearch.com.br\/n\/uploads\/2019\/02\/0dbc9ed9-acordo-comercial-jpg.webp","datePublished":"2019-03-13T18:49:22+00:00","dateModified":"2021-06-14T02:47:26+00:00","description":"Trump anunciou na tarde desta quarta que os EUA v\u00e3o proibir o voo do Boeing 737 Max 8 em todo o territ\u00f3rio nacional. Clique e saiba mais.","breadcrumb":{"@id":"https:\/\/www.suno.com.br\/noticias\/trump-proibicao-voos-boeing-737-max\/#breadcrumb"},"inLanguage":"pt-BR","potentialAction":[{"@type":"ReadAction","target":["https:\/\/www.suno.com.br\/noticias\/trump-proibicao-voos-boeing-737-max\/"]}]},{"@type":"ImageObject","inLanguage":"pt-BR","@id":"https:\/\/www.suno.com.br\/noticias\/trump-proibicao-voos-boeing-737-max\/#primaryimage","url":"https:\/\/files.sunoresearch.com.br\/n\/uploads\/2019\/02\/0dbc9ed9-acordo-comercial-jpg.webp","contentUrl":"https:\/\/files.sunoresearch.com.br\/n\/uploads\/2019\/02\/0dbc9ed9-acordo-comercial-jpg.webp","width":754,"height":502,"caption":"Donald Trump, presidente dos EUA (Divulga\u00e7\u00e3o)"},{"@type":"BreadcrumbList","@id":"https:\/\/www.suno.com.br\/noticias\/trump-proibicao-voos-boeing-737-max\/#breadcrumb","itemListElement":[{"@type":"ListItem","position":1,"name":"Not\u00edcias","item":"https:\/\/www.suno.com.br\/noticias\/"},{"@type":"ListItem","position":2,"name":"Internacional","item":"https:\/\/www.suno.com.br\/noticias\/internacional\/"},{"@type":"ListItem","position":3,"name":"Donald Trump anuncia proibi\u00e7\u00e3o de voos com Boeing 737 Max 8 nos EUA"}]},{"@type":"WebSite","@id":"https:\/\/www.suno.com.br\/noticias\/#website","url":"https:\/\/www.suno.com.br\/noticias\/","name":"Suno Not\u00edcias","description":"Seu portal de informa\u00e7\u00e3o sobre o mundo dos investimentos","publisher":{"@id":"https:\/\/www.suno.com.br\/noticias\/#organization"},"potentialAction":[{"@type":"SearchAction","target":{"@type":"EntryPoint","urlTemplate":"https:\/\/www.suno.com.br\/noticias\/?s={search_term_string}"},"query-input":{"@type":"PropertyValueSpecification","valueRequired":true,"valueName":"search_term_string"}}],"inLanguage":"pt-BR"},{"@type":"Organization","@id":"https:\/\/www.suno.com.br\/noticias\/#organization","name":"Suno Not\u00edcias","url":"https:\/\/www.suno.com.br\/noticias\/","logo":{"@type":"ImageObject","inLanguage":"pt-BR","@id":"https:\/\/www.suno.com.br\/noticias\/#\/schema\/logo\/image\/","url":"https:\/\/files.sunoresearch.com.br\/n\/uploads\/2021\/09\/suno-logo.png","contentUrl":"https:\/\/files.sunoresearch.com.br\/n\/uploads\/2021\/09\/suno-logo.png","width":180,"height":180,"caption":"Suno Not\u00edcias"},"image":{"@id":"https:\/\/www.suno.com.br\/noticias\/#\/schema\/logo\/image\/"},"sameAs":["https:\/\/facebook.com\/sunoresearch","https:\/\/x.com\/sunoresearch","https:\/\/www.instagram.com\/suno","https:\/\/www.linkedin.com\/company\/suno-research\/","https:\/\/www.youtube.com\/c\/sunoresearch"]},{"@type":"Person","@id":"https:\/\/www.suno.com.br\/noticias\/#\/schema\/person\/0d0c9687cd2f600c564f25980c140de9","name":"Guilherme Caetano","image":{"@type":"ImageObject","inLanguage":"pt-BR","@id":"https:\/\/www.suno.com.br\/noticias\/#\/schema\/person\/image\/","url":"https:\/\/secure.gravatar.com\/avatar\/e48357351a01702a0d19307070e081bf?s=96&r=g","contentUrl":"https:\/\/secure.gravatar.com\/avatar\/e48357351a01702a0d19307070e081bf?s=96&r=g","caption":"Guilherme Caetano"},"description":"Formado em jornalismo pela Escola de Comunica\u00e7\u00f5es e Artes da USP, Guilherme Caetano escreve para o portal de not\u00edcias da Suno Research. Passou pelas reda\u00e7\u00f5es da Folha de S.Paulo e da revista \u00c9poca.","url":"https:\/\/www.suno.com.br\/noticias\/author\/guilherme-caetano\/"}]}},"default_loop_html":"<div class=\"cardsPage__listCard__boxs\"><div class=\"cardsPage__listCard__boxs__img\"><a href=\"https:\/\/www.suno.com.br\/noticias\/trump-proibicao-voos-boeing-737-max\/\"><img class=\"mask\" src=\"https:\/\/www.suno.com.br\/noticias\/wp-content\/themes\/suno\/resources\/images\/spotlight\/spotlight1img\/bg-mask.png\" alt=\"Image Mask\"\/><img src=\"https:\/\/files.sunoresearch.com.br\/n\/uploads\/2019\/02\/0dbc9ed9-acordo-comercial-400x200.webp\" alt=\"Donald Trump anuncia proibi\u00e7\u00e3o de voos com Boeing 737 Max 8 nos EUA\"\/><\/a><span class=\"spotlightCategory\"><a href=\"https:\/\/www.suno.com.br\/noticias\/internacional\/\">Internacional<\/a><\/span><\/div><div class=\"cardsPage__listCard__boxs__content\"><a href=\"https:\/\/www.suno.com.br\/noticias\/trump-proibicao-voos-boeing-737-max\/\"><h2 class=\"content__title\">Donald Trump anuncia proibi\u00e7\u00e3o de voos com Boeing 737 Max 8 nos EUA<\/h2><\/a><div class=\"newsContent__article__meta\"><div class=\"newsContent__article__meta__authorBox\"><a href=\"https:\/\/www.suno.com.br\/noticias\/author\/guilherme-caetano\/\" class=\"authorBox__avatar noMobi\"><img src=\"https:\/\/secure.gravatar.com\/avatar\/e48357351a01702a0d19307070e081bf?s=96&#038;r=g\" alt=\"Guilherme Caetano\"><\/a><div class=\"authorBox__name\"><span>por\n\t\t\t<a href=\"https:\/\/www.suno.com.br\/noticias\/author\/guilherme-caetano\/\"><span itemprop=\"author\">Guilherme Caetano<\/span><\/a><\/span><time datetime=\"2019-03-13T15:49:22-03:00\" itemprop=\"datePublished\">13\/03\/2019 15:49<\/time><\/div><\/div><\/div><\/div><\/div>","single_layout":"posts","amp_enabled":true,"_links":{"self":[{"href":"https:\/\/www.suno.com.br\/noticias\/wp-json\/wp\/v2\/posts\/17881"}],"collection":[{"href":"https:\/\/www.suno.com.br\/noticias\/wp-json\/wp\/v2\/posts"}],"about":[{"href":"https:\/\/www.suno.com.br\/noticias\/wp-json\/wp\/v2\/types\/post"}],"author":[{"embeddable":true,"href":"https:\/\/www.suno.com.br\/noticias\/wp-json\/wp\/v2\/users\/13"}],"replies":[{"embeddable":true,"href":"https:\/\/www.suno.com.br\/noticias\/wp-json\/wp\/v2\/comments?post=17881"}],"version-history":[{"count":1,"href":"https:\/\/www.suno.com.br\/noticias\/wp-json\/wp\/v2\/posts\/17881\/revisions"}],"predecessor-version":[{"id":157446,"href":"https:\/\/www.suno.com.br\/noticias\/wp-json\/wp\/v2\/posts\/17881\/revisions\/157446"}],"wp:featuredmedia":[{"embeddable":true,"href":"https:\/\/www.suno.com.br\/noticias\/wp-json\/wp\/v2\/media\/15540"}],"wp:attachment":[{"href":"https:\/\/www.suno.com.br\/noticias\/wp-json\/wp\/v2\/media?parent=17881"}],"wp:term":[{"taxonomy":"category","embeddable":true,"href":"https:\/\/www.suno.com.br\/noticias\/wp-json\/wp\/v2\/categories?post=17881"},{"taxonomy":"post_tag","embeddable":true,"href":"https:\/\/www.suno.com.br\/noticias\/wp-json\/wp\/v2\/tags?post=17881"},{"taxonomy":"suno_strategy","embeddable":true,"href":"https:\/\/www.suno.com.br\/noticias\/wp-json\/wp\/v2\/suno_strategy?post=17881"}],"curies":[{"name":"wp","href":"https:\/\/api.w.org\/{rel}","templated":true}]}}