{"id":17851,"date":"2019-03-13T13:54:34","date_gmt":"2019-03-13T16:54:34","guid":{"rendered":"https:\/\/www.suno.com.br\/noticias\/?p=17851"},"modified":"2019-03-13T17:05:32","modified_gmt":"2019-03-13T20:05:32","slug":"canada-suspende-voos-boeing-737-max-8","status":"publish","type":"post","link":"https:\/\/www.suno.com.br\/noticias\/canada-suspende-voos-boeing-737-max-8\/","title":{"rendered":"Canad\u00e1 tamb\u00e9m suspende voos de Boeing 737 MAX 8"},"content":{"rendered":"<p>O Canad\u00e1 tamb\u00e9m juntou-se \u00e0 lista de pa\u00edses que decidiram banir o <strong>Boeing 737 MAX 8 e MAX 9<\/strong>. O <strong>ministro do Transporte <\/strong>do pa\u00eds, Marc Gareau, disse na quarta-feira (13) que a decis\u00e3o foi tomada ap\u00f3s o exame de <strong>dados coletados via sat\u00e9lite<\/strong>.<\/p>\t<div class=\"wrapper-featured-image\">\n\t\t<figure class=\"spotlightImg\">\n\n\t\t\t<picture>\n\t\t\t\t<source media=\"(max-width: 768px)\" srcset=\"https:\/\/files.sunoresearch.com.br\/n\/uploads\/2019\/03\/9f50cd3a-canad\u00e1-400x200.webp\">\n\t\t\t\t<img loading=\"lazy\" decoding=\"async\" class=\"newsContent__article__imgCapa lazyloadDisabled newsContent__article__imgCapa--noCaption\" src=\"https:\/\/files.sunoresearch.com.br\/n\/uploads\/2019\/03\/9f50cd3a-canad\u00e1-800x450.webp\" width=\"800\" height=\"450\" alt=\"Canad\u00e1 tamb\u00e9m suspende voos de Boeing 737 MAX 8\" fetchpriority=high \/>\n\t\t\t<\/picture>\n\n\t\t\t<figcaption class=\"wp-caption-text wp-caption-text--hide\">Canad\u00e1 suspende voos de Boeing 737 MAX. (divulga\u00e7\u00e3o)<\/figcaption>\n\t\t<\/figure>\n\t<\/div>\n\n\n<p>Os dados examinados pelo governo do <strong>Canad\u00e1<\/strong> s\u00e3o referentes \u00e0s decolagens dos avi\u00f5es. que indicam:<\/p>\n<ul>\n<li>a <strong>dire\u00e7\u00e3o;<\/strong><\/li>\n<li><strong>o perfil vertical do avi\u00e3o<\/strong>,<\/li>\n<li>e tamb\u00e9m\u00a0<strong>poss\u00edveis flutua\u00e7\u00f5es<\/strong>.<\/li>\n<\/ul>\n<p>&#8220;Um especialista averiguou os dados, e <strong>comparou<\/strong> com o voo da companhia <strong>Lion Air<\/strong>&#8220;, contou Gareau aos jornalistas.<\/p>\n<p style=\"text-align: center;\"><iframe loading=\"lazy\" src=\"https:\/\/www.youtube.com\/embed\/fnEktkjYbCo\" width=\"560\" height=\"315\" frameborder=\"0\" allowfullscreen=\"allowfullscreen\"><\/iframe><\/p>\n<p>O ministro referia-se \u00e0 decolagem de um avi\u00e3o, tamb\u00e9m do modelo <strong>Boeing 737 MAX 8<\/strong>, que caiu em 29 de outubro de 2018, e <strong>matou 189 pessoas<\/strong> na <strong>Indon\u00e9sia<\/strong>.<\/p>\n<p>O especialista encontrou <strong>similaridades<\/strong> entre o voo da <strong>Indon\u00e9sia<\/strong>, e o voo da <strong>Eti\u00f3pia<\/strong>.<\/p>\n<p>A maior companhia a\u00e9rea canadense, a <strong>Air Canada<\/strong>, possui<strong> 18 unidades<\/strong> do modelo<strong> Boeing 737 MAX 8<\/strong>, que equivalem a 3,7% de sua frota.<\/p>\n<p>Junto com a rival <strong>WestJet Airlines<\/strong>, o <strong>total<\/strong> de unidades do modelo no <strong>Canad\u00e1<\/strong> chega a <strong>37 jatos<\/strong>.<\/p>\n<p><a href=\"https:\/\/www.suno.com.br\/noticias\/presidente-latam-crise-boeing-ruim-setor\/\">Saiba mais &#8211;\u00a0Presidente da Latam, crise da Boeing \u00e9 ruim para todo o setor<\/a><\/p>\n<h2>Avi\u00e3o caiu na Eti\u00f3pia e matou 157 pessoas<\/h2>\n<p>A decis\u00e3o de suspender o modelo <strong>Boeing 737 MAX 8<\/strong> ocorre em consequ\u00eancia da <strong>morte de 157 pessoas na Eti\u00f3pia<\/strong>, no \u00faltimo domingo (10).<\/p>\n<p>Ap\u00f3s <strong>seis minutos de decolagem<\/strong>,\u00a0o voo ET 302, com rumo a\u00a0<strong>Nair\u00f3bi<\/strong> (Qu\u00eania), <strong>caiu<\/strong> perto da cidade de Bishoftu. Tal cidade fica a 62 quil\u00f4metros a sudeste da capital da <strong>Eti\u00f3pia<\/strong>, Adis Abeba.<\/p>\n<p><a href=\"https:\/\/www.suno.com.br\/noticias\/boeing-mudancas-modelo-max\/\">Saiba mais &#8211;\u00a0Boeing far\u00e1 mudan\u00e7as em software de pilotagem do modelo MAX\u00a0<\/a><\/p>\n<h2>A\u00e7\u00f5es da Boeing<\/h2>\n<p>Nesta quarta-feira, por volta das 13h, as a\u00e7\u00f5es da<strong> Boeing<\/strong> na <strong>Bolsa de Nova York<\/strong> (<a href=\"https:\/\/www.suno.com.br\/artigos\/nyse\/\">NYSE<\/a>) baixavam 0,085%.<\/p>\n<p>H\u00e1 um amortecimento da queda, pois nos dias anteriores as a\u00e7\u00f5es da empresa fecharam a:<\/p>\n<ul>\n<li><strong>segunda-feira:<\/strong> desvaloriza\u00e7\u00e3o de 5,33%<\/li>\n<li><strong>ter\u00e7a-feira:<\/strong> desvaloriza\u00e7\u00e3o de 6,15%<\/li>\n<\/ul>\n<p><a href=\"https:\/\/www.suno.com.br\/noticias\/gol-suspende-modelo-boeing\/\">Saiba mais &#8211;\u00a0Gol suspende uso do modelo 737 MAX 8 da Boeing\u00a0<\/a><\/p>\n<h2>No Brasil: Gol<\/h2>\n<p>No Brasil, a <strong>Gol<\/strong> (GOLL4) \u00e9 a \u00fanica companhia a\u00e9rea que opera o <strong>Boeing 737 MAX 8<\/strong>. Na segunda-feira (11), a companhia disse que iria manter a opera\u00e7\u00e3o dos voos do modelo.<\/p>\n<p>Ap\u00f3s o informe, os papeis da <strong>Gol<\/strong> na <strong>Bolsa de Valores de S\u00e3o Paulo<\/strong> (<a href=\"https:\/\/www.suno.com.br\/artigos\/b3\/\">B3<\/a>) chegaram a cair at\u00e9 quase 4%, ainda na segunda-feira.<\/p>\n<p>Assim, no fim da segunda-feira (11), a companhia a\u00e9rea brasileira decidiu <strong>suspender tamb\u00e9m os voos do modelo<\/strong>.<\/p>\n<p>Por volta das 13h55 desta quarta-feira, as <strong>a\u00e7\u00f5es<\/strong> subiam 0,75%. Confira os fechamentos dos dias anteriores:<\/p>\n<ul>\n<li><strong>segunda-feira:<\/strong> desvaloriza\u00e7\u00e3o de 2,59%<\/li>\n<li><strong>ter\u00e7a-feira:<\/strong> valoriza\u00e7\u00e3o de 0,76%<\/li>\n<\/ul>\n<p><a href=\"https:\/\/www.suno.com.br\/noticias\/gol-voos-estados-unidos-boeing\/\">Saiba mais &#8211;\u00a0Gol cancela tr\u00eas voos para os EUA ap\u00f3s suspens\u00e3o de Boeing 737 MAX 8<\/a><\/p>\n<h2>Lista de pa\u00edses que suspendem voos do modelo apenas cresce<\/h2>\n<p>De acordo com o jornal &#8220;O Globo&#8221;, <strong>mais de 50 pa\u00edses<\/strong> j\u00e1 suspenderam os voos do Boeing 737 MAX 8. Dentre os quais est\u00e3o:<\/p>\n<ul>\n<li>Eti\u00f3pia;<\/li>\n<li>China;<\/li>\n<li>Indon\u00e9sia;<\/li>\n<li>Brasil;<\/li>\n<li>M\u00e9xico;<\/li>\n<li>Singapura;<\/li>\n<li>Mong\u00f3lia;<\/li>\n<li>Reino Unido;<\/li>\n<li>Om\u00e3;<\/li>\n<li>Mal\u00e1sia;<\/li>\n<li>Cor\u00e9ia do Sul;<\/li>\n<li>Austr\u00e1lia;<\/li>\n<li>\u00cdndia;<\/li>\n<li>Egito;<\/li>\n<li>L\u00edbano;<\/li>\n<li>Emirados \u00c1rabes Unidos;<\/li>\n<li>e <strong>Canad\u00e1<\/strong>.<\/li>\n<\/ul>\n","protected":false},"excerpt":{"rendered":"<p>O Canad\u00e1 tamb\u00e9m juntou-se \u00e0 lista de pa\u00edses que decidiram banir o Boeing 737 MAX 8 e MAX 9. O ministro do Transporte do pa\u00eds, Marc Gareau, disse na quarta-feira (13) que a decis\u00e3o foi tomada ap\u00f3s o exame de dados coletados via sat\u00e9lite. Canad\u00e1 suspende voos de Boeing 737 MAX. (divulga\u00e7\u00e3o) Os dados examinados [&hellip;]<\/p>\n","protected":false},"author":12,"featured_media":17879,"comment_status":"closed","ping_status":"closed","sticky":false,"template":"","format":"standard","meta":[],"categories":[63],"tags":[828,728],"suno_strategy":[],"class_list":["post-17851","post","type-post","status-publish","format-standard","has-post-thumbnail","hentry","category-internacional","tag-boeing-boei34","tag-canada"],"yoast_head":"<!-- This site is optimized with the Yoast SEO plugin v24.4 - https:\/\/yoast.com\/wordpress\/plugins\/seo\/ -->\n<title>Canad\u00e1 tamb\u00e9m suspende voos de Boeing 737 MAX 8<\/title>\n<meta name=\"description\" content=\"O Canad\u00e1 tamb\u00e9m juntou-se \u00e0 lista de pa\u00edses que decidiram banir o Boeing 737 MAX 8 e MAX 9. Clique para saber mais.\" \/>\n<meta name=\"robots\" content=\"index, follow, max-snippet:-1, max-image-preview:large, max-video-preview:-1\" \/>\n<link rel=\"canonical\" href=\"https:\/\/www.suno.com.br\/noticias\/canada-suspende-voos-boeing-737-max-8\/\" \/>\n<meta property=\"og:locale\" content=\"pt_BR\" \/>\n<meta property=\"og:type\" content=\"article\" \/>\n<meta property=\"og:title\" content=\"Canad\u00e1 tamb\u00e9m suspende voos de Boeing 737 MAX 8\" \/>\n<meta property=\"og:description\" content=\"O Canad\u00e1 tamb\u00e9m juntou-se \u00e0 lista de pa\u00edses que decidiram banir o Boeing 737 MAX 8 e MAX 9. Clique para saber mais.\" \/>\n<meta property=\"og:url\" content=\"https:\/\/www.suno.com.br\/noticias\/canada-suspende-voos-boeing-737-max-8\/\" \/>\n<meta property=\"og:site_name\" content=\"Suno Not\u00edcias\" \/>\n<meta property=\"article:publisher\" content=\"https:\/\/facebook.com\/sunoresearch\" \/>\n<meta property=\"og:image\" content=\"https:\/\/files.sunoresearch.com.br\/n\/uploads\/2019\/03\/9f50cd3a-canad\u00e1.jpg\" \/>\n\t<meta property=\"og:image:width\" content=\"1153\" \/>\n\t<meta property=\"og:image:height\" content=\"863\" \/>\n\t<meta property=\"og:image:type\" content=\"image\/jpeg\" \/>\n<meta name=\"author\" content=\"Amanda Gushiken\" \/>\n<meta name=\"twitter:card\" content=\"summary_large_image\" \/>\n<meta name=\"twitter:creator\" content=\"@sunoresearch\" \/>\n<meta name=\"twitter:site\" content=\"@sunoresearch\" \/>\n<meta name=\"twitter:label1\" content=\"Escrito por\" \/>\n\t<meta name=\"twitter:data1\" content=\"Amanda Gushiken\" \/>\n\t<meta name=\"twitter:label2\" content=\"Est. tempo de leitura\" \/>\n\t<meta name=\"twitter:data2\" content=\"3 minutos\" \/>\n<script type=\"application\/ld+json\" class=\"yoast-schema-graph\">{\"@context\":\"https:\/\/schema.org\",\"@graph\":[{\"@type\":\"NewsArticle\",\"@id\":\"https:\/\/www.suno.com.br\/noticias\/canada-suspende-voos-boeing-737-max-8\/#article\",\"isPartOf\":{\"@id\":\"https:\/\/www.suno.com.br\/noticias\/canada-suspende-voos-boeing-737-max-8\/\"},\"author\":{\"name\":\"Amanda Gushiken\",\"@id\":\"https:\/\/www.suno.com.br\/noticias\/#\/schema\/person\/a5b06fa4e879d8e8e119c6ed3cd630d1\"},\"headline\":\"Canad\u00e1 tamb\u00e9m suspende voos de Boeing 737 MAX 8\",\"datePublished\":\"2019-03-13T16:54:34+00:00\",\"dateModified\":\"2019-03-13T20:05:32+00:00\",\"mainEntityOfPage\":{\"@id\":\"https:\/\/www.suno.com.br\/noticias\/canada-suspende-voos-boeing-737-max-8\/\"},\"wordCount\":523,\"publisher\":{\"@id\":\"https:\/\/www.suno.com.br\/noticias\/#organization\"},\"image\":{\"@id\":\"https:\/\/www.suno.com.br\/noticias\/canada-suspende-voos-boeing-737-max-8\/#primaryimage\"},\"thumbnailUrl\":\"https:\/\/files.sunoresearch.com.br\/n\/uploads\/2019\/03\/9f50cd3a-canad\u00e1-jpg.webp\",\"keywords\":[\"Boeing (BOEI34)\",\"Canad\u00e1\"],\"articleSection\":[\"Internacional\"],\"inLanguage\":\"pt-BR\"},{\"@type\":\"WebPage\",\"@id\":\"https:\/\/www.suno.com.br\/noticias\/canada-suspende-voos-boeing-737-max-8\/\",\"url\":\"https:\/\/www.suno.com.br\/noticias\/canada-suspende-voos-boeing-737-max-8\/\",\"name\":\"Canad\u00e1 tamb\u00e9m suspende voos de Boeing 737 MAX 8\",\"isPartOf\":{\"@id\":\"https:\/\/www.suno.com.br\/noticias\/#website\"},\"primaryImageOfPage\":{\"@id\":\"https:\/\/www.suno.com.br\/noticias\/canada-suspende-voos-boeing-737-max-8\/#primaryimage\"},\"image\":{\"@id\":\"https:\/\/www.suno.com.br\/noticias\/canada-suspende-voos-boeing-737-max-8\/#primaryimage\"},\"thumbnailUrl\":\"https:\/\/files.sunoresearch.com.br\/n\/uploads\/2019\/03\/9f50cd3a-canad\u00e1-jpg.webp\",\"datePublished\":\"2019-03-13T16:54:34+00:00\",\"dateModified\":\"2019-03-13T20:05:32+00:00\",\"description\":\"O Canad\u00e1 tamb\u00e9m juntou-se \u00e0 lista de pa\u00edses que decidiram banir o Boeing 737 MAX 8 e MAX 9. Clique para saber mais.\",\"breadcrumb\":{\"@id\":\"https:\/\/www.suno.com.br\/noticias\/canada-suspende-voos-boeing-737-max-8\/#breadcrumb\"},\"inLanguage\":\"pt-BR\",\"potentialAction\":[{\"@type\":\"ReadAction\",\"target\":[\"https:\/\/www.suno.com.br\/noticias\/canada-suspende-voos-boeing-737-max-8\/\"]}]},{\"@type\":\"ImageObject\",\"inLanguage\":\"pt-BR\",\"@id\":\"https:\/\/www.suno.com.br\/noticias\/canada-suspende-voos-boeing-737-max-8\/#primaryimage\",\"url\":\"https:\/\/files.sunoresearch.com.br\/n\/uploads\/2019\/03\/9f50cd3a-canad\u00e1-jpg.webp\",\"contentUrl\":\"https:\/\/files.sunoresearch.com.br\/n\/uploads\/2019\/03\/9f50cd3a-canad\u00e1-jpg.webp\",\"width\":1153,\"height\":863,\"caption\":\"Canad\u00e1 suspende voos de Boeing 737 MAX. (divulga\u00e7\u00e3o)\"},{\"@type\":\"BreadcrumbList\",\"@id\":\"https:\/\/www.suno.com.br\/noticias\/canada-suspende-voos-boeing-737-max-8\/#breadcrumb\",\"itemListElement\":[{\"@type\":\"ListItem\",\"position\":1,\"name\":\"Not\u00edcias\",\"item\":\"https:\/\/www.suno.com.br\/noticias\/\"},{\"@type\":\"ListItem\",\"position\":2,\"name\":\"Internacional\",\"item\":\"https:\/\/www.suno.com.br\/noticias\/internacional\/\"},{\"@type\":\"ListItem\",\"position\":3,\"name\":\"Canad\u00e1 tamb\u00e9m suspende voos de Boeing 737 MAX 8\"}]},{\"@type\":\"WebSite\",\"@id\":\"https:\/\/www.suno.com.br\/noticias\/#website\",\"url\":\"https:\/\/www.suno.com.br\/noticias\/\",\"name\":\"Suno Not\u00edcias\",\"description\":\"Seu portal de informa\u00e7\u00e3o sobre o mundo dos investimentos\",\"publisher\":{\"@id\":\"https:\/\/www.suno.com.br\/noticias\/#organization\"},\"potentialAction\":[{\"@type\":\"SearchAction\",\"target\":{\"@type\":\"EntryPoint\",\"urlTemplate\":\"https:\/\/www.suno.com.br\/noticias\/?s={search_term_string}\"},\"query-input\":{\"@type\":\"PropertyValueSpecification\",\"valueRequired\":true,\"valueName\":\"search_term_string\"}}],\"inLanguage\":\"pt-BR\"},{\"@type\":\"Organization\",\"@id\":\"https:\/\/www.suno.com.br\/noticias\/#organization\",\"name\":\"Suno Not\u00edcias\",\"url\":\"https:\/\/www.suno.com.br\/noticias\/\",\"logo\":{\"@type\":\"ImageObject\",\"inLanguage\":\"pt-BR\",\"@id\":\"https:\/\/www.suno.com.br\/noticias\/#\/schema\/logo\/image\/\",\"url\":\"https:\/\/files.sunoresearch.com.br\/n\/uploads\/2021\/09\/suno-logo.png\",\"contentUrl\":\"https:\/\/files.sunoresearch.com.br\/n\/uploads\/2021\/09\/suno-logo.png\",\"width\":180,\"height\":180,\"caption\":\"Suno Not\u00edcias\"},\"image\":{\"@id\":\"https:\/\/www.suno.com.br\/noticias\/#\/schema\/logo\/image\/\"},\"sameAs\":[\"https:\/\/facebook.com\/sunoresearch\",\"https:\/\/x.com\/sunoresearch\",\"https:\/\/www.instagram.com\/suno\",\"https:\/\/www.linkedin.com\/company\/suno-research\/\",\"https:\/\/www.youtube.com\/c\/sunoresearch\"]},{\"@type\":\"Person\",\"@id\":\"https:\/\/www.suno.com.br\/noticias\/#\/schema\/person\/a5b06fa4e879d8e8e119c6ed3cd630d1\",\"name\":\"Amanda Gushiken\",\"image\":{\"@type\":\"ImageObject\",\"inLanguage\":\"pt-BR\",\"@id\":\"https:\/\/www.suno.com.br\/noticias\/#\/schema\/person\/image\/\",\"url\":\"https:\/\/secure.gravatar.com\/avatar\/ecd84705e6b65e3685ae80d725501fbe?s=96&r=g\",\"contentUrl\":\"https:\/\/secure.gravatar.com\/avatar\/ecd84705e6b65e3685ae80d725501fbe?s=96&r=g\",\"caption\":\"Amanda Gushiken\"},\"description\":\"Amanda Sayuri Gushiken escreve sobre finan\u00e7as e neg\u00f3cios para o portal Suno Not\u00edcias. Antes, trabalhou selecionando not\u00edcias da imprensa para clientes do mercado financeiro. Tamb\u00e9m desenvolveu pesquisa acad\u00eamica pela Universidade Anhembi Morumbi na \u00e1rea de Teorias da Comunica\u00e7\u00e3o e \u00e9 fot\u00f3grafa nas horas vagas.\",\"url\":\"https:\/\/www.suno.com.br\/noticias\/author\/amanda\/\"}]}<\/script>\n<!-- \/ Yoast SEO plugin. -->","yoast_head_json":{"title":"Canad\u00e1 tamb\u00e9m suspende voos de Boeing 737 MAX 8","description":"O Canad\u00e1 tamb\u00e9m juntou-se \u00e0 lista de pa\u00edses que decidiram banir o Boeing 737 MAX 8 e MAX 9. Clique para saber mais.","robots":{"index":"index","follow":"follow","max-snippet":"max-snippet:-1","max-image-preview":"max-image-preview:large","max-video-preview":"max-video-preview:-1"},"canonical":"https:\/\/www.suno.com.br\/noticias\/canada-suspende-voos-boeing-737-max-8\/","og_locale":"pt_BR","og_type":"article","og_title":"Canad\u00e1 tamb\u00e9m suspende voos de Boeing 737 MAX 8","og_description":"O Canad\u00e1 tamb\u00e9m juntou-se \u00e0 lista de pa\u00edses que decidiram banir o Boeing 737 MAX 8 e MAX 9. Clique para saber mais.","og_url":"https:\/\/www.suno.com.br\/noticias\/canada-suspende-voos-boeing-737-max-8\/","og_site_name":"Suno Not\u00edcias","article_publisher":"https:\/\/facebook.com\/sunoresearch","og_image":[{"width":1153,"height":863,"url":"https:\/\/files.sunoresearch.com.br\/n\/uploads\/2019\/03\/9f50cd3a-canad\u00e1.jpg","type":"image\/jpeg"}],"author":"Amanda Gushiken","twitter_card":"summary_large_image","twitter_creator":"@sunoresearch","twitter_site":"@sunoresearch","twitter_misc":{"Escrito por":"Amanda Gushiken","Est. tempo de leitura":"3 minutos"},"schema":{"@context":"https:\/\/schema.org","@graph":[{"@type":"NewsArticle","@id":"https:\/\/www.suno.com.br\/noticias\/canada-suspende-voos-boeing-737-max-8\/#article","isPartOf":{"@id":"https:\/\/www.suno.com.br\/noticias\/canada-suspende-voos-boeing-737-max-8\/"},"author":{"name":"Amanda Gushiken","@id":"https:\/\/www.suno.com.br\/noticias\/#\/schema\/person\/a5b06fa4e879d8e8e119c6ed3cd630d1"},"headline":"Canad\u00e1 tamb\u00e9m suspende voos de Boeing 737 MAX 8","datePublished":"2019-03-13T16:54:34+00:00","dateModified":"2019-03-13T20:05:32+00:00","mainEntityOfPage":{"@id":"https:\/\/www.suno.com.br\/noticias\/canada-suspende-voos-boeing-737-max-8\/"},"wordCount":523,"publisher":{"@id":"https:\/\/www.suno.com.br\/noticias\/#organization"},"image":{"@id":"https:\/\/www.suno.com.br\/noticias\/canada-suspende-voos-boeing-737-max-8\/#primaryimage"},"thumbnailUrl":"https:\/\/files.sunoresearch.com.br\/n\/uploads\/2019\/03\/9f50cd3a-canad\u00e1-jpg.webp","keywords":["Boeing (BOEI34)","Canad\u00e1"],"articleSection":["Internacional"],"inLanguage":"pt-BR"},{"@type":"WebPage","@id":"https:\/\/www.suno.com.br\/noticias\/canada-suspende-voos-boeing-737-max-8\/","url":"https:\/\/www.suno.com.br\/noticias\/canada-suspende-voos-boeing-737-max-8\/","name":"Canad\u00e1 tamb\u00e9m suspende voos de Boeing 737 MAX 8","isPartOf":{"@id":"https:\/\/www.suno.com.br\/noticias\/#website"},"primaryImageOfPage":{"@id":"https:\/\/www.suno.com.br\/noticias\/canada-suspende-voos-boeing-737-max-8\/#primaryimage"},"image":{"@id":"https:\/\/www.suno.com.br\/noticias\/canada-suspende-voos-boeing-737-max-8\/#primaryimage"},"thumbnailUrl":"https:\/\/files.sunoresearch.com.br\/n\/uploads\/2019\/03\/9f50cd3a-canad\u00e1-jpg.webp","datePublished":"2019-03-13T16:54:34+00:00","dateModified":"2019-03-13T20:05:32+00:00","description":"O Canad\u00e1 tamb\u00e9m juntou-se \u00e0 lista de pa\u00edses que decidiram banir o Boeing 737 MAX 8 e MAX 9. Clique para saber mais.","breadcrumb":{"@id":"https:\/\/www.suno.com.br\/noticias\/canada-suspende-voos-boeing-737-max-8\/#breadcrumb"},"inLanguage":"pt-BR","potentialAction":[{"@type":"ReadAction","target":["https:\/\/www.suno.com.br\/noticias\/canada-suspende-voos-boeing-737-max-8\/"]}]},{"@type":"ImageObject","inLanguage":"pt-BR","@id":"https:\/\/www.suno.com.br\/noticias\/canada-suspende-voos-boeing-737-max-8\/#primaryimage","url":"https:\/\/files.sunoresearch.com.br\/n\/uploads\/2019\/03\/9f50cd3a-canad\u00e1-jpg.webp","contentUrl":"https:\/\/files.sunoresearch.com.br\/n\/uploads\/2019\/03\/9f50cd3a-canad\u00e1-jpg.webp","width":1153,"height":863,"caption":"Canad\u00e1 suspende voos de Boeing 737 MAX. (divulga\u00e7\u00e3o)"},{"@type":"BreadcrumbList","@id":"https:\/\/www.suno.com.br\/noticias\/canada-suspende-voos-boeing-737-max-8\/#breadcrumb","itemListElement":[{"@type":"ListItem","position":1,"name":"Not\u00edcias","item":"https:\/\/www.suno.com.br\/noticias\/"},{"@type":"ListItem","position":2,"name":"Internacional","item":"https:\/\/www.suno.com.br\/noticias\/internacional\/"},{"@type":"ListItem","position":3,"name":"Canad\u00e1 tamb\u00e9m suspende voos de Boeing 737 MAX 8"}]},{"@type":"WebSite","@id":"https:\/\/www.suno.com.br\/noticias\/#website","url":"https:\/\/www.suno.com.br\/noticias\/","name":"Suno Not\u00edcias","description":"Seu portal de informa\u00e7\u00e3o sobre o mundo dos investimentos","publisher":{"@id":"https:\/\/www.suno.com.br\/noticias\/#organization"},"potentialAction":[{"@type":"SearchAction","target":{"@type":"EntryPoint","urlTemplate":"https:\/\/www.suno.com.br\/noticias\/?s={search_term_string}"},"query-input":{"@type":"PropertyValueSpecification","valueRequired":true,"valueName":"search_term_string"}}],"inLanguage":"pt-BR"},{"@type":"Organization","@id":"https:\/\/www.suno.com.br\/noticias\/#organization","name":"Suno Not\u00edcias","url":"https:\/\/www.suno.com.br\/noticias\/","logo":{"@type":"ImageObject","inLanguage":"pt-BR","@id":"https:\/\/www.suno.com.br\/noticias\/#\/schema\/logo\/image\/","url":"https:\/\/files.sunoresearch.com.br\/n\/uploads\/2021\/09\/suno-logo.png","contentUrl":"https:\/\/files.sunoresearch.com.br\/n\/uploads\/2021\/09\/suno-logo.png","width":180,"height":180,"caption":"Suno Not\u00edcias"},"image":{"@id":"https:\/\/www.suno.com.br\/noticias\/#\/schema\/logo\/image\/"},"sameAs":["https:\/\/facebook.com\/sunoresearch","https:\/\/x.com\/sunoresearch","https:\/\/www.instagram.com\/suno","https:\/\/www.linkedin.com\/company\/suno-research\/","https:\/\/www.youtube.com\/c\/sunoresearch"]},{"@type":"Person","@id":"https:\/\/www.suno.com.br\/noticias\/#\/schema\/person\/a5b06fa4e879d8e8e119c6ed3cd630d1","name":"Amanda Gushiken","image":{"@type":"ImageObject","inLanguage":"pt-BR","@id":"https:\/\/www.suno.com.br\/noticias\/#\/schema\/person\/image\/","url":"https:\/\/secure.gravatar.com\/avatar\/ecd84705e6b65e3685ae80d725501fbe?s=96&r=g","contentUrl":"https:\/\/secure.gravatar.com\/avatar\/ecd84705e6b65e3685ae80d725501fbe?s=96&r=g","caption":"Amanda Gushiken"},"description":"Amanda Sayuri Gushiken escreve sobre finan\u00e7as e neg\u00f3cios para o portal Suno Not\u00edcias. Antes, trabalhou selecionando not\u00edcias da imprensa para clientes do mercado financeiro. Tamb\u00e9m desenvolveu pesquisa acad\u00eamica pela Universidade Anhembi Morumbi na \u00e1rea de Teorias da Comunica\u00e7\u00e3o e \u00e9 fot\u00f3grafa nas horas vagas.","url":"https:\/\/www.suno.com.br\/noticias\/author\/amanda\/"}]}},"default_loop_html":"<div class=\"cardsPage__listCard__boxs\"><div class=\"cardsPage__listCard__boxs__img\"><a href=\"https:\/\/www.suno.com.br\/noticias\/canada-suspende-voos-boeing-737-max-8\/\"><img class=\"mask\" src=\"https:\/\/www.suno.com.br\/noticias\/wp-content\/themes\/suno\/resources\/images\/spotlight\/spotlight1img\/bg-mask.png\" alt=\"Image Mask\"\/><img src=\"https:\/\/files.sunoresearch.com.br\/n\/uploads\/2019\/03\/9f50cd3a-canad\u00e1-400x200.webp\" alt=\"Canad\u00e1 tamb\u00e9m suspende voos de Boeing 737 MAX 8\"\/><\/a><span class=\"spotlightCategory\"><a href=\"https:\/\/www.suno.com.br\/noticias\/internacional\/\">Internacional<\/a><\/span><\/div><div class=\"cardsPage__listCard__boxs__content\"><a href=\"https:\/\/www.suno.com.br\/noticias\/canada-suspende-voos-boeing-737-max-8\/\"><h2 class=\"content__title\">Canad\u00e1 tamb\u00e9m suspende voos de Boeing 737 MAX 8<\/h2><\/a><div class=\"newsContent__article__meta\"><div class=\"newsContent__article__meta__authorBox\"><a href=\"https:\/\/www.suno.com.br\/noticias\/author\/amanda\/\" class=\"authorBox__avatar noMobi\"><img src=\"https:\/\/files.sunoresearch.com.br\/n\/uploads\/2018\/11\/c6ad30be-amanda-150x150.webp\" alt=\"Amanda Gushiken\"><\/a><div class=\"authorBox__name\"><span>por\n\t\t\t<a href=\"https:\/\/www.suno.com.br\/noticias\/author\/amanda\/\"><span itemprop=\"author\">Amanda Gushiken<\/span><\/a><\/span><time datetime=\"2019-03-13T13:54:34-03:00\" itemprop=\"datePublished\">13\/03\/2019 13:54<\/time><\/div><\/div><\/div><\/div><\/div>","single_layout":"posts","amp_enabled":true,"_links":{"self":[{"href":"https:\/\/www.suno.com.br\/noticias\/wp-json\/wp\/v2\/posts\/17851"}],"collection":[{"href":"https:\/\/www.suno.com.br\/noticias\/wp-json\/wp\/v2\/posts"}],"about":[{"href":"https:\/\/www.suno.com.br\/noticias\/wp-json\/wp\/v2\/types\/post"}],"author":[{"embeddable":true,"href":"https:\/\/www.suno.com.br\/noticias\/wp-json\/wp\/v2\/users\/12"}],"replies":[{"embeddable":true,"href":"https:\/\/www.suno.com.br\/noticias\/wp-json\/wp\/v2\/comments?post=17851"}],"version-history":[{"count":0,"href":"https:\/\/www.suno.com.br\/noticias\/wp-json\/wp\/v2\/posts\/17851\/revisions"}],"wp:featuredmedia":[{"embeddable":true,"href":"https:\/\/www.suno.com.br\/noticias\/wp-json\/wp\/v2\/media\/17879"}],"wp:attachment":[{"href":"https:\/\/www.suno.com.br\/noticias\/wp-json\/wp\/v2\/media?parent=17851"}],"wp:term":[{"taxonomy":"category","embeddable":true,"href":"https:\/\/www.suno.com.br\/noticias\/wp-json\/wp\/v2\/categories?post=17851"},{"taxonomy":"post_tag","embeddable":true,"href":"https:\/\/www.suno.com.br\/noticias\/wp-json\/wp\/v2\/tags?post=17851"},{"taxonomy":"suno_strategy","embeddable":true,"href":"https:\/\/www.suno.com.br\/noticias\/wp-json\/wp\/v2\/suno_strategy?post=17851"}],"curies":[{"name":"wp","href":"https:\/\/api.w.org\/{rel}","templated":true}]}}