{"id":17843,"date":"2019-03-13T13:05:40","date_gmt":"2019-03-13T16:05:40","guid":{"rendered":"https:\/\/www.suno.com.br\/noticias\/?p=17843"},"modified":"2019-03-13T13:06:14","modified_gmt":"2019-03-13T16:06:14","slug":"presidente-latam-crise-boeing-ruim-setor","status":"publish","type":"post","link":"https:\/\/www.suno.com.br\/noticias\/presidente-latam-crise-boeing-ruim-setor\/","title":{"rendered":"Presidente da Latam, crise da Boeing \u00e9 ruim para todo o setor"},"content":{"rendered":"<p>O presidente da <strong>Latam<\/strong> no Brasil, Jerome Cadier, declarou que a crise da Boeing \u00e9 ruim para todo o setor. Segundo o executivo, todas as companhias a\u00e9reas ser\u00e3o prejudicadas com essa situa\u00e7\u00e3o.<\/p>\t<div class=\"wrapper-featured-image\">\n\t\t<figure class=\"spotlightImg\">\n\n\t\t\t<picture>\n\t\t\t\t<source media=\"(max-width: 768px)\" srcset=\"https:\/\/files.sunoresearch.com.br\/n\/uploads\/2018\/09\/66291e1d-latam-400x200.webp\">\n\t\t\t\t<img loading=\"lazy\" decoding=\"async\" class=\"newsContent__article__imgCapa lazyloadDisabled newsContent__article__imgCapa--noCaption\" src=\"https:\/\/files.sunoresearch.com.br\/n\/uploads\/2018\/09\/66291e1d-latam-800x450.webp\" width=\"800\" height=\"450\" alt=\"Presidente da Latam, crise da Boeing \u00e9 ruim para todo o setor\" fetchpriority=high \/>\n\t\t\t<\/picture>\n\n\t\t\t<figcaption class=\"wp-caption-text wp-caption-text--hide\">Latam demitir\u00e1 38% do total de tripulantes, diz sindicato<\/figcaption>\n\t\t<\/figure>\n\t<\/div>\n\n\n<p>O presidente da <strong>Latam<\/strong> lembrou que dezenas de pa\u00edses suspenderam os voos com os <strong>Boeing 737 Max 8.<\/strong> Isso ap\u00f3s dois acidentes que resultaram em centenas de mortes na <strong>Eti\u00f3pia<\/strong> e na <strong>Indon\u00e9sia.<\/strong><\/p>\n<p><a href=\"https:\/\/www.suno.com.br\/noticias\/boeing-mudancas-modelo-max\/\">Saiba mais: Boeing far\u00e1 mudan\u00e7as em software de pilotagem do modelo MAX\u00a0<\/a><\/p>\n<p>\u201cO caso da <strong>Boeing<\/strong> \u00e9 ruim para todos, porque gera um n\u00edvel de incerteza para<br \/>\ntodo o setor de avia\u00e7\u00e3o\u201d, afirmou Cadier nesta quarta-feira (13). O presidente da Latam declarou ser dif\u00edcil avaliar poss\u00edveis impactos da crise, seja para a pr\u00f3pria Boeing que para as companhias a\u00e9reas que usam a aeronave.<\/p>\n<p>No Brasil, a \u00fanica companhia a\u00e9rea que usa o <strong>Boeing 737 Max B<\/strong> \u00e9 a <strong>Gol.<\/strong> A empresa j\u00e1 suspendeu temporariamente o uso dos sete avi\u00f5es desse modelo que possui.<\/p>\n<h2>Entenda o caso<\/h2>\n<p>Um <strong>Boeing 737 Max 8,<\/strong> da <strong>Ethiopian Airlines,<\/strong> caiu seis minutos ap\u00f3s a decolagem, no \u00faltimo domingo (10). O voo saiu da capital da Eti\u00f3pia, Adis Abeba, e tinha com destino a cidade de Nair\u00f3bi, no Qu\u00eania. Todos os passageiros que estavam a bordo (157 pessoas) morreram.<\/p>\n<p><a href=\"https:\/\/www.suno.com.br\/noticias\/gol-suspende-modelo-boeing\/\">Saiba mais:\u00a0Gol suspende uso do modelo 737 MAX 8 da Boeing<\/a><\/p>\n<p>Esse \u00e9 o segundo acidente da <strong>aeronave<\/strong> de mesmo modelo em cinco meses. Por conta disso, alguns pa\u00edses decidiram restringir o uso do <strong>Boeing 737 MAX 8<\/strong> em seus territ\u00f3rios, sendo eles:<\/p>\n<ul>\n<li>Reino Unido;<\/li>\n<li><strong>Uni\u00e3o Europeia;<\/strong><\/li>\n<li>Om\u00e3;<\/li>\n<li>Mal\u00e1sia;<\/li>\n<li>China;<\/li>\n<li>Indon\u00e9sia;<\/li>\n<li>Cor\u00e9ia do Sul;<\/li>\n<li>Mong\u00f3lia;<\/li>\n<li>Austr\u00e1lia.<\/li>\n<\/ul>\n<p>De acordo com a <strong>ag\u00eancia federal de avia\u00e7\u00e3o dos Estados Unidos (FAA)<\/strong>, at\u00e9 o momento n\u00e3o existe rela\u00e7\u00e3o entre a queda do Boeing 737 MAX 8 e o acidente do mesmo modelo da <strong>Lion Air,<\/strong> na <strong>Indon\u00e9sia,<\/strong> em 29 de outubro de 2018.<\/p>\n<p>&#8220;Relatos externos est\u00e3o apontando similaridades entre esse acidente e o acidente com o voo 610 da <strong>Lion Air<\/strong>, em 29 de outubro de 2018. No entanto, esta investiga\u00e7\u00e3o acaba de come\u00e7ar e, at\u00e9 esta data, n\u00e3o foram fornecidos dados para tirar conclus\u00f5es ou tomar quaisquer a\u00e7\u00f5es&#8221;, disse a FAA. A entidade norte-americana est\u00e1 investigando as causas do acidente.<\/p>\n<p>A\u00a0<strong>Boeing<\/strong> anunciou que realizar\u00e1 mudan\u00e7as no sistema de software de pilotagem do modelo <strong>737 MAX 8.\u00a0<\/strong>Atualmente, segundo a empresa, 350 aeronaves desse modelo s\u00e3o operadas por cerca de 50 <strong>companhias a\u00e9reas<\/strong> no mundo. O <strong>avi\u00e3o<\/strong> opera comercialmente desde o in\u00edcio de 2017.<\/p>\n<p><a href=\"https:\/\/www.suno.com.br\/noticias\/china-indonesia-proibem-voos-boeing\/\">Saiba mais:\u00a0Ap\u00f3s queda, China e Indon\u00e9sia pro\u00edbem voos do Boeing 737 Max 8<\/a><\/p>\n<h2>A\u00e9reas deixar de operar o Boeing<\/h2>\n<p>Al\u00e9m dos pa\u00edses, algumas companhias a\u00e9reas suspenderam as opera\u00e7\u00f5es do modelo da Boeing.<\/p>\n<p>Nesta ter\u00e7a-feira (12), a companhia a\u00e9rea <strong>Aerol\u00edneas Argentinas<\/strong> anunciou a suspens\u00e3o tempor\u00e1ria dos <strong>voos<\/strong> de seus cinco avi\u00f5es do\u00a0Boeing 737 Max 8<\/p>\n<p>Na \u00faltima segunda-feira (11), outras empresas j\u00e1 haviam parado de operar as aeronaves, sendo elas:<\/p>\n<ul>\n<li><strong>Ethiopian Airlinas<\/strong> (Eti\u00f3pia);<\/li>\n<li><strong>Cayman Airways<\/strong> (Ilhas Cayman);<\/li>\n<li><strong>Comair<\/strong> (\u00c1frica do Sul);<\/li>\n<li><strong>Royal Air Maroc<\/strong> (Marrocos);<\/li>\n<li><strong>Aeromexico<\/strong> (M\u00e9xico).<\/li>\n<\/ul>\n<p>No Brasil, a <strong>Gol<\/strong>, \u00fanica empresa brasileira a possuir o\u00a0<strong>Boeing 737 Max 8<\/strong>, tamb\u00e9m suspendeu as opera\u00e7\u00f5es da <strong>aeronave<\/strong>.<\/p>\n","protected":false},"excerpt":{"rendered":"<p>O presidente da Latam no Brasil, Jerome Cadier, declarou que a crise da Boeing \u00e9 ruim para todo o setor. Segundo o executivo, todas as companhias a\u00e9reas ser\u00e3o prejudicadas com essa situa\u00e7\u00e3o. Latam demitir\u00e1 38% do total de tripulantes, diz sindicato O presidente da Latam lembrou que dezenas de pa\u00edses suspenderam os voos com os [&hellip;]<\/p>\n","protected":false},"author":9,"featured_media":3514,"comment_status":"closed","ping_status":"closed","sticky":false,"template":"","format":"standard","meta":[],"categories":[62],"tags":[828,739],"suno_strategy":[],"class_list":["post-17843","post","type-post","status-publish","format-standard","has-post-thumbnail","hentry","category-economia","tag-boeing-boei34","tag-latam"],"yoast_head":"<!-- This site is optimized with the Yoast SEO plugin v24.4 - https:\/\/yoast.com\/wordpress\/plugins\/seo\/ -->\n<title>Presidente da Latam, crise da Boeing \u00e9 ruim para todo o setor<\/title>\n<meta name=\"description\" content=\"O presidente da Latam no Brasil, Jerome Cadier, declarou que a crise da Boeing \u00e9 ruim para todo o setor. Clique aqui para saber mais.\" \/>\n<meta name=\"robots\" content=\"index, follow, max-snippet:-1, max-image-preview:large, max-video-preview:-1\" \/>\n<link rel=\"canonical\" href=\"https:\/\/www.suno.com.br\/noticias\/presidente-latam-crise-boeing-ruim-setor\/\" \/>\n<meta property=\"og:locale\" content=\"pt_BR\" \/>\n<meta property=\"og:type\" content=\"article\" \/>\n<meta property=\"og:title\" content=\"Presidente da Latam, crise da Boeing \u00e9 ruim para todo o setor\" \/>\n<meta property=\"og:description\" content=\"O presidente da Latam no Brasil, Jerome Cadier, declarou que a crise da Boeing \u00e9 ruim para todo o setor. Clique aqui para saber mais.\" \/>\n<meta property=\"og:url\" content=\"https:\/\/www.suno.com.br\/noticias\/presidente-latam-crise-boeing-ruim-setor\/\" \/>\n<meta property=\"og:site_name\" content=\"Suno Not\u00edcias\" \/>\n<meta property=\"article:publisher\" content=\"https:\/\/facebook.com\/sunoresearch\" \/>\n<meta property=\"og:image\" content=\"https:\/\/files.sunoresearch.com.br\/n\/uploads\/2018\/09\/66291e1d-latam.jpg\" \/>\n\t<meta property=\"og:image:width\" content=\"2560\" \/>\n\t<meta property=\"og:image:height\" content=\"1440\" \/>\n\t<meta property=\"og:image:type\" content=\"image\/jpeg\" \/>\n<meta name=\"author\" content=\"Carlo Cauti\" \/>\n<meta name=\"twitter:card\" content=\"summary_large_image\" \/>\n<meta name=\"twitter:creator\" content=\"@sunoresearch\" \/>\n<meta name=\"twitter:site\" content=\"@sunoresearch\" \/>\n<meta name=\"twitter:label1\" content=\"Escrito por\" \/>\n\t<meta name=\"twitter:data1\" content=\"Carlo Cauti\" \/>\n\t<meta name=\"twitter:label2\" content=\"Est. tempo de leitura\" \/>\n\t<meta name=\"twitter:data2\" content=\"3 minutos\" \/>\n<script type=\"application\/ld+json\" class=\"yoast-schema-graph\">{\"@context\":\"https:\/\/schema.org\",\"@graph\":[{\"@type\":\"NewsArticle\",\"@id\":\"https:\/\/www.suno.com.br\/noticias\/presidente-latam-crise-boeing-ruim-setor\/#article\",\"isPartOf\":{\"@id\":\"https:\/\/www.suno.com.br\/noticias\/presidente-latam-crise-boeing-ruim-setor\/\"},\"author\":{\"name\":\"Carlo Cauti\",\"@id\":\"https:\/\/www.suno.com.br\/noticias\/#\/schema\/person\/e6e0f723cc177805027f4566c1d5e0c8\"},\"headline\":\"Presidente da Latam, crise da Boeing \u00e9 ruim para todo o setor\",\"datePublished\":\"2019-03-13T16:05:40+00:00\",\"dateModified\":\"2019-03-13T16:06:14+00:00\",\"mainEntityOfPage\":{\"@id\":\"https:\/\/www.suno.com.br\/noticias\/presidente-latam-crise-boeing-ruim-setor\/\"},\"wordCount\":555,\"publisher\":{\"@id\":\"https:\/\/www.suno.com.br\/noticias\/#organization\"},\"image\":{\"@id\":\"https:\/\/www.suno.com.br\/noticias\/presidente-latam-crise-boeing-ruim-setor\/#primaryimage\"},\"thumbnailUrl\":\"https:\/\/files.sunoresearch.com.br\/n\/uploads\/2018\/09\/66291e1d-latam-jpg.webp\",\"keywords\":[\"Boeing (BOEI34)\",\"Latam\"],\"articleSection\":[\"Economia\"],\"inLanguage\":\"pt-BR\"},{\"@type\":\"WebPage\",\"@id\":\"https:\/\/www.suno.com.br\/noticias\/presidente-latam-crise-boeing-ruim-setor\/\",\"url\":\"https:\/\/www.suno.com.br\/noticias\/presidente-latam-crise-boeing-ruim-setor\/\",\"name\":\"Presidente da Latam, crise da Boeing \u00e9 ruim para todo o setor\",\"isPartOf\":{\"@id\":\"https:\/\/www.suno.com.br\/noticias\/#website\"},\"primaryImageOfPage\":{\"@id\":\"https:\/\/www.suno.com.br\/noticias\/presidente-latam-crise-boeing-ruim-setor\/#primaryimage\"},\"image\":{\"@id\":\"https:\/\/www.suno.com.br\/noticias\/presidente-latam-crise-boeing-ruim-setor\/#primaryimage\"},\"thumbnailUrl\":\"https:\/\/files.sunoresearch.com.br\/n\/uploads\/2018\/09\/66291e1d-latam-jpg.webp\",\"datePublished\":\"2019-03-13T16:05:40+00:00\",\"dateModified\":\"2019-03-13T16:06:14+00:00\",\"description\":\"O presidente da Latam no Brasil, Jerome Cadier, declarou que a crise da Boeing \u00e9 ruim para todo o setor. Clique aqui para saber mais.\",\"breadcrumb\":{\"@id\":\"https:\/\/www.suno.com.br\/noticias\/presidente-latam-crise-boeing-ruim-setor\/#breadcrumb\"},\"inLanguage\":\"pt-BR\",\"potentialAction\":[{\"@type\":\"ReadAction\",\"target\":[\"https:\/\/www.suno.com.br\/noticias\/presidente-latam-crise-boeing-ruim-setor\/\"]}]},{\"@type\":\"ImageObject\",\"inLanguage\":\"pt-BR\",\"@id\":\"https:\/\/www.suno.com.br\/noticias\/presidente-latam-crise-boeing-ruim-setor\/#primaryimage\",\"url\":\"https:\/\/files.sunoresearch.com.br\/n\/uploads\/2018\/09\/66291e1d-latam-jpg.webp\",\"contentUrl\":\"https:\/\/files.sunoresearch.com.br\/n\/uploads\/2018\/09\/66291e1d-latam-jpg.webp\",\"width\":2560,\"height\":1440,\"caption\":\"Latam demitir\u00e1 38% do total de tripulantes, diz sindicato\"},{\"@type\":\"BreadcrumbList\",\"@id\":\"https:\/\/www.suno.com.br\/noticias\/presidente-latam-crise-boeing-ruim-setor\/#breadcrumb\",\"itemListElement\":[{\"@type\":\"ListItem\",\"position\":1,\"name\":\"Not\u00edcias\",\"item\":\"https:\/\/www.suno.com.br\/noticias\/\"},{\"@type\":\"ListItem\",\"position\":2,\"name\":\"Economia\",\"item\":\"https:\/\/www.suno.com.br\/noticias\/economia\/\"},{\"@type\":\"ListItem\",\"position\":3,\"name\":\"Presidente da Latam, crise da Boeing \u00e9 ruim para todo o setor\"}]},{\"@type\":\"WebSite\",\"@id\":\"https:\/\/www.suno.com.br\/noticias\/#website\",\"url\":\"https:\/\/www.suno.com.br\/noticias\/\",\"name\":\"Suno Not\u00edcias\",\"description\":\"Seu portal de informa\u00e7\u00e3o sobre o mundo dos investimentos\",\"publisher\":{\"@id\":\"https:\/\/www.suno.com.br\/noticias\/#organization\"},\"potentialAction\":[{\"@type\":\"SearchAction\",\"target\":{\"@type\":\"EntryPoint\",\"urlTemplate\":\"https:\/\/www.suno.com.br\/noticias\/?s={search_term_string}\"},\"query-input\":{\"@type\":\"PropertyValueSpecification\",\"valueRequired\":true,\"valueName\":\"search_term_string\"}}],\"inLanguage\":\"pt-BR\"},{\"@type\":\"Organization\",\"@id\":\"https:\/\/www.suno.com.br\/noticias\/#organization\",\"name\":\"Suno Not\u00edcias\",\"url\":\"https:\/\/www.suno.com.br\/noticias\/\",\"logo\":{\"@type\":\"ImageObject\",\"inLanguage\":\"pt-BR\",\"@id\":\"https:\/\/www.suno.com.br\/noticias\/#\/schema\/logo\/image\/\",\"url\":\"https:\/\/files.sunoresearch.com.br\/n\/uploads\/2021\/09\/suno-logo.png\",\"contentUrl\":\"https:\/\/files.sunoresearch.com.br\/n\/uploads\/2021\/09\/suno-logo.png\",\"width\":180,\"height\":180,\"caption\":\"Suno Not\u00edcias\"},\"image\":{\"@id\":\"https:\/\/www.suno.com.br\/noticias\/#\/schema\/logo\/image\/\"},\"sameAs\":[\"https:\/\/facebook.com\/sunoresearch\",\"https:\/\/x.com\/sunoresearch\",\"https:\/\/www.instagram.com\/suno\",\"https:\/\/www.linkedin.com\/company\/suno-research\/\",\"https:\/\/www.youtube.com\/c\/sunoresearch\"]},{\"@type\":\"Person\",\"@id\":\"https:\/\/www.suno.com.br\/noticias\/#\/schema\/person\/e6e0f723cc177805027f4566c1d5e0c8\",\"name\":\"Carlo Cauti\",\"image\":{\"@type\":\"ImageObject\",\"inLanguage\":\"pt-BR\",\"@id\":\"https:\/\/www.suno.com.br\/noticias\/#\/schema\/person\/image\/\",\"url\":\"https:\/\/secure.gravatar.com\/avatar\/3ada9e0bd164c23abd4792a9606d583c?s=96&r=g\",\"contentUrl\":\"https:\/\/secure.gravatar.com\/avatar\/3ada9e0bd164c23abd4792a9606d583c?s=96&r=g\",\"caption\":\"Carlo Cauti\"},\"description\":\"Editor multim\u00eddia do SUNO Not\u00edcias. Italiano, formado em Ci\u00eancias Pol\u00edticas pela universidade LUISS G. Carli de Roma e mestre cum laude em Rela\u00e7\u00f5es Internacionais, Jornalismo Internacional e de Guerra e em Economia Internacional. Concluiu tamb\u00e9m um MBA em Finan\u00e7as na B3. No Brasil, teve passagem por ve\u00edculos como Estad\u00e3o, Globo, Veja e EXAME. e nas ag\u00eancias de not\u00edcias italianas ANSA e NOVA.\",\"url\":\"https:\/\/www.suno.com.br\/noticias\/author\/carlo-cauti\/\"}]}<\/script>\n<!-- \/ Yoast SEO plugin. -->","yoast_head_json":{"title":"Presidente da Latam, crise da Boeing \u00e9 ruim para todo o setor","description":"O presidente da Latam no Brasil, Jerome Cadier, declarou que a crise da Boeing \u00e9 ruim para todo o setor. Clique aqui para saber mais.","robots":{"index":"index","follow":"follow","max-snippet":"max-snippet:-1","max-image-preview":"max-image-preview:large","max-video-preview":"max-video-preview:-1"},"canonical":"https:\/\/www.suno.com.br\/noticias\/presidente-latam-crise-boeing-ruim-setor\/","og_locale":"pt_BR","og_type":"article","og_title":"Presidente da Latam, crise da Boeing \u00e9 ruim para todo o setor","og_description":"O presidente da Latam no Brasil, Jerome Cadier, declarou que a crise da Boeing \u00e9 ruim para todo o setor. Clique aqui para saber mais.","og_url":"https:\/\/www.suno.com.br\/noticias\/presidente-latam-crise-boeing-ruim-setor\/","og_site_name":"Suno Not\u00edcias","article_publisher":"https:\/\/facebook.com\/sunoresearch","og_image":[{"width":2560,"height":1440,"url":"https:\/\/files.sunoresearch.com.br\/n\/uploads\/2018\/09\/66291e1d-latam.jpg","type":"image\/jpeg"}],"author":"Carlo Cauti","twitter_card":"summary_large_image","twitter_creator":"@sunoresearch","twitter_site":"@sunoresearch","twitter_misc":{"Escrito por":"Carlo Cauti","Est. tempo de leitura":"3 minutos"},"schema":{"@context":"https:\/\/schema.org","@graph":[{"@type":"NewsArticle","@id":"https:\/\/www.suno.com.br\/noticias\/presidente-latam-crise-boeing-ruim-setor\/#article","isPartOf":{"@id":"https:\/\/www.suno.com.br\/noticias\/presidente-latam-crise-boeing-ruim-setor\/"},"author":{"name":"Carlo Cauti","@id":"https:\/\/www.suno.com.br\/noticias\/#\/schema\/person\/e6e0f723cc177805027f4566c1d5e0c8"},"headline":"Presidente da Latam, crise da Boeing \u00e9 ruim para todo o setor","datePublished":"2019-03-13T16:05:40+00:00","dateModified":"2019-03-13T16:06:14+00:00","mainEntityOfPage":{"@id":"https:\/\/www.suno.com.br\/noticias\/presidente-latam-crise-boeing-ruim-setor\/"},"wordCount":555,"publisher":{"@id":"https:\/\/www.suno.com.br\/noticias\/#organization"},"image":{"@id":"https:\/\/www.suno.com.br\/noticias\/presidente-latam-crise-boeing-ruim-setor\/#primaryimage"},"thumbnailUrl":"https:\/\/files.sunoresearch.com.br\/n\/uploads\/2018\/09\/66291e1d-latam-jpg.webp","keywords":["Boeing (BOEI34)","Latam"],"articleSection":["Economia"],"inLanguage":"pt-BR"},{"@type":"WebPage","@id":"https:\/\/www.suno.com.br\/noticias\/presidente-latam-crise-boeing-ruim-setor\/","url":"https:\/\/www.suno.com.br\/noticias\/presidente-latam-crise-boeing-ruim-setor\/","name":"Presidente da Latam, crise da Boeing \u00e9 ruim para todo o setor","isPartOf":{"@id":"https:\/\/www.suno.com.br\/noticias\/#website"},"primaryImageOfPage":{"@id":"https:\/\/www.suno.com.br\/noticias\/presidente-latam-crise-boeing-ruim-setor\/#primaryimage"},"image":{"@id":"https:\/\/www.suno.com.br\/noticias\/presidente-latam-crise-boeing-ruim-setor\/#primaryimage"},"thumbnailUrl":"https:\/\/files.sunoresearch.com.br\/n\/uploads\/2018\/09\/66291e1d-latam-jpg.webp","datePublished":"2019-03-13T16:05:40+00:00","dateModified":"2019-03-13T16:06:14+00:00","description":"O presidente da Latam no Brasil, Jerome Cadier, declarou que a crise da Boeing \u00e9 ruim para todo o setor. Clique aqui para saber mais.","breadcrumb":{"@id":"https:\/\/www.suno.com.br\/noticias\/presidente-latam-crise-boeing-ruim-setor\/#breadcrumb"},"inLanguage":"pt-BR","potentialAction":[{"@type":"ReadAction","target":["https:\/\/www.suno.com.br\/noticias\/presidente-latam-crise-boeing-ruim-setor\/"]}]},{"@type":"ImageObject","inLanguage":"pt-BR","@id":"https:\/\/www.suno.com.br\/noticias\/presidente-latam-crise-boeing-ruim-setor\/#primaryimage","url":"https:\/\/files.sunoresearch.com.br\/n\/uploads\/2018\/09\/66291e1d-latam-jpg.webp","contentUrl":"https:\/\/files.sunoresearch.com.br\/n\/uploads\/2018\/09\/66291e1d-latam-jpg.webp","width":2560,"height":1440,"caption":"Latam demitir\u00e1 38% do total de tripulantes, diz sindicato"},{"@type":"BreadcrumbList","@id":"https:\/\/www.suno.com.br\/noticias\/presidente-latam-crise-boeing-ruim-setor\/#breadcrumb","itemListElement":[{"@type":"ListItem","position":1,"name":"Not\u00edcias","item":"https:\/\/www.suno.com.br\/noticias\/"},{"@type":"ListItem","position":2,"name":"Economia","item":"https:\/\/www.suno.com.br\/noticias\/economia\/"},{"@type":"ListItem","position":3,"name":"Presidente da Latam, crise da Boeing \u00e9 ruim para todo o setor"}]},{"@type":"WebSite","@id":"https:\/\/www.suno.com.br\/noticias\/#website","url":"https:\/\/www.suno.com.br\/noticias\/","name":"Suno Not\u00edcias","description":"Seu portal de informa\u00e7\u00e3o sobre o mundo dos investimentos","publisher":{"@id":"https:\/\/www.suno.com.br\/noticias\/#organization"},"potentialAction":[{"@type":"SearchAction","target":{"@type":"EntryPoint","urlTemplate":"https:\/\/www.suno.com.br\/noticias\/?s={search_term_string}"},"query-input":{"@type":"PropertyValueSpecification","valueRequired":true,"valueName":"search_term_string"}}],"inLanguage":"pt-BR"},{"@type":"Organization","@id":"https:\/\/www.suno.com.br\/noticias\/#organization","name":"Suno Not\u00edcias","url":"https:\/\/www.suno.com.br\/noticias\/","logo":{"@type":"ImageObject","inLanguage":"pt-BR","@id":"https:\/\/www.suno.com.br\/noticias\/#\/schema\/logo\/image\/","url":"https:\/\/files.sunoresearch.com.br\/n\/uploads\/2021\/09\/suno-logo.png","contentUrl":"https:\/\/files.sunoresearch.com.br\/n\/uploads\/2021\/09\/suno-logo.png","width":180,"height":180,"caption":"Suno Not\u00edcias"},"image":{"@id":"https:\/\/www.suno.com.br\/noticias\/#\/schema\/logo\/image\/"},"sameAs":["https:\/\/facebook.com\/sunoresearch","https:\/\/x.com\/sunoresearch","https:\/\/www.instagram.com\/suno","https:\/\/www.linkedin.com\/company\/suno-research\/","https:\/\/www.youtube.com\/c\/sunoresearch"]},{"@type":"Person","@id":"https:\/\/www.suno.com.br\/noticias\/#\/schema\/person\/e6e0f723cc177805027f4566c1d5e0c8","name":"Carlo Cauti","image":{"@type":"ImageObject","inLanguage":"pt-BR","@id":"https:\/\/www.suno.com.br\/noticias\/#\/schema\/person\/image\/","url":"https:\/\/secure.gravatar.com\/avatar\/3ada9e0bd164c23abd4792a9606d583c?s=96&r=g","contentUrl":"https:\/\/secure.gravatar.com\/avatar\/3ada9e0bd164c23abd4792a9606d583c?s=96&r=g","caption":"Carlo Cauti"},"description":"Editor multim\u00eddia do SUNO Not\u00edcias. Italiano, formado em Ci\u00eancias Pol\u00edticas pela universidade LUISS G. Carli de Roma e mestre cum laude em Rela\u00e7\u00f5es Internacionais, Jornalismo Internacional e de Guerra e em Economia Internacional. Concluiu tamb\u00e9m um MBA em Finan\u00e7as na B3. No Brasil, teve passagem por ve\u00edculos como Estad\u00e3o, Globo, Veja e EXAME. e nas ag\u00eancias de not\u00edcias italianas ANSA e NOVA.","url":"https:\/\/www.suno.com.br\/noticias\/author\/carlo-cauti\/"}]}},"default_loop_html":"<div class=\"cardsPage__listCard__boxs\"><div class=\"cardsPage__listCard__boxs__img\"><a href=\"https:\/\/www.suno.com.br\/noticias\/presidente-latam-crise-boeing-ruim-setor\/\"><img class=\"mask\" src=\"https:\/\/www.suno.com.br\/noticias\/wp-content\/themes\/suno\/resources\/images\/spotlight\/spotlight1img\/bg-mask.png\" alt=\"Image Mask\"\/><img src=\"https:\/\/files.sunoresearch.com.br\/n\/uploads\/2018\/09\/66291e1d-latam-400x200.webp\" alt=\"Presidente da Latam, crise da Boeing \u00e9 ruim para todo o setor\"\/><\/a><span class=\"spotlightCategory\"><a href=\"https:\/\/www.suno.com.br\/noticias\/economia\/\">Economia<\/a><\/span><\/div><div class=\"cardsPage__listCard__boxs__content\"><a href=\"https:\/\/www.suno.com.br\/noticias\/presidente-latam-crise-boeing-ruim-setor\/\"><h2 class=\"content__title\">Presidente da Latam, crise da Boeing \u00e9 ruim para todo o setor<\/h2><\/a><div class=\"newsContent__article__meta\"><div class=\"newsContent__article__meta__authorBox\"><a href=\"https:\/\/www.suno.com.br\/noticias\/author\/carlo-cauti\/\" class=\"authorBox__avatar noMobi\"><img src=\"https:\/\/files.sunoresearch.com.br\/n\/uploads\/2020\/08\/e3745f9a-perfil-carlo-cauti-150x150.webp\" alt=\"Carlo Cauti\"><\/a><div class=\"authorBox__name\"><span>por\n\t\t\t<a href=\"https:\/\/www.suno.com.br\/noticias\/author\/carlo-cauti\/\"><span itemprop=\"author\">Carlo Cauti<\/span><\/a><\/span><time datetime=\"2019-03-13T13:05:40-03:00\" itemprop=\"datePublished\">13\/03\/2019 13:05<\/time><\/div><\/div><\/div><\/div><\/div>","single_layout":"posts","amp_enabled":true,"_links":{"self":[{"href":"https:\/\/www.suno.com.br\/noticias\/wp-json\/wp\/v2\/posts\/17843"}],"collection":[{"href":"https:\/\/www.suno.com.br\/noticias\/wp-json\/wp\/v2\/posts"}],"about":[{"href":"https:\/\/www.suno.com.br\/noticias\/wp-json\/wp\/v2\/types\/post"}],"author":[{"embeddable":true,"href":"https:\/\/www.suno.com.br\/noticias\/wp-json\/wp\/v2\/users\/9"}],"replies":[{"embeddable":true,"href":"https:\/\/www.suno.com.br\/noticias\/wp-json\/wp\/v2\/comments?post=17843"}],"version-history":[{"count":0,"href":"https:\/\/www.suno.com.br\/noticias\/wp-json\/wp\/v2\/posts\/17843\/revisions"}],"wp:featuredmedia":[{"embeddable":true,"href":"https:\/\/www.suno.com.br\/noticias\/wp-json\/wp\/v2\/media\/3514"}],"wp:attachment":[{"href":"https:\/\/www.suno.com.br\/noticias\/wp-json\/wp\/v2\/media?parent=17843"}],"wp:term":[{"taxonomy":"category","embeddable":true,"href":"https:\/\/www.suno.com.br\/noticias\/wp-json\/wp\/v2\/categories?post=17843"},{"taxonomy":"post_tag","embeddable":true,"href":"https:\/\/www.suno.com.br\/noticias\/wp-json\/wp\/v2\/tags?post=17843"},{"taxonomy":"suno_strategy","embeddable":true,"href":"https:\/\/www.suno.com.br\/noticias\/wp-json\/wp\/v2\/suno_strategy?post=17843"}],"curies":[{"name":"wp","href":"https:\/\/api.w.org\/{rel}","templated":true}]}}