{"id":178420,"date":"2021-08-26T08:55:33","date_gmt":"2021-08-26T11:55:33","guid":{"rendered":"https:\/\/www.suno.com.br\/noticias\/?p=178420"},"modified":"2021-08-27T14:50:24","modified_gmt":"2021-08-27T17:50:24","slug":"guedes-qual-problema-energia-mais-cara","status":"publish","type":"post","link":"https:\/\/www.suno.com.br\/noticias\/guedes-qual-problema-energia-mais-cara\/","title":{"rendered":"Guedes: Qual o problema de a energia ficar um pouco mais cara?"},"content":{"rendered":"<p>O aumento na conta de luz tem pesado no or\u00e7amento das fam\u00edlias e a <strong>energia<\/strong> \u00e9 um dos fatores que pressionam a infla\u00e7\u00e3o, mas o ministro da Economia, <a class=\"suno-keyword\" href=\"https:\/\/www.suno.com.br\/tudo-sobre\/paulo-guedes\/\" target=\"_blank\" rel=\"noopener\" data-force=\"no\" data-priority=\"2\">Paulo Guedes<\/a>, n\u00e3o v\u00ea problemas para atravessar o atual momento.<\/p>\t<div class=\"wrapper-featured-image\">\n\t\t<figure class=\"spotlightImg\">\n\n\t\t\t<picture>\n\t\t\t\t<source media=\"(max-width: 768px)\" srcset=\"https:\/\/files.sunoresearch.com.br\/n\/uploads\/2021\/06\/a3185647-economia_1202200236-1-400x200.webp\">\n\t\t\t\t<img loading=\"lazy\" decoding=\"async\" class=\"newsContent__article__imgCapa lazyloadDisabled \" src=\"https:\/\/files.sunoresearch.com.br\/n\/uploads\/2021\/06\/a3185647-economia_1202200236-1-800x450.webp\" width=\"800\" height=\"450\" alt=\"Guedes: Qual o problema de a energia ficar um pouco mais cara?\" fetchpriority=high \/>\n\t\t\t<\/picture>\n\n\t\t\t<figcaption class=\"wp-caption-text wp-caption-text--show\">Paulo Guedes.  Foto: Wilson Dias\/Ag\u00eancia Brasil<\/figcaption>\n\t\t<\/figure>\n\t<\/div>\n\n\n\t<p>\n\t\t<a href=\"https:\/\/lp.suno.com.br\/planilha-controle-gastos\/\" target=\"_blank\" data-element=\"shortcode-suno-banner\" title=\"Banner SUNO, clique e saiba mais\">\n\t\t\t<picture>\n\t\t\t\t<source media=\"(max-width: 500px)\" srcset=\"https:\/\/files.sunoresearch.com.br\/n\/uploads\/2023\/03\/400x300-Planilha-controle-de-gastos.png\">\n\t\t\t\t<img class=\"newsContent__article__imgCapa newsContent__article__imgCapa--banner\"\n\t\t\t\t\tsrc=\"https:\/\/files.sunoresearch.com.br\/n\/uploads\/2023\/03\/1420x240-Planilha-controle-de-gastos.png\"\n\t\t\t\t\tdata-promo-id=\"101751\"\t\t\t\t\t\t\t\t\t\twidth='1420' height='240'\t\t\t\t\talt=\"https:\/\/files.sunoresearch.com.br\/n\/uploads\/2023\/03\/1420x240-Planilha-controle-de-gastos.png\"\n\t\t\t\t>\n\t\t\t<\/picture>\n\t\t<\/a>\n\t<\/p>\n\n\n<p>&#8220;Se no ano passado, que era o caos, n\u00f3s nos organizamos e atravessamos, por que n\u00f3s vamos ter medo agora? Qual o problema agora que a energia vai ficar um pouco mais cara porque choveu menos? Ou o problema agora \u00e9 que t\u00e1 tendo uma exacerba\u00e7\u00e3o porque anteciparam as elei\u00e7\u00f5es&#8230; Tudo bem, vamos tapar o ouvido, vamos atravessar&#8221;, afirmou <strong>Guedes<\/strong> na quarta-feira (25). &#8220;Isso vai causar perturba\u00e7\u00e3o, empurra a <strong>infla\u00e7\u00e3o<\/strong> um pouco para cima, BC tem que correr um pouco mais atr\u00e1s da infla\u00e7\u00e3o&#8221;, afirmou sobre a energia no lan\u00e7amento da Frente Parlamentar do Empreendedorismo.<\/p>\n<p>Guedes disse que a <strong>economia brasileira<\/strong> est\u00e1 &#8220;vindo com toda a for\u00e7a&#8221; ap\u00f3s a crise causada pela pandemia da covid-19, mas admitiu que &#8220;h\u00e1, sim, nuvens no horizonte&#8221;. &#8220;Temos a crise h\u00eddrica forte pela frente, mas a economia brasileira est\u00e1 furando as ondas&#8221;, disse.<\/p>\n\t<p>\n\t\t<a href=\"https:\/\/lp.suno.com.br\/planilha-da-vida-financeira\/\" target=\"_blank\" data-element=\"shortcode-suno-banner\" title=\"Banner SUNO, clique e saiba mais\">\n\t\t\t<picture>\n\t\t\t\t<source media=\"(max-width: 500px)\" srcset=\"https:\/\/files.sunoresearch.com.br\/n\/uploads\/2023\/04\/400x300-Planilha-vida-financeira-true.png\">\n\t\t\t\t<img class=\"newsContent__article__imgCapa newsContent__article__imgCapa--banner\"\n\t\t\t\t\tsrc=\"https:\/\/files.sunoresearch.com.br\/n\/uploads\/2023\/04\/1420x240-Planilha-vida-financeira-true.png\"\n\t\t\t\t\tdata-promo-id=\"106682\"\t\t\t\t\t\t\t\t\t\twidth='1420' height='240'\t\t\t\t\talt=\"https:\/\/files.sunoresearch.com.br\/n\/uploads\/2023\/04\/1420x240-Planilha-vida-financeira-true.png\"\n\t\t\t\t>\n\t\t\t<\/picture>\n\t\t<\/a>\n\t<\/p>\n\n\n<p>A<strong> crise h\u00eddrica<\/strong> levou o governo a anunciar ontem, medidas para redu\u00e7\u00e3o do consumo de energia para toda a administra\u00e7\u00e3o p\u00fablica federal. Decreto presidencial editado hoje determina a redu\u00e7\u00e3o do consumo de eletricidade desses \u00f3rg\u00e3os entre 10% e 20% em rela\u00e7\u00e3o ao consumo do m\u00eas nos anos de 2018 e 2019, ou seja, antes do<strong> per\u00edodo pr\u00e9-pandemia<\/strong>.<\/p>\n<p>Al\u00e9m disso, o governo est\u00e1 pedindo que a sociedade e ind\u00fastrias fa\u00e7am um esfor\u00e7o pela <strong>economia de energia<\/strong> e evitem desperd\u00edcios. Quem economizar ter\u00e1 conta menor a pagar e uma premia\u00e7\u00e3o pela redu\u00e7\u00e3o do consumo.<\/p>\n<h2>Pr\u00e9via da infla\u00e7\u00e3o tem maior varia\u00e7\u00e3o para o m\u00eas de agosto pressionada pela energia<\/h2>\n<p>O \u00cdndice Nacional de Pre\u00e7os ao Consumidor Amplo 15 (IPCA-15), que mede a pr\u00e9via da\u00a0<a class=\"suno-keyword\" href=\"https:\/\/www.suno.com.br\/artigos\/inflacao\/\" target=\"_blank\" rel=\"noopener\" data-force=\"no\" data-priority=\"2\"><strong>infla\u00e7\u00e3o<\/strong>\u00a0oficial<\/a>, registrou alta de pre\u00e7os de 0,89% em agosto. A taxa \u00e9 superior ao 0,72% de julho deste ano e ao 0,23% de agosto do ano passado. Esta\u00a0\u00e9 a maior varia\u00e7\u00e3o para um m\u00eas<span id=\"OBJ_PREFIX_DWT2685_com_zimbra_date\" role=\"link\">\u00a0de agosto<\/span>\u00a0desde 2002 (1%).<img decoding=\"async\" class=\" lazyloaded\" src=\"https:\/\/agenciabrasil.ebc.com.br\/ebc.png?id=1419445&amp;o=rss\" data-src=\"https:\/\/agenciabrasil.ebc.com.br\/ebc.png?id=1419445&amp;o=rss\" \/><img decoding=\"async\" class=\" lazyloaded\" src=\"https:\/\/agenciabrasil.ebc.com.br\/ebc.gif?id=1419445&amp;o=rss\" data-src=\"https:\/\/agenciabrasil.ebc.com.br\/ebc.gif?id=1419445&amp;o=rss\" \/><\/p>\n<p>Pressionada pelo aumento da conta de luz, a <a class=\"suno-keyword\" href=\"https:\/\/www.suno.com.br\/artigos\/inflacao-acumulada\/\" target=\"_blank\" rel=\"noopener\" data-force=\"no\" data-priority=\"1\">infla\u00e7\u00e3o acumulada<\/a> em 12 meses chegou \u00e0 marca de dois d\u00edgitos em quatro capitais do Pa\u00eds no IPCA-15 de agosto: Porto Alegre (10,37%), Goi\u00e2nia (10,67%), Fortaleza (11,37%) e Curitiba (11,43%). Os dados foram divulgados pelo Instituto Brasileiro de Geografia e Estat\u00edstica (IBGE).<\/p>\n\t<div data-element=\"shortcode-read-more\" class=\"knowMore\">\n\t\t\t\t<span class=\"knowMore__title\">Saiba Mais<\/span>\n\t\t\t\t<a class=\"knowMore__link\" href=\"https:\/\/www.suno.com.br\/noticias\/previa-da-inflacao-oficial-agosto-2021\/\">\n\t\t\tPr\u00e9via da infla\u00e7\u00e3o fica em 0,89% em agosto, a maior para o m\u00eas desde 2002\t\t<\/a>\n\t<\/div>\n\n\n<p>Durante a solenidade, <strong>Guedes<\/strong> apresentou dados da economia brasileira, destacando ganhos com as reformas feitas para controlar gastos. &#8220;Logo no primeiro ano (de governo), mostramos que viemos para controlar as despesas p\u00fablicas&#8221;, afirmou. Segundo ele, o &#8220;abismo fiscal que amea\u00e7ava o Brasil foi controlado&#8221;, destacando a reforma da Previd\u00eancia. E, apesar da covid, a economia brasileira se abre de novo, &#8220;temos super\u00e1vit comercial e corrente de com\u00e9rcio recordes&#8221;, acrescentou o ministro.<\/p>\n<p>Na pr\u00e9via<span id=\"OBJ_PREFIX_DWT2687_com_zimbra_date\" role=\"link\">\u00a0de agosto<\/span>, o principal impacto para a infla\u00e7\u00e3o veio do grupo de despesas habita\u00e7\u00e3o, que registrou alta de pre\u00e7os de 1,97%, influenciada pela <strong>energia<\/strong> el\u00e9trica, cujo custo subiu 5%.<\/p>\n<p><em>(Com informa\u00e7\u00f5es do Estad\u00e3o Conte\u00fado)<\/em><\/p>\n\t<p>\n\t\t<a href=\"https:\/\/lp.suno.com.br\/planilha-de-controle-de-investimentos\/\" target=\"_blank\" data-element=\"shortcode-suno-banner\" title=\"Banner SUNO, clique e saiba mais\">\n\t\t\t<picture>\n\t\t\t\t<source media=\"(max-width: 500px)\" srcset=\"https:\/\/files.sunoresearch.com.br\/n\/uploads\/2023\/03\/400x300-Controle-de-Investimentos.png\">\n\t\t\t\t<img class=\"newsContent__article__imgCapa newsContent__article__imgCapa--banner\"\n\t\t\t\t\tsrc=\"https:\/\/files.sunoresearch.com.br\/n\/uploads\/2023\/03\/1420x240-Controle-de-Investimentos.png\"\n\t\t\t\t\tdata-promo-id=\"75934\"\t\t\t\t\t\t\t\t\t\twidth='1420' height='240'\t\t\t\t\talt=\"https:\/\/files.sunoresearch.com.br\/n\/uploads\/2023\/03\/1420x240-Controle-de-Investimentos.png\"\n\t\t\t\t>\n\t\t\t<\/picture>\n\t\t<\/a>\n\t<\/p>\n\n\n","protected":false},"excerpt":{"rendered":"<p>O aumento na conta de luz tem pesado no or\u00e7amento das fam\u00edlias e a energia \u00e9 um dos fatores que pressionam a infla\u00e7\u00e3o, mas o ministro da Economia, Paulo Guedes, n\u00e3o v\u00ea problemas para atravessar o atual momento. Paulo Guedes. Foto: Wilson Dias\/Ag\u00eancia Brasil &#8220;Se no ano passado, que era o caos, n\u00f3s nos organizamos [&hellip;]<\/p>\n","protected":false},"author":15,"featured_media":157935,"comment_status":"closed","ping_status":"closed","sticky":false,"template":"","format":"standard","meta":[],"categories":[64],"tags":[2153,909,796],"suno_strategy":[],"class_list":["post-178420","post","type-post","status-publish","format-standard","has-post-thumbnail","hentry","category-negocios","tag-energia-eletrica","tag-ministerio-da-economia","tag-paulo-guedes"],"yoast_head":"<!-- This site is optimized with the Yoast SEO plugin v24.4 - https:\/\/yoast.com\/wordpress\/plugins\/seo\/ -->\n<title>Guedes: Qual o problema de a energia ficar um pouco mais cara?<\/title>\n<meta name=\"description\" content=\"A energia \u00e9 um dos fatores que pressionam a infla\u00e7\u00e3o, mas o Guedes n\u00e3o v\u00ea problemas para atravessar o atual momento. Clique aqui e saiba mais\" \/>\n<meta name=\"robots\" content=\"index, follow, max-snippet:-1, max-image-preview:large, max-video-preview:-1\" \/>\n<link rel=\"canonical\" href=\"https:\/\/www.suno.com.br\/noticias\/guedes-qual-problema-energia-mais-cara\/\" \/>\n<meta property=\"og:locale\" content=\"pt_BR\" \/>\n<meta property=\"og:type\" content=\"article\" \/>\n<meta property=\"og:title\" content=\"Guedes: Qual o problema de a energia ficar um pouco mais cara?\" \/>\n<meta property=\"og:description\" content=\"A energia \u00e9 um dos fatores que pressionam a infla\u00e7\u00e3o, mas o Guedes n\u00e3o v\u00ea problemas para atravessar o atual momento. Clique aqui e saiba mais\" \/>\n<meta property=\"og:url\" content=\"https:\/\/www.suno.com.br\/noticias\/guedes-qual-problema-energia-mais-cara\/\" \/>\n<meta property=\"og:site_name\" content=\"Suno Not\u00edcias\" \/>\n<meta property=\"article:publisher\" content=\"https:\/\/facebook.com\/sunoresearch\" \/>\n<meta property=\"og:image\" content=\"https:\/\/files.sunoresearch.com.br\/n\/uploads\/2021\/06\/a3185647-economia_1202200236-1.jpg\" \/>\n\t<meta property=\"og:image:width\" content=\"1200\" \/>\n\t<meta property=\"og:image:height\" content=\"800\" \/>\n\t<meta property=\"og:image:type\" content=\"image\/jpeg\" \/>\n<meta name=\"author\" content=\"Poliana Santos\" \/>\n<meta name=\"twitter:card\" content=\"summary_large_image\" \/>\n<meta name=\"twitter:creator\" content=\"@sunoresearch\" \/>\n<meta name=\"twitter:site\" content=\"@sunoresearch\" \/>\n<meta name=\"twitter:label1\" content=\"Escrito por\" \/>\n\t<meta name=\"twitter:data1\" content=\"Poliana Santos\" \/>\n\t<meta name=\"twitter:label2\" content=\"Est. tempo de leitura\" \/>\n\t<meta name=\"twitter:data2\" content=\"3 minutos\" \/>\n<script type=\"application\/ld+json\" class=\"yoast-schema-graph\">{\"@context\":\"https:\/\/schema.org\",\"@graph\":[{\"@type\":\"NewsArticle\",\"@id\":\"https:\/\/www.suno.com.br\/noticias\/guedes-qual-problema-energia-mais-cara\/#article\",\"isPartOf\":{\"@id\":\"https:\/\/www.suno.com.br\/noticias\/guedes-qual-problema-energia-mais-cara\/\"},\"author\":{\"name\":\"Poliana Santos\",\"@id\":\"https:\/\/www.suno.com.br\/noticias\/#\/schema\/person\/02ec1f752758247878a2bf4abee1aeda\"},\"headline\":\"Guedes: Qual o problema de a energia ficar um pouco mais cara?\",\"datePublished\":\"2021-08-26T11:55:33+00:00\",\"dateModified\":\"2021-08-27T17:50:24+00:00\",\"mainEntityOfPage\":{\"@id\":\"https:\/\/www.suno.com.br\/noticias\/guedes-qual-problema-energia-mais-cara\/\"},\"wordCount\":562,\"publisher\":{\"@id\":\"https:\/\/www.suno.com.br\/noticias\/#organization\"},\"image\":{\"@id\":\"https:\/\/www.suno.com.br\/noticias\/guedes-qual-problema-energia-mais-cara\/#primaryimage\"},\"thumbnailUrl\":\"https:\/\/files.sunoresearch.com.br\/n\/uploads\/2021\/06\/a3185647-economia_1202200236-1-jpg.webp\",\"keywords\":[\"energia el\u00e9trica\",\"Minist\u00e9rio da Economia\",\"Paulo Guedes\"],\"articleSection\":[\"Neg\u00f3cios\"],\"inLanguage\":\"pt-BR\"},{\"@type\":\"WebPage\",\"@id\":\"https:\/\/www.suno.com.br\/noticias\/guedes-qual-problema-energia-mais-cara\/\",\"url\":\"https:\/\/www.suno.com.br\/noticias\/guedes-qual-problema-energia-mais-cara\/\",\"name\":\"Guedes: Qual o problema de a energia ficar um pouco mais cara?\",\"isPartOf\":{\"@id\":\"https:\/\/www.suno.com.br\/noticias\/#website\"},\"primaryImageOfPage\":{\"@id\":\"https:\/\/www.suno.com.br\/noticias\/guedes-qual-problema-energia-mais-cara\/#primaryimage\"},\"image\":{\"@id\":\"https:\/\/www.suno.com.br\/noticias\/guedes-qual-problema-energia-mais-cara\/#primaryimage\"},\"thumbnailUrl\":\"https:\/\/files.sunoresearch.com.br\/n\/uploads\/2021\/06\/a3185647-economia_1202200236-1-jpg.webp\",\"datePublished\":\"2021-08-26T11:55:33+00:00\",\"dateModified\":\"2021-08-27T17:50:24+00:00\",\"description\":\"A energia \u00e9 um dos fatores que pressionam a infla\u00e7\u00e3o, mas o Guedes n\u00e3o v\u00ea problemas para atravessar o atual momento. Clique aqui e saiba mais\",\"breadcrumb\":{\"@id\":\"https:\/\/www.suno.com.br\/noticias\/guedes-qual-problema-energia-mais-cara\/#breadcrumb\"},\"inLanguage\":\"pt-BR\",\"potentialAction\":[{\"@type\":\"ReadAction\",\"target\":[\"https:\/\/www.suno.com.br\/noticias\/guedes-qual-problema-energia-mais-cara\/\"]}]},{\"@type\":\"ImageObject\",\"inLanguage\":\"pt-BR\",\"@id\":\"https:\/\/www.suno.com.br\/noticias\/guedes-qual-problema-energia-mais-cara\/#primaryimage\",\"url\":\"https:\/\/files.sunoresearch.com.br\/n\/uploads\/2021\/06\/a3185647-economia_1202200236-1-jpg.webp\",\"contentUrl\":\"https:\/\/files.sunoresearch.com.br\/n\/uploads\/2021\/06\/a3185647-economia_1202200236-1-jpg.webp\",\"width\":1200,\"height\":800,\"caption\":\"Paulo Guedes. Foto: Wilson Dias\/Ag\u00eancia Brasil\"},{\"@type\":\"BreadcrumbList\",\"@id\":\"https:\/\/www.suno.com.br\/noticias\/guedes-qual-problema-energia-mais-cara\/#breadcrumb\",\"itemListElement\":[{\"@type\":\"ListItem\",\"position\":1,\"name\":\"Not\u00edcias\",\"item\":\"https:\/\/www.suno.com.br\/noticias\/\"},{\"@type\":\"ListItem\",\"position\":2,\"name\":\"Neg\u00f3cios\",\"item\":\"https:\/\/www.suno.com.br\/noticias\/negocios\/\"},{\"@type\":\"ListItem\",\"position\":3,\"name\":\"Guedes: Qual o problema de a energia ficar um pouco mais cara?\"}]},{\"@type\":\"WebSite\",\"@id\":\"https:\/\/www.suno.com.br\/noticias\/#website\",\"url\":\"https:\/\/www.suno.com.br\/noticias\/\",\"name\":\"Suno Not\u00edcias\",\"description\":\"Seu portal de informa\u00e7\u00e3o sobre o mundo dos investimentos\",\"publisher\":{\"@id\":\"https:\/\/www.suno.com.br\/noticias\/#organization\"},\"potentialAction\":[{\"@type\":\"SearchAction\",\"target\":{\"@type\":\"EntryPoint\",\"urlTemplate\":\"https:\/\/www.suno.com.br\/noticias\/?s={search_term_string}\"},\"query-input\":{\"@type\":\"PropertyValueSpecification\",\"valueRequired\":true,\"valueName\":\"search_term_string\"}}],\"inLanguage\":\"pt-BR\"},{\"@type\":\"Organization\",\"@id\":\"https:\/\/www.suno.com.br\/noticias\/#organization\",\"name\":\"Suno Not\u00edcias\",\"url\":\"https:\/\/www.suno.com.br\/noticias\/\",\"logo\":{\"@type\":\"ImageObject\",\"inLanguage\":\"pt-BR\",\"@id\":\"https:\/\/www.suno.com.br\/noticias\/#\/schema\/logo\/image\/\",\"url\":\"https:\/\/files.sunoresearch.com.br\/n\/uploads\/2021\/09\/suno-logo.png\",\"contentUrl\":\"https:\/\/files.sunoresearch.com.br\/n\/uploads\/2021\/09\/suno-logo.png\",\"width\":180,\"height\":180,\"caption\":\"Suno Not\u00edcias\"},\"image\":{\"@id\":\"https:\/\/www.suno.com.br\/noticias\/#\/schema\/logo\/image\/\"},\"sameAs\":[\"https:\/\/facebook.com\/sunoresearch\",\"https:\/\/x.com\/sunoresearch\",\"https:\/\/www.instagram.com\/suno\",\"https:\/\/www.linkedin.com\/company\/suno-research\/\",\"https:\/\/www.youtube.com\/c\/sunoresearch\"]},{\"@type\":\"Person\",\"@id\":\"https:\/\/www.suno.com.br\/noticias\/#\/schema\/person\/02ec1f752758247878a2bf4abee1aeda\",\"name\":\"Poliana Santos\",\"image\":{\"@type\":\"ImageObject\",\"inLanguage\":\"pt-BR\",\"@id\":\"https:\/\/www.suno.com.br\/noticias\/#\/schema\/person\/image\/\",\"url\":\"https:\/\/secure.gravatar.com\/avatar\/0645bd32f23d87b2130f2b2dff1d3f8d?s=96&r=g\",\"contentUrl\":\"https:\/\/secure.gravatar.com\/avatar\/0645bd32f23d87b2130f2b2dff1d3f8d?s=96&r=g\",\"caption\":\"Poliana Santos\"},\"description\":\"Rep\u00f3rter no Suno Not\u00edcias, com cobertura em mercado financeiro, economia, finan\u00e7as pessoais, renda fixa e varejo. Jornalista formada pela Faculdade C\u00e1sper L\u00edbero e possui passagem na R\u00e1dio Gazeta AM com a produ\u00e7\u00e3o de conte\u00fado sobre economia, pol\u00edtica, sa\u00fade, moda e m\u00fasica. Possui certificado de conclus\u00e3o do curso de An\u00e1lise de Balan\u00e7os pela Funda\u00e7\u00e3o Bradesco, Agenda Brasil pela FAAP, Educa\u00e7\u00e3o Pol\u00edtica por Alexandre Garcia e do Tesouro Direto e Mercado de A\u00e7\u00f5es pela B3.\",\"url\":\"https:\/\/www.suno.com.br\/noticias\/author\/poliana-santos\/\"}]}<\/script>\n<!-- \/ Yoast SEO plugin. -->","yoast_head_json":{"title":"Guedes: Qual o problema de a energia ficar um pouco mais cara?","description":"A energia \u00e9 um dos fatores que pressionam a infla\u00e7\u00e3o, mas o Guedes n\u00e3o v\u00ea problemas para atravessar o atual momento. Clique aqui e saiba mais","robots":{"index":"index","follow":"follow","max-snippet":"max-snippet:-1","max-image-preview":"max-image-preview:large","max-video-preview":"max-video-preview:-1"},"canonical":"https:\/\/www.suno.com.br\/noticias\/guedes-qual-problema-energia-mais-cara\/","og_locale":"pt_BR","og_type":"article","og_title":"Guedes: Qual o problema de a energia ficar um pouco mais cara?","og_description":"A energia \u00e9 um dos fatores que pressionam a infla\u00e7\u00e3o, mas o Guedes n\u00e3o v\u00ea problemas para atravessar o atual momento. Clique aqui e saiba mais","og_url":"https:\/\/www.suno.com.br\/noticias\/guedes-qual-problema-energia-mais-cara\/","og_site_name":"Suno Not\u00edcias","article_publisher":"https:\/\/facebook.com\/sunoresearch","og_image":[{"width":1200,"height":800,"url":"https:\/\/files.sunoresearch.com.br\/n\/uploads\/2021\/06\/a3185647-economia_1202200236-1.jpg","type":"image\/jpeg"}],"author":"Poliana Santos","twitter_card":"summary_large_image","twitter_creator":"@sunoresearch","twitter_site":"@sunoresearch","twitter_misc":{"Escrito por":"Poliana Santos","Est. tempo de leitura":"3 minutos"},"schema":{"@context":"https:\/\/schema.org","@graph":[{"@type":"NewsArticle","@id":"https:\/\/www.suno.com.br\/noticias\/guedes-qual-problema-energia-mais-cara\/#article","isPartOf":{"@id":"https:\/\/www.suno.com.br\/noticias\/guedes-qual-problema-energia-mais-cara\/"},"author":{"name":"Poliana Santos","@id":"https:\/\/www.suno.com.br\/noticias\/#\/schema\/person\/02ec1f752758247878a2bf4abee1aeda"},"headline":"Guedes: Qual o problema de a energia ficar um pouco mais cara?","datePublished":"2021-08-26T11:55:33+00:00","dateModified":"2021-08-27T17:50:24+00:00","mainEntityOfPage":{"@id":"https:\/\/www.suno.com.br\/noticias\/guedes-qual-problema-energia-mais-cara\/"},"wordCount":562,"publisher":{"@id":"https:\/\/www.suno.com.br\/noticias\/#organization"},"image":{"@id":"https:\/\/www.suno.com.br\/noticias\/guedes-qual-problema-energia-mais-cara\/#primaryimage"},"thumbnailUrl":"https:\/\/files.sunoresearch.com.br\/n\/uploads\/2021\/06\/a3185647-economia_1202200236-1-jpg.webp","keywords":["energia el\u00e9trica","Minist\u00e9rio da Economia","Paulo Guedes"],"articleSection":["Neg\u00f3cios"],"inLanguage":"pt-BR"},{"@type":"WebPage","@id":"https:\/\/www.suno.com.br\/noticias\/guedes-qual-problema-energia-mais-cara\/","url":"https:\/\/www.suno.com.br\/noticias\/guedes-qual-problema-energia-mais-cara\/","name":"Guedes: Qual o problema de a energia ficar um pouco mais cara?","isPartOf":{"@id":"https:\/\/www.suno.com.br\/noticias\/#website"},"primaryImageOfPage":{"@id":"https:\/\/www.suno.com.br\/noticias\/guedes-qual-problema-energia-mais-cara\/#primaryimage"},"image":{"@id":"https:\/\/www.suno.com.br\/noticias\/guedes-qual-problema-energia-mais-cara\/#primaryimage"},"thumbnailUrl":"https:\/\/files.sunoresearch.com.br\/n\/uploads\/2021\/06\/a3185647-economia_1202200236-1-jpg.webp","datePublished":"2021-08-26T11:55:33+00:00","dateModified":"2021-08-27T17:50:24+00:00","description":"A energia \u00e9 um dos fatores que pressionam a infla\u00e7\u00e3o, mas o Guedes n\u00e3o v\u00ea problemas para atravessar o atual momento. Clique aqui e saiba mais","breadcrumb":{"@id":"https:\/\/www.suno.com.br\/noticias\/guedes-qual-problema-energia-mais-cara\/#breadcrumb"},"inLanguage":"pt-BR","potentialAction":[{"@type":"ReadAction","target":["https:\/\/www.suno.com.br\/noticias\/guedes-qual-problema-energia-mais-cara\/"]}]},{"@type":"ImageObject","inLanguage":"pt-BR","@id":"https:\/\/www.suno.com.br\/noticias\/guedes-qual-problema-energia-mais-cara\/#primaryimage","url":"https:\/\/files.sunoresearch.com.br\/n\/uploads\/2021\/06\/a3185647-economia_1202200236-1-jpg.webp","contentUrl":"https:\/\/files.sunoresearch.com.br\/n\/uploads\/2021\/06\/a3185647-economia_1202200236-1-jpg.webp","width":1200,"height":800,"caption":"Paulo Guedes. Foto: Wilson Dias\/Ag\u00eancia Brasil"},{"@type":"BreadcrumbList","@id":"https:\/\/www.suno.com.br\/noticias\/guedes-qual-problema-energia-mais-cara\/#breadcrumb","itemListElement":[{"@type":"ListItem","position":1,"name":"Not\u00edcias","item":"https:\/\/www.suno.com.br\/noticias\/"},{"@type":"ListItem","position":2,"name":"Neg\u00f3cios","item":"https:\/\/www.suno.com.br\/noticias\/negocios\/"},{"@type":"ListItem","position":3,"name":"Guedes: Qual o problema de a energia ficar um pouco mais cara?"}]},{"@type":"WebSite","@id":"https:\/\/www.suno.com.br\/noticias\/#website","url":"https:\/\/www.suno.com.br\/noticias\/","name":"Suno Not\u00edcias","description":"Seu portal de informa\u00e7\u00e3o sobre o mundo dos investimentos","publisher":{"@id":"https:\/\/www.suno.com.br\/noticias\/#organization"},"potentialAction":[{"@type":"SearchAction","target":{"@type":"EntryPoint","urlTemplate":"https:\/\/www.suno.com.br\/noticias\/?s={search_term_string}"},"query-input":{"@type":"PropertyValueSpecification","valueRequired":true,"valueName":"search_term_string"}}],"inLanguage":"pt-BR"},{"@type":"Organization","@id":"https:\/\/www.suno.com.br\/noticias\/#organization","name":"Suno Not\u00edcias","url":"https:\/\/www.suno.com.br\/noticias\/","logo":{"@type":"ImageObject","inLanguage":"pt-BR","@id":"https:\/\/www.suno.com.br\/noticias\/#\/schema\/logo\/image\/","url":"https:\/\/files.sunoresearch.com.br\/n\/uploads\/2021\/09\/suno-logo.png","contentUrl":"https:\/\/files.sunoresearch.com.br\/n\/uploads\/2021\/09\/suno-logo.png","width":180,"height":180,"caption":"Suno Not\u00edcias"},"image":{"@id":"https:\/\/www.suno.com.br\/noticias\/#\/schema\/logo\/image\/"},"sameAs":["https:\/\/facebook.com\/sunoresearch","https:\/\/x.com\/sunoresearch","https:\/\/www.instagram.com\/suno","https:\/\/www.linkedin.com\/company\/suno-research\/","https:\/\/www.youtube.com\/c\/sunoresearch"]},{"@type":"Person","@id":"https:\/\/www.suno.com.br\/noticias\/#\/schema\/person\/02ec1f752758247878a2bf4abee1aeda","name":"Poliana Santos","image":{"@type":"ImageObject","inLanguage":"pt-BR","@id":"https:\/\/www.suno.com.br\/noticias\/#\/schema\/person\/image\/","url":"https:\/\/secure.gravatar.com\/avatar\/0645bd32f23d87b2130f2b2dff1d3f8d?s=96&r=g","contentUrl":"https:\/\/secure.gravatar.com\/avatar\/0645bd32f23d87b2130f2b2dff1d3f8d?s=96&r=g","caption":"Poliana Santos"},"description":"Rep\u00f3rter no Suno Not\u00edcias, com cobertura em mercado financeiro, economia, finan\u00e7as pessoais, renda fixa e varejo. Jornalista formada pela Faculdade C\u00e1sper L\u00edbero e possui passagem na R\u00e1dio Gazeta AM com a produ\u00e7\u00e3o de conte\u00fado sobre economia, pol\u00edtica, sa\u00fade, moda e m\u00fasica. Possui certificado de conclus\u00e3o do curso de An\u00e1lise de Balan\u00e7os pela Funda\u00e7\u00e3o Bradesco, Agenda Brasil pela FAAP, Educa\u00e7\u00e3o Pol\u00edtica por Alexandre Garcia e do Tesouro Direto e Mercado de A\u00e7\u00f5es pela B3.","url":"https:\/\/www.suno.com.br\/noticias\/author\/poliana-santos\/"}]}},"default_loop_html":"<div class=\"cardsPage__listCard__boxs\"><div class=\"cardsPage__listCard__boxs__img\"><a href=\"https:\/\/www.suno.com.br\/noticias\/guedes-qual-problema-energia-mais-cara\/\"><img class=\"mask\" src=\"https:\/\/www.suno.com.br\/noticias\/wp-content\/themes\/suno\/resources\/images\/spotlight\/spotlight1img\/bg-mask.png\" alt=\"Image Mask\"\/><img src=\"https:\/\/files.sunoresearch.com.br\/n\/uploads\/2021\/06\/a3185647-economia_1202200236-1-400x200.webp\" alt=\"Guedes: Qual o problema de a energia ficar um pouco mais cara?\"\/><\/a><span class=\"spotlightCategory\"><a href=\"https:\/\/www.suno.com.br\/noticias\/negocios\/\">Neg\u00f3cios<\/a><\/span><\/div><div class=\"cardsPage__listCard__boxs__content\"><a href=\"https:\/\/www.suno.com.br\/noticias\/guedes-qual-problema-energia-mais-cara\/\"><h2 class=\"content__title\">Guedes: Qual o problema de a energia ficar um pouco mais cara?<\/h2><\/a><div class=\"newsContent__article__meta\"><div class=\"newsContent__article__meta__authorBox\"><a href=\"https:\/\/www.suno.com.br\/noticias\/author\/poliana-santos\/\" class=\"authorBox__avatar noMobi\"><img src=\"https:\/\/files.sunoresearch.com.br\/n\/uploads\/2020\/08\/7ef34026-whatsapp-image-2020-08-03-at-12.37.57-150x150.webp\" alt=\"Poliana Santos\"><\/a><div class=\"authorBox__name\"><span>por\n\t\t\t<a href=\"https:\/\/www.suno.com.br\/noticias\/author\/poliana-santos\/\"><span itemprop=\"author\">Poliana Santos<\/span><\/a><\/span><time datetime=\"2021-08-26T08:55:33-03:00\" itemprop=\"datePublished\">26\/08\/2021 08:55<\/time><\/div><\/div><\/div><\/div><\/div>","single_layout":"posts","amp_enabled":true,"_links":{"self":[{"href":"https:\/\/www.suno.com.br\/noticias\/wp-json\/wp\/v2\/posts\/178420"}],"collection":[{"href":"https:\/\/www.suno.com.br\/noticias\/wp-json\/wp\/v2\/posts"}],"about":[{"href":"https:\/\/www.suno.com.br\/noticias\/wp-json\/wp\/v2\/types\/post"}],"author":[{"embeddable":true,"href":"https:\/\/www.suno.com.br\/noticias\/wp-json\/wp\/v2\/users\/15"}],"replies":[{"embeddable":true,"href":"https:\/\/www.suno.com.br\/noticias\/wp-json\/wp\/v2\/comments?post=178420"}],"version-history":[{"count":5,"href":"https:\/\/www.suno.com.br\/noticias\/wp-json\/wp\/v2\/posts\/178420\/revisions"}],"predecessor-version":[{"id":181929,"href":"https:\/\/www.suno.com.br\/noticias\/wp-json\/wp\/v2\/posts\/178420\/revisions\/181929"}],"wp:featuredmedia":[{"embeddable":true,"href":"https:\/\/www.suno.com.br\/noticias\/wp-json\/wp\/v2\/media\/157935"}],"wp:attachment":[{"href":"https:\/\/www.suno.com.br\/noticias\/wp-json\/wp\/v2\/media?parent=178420"}],"wp:term":[{"taxonomy":"category","embeddable":true,"href":"https:\/\/www.suno.com.br\/noticias\/wp-json\/wp\/v2\/categories?post=178420"},{"taxonomy":"post_tag","embeddable":true,"href":"https:\/\/www.suno.com.br\/noticias\/wp-json\/wp\/v2\/tags?post=178420"},{"taxonomy":"suno_strategy","embeddable":true,"href":"https:\/\/www.suno.com.br\/noticias\/wp-json\/wp\/v2\/suno_strategy?post=178420"}],"curies":[{"name":"wp","href":"https:\/\/api.w.org\/{rel}","templated":true}]}}