{"id":178340,"date":"2021-08-25T20:26:37","date_gmt":"2021-08-25T23:26:37","guid":{"rendered":"https:\/\/www.suno.com.br\/noticias\/?p=178340"},"modified":"2021-08-27T18:26:56","modified_gmt":"2021-08-27T21:26:56","slug":"ibovespa-acao-inter-bidi11-lidera-perdas","status":"publish","type":"post","link":"https:\/\/www.suno.com.br\/noticias\/ibovespa-acao-inter-bidi11-lidera-perdas\/","title":{"rendered":"Ibovespa: Banco Inter (BIDI11) desaba e lidera perdas, na contram\u00e3o de bancos; entenda"},"content":{"rendered":"<p>A a\u00e7\u00e3o do <strong>Banco<\/strong> <strong>Inter<\/strong> (BIDI11) liderou as maiores baixas do Ibovespa nesta quarta-feira (25), ao registrar queda de 4,42%, para R$ 64,19. O que motivou o recuo nos pap\u00e9is do banco, que j\u00e1 tinha apresentado baixas na semana passada?<\/p>\t<div class=\"wrapper-featured-image\">\n\t\t<figure class=\"spotlightImg\">\n\n\t\t\t<picture>\n\t\t\t\t<source media=\"(max-width: 768px)\" srcset=\"https:\/\/files.sunoresearch.com.br\/n\/uploads\/2021\/06\/cf930893-51451644_2000613483341381_4444064620369412096_n-400x200.webp\">\n\t\t\t\t<img loading=\"lazy\" decoding=\"async\" class=\"newsContent__article__imgCapa lazyloadDisabled \" src=\"https:\/\/files.sunoresearch.com.br\/n\/uploads\/2021\/06\/cf930893-51451644_2000613483341381_4444064620369412096_n-800x450.webp\" width=\"800\" height=\"450\" alt=\"Ibovespa: Banco Inter (BIDI11) desaba e lidera perdas, na contram\u00e3o de bancos; entenda\" fetchpriority=high \/>\n\t\t\t<\/picture>\n\n\t\t\t<figcaption class=\"wp-caption-text wp-caption-text--show\">Banco Inter (BIDI11). Foto: Reprodu\u00e7\u00e3o Facebook<\/figcaption>\n\t\t<\/figure>\n\t<\/div>\n\n\n\t<p>\n\t\t<a href=\"https:\/\/lp.suno.com.br\/planilha-controle-gastos\/\" target=\"_blank\" data-element=\"shortcode-suno-banner\" title=\"Banner SUNO, clique e saiba mais\">\n\t\t\t<picture>\n\t\t\t\t<source media=\"(max-width: 500px)\" srcset=\"https:\/\/files.sunoresearch.com.br\/n\/uploads\/2023\/03\/400x300-Planilha-controle-de-gastos.png\">\n\t\t\t\t<img class=\"newsContent__article__imgCapa newsContent__article__imgCapa--banner\"\n\t\t\t\t\tsrc=\"https:\/\/files.sunoresearch.com.br\/n\/uploads\/2023\/03\/1420x240-Planilha-controle-de-gastos.png\"\n\t\t\t\t\tdata-promo-id=\"101751\"\t\t\t\t\t\t\t\t\t\twidth='1420' height='240'\t\t\t\t\talt=\"https:\/\/files.sunoresearch.com.br\/n\/uploads\/2023\/03\/1420x240-Planilha-controle-de-gastos.png\"\n\t\t\t\t>\n\t\t\t<\/picture>\n\t\t<\/a>\n\t<\/p>\n\n\n<p>Primeiro, \u00e9 preciso olhar para o cen\u00e1rio que afetou o preg\u00e3o de hoje. A agenda de indicadores movimentou a <a class=\"suno-keyword\" href=\"https:\/\/www.suno.com.br\/artigos\/curva-de-juros\/\" target=\"_blank\" rel=\"noopener\" data-force=\"no\" data-priority=\"1\">curva de juros<\/a> e mexeu com a <strong>a\u00e7\u00e3o do Banco Inter<\/strong>. Pela manh\u00e3, as taxas curtas foram puxadas pela divulga\u00e7\u00e3o do \u00cdndice Nacional de Pre\u00e7os ao Consumidor Amplo &#8211; 15 (<strong>IPCA-15<\/strong>) de agosto a 0,89%, acima do consenso de 0,74%, e com leitura negativa dos pre\u00e7os de abertura.<\/p>\n<p>A curva curta ainda foi impactada pela informa\u00e7\u00e3o apurada pelo <i>Broadcast<\/i> de que medidas de racionamento estudadas pelo governo podem elevar a bandeira vermelha para at\u00e9 R$ 20 a cada 100 kWh.<\/p>\n<p>Ao longo do dia, no entanto, a press\u00e3o perdeu for\u00e7a, sob a percep\u00e7\u00e3o de que a infla\u00e7\u00e3o a ser afetada \u00e9 a de 2021, dada como batalha perdida no mercado.<\/p>\n\t<div data-element=\"shortcode-read-more\" class=\"knowMore\">\n\t\t\t\t<span class=\"knowMore__title\">Saiba mais<\/span>\n\t\t\t\t<a class=\"knowMore__link\" href=\"https:\/\/www.suno.com.br\/noticias\/ibovespa-fecha-em-alta-de-05-com-alivio-fiscal-irb-brasil-irbr3-sobe-3\/\">\n\t\t\tIbovespa fecha em alta de 0,5% com al\u00edvio fiscal; IRB Brasil (IRBR3) sobe 3%\t\t<\/a>\n\t<\/div>\n\n\n<p>No fim da sess\u00e3o, as taxas curtas estavam em leve alta e as de prazo m\u00e9dio e intermedi\u00e1rio em queda firme, refletindo a perspectiva de aperto na taxa Selic nos pr\u00f3ximos meses, conjugada \u00e0 melhora na percep\u00e7\u00e3o para as contas p\u00fablicas trazida pelos n\u00fameros fortes da arrecada\u00e7\u00e3o de julho, mesmo diante do risco de racionamento de energia que ronda o Pa\u00eds.<\/p>\n<p>Mesmo assim, a <strong>cota\u00e7\u00e3o do Banco Inter hoje<\/strong> foi a que registrou uma das maiores desvaloriza\u00e7\u00f5es entre principais bancos listados na <a class=\"suno-keyword\" href=\"https:\/\/www.suno.com.br\/artigos\/b3\/\" target=\"_blank\" rel=\"noopener\" data-force=\"no\" data-priority=\"3\">Bolsa de Valores de S\u00e3o Paulo (B3)<\/a>:<\/p>\n<ul>\n<li><a class=\"suno-keyword\" href=\"https:\/\/www.suno.com.br\/acoes\/BPAC11\/\" target=\"_blank\" rel=\"noopener\" data-force=\"yes\" data-priority=\"2\">BTG Pactual (BPAC11)<\/a>: +0,49% \/ R$ 28,80<\/li>\n<li><a class=\"suno-keyword\" href=\"https:\/\/www.suno.com.br\/acoes\/SANB11\/\" target=\"_blank\" rel=\"noopener\" data-force=\"yes\" data-priority=\"2\">Santander Brasil (SANB11)<\/a>: +0,39% \/ R$ 41,56<\/li>\n<li><a class=\"suno-keyword\" href=\"https:\/\/www.suno.com.br\/acoes\/ITUB4\/\" target=\"_blank\" rel=\"noopener\" data-force=\"yes\" data-priority=\"2\">Ita\u00fa Unibanco (ITUB4)<\/a>: +0,13% \/ R$ 30,99<\/li>\n<li><a class=\"suno-keyword\" href=\"https:\/\/www.suno.com.br\/acoes\/BBDC4\/\" target=\"_blank\" rel=\"noopener\" data-force=\"yes\" data-priority=\"2\">Bradesco (BBDC4)<\/a>: +0,17% \/ R$ 23,42<\/li>\n<li><a class=\"suno-keyword\" href=\"https:\/\/www.suno.com.br\/acoes\/BBAS3\/\" target=\"_blank\" rel=\"noopener\" data-force=\"yes\" data-priority=\"2\">Banco do Brasil (BBAS3)<\/a>: -0,33% \/ R$ 30,50<\/li>\n<\/ul>\n\t<p>\n\t\t<a href=\"https:\/\/lp.suno.com.br\/planilha-da-vida-financeira\/\" target=\"_blank\" data-element=\"shortcode-suno-banner\" title=\"Banner SUNO, clique e saiba mais\">\n\t\t\t<picture>\n\t\t\t\t<source media=\"(max-width: 500px)\" srcset=\"https:\/\/files.sunoresearch.com.br\/n\/uploads\/2023\/04\/400x300-Planilha-vida-financeira-true.png\">\n\t\t\t\t<img class=\"newsContent__article__imgCapa newsContent__article__imgCapa--banner\"\n\t\t\t\t\tsrc=\"https:\/\/files.sunoresearch.com.br\/n\/uploads\/2023\/04\/1420x240-Planilha-vida-financeira-true.png\"\n\t\t\t\t\tdata-promo-id=\"106682\"\t\t\t\t\t\t\t\t\t\twidth='1420' height='240'\t\t\t\t\talt=\"https:\/\/files.sunoresearch.com.br\/n\/uploads\/2023\/04\/1420x240-Planilha-vida-financeira-true.png\"\n\t\t\t\t>\n\t\t\t<\/picture>\n\t\t<\/a>\n\t<\/p>\n\n\n<h2>A\u00e7\u00e3o do Inter amarga perdas ap\u00f3s balan\u00e7o do 2T21<\/h2>\n<p>A <strong>unit do Banco Inter <\/strong>entrou em um espiral de quedas depois do banco digital reportar um <a class=\"suno-keyword\" href=\"https:\/\/www.suno.com.br\/artigos\/lucro-liquido\/\" target=\"_blank\" rel=\"noopener\" data-force=\"no\" data-priority=\"1\">lucro l\u00edquido<\/a> no segundo trimestre de 2021 sete vezes superior ao apurado no mesmo per\u00edodo do ano passado, m\u00e9trica abaixo da expectativa do mercado.<\/p>\n<p>A empresa foi impactada por &#8220;despesas de cashback e de processamento de dados, al\u00e9m de maiores provis\u00f5es para cr\u00e9ditos de liquida\u00e7\u00e3o duvidosa&#8221;, avaliou a equipe de research do BTG.<\/p>\n<p>Apesar disso, o banco entendeu que a companhia est\u00e1 &#8220;no caminho certo&#8221;. &#8220;No geral, foi um primeiro semestre forte em termos de crescimento para o Inter. O maior apetite para aumentar a carteira de empr\u00e9stimos, a parceria com a Stone e o recente follow-on aumentam nossa confian\u00e7a na tese de investimento,&#8221; disse em relat\u00f3rio.<\/p>\n<p>A a\u00e7\u00e3o do <strong>Inter<\/strong> ensaiou uma recupera\u00e7\u00e3o no final da semana passada, mas retornou ao patamar do \u00faltimo dia 16 ap\u00f3s as perdas de hoje.<\/p>\n<p><em>(Com Estad\u00e3o Conte\u00fado)<\/em><\/p>\n\t<p>\n\t\t<a href=\"https:\/\/lp.suno.com.br\/ebook-como-analisar-uma-acao\/\" target=\"_blank\" data-element=\"shortcode-suno-banner\" title=\"Banner SUNO, clique e saiba mais\">\n\t\t\t<picture>\n\t\t\t\t<source media=\"(max-width: 500px)\" srcset=\"https:\/\/files.sunoresearch.com.br\/n\/uploads\/2023\/03\/Ebook-Acoes-Mobile-1.jpg\">\n\t\t\t\t<img class=\"newsContent__article__imgCapa newsContent__article__imgCapa--banner\"\n\t\t\t\t\tsrc=\"https:\/\/files.sunoresearch.com.br\/n\/uploads\/2023\/03\/Ebook-Acoes-Desktop-1.jpg\"\n\t\t\t\t\tdata-promo-id=\"171998\"\t\t\t\t\t\t\t\t\t\twidth='1420' height='286'\t\t\t\t\talt=\"https:\/\/files.sunoresearch.com.br\/n\/uploads\/2023\/03\/Ebook-Acoes-Desktop-1.jpg\"\n\t\t\t\t>\n\t\t\t<\/picture>\n\t\t<\/a>\n\t<\/p>\n\n\n","protected":false},"excerpt":{"rendered":"<p>A a\u00e7\u00e3o do Banco Inter (BIDI11) liderou as maiores baixas do Ibovespa nesta quarta-feira (25), ao registrar queda de 4,42%, para R$ 64,19. O que motivou o recuo nos pap\u00e9is do banco, que j\u00e1 tinha apresentado baixas na semana passada? Banco Inter (BIDI11). Foto: Reprodu\u00e7\u00e3o Facebook Primeiro, \u00e9 preciso olhar para o cen\u00e1rio que afetou [&hellip;]<\/p>\n","protected":false},"author":35,"featured_media":158691,"comment_status":"closed","ping_status":"closed","sticky":false,"template":"","format":"standard","meta":[],"categories":[60],"tags":[106764,721],"suno_strategy":[],"class_list":["post-178340","post","type-post","status-publish","format-standard","has-post-thumbnail","hentry","category-mercado","tag-banco-inter-bidi11","tag-ibovespa"],"yoast_head":"<!-- This site is optimized with the Yoast SEO plugin v24.4 - https:\/\/yoast.com\/wordpress\/plugins\/seo\/ -->\n<title>Ibovespa: a\u00e7\u00e3o do Inter (BIDI11) lidera perdas, na contram\u00e3o de bancos<\/title>\n<meta name=\"description\" content=\"A a\u00e7\u00e3o do Banco Inter (BIDI11) liderou as maiores baixas do Ibovespa nesta quarta. Clique aqui para saber mais sobre a cota\u00e7\u00e3o do Inter hoje.\" \/>\n<meta name=\"robots\" content=\"index, follow, max-snippet:-1, max-image-preview:large, max-video-preview:-1\" \/>\n<link rel=\"canonical\" href=\"https:\/\/www.suno.com.br\/noticias\/ibovespa-acao-inter-bidi11-lidera-perdas\/\" \/>\n<meta property=\"og:locale\" content=\"pt_BR\" \/>\n<meta property=\"og:type\" content=\"article\" \/>\n<meta property=\"og:title\" content=\"Ibovespa: a\u00e7\u00e3o do Inter (BIDI11) lidera perdas, na contram\u00e3o de bancos\" \/>\n<meta property=\"og:description\" content=\"A a\u00e7\u00e3o do Banco Inter (BIDI11) liderou as maiores baixas do Ibovespa nesta quarta. Clique aqui para saber mais sobre a cota\u00e7\u00e3o do Inter hoje.\" \/>\n<meta property=\"og:url\" content=\"https:\/\/www.suno.com.br\/noticias\/ibovespa-acao-inter-bidi11-lidera-perdas\/\" \/>\n<meta property=\"og:site_name\" content=\"Suno Not\u00edcias\" \/>\n<meta property=\"article:publisher\" content=\"https:\/\/facebook.com\/sunoresearch\" \/>\n<meta property=\"og:image\" content=\"https:\/\/files.sunoresearch.com.br\/n\/uploads\/2021\/06\/cf930893-51451644_2000613483341381_4444064620369412096_n.png\" \/>\n\t<meta property=\"og:image:width\" content=\"1244\" \/>\n\t<meta property=\"og:image:height\" content=\"473\" \/>\n\t<meta property=\"og:image:type\" content=\"image\/png\" \/>\n<meta name=\"author\" content=\"Arthur Guimar\u00e3es\" \/>\n<meta name=\"twitter:card\" content=\"summary_large_image\" \/>\n<meta name=\"twitter:creator\" content=\"@sunoresearch\" \/>\n<meta name=\"twitter:site\" content=\"@sunoresearch\" \/>\n<meta name=\"twitter:label1\" content=\"Escrito por\" \/>\n\t<meta name=\"twitter:data1\" content=\"Arthur Guimar\u00e3es\" \/>\n\t<meta name=\"twitter:label2\" content=\"Est. tempo de leitura\" \/>\n\t<meta name=\"twitter:data2\" content=\"3 minutos\" \/>\n<script type=\"application\/ld+json\" class=\"yoast-schema-graph\">{\"@context\":\"https:\/\/schema.org\",\"@graph\":[{\"@type\":\"NewsArticle\",\"@id\":\"https:\/\/www.suno.com.br\/noticias\/ibovespa-acao-inter-bidi11-lidera-perdas\/#article\",\"isPartOf\":{\"@id\":\"https:\/\/www.suno.com.br\/noticias\/ibovespa-acao-inter-bidi11-lidera-perdas\/\"},\"author\":{\"name\":\"Arthur Guimar\u00e3es\",\"@id\":\"https:\/\/www.suno.com.br\/noticias\/#\/schema\/person\/053a750a709a263919a20f976caae91c\"},\"headline\":\"Ibovespa: Banco Inter (BIDI11) desaba e lidera perdas, na contram\u00e3o de bancos; entenda\",\"datePublished\":\"2021-08-25T23:26:37+00:00\",\"dateModified\":\"2021-08-27T21:26:56+00:00\",\"mainEntityOfPage\":{\"@id\":\"https:\/\/www.suno.com.br\/noticias\/ibovespa-acao-inter-bidi11-lidera-perdas\/\"},\"wordCount\":499,\"publisher\":{\"@id\":\"https:\/\/www.suno.com.br\/noticias\/#organization\"},\"image\":{\"@id\":\"https:\/\/www.suno.com.br\/noticias\/ibovespa-acao-inter-bidi11-lidera-perdas\/#primaryimage\"},\"thumbnailUrl\":\"https:\/\/files.sunoresearch.com.br\/n\/uploads\/2021\/06\/cf930893-51451644_2000613483341381_4444064620369412096_n-png.webp\",\"keywords\":[\"Banco Inter (BIDI11)\",\"Ibovespa\"],\"articleSection\":[\"Mercado\"],\"inLanguage\":\"pt-BR\"},{\"@type\":\"WebPage\",\"@id\":\"https:\/\/www.suno.com.br\/noticias\/ibovespa-acao-inter-bidi11-lidera-perdas\/\",\"url\":\"https:\/\/www.suno.com.br\/noticias\/ibovespa-acao-inter-bidi11-lidera-perdas\/\",\"name\":\"Ibovespa: a\u00e7\u00e3o do Inter (BIDI11) lidera perdas, na contram\u00e3o de bancos\",\"isPartOf\":{\"@id\":\"https:\/\/www.suno.com.br\/noticias\/#website\"},\"primaryImageOfPage\":{\"@id\":\"https:\/\/www.suno.com.br\/noticias\/ibovespa-acao-inter-bidi11-lidera-perdas\/#primaryimage\"},\"image\":{\"@id\":\"https:\/\/www.suno.com.br\/noticias\/ibovespa-acao-inter-bidi11-lidera-perdas\/#primaryimage\"},\"thumbnailUrl\":\"https:\/\/files.sunoresearch.com.br\/n\/uploads\/2021\/06\/cf930893-51451644_2000613483341381_4444064620369412096_n-png.webp\",\"datePublished\":\"2021-08-25T23:26:37+00:00\",\"dateModified\":\"2021-08-27T21:26:56+00:00\",\"description\":\"A a\u00e7\u00e3o do Banco Inter (BIDI11) liderou as maiores baixas do Ibovespa nesta quarta. Clique aqui para saber mais sobre a cota\u00e7\u00e3o do Inter hoje.\",\"breadcrumb\":{\"@id\":\"https:\/\/www.suno.com.br\/noticias\/ibovespa-acao-inter-bidi11-lidera-perdas\/#breadcrumb\"},\"inLanguage\":\"pt-BR\",\"potentialAction\":[{\"@type\":\"ReadAction\",\"target\":[\"https:\/\/www.suno.com.br\/noticias\/ibovespa-acao-inter-bidi11-lidera-perdas\/\"]}]},{\"@type\":\"ImageObject\",\"inLanguage\":\"pt-BR\",\"@id\":\"https:\/\/www.suno.com.br\/noticias\/ibovespa-acao-inter-bidi11-lidera-perdas\/#primaryimage\",\"url\":\"https:\/\/files.sunoresearch.com.br\/n\/uploads\/2021\/06\/cf930893-51451644_2000613483341381_4444064620369412096_n-png.webp\",\"contentUrl\":\"https:\/\/files.sunoresearch.com.br\/n\/uploads\/2021\/06\/cf930893-51451644_2000613483341381_4444064620369412096_n-png.webp\",\"width\":1244,\"height\":473,\"caption\":\"Banco Inter (BIDI11). Foto: Reprodu\u00e7\u00e3o Facebook\"},{\"@type\":\"BreadcrumbList\",\"@id\":\"https:\/\/www.suno.com.br\/noticias\/ibovespa-acao-inter-bidi11-lidera-perdas\/#breadcrumb\",\"itemListElement\":[{\"@type\":\"ListItem\",\"position\":1,\"name\":\"Not\u00edcias\",\"item\":\"https:\/\/www.suno.com.br\/noticias\/\"},{\"@type\":\"ListItem\",\"position\":2,\"name\":\"Mercado\",\"item\":\"https:\/\/www.suno.com.br\/noticias\/mercado\/\"},{\"@type\":\"ListItem\",\"position\":3,\"name\":\"Ibovespa: Banco Inter (BIDI11) desaba e lidera perdas, na contram\u00e3o de bancos; entenda\"}]},{\"@type\":\"WebSite\",\"@id\":\"https:\/\/www.suno.com.br\/noticias\/#website\",\"url\":\"https:\/\/www.suno.com.br\/noticias\/\",\"name\":\"Suno Not\u00edcias\",\"description\":\"Seu portal de informa\u00e7\u00e3o sobre o mundo dos investimentos\",\"publisher\":{\"@id\":\"https:\/\/www.suno.com.br\/noticias\/#organization\"},\"potentialAction\":[{\"@type\":\"SearchAction\",\"target\":{\"@type\":\"EntryPoint\",\"urlTemplate\":\"https:\/\/www.suno.com.br\/noticias\/?s={search_term_string}\"},\"query-input\":{\"@type\":\"PropertyValueSpecification\",\"valueRequired\":true,\"valueName\":\"search_term_string\"}}],\"inLanguage\":\"pt-BR\"},{\"@type\":\"Organization\",\"@id\":\"https:\/\/www.suno.com.br\/noticias\/#organization\",\"name\":\"Suno Not\u00edcias\",\"url\":\"https:\/\/www.suno.com.br\/noticias\/\",\"logo\":{\"@type\":\"ImageObject\",\"inLanguage\":\"pt-BR\",\"@id\":\"https:\/\/www.suno.com.br\/noticias\/#\/schema\/logo\/image\/\",\"url\":\"https:\/\/files.sunoresearch.com.br\/n\/uploads\/2021\/09\/suno-logo.png\",\"contentUrl\":\"https:\/\/files.sunoresearch.com.br\/n\/uploads\/2021\/09\/suno-logo.png\",\"width\":180,\"height\":180,\"caption\":\"Suno Not\u00edcias\"},\"image\":{\"@id\":\"https:\/\/www.suno.com.br\/noticias\/#\/schema\/logo\/image\/\"},\"sameAs\":[\"https:\/\/facebook.com\/sunoresearch\",\"https:\/\/x.com\/sunoresearch\",\"https:\/\/www.instagram.com\/suno\",\"https:\/\/www.linkedin.com\/company\/suno-research\/\",\"https:\/\/www.youtube.com\/c\/sunoresearch\"]},{\"@type\":\"Person\",\"@id\":\"https:\/\/www.suno.com.br\/noticias\/#\/schema\/person\/053a750a709a263919a20f976caae91c\",\"name\":\"Arthur Guimar\u00e3es\",\"image\":{\"@type\":\"ImageObject\",\"inLanguage\":\"pt-BR\",\"@id\":\"https:\/\/www.suno.com.br\/noticias\/#\/schema\/person\/image\/\",\"url\":\"https:\/\/secure.gravatar.com\/avatar\/1affd86a11209ae09eb6dd3bcad3e96c?s=96&r=g\",\"contentUrl\":\"https:\/\/secure.gravatar.com\/avatar\/1affd86a11209ae09eb6dd3bcad3e96c?s=96&r=g\",\"caption\":\"Arthur Guimar\u00e3es\"},\"description\":\"Arthur Guimar\u00e3es escreve sobre pol\u00edtica, economia e neg\u00f3cios para o portal de not\u00edcias da Suno Research. Atualmente, \u00e9 estudante de jornalismo pela Faculdade C\u00e1sper L\u00edbero.\",\"url\":\"https:\/\/www.suno.com.br\/noticias\/author\/arthur-guimaraes\/\"}]}<\/script>\n<!-- \/ Yoast SEO plugin. -->","yoast_head_json":{"title":"Ibovespa: a\u00e7\u00e3o do Inter (BIDI11) lidera perdas, na contram\u00e3o de bancos","description":"A a\u00e7\u00e3o do Banco Inter (BIDI11) liderou as maiores baixas do Ibovespa nesta quarta. Clique aqui para saber mais sobre a cota\u00e7\u00e3o do Inter hoje.","robots":{"index":"index","follow":"follow","max-snippet":"max-snippet:-1","max-image-preview":"max-image-preview:large","max-video-preview":"max-video-preview:-1"},"canonical":"https:\/\/www.suno.com.br\/noticias\/ibovespa-acao-inter-bidi11-lidera-perdas\/","og_locale":"pt_BR","og_type":"article","og_title":"Ibovespa: a\u00e7\u00e3o do Inter (BIDI11) lidera perdas, na contram\u00e3o de bancos","og_description":"A a\u00e7\u00e3o do Banco Inter (BIDI11) liderou as maiores baixas do Ibovespa nesta quarta. Clique aqui para saber mais sobre a cota\u00e7\u00e3o do Inter hoje.","og_url":"https:\/\/www.suno.com.br\/noticias\/ibovespa-acao-inter-bidi11-lidera-perdas\/","og_site_name":"Suno Not\u00edcias","article_publisher":"https:\/\/facebook.com\/sunoresearch","og_image":[{"width":1244,"height":473,"url":"https:\/\/files.sunoresearch.com.br\/n\/uploads\/2021\/06\/cf930893-51451644_2000613483341381_4444064620369412096_n.png","type":"image\/png"}],"author":"Arthur Guimar\u00e3es","twitter_card":"summary_large_image","twitter_creator":"@sunoresearch","twitter_site":"@sunoresearch","twitter_misc":{"Escrito por":"Arthur Guimar\u00e3es","Est. tempo de leitura":"3 minutos"},"schema":{"@context":"https:\/\/schema.org","@graph":[{"@type":"NewsArticle","@id":"https:\/\/www.suno.com.br\/noticias\/ibovespa-acao-inter-bidi11-lidera-perdas\/#article","isPartOf":{"@id":"https:\/\/www.suno.com.br\/noticias\/ibovespa-acao-inter-bidi11-lidera-perdas\/"},"author":{"name":"Arthur Guimar\u00e3es","@id":"https:\/\/www.suno.com.br\/noticias\/#\/schema\/person\/053a750a709a263919a20f976caae91c"},"headline":"Ibovespa: Banco Inter (BIDI11) desaba e lidera perdas, na contram\u00e3o de bancos; entenda","datePublished":"2021-08-25T23:26:37+00:00","dateModified":"2021-08-27T21:26:56+00:00","mainEntityOfPage":{"@id":"https:\/\/www.suno.com.br\/noticias\/ibovespa-acao-inter-bidi11-lidera-perdas\/"},"wordCount":499,"publisher":{"@id":"https:\/\/www.suno.com.br\/noticias\/#organization"},"image":{"@id":"https:\/\/www.suno.com.br\/noticias\/ibovespa-acao-inter-bidi11-lidera-perdas\/#primaryimage"},"thumbnailUrl":"https:\/\/files.sunoresearch.com.br\/n\/uploads\/2021\/06\/cf930893-51451644_2000613483341381_4444064620369412096_n-png.webp","keywords":["Banco Inter (BIDI11)","Ibovespa"],"articleSection":["Mercado"],"inLanguage":"pt-BR"},{"@type":"WebPage","@id":"https:\/\/www.suno.com.br\/noticias\/ibovespa-acao-inter-bidi11-lidera-perdas\/","url":"https:\/\/www.suno.com.br\/noticias\/ibovespa-acao-inter-bidi11-lidera-perdas\/","name":"Ibovespa: a\u00e7\u00e3o do Inter (BIDI11) lidera perdas, na contram\u00e3o de bancos","isPartOf":{"@id":"https:\/\/www.suno.com.br\/noticias\/#website"},"primaryImageOfPage":{"@id":"https:\/\/www.suno.com.br\/noticias\/ibovespa-acao-inter-bidi11-lidera-perdas\/#primaryimage"},"image":{"@id":"https:\/\/www.suno.com.br\/noticias\/ibovespa-acao-inter-bidi11-lidera-perdas\/#primaryimage"},"thumbnailUrl":"https:\/\/files.sunoresearch.com.br\/n\/uploads\/2021\/06\/cf930893-51451644_2000613483341381_4444064620369412096_n-png.webp","datePublished":"2021-08-25T23:26:37+00:00","dateModified":"2021-08-27T21:26:56+00:00","description":"A a\u00e7\u00e3o do Banco Inter (BIDI11) liderou as maiores baixas do Ibovespa nesta quarta. Clique aqui para saber mais sobre a cota\u00e7\u00e3o do Inter hoje.","breadcrumb":{"@id":"https:\/\/www.suno.com.br\/noticias\/ibovespa-acao-inter-bidi11-lidera-perdas\/#breadcrumb"},"inLanguage":"pt-BR","potentialAction":[{"@type":"ReadAction","target":["https:\/\/www.suno.com.br\/noticias\/ibovespa-acao-inter-bidi11-lidera-perdas\/"]}]},{"@type":"ImageObject","inLanguage":"pt-BR","@id":"https:\/\/www.suno.com.br\/noticias\/ibovespa-acao-inter-bidi11-lidera-perdas\/#primaryimage","url":"https:\/\/files.sunoresearch.com.br\/n\/uploads\/2021\/06\/cf930893-51451644_2000613483341381_4444064620369412096_n-png.webp","contentUrl":"https:\/\/files.sunoresearch.com.br\/n\/uploads\/2021\/06\/cf930893-51451644_2000613483341381_4444064620369412096_n-png.webp","width":1244,"height":473,"caption":"Banco Inter (BIDI11). Foto: Reprodu\u00e7\u00e3o Facebook"},{"@type":"BreadcrumbList","@id":"https:\/\/www.suno.com.br\/noticias\/ibovespa-acao-inter-bidi11-lidera-perdas\/#breadcrumb","itemListElement":[{"@type":"ListItem","position":1,"name":"Not\u00edcias","item":"https:\/\/www.suno.com.br\/noticias\/"},{"@type":"ListItem","position":2,"name":"Mercado","item":"https:\/\/www.suno.com.br\/noticias\/mercado\/"},{"@type":"ListItem","position":3,"name":"Ibovespa: Banco Inter (BIDI11) desaba e lidera perdas, na contram\u00e3o de bancos; entenda"}]},{"@type":"WebSite","@id":"https:\/\/www.suno.com.br\/noticias\/#website","url":"https:\/\/www.suno.com.br\/noticias\/","name":"Suno Not\u00edcias","description":"Seu portal de informa\u00e7\u00e3o sobre o mundo dos investimentos","publisher":{"@id":"https:\/\/www.suno.com.br\/noticias\/#organization"},"potentialAction":[{"@type":"SearchAction","target":{"@type":"EntryPoint","urlTemplate":"https:\/\/www.suno.com.br\/noticias\/?s={search_term_string}"},"query-input":{"@type":"PropertyValueSpecification","valueRequired":true,"valueName":"search_term_string"}}],"inLanguage":"pt-BR"},{"@type":"Organization","@id":"https:\/\/www.suno.com.br\/noticias\/#organization","name":"Suno Not\u00edcias","url":"https:\/\/www.suno.com.br\/noticias\/","logo":{"@type":"ImageObject","inLanguage":"pt-BR","@id":"https:\/\/www.suno.com.br\/noticias\/#\/schema\/logo\/image\/","url":"https:\/\/files.sunoresearch.com.br\/n\/uploads\/2021\/09\/suno-logo.png","contentUrl":"https:\/\/files.sunoresearch.com.br\/n\/uploads\/2021\/09\/suno-logo.png","width":180,"height":180,"caption":"Suno Not\u00edcias"},"image":{"@id":"https:\/\/www.suno.com.br\/noticias\/#\/schema\/logo\/image\/"},"sameAs":["https:\/\/facebook.com\/sunoresearch","https:\/\/x.com\/sunoresearch","https:\/\/www.instagram.com\/suno","https:\/\/www.linkedin.com\/company\/suno-research\/","https:\/\/www.youtube.com\/c\/sunoresearch"]},{"@type":"Person","@id":"https:\/\/www.suno.com.br\/noticias\/#\/schema\/person\/053a750a709a263919a20f976caae91c","name":"Arthur Guimar\u00e3es","image":{"@type":"ImageObject","inLanguage":"pt-BR","@id":"https:\/\/www.suno.com.br\/noticias\/#\/schema\/person\/image\/","url":"https:\/\/secure.gravatar.com\/avatar\/1affd86a11209ae09eb6dd3bcad3e96c?s=96&r=g","contentUrl":"https:\/\/secure.gravatar.com\/avatar\/1affd86a11209ae09eb6dd3bcad3e96c?s=96&r=g","caption":"Arthur Guimar\u00e3es"},"description":"Arthur Guimar\u00e3es escreve sobre pol\u00edtica, economia e neg\u00f3cios para o portal de not\u00edcias da Suno Research. Atualmente, \u00e9 estudante de jornalismo pela Faculdade C\u00e1sper L\u00edbero.","url":"https:\/\/www.suno.com.br\/noticias\/author\/arthur-guimaraes\/"}]}},"default_loop_html":"<div class=\"cardsPage__listCard__boxs\"><div class=\"cardsPage__listCard__boxs__img\"><a href=\"https:\/\/www.suno.com.br\/noticias\/ibovespa-acao-inter-bidi11-lidera-perdas\/\"><img class=\"mask\" src=\"https:\/\/www.suno.com.br\/noticias\/wp-content\/themes\/suno\/resources\/images\/spotlight\/spotlight1img\/bg-mask.png\" alt=\"Image Mask\"\/><img src=\"https:\/\/files.sunoresearch.com.br\/n\/uploads\/2021\/06\/cf930893-51451644_2000613483341381_4444064620369412096_n-400x200.webp\" alt=\"Ibovespa: Banco Inter (BIDI11) desaba e lidera perdas, na contram\u00e3o de bancos; entenda\"\/><\/a><span class=\"spotlightCategory\"><a href=\"https:\/\/www.suno.com.br\/noticias\/mercado\/\">Mercado<\/a><\/span><\/div><div class=\"cardsPage__listCard__boxs__content\"><a href=\"https:\/\/www.suno.com.br\/noticias\/ibovespa-acao-inter-bidi11-lidera-perdas\/\"><h2 class=\"content__title\">Ibovespa: Banco Inter (BIDI11) desaba e lidera perdas, na contram\u00e3o de bancos; entenda<\/h2><\/a><div class=\"newsContent__article__meta\"><div class=\"newsContent__article__meta__authorBox\"><a href=\"https:\/\/www.suno.com.br\/noticias\/author\/arthur-guimaraes\/\" class=\"authorBox__avatar noMobi\"><img src=\"https:\/\/files.sunoresearch.com.br\/n\/uploads\/2020\/02\/dfb40897-eu-150x150.webp\" alt=\"Arthur Guimar\u00e3es\"><\/a><div class=\"authorBox__name\"><span>por\n\t\t\t<a href=\"https:\/\/www.suno.com.br\/noticias\/author\/arthur-guimaraes\/\"><span itemprop=\"author\">Arthur Guimar\u00e3es<\/span><\/a><\/span><time datetime=\"2021-08-25T20:26:37-03:00\" itemprop=\"datePublished\">25\/08\/2021 20:26<\/time><\/div><\/div><\/div><\/div><\/div>","single_layout":"posts","amp_enabled":true,"_links":{"self":[{"href":"https:\/\/www.suno.com.br\/noticias\/wp-json\/wp\/v2\/posts\/178340"}],"collection":[{"href":"https:\/\/www.suno.com.br\/noticias\/wp-json\/wp\/v2\/posts"}],"about":[{"href":"https:\/\/www.suno.com.br\/noticias\/wp-json\/wp\/v2\/types\/post"}],"author":[{"embeddable":true,"href":"https:\/\/www.suno.com.br\/noticias\/wp-json\/wp\/v2\/users\/35"}],"replies":[{"embeddable":true,"href":"https:\/\/www.suno.com.br\/noticias\/wp-json\/wp\/v2\/comments?post=178340"}],"version-history":[{"count":3,"href":"https:\/\/www.suno.com.br\/noticias\/wp-json\/wp\/v2\/posts\/178340\/revisions"}],"predecessor-version":[{"id":178388,"href":"https:\/\/www.suno.com.br\/noticias\/wp-json\/wp\/v2\/posts\/178340\/revisions\/178388"}],"wp:featuredmedia":[{"embeddable":true,"href":"https:\/\/www.suno.com.br\/noticias\/wp-json\/wp\/v2\/media\/158691"}],"wp:attachment":[{"href":"https:\/\/www.suno.com.br\/noticias\/wp-json\/wp\/v2\/media?parent=178340"}],"wp:term":[{"taxonomy":"category","embeddable":true,"href":"https:\/\/www.suno.com.br\/noticias\/wp-json\/wp\/v2\/categories?post=178340"},{"taxonomy":"post_tag","embeddable":true,"href":"https:\/\/www.suno.com.br\/noticias\/wp-json\/wp\/v2\/tags?post=178340"},{"taxonomy":"suno_strategy","embeddable":true,"href":"https:\/\/www.suno.com.br\/noticias\/wp-json\/wp\/v2\/suno_strategy?post=178340"}],"curies":[{"name":"wp","href":"https:\/\/api.w.org\/{rel}","templated":true}]}}