{"id":17822,"date":"2019-03-13T10:25:12","date_gmt":"2019-03-13T13:25:12","guid":{"rendered":"https:\/\/www.suno.com.br\/noticias\/?p=17822"},"modified":"2019-03-13T17:06:48","modified_gmt":"2019-03-13T20:06:48","slug":"ibge-producao-industrial-cai-janeiro","status":"publish","type":"post","link":"https:\/\/www.suno.com.br\/noticias\/ibge-producao-industrial-cai-janeiro\/","title":{"rendered":"IBGE: produ\u00e7\u00e3o industrial cai 0,8% em janeiro"},"content":{"rendered":"<p>A <a href=\"https:\/\/www.suno.com.br\/artigos\/fatores-producao\/\">produ\u00e7\u00e3o industrial<\/a> brasileira registrou uma contra\u00e7\u00e3o de 0,8% em janeiro, na compara\u00e7\u00e3o com dezembro. Os dados foram divulgados nesta quarta-feira (13) pelo <strong>Instituto Brasileiro de Geografia e Estat\u00edstica (IBGE)<\/strong>.<\/p>\t<div class=\"wrapper-featured-image\">\n\t\t<figure class=\"spotlightImg\">\n\n\t\t\t<picture>\n\t\t\t\t<source media=\"(max-width: 768px)\" srcset=\"https:\/\/files.sunoresearch.com.br\/n\/uploads\/2018\/10\/b071747f-producao-industrial-1-400x200.webp\">\n\t\t\t\t<img loading=\"lazy\" decoding=\"async\" class=\"newsContent__article__imgCapa lazyloadDisabled newsContent__article__imgCapa--noCaption\" src=\"https:\/\/files.sunoresearch.com.br\/n\/uploads\/2018\/10\/b071747f-producao-industrial-1-800x450.webp\" width=\"800\" height=\"450\" alt=\"IBGE: produ\u00e7\u00e3o industrial cai 0,8% em janeiro\" fetchpriority=high \/>\n\t\t\t<\/picture>\n\n\t\t\t<figcaption class=\"wp-caption-text wp-caption-text--hide\">Produ\u00e7\u00e3o Industrial<\/figcaption>\n\t\t<\/figure>\n\t<\/div>\n\n\n<p>Em compara\u00e7\u00e3o com o resultado registrado em janeiro de 2018, a queda da <strong>produ\u00e7\u00e3o industrial<\/strong> foi de 2,6%. Essa contra\u00e7\u00e3o anulou a alta de 0,2% observada em dezembro em compara\u00e7\u00e3o com novembro. Um resultado que indica como setor industrial permanece fraco e n\u00e3o consegue crescer de forma intensa no in\u00edcio de 2019.<\/p>\n<p><a href=\"https:\/\/www.suno.com.br\/noticias\/ibge-producao-industrial-cresceu-11-em-2018\/\">Saiba mais: IBGE: produ\u00e7\u00e3o industrial cresceu 1,1% em 2018\u00a0<\/a><\/p>\n<h2>Produ\u00e7\u00e3o industrial perde f\u00f4lego<\/h2>\n<p>&#8220;O acumulado nos \u00faltimos 12 meses ficou em 0,5%, mantendo a perda de ritmo iniciada em julho de 2018 (3,4%)&#8221;, informou o <strong>IBGE<\/strong> em nota. Em termos de compara\u00e7\u00e3o, em dezembro a <strong>ind\u00fastria brasileira<\/strong> acumulava uma alta de 1,2% em 12 meses.<\/p>\n<p style=\"text-align: center;\"><iframe loading=\"lazy\" src=\"https:\/\/www.youtube.com\/embed\/fnEktkjYbCo\" width=\"560\" height=\"315\" frameborder=\"0\" allowfullscreen=\"allowfullscreen\"><\/iframe><\/p>\n<p>Na m\u00e9dia m\u00f3vel trimestral, a <strong>produ\u00e7\u00e3o industrial<\/strong> fechou janeiro 17% abaixo do ponto mais alto da s\u00e9rie hist\u00f3rica, iniciada em 2002, que foi alcan\u00e7ado em maio de 2011.<\/p>\n<p>Entre as categorias econ\u00f4micas, somente a <strong>produ\u00e7\u00e3o<\/strong> de\u00a0<strong>bens de consumo dur\u00e1veis<\/strong> registrou um aumento (0,5%). Entretanto, esse resultado n\u00e3o elimina a\u00a0perda de 5,2% acumulada no \u00faltimo bimestre de 2018.<\/p>\n<p>Por outro lado, a produ\u00e7\u00e3o de <strong>bens de consumo semi<\/strong> e <strong>n\u00e3o-dur\u00e1veis<\/strong> diminuiu 0,4%. Assim como a de bens intermedi\u00e1rios, que teve varia\u00e7\u00e3o negativa de 0,1%. O pior desempenho foi da <strong>ind\u00fastria<\/strong> <strong>de bens de capital<\/strong> (-3%), setor que produz\u00a0<strong>m\u00e1quinas<\/strong> <strong>e<\/strong> <strong>equipamentos.<\/strong> Esse foi o terceiro resultado negativo consecutivo para o setor, com uma queda de 10,2% acumulada no per\u00edodo.<\/p>\n<p><a href=\"https:\/\/www.suno.com.br\/noticias\/40-industria-brasileira-terminou-2018-crise\/\">Saiba mais: 40% da ind\u00fastria brasileira terminou 2018 em crise\u00a0<\/a><\/p>\n<h2>Queda em 13 de 26 setores industriais<\/h2>\n<p>Entre os ramos da produ\u00e7\u00e3o industrial pesquisados pelo <strong>IBGE,<\/strong> 13 em 26 registraram uma queda na produ\u00e7\u00e3o em janeiro, na compara\u00e7\u00e3o com dezembro. Entre eles est\u00e3o:<\/p>\n<ul>\n<li>produtos farmoqu\u00edmicos e farmac\u00eauticos (-10,3%),<\/li>\n<li>ind\u00fastrias extrativas (-1,0%),<\/li>\n<li>m\u00e1quinas e equipamentos (-2,9%),<\/li>\n<li>celulose, papel e produtos de papel (-2,6%),<\/li>\n<li>coque, produtos derivados do petr\u00f3leo e biocombust\u00edveis (-0,8%),<\/li>\n<li>outros equipamentos de transporte (-5,1%),<\/li>\n<li>couro, artigos para viagem e cal\u00e7ados (-3,2%)<\/li>\n<li>ve\u00edculos automotores, reboques e carrocerias (-0,5%).<\/li>\n<\/ul>\n<p>Por outro lado, foi registrado um aumento na produ\u00e7\u00e3o de:<\/p>\n<ul>\n<li>produtos aliment\u00edcios (1,5%),<\/li>\n<li>bebidas (6,1%),<\/li>\n<li>outros produtos qu\u00edmicos (3,6%),<\/li>\n<li>produtos de metal (3,2%),<\/li>\n<li>equipamentos de inform\u00e1tica, produtos eletr\u00f4nicos e \u00f3pticos (3,7%)<\/li>\n<li>produtos t\u00eaxteis (4%).<\/li>\n<\/ul>\n<p>Esses resultados mostram uma <strong>recupera\u00e7\u00e3o muito lenta<\/strong> da <strong>economia brasileira.<\/strong> A atividade do <strong>setor industrial<\/strong> continua muito abaixo do n\u00edvel alcan\u00e7ado antes da crise econ\u00f4mica de 2015-2016.<\/p>\n<p><a href=\"https:\/\/www.suno.com.br\/noticias\/fgv-confianca-industria-maior-agosto\/\">Saiba mais: FGV: \u00cdndice de Confian\u00e7a da Ind\u00fastria \u00e9 o maior desde agosto de 2018\u00a0<\/a><\/p>\n<p>O <a href=\"https:\/\/www.suno.com.br\/artigos\/pib-produto-interno-bruto\/\"><strong>Produto Interno Bruto (PIB)<\/strong><\/a> do <strong>setor industrial<\/strong> cresceu 0,6% em 2018. Essa foi a primeira alta ap\u00f3s 4 anos de contra\u00e7\u00e3o do setor. Entretanto, no quarto trimestre do ano passado a <strong>produ\u00e7\u00e3o industrial<\/strong> brasileira perdeu f\u00f4lego, encolhendo 0,3% na compara\u00e7\u00e3o com os 3 meses anteriores.<\/p>\n","protected":false},"excerpt":{"rendered":"<p>A produ\u00e7\u00e3o industrial brasileira registrou uma contra\u00e7\u00e3o de 0,8% em janeiro, na compara\u00e7\u00e3o com dezembro. Os dados foram divulgados nesta quarta-feira (13) pelo Instituto Brasileiro de Geografia e Estat\u00edstica (IBGE). Produ\u00e7\u00e3o Industrial Em compara\u00e7\u00e3o com o resultado registrado em janeiro de 2018, a queda da produ\u00e7\u00e3o industrial foi de 2,6%. Essa contra\u00e7\u00e3o anulou a alta [&hellip;]<\/p>\n","protected":false},"author":9,"featured_media":5079,"comment_status":"closed","ping_status":"closed","sticky":false,"template":"","format":"standard","meta":[],"categories":[60],"tags":[821,820],"suno_strategy":[],"class_list":["post-17822","post","type-post","status-publish","format-standard","has-post-thumbnail","hentry","category-mercado","tag-ibge","tag-producao-industrial"],"yoast_head":"<!-- This site is optimized with the Yoast SEO plugin v24.4 - https:\/\/yoast.com\/wordpress\/plugins\/seo\/ -->\n<title>IBGE: produ\u00e7\u00e3o industrial registra contra\u00e7\u00e3o de 0,8% em janeiro<\/title>\n<meta name=\"description\" content=\"A produ\u00e7\u00e3o industrial brasileira registrou uma contra\u00e7\u00e3o de 0,8% em janeiro, na compara\u00e7\u00e3o com dezembro. Clique aqui para saber mais.\" \/>\n<meta name=\"robots\" content=\"index, follow, max-snippet:-1, max-image-preview:large, max-video-preview:-1\" \/>\n<link rel=\"canonical\" href=\"https:\/\/www.suno.com.br\/noticias\/ibge-producao-industrial-cai-janeiro\/\" \/>\n<meta property=\"og:locale\" content=\"pt_BR\" \/>\n<meta property=\"og:type\" content=\"article\" \/>\n<meta property=\"og:title\" content=\"IBGE: produ\u00e7\u00e3o industrial registra contra\u00e7\u00e3o de 0,8% em janeiro\" \/>\n<meta property=\"og:description\" content=\"A produ\u00e7\u00e3o industrial brasileira registrou uma contra\u00e7\u00e3o de 0,8% em janeiro, na compara\u00e7\u00e3o com dezembro. Clique aqui para saber mais.\" \/>\n<meta property=\"og:url\" content=\"https:\/\/www.suno.com.br\/noticias\/ibge-producao-industrial-cai-janeiro\/\" \/>\n<meta property=\"og:site_name\" content=\"Suno Not\u00edcias\" \/>\n<meta property=\"article:publisher\" content=\"https:\/\/facebook.com\/sunoresearch\" \/>\n<meta property=\"og:image\" content=\"https:\/\/files.sunoresearch.com.br\/n\/uploads\/2018\/10\/b071747f-producao-industrial-1.jpg\" \/>\n\t<meta property=\"og:image:width\" content=\"1920\" \/>\n\t<meta property=\"og:image:height\" content=\"1280\" \/>\n\t<meta property=\"og:image:type\" content=\"image\/jpeg\" \/>\n<meta name=\"author\" content=\"Carlo Cauti\" \/>\n<meta name=\"twitter:card\" content=\"summary_large_image\" \/>\n<meta name=\"twitter:creator\" content=\"@sunoresearch\" \/>\n<meta name=\"twitter:site\" content=\"@sunoresearch\" \/>\n<meta name=\"twitter:label1\" content=\"Escrito por\" \/>\n\t<meta name=\"twitter:data1\" content=\"Carlo Cauti\" \/>\n\t<meta name=\"twitter:label2\" content=\"Est. tempo de leitura\" \/>\n\t<meta name=\"twitter:data2\" content=\"2 minutos\" \/>\n<script type=\"application\/ld+json\" class=\"yoast-schema-graph\">{\"@context\":\"https:\/\/schema.org\",\"@graph\":[{\"@type\":\"NewsArticle\",\"@id\":\"https:\/\/www.suno.com.br\/noticias\/ibge-producao-industrial-cai-janeiro\/#article\",\"isPartOf\":{\"@id\":\"https:\/\/www.suno.com.br\/noticias\/ibge-producao-industrial-cai-janeiro\/\"},\"author\":{\"name\":\"Carlo Cauti\",\"@id\":\"https:\/\/www.suno.com.br\/noticias\/#\/schema\/person\/e6e0f723cc177805027f4566c1d5e0c8\"},\"headline\":\"IBGE: produ\u00e7\u00e3o industrial cai 0,8% em janeiro\",\"datePublished\":\"2019-03-13T13:25:12+00:00\",\"dateModified\":\"2019-03-13T20:06:48+00:00\",\"mainEntityOfPage\":{\"@id\":\"https:\/\/www.suno.com.br\/noticias\/ibge-producao-industrial-cai-janeiro\/\"},\"wordCount\":495,\"publisher\":{\"@id\":\"https:\/\/www.suno.com.br\/noticias\/#organization\"},\"image\":{\"@id\":\"https:\/\/www.suno.com.br\/noticias\/ibge-producao-industrial-cai-janeiro\/#primaryimage\"},\"thumbnailUrl\":\"https:\/\/files.sunoresearch.com.br\/n\/uploads\/2018\/10\/b071747f-producao-industrial-1-jpg.webp\",\"keywords\":[\"IBGE\",\"produ\u00e7\u00e3o industrial\"],\"articleSection\":[\"Mercado\"],\"inLanguage\":\"pt-BR\"},{\"@type\":\"WebPage\",\"@id\":\"https:\/\/www.suno.com.br\/noticias\/ibge-producao-industrial-cai-janeiro\/\",\"url\":\"https:\/\/www.suno.com.br\/noticias\/ibge-producao-industrial-cai-janeiro\/\",\"name\":\"IBGE: produ\u00e7\u00e3o industrial registra contra\u00e7\u00e3o de 0,8% em janeiro\",\"isPartOf\":{\"@id\":\"https:\/\/www.suno.com.br\/noticias\/#website\"},\"primaryImageOfPage\":{\"@id\":\"https:\/\/www.suno.com.br\/noticias\/ibge-producao-industrial-cai-janeiro\/#primaryimage\"},\"image\":{\"@id\":\"https:\/\/www.suno.com.br\/noticias\/ibge-producao-industrial-cai-janeiro\/#primaryimage\"},\"thumbnailUrl\":\"https:\/\/files.sunoresearch.com.br\/n\/uploads\/2018\/10\/b071747f-producao-industrial-1-jpg.webp\",\"datePublished\":\"2019-03-13T13:25:12+00:00\",\"dateModified\":\"2019-03-13T20:06:48+00:00\",\"description\":\"A produ\u00e7\u00e3o industrial brasileira registrou uma contra\u00e7\u00e3o de 0,8% em janeiro, na compara\u00e7\u00e3o com dezembro. Clique aqui para saber mais.\",\"breadcrumb\":{\"@id\":\"https:\/\/www.suno.com.br\/noticias\/ibge-producao-industrial-cai-janeiro\/#breadcrumb\"},\"inLanguage\":\"pt-BR\",\"potentialAction\":[{\"@type\":\"ReadAction\",\"target\":[\"https:\/\/www.suno.com.br\/noticias\/ibge-producao-industrial-cai-janeiro\/\"]}]},{\"@type\":\"ImageObject\",\"inLanguage\":\"pt-BR\",\"@id\":\"https:\/\/www.suno.com.br\/noticias\/ibge-producao-industrial-cai-janeiro\/#primaryimage\",\"url\":\"https:\/\/files.sunoresearch.com.br\/n\/uploads\/2018\/10\/b071747f-producao-industrial-1-jpg.webp\",\"contentUrl\":\"https:\/\/files.sunoresearch.com.br\/n\/uploads\/2018\/10\/b071747f-producao-industrial-1-jpg.webp\",\"width\":1920,\"height\":1280,\"caption\":\"Produ\u00e7\u00e3o Industrial\"},{\"@type\":\"BreadcrumbList\",\"@id\":\"https:\/\/www.suno.com.br\/noticias\/ibge-producao-industrial-cai-janeiro\/#breadcrumb\",\"itemListElement\":[{\"@type\":\"ListItem\",\"position\":1,\"name\":\"Not\u00edcias\",\"item\":\"https:\/\/www.suno.com.br\/noticias\/\"},{\"@type\":\"ListItem\",\"position\":2,\"name\":\"Mercado\",\"item\":\"https:\/\/www.suno.com.br\/noticias\/mercado\/\"},{\"@type\":\"ListItem\",\"position\":3,\"name\":\"IBGE: produ\u00e7\u00e3o industrial cai 0,8% em janeiro\"}]},{\"@type\":\"WebSite\",\"@id\":\"https:\/\/www.suno.com.br\/noticias\/#website\",\"url\":\"https:\/\/www.suno.com.br\/noticias\/\",\"name\":\"Suno Not\u00edcias\",\"description\":\"Seu portal de informa\u00e7\u00e3o sobre o mundo dos investimentos\",\"publisher\":{\"@id\":\"https:\/\/www.suno.com.br\/noticias\/#organization\"},\"potentialAction\":[{\"@type\":\"SearchAction\",\"target\":{\"@type\":\"EntryPoint\",\"urlTemplate\":\"https:\/\/www.suno.com.br\/noticias\/?s={search_term_string}\"},\"query-input\":{\"@type\":\"PropertyValueSpecification\",\"valueRequired\":true,\"valueName\":\"search_term_string\"}}],\"inLanguage\":\"pt-BR\"},{\"@type\":\"Organization\",\"@id\":\"https:\/\/www.suno.com.br\/noticias\/#organization\",\"name\":\"Suno Not\u00edcias\",\"url\":\"https:\/\/www.suno.com.br\/noticias\/\",\"logo\":{\"@type\":\"ImageObject\",\"inLanguage\":\"pt-BR\",\"@id\":\"https:\/\/www.suno.com.br\/noticias\/#\/schema\/logo\/image\/\",\"url\":\"https:\/\/files.sunoresearch.com.br\/n\/uploads\/2021\/09\/suno-logo.png\",\"contentUrl\":\"https:\/\/files.sunoresearch.com.br\/n\/uploads\/2021\/09\/suno-logo.png\",\"width\":180,\"height\":180,\"caption\":\"Suno Not\u00edcias\"},\"image\":{\"@id\":\"https:\/\/www.suno.com.br\/noticias\/#\/schema\/logo\/image\/\"},\"sameAs\":[\"https:\/\/facebook.com\/sunoresearch\",\"https:\/\/x.com\/sunoresearch\",\"https:\/\/www.instagram.com\/suno\",\"https:\/\/www.linkedin.com\/company\/suno-research\/\",\"https:\/\/www.youtube.com\/c\/sunoresearch\"]},{\"@type\":\"Person\",\"@id\":\"https:\/\/www.suno.com.br\/noticias\/#\/schema\/person\/e6e0f723cc177805027f4566c1d5e0c8\",\"name\":\"Carlo Cauti\",\"image\":{\"@type\":\"ImageObject\",\"inLanguage\":\"pt-BR\",\"@id\":\"https:\/\/www.suno.com.br\/noticias\/#\/schema\/person\/image\/\",\"url\":\"https:\/\/secure.gravatar.com\/avatar\/3ada9e0bd164c23abd4792a9606d583c?s=96&r=g\",\"contentUrl\":\"https:\/\/secure.gravatar.com\/avatar\/3ada9e0bd164c23abd4792a9606d583c?s=96&r=g\",\"caption\":\"Carlo Cauti\"},\"description\":\"Editor multim\u00eddia do SUNO Not\u00edcias. Italiano, formado em Ci\u00eancias Pol\u00edticas pela universidade LUISS G. Carli de Roma e mestre cum laude em Rela\u00e7\u00f5es Internacionais, Jornalismo Internacional e de Guerra e em Economia Internacional. Concluiu tamb\u00e9m um MBA em Finan\u00e7as na B3. No Brasil, teve passagem por ve\u00edculos como Estad\u00e3o, Globo, Veja e EXAME. e nas ag\u00eancias de not\u00edcias italianas ANSA e NOVA.\",\"url\":\"https:\/\/www.suno.com.br\/noticias\/author\/carlo-cauti\/\"}]}<\/script>\n<!-- \/ Yoast SEO plugin. -->","yoast_head_json":{"title":"IBGE: produ\u00e7\u00e3o industrial registra contra\u00e7\u00e3o de 0,8% em janeiro","description":"A produ\u00e7\u00e3o industrial brasileira registrou uma contra\u00e7\u00e3o de 0,8% em janeiro, na compara\u00e7\u00e3o com dezembro. Clique aqui para saber mais.","robots":{"index":"index","follow":"follow","max-snippet":"max-snippet:-1","max-image-preview":"max-image-preview:large","max-video-preview":"max-video-preview:-1"},"canonical":"https:\/\/www.suno.com.br\/noticias\/ibge-producao-industrial-cai-janeiro\/","og_locale":"pt_BR","og_type":"article","og_title":"IBGE: produ\u00e7\u00e3o industrial registra contra\u00e7\u00e3o de 0,8% em janeiro","og_description":"A produ\u00e7\u00e3o industrial brasileira registrou uma contra\u00e7\u00e3o de 0,8% em janeiro, na compara\u00e7\u00e3o com dezembro. Clique aqui para saber mais.","og_url":"https:\/\/www.suno.com.br\/noticias\/ibge-producao-industrial-cai-janeiro\/","og_site_name":"Suno Not\u00edcias","article_publisher":"https:\/\/facebook.com\/sunoresearch","og_image":[{"width":1920,"height":1280,"url":"https:\/\/files.sunoresearch.com.br\/n\/uploads\/2018\/10\/b071747f-producao-industrial-1.jpg","type":"image\/jpeg"}],"author":"Carlo Cauti","twitter_card":"summary_large_image","twitter_creator":"@sunoresearch","twitter_site":"@sunoresearch","twitter_misc":{"Escrito por":"Carlo Cauti","Est. tempo de leitura":"2 minutos"},"schema":{"@context":"https:\/\/schema.org","@graph":[{"@type":"NewsArticle","@id":"https:\/\/www.suno.com.br\/noticias\/ibge-producao-industrial-cai-janeiro\/#article","isPartOf":{"@id":"https:\/\/www.suno.com.br\/noticias\/ibge-producao-industrial-cai-janeiro\/"},"author":{"name":"Carlo Cauti","@id":"https:\/\/www.suno.com.br\/noticias\/#\/schema\/person\/e6e0f723cc177805027f4566c1d5e0c8"},"headline":"IBGE: produ\u00e7\u00e3o industrial cai 0,8% em janeiro","datePublished":"2019-03-13T13:25:12+00:00","dateModified":"2019-03-13T20:06:48+00:00","mainEntityOfPage":{"@id":"https:\/\/www.suno.com.br\/noticias\/ibge-producao-industrial-cai-janeiro\/"},"wordCount":495,"publisher":{"@id":"https:\/\/www.suno.com.br\/noticias\/#organization"},"image":{"@id":"https:\/\/www.suno.com.br\/noticias\/ibge-producao-industrial-cai-janeiro\/#primaryimage"},"thumbnailUrl":"https:\/\/files.sunoresearch.com.br\/n\/uploads\/2018\/10\/b071747f-producao-industrial-1-jpg.webp","keywords":["IBGE","produ\u00e7\u00e3o industrial"],"articleSection":["Mercado"],"inLanguage":"pt-BR"},{"@type":"WebPage","@id":"https:\/\/www.suno.com.br\/noticias\/ibge-producao-industrial-cai-janeiro\/","url":"https:\/\/www.suno.com.br\/noticias\/ibge-producao-industrial-cai-janeiro\/","name":"IBGE: produ\u00e7\u00e3o industrial registra contra\u00e7\u00e3o de 0,8% em janeiro","isPartOf":{"@id":"https:\/\/www.suno.com.br\/noticias\/#website"},"primaryImageOfPage":{"@id":"https:\/\/www.suno.com.br\/noticias\/ibge-producao-industrial-cai-janeiro\/#primaryimage"},"image":{"@id":"https:\/\/www.suno.com.br\/noticias\/ibge-producao-industrial-cai-janeiro\/#primaryimage"},"thumbnailUrl":"https:\/\/files.sunoresearch.com.br\/n\/uploads\/2018\/10\/b071747f-producao-industrial-1-jpg.webp","datePublished":"2019-03-13T13:25:12+00:00","dateModified":"2019-03-13T20:06:48+00:00","description":"A produ\u00e7\u00e3o industrial brasileira registrou uma contra\u00e7\u00e3o de 0,8% em janeiro, na compara\u00e7\u00e3o com dezembro. Clique aqui para saber mais.","breadcrumb":{"@id":"https:\/\/www.suno.com.br\/noticias\/ibge-producao-industrial-cai-janeiro\/#breadcrumb"},"inLanguage":"pt-BR","potentialAction":[{"@type":"ReadAction","target":["https:\/\/www.suno.com.br\/noticias\/ibge-producao-industrial-cai-janeiro\/"]}]},{"@type":"ImageObject","inLanguage":"pt-BR","@id":"https:\/\/www.suno.com.br\/noticias\/ibge-producao-industrial-cai-janeiro\/#primaryimage","url":"https:\/\/files.sunoresearch.com.br\/n\/uploads\/2018\/10\/b071747f-producao-industrial-1-jpg.webp","contentUrl":"https:\/\/files.sunoresearch.com.br\/n\/uploads\/2018\/10\/b071747f-producao-industrial-1-jpg.webp","width":1920,"height":1280,"caption":"Produ\u00e7\u00e3o Industrial"},{"@type":"BreadcrumbList","@id":"https:\/\/www.suno.com.br\/noticias\/ibge-producao-industrial-cai-janeiro\/#breadcrumb","itemListElement":[{"@type":"ListItem","position":1,"name":"Not\u00edcias","item":"https:\/\/www.suno.com.br\/noticias\/"},{"@type":"ListItem","position":2,"name":"Mercado","item":"https:\/\/www.suno.com.br\/noticias\/mercado\/"},{"@type":"ListItem","position":3,"name":"IBGE: produ\u00e7\u00e3o industrial cai 0,8% em janeiro"}]},{"@type":"WebSite","@id":"https:\/\/www.suno.com.br\/noticias\/#website","url":"https:\/\/www.suno.com.br\/noticias\/","name":"Suno Not\u00edcias","description":"Seu portal de informa\u00e7\u00e3o sobre o mundo dos investimentos","publisher":{"@id":"https:\/\/www.suno.com.br\/noticias\/#organization"},"potentialAction":[{"@type":"SearchAction","target":{"@type":"EntryPoint","urlTemplate":"https:\/\/www.suno.com.br\/noticias\/?s={search_term_string}"},"query-input":{"@type":"PropertyValueSpecification","valueRequired":true,"valueName":"search_term_string"}}],"inLanguage":"pt-BR"},{"@type":"Organization","@id":"https:\/\/www.suno.com.br\/noticias\/#organization","name":"Suno Not\u00edcias","url":"https:\/\/www.suno.com.br\/noticias\/","logo":{"@type":"ImageObject","inLanguage":"pt-BR","@id":"https:\/\/www.suno.com.br\/noticias\/#\/schema\/logo\/image\/","url":"https:\/\/files.sunoresearch.com.br\/n\/uploads\/2021\/09\/suno-logo.png","contentUrl":"https:\/\/files.sunoresearch.com.br\/n\/uploads\/2021\/09\/suno-logo.png","width":180,"height":180,"caption":"Suno Not\u00edcias"},"image":{"@id":"https:\/\/www.suno.com.br\/noticias\/#\/schema\/logo\/image\/"},"sameAs":["https:\/\/facebook.com\/sunoresearch","https:\/\/x.com\/sunoresearch","https:\/\/www.instagram.com\/suno","https:\/\/www.linkedin.com\/company\/suno-research\/","https:\/\/www.youtube.com\/c\/sunoresearch"]},{"@type":"Person","@id":"https:\/\/www.suno.com.br\/noticias\/#\/schema\/person\/e6e0f723cc177805027f4566c1d5e0c8","name":"Carlo Cauti","image":{"@type":"ImageObject","inLanguage":"pt-BR","@id":"https:\/\/www.suno.com.br\/noticias\/#\/schema\/person\/image\/","url":"https:\/\/secure.gravatar.com\/avatar\/3ada9e0bd164c23abd4792a9606d583c?s=96&r=g","contentUrl":"https:\/\/secure.gravatar.com\/avatar\/3ada9e0bd164c23abd4792a9606d583c?s=96&r=g","caption":"Carlo Cauti"},"description":"Editor multim\u00eddia do SUNO Not\u00edcias. Italiano, formado em Ci\u00eancias Pol\u00edticas pela universidade LUISS G. Carli de Roma e mestre cum laude em Rela\u00e7\u00f5es Internacionais, Jornalismo Internacional e de Guerra e em Economia Internacional. Concluiu tamb\u00e9m um MBA em Finan\u00e7as na B3. No Brasil, teve passagem por ve\u00edculos como Estad\u00e3o, Globo, Veja e EXAME. e nas ag\u00eancias de not\u00edcias italianas ANSA e NOVA.","url":"https:\/\/www.suno.com.br\/noticias\/author\/carlo-cauti\/"}]}},"default_loop_html":"<div class=\"cardsPage__listCard__boxs\"><div class=\"cardsPage__listCard__boxs__img\"><a href=\"https:\/\/www.suno.com.br\/noticias\/ibge-producao-industrial-cai-janeiro\/\"><img class=\"mask\" src=\"https:\/\/www.suno.com.br\/noticias\/wp-content\/themes\/suno\/resources\/images\/spotlight\/spotlight1img\/bg-mask.png\" alt=\"Image Mask\"\/><img src=\"https:\/\/files.sunoresearch.com.br\/n\/uploads\/2018\/10\/b071747f-producao-industrial-1-400x200.webp\" alt=\"IBGE: produ\u00e7\u00e3o industrial cai 0,8% em janeiro\"\/><\/a><span class=\"spotlightCategory\"><a href=\"https:\/\/www.suno.com.br\/noticias\/mercado\/\">Mercado<\/a><\/span><\/div><div class=\"cardsPage__listCard__boxs__content\"><a href=\"https:\/\/www.suno.com.br\/noticias\/ibge-producao-industrial-cai-janeiro\/\"><h2 class=\"content__title\">IBGE: produ\u00e7\u00e3o industrial cai 0,8% em janeiro<\/h2><\/a><div class=\"newsContent__article__meta\"><div class=\"newsContent__article__meta__authorBox\"><a href=\"https:\/\/www.suno.com.br\/noticias\/author\/carlo-cauti\/\" class=\"authorBox__avatar noMobi\"><img src=\"https:\/\/files.sunoresearch.com.br\/n\/uploads\/2020\/08\/e3745f9a-perfil-carlo-cauti-150x150.webp\" alt=\"Carlo Cauti\"><\/a><div class=\"authorBox__name\"><span>por\n\t\t\t<a href=\"https:\/\/www.suno.com.br\/noticias\/author\/carlo-cauti\/\"><span itemprop=\"author\">Carlo Cauti<\/span><\/a><\/span><time datetime=\"2019-03-13T10:25:12-03:00\" itemprop=\"datePublished\">13\/03\/2019 10:25<\/time><\/div><\/div><\/div><\/div><\/div>","single_layout":"posts","amp_enabled":true,"_links":{"self":[{"href":"https:\/\/www.suno.com.br\/noticias\/wp-json\/wp\/v2\/posts\/17822"}],"collection":[{"href":"https:\/\/www.suno.com.br\/noticias\/wp-json\/wp\/v2\/posts"}],"about":[{"href":"https:\/\/www.suno.com.br\/noticias\/wp-json\/wp\/v2\/types\/post"}],"author":[{"embeddable":true,"href":"https:\/\/www.suno.com.br\/noticias\/wp-json\/wp\/v2\/users\/9"}],"replies":[{"embeddable":true,"href":"https:\/\/www.suno.com.br\/noticias\/wp-json\/wp\/v2\/comments?post=17822"}],"version-history":[{"count":0,"href":"https:\/\/www.suno.com.br\/noticias\/wp-json\/wp\/v2\/posts\/17822\/revisions"}],"wp:featuredmedia":[{"embeddable":true,"href":"https:\/\/www.suno.com.br\/noticias\/wp-json\/wp\/v2\/media\/5079"}],"wp:attachment":[{"href":"https:\/\/www.suno.com.br\/noticias\/wp-json\/wp\/v2\/media?parent=17822"}],"wp:term":[{"taxonomy":"category","embeddable":true,"href":"https:\/\/www.suno.com.br\/noticias\/wp-json\/wp\/v2\/categories?post=17822"},{"taxonomy":"post_tag","embeddable":true,"href":"https:\/\/www.suno.com.br\/noticias\/wp-json\/wp\/v2\/tags?post=17822"},{"taxonomy":"suno_strategy","embeddable":true,"href":"https:\/\/www.suno.com.br\/noticias\/wp-json\/wp\/v2\/suno_strategy?post=17822"}],"curies":[{"name":"wp","href":"https:\/\/api.w.org\/{rel}","templated":true}]}}