{"id":178088,"date":"2021-08-25T13:41:34","date_gmt":"2021-08-25T16:41:34","guid":{"rendered":"https:\/\/www.suno.com.br\/noticias\/?p=178088"},"modified":"2021-08-25T13:41:34","modified_gmt":"2021-08-25T16:41:34","slug":"bc-disposto-agir-fed-zona-euro-lane","status":"publish","type":"post","link":"https:\/\/www.suno.com.br\/noticias\/bc-disposto-agir-fed-zona-euro-lane\/","title":{"rendered":"BCE est\u00e1 &#8220;disposto a agir&#8221; caso Fed afete a zona do Euro, diz Lane"},"content":{"rendered":"<p>Em entrevista nesta quarta-feira (25), Philip Lane, economista-chefe do <a class=\"suno-keyword\" href=\"https:\/\/www.suno.com.br\/artigos\/bce\/\" target=\"_blank\" rel=\"noopener\" data-force=\"no\" data-priority=\"1\">Banco Central Europeu, o <strong>BCE<\/strong><\/a>, disse que o banco est\u00e1 &#8220;disposto a agir&#8221; se a <a class=\"suno-keyword\" href=\"https:\/\/www.suno.com.br\/artigos\/politica-monetaria\/\" target=\"_blank\" rel=\"noopener\" data-force=\"no\" data-priority=\"1\">pol\u00edtica monet\u00e1ria<\/a> do Federal Reserve (<strong>Fed<\/strong>) afetar as condi\u00e7\u00f5es financeiras da <a class=\"suno-keyword\" href=\"https:\/\/www.suno.com.br\/artigos\/zona-do-euro\/\" target=\"_blank\" rel=\"noopener\" data-force=\"no\" data-priority=\"1\">zona do euro<\/a>.<\/p>\t<div class=\"wrapper-featured-image\">\n\t\t<figure class=\"spotlightImg\">\n\n\t\t\t<picture>\n\t\t\t\t<source media=\"(max-width: 768px)\" srcset=\"https:\/\/files.sunoresearch.com.br\/n\/uploads\/2021\/08\/2b825af2-bce-banco-central-europeu-400x200.jpg\">\n\t\t\t\t<img loading=\"lazy\" decoding=\"async\" class=\"newsContent__article__imgCapa lazyloadDisabled \" src=\"https:\/\/files.sunoresearch.com.br\/n\/uploads\/2021\/08\/2b825af2-bce-banco-central-europeu-800x450.jpg\" width=\"800\" height=\"450\" alt=\"BCE est\u00e1 &#8220;disposto a agir&#8221; caso Fed afete a zona do Euro, diz Lane\" fetchpriority=high \/>\n\t\t\t<\/picture>\n\n\t\t\t<figcaption class=\"wp-caption-text wp-caption-text--show\">BCE - Foto: Divulga\u00e7\u00e3o\/Banco Central Europeu<\/figcaption>\n\t\t<\/figure>\n\t<\/div>\n\n\n\t<p>\n\t\t<a href=\"https:\/\/lp.suno.com.br\/planilha-controle-gastos\/\" target=\"_blank\" data-element=\"shortcode-suno-banner\" title=\"Banner SUNO, clique e saiba mais\">\n\t\t\t<picture>\n\t\t\t\t<source media=\"(max-width: 500px)\" srcset=\"https:\/\/files.sunoresearch.com.br\/n\/uploads\/2023\/03\/400x300-Planilha-controle-de-gastos.png\">\n\t\t\t\t<img class=\"newsContent__article__imgCapa newsContent__article__imgCapa--banner\"\n\t\t\t\t\tsrc=\"https:\/\/files.sunoresearch.com.br\/n\/uploads\/2023\/03\/1420x240-Planilha-controle-de-gastos.png\"\n\t\t\t\t\tdata-promo-id=\"101751\"\t\t\t\t\t\t\t\t\t\twidth='1420' height='240'\t\t\t\t\talt=\"https:\/\/files.sunoresearch.com.br\/n\/uploads\/2023\/03\/1420x240-Planilha-controle-de-gastos.png\"\n\t\t\t\t>\n\t\t\t<\/picture>\n\t\t<\/a>\n\t<\/p>\n\n\n<p>O coment\u00e1rio do economista do BCE <a href=\"https:\/\/www.suno.com.br\/artigos\/fed\">chama aten\u00e7\u00e3o num per\u00edodo em que o <strong>Fed<\/strong><\/a> est\u00e1 abertamente discutindo a possibilidade de come\u00e7ar a reduzir suas compras mensais de ativos financeiros.<\/p>\n<p>Na entrevista, Lane afirmou tamb\u00e9m que a dissemina\u00e7\u00e3o da variante Delta da Covid-19 provavelmente ter\u00e1 impacto apenas limitado na economia da <strong>zona<\/strong> <strong>do euro<\/strong>, que se mant\u00e9m na trajet\u00f3ria para crescer com for\u00e7a neste e no pr\u00f3ximo ano.<\/p>\n<p>Segundo Lane, a Europa n\u00e3o dever\u00e1 estar entre as regi\u00f5es mais prejudicadas pela <strong>Delta<\/strong>, gra\u00e7as a seus elevados \u00edndices de vacina\u00e7\u00e3o contra a doen\u00e7a e a medidas de lockdown tomadas anteriormente.<\/p>\n\n<h2>D\u00f3lar fica misto ante rivais, com BCE no radar<\/h2>\n<p>No in\u00edcio da sess\u00e3o, o euro operava pr\u00f3ximo ao seu menor n\u00edvel ante o d\u00f3lar desde dezembro, com a aposta dos investidores de que o BCE manter\u00e1 uma <strong>pol\u00edtica monet\u00e1ria <\/strong>acomodat\u00edcia e que a zona do euro ter\u00e1 uma recupera\u00e7\u00e3o econ\u00f4mica mais lenta do que os EUA.<\/p>\n\t<p>\n\t\t<a href=\"https:\/\/lp.suno.com.br\/planilha-da-vida-financeira\/\" target=\"_blank\" data-element=\"shortcode-suno-banner\" title=\"Banner SUNO, clique e saiba mais\">\n\t\t\t<picture>\n\t\t\t\t<source media=\"(max-width: 500px)\" srcset=\"https:\/\/files.sunoresearch.com.br\/n\/uploads\/2023\/04\/400x300-Planilha-vida-financeira-true.png\">\n\t\t\t\t<img class=\"newsContent__article__imgCapa newsContent__article__imgCapa--banner\"\n\t\t\t\t\tsrc=\"https:\/\/files.sunoresearch.com.br\/n\/uploads\/2023\/04\/1420x240-Planilha-vida-financeira-true.png\"\n\t\t\t\t\tdata-promo-id=\"106682\"\t\t\t\t\t\t\t\t\t\twidth='1420' height='240'\t\t\t\t\talt=\"https:\/\/files.sunoresearch.com.br\/n\/uploads\/2023\/04\/1420x240-Planilha-vida-financeira-true.png\"\n\t\t\t\t>\n\t\t\t<\/picture>\n\t\t<\/a>\n\t<\/p>\n\n\n<p>&#8220;(&#8230;) O BCE continua a errar pelo lado da cautela, mantendo suas compras de t\u00edtulos em n\u00edveis sem precedentes e as taxas de juros em m\u00ednimas hist\u00f3ricas, o que provavelmente limitar\u00e1 a demanda pelo <strong>euro<\/strong> \u00e0 medida que a diverg\u00eancia pol\u00edtica (em rela\u00e7\u00e3o ao Fed) aumentar&#8221;, diz o analista George Vessey, da Western Union.<\/p>\n<p>&#8220;<a href=\"https:\/\/www.suno.com.br\/artigos\/cambio\">O fato do d\u00f3lar continuar se fortalecendo<\/a>, apesar das baixas taxas de juros americanas, confirma nossa vis\u00e3o de que, por pior que as coisas possam ficar nos EUA, o resto do mundo parece ainda pior&#8221;, afirma o BBH.<\/p>\n<p>Caso a perspectiva mude e a <strong>economia<\/strong> americana desacelere significativamente, isso &#8220;provavelmente&#8221; seria um &#8220;divisor de \u00e1guas&#8221; para o d\u00f3lar, diz o banco americano.<\/p>\n\t<p>\n\t\t<a href=\"https:\/\/lp.suno.com.br\/ebook-como-analisar-uma-acao\/\" target=\"_blank\" data-element=\"shortcode-suno-banner\" title=\"Banner SUNO, clique e saiba mais\">\n\t\t\t<picture>\n\t\t\t\t<source media=\"(max-width: 500px)\" srcset=\"https:\/\/files.sunoresearch.com.br\/n\/uploads\/2023\/03\/Ebook-Acoes-Mobile-1.jpg\">\n\t\t\t\t<img class=\"newsContent__article__imgCapa newsContent__article__imgCapa--banner\"\n\t\t\t\t\tsrc=\"https:\/\/files.sunoresearch.com.br\/n\/uploads\/2023\/03\/Ebook-Acoes-Desktop-1.jpg\"\n\t\t\t\t\tdata-promo-id=\"171998\"\t\t\t\t\t\t\t\t\t\twidth='1420' height='286'\t\t\t\t\talt=\"https:\/\/files.sunoresearch.com.br\/n\/uploads\/2023\/03\/Ebook-Acoes-Desktop-1.jpg\"\n\t\t\t\t>\n\t\t\t<\/picture>\n\t\t<\/a>\n\t<\/p>\n\n\n<p>&#8220;O Fed n\u00e3o teria outra op\u00e7\u00e3o se n\u00e3o ajustar significativamente suas expectativas <a href=\"https:\/\/www.suno.com.br\/noticias\/fed-requisito-alta-juro-difere-tapering\/\">sobre o andamento do <strong>tapering<\/strong><\/a>. Ainda assim, por\u00e9m, o d\u00f3lar poderia se manter melhor do que o esperado, j\u00e1 que uma recess\u00e3o nos EUA provavelmente seria parte de uma desacelera\u00e7\u00e3o global mais ampla&#8221;.<\/p>\n<h2>BCE pode revisar proje\u00e7\u00f5es da economia para cima<\/h2>\n<p>Tamb\u00e9m nesta quarta-feira (25), o vice-presidente do BCE, Luis de Guindos, disse que todos os indicadores antecedentes da zona do euro referentes ao terceiro trimestre s\u00e3o positivos, sugerindo que o bloco dar\u00e1 continuidade \u00e0 <a href=\"https:\/\/www.suno.com.br\/artigos\/crescimento-economico\"><strong>recupera\u00e7\u00e3o<\/strong> <strong>econ\u00f4mica<\/strong><\/a> iniciada no trimestre anterior.<\/p>\n<p>Guindos, que falou durante evento organizado pelo Diario de Navarra, afirmou tamb\u00e9m que o <strong>BCE<\/strong> poder\u00e1 mais uma vez revisar para cima suas proje\u00e7\u00f5es macroecon\u00f4micas para a zona do euro &#8220;em poucos dias&#8221;.<\/p>\n<p><em>Com informa\u00e7\u00f5es do Estad\u00e3o Conte\u00fado<\/em><\/p>\n\t<p>\n\t\t<a href=\"https:\/\/lp.suno.com.br\/planilha-de-controle-de-investimentos\/\" target=\"_blank\" data-element=\"shortcode-suno-banner\" title=\"Banner SUNO, clique e saiba mais\">\n\t\t\t<picture>\n\t\t\t\t<source media=\"(max-width: 500px)\" srcset=\"https:\/\/files.sunoresearch.com.br\/n\/uploads\/2023\/03\/400x300-Controle-de-Investimentos.png\">\n\t\t\t\t<img class=\"newsContent__article__imgCapa newsContent__article__imgCapa--banner\"\n\t\t\t\t\tsrc=\"https:\/\/files.sunoresearch.com.br\/n\/uploads\/2023\/03\/1420x240-Controle-de-Investimentos.png\"\n\t\t\t\t\tdata-promo-id=\"75934\"\t\t\t\t\t\t\t\t\t\twidth='1420' height='240'\t\t\t\t\talt=\"https:\/\/files.sunoresearch.com.br\/n\/uploads\/2023\/03\/1420x240-Controle-de-Investimentos.png\"\n\t\t\t\t>\n\t\t\t<\/picture>\n\t\t<\/a>\n\t<\/p>\n\n\n","protected":false},"excerpt":{"rendered":"<p>Em entrevista nesta quarta-feira (25), Philip Lane, economista-chefe do Banco Central Europeu, o BCE, disse que o banco est\u00e1 &#8220;disposto a agir&#8221; se a pol\u00edtica monet\u00e1ria do Federal Reserve (Fed) afetar as condi\u00e7\u00f5es financeiras da zona do euro. BCE &#8211; Foto: Divulga\u00e7\u00e3o\/Banco Central Europeu O coment\u00e1rio do economista do BCE chama aten\u00e7\u00e3o num per\u00edodo em [&hellip;]<\/p>\n","protected":false},"author":73,"featured_media":178102,"comment_status":"closed","ping_status":"closed","sticky":false,"template":"","format":"standard","meta":[],"categories":[63],"tags":[106444,863,958,710,776,850,1752,991],"suno_strategy":[],"class_list":["post-178088","post","type-post","status-publish","format-standard","has-post-thumbnail","hentry","category-internacional","tag-agencias","tag-banco-central-europeu-bce","tag-euro","tag-europa","tag-federal-reseve-fed","tag-inflacao","tag-taxa-de-juros","tag-zona-do-euro"],"yoast_head":"<!-- This site is optimized with the Yoast SEO plugin v24.4 - https:\/\/yoast.com\/wordpress\/plugins\/seo\/ -->\n<title>BCE est\u00e1 &quot;disposto a agir&quot; caso Fed afete a zona do Euro, diz Lane<\/title>\n<meta name=\"description\" content=\"O economista-chefe do BCE, Philip Lane, tamb\u00e9m afirmou que a variante Delta ter\u00e1 impacto limitado na zona do euro. Clique aqui e leia mais.\" \/>\n<meta name=\"robots\" content=\"index, follow, max-snippet:-1, max-image-preview:large, max-video-preview:-1\" \/>\n<link rel=\"canonical\" href=\"https:\/\/www.suno.com.br\/noticias\/bc-disposto-agir-fed-zona-euro-lane\/\" \/>\n<meta property=\"og:locale\" content=\"pt_BR\" \/>\n<meta property=\"og:type\" content=\"article\" \/>\n<meta property=\"og:title\" content=\"BCE est\u00e1 &quot;disposto a agir&quot; caso Fed afete a zona do Euro, diz Lane\" \/>\n<meta property=\"og:description\" content=\"O economista-chefe do BCE, Philip Lane, tamb\u00e9m afirmou que a variante Delta ter\u00e1 impacto limitado na zona do euro. Clique aqui e leia mais.\" \/>\n<meta property=\"og:url\" content=\"https:\/\/www.suno.com.br\/noticias\/bc-disposto-agir-fed-zona-euro-lane\/\" \/>\n<meta property=\"og:site_name\" content=\"Suno Not\u00edcias\" \/>\n<meta property=\"article:publisher\" content=\"https:\/\/facebook.com\/sunoresearch\" \/>\n<meta property=\"og:image\" content=\"https:\/\/files.sunoresearch.com.br\/n\/uploads\/2021\/08\/2b825af2-bce-banco-central-europeu.jpg\" \/>\n\t<meta property=\"og:image:width\" content=\"2048\" \/>\n\t<meta property=\"og:image:height\" content=\"1367\" \/>\n\t<meta property=\"og:image:type\" content=\"image\/jpeg\" \/>\n<meta name=\"author\" content=\"Eduardo Vargas\" \/>\n<meta name=\"twitter:card\" content=\"summary_large_image\" \/>\n<meta name=\"twitter:creator\" content=\"@sunoresearch\" \/>\n<meta name=\"twitter:site\" content=\"@sunoresearch\" \/>\n<meta name=\"twitter:label1\" content=\"Escrito por\" \/>\n\t<meta name=\"twitter:data1\" content=\"Eduardo Vargas\" \/>\n\t<meta name=\"twitter:label2\" content=\"Est. tempo de leitura\" \/>\n\t<meta name=\"twitter:data2\" content=\"2 minutos\" \/>\n<script type=\"application\/ld+json\" class=\"yoast-schema-graph\">{\"@context\":\"https:\/\/schema.org\",\"@graph\":[{\"@type\":\"NewsArticle\",\"@id\":\"https:\/\/www.suno.com.br\/noticias\/bc-disposto-agir-fed-zona-euro-lane\/#article\",\"isPartOf\":{\"@id\":\"https:\/\/www.suno.com.br\/noticias\/bc-disposto-agir-fed-zona-euro-lane\/\"},\"author\":{\"name\":\"Eduardo Vargas\",\"@id\":\"https:\/\/www.suno.com.br\/noticias\/#\/schema\/person\/7f4d362bf3518e76090143ae77bb49a5\"},\"headline\":\"BCE est\u00e1 &#8220;disposto a agir&#8221; caso Fed afete a zona do Euro, diz Lane\",\"datePublished\":\"2021-08-25T16:41:34+00:00\",\"mainEntityOfPage\":{\"@id\":\"https:\/\/www.suno.com.br\/noticias\/bc-disposto-agir-fed-zona-euro-lane\/\"},\"wordCount\":524,\"publisher\":{\"@id\":\"https:\/\/www.suno.com.br\/noticias\/#organization\"},\"image\":{\"@id\":\"https:\/\/www.suno.com.br\/noticias\/bc-disposto-agir-fed-zona-euro-lane\/#primaryimage\"},\"thumbnailUrl\":\"https:\/\/files.sunoresearch.com.br\/n\/uploads\/2021\/08\/2b825af2-bce-banco-central-europeu.jpg\",\"keywords\":[\"Ag\u00eancias\",\"Banco Central Europeu (BCE)\",\"Euro\",\"Europa\",\"Federal Reserve (FED)\",\"infla\u00e7\u00e3o\",\"taxa de juros\",\"zona do euro\"],\"articleSection\":[\"Internacional\"],\"inLanguage\":\"pt-BR\"},{\"@type\":\"WebPage\",\"@id\":\"https:\/\/www.suno.com.br\/noticias\/bc-disposto-agir-fed-zona-euro-lane\/\",\"url\":\"https:\/\/www.suno.com.br\/noticias\/bc-disposto-agir-fed-zona-euro-lane\/\",\"name\":\"BCE est\u00e1 \\\"disposto a agir\\\" caso Fed afete a zona do Euro, diz Lane\",\"isPartOf\":{\"@id\":\"https:\/\/www.suno.com.br\/noticias\/#website\"},\"primaryImageOfPage\":{\"@id\":\"https:\/\/www.suno.com.br\/noticias\/bc-disposto-agir-fed-zona-euro-lane\/#primaryimage\"},\"image\":{\"@id\":\"https:\/\/www.suno.com.br\/noticias\/bc-disposto-agir-fed-zona-euro-lane\/#primaryimage\"},\"thumbnailUrl\":\"https:\/\/files.sunoresearch.com.br\/n\/uploads\/2021\/08\/2b825af2-bce-banco-central-europeu.jpg\",\"datePublished\":\"2021-08-25T16:41:34+00:00\",\"description\":\"O economista-chefe do BCE, Philip Lane, tamb\u00e9m afirmou que a variante Delta ter\u00e1 impacto limitado na zona do euro. Clique aqui e leia mais.\",\"breadcrumb\":{\"@id\":\"https:\/\/www.suno.com.br\/noticias\/bc-disposto-agir-fed-zona-euro-lane\/#breadcrumb\"},\"inLanguage\":\"pt-BR\",\"potentialAction\":[{\"@type\":\"ReadAction\",\"target\":[\"https:\/\/www.suno.com.br\/noticias\/bc-disposto-agir-fed-zona-euro-lane\/\"]}]},{\"@type\":\"ImageObject\",\"inLanguage\":\"pt-BR\",\"@id\":\"https:\/\/www.suno.com.br\/noticias\/bc-disposto-agir-fed-zona-euro-lane\/#primaryimage\",\"url\":\"https:\/\/files.sunoresearch.com.br\/n\/uploads\/2021\/08\/2b825af2-bce-banco-central-europeu.jpg\",\"contentUrl\":\"https:\/\/files.sunoresearch.com.br\/n\/uploads\/2021\/08\/2b825af2-bce-banco-central-europeu.jpg\",\"width\":2048,\"height\":1367,\"caption\":\"BCE - Foto: Divulga\u00e7\u00e3o\/Banco Central Europeu\"},{\"@type\":\"BreadcrumbList\",\"@id\":\"https:\/\/www.suno.com.br\/noticias\/bc-disposto-agir-fed-zona-euro-lane\/#breadcrumb\",\"itemListElement\":[{\"@type\":\"ListItem\",\"position\":1,\"name\":\"Not\u00edcias\",\"item\":\"https:\/\/www.suno.com.br\/noticias\/\"},{\"@type\":\"ListItem\",\"position\":2,\"name\":\"Internacional\",\"item\":\"https:\/\/www.suno.com.br\/noticias\/internacional\/\"},{\"@type\":\"ListItem\",\"position\":3,\"name\":\"BCE est\u00e1 &#8220;disposto a agir&#8221; caso Fed afete a zona do Euro, diz Lane\"}]},{\"@type\":\"WebSite\",\"@id\":\"https:\/\/www.suno.com.br\/noticias\/#website\",\"url\":\"https:\/\/www.suno.com.br\/noticias\/\",\"name\":\"Suno Not\u00edcias\",\"description\":\"Seu portal de informa\u00e7\u00e3o sobre o mundo dos investimentos\",\"publisher\":{\"@id\":\"https:\/\/www.suno.com.br\/noticias\/#organization\"},\"potentialAction\":[{\"@type\":\"SearchAction\",\"target\":{\"@type\":\"EntryPoint\",\"urlTemplate\":\"https:\/\/www.suno.com.br\/noticias\/?s={search_term_string}\"},\"query-input\":{\"@type\":\"PropertyValueSpecification\",\"valueRequired\":true,\"valueName\":\"search_term_string\"}}],\"inLanguage\":\"pt-BR\"},{\"@type\":\"Organization\",\"@id\":\"https:\/\/www.suno.com.br\/noticias\/#organization\",\"name\":\"Suno Not\u00edcias\",\"url\":\"https:\/\/www.suno.com.br\/noticias\/\",\"logo\":{\"@type\":\"ImageObject\",\"inLanguage\":\"pt-BR\",\"@id\":\"https:\/\/www.suno.com.br\/noticias\/#\/schema\/logo\/image\/\",\"url\":\"https:\/\/files.sunoresearch.com.br\/n\/uploads\/2021\/09\/suno-logo.png\",\"contentUrl\":\"https:\/\/files.sunoresearch.com.br\/n\/uploads\/2021\/09\/suno-logo.png\",\"width\":180,\"height\":180,\"caption\":\"Suno Not\u00edcias\"},\"image\":{\"@id\":\"https:\/\/www.suno.com.br\/noticias\/#\/schema\/logo\/image\/\"},\"sameAs\":[\"https:\/\/facebook.com\/sunoresearch\",\"https:\/\/x.com\/sunoresearch\",\"https:\/\/www.instagram.com\/suno\",\"https:\/\/www.linkedin.com\/company\/suno-research\/\",\"https:\/\/www.youtube.com\/c\/sunoresearch\"]},{\"@type\":\"Person\",\"@id\":\"https:\/\/www.suno.com.br\/noticias\/#\/schema\/person\/7f4d362bf3518e76090143ae77bb49a5\",\"name\":\"Eduardo Vargas\",\"image\":{\"@type\":\"ImageObject\",\"inLanguage\":\"pt-BR\",\"@id\":\"https:\/\/www.suno.com.br\/noticias\/#\/schema\/person\/image\/\",\"url\":\"https:\/\/secure.gravatar.com\/avatar\/dac340933427a22924c9f99d1eb2e3f2?s=96&r=g\",\"contentUrl\":\"https:\/\/secure.gravatar.com\/avatar\/dac340933427a22924c9f99d1eb2e3f2?s=96&r=g\",\"caption\":\"Eduardo Vargas\"},\"description\":\"Jornalista formado pela UFSC, cobre macroeconomia, neg\u00f3cios e startups para o Suno Not\u00edcias, escrevendo principalmente not\u00edcias sobre o mercado financeiro e a bolsa de valores. No YouTube e no Instagram, \u00e9 respons\u00e1vel pela produ\u00e7\u00e3o de Reels e Shorts do Suno Not\u00edcias. Anteriormente, trabalhou cobrindo economia e cotidiano no ND+ e para o ND, maior jornal impresso de Santa Catarina. Cursou um semestre letivo de Estudos de M\u00eddia na Universidad de Buenos Aires.\",\"url\":\"https:\/\/www.suno.com.br\/noticias\/author\/eduardo-vargas\/\"}]}<\/script>\n<!-- \/ Yoast SEO plugin. -->","yoast_head_json":{"title":"BCE est\u00e1 \"disposto a agir\" caso Fed afete a zona do Euro, diz Lane","description":"O economista-chefe do BCE, Philip Lane, tamb\u00e9m afirmou que a variante Delta ter\u00e1 impacto limitado na zona do euro. Clique aqui e leia mais.","robots":{"index":"index","follow":"follow","max-snippet":"max-snippet:-1","max-image-preview":"max-image-preview:large","max-video-preview":"max-video-preview:-1"},"canonical":"https:\/\/www.suno.com.br\/noticias\/bc-disposto-agir-fed-zona-euro-lane\/","og_locale":"pt_BR","og_type":"article","og_title":"BCE est\u00e1 \"disposto a agir\" caso Fed afete a zona do Euro, diz Lane","og_description":"O economista-chefe do BCE, Philip Lane, tamb\u00e9m afirmou que a variante Delta ter\u00e1 impacto limitado na zona do euro. Clique aqui e leia mais.","og_url":"https:\/\/www.suno.com.br\/noticias\/bc-disposto-agir-fed-zona-euro-lane\/","og_site_name":"Suno Not\u00edcias","article_publisher":"https:\/\/facebook.com\/sunoresearch","og_image":[{"width":2048,"height":1367,"url":"https:\/\/files.sunoresearch.com.br\/n\/uploads\/2021\/08\/2b825af2-bce-banco-central-europeu.jpg","type":"image\/jpeg"}],"author":"Eduardo Vargas","twitter_card":"summary_large_image","twitter_creator":"@sunoresearch","twitter_site":"@sunoresearch","twitter_misc":{"Escrito por":"Eduardo Vargas","Est. tempo de leitura":"2 minutos"},"schema":{"@context":"https:\/\/schema.org","@graph":[{"@type":"NewsArticle","@id":"https:\/\/www.suno.com.br\/noticias\/bc-disposto-agir-fed-zona-euro-lane\/#article","isPartOf":{"@id":"https:\/\/www.suno.com.br\/noticias\/bc-disposto-agir-fed-zona-euro-lane\/"},"author":{"name":"Eduardo Vargas","@id":"https:\/\/www.suno.com.br\/noticias\/#\/schema\/person\/7f4d362bf3518e76090143ae77bb49a5"},"headline":"BCE est\u00e1 &#8220;disposto a agir&#8221; caso Fed afete a zona do Euro, diz Lane","datePublished":"2021-08-25T16:41:34+00:00","mainEntityOfPage":{"@id":"https:\/\/www.suno.com.br\/noticias\/bc-disposto-agir-fed-zona-euro-lane\/"},"wordCount":524,"publisher":{"@id":"https:\/\/www.suno.com.br\/noticias\/#organization"},"image":{"@id":"https:\/\/www.suno.com.br\/noticias\/bc-disposto-agir-fed-zona-euro-lane\/#primaryimage"},"thumbnailUrl":"https:\/\/files.sunoresearch.com.br\/n\/uploads\/2021\/08\/2b825af2-bce-banco-central-europeu.jpg","keywords":["Ag\u00eancias","Banco Central Europeu (BCE)","Euro","Europa","Federal Reserve (FED)","infla\u00e7\u00e3o","taxa de juros","zona do euro"],"articleSection":["Internacional"],"inLanguage":"pt-BR"},{"@type":"WebPage","@id":"https:\/\/www.suno.com.br\/noticias\/bc-disposto-agir-fed-zona-euro-lane\/","url":"https:\/\/www.suno.com.br\/noticias\/bc-disposto-agir-fed-zona-euro-lane\/","name":"BCE est\u00e1 \"disposto a agir\" caso Fed afete a zona do Euro, diz Lane","isPartOf":{"@id":"https:\/\/www.suno.com.br\/noticias\/#website"},"primaryImageOfPage":{"@id":"https:\/\/www.suno.com.br\/noticias\/bc-disposto-agir-fed-zona-euro-lane\/#primaryimage"},"image":{"@id":"https:\/\/www.suno.com.br\/noticias\/bc-disposto-agir-fed-zona-euro-lane\/#primaryimage"},"thumbnailUrl":"https:\/\/files.sunoresearch.com.br\/n\/uploads\/2021\/08\/2b825af2-bce-banco-central-europeu.jpg","datePublished":"2021-08-25T16:41:34+00:00","description":"O economista-chefe do BCE, Philip Lane, tamb\u00e9m afirmou que a variante Delta ter\u00e1 impacto limitado na zona do euro. Clique aqui e leia mais.","breadcrumb":{"@id":"https:\/\/www.suno.com.br\/noticias\/bc-disposto-agir-fed-zona-euro-lane\/#breadcrumb"},"inLanguage":"pt-BR","potentialAction":[{"@type":"ReadAction","target":["https:\/\/www.suno.com.br\/noticias\/bc-disposto-agir-fed-zona-euro-lane\/"]}]},{"@type":"ImageObject","inLanguage":"pt-BR","@id":"https:\/\/www.suno.com.br\/noticias\/bc-disposto-agir-fed-zona-euro-lane\/#primaryimage","url":"https:\/\/files.sunoresearch.com.br\/n\/uploads\/2021\/08\/2b825af2-bce-banco-central-europeu.jpg","contentUrl":"https:\/\/files.sunoresearch.com.br\/n\/uploads\/2021\/08\/2b825af2-bce-banco-central-europeu.jpg","width":2048,"height":1367,"caption":"BCE - Foto: Divulga\u00e7\u00e3o\/Banco Central Europeu"},{"@type":"BreadcrumbList","@id":"https:\/\/www.suno.com.br\/noticias\/bc-disposto-agir-fed-zona-euro-lane\/#breadcrumb","itemListElement":[{"@type":"ListItem","position":1,"name":"Not\u00edcias","item":"https:\/\/www.suno.com.br\/noticias\/"},{"@type":"ListItem","position":2,"name":"Internacional","item":"https:\/\/www.suno.com.br\/noticias\/internacional\/"},{"@type":"ListItem","position":3,"name":"BCE est\u00e1 &#8220;disposto a agir&#8221; caso Fed afete a zona do Euro, diz Lane"}]},{"@type":"WebSite","@id":"https:\/\/www.suno.com.br\/noticias\/#website","url":"https:\/\/www.suno.com.br\/noticias\/","name":"Suno Not\u00edcias","description":"Seu portal de informa\u00e7\u00e3o sobre o mundo dos investimentos","publisher":{"@id":"https:\/\/www.suno.com.br\/noticias\/#organization"},"potentialAction":[{"@type":"SearchAction","target":{"@type":"EntryPoint","urlTemplate":"https:\/\/www.suno.com.br\/noticias\/?s={search_term_string}"},"query-input":{"@type":"PropertyValueSpecification","valueRequired":true,"valueName":"search_term_string"}}],"inLanguage":"pt-BR"},{"@type":"Organization","@id":"https:\/\/www.suno.com.br\/noticias\/#organization","name":"Suno Not\u00edcias","url":"https:\/\/www.suno.com.br\/noticias\/","logo":{"@type":"ImageObject","inLanguage":"pt-BR","@id":"https:\/\/www.suno.com.br\/noticias\/#\/schema\/logo\/image\/","url":"https:\/\/files.sunoresearch.com.br\/n\/uploads\/2021\/09\/suno-logo.png","contentUrl":"https:\/\/files.sunoresearch.com.br\/n\/uploads\/2021\/09\/suno-logo.png","width":180,"height":180,"caption":"Suno Not\u00edcias"},"image":{"@id":"https:\/\/www.suno.com.br\/noticias\/#\/schema\/logo\/image\/"},"sameAs":["https:\/\/facebook.com\/sunoresearch","https:\/\/x.com\/sunoresearch","https:\/\/www.instagram.com\/suno","https:\/\/www.linkedin.com\/company\/suno-research\/","https:\/\/www.youtube.com\/c\/sunoresearch"]},{"@type":"Person","@id":"https:\/\/www.suno.com.br\/noticias\/#\/schema\/person\/7f4d362bf3518e76090143ae77bb49a5","name":"Eduardo Vargas","image":{"@type":"ImageObject","inLanguage":"pt-BR","@id":"https:\/\/www.suno.com.br\/noticias\/#\/schema\/person\/image\/","url":"https:\/\/secure.gravatar.com\/avatar\/dac340933427a22924c9f99d1eb2e3f2?s=96&r=g","contentUrl":"https:\/\/secure.gravatar.com\/avatar\/dac340933427a22924c9f99d1eb2e3f2?s=96&r=g","caption":"Eduardo Vargas"},"description":"Jornalista formado pela UFSC, cobre macroeconomia, neg\u00f3cios e startups para o Suno Not\u00edcias, escrevendo principalmente not\u00edcias sobre o mercado financeiro e a bolsa de valores. No YouTube e no Instagram, \u00e9 respons\u00e1vel pela produ\u00e7\u00e3o de Reels e Shorts do Suno Not\u00edcias. Anteriormente, trabalhou cobrindo economia e cotidiano no ND+ e para o ND, maior jornal impresso de Santa Catarina. Cursou um semestre letivo de Estudos de M\u00eddia na Universidad de Buenos Aires.","url":"https:\/\/www.suno.com.br\/noticias\/author\/eduardo-vargas\/"}]}},"default_loop_html":"<div class=\"cardsPage__listCard__boxs\"><div class=\"cardsPage__listCard__boxs__img\"><a href=\"https:\/\/www.suno.com.br\/noticias\/bc-disposto-agir-fed-zona-euro-lane\/\"><img class=\"mask\" src=\"https:\/\/www.suno.com.br\/noticias\/wp-content\/themes\/suno\/resources\/images\/spotlight\/spotlight1img\/bg-mask.png\" alt=\"Image Mask\"\/><img src=\"https:\/\/files.sunoresearch.com.br\/n\/uploads\/2021\/08\/2b825af2-bce-banco-central-europeu-400x200.jpg\" alt=\"BCE est\u00e1 &#8220;disposto a agir&#8221; caso Fed afete a zona do Euro, diz Lane\"\/><\/a><span class=\"spotlightCategory\"><a href=\"https:\/\/www.suno.com.br\/noticias\/internacional\/\">Internacional<\/a><\/span><\/div><div class=\"cardsPage__listCard__boxs__content\"><a href=\"https:\/\/www.suno.com.br\/noticias\/bc-disposto-agir-fed-zona-euro-lane\/\"><h2 class=\"content__title\">BCE est\u00e1 &#8220;disposto a agir&#8221; caso Fed afete a zona do Euro, diz Lane<\/h2><\/a><div class=\"newsContent__article__meta\"><div class=\"newsContent__article__meta__authorBox\"><a href=\"https:\/\/www.suno.com.br\/noticias\/author\/eduardo-vargas\/\" class=\"authorBox__avatar noMobi\"><img src=\"https:\/\/secure.gravatar.com\/avatar\/dac340933427a22924c9f99d1eb2e3f2?s=96&#038;r=g\" alt=\"Eduardo Vargas\"><\/a><div class=\"authorBox__name\"><span>por\n\t\t\t<a href=\"https:\/\/www.suno.com.br\/noticias\/author\/eduardo-vargas\/\"><span itemprop=\"author\">Eduardo Vargas<\/span><\/a><\/span><time datetime=\"2021-08-25T13:41:34-03:00\" itemprop=\"datePublished\">25\/08\/2021 13:41<\/time><\/div><\/div><\/div><\/div><\/div>","single_layout":"posts","amp_enabled":true,"_links":{"self":[{"href":"https:\/\/www.suno.com.br\/noticias\/wp-json\/wp\/v2\/posts\/178088"}],"collection":[{"href":"https:\/\/www.suno.com.br\/noticias\/wp-json\/wp\/v2\/posts"}],"about":[{"href":"https:\/\/www.suno.com.br\/noticias\/wp-json\/wp\/v2\/types\/post"}],"author":[{"embeddable":true,"href":"https:\/\/www.suno.com.br\/noticias\/wp-json\/wp\/v2\/users\/73"}],"replies":[{"embeddable":true,"href":"https:\/\/www.suno.com.br\/noticias\/wp-json\/wp\/v2\/comments?post=178088"}],"version-history":[{"count":4,"href":"https:\/\/www.suno.com.br\/noticias\/wp-json\/wp\/v2\/posts\/178088\/revisions"}],"predecessor-version":[{"id":178145,"href":"https:\/\/www.suno.com.br\/noticias\/wp-json\/wp\/v2\/posts\/178088\/revisions\/178145"}],"wp:featuredmedia":[{"embeddable":true,"href":"https:\/\/www.suno.com.br\/noticias\/wp-json\/wp\/v2\/media\/178102"}],"wp:attachment":[{"href":"https:\/\/www.suno.com.br\/noticias\/wp-json\/wp\/v2\/media?parent=178088"}],"wp:term":[{"taxonomy":"category","embeddable":true,"href":"https:\/\/www.suno.com.br\/noticias\/wp-json\/wp\/v2\/categories?post=178088"},{"taxonomy":"post_tag","embeddable":true,"href":"https:\/\/www.suno.com.br\/noticias\/wp-json\/wp\/v2\/tags?post=178088"},{"taxonomy":"suno_strategy","embeddable":true,"href":"https:\/\/www.suno.com.br\/noticias\/wp-json\/wp\/v2\/suno_strategy?post=178088"}],"curies":[{"name":"wp","href":"https:\/\/api.w.org\/{rel}","templated":true}]}}