{"id":17808,"date":"2019-03-13T09:33:16","date_gmt":"2019-03-13T12:33:16","guid":{"rendered":"https:\/\/www.suno.com.br\/noticias\/?p=17808"},"modified":"2021-06-13T23:47:28","modified_gmt":"2021-06-14T02:47:28","slug":"ue-aprova-plano-concorrencia-desleal-chinesa","status":"publish","type":"post","link":"https:\/\/www.suno.com.br\/noticias\/ue-aprova-plano-concorrencia-desleal-chinesa\/","title":{"rendered":"UE aprova plano contra concorr\u00eancia desleal da China"},"content":{"rendered":"<p>A <a href=\"https:\/\/www.suno.com.br\/artigos\/uniao-europeia\/\"><strong>Uni\u00e3o Europeia<\/strong> (UE)<\/a> aprovou um plano de 10 pontos para conter a concorr\u00eancia econ\u00f4mica desleal da <strong>China.<\/strong> O documento tem\u00a010 pontos e tem como objetivo construir <strong>rela\u00e7\u00f5es econ\u00f4micas<\/strong> mais equilibradas com <strong>Pequim.<\/strong><\/p>\t<div class=\"wrapper-featured-image\">\n\t\t<figure class=\"spotlightImg\">\n\n\t\t\t<picture>\n\t\t\t\t<source media=\"(max-width: 768px)\" srcset=\"https:\/\/files.sunoresearch.com.br\/n\/uploads\/2019\/03\/a96a7e8a-ue-china2-400x200.webp\">\n\t\t\t\t<img loading=\"lazy\" decoding=\"async\" class=\"newsContent__article__imgCapa lazyloadDisabled newsContent__article__imgCapa--noCaption\" src=\"https:\/\/files.sunoresearch.com.br\/n\/uploads\/2019\/03\/a96a7e8a-ue-china2-jpg.webp\" width=\"800\" height=\"450\" alt=\"UE aprova plano contra concorr\u00eancia desleal da China\" fetchpriority=high \/>\n\t\t\t<\/picture>\n\n\t\t\t<figcaption class=\"wp-caption-text wp-caption-text--hide\">UE CHINA<\/figcaption>\n\t\t<\/figure>\n\t<\/div>\n\n\n<p>A <strong>Comiss\u00e3o Europeia,<\/strong> \u00f3rg\u00e3o executivo da <strong>UE,<\/strong> elaborou o projeto, pedindo aos l\u00edderes europeus apoio \u00e0 iniciativa. O documento indica a necessidade de conter <strong>empresas estatais chinesas<\/strong> e aumentar a prote\u00e7\u00e3o contra amea\u00e7as \u00e0 <strong>seguran\u00e7a cibern\u00e9tica.<\/strong><\/p>\n<p><a href=\"https:\/\/www.suno.com.br\/noticias\/desemprego-zona-euro-menor-taxa\/\">Saiba mais: Desemprego na zona do euro cai para 7,9%, menor taxa desde 2008\u00a0<\/a><\/p>\n<h2>Mudan\u00e7a de postura da UE<\/h2>\n<p>Esse plano de a\u00e7\u00e3o marca uma mudan\u00e7a na posi\u00e7\u00e3o do bloco europeu em rela\u00e7\u00e3o ao seu principal <strong>parceiro comercial.<\/strong>\u00a0 O documento ser\u00e1 debatido entre os l\u00edderes dos pa\u00edses membros da <strong>UE<\/strong> na pr\u00f3xima c\u00fapula em <strong>Bruxelas.<\/strong> A reuni\u00e3o est\u00e1 marcada para os dias 21 e 22 de mar\u00e7o, antes da c\u00fapula <strong>UE-China,<\/strong> prevista para o dia 9 de abril.<\/p>\n<p>A <strong>Comiss\u00e3o Europeia<\/strong> salientou a necessidade de cooperar mais com o governo de <strong>Pequim<\/strong> em \u00e1reas como mudan\u00e7a clim\u00e1tica e paz. Entretanto, os europeus querem pressionar os chineses para uma rela\u00e7\u00e3o econ\u00f4mica mais equilibrada. Com reciprocidade no com\u00e9rcio e medidas para proteger a ind\u00fastria, em particular contra a pirataria e a viola\u00e7\u00e3o de patentes.<\/p>\n<p>A <strong>Uni\u00e3o Europeia<\/strong> est\u00e1 preocupada com as distor\u00e7\u00f5es do mercado chin\u00eas. Entre as quais est\u00e3o o excesso de capacidade produtiva e a viola\u00e7\u00e3o de tecnologias. As mesmas preocupa\u00e7\u00f5es expressas repetidas vezes pelo governo dos <strong>Estados Unidos.<\/strong> Entretanto, <strong>Bruxelas<\/strong> evitou tomar partido na guerra comercial em andamento entre <strong>Washington<\/strong> e <strong>Pequim.<\/strong> Um atrito que poderia prejudicar um fluxo comercial de cerca de US$ 200 bilh\u00f5es\u00a0 (cerca de R$ 760 bilh\u00f5es).<\/p>\n<p><a href=\"https:\/\/www.suno.com.br\/noticias\/acordo-comercial-guerra-china-eua-iminente-nao\/\">Saiba mais:\u00a0Acordo comercial entre China e EUA n\u00e3o \u00e9 iminente, segundo embaixador\u00a0<\/a><\/p>\n<h2>Mudan\u00e7a nas leis europeias<\/h2>\n<p>No documento, a <strong>Comiss\u00e3o Europeia<\/strong> tamb\u00e9m salientou como empresas chinesas interessadas em obter contratos p\u00fablicos da <strong>UE<\/strong> tenham que respeitar aos altos padr\u00f5es trabalhistas e ambientais do bloco. Al\u00e9m disso, o plano de a\u00e7\u00e3o indica a necessidade de modificar as leis europeias para evitar que estatais chinesas possam obter subs\u00eddios operando no mercado comum europeu.<\/p>\n<p>Sob o ponto de vista da seguran\u00e7a, a <strong>Comiss\u00e3o<\/strong> tamb\u00e9m salientou como os pa\u00edses europeus tenham que encontrar uma linha comum sobre a seguran\u00e7a das redes de telecomunica\u00e7\u00f5es <strong>5G.<\/strong> Um ponto muito delicado, considerando que alguns <strong>pa\u00edses europeus,<\/strong> como a It\u00e1lia, sinalizaram o interesse na tecnologia 5G de empresas chinesas.<\/p>\n<p>Do ponto de vista dos fluxos comerciais, a <strong>China<\/strong> \u00e9 o primeiro mercado da <strong>UE<\/strong> para as importa\u00e7\u00f5es e o segundo mercado para as exporta\u00e7\u00f5es. Os <strong>Estados Unidos<\/strong> vem logo depois. No total, o com\u00e9rcio entre a China e a <strong>Uni\u00e3o Europeia<\/strong> movimenta mais de US$ 1 bilh\u00e3o por dia, com um <strong>super\u00e1vit comercial<\/strong> chines em bens que chegou a US$ 200,4 bilh\u00f5es em 2017.<\/p>\n","protected":false},"excerpt":{"rendered":"<p>A Uni\u00e3o Europeia (UE) aprovou um plano de 10 pontos para conter a concorr\u00eancia econ\u00f4mica desleal da China. O documento tem\u00a010 pontos e tem como objetivo construir rela\u00e7\u00f5es econ\u00f4micas mais equilibradas com Pequim. UE CHINA A Comiss\u00e3o Europeia, \u00f3rg\u00e3o executivo da UE, elaborou o projeto, pedindo aos l\u00edderes europeus apoio \u00e0 iniciativa. O documento indica [&hellip;]<\/p>\n","protected":false},"author":9,"featured_media":17818,"comment_status":"closed","ping_status":"closed","sticky":false,"template":"","format":"standard","meta":[],"categories":[63],"tags":[1236,711,923,793,731],"suno_strategy":[],"class_list":["post-17808","post","type-post","status-publish","format-standard","has-post-thumbnail","hentry","category-internacional","tag-5g","tag-china","tag-comercio-exterior","tag-estados-unidos-eua","tag-uniao-europeia"],"yoast_head":"<!-- This site is optimized with the Yoast SEO plugin v24.4 - https:\/\/yoast.com\/wordpress\/plugins\/seo\/ -->\n<title>UE aprova plano contra concorr\u00eancia desleal da China<\/title>\n<meta name=\"description\" content=\"A Uni\u00e3o Europeia (UE) aprovou um plano de 10 pontos para conter a concorr\u00eancia econ\u00f4mica desleal da China. Clique aqui para saber mais.\" \/>\n<meta name=\"robots\" content=\"index, follow, max-snippet:-1, max-image-preview:large, max-video-preview:-1\" \/>\n<link rel=\"canonical\" href=\"https:\/\/www.suno.com.br\/noticias\/ue-aprova-plano-concorrencia-desleal-chinesa\/\" \/>\n<meta property=\"og:locale\" content=\"pt_BR\" \/>\n<meta property=\"og:type\" content=\"article\" \/>\n<meta property=\"og:title\" content=\"UE aprova plano contra concorr\u00eancia desleal da China\" \/>\n<meta property=\"og:description\" content=\"A Uni\u00e3o Europeia (UE) aprovou um plano de 10 pontos para conter a concorr\u00eancia econ\u00f4mica desleal da China. Clique aqui para saber mais.\" \/>\n<meta property=\"og:url\" content=\"https:\/\/www.suno.com.br\/noticias\/ue-aprova-plano-concorrencia-desleal-chinesa\/\" \/>\n<meta property=\"og:site_name\" content=\"Suno Not\u00edcias\" \/>\n<meta property=\"article:publisher\" content=\"https:\/\/facebook.com\/sunoresearch\" \/>\n<meta property=\"og:image\" content=\"https:\/\/files.sunoresearch.com.br\/n\/uploads\/2019\/03\/a96a7e8a-ue-china2.jpg\" \/>\n\t<meta property=\"og:image:width\" content=\"800\" \/>\n\t<meta property=\"og:image:height\" content=\"450\" \/>\n\t<meta property=\"og:image:type\" content=\"image\/jpeg\" \/>\n<meta name=\"author\" content=\"Carlo Cauti\" \/>\n<meta name=\"twitter:card\" content=\"summary_large_image\" \/>\n<meta name=\"twitter:creator\" content=\"@sunoresearch\" \/>\n<meta name=\"twitter:site\" content=\"@sunoresearch\" \/>\n<meta name=\"twitter:label1\" content=\"Escrito por\" \/>\n\t<meta name=\"twitter:data1\" content=\"Carlo Cauti\" \/>\n\t<meta name=\"twitter:label2\" content=\"Est. tempo de leitura\" \/>\n\t<meta name=\"twitter:data2\" content=\"3 minutos\" \/>\n<script type=\"application\/ld+json\" class=\"yoast-schema-graph\">{\"@context\":\"https:\/\/schema.org\",\"@graph\":[{\"@type\":\"NewsArticle\",\"@id\":\"https:\/\/www.suno.com.br\/noticias\/ue-aprova-plano-concorrencia-desleal-chinesa\/#article\",\"isPartOf\":{\"@id\":\"https:\/\/www.suno.com.br\/noticias\/ue-aprova-plano-concorrencia-desleal-chinesa\/\"},\"author\":{\"name\":\"Carlo Cauti\",\"@id\":\"https:\/\/www.suno.com.br\/noticias\/#\/schema\/person\/e6e0f723cc177805027f4566c1d5e0c8\"},\"headline\":\"UE aprova plano contra concorr\u00eancia desleal da China\",\"datePublished\":\"2019-03-13T12:33:16+00:00\",\"dateModified\":\"2021-06-14T02:47:28+00:00\",\"mainEntityOfPage\":{\"@id\":\"https:\/\/www.suno.com.br\/noticias\/ue-aprova-plano-concorrencia-desleal-chinesa\/\"},\"wordCount\":515,\"publisher\":{\"@id\":\"https:\/\/www.suno.com.br\/noticias\/#organization\"},\"image\":{\"@id\":\"https:\/\/www.suno.com.br\/noticias\/ue-aprova-plano-concorrencia-desleal-chinesa\/#primaryimage\"},\"thumbnailUrl\":\"https:\/\/files.sunoresearch.com.br\/n\/uploads\/2019\/03\/a96a7e8a-ue-china2-jpg.webp\",\"keywords\":[\"5G\",\"China\",\"comercio exterior\",\"Estados Unidos (EUA)\",\"Uni\u00e3o Europeia\"],\"articleSection\":[\"Internacional\"],\"inLanguage\":\"pt-BR\"},{\"@type\":\"WebPage\",\"@id\":\"https:\/\/www.suno.com.br\/noticias\/ue-aprova-plano-concorrencia-desleal-chinesa\/\",\"url\":\"https:\/\/www.suno.com.br\/noticias\/ue-aprova-plano-concorrencia-desleal-chinesa\/\",\"name\":\"UE aprova plano contra concorr\u00eancia desleal da China\",\"isPartOf\":{\"@id\":\"https:\/\/www.suno.com.br\/noticias\/#website\"},\"primaryImageOfPage\":{\"@id\":\"https:\/\/www.suno.com.br\/noticias\/ue-aprova-plano-concorrencia-desleal-chinesa\/#primaryimage\"},\"image\":{\"@id\":\"https:\/\/www.suno.com.br\/noticias\/ue-aprova-plano-concorrencia-desleal-chinesa\/#primaryimage\"},\"thumbnailUrl\":\"https:\/\/files.sunoresearch.com.br\/n\/uploads\/2019\/03\/a96a7e8a-ue-china2-jpg.webp\",\"datePublished\":\"2019-03-13T12:33:16+00:00\",\"dateModified\":\"2021-06-14T02:47:28+00:00\",\"description\":\"A Uni\u00e3o Europeia (UE) aprovou um plano de 10 pontos para conter a concorr\u00eancia econ\u00f4mica desleal da China. Clique aqui para saber mais.\",\"breadcrumb\":{\"@id\":\"https:\/\/www.suno.com.br\/noticias\/ue-aprova-plano-concorrencia-desleal-chinesa\/#breadcrumb\"},\"inLanguage\":\"pt-BR\",\"potentialAction\":[{\"@type\":\"ReadAction\",\"target\":[\"https:\/\/www.suno.com.br\/noticias\/ue-aprova-plano-concorrencia-desleal-chinesa\/\"]}]},{\"@type\":\"ImageObject\",\"inLanguage\":\"pt-BR\",\"@id\":\"https:\/\/www.suno.com.br\/noticias\/ue-aprova-plano-concorrencia-desleal-chinesa\/#primaryimage\",\"url\":\"https:\/\/files.sunoresearch.com.br\/n\/uploads\/2019\/03\/a96a7e8a-ue-china2-jpg.webp\",\"contentUrl\":\"https:\/\/files.sunoresearch.com.br\/n\/uploads\/2019\/03\/a96a7e8a-ue-china2-jpg.webp\",\"width\":800,\"height\":450,\"caption\":\"UE CHINA\"},{\"@type\":\"BreadcrumbList\",\"@id\":\"https:\/\/www.suno.com.br\/noticias\/ue-aprova-plano-concorrencia-desleal-chinesa\/#breadcrumb\",\"itemListElement\":[{\"@type\":\"ListItem\",\"position\":1,\"name\":\"Not\u00edcias\",\"item\":\"https:\/\/www.suno.com.br\/noticias\/\"},{\"@type\":\"ListItem\",\"position\":2,\"name\":\"Internacional\",\"item\":\"https:\/\/www.suno.com.br\/noticias\/internacional\/\"},{\"@type\":\"ListItem\",\"position\":3,\"name\":\"UE aprova plano contra concorr\u00eancia desleal da China\"}]},{\"@type\":\"WebSite\",\"@id\":\"https:\/\/www.suno.com.br\/noticias\/#website\",\"url\":\"https:\/\/www.suno.com.br\/noticias\/\",\"name\":\"Suno Not\u00edcias\",\"description\":\"Seu portal de informa\u00e7\u00e3o sobre o mundo dos investimentos\",\"publisher\":{\"@id\":\"https:\/\/www.suno.com.br\/noticias\/#organization\"},\"potentialAction\":[{\"@type\":\"SearchAction\",\"target\":{\"@type\":\"EntryPoint\",\"urlTemplate\":\"https:\/\/www.suno.com.br\/noticias\/?s={search_term_string}\"},\"query-input\":{\"@type\":\"PropertyValueSpecification\",\"valueRequired\":true,\"valueName\":\"search_term_string\"}}],\"inLanguage\":\"pt-BR\"},{\"@type\":\"Organization\",\"@id\":\"https:\/\/www.suno.com.br\/noticias\/#organization\",\"name\":\"Suno Not\u00edcias\",\"url\":\"https:\/\/www.suno.com.br\/noticias\/\",\"logo\":{\"@type\":\"ImageObject\",\"inLanguage\":\"pt-BR\",\"@id\":\"https:\/\/www.suno.com.br\/noticias\/#\/schema\/logo\/image\/\",\"url\":\"https:\/\/files.sunoresearch.com.br\/n\/uploads\/2021\/09\/suno-logo.png\",\"contentUrl\":\"https:\/\/files.sunoresearch.com.br\/n\/uploads\/2021\/09\/suno-logo.png\",\"width\":180,\"height\":180,\"caption\":\"Suno Not\u00edcias\"},\"image\":{\"@id\":\"https:\/\/www.suno.com.br\/noticias\/#\/schema\/logo\/image\/\"},\"sameAs\":[\"https:\/\/facebook.com\/sunoresearch\",\"https:\/\/x.com\/sunoresearch\",\"https:\/\/www.instagram.com\/suno\",\"https:\/\/www.linkedin.com\/company\/suno-research\/\",\"https:\/\/www.youtube.com\/c\/sunoresearch\"]},{\"@type\":\"Person\",\"@id\":\"https:\/\/www.suno.com.br\/noticias\/#\/schema\/person\/e6e0f723cc177805027f4566c1d5e0c8\",\"name\":\"Carlo Cauti\",\"image\":{\"@type\":\"ImageObject\",\"inLanguage\":\"pt-BR\",\"@id\":\"https:\/\/www.suno.com.br\/noticias\/#\/schema\/person\/image\/\",\"url\":\"https:\/\/secure.gravatar.com\/avatar\/3ada9e0bd164c23abd4792a9606d583c?s=96&r=g\",\"contentUrl\":\"https:\/\/secure.gravatar.com\/avatar\/3ada9e0bd164c23abd4792a9606d583c?s=96&r=g\",\"caption\":\"Carlo Cauti\"},\"description\":\"Editor multim\u00eddia do SUNO Not\u00edcias. Italiano, formado em Ci\u00eancias Pol\u00edticas pela universidade LUISS G. Carli de Roma e mestre cum laude em Rela\u00e7\u00f5es Internacionais, Jornalismo Internacional e de Guerra e em Economia Internacional. Concluiu tamb\u00e9m um MBA em Finan\u00e7as na B3. No Brasil, teve passagem por ve\u00edculos como Estad\u00e3o, Globo, Veja e EXAME. e nas ag\u00eancias de not\u00edcias italianas ANSA e NOVA.\",\"url\":\"https:\/\/www.suno.com.br\/noticias\/author\/carlo-cauti\/\"}]}<\/script>\n<!-- \/ Yoast SEO plugin. -->","yoast_head_json":{"title":"UE aprova plano contra concorr\u00eancia desleal da China","description":"A Uni\u00e3o Europeia (UE) aprovou um plano de 10 pontos para conter a concorr\u00eancia econ\u00f4mica desleal da China. Clique aqui para saber mais.","robots":{"index":"index","follow":"follow","max-snippet":"max-snippet:-1","max-image-preview":"max-image-preview:large","max-video-preview":"max-video-preview:-1"},"canonical":"https:\/\/www.suno.com.br\/noticias\/ue-aprova-plano-concorrencia-desleal-chinesa\/","og_locale":"pt_BR","og_type":"article","og_title":"UE aprova plano contra concorr\u00eancia desleal da China","og_description":"A Uni\u00e3o Europeia (UE) aprovou um plano de 10 pontos para conter a concorr\u00eancia econ\u00f4mica desleal da China. Clique aqui para saber mais.","og_url":"https:\/\/www.suno.com.br\/noticias\/ue-aprova-plano-concorrencia-desleal-chinesa\/","og_site_name":"Suno Not\u00edcias","article_publisher":"https:\/\/facebook.com\/sunoresearch","og_image":[{"width":800,"height":450,"url":"https:\/\/files.sunoresearch.com.br\/n\/uploads\/2019\/03\/a96a7e8a-ue-china2.jpg","type":"image\/jpeg"}],"author":"Carlo Cauti","twitter_card":"summary_large_image","twitter_creator":"@sunoresearch","twitter_site":"@sunoresearch","twitter_misc":{"Escrito por":"Carlo Cauti","Est. tempo de leitura":"3 minutos"},"schema":{"@context":"https:\/\/schema.org","@graph":[{"@type":"NewsArticle","@id":"https:\/\/www.suno.com.br\/noticias\/ue-aprova-plano-concorrencia-desleal-chinesa\/#article","isPartOf":{"@id":"https:\/\/www.suno.com.br\/noticias\/ue-aprova-plano-concorrencia-desleal-chinesa\/"},"author":{"name":"Carlo Cauti","@id":"https:\/\/www.suno.com.br\/noticias\/#\/schema\/person\/e6e0f723cc177805027f4566c1d5e0c8"},"headline":"UE aprova plano contra concorr\u00eancia desleal da China","datePublished":"2019-03-13T12:33:16+00:00","dateModified":"2021-06-14T02:47:28+00:00","mainEntityOfPage":{"@id":"https:\/\/www.suno.com.br\/noticias\/ue-aprova-plano-concorrencia-desleal-chinesa\/"},"wordCount":515,"publisher":{"@id":"https:\/\/www.suno.com.br\/noticias\/#organization"},"image":{"@id":"https:\/\/www.suno.com.br\/noticias\/ue-aprova-plano-concorrencia-desleal-chinesa\/#primaryimage"},"thumbnailUrl":"https:\/\/files.sunoresearch.com.br\/n\/uploads\/2019\/03\/a96a7e8a-ue-china2-jpg.webp","keywords":["5G","China","comercio exterior","Estados Unidos (EUA)","Uni\u00e3o Europeia"],"articleSection":["Internacional"],"inLanguage":"pt-BR"},{"@type":"WebPage","@id":"https:\/\/www.suno.com.br\/noticias\/ue-aprova-plano-concorrencia-desleal-chinesa\/","url":"https:\/\/www.suno.com.br\/noticias\/ue-aprova-plano-concorrencia-desleal-chinesa\/","name":"UE aprova plano contra concorr\u00eancia desleal da China","isPartOf":{"@id":"https:\/\/www.suno.com.br\/noticias\/#website"},"primaryImageOfPage":{"@id":"https:\/\/www.suno.com.br\/noticias\/ue-aprova-plano-concorrencia-desleal-chinesa\/#primaryimage"},"image":{"@id":"https:\/\/www.suno.com.br\/noticias\/ue-aprova-plano-concorrencia-desleal-chinesa\/#primaryimage"},"thumbnailUrl":"https:\/\/files.sunoresearch.com.br\/n\/uploads\/2019\/03\/a96a7e8a-ue-china2-jpg.webp","datePublished":"2019-03-13T12:33:16+00:00","dateModified":"2021-06-14T02:47:28+00:00","description":"A Uni\u00e3o Europeia (UE) aprovou um plano de 10 pontos para conter a concorr\u00eancia econ\u00f4mica desleal da China. Clique aqui para saber mais.","breadcrumb":{"@id":"https:\/\/www.suno.com.br\/noticias\/ue-aprova-plano-concorrencia-desleal-chinesa\/#breadcrumb"},"inLanguage":"pt-BR","potentialAction":[{"@type":"ReadAction","target":["https:\/\/www.suno.com.br\/noticias\/ue-aprova-plano-concorrencia-desleal-chinesa\/"]}]},{"@type":"ImageObject","inLanguage":"pt-BR","@id":"https:\/\/www.suno.com.br\/noticias\/ue-aprova-plano-concorrencia-desleal-chinesa\/#primaryimage","url":"https:\/\/files.sunoresearch.com.br\/n\/uploads\/2019\/03\/a96a7e8a-ue-china2-jpg.webp","contentUrl":"https:\/\/files.sunoresearch.com.br\/n\/uploads\/2019\/03\/a96a7e8a-ue-china2-jpg.webp","width":800,"height":450,"caption":"UE CHINA"},{"@type":"BreadcrumbList","@id":"https:\/\/www.suno.com.br\/noticias\/ue-aprova-plano-concorrencia-desleal-chinesa\/#breadcrumb","itemListElement":[{"@type":"ListItem","position":1,"name":"Not\u00edcias","item":"https:\/\/www.suno.com.br\/noticias\/"},{"@type":"ListItem","position":2,"name":"Internacional","item":"https:\/\/www.suno.com.br\/noticias\/internacional\/"},{"@type":"ListItem","position":3,"name":"UE aprova plano contra concorr\u00eancia desleal da China"}]},{"@type":"WebSite","@id":"https:\/\/www.suno.com.br\/noticias\/#website","url":"https:\/\/www.suno.com.br\/noticias\/","name":"Suno Not\u00edcias","description":"Seu portal de informa\u00e7\u00e3o sobre o mundo dos investimentos","publisher":{"@id":"https:\/\/www.suno.com.br\/noticias\/#organization"},"potentialAction":[{"@type":"SearchAction","target":{"@type":"EntryPoint","urlTemplate":"https:\/\/www.suno.com.br\/noticias\/?s={search_term_string}"},"query-input":{"@type":"PropertyValueSpecification","valueRequired":true,"valueName":"search_term_string"}}],"inLanguage":"pt-BR"},{"@type":"Organization","@id":"https:\/\/www.suno.com.br\/noticias\/#organization","name":"Suno Not\u00edcias","url":"https:\/\/www.suno.com.br\/noticias\/","logo":{"@type":"ImageObject","inLanguage":"pt-BR","@id":"https:\/\/www.suno.com.br\/noticias\/#\/schema\/logo\/image\/","url":"https:\/\/files.sunoresearch.com.br\/n\/uploads\/2021\/09\/suno-logo.png","contentUrl":"https:\/\/files.sunoresearch.com.br\/n\/uploads\/2021\/09\/suno-logo.png","width":180,"height":180,"caption":"Suno Not\u00edcias"},"image":{"@id":"https:\/\/www.suno.com.br\/noticias\/#\/schema\/logo\/image\/"},"sameAs":["https:\/\/facebook.com\/sunoresearch","https:\/\/x.com\/sunoresearch","https:\/\/www.instagram.com\/suno","https:\/\/www.linkedin.com\/company\/suno-research\/","https:\/\/www.youtube.com\/c\/sunoresearch"]},{"@type":"Person","@id":"https:\/\/www.suno.com.br\/noticias\/#\/schema\/person\/e6e0f723cc177805027f4566c1d5e0c8","name":"Carlo Cauti","image":{"@type":"ImageObject","inLanguage":"pt-BR","@id":"https:\/\/www.suno.com.br\/noticias\/#\/schema\/person\/image\/","url":"https:\/\/secure.gravatar.com\/avatar\/3ada9e0bd164c23abd4792a9606d583c?s=96&r=g","contentUrl":"https:\/\/secure.gravatar.com\/avatar\/3ada9e0bd164c23abd4792a9606d583c?s=96&r=g","caption":"Carlo Cauti"},"description":"Editor multim\u00eddia do SUNO Not\u00edcias. Italiano, formado em Ci\u00eancias Pol\u00edticas pela universidade LUISS G. Carli de Roma e mestre cum laude em Rela\u00e7\u00f5es Internacionais, Jornalismo Internacional e de Guerra e em Economia Internacional. Concluiu tamb\u00e9m um MBA em Finan\u00e7as na B3. No Brasil, teve passagem por ve\u00edculos como Estad\u00e3o, Globo, Veja e EXAME. e nas ag\u00eancias de not\u00edcias italianas ANSA e NOVA.","url":"https:\/\/www.suno.com.br\/noticias\/author\/carlo-cauti\/"}]}},"default_loop_html":"<div class=\"cardsPage__listCard__boxs\"><div class=\"cardsPage__listCard__boxs__img\"><a href=\"https:\/\/www.suno.com.br\/noticias\/ue-aprova-plano-concorrencia-desleal-chinesa\/\"><img class=\"mask\" src=\"https:\/\/www.suno.com.br\/noticias\/wp-content\/themes\/suno\/resources\/images\/spotlight\/spotlight1img\/bg-mask.png\" alt=\"Image Mask\"\/><img src=\"https:\/\/files.sunoresearch.com.br\/n\/uploads\/2019\/03\/a96a7e8a-ue-china2-400x200.webp\" alt=\"UE aprova plano contra concorr\u00eancia desleal da China\"\/><\/a><span class=\"spotlightCategory\"><a href=\"https:\/\/www.suno.com.br\/noticias\/internacional\/\">Internacional<\/a><\/span><\/div><div class=\"cardsPage__listCard__boxs__content\"><a href=\"https:\/\/www.suno.com.br\/noticias\/ue-aprova-plano-concorrencia-desleal-chinesa\/\"><h2 class=\"content__title\">UE aprova plano contra concorr\u00eancia desleal da China<\/h2><\/a><div class=\"newsContent__article__meta\"><div class=\"newsContent__article__meta__authorBox\"><a href=\"https:\/\/www.suno.com.br\/noticias\/author\/carlo-cauti\/\" class=\"authorBox__avatar noMobi\"><img src=\"https:\/\/files.sunoresearch.com.br\/n\/uploads\/2020\/08\/e3745f9a-perfil-carlo-cauti-150x150.webp\" alt=\"Carlo Cauti\"><\/a><div class=\"authorBox__name\"><span>por\n\t\t\t<a href=\"https:\/\/www.suno.com.br\/noticias\/author\/carlo-cauti\/\"><span itemprop=\"author\">Carlo Cauti<\/span><\/a><\/span><time datetime=\"2019-03-13T09:33:16-03:00\" itemprop=\"datePublished\">13\/03\/2019 09:33<\/time><\/div><\/div><\/div><\/div><\/div>","single_layout":"posts","amp_enabled":true,"_links":{"self":[{"href":"https:\/\/www.suno.com.br\/noticias\/wp-json\/wp\/v2\/posts\/17808"}],"collection":[{"href":"https:\/\/www.suno.com.br\/noticias\/wp-json\/wp\/v2\/posts"}],"about":[{"href":"https:\/\/www.suno.com.br\/noticias\/wp-json\/wp\/v2\/types\/post"}],"author":[{"embeddable":true,"href":"https:\/\/www.suno.com.br\/noticias\/wp-json\/wp\/v2\/users\/9"}],"replies":[{"embeddable":true,"href":"https:\/\/www.suno.com.br\/noticias\/wp-json\/wp\/v2\/comments?post=17808"}],"version-history":[{"count":1,"href":"https:\/\/www.suno.com.br\/noticias\/wp-json\/wp\/v2\/posts\/17808\/revisions"}],"predecessor-version":[{"id":157447,"href":"https:\/\/www.suno.com.br\/noticias\/wp-json\/wp\/v2\/posts\/17808\/revisions\/157447"}],"wp:featuredmedia":[{"embeddable":true,"href":"https:\/\/www.suno.com.br\/noticias\/wp-json\/wp\/v2\/media\/17818"}],"wp:attachment":[{"href":"https:\/\/www.suno.com.br\/noticias\/wp-json\/wp\/v2\/media?parent=17808"}],"wp:term":[{"taxonomy":"category","embeddable":true,"href":"https:\/\/www.suno.com.br\/noticias\/wp-json\/wp\/v2\/categories?post=17808"},{"taxonomy":"post_tag","embeddable":true,"href":"https:\/\/www.suno.com.br\/noticias\/wp-json\/wp\/v2\/tags?post=17808"},{"taxonomy":"suno_strategy","embeddable":true,"href":"https:\/\/www.suno.com.br\/noticias\/wp-json\/wp\/v2\/suno_strategy?post=17808"}],"curies":[{"name":"wp","href":"https:\/\/api.w.org\/{rel}","templated":true}]}}