{"id":177781,"date":"2021-08-25T09:11:48","date_gmt":"2021-08-25T12:11:48","guid":{"rendered":"https:\/\/www.suno.com.br\/noticias\/?p=177781"},"modified":"2021-08-25T09:49:56","modified_gmt":"2021-08-25T12:49:56","slug":"acoes-desvalorizam-alta-do-dolar-2021","status":"publish","type":"post","link":"https:\/\/www.suno.com.br\/noticias\/acoes-desvalorizam-alta-do-dolar-2021\/","title":{"rendered":"Confira 5 a\u00e7\u00f5es que se desvalorizam com alta do d\u00f3lar; varejistas sofrem rev\u00e9s com volatilidade"},"content":{"rendered":"<p>Se por um lado <a href=\"https:\/\/www.suno.com.br\/noticias\/acoes-dolar-beneficiam-vale3-wege3\/\">grande exportadoras se beneficiam<\/a> da <a class=\"suno-keyword\" href=\"https:\/\/www.suno.com.br\/artigos\/alta-do-dolar\/\" target=\"_blank\" rel=\"noopener\" data-force=\"no\" data-priority=\"1\">alta do <strong>d\u00f3lar<\/strong><\/a>, por outro lado as varejistas sofrem um rev\u00e9s com a volatilidade do c\u00e2mbio. Isso porque s\u00e3o companhias que t\u00eam custos em d\u00f3lar, e em alguns casos n\u00e3o conseguem repassar essa valoriza\u00e7\u00e3o da moeda para o pre\u00e7o do produto.<\/p>\t<div class=\"wrapper-featured-image\">\n\t\t<figure class=\"spotlightImg\">\n\n\t\t\t<picture>\n\t\t\t\t<source media=\"(max-width: 768px)\" srcset=\"https:\/\/files.sunoresearch.com.br\/n\/uploads\/2021\/04\/f8d88160-lojas-americanas.-jpg-400x200.jpg\">\n\t\t\t\t<img loading=\"lazy\" decoding=\"async\" class=\"newsContent__article__imgCapa lazyloadDisabled \" src=\"https:\/\/files.sunoresearch.com.br\/n\/uploads\/2021\/04\/f8d88160-lojas-americanas.-jpg-800x450.jpg\" width=\"800\" height=\"450\" alt=\"Confira 5 a\u00e7\u00f5es que se desvalorizam com alta do d\u00f3lar; varejistas sofrem rev\u00e9s com volatilidade\" fetchpriority=high \/>\n\t\t\t<\/picture>\n\n\t\t\t<figcaption class=\"wp-caption-text wp-caption-text--show\">Americanas (AMER3) Foto: Divulga\u00e7\u00e3o<\/figcaption>\n\t\t<\/figure>\n\t<\/div>\n\n\n\t<p>\n\t\t<a href=\"https:\/\/lp.suno.com.br\/planilha-controle-gastos\/\" target=\"_blank\" data-element=\"shortcode-suno-banner\" title=\"Banner SUNO, clique e saiba mais\">\n\t\t\t<picture>\n\t\t\t\t<source media=\"(max-width: 500px)\" srcset=\"https:\/\/files.sunoresearch.com.br\/n\/uploads\/2023\/03\/400x300-Planilha-controle-de-gastos.png\">\n\t\t\t\t<img class=\"newsContent__article__imgCapa newsContent__article__imgCapa--banner\"\n\t\t\t\t\tsrc=\"https:\/\/files.sunoresearch.com.br\/n\/uploads\/2023\/03\/1420x240-Planilha-controle-de-gastos.png\"\n\t\t\t\t\tdata-promo-id=\"101751\"\t\t\t\t\t\t\t\t\t\twidth='1420' height='240'\t\t\t\t\talt=\"https:\/\/files.sunoresearch.com.br\/n\/uploads\/2023\/03\/1420x240-Planilha-controle-de-gastos.png\"\n\t\t\t\t>\n\t\t\t<\/picture>\n\t\t<\/a>\n\t<\/p>\n\n\n<p>Al\u00e9m das varejistas, as companhias que sofrem com a alta do d\u00f3lar s\u00e3o aquelas que possuem <strong>d\u00edvidas<\/strong> na moeda norte-americana e n\u00e3o possuem o faturamento em d\u00f3lar. Portanto, as empresas que t\u00eam custos e d\u00edvidas em d\u00f3lar s\u00e3o as principais desvalorizadas na Bolsa de Valores quando o c\u00e2mbio sobe.<\/p>\n<p>Para se ter uma base, s\u00f3 no m\u00eas de agosto a moeda norte-americana acumula alta de 3,3%. J\u00e1 no ano de 2021, a <strong>valoriza\u00e7\u00e3o do d\u00f3lar<\/strong> chega a 3,72%.<\/p>\n<figure id=\"attachment_176951\" aria-describedby=\"caption-attachment-176951\" style=\"width: 975px\" class=\"wp-caption aligncenter\"><img loading=\"lazy\" decoding=\"async\" class=\"wp-image-176951 size-full\" src=\"https:\/\/storage.googleapis.com\/wp-noticias\/2021\/08\/fc302dba-dolar-bc.png\" alt=\"\" width=\"975\" height=\"444\" srcset=\"https:\/\/files.sunoresearch.com.br\/n\/uploads\/2021\/08\/fc302dba-dolar-bc.png 975w, https:\/\/files.sunoresearch.com.br\/n\/uploads\/2021\/08\/fc302dba-dolar-bc-300x137.png 300w, https:\/\/files.sunoresearch.com.br\/n\/uploads\/2021\/08\/fc302dba-dolar-bc-768x350.png 768w, https:\/\/files.sunoresearch.com.br\/n\/uploads\/2021\/08\/fc302dba-dolar-bc-150x68.png 150w\" sizes=\"(max-width: 975px) 100vw, 975px\" \/><figcaption id=\"caption-attachment-176951\" class=\"wp-caption-text\">Fonte: Banco Central<\/figcaption><\/figure>\n<p>Dessa forma, veja as cinco a\u00e7\u00f5es brasileiras que sofrem press\u00e3o quando d\u00f3lar se aprecia contra o real. Os gr\u00e1ficos s\u00e3o do Status Invest.<\/p>\n<h2>Veja 5 a\u00e7\u00f5es que se desvalorizam com a alta do d\u00f3lar<\/h2>\n<ul>\n<li>Sabesp<\/li>\n<li>Gol<\/li>\n<li>Americanas<\/li>\n<li>Renner<\/li>\n<li>Hypera<\/li>\n<\/ul>\n<h3>Sabesp<\/h3>\n<p>De acordo com o analista da Terra Investimentos, R\u00e9gis Chinchila, a <a class=\"suno-keyword\" href=\"https:\/\/www.suno.com.br\/acoes\/SBSP3\/\" target=\"_blank\" rel=\"noopener\" data-force=\"yes\" data-priority=\"2\">Sabesp (SBSP3)<\/a>, empresa de saneamento, \u00e9 uma das que mais sofrem com a alta do d\u00f3lar.<\/p>\n<p>&#8220;A companhia n\u00e3o possui faturamento em d\u00f3lar e cerca de 26% da sua d\u00edvida est\u00e1 indexada \u00e0 moeda norte-americana, encarecendo suas despesas com juros e amortiza\u00e7\u00f5es, o que j\u00e1 dever\u00e1 comprometer os pr\u00f3ximos resultados da empresa&#8221;, disse o analista.<\/p>\n<p><img loading=\"lazy\" decoding=\"async\" class=\"aligncenter wp-image-177958 size-full\" src=\"https:\/\/storage.googleapis.com\/wp-noticias\/2021\/08\/2bdb11d4-sabesp-acao.png\" alt=\"\" width=\"1092\" height=\"310\" srcset=\"https:\/\/files.sunoresearch.com.br\/n\/uploads\/2021\/08\/2bdb11d4-sabesp-acao.png 1092w, https:\/\/files.sunoresearch.com.br\/n\/uploads\/2021\/08\/2bdb11d4-sabesp-acao-300x85.png 300w, https:\/\/files.sunoresearch.com.br\/n\/uploads\/2021\/08\/2bdb11d4-sabesp-acao-1024x291.png 1024w, https:\/\/files.sunoresearch.com.br\/n\/uploads\/2021\/08\/2bdb11d4-sabesp-acao-768x218.png 768w, https:\/\/files.sunoresearch.com.br\/n\/uploads\/2021\/08\/2bdb11d4-sabesp-acao-150x43.png 150w\" sizes=\"(max-width: 1092px) 100vw, 1092px\" \/><\/p>\n<h3>GOL PN<\/h3>\n<p>Apesar da <a class=\"suno-keyword\" href=\"https:\/\/www.suno.com.br\/acoes\/GOLL4\/\" target=\"_blank\" rel=\"noopener\" data-force=\"yes\" data-priority=\"2\">GOL (GOLL4)<\/a> contar com uma pequena parcela de sua receita em d\u00f3lar, mais de 50% dos custos da empresa s\u00e3o denominados em moeda americana, sendo a compra de combust\u00edvel o principal respons\u00e1vel e insumo essencial em seu neg\u00f3cio.<\/p>\n<p><img loading=\"lazy\" decoding=\"async\" class=\"aligncenter wp-image-177959 size-full\" src=\"https:\/\/storage.googleapis.com\/wp-noticias\/2021\/08\/f47c5b1e-gol-acao.png\" alt=\"\" width=\"1087\" height=\"309\" srcset=\"https:\/\/files.sunoresearch.com.br\/n\/uploads\/2021\/08\/f47c5b1e-gol-acao.png 1087w, https:\/\/files.sunoresearch.com.br\/n\/uploads\/2021\/08\/f47c5b1e-gol-acao-300x85.png 300w, https:\/\/files.sunoresearch.com.br\/n\/uploads\/2021\/08\/f47c5b1e-gol-acao-1024x291.png 1024w, https:\/\/files.sunoresearch.com.br\/n\/uploads\/2021\/08\/f47c5b1e-gol-acao-768x218.png 768w, https:\/\/files.sunoresearch.com.br\/n\/uploads\/2021\/08\/f47c5b1e-gol-acao-150x43.png 150w\" sizes=\"(max-width: 1087px) 100vw, 1087px\" \/><\/p>\n<p>Al\u00e9m disso, o analista destaca que cerca de metade de seu endividamento est\u00e1 exposto a varia\u00e7\u00f5es cambiais (considerando que uma parcela adicional est\u00e1 hedgeada), o que deve afetar tamb\u00e9m o <a class=\"suno-keyword\" href=\"https:\/\/www.suno.com.br\/artigos\/resultado-financeiro\/\" target=\"_blank\" rel=\"noopener\" data-force=\"no\" data-priority=\"1\">resultado financeiro<\/a> da companhia.<\/p>\n\t<p>\n\t\t<a href=\"https:\/\/lp.suno.com.br\/planilha-da-vida-financeira\/\" target=\"_blank\" data-element=\"shortcode-suno-banner\" title=\"Banner SUNO, clique e saiba mais\">\n\t\t\t<picture>\n\t\t\t\t<source media=\"(max-width: 500px)\" srcset=\"https:\/\/files.sunoresearch.com.br\/n\/uploads\/2023\/04\/400x300-Planilha-vida-financeira-true.png\">\n\t\t\t\t<img class=\"newsContent__article__imgCapa newsContent__article__imgCapa--banner\"\n\t\t\t\t\tsrc=\"https:\/\/files.sunoresearch.com.br\/n\/uploads\/2023\/04\/1420x240-Planilha-vida-financeira-true.png\"\n\t\t\t\t\tdata-promo-id=\"106682\"\t\t\t\t\t\t\t\t\t\twidth='1420' height='240'\t\t\t\t\talt=\"https:\/\/files.sunoresearch.com.br\/n\/uploads\/2023\/04\/1420x240-Planilha-vida-financeira-true.png\"\n\t\t\t\t>\n\t\t\t<\/picture>\n\t\t<\/a>\n\t<\/p>\n\n\n<h3>Varejo: Americanas, Renner e Hypera<\/h3>\n<p>Na lista de cinco a\u00e7\u00f5es indicada pelo analista, tr\u00eas s\u00e3o varejistas de diferentes setores. Na an\u00e1lise de Chinchila esse setor sofre com a desvaloriza\u00e7\u00e3o do real, porque importam alguns dos produtos de suas linhas de venda, o que pode comprometer bastante as margens.<\/p>\n<p>Deste setor, destaque para:<\/p>\n<ul>\n<li><a class=\"suno-keyword\" href=\"https:\/\/www.suno.com.br\/acoes\/LAME4\/\" target=\"_blank\" rel=\"noopener\" data-force=\"yes\" data-priority=\"2\">Lojas Americanas (LAME4)<\/a>;<\/li>\n<li><a class=\"suno-keyword\" href=\"https:\/\/www.suno.com.br\/acoes\/LREN3\/\" target=\"_blank\" rel=\"noopener\" data-force=\"yes\" data-priority=\"2\">Lojas Renner (LREN3)<\/a>;<\/li>\n<li><a href=\"https:\/\/www.suno.com.br\/acoes\/hype3\/\">Hypera (HYPE3)<\/a>.<\/li>\n<\/ul>\n<p>&#8220;A Hypera, Renner e Lojas Americanas devem sofrer com a aprecia\u00e7\u00e3o do <strong>d\u00f3lar<\/strong>, caso n\u00e3o consigam repassar a eleva\u00e7\u00e3o de custos para o pre\u00e7o, situa\u00e7\u00e3o que se torna cada vez mais prov\u00e1vel dado os fundamentos da economia brasileira com crescimento perdendo press\u00e3o e infla\u00e7\u00e3o preocupante.<\/p>\n\t<p>\n\t\t<a href=\"https:\/\/lp.suno.com.br\/planilha-de-controle-de-investimentos\/\" target=\"_blank\" data-element=\"shortcode-suno-banner\" title=\"Banner SUNO, clique e saiba mais\">\n\t\t\t<picture>\n\t\t\t\t<source media=\"(max-width: 500px)\" srcset=\"https:\/\/files.sunoresearch.com.br\/n\/uploads\/2023\/03\/400x300-Controle-de-Investimentos.png\">\n\t\t\t\t<img class=\"newsContent__article__imgCapa newsContent__article__imgCapa--banner\"\n\t\t\t\t\tsrc=\"https:\/\/files.sunoresearch.com.br\/n\/uploads\/2023\/03\/1420x240-Controle-de-Investimentos.png\"\n\t\t\t\t\tdata-promo-id=\"75934\"\t\t\t\t\t\t\t\t\t\twidth='1420' height='240'\t\t\t\t\talt=\"https:\/\/files.sunoresearch.com.br\/n\/uploads\/2023\/03\/1420x240-Controle-de-Investimentos.png\"\n\t\t\t\t>\n\t\t\t<\/picture>\n\t\t<\/a>\n\t<\/p>\n\n\n","protected":false},"excerpt":{"rendered":"<p>Se por um lado grande exportadoras se beneficiam da alta do d\u00f3lar, por outro lado as varejistas sofrem um rev\u00e9s com a volatilidade do c\u00e2mbio. Isso porque s\u00e3o companhias que t\u00eam custos em d\u00f3lar, e em alguns casos n\u00e3o conseguem repassar essa valoriza\u00e7\u00e3o da moeda para o pre\u00e7o do produto. Americanas (AMER3) Foto: Divulga\u00e7\u00e3o Al\u00e9m [&hellip;]<\/p>\n","protected":false},"author":15,"featured_media":143384,"comment_status":"closed","ping_status":"closed","sticky":false,"template":"","format":"standard","meta":[],"categories":[64],"tags":[105815,489,501,106769,542,106765],"suno_strategy":[],"class_list":["post-177781","post","type-post","status-publish","format-standard","has-post-thumbnail","hentry","category-negocios","tag-especial","tag-gol-linhas-aereas-goll11-goll4","tag-hypera-pharma-hype3","tag-lojas-amer","tag-lojas-renner-lren3","tag-sabesp-sbsp3"],"yoast_head":"<!-- This site is optimized with the Yoast SEO plugin v24.4 - https:\/\/yoast.com\/wordpress\/plugins\/seo\/ -->\n<title>Confira 5 a\u00e7\u00f5es que se desvalorizam com alta do d\u00f3lar<\/title>\n<meta name=\"description\" content=\"Se por um lado exportadoras se beneficiam da alta do d\u00f3lar, por outro as varejistas sofrem rev\u00e9s da volatilidade. Clique aqui e saiba mais\" \/>\n<meta name=\"robots\" content=\"index, follow, max-snippet:-1, max-image-preview:large, max-video-preview:-1\" \/>\n<link rel=\"canonical\" href=\"https:\/\/www.suno.com.br\/noticias\/acoes-desvalorizam-alta-do-dolar-2021\/\" \/>\n<meta property=\"og:locale\" content=\"pt_BR\" \/>\n<meta property=\"og:type\" content=\"article\" \/>\n<meta property=\"og:title\" content=\"Confira 5 a\u00e7\u00f5es que se desvalorizam com alta do d\u00f3lar\" \/>\n<meta property=\"og:description\" content=\"Se por um lado exportadoras se beneficiam da alta do d\u00f3lar, por outro as varejistas sofrem rev\u00e9s da volatilidade. Clique aqui e saiba mais\" \/>\n<meta property=\"og:url\" content=\"https:\/\/www.suno.com.br\/noticias\/acoes-desvalorizam-alta-do-dolar-2021\/\" \/>\n<meta property=\"og:site_name\" content=\"Suno Not\u00edcias\" \/>\n<meta property=\"article:publisher\" content=\"https:\/\/facebook.com\/sunoresearch\" \/>\n<meta property=\"og:image\" content=\"https:\/\/files.sunoresearch.com.br\/n\/uploads\/2021\/04\/f8d88160-lojas-americanas.-jpg-scaled.jpg\" \/>\n\t<meta property=\"og:image:width\" content=\"2560\" \/>\n\t<meta property=\"og:image:height\" content=\"1693\" \/>\n\t<meta property=\"og:image:type\" content=\"image\/jpeg\" \/>\n<meta name=\"author\" content=\"Poliana Santos\" \/>\n<meta name=\"twitter:card\" content=\"summary_large_image\" \/>\n<meta name=\"twitter:creator\" content=\"@sunoresearch\" \/>\n<meta name=\"twitter:site\" content=\"@sunoresearch\" \/>\n<meta name=\"twitter:label1\" content=\"Escrito por\" \/>\n\t<meta name=\"twitter:data1\" content=\"Poliana Santos\" \/>\n\t<meta name=\"twitter:label2\" content=\"Est. tempo de leitura\" \/>\n\t<meta name=\"twitter:data2\" content=\"3 minutos\" \/>\n<script type=\"application\/ld+json\" class=\"yoast-schema-graph\">{\"@context\":\"https:\/\/schema.org\",\"@graph\":[{\"@type\":\"NewsArticle\",\"@id\":\"https:\/\/www.suno.com.br\/noticias\/acoes-desvalorizam-alta-do-dolar-2021\/#article\",\"isPartOf\":{\"@id\":\"https:\/\/www.suno.com.br\/noticias\/acoes-desvalorizam-alta-do-dolar-2021\/\"},\"author\":{\"name\":\"Poliana Santos\",\"@id\":\"https:\/\/www.suno.com.br\/noticias\/#\/schema\/person\/02ec1f752758247878a2bf4abee1aeda\"},\"headline\":\"Confira 5 a\u00e7\u00f5es que se desvalorizam com alta do d\u00f3lar; varejistas sofrem rev\u00e9s com volatilidade\",\"datePublished\":\"2021-08-25T12:11:48+00:00\",\"dateModified\":\"2021-08-25T12:49:56+00:00\",\"mainEntityOfPage\":{\"@id\":\"https:\/\/www.suno.com.br\/noticias\/acoes-desvalorizam-alta-do-dolar-2021\/\"},\"wordCount\":502,\"publisher\":{\"@id\":\"https:\/\/www.suno.com.br\/noticias\/#organization\"},\"image\":{\"@id\":\"https:\/\/www.suno.com.br\/noticias\/acoes-desvalorizam-alta-do-dolar-2021\/#primaryimage\"},\"thumbnailUrl\":\"https:\/\/files.sunoresearch.com.br\/n\/uploads\/2021\/04\/f8d88160-lojas-americanas.-jpg-scaled.jpg\",\"keywords\":[\"Especiais\",\"Gol Linhas A\u00e9reas (GOLL11\/GOLL4)\",\"Hypera Pharma (HYPE3)\",\"lojas amer\",\"Lojas Renner (LREN3)\",\"Sabesp (SBSP3)\"],\"articleSection\":[\"Neg\u00f3cios\"],\"inLanguage\":\"pt-BR\"},{\"@type\":\"WebPage\",\"@id\":\"https:\/\/www.suno.com.br\/noticias\/acoes-desvalorizam-alta-do-dolar-2021\/\",\"url\":\"https:\/\/www.suno.com.br\/noticias\/acoes-desvalorizam-alta-do-dolar-2021\/\",\"name\":\"Confira 5 a\u00e7\u00f5es que se desvalorizam com alta do d\u00f3lar\",\"isPartOf\":{\"@id\":\"https:\/\/www.suno.com.br\/noticias\/#website\"},\"primaryImageOfPage\":{\"@id\":\"https:\/\/www.suno.com.br\/noticias\/acoes-desvalorizam-alta-do-dolar-2021\/#primaryimage\"},\"image\":{\"@id\":\"https:\/\/www.suno.com.br\/noticias\/acoes-desvalorizam-alta-do-dolar-2021\/#primaryimage\"},\"thumbnailUrl\":\"https:\/\/files.sunoresearch.com.br\/n\/uploads\/2021\/04\/f8d88160-lojas-americanas.-jpg-scaled.jpg\",\"datePublished\":\"2021-08-25T12:11:48+00:00\",\"dateModified\":\"2021-08-25T12:49:56+00:00\",\"description\":\"Se por um lado exportadoras se beneficiam da alta do d\u00f3lar, por outro as varejistas sofrem rev\u00e9s da volatilidade. Clique aqui e saiba mais\",\"breadcrumb\":{\"@id\":\"https:\/\/www.suno.com.br\/noticias\/acoes-desvalorizam-alta-do-dolar-2021\/#breadcrumb\"},\"inLanguage\":\"pt-BR\",\"potentialAction\":[{\"@type\":\"ReadAction\",\"target\":[\"https:\/\/www.suno.com.br\/noticias\/acoes-desvalorizam-alta-do-dolar-2021\/\"]}]},{\"@type\":\"ImageObject\",\"inLanguage\":\"pt-BR\",\"@id\":\"https:\/\/www.suno.com.br\/noticias\/acoes-desvalorizam-alta-do-dolar-2021\/#primaryimage\",\"url\":\"https:\/\/files.sunoresearch.com.br\/n\/uploads\/2021\/04\/f8d88160-lojas-americanas.-jpg-scaled.jpg\",\"contentUrl\":\"https:\/\/files.sunoresearch.com.br\/n\/uploads\/2021\/04\/f8d88160-lojas-americanas.-jpg-scaled.jpg\",\"width\":2560,\"height\":1693,\"caption\":\"Americanas (AMER3) Foto: Divulga\u00e7\u00e3o\"},{\"@type\":\"BreadcrumbList\",\"@id\":\"https:\/\/www.suno.com.br\/noticias\/acoes-desvalorizam-alta-do-dolar-2021\/#breadcrumb\",\"itemListElement\":[{\"@type\":\"ListItem\",\"position\":1,\"name\":\"Not\u00edcias\",\"item\":\"https:\/\/www.suno.com.br\/noticias\/\"},{\"@type\":\"ListItem\",\"position\":2,\"name\":\"Neg\u00f3cios\",\"item\":\"https:\/\/www.suno.com.br\/noticias\/negocios\/\"},{\"@type\":\"ListItem\",\"position\":3,\"name\":\"Confira 5 a\u00e7\u00f5es que se desvalorizam com alta do d\u00f3lar; varejistas sofrem rev\u00e9s com volatilidade\"}]},{\"@type\":\"WebSite\",\"@id\":\"https:\/\/www.suno.com.br\/noticias\/#website\",\"url\":\"https:\/\/www.suno.com.br\/noticias\/\",\"name\":\"Suno Not\u00edcias\",\"description\":\"Seu portal de informa\u00e7\u00e3o sobre o mundo dos investimentos\",\"publisher\":{\"@id\":\"https:\/\/www.suno.com.br\/noticias\/#organization\"},\"potentialAction\":[{\"@type\":\"SearchAction\",\"target\":{\"@type\":\"EntryPoint\",\"urlTemplate\":\"https:\/\/www.suno.com.br\/noticias\/?s={search_term_string}\"},\"query-input\":{\"@type\":\"PropertyValueSpecification\",\"valueRequired\":true,\"valueName\":\"search_term_string\"}}],\"inLanguage\":\"pt-BR\"},{\"@type\":\"Organization\",\"@id\":\"https:\/\/www.suno.com.br\/noticias\/#organization\",\"name\":\"Suno Not\u00edcias\",\"url\":\"https:\/\/www.suno.com.br\/noticias\/\",\"logo\":{\"@type\":\"ImageObject\",\"inLanguage\":\"pt-BR\",\"@id\":\"https:\/\/www.suno.com.br\/noticias\/#\/schema\/logo\/image\/\",\"url\":\"https:\/\/files.sunoresearch.com.br\/n\/uploads\/2021\/09\/suno-logo.png\",\"contentUrl\":\"https:\/\/files.sunoresearch.com.br\/n\/uploads\/2021\/09\/suno-logo.png\",\"width\":180,\"height\":180,\"caption\":\"Suno Not\u00edcias\"},\"image\":{\"@id\":\"https:\/\/www.suno.com.br\/noticias\/#\/schema\/logo\/image\/\"},\"sameAs\":[\"https:\/\/facebook.com\/sunoresearch\",\"https:\/\/x.com\/sunoresearch\",\"https:\/\/www.instagram.com\/suno\",\"https:\/\/www.linkedin.com\/company\/suno-research\/\",\"https:\/\/www.youtube.com\/c\/sunoresearch\"]},{\"@type\":\"Person\",\"@id\":\"https:\/\/www.suno.com.br\/noticias\/#\/schema\/person\/02ec1f752758247878a2bf4abee1aeda\",\"name\":\"Poliana Santos\",\"image\":{\"@type\":\"ImageObject\",\"inLanguage\":\"pt-BR\",\"@id\":\"https:\/\/www.suno.com.br\/noticias\/#\/schema\/person\/image\/\",\"url\":\"https:\/\/secure.gravatar.com\/avatar\/0645bd32f23d87b2130f2b2dff1d3f8d?s=96&r=g\",\"contentUrl\":\"https:\/\/secure.gravatar.com\/avatar\/0645bd32f23d87b2130f2b2dff1d3f8d?s=96&r=g\",\"caption\":\"Poliana Santos\"},\"description\":\"Rep\u00f3rter no Suno Not\u00edcias, com cobertura em mercado financeiro, economia, finan\u00e7as pessoais, renda fixa e varejo. Jornalista formada pela Faculdade C\u00e1sper L\u00edbero e possui passagem na R\u00e1dio Gazeta AM com a produ\u00e7\u00e3o de conte\u00fado sobre economia, pol\u00edtica, sa\u00fade, moda e m\u00fasica. Possui certificado de conclus\u00e3o do curso de An\u00e1lise de Balan\u00e7os pela Funda\u00e7\u00e3o Bradesco, Agenda Brasil pela FAAP, Educa\u00e7\u00e3o Pol\u00edtica por Alexandre Garcia e do Tesouro Direto e Mercado de A\u00e7\u00f5es pela B3.\",\"url\":\"https:\/\/www.suno.com.br\/noticias\/author\/poliana-santos\/\"}]}<\/script>\n<!-- \/ Yoast SEO plugin. -->","yoast_head_json":{"title":"Confira 5 a\u00e7\u00f5es que se desvalorizam com alta do d\u00f3lar","description":"Se por um lado exportadoras se beneficiam da alta do d\u00f3lar, por outro as varejistas sofrem rev\u00e9s da volatilidade. Clique aqui e saiba mais","robots":{"index":"index","follow":"follow","max-snippet":"max-snippet:-1","max-image-preview":"max-image-preview:large","max-video-preview":"max-video-preview:-1"},"canonical":"https:\/\/www.suno.com.br\/noticias\/acoes-desvalorizam-alta-do-dolar-2021\/","og_locale":"pt_BR","og_type":"article","og_title":"Confira 5 a\u00e7\u00f5es que se desvalorizam com alta do d\u00f3lar","og_description":"Se por um lado exportadoras se beneficiam da alta do d\u00f3lar, por outro as varejistas sofrem rev\u00e9s da volatilidade. Clique aqui e saiba mais","og_url":"https:\/\/www.suno.com.br\/noticias\/acoes-desvalorizam-alta-do-dolar-2021\/","og_site_name":"Suno Not\u00edcias","article_publisher":"https:\/\/facebook.com\/sunoresearch","og_image":[{"width":2560,"height":1693,"url":"https:\/\/files.sunoresearch.com.br\/n\/uploads\/2021\/04\/f8d88160-lojas-americanas.-jpg-scaled.jpg","type":"image\/jpeg"}],"author":"Poliana Santos","twitter_card":"summary_large_image","twitter_creator":"@sunoresearch","twitter_site":"@sunoresearch","twitter_misc":{"Escrito por":"Poliana Santos","Est. tempo de leitura":"3 minutos"},"schema":{"@context":"https:\/\/schema.org","@graph":[{"@type":"NewsArticle","@id":"https:\/\/www.suno.com.br\/noticias\/acoes-desvalorizam-alta-do-dolar-2021\/#article","isPartOf":{"@id":"https:\/\/www.suno.com.br\/noticias\/acoes-desvalorizam-alta-do-dolar-2021\/"},"author":{"name":"Poliana Santos","@id":"https:\/\/www.suno.com.br\/noticias\/#\/schema\/person\/02ec1f752758247878a2bf4abee1aeda"},"headline":"Confira 5 a\u00e7\u00f5es que se desvalorizam com alta do d\u00f3lar; varejistas sofrem rev\u00e9s com volatilidade","datePublished":"2021-08-25T12:11:48+00:00","dateModified":"2021-08-25T12:49:56+00:00","mainEntityOfPage":{"@id":"https:\/\/www.suno.com.br\/noticias\/acoes-desvalorizam-alta-do-dolar-2021\/"},"wordCount":502,"publisher":{"@id":"https:\/\/www.suno.com.br\/noticias\/#organization"},"image":{"@id":"https:\/\/www.suno.com.br\/noticias\/acoes-desvalorizam-alta-do-dolar-2021\/#primaryimage"},"thumbnailUrl":"https:\/\/files.sunoresearch.com.br\/n\/uploads\/2021\/04\/f8d88160-lojas-americanas.-jpg-scaled.jpg","keywords":["Especiais","Gol Linhas A\u00e9reas (GOLL11\/GOLL4)","Hypera Pharma (HYPE3)","lojas amer","Lojas Renner (LREN3)","Sabesp (SBSP3)"],"articleSection":["Neg\u00f3cios"],"inLanguage":"pt-BR"},{"@type":"WebPage","@id":"https:\/\/www.suno.com.br\/noticias\/acoes-desvalorizam-alta-do-dolar-2021\/","url":"https:\/\/www.suno.com.br\/noticias\/acoes-desvalorizam-alta-do-dolar-2021\/","name":"Confira 5 a\u00e7\u00f5es que se desvalorizam com alta do d\u00f3lar","isPartOf":{"@id":"https:\/\/www.suno.com.br\/noticias\/#website"},"primaryImageOfPage":{"@id":"https:\/\/www.suno.com.br\/noticias\/acoes-desvalorizam-alta-do-dolar-2021\/#primaryimage"},"image":{"@id":"https:\/\/www.suno.com.br\/noticias\/acoes-desvalorizam-alta-do-dolar-2021\/#primaryimage"},"thumbnailUrl":"https:\/\/files.sunoresearch.com.br\/n\/uploads\/2021\/04\/f8d88160-lojas-americanas.-jpg-scaled.jpg","datePublished":"2021-08-25T12:11:48+00:00","dateModified":"2021-08-25T12:49:56+00:00","description":"Se por um lado exportadoras se beneficiam da alta do d\u00f3lar, por outro as varejistas sofrem rev\u00e9s da volatilidade. Clique aqui e saiba mais","breadcrumb":{"@id":"https:\/\/www.suno.com.br\/noticias\/acoes-desvalorizam-alta-do-dolar-2021\/#breadcrumb"},"inLanguage":"pt-BR","potentialAction":[{"@type":"ReadAction","target":["https:\/\/www.suno.com.br\/noticias\/acoes-desvalorizam-alta-do-dolar-2021\/"]}]},{"@type":"ImageObject","inLanguage":"pt-BR","@id":"https:\/\/www.suno.com.br\/noticias\/acoes-desvalorizam-alta-do-dolar-2021\/#primaryimage","url":"https:\/\/files.sunoresearch.com.br\/n\/uploads\/2021\/04\/f8d88160-lojas-americanas.-jpg-scaled.jpg","contentUrl":"https:\/\/files.sunoresearch.com.br\/n\/uploads\/2021\/04\/f8d88160-lojas-americanas.-jpg-scaled.jpg","width":2560,"height":1693,"caption":"Americanas (AMER3) Foto: Divulga\u00e7\u00e3o"},{"@type":"BreadcrumbList","@id":"https:\/\/www.suno.com.br\/noticias\/acoes-desvalorizam-alta-do-dolar-2021\/#breadcrumb","itemListElement":[{"@type":"ListItem","position":1,"name":"Not\u00edcias","item":"https:\/\/www.suno.com.br\/noticias\/"},{"@type":"ListItem","position":2,"name":"Neg\u00f3cios","item":"https:\/\/www.suno.com.br\/noticias\/negocios\/"},{"@type":"ListItem","position":3,"name":"Confira 5 a\u00e7\u00f5es que se desvalorizam com alta do d\u00f3lar; varejistas sofrem rev\u00e9s com volatilidade"}]},{"@type":"WebSite","@id":"https:\/\/www.suno.com.br\/noticias\/#website","url":"https:\/\/www.suno.com.br\/noticias\/","name":"Suno Not\u00edcias","description":"Seu portal de informa\u00e7\u00e3o sobre o mundo dos investimentos","publisher":{"@id":"https:\/\/www.suno.com.br\/noticias\/#organization"},"potentialAction":[{"@type":"SearchAction","target":{"@type":"EntryPoint","urlTemplate":"https:\/\/www.suno.com.br\/noticias\/?s={search_term_string}"},"query-input":{"@type":"PropertyValueSpecification","valueRequired":true,"valueName":"search_term_string"}}],"inLanguage":"pt-BR"},{"@type":"Organization","@id":"https:\/\/www.suno.com.br\/noticias\/#organization","name":"Suno Not\u00edcias","url":"https:\/\/www.suno.com.br\/noticias\/","logo":{"@type":"ImageObject","inLanguage":"pt-BR","@id":"https:\/\/www.suno.com.br\/noticias\/#\/schema\/logo\/image\/","url":"https:\/\/files.sunoresearch.com.br\/n\/uploads\/2021\/09\/suno-logo.png","contentUrl":"https:\/\/files.sunoresearch.com.br\/n\/uploads\/2021\/09\/suno-logo.png","width":180,"height":180,"caption":"Suno Not\u00edcias"},"image":{"@id":"https:\/\/www.suno.com.br\/noticias\/#\/schema\/logo\/image\/"},"sameAs":["https:\/\/facebook.com\/sunoresearch","https:\/\/x.com\/sunoresearch","https:\/\/www.instagram.com\/suno","https:\/\/www.linkedin.com\/company\/suno-research\/","https:\/\/www.youtube.com\/c\/sunoresearch"]},{"@type":"Person","@id":"https:\/\/www.suno.com.br\/noticias\/#\/schema\/person\/02ec1f752758247878a2bf4abee1aeda","name":"Poliana Santos","image":{"@type":"ImageObject","inLanguage":"pt-BR","@id":"https:\/\/www.suno.com.br\/noticias\/#\/schema\/person\/image\/","url":"https:\/\/secure.gravatar.com\/avatar\/0645bd32f23d87b2130f2b2dff1d3f8d?s=96&r=g","contentUrl":"https:\/\/secure.gravatar.com\/avatar\/0645bd32f23d87b2130f2b2dff1d3f8d?s=96&r=g","caption":"Poliana Santos"},"description":"Rep\u00f3rter no Suno Not\u00edcias, com cobertura em mercado financeiro, economia, finan\u00e7as pessoais, renda fixa e varejo. Jornalista formada pela Faculdade C\u00e1sper L\u00edbero e possui passagem na R\u00e1dio Gazeta AM com a produ\u00e7\u00e3o de conte\u00fado sobre economia, pol\u00edtica, sa\u00fade, moda e m\u00fasica. Possui certificado de conclus\u00e3o do curso de An\u00e1lise de Balan\u00e7os pela Funda\u00e7\u00e3o Bradesco, Agenda Brasil pela FAAP, Educa\u00e7\u00e3o Pol\u00edtica por Alexandre Garcia e do Tesouro Direto e Mercado de A\u00e7\u00f5es pela B3.","url":"https:\/\/www.suno.com.br\/noticias\/author\/poliana-santos\/"}]}},"default_loop_html":"<div class=\"cardsPage__listCard__boxs\"><div class=\"cardsPage__listCard__boxs__img\"><a href=\"https:\/\/www.suno.com.br\/noticias\/acoes-desvalorizam-alta-do-dolar-2021\/\"><img class=\"mask\" src=\"https:\/\/www.suno.com.br\/noticias\/wp-content\/themes\/suno\/resources\/images\/spotlight\/spotlight1img\/bg-mask.png\" alt=\"Image Mask\"\/><img src=\"https:\/\/files.sunoresearch.com.br\/n\/uploads\/2021\/04\/f8d88160-lojas-americanas.-jpg-400x200.jpg\" alt=\"Confira 5 a\u00e7\u00f5es que se desvalorizam com alta do d\u00f3lar; varejistas sofrem rev\u00e9s com volatilidade\"\/><\/a><span class=\"spotlightCategory\"><a href=\"https:\/\/www.suno.com.br\/noticias\/negocios\/\">Neg\u00f3cios<\/a><\/span><\/div><div class=\"cardsPage__listCard__boxs__content\"><a href=\"https:\/\/www.suno.com.br\/noticias\/acoes-desvalorizam-alta-do-dolar-2021\/\"><h2 class=\"content__title\">Confira 5 a\u00e7\u00f5es que se desvalorizam com alta do d\u00f3lar; varejistas sofrem rev\u00e9s com volatilidade<\/h2><\/a><div class=\"newsContent__article__meta\"><div class=\"newsContent__article__meta__authorBox\"><a href=\"https:\/\/www.suno.com.br\/noticias\/author\/poliana-santos\/\" class=\"authorBox__avatar noMobi\"><img src=\"https:\/\/files.sunoresearch.com.br\/n\/uploads\/2020\/08\/7ef34026-whatsapp-image-2020-08-03-at-12.37.57-150x150.webp\" alt=\"Poliana Santos\"><\/a><div class=\"authorBox__name\"><span>por\n\t\t\t<a href=\"https:\/\/www.suno.com.br\/noticias\/author\/poliana-santos\/\"><span itemprop=\"author\">Poliana Santos<\/span><\/a><\/span><time datetime=\"2021-08-25T09:11:48-03:00\" itemprop=\"datePublished\">25\/08\/2021 09:11<\/time><\/div><\/div><\/div><\/div><\/div>","single_layout":"posts","amp_enabled":true,"_links":{"self":[{"href":"https:\/\/www.suno.com.br\/noticias\/wp-json\/wp\/v2\/posts\/177781"}],"collection":[{"href":"https:\/\/www.suno.com.br\/noticias\/wp-json\/wp\/v2\/posts"}],"about":[{"href":"https:\/\/www.suno.com.br\/noticias\/wp-json\/wp\/v2\/types\/post"}],"author":[{"embeddable":true,"href":"https:\/\/www.suno.com.br\/noticias\/wp-json\/wp\/v2\/users\/15"}],"replies":[{"embeddable":true,"href":"https:\/\/www.suno.com.br\/noticias\/wp-json\/wp\/v2\/comments?post=177781"}],"version-history":[{"count":3,"href":"https:\/\/www.suno.com.br\/noticias\/wp-json\/wp\/v2\/posts\/177781\/revisions"}],"predecessor-version":[{"id":177989,"href":"https:\/\/www.suno.com.br\/noticias\/wp-json\/wp\/v2\/posts\/177781\/revisions\/177989"}],"wp:featuredmedia":[{"embeddable":true,"href":"https:\/\/www.suno.com.br\/noticias\/wp-json\/wp\/v2\/media\/143384"}],"wp:attachment":[{"href":"https:\/\/www.suno.com.br\/noticias\/wp-json\/wp\/v2\/media?parent=177781"}],"wp:term":[{"taxonomy":"category","embeddable":true,"href":"https:\/\/www.suno.com.br\/noticias\/wp-json\/wp\/v2\/categories?post=177781"},{"taxonomy":"post_tag","embeddable":true,"href":"https:\/\/www.suno.com.br\/noticias\/wp-json\/wp\/v2\/tags?post=177781"},{"taxonomy":"suno_strategy","embeddable":true,"href":"https:\/\/www.suno.com.br\/noticias\/wp-json\/wp\/v2\/suno_strategy?post=177781"}],"curies":[{"name":"wp","href":"https:\/\/api.w.org\/{rel}","templated":true}]}}