{"id":177743,"date":"2021-08-24T16:08:41","date_gmt":"2021-08-24T19:08:41","guid":{"rendered":"https:\/\/www.suno.com.br\/noticias\/?p=177743"},"modified":"2021-08-25T00:21:54","modified_gmt":"2021-08-25T03:21:54","slug":"amercia-latina-fgv-ice-2018-melhor-trimestre","status":"publish","type":"post","link":"https:\/\/www.suno.com.br\/noticias\/amercia-latina-fgv-ice-2018-melhor-trimestre\/","title":{"rendered":"Am\u00e9rica Latina esta no melhor trimestre econ\u00f4mico desde 2018, aponta pesquisa da FGV"},"content":{"rendered":"<p>O clima econ\u00f4mico da <strong>Am\u00e9rica Latina<\/strong> melhorou significativamente, segundo dados recentes da <a href=\"https:\/\/www.suno.com.br\/noticias\/tags\/fgv\/\">Funda\u00e7\u00e3o Getulio Vargas (FGV)<\/a>. O levantamento mostra que a regi\u00e3o est\u00e1 em recupera\u00e7\u00e3o no terceiro trimestre de 2021. S\u00e3o os melhores dados desde o primeiro trimestre de 2018, como indica a pesquisa.<\/p>\t<div class=\"wrapper-featured-image\">\n\t\t<figure class=\"spotlightImg\">\n\n\t\t\t<picture>\n\t\t\t\t<source media=\"(max-width: 768px)\" srcset=\"https:\/\/files.sunoresearch.com.br\/n\/uploads\/2019\/02\/bd120984-fgv-400x200.webp\">\n\t\t\t\t<img loading=\"lazy\" decoding=\"async\" class=\"newsContent__article__imgCapa lazyloadDisabled \" src=\"https:\/\/files.sunoresearch.com.br\/n\/uploads\/2019\/02\/bd120984-fgv-800x450.webp\" width=\"800\" height=\"450\" alt=\"Am\u00e9rica Latina esta no melhor trimestre econ\u00f4mico desde 2018, aponta pesquisa da FGV\" fetchpriority=high \/>\n\t\t\t<\/picture>\n\n\t\t\t<figcaption class=\"wp-caption-text wp-caption-text--show\">Antes da divulga\u00e7\u00e3o do Monitor do PIB, o Minist\u00e9rio da Economia divulgou documento que manteve previs\u00e3o do crescimento para 2021 - Foto: Divulga\u00e7\u00e3o\/FGV<\/figcaption>\n\t\t<\/figure>\n\t<\/div>\n\n\n\t<p>\n\t\t<a href=\"https:\/\/lp.suno.com.br\/planilha-controle-gastos\/\" target=\"_blank\" data-element=\"shortcode-suno-banner\" title=\"Banner SUNO, clique e saiba mais\">\n\t\t\t<picture>\n\t\t\t\t<source media=\"(max-width: 500px)\" srcset=\"https:\/\/files.sunoresearch.com.br\/n\/uploads\/2023\/03\/400x300-Planilha-controle-de-gastos.png\">\n\t\t\t\t<img class=\"newsContent__article__imgCapa newsContent__article__imgCapa--banner\"\n\t\t\t\t\tsrc=\"https:\/\/files.sunoresearch.com.br\/n\/uploads\/2023\/03\/1420x240-Planilha-controle-de-gastos.png\"\n\t\t\t\t\tdata-promo-id=\"101751\"\t\t\t\t\t\t\t\t\t\twidth='1420' height='240'\t\t\t\t\talt=\"https:\/\/files.sunoresearch.com.br\/n\/uploads\/2023\/03\/1420x240-Planilha-controle-de-gastos.png\"\n\t\t\t\t>\n\t\t\t<\/picture>\n\t\t<\/a>\n\t<\/p>\n\n\n<p>Para calcular o \u00edndice que reflete o ambiente da Am\u00e9rica Latina, a <strong>FGV<\/strong> ouviu 149 especialistas em economia de 15 pa\u00edses da regi\u00e3o.<img decoding=\"async\" style=\"width: 1px; height: 1px;\" src=\"https:\/\/agenciabrasil.ebc.com.br\/ebc.png?id=1419347&amp;o=rss\" \/><img decoding=\"async\" style=\"width: 1px; height: 1px;\" src=\"https:\/\/agenciabrasil.ebc.com.br\/ebc.gif?id=1419347&amp;o=rss\" \/><\/p>\n<p>A Sondagem da Am\u00e9rica Latina mostra que o Indicador de <strong>Clima<\/strong> <strong>Econ\u00f4mico<\/strong> (<strong>ICE<\/strong>) subiu de 81,2 pontos do segundo trimestre para 99,7 pontos no terceiro. O patamar de 100 pontos \u00e9 considerado neutro, e somente valores acima de 100 configuram um clima favor\u00e1vel para os neg\u00f3cios.<\/p>\n<p>A recupera\u00e7\u00e3o do indicador ocorreu na percep\u00e7\u00e3o da situa\u00e7\u00e3o atual (<strong>ISA<\/strong>), que melhorou de 28,2 pontos para 59,1 pontos. A melhora \u00e9 atribu\u00edda ao cen\u00e1rio internacional mais favor\u00e1vel e ao avan\u00e7o da imuniza\u00e7\u00e3o contra a covid-19 na regi\u00e3o, ainda que irregular.<\/p>\n<h2>Novas cepas da Covid-19 pressionaram IE<\/h2>\n<p>J\u00e1 o indicador que mede as expectativas dos especialistas para o futuro (<strong>IE<\/strong>) teve recuo de 156 pontos para 150,6 pontos.<\/p>\n<p>Nesse caso, a FGV cogita que o movimento esteja associado a incertezas sobre os efeitos das novas cepas do SARS-CoV-2.<\/p>\n\n\t<div data-element=\"shortcode-read-more\" class=\"readToo\">\n\t\t\t\t<span class=\"readToo__title\">Leia mais<\/span>\n\t\t\t\t<ul class=\"readToo__list\">\n\t\t\t<li><a href=\"https:\/\/www.suno.com.br\/noticias\/vendas-do-tesouro-direto-julho-2021\/\">Tesouro Direto: Vendas superam resgates em R$ 934,1 milh\u00f5es em julho<\/a><\/li><li><a href=\"https:\/\/www.suno.com.br\/noticias\/commodities-ibovespa-devolve-ganhos-maiores-baixas\/\">Com commodities sangrando, Ibovespa devolve ganhos de 2021; Veja as cinco maiores baixas<\/a><\/li>\t\t<\/ul>\n\t<\/div>\n\n\n<p>Entre os dez pa\u00edses pesquisados, o Paraguai \u00e9 o que apresenta a melhor avalia\u00e7\u00e3o do clima econ\u00f4mico, com 125,1 pontos.<\/p>\n<p>Em seguida est\u00e3o Brasil (116,5), Chile (104,1) Peru (102,0) e Col\u00f4mbia (101,1). Os demais pa\u00edses foram avaliados pelos especialistas ouvidos pela FGV com clima econ\u00f4mico desfavor\u00e1vel.<\/p>\n<p>\u00c9 o caso do M\u00e9xico (92,4), Uruguai (79,2), Equador (77,9), Bol\u00edvia (73,2) e Argentina (60,3).<\/p>\n<h2>Otimismo para o PIB na Am\u00e9rica Latina<\/h2>\n<p>A pesquisa elevou a previs\u00e3o de aumento do <a href=\"https:\/\/www.suno.com.br\/artigos\/pib\">Produto Interno Bruto (<strong>PIB<\/strong>)<\/a> do conjunto dos pa\u00edses pesquisados em 2021.<\/p>\n<p>No segundo trimestre era esperado um crescimento de 4,3%, enquanto que no terceiro a previs\u00e3o aumentou para 5,4%.<\/p>\n<p>A pesquisa projeta que Peru (9%), Chile (8%) e Col\u00f4mbia (6,4%) ter\u00e3o os maiores crescimentos, e os demais ficar\u00e3o abaixo da m\u00e9dia regional. Para o Brasil, a proje\u00e7\u00e3o \u00e9 de uma alta de 5,2% no PIB.<\/p>\n\t<p>\n\t\t<a href=\"https:\/\/lp.suno.com.br\/planilha-da-vida-financeira\/\" target=\"_blank\" data-element=\"shortcode-suno-banner\" title=\"Banner SUNO, clique e saiba mais\">\n\t\t\t<picture>\n\t\t\t\t<source media=\"(max-width: 500px)\" srcset=\"https:\/\/files.sunoresearch.com.br\/n\/uploads\/2023\/04\/400x300-Planilha-vida-financeira-true.png\">\n\t\t\t\t<img class=\"newsContent__article__imgCapa newsContent__article__imgCapa--banner\"\n\t\t\t\t\tsrc=\"https:\/\/files.sunoresearch.com.br\/n\/uploads\/2023\/04\/1420x240-Planilha-vida-financeira-true.png\"\n\t\t\t\t\tdata-promo-id=\"106682\"\t\t\t\t\t\t\t\t\t\twidth='1420' height='240'\t\t\t\t\talt=\"https:\/\/files.sunoresearch.com.br\/n\/uploads\/2023\/04\/1420x240-Planilha-vida-financeira-true.png\"\n\t\t\t\t>\n\t\t\t<\/picture>\n\t\t<\/a>\n\t<\/p>\n\n\n<p>O estudo da FGV <a href=\"https:\/\/www.suno.com.br\/artigos\/imat\/\">mostra que problemas de desabastecimento de insumos e\/ou mat\u00e9rias primas<\/a> est\u00e3o afetando a economia da Am\u00e9rica Latina de forma grave para um em cada quatro especialistas ouvidos.<\/p>\n<p>A pesquisa ressalta que quanto maior e mais diversificado \u00e9 o parque produtivo de um pa\u00eds, maior \u00e9 a probabilidade de haver impactos desse desabastecimento.<\/p>\n<h2>Ciclo de commodities como driver<\/h2>\n<p>No caso do Brasil, 46,2% dos especialistas acreditam que o pa\u00eds est\u00e1 sendo afetado de forma grave e outros 46,2% responderam que os impactos s\u00e3o moderados ou leves. Somente 7,7% afirmaram que a economia brasileira n\u00e3o est\u00e1 enfrentando esse tipo de problema.<\/p>\n<p>Outro aspecto avaliado na sondagem foi sobre quanto tempo deve durar o cen\u00e1rio de valoriza\u00e7\u00e3o do <a class=\"suno-keyword\" href=\"https:\/\/www.suno.com.br\/artigos\/o-que-commodities\/\" target=\"_blank\" rel=\"noopener\" data-force=\"no\" data-priority=\"2\">pre\u00e7o das <strong>commodities<\/strong><\/a>, que impulsiona a economia da regi\u00e3o.<\/p>\n\t<p>\n\t\t<a href=\"https:\/\/lp.suno.com.br\/ebook-como-analisar-uma-acao\/\" target=\"_blank\" data-element=\"shortcode-suno-banner\" title=\"Banner SUNO, clique e saiba mais\">\n\t\t\t<picture>\n\t\t\t\t<source media=\"(max-width: 500px)\" srcset=\"https:\/\/files.sunoresearch.com.br\/n\/uploads\/2023\/03\/Ebook-Acoes-Mobile-1.jpg\">\n\t\t\t\t<img class=\"newsContent__article__imgCapa newsContent__article__imgCapa--banner\"\n\t\t\t\t\tsrc=\"https:\/\/files.sunoresearch.com.br\/n\/uploads\/2023\/03\/Ebook-Acoes-Desktop-1.jpg\"\n\t\t\t\t\tdata-promo-id=\"171998\"\t\t\t\t\t\t\t\t\t\twidth='1420' height='286'\t\t\t\t\talt=\"https:\/\/files.sunoresearch.com.br\/n\/uploads\/2023\/03\/Ebook-Acoes-Desktop-1.jpg\"\n\t\t\t\t>\n\t\t\t<\/picture>\n\t\t<\/a>\n\t<\/p>\n\n\n<p>Para 58,5% dos entrevistados, o cen\u00e1rio deve se prolongar por mais 12 meses, e 23% afirmam que ele deve se encerrar j\u00e1 no fim de 2021. A expectativa, portanto, \u00e9 que n\u00e3o se repita um <a href=\"https:\/\/www.suno.com.br\/artigos\/icb\/\">superciclo de commodities como o da primeira d\u00e9cada do s\u00e9culo 21<\/a>.<\/p>\n<p>O mercado \u00e9 de grande impacto na <strong>Am\u00e9rica Latina<\/strong>, a exemplo do Brasil, que amargou perdas na <strong>Bolsa de Valores de S\u00e3o Paulo (b3)<\/strong> durante a \u00faltima semana em decorr\u00eancia da queda no min\u00e9rio de ferro.<\/p>\n<p><em>Com informa\u00e7\u00f5es da Ag\u00eancia Brasil<\/em><\/p>\n\t<p>\n\t\t<a href=\"https:\/\/lp.suno.com.br\/planilha-de-controle-de-investimentos\/\" target=\"_blank\" data-element=\"shortcode-suno-banner\" title=\"Banner SUNO, clique e saiba mais\">\n\t\t\t<picture>\n\t\t\t\t<source media=\"(max-width: 500px)\" srcset=\"https:\/\/files.sunoresearch.com.br\/n\/uploads\/2023\/03\/400x300-Controle-de-Investimentos.png\">\n\t\t\t\t<img class=\"newsContent__article__imgCapa newsContent__article__imgCapa--banner\"\n\t\t\t\t\tsrc=\"https:\/\/files.sunoresearch.com.br\/n\/uploads\/2023\/03\/1420x240-Controle-de-Investimentos.png\"\n\t\t\t\t\tdata-promo-id=\"75934\"\t\t\t\t\t\t\t\t\t\twidth='1420' height='240'\t\t\t\t\talt=\"https:\/\/files.sunoresearch.com.br\/n\/uploads\/2023\/03\/1420x240-Controle-de-Investimentos.png\"\n\t\t\t\t>\n\t\t\t<\/picture>\n\t\t<\/a>\n\t<\/p>\n\n\n","protected":false},"excerpt":{"rendered":"<p>O clima econ\u00f4mico da Am\u00e9rica Latina melhorou significativamente, segundo dados recentes da Funda\u00e7\u00e3o Getulio Vargas (FGV). O levantamento mostra que a regi\u00e3o est\u00e1 em recupera\u00e7\u00e3o no terceiro trimestre de 2021. S\u00e3o os melhores dados desde o primeiro trimestre de 2018, como indica a pesquisa. Min\u00e9rio de ferro Para calcular o \u00edndice que reflete o ambiente [&hellip;]<\/p>\n","protected":false},"author":73,"featured_media":15808,"comment_status":"closed","ping_status":"closed","sticky":false,"template":"","format":"standard","meta":[],"categories":[63],"tags":[106444,986,797,1375,106154],"suno_strategy":[],"class_list":["post-177743","post","type-post","status-publish","format-standard","has-post-thumbnail","hentry","category-internacional","tag-agencias","tag-america-latina","tag-fgv","tag-ice","tag-pesquisas"],"yoast_head":"<!-- This site is optimized with the Yoast SEO plugin v24.4 - https:\/\/yoast.com\/wordpress\/plugins\/seo\/ -->\n<title>Am\u00e9rica Latina esta no melhor trimestre desde 2018, aponta FGV<\/title>\n<meta name=\"description\" content=\"Segundo o \u00edndice da FGV, que se baseia nas entrevistas com especialistas, o clima econ\u00f4mico da Am\u00e9rica Latina melhorou. Leia mais.\" \/>\n<meta name=\"robots\" content=\"index, follow, max-snippet:-1, max-image-preview:large, max-video-preview:-1\" \/>\n<link rel=\"canonical\" href=\"https:\/\/www.suno.com.br\/noticias\/amercia-latina-fgv-ice-2018-melhor-trimestre\/\" \/>\n<meta property=\"og:locale\" content=\"pt_BR\" \/>\n<meta property=\"og:type\" content=\"article\" \/>\n<meta property=\"og:title\" content=\"Am\u00e9rica Latina esta no melhor trimestre desde 2018, aponta FGV\" \/>\n<meta property=\"og:description\" content=\"Segundo o \u00edndice da FGV, que se baseia nas entrevistas com especialistas, o clima econ\u00f4mico da Am\u00e9rica Latina melhorou. Leia mais.\" \/>\n<meta property=\"og:url\" content=\"https:\/\/www.suno.com.br\/noticias\/amercia-latina-fgv-ice-2018-melhor-trimestre\/\" \/>\n<meta property=\"og:site_name\" content=\"Suno Not\u00edcias\" \/>\n<meta property=\"article:publisher\" content=\"https:\/\/facebook.com\/sunoresearch\" \/>\n<meta property=\"og:image\" content=\"https:\/\/files.sunoresearch.com.br\/n\/uploads\/2019\/02\/bd120984-fgv.jpg\" \/>\n\t<meta property=\"og:image:width\" content=\"2402\" \/>\n\t<meta property=\"og:image:height\" content=\"1127\" \/>\n\t<meta property=\"og:image:type\" content=\"image\/jpeg\" \/>\n<meta name=\"author\" content=\"Eduardo Vargas\" \/>\n<meta name=\"twitter:card\" content=\"summary_large_image\" \/>\n<meta name=\"twitter:creator\" content=\"@sunoresearch\" \/>\n<meta name=\"twitter:site\" content=\"@sunoresearch\" \/>\n<meta name=\"twitter:label1\" content=\"Escrito por\" \/>\n\t<meta name=\"twitter:data1\" content=\"Eduardo Vargas\" \/>\n\t<meta name=\"twitter:label2\" content=\"Est. tempo de leitura\" \/>\n\t<meta name=\"twitter:data2\" content=\"3 minutos\" \/>\n<script type=\"application\/ld+json\" class=\"yoast-schema-graph\">{\"@context\":\"https:\/\/schema.org\",\"@graph\":[{\"@type\":\"NewsArticle\",\"@id\":\"https:\/\/www.suno.com.br\/noticias\/amercia-latina-fgv-ice-2018-melhor-trimestre\/#article\",\"isPartOf\":{\"@id\":\"https:\/\/www.suno.com.br\/noticias\/amercia-latina-fgv-ice-2018-melhor-trimestre\/\"},\"author\":{\"name\":\"Eduardo Vargas\",\"@id\":\"https:\/\/www.suno.com.br\/noticias\/#\/schema\/person\/7f4d362bf3518e76090143ae77bb49a5\"},\"headline\":\"Am\u00e9rica Latina esta no melhor trimestre econ\u00f4mico desde 2018, aponta pesquisa da FGV\",\"datePublished\":\"2021-08-24T19:08:41+00:00\",\"dateModified\":\"2021-08-25T03:21:54+00:00\",\"mainEntityOfPage\":{\"@id\":\"https:\/\/www.suno.com.br\/noticias\/amercia-latina-fgv-ice-2018-melhor-trimestre\/\"},\"wordCount\":607,\"publisher\":{\"@id\":\"https:\/\/www.suno.com.br\/noticias\/#organization\"},\"image\":{\"@id\":\"https:\/\/www.suno.com.br\/noticias\/amercia-latina-fgv-ice-2018-melhor-trimestre\/#primaryimage\"},\"thumbnailUrl\":\"https:\/\/files.sunoresearch.com.br\/n\/uploads\/2019\/02\/bd120984-fgv-jpg.webp\",\"keywords\":[\"Ag\u00eancias\",\"Am\u00e9rica Latina\",\"FGV\",\"ICE\",\"Pesquisas\"],\"articleSection\":[\"Internacional\"],\"inLanguage\":\"pt-BR\"},{\"@type\":\"WebPage\",\"@id\":\"https:\/\/www.suno.com.br\/noticias\/amercia-latina-fgv-ice-2018-melhor-trimestre\/\",\"url\":\"https:\/\/www.suno.com.br\/noticias\/amercia-latina-fgv-ice-2018-melhor-trimestre\/\",\"name\":\"Am\u00e9rica Latina esta no melhor trimestre desde 2018, aponta FGV\",\"isPartOf\":{\"@id\":\"https:\/\/www.suno.com.br\/noticias\/#website\"},\"primaryImageOfPage\":{\"@id\":\"https:\/\/www.suno.com.br\/noticias\/amercia-latina-fgv-ice-2018-melhor-trimestre\/#primaryimage\"},\"image\":{\"@id\":\"https:\/\/www.suno.com.br\/noticias\/amercia-latina-fgv-ice-2018-melhor-trimestre\/#primaryimage\"},\"thumbnailUrl\":\"https:\/\/files.sunoresearch.com.br\/n\/uploads\/2019\/02\/bd120984-fgv-jpg.webp\",\"datePublished\":\"2021-08-24T19:08:41+00:00\",\"dateModified\":\"2021-08-25T03:21:54+00:00\",\"description\":\"Segundo o \u00edndice da FGV, que se baseia nas entrevistas com especialistas, o clima econ\u00f4mico da Am\u00e9rica Latina melhorou. Leia mais.\",\"breadcrumb\":{\"@id\":\"https:\/\/www.suno.com.br\/noticias\/amercia-latina-fgv-ice-2018-melhor-trimestre\/#breadcrumb\"},\"inLanguage\":\"pt-BR\",\"potentialAction\":[{\"@type\":\"ReadAction\",\"target\":[\"https:\/\/www.suno.com.br\/noticias\/amercia-latina-fgv-ice-2018-melhor-trimestre\/\"]}]},{\"@type\":\"ImageObject\",\"inLanguage\":\"pt-BR\",\"@id\":\"https:\/\/www.suno.com.br\/noticias\/amercia-latina-fgv-ice-2018-melhor-trimestre\/#primaryimage\",\"url\":\"https:\/\/files.sunoresearch.com.br\/n\/uploads\/2019\/02\/bd120984-fgv-jpg.webp\",\"contentUrl\":\"https:\/\/files.sunoresearch.com.br\/n\/uploads\/2019\/02\/bd120984-fgv-jpg.webp\",\"width\":2402,\"height\":1127,\"caption\":\"Antes da divulga\u00e7\u00e3o do Monitor do PIB, o Minist\u00e9rio da Economia divulgou documento que manteve previs\u00e3o do crescimento para 2021 - Foto: Divulga\u00e7\u00e3o\/FGV\"},{\"@type\":\"BreadcrumbList\",\"@id\":\"https:\/\/www.suno.com.br\/noticias\/amercia-latina-fgv-ice-2018-melhor-trimestre\/#breadcrumb\",\"itemListElement\":[{\"@type\":\"ListItem\",\"position\":1,\"name\":\"Not\u00edcias\",\"item\":\"https:\/\/www.suno.com.br\/noticias\/\"},{\"@type\":\"ListItem\",\"position\":2,\"name\":\"Internacional\",\"item\":\"https:\/\/www.suno.com.br\/noticias\/internacional\/\"},{\"@type\":\"ListItem\",\"position\":3,\"name\":\"Am\u00e9rica Latina esta no melhor trimestre econ\u00f4mico desde 2018, aponta pesquisa da FGV\"}]},{\"@type\":\"WebSite\",\"@id\":\"https:\/\/www.suno.com.br\/noticias\/#website\",\"url\":\"https:\/\/www.suno.com.br\/noticias\/\",\"name\":\"Suno Not\u00edcias\",\"description\":\"Seu portal de informa\u00e7\u00e3o sobre o mundo dos investimentos\",\"publisher\":{\"@id\":\"https:\/\/www.suno.com.br\/noticias\/#organization\"},\"potentialAction\":[{\"@type\":\"SearchAction\",\"target\":{\"@type\":\"EntryPoint\",\"urlTemplate\":\"https:\/\/www.suno.com.br\/noticias\/?s={search_term_string}\"},\"query-input\":{\"@type\":\"PropertyValueSpecification\",\"valueRequired\":true,\"valueName\":\"search_term_string\"}}],\"inLanguage\":\"pt-BR\"},{\"@type\":\"Organization\",\"@id\":\"https:\/\/www.suno.com.br\/noticias\/#organization\",\"name\":\"Suno Not\u00edcias\",\"url\":\"https:\/\/www.suno.com.br\/noticias\/\",\"logo\":{\"@type\":\"ImageObject\",\"inLanguage\":\"pt-BR\",\"@id\":\"https:\/\/www.suno.com.br\/noticias\/#\/schema\/logo\/image\/\",\"url\":\"https:\/\/files.sunoresearch.com.br\/n\/uploads\/2021\/09\/suno-logo.png\",\"contentUrl\":\"https:\/\/files.sunoresearch.com.br\/n\/uploads\/2021\/09\/suno-logo.png\",\"width\":180,\"height\":180,\"caption\":\"Suno Not\u00edcias\"},\"image\":{\"@id\":\"https:\/\/www.suno.com.br\/noticias\/#\/schema\/logo\/image\/\"},\"sameAs\":[\"https:\/\/facebook.com\/sunoresearch\",\"https:\/\/x.com\/sunoresearch\",\"https:\/\/www.instagram.com\/suno\",\"https:\/\/www.linkedin.com\/company\/suno-research\/\",\"https:\/\/www.youtube.com\/c\/sunoresearch\"]},{\"@type\":\"Person\",\"@id\":\"https:\/\/www.suno.com.br\/noticias\/#\/schema\/person\/7f4d362bf3518e76090143ae77bb49a5\",\"name\":\"Eduardo Vargas\",\"image\":{\"@type\":\"ImageObject\",\"inLanguage\":\"pt-BR\",\"@id\":\"https:\/\/www.suno.com.br\/noticias\/#\/schema\/person\/image\/\",\"url\":\"https:\/\/secure.gravatar.com\/avatar\/dac340933427a22924c9f99d1eb2e3f2?s=96&r=g\",\"contentUrl\":\"https:\/\/secure.gravatar.com\/avatar\/dac340933427a22924c9f99d1eb2e3f2?s=96&r=g\",\"caption\":\"Eduardo Vargas\"},\"description\":\"Jornalista formado pela UFSC, cobre macroeconomia, neg\u00f3cios e startups para o Suno Not\u00edcias, escrevendo principalmente not\u00edcias sobre o mercado financeiro e a bolsa de valores. No YouTube e no Instagram, \u00e9 respons\u00e1vel pela produ\u00e7\u00e3o de Reels e Shorts do Suno Not\u00edcias. Anteriormente, trabalhou cobrindo economia e cotidiano no ND+ e para o ND, maior jornal impresso de Santa Catarina. Cursou um semestre letivo de Estudos de M\u00eddia na Universidad de Buenos Aires.\",\"url\":\"https:\/\/www.suno.com.br\/noticias\/author\/eduardo-vargas\/\"}]}<\/script>\n<!-- \/ Yoast SEO plugin. -->","yoast_head_json":{"title":"Am\u00e9rica Latina esta no melhor trimestre desde 2018, aponta FGV","description":"Segundo o \u00edndice da FGV, que se baseia nas entrevistas com especialistas, o clima econ\u00f4mico da Am\u00e9rica Latina melhorou. Leia mais.","robots":{"index":"index","follow":"follow","max-snippet":"max-snippet:-1","max-image-preview":"max-image-preview:large","max-video-preview":"max-video-preview:-1"},"canonical":"https:\/\/www.suno.com.br\/noticias\/amercia-latina-fgv-ice-2018-melhor-trimestre\/","og_locale":"pt_BR","og_type":"article","og_title":"Am\u00e9rica Latina esta no melhor trimestre desde 2018, aponta FGV","og_description":"Segundo o \u00edndice da FGV, que se baseia nas entrevistas com especialistas, o clima econ\u00f4mico da Am\u00e9rica Latina melhorou. Leia mais.","og_url":"https:\/\/www.suno.com.br\/noticias\/amercia-latina-fgv-ice-2018-melhor-trimestre\/","og_site_name":"Suno Not\u00edcias","article_publisher":"https:\/\/facebook.com\/sunoresearch","og_image":[{"width":2402,"height":1127,"url":"https:\/\/files.sunoresearch.com.br\/n\/uploads\/2019\/02\/bd120984-fgv.jpg","type":"image\/jpeg"}],"author":"Eduardo Vargas","twitter_card":"summary_large_image","twitter_creator":"@sunoresearch","twitter_site":"@sunoresearch","twitter_misc":{"Escrito por":"Eduardo Vargas","Est. tempo de leitura":"3 minutos"},"schema":{"@context":"https:\/\/schema.org","@graph":[{"@type":"NewsArticle","@id":"https:\/\/www.suno.com.br\/noticias\/amercia-latina-fgv-ice-2018-melhor-trimestre\/#article","isPartOf":{"@id":"https:\/\/www.suno.com.br\/noticias\/amercia-latina-fgv-ice-2018-melhor-trimestre\/"},"author":{"name":"Eduardo Vargas","@id":"https:\/\/www.suno.com.br\/noticias\/#\/schema\/person\/7f4d362bf3518e76090143ae77bb49a5"},"headline":"Am\u00e9rica Latina esta no melhor trimestre econ\u00f4mico desde 2018, aponta pesquisa da FGV","datePublished":"2021-08-24T19:08:41+00:00","dateModified":"2021-08-25T03:21:54+00:00","mainEntityOfPage":{"@id":"https:\/\/www.suno.com.br\/noticias\/amercia-latina-fgv-ice-2018-melhor-trimestre\/"},"wordCount":607,"publisher":{"@id":"https:\/\/www.suno.com.br\/noticias\/#organization"},"image":{"@id":"https:\/\/www.suno.com.br\/noticias\/amercia-latina-fgv-ice-2018-melhor-trimestre\/#primaryimage"},"thumbnailUrl":"https:\/\/files.sunoresearch.com.br\/n\/uploads\/2019\/02\/bd120984-fgv-jpg.webp","keywords":["Ag\u00eancias","Am\u00e9rica Latina","FGV","ICE","Pesquisas"],"articleSection":["Internacional"],"inLanguage":"pt-BR"},{"@type":"WebPage","@id":"https:\/\/www.suno.com.br\/noticias\/amercia-latina-fgv-ice-2018-melhor-trimestre\/","url":"https:\/\/www.suno.com.br\/noticias\/amercia-latina-fgv-ice-2018-melhor-trimestre\/","name":"Am\u00e9rica Latina esta no melhor trimestre desde 2018, aponta FGV","isPartOf":{"@id":"https:\/\/www.suno.com.br\/noticias\/#website"},"primaryImageOfPage":{"@id":"https:\/\/www.suno.com.br\/noticias\/amercia-latina-fgv-ice-2018-melhor-trimestre\/#primaryimage"},"image":{"@id":"https:\/\/www.suno.com.br\/noticias\/amercia-latina-fgv-ice-2018-melhor-trimestre\/#primaryimage"},"thumbnailUrl":"https:\/\/files.sunoresearch.com.br\/n\/uploads\/2019\/02\/bd120984-fgv-jpg.webp","datePublished":"2021-08-24T19:08:41+00:00","dateModified":"2021-08-25T03:21:54+00:00","description":"Segundo o \u00edndice da FGV, que se baseia nas entrevistas com especialistas, o clima econ\u00f4mico da Am\u00e9rica Latina melhorou. Leia mais.","breadcrumb":{"@id":"https:\/\/www.suno.com.br\/noticias\/amercia-latina-fgv-ice-2018-melhor-trimestre\/#breadcrumb"},"inLanguage":"pt-BR","potentialAction":[{"@type":"ReadAction","target":["https:\/\/www.suno.com.br\/noticias\/amercia-latina-fgv-ice-2018-melhor-trimestre\/"]}]},{"@type":"ImageObject","inLanguage":"pt-BR","@id":"https:\/\/www.suno.com.br\/noticias\/amercia-latina-fgv-ice-2018-melhor-trimestre\/#primaryimage","url":"https:\/\/files.sunoresearch.com.br\/n\/uploads\/2019\/02\/bd120984-fgv-jpg.webp","contentUrl":"https:\/\/files.sunoresearch.com.br\/n\/uploads\/2019\/02\/bd120984-fgv-jpg.webp","width":2402,"height":1127,"caption":"Antes da divulga\u00e7\u00e3o do Monitor do PIB, o Minist\u00e9rio da Economia divulgou documento que manteve previs\u00e3o do crescimento para 2021 - Foto: Divulga\u00e7\u00e3o\/FGV"},{"@type":"BreadcrumbList","@id":"https:\/\/www.suno.com.br\/noticias\/amercia-latina-fgv-ice-2018-melhor-trimestre\/#breadcrumb","itemListElement":[{"@type":"ListItem","position":1,"name":"Not\u00edcias","item":"https:\/\/www.suno.com.br\/noticias\/"},{"@type":"ListItem","position":2,"name":"Internacional","item":"https:\/\/www.suno.com.br\/noticias\/internacional\/"},{"@type":"ListItem","position":3,"name":"Am\u00e9rica Latina esta no melhor trimestre econ\u00f4mico desde 2018, aponta pesquisa da FGV"}]},{"@type":"WebSite","@id":"https:\/\/www.suno.com.br\/noticias\/#website","url":"https:\/\/www.suno.com.br\/noticias\/","name":"Suno Not\u00edcias","description":"Seu portal de informa\u00e7\u00e3o sobre o mundo dos investimentos","publisher":{"@id":"https:\/\/www.suno.com.br\/noticias\/#organization"},"potentialAction":[{"@type":"SearchAction","target":{"@type":"EntryPoint","urlTemplate":"https:\/\/www.suno.com.br\/noticias\/?s={search_term_string}"},"query-input":{"@type":"PropertyValueSpecification","valueRequired":true,"valueName":"search_term_string"}}],"inLanguage":"pt-BR"},{"@type":"Organization","@id":"https:\/\/www.suno.com.br\/noticias\/#organization","name":"Suno Not\u00edcias","url":"https:\/\/www.suno.com.br\/noticias\/","logo":{"@type":"ImageObject","inLanguage":"pt-BR","@id":"https:\/\/www.suno.com.br\/noticias\/#\/schema\/logo\/image\/","url":"https:\/\/files.sunoresearch.com.br\/n\/uploads\/2021\/09\/suno-logo.png","contentUrl":"https:\/\/files.sunoresearch.com.br\/n\/uploads\/2021\/09\/suno-logo.png","width":180,"height":180,"caption":"Suno Not\u00edcias"},"image":{"@id":"https:\/\/www.suno.com.br\/noticias\/#\/schema\/logo\/image\/"},"sameAs":["https:\/\/facebook.com\/sunoresearch","https:\/\/x.com\/sunoresearch","https:\/\/www.instagram.com\/suno","https:\/\/www.linkedin.com\/company\/suno-research\/","https:\/\/www.youtube.com\/c\/sunoresearch"]},{"@type":"Person","@id":"https:\/\/www.suno.com.br\/noticias\/#\/schema\/person\/7f4d362bf3518e76090143ae77bb49a5","name":"Eduardo Vargas","image":{"@type":"ImageObject","inLanguage":"pt-BR","@id":"https:\/\/www.suno.com.br\/noticias\/#\/schema\/person\/image\/","url":"https:\/\/secure.gravatar.com\/avatar\/dac340933427a22924c9f99d1eb2e3f2?s=96&r=g","contentUrl":"https:\/\/secure.gravatar.com\/avatar\/dac340933427a22924c9f99d1eb2e3f2?s=96&r=g","caption":"Eduardo Vargas"},"description":"Jornalista formado pela UFSC, cobre macroeconomia, neg\u00f3cios e startups para o Suno Not\u00edcias, escrevendo principalmente not\u00edcias sobre o mercado financeiro e a bolsa de valores. No YouTube e no Instagram, \u00e9 respons\u00e1vel pela produ\u00e7\u00e3o de Reels e Shorts do Suno Not\u00edcias. Anteriormente, trabalhou cobrindo economia e cotidiano no ND+ e para o ND, maior jornal impresso de Santa Catarina. Cursou um semestre letivo de Estudos de M\u00eddia na Universidad de Buenos Aires.","url":"https:\/\/www.suno.com.br\/noticias\/author\/eduardo-vargas\/"}]}},"default_loop_html":"<div class=\"cardsPage__listCard__boxs\"><div class=\"cardsPage__listCard__boxs__img\"><a href=\"https:\/\/www.suno.com.br\/noticias\/commodities-ibovespa-devolve-ganhos-maiores-baixas\/\"><img class=\"mask\" src=\"https:\/\/www.suno.com.br\/noticias\/wp-content\/themes\/suno\/resources\/images\/spotlight\/spotlight1img\/bg-mask.png\" alt=\"Image Mask\"\/><img src=\"https:\/\/files.sunoresearch.com.br\/n\/uploads\/2020\/10\/efbeb151-csnminerio-400x200.webp\" alt=\"Com commodities sangrando, Ibovespa devolve ganhos de 2021; Veja as cinco maiores baixas\"\/><\/a><span class=\"spotlightCategory\"><a href=\"https:\/\/www.suno.com.br\/noticias\/mercado\/\">Mercado<\/a><\/span><\/div><div class=\"cardsPage__listCard__boxs__content\"><a href=\"https:\/\/www.suno.com.br\/noticias\/commodities-ibovespa-devolve-ganhos-maiores-baixas\/\"><h2 class=\"content__title\">Com commodities sangrando, Ibovespa devolve ganhos de 2021; Veja as cinco maiores baixas<\/h2><\/a><div class=\"newsContent__article__meta\"><div class=\"newsContent__article__meta__authorBox\"><a href=\"https:\/\/www.suno.com.br\/noticias\/author\/eduardo-vargas\/\" class=\"authorBox__avatar noMobi\"><img src=\"https:\/\/secure.gravatar.com\/avatar\/dac340933427a22924c9f99d1eb2e3f2?s=96&#038;r=g\" alt=\"Eduardo Vargas\"><\/a><div class=\"authorBox__name\"><span>por\n\t\t\t<a href=\"https:\/\/www.suno.com.br\/noticias\/author\/eduardo-vargas\/\"><span itemprop=\"author\">Eduardo Vargas<\/span><\/a><\/span><time datetime=\"2021-08-21T18:53:19-03:00\" itemprop=\"datePublished\">21\/08\/2021 18:53<\/time><\/div><\/div><\/div><\/div><\/div>","single_layout":"posts","amp_enabled":true,"_links":{"self":[{"href":"https:\/\/www.suno.com.br\/noticias\/wp-json\/wp\/v2\/posts\/177743"}],"collection":[{"href":"https:\/\/www.suno.com.br\/noticias\/wp-json\/wp\/v2\/posts"}],"about":[{"href":"https:\/\/www.suno.com.br\/noticias\/wp-json\/wp\/v2\/types\/post"}],"author":[{"embeddable":true,"href":"https:\/\/www.suno.com.br\/noticias\/wp-json\/wp\/v2\/users\/73"}],"replies":[{"embeddable":true,"href":"https:\/\/www.suno.com.br\/noticias\/wp-json\/wp\/v2\/comments?post=177743"}],"version-history":[{"count":4,"href":"https:\/\/www.suno.com.br\/noticias\/wp-json\/wp\/v2\/posts\/177743\/revisions"}],"predecessor-version":[{"id":177949,"href":"https:\/\/www.suno.com.br\/noticias\/wp-json\/wp\/v2\/posts\/177743\/revisions\/177949"}],"wp:featuredmedia":[{"embeddable":true,"href":"https:\/\/www.suno.com.br\/noticias\/wp-json\/wp\/v2\/media\/15808"}],"wp:attachment":[{"href":"https:\/\/www.suno.com.br\/noticias\/wp-json\/wp\/v2\/media?parent=177743"}],"wp:term":[{"taxonomy":"category","embeddable":true,"href":"https:\/\/www.suno.com.br\/noticias\/wp-json\/wp\/v2\/categories?post=177743"},{"taxonomy":"post_tag","embeddable":true,"href":"https:\/\/www.suno.com.br\/noticias\/wp-json\/wp\/v2\/tags?post=177743"},{"taxonomy":"suno_strategy","embeddable":true,"href":"https:\/\/www.suno.com.br\/noticias\/wp-json\/wp\/v2\/suno_strategy?post=177743"}],"curies":[{"name":"wp","href":"https:\/\/api.w.org\/{rel}","templated":true}]}}