{"id":17774,"date":"2019-03-12T18:33:56","date_gmt":"2019-03-12T21:33:56","guid":{"rendered":"https:\/\/www.suno.com.br\/noticias\/?p=17774"},"modified":"2021-02-17T20:08:35","modified_gmt":"2021-02-17T23:08:35","slug":"stf-determina-bloqueio-aecio-neves","status":"publish","type":"post","link":"https:\/\/www.suno.com.br\/noticias\/stf-determina-bloqueio-aecio-neves\/","title":{"rendered":"STF determina bloqueio de R$ 1,6 milh\u00e3o em bens de A\u00e9cio Neves"},"content":{"rendered":"<p>A Primeira Turma do <a href=\"http:\/\/www.stf.jus.br\/\">Supremo Tribunal Federal (STF)<\/a> determinou nesta ter\u00e7a (12) que fossem bloqueados R$ 1,6 milh\u00e3o em bens do deputado federal A\u00e9cio Neves (PSDB-MG) e de sua irm\u00e3, Andr\u00e9a Neves &#8211; tamb\u00e9m no mesmo valor.<\/p>\t<div class=\"wrapper-featured-image\">\n\t\t<figure class=\"spotlightImg\">\n\n\t\t\t<picture>\n\t\t\t\t<source media=\"(max-width: 768px)\" srcset=\"https:\/\/files.sunoresearch.com.br\/n\/uploads\/2018\/12\/c494fa1e-a\u00e9cio-neves-400x200.webp\">\n\t\t\t\t<img loading=\"lazy\" decoding=\"async\" class=\"newsContent__article__imgCapa lazyloadDisabled newsContent__article__imgCapa--noCaption\" src=\"https:\/\/files.sunoresearch.com.br\/n\/uploads\/2018\/12\/c494fa1e-a\u00e9cio-neves-800x450.webp\" width=\"800\" height=\"450\" alt=\"STF determina bloqueio de R$ 1,6 milh\u00e3o em bens de A\u00e9cio Neves\" fetchpriority=high \/>\n\t\t\t<\/picture>\n\n\t\t\t<figcaption class=\"wp-caption-text wp-caption-text--hide\">a\u00e9cio neves<\/figcaption>\n\t\t<\/figure>\n\t<\/div>\n\n\n<p>Os ministros do <strong>STF<\/strong> atenderam, de maneira parcial, a pedido da <strong>Procuradoria-Geral da Rep\u00fablica (PGR)<\/strong>. O \u00f3rg\u00e3o pediu um bloqueio total de mais de R$ 5 milh\u00f5es dos bens de <strong>A\u00e9cio Neves<\/strong> e de sua <strong>irm\u00e3.<\/strong> O valor seria destinado ao pagamento de multa e indeniza\u00e7\u00e3o por danos coletivos se o tucano fosse condenado por pedir <strong>propina<\/strong> a <strong>Joesley Batista,<\/strong> dono da <strong>JBS.<\/strong><\/p>\n<p><a href=\"https:\/\/www.suno.com.br\/noticias\/cvc-fundador-propina-160-mi-impostos\/\">Saiba mais: CVC: Fundador diz ter pagado propina para se livrar de R$ 160 mi em impostos<\/a><\/p>\n<p>A <strong>a\u00e7\u00e3o penal<\/strong> contra o ex-presidente do <strong>PSDB<\/strong> e ex-senador apura se ele pediu R$ 2 milh\u00f5es ao empres\u00e1rio em troca de <strong>favores pol\u00edticos.<\/strong><\/p>\n<p>A decis\u00e3o da <strong>Primeira Turma<\/strong> se formou por um placar de 3 a 2. Os ministros <strong>Luiz Fux<\/strong>, <strong>Lu\u00eds Roberto Barroso<\/strong> e <strong>Rosa Weber<\/strong> votaram pelo bloqueio de R$ 1,6 milh\u00e3o. J\u00e1 <strong>Alexandre de Moraes<\/strong> e <strong>Marco Aur\u00e9lio<\/strong> votaram contrariamente. Eles divergiram dos colegas e disseram n\u00e3o haver ind\u00edcios de que os bens dos <strong>irm\u00e3os Neves<\/strong> estejam sendo dissipados &#8211; exig\u00eancia para a constri\u00e7\u00e3o patrimonial, isto \u00e9, o <strong>bloqueio dos bens<\/strong>.<\/p>\n<p><a href=\"https:\/\/www.suno.com.br\/noticias\/bolsonaro-trump-acordo-livre-comercio\/\">Saiba mais: Bolsonaro e Trump v\u00e3o trilhar acordo de livre-com\u00e9rcio em reuni\u00e3o<\/a><\/p>\n<p>Em dezembro, a <strong>Pol\u00edcia Federal<\/strong> cumpriu mandados de busca e apreens\u00e3o em im\u00f3veis dos <strong>irm\u00e3os Neves,<\/strong> a\u00e7\u00e3o que fazia parte da <strong>Opera\u00e7\u00e3o Ross,<\/strong> desdobramento da <strong>Lava Jato.<\/strong><\/p>\n<p>A investiga\u00e7\u00e3o englobou <strong>A\u00e9cio Neves<\/strong> a partir da dela\u00e7\u00e3o premiada de <strong>Joesley Batista<\/strong> e <strong>Ricardo Saud,<\/strong> outro <a href=\"https:\/\/www.suno.com.br\/artigos\/faturamento-jbs\/\">executivo da <\/a><strong>JBS,<\/strong> do grupo <strong>J&amp;F.<\/strong> Segundo <strong>Batista,<\/strong> foram repassados R$ 110 milh\u00f5es ao ent\u00e3o <strong>senador<\/strong> e seus aliados, entre 2014 e 2017.<\/p>\n<p><a href=\"https:\/\/www.suno.com.br\/noticias\/pgr-criminalizar-nao-recolhimento-icms\/\">Saiba mais: PGR quer criminalizar o n\u00e3o recolhimento do ICMS cobrado de clientes<\/a><\/p>\n<p>Ap\u00f3s ter sido alvo do <strong>mandado, A\u00e9cio Neves<\/strong> convocou coletiva de imprensa e declarou que as solicita\u00e7\u00f5es da <strong>Pol\u00edcia Federal<\/strong> foram \u201cabsolutamente desnecess\u00e1rias\u201d. \u201cO maior interessado em esclarecer todas essas quest\u00f5es sempre fui eu\u201d, declarou. \u201cSempre estive \u00e0 disposi\u00e7\u00e3o das <strong>autoridades<\/strong> para prestar todos os esclarecimentos devidos. A verdade \u00e9 que n\u00e3o podemos mais aceitar que declara\u00e7\u00f5es de <strong>criminosos<\/strong> confessos se sobreponham \u00e0 verdade\u201d.<\/p>\n","protected":false},"excerpt":{"rendered":"<p>A Primeira Turma do Supremo Tribunal Federal (STF) determinou nesta ter\u00e7a (12) que fossem bloqueados R$ 1,6 milh\u00e3o em bens do deputado federal A\u00e9cio Neves (PSDB-MG) e de sua irm\u00e3, Andr\u00e9a Neves &#8211; tamb\u00e9m no mesmo valor. a\u00e9cio neves Os ministros do STF atenderam, de maneira parcial, a pedido da Procuradoria-Geral da Rep\u00fablica (PGR). O [&hellip;]<\/p>\n","protected":false},"author":13,"featured_media":8384,"comment_status":"closed","ping_status":"closed","sticky":false,"template":"","format":"standard","meta":[],"categories":[61],"tags":[844,1914,785],"suno_strategy":[],"class_list":["post-17774","post","type-post","status-publish","format-standard","has-post-thumbnail","hentry","category-politica","tag-aecio-neves","tag-operacao-lava-jato","tag-supremo-tribunal-federal-stf"],"yoast_head":"<!-- This site is optimized with the Yoast SEO plugin v24.4 - https:\/\/yoast.com\/wordpress\/plugins\/seo\/ -->\n<title>STF determina bloqueio de R$ 1,6 milh\u00e3o em bens de A\u00e9cio Neves<\/title>\n<meta name=\"description\" content=\"Acusado de pedir propina a Joesley Batista, o deputado A\u00e9cio Neves e a irm\u00e3 tiveram cada um R$ 1,6 mi em bens bloqueados. Clique e saiba mais\" \/>\n<meta name=\"robots\" content=\"index, follow, max-snippet:-1, max-image-preview:large, max-video-preview:-1\" \/>\n<link rel=\"canonical\" href=\"https:\/\/www.suno.com.br\/noticias\/stf-determina-bloqueio-aecio-neves\/\" \/>\n<meta property=\"og:locale\" content=\"pt_BR\" \/>\n<meta property=\"og:type\" content=\"article\" \/>\n<meta property=\"og:title\" content=\"STF determina bloqueio de R$ 1,6 milh\u00e3o em bens de A\u00e9cio Neves\" \/>\n<meta property=\"og:description\" content=\"Acusado de pedir propina a Joesley Batista, o deputado A\u00e9cio Neves e a irm\u00e3 tiveram cada um R$ 1,6 mi em bens bloqueados. Clique e saiba mais\" \/>\n<meta property=\"og:url\" content=\"https:\/\/www.suno.com.br\/noticias\/stf-determina-bloqueio-aecio-neves\/\" \/>\n<meta property=\"og:site_name\" content=\"Suno Not\u00edcias\" \/>\n<meta property=\"article:publisher\" content=\"https:\/\/facebook.com\/sunoresearch\" \/>\n<meta property=\"og:image\" content=\"https:\/\/files.sunoresearch.com.br\/n\/uploads\/2018\/12\/c494fa1e-a\u00e9cio-neves.jpg\" \/>\n\t<meta property=\"og:image:width\" content=\"1140\" \/>\n\t<meta property=\"og:image:height\" content=\"760\" \/>\n\t<meta property=\"og:image:type\" content=\"image\/jpeg\" \/>\n<meta name=\"author\" content=\"Guilherme Caetano\" \/>\n<meta name=\"twitter:card\" content=\"summary_large_image\" \/>\n<meta name=\"twitter:creator\" content=\"@sunoresearch\" \/>\n<meta name=\"twitter:site\" content=\"@sunoresearch\" \/>\n<meta name=\"twitter:label1\" content=\"Escrito por\" \/>\n\t<meta name=\"twitter:data1\" content=\"Guilherme Caetano\" \/>\n\t<meta name=\"twitter:label2\" content=\"Est. tempo de leitura\" \/>\n\t<meta name=\"twitter:data2\" content=\"2 minutos\" \/>\n<script type=\"application\/ld+json\" class=\"yoast-schema-graph\">{\"@context\":\"https:\/\/schema.org\",\"@graph\":[{\"@type\":\"NewsArticle\",\"@id\":\"https:\/\/www.suno.com.br\/noticias\/stf-determina-bloqueio-aecio-neves\/#article\",\"isPartOf\":{\"@id\":\"https:\/\/www.suno.com.br\/noticias\/stf-determina-bloqueio-aecio-neves\/\"},\"author\":{\"name\":\"Guilherme Caetano\",\"@id\":\"https:\/\/www.suno.com.br\/noticias\/#\/schema\/person\/0d0c9687cd2f600c564f25980c140de9\"},\"headline\":\"STF determina bloqueio de R$ 1,6 milh\u00e3o em bens de A\u00e9cio Neves\",\"datePublished\":\"2019-03-12T21:33:56+00:00\",\"dateModified\":\"2021-02-17T23:08:35+00:00\",\"mainEntityOfPage\":{\"@id\":\"https:\/\/www.suno.com.br\/noticias\/stf-determina-bloqueio-aecio-neves\/\"},\"wordCount\":415,\"publisher\":{\"@id\":\"https:\/\/www.suno.com.br\/noticias\/#organization\"},\"image\":{\"@id\":\"https:\/\/www.suno.com.br\/noticias\/stf-determina-bloqueio-aecio-neves\/#primaryimage\"},\"thumbnailUrl\":\"https:\/\/files.sunoresearch.com.br\/n\/uploads\/2018\/12\/c494fa1e-a\u00e9cio-neves-jpg.webp\",\"keywords\":[\"A\u00e9cio Neves\",\"Opera\u00e7\u00e3o Lava Jato\",\"Supremo Tribunal Federal (STF)\"],\"articleSection\":[\"Pol\u00edtica\"],\"inLanguage\":\"pt-BR\"},{\"@type\":\"WebPage\",\"@id\":\"https:\/\/www.suno.com.br\/noticias\/stf-determina-bloqueio-aecio-neves\/\",\"url\":\"https:\/\/www.suno.com.br\/noticias\/stf-determina-bloqueio-aecio-neves\/\",\"name\":\"STF determina bloqueio de R$ 1,6 milh\u00e3o em bens de A\u00e9cio Neves\",\"isPartOf\":{\"@id\":\"https:\/\/www.suno.com.br\/noticias\/#website\"},\"primaryImageOfPage\":{\"@id\":\"https:\/\/www.suno.com.br\/noticias\/stf-determina-bloqueio-aecio-neves\/#primaryimage\"},\"image\":{\"@id\":\"https:\/\/www.suno.com.br\/noticias\/stf-determina-bloqueio-aecio-neves\/#primaryimage\"},\"thumbnailUrl\":\"https:\/\/files.sunoresearch.com.br\/n\/uploads\/2018\/12\/c494fa1e-a\u00e9cio-neves-jpg.webp\",\"datePublished\":\"2019-03-12T21:33:56+00:00\",\"dateModified\":\"2021-02-17T23:08:35+00:00\",\"description\":\"Acusado de pedir propina a Joesley Batista, o deputado A\u00e9cio Neves e a irm\u00e3 tiveram cada um R$ 1,6 mi em bens bloqueados. Clique e saiba mais\",\"breadcrumb\":{\"@id\":\"https:\/\/www.suno.com.br\/noticias\/stf-determina-bloqueio-aecio-neves\/#breadcrumb\"},\"inLanguage\":\"pt-BR\",\"potentialAction\":[{\"@type\":\"ReadAction\",\"target\":[\"https:\/\/www.suno.com.br\/noticias\/stf-determina-bloqueio-aecio-neves\/\"]}]},{\"@type\":\"ImageObject\",\"inLanguage\":\"pt-BR\",\"@id\":\"https:\/\/www.suno.com.br\/noticias\/stf-determina-bloqueio-aecio-neves\/#primaryimage\",\"url\":\"https:\/\/files.sunoresearch.com.br\/n\/uploads\/2018\/12\/c494fa1e-a\u00e9cio-neves-jpg.webp\",\"contentUrl\":\"https:\/\/files.sunoresearch.com.br\/n\/uploads\/2018\/12\/c494fa1e-a\u00e9cio-neves-jpg.webp\",\"width\":1140,\"height\":760,\"caption\":\"a\u00e9cio neves\"},{\"@type\":\"BreadcrumbList\",\"@id\":\"https:\/\/www.suno.com.br\/noticias\/stf-determina-bloqueio-aecio-neves\/#breadcrumb\",\"itemListElement\":[{\"@type\":\"ListItem\",\"position\":1,\"name\":\"Not\u00edcias\",\"item\":\"https:\/\/www.suno.com.br\/noticias\/\"},{\"@type\":\"ListItem\",\"position\":2,\"name\":\"Pol\u00edtica\",\"item\":\"https:\/\/www.suno.com.br\/noticias\/politica\/\"},{\"@type\":\"ListItem\",\"position\":3,\"name\":\"STF determina bloqueio de R$ 1,6 milh\u00e3o em bens de A\u00e9cio Neves\"}]},{\"@type\":\"WebSite\",\"@id\":\"https:\/\/www.suno.com.br\/noticias\/#website\",\"url\":\"https:\/\/www.suno.com.br\/noticias\/\",\"name\":\"Suno Not\u00edcias\",\"description\":\"Seu portal de informa\u00e7\u00e3o sobre o mundo dos investimentos\",\"publisher\":{\"@id\":\"https:\/\/www.suno.com.br\/noticias\/#organization\"},\"potentialAction\":[{\"@type\":\"SearchAction\",\"target\":{\"@type\":\"EntryPoint\",\"urlTemplate\":\"https:\/\/www.suno.com.br\/noticias\/?s={search_term_string}\"},\"query-input\":{\"@type\":\"PropertyValueSpecification\",\"valueRequired\":true,\"valueName\":\"search_term_string\"}}],\"inLanguage\":\"pt-BR\"},{\"@type\":\"Organization\",\"@id\":\"https:\/\/www.suno.com.br\/noticias\/#organization\",\"name\":\"Suno Not\u00edcias\",\"url\":\"https:\/\/www.suno.com.br\/noticias\/\",\"logo\":{\"@type\":\"ImageObject\",\"inLanguage\":\"pt-BR\",\"@id\":\"https:\/\/www.suno.com.br\/noticias\/#\/schema\/logo\/image\/\",\"url\":\"https:\/\/files.sunoresearch.com.br\/n\/uploads\/2021\/09\/suno-logo.png\",\"contentUrl\":\"https:\/\/files.sunoresearch.com.br\/n\/uploads\/2021\/09\/suno-logo.png\",\"width\":180,\"height\":180,\"caption\":\"Suno Not\u00edcias\"},\"image\":{\"@id\":\"https:\/\/www.suno.com.br\/noticias\/#\/schema\/logo\/image\/\"},\"sameAs\":[\"https:\/\/facebook.com\/sunoresearch\",\"https:\/\/x.com\/sunoresearch\",\"https:\/\/www.instagram.com\/suno\",\"https:\/\/www.linkedin.com\/company\/suno-research\/\",\"https:\/\/www.youtube.com\/c\/sunoresearch\"]},{\"@type\":\"Person\",\"@id\":\"https:\/\/www.suno.com.br\/noticias\/#\/schema\/person\/0d0c9687cd2f600c564f25980c140de9\",\"name\":\"Guilherme Caetano\",\"image\":{\"@type\":\"ImageObject\",\"inLanguage\":\"pt-BR\",\"@id\":\"https:\/\/www.suno.com.br\/noticias\/#\/schema\/person\/image\/\",\"url\":\"https:\/\/secure.gravatar.com\/avatar\/e48357351a01702a0d19307070e081bf?s=96&r=g\",\"contentUrl\":\"https:\/\/secure.gravatar.com\/avatar\/e48357351a01702a0d19307070e081bf?s=96&r=g\",\"caption\":\"Guilherme Caetano\"},\"description\":\"Formado em jornalismo pela Escola de Comunica\u00e7\u00f5es e Artes da USP, Guilherme Caetano escreve para o portal de not\u00edcias da Suno Research. Passou pelas reda\u00e7\u00f5es da Folha de S.Paulo e da revista \u00c9poca.\",\"url\":\"https:\/\/www.suno.com.br\/noticias\/author\/guilherme-caetano\/\"}]}<\/script>\n<!-- \/ Yoast SEO plugin. -->","yoast_head_json":{"title":"STF determina bloqueio de R$ 1,6 milh\u00e3o em bens de A\u00e9cio Neves","description":"Acusado de pedir propina a Joesley Batista, o deputado A\u00e9cio Neves e a irm\u00e3 tiveram cada um R$ 1,6 mi em bens bloqueados. Clique e saiba mais","robots":{"index":"index","follow":"follow","max-snippet":"max-snippet:-1","max-image-preview":"max-image-preview:large","max-video-preview":"max-video-preview:-1"},"canonical":"https:\/\/www.suno.com.br\/noticias\/stf-determina-bloqueio-aecio-neves\/","og_locale":"pt_BR","og_type":"article","og_title":"STF determina bloqueio de R$ 1,6 milh\u00e3o em bens de A\u00e9cio Neves","og_description":"Acusado de pedir propina a Joesley Batista, o deputado A\u00e9cio Neves e a irm\u00e3 tiveram cada um R$ 1,6 mi em bens bloqueados. Clique e saiba mais","og_url":"https:\/\/www.suno.com.br\/noticias\/stf-determina-bloqueio-aecio-neves\/","og_site_name":"Suno Not\u00edcias","article_publisher":"https:\/\/facebook.com\/sunoresearch","og_image":[{"width":1140,"height":760,"url":"https:\/\/files.sunoresearch.com.br\/n\/uploads\/2018\/12\/c494fa1e-a\u00e9cio-neves.jpg","type":"image\/jpeg"}],"author":"Guilherme Caetano","twitter_card":"summary_large_image","twitter_creator":"@sunoresearch","twitter_site":"@sunoresearch","twitter_misc":{"Escrito por":"Guilherme Caetano","Est. tempo de leitura":"2 minutos"},"schema":{"@context":"https:\/\/schema.org","@graph":[{"@type":"NewsArticle","@id":"https:\/\/www.suno.com.br\/noticias\/stf-determina-bloqueio-aecio-neves\/#article","isPartOf":{"@id":"https:\/\/www.suno.com.br\/noticias\/stf-determina-bloqueio-aecio-neves\/"},"author":{"name":"Guilherme Caetano","@id":"https:\/\/www.suno.com.br\/noticias\/#\/schema\/person\/0d0c9687cd2f600c564f25980c140de9"},"headline":"STF determina bloqueio de R$ 1,6 milh\u00e3o em bens de A\u00e9cio Neves","datePublished":"2019-03-12T21:33:56+00:00","dateModified":"2021-02-17T23:08:35+00:00","mainEntityOfPage":{"@id":"https:\/\/www.suno.com.br\/noticias\/stf-determina-bloqueio-aecio-neves\/"},"wordCount":415,"publisher":{"@id":"https:\/\/www.suno.com.br\/noticias\/#organization"},"image":{"@id":"https:\/\/www.suno.com.br\/noticias\/stf-determina-bloqueio-aecio-neves\/#primaryimage"},"thumbnailUrl":"https:\/\/files.sunoresearch.com.br\/n\/uploads\/2018\/12\/c494fa1e-a\u00e9cio-neves-jpg.webp","keywords":["A\u00e9cio Neves","Opera\u00e7\u00e3o Lava Jato","Supremo Tribunal Federal (STF)"],"articleSection":["Pol\u00edtica"],"inLanguage":"pt-BR"},{"@type":"WebPage","@id":"https:\/\/www.suno.com.br\/noticias\/stf-determina-bloqueio-aecio-neves\/","url":"https:\/\/www.suno.com.br\/noticias\/stf-determina-bloqueio-aecio-neves\/","name":"STF determina bloqueio de R$ 1,6 milh\u00e3o em bens de A\u00e9cio Neves","isPartOf":{"@id":"https:\/\/www.suno.com.br\/noticias\/#website"},"primaryImageOfPage":{"@id":"https:\/\/www.suno.com.br\/noticias\/stf-determina-bloqueio-aecio-neves\/#primaryimage"},"image":{"@id":"https:\/\/www.suno.com.br\/noticias\/stf-determina-bloqueio-aecio-neves\/#primaryimage"},"thumbnailUrl":"https:\/\/files.sunoresearch.com.br\/n\/uploads\/2018\/12\/c494fa1e-a\u00e9cio-neves-jpg.webp","datePublished":"2019-03-12T21:33:56+00:00","dateModified":"2021-02-17T23:08:35+00:00","description":"Acusado de pedir propina a Joesley Batista, o deputado A\u00e9cio Neves e a irm\u00e3 tiveram cada um R$ 1,6 mi em bens bloqueados. Clique e saiba mais","breadcrumb":{"@id":"https:\/\/www.suno.com.br\/noticias\/stf-determina-bloqueio-aecio-neves\/#breadcrumb"},"inLanguage":"pt-BR","potentialAction":[{"@type":"ReadAction","target":["https:\/\/www.suno.com.br\/noticias\/stf-determina-bloqueio-aecio-neves\/"]}]},{"@type":"ImageObject","inLanguage":"pt-BR","@id":"https:\/\/www.suno.com.br\/noticias\/stf-determina-bloqueio-aecio-neves\/#primaryimage","url":"https:\/\/files.sunoresearch.com.br\/n\/uploads\/2018\/12\/c494fa1e-a\u00e9cio-neves-jpg.webp","contentUrl":"https:\/\/files.sunoresearch.com.br\/n\/uploads\/2018\/12\/c494fa1e-a\u00e9cio-neves-jpg.webp","width":1140,"height":760,"caption":"a\u00e9cio neves"},{"@type":"BreadcrumbList","@id":"https:\/\/www.suno.com.br\/noticias\/stf-determina-bloqueio-aecio-neves\/#breadcrumb","itemListElement":[{"@type":"ListItem","position":1,"name":"Not\u00edcias","item":"https:\/\/www.suno.com.br\/noticias\/"},{"@type":"ListItem","position":2,"name":"Pol\u00edtica","item":"https:\/\/www.suno.com.br\/noticias\/politica\/"},{"@type":"ListItem","position":3,"name":"STF determina bloqueio de R$ 1,6 milh\u00e3o em bens de A\u00e9cio Neves"}]},{"@type":"WebSite","@id":"https:\/\/www.suno.com.br\/noticias\/#website","url":"https:\/\/www.suno.com.br\/noticias\/","name":"Suno Not\u00edcias","description":"Seu portal de informa\u00e7\u00e3o sobre o mundo dos investimentos","publisher":{"@id":"https:\/\/www.suno.com.br\/noticias\/#organization"},"potentialAction":[{"@type":"SearchAction","target":{"@type":"EntryPoint","urlTemplate":"https:\/\/www.suno.com.br\/noticias\/?s={search_term_string}"},"query-input":{"@type":"PropertyValueSpecification","valueRequired":true,"valueName":"search_term_string"}}],"inLanguage":"pt-BR"},{"@type":"Organization","@id":"https:\/\/www.suno.com.br\/noticias\/#organization","name":"Suno Not\u00edcias","url":"https:\/\/www.suno.com.br\/noticias\/","logo":{"@type":"ImageObject","inLanguage":"pt-BR","@id":"https:\/\/www.suno.com.br\/noticias\/#\/schema\/logo\/image\/","url":"https:\/\/files.sunoresearch.com.br\/n\/uploads\/2021\/09\/suno-logo.png","contentUrl":"https:\/\/files.sunoresearch.com.br\/n\/uploads\/2021\/09\/suno-logo.png","width":180,"height":180,"caption":"Suno Not\u00edcias"},"image":{"@id":"https:\/\/www.suno.com.br\/noticias\/#\/schema\/logo\/image\/"},"sameAs":["https:\/\/facebook.com\/sunoresearch","https:\/\/x.com\/sunoresearch","https:\/\/www.instagram.com\/suno","https:\/\/www.linkedin.com\/company\/suno-research\/","https:\/\/www.youtube.com\/c\/sunoresearch"]},{"@type":"Person","@id":"https:\/\/www.suno.com.br\/noticias\/#\/schema\/person\/0d0c9687cd2f600c564f25980c140de9","name":"Guilherme Caetano","image":{"@type":"ImageObject","inLanguage":"pt-BR","@id":"https:\/\/www.suno.com.br\/noticias\/#\/schema\/person\/image\/","url":"https:\/\/secure.gravatar.com\/avatar\/e48357351a01702a0d19307070e081bf?s=96&r=g","contentUrl":"https:\/\/secure.gravatar.com\/avatar\/e48357351a01702a0d19307070e081bf?s=96&r=g","caption":"Guilherme Caetano"},"description":"Formado em jornalismo pela Escola de Comunica\u00e7\u00f5es e Artes da USP, Guilherme Caetano escreve para o portal de not\u00edcias da Suno Research. Passou pelas reda\u00e7\u00f5es da Folha de S.Paulo e da revista \u00c9poca.","url":"https:\/\/www.suno.com.br\/noticias\/author\/guilherme-caetano\/"}]}},"default_loop_html":"<div class=\"cardsPage__listCard__boxs\"><div class=\"cardsPage__listCard__boxs__img\"><a href=\"https:\/\/www.suno.com.br\/noticias\/stf-determina-bloqueio-aecio-neves\/\"><img class=\"mask\" src=\"https:\/\/www.suno.com.br\/noticias\/wp-content\/themes\/suno\/resources\/images\/spotlight\/spotlight1img\/bg-mask.png\" alt=\"Image Mask\"\/><img src=\"https:\/\/files.sunoresearch.com.br\/n\/uploads\/2018\/12\/c494fa1e-a\u00e9cio-neves-400x200.webp\" alt=\"STF determina bloqueio de R$ 1,6 milh\u00e3o em bens de A\u00e9cio Neves\"\/><\/a><span class=\"spotlightCategory\"><a href=\"https:\/\/www.suno.com.br\/noticias\/politica\/\">Pol\u00edtica<\/a><\/span><\/div><div class=\"cardsPage__listCard__boxs__content\"><a href=\"https:\/\/www.suno.com.br\/noticias\/stf-determina-bloqueio-aecio-neves\/\"><h2 class=\"content__title\">STF determina bloqueio de R$ 1,6 milh\u00e3o em bens de A\u00e9cio Neves<\/h2><\/a><div class=\"newsContent__article__meta\"><div class=\"newsContent__article__meta__authorBox\"><a href=\"https:\/\/www.suno.com.br\/noticias\/author\/guilherme-caetano\/\" class=\"authorBox__avatar noMobi\"><img src=\"https:\/\/secure.gravatar.com\/avatar\/e48357351a01702a0d19307070e081bf?s=96&#038;r=g\" alt=\"Guilherme Caetano\"><\/a><div class=\"authorBox__name\"><span>por\n\t\t\t<a href=\"https:\/\/www.suno.com.br\/noticias\/author\/guilherme-caetano\/\"><span itemprop=\"author\">Guilherme Caetano<\/span><\/a><\/span><time datetime=\"2019-03-12T18:33:56-03:00\" itemprop=\"datePublished\">12\/03\/2019 18:33<\/time><\/div><\/div><\/div><\/div><\/div>","single_layout":"posts","amp_enabled":true,"_links":{"self":[{"href":"https:\/\/www.suno.com.br\/noticias\/wp-json\/wp\/v2\/posts\/17774"}],"collection":[{"href":"https:\/\/www.suno.com.br\/noticias\/wp-json\/wp\/v2\/posts"}],"about":[{"href":"https:\/\/www.suno.com.br\/noticias\/wp-json\/wp\/v2\/types\/post"}],"author":[{"embeddable":true,"href":"https:\/\/www.suno.com.br\/noticias\/wp-json\/wp\/v2\/users\/13"}],"replies":[{"embeddable":true,"href":"https:\/\/www.suno.com.br\/noticias\/wp-json\/wp\/v2\/comments?post=17774"}],"version-history":[{"count":0,"href":"https:\/\/www.suno.com.br\/noticias\/wp-json\/wp\/v2\/posts\/17774\/revisions"}],"wp:featuredmedia":[{"embeddable":true,"href":"https:\/\/www.suno.com.br\/noticias\/wp-json\/wp\/v2\/media\/8384"}],"wp:attachment":[{"href":"https:\/\/www.suno.com.br\/noticias\/wp-json\/wp\/v2\/media?parent=17774"}],"wp:term":[{"taxonomy":"category","embeddable":true,"href":"https:\/\/www.suno.com.br\/noticias\/wp-json\/wp\/v2\/categories?post=17774"},{"taxonomy":"post_tag","embeddable":true,"href":"https:\/\/www.suno.com.br\/noticias\/wp-json\/wp\/v2\/tags?post=17774"},{"taxonomy":"suno_strategy","embeddable":true,"href":"https:\/\/www.suno.com.br\/noticias\/wp-json\/wp\/v2\/suno_strategy?post=17774"}],"curies":[{"name":"wp","href":"https:\/\/api.w.org\/{rel}","templated":true}]}}