{"id":177715,"date":"2021-08-24T15:49:59","date_gmt":"2021-08-24T18:49:59","guid":{"rendered":"https:\/\/www.suno.com.br\/noticias\/?p=177715"},"modified":"2021-08-24T15:49:59","modified_gmt":"2021-08-24T18:49:59","slug":"terceira-dose-da-vacina-ministro-saude","status":"publish","type":"post","link":"https:\/\/www.suno.com.br\/noticias\/terceira-dose-da-vacina-ministro-saude\/","title":{"rendered":"Terceira dose da vacina ser\u00e1 aplicada s\u00f3 depois que a 2\u00aa avan\u00e7ar, diz ministro da Sa\u00fade"},"content":{"rendered":"<p>O ministro da Sa\u00fade, Marcelo Queiroga, disse na segunda-feira (23) que a terceira dose da <strong>vacina<\/strong> contra a Covid-19 vai avan\u00e7ar no pa\u00eds somente depois de o Brasil consolidar a aplica\u00e7\u00e3o da segunda dose da imuniza\u00e7\u00e3o contra a doen\u00e7a. At\u00e9 o momento, mais de 55 milh\u00f5es de brasileiros j\u00e1 completaram o esquema vacinal com as duas doses ou dose \u00fanica do imunizante.<\/p>\t<div class=\"wrapper-featured-image\">\n\t\t<figure class=\"spotlightImg\">\n\n\t\t\t<picture>\n\t\t\t\t<source media=\"(max-width: 768px)\" srcset=\"https:\/\/files.sunoresearch.com.br\/n\/uploads\/2021\/04\/2fe2e6f6-vaccine-6158184_1280-400x200.webp\">\n\t\t\t\t<img loading=\"lazy\" decoding=\"async\" class=\"newsContent__article__imgCapa lazyloadDisabled \" src=\"https:\/\/files.sunoresearch.com.br\/n\/uploads\/2021\/04\/2fe2e6f6-vaccine-6158184_1280-800x450.webp\" width=\"800\" height=\"450\" alt=\"Terceira dose da vacina ser\u00e1 aplicada s\u00f3 depois que a 2\u00aa avan\u00e7ar, diz ministro da Sa\u00fade\" fetchpriority=high \/>\n\t\t\t<\/picture>\n\n\t\t\t<figcaption class=\"wp-caption-text wp-caption-text--show\">Vacina. Foto: Pixabay<\/figcaption>\n\t\t<\/figure>\n\t<\/div>\n\n\n\t<p>\n\t\t<a href=\"https:\/\/lp.suno.com.br\/planilha-controle-gastos\/\" target=\"_blank\" data-element=\"shortcode-suno-banner\" title=\"Banner SUNO, clique e saiba mais\">\n\t\t\t<picture>\n\t\t\t\t<source media=\"(max-width: 500px)\" srcset=\"https:\/\/files.sunoresearch.com.br\/n\/uploads\/2023\/03\/400x300-Planilha-controle-de-gastos.png\">\n\t\t\t\t<img class=\"newsContent__article__imgCapa newsContent__article__imgCapa--banner\"\n\t\t\t\t\tsrc=\"https:\/\/files.sunoresearch.com.br\/n\/uploads\/2023\/03\/1420x240-Planilha-controle-de-gastos.png\"\n\t\t\t\t\tdata-promo-id=\"101751\"\t\t\t\t\t\t\t\t\t\twidth='1420' height='240'\t\t\t\t\talt=\"https:\/\/files.sunoresearch.com.br\/n\/uploads\/2023\/03\/1420x240-Planilha-controle-de-gastos.png\"\n\t\t\t\t>\n\t\t\t<\/picture>\n\t\t<\/a>\n\t<\/p>\n\n\n<p>&#8220;A OMS, hoje, ditou uma posi\u00e7\u00e3o no sentido de que n\u00e3o se avan\u00e7asse na terceira dose enquanto a segunda dose n\u00e3o fosse aplicada na maior parte na popula\u00e7\u00e3o global\u201d, destacou o <strong>ministro Queiroga<\/strong>. Embora o Brasil tenha avan\u00e7ado em n\u00famero de<strong> pessoas vacinadas<\/strong> com a primeira dose, mais de 8,5 milh\u00f5es de brasileiros deixaram de voltar ao posto para receber a segunda.<\/p>\n<p>\u201cN\u00f3s sabemos que a imuniza\u00e7\u00e3o contra a<strong> Covid-19<\/strong> \u00e9 a principal arma para conter o car\u00e1ter pand\u00eamico dessa doen\u00e7a. Ent\u00e3o, \u00e9 fundamental, \u00e9 importante, que a popula\u00e7\u00e3o brasileira que tomou a <strong>primeira dose<\/strong> da vacina volte para tomar a segunda dose, porque, s\u00f3 assim, a imuniza\u00e7\u00e3o estar\u00e1 completa\u201d, disse.<\/p>\n\t<p>\n\t\t<a href=\"https:\/\/lp.suno.com.br\/planilha-da-vida-financeira\/\" target=\"_blank\" data-element=\"shortcode-suno-banner\" title=\"Banner SUNO, clique e saiba mais\">\n\t\t\t<picture>\n\t\t\t\t<source media=\"(max-width: 500px)\" srcset=\"https:\/\/files.sunoresearch.com.br\/n\/uploads\/2023\/04\/400x300-Planilha-vida-financeira-true.png\">\n\t\t\t\t<img class=\"newsContent__article__imgCapa newsContent__article__imgCapa--banner\"\n\t\t\t\t\tsrc=\"https:\/\/files.sunoresearch.com.br\/n\/uploads\/2023\/04\/1420x240-Planilha-vida-financeira-true.png\"\n\t\t\t\t\tdata-promo-id=\"106682\"\t\t\t\t\t\t\t\t\t\twidth='1420' height='240'\t\t\t\t\talt=\"https:\/\/files.sunoresearch.com.br\/n\/uploads\/2023\/04\/1420x240-Planilha-vida-financeira-true.png\"\n\t\t\t\t>\n\t\t\t<\/picture>\n\t\t<\/a>\n\t<\/p>\n\n\n<p>Ainda que alguns pa\u00edses j\u00e1 estejam aplicando uma<strong> terceira dose da vacina<\/strong>, para o ministro essa medida precisa ser orientada com rigor cient\u00edfico. Por isso, o Minist\u00e9rio da Sa\u00fade contratou um estudo que \u00e9 realizado em parceria com a Universidade de Oxford para que a estrat\u00e9gia da terceira dose seja guiada por evid\u00eancias.<\/p>\n<p>\u201cA opini\u00e3o do especialista \u00e9 importante, mas quando essa opini\u00e3o \u00e9 refor\u00e7ada com evid\u00eancia cient\u00edfica de qualidade \u00e9 a certeza que iremos no caminho certo\u201d, finalizou.<\/p>\n<p><strong>Veja tamb\u00e9m:\u00a0<\/strong><\/p>\n<h2>Prefeitura de SP recua sobre \u2018passaporte de vacina\u2019<\/h2>\n<p>Ap\u00f3s o prefeito de S\u00e3o Paulo, <a class=\"suno-keyword\" href=\"https:\/\/www.suno.com.br\/tudo-sobre\/ricardo-nunes\/\" target=\"_blank\" rel=\"noopener\" data-force=\"no\" data-priority=\"2\">Ricardo Nunes<\/a>, afirmar que os paulistanos precisariam de um comprovante de vacina\u00e7\u00e3o, conhecido como\u00a0<strong>passaporte de vacina<\/strong>, para a entrada em eventos, o secret\u00e1rio municipal da Sa\u00fade, Edson Aparecido, disse que o comprovante ser\u00e1 opcional em bares, restaurantes e shoppings.<\/p>\n\t<div data-element=\"shortcode-read-more\" class=\"knowMore\">\n\t\t\t\t<span class=\"knowMore__title\">Saiba Mais<\/span>\n\t\t\t\t<a class=\"knowMore__link\" href=\"https:\/\/www.suno.com.br\/noticias\/prefeitura-sp-passaporte-de-vacina-comprovante\/\">\n\t\t\tPrefeitura de SP recua sobre &#039;passaporte de vacina&#039; e diz que ser\u00e1 opcional em bares e restaurantes\t\t<\/a>\n\t<\/div>\n\n\n<p>Segundo o secret\u00e1rio de\u00a0S\u00e3o Paulo<strong>,<\/strong>\u00a0a exig\u00eancia do passaporte de vacina ser\u00e1 obrigat\u00f3ria para frequ\u00eancia de pessoas em grandes eventos, como feiras, congressos e espet\u00e1culos. J\u00e1 para locais de fluxo e perman\u00eancia eventual, como bares, restaurantes e centros comerciais, a exig\u00eancia do comprovante ser\u00e1 facultativa.<\/p>\n<p>Ontem, durante a coletiva de imprensa, Nunes anunciou que a\u00a0capital paulista passaria a exigir um passaporte de <strong>vacina<\/strong> para frequentar todos os estabelecimentos na cidade. De acordo com o prefeito, essa medida seria necess\u00e1ria para controlar o fluxo de pessoas nos estabelecimentos autorizados. Isso porque muitas pessoas ainda n\u00e3o tomaram a segunda dose.<\/p>\n<p><em>(Com informa\u00e7\u00f5es da Ag\u00eancia Brasil)\u00a0<\/em><\/p>\n\t<p>\n\t\t<a href=\"https:\/\/lp.suno.com.br\/planilha-de-controle-de-investimentos\/\" target=\"_blank\" data-element=\"shortcode-suno-banner\" title=\"Banner SUNO, clique e saiba mais\">\n\t\t\t<picture>\n\t\t\t\t<source media=\"(max-width: 500px)\" srcset=\"https:\/\/files.sunoresearch.com.br\/n\/uploads\/2023\/03\/400x300-Controle-de-Investimentos.png\">\n\t\t\t\t<img class=\"newsContent__article__imgCapa newsContent__article__imgCapa--banner\"\n\t\t\t\t\tsrc=\"https:\/\/files.sunoresearch.com.br\/n\/uploads\/2023\/03\/1420x240-Controle-de-Investimentos.png\"\n\t\t\t\t\tdata-promo-id=\"75934\"\t\t\t\t\t\t\t\t\t\twidth='1420' height='240'\t\t\t\t\talt=\"https:\/\/files.sunoresearch.com.br\/n\/uploads\/2023\/03\/1420x240-Controle-de-Investimentos.png\"\n\t\t\t\t>\n\t\t\t<\/picture>\n\t\t<\/a>\n\t<\/p>\n\n\n","protected":false},"excerpt":{"rendered":"<p>O ministro da Sa\u00fade, Marcelo Queiroga, disse na segunda-feira (23) que a terceira dose da vacina contra a Covid-19 vai avan\u00e7ar no pa\u00eds somente depois de o Brasil consolidar a aplica\u00e7\u00e3o da segunda dose da imuniza\u00e7\u00e3o contra a doen\u00e7a. At\u00e9 o momento, mais de 55 milh\u00f5es de brasileiros j\u00e1 completaram o esquema vacinal com as [&hellip;]<\/p>\n","protected":false},"author":15,"featured_media":139165,"comment_status":"closed","ping_status":"closed","sticky":false,"template":"","format":"standard","meta":[],"categories":[64],"tags":[2735,25002],"suno_strategy":[],"class_list":["post-177715","post","type-post","status-publish","format-standard","has-post-thumbnail","hentry","category-negocios","tag-ministerio-da-saude","tag-vacina"],"yoast_head":"<!-- This site is optimized with the Yoast SEO plugin v24.4 - https:\/\/yoast.com\/wordpress\/plugins\/seo\/ -->\n<title>Terceira dose da vacina ser\u00e1 aplicada depois da 2\u00aa avan\u00e7ar, diz ministro<\/title>\n<meta name=\"description\" content=\"O ministro da Sa\u00fade disse que a dose 3\u00aa da vacina vai avan\u00e7ar depois de o Brasil consolidar a aplica\u00e7\u00e3o da 2\u00aa dose. Clique aqui e saiba mais\" \/>\n<meta name=\"robots\" content=\"index, follow, max-snippet:-1, max-image-preview:large, max-video-preview:-1\" \/>\n<link rel=\"canonical\" href=\"https:\/\/www.suno.com.br\/noticias\/terceira-dose-da-vacina-ministro-saude\/\" \/>\n<meta property=\"og:locale\" content=\"pt_BR\" \/>\n<meta property=\"og:type\" content=\"article\" \/>\n<meta property=\"og:title\" content=\"Terceira dose da vacina ser\u00e1 aplicada depois da 2\u00aa avan\u00e7ar, diz ministro\" \/>\n<meta property=\"og:description\" content=\"O ministro da Sa\u00fade disse que a dose 3\u00aa da vacina vai avan\u00e7ar depois de o Brasil consolidar a aplica\u00e7\u00e3o da 2\u00aa dose. Clique aqui e saiba mais\" \/>\n<meta property=\"og:url\" content=\"https:\/\/www.suno.com.br\/noticias\/terceira-dose-da-vacina-ministro-saude\/\" \/>\n<meta property=\"og:site_name\" content=\"Suno Not\u00edcias\" \/>\n<meta property=\"article:publisher\" content=\"https:\/\/facebook.com\/sunoresearch\" \/>\n<meta property=\"og:image\" content=\"https:\/\/files.sunoresearch.com.br\/n\/uploads\/2021\/04\/2fe2e6f6-vaccine-6158184_1280.jpg\" \/>\n\t<meta property=\"og:image:width\" content=\"1280\" \/>\n\t<meta property=\"og:image:height\" content=\"914\" \/>\n\t<meta property=\"og:image:type\" content=\"image\/jpeg\" \/>\n<meta name=\"author\" content=\"Poliana Santos\" \/>\n<meta name=\"twitter:card\" content=\"summary_large_image\" \/>\n<meta name=\"twitter:creator\" content=\"@sunoresearch\" \/>\n<meta name=\"twitter:site\" content=\"@sunoresearch\" \/>\n<meta name=\"twitter:label1\" content=\"Escrito por\" \/>\n\t<meta name=\"twitter:data1\" content=\"Poliana Santos\" \/>\n\t<meta name=\"twitter:label2\" content=\"Est. tempo de leitura\" \/>\n\t<meta name=\"twitter:data2\" content=\"2 minutos\" \/>\n<script type=\"application\/ld+json\" class=\"yoast-schema-graph\">{\"@context\":\"https:\/\/schema.org\",\"@graph\":[{\"@type\":\"NewsArticle\",\"@id\":\"https:\/\/www.suno.com.br\/noticias\/terceira-dose-da-vacina-ministro-saude\/#article\",\"isPartOf\":{\"@id\":\"https:\/\/www.suno.com.br\/noticias\/terceira-dose-da-vacina-ministro-saude\/\"},\"author\":{\"name\":\"Poliana Santos\",\"@id\":\"https:\/\/www.suno.com.br\/noticias\/#\/schema\/person\/02ec1f752758247878a2bf4abee1aeda\"},\"headline\":\"Terceira dose da vacina ser\u00e1 aplicada s\u00f3 depois que a 2\u00aa avan\u00e7ar, diz ministro da Sa\u00fade\",\"datePublished\":\"2021-08-24T18:49:59+00:00\",\"mainEntityOfPage\":{\"@id\":\"https:\/\/www.suno.com.br\/noticias\/terceira-dose-da-vacina-ministro-saude\/\"},\"wordCount\":488,\"publisher\":{\"@id\":\"https:\/\/www.suno.com.br\/noticias\/#organization\"},\"image\":{\"@id\":\"https:\/\/www.suno.com.br\/noticias\/terceira-dose-da-vacina-ministro-saude\/#primaryimage\"},\"thumbnailUrl\":\"https:\/\/files.sunoresearch.com.br\/n\/uploads\/2021\/04\/2fe2e6f6-vaccine-6158184_1280-jpg.webp\",\"keywords\":[\"Minist\u00e9rio da Sa\u00fade\",\"vacina\"],\"articleSection\":[\"Neg\u00f3cios\"],\"inLanguage\":\"pt-BR\"},{\"@type\":\"WebPage\",\"@id\":\"https:\/\/www.suno.com.br\/noticias\/terceira-dose-da-vacina-ministro-saude\/\",\"url\":\"https:\/\/www.suno.com.br\/noticias\/terceira-dose-da-vacina-ministro-saude\/\",\"name\":\"Terceira dose da vacina ser\u00e1 aplicada depois da 2\u00aa avan\u00e7ar, diz ministro\",\"isPartOf\":{\"@id\":\"https:\/\/www.suno.com.br\/noticias\/#website\"},\"primaryImageOfPage\":{\"@id\":\"https:\/\/www.suno.com.br\/noticias\/terceira-dose-da-vacina-ministro-saude\/#primaryimage\"},\"image\":{\"@id\":\"https:\/\/www.suno.com.br\/noticias\/terceira-dose-da-vacina-ministro-saude\/#primaryimage\"},\"thumbnailUrl\":\"https:\/\/files.sunoresearch.com.br\/n\/uploads\/2021\/04\/2fe2e6f6-vaccine-6158184_1280-jpg.webp\",\"datePublished\":\"2021-08-24T18:49:59+00:00\",\"description\":\"O ministro da Sa\u00fade disse que a dose 3\u00aa da vacina vai avan\u00e7ar depois de o Brasil consolidar a aplica\u00e7\u00e3o da 2\u00aa dose. Clique aqui e saiba mais\",\"breadcrumb\":{\"@id\":\"https:\/\/www.suno.com.br\/noticias\/terceira-dose-da-vacina-ministro-saude\/#breadcrumb\"},\"inLanguage\":\"pt-BR\",\"potentialAction\":[{\"@type\":\"ReadAction\",\"target\":[\"https:\/\/www.suno.com.br\/noticias\/terceira-dose-da-vacina-ministro-saude\/\"]}]},{\"@type\":\"ImageObject\",\"inLanguage\":\"pt-BR\",\"@id\":\"https:\/\/www.suno.com.br\/noticias\/terceira-dose-da-vacina-ministro-saude\/#primaryimage\",\"url\":\"https:\/\/files.sunoresearch.com.br\/n\/uploads\/2021\/04\/2fe2e6f6-vaccine-6158184_1280-jpg.webp\",\"contentUrl\":\"https:\/\/files.sunoresearch.com.br\/n\/uploads\/2021\/04\/2fe2e6f6-vaccine-6158184_1280-jpg.webp\",\"width\":1280,\"height\":914,\"caption\":\"Vacina. Foto: Pixabay\"},{\"@type\":\"BreadcrumbList\",\"@id\":\"https:\/\/www.suno.com.br\/noticias\/terceira-dose-da-vacina-ministro-saude\/#breadcrumb\",\"itemListElement\":[{\"@type\":\"ListItem\",\"position\":1,\"name\":\"Not\u00edcias\",\"item\":\"https:\/\/www.suno.com.br\/noticias\/\"},{\"@type\":\"ListItem\",\"position\":2,\"name\":\"Neg\u00f3cios\",\"item\":\"https:\/\/www.suno.com.br\/noticias\/negocios\/\"},{\"@type\":\"ListItem\",\"position\":3,\"name\":\"Terceira dose da vacina ser\u00e1 aplicada s\u00f3 depois que a 2\u00aa avan\u00e7ar, diz ministro da Sa\u00fade\"}]},{\"@type\":\"WebSite\",\"@id\":\"https:\/\/www.suno.com.br\/noticias\/#website\",\"url\":\"https:\/\/www.suno.com.br\/noticias\/\",\"name\":\"Suno Not\u00edcias\",\"description\":\"Seu portal de informa\u00e7\u00e3o sobre o mundo dos investimentos\",\"publisher\":{\"@id\":\"https:\/\/www.suno.com.br\/noticias\/#organization\"},\"potentialAction\":[{\"@type\":\"SearchAction\",\"target\":{\"@type\":\"EntryPoint\",\"urlTemplate\":\"https:\/\/www.suno.com.br\/noticias\/?s={search_term_string}\"},\"query-input\":{\"@type\":\"PropertyValueSpecification\",\"valueRequired\":true,\"valueName\":\"search_term_string\"}}],\"inLanguage\":\"pt-BR\"},{\"@type\":\"Organization\",\"@id\":\"https:\/\/www.suno.com.br\/noticias\/#organization\",\"name\":\"Suno Not\u00edcias\",\"url\":\"https:\/\/www.suno.com.br\/noticias\/\",\"logo\":{\"@type\":\"ImageObject\",\"inLanguage\":\"pt-BR\",\"@id\":\"https:\/\/www.suno.com.br\/noticias\/#\/schema\/logo\/image\/\",\"url\":\"https:\/\/files.sunoresearch.com.br\/n\/uploads\/2021\/09\/suno-logo.png\",\"contentUrl\":\"https:\/\/files.sunoresearch.com.br\/n\/uploads\/2021\/09\/suno-logo.png\",\"width\":180,\"height\":180,\"caption\":\"Suno Not\u00edcias\"},\"image\":{\"@id\":\"https:\/\/www.suno.com.br\/noticias\/#\/schema\/logo\/image\/\"},\"sameAs\":[\"https:\/\/facebook.com\/sunoresearch\",\"https:\/\/x.com\/sunoresearch\",\"https:\/\/www.instagram.com\/suno\",\"https:\/\/www.linkedin.com\/company\/suno-research\/\",\"https:\/\/www.youtube.com\/c\/sunoresearch\"]},{\"@type\":\"Person\",\"@id\":\"https:\/\/www.suno.com.br\/noticias\/#\/schema\/person\/02ec1f752758247878a2bf4abee1aeda\",\"name\":\"Poliana Santos\",\"image\":{\"@type\":\"ImageObject\",\"inLanguage\":\"pt-BR\",\"@id\":\"https:\/\/www.suno.com.br\/noticias\/#\/schema\/person\/image\/\",\"url\":\"https:\/\/secure.gravatar.com\/avatar\/0645bd32f23d87b2130f2b2dff1d3f8d?s=96&r=g\",\"contentUrl\":\"https:\/\/secure.gravatar.com\/avatar\/0645bd32f23d87b2130f2b2dff1d3f8d?s=96&r=g\",\"caption\":\"Poliana Santos\"},\"description\":\"Rep\u00f3rter no Suno Not\u00edcias, com cobertura em mercado financeiro, economia, finan\u00e7as pessoais, renda fixa e varejo. Jornalista formada pela Faculdade C\u00e1sper L\u00edbero e possui passagem na R\u00e1dio Gazeta AM com a produ\u00e7\u00e3o de conte\u00fado sobre economia, pol\u00edtica, sa\u00fade, moda e m\u00fasica. Possui certificado de conclus\u00e3o do curso de An\u00e1lise de Balan\u00e7os pela Funda\u00e7\u00e3o Bradesco, Agenda Brasil pela FAAP, Educa\u00e7\u00e3o Pol\u00edtica por Alexandre Garcia e do Tesouro Direto e Mercado de A\u00e7\u00f5es pela B3.\",\"url\":\"https:\/\/www.suno.com.br\/noticias\/author\/poliana-santos\/\"}]}<\/script>\n<!-- \/ Yoast SEO plugin. -->","yoast_head_json":{"title":"Terceira dose da vacina ser\u00e1 aplicada depois da 2\u00aa avan\u00e7ar, diz ministro","description":"O ministro da Sa\u00fade disse que a dose 3\u00aa da vacina vai avan\u00e7ar depois de o Brasil consolidar a aplica\u00e7\u00e3o da 2\u00aa dose. Clique aqui e saiba mais","robots":{"index":"index","follow":"follow","max-snippet":"max-snippet:-1","max-image-preview":"max-image-preview:large","max-video-preview":"max-video-preview:-1"},"canonical":"https:\/\/www.suno.com.br\/noticias\/terceira-dose-da-vacina-ministro-saude\/","og_locale":"pt_BR","og_type":"article","og_title":"Terceira dose da vacina ser\u00e1 aplicada depois da 2\u00aa avan\u00e7ar, diz ministro","og_description":"O ministro da Sa\u00fade disse que a dose 3\u00aa da vacina vai avan\u00e7ar depois de o Brasil consolidar a aplica\u00e7\u00e3o da 2\u00aa dose. Clique aqui e saiba mais","og_url":"https:\/\/www.suno.com.br\/noticias\/terceira-dose-da-vacina-ministro-saude\/","og_site_name":"Suno Not\u00edcias","article_publisher":"https:\/\/facebook.com\/sunoresearch","og_image":[{"width":1280,"height":914,"url":"https:\/\/files.sunoresearch.com.br\/n\/uploads\/2021\/04\/2fe2e6f6-vaccine-6158184_1280.jpg","type":"image\/jpeg"}],"author":"Poliana Santos","twitter_card":"summary_large_image","twitter_creator":"@sunoresearch","twitter_site":"@sunoresearch","twitter_misc":{"Escrito por":"Poliana Santos","Est. tempo de leitura":"2 minutos"},"schema":{"@context":"https:\/\/schema.org","@graph":[{"@type":"NewsArticle","@id":"https:\/\/www.suno.com.br\/noticias\/terceira-dose-da-vacina-ministro-saude\/#article","isPartOf":{"@id":"https:\/\/www.suno.com.br\/noticias\/terceira-dose-da-vacina-ministro-saude\/"},"author":{"name":"Poliana Santos","@id":"https:\/\/www.suno.com.br\/noticias\/#\/schema\/person\/02ec1f752758247878a2bf4abee1aeda"},"headline":"Terceira dose da vacina ser\u00e1 aplicada s\u00f3 depois que a 2\u00aa avan\u00e7ar, diz ministro da Sa\u00fade","datePublished":"2021-08-24T18:49:59+00:00","mainEntityOfPage":{"@id":"https:\/\/www.suno.com.br\/noticias\/terceira-dose-da-vacina-ministro-saude\/"},"wordCount":488,"publisher":{"@id":"https:\/\/www.suno.com.br\/noticias\/#organization"},"image":{"@id":"https:\/\/www.suno.com.br\/noticias\/terceira-dose-da-vacina-ministro-saude\/#primaryimage"},"thumbnailUrl":"https:\/\/files.sunoresearch.com.br\/n\/uploads\/2021\/04\/2fe2e6f6-vaccine-6158184_1280-jpg.webp","keywords":["Minist\u00e9rio da Sa\u00fade","vacina"],"articleSection":["Neg\u00f3cios"],"inLanguage":"pt-BR"},{"@type":"WebPage","@id":"https:\/\/www.suno.com.br\/noticias\/terceira-dose-da-vacina-ministro-saude\/","url":"https:\/\/www.suno.com.br\/noticias\/terceira-dose-da-vacina-ministro-saude\/","name":"Terceira dose da vacina ser\u00e1 aplicada depois da 2\u00aa avan\u00e7ar, diz ministro","isPartOf":{"@id":"https:\/\/www.suno.com.br\/noticias\/#website"},"primaryImageOfPage":{"@id":"https:\/\/www.suno.com.br\/noticias\/terceira-dose-da-vacina-ministro-saude\/#primaryimage"},"image":{"@id":"https:\/\/www.suno.com.br\/noticias\/terceira-dose-da-vacina-ministro-saude\/#primaryimage"},"thumbnailUrl":"https:\/\/files.sunoresearch.com.br\/n\/uploads\/2021\/04\/2fe2e6f6-vaccine-6158184_1280-jpg.webp","datePublished":"2021-08-24T18:49:59+00:00","description":"O ministro da Sa\u00fade disse que a dose 3\u00aa da vacina vai avan\u00e7ar depois de o Brasil consolidar a aplica\u00e7\u00e3o da 2\u00aa dose. Clique aqui e saiba mais","breadcrumb":{"@id":"https:\/\/www.suno.com.br\/noticias\/terceira-dose-da-vacina-ministro-saude\/#breadcrumb"},"inLanguage":"pt-BR","potentialAction":[{"@type":"ReadAction","target":["https:\/\/www.suno.com.br\/noticias\/terceira-dose-da-vacina-ministro-saude\/"]}]},{"@type":"ImageObject","inLanguage":"pt-BR","@id":"https:\/\/www.suno.com.br\/noticias\/terceira-dose-da-vacina-ministro-saude\/#primaryimage","url":"https:\/\/files.sunoresearch.com.br\/n\/uploads\/2021\/04\/2fe2e6f6-vaccine-6158184_1280-jpg.webp","contentUrl":"https:\/\/files.sunoresearch.com.br\/n\/uploads\/2021\/04\/2fe2e6f6-vaccine-6158184_1280-jpg.webp","width":1280,"height":914,"caption":"Vacina. Foto: Pixabay"},{"@type":"BreadcrumbList","@id":"https:\/\/www.suno.com.br\/noticias\/terceira-dose-da-vacina-ministro-saude\/#breadcrumb","itemListElement":[{"@type":"ListItem","position":1,"name":"Not\u00edcias","item":"https:\/\/www.suno.com.br\/noticias\/"},{"@type":"ListItem","position":2,"name":"Neg\u00f3cios","item":"https:\/\/www.suno.com.br\/noticias\/negocios\/"},{"@type":"ListItem","position":3,"name":"Terceira dose da vacina ser\u00e1 aplicada s\u00f3 depois que a 2\u00aa avan\u00e7ar, diz ministro da Sa\u00fade"}]},{"@type":"WebSite","@id":"https:\/\/www.suno.com.br\/noticias\/#website","url":"https:\/\/www.suno.com.br\/noticias\/","name":"Suno Not\u00edcias","description":"Seu portal de informa\u00e7\u00e3o sobre o mundo dos investimentos","publisher":{"@id":"https:\/\/www.suno.com.br\/noticias\/#organization"},"potentialAction":[{"@type":"SearchAction","target":{"@type":"EntryPoint","urlTemplate":"https:\/\/www.suno.com.br\/noticias\/?s={search_term_string}"},"query-input":{"@type":"PropertyValueSpecification","valueRequired":true,"valueName":"search_term_string"}}],"inLanguage":"pt-BR"},{"@type":"Organization","@id":"https:\/\/www.suno.com.br\/noticias\/#organization","name":"Suno Not\u00edcias","url":"https:\/\/www.suno.com.br\/noticias\/","logo":{"@type":"ImageObject","inLanguage":"pt-BR","@id":"https:\/\/www.suno.com.br\/noticias\/#\/schema\/logo\/image\/","url":"https:\/\/files.sunoresearch.com.br\/n\/uploads\/2021\/09\/suno-logo.png","contentUrl":"https:\/\/files.sunoresearch.com.br\/n\/uploads\/2021\/09\/suno-logo.png","width":180,"height":180,"caption":"Suno Not\u00edcias"},"image":{"@id":"https:\/\/www.suno.com.br\/noticias\/#\/schema\/logo\/image\/"},"sameAs":["https:\/\/facebook.com\/sunoresearch","https:\/\/x.com\/sunoresearch","https:\/\/www.instagram.com\/suno","https:\/\/www.linkedin.com\/company\/suno-research\/","https:\/\/www.youtube.com\/c\/sunoresearch"]},{"@type":"Person","@id":"https:\/\/www.suno.com.br\/noticias\/#\/schema\/person\/02ec1f752758247878a2bf4abee1aeda","name":"Poliana Santos","image":{"@type":"ImageObject","inLanguage":"pt-BR","@id":"https:\/\/www.suno.com.br\/noticias\/#\/schema\/person\/image\/","url":"https:\/\/secure.gravatar.com\/avatar\/0645bd32f23d87b2130f2b2dff1d3f8d?s=96&r=g","contentUrl":"https:\/\/secure.gravatar.com\/avatar\/0645bd32f23d87b2130f2b2dff1d3f8d?s=96&r=g","caption":"Poliana Santos"},"description":"Rep\u00f3rter no Suno Not\u00edcias, com cobertura em mercado financeiro, economia, finan\u00e7as pessoais, renda fixa e varejo. Jornalista formada pela Faculdade C\u00e1sper L\u00edbero e possui passagem na R\u00e1dio Gazeta AM com a produ\u00e7\u00e3o de conte\u00fado sobre economia, pol\u00edtica, sa\u00fade, moda e m\u00fasica. Possui certificado de conclus\u00e3o do curso de An\u00e1lise de Balan\u00e7os pela Funda\u00e7\u00e3o Bradesco, Agenda Brasil pela FAAP, Educa\u00e7\u00e3o Pol\u00edtica por Alexandre Garcia e do Tesouro Direto e Mercado de A\u00e7\u00f5es pela B3.","url":"https:\/\/www.suno.com.br\/noticias\/author\/poliana-santos\/"}]}},"default_loop_html":"<div class=\"cardsPage__listCard__boxs\"><div class=\"cardsPage__listCard__boxs__img\"><a href=\"https:\/\/www.suno.com.br\/noticias\/terceira-dose-da-vacina-ministro-saude\/\"><img class=\"mask\" src=\"https:\/\/www.suno.com.br\/noticias\/wp-content\/themes\/suno\/resources\/images\/spotlight\/spotlight1img\/bg-mask.png\" alt=\"Image Mask\"\/><img src=\"https:\/\/files.sunoresearch.com.br\/n\/uploads\/2021\/04\/2fe2e6f6-vaccine-6158184_1280-400x200.webp\" alt=\"Terceira dose da vacina ser\u00e1 aplicada s\u00f3 depois que a 2\u00aa avan\u00e7ar, diz ministro da Sa\u00fade\"\/><\/a><span class=\"spotlightCategory\"><a href=\"https:\/\/www.suno.com.br\/noticias\/negocios\/\">Neg\u00f3cios<\/a><\/span><\/div><div class=\"cardsPage__listCard__boxs__content\"><a href=\"https:\/\/www.suno.com.br\/noticias\/terceira-dose-da-vacina-ministro-saude\/\"><h2 class=\"content__title\">Terceira dose da vacina ser\u00e1 aplicada s\u00f3 depois que a 2\u00aa avan\u00e7ar, diz ministro da Sa\u00fade<\/h2><\/a><div class=\"newsContent__article__meta\"><div class=\"newsContent__article__meta__authorBox\"><a href=\"https:\/\/www.suno.com.br\/noticias\/author\/poliana-santos\/\" class=\"authorBox__avatar noMobi\"><img src=\"https:\/\/files.sunoresearch.com.br\/n\/uploads\/2020\/08\/7ef34026-whatsapp-image-2020-08-03-at-12.37.57-150x150.webp\" alt=\"Poliana Santos\"><\/a><div class=\"authorBox__name\"><span>por\n\t\t\t<a href=\"https:\/\/www.suno.com.br\/noticias\/author\/poliana-santos\/\"><span itemprop=\"author\">Poliana Santos<\/span><\/a><\/span><time datetime=\"2021-08-24T15:49:59-03:00\" itemprop=\"datePublished\">24\/08\/2021 15:49<\/time><\/div><\/div><\/div><\/div><\/div>","single_layout":"posts","amp_enabled":true,"_links":{"self":[{"href":"https:\/\/www.suno.com.br\/noticias\/wp-json\/wp\/v2\/posts\/177715"}],"collection":[{"href":"https:\/\/www.suno.com.br\/noticias\/wp-json\/wp\/v2\/posts"}],"about":[{"href":"https:\/\/www.suno.com.br\/noticias\/wp-json\/wp\/v2\/types\/post"}],"author":[{"embeddable":true,"href":"https:\/\/www.suno.com.br\/noticias\/wp-json\/wp\/v2\/users\/15"}],"replies":[{"embeddable":true,"href":"https:\/\/www.suno.com.br\/noticias\/wp-json\/wp\/v2\/comments?post=177715"}],"version-history":[{"count":3,"href":"https:\/\/www.suno.com.br\/noticias\/wp-json\/wp\/v2\/posts\/177715\/revisions"}],"predecessor-version":[{"id":177794,"href":"https:\/\/www.suno.com.br\/noticias\/wp-json\/wp\/v2\/posts\/177715\/revisions\/177794"}],"wp:featuredmedia":[{"embeddable":true,"href":"https:\/\/www.suno.com.br\/noticias\/wp-json\/wp\/v2\/media\/139165"}],"wp:attachment":[{"href":"https:\/\/www.suno.com.br\/noticias\/wp-json\/wp\/v2\/media?parent=177715"}],"wp:term":[{"taxonomy":"category","embeddable":true,"href":"https:\/\/www.suno.com.br\/noticias\/wp-json\/wp\/v2\/categories?post=177715"},{"taxonomy":"post_tag","embeddable":true,"href":"https:\/\/www.suno.com.br\/noticias\/wp-json\/wp\/v2\/tags?post=177715"},{"taxonomy":"suno_strategy","embeddable":true,"href":"https:\/\/www.suno.com.br\/noticias\/wp-json\/wp\/v2\/suno_strategy?post=177715"}],"curies":[{"name":"wp","href":"https:\/\/api.w.org\/{rel}","templated":true}]}}