{"id":177694,"date":"2021-08-24T14:29:10","date_gmt":"2021-08-24T17:29:10","guid":{"rendered":"https:\/\/www.suno.com.br\/noticias\/?p=177694"},"modified":"2021-08-24T14:29:10","modified_gmt":"2021-08-24T17:29:10","slug":"mesquita-itau-itub4-inflacao-2021-ipca","status":"publish","type":"post","link":"https:\/\/www.suno.com.br\/noticias\/mesquita-itau-itub4-inflacao-2021-ipca\/","title":{"rendered":"Mesquita, do Ita\u00fa (ITUB4), v\u00ea infla\u00e7\u00e3o de 6,9% em 2021 com cen\u00e1rio &#8220;problem\u00e1tico&#8221;"},"content":{"rendered":"<p>O <a class=\"suno-keyword\" href=\"https:\/\/www.suno.com.br\/acoes\/ITUB4\/\" target=\"_blank\" rel=\"noopener\" data-force=\"yes\" data-priority=\"2\">Ita\u00fa Unibanco (ITUB4)<\/a> projeta uma <strong>infla\u00e7\u00e3o<\/strong> de 6,9% no <a href=\"https:\/\/www.suno.com.br\/artigos\/ipca\/\">\u00cdndice Nacional de Pre\u00e7os ao Consumidor Amplo (IPCA)<\/a> em 2021. O progn\u00f3stico para 2022 \u00e9 de 3,9%, podendo ultrapassar os 9% em uma janela de 12 meses, segundo o economista-chefe do banco, Mario Mesquita, que considerada a situa\u00e7\u00e3o &#8220;problem\u00e1tica&#8221;.<\/p>\t<div class=\"wrapper-featured-image\">\n\t\t<figure class=\"spotlightImg\">\n\n\t\t\t<picture>\n\t\t\t\t<source media=\"(max-width: 768px)\" srcset=\"https:\/\/files.sunoresearch.com.br\/n\/uploads\/2021\/08\/fcacc50d-mesqit-400x200.png\">\n\t\t\t\t<img loading=\"lazy\" decoding=\"async\" class=\"newsContent__article__imgCapa lazyloadDisabled \" src=\"https:\/\/files.sunoresearch.com.br\/n\/uploads\/2021\/08\/fcacc50d-mesqit-800x450.png\" width=\"800\" height=\"450\" alt=\"Mesquita, do Ita\u00fa (ITUB4), v\u00ea infla\u00e7\u00e3o de 6,9% em 2021 com cen\u00e1rio &#8220;problem\u00e1tico&#8221;\" fetchpriority=high \/>\n\t\t\t<\/picture>\n\n\t\t\t<figcaption class=\"wp-caption-text wp-caption-text--show\">M\u00e1rio Mesquita, do Ita\u00fa, ressalta que apesar da infla\u00e7\u00e3o, dados do \u00edndice da institui\u00e7\u00e3o apontam emprego em vias de recupera\u00e7\u00e3o - Foto: Reprodu\u00e7\u00e3o\/YouTube\/Ita\u00fa Unibanco<\/figcaption>\n\t\t<\/figure>\n\t<\/div>\n\n\n\t<p>\n\t\t<a href=\"https:\/\/lp.suno.com.br\/planilha-controle-gastos\/\" target=\"_blank\" data-element=\"shortcode-suno-banner\" title=\"Banner SUNO, clique e saiba mais\">\n\t\t\t<picture>\n\t\t\t\t<source media=\"(max-width: 500px)\" srcset=\"https:\/\/files.sunoresearch.com.br\/n\/uploads\/2023\/03\/400x300-Planilha-controle-de-gastos.png\">\n\t\t\t\t<img class=\"newsContent__article__imgCapa newsContent__article__imgCapa--banner\"\n\t\t\t\t\tsrc=\"https:\/\/files.sunoresearch.com.br\/n\/uploads\/2023\/03\/1420x240-Planilha-controle-de-gastos.png\"\n\t\t\t\t\tdata-promo-id=\"101751\"\t\t\t\t\t\t\t\t\t\twidth='1420' height='240'\t\t\t\t\talt=\"https:\/\/files.sunoresearch.com.br\/n\/uploads\/2023\/03\/1420x240-Planilha-controle-de-gastos.png\"\n\t\t\t\t>\n\t\t\t<\/picture>\n\t\t<\/a>\n\t<\/p>\n\n\n<p>&#8220;At\u00e9 achamos que o \u00edndice cai no fim do ano, mas para quase 7%, ainda um patamar bastante elevado e bem superior \u00e0 meta perseguida pelo <strong>Banco Central<\/strong>&#8220;, disse <strong>Mesquita<\/strong>, que participou na manh\u00e3 desta ter\u00e7a-feira (24) de entrevista coletiva de apresenta\u00e7\u00e3o do 3\u00ba relat\u00f3rio de An\u00e1lise de Comportamento de Consumo, referente ao segundo trimestre do ano.<\/p>\n<p>O economista refor\u00e7ou que a <a class=\"suno-keyword\" href=\"https:\/\/www.suno.com.br\/artigos\/politica-monetaria\/\" target=\"_blank\" rel=\"noopener\" data-force=\"no\" data-priority=\"1\">pol\u00edtica monet\u00e1ria<\/a> de eleva\u00e7\u00e3o de juros tem o objetivo de ancorar as expectativas para o <strong>IPCA<\/strong> do ano que vem e evitar que a infla\u00e7\u00e3o alta do <a class=\"suno-keyword\" href=\"https:\/\/www.suno.com.br\/artigos\/curto-prazo\/\" target=\"_blank\" rel=\"noopener\" data-force=\"no\" data-priority=\"1\">curto prazo<\/a> se propague para o futuro. O <strong>Ita\u00fa<\/strong> projeta a taxa <strong>Selic<\/strong> a 7,5% no fim de 2021.<\/p>\n\t<div data-element=\"shortcode-read-more\" class=\"knowMore\">\n\t\t\t\t<span class=\"knowMore__title\">Leia mais<\/span>\n\t\t\t\t<a class=\"knowMore__link\" href=\"https:\/\/www.suno.com.br\/noticias\/guerra-etfs-btg-bpac11-itau-itub4-xp\/\">\n\t\t\tGuerra dos ETFs: Ita\u00fa (ITUB4), BTG (BPAC11) e XP correm em busca das menores taxas e atrativos de peso\t\t<\/a>\n\t<\/div>\n\n\n<p>Mario Mesquita tamb\u00e9m disse que o risco de racionamento de energia el\u00e9trica \u00e9 &#8220;uma preocupa\u00e7\u00e3o permanente para a atividade econ\u00f4mica do Brasil, enquanto a variante delta da Covid-19 parece ser um risco menor. &#8221;<\/p>\n<p>A infla\u00e7\u00e3o est\u00e1 problem\u00e1tica, com gargalos na produ\u00e7\u00e3o de automotivos e de eletroeletr\u00f4nicos, &#8220;e isso tamb\u00e9m \u00e9 afetado pela quest\u00e3o da energia&#8221; afirmou Mesquita, na coletiva.<\/p>\n\t<p>\n\t\t<a href=\"https:\/\/lp.suno.com.br\/planilha-da-vida-financeira\/\" target=\"_blank\" data-element=\"shortcode-suno-banner\" title=\"Banner SUNO, clique e saiba mais\">\n\t\t\t<picture>\n\t\t\t\t<source media=\"(max-width: 500px)\" srcset=\"https:\/\/files.sunoresearch.com.br\/n\/uploads\/2023\/04\/400x300-Planilha-vida-financeira-true.png\">\n\t\t\t\t<img class=\"newsContent__article__imgCapa newsContent__article__imgCapa--banner\"\n\t\t\t\t\tsrc=\"https:\/\/files.sunoresearch.com.br\/n\/uploads\/2023\/04\/1420x240-Planilha-vida-financeira-true.png\"\n\t\t\t\t\tdata-promo-id=\"106682\"\t\t\t\t\t\t\t\t\t\twidth='1420' height='240'\t\t\t\t\talt=\"https:\/\/files.sunoresearch.com.br\/n\/uploads\/2023\/04\/1420x240-Planilha-vida-financeira-true.png\"\n\t\t\t\t>\n\t\t\t<\/picture>\n\t\t<\/a>\n\t<\/p>\n\n\n<p>Para o economista, a variante delta da covid-19 ainda n\u00e3o prejudicou a atividade econ\u00f4mica no Pa\u00eds de forma significativa, apesar de uma piora localizada dos n\u00fameros no Rio de Janeiro.<\/p>\n<h2>Um olho na infla\u00e7\u00e3o, outro no emprego<\/h2>\n<p>&#8220;Se olhar para a atividade econ\u00f4mica, fica claro que j\u00e1 superamos o patamar pr\u00e9-pandemia&#8221;, disse Mesquita, com base em dados do Indicador Di\u00e1rio de Atividade Econ\u00f4mica (Idat) do Ita\u00fa. O <strong>banco<\/strong> projeta crescimento de 5,7% no <a href=\"https:\/\/www.suno.com.br\/artigos\/pib\">Produto Interno Bruto (<strong>PIB<\/strong>)<\/a> em 2021 e de 1,5% em 2022.<\/p>\n<p>O economista-chefe do Ita\u00fa Unibanco afirmou <a href=\"https:\/\/www.suno.com.br\/artigos\/desemprego\">ainda que o emprego formal no Pa\u00eds<\/a> est\u00e1 em trajet\u00f3ria de recupera\u00e7\u00e3o, com base em dados do Idat do banco.<\/p>\n\t<p>\n\t\t<a href=\"https:\/\/lp.suno.com.br\/ebook-como-analisar-uma-acao\/\" target=\"_blank\" data-element=\"shortcode-suno-banner\" title=\"Banner SUNO, clique e saiba mais\">\n\t\t\t<picture>\n\t\t\t\t<source media=\"(max-width: 500px)\" srcset=\"https:\/\/files.sunoresearch.com.br\/n\/uploads\/2023\/03\/Ebook-Acoes-Mobile-1.jpg\">\n\t\t\t\t<img class=\"newsContent__article__imgCapa newsContent__article__imgCapa--banner\"\n\t\t\t\t\tsrc=\"https:\/\/files.sunoresearch.com.br\/n\/uploads\/2023\/03\/Ebook-Acoes-Desktop-1.jpg\"\n\t\t\t\t\tdata-promo-id=\"171998\"\t\t\t\t\t\t\t\t\t\twidth='1420' height='286'\t\t\t\t\talt=\"https:\/\/files.sunoresearch.com.br\/n\/uploads\/2023\/03\/Ebook-Acoes-Desktop-1.jpg\"\n\t\t\t\t>\n\t\t\t<\/picture>\n\t\t<\/a>\n\t<\/p>\n\n\n<p>&#8220;O quadro \u00e9 que o emprego formal voltou. O desemprego \u00e9 do setor informal, e isso sugere que o Brasil vai sair dessa pandemia mais desigual que entrou, com recupera\u00e7\u00e3o mais forte nos setores mais formais e modernos e mais fraca nos outros&#8221;, disse Mesquita.<\/p>\n<h2>Focus, do BC, elevou infla\u00e7\u00e3o pela 20\u00aa semana consecutiva<\/h2>\n<p>No <a class=\"suno-keyword\" href=\"https:\/\/www.suno.com.br\/artigos\/boletim-focus\/\" target=\"_blank\" rel=\"noopener\" data-force=\"no\" data-priority=\"2\">Boletim Focus<\/a> (documento do Banco Central) mais recente, a autoridade monet\u00e1ria projetou 7,11% de infla\u00e7\u00e3o para o ano de 2021, na vig\u00e9sima alta consecutiva.<\/p>\n<p>A proje\u00e7\u00e3o dos economistas para a <strong>infla\u00e7\u00e3o<\/strong> j\u00e1 est\u00e1 acima do centro da meta de 2021, de 3,75%, com a margem de toler\u00e2ncia de 1,5 ponto (de 2,25% a 5,25%).<\/p>\n<p><em>Com informa\u00e7\u00f5es do Estad\u00e3o Conte\u00fado<\/em><\/p>\n\t<p>\n\t\t<a href=\"https:\/\/lp.suno.com.br\/planilha-de-controle-de-investimentos\/\" target=\"_blank\" data-element=\"shortcode-suno-banner\" title=\"Banner SUNO, clique e saiba mais\">\n\t\t\t<picture>\n\t\t\t\t<source media=\"(max-width: 500px)\" srcset=\"https:\/\/files.sunoresearch.com.br\/n\/uploads\/2023\/03\/400x300-Controle-de-Investimentos.png\">\n\t\t\t\t<img class=\"newsContent__article__imgCapa newsContent__article__imgCapa--banner\"\n\t\t\t\t\tsrc=\"https:\/\/files.sunoresearch.com.br\/n\/uploads\/2023\/03\/1420x240-Controle-de-Investimentos.png\"\n\t\t\t\t\tdata-promo-id=\"75934\"\t\t\t\t\t\t\t\t\t\twidth='1420' height='240'\t\t\t\t\talt=\"https:\/\/files.sunoresearch.com.br\/n\/uploads\/2023\/03\/1420x240-Controle-de-Investimentos.png\"\n\t\t\t\t>\n\t\t\t<\/picture>\n\t\t<\/a>\n\t<\/p>\n\n\n","protected":false},"excerpt":{"rendered":"<p>O Ita\u00fa Unibanco (ITUB4) projeta uma infla\u00e7\u00e3o de 6,9% no \u00cdndice Nacional de Pre\u00e7os ao Consumidor Amplo (IPCA) em 2021. O progn\u00f3stico para 2022 \u00e9 de 3,9%, podendo ultrapassar os 9% em uma janela de 12 meses, segundo o economista-chefe do banco, Mario Mesquita, que considerada a situa\u00e7\u00e3o &#8220;problem\u00e1tica&#8221;. M\u00e1rio Mesquita, do Ita\u00fa, ressalta que [&hellip;]<\/p>\n","protected":false},"author":73,"featured_media":177732,"comment_status":"closed","ping_status":"closed","sticky":false,"template":"","format":"standard","meta":[],"categories":[62],"tags":[106444,850,966,519,2005,290],"suno_strategy":[],"class_list":["post-177694","post","type-post","status-publish","format-standard","has-post-thumbnail","hentry","category-economia","tag-agencias","tag-inflacao","tag-ipca","tag-itau-unibanco-itub3-itub4","tag-mario-mesquita","tag-taxa-selic"],"yoast_head":"<!-- This site is optimized with the Yoast SEO plugin v24.4 - https:\/\/yoast.com\/wordpress\/plugins\/seo\/ -->\n<title>Mesquita, do Ita\u00fa (ITUB4), v\u00ea infla\u00e7\u00e3o de 6,9% em 2021<\/title>\n<meta name=\"description\" content=\"O economista-chefe do Ita\u00fa previu uma situa\u00e7\u00e3o problem\u00e1tica para infla\u00e7\u00e3o, com pico de 9% no anualizado. Clique aqui e leia mais.\" \/>\n<meta name=\"robots\" content=\"index, follow, max-snippet:-1, max-image-preview:large, max-video-preview:-1\" \/>\n<link rel=\"canonical\" href=\"https:\/\/www.suno.com.br\/noticias\/mesquita-itau-itub4-inflacao-2021-ipca\/\" \/>\n<meta property=\"og:locale\" content=\"pt_BR\" \/>\n<meta property=\"og:type\" content=\"article\" \/>\n<meta property=\"og:title\" content=\"Mesquita, do Ita\u00fa (ITUB4), v\u00ea infla\u00e7\u00e3o de 6,9% em 2021\" \/>\n<meta property=\"og:description\" content=\"O economista-chefe do Ita\u00fa previu uma situa\u00e7\u00e3o problem\u00e1tica para infla\u00e7\u00e3o, com pico de 9% no anualizado. Clique aqui e leia mais.\" \/>\n<meta property=\"og:url\" content=\"https:\/\/www.suno.com.br\/noticias\/mesquita-itau-itub4-inflacao-2021-ipca\/\" \/>\n<meta property=\"og:site_name\" content=\"Suno Not\u00edcias\" \/>\n<meta property=\"article:publisher\" content=\"https:\/\/facebook.com\/sunoresearch\" \/>\n<meta property=\"og:image\" content=\"https:\/\/files.sunoresearch.com.br\/n\/uploads\/2021\/08\/fcacc50d-mesqit.png\" \/>\n\t<meta property=\"og:image:width\" content=\"1356\" \/>\n\t<meta property=\"og:image:height\" content=\"740\" \/>\n\t<meta property=\"og:image:type\" content=\"image\/png\" \/>\n<meta name=\"author\" content=\"Eduardo Vargas\" \/>\n<meta name=\"twitter:card\" content=\"summary_large_image\" \/>\n<meta name=\"twitter:creator\" content=\"@sunoresearch\" \/>\n<meta name=\"twitter:site\" content=\"@sunoresearch\" \/>\n<meta name=\"twitter:label1\" content=\"Escrito por\" \/>\n\t<meta name=\"twitter:data1\" content=\"Eduardo Vargas\" \/>\n\t<meta name=\"twitter:label2\" content=\"Est. tempo de leitura\" \/>\n\t<meta name=\"twitter:data2\" content=\"2 minutos\" \/>\n<script type=\"application\/ld+json\" class=\"yoast-schema-graph\">{\"@context\":\"https:\/\/schema.org\",\"@graph\":[{\"@type\":\"NewsArticle\",\"@id\":\"https:\/\/www.suno.com.br\/noticias\/mesquita-itau-itub4-inflacao-2021-ipca\/#article\",\"isPartOf\":{\"@id\":\"https:\/\/www.suno.com.br\/noticias\/mesquita-itau-itub4-inflacao-2021-ipca\/\"},\"author\":{\"name\":\"Eduardo Vargas\",\"@id\":\"https:\/\/www.suno.com.br\/noticias\/#\/schema\/person\/7f4d362bf3518e76090143ae77bb49a5\"},\"headline\":\"Mesquita, do Ita\u00fa (ITUB4), v\u00ea infla\u00e7\u00e3o de 6,9% em 2021 com cen\u00e1rio &#8220;problem\u00e1tico&#8221;\",\"datePublished\":\"2021-08-24T17:29:10+00:00\",\"mainEntityOfPage\":{\"@id\":\"https:\/\/www.suno.com.br\/noticias\/mesquita-itau-itub4-inflacao-2021-ipca\/\"},\"wordCount\":491,\"publisher\":{\"@id\":\"https:\/\/www.suno.com.br\/noticias\/#organization\"},\"image\":{\"@id\":\"https:\/\/www.suno.com.br\/noticias\/mesquita-itau-itub4-inflacao-2021-ipca\/#primaryimage\"},\"thumbnailUrl\":\"https:\/\/files.sunoresearch.com.br\/n\/uploads\/2021\/08\/fcacc50d-mesqit.png\",\"keywords\":[\"Ag\u00eancias\",\"infla\u00e7\u00e3o\",\"IPCA\",\"Ita\u00fa Unibanco (ITUB3\/ITUB4)\",\"M\u00e1rio Mesquita\",\"Taxa Selic\"],\"articleSection\":[\"Economia\"],\"inLanguage\":\"pt-BR\"},{\"@type\":\"WebPage\",\"@id\":\"https:\/\/www.suno.com.br\/noticias\/mesquita-itau-itub4-inflacao-2021-ipca\/\",\"url\":\"https:\/\/www.suno.com.br\/noticias\/mesquita-itau-itub4-inflacao-2021-ipca\/\",\"name\":\"Mesquita, do Ita\u00fa (ITUB4), v\u00ea infla\u00e7\u00e3o de 6,9% em 2021\",\"isPartOf\":{\"@id\":\"https:\/\/www.suno.com.br\/noticias\/#website\"},\"primaryImageOfPage\":{\"@id\":\"https:\/\/www.suno.com.br\/noticias\/mesquita-itau-itub4-inflacao-2021-ipca\/#primaryimage\"},\"image\":{\"@id\":\"https:\/\/www.suno.com.br\/noticias\/mesquita-itau-itub4-inflacao-2021-ipca\/#primaryimage\"},\"thumbnailUrl\":\"https:\/\/files.sunoresearch.com.br\/n\/uploads\/2021\/08\/fcacc50d-mesqit.png\",\"datePublished\":\"2021-08-24T17:29:10+00:00\",\"description\":\"O economista-chefe do Ita\u00fa previu uma situa\u00e7\u00e3o problem\u00e1tica para infla\u00e7\u00e3o, com pico de 9% no anualizado. Clique aqui e leia mais.\",\"breadcrumb\":{\"@id\":\"https:\/\/www.suno.com.br\/noticias\/mesquita-itau-itub4-inflacao-2021-ipca\/#breadcrumb\"},\"inLanguage\":\"pt-BR\",\"potentialAction\":[{\"@type\":\"ReadAction\",\"target\":[\"https:\/\/www.suno.com.br\/noticias\/mesquita-itau-itub4-inflacao-2021-ipca\/\"]}]},{\"@type\":\"ImageObject\",\"inLanguage\":\"pt-BR\",\"@id\":\"https:\/\/www.suno.com.br\/noticias\/mesquita-itau-itub4-inflacao-2021-ipca\/#primaryimage\",\"url\":\"https:\/\/files.sunoresearch.com.br\/n\/uploads\/2021\/08\/fcacc50d-mesqit.png\",\"contentUrl\":\"https:\/\/files.sunoresearch.com.br\/n\/uploads\/2021\/08\/fcacc50d-mesqit.png\",\"width\":1356,\"height\":740,\"caption\":\"M\u00e1rio Mesquita, do Ita\u00fa, ressalta que apesar da infla\u00e7\u00e3o, dados do \u00edndice da institui\u00e7\u00e3o apontam emprego em vias de recupera\u00e7\u00e3o - Foto: Reprodu\u00e7\u00e3o\/YouTube\/Ita\u00fa Unibanco\"},{\"@type\":\"BreadcrumbList\",\"@id\":\"https:\/\/www.suno.com.br\/noticias\/mesquita-itau-itub4-inflacao-2021-ipca\/#breadcrumb\",\"itemListElement\":[{\"@type\":\"ListItem\",\"position\":1,\"name\":\"Not\u00edcias\",\"item\":\"https:\/\/www.suno.com.br\/noticias\/\"},{\"@type\":\"ListItem\",\"position\":2,\"name\":\"Economia\",\"item\":\"https:\/\/www.suno.com.br\/noticias\/economia\/\"},{\"@type\":\"ListItem\",\"position\":3,\"name\":\"Mesquita, do Ita\u00fa (ITUB4), v\u00ea infla\u00e7\u00e3o de 6,9% em 2021 com cen\u00e1rio &#8220;problem\u00e1tico&#8221;\"}]},{\"@type\":\"WebSite\",\"@id\":\"https:\/\/www.suno.com.br\/noticias\/#website\",\"url\":\"https:\/\/www.suno.com.br\/noticias\/\",\"name\":\"Suno Not\u00edcias\",\"description\":\"Seu portal de informa\u00e7\u00e3o sobre o mundo dos investimentos\",\"publisher\":{\"@id\":\"https:\/\/www.suno.com.br\/noticias\/#organization\"},\"potentialAction\":[{\"@type\":\"SearchAction\",\"target\":{\"@type\":\"EntryPoint\",\"urlTemplate\":\"https:\/\/www.suno.com.br\/noticias\/?s={search_term_string}\"},\"query-input\":{\"@type\":\"PropertyValueSpecification\",\"valueRequired\":true,\"valueName\":\"search_term_string\"}}],\"inLanguage\":\"pt-BR\"},{\"@type\":\"Organization\",\"@id\":\"https:\/\/www.suno.com.br\/noticias\/#organization\",\"name\":\"Suno Not\u00edcias\",\"url\":\"https:\/\/www.suno.com.br\/noticias\/\",\"logo\":{\"@type\":\"ImageObject\",\"inLanguage\":\"pt-BR\",\"@id\":\"https:\/\/www.suno.com.br\/noticias\/#\/schema\/logo\/image\/\",\"url\":\"https:\/\/files.sunoresearch.com.br\/n\/uploads\/2021\/09\/suno-logo.png\",\"contentUrl\":\"https:\/\/files.sunoresearch.com.br\/n\/uploads\/2021\/09\/suno-logo.png\",\"width\":180,\"height\":180,\"caption\":\"Suno Not\u00edcias\"},\"image\":{\"@id\":\"https:\/\/www.suno.com.br\/noticias\/#\/schema\/logo\/image\/\"},\"sameAs\":[\"https:\/\/facebook.com\/sunoresearch\",\"https:\/\/x.com\/sunoresearch\",\"https:\/\/www.instagram.com\/suno\",\"https:\/\/www.linkedin.com\/company\/suno-research\/\",\"https:\/\/www.youtube.com\/c\/sunoresearch\"]},{\"@type\":\"Person\",\"@id\":\"https:\/\/www.suno.com.br\/noticias\/#\/schema\/person\/7f4d362bf3518e76090143ae77bb49a5\",\"name\":\"Eduardo Vargas\",\"image\":{\"@type\":\"ImageObject\",\"inLanguage\":\"pt-BR\",\"@id\":\"https:\/\/www.suno.com.br\/noticias\/#\/schema\/person\/image\/\",\"url\":\"https:\/\/secure.gravatar.com\/avatar\/dac340933427a22924c9f99d1eb2e3f2?s=96&r=g\",\"contentUrl\":\"https:\/\/secure.gravatar.com\/avatar\/dac340933427a22924c9f99d1eb2e3f2?s=96&r=g\",\"caption\":\"Eduardo Vargas\"},\"description\":\"Jornalista formado pela UFSC, cobre macroeconomia, neg\u00f3cios e startups para o Suno Not\u00edcias, escrevendo principalmente not\u00edcias sobre o mercado financeiro e a bolsa de valores. No YouTube e no Instagram, \u00e9 respons\u00e1vel pela produ\u00e7\u00e3o de Reels e Shorts do Suno Not\u00edcias. Anteriormente, trabalhou cobrindo economia e cotidiano no ND+ e para o ND, maior jornal impresso de Santa Catarina. Cursou um semestre letivo de Estudos de M\u00eddia na Universidad de Buenos Aires.\",\"url\":\"https:\/\/www.suno.com.br\/noticias\/author\/eduardo-vargas\/\"}]}<\/script>\n<!-- \/ Yoast SEO plugin. -->","yoast_head_json":{"title":"Mesquita, do Ita\u00fa (ITUB4), v\u00ea infla\u00e7\u00e3o de 6,9% em 2021","description":"O economista-chefe do Ita\u00fa previu uma situa\u00e7\u00e3o problem\u00e1tica para infla\u00e7\u00e3o, com pico de 9% no anualizado. Clique aqui e leia mais.","robots":{"index":"index","follow":"follow","max-snippet":"max-snippet:-1","max-image-preview":"max-image-preview:large","max-video-preview":"max-video-preview:-1"},"canonical":"https:\/\/www.suno.com.br\/noticias\/mesquita-itau-itub4-inflacao-2021-ipca\/","og_locale":"pt_BR","og_type":"article","og_title":"Mesquita, do Ita\u00fa (ITUB4), v\u00ea infla\u00e7\u00e3o de 6,9% em 2021","og_description":"O economista-chefe do Ita\u00fa previu uma situa\u00e7\u00e3o problem\u00e1tica para infla\u00e7\u00e3o, com pico de 9% no anualizado. Clique aqui e leia mais.","og_url":"https:\/\/www.suno.com.br\/noticias\/mesquita-itau-itub4-inflacao-2021-ipca\/","og_site_name":"Suno Not\u00edcias","article_publisher":"https:\/\/facebook.com\/sunoresearch","og_image":[{"width":1356,"height":740,"url":"https:\/\/files.sunoresearch.com.br\/n\/uploads\/2021\/08\/fcacc50d-mesqit.png","type":"image\/png"}],"author":"Eduardo Vargas","twitter_card":"summary_large_image","twitter_creator":"@sunoresearch","twitter_site":"@sunoresearch","twitter_misc":{"Escrito por":"Eduardo Vargas","Est. tempo de leitura":"2 minutos"},"schema":{"@context":"https:\/\/schema.org","@graph":[{"@type":"NewsArticle","@id":"https:\/\/www.suno.com.br\/noticias\/mesquita-itau-itub4-inflacao-2021-ipca\/#article","isPartOf":{"@id":"https:\/\/www.suno.com.br\/noticias\/mesquita-itau-itub4-inflacao-2021-ipca\/"},"author":{"name":"Eduardo Vargas","@id":"https:\/\/www.suno.com.br\/noticias\/#\/schema\/person\/7f4d362bf3518e76090143ae77bb49a5"},"headline":"Mesquita, do Ita\u00fa (ITUB4), v\u00ea infla\u00e7\u00e3o de 6,9% em 2021 com cen\u00e1rio &#8220;problem\u00e1tico&#8221;","datePublished":"2021-08-24T17:29:10+00:00","mainEntityOfPage":{"@id":"https:\/\/www.suno.com.br\/noticias\/mesquita-itau-itub4-inflacao-2021-ipca\/"},"wordCount":491,"publisher":{"@id":"https:\/\/www.suno.com.br\/noticias\/#organization"},"image":{"@id":"https:\/\/www.suno.com.br\/noticias\/mesquita-itau-itub4-inflacao-2021-ipca\/#primaryimage"},"thumbnailUrl":"https:\/\/files.sunoresearch.com.br\/n\/uploads\/2021\/08\/fcacc50d-mesqit.png","keywords":["Ag\u00eancias","infla\u00e7\u00e3o","IPCA","Ita\u00fa Unibanco (ITUB3\/ITUB4)","M\u00e1rio Mesquita","Taxa Selic"],"articleSection":["Economia"],"inLanguage":"pt-BR"},{"@type":"WebPage","@id":"https:\/\/www.suno.com.br\/noticias\/mesquita-itau-itub4-inflacao-2021-ipca\/","url":"https:\/\/www.suno.com.br\/noticias\/mesquita-itau-itub4-inflacao-2021-ipca\/","name":"Mesquita, do Ita\u00fa (ITUB4), v\u00ea infla\u00e7\u00e3o de 6,9% em 2021","isPartOf":{"@id":"https:\/\/www.suno.com.br\/noticias\/#website"},"primaryImageOfPage":{"@id":"https:\/\/www.suno.com.br\/noticias\/mesquita-itau-itub4-inflacao-2021-ipca\/#primaryimage"},"image":{"@id":"https:\/\/www.suno.com.br\/noticias\/mesquita-itau-itub4-inflacao-2021-ipca\/#primaryimage"},"thumbnailUrl":"https:\/\/files.sunoresearch.com.br\/n\/uploads\/2021\/08\/fcacc50d-mesqit.png","datePublished":"2021-08-24T17:29:10+00:00","description":"O economista-chefe do Ita\u00fa previu uma situa\u00e7\u00e3o problem\u00e1tica para infla\u00e7\u00e3o, com pico de 9% no anualizado. Clique aqui e leia mais.","breadcrumb":{"@id":"https:\/\/www.suno.com.br\/noticias\/mesquita-itau-itub4-inflacao-2021-ipca\/#breadcrumb"},"inLanguage":"pt-BR","potentialAction":[{"@type":"ReadAction","target":["https:\/\/www.suno.com.br\/noticias\/mesquita-itau-itub4-inflacao-2021-ipca\/"]}]},{"@type":"ImageObject","inLanguage":"pt-BR","@id":"https:\/\/www.suno.com.br\/noticias\/mesquita-itau-itub4-inflacao-2021-ipca\/#primaryimage","url":"https:\/\/files.sunoresearch.com.br\/n\/uploads\/2021\/08\/fcacc50d-mesqit.png","contentUrl":"https:\/\/files.sunoresearch.com.br\/n\/uploads\/2021\/08\/fcacc50d-mesqit.png","width":1356,"height":740,"caption":"M\u00e1rio Mesquita, do Ita\u00fa, ressalta que apesar da infla\u00e7\u00e3o, dados do \u00edndice da institui\u00e7\u00e3o apontam emprego em vias de recupera\u00e7\u00e3o - Foto: Reprodu\u00e7\u00e3o\/YouTube\/Ita\u00fa Unibanco"},{"@type":"BreadcrumbList","@id":"https:\/\/www.suno.com.br\/noticias\/mesquita-itau-itub4-inflacao-2021-ipca\/#breadcrumb","itemListElement":[{"@type":"ListItem","position":1,"name":"Not\u00edcias","item":"https:\/\/www.suno.com.br\/noticias\/"},{"@type":"ListItem","position":2,"name":"Economia","item":"https:\/\/www.suno.com.br\/noticias\/economia\/"},{"@type":"ListItem","position":3,"name":"Mesquita, do Ita\u00fa (ITUB4), v\u00ea infla\u00e7\u00e3o de 6,9% em 2021 com cen\u00e1rio &#8220;problem\u00e1tico&#8221;"}]},{"@type":"WebSite","@id":"https:\/\/www.suno.com.br\/noticias\/#website","url":"https:\/\/www.suno.com.br\/noticias\/","name":"Suno Not\u00edcias","description":"Seu portal de informa\u00e7\u00e3o sobre o mundo dos investimentos","publisher":{"@id":"https:\/\/www.suno.com.br\/noticias\/#organization"},"potentialAction":[{"@type":"SearchAction","target":{"@type":"EntryPoint","urlTemplate":"https:\/\/www.suno.com.br\/noticias\/?s={search_term_string}"},"query-input":{"@type":"PropertyValueSpecification","valueRequired":true,"valueName":"search_term_string"}}],"inLanguage":"pt-BR"},{"@type":"Organization","@id":"https:\/\/www.suno.com.br\/noticias\/#organization","name":"Suno Not\u00edcias","url":"https:\/\/www.suno.com.br\/noticias\/","logo":{"@type":"ImageObject","inLanguage":"pt-BR","@id":"https:\/\/www.suno.com.br\/noticias\/#\/schema\/logo\/image\/","url":"https:\/\/files.sunoresearch.com.br\/n\/uploads\/2021\/09\/suno-logo.png","contentUrl":"https:\/\/files.sunoresearch.com.br\/n\/uploads\/2021\/09\/suno-logo.png","width":180,"height":180,"caption":"Suno Not\u00edcias"},"image":{"@id":"https:\/\/www.suno.com.br\/noticias\/#\/schema\/logo\/image\/"},"sameAs":["https:\/\/facebook.com\/sunoresearch","https:\/\/x.com\/sunoresearch","https:\/\/www.instagram.com\/suno","https:\/\/www.linkedin.com\/company\/suno-research\/","https:\/\/www.youtube.com\/c\/sunoresearch"]},{"@type":"Person","@id":"https:\/\/www.suno.com.br\/noticias\/#\/schema\/person\/7f4d362bf3518e76090143ae77bb49a5","name":"Eduardo Vargas","image":{"@type":"ImageObject","inLanguage":"pt-BR","@id":"https:\/\/www.suno.com.br\/noticias\/#\/schema\/person\/image\/","url":"https:\/\/secure.gravatar.com\/avatar\/dac340933427a22924c9f99d1eb2e3f2?s=96&r=g","contentUrl":"https:\/\/secure.gravatar.com\/avatar\/dac340933427a22924c9f99d1eb2e3f2?s=96&r=g","caption":"Eduardo Vargas"},"description":"Jornalista formado pela UFSC, cobre macroeconomia, neg\u00f3cios e startups para o Suno Not\u00edcias, escrevendo principalmente not\u00edcias sobre o mercado financeiro e a bolsa de valores. No YouTube e no Instagram, \u00e9 respons\u00e1vel pela produ\u00e7\u00e3o de Reels e Shorts do Suno Not\u00edcias. Anteriormente, trabalhou cobrindo economia e cotidiano no ND+ e para o ND, maior jornal impresso de Santa Catarina. Cursou um semestre letivo de Estudos de M\u00eddia na Universidad de Buenos Aires.","url":"https:\/\/www.suno.com.br\/noticias\/author\/eduardo-vargas\/"}]}},"default_loop_html":"<div class=\"cardsPage__listCard__boxs\"><div class=\"cardsPage__listCard__boxs__img\"><a href=\"https:\/\/www.suno.com.br\/noticias\/mesquita-itau-itub4-inflacao-2021-ipca\/\"><img class=\"mask\" src=\"https:\/\/www.suno.com.br\/noticias\/wp-content\/themes\/suno\/resources\/images\/spotlight\/spotlight1img\/bg-mask.png\" alt=\"Image Mask\"\/><img src=\"https:\/\/files.sunoresearch.com.br\/n\/uploads\/2021\/08\/fcacc50d-mesqit-400x200.png\" alt=\"Mesquita, do Ita\u00fa (ITUB4), v\u00ea infla\u00e7\u00e3o de 6,9% em 2021 com cen\u00e1rio &#8220;problem\u00e1tico&#8221;\"\/><\/a><span class=\"spotlightCategory\"><a href=\"https:\/\/www.suno.com.br\/noticias\/economia\/\">Economia<\/a><\/span><\/div><div class=\"cardsPage__listCard__boxs__content\"><a href=\"https:\/\/www.suno.com.br\/noticias\/mesquita-itau-itub4-inflacao-2021-ipca\/\"><h2 class=\"content__title\">Mesquita, do Ita\u00fa (ITUB4), v\u00ea infla\u00e7\u00e3o de 6,9% em 2021 com cen\u00e1rio &#8220;problem\u00e1tico&#8221;<\/h2><\/a><div class=\"newsContent__article__meta\"><div class=\"newsContent__article__meta__authorBox\"><a href=\"https:\/\/www.suno.com.br\/noticias\/author\/eduardo-vargas\/\" class=\"authorBox__avatar noMobi\"><img src=\"https:\/\/secure.gravatar.com\/avatar\/dac340933427a22924c9f99d1eb2e3f2?s=96&#038;r=g\" alt=\"Eduardo Vargas\"><\/a><div class=\"authorBox__name\"><span>por\n\t\t\t<a href=\"https:\/\/www.suno.com.br\/noticias\/author\/eduardo-vargas\/\"><span itemprop=\"author\">Eduardo Vargas<\/span><\/a><\/span><time datetime=\"2021-08-24T14:29:10-03:00\" itemprop=\"datePublished\">24\/08\/2021 14:29<\/time><\/div><\/div><\/div><\/div><\/div>","single_layout":"posts","amp_enabled":true,"_links":{"self":[{"href":"https:\/\/www.suno.com.br\/noticias\/wp-json\/wp\/v2\/posts\/177694"}],"collection":[{"href":"https:\/\/www.suno.com.br\/noticias\/wp-json\/wp\/v2\/posts"}],"about":[{"href":"https:\/\/www.suno.com.br\/noticias\/wp-json\/wp\/v2\/types\/post"}],"author":[{"embeddable":true,"href":"https:\/\/www.suno.com.br\/noticias\/wp-json\/wp\/v2\/users\/73"}],"replies":[{"embeddable":true,"href":"https:\/\/www.suno.com.br\/noticias\/wp-json\/wp\/v2\/comments?post=177694"}],"version-history":[{"count":4,"href":"https:\/\/www.suno.com.br\/noticias\/wp-json\/wp\/v2\/posts\/177694\/revisions"}],"predecessor-version":[{"id":177766,"href":"https:\/\/www.suno.com.br\/noticias\/wp-json\/wp\/v2\/posts\/177694\/revisions\/177766"}],"wp:featuredmedia":[{"embeddable":true,"href":"https:\/\/www.suno.com.br\/noticias\/wp-json\/wp\/v2\/media\/177732"}],"wp:attachment":[{"href":"https:\/\/www.suno.com.br\/noticias\/wp-json\/wp\/v2\/media?parent=177694"}],"wp:term":[{"taxonomy":"category","embeddable":true,"href":"https:\/\/www.suno.com.br\/noticias\/wp-json\/wp\/v2\/categories?post=177694"},{"taxonomy":"post_tag","embeddable":true,"href":"https:\/\/www.suno.com.br\/noticias\/wp-json\/wp\/v2\/tags?post=177694"},{"taxonomy":"suno_strategy","embeddable":true,"href":"https:\/\/www.suno.com.br\/noticias\/wp-json\/wp\/v2\/suno_strategy?post=177694"}],"curies":[{"name":"wp","href":"https:\/\/api.w.org\/{rel}","templated":true}]}}