{"id":17767,"date":"2019-03-12T19:18:29","date_gmt":"2019-03-12T22:18:29","guid":{"rendered":"https:\/\/www.suno.com.br\/noticias\/?p=17767"},"modified":"2019-03-12T19:18:29","modified_gmt":"2019-03-12T22:18:29","slug":"brexit-o-que-acontece-agora","status":"publish","type":"post","link":"https:\/\/www.suno.com.br\/noticias\/brexit-o-que-acontece-agora\/","title":{"rendered":"Brexit: o que acontece agora?"},"content":{"rendered":"<p>O <strong>Parlamento brit\u00e2nico<\/strong> rejeitou a \u00faltima tentativa da premi\u00ea <strong>Theresa May<\/strong> de salvar o acordo com a <a href=\"https:\/\/www.suno.com.br\/artigos\/uniao-europeia\/\"><strong>Uni\u00e3o Europeia<\/strong>\u00a0<strong>(UE)<\/strong><\/a> para uma sa\u00edda ordenada do bloco. A <strong>C\u00e2mara dos Comuns<\/strong> de <strong>Londres<\/strong> votou contra a proposta de Brexit nesta ter\u00e7a-feira (12). Um voto negativo mesmo ap\u00f3s algumas concess\u00f5es obtidas pelo governo brit\u00e2nico ap\u00f3s uma dura negocia\u00e7\u00e3o com a <strong>Comiss\u00e3o Europeia.<\/strong><\/p>\t<div class=\"wrapper-featured-image\">\n\t\t<figure class=\"spotlightImg\">\n\n\t\t\t<picture>\n\t\t\t\t<source media=\"(max-width: 768px)\" srcset=\"https:\/\/files.sunoresearch.com.br\/n\/uploads\/2019\/03\/12b246c4-brexit4-400x200.webp\">\n\t\t\t\t<img loading=\"lazy\" decoding=\"async\" class=\"newsContent__article__imgCapa lazyloadDisabled newsContent__article__imgCapa--noCaption\" src=\"https:\/\/files.sunoresearch.com.br\/n\/uploads\/2019\/03\/12b246c4-brexit4-800x450.webp\" width=\"800\" height=\"450\" alt=\"Brexit: o que acontece agora?\" fetchpriority=high \/>\n\t\t\t<\/picture>\n\n\t\t\t<figcaption class=\"wp-caption-text wp-caption-text--hide\">Brexit: o que fazer para trabalhar ou estudar em Londres?<\/figcaption>\n\t\t<\/figure>\n\t<\/div>\n\n\n<p>Para o presidente da <strong>Comiss\u00e3o Europeia,<\/strong> Jean-Claude Juncker, o acordo sobre o <strong>Brexit<\/strong> n\u00e3o pode ser mais modific\u00e1vel. \u00a0Isso n\u00e3o apenas por causa de uma quest\u00e3o de falta de vontade por parte da <strong>UE,<\/strong> mas tamb\u00e9m porque a data de sa\u00edda prevista pelos tratados europeus, o dia 29 de mar\u00e7o, est\u00e1 pr\u00f3xima.<\/p>\n<p><a href=\"https:\/\/www.suno.com.br\/noticias\/theresa-may-mudancas-acordo-brexit\/\">Saiba mais: Theresa May conseguiu \u2018mudan\u00e7as jur\u00eddicas\u2019 no acordo do Brexit, diz vice\u00a0<\/a><\/p>\n<p>O que acontece agora? Quais op\u00e7\u00f5es o <strong>Executivo brit\u00e2nico<\/strong> tem? Por que as concess\u00f5es de <strong>Bruxelas<\/strong> no \u00faltimo momento n\u00e3o foram suficientes para aprovar uma sa\u00edda ordenada? At\u00e9 que ponto o governo <strong>May<\/strong> pode permanecer no cargo? Quais s\u00e3o as consequ\u00eancias de um <strong>Brexit<\/strong> complicado?<\/p>\n<p>Depois do voto de <strong>Westminster,<\/strong> h\u00e1 tr\u00eas cen\u00e1rios poss\u00edveis para o <strong>Brexit.<\/strong><\/p>\n<h2>1- Brexit duro<\/h2>\n<p>Esse \u00e9 o cen\u00e1rio &#8220;sem acordo&#8221; em que o <strong>Reino Unido<\/strong> deixaria a <strong>UE<\/strong> sem aprovar um documento que estabele\u00e7a o que acontece em seguida.<\/p>\n<p>Na pr\u00f3xima quarta-feira (13) o <strong>Parlamento brit\u00e2nico<\/strong> vai votar se realmente pretende seguir a op\u00e7\u00e3o mais dr\u00e1stica do <strong>Brexit.<\/strong> Neste cen\u00e1rio, n\u00e3o haveria um per\u00edodo de transi\u00e7\u00e3o nem uma resolu\u00e7\u00e3o da quest\u00e3o da <strong>Irlanda do Norte<\/strong>. A fronteira com a <strong>Irlanda<\/strong> voltaria a ser ativada, abrindo assim o caminho para uma poss\u00edvel retomada de confrontos entre unionistas e nacionalistas irlandeses.<\/p>\n<p><a href=\"https:\/\/www.suno.com.br\/noticias\/theresa-may-brexit-pode-nao-ocorrer\/\">Saiba mais: Brexit pode n\u00e3o ocorrer se n\u00e3o tiver acordo, diz premi\u00ea\u00a0<\/a><\/p>\n<p>A partir do dia 29 de mar\u00e7o, <strong>Londres<\/strong> tamb\u00e9m estaria fora do mercado \u00fanico europeu. Por isso, seu relacionamento com a <strong>Uni\u00e3o Europeia<\/strong> se basearia nas regras da <strong>Organiza\u00e7\u00e3o Mundial do Com\u00e9rcio (OMC).<\/strong> Isso prev\u00ea que impostos alfandeg\u00e1rios e controles na fronteira seriam retomados sobre muitos bens. Entre eles os produtos altamente perec\u00edveis. E isso vale seja no com\u00e9rcio com os 27 pa\u00edses membros da <strong>UE<\/strong> como com todos os outros pa\u00edses com os quais o bloco europeu assinou acordos comerciais. Saindo da Uni\u00e3o, o <strong>Reino Unido<\/strong> n\u00e3o poder\u00e1 aplicar mais esses tratados com pa\u00edses terceiros.<\/p>\n<p>Al\u00e9m disso, muitas inc\u00f3gnitas pesam sobre o futuro dos 3,7 milh\u00f5es de cidad\u00e3os europeus residentes no pa\u00eds e sobre os 1,2 milh\u00f5es de brit\u00e2nicos que vivem na <strong>UE.<\/strong> Especialmente nos \u00faltimos meses, a <strong>Comiss\u00e3o Europeia<\/strong> e os v\u00e1rios pa\u00edses membros apresentaram planos de emerg\u00eancia (os chamados \u201ccontingecy plans\u201d) no caso de sa\u00edda sem acordo.<\/p>\n<p>Estes planos d\u00e3o prioridade \u00e0s quest\u00f5es que afetam mais diretamente a vida dos <strong>cidad\u00e3os europeus.<\/strong> Entre eles, a mobilidade, os servi\u00e7os sociais e setores sens\u00edveis, como os servi\u00e7os financeiros e os transportes (come\u00e7ando pelos servi\u00e7os a\u00e9reos). A op\u00e7\u00e3o seria prorrogar os acordos vigentes para evitar a paralisia total.<\/p>\n<p>Mas \u00e9 a pr\u00f3pria <strong>Comiss\u00e3o<\/strong>\u00a0<strong>Europeia<\/strong> que reconhece que esses planos n\u00e3o podem de forma alguma anular os efeitos de um <strong>Brexit<\/strong> duro. Especialmente no per\u00edodo imediatamente seguinte a sa\u00edda de <strong>Londres<\/strong> da <strong>UE.<\/strong><\/p>\n<h2>2 &#8211; Sa\u00edda prorrogada<\/h2>\n<p><strong>Westminster<\/strong> poderia votar um pedido de prorroga\u00e7\u00e3o da sa\u00edda na pr\u00f3xima quinta-feira (14). Neste caso, <strong>Londres<\/strong> usaria o Artigo 50 do <strong>Tratado de Lisboa<\/strong> para pedir para <strong>Bruxelas<\/strong> mais tempo para negociar. Entretanto, esse pedido deveria ser aprovado de forma un\u00e2nime por todos os outros pa\u00edses membros da <strong>UE.<\/strong><\/p>\n<p><a href=\"https:\/\/www.suno.com.br\/noticias\/brexit-reino-unido-bloco-europeu\/\">Saiba mais: Brexit: 42 empresas deixaram o Reino Unido ap\u00f3s an\u00fancio de sa\u00edda da UE\u00a0<\/a><\/p>\n<p>V\u00e1rios pa\u00edses europeus \u2013 entre eles a <strong>Alemanha<\/strong> &#8211; j\u00e1 se expressaram positivamente a respeito a uma op\u00e7\u00e3o deste tipo. Uma sa\u00edda prorrogada distanciaria, pelo menos a curto prazo, o espectro do <strong>Brexit<\/strong> duro. No entanto, a <strong>Fran\u00e7a<\/strong> afirmou que poderia bloquear o pedido de uma prorroga\u00e7\u00e3o se <strong>Londres<\/strong> n\u00e3o sinalizasse claramente seu plano de sa\u00edda.<\/p>\n<p>A quest\u00e3o ser\u00e1 ligada ao per\u00edodo de extens\u00e3o, durante o qual o <strong>Reino Unido<\/strong> permaneceria como membro pleno da <strong>Uni\u00e3o Europeia.<\/strong> N\u00e3o deveria ser uma breve prorroga\u00e7\u00e3o, porque <strong>Londres<\/strong> provavelmente n\u00e3o ser\u00e1 capaz de superar em poucas algumas semanas um imbr\u00f3glio que n\u00e3o conseguiu resolver em quase dois anos. Muito menos ter\u00e1 tempo para renegociar um novo tipo de acordo com <strong>Bruxelas.<\/strong><\/p>\n<p>Al\u00e9m disso, o quadro \u00e9 complicado pelas <strong>elei\u00e7\u00f5es europeias<\/strong> de maio. No caso de uma longa extens\u00e3o, <strong>Londres<\/strong> deveria ir \u00e0s urnas para eleger seus representantes para o <strong>Parlamento Europeu.<\/strong> Deputados que acabariam deixando a assembleia ap\u00f3s pouqu\u00edssimo tempo. <strong>Bruxelas<\/strong> dever\u00e1 encontrar alguns truques legais com os quais isentar o <strong>Reino Unido<\/strong> de eleger seus representantes europeus durante o per\u00edodo de extens\u00e3o.<\/p>\n<p>De acordo com os cen\u00e1rios publicados em novembro pelo <strong>governo brit\u00e2nico,<\/strong> um <strong>Brexit<\/strong> duro teria efeitos negativos muito pesados sobre a economia. O <strong>Reino Unido<\/strong> perderia at\u00e9 8% de seu <strong>Produto Interno Bruto (PIB)<\/strong>. Em termos de <strong>PIB<\/strong> per capita, isso significaria que o Brexit custaria quase 3.000 euros para cada cidad\u00e3o brit\u00e2nico.<\/p>\n<h2>3 &#8211; Retirada unilateral<\/h2>\n<p>O governo brit\u00e2nico poderia retirar a notifica\u00e7\u00e3o de sa\u00edda unilateralmente a qualquer momento antes do dia 29 de mar\u00e7o. Isso cancelaria definitivamente o <strong>Brexit.<\/strong> Nos \u00faltimos meses, o <strong>Tribunal Europeu de Justi\u00e7a<\/strong> esclareceu que Londres pode levar adiante uma retirada unilateral. A vantagem para o <strong>Reino Unido<\/strong> seria de n\u00e3o depender da aceita\u00e7\u00e3o por <strong>Bruxelas<\/strong> (como no caso da prorroga\u00e7\u00e3o). No entanto, esta seria uma decis\u00e3o politicamente muito sens\u00edvel para <strong>Londres.<\/strong> O governo brit\u00e2nico acabaria negando o resultado do referendo de 2016. O que poderia ter consequ\u00eancias imprevis\u00edveis. E uma queda do governo de <strong>May<\/strong> seria quase certamente imediata.<\/p>\n<p><a href=\"https:\/\/www.suno.com.br\/noticias\/brexit-parlamento-do-reino-unido-vota-contra-proposta-de-saida-da-ue\/\">Saiba mais: Brexit: Parlamento do Reino Unido vota contra a proposta de sa\u00edda da UE\u00a0<\/a><\/p>\n<p>Na hip\u00f3tese de retirada do Brexit e de elei\u00e7\u00f5es antecipadas, as pesquisas mostram que nem o <strong>Partido Conservador,<\/strong> nem o <strong>Partido Trabalhista<\/strong> teriam uma maioria clara. Isso daria origem a um &#8220;parlamento suspenso&#8221;. Uma situa\u00e7\u00e3o de incerteza pol\u00edtica que tornaria o <strong>Brexit<\/strong> ainda mais complexo.<\/p>\n","protected":false},"excerpt":{"rendered":"<p>O Parlamento brit\u00e2nico rejeitou a \u00faltima tentativa da premi\u00ea Theresa May de salvar o acordo com a Uni\u00e3o Europeia\u00a0(UE) para uma sa\u00edda ordenada do bloco. A C\u00e2mara dos Comuns de Londres votou contra a proposta de Brexit nesta ter\u00e7a-feira (12). Um voto negativo mesmo ap\u00f3s algumas concess\u00f5es obtidas pelo governo brit\u00e2nico ap\u00f3s uma dura negocia\u00e7\u00e3o [&hellip;]<\/p>\n","protected":false},"author":9,"featured_media":17793,"comment_status":"closed","ping_status":"closed","sticky":false,"template":"","format":"standard","meta":[],"categories":[63],"tags":[753,730,731],"suno_strategy":[],"class_list":["post-17767","post","type-post","status-publish","format-standard","has-post-thumbnail","hentry","category-internacional","tag-brexit","tag-reino-unido","tag-uniao-europeia"],"yoast_head":"<!-- This site is optimized with the Yoast SEO plugin v24.4 - https:\/\/yoast.com\/wordpress\/plugins\/seo\/ -->\n<title>Brexit: o que acontece depois do voto negativo do Parlamento brit\u00e2nico?<\/title>\n<meta name=\"robots\" content=\"index, follow, max-snippet:-1, max-image-preview:large, max-video-preview:-1\" \/>\n<link rel=\"canonical\" href=\"https:\/\/www.suno.com.br\/noticias\/brexit-o-que-acontece-agora\/\" \/>\n<meta property=\"og:locale\" content=\"pt_BR\" \/>\n<meta property=\"og:type\" content=\"article\" \/>\n<meta property=\"og:title\" content=\"Brexit: o que acontece depois do voto negativo do Parlamento brit\u00e2nico?\" \/>\n<meta property=\"og:description\" content=\"O Parlamento brit\u00e2nico rejeitou a \u00faltima tentativa da premi\u00ea Theresa May de salvar o acordo com a Uni\u00e3o Europeia\u00a0(UE) para uma sa\u00edda ordenada do bloco. A C\u00e2mara dos Comuns de Londres votou contra a proposta de Brexit nesta ter\u00e7a-feira (12). Um voto negativo mesmo ap\u00f3s algumas concess\u00f5es obtidas pelo governo brit\u00e2nico ap\u00f3s uma dura negocia\u00e7\u00e3o [&hellip;]\" \/>\n<meta property=\"og:url\" content=\"https:\/\/www.suno.com.br\/noticias\/brexit-o-que-acontece-agora\/\" \/>\n<meta property=\"og:site_name\" content=\"Suno Not\u00edcias\" \/>\n<meta property=\"article:publisher\" content=\"https:\/\/facebook.com\/sunoresearch\" \/>\n<meta property=\"og:image\" content=\"https:\/\/files.sunoresearch.com.br\/n\/uploads\/2019\/03\/12b246c4-brexit4.jpg\" \/>\n\t<meta property=\"og:image:width\" content=\"1200\" \/>\n\t<meta property=\"og:image:height\" content=\"795\" \/>\n\t<meta property=\"og:image:type\" content=\"image\/jpeg\" \/>\n<meta name=\"author\" content=\"Carlo Cauti\" \/>\n<meta name=\"twitter:card\" content=\"summary_large_image\" \/>\n<meta name=\"twitter:creator\" content=\"@sunoresearch\" \/>\n<meta name=\"twitter:site\" content=\"@sunoresearch\" \/>\n<meta name=\"twitter:label1\" content=\"Escrito por\" \/>\n\t<meta name=\"twitter:data1\" content=\"Carlo Cauti\" \/>\n\t<meta name=\"twitter:label2\" content=\"Est. tempo de leitura\" \/>\n\t<meta name=\"twitter:data2\" content=\"6 minutos\" \/>\n<script type=\"application\/ld+json\" class=\"yoast-schema-graph\">{\"@context\":\"https:\/\/schema.org\",\"@graph\":[{\"@type\":\"NewsArticle\",\"@id\":\"https:\/\/www.suno.com.br\/noticias\/brexit-o-que-acontece-agora\/#article\",\"isPartOf\":{\"@id\":\"https:\/\/www.suno.com.br\/noticias\/brexit-o-que-acontece-agora\/\"},\"author\":{\"name\":\"Carlo Cauti\",\"@id\":\"https:\/\/www.suno.com.br\/noticias\/#\/schema\/person\/e6e0f723cc177805027f4566c1d5e0c8\"},\"headline\":\"Brexit: o que acontece agora?\",\"datePublished\":\"2019-03-12T22:18:29+00:00\",\"mainEntityOfPage\":{\"@id\":\"https:\/\/www.suno.com.br\/noticias\/brexit-o-que-acontece-agora\/\"},\"wordCount\":1105,\"publisher\":{\"@id\":\"https:\/\/www.suno.com.br\/noticias\/#organization\"},\"image\":{\"@id\":\"https:\/\/www.suno.com.br\/noticias\/brexit-o-que-acontece-agora\/#primaryimage\"},\"thumbnailUrl\":\"https:\/\/files.sunoresearch.com.br\/n\/uploads\/2019\/03\/12b246c4-brexit4-jpg.webp\",\"keywords\":[\"Brexit\",\"Reino Unido\",\"Uni\u00e3o Europeia\"],\"articleSection\":[\"Internacional\"],\"inLanguage\":\"pt-BR\"},{\"@type\":\"WebPage\",\"@id\":\"https:\/\/www.suno.com.br\/noticias\/brexit-o-que-acontece-agora\/\",\"url\":\"https:\/\/www.suno.com.br\/noticias\/brexit-o-que-acontece-agora\/\",\"name\":\"Brexit: o que acontece depois do voto negativo do Parlamento brit\u00e2nico?\",\"isPartOf\":{\"@id\":\"https:\/\/www.suno.com.br\/noticias\/#website\"},\"primaryImageOfPage\":{\"@id\":\"https:\/\/www.suno.com.br\/noticias\/brexit-o-que-acontece-agora\/#primaryimage\"},\"image\":{\"@id\":\"https:\/\/www.suno.com.br\/noticias\/brexit-o-que-acontece-agora\/#primaryimage\"},\"thumbnailUrl\":\"https:\/\/files.sunoresearch.com.br\/n\/uploads\/2019\/03\/12b246c4-brexit4-jpg.webp\",\"datePublished\":\"2019-03-12T22:18:29+00:00\",\"breadcrumb\":{\"@id\":\"https:\/\/www.suno.com.br\/noticias\/brexit-o-que-acontece-agora\/#breadcrumb\"},\"inLanguage\":\"pt-BR\",\"potentialAction\":[{\"@type\":\"ReadAction\",\"target\":[\"https:\/\/www.suno.com.br\/noticias\/brexit-o-que-acontece-agora\/\"]}]},{\"@type\":\"ImageObject\",\"inLanguage\":\"pt-BR\",\"@id\":\"https:\/\/www.suno.com.br\/noticias\/brexit-o-que-acontece-agora\/#primaryimage\",\"url\":\"https:\/\/files.sunoresearch.com.br\/n\/uploads\/2019\/03\/12b246c4-brexit4-jpg.webp\",\"contentUrl\":\"https:\/\/files.sunoresearch.com.br\/n\/uploads\/2019\/03\/12b246c4-brexit4-jpg.webp\",\"width\":1200,\"height\":795,\"caption\":\"Brexit: o que fazer para trabalhar ou estudar em Londres?\"},{\"@type\":\"BreadcrumbList\",\"@id\":\"https:\/\/www.suno.com.br\/noticias\/brexit-o-que-acontece-agora\/#breadcrumb\",\"itemListElement\":[{\"@type\":\"ListItem\",\"position\":1,\"name\":\"Not\u00edcias\",\"item\":\"https:\/\/www.suno.com.br\/noticias\/\"},{\"@type\":\"ListItem\",\"position\":2,\"name\":\"Internacional\",\"item\":\"https:\/\/www.suno.com.br\/noticias\/internacional\/\"},{\"@type\":\"ListItem\",\"position\":3,\"name\":\"Brexit: o que acontece agora?\"}]},{\"@type\":\"WebSite\",\"@id\":\"https:\/\/www.suno.com.br\/noticias\/#website\",\"url\":\"https:\/\/www.suno.com.br\/noticias\/\",\"name\":\"Suno Not\u00edcias\",\"description\":\"Seu portal de informa\u00e7\u00e3o sobre o mundo dos investimentos\",\"publisher\":{\"@id\":\"https:\/\/www.suno.com.br\/noticias\/#organization\"},\"potentialAction\":[{\"@type\":\"SearchAction\",\"target\":{\"@type\":\"EntryPoint\",\"urlTemplate\":\"https:\/\/www.suno.com.br\/noticias\/?s={search_term_string}\"},\"query-input\":{\"@type\":\"PropertyValueSpecification\",\"valueRequired\":true,\"valueName\":\"search_term_string\"}}],\"inLanguage\":\"pt-BR\"},{\"@type\":\"Organization\",\"@id\":\"https:\/\/www.suno.com.br\/noticias\/#organization\",\"name\":\"Suno Not\u00edcias\",\"url\":\"https:\/\/www.suno.com.br\/noticias\/\",\"logo\":{\"@type\":\"ImageObject\",\"inLanguage\":\"pt-BR\",\"@id\":\"https:\/\/www.suno.com.br\/noticias\/#\/schema\/logo\/image\/\",\"url\":\"https:\/\/files.sunoresearch.com.br\/n\/uploads\/2021\/09\/suno-logo.png\",\"contentUrl\":\"https:\/\/files.sunoresearch.com.br\/n\/uploads\/2021\/09\/suno-logo.png\",\"width\":180,\"height\":180,\"caption\":\"Suno Not\u00edcias\"},\"image\":{\"@id\":\"https:\/\/www.suno.com.br\/noticias\/#\/schema\/logo\/image\/\"},\"sameAs\":[\"https:\/\/facebook.com\/sunoresearch\",\"https:\/\/x.com\/sunoresearch\",\"https:\/\/www.instagram.com\/suno\",\"https:\/\/www.linkedin.com\/company\/suno-research\/\",\"https:\/\/www.youtube.com\/c\/sunoresearch\"]},{\"@type\":\"Person\",\"@id\":\"https:\/\/www.suno.com.br\/noticias\/#\/schema\/person\/e6e0f723cc177805027f4566c1d5e0c8\",\"name\":\"Carlo Cauti\",\"image\":{\"@type\":\"ImageObject\",\"inLanguage\":\"pt-BR\",\"@id\":\"https:\/\/www.suno.com.br\/noticias\/#\/schema\/person\/image\/\",\"url\":\"https:\/\/secure.gravatar.com\/avatar\/3ada9e0bd164c23abd4792a9606d583c?s=96&r=g\",\"contentUrl\":\"https:\/\/secure.gravatar.com\/avatar\/3ada9e0bd164c23abd4792a9606d583c?s=96&r=g\",\"caption\":\"Carlo Cauti\"},\"description\":\"Editor multim\u00eddia do SUNO Not\u00edcias. Italiano, formado em Ci\u00eancias Pol\u00edticas pela universidade LUISS G. Carli de Roma e mestre cum laude em Rela\u00e7\u00f5es Internacionais, Jornalismo Internacional e de Guerra e em Economia Internacional. Concluiu tamb\u00e9m um MBA em Finan\u00e7as na B3. No Brasil, teve passagem por ve\u00edculos como Estad\u00e3o, Globo, Veja e EXAME. e nas ag\u00eancias de not\u00edcias italianas ANSA e NOVA.\",\"url\":\"https:\/\/www.suno.com.br\/noticias\/author\/carlo-cauti\/\"}]}<\/script>\n<!-- \/ Yoast SEO plugin. -->","yoast_head_json":{"title":"Brexit: o que acontece depois do voto negativo do Parlamento brit\u00e2nico?","robots":{"index":"index","follow":"follow","max-snippet":"max-snippet:-1","max-image-preview":"max-image-preview:large","max-video-preview":"max-video-preview:-1"},"canonical":"https:\/\/www.suno.com.br\/noticias\/brexit-o-que-acontece-agora\/","og_locale":"pt_BR","og_type":"article","og_title":"Brexit: o que acontece depois do voto negativo do Parlamento brit\u00e2nico?","og_description":"O Parlamento brit\u00e2nico rejeitou a \u00faltima tentativa da premi\u00ea Theresa May de salvar o acordo com a Uni\u00e3o Europeia\u00a0(UE) para uma sa\u00edda ordenada do bloco. A C\u00e2mara dos Comuns de Londres votou contra a proposta de Brexit nesta ter\u00e7a-feira (12). Um voto negativo mesmo ap\u00f3s algumas concess\u00f5es obtidas pelo governo brit\u00e2nico ap\u00f3s uma dura negocia\u00e7\u00e3o [&hellip;]","og_url":"https:\/\/www.suno.com.br\/noticias\/brexit-o-que-acontece-agora\/","og_site_name":"Suno Not\u00edcias","article_publisher":"https:\/\/facebook.com\/sunoresearch","og_image":[{"width":1200,"height":795,"url":"https:\/\/files.sunoresearch.com.br\/n\/uploads\/2019\/03\/12b246c4-brexit4.jpg","type":"image\/jpeg"}],"author":"Carlo Cauti","twitter_card":"summary_large_image","twitter_creator":"@sunoresearch","twitter_site":"@sunoresearch","twitter_misc":{"Escrito por":"Carlo Cauti","Est. tempo de leitura":"6 minutos"},"schema":{"@context":"https:\/\/schema.org","@graph":[{"@type":"NewsArticle","@id":"https:\/\/www.suno.com.br\/noticias\/brexit-o-que-acontece-agora\/#article","isPartOf":{"@id":"https:\/\/www.suno.com.br\/noticias\/brexit-o-que-acontece-agora\/"},"author":{"name":"Carlo Cauti","@id":"https:\/\/www.suno.com.br\/noticias\/#\/schema\/person\/e6e0f723cc177805027f4566c1d5e0c8"},"headline":"Brexit: o que acontece agora?","datePublished":"2019-03-12T22:18:29+00:00","mainEntityOfPage":{"@id":"https:\/\/www.suno.com.br\/noticias\/brexit-o-que-acontece-agora\/"},"wordCount":1105,"publisher":{"@id":"https:\/\/www.suno.com.br\/noticias\/#organization"},"image":{"@id":"https:\/\/www.suno.com.br\/noticias\/brexit-o-que-acontece-agora\/#primaryimage"},"thumbnailUrl":"https:\/\/files.sunoresearch.com.br\/n\/uploads\/2019\/03\/12b246c4-brexit4-jpg.webp","keywords":["Brexit","Reino Unido","Uni\u00e3o Europeia"],"articleSection":["Internacional"],"inLanguage":"pt-BR"},{"@type":"WebPage","@id":"https:\/\/www.suno.com.br\/noticias\/brexit-o-que-acontece-agora\/","url":"https:\/\/www.suno.com.br\/noticias\/brexit-o-que-acontece-agora\/","name":"Brexit: o que acontece depois do voto negativo do Parlamento brit\u00e2nico?","isPartOf":{"@id":"https:\/\/www.suno.com.br\/noticias\/#website"},"primaryImageOfPage":{"@id":"https:\/\/www.suno.com.br\/noticias\/brexit-o-que-acontece-agora\/#primaryimage"},"image":{"@id":"https:\/\/www.suno.com.br\/noticias\/brexit-o-que-acontece-agora\/#primaryimage"},"thumbnailUrl":"https:\/\/files.sunoresearch.com.br\/n\/uploads\/2019\/03\/12b246c4-brexit4-jpg.webp","datePublished":"2019-03-12T22:18:29+00:00","breadcrumb":{"@id":"https:\/\/www.suno.com.br\/noticias\/brexit-o-que-acontece-agora\/#breadcrumb"},"inLanguage":"pt-BR","potentialAction":[{"@type":"ReadAction","target":["https:\/\/www.suno.com.br\/noticias\/brexit-o-que-acontece-agora\/"]}]},{"@type":"ImageObject","inLanguage":"pt-BR","@id":"https:\/\/www.suno.com.br\/noticias\/brexit-o-que-acontece-agora\/#primaryimage","url":"https:\/\/files.sunoresearch.com.br\/n\/uploads\/2019\/03\/12b246c4-brexit4-jpg.webp","contentUrl":"https:\/\/files.sunoresearch.com.br\/n\/uploads\/2019\/03\/12b246c4-brexit4-jpg.webp","width":1200,"height":795,"caption":"Brexit: o que fazer para trabalhar ou estudar em Londres?"},{"@type":"BreadcrumbList","@id":"https:\/\/www.suno.com.br\/noticias\/brexit-o-que-acontece-agora\/#breadcrumb","itemListElement":[{"@type":"ListItem","position":1,"name":"Not\u00edcias","item":"https:\/\/www.suno.com.br\/noticias\/"},{"@type":"ListItem","position":2,"name":"Internacional","item":"https:\/\/www.suno.com.br\/noticias\/internacional\/"},{"@type":"ListItem","position":3,"name":"Brexit: o que acontece agora?"}]},{"@type":"WebSite","@id":"https:\/\/www.suno.com.br\/noticias\/#website","url":"https:\/\/www.suno.com.br\/noticias\/","name":"Suno Not\u00edcias","description":"Seu portal de informa\u00e7\u00e3o sobre o mundo dos investimentos","publisher":{"@id":"https:\/\/www.suno.com.br\/noticias\/#organization"},"potentialAction":[{"@type":"SearchAction","target":{"@type":"EntryPoint","urlTemplate":"https:\/\/www.suno.com.br\/noticias\/?s={search_term_string}"},"query-input":{"@type":"PropertyValueSpecification","valueRequired":true,"valueName":"search_term_string"}}],"inLanguage":"pt-BR"},{"@type":"Organization","@id":"https:\/\/www.suno.com.br\/noticias\/#organization","name":"Suno Not\u00edcias","url":"https:\/\/www.suno.com.br\/noticias\/","logo":{"@type":"ImageObject","inLanguage":"pt-BR","@id":"https:\/\/www.suno.com.br\/noticias\/#\/schema\/logo\/image\/","url":"https:\/\/files.sunoresearch.com.br\/n\/uploads\/2021\/09\/suno-logo.png","contentUrl":"https:\/\/files.sunoresearch.com.br\/n\/uploads\/2021\/09\/suno-logo.png","width":180,"height":180,"caption":"Suno Not\u00edcias"},"image":{"@id":"https:\/\/www.suno.com.br\/noticias\/#\/schema\/logo\/image\/"},"sameAs":["https:\/\/facebook.com\/sunoresearch","https:\/\/x.com\/sunoresearch","https:\/\/www.instagram.com\/suno","https:\/\/www.linkedin.com\/company\/suno-research\/","https:\/\/www.youtube.com\/c\/sunoresearch"]},{"@type":"Person","@id":"https:\/\/www.suno.com.br\/noticias\/#\/schema\/person\/e6e0f723cc177805027f4566c1d5e0c8","name":"Carlo Cauti","image":{"@type":"ImageObject","inLanguage":"pt-BR","@id":"https:\/\/www.suno.com.br\/noticias\/#\/schema\/person\/image\/","url":"https:\/\/secure.gravatar.com\/avatar\/3ada9e0bd164c23abd4792a9606d583c?s=96&r=g","contentUrl":"https:\/\/secure.gravatar.com\/avatar\/3ada9e0bd164c23abd4792a9606d583c?s=96&r=g","caption":"Carlo Cauti"},"description":"Editor multim\u00eddia do SUNO Not\u00edcias. Italiano, formado em Ci\u00eancias Pol\u00edticas pela universidade LUISS G. Carli de Roma e mestre cum laude em Rela\u00e7\u00f5es Internacionais, Jornalismo Internacional e de Guerra e em Economia Internacional. Concluiu tamb\u00e9m um MBA em Finan\u00e7as na B3. No Brasil, teve passagem por ve\u00edculos como Estad\u00e3o, Globo, Veja e EXAME. e nas ag\u00eancias de not\u00edcias italianas ANSA e NOVA.","url":"https:\/\/www.suno.com.br\/noticias\/author\/carlo-cauti\/"}]}},"default_loop_html":"<div class=\"cardsPage__listCard__boxs\"><div class=\"cardsPage__listCard__boxs__img\"><a href=\"https:\/\/www.suno.com.br\/noticias\/brexit-o-que-acontece-agora\/\"><img class=\"mask\" src=\"https:\/\/www.suno.com.br\/noticias\/wp-content\/themes\/suno\/resources\/images\/spotlight\/spotlight1img\/bg-mask.png\" alt=\"Image Mask\"\/><img src=\"https:\/\/files.sunoresearch.com.br\/n\/uploads\/2019\/03\/12b246c4-brexit4-400x200.webp\" alt=\"Brexit: o que acontece agora?\"\/><\/a><span class=\"spotlightCategory\"><a href=\"https:\/\/www.suno.com.br\/noticias\/internacional\/\">Internacional<\/a><\/span><\/div><div class=\"cardsPage__listCard__boxs__content\"><a href=\"https:\/\/www.suno.com.br\/noticias\/brexit-o-que-acontece-agora\/\"><h2 class=\"content__title\">Brexit: o que acontece agora?<\/h2><\/a><div class=\"newsContent__article__meta\"><div class=\"newsContent__article__meta__authorBox\"><a href=\"https:\/\/www.suno.com.br\/noticias\/author\/carlo-cauti\/\" class=\"authorBox__avatar noMobi\"><img src=\"https:\/\/files.sunoresearch.com.br\/n\/uploads\/2020\/08\/e3745f9a-perfil-carlo-cauti-150x150.webp\" alt=\"Carlo Cauti\"><\/a><div class=\"authorBox__name\"><span>por\n\t\t\t<a href=\"https:\/\/www.suno.com.br\/noticias\/author\/carlo-cauti\/\"><span itemprop=\"author\">Carlo Cauti<\/span><\/a><\/span><time datetime=\"2019-03-12T19:18:29-03:00\" itemprop=\"datePublished\">12\/03\/2019 19:18<\/time><\/div><\/div><\/div><\/div><\/div>","single_layout":"posts","amp_enabled":true,"_links":{"self":[{"href":"https:\/\/www.suno.com.br\/noticias\/wp-json\/wp\/v2\/posts\/17767"}],"collection":[{"href":"https:\/\/www.suno.com.br\/noticias\/wp-json\/wp\/v2\/posts"}],"about":[{"href":"https:\/\/www.suno.com.br\/noticias\/wp-json\/wp\/v2\/types\/post"}],"author":[{"embeddable":true,"href":"https:\/\/www.suno.com.br\/noticias\/wp-json\/wp\/v2\/users\/9"}],"replies":[{"embeddable":true,"href":"https:\/\/www.suno.com.br\/noticias\/wp-json\/wp\/v2\/comments?post=17767"}],"version-history":[{"count":0,"href":"https:\/\/www.suno.com.br\/noticias\/wp-json\/wp\/v2\/posts\/17767\/revisions"}],"wp:featuredmedia":[{"embeddable":true,"href":"https:\/\/www.suno.com.br\/noticias\/wp-json\/wp\/v2\/media\/17793"}],"wp:attachment":[{"href":"https:\/\/www.suno.com.br\/noticias\/wp-json\/wp\/v2\/media?parent=17767"}],"wp:term":[{"taxonomy":"category","embeddable":true,"href":"https:\/\/www.suno.com.br\/noticias\/wp-json\/wp\/v2\/categories?post=17767"},{"taxonomy":"post_tag","embeddable":true,"href":"https:\/\/www.suno.com.br\/noticias\/wp-json\/wp\/v2\/tags?post=17767"},{"taxonomy":"suno_strategy","embeddable":true,"href":"https:\/\/www.suno.com.br\/noticias\/wp-json\/wp\/v2\/suno_strategy?post=17767"}],"curies":[{"name":"wp","href":"https:\/\/api.w.org\/{rel}","templated":true}]}}