{"id":177499,"date":"2021-08-23T19:56:56","date_gmt":"2021-08-23T22:56:56","guid":{"rendered":"https:\/\/www.suno.com.br\/noticias\/?p=177499"},"modified":"2021-08-23T20:00:40","modified_gmt":"2021-08-23T23:00:40","slug":"cosan-csan3-entra-minerio-de-ferro","status":"publish","type":"post","link":"https:\/\/www.suno.com.br\/noticias\/cosan-csan3-entra-minerio-de-ferro\/","title":{"rendered":"Cosan (CSAN3) prop\u00f5e joint venture e compra de porto para explorar min\u00e9rio de ferro"},"content":{"rendered":"<p>A <a class=\"suno-keyword\" href=\"https:\/\/www.suno.com.br\/acoes\/CSAN3\/\" target=\"_blank\" rel=\"noopener noreferrer\" data-force=\"yes\" data-priority=\"2\"><strong>Cosan<\/strong> (CSAN3)<\/a> anunciou nesta segunda-feira (23) que pretende atuar nos segmentos de minera\u00e7\u00e3o e log\u00edstica, que receber\u00e3o o <a class=\"suno-keyword\" href=\"https:\/\/www.suno.com.br\/artigos\/primeiro-investimento\/\" target=\"_blank\" rel=\"noopener\" data-force=\"no\" data-priority=\"1\">primeiro investimento<\/a> por meio de uma nova estrutura corporativa.<\/p>\t<div class=\"wrapper-featured-image\">\n\t\t<figure class=\"spotlightImg\">\n\n\t\t\t<picture>\n\t\t\t\t<source media=\"(max-width: 768px)\" srcset=\"https:\/\/files.sunoresearch.com.br\/n\/uploads\/2021\/03\/c9bb0535-cosan-400x200.webp\">\n\t\t\t\t<img loading=\"lazy\" decoding=\"async\" class=\"newsContent__article__imgCapa lazyloadDisabled \" src=\"https:\/\/files.sunoresearch.com.br\/n\/uploads\/2021\/03\/c9bb0535-cosan-800x450.webp\" width=\"800\" height=\"450\" alt=\"Cosan (CSAN3) prop\u00f5e joint venture e compra de porto para explorar min\u00e9rio de ferro\" fetchpriority=high \/>\n\t\t\t<\/picture>\n\n\t\t\t<figcaption class=\"wp-caption-text wp-caption-text--show\">Cosan (CSAN3). Foto: Divulga\u00e7\u00e3o<\/figcaption>\n\t\t<\/figure>\n\t<\/div>\n\n\n\t<p>\n\t\t<a href=\"https:\/\/lp.suno.com.br\/planilha-controle-gastos\/\" target=\"_blank\" data-element=\"shortcode-suno-banner\" title=\"Banner SUNO, clique e saiba mais\">\n\t\t\t<picture>\n\t\t\t\t<source media=\"(max-width: 500px)\" srcset=\"https:\/\/files.sunoresearch.com.br\/n\/uploads\/2023\/03\/400x300-Planilha-controle-de-gastos.png\">\n\t\t\t\t<img class=\"newsContent__article__imgCapa newsContent__article__imgCapa--banner\"\n\t\t\t\t\tsrc=\"https:\/\/files.sunoresearch.com.br\/n\/uploads\/2023\/03\/1420x240-Planilha-controle-de-gastos.png\"\n\t\t\t\t\tdata-promo-id=\"101751\"\t\t\t\t\t\t\t\t\t\twidth='1420' height='240'\t\t\t\t\talt=\"https:\/\/files.sunoresearch.com.br\/n\/uploads\/2023\/03\/1420x240-Planilha-controle-de-gastos.png\"\n\t\t\t\t>\n\t\t\t<\/picture>\n\t\t<\/a>\n\t<\/p>\n\n\n<p>Em <a class=\"suno-keyword\" href=\"https:\/\/www.suno.com.br\/artigos\/fato-relevante\/\" target=\"_blank\" rel=\"noopener\" data-force=\"no\" data-priority=\"1\">fato relevante<\/a> arquivado na Comiss\u00e3o de Valores Mobili\u00e1rios (<strong>CVM<\/strong>), a Cosan explicou que far\u00e1 esses investimentos para explorar<strong> min\u00e9rio de ferro<\/strong> com a seguinte estrutura de fundos:<\/p>\n<figure id=\"attachment_177509\" aria-describedby=\"caption-attachment-177509\" style=\"width: 661px\" class=\"wp-caption alignnone\"><img loading=\"lazy\" decoding=\"async\" class=\"size-full wp-image-177509\" src=\"https:\/\/storage.googleapis.com\/wp-noticias\/2021\/08\/be4b6b9b-cosan.jpg\" alt=\"\" width=\"661\" height=\"290\" srcset=\"https:\/\/files.sunoresearch.com.br\/n\/uploads\/2021\/08\/be4b6b9b-cosan.jpg 661w, https:\/\/files.sunoresearch.com.br\/n\/uploads\/2021\/08\/be4b6b9b-cosan-300x132.jpg 300w, https:\/\/files.sunoresearch.com.br\/n\/uploads\/2021\/08\/be4b6b9b-cosan-150x66.jpg 150w\" sizes=\"(max-width: 661px) 100vw, 661px\" \/><figcaption id=\"caption-attachment-177509\" class=\"wp-caption-text\">Cosan. Foto: Reprodu\u00e7\u00e3o fato relevante Cosan<\/figcaption><\/figure>\n<p>A <strong>Atl\u00e2ntico<\/strong>, <strong>controlada da Cosan<\/strong>, firmou hoje uma proposta vinculante com S\u00e3o Lu\u00eds Port e os demais acionistas minorit\u00e1rios para aquisi\u00e7\u00e3o de 100% do <strong>TUP Porto S\u00e3o Lu\u00eds<\/strong> por R$ 720 milh\u00f5es.<\/p>\n\t<p>\n\t\t<a href=\"https:\/\/lp.suno.com.br\/planilha-da-vida-financeira\/\" target=\"_blank\" data-element=\"shortcode-suno-banner\" title=\"Banner SUNO, clique e saiba mais\">\n\t\t\t<picture>\n\t\t\t\t<source media=\"(max-width: 500px)\" srcset=\"https:\/\/files.sunoresearch.com.br\/n\/uploads\/2023\/04\/400x300-Planilha-vida-financeira-true.png\">\n\t\t\t\t<img class=\"newsContent__article__imgCapa newsContent__article__imgCapa--banner\"\n\t\t\t\t\tsrc=\"https:\/\/files.sunoresearch.com.br\/n\/uploads\/2023\/04\/1420x240-Planilha-vida-financeira-true.png\"\n\t\t\t\t\tdata-promo-id=\"106682\"\t\t\t\t\t\t\t\t\t\twidth='1420' height='240'\t\t\t\t\talt=\"https:\/\/files.sunoresearch.com.br\/n\/uploads\/2023\/04\/1420x240-Planilha-vida-financeira-true.png\"\n\t\t\t\t>\n\t\t\t<\/picture>\n\t\t<\/a>\n\t<\/p>\n\n\n<h2>Terminal e forma\u00e7\u00e3o de joint venture<\/h2>\n<p>A TUP Porto S\u00e3o Lu\u00eds \u00e9 dona de um terminal de uso privado localizado em S\u00e3o Lu\u00eds, no Maranh\u00e3o. Contudo, essa opera\u00e7\u00e3o est\u00e1 sujeita a aprova\u00e7\u00f5es regulat\u00f3rias e concorrenciais.<\/p>\n<p>Al\u00e9m disso, a Atl\u00e2ntico tamb\u00e9m firmou um memorando de entendimentos vinculante (MoU) com uma sociedade do <strong>Grupo Paulo Brito<\/strong>, controlador da <strong>Aura Minerals<\/strong> &#8212; empresa de minera\u00e7\u00e3o com foco em ouro e cobre &#8212;\u00a0 para a forma\u00e7\u00e3o de uma <strong>joint<\/strong> <strong>venture<\/strong> para a explora\u00e7\u00e3o de min\u00e9rio de ferro, a <strong>JV Minera\u00e7\u00e3o<\/strong>.<\/p>\n<p>O acordo prev\u00ea que a Atl\u00e2ntico ser\u00e1 dona de 37% do capital total e controle compartilhado da nova companhia combinada, &#8220;ou seja, 50% das <a class=\"suno-keyword\" href=\"https:\/\/www.suno.com.br\/artigos\/o-que-sao-acoes-ordinarias-preferenciais-e-units\/\" target=\"_blank\" rel=\"noopener\" data-force=\"no\" data-priority=\"1\">a\u00e7\u00f5es ordin\u00e1rias<\/a>, da nova companhia combinada, ap\u00f3s o aporte do Porto e de caixa, a depender de chamadas de capital pela administra\u00e7\u00e3o da companhia&#8221;, salienta a Cosan.<\/p>\n\t<p>\n\t\t<a href=\"https:\/\/lp.suno.com.br\/ebook-como-analisar-uma-acao\/\" target=\"_blank\" data-element=\"shortcode-suno-banner\" title=\"Banner SUNO, clique e saiba mais\">\n\t\t\t<picture>\n\t\t\t\t<source media=\"(max-width: 500px)\" srcset=\"https:\/\/files.sunoresearch.com.br\/n\/uploads\/2023\/03\/Ebook-Acoes-Mobile-1.jpg\">\n\t\t\t\t<img class=\"newsContent__article__imgCapa newsContent__article__imgCapa--banner\"\n\t\t\t\t\tsrc=\"https:\/\/files.sunoresearch.com.br\/n\/uploads\/2023\/03\/Ebook-Acoes-Desktop-1.jpg\"\n\t\t\t\t\tdata-promo-id=\"171998\"\t\t\t\t\t\t\t\t\t\twidth='1420' height='286'\t\t\t\t\talt=\"https:\/\/files.sunoresearch.com.br\/n\/uploads\/2023\/03\/Ebook-Acoes-Desktop-1.jpg\"\n\t\t\t\t>\n\t\t\t<\/picture>\n\t\t<\/a>\n\t<\/p>\n\n\n<p>A empresa destaca ainda que entrar\u00e1 com um parceiro estrat\u00e9gico em um novo ramo de neg\u00f3cios, contribuindo\u00a0 sua expertise log\u00edstica portu\u00e1ria e de gest\u00e3o.<\/p>\n<p>A JV Minera\u00e7\u00e3o deve come\u00e7ar a operar em 2025 e ser\u00e1 uma empresa integrada de <strong>minera\u00e7\u00e3o<\/strong> e <strong>log\u00edstica<\/strong>, de acordo com o fato relevante. O primeiro projeto mineral a ser explorado pela nova companhia est\u00e1 localizado na regi\u00e3o de Caraj\u00e1s (PA).<\/p>\n<h2>Cosan: projetos de minera\u00e7\u00e3o no Par\u00e1<\/h2>\n<p>A JV Minera\u00e7\u00e3o ser\u00e1 uma empresa integrada de <strong>minera\u00e7\u00e3o e log\u00edstica<\/strong>, que possuir\u00e1, al\u00e9m do Porto, direitos de explora\u00e7\u00e3o de ativos miner\u00e1rios em tr\u00eas projetos minerais localizados no Estado do Par\u00e1, com potencial importante de reservas de min\u00e9rio de ferro, a serem escoados pelo Porto&#8221;, explica a companhia em nota.<\/p>\n<p>O primeiro projeto mineral a ser explorado pela JV Minera\u00e7\u00e3o est\u00e1 localizado pr\u00f3ximo a Paraupebas (PA), na regi\u00e3o de Caraj\u00e1s, conectado ao Porto pela estrada f\u00e9rrea de Caraj\u00e1s. &#8220;A explora\u00e7\u00e3o seguir\u00e1 os mais altos padr\u00f5es ambientais e de seguran\u00e7a, alinhados \u00e0 estrat\u00e9gia de aloca\u00e7\u00e3o sustent\u00e1vel de capital, suportada pelos princ\u00edpios EESG do grupo Cosan&#8221;, afirma a empresa.<\/p>\n\t<div data-element=\"shortcode-read-more\" class=\"knowMore\">\n\t\t\t\t<span class=\"knowMore__title\">Veja tamb\u00e9m<\/span>\n\t\t\t\t<a class=\"knowMore__link\" href=\"https:\/\/www.suno.com.br\/noticias\/cosan-csan3-lucra-2-tri-e-revisa-guidance\/\">\n\t\t\tCosan (CSAN3) lucra R$ 942 mi e revisa guidance da Rumo (RAIL3) e da Compass (PASS3)\t\t<\/a>\n\t<\/div>\n\n\n<p>Juarez Saliba de Avelar ser\u00e1 o CEO da nova companhia, enquanto Julio Fontana ocupar\u00e1 p cargo de conselheiro e consultor s\u00eanior.<\/p>\n<p>Na avalia\u00e7\u00e3o da Ativa Investimentos, &#8220;ainda que a iniciativa possa trazer sinergias interessantes \u00e0 opera\u00e7\u00e3o da companhia sobretudo por possivelmente envolver a compra de um terminal log\u00edstico e fornecer uma intera\u00e7\u00e3o com a opera\u00e7\u00e3o de Rumo, nos mostramos reticentes a entrada da companhia em um setor emissor de carbono e de natureza extremamente c\u00edclica.&#8221;<\/p>\n<h2>Cota\u00e7\u00e3o da Cosan (CSAN3) nesta segunda (23)<\/h2>\n<p>A a\u00e7\u00e3o da <strong>Cosan<\/strong> (CSAN3) encerrou o preg\u00e3o de hoje em queda de 1,82%, valendo R$ 22,12.<\/p>\n\t<p>\n\t\t<a href=\"https:\/\/lp.suno.com.br\/planilha-de-controle-de-investimentos\/\" target=\"_blank\" data-element=\"shortcode-suno-banner\" title=\"Banner SUNO, clique e saiba mais\">\n\t\t\t<picture>\n\t\t\t\t<source media=\"(max-width: 500px)\" srcset=\"https:\/\/files.sunoresearch.com.br\/n\/uploads\/2023\/03\/400x300-Controle-de-Investimentos.png\">\n\t\t\t\t<img class=\"newsContent__article__imgCapa newsContent__article__imgCapa--banner\"\n\t\t\t\t\tsrc=\"https:\/\/files.sunoresearch.com.br\/n\/uploads\/2023\/03\/1420x240-Controle-de-Investimentos.png\"\n\t\t\t\t\tdata-promo-id=\"75934\"\t\t\t\t\t\t\t\t\t\twidth='1420' height='240'\t\t\t\t\talt=\"https:\/\/files.sunoresearch.com.br\/n\/uploads\/2023\/03\/1420x240-Controle-de-Investimentos.png\"\n\t\t\t\t>\n\t\t\t<\/picture>\n\t\t<\/a>\n\t<\/p>\n\n\n<p><em>(Com informa\u00e7\u00f5es do Estad\u00e3o Conte\u00fado)<\/em><\/p>\n","protected":false},"excerpt":{"rendered":"<p>A Cosan (CSAN3) anunciou nesta segunda-feira (23) que pretende atuar nos segmentos de minera\u00e7\u00e3o e log\u00edstica, que receber\u00e3o o primeiro investimento por meio de uma nova estrutura corporativa. Cosan (CSAN3). Foto: Divulga\u00e7\u00e3o Em fato relevante arquivado na Comiss\u00e3o de Valores Mobili\u00e1rios (CVM), a Cosan explicou que far\u00e1 esses investimentos para explorar min\u00e9rio de ferro com [&hellip;]<\/p>\n","protected":false},"author":39,"featured_media":130225,"comment_status":"closed","ping_status":"closed","sticky":false,"template":"","format":"standard","meta":[],"categories":[64],"tags":[105844,433,105816],"suno_strategy":[],"class_list":["post-177499","post","type-post","status-publish","format-standard","has-post-thumbnail","hentry","category-negocios","tag-ativa","tag-cosan-csan3","tag-especialistas"],"yoast_head":"<!-- This site is optimized with the Yoast SEO plugin v24.4 - https:\/\/yoast.com\/wordpress\/plugins\/seo\/ -->\n<title>Cosan (CSAN3) prop\u00f5e joint venture e aquisi\u00e7\u00e3o para atuar com min\u00e9rio<\/title>\n<meta name=\"description\" content=\"A Cosan (CSAN3) anunciou uma nova estrat\u00e9gia de investimentos na qual investir\u00e1 nos segmentos de minera\u00e7\u00e3o e log\u00edstica. Clique e saiba mais\" \/>\n<meta name=\"robots\" content=\"index, follow, max-snippet:-1, max-image-preview:large, max-video-preview:-1\" \/>\n<link rel=\"canonical\" href=\"https:\/\/www.suno.com.br\/noticias\/cosan-csan3-entra-minerio-de-ferro\/\" \/>\n<meta property=\"og:locale\" content=\"pt_BR\" \/>\n<meta property=\"og:type\" content=\"article\" \/>\n<meta property=\"og:title\" content=\"Cosan (CSAN3) prop\u00f5e joint venture e aquisi\u00e7\u00e3o para atuar com min\u00e9rio\" \/>\n<meta property=\"og:description\" content=\"A Cosan (CSAN3) anunciou uma nova estrat\u00e9gia de investimentos na qual investir\u00e1 nos segmentos de minera\u00e7\u00e3o e log\u00edstica. Clique e saiba mais\" \/>\n<meta property=\"og:url\" content=\"https:\/\/www.suno.com.br\/noticias\/cosan-csan3-entra-minerio-de-ferro\/\" \/>\n<meta property=\"og:site_name\" content=\"Suno Not\u00edcias\" \/>\n<meta property=\"article:publisher\" content=\"https:\/\/facebook.com\/sunoresearch\" \/>\n<meta property=\"og:image\" content=\"https:\/\/files.sunoresearch.com.br\/n\/uploads\/2021\/03\/c9bb0535-cosan.jpg\" \/>\n\t<meta property=\"og:image:width\" content=\"1200\" \/>\n\t<meta property=\"og:image:height\" content=\"800\" \/>\n\t<meta property=\"og:image:type\" content=\"image\/jpeg\" \/>\n<meta name=\"author\" content=\"Laura Moutinho\" \/>\n<meta name=\"twitter:card\" content=\"summary_large_image\" \/>\n<meta name=\"twitter:creator\" content=\"@sunoresearch\" \/>\n<meta name=\"twitter:site\" content=\"@sunoresearch\" \/>\n<meta name=\"twitter:label1\" content=\"Escrito por\" \/>\n\t<meta name=\"twitter:data1\" content=\"Laura Moutinho\" \/>\n\t<meta name=\"twitter:label2\" content=\"Est. tempo de leitura\" \/>\n\t<meta name=\"twitter:data2\" content=\"3 minutos\" \/>\n<script type=\"application\/ld+json\" class=\"yoast-schema-graph\">{\"@context\":\"https:\/\/schema.org\",\"@graph\":[{\"@type\":\"NewsArticle\",\"@id\":\"https:\/\/www.suno.com.br\/noticias\/cosan-csan3-entra-minerio-de-ferro\/#article\",\"isPartOf\":{\"@id\":\"https:\/\/www.suno.com.br\/noticias\/cosan-csan3-entra-minerio-de-ferro\/\"},\"author\":{\"name\":\"Laura Moutinho\",\"@id\":\"https:\/\/www.suno.com.br\/noticias\/#\/schema\/person\/3df0d2808748b74496efe5dbeaef2c72\"},\"headline\":\"Cosan (CSAN3) prop\u00f5e joint venture e compra de porto para explorar min\u00e9rio de ferro\",\"datePublished\":\"2021-08-23T22:56:56+00:00\",\"dateModified\":\"2021-08-23T23:00:40+00:00\",\"mainEntityOfPage\":{\"@id\":\"https:\/\/www.suno.com.br\/noticias\/cosan-csan3-entra-minerio-de-ferro\/\"},\"wordCount\":627,\"publisher\":{\"@id\":\"https:\/\/www.suno.com.br\/noticias\/#organization\"},\"image\":{\"@id\":\"https:\/\/www.suno.com.br\/noticias\/cosan-csan3-entra-minerio-de-ferro\/#primaryimage\"},\"thumbnailUrl\":\"https:\/\/files.sunoresearch.com.br\/n\/uploads\/2021\/03\/c9bb0535-cosan-jpg.webp\",\"keywords\":[\"Ativa\",\"Cosan (CSAN3)\",\"Especialistas\"],\"articleSection\":[\"Neg\u00f3cios\"],\"inLanguage\":\"pt-BR\"},{\"@type\":\"WebPage\",\"@id\":\"https:\/\/www.suno.com.br\/noticias\/cosan-csan3-entra-minerio-de-ferro\/\",\"url\":\"https:\/\/www.suno.com.br\/noticias\/cosan-csan3-entra-minerio-de-ferro\/\",\"name\":\"Cosan (CSAN3) prop\u00f5e joint venture e aquisi\u00e7\u00e3o para atuar com min\u00e9rio\",\"isPartOf\":{\"@id\":\"https:\/\/www.suno.com.br\/noticias\/#website\"},\"primaryImageOfPage\":{\"@id\":\"https:\/\/www.suno.com.br\/noticias\/cosan-csan3-entra-minerio-de-ferro\/#primaryimage\"},\"image\":{\"@id\":\"https:\/\/www.suno.com.br\/noticias\/cosan-csan3-entra-minerio-de-ferro\/#primaryimage\"},\"thumbnailUrl\":\"https:\/\/files.sunoresearch.com.br\/n\/uploads\/2021\/03\/c9bb0535-cosan-jpg.webp\",\"datePublished\":\"2021-08-23T22:56:56+00:00\",\"dateModified\":\"2021-08-23T23:00:40+00:00\",\"description\":\"A Cosan (CSAN3) anunciou uma nova estrat\u00e9gia de investimentos na qual investir\u00e1 nos segmentos de minera\u00e7\u00e3o e log\u00edstica. Clique e saiba mais\",\"breadcrumb\":{\"@id\":\"https:\/\/www.suno.com.br\/noticias\/cosan-csan3-entra-minerio-de-ferro\/#breadcrumb\"},\"inLanguage\":\"pt-BR\",\"potentialAction\":[{\"@type\":\"ReadAction\",\"target\":[\"https:\/\/www.suno.com.br\/noticias\/cosan-csan3-entra-minerio-de-ferro\/\"]}]},{\"@type\":\"ImageObject\",\"inLanguage\":\"pt-BR\",\"@id\":\"https:\/\/www.suno.com.br\/noticias\/cosan-csan3-entra-minerio-de-ferro\/#primaryimage\",\"url\":\"https:\/\/files.sunoresearch.com.br\/n\/uploads\/2021\/03\/c9bb0535-cosan-jpg.webp\",\"contentUrl\":\"https:\/\/files.sunoresearch.com.br\/n\/uploads\/2021\/03\/c9bb0535-cosan-jpg.webp\",\"width\":1200,\"height\":800,\"caption\":\"Cosan (CSAN3). Foto: Divulga\u00e7\u00e3o\"},{\"@type\":\"BreadcrumbList\",\"@id\":\"https:\/\/www.suno.com.br\/noticias\/cosan-csan3-entra-minerio-de-ferro\/#breadcrumb\",\"itemListElement\":[{\"@type\":\"ListItem\",\"position\":1,\"name\":\"Not\u00edcias\",\"item\":\"https:\/\/www.suno.com.br\/noticias\/\"},{\"@type\":\"ListItem\",\"position\":2,\"name\":\"Neg\u00f3cios\",\"item\":\"https:\/\/www.suno.com.br\/noticias\/negocios\/\"},{\"@type\":\"ListItem\",\"position\":3,\"name\":\"Cosan (CSAN3) prop\u00f5e joint venture e compra de porto para explorar min\u00e9rio de ferro\"}]},{\"@type\":\"WebSite\",\"@id\":\"https:\/\/www.suno.com.br\/noticias\/#website\",\"url\":\"https:\/\/www.suno.com.br\/noticias\/\",\"name\":\"Suno Not\u00edcias\",\"description\":\"Seu portal de informa\u00e7\u00e3o sobre o mundo dos investimentos\",\"publisher\":{\"@id\":\"https:\/\/www.suno.com.br\/noticias\/#organization\"},\"potentialAction\":[{\"@type\":\"SearchAction\",\"target\":{\"@type\":\"EntryPoint\",\"urlTemplate\":\"https:\/\/www.suno.com.br\/noticias\/?s={search_term_string}\"},\"query-input\":{\"@type\":\"PropertyValueSpecification\",\"valueRequired\":true,\"valueName\":\"search_term_string\"}}],\"inLanguage\":\"pt-BR\"},{\"@type\":\"Organization\",\"@id\":\"https:\/\/www.suno.com.br\/noticias\/#organization\",\"name\":\"Suno Not\u00edcias\",\"url\":\"https:\/\/www.suno.com.br\/noticias\/\",\"logo\":{\"@type\":\"ImageObject\",\"inLanguage\":\"pt-BR\",\"@id\":\"https:\/\/www.suno.com.br\/noticias\/#\/schema\/logo\/image\/\",\"url\":\"https:\/\/files.sunoresearch.com.br\/n\/uploads\/2021\/09\/suno-logo.png\",\"contentUrl\":\"https:\/\/files.sunoresearch.com.br\/n\/uploads\/2021\/09\/suno-logo.png\",\"width\":180,\"height\":180,\"caption\":\"Suno Not\u00edcias\"},\"image\":{\"@id\":\"https:\/\/www.suno.com.br\/noticias\/#\/schema\/logo\/image\/\"},\"sameAs\":[\"https:\/\/facebook.com\/sunoresearch\",\"https:\/\/x.com\/sunoresearch\",\"https:\/\/www.instagram.com\/suno\",\"https:\/\/www.linkedin.com\/company\/suno-research\/\",\"https:\/\/www.youtube.com\/c\/sunoresearch\"]},{\"@type\":\"Person\",\"@id\":\"https:\/\/www.suno.com.br\/noticias\/#\/schema\/person\/3df0d2808748b74496efe5dbeaef2c72\",\"name\":\"Laura Moutinho\",\"image\":{\"@type\":\"ImageObject\",\"inLanguage\":\"pt-BR\",\"@id\":\"https:\/\/www.suno.com.br\/noticias\/#\/schema\/person\/image\/\",\"url\":\"https:\/\/secure.gravatar.com\/avatar\/7571c7c8ca3a6fca5e41384ece5557ff?s=96&r=g\",\"contentUrl\":\"https:\/\/secure.gravatar.com\/avatar\/7571c7c8ca3a6fca5e41384ece5557ff?s=96&r=g\",\"caption\":\"Laura Moutinho\"},\"description\":\"Estagi\u00e1ria na Suno Not\u00edcias, escreve not\u00edcias que afetam o mercado financeiro. Estuda administra\u00e7\u00e3o na Universidade Presbiteriana Mackenzie.\",\"url\":\"https:\/\/www.suno.com.br\/noticias\/author\/laura-moutinho\/\"}]}<\/script>\n<!-- \/ Yoast SEO plugin. -->","yoast_head_json":{"title":"Cosan (CSAN3) prop\u00f5e joint venture e aquisi\u00e7\u00e3o para atuar com min\u00e9rio","description":"A Cosan (CSAN3) anunciou uma nova estrat\u00e9gia de investimentos na qual investir\u00e1 nos segmentos de minera\u00e7\u00e3o e log\u00edstica. Clique e saiba mais","robots":{"index":"index","follow":"follow","max-snippet":"max-snippet:-1","max-image-preview":"max-image-preview:large","max-video-preview":"max-video-preview:-1"},"canonical":"https:\/\/www.suno.com.br\/noticias\/cosan-csan3-entra-minerio-de-ferro\/","og_locale":"pt_BR","og_type":"article","og_title":"Cosan (CSAN3) prop\u00f5e joint venture e aquisi\u00e7\u00e3o para atuar com min\u00e9rio","og_description":"A Cosan (CSAN3) anunciou uma nova estrat\u00e9gia de investimentos na qual investir\u00e1 nos segmentos de minera\u00e7\u00e3o e log\u00edstica. Clique e saiba mais","og_url":"https:\/\/www.suno.com.br\/noticias\/cosan-csan3-entra-minerio-de-ferro\/","og_site_name":"Suno Not\u00edcias","article_publisher":"https:\/\/facebook.com\/sunoresearch","og_image":[{"width":1200,"height":800,"url":"https:\/\/files.sunoresearch.com.br\/n\/uploads\/2021\/03\/c9bb0535-cosan.jpg","type":"image\/jpeg"}],"author":"Laura Moutinho","twitter_card":"summary_large_image","twitter_creator":"@sunoresearch","twitter_site":"@sunoresearch","twitter_misc":{"Escrito por":"Laura Moutinho","Est. tempo de leitura":"3 minutos"},"schema":{"@context":"https:\/\/schema.org","@graph":[{"@type":"NewsArticle","@id":"https:\/\/www.suno.com.br\/noticias\/cosan-csan3-entra-minerio-de-ferro\/#article","isPartOf":{"@id":"https:\/\/www.suno.com.br\/noticias\/cosan-csan3-entra-minerio-de-ferro\/"},"author":{"name":"Laura Moutinho","@id":"https:\/\/www.suno.com.br\/noticias\/#\/schema\/person\/3df0d2808748b74496efe5dbeaef2c72"},"headline":"Cosan (CSAN3) prop\u00f5e joint venture e compra de porto para explorar min\u00e9rio de ferro","datePublished":"2021-08-23T22:56:56+00:00","dateModified":"2021-08-23T23:00:40+00:00","mainEntityOfPage":{"@id":"https:\/\/www.suno.com.br\/noticias\/cosan-csan3-entra-minerio-de-ferro\/"},"wordCount":627,"publisher":{"@id":"https:\/\/www.suno.com.br\/noticias\/#organization"},"image":{"@id":"https:\/\/www.suno.com.br\/noticias\/cosan-csan3-entra-minerio-de-ferro\/#primaryimage"},"thumbnailUrl":"https:\/\/files.sunoresearch.com.br\/n\/uploads\/2021\/03\/c9bb0535-cosan-jpg.webp","keywords":["Ativa","Cosan (CSAN3)","Especialistas"],"articleSection":["Neg\u00f3cios"],"inLanguage":"pt-BR"},{"@type":"WebPage","@id":"https:\/\/www.suno.com.br\/noticias\/cosan-csan3-entra-minerio-de-ferro\/","url":"https:\/\/www.suno.com.br\/noticias\/cosan-csan3-entra-minerio-de-ferro\/","name":"Cosan (CSAN3) prop\u00f5e joint venture e aquisi\u00e7\u00e3o para atuar com min\u00e9rio","isPartOf":{"@id":"https:\/\/www.suno.com.br\/noticias\/#website"},"primaryImageOfPage":{"@id":"https:\/\/www.suno.com.br\/noticias\/cosan-csan3-entra-minerio-de-ferro\/#primaryimage"},"image":{"@id":"https:\/\/www.suno.com.br\/noticias\/cosan-csan3-entra-minerio-de-ferro\/#primaryimage"},"thumbnailUrl":"https:\/\/files.sunoresearch.com.br\/n\/uploads\/2021\/03\/c9bb0535-cosan-jpg.webp","datePublished":"2021-08-23T22:56:56+00:00","dateModified":"2021-08-23T23:00:40+00:00","description":"A Cosan (CSAN3) anunciou uma nova estrat\u00e9gia de investimentos na qual investir\u00e1 nos segmentos de minera\u00e7\u00e3o e log\u00edstica. Clique e saiba mais","breadcrumb":{"@id":"https:\/\/www.suno.com.br\/noticias\/cosan-csan3-entra-minerio-de-ferro\/#breadcrumb"},"inLanguage":"pt-BR","potentialAction":[{"@type":"ReadAction","target":["https:\/\/www.suno.com.br\/noticias\/cosan-csan3-entra-minerio-de-ferro\/"]}]},{"@type":"ImageObject","inLanguage":"pt-BR","@id":"https:\/\/www.suno.com.br\/noticias\/cosan-csan3-entra-minerio-de-ferro\/#primaryimage","url":"https:\/\/files.sunoresearch.com.br\/n\/uploads\/2021\/03\/c9bb0535-cosan-jpg.webp","contentUrl":"https:\/\/files.sunoresearch.com.br\/n\/uploads\/2021\/03\/c9bb0535-cosan-jpg.webp","width":1200,"height":800,"caption":"Cosan (CSAN3). Foto: Divulga\u00e7\u00e3o"},{"@type":"BreadcrumbList","@id":"https:\/\/www.suno.com.br\/noticias\/cosan-csan3-entra-minerio-de-ferro\/#breadcrumb","itemListElement":[{"@type":"ListItem","position":1,"name":"Not\u00edcias","item":"https:\/\/www.suno.com.br\/noticias\/"},{"@type":"ListItem","position":2,"name":"Neg\u00f3cios","item":"https:\/\/www.suno.com.br\/noticias\/negocios\/"},{"@type":"ListItem","position":3,"name":"Cosan (CSAN3) prop\u00f5e joint venture e compra de porto para explorar min\u00e9rio de ferro"}]},{"@type":"WebSite","@id":"https:\/\/www.suno.com.br\/noticias\/#website","url":"https:\/\/www.suno.com.br\/noticias\/","name":"Suno Not\u00edcias","description":"Seu portal de informa\u00e7\u00e3o sobre o mundo dos investimentos","publisher":{"@id":"https:\/\/www.suno.com.br\/noticias\/#organization"},"potentialAction":[{"@type":"SearchAction","target":{"@type":"EntryPoint","urlTemplate":"https:\/\/www.suno.com.br\/noticias\/?s={search_term_string}"},"query-input":{"@type":"PropertyValueSpecification","valueRequired":true,"valueName":"search_term_string"}}],"inLanguage":"pt-BR"},{"@type":"Organization","@id":"https:\/\/www.suno.com.br\/noticias\/#organization","name":"Suno Not\u00edcias","url":"https:\/\/www.suno.com.br\/noticias\/","logo":{"@type":"ImageObject","inLanguage":"pt-BR","@id":"https:\/\/www.suno.com.br\/noticias\/#\/schema\/logo\/image\/","url":"https:\/\/files.sunoresearch.com.br\/n\/uploads\/2021\/09\/suno-logo.png","contentUrl":"https:\/\/files.sunoresearch.com.br\/n\/uploads\/2021\/09\/suno-logo.png","width":180,"height":180,"caption":"Suno Not\u00edcias"},"image":{"@id":"https:\/\/www.suno.com.br\/noticias\/#\/schema\/logo\/image\/"},"sameAs":["https:\/\/facebook.com\/sunoresearch","https:\/\/x.com\/sunoresearch","https:\/\/www.instagram.com\/suno","https:\/\/www.linkedin.com\/company\/suno-research\/","https:\/\/www.youtube.com\/c\/sunoresearch"]},{"@type":"Person","@id":"https:\/\/www.suno.com.br\/noticias\/#\/schema\/person\/3df0d2808748b74496efe5dbeaef2c72","name":"Laura Moutinho","image":{"@type":"ImageObject","inLanguage":"pt-BR","@id":"https:\/\/www.suno.com.br\/noticias\/#\/schema\/person\/image\/","url":"https:\/\/secure.gravatar.com\/avatar\/7571c7c8ca3a6fca5e41384ece5557ff?s=96&r=g","contentUrl":"https:\/\/secure.gravatar.com\/avatar\/7571c7c8ca3a6fca5e41384ece5557ff?s=96&r=g","caption":"Laura Moutinho"},"description":"Estagi\u00e1ria na Suno Not\u00edcias, escreve not\u00edcias que afetam o mercado financeiro. Estuda administra\u00e7\u00e3o na Universidade Presbiteriana Mackenzie.","url":"https:\/\/www.suno.com.br\/noticias\/author\/laura-moutinho\/"}]}},"default_loop_html":"<div class=\"cardsPage__listCard__boxs\"><div class=\"cardsPage__listCard__boxs__img\"><a href=\"https:\/\/www.suno.com.br\/noticias\/cosan-csan3-entra-minerio-de-ferro\/\"><img class=\"mask\" src=\"https:\/\/www.suno.com.br\/noticias\/wp-content\/themes\/suno\/resources\/images\/spotlight\/spotlight1img\/bg-mask.png\" alt=\"Image Mask\"\/><img src=\"https:\/\/files.sunoresearch.com.br\/n\/uploads\/2021\/03\/c9bb0535-cosan-400x200.webp\" alt=\"Cosan (CSAN3) prop\u00f5e joint venture e compra de porto para explorar min\u00e9rio de ferro\"\/><\/a><span class=\"spotlightCategory\"><a href=\"https:\/\/www.suno.com.br\/noticias\/negocios\/\">Neg\u00f3cios<\/a><\/span><\/div><div class=\"cardsPage__listCard__boxs__content\"><a href=\"https:\/\/www.suno.com.br\/noticias\/cosan-csan3-entra-minerio-de-ferro\/\"><h2 class=\"content__title\">Cosan (CSAN3) prop\u00f5e joint venture e compra de porto para explorar min\u00e9rio de ferro<\/h2><\/a><div class=\"newsContent__article__meta\"><div class=\"newsContent__article__meta__authorBox\"><a href=\"https:\/\/www.suno.com.br\/noticias\/author\/laura-moutinho\/\" class=\"authorBox__avatar noMobi\"><img src=\"https:\/\/files.sunoresearch.com.br\/n\/uploads\/2020\/08\/531ff69d-whatsapp-image-2020-08-03-at-14.54.38-150x150.webp\" alt=\"Laura Moutinho\"><\/a><div class=\"authorBox__name\"><span>por\n\t\t\t<a href=\"https:\/\/www.suno.com.br\/noticias\/author\/laura-moutinho\/\"><span itemprop=\"author\">Laura Moutinho<\/span><\/a><\/span><time datetime=\"2021-08-23T19:56:56-03:00\" itemprop=\"datePublished\">23\/08\/2021 19:56<\/time><\/div><\/div><\/div><\/div><\/div>","single_layout":"posts","amp_enabled":true,"_links":{"self":[{"href":"https:\/\/www.suno.com.br\/noticias\/wp-json\/wp\/v2\/posts\/177499"}],"collection":[{"href":"https:\/\/www.suno.com.br\/noticias\/wp-json\/wp\/v2\/posts"}],"about":[{"href":"https:\/\/www.suno.com.br\/noticias\/wp-json\/wp\/v2\/types\/post"}],"author":[{"embeddable":true,"href":"https:\/\/www.suno.com.br\/noticias\/wp-json\/wp\/v2\/users\/39"}],"replies":[{"embeddable":true,"href":"https:\/\/www.suno.com.br\/noticias\/wp-json\/wp\/v2\/comments?post=177499"}],"version-history":[{"count":4,"href":"https:\/\/www.suno.com.br\/noticias\/wp-json\/wp\/v2\/posts\/177499\/revisions"}],"predecessor-version":[{"id":177832,"href":"https:\/\/www.suno.com.br\/noticias\/wp-json\/wp\/v2\/posts\/177499\/revisions\/177832"}],"wp:featuredmedia":[{"embeddable":true,"href":"https:\/\/www.suno.com.br\/noticias\/wp-json\/wp\/v2\/media\/130225"}],"wp:attachment":[{"href":"https:\/\/www.suno.com.br\/noticias\/wp-json\/wp\/v2\/media?parent=177499"}],"wp:term":[{"taxonomy":"category","embeddable":true,"href":"https:\/\/www.suno.com.br\/noticias\/wp-json\/wp\/v2\/categories?post=177499"},{"taxonomy":"post_tag","embeddable":true,"href":"https:\/\/www.suno.com.br\/noticias\/wp-json\/wp\/v2\/tags?post=177499"},{"taxonomy":"suno_strategy","embeddable":true,"href":"https:\/\/www.suno.com.br\/noticias\/wp-json\/wp\/v2\/suno_strategy?post=177499"}],"curies":[{"name":"wp","href":"https:\/\/api.w.org\/{rel}","templated":true}]}}