{"id":17737,"date":"2019-03-12T16:07:31","date_gmt":"2019-03-12T19:07:31","guid":{"rendered":"https:\/\/www.suno.com.br\/noticias\/?p=17737"},"modified":"2021-06-13T23:47:31","modified_gmt":"2021-06-14T02:47:31","slug":"gol-voos-estados-unidos-boeing","status":"publish","type":"post","link":"https:\/\/www.suno.com.br\/noticias\/gol-voos-estados-unidos-boeing\/","title":{"rendered":"Gol cancela tr\u00eas voos para os EUA ap\u00f3s suspens\u00e3o de Boeing 737 MAX 8"},"content":{"rendered":"<p>A Gol cancelou tr\u00eas dos quatro voos programados para esta ter\u00e7a-feira (12) com destino aos Estados Unidos.<\/p>\t<div class=\"wrapper-featured-image\">\n\t\t<figure class=\"spotlightImg\">\n\n\t\t\t<picture>\n\t\t\t\t<source media=\"(max-width: 768px)\" srcset=\"https:\/\/files.sunoresearch.com.br\/n\/uploads\/2019\/03\/1ef17a77-gol-400x200.webp\">\n\t\t\t\t<img loading=\"lazy\" decoding=\"async\" class=\"newsContent__article__imgCapa lazyloadDisabled newsContent__article__imgCapa--noCaption\" src=\"https:\/\/files.sunoresearch.com.br\/n\/uploads\/2019\/03\/1ef17a77-gol-800x450.webp\" width=\"800\" height=\"450\" alt=\"Gol cancela tr\u00eas voos para os EUA ap\u00f3s suspens\u00e3o de Boeing 737 MAX 8\" fetchpriority=high \/>\n\t\t\t<\/picture>\n\n\t\t\t<figcaption class=\"wp-caption-text wp-caption-text--hide\">A Gol (GOLL4) aprovou a cria\u00e7\u00e3o de uma holding com a Avianca, e companhia pode ter capital fechado<\/figcaption>\n\t\t<\/figure>\n\t<\/div>\n\n\n<p>De acordo com a <strong>Gol<\/strong>, os cancelamentos se devem a readequa\u00e7\u00e3o da frota. Na \u00faltima segunda-feira (11), a companhia a\u00e9rea anunciou a suspens\u00e3o das opera\u00e7\u00f5es do <strong>737 MAX 8<\/strong> da <strong>Boeing<\/strong> ap\u00f3s um avi\u00e3o do mesmo modelo cair na <strong>Eti\u00f3pia<\/strong> no \u00faltimo domingo.<\/p>\n<p><a href=\"https:\/\/www.suno.com.br\/noticias\/paises-restringem-boeing\/\">Saiba mais: Pa\u00edses restringem Boeing 737 MAX 8 ap\u00f3s queda de avi\u00e3o<\/a><\/p>\n<p>Entre os voos cancelados, est\u00e3o:<\/p>\n<ul>\n<li><strong>Bras\u00edlia-Miami;<\/strong><\/li>\n<li><strong>Bras\u00edlia-Orlando;<\/strong><\/li>\n<li><strong>Fortaleza-Miami;<\/strong><\/li>\n<\/ul>\n<p>O voo entre <strong>Fortaleza<\/strong> e <strong>Orlando<\/strong> foi mantido. As rotas eram realizadas por avi\u00f5es <strong>Boeing 737 MAX 8<\/strong>. Outra aeronave, o <strong>737-800NG<\/strong> dever\u00e1 ser utilizado para ligar os <strong>Estados Unidos<\/strong> ao <strong>Brasil<\/strong>. O avi\u00e3o \u00e9 usado em voos nacionais.<\/p>\n<p>J\u00e1 os voos nacionais operam normalmente nesta ter\u00e7a-feira (12). Nos aeroportos administrados pela <strong>Infraero<\/strong>, a empresa teve apenas quatro cancelamentos, representando 1,98% das opera\u00e7\u00f5es.<\/p>\n<p><a href=\"https:\/\/www.suno.com.br\/noticias\/gol-suspende-modelo-boeing\/\">Saiba mais: Gol suspende uso do modelo 737 MAX 8 da Boeing<\/a><\/p>\n<p>A <strong>Gol<\/strong> tem atualmente sete avi\u00f5es do modelo <strong>737 MAX<\/strong>. Por\u00e9m, a a\u00e9rea possui uma encomenda de 130 avi\u00f5es da linha. Em junho do ano passado, a companhia recebeu sua primeira unidade.<\/p>\n<p>Al\u00e9m disso, a <strong>Gol<\/strong> informou que j\u00e1 realizou 2.933 voos com 737 MAX 8, o que totaliza mais de 12.700 horas com total seguran\u00e7a e efici\u00eancia. A empresa reafirmou que a decis\u00e3o foi tomada por precau\u00e7\u00e3o.<\/p>\n<p><a href=\"https:\/\/www.suno.com.br\/noticias\/china-indonesia-proibem-voos-boeing\/\">Saiba mais: Ap\u00f3s queda, China e Indon\u00e9sia pro\u00edbem voos do Boeing 737 Max 8<\/a><\/p>\n<p>&#8220;A Gol reitera a confian\u00e7a na seguran\u00e7a de suas opera\u00e7\u00f5es e na Boeing, parceira exclusiva desde o in\u00edcio da companhia em 2001, e esclarece que est\u00e1 acompanhando de forma intensiva todos os fatos, que permitam o retorno das aeronaves \u00e0s opera\u00e7\u00f5es regulares da companhia no menor espa\u00e7o de tempo poss\u00edvel&#8221;, informou.<\/p>\n<h2>Outros pa\u00edses<\/h2>\n<p>Al\u00e9m da <strong>Gol<\/strong>, outros pa\u00edses tamb\u00e9m decidiram restringir o uso do <strong>Boeing 737 MAX 8<\/strong> em seus territ\u00f3rios, sendo eles:<\/p>\n<ul>\n<li>Reino Unido;<\/li>\n<li>Uni\u00e3o Europeia;<\/li>\n<li>Om\u00e3;<\/li>\n<li>Mal\u00e1sia;<\/li>\n<li>China;<\/li>\n<li>Indon\u00e9sia;<\/li>\n<li>Cor\u00e9ia do Sul;<\/li>\n<li>Mong\u00f3lia;<\/li>\n<li>Austr\u00e1lia.<\/li>\n<\/ul>\n<p>&nbsp;<\/p>\n","protected":false},"excerpt":{"rendered":"<p>A Gol cancelou tr\u00eas dos quatro voos programados para esta ter\u00e7a-feira (12) com destino aos Estados Unidos. A Gol (GOLL4) aprovou a cria\u00e7\u00e3o de uma holding com a Avianca, e companhia pode ter capital fechado De acordo com a Gol, os cancelamentos se devem a readequa\u00e7\u00e3o da frota. Na \u00faltima segunda-feira (11), a companhia a\u00e9rea [&hellip;]<\/p>\n","protected":false},"author":14,"featured_media":17745,"comment_status":"closed","ping_status":"closed","sticky":false,"template":"","format":"standard","meta":[],"categories":[64],"tags":[460,793,489],"suno_strategy":[],"class_list":["post-17737","post","type-post","status-publish","format-standard","has-post-thumbnail","hentry","category-negocios","tag-embraer-embr3","tag-estados-unidos-eua","tag-gol-linhas-aereas-goll11-goll4"],"yoast_head":"<!-- This site is optimized with the Yoast SEO plugin v24.4 - https:\/\/yoast.com\/wordpress\/plugins\/seo\/ -->\n<title>Gol cancela tr\u00eas voos para os EUA ap\u00f3s suspens\u00e3o de Boeing 737 MAX8<\/title>\n<meta name=\"description\" content=\"De acordo com a Gol, os cancelamentos se devem a readequa\u00e7\u00e3o da frota. As rotas eram realizadas por Boeing 737 MAX 8. Clique para saber mais\" \/>\n<meta name=\"robots\" content=\"index, follow, max-snippet:-1, max-image-preview:large, max-video-preview:-1\" \/>\n<link rel=\"canonical\" href=\"https:\/\/www.suno.com.br\/noticias\/gol-voos-estados-unidos-boeing\/\" \/>\n<meta property=\"og:locale\" content=\"pt_BR\" \/>\n<meta property=\"og:type\" content=\"article\" \/>\n<meta property=\"og:title\" content=\"Gol cancela tr\u00eas voos para os EUA ap\u00f3s suspens\u00e3o de Boeing 737 MAX8\" \/>\n<meta property=\"og:description\" content=\"De acordo com a Gol, os cancelamentos se devem a readequa\u00e7\u00e3o da frota. As rotas eram realizadas por Boeing 737 MAX 8. Clique para saber mais\" \/>\n<meta property=\"og:url\" content=\"https:\/\/www.suno.com.br\/noticias\/gol-voos-estados-unidos-boeing\/\" \/>\n<meta property=\"og:site_name\" content=\"Suno Not\u00edcias\" \/>\n<meta property=\"article:publisher\" content=\"https:\/\/facebook.com\/sunoresearch\" \/>\n<meta property=\"og:image\" content=\"https:\/\/files.sunoresearch.com.br\/n\/uploads\/2019\/03\/1ef17a77-gol.jpg\" \/>\n\t<meta property=\"og:image:width\" content=\"1536\" \/>\n\t<meta property=\"og:image:height\" content=\"1024\" \/>\n\t<meta property=\"og:image:type\" content=\"image\/jpeg\" \/>\n<meta name=\"author\" content=\"Renan Dantas\" \/>\n<meta name=\"twitter:card\" content=\"summary_large_image\" \/>\n<meta name=\"twitter:creator\" content=\"@sunoresearch\" \/>\n<meta name=\"twitter:site\" content=\"@sunoresearch\" \/>\n<meta name=\"twitter:label1\" content=\"Escrito por\" \/>\n\t<meta name=\"twitter:data1\" content=\"Renan Dantas\" \/>\n\t<meta name=\"twitter:label2\" content=\"Est. tempo de leitura\" \/>\n\t<meta name=\"twitter:data2\" content=\"2 minutos\" \/>\n<script type=\"application\/ld+json\" class=\"yoast-schema-graph\">{\"@context\":\"https:\/\/schema.org\",\"@graph\":[{\"@type\":\"NewsArticle\",\"@id\":\"https:\/\/www.suno.com.br\/noticias\/gol-voos-estados-unidos-boeing\/#article\",\"isPartOf\":{\"@id\":\"https:\/\/www.suno.com.br\/noticias\/gol-voos-estados-unidos-boeing\/\"},\"author\":{\"name\":\"Renan Dantas\",\"@id\":\"https:\/\/www.suno.com.br\/noticias\/#\/schema\/person\/3f7693d5795a3f6d5ce15309ee785699\"},\"headline\":\"Gol cancela tr\u00eas voos para os EUA ap\u00f3s suspens\u00e3o de Boeing 737 MAX 8\",\"datePublished\":\"2019-03-12T19:07:31+00:00\",\"dateModified\":\"2021-06-14T02:47:31+00:00\",\"mainEntityOfPage\":{\"@id\":\"https:\/\/www.suno.com.br\/noticias\/gol-voos-estados-unidos-boeing\/\"},\"wordCount\":365,\"publisher\":{\"@id\":\"https:\/\/www.suno.com.br\/noticias\/#organization\"},\"image\":{\"@id\":\"https:\/\/www.suno.com.br\/noticias\/gol-voos-estados-unidos-boeing\/#primaryimage\"},\"thumbnailUrl\":\"https:\/\/files.sunoresearch.com.br\/n\/uploads\/2019\/03\/1ef17a77-gol-jpg.webp\",\"keywords\":[\"Embraer (EMBR3)\",\"Estados Unidos (EUA)\",\"Gol Linhas A\u00e9reas (GOLL11\/GOLL4)\"],\"articleSection\":[\"Neg\u00f3cios\"],\"inLanguage\":\"pt-BR\"},{\"@type\":\"WebPage\",\"@id\":\"https:\/\/www.suno.com.br\/noticias\/gol-voos-estados-unidos-boeing\/\",\"url\":\"https:\/\/www.suno.com.br\/noticias\/gol-voos-estados-unidos-boeing\/\",\"name\":\"Gol cancela tr\u00eas voos para os EUA ap\u00f3s suspens\u00e3o de Boeing 737 MAX8\",\"isPartOf\":{\"@id\":\"https:\/\/www.suno.com.br\/noticias\/#website\"},\"primaryImageOfPage\":{\"@id\":\"https:\/\/www.suno.com.br\/noticias\/gol-voos-estados-unidos-boeing\/#primaryimage\"},\"image\":{\"@id\":\"https:\/\/www.suno.com.br\/noticias\/gol-voos-estados-unidos-boeing\/#primaryimage\"},\"thumbnailUrl\":\"https:\/\/files.sunoresearch.com.br\/n\/uploads\/2019\/03\/1ef17a77-gol-jpg.webp\",\"datePublished\":\"2019-03-12T19:07:31+00:00\",\"dateModified\":\"2021-06-14T02:47:31+00:00\",\"description\":\"De acordo com a Gol, os cancelamentos se devem a readequa\u00e7\u00e3o da frota. As rotas eram realizadas por Boeing 737 MAX 8. Clique para saber mais\",\"breadcrumb\":{\"@id\":\"https:\/\/www.suno.com.br\/noticias\/gol-voos-estados-unidos-boeing\/#breadcrumb\"},\"inLanguage\":\"pt-BR\",\"potentialAction\":[{\"@type\":\"ReadAction\",\"target\":[\"https:\/\/www.suno.com.br\/noticias\/gol-voos-estados-unidos-boeing\/\"]}]},{\"@type\":\"ImageObject\",\"inLanguage\":\"pt-BR\",\"@id\":\"https:\/\/www.suno.com.br\/noticias\/gol-voos-estados-unidos-boeing\/#primaryimage\",\"url\":\"https:\/\/files.sunoresearch.com.br\/n\/uploads\/2019\/03\/1ef17a77-gol-jpg.webp\",\"contentUrl\":\"https:\/\/files.sunoresearch.com.br\/n\/uploads\/2019\/03\/1ef17a77-gol-jpg.webp\",\"width\":1536,\"height\":1024,\"caption\":\"A Gol (GOLL4) aprovou a cria\u00e7\u00e3o de uma holding com a Avianca, e companhia pode ter capital fechado\"},{\"@type\":\"BreadcrumbList\",\"@id\":\"https:\/\/www.suno.com.br\/noticias\/gol-voos-estados-unidos-boeing\/#breadcrumb\",\"itemListElement\":[{\"@type\":\"ListItem\",\"position\":1,\"name\":\"Not\u00edcias\",\"item\":\"https:\/\/www.suno.com.br\/noticias\/\"},{\"@type\":\"ListItem\",\"position\":2,\"name\":\"Neg\u00f3cios\",\"item\":\"https:\/\/www.suno.com.br\/noticias\/negocios\/\"},{\"@type\":\"ListItem\",\"position\":3,\"name\":\"Gol cancela tr\u00eas voos para os EUA ap\u00f3s suspens\u00e3o de Boeing 737 MAX 8\"}]},{\"@type\":\"WebSite\",\"@id\":\"https:\/\/www.suno.com.br\/noticias\/#website\",\"url\":\"https:\/\/www.suno.com.br\/noticias\/\",\"name\":\"Suno Not\u00edcias\",\"description\":\"Seu portal de informa\u00e7\u00e3o sobre o mundo dos investimentos\",\"publisher\":{\"@id\":\"https:\/\/www.suno.com.br\/noticias\/#organization\"},\"potentialAction\":[{\"@type\":\"SearchAction\",\"target\":{\"@type\":\"EntryPoint\",\"urlTemplate\":\"https:\/\/www.suno.com.br\/noticias\/?s={search_term_string}\"},\"query-input\":{\"@type\":\"PropertyValueSpecification\",\"valueRequired\":true,\"valueName\":\"search_term_string\"}}],\"inLanguage\":\"pt-BR\"},{\"@type\":\"Organization\",\"@id\":\"https:\/\/www.suno.com.br\/noticias\/#organization\",\"name\":\"Suno Not\u00edcias\",\"url\":\"https:\/\/www.suno.com.br\/noticias\/\",\"logo\":{\"@type\":\"ImageObject\",\"inLanguage\":\"pt-BR\",\"@id\":\"https:\/\/www.suno.com.br\/noticias\/#\/schema\/logo\/image\/\",\"url\":\"https:\/\/files.sunoresearch.com.br\/n\/uploads\/2021\/09\/suno-logo.png\",\"contentUrl\":\"https:\/\/files.sunoresearch.com.br\/n\/uploads\/2021\/09\/suno-logo.png\",\"width\":180,\"height\":180,\"caption\":\"Suno Not\u00edcias\"},\"image\":{\"@id\":\"https:\/\/www.suno.com.br\/noticias\/#\/schema\/logo\/image\/\"},\"sameAs\":[\"https:\/\/facebook.com\/sunoresearch\",\"https:\/\/x.com\/sunoresearch\",\"https:\/\/www.instagram.com\/suno\",\"https:\/\/www.linkedin.com\/company\/suno-research\/\",\"https:\/\/www.youtube.com\/c\/sunoresearch\"]},{\"@type\":\"Person\",\"@id\":\"https:\/\/www.suno.com.br\/noticias\/#\/schema\/person\/3f7693d5795a3f6d5ce15309ee785699\",\"name\":\"Renan Dantas\",\"image\":{\"@type\":\"ImageObject\",\"inLanguage\":\"pt-BR\",\"@id\":\"https:\/\/www.suno.com.br\/noticias\/#\/schema\/person\/image\/\",\"url\":\"https:\/\/secure.gravatar.com\/avatar\/1787b83e7484a08e51d62ac8b41c8396?s=96&r=g\",\"contentUrl\":\"https:\/\/secure.gravatar.com\/avatar\/1787b83e7484a08e51d62ac8b41c8396?s=96&r=g\",\"caption\":\"Renan Dantas\"},\"description\":\"Escreve sobre pol\u00edtica e mercado financeiro para o portal Suno Not\u00edcias. Antes, atuou na assessoria de comunica\u00e7\u00e3o do Minist\u00e9rio P\u00fablico do Trabalho e na R\u00e1dio Mackenzie, onde apresentava e produzia um programa sobre artistas da m\u00fasica brasileira. \u00c9 estudante na Universidade Presbiteriana Mackenzie.\",\"url\":\"https:\/\/www.suno.com.br\/noticias\/author\/renan-dantas\/\"}]}<\/script>\n<!-- \/ Yoast SEO plugin. -->","yoast_head_json":{"title":"Gol cancela tr\u00eas voos para os EUA ap\u00f3s suspens\u00e3o de Boeing 737 MAX8","description":"De acordo com a Gol, os cancelamentos se devem a readequa\u00e7\u00e3o da frota. As rotas eram realizadas por Boeing 737 MAX 8. Clique para saber mais","robots":{"index":"index","follow":"follow","max-snippet":"max-snippet:-1","max-image-preview":"max-image-preview:large","max-video-preview":"max-video-preview:-1"},"canonical":"https:\/\/www.suno.com.br\/noticias\/gol-voos-estados-unidos-boeing\/","og_locale":"pt_BR","og_type":"article","og_title":"Gol cancela tr\u00eas voos para os EUA ap\u00f3s suspens\u00e3o de Boeing 737 MAX8","og_description":"De acordo com a Gol, os cancelamentos se devem a readequa\u00e7\u00e3o da frota. As rotas eram realizadas por Boeing 737 MAX 8. Clique para saber mais","og_url":"https:\/\/www.suno.com.br\/noticias\/gol-voos-estados-unidos-boeing\/","og_site_name":"Suno Not\u00edcias","article_publisher":"https:\/\/facebook.com\/sunoresearch","og_image":[{"width":1536,"height":1024,"url":"https:\/\/files.sunoresearch.com.br\/n\/uploads\/2019\/03\/1ef17a77-gol.jpg","type":"image\/jpeg"}],"author":"Renan Dantas","twitter_card":"summary_large_image","twitter_creator":"@sunoresearch","twitter_site":"@sunoresearch","twitter_misc":{"Escrito por":"Renan Dantas","Est. tempo de leitura":"2 minutos"},"schema":{"@context":"https:\/\/schema.org","@graph":[{"@type":"NewsArticle","@id":"https:\/\/www.suno.com.br\/noticias\/gol-voos-estados-unidos-boeing\/#article","isPartOf":{"@id":"https:\/\/www.suno.com.br\/noticias\/gol-voos-estados-unidos-boeing\/"},"author":{"name":"Renan Dantas","@id":"https:\/\/www.suno.com.br\/noticias\/#\/schema\/person\/3f7693d5795a3f6d5ce15309ee785699"},"headline":"Gol cancela tr\u00eas voos para os EUA ap\u00f3s suspens\u00e3o de Boeing 737 MAX 8","datePublished":"2019-03-12T19:07:31+00:00","dateModified":"2021-06-14T02:47:31+00:00","mainEntityOfPage":{"@id":"https:\/\/www.suno.com.br\/noticias\/gol-voos-estados-unidos-boeing\/"},"wordCount":365,"publisher":{"@id":"https:\/\/www.suno.com.br\/noticias\/#organization"},"image":{"@id":"https:\/\/www.suno.com.br\/noticias\/gol-voos-estados-unidos-boeing\/#primaryimage"},"thumbnailUrl":"https:\/\/files.sunoresearch.com.br\/n\/uploads\/2019\/03\/1ef17a77-gol-jpg.webp","keywords":["Embraer (EMBR3)","Estados Unidos (EUA)","Gol Linhas A\u00e9reas (GOLL11\/GOLL4)"],"articleSection":["Neg\u00f3cios"],"inLanguage":"pt-BR"},{"@type":"WebPage","@id":"https:\/\/www.suno.com.br\/noticias\/gol-voos-estados-unidos-boeing\/","url":"https:\/\/www.suno.com.br\/noticias\/gol-voos-estados-unidos-boeing\/","name":"Gol cancela tr\u00eas voos para os EUA ap\u00f3s suspens\u00e3o de Boeing 737 MAX8","isPartOf":{"@id":"https:\/\/www.suno.com.br\/noticias\/#website"},"primaryImageOfPage":{"@id":"https:\/\/www.suno.com.br\/noticias\/gol-voos-estados-unidos-boeing\/#primaryimage"},"image":{"@id":"https:\/\/www.suno.com.br\/noticias\/gol-voos-estados-unidos-boeing\/#primaryimage"},"thumbnailUrl":"https:\/\/files.sunoresearch.com.br\/n\/uploads\/2019\/03\/1ef17a77-gol-jpg.webp","datePublished":"2019-03-12T19:07:31+00:00","dateModified":"2021-06-14T02:47:31+00:00","description":"De acordo com a Gol, os cancelamentos se devem a readequa\u00e7\u00e3o da frota. As rotas eram realizadas por Boeing 737 MAX 8. Clique para saber mais","breadcrumb":{"@id":"https:\/\/www.suno.com.br\/noticias\/gol-voos-estados-unidos-boeing\/#breadcrumb"},"inLanguage":"pt-BR","potentialAction":[{"@type":"ReadAction","target":["https:\/\/www.suno.com.br\/noticias\/gol-voos-estados-unidos-boeing\/"]}]},{"@type":"ImageObject","inLanguage":"pt-BR","@id":"https:\/\/www.suno.com.br\/noticias\/gol-voos-estados-unidos-boeing\/#primaryimage","url":"https:\/\/files.sunoresearch.com.br\/n\/uploads\/2019\/03\/1ef17a77-gol-jpg.webp","contentUrl":"https:\/\/files.sunoresearch.com.br\/n\/uploads\/2019\/03\/1ef17a77-gol-jpg.webp","width":1536,"height":1024,"caption":"A Gol (GOLL4) aprovou a cria\u00e7\u00e3o de uma holding com a Avianca, e companhia pode ter capital fechado"},{"@type":"BreadcrumbList","@id":"https:\/\/www.suno.com.br\/noticias\/gol-voos-estados-unidos-boeing\/#breadcrumb","itemListElement":[{"@type":"ListItem","position":1,"name":"Not\u00edcias","item":"https:\/\/www.suno.com.br\/noticias\/"},{"@type":"ListItem","position":2,"name":"Neg\u00f3cios","item":"https:\/\/www.suno.com.br\/noticias\/negocios\/"},{"@type":"ListItem","position":3,"name":"Gol cancela tr\u00eas voos para os EUA ap\u00f3s suspens\u00e3o de Boeing 737 MAX 8"}]},{"@type":"WebSite","@id":"https:\/\/www.suno.com.br\/noticias\/#website","url":"https:\/\/www.suno.com.br\/noticias\/","name":"Suno Not\u00edcias","description":"Seu portal de informa\u00e7\u00e3o sobre o mundo dos investimentos","publisher":{"@id":"https:\/\/www.suno.com.br\/noticias\/#organization"},"potentialAction":[{"@type":"SearchAction","target":{"@type":"EntryPoint","urlTemplate":"https:\/\/www.suno.com.br\/noticias\/?s={search_term_string}"},"query-input":{"@type":"PropertyValueSpecification","valueRequired":true,"valueName":"search_term_string"}}],"inLanguage":"pt-BR"},{"@type":"Organization","@id":"https:\/\/www.suno.com.br\/noticias\/#organization","name":"Suno Not\u00edcias","url":"https:\/\/www.suno.com.br\/noticias\/","logo":{"@type":"ImageObject","inLanguage":"pt-BR","@id":"https:\/\/www.suno.com.br\/noticias\/#\/schema\/logo\/image\/","url":"https:\/\/files.sunoresearch.com.br\/n\/uploads\/2021\/09\/suno-logo.png","contentUrl":"https:\/\/files.sunoresearch.com.br\/n\/uploads\/2021\/09\/suno-logo.png","width":180,"height":180,"caption":"Suno Not\u00edcias"},"image":{"@id":"https:\/\/www.suno.com.br\/noticias\/#\/schema\/logo\/image\/"},"sameAs":["https:\/\/facebook.com\/sunoresearch","https:\/\/x.com\/sunoresearch","https:\/\/www.instagram.com\/suno","https:\/\/www.linkedin.com\/company\/suno-research\/","https:\/\/www.youtube.com\/c\/sunoresearch"]},{"@type":"Person","@id":"https:\/\/www.suno.com.br\/noticias\/#\/schema\/person\/3f7693d5795a3f6d5ce15309ee785699","name":"Renan Dantas","image":{"@type":"ImageObject","inLanguage":"pt-BR","@id":"https:\/\/www.suno.com.br\/noticias\/#\/schema\/person\/image\/","url":"https:\/\/secure.gravatar.com\/avatar\/1787b83e7484a08e51d62ac8b41c8396?s=96&r=g","contentUrl":"https:\/\/secure.gravatar.com\/avatar\/1787b83e7484a08e51d62ac8b41c8396?s=96&r=g","caption":"Renan Dantas"},"description":"Escreve sobre pol\u00edtica e mercado financeiro para o portal Suno Not\u00edcias. Antes, atuou na assessoria de comunica\u00e7\u00e3o do Minist\u00e9rio P\u00fablico do Trabalho e na R\u00e1dio Mackenzie, onde apresentava e produzia um programa sobre artistas da m\u00fasica brasileira. \u00c9 estudante na Universidade Presbiteriana Mackenzie.","url":"https:\/\/www.suno.com.br\/noticias\/author\/renan-dantas\/"}]}},"default_loop_html":"<div class=\"cardsPage__listCard__boxs\"><div class=\"cardsPage__listCard__boxs__img\"><a href=\"https:\/\/www.suno.com.br\/noticias\/gol-voos-estados-unidos-boeing\/\"><img class=\"mask\" src=\"https:\/\/www.suno.com.br\/noticias\/wp-content\/themes\/suno\/resources\/images\/spotlight\/spotlight1img\/bg-mask.png\" alt=\"Image Mask\"\/><img src=\"https:\/\/files.sunoresearch.com.br\/n\/uploads\/2019\/03\/1ef17a77-gol-400x200.webp\" alt=\"Gol cancela tr\u00eas voos para os EUA ap\u00f3s suspens\u00e3o de Boeing 737 MAX 8\"\/><\/a><span class=\"spotlightCategory\"><a href=\"https:\/\/www.suno.com.br\/noticias\/negocios\/\">Neg\u00f3cios<\/a><\/span><\/div><div class=\"cardsPage__listCard__boxs__content\"><a href=\"https:\/\/www.suno.com.br\/noticias\/gol-voos-estados-unidos-boeing\/\"><h2 class=\"content__title\">Gol cancela tr\u00eas voos para os EUA ap\u00f3s suspens\u00e3o de Boeing 737 MAX 8<\/h2><\/a><div class=\"newsContent__article__meta\"><div class=\"newsContent__article__meta__authorBox\"><a href=\"https:\/\/www.suno.com.br\/noticias\/author\/renan-dantas\/\" class=\"authorBox__avatar noMobi\"><img src=\"https:\/\/secure.gravatar.com\/avatar\/1787b83e7484a08e51d62ac8b41c8396?s=96&#038;r=g\" alt=\"Renan Dantas\"><\/a><div class=\"authorBox__name\"><span>por\n\t\t\t<a href=\"https:\/\/www.suno.com.br\/noticias\/author\/renan-dantas\/\"><span itemprop=\"author\">Renan Dantas<\/span><\/a><\/span><time datetime=\"2019-03-12T16:07:31-03:00\" itemprop=\"datePublished\">12\/03\/2019 16:07<\/time><\/div><\/div><\/div><\/div><\/div>","single_layout":"posts","amp_enabled":true,"_links":{"self":[{"href":"https:\/\/www.suno.com.br\/noticias\/wp-json\/wp\/v2\/posts\/17737"}],"collection":[{"href":"https:\/\/www.suno.com.br\/noticias\/wp-json\/wp\/v2\/posts"}],"about":[{"href":"https:\/\/www.suno.com.br\/noticias\/wp-json\/wp\/v2\/types\/post"}],"author":[{"embeddable":true,"href":"https:\/\/www.suno.com.br\/noticias\/wp-json\/wp\/v2\/users\/14"}],"replies":[{"embeddable":true,"href":"https:\/\/www.suno.com.br\/noticias\/wp-json\/wp\/v2\/comments?post=17737"}],"version-history":[{"count":1,"href":"https:\/\/www.suno.com.br\/noticias\/wp-json\/wp\/v2\/posts\/17737\/revisions"}],"predecessor-version":[{"id":157448,"href":"https:\/\/www.suno.com.br\/noticias\/wp-json\/wp\/v2\/posts\/17737\/revisions\/157448"}],"wp:featuredmedia":[{"embeddable":true,"href":"https:\/\/www.suno.com.br\/noticias\/wp-json\/wp\/v2\/media\/17745"}],"wp:attachment":[{"href":"https:\/\/www.suno.com.br\/noticias\/wp-json\/wp\/v2\/media?parent=17737"}],"wp:term":[{"taxonomy":"category","embeddable":true,"href":"https:\/\/www.suno.com.br\/noticias\/wp-json\/wp\/v2\/categories?post=17737"},{"taxonomy":"post_tag","embeddable":true,"href":"https:\/\/www.suno.com.br\/noticias\/wp-json\/wp\/v2\/tags?post=17737"},{"taxonomy":"suno_strategy","embeddable":true,"href":"https:\/\/www.suno.com.br\/noticias\/wp-json\/wp\/v2\/suno_strategy?post=17737"}],"curies":[{"name":"wp","href":"https:\/\/api.w.org\/{rel}","templated":true}]}}