{"id":177257,"date":"2021-08-23T10:05:52","date_gmt":"2021-08-23T13:05:52","guid":{"rendered":"https:\/\/www.suno.com.br\/noticias\/?p=177257"},"modified":"2021-08-23T10:05:52","modified_gmt":"2021-08-23T13:05:52","slug":"inflacao-alemanha-subira-proximos-meses-caira-2022","status":"publish","type":"post","link":"https:\/\/www.suno.com.br\/noticias\/inflacao-alemanha-subira-proximos-meses-caira-2022\/","title":{"rendered":"Infla\u00e7\u00e3o subir\u00e1 nos pr\u00f3ximos meses e cair\u00e1 somente em 2022, diz BC da Alemanha"},"content":{"rendered":"<p><a href=\"https:\/\/www.suno.com.br\/artigos\/inflacao\">A infla\u00e7\u00e3o<\/a> na <strong>Alemanha<\/strong> deve seguir em alta durante os pr\u00f3ximos meses, para engatar uma queda &#8220;not\u00e1vel&#8221; no in\u00edcio de 2022. Esse \u00e9 o progn\u00f3stico feito pelo Bundersbank &#8211; <a href=\"https:\/\/www.suno.com.br\/artigos\/bce\/\">o Banco Central da Alemanha<\/a> &#8211; em relat\u00f3rio mensal, divulgado nesta segunda-feira, 23.<\/p>\t<div class=\"wrapper-featured-image\">\n\t\t<figure class=\"spotlightImg\">\n\n\t\t\t<picture>\n\t\t\t\t<source media=\"(max-width: 768px)\" srcset=\"https:\/\/files.sunoresearch.com.br\/n\/uploads\/2021\/08\/a8220e58-bundesbank-400x200.jpeg\">\n\t\t\t\t<img loading=\"lazy\" decoding=\"async\" class=\"newsContent__article__imgCapa lazyloadDisabled \" src=\"https:\/\/files.sunoresearch.com.br\/n\/uploads\/2021\/08\/a8220e58-bundesbank-800x450.jpeg\" width=\"800\" height=\"450\" alt=\"Infla\u00e7\u00e3o subir\u00e1 nos pr\u00f3ximos meses e cair\u00e1 somente em 2022, diz BC da Alemanha\" fetchpriority=high \/>\n\t\t\t<\/picture>\n\n\t\t\t<figcaption class=\"wp-caption-text wp-caption-text--show\">PMI da Alemanha e da Europa ca\u00edram como um todo, segundo dados divulgados recentemente - Foto: Divulga\u00e7\u00e3o\/Bundesbank<\/figcaption>\n\t\t<\/figure>\n\t<\/div>\n\n\n\t<p>\n\t\t<a href=\"https:\/\/lp.suno.com.br\/planilha-controle-gastos\/\" target=\"_blank\" data-element=\"shortcode-suno-banner\" title=\"Banner SUNO, clique e saiba mais\">\n\t\t\t<picture>\n\t\t\t\t<source media=\"(max-width: 500px)\" srcset=\"https:\/\/files.sunoresearch.com.br\/n\/uploads\/2023\/03\/400x300-Planilha-controle-de-gastos.png\">\n\t\t\t\t<img class=\"newsContent__article__imgCapa newsContent__article__imgCapa--banner\"\n\t\t\t\t\tsrc=\"https:\/\/files.sunoresearch.com.br\/n\/uploads\/2023\/03\/1420x240-Planilha-controle-de-gastos.png\"\n\t\t\t\t\tdata-promo-id=\"101751\"\t\t\t\t\t\t\t\t\t\twidth='1420' height='240'\t\t\t\t\talt=\"https:\/\/files.sunoresearch.com.br\/n\/uploads\/2023\/03\/1420x240-Planilha-controle-de-gastos.png\"\n\t\t\t\t>\n\t\t\t<\/picture>\n\t\t<\/a>\n\t<\/p>\n\n\n<p>Ainda assim, o Bundesbank prev\u00ea que o \u00edndice de pre\u00e7os ao consumidor (<strong>CPI<\/strong>, na sigla em ingl\u00eas) da Alemanha estar\u00e1 acima de 2% em meados do ano que vem.<\/p>\n<p>O documento atribui a escalada da\u00a0 <strong>infla\u00e7\u00e3o<\/strong> <a href=\"https:\/\/www.suno.com.br\/artigos\/verticalizacao\/\">a gargalos na cadeia produtiva<\/a>, libera\u00e7\u00e3o da demanda reprimida durante a pandemia e base de compara\u00e7\u00e3o fraca.<\/p>\n\t<div data-element=\"shortcode-read-more\" class=\"knowMore\">\n\t\t\t\t<span class=\"knowMore__title\">Leia mais<\/span>\n\t\t\t\t<a class=\"knowMore__link\" href=\"https:\/\/www.suno.com.br\/noticias\/boletim-focus-23082021\/\">\n\t\t\tBoletim Focus eleva pela 20\u00aa semana consecutiva proje\u00e7\u00e3o da infla\u00e7\u00e3o para 7,11%\t\t<\/a>\n\t<\/div>\n\n\n<p>Quanto \u00e0 atividade econ\u00f4mica, o <strong>BC<\/strong> alem\u00e3o antev\u00ea uma cont\u00ednua recupera\u00e7\u00e3o ao longo do ver\u00e3o da <strong>Europa<\/strong>, com acelera\u00e7\u00e3o em rela\u00e7\u00e3o \u00e0 primavera. A melhora \u00e9 resultado da retirada de grande parcela das medidas <a href=\"https:\/\/www.suno.com.br\/noticias\/tags\/pandemia\">de restri\u00e7\u00f5es \u00e0 circula\u00e7\u00e3o para conter a covid-19<\/a>.<\/p>\n<p>&#8220;Setores de servi\u00e7os que antes eram particularmente afetados, como o de hospitalidade, prestadores de servi\u00e7os de viagem e partes do varejo, ser\u00e3o beneficiados com o relaxamento&#8221;, escreveram os especialistas.<\/p>\n<p>O <strong>Bundersbank<\/strong>, contudo, alerta que a recente escalada de casos de coronav\u00edrus, em meio \u00e0 dissemina\u00e7\u00e3o da variante delta, poderia impor inesperadas incertezas \u00e0 economia.<\/p>\n<h2>PMI da Alemanha caiu a 60,6 em agosto<\/h2>\n<p><a href=\"https:\/\/www.suno.com.br\/artigos\/pmi\/\">O \u00edndice de gerentes de compras<\/a> (<strong>PMI<\/strong>, na sigla em ingl\u00eas) composto da Alemanha, que engloba os setores industrial e de servi\u00e7os, caiu de 62,4 em julho para 60,6 em agosto, segundo dados preliminares divulgados nesta segunda-feira, 23, pela IHS Markit.<\/p>\n<p>Apesar da queda, a leitura bem acima da marca de 50 mostra que a atividade da maior economia da Europa segue se expandindo em ritmo forte neste m\u00eas, ainda que mais contido.<\/p>\n\t<p>\n\t\t<a href=\"https:\/\/lp.suno.com.br\/planilha-da-vida-financeira\/\" target=\"_blank\" data-element=\"shortcode-suno-banner\" title=\"Banner SUNO, clique e saiba mais\">\n\t\t\t<picture>\n\t\t\t\t<source media=\"(max-width: 500px)\" srcset=\"https:\/\/files.sunoresearch.com.br\/n\/uploads\/2023\/04\/400x300-Planilha-vida-financeira-true.png\">\n\t\t\t\t<img class=\"newsContent__article__imgCapa newsContent__article__imgCapa--banner\"\n\t\t\t\t\tsrc=\"https:\/\/files.sunoresearch.com.br\/n\/uploads\/2023\/04\/1420x240-Planilha-vida-financeira-true.png\"\n\t\t\t\t\tdata-promo-id=\"106682\"\t\t\t\t\t\t\t\t\t\twidth='1420' height='240'\t\t\t\t\talt=\"https:\/\/files.sunoresearch.com.br\/n\/uploads\/2023\/04\/1420x240-Planilha-vida-financeira-true.png\"\n\t\t\t\t>\n\t\t\t<\/picture>\n\t\t<\/a>\n\t<\/p>\n\n\n<p>O PMI industrial alem\u00e3o recuou de 65,9 para 62,7 no mesmo per\u00edodo, atingindo o menor n\u00edvel em seis meses. <a href=\"https:\/\/www.suno.com.br\/artigos\/indices-americanos\/\">A previs\u00e3o de analistas consultados pelo <i>Wall Street Journal<\/i> <\/a>era de recuo menor, a 64,7.<\/p>\n<p>O PMI de servi\u00e7os da Alemanha, por sua vez, diminuiu de 61,8 em julho para 61,5 em agosto. Neste caso, a proje\u00e7\u00e3o era de decl\u00ednio a 61.<\/p>\n<h3>PMI Europeu caiu para 59,5<\/h3>\n<p>O PMI composto da <a class=\"suno-keyword\" href=\"https:\/\/www.suno.com.br\/artigos\/zona-do-euro\/\" target=\"_blank\" rel=\"noopener\" data-force=\"no\" data-priority=\"1\">zona do euro<\/a>, que engloba os setores industrial e de servi\u00e7os, caiu de 60,2 em julho para 59,5 em agosto, segundo dados preliminares divulgados nesta segunda-feira pela IHS Markit.<\/p>\n<p>Apesar da queda, o resultado bem acima da marca de 50 indica que a atividade do bloco se expande em ritmo forte neste m\u00eas, ainda que mais contido.<\/p>\n\t<p>\n\t\t<a href=\"https:\/\/lp.suno.com.br\/ebook-como-analisar-uma-acao\/\" target=\"_blank\" data-element=\"shortcode-suno-banner\" title=\"Banner SUNO, clique e saiba mais\">\n\t\t\t<picture>\n\t\t\t\t<source media=\"(max-width: 500px)\" srcset=\"https:\/\/files.sunoresearch.com.br\/n\/uploads\/2023\/03\/Ebook-Acoes-Mobile-1.jpg\">\n\t\t\t\t<img class=\"newsContent__article__imgCapa newsContent__article__imgCapa--banner\"\n\t\t\t\t\tsrc=\"https:\/\/files.sunoresearch.com.br\/n\/uploads\/2023\/03\/Ebook-Acoes-Desktop-1.jpg\"\n\t\t\t\t\tdata-promo-id=\"171998\"\t\t\t\t\t\t\t\t\t\twidth='1420' height='286'\t\t\t\t\talt=\"https:\/\/files.sunoresearch.com.br\/n\/uploads\/2023\/03\/Ebook-Acoes-Desktop-1.jpg\"\n\t\t\t\t>\n\t\t\t<\/picture>\n\t\t<\/a>\n\t<\/p>\n\n\n<p>A pr\u00e9via de agosto, no entanto, ficou ligeiramente abaixo da expectativa de analistas consultados pelo <i>Wall Street Journal<\/i>, que previam recuo do PMI composto a 59,6.<\/p>\n<p>O PMI industrial da zona do euro diminuiu de 62,8 para 61,5 no mesmo per\u00edodo, como previsto por economistas e tocando o menor n\u00edvel em seis meses.<\/p>\n<p>Assim como na <strong>Alemanha<\/strong>, o PMI de servi\u00e7os do bloco, por sua vez, recuou marginalmente entre julho e agosto, de 59,8 para 59,7. Neste caso, o consenso era de estabilidade do indicador.<\/p>\n<p><em>Com informa\u00e7\u00f5es do Estad\u00e3o Conte\u00fado<\/em><\/p>\n\t<p>\n\t\t<a href=\"https:\/\/lp.suno.com.br\/planilha-de-controle-de-investimentos\/\" target=\"_blank\" data-element=\"shortcode-suno-banner\" title=\"Banner SUNO, clique e saiba mais\">\n\t\t\t<picture>\n\t\t\t\t<source media=\"(max-width: 500px)\" srcset=\"https:\/\/files.sunoresearch.com.br\/n\/uploads\/2023\/03\/400x300-Controle-de-Investimentos.png\">\n\t\t\t\t<img class=\"newsContent__article__imgCapa newsContent__article__imgCapa--banner\"\n\t\t\t\t\tsrc=\"https:\/\/files.sunoresearch.com.br\/n\/uploads\/2023\/03\/1420x240-Controle-de-Investimentos.png\"\n\t\t\t\t\tdata-promo-id=\"75934\"\t\t\t\t\t\t\t\t\t\twidth='1420' height='240'\t\t\t\t\talt=\"https:\/\/files.sunoresearch.com.br\/n\/uploads\/2023\/03\/1420x240-Controle-de-Investimentos.png\"\n\t\t\t\t>\n\t\t\t<\/picture>\n\t\t<\/a>\n\t<\/p>\n\n\n","protected":false},"excerpt":{"rendered":"<p>A infla\u00e7\u00e3o na Alemanha deve seguir em alta durante os pr\u00f3ximos meses, para engatar uma queda &#8220;not\u00e1vel&#8221; no in\u00edcio de 2022. Esse \u00e9 o progn\u00f3stico feito pelo Bundersbank &#8211; o Banco Central da Alemanha &#8211; em relat\u00f3rio mensal, divulgado nesta segunda-feira, 23. PMI da Alemanha e da Europa ca\u00edram como um todo, segundo dados divulgados [&hellip;]<\/p>\n","protected":false},"author":73,"featured_media":177271,"comment_status":"closed","ping_status":"closed","sticky":false,"template":"","format":"standard","meta":[],"categories":[63],"tags":[106444,856,1842,863,958,710,850],"suno_strategy":[],"class_list":["post-177257","post","type-post","status-publish","format-standard","has-post-thumbnail","hentry","category-internacional","tag-agencias","tag-alemanha","tag-banco-central-bc","tag-banco-central-europeu-bce","tag-euro","tag-europa","tag-inflacao"],"yoast_head":"<!-- This site is optimized with the Yoast SEO plugin v24.4 - https:\/\/yoast.com\/wordpress\/plugins\/seo\/ -->\n<title>Infla\u00e7\u00e3o da Alemanha subir\u00e1 nos pr\u00f3ximos meses e cair\u00e1 em 2022<\/title>\n<meta name=\"description\" content=\"Segundo relat\u00f3rio do Bundesbank, o BC da Alemanha, a infla\u00e7\u00e3o do pa\u00eds europeu deve engatar queda &quot;not\u00e1vel&quot; em 2022. Clique aqui e leia mais.\" \/>\n<meta name=\"robots\" content=\"index, follow, max-snippet:-1, max-image-preview:large, max-video-preview:-1\" \/>\n<link rel=\"canonical\" href=\"https:\/\/www.suno.com.br\/noticias\/inflacao-alemanha-subira-proximos-meses-caira-2022\/\" \/>\n<meta property=\"og:locale\" content=\"pt_BR\" \/>\n<meta property=\"og:type\" content=\"article\" \/>\n<meta property=\"og:title\" content=\"Infla\u00e7\u00e3o da Alemanha subir\u00e1 nos pr\u00f3ximos meses e cair\u00e1 em 2022\" \/>\n<meta property=\"og:description\" content=\"Segundo relat\u00f3rio do Bundesbank, o BC da Alemanha, a infla\u00e7\u00e3o do pa\u00eds europeu deve engatar queda &quot;not\u00e1vel&quot; em 2022. Clique aqui e leia mais.\" \/>\n<meta property=\"og:url\" content=\"https:\/\/www.suno.com.br\/noticias\/inflacao-alemanha-subira-proximos-meses-caira-2022\/\" \/>\n<meta property=\"og:site_name\" content=\"Suno Not\u00edcias\" \/>\n<meta property=\"article:publisher\" content=\"https:\/\/facebook.com\/sunoresearch\" \/>\n<meta property=\"og:image\" content=\"https:\/\/files.sunoresearch.com.br\/n\/uploads\/2021\/08\/a8220e58-bundesbank.jpeg\" \/>\n\t<meta property=\"og:image:width\" content=\"1587\" \/>\n\t<meta property=\"og:image:height\" content=\"877\" \/>\n\t<meta property=\"og:image:type\" content=\"image\/jpeg\" \/>\n<meta name=\"author\" content=\"Eduardo Vargas\" \/>\n<meta name=\"twitter:card\" content=\"summary_large_image\" \/>\n<meta name=\"twitter:creator\" content=\"@sunoresearch\" \/>\n<meta name=\"twitter:site\" content=\"@sunoresearch\" \/>\n<meta name=\"twitter:label1\" content=\"Escrito por\" \/>\n\t<meta name=\"twitter:data1\" content=\"Eduardo Vargas\" \/>\n\t<meta name=\"twitter:label2\" content=\"Est. tempo de leitura\" \/>\n\t<meta name=\"twitter:data2\" content=\"3 minutos\" \/>\n<script type=\"application\/ld+json\" class=\"yoast-schema-graph\">{\"@context\":\"https:\/\/schema.org\",\"@graph\":[{\"@type\":\"NewsArticle\",\"@id\":\"https:\/\/www.suno.com.br\/noticias\/inflacao-alemanha-subira-proximos-meses-caira-2022\/#article\",\"isPartOf\":{\"@id\":\"https:\/\/www.suno.com.br\/noticias\/inflacao-alemanha-subira-proximos-meses-caira-2022\/\"},\"author\":{\"name\":\"Eduardo Vargas\",\"@id\":\"https:\/\/www.suno.com.br\/noticias\/#\/schema\/person\/7f4d362bf3518e76090143ae77bb49a5\"},\"headline\":\"Infla\u00e7\u00e3o subir\u00e1 nos pr\u00f3ximos meses e cair\u00e1 somente em 2022, diz BC da Alemanha\",\"datePublished\":\"2021-08-23T13:05:52+00:00\",\"mainEntityOfPage\":{\"@id\":\"https:\/\/www.suno.com.br\/noticias\/inflacao-alemanha-subira-proximos-meses-caira-2022\/\"},\"wordCount\":537,\"publisher\":{\"@id\":\"https:\/\/www.suno.com.br\/noticias\/#organization\"},\"image\":{\"@id\":\"https:\/\/www.suno.com.br\/noticias\/inflacao-alemanha-subira-proximos-meses-caira-2022\/#primaryimage\"},\"thumbnailUrl\":\"https:\/\/files.sunoresearch.com.br\/n\/uploads\/2021\/08\/a8220e58-bundesbank.jpeg\",\"keywords\":[\"Ag\u00eancias\",\"Alemanha\",\"Banco Central (BC)\",\"Banco Central Europeu (BCE)\",\"Euro\",\"Europa\",\"infla\u00e7\u00e3o\"],\"articleSection\":[\"Internacional\"],\"inLanguage\":\"pt-BR\"},{\"@type\":\"WebPage\",\"@id\":\"https:\/\/www.suno.com.br\/noticias\/inflacao-alemanha-subira-proximos-meses-caira-2022\/\",\"url\":\"https:\/\/www.suno.com.br\/noticias\/inflacao-alemanha-subira-proximos-meses-caira-2022\/\",\"name\":\"Infla\u00e7\u00e3o da Alemanha subir\u00e1 nos pr\u00f3ximos meses e cair\u00e1 em 2022\",\"isPartOf\":{\"@id\":\"https:\/\/www.suno.com.br\/noticias\/#website\"},\"primaryImageOfPage\":{\"@id\":\"https:\/\/www.suno.com.br\/noticias\/inflacao-alemanha-subira-proximos-meses-caira-2022\/#primaryimage\"},\"image\":{\"@id\":\"https:\/\/www.suno.com.br\/noticias\/inflacao-alemanha-subira-proximos-meses-caira-2022\/#primaryimage\"},\"thumbnailUrl\":\"https:\/\/files.sunoresearch.com.br\/n\/uploads\/2021\/08\/a8220e58-bundesbank.jpeg\",\"datePublished\":\"2021-08-23T13:05:52+00:00\",\"description\":\"Segundo relat\u00f3rio do Bundesbank, o BC da Alemanha, a infla\u00e7\u00e3o do pa\u00eds europeu deve engatar queda \\\"not\u00e1vel\\\" em 2022. Clique aqui e leia mais.\",\"breadcrumb\":{\"@id\":\"https:\/\/www.suno.com.br\/noticias\/inflacao-alemanha-subira-proximos-meses-caira-2022\/#breadcrumb\"},\"inLanguage\":\"pt-BR\",\"potentialAction\":[{\"@type\":\"ReadAction\",\"target\":[\"https:\/\/www.suno.com.br\/noticias\/inflacao-alemanha-subira-proximos-meses-caira-2022\/\"]}]},{\"@type\":\"ImageObject\",\"inLanguage\":\"pt-BR\",\"@id\":\"https:\/\/www.suno.com.br\/noticias\/inflacao-alemanha-subira-proximos-meses-caira-2022\/#primaryimage\",\"url\":\"https:\/\/files.sunoresearch.com.br\/n\/uploads\/2021\/08\/a8220e58-bundesbank.jpeg\",\"contentUrl\":\"https:\/\/files.sunoresearch.com.br\/n\/uploads\/2021\/08\/a8220e58-bundesbank.jpeg\",\"width\":1587,\"height\":877,\"caption\":\"PMI da Alemanha e da Europa ca\u00edram como um todo, segundo dados divulgados recentemente - Foto: Divulga\u00e7\u00e3o\/Bundesbank\"},{\"@type\":\"BreadcrumbList\",\"@id\":\"https:\/\/www.suno.com.br\/noticias\/inflacao-alemanha-subira-proximos-meses-caira-2022\/#breadcrumb\",\"itemListElement\":[{\"@type\":\"ListItem\",\"position\":1,\"name\":\"Not\u00edcias\",\"item\":\"https:\/\/www.suno.com.br\/noticias\/\"},{\"@type\":\"ListItem\",\"position\":2,\"name\":\"Internacional\",\"item\":\"https:\/\/www.suno.com.br\/noticias\/internacional\/\"},{\"@type\":\"ListItem\",\"position\":3,\"name\":\"Infla\u00e7\u00e3o subir\u00e1 nos pr\u00f3ximos meses e cair\u00e1 somente em 2022, diz BC da Alemanha\"}]},{\"@type\":\"WebSite\",\"@id\":\"https:\/\/www.suno.com.br\/noticias\/#website\",\"url\":\"https:\/\/www.suno.com.br\/noticias\/\",\"name\":\"Suno Not\u00edcias\",\"description\":\"Seu portal de informa\u00e7\u00e3o sobre o mundo dos investimentos\",\"publisher\":{\"@id\":\"https:\/\/www.suno.com.br\/noticias\/#organization\"},\"potentialAction\":[{\"@type\":\"SearchAction\",\"target\":{\"@type\":\"EntryPoint\",\"urlTemplate\":\"https:\/\/www.suno.com.br\/noticias\/?s={search_term_string}\"},\"query-input\":{\"@type\":\"PropertyValueSpecification\",\"valueRequired\":true,\"valueName\":\"search_term_string\"}}],\"inLanguage\":\"pt-BR\"},{\"@type\":\"Organization\",\"@id\":\"https:\/\/www.suno.com.br\/noticias\/#organization\",\"name\":\"Suno Not\u00edcias\",\"url\":\"https:\/\/www.suno.com.br\/noticias\/\",\"logo\":{\"@type\":\"ImageObject\",\"inLanguage\":\"pt-BR\",\"@id\":\"https:\/\/www.suno.com.br\/noticias\/#\/schema\/logo\/image\/\",\"url\":\"https:\/\/files.sunoresearch.com.br\/n\/uploads\/2021\/09\/suno-logo.png\",\"contentUrl\":\"https:\/\/files.sunoresearch.com.br\/n\/uploads\/2021\/09\/suno-logo.png\",\"width\":180,\"height\":180,\"caption\":\"Suno Not\u00edcias\"},\"image\":{\"@id\":\"https:\/\/www.suno.com.br\/noticias\/#\/schema\/logo\/image\/\"},\"sameAs\":[\"https:\/\/facebook.com\/sunoresearch\",\"https:\/\/x.com\/sunoresearch\",\"https:\/\/www.instagram.com\/suno\",\"https:\/\/www.linkedin.com\/company\/suno-research\/\",\"https:\/\/www.youtube.com\/c\/sunoresearch\"]},{\"@type\":\"Person\",\"@id\":\"https:\/\/www.suno.com.br\/noticias\/#\/schema\/person\/7f4d362bf3518e76090143ae77bb49a5\",\"name\":\"Eduardo Vargas\",\"image\":{\"@type\":\"ImageObject\",\"inLanguage\":\"pt-BR\",\"@id\":\"https:\/\/www.suno.com.br\/noticias\/#\/schema\/person\/image\/\",\"url\":\"https:\/\/secure.gravatar.com\/avatar\/dac340933427a22924c9f99d1eb2e3f2?s=96&r=g\",\"contentUrl\":\"https:\/\/secure.gravatar.com\/avatar\/dac340933427a22924c9f99d1eb2e3f2?s=96&r=g\",\"caption\":\"Eduardo Vargas\"},\"description\":\"Jornalista formado pela UFSC, cobre macroeconomia, neg\u00f3cios e startups para o Suno Not\u00edcias, escrevendo principalmente not\u00edcias sobre o mercado financeiro e a bolsa de valores. No YouTube e no Instagram, \u00e9 respons\u00e1vel pela produ\u00e7\u00e3o de Reels e Shorts do Suno Not\u00edcias. Anteriormente, trabalhou cobrindo economia e cotidiano no ND+ e para o ND, maior jornal impresso de Santa Catarina. Cursou um semestre letivo de Estudos de M\u00eddia na Universidad de Buenos Aires.\",\"url\":\"https:\/\/www.suno.com.br\/noticias\/author\/eduardo-vargas\/\"}]}<\/script>\n<!-- \/ Yoast SEO plugin. -->","yoast_head_json":{"title":"Infla\u00e7\u00e3o da Alemanha subir\u00e1 nos pr\u00f3ximos meses e cair\u00e1 em 2022","description":"Segundo relat\u00f3rio do Bundesbank, o BC da Alemanha, a infla\u00e7\u00e3o do pa\u00eds europeu deve engatar queda \"not\u00e1vel\" em 2022. Clique aqui e leia mais.","robots":{"index":"index","follow":"follow","max-snippet":"max-snippet:-1","max-image-preview":"max-image-preview:large","max-video-preview":"max-video-preview:-1"},"canonical":"https:\/\/www.suno.com.br\/noticias\/inflacao-alemanha-subira-proximos-meses-caira-2022\/","og_locale":"pt_BR","og_type":"article","og_title":"Infla\u00e7\u00e3o da Alemanha subir\u00e1 nos pr\u00f3ximos meses e cair\u00e1 em 2022","og_description":"Segundo relat\u00f3rio do Bundesbank, o BC da Alemanha, a infla\u00e7\u00e3o do pa\u00eds europeu deve engatar queda \"not\u00e1vel\" em 2022. Clique aqui e leia mais.","og_url":"https:\/\/www.suno.com.br\/noticias\/inflacao-alemanha-subira-proximos-meses-caira-2022\/","og_site_name":"Suno Not\u00edcias","article_publisher":"https:\/\/facebook.com\/sunoresearch","og_image":[{"width":1587,"height":877,"url":"https:\/\/files.sunoresearch.com.br\/n\/uploads\/2021\/08\/a8220e58-bundesbank.jpeg","type":"image\/jpeg"}],"author":"Eduardo Vargas","twitter_card":"summary_large_image","twitter_creator":"@sunoresearch","twitter_site":"@sunoresearch","twitter_misc":{"Escrito por":"Eduardo Vargas","Est. tempo de leitura":"3 minutos"},"schema":{"@context":"https:\/\/schema.org","@graph":[{"@type":"NewsArticle","@id":"https:\/\/www.suno.com.br\/noticias\/inflacao-alemanha-subira-proximos-meses-caira-2022\/#article","isPartOf":{"@id":"https:\/\/www.suno.com.br\/noticias\/inflacao-alemanha-subira-proximos-meses-caira-2022\/"},"author":{"name":"Eduardo Vargas","@id":"https:\/\/www.suno.com.br\/noticias\/#\/schema\/person\/7f4d362bf3518e76090143ae77bb49a5"},"headline":"Infla\u00e7\u00e3o subir\u00e1 nos pr\u00f3ximos meses e cair\u00e1 somente em 2022, diz BC da Alemanha","datePublished":"2021-08-23T13:05:52+00:00","mainEntityOfPage":{"@id":"https:\/\/www.suno.com.br\/noticias\/inflacao-alemanha-subira-proximos-meses-caira-2022\/"},"wordCount":537,"publisher":{"@id":"https:\/\/www.suno.com.br\/noticias\/#organization"},"image":{"@id":"https:\/\/www.suno.com.br\/noticias\/inflacao-alemanha-subira-proximos-meses-caira-2022\/#primaryimage"},"thumbnailUrl":"https:\/\/files.sunoresearch.com.br\/n\/uploads\/2021\/08\/a8220e58-bundesbank.jpeg","keywords":["Ag\u00eancias","Alemanha","Banco Central (BC)","Banco Central Europeu (BCE)","Euro","Europa","infla\u00e7\u00e3o"],"articleSection":["Internacional"],"inLanguage":"pt-BR"},{"@type":"WebPage","@id":"https:\/\/www.suno.com.br\/noticias\/inflacao-alemanha-subira-proximos-meses-caira-2022\/","url":"https:\/\/www.suno.com.br\/noticias\/inflacao-alemanha-subira-proximos-meses-caira-2022\/","name":"Infla\u00e7\u00e3o da Alemanha subir\u00e1 nos pr\u00f3ximos meses e cair\u00e1 em 2022","isPartOf":{"@id":"https:\/\/www.suno.com.br\/noticias\/#website"},"primaryImageOfPage":{"@id":"https:\/\/www.suno.com.br\/noticias\/inflacao-alemanha-subira-proximos-meses-caira-2022\/#primaryimage"},"image":{"@id":"https:\/\/www.suno.com.br\/noticias\/inflacao-alemanha-subira-proximos-meses-caira-2022\/#primaryimage"},"thumbnailUrl":"https:\/\/files.sunoresearch.com.br\/n\/uploads\/2021\/08\/a8220e58-bundesbank.jpeg","datePublished":"2021-08-23T13:05:52+00:00","description":"Segundo relat\u00f3rio do Bundesbank, o BC da Alemanha, a infla\u00e7\u00e3o do pa\u00eds europeu deve engatar queda \"not\u00e1vel\" em 2022. Clique aqui e leia mais.","breadcrumb":{"@id":"https:\/\/www.suno.com.br\/noticias\/inflacao-alemanha-subira-proximos-meses-caira-2022\/#breadcrumb"},"inLanguage":"pt-BR","potentialAction":[{"@type":"ReadAction","target":["https:\/\/www.suno.com.br\/noticias\/inflacao-alemanha-subira-proximos-meses-caira-2022\/"]}]},{"@type":"ImageObject","inLanguage":"pt-BR","@id":"https:\/\/www.suno.com.br\/noticias\/inflacao-alemanha-subira-proximos-meses-caira-2022\/#primaryimage","url":"https:\/\/files.sunoresearch.com.br\/n\/uploads\/2021\/08\/a8220e58-bundesbank.jpeg","contentUrl":"https:\/\/files.sunoresearch.com.br\/n\/uploads\/2021\/08\/a8220e58-bundesbank.jpeg","width":1587,"height":877,"caption":"PMI da Alemanha e da Europa ca\u00edram como um todo, segundo dados divulgados recentemente - Foto: Divulga\u00e7\u00e3o\/Bundesbank"},{"@type":"BreadcrumbList","@id":"https:\/\/www.suno.com.br\/noticias\/inflacao-alemanha-subira-proximos-meses-caira-2022\/#breadcrumb","itemListElement":[{"@type":"ListItem","position":1,"name":"Not\u00edcias","item":"https:\/\/www.suno.com.br\/noticias\/"},{"@type":"ListItem","position":2,"name":"Internacional","item":"https:\/\/www.suno.com.br\/noticias\/internacional\/"},{"@type":"ListItem","position":3,"name":"Infla\u00e7\u00e3o subir\u00e1 nos pr\u00f3ximos meses e cair\u00e1 somente em 2022, diz BC da Alemanha"}]},{"@type":"WebSite","@id":"https:\/\/www.suno.com.br\/noticias\/#website","url":"https:\/\/www.suno.com.br\/noticias\/","name":"Suno Not\u00edcias","description":"Seu portal de informa\u00e7\u00e3o sobre o mundo dos investimentos","publisher":{"@id":"https:\/\/www.suno.com.br\/noticias\/#organization"},"potentialAction":[{"@type":"SearchAction","target":{"@type":"EntryPoint","urlTemplate":"https:\/\/www.suno.com.br\/noticias\/?s={search_term_string}"},"query-input":{"@type":"PropertyValueSpecification","valueRequired":true,"valueName":"search_term_string"}}],"inLanguage":"pt-BR"},{"@type":"Organization","@id":"https:\/\/www.suno.com.br\/noticias\/#organization","name":"Suno Not\u00edcias","url":"https:\/\/www.suno.com.br\/noticias\/","logo":{"@type":"ImageObject","inLanguage":"pt-BR","@id":"https:\/\/www.suno.com.br\/noticias\/#\/schema\/logo\/image\/","url":"https:\/\/files.sunoresearch.com.br\/n\/uploads\/2021\/09\/suno-logo.png","contentUrl":"https:\/\/files.sunoresearch.com.br\/n\/uploads\/2021\/09\/suno-logo.png","width":180,"height":180,"caption":"Suno Not\u00edcias"},"image":{"@id":"https:\/\/www.suno.com.br\/noticias\/#\/schema\/logo\/image\/"},"sameAs":["https:\/\/facebook.com\/sunoresearch","https:\/\/x.com\/sunoresearch","https:\/\/www.instagram.com\/suno","https:\/\/www.linkedin.com\/company\/suno-research\/","https:\/\/www.youtube.com\/c\/sunoresearch"]},{"@type":"Person","@id":"https:\/\/www.suno.com.br\/noticias\/#\/schema\/person\/7f4d362bf3518e76090143ae77bb49a5","name":"Eduardo Vargas","image":{"@type":"ImageObject","inLanguage":"pt-BR","@id":"https:\/\/www.suno.com.br\/noticias\/#\/schema\/person\/image\/","url":"https:\/\/secure.gravatar.com\/avatar\/dac340933427a22924c9f99d1eb2e3f2?s=96&r=g","contentUrl":"https:\/\/secure.gravatar.com\/avatar\/dac340933427a22924c9f99d1eb2e3f2?s=96&r=g","caption":"Eduardo Vargas"},"description":"Jornalista formado pela UFSC, cobre macroeconomia, neg\u00f3cios e startups para o Suno Not\u00edcias, escrevendo principalmente not\u00edcias sobre o mercado financeiro e a bolsa de valores. No YouTube e no Instagram, \u00e9 respons\u00e1vel pela produ\u00e7\u00e3o de Reels e Shorts do Suno Not\u00edcias. Anteriormente, trabalhou cobrindo economia e cotidiano no ND+ e para o ND, maior jornal impresso de Santa Catarina. Cursou um semestre letivo de Estudos de M\u00eddia na Universidad de Buenos Aires.","url":"https:\/\/www.suno.com.br\/noticias\/author\/eduardo-vargas\/"}]}},"default_loop_html":"<div class=\"cardsPage__listCard__boxs\"><div class=\"cardsPage__listCard__boxs__img\"><a href=\"https:\/\/www.suno.com.br\/noticias\/inflacao-alemanha-subira-proximos-meses-caira-2022\/\"><img class=\"mask\" src=\"https:\/\/www.suno.com.br\/noticias\/wp-content\/themes\/suno\/resources\/images\/spotlight\/spotlight1img\/bg-mask.png\" alt=\"Image Mask\"\/><img src=\"https:\/\/files.sunoresearch.com.br\/n\/uploads\/2021\/08\/a8220e58-bundesbank-400x200.jpeg\" alt=\"Infla\u00e7\u00e3o subir\u00e1 nos pr\u00f3ximos meses e cair\u00e1 somente em 2022, diz BC da Alemanha\"\/><\/a><span class=\"spotlightCategory\"><a href=\"https:\/\/www.suno.com.br\/noticias\/internacional\/\">Internacional<\/a><\/span><\/div><div class=\"cardsPage__listCard__boxs__content\"><a href=\"https:\/\/www.suno.com.br\/noticias\/inflacao-alemanha-subira-proximos-meses-caira-2022\/\"><h2 class=\"content__title\">Infla\u00e7\u00e3o subir\u00e1 nos pr\u00f3ximos meses e cair\u00e1 somente em 2022, diz BC da Alemanha<\/h2><\/a><div class=\"newsContent__article__meta\"><div class=\"newsContent__article__meta__authorBox\"><a href=\"https:\/\/www.suno.com.br\/noticias\/author\/eduardo-vargas\/\" class=\"authorBox__avatar noMobi\"><img src=\"https:\/\/secure.gravatar.com\/avatar\/dac340933427a22924c9f99d1eb2e3f2?s=96&#038;r=g\" alt=\"Eduardo Vargas\"><\/a><div class=\"authorBox__name\"><span>por\n\t\t\t<a href=\"https:\/\/www.suno.com.br\/noticias\/author\/eduardo-vargas\/\"><span itemprop=\"author\">Eduardo Vargas<\/span><\/a><\/span><time datetime=\"2021-08-23T10:05:52-03:00\" itemprop=\"datePublished\">23\/08\/2021 10:05<\/time><\/div><\/div><\/div><\/div><\/div>","single_layout":"posts","amp_enabled":true,"_links":{"self":[{"href":"https:\/\/www.suno.com.br\/noticias\/wp-json\/wp\/v2\/posts\/177257"}],"collection":[{"href":"https:\/\/www.suno.com.br\/noticias\/wp-json\/wp\/v2\/posts"}],"about":[{"href":"https:\/\/www.suno.com.br\/noticias\/wp-json\/wp\/v2\/types\/post"}],"author":[{"embeddable":true,"href":"https:\/\/www.suno.com.br\/noticias\/wp-json\/wp\/v2\/users\/73"}],"replies":[{"embeddable":true,"href":"https:\/\/www.suno.com.br\/noticias\/wp-json\/wp\/v2\/comments?post=177257"}],"version-history":[{"count":3,"href":"https:\/\/www.suno.com.br\/noticias\/wp-json\/wp\/v2\/posts\/177257\/revisions"}],"predecessor-version":[{"id":177277,"href":"https:\/\/www.suno.com.br\/noticias\/wp-json\/wp\/v2\/posts\/177257\/revisions\/177277"}],"wp:featuredmedia":[{"embeddable":true,"href":"https:\/\/www.suno.com.br\/noticias\/wp-json\/wp\/v2\/media\/177271"}],"wp:attachment":[{"href":"https:\/\/www.suno.com.br\/noticias\/wp-json\/wp\/v2\/media?parent=177257"}],"wp:term":[{"taxonomy":"category","embeddable":true,"href":"https:\/\/www.suno.com.br\/noticias\/wp-json\/wp\/v2\/categories?post=177257"},{"taxonomy":"post_tag","embeddable":true,"href":"https:\/\/www.suno.com.br\/noticias\/wp-json\/wp\/v2\/tags?post=177257"},{"taxonomy":"suno_strategy","embeddable":true,"href":"https:\/\/www.suno.com.br\/noticias\/wp-json\/wp\/v2\/suno_strategy?post=177257"}],"curies":[{"name":"wp","href":"https:\/\/api.w.org\/{rel}","templated":true}]}}