{"id":17721,"date":"2019-03-12T13:37:02","date_gmt":"2019-03-12T16:37:02","guid":{"rendered":"https:\/\/www.suno.com.br\/noticias\/?p=17721"},"modified":"2019-03-12T18:18:18","modified_gmt":"2019-03-12T21:18:18","slug":"taxa-juros-baixa-operacoes-credito-anefac","status":"publish","type":"post","link":"https:\/\/www.suno.com.br\/noticias\/taxa-juros-baixa-operacoes-credito-anefac\/","title":{"rendered":"Taxa m\u00e9dia de juros cai em opera\u00e7\u00f5es de cr\u00e9dito pela 12\u00aa vez, diz Anefac"},"content":{"rendered":"<p>As <a href=\"https:\/\/www.suno.com.br\/artigos\/taxa-de-juros\/\">taxas de juros<\/a> cobradas nas<strong> opera\u00e7\u00f5es de cr\u00e9dito<\/strong> mantiveram a retra\u00e7\u00e3o em fevereiro. Pelo 12\u00ba m\u00eas consecutivo, as <strong>taxas<\/strong> foram reduzidas tanto para as pessoas f\u00edsicas, quanto para as jur\u00eddicas. Os dados foram divulgados pela\u00a0<strong>Associa\u00e7\u00e3o Nacional de Executivos de Finan\u00e7as, Administra\u00e7\u00e3o e Contabilidade<\/strong> (Anefac), nesta ter\u00e7a-feira (12).<\/p>\t<div class=\"wrapper-featured-image\">\n\t\t<figure class=\"spotlightImg\">\n\n\t\t\t<picture>\n\t\t\t\t<source media=\"(max-width: 768px)\" srcset=\"https:\/\/files.sunoresearch.com.br\/n\/uploads\/2019\/03\/eeaf29d2-juros-400x200.webp\">\n\t\t\t\t<img loading=\"lazy\" decoding=\"async\" class=\"newsContent__article__imgCapa lazyloadDisabled newsContent__article__imgCapa--noCaption\" src=\"https:\/\/files.sunoresearch.com.br\/n\/uploads\/2019\/03\/eeaf29d2-juros-800x450.webp\" width=\"800\" height=\"450\" alt=\"Taxa m\u00e9dia de juros cai em opera\u00e7\u00f5es de cr\u00e9dito pela 12\u00aa vez, diz Anefac\" fetchpriority=high \/>\n\t\t\t<\/picture>\n\n\t\t\t<figcaption class=\"wp-caption-text wp-caption-text--hide\">SPC libera consulta gratuita do CPF por 30 dias. (divulga\u00e7\u00e3o)<\/figcaption>\n\t\t<\/figure>\n\t<\/div>\n\n\n<p>Confira abaixo as principais varia\u00e7\u00f5es nas<strong> taxas de juros<\/strong> em <strong>opera\u00e7\u00f5es de cr\u00e9dito<\/strong>:<\/p>\n<ul>\n<li><strong>Pessoa f\u00edsica:<\/strong> os juros cobrados passaram de<strong>\u00a06,75%<\/strong> ao m\u00eas\u00a0(ou 118,99% ao ano), em <strong>janeiro<\/strong>\u00a0para\u00a0<strong>6,71%<\/strong> ao m\u00eas (118% ao ano), em <strong>fevereiro<\/strong>.<\/li>\n<li><strong>Pessoa jur\u00eddica:\u00a0<\/strong>os juros m\u00e9dios* cobrados passaram\u00a0de <strong>3,54%<\/strong> ao m\u00eas (51,81% ao ano), em <strong>janeiro<\/strong>\u00a0para <strong>3,49%<\/strong> ao m\u00eas (50,93% ao ano), em <strong>fevereiro<\/strong>.<\/li>\n<li><strong>Taxas de cart\u00e3o de cr\u00e9dito:<\/strong>\u00a0os juros cobrados passaram de<strong>\u00a011,52%<\/strong> ao m\u00eas, em <strong>janeiro<\/strong>, para <strong>11,40%<\/strong> ao m\u00eas (283,32% ao ano), em <strong>fevereiro<\/strong>.<\/li>\n<\/ul>\n<p>*Categorias incluem<strong> <a href=\"https:\/\/www.suno.com.br\/artigos\/capital-giro\/\">capital de giro<\/a><\/strong>, <strong>desconto de duplicatas<\/strong>, dentre outros. Houve <strong>redu\u00e7\u00e3o<\/strong> das taxas em<strong> todas as linhas<\/strong> pesquisadas.<\/p>\n<p style=\"text-align: center;\"><iframe loading=\"lazy\" src=\"https:\/\/www.youtube.com\/embed\/ujGBAl5lUiw\" width=\"560\" height=\"315\" frameborder=\"0\" allowfullscreen=\"allowfullscreen\"><\/iframe><\/p>\n<p>No caso das taxas para as <strong>pessoas f\u00edsicas<\/strong>, a m\u00e9dia apresentada foi a menor desde fevereiro de <strong>2015<\/strong>. Em paralelo, no caso das taxas para as <strong>pessoas jur\u00eddicas<\/strong>, a m\u00e9dia apresentada foi a menor desde outubro de <strong>2014<\/strong>.<\/p>\n<p>O diretor-executivo de estudos e pesquisas da Anefac afirmou ao &#8220;G1&#8221; que a redu\u00e7\u00e3o pode ser atribu\u00edda \u00e0 melhora do cen\u00e1rio econ\u00f4mico, bem como \u00e0 redu\u00e7\u00e3o do risco de <a href=\"https:\/\/www.suno.com.br\/artigos\/inadimplencia\/\">inadimpl\u00eancia<\/a>.<\/p>\n<p><a href=\"https:\/\/www.suno.com.br\/noticias\/bc-boletim-focus-preve-nova-reducao-pib-2019\/\">Saiba mais &#8211;\u00a0BC: Boletim Focus prev\u00ea nova redu\u00e7\u00e3o do PIB em 2019\u00a0<\/a><\/p>\n<h2>A taxa Selic<\/h2>\n<p>A<strong> taxa b\u00e1sica de juros<\/strong>, ou <a href=\"https:\/\/www.suno.com.br\/artigos\/taxa-selic\/\">taxa Selic<\/a>, registra<strong> redu\u00e7\u00e3o de 0,75%<\/strong> desde mar\u00e7o de 2012. A <strong><a href=\"https:\/\/www.suno.com.br\/artigos\/politica-monetaria\/\">pol\u00edtica monet\u00e1ria<\/a><\/strong> realizada pelo <a href=\"https:\/\/www.suno.com.br\/artigos\/bacen\/\">Banco Central<\/a> (BC), via reuni\u00f5es do <a href=\"https:\/\/www.suno.com.br\/artigos\/copom\/\">Comit\u00ea de Pol\u00edtica Monet\u00e1ria<\/a> (Copom), alterou a taxa b\u00e1sica de <strong>7,25% a 6,5%<\/strong> ao ano em seis anos.<\/p>\n<p>Entretanto, a <strong>taxa de juros m\u00e9dia para pessoa f\u00edsica<\/strong> aumentou 30,03%. Variou de<strong> 87,97% ao ano<\/strong>, em mar\u00e7o de 2013, <strong>a 118% ao ano<\/strong>, em fevereiro deste ano.<\/p>\n<p>Ao passo que as opera\u00e7\u00f5es de cr\u00e9dito para <strong>pessoa jur\u00eddica<\/strong>, a taxa de juros m\u00e9dia caiu 7,35% no mesmo per\u00edodo. Passou de\u00a0<strong>43,58% ao ano<\/strong>, para <strong>50,93% ao ano<\/strong> no \u00faltimo m\u00eas, segundo a Anefac.<\/p>\n","protected":false},"excerpt":{"rendered":"<p>As taxas de juros cobradas nas opera\u00e7\u00f5es de cr\u00e9dito mantiveram a retra\u00e7\u00e3o em fevereiro. Pelo 12\u00ba m\u00eas consecutivo, as taxas foram reduzidas tanto para as pessoas f\u00edsicas, quanto para as jur\u00eddicas. Os dados foram divulgados pela\u00a0Associa\u00e7\u00e3o Nacional de Executivos de Finan\u00e7as, Administra\u00e7\u00e3o e Contabilidade (Anefac), nesta ter\u00e7a-feira (12). SPC libera consulta gratuita do CPF por [&hellip;]<\/p>\n","protected":false},"author":12,"featured_media":17722,"comment_status":"closed","ping_status":"closed","sticky":false,"template":"","format":"standard","meta":[],"categories":[62],"tags":[1188,943],"suno_strategy":[],"class_list":["post-17721","post","type-post","status-publish","format-standard","has-post-thumbnail","hentry","category-economia","tag-cartoes-de-credito","tag-credito"],"yoast_head":"<!-- This site is optimized with the Yoast SEO plugin v24.4 - https:\/\/yoast.com\/wordpress\/plugins\/seo\/ -->\n<title>Taxa m\u00e9dia de juros cai em opera\u00e7\u00f5es de cr\u00e9dito pela 12\u00aa vez, diz Anefac<\/title>\n<meta name=\"description\" content=\"As taxas de juros cobradas nas opera\u00e7\u00f5es de cr\u00e9dito mantiveram a retra\u00e7\u00e3o em fevereiro, aponta Anefac.\u00a0Clique para saber mais.\" \/>\n<meta name=\"robots\" content=\"index, follow, max-snippet:-1, max-image-preview:large, max-video-preview:-1\" \/>\n<link rel=\"canonical\" href=\"https:\/\/www.suno.com.br\/noticias\/taxa-juros-baixa-operacoes-credito-anefac\/\" \/>\n<meta property=\"og:locale\" content=\"pt_BR\" \/>\n<meta property=\"og:type\" content=\"article\" \/>\n<meta property=\"og:title\" content=\"Taxa m\u00e9dia de juros cai em opera\u00e7\u00f5es de cr\u00e9dito pela 12\u00aa vez, diz Anefac\" \/>\n<meta property=\"og:description\" content=\"As taxas de juros cobradas nas opera\u00e7\u00f5es de cr\u00e9dito mantiveram a retra\u00e7\u00e3o em fevereiro, aponta Anefac.\u00a0Clique para saber mais.\" \/>\n<meta property=\"og:url\" content=\"https:\/\/www.suno.com.br\/noticias\/taxa-juros-baixa-operacoes-credito-anefac\/\" \/>\n<meta property=\"og:site_name\" content=\"Suno Not\u00edcias\" \/>\n<meta property=\"article:publisher\" content=\"https:\/\/facebook.com\/sunoresearch\" \/>\n<meta property=\"og:image\" content=\"https:\/\/files.sunoresearch.com.br\/n\/uploads\/2019\/03\/eeaf29d2-juros.jpg\" \/>\n\t<meta property=\"og:image:width\" content=\"1200\" \/>\n\t<meta property=\"og:image:height\" content=\"817\" \/>\n\t<meta property=\"og:image:type\" content=\"image\/jpeg\" \/>\n<meta name=\"author\" content=\"Amanda Gushiken\" \/>\n<meta name=\"twitter:card\" content=\"summary_large_image\" \/>\n<meta name=\"twitter:creator\" content=\"@sunoresearch\" \/>\n<meta name=\"twitter:site\" content=\"@sunoresearch\" \/>\n<meta name=\"twitter:label1\" content=\"Escrito por\" \/>\n\t<meta name=\"twitter:data1\" content=\"Amanda Gushiken\" \/>\n\t<meta name=\"twitter:label2\" content=\"Est. tempo de leitura\" \/>\n\t<meta name=\"twitter:data2\" content=\"2 minutos\" \/>\n<script type=\"application\/ld+json\" class=\"yoast-schema-graph\">{\"@context\":\"https:\/\/schema.org\",\"@graph\":[{\"@type\":\"NewsArticle\",\"@id\":\"https:\/\/www.suno.com.br\/noticias\/taxa-juros-baixa-operacoes-credito-anefac\/#article\",\"isPartOf\":{\"@id\":\"https:\/\/www.suno.com.br\/noticias\/taxa-juros-baixa-operacoes-credito-anefac\/\"},\"author\":{\"name\":\"Amanda Gushiken\",\"@id\":\"https:\/\/www.suno.com.br\/noticias\/#\/schema\/person\/a5b06fa4e879d8e8e119c6ed3cd630d1\"},\"headline\":\"Taxa m\u00e9dia de juros cai em opera\u00e7\u00f5es de cr\u00e9dito pela 12\u00aa vez, diz Anefac\",\"datePublished\":\"2019-03-12T16:37:02+00:00\",\"dateModified\":\"2019-03-12T21:18:18+00:00\",\"mainEntityOfPage\":{\"@id\":\"https:\/\/www.suno.com.br\/noticias\/taxa-juros-baixa-operacoes-credito-anefac\/\"},\"wordCount\":388,\"publisher\":{\"@id\":\"https:\/\/www.suno.com.br\/noticias\/#organization\"},\"image\":{\"@id\":\"https:\/\/www.suno.com.br\/noticias\/taxa-juros-baixa-operacoes-credito-anefac\/#primaryimage\"},\"thumbnailUrl\":\"https:\/\/files.sunoresearch.com.br\/n\/uploads\/2019\/03\/eeaf29d2-juros-jpg.webp\",\"keywords\":[\"cart\u00f5es de cr\u00e9dito\",\"cr\u00e9dito\"],\"articleSection\":[\"Economia\"],\"inLanguage\":\"pt-BR\"},{\"@type\":\"WebPage\",\"@id\":\"https:\/\/www.suno.com.br\/noticias\/taxa-juros-baixa-operacoes-credito-anefac\/\",\"url\":\"https:\/\/www.suno.com.br\/noticias\/taxa-juros-baixa-operacoes-credito-anefac\/\",\"name\":\"Taxa m\u00e9dia de juros cai em opera\u00e7\u00f5es de cr\u00e9dito pela 12\u00aa vez, diz Anefac\",\"isPartOf\":{\"@id\":\"https:\/\/www.suno.com.br\/noticias\/#website\"},\"primaryImageOfPage\":{\"@id\":\"https:\/\/www.suno.com.br\/noticias\/taxa-juros-baixa-operacoes-credito-anefac\/#primaryimage\"},\"image\":{\"@id\":\"https:\/\/www.suno.com.br\/noticias\/taxa-juros-baixa-operacoes-credito-anefac\/#primaryimage\"},\"thumbnailUrl\":\"https:\/\/files.sunoresearch.com.br\/n\/uploads\/2019\/03\/eeaf29d2-juros-jpg.webp\",\"datePublished\":\"2019-03-12T16:37:02+00:00\",\"dateModified\":\"2019-03-12T21:18:18+00:00\",\"description\":\"As taxas de juros cobradas nas opera\u00e7\u00f5es de cr\u00e9dito mantiveram a retra\u00e7\u00e3o em fevereiro, aponta Anefac.\u00a0Clique para saber mais.\",\"breadcrumb\":{\"@id\":\"https:\/\/www.suno.com.br\/noticias\/taxa-juros-baixa-operacoes-credito-anefac\/#breadcrumb\"},\"inLanguage\":\"pt-BR\",\"potentialAction\":[{\"@type\":\"ReadAction\",\"target\":[\"https:\/\/www.suno.com.br\/noticias\/taxa-juros-baixa-operacoes-credito-anefac\/\"]}]},{\"@type\":\"ImageObject\",\"inLanguage\":\"pt-BR\",\"@id\":\"https:\/\/www.suno.com.br\/noticias\/taxa-juros-baixa-operacoes-credito-anefac\/#primaryimage\",\"url\":\"https:\/\/files.sunoresearch.com.br\/n\/uploads\/2019\/03\/eeaf29d2-juros-jpg.webp\",\"contentUrl\":\"https:\/\/files.sunoresearch.com.br\/n\/uploads\/2019\/03\/eeaf29d2-juros-jpg.webp\",\"width\":1200,\"height\":817,\"caption\":\"SPC libera consulta gratuita do CPF por 30 dias. (divulga\u00e7\u00e3o)\"},{\"@type\":\"BreadcrumbList\",\"@id\":\"https:\/\/www.suno.com.br\/noticias\/taxa-juros-baixa-operacoes-credito-anefac\/#breadcrumb\",\"itemListElement\":[{\"@type\":\"ListItem\",\"position\":1,\"name\":\"Not\u00edcias\",\"item\":\"https:\/\/www.suno.com.br\/noticias\/\"},{\"@type\":\"ListItem\",\"position\":2,\"name\":\"Economia\",\"item\":\"https:\/\/www.suno.com.br\/noticias\/economia\/\"},{\"@type\":\"ListItem\",\"position\":3,\"name\":\"Taxa m\u00e9dia de juros cai em opera\u00e7\u00f5es de cr\u00e9dito pela 12\u00aa vez, diz Anefac\"}]},{\"@type\":\"WebSite\",\"@id\":\"https:\/\/www.suno.com.br\/noticias\/#website\",\"url\":\"https:\/\/www.suno.com.br\/noticias\/\",\"name\":\"Suno Not\u00edcias\",\"description\":\"Seu portal de informa\u00e7\u00e3o sobre o mundo dos investimentos\",\"publisher\":{\"@id\":\"https:\/\/www.suno.com.br\/noticias\/#organization\"},\"potentialAction\":[{\"@type\":\"SearchAction\",\"target\":{\"@type\":\"EntryPoint\",\"urlTemplate\":\"https:\/\/www.suno.com.br\/noticias\/?s={search_term_string}\"},\"query-input\":{\"@type\":\"PropertyValueSpecification\",\"valueRequired\":true,\"valueName\":\"search_term_string\"}}],\"inLanguage\":\"pt-BR\"},{\"@type\":\"Organization\",\"@id\":\"https:\/\/www.suno.com.br\/noticias\/#organization\",\"name\":\"Suno Not\u00edcias\",\"url\":\"https:\/\/www.suno.com.br\/noticias\/\",\"logo\":{\"@type\":\"ImageObject\",\"inLanguage\":\"pt-BR\",\"@id\":\"https:\/\/www.suno.com.br\/noticias\/#\/schema\/logo\/image\/\",\"url\":\"https:\/\/files.sunoresearch.com.br\/n\/uploads\/2021\/09\/suno-logo.png\",\"contentUrl\":\"https:\/\/files.sunoresearch.com.br\/n\/uploads\/2021\/09\/suno-logo.png\",\"width\":180,\"height\":180,\"caption\":\"Suno Not\u00edcias\"},\"image\":{\"@id\":\"https:\/\/www.suno.com.br\/noticias\/#\/schema\/logo\/image\/\"},\"sameAs\":[\"https:\/\/facebook.com\/sunoresearch\",\"https:\/\/x.com\/sunoresearch\",\"https:\/\/www.instagram.com\/suno\",\"https:\/\/www.linkedin.com\/company\/suno-research\/\",\"https:\/\/www.youtube.com\/c\/sunoresearch\"]},{\"@type\":\"Person\",\"@id\":\"https:\/\/www.suno.com.br\/noticias\/#\/schema\/person\/a5b06fa4e879d8e8e119c6ed3cd630d1\",\"name\":\"Amanda Gushiken\",\"image\":{\"@type\":\"ImageObject\",\"inLanguage\":\"pt-BR\",\"@id\":\"https:\/\/www.suno.com.br\/noticias\/#\/schema\/person\/image\/\",\"url\":\"https:\/\/secure.gravatar.com\/avatar\/ecd84705e6b65e3685ae80d725501fbe?s=96&r=g\",\"contentUrl\":\"https:\/\/secure.gravatar.com\/avatar\/ecd84705e6b65e3685ae80d725501fbe?s=96&r=g\",\"caption\":\"Amanda Gushiken\"},\"description\":\"Amanda Sayuri Gushiken escreve sobre finan\u00e7as e neg\u00f3cios para o portal Suno Not\u00edcias. Antes, trabalhou selecionando not\u00edcias da imprensa para clientes do mercado financeiro. Tamb\u00e9m desenvolveu pesquisa acad\u00eamica pela Universidade Anhembi Morumbi na \u00e1rea de Teorias da Comunica\u00e7\u00e3o e \u00e9 fot\u00f3grafa nas horas vagas.\",\"url\":\"https:\/\/www.suno.com.br\/noticias\/author\/amanda\/\"}]}<\/script>\n<!-- \/ Yoast SEO plugin. -->","yoast_head_json":{"title":"Taxa m\u00e9dia de juros cai em opera\u00e7\u00f5es de cr\u00e9dito pela 12\u00aa vez, diz Anefac","description":"As taxas de juros cobradas nas opera\u00e7\u00f5es de cr\u00e9dito mantiveram a retra\u00e7\u00e3o em fevereiro, aponta Anefac.\u00a0Clique para saber mais.","robots":{"index":"index","follow":"follow","max-snippet":"max-snippet:-1","max-image-preview":"max-image-preview:large","max-video-preview":"max-video-preview:-1"},"canonical":"https:\/\/www.suno.com.br\/noticias\/taxa-juros-baixa-operacoes-credito-anefac\/","og_locale":"pt_BR","og_type":"article","og_title":"Taxa m\u00e9dia de juros cai em opera\u00e7\u00f5es de cr\u00e9dito pela 12\u00aa vez, diz Anefac","og_description":"As taxas de juros cobradas nas opera\u00e7\u00f5es de cr\u00e9dito mantiveram a retra\u00e7\u00e3o em fevereiro, aponta Anefac.\u00a0Clique para saber mais.","og_url":"https:\/\/www.suno.com.br\/noticias\/taxa-juros-baixa-operacoes-credito-anefac\/","og_site_name":"Suno Not\u00edcias","article_publisher":"https:\/\/facebook.com\/sunoresearch","og_image":[{"width":1200,"height":817,"url":"https:\/\/files.sunoresearch.com.br\/n\/uploads\/2019\/03\/eeaf29d2-juros.jpg","type":"image\/jpeg"}],"author":"Amanda Gushiken","twitter_card":"summary_large_image","twitter_creator":"@sunoresearch","twitter_site":"@sunoresearch","twitter_misc":{"Escrito por":"Amanda Gushiken","Est. tempo de leitura":"2 minutos"},"schema":{"@context":"https:\/\/schema.org","@graph":[{"@type":"NewsArticle","@id":"https:\/\/www.suno.com.br\/noticias\/taxa-juros-baixa-operacoes-credito-anefac\/#article","isPartOf":{"@id":"https:\/\/www.suno.com.br\/noticias\/taxa-juros-baixa-operacoes-credito-anefac\/"},"author":{"name":"Amanda Gushiken","@id":"https:\/\/www.suno.com.br\/noticias\/#\/schema\/person\/a5b06fa4e879d8e8e119c6ed3cd630d1"},"headline":"Taxa m\u00e9dia de juros cai em opera\u00e7\u00f5es de cr\u00e9dito pela 12\u00aa vez, diz Anefac","datePublished":"2019-03-12T16:37:02+00:00","dateModified":"2019-03-12T21:18:18+00:00","mainEntityOfPage":{"@id":"https:\/\/www.suno.com.br\/noticias\/taxa-juros-baixa-operacoes-credito-anefac\/"},"wordCount":388,"publisher":{"@id":"https:\/\/www.suno.com.br\/noticias\/#organization"},"image":{"@id":"https:\/\/www.suno.com.br\/noticias\/taxa-juros-baixa-operacoes-credito-anefac\/#primaryimage"},"thumbnailUrl":"https:\/\/files.sunoresearch.com.br\/n\/uploads\/2019\/03\/eeaf29d2-juros-jpg.webp","keywords":["cart\u00f5es de cr\u00e9dito","cr\u00e9dito"],"articleSection":["Economia"],"inLanguage":"pt-BR"},{"@type":"WebPage","@id":"https:\/\/www.suno.com.br\/noticias\/taxa-juros-baixa-operacoes-credito-anefac\/","url":"https:\/\/www.suno.com.br\/noticias\/taxa-juros-baixa-operacoes-credito-anefac\/","name":"Taxa m\u00e9dia de juros cai em opera\u00e7\u00f5es de cr\u00e9dito pela 12\u00aa vez, diz Anefac","isPartOf":{"@id":"https:\/\/www.suno.com.br\/noticias\/#website"},"primaryImageOfPage":{"@id":"https:\/\/www.suno.com.br\/noticias\/taxa-juros-baixa-operacoes-credito-anefac\/#primaryimage"},"image":{"@id":"https:\/\/www.suno.com.br\/noticias\/taxa-juros-baixa-operacoes-credito-anefac\/#primaryimage"},"thumbnailUrl":"https:\/\/files.sunoresearch.com.br\/n\/uploads\/2019\/03\/eeaf29d2-juros-jpg.webp","datePublished":"2019-03-12T16:37:02+00:00","dateModified":"2019-03-12T21:18:18+00:00","description":"As taxas de juros cobradas nas opera\u00e7\u00f5es de cr\u00e9dito mantiveram a retra\u00e7\u00e3o em fevereiro, aponta Anefac.\u00a0Clique para saber mais.","breadcrumb":{"@id":"https:\/\/www.suno.com.br\/noticias\/taxa-juros-baixa-operacoes-credito-anefac\/#breadcrumb"},"inLanguage":"pt-BR","potentialAction":[{"@type":"ReadAction","target":["https:\/\/www.suno.com.br\/noticias\/taxa-juros-baixa-operacoes-credito-anefac\/"]}]},{"@type":"ImageObject","inLanguage":"pt-BR","@id":"https:\/\/www.suno.com.br\/noticias\/taxa-juros-baixa-operacoes-credito-anefac\/#primaryimage","url":"https:\/\/files.sunoresearch.com.br\/n\/uploads\/2019\/03\/eeaf29d2-juros-jpg.webp","contentUrl":"https:\/\/files.sunoresearch.com.br\/n\/uploads\/2019\/03\/eeaf29d2-juros-jpg.webp","width":1200,"height":817,"caption":"SPC libera consulta gratuita do CPF por 30 dias. (divulga\u00e7\u00e3o)"},{"@type":"BreadcrumbList","@id":"https:\/\/www.suno.com.br\/noticias\/taxa-juros-baixa-operacoes-credito-anefac\/#breadcrumb","itemListElement":[{"@type":"ListItem","position":1,"name":"Not\u00edcias","item":"https:\/\/www.suno.com.br\/noticias\/"},{"@type":"ListItem","position":2,"name":"Economia","item":"https:\/\/www.suno.com.br\/noticias\/economia\/"},{"@type":"ListItem","position":3,"name":"Taxa m\u00e9dia de juros cai em opera\u00e7\u00f5es de cr\u00e9dito pela 12\u00aa vez, diz Anefac"}]},{"@type":"WebSite","@id":"https:\/\/www.suno.com.br\/noticias\/#website","url":"https:\/\/www.suno.com.br\/noticias\/","name":"Suno Not\u00edcias","description":"Seu portal de informa\u00e7\u00e3o sobre o mundo dos investimentos","publisher":{"@id":"https:\/\/www.suno.com.br\/noticias\/#organization"},"potentialAction":[{"@type":"SearchAction","target":{"@type":"EntryPoint","urlTemplate":"https:\/\/www.suno.com.br\/noticias\/?s={search_term_string}"},"query-input":{"@type":"PropertyValueSpecification","valueRequired":true,"valueName":"search_term_string"}}],"inLanguage":"pt-BR"},{"@type":"Organization","@id":"https:\/\/www.suno.com.br\/noticias\/#organization","name":"Suno Not\u00edcias","url":"https:\/\/www.suno.com.br\/noticias\/","logo":{"@type":"ImageObject","inLanguage":"pt-BR","@id":"https:\/\/www.suno.com.br\/noticias\/#\/schema\/logo\/image\/","url":"https:\/\/files.sunoresearch.com.br\/n\/uploads\/2021\/09\/suno-logo.png","contentUrl":"https:\/\/files.sunoresearch.com.br\/n\/uploads\/2021\/09\/suno-logo.png","width":180,"height":180,"caption":"Suno Not\u00edcias"},"image":{"@id":"https:\/\/www.suno.com.br\/noticias\/#\/schema\/logo\/image\/"},"sameAs":["https:\/\/facebook.com\/sunoresearch","https:\/\/x.com\/sunoresearch","https:\/\/www.instagram.com\/suno","https:\/\/www.linkedin.com\/company\/suno-research\/","https:\/\/www.youtube.com\/c\/sunoresearch"]},{"@type":"Person","@id":"https:\/\/www.suno.com.br\/noticias\/#\/schema\/person\/a5b06fa4e879d8e8e119c6ed3cd630d1","name":"Amanda Gushiken","image":{"@type":"ImageObject","inLanguage":"pt-BR","@id":"https:\/\/www.suno.com.br\/noticias\/#\/schema\/person\/image\/","url":"https:\/\/secure.gravatar.com\/avatar\/ecd84705e6b65e3685ae80d725501fbe?s=96&r=g","contentUrl":"https:\/\/secure.gravatar.com\/avatar\/ecd84705e6b65e3685ae80d725501fbe?s=96&r=g","caption":"Amanda Gushiken"},"description":"Amanda Sayuri Gushiken escreve sobre finan\u00e7as e neg\u00f3cios para o portal Suno Not\u00edcias. Antes, trabalhou selecionando not\u00edcias da imprensa para clientes do mercado financeiro. Tamb\u00e9m desenvolveu pesquisa acad\u00eamica pela Universidade Anhembi Morumbi na \u00e1rea de Teorias da Comunica\u00e7\u00e3o e \u00e9 fot\u00f3grafa nas horas vagas.","url":"https:\/\/www.suno.com.br\/noticias\/author\/amanda\/"}]}},"default_loop_html":"<div class=\"cardsPage__listCard__boxs\"><div class=\"cardsPage__listCard__boxs__img\"><a href=\"https:\/\/www.suno.com.br\/noticias\/taxa-juros-baixa-operacoes-credito-anefac\/\"><img class=\"mask\" src=\"https:\/\/www.suno.com.br\/noticias\/wp-content\/themes\/suno\/resources\/images\/spotlight\/spotlight1img\/bg-mask.png\" alt=\"Image Mask\"\/><img src=\"https:\/\/files.sunoresearch.com.br\/n\/uploads\/2019\/03\/eeaf29d2-juros-400x200.webp\" alt=\"Taxa m\u00e9dia de juros cai em opera\u00e7\u00f5es de cr\u00e9dito pela 12\u00aa vez, diz Anefac\"\/><\/a><span class=\"spotlightCategory\"><a href=\"https:\/\/www.suno.com.br\/noticias\/economia\/\">Economia<\/a><\/span><\/div><div class=\"cardsPage__listCard__boxs__content\"><a href=\"https:\/\/www.suno.com.br\/noticias\/taxa-juros-baixa-operacoes-credito-anefac\/\"><h2 class=\"content__title\">Taxa m\u00e9dia de juros cai em opera\u00e7\u00f5es de cr\u00e9dito pela 12\u00aa vez, diz Anefac<\/h2><\/a><div class=\"newsContent__article__meta\"><div class=\"newsContent__article__meta__authorBox\"><a href=\"https:\/\/www.suno.com.br\/noticias\/author\/amanda\/\" class=\"authorBox__avatar noMobi\"><img src=\"https:\/\/files.sunoresearch.com.br\/n\/uploads\/2018\/11\/c6ad30be-amanda-150x150.webp\" alt=\"Amanda Gushiken\"><\/a><div class=\"authorBox__name\"><span>por\n\t\t\t<a href=\"https:\/\/www.suno.com.br\/noticias\/author\/amanda\/\"><span itemprop=\"author\">Amanda Gushiken<\/span><\/a><\/span><time datetime=\"2019-03-12T13:37:02-03:00\" itemprop=\"datePublished\">12\/03\/2019 13:37<\/time><\/div><\/div><\/div><\/div><\/div>","single_layout":"posts","amp_enabled":true,"_links":{"self":[{"href":"https:\/\/www.suno.com.br\/noticias\/wp-json\/wp\/v2\/posts\/17721"}],"collection":[{"href":"https:\/\/www.suno.com.br\/noticias\/wp-json\/wp\/v2\/posts"}],"about":[{"href":"https:\/\/www.suno.com.br\/noticias\/wp-json\/wp\/v2\/types\/post"}],"author":[{"embeddable":true,"href":"https:\/\/www.suno.com.br\/noticias\/wp-json\/wp\/v2\/users\/12"}],"replies":[{"embeddable":true,"href":"https:\/\/www.suno.com.br\/noticias\/wp-json\/wp\/v2\/comments?post=17721"}],"version-history":[{"count":0,"href":"https:\/\/www.suno.com.br\/noticias\/wp-json\/wp\/v2\/posts\/17721\/revisions"}],"wp:featuredmedia":[{"embeddable":true,"href":"https:\/\/www.suno.com.br\/noticias\/wp-json\/wp\/v2\/media\/17722"}],"wp:attachment":[{"href":"https:\/\/www.suno.com.br\/noticias\/wp-json\/wp\/v2\/media?parent=17721"}],"wp:term":[{"taxonomy":"category","embeddable":true,"href":"https:\/\/www.suno.com.br\/noticias\/wp-json\/wp\/v2\/categories?post=17721"},{"taxonomy":"post_tag","embeddable":true,"href":"https:\/\/www.suno.com.br\/noticias\/wp-json\/wp\/v2\/tags?post=17721"},{"taxonomy":"suno_strategy","embeddable":true,"href":"https:\/\/www.suno.com.br\/noticias\/wp-json\/wp\/v2\/suno_strategy?post=17721"}],"curies":[{"name":"wp","href":"https:\/\/api.w.org\/{rel}","templated":true}]}}