{"id":177207,"date":"2021-08-22T12:52:07","date_gmt":"2021-08-22T15:52:07","guid":{"rendered":"https:\/\/www.suno.com.br\/noticias\/?p=177207"},"modified":"2021-08-22T12:52:07","modified_gmt":"2021-08-22T15:52:07","slug":"nenhuma-uti-lotada-sao-paulo-covid-19","status":"publish","type":"post","link":"https:\/\/www.suno.com.br\/noticias\/nenhuma-uti-lotada-sao-paulo-covid-19\/","title":{"rendered":"Ap\u00f3s 16 meses, nenhuma UTI de S\u00e3o Paulo est\u00e1 lotada devido \u00e0 Covid-19"},"content":{"rendered":"<p>Pela primeira vez desde abril do ano passado, nenhuma das 645 cidades do estado de S\u00e3o Paulo est\u00e1 com o \u00edndice de ocupa\u00e7\u00e3o das Unidades de Terapia Intensiva (UTI) dedicadas ao combate \u00e0 <strong>Covid-19<\/strong> em 100%.<\/p>\t<div class=\"wrapper-featured-image\">\n\t\t<figure class=\"spotlightImg\">\n\n\t\t\t<picture>\n\t\t\t\t<source media=\"(max-width: 768px)\" srcset=\"https:\/\/files.sunoresearch.com.br\/n\/uploads\/2021\/08\/58f8440f-hospital-840135_1920-400x200.jpg\">\n\t\t\t\t<img loading=\"lazy\" decoding=\"async\" class=\"newsContent__article__imgCapa lazyloadDisabled \" src=\"https:\/\/files.sunoresearch.com.br\/n\/uploads\/2021\/08\/58f8440f-hospital-840135_1920-800x450.jpg\" width=\"800\" height=\"450\" alt=\"Ap\u00f3s 16 meses, nenhuma UTI de S\u00e3o Paulo est\u00e1 lotada devido \u00e0 Covid-19\" fetchpriority=high \/>\n\t\t\t<\/picture>\n\n\t\t\t<figcaption class=\"wp-caption-text wp-caption-text--show\">Foto: Pixabay<\/figcaption>\n\t\t<\/figure>\n\t<\/div>\n\n\n\t<p>\n\t\t<a href=\"https:\/\/lp.suno.com.br\/planilha-controle-gastos\/\" target=\"_blank\" data-element=\"shortcode-suno-banner\" title=\"Banner SUNO, clique e saiba mais\">\n\t\t\t<picture>\n\t\t\t\t<source media=\"(max-width: 500px)\" srcset=\"https:\/\/files.sunoresearch.com.br\/n\/uploads\/2023\/03\/400x300-Planilha-controle-de-gastos.png\">\n\t\t\t\t<img class=\"newsContent__article__imgCapa newsContent__article__imgCapa--banner\"\n\t\t\t\t\tsrc=\"https:\/\/files.sunoresearch.com.br\/n\/uploads\/2023\/03\/1420x240-Planilha-controle-de-gastos.png\"\n\t\t\t\t\tdata-promo-id=\"101751\"\t\t\t\t\t\t\t\t\t\twidth='1420' height='240'\t\t\t\t\talt=\"https:\/\/files.sunoresearch.com.br\/n\/uploads\/2023\/03\/1420x240-Planilha-controle-de-gastos.png\"\n\t\t\t\t>\n\t\t\t<\/picture>\n\t\t<\/a>\n\t<\/p>\n\n\n<p>A taxa foi registrada pelo governo estadual no \u00faltimo s\u00e1bado (21) e \u00e9 considerada como um marco no resultado do avan\u00e7o da <strong>vacina\u00e7\u00e3o<\/strong> e medidas de enfrentamento e preven\u00e7\u00e3o \u00e0 Covid-19.<\/p>\n<p>Segundo os dados do governo, atualmente h\u00e1 7.495 pessoas hospitalizadas com o novo coronav\u00edrus, sendo 3.842 em UTI e 3.653 em enfermarias.<\/p>\n<p>De acordo com as informa\u00e7\u00f5es de monitoramento do <strong>Censo Covid<\/strong>, realizado pelo governo estadual desde abril de 2020, em 30 de mar\u00e7o de 2021, pico da segunda onda, chegou a 87 o n\u00famero de cidades com ocupa\u00e7\u00e3o integral dos leitos de Terapia Intensiva.<\/p>\n<p>Isto representa que, naquele contexto, 13% de todos os <strong>munic\u00edpios de S\u00e3o Paulo<\/strong> estavam com a rede sobrecarregada.<\/p>\n<p>\u201cEste n\u00famero chegou a ser quatro vezes maior no auge da segunda onda, ultrapassando 31 mil pacientes em leitos reservados para casos graves da doen\u00e7a\u201d, diz o governo de S\u00e3o Paulo.<\/p>\n\t<div data-element=\"shortcode-read-more\" class=\"knowMore\">\n\t\t\t\t<span class=\"knowMore__title\">Leia tamb\u00e9m<\/span>\n\t\t\t\t<a class=\"knowMore__link\" href=\"https:\/\/www.suno.com.br\/noticias\/porto-seguro-pssa3-desconto-vacinacao\/\">\n\t\t\tPorto Seguro (PSSA3) dar\u00e1 desconto para clientes vacinados contra a Covid-19\t\t<\/a>\n\t<\/div>\n\n\n<p>&#8220;Naquele contexto, a taxa de ocupa\u00e7\u00e3o de UTIs chegou a ultrapassar 92% no estado. Nesta data, \u00e9 de 40,3% em todo o territ\u00f3rio paulista, e de 38,5% na Grande S\u00e3o Paulo.&#8221;<\/p>\n<p>No decorrer da <strong>pandemia<\/strong>, houve 4.209.421 casos, dos quais 3.929.437 j\u00e1 est\u00e3o recuperados, incluindo 437.819 que foram internados e receberam alta hospitalar. O estado registra 144.185 <strong>\u00f3bitos pela Covid-19<\/strong>.<\/p>\n<h2>Resposta do Brasil \u00e0 Covid-19 gera mais custo<\/h2>\n<p>Um estudo recente do Instituto de Pesquisa Econ\u00f4mica e Aplicada (Ipea) mostra que pa\u00edses com pior \u00eaxito no controle da dissemina\u00e7\u00e3o da<strong> Covid-19<\/strong> acabaram sofrendo as maiores perdas da atividade.<\/p>\n\t<p>\n\t\t<a href=\"https:\/\/lp.suno.com.br\/planilha-da-vida-financeira\/\" target=\"_blank\" data-element=\"shortcode-suno-banner\" title=\"Banner SUNO, clique e saiba mais\">\n\t\t\t<picture>\n\t\t\t\t<source media=\"(max-width: 500px)\" srcset=\"https:\/\/files.sunoresearch.com.br\/n\/uploads\/2023\/04\/400x300-Planilha-vida-financeira-true.png\">\n\t\t\t\t<img class=\"newsContent__article__imgCapa newsContent__article__imgCapa--banner\"\n\t\t\t\t\tsrc=\"https:\/\/files.sunoresearch.com.br\/n\/uploads\/2023\/04\/1420x240-Planilha-vida-financeira-true.png\"\n\t\t\t\t\tdata-promo-id=\"106682\"\t\t\t\t\t\t\t\t\t\twidth='1420' height='240'\t\t\t\t\talt=\"https:\/\/files.sunoresearch.com.br\/n\/uploads\/2023\/04\/1420x240-Planilha-vida-financeira-true.png\"\n\t\t\t\t>\n\t\t\t<\/picture>\n\t\t<\/a>\n\t<\/p>\n\n\n<p>Com isso, precisaram lan\u00e7ar m\u00e3o de maiores pacotes fiscais para mitigar os impactos da pandemia. O <strong>Brasil<\/strong> est\u00e1 entre as na\u00e7\u00f5es em que a correla\u00e7\u00e3o apontada pelo Ipea fica clara. <a href=\"https:\/\/www.suno.com.br\/noticias\/reposta-brasil-covid-19-pesquisa-ipea\/\">Clique aqui<\/a> para saber mais.<\/p>\n<p>O Pa\u00eds registrou um elevado n\u00famero de mortes pela Covid-19 e uma queda de 4,1% no <a href=\"https:\/\/www.suno.com.br\/artigos\/pib-produto-interno-bruto\/\">Produto Interno Bruto (<strong>PIB<\/strong>)<\/a> ano passado &#8212; tombo que n\u00e3o foi maior porque houve inje\u00e7\u00e3o de R$ 524 bilh\u00f5es em despesas adicionais s\u00f3 em 2020.<\/p>\n<p>O debate sobre a rela\u00e7\u00e3o entre o combate \u00e0 doen\u00e7a e seus efeitos sobre a atividade econ\u00f4mica esteve presente desde o in\u00edcio da pandemia, por causa da recomenda\u00e7\u00e3o de especialistas em sa\u00fade pela ado\u00e7\u00e3o de medidas de distanciamento social para frear o avan\u00e7o da<strong> Covid-19<\/strong>.<\/p>\n<p><em>(Com informa\u00e7\u00f5es da Ag\u00eancia Brasil)<\/em><\/p>\n\t<p>\n\t\t<a href=\"https:\/\/lp.suno.com.br\/planilha-de-controle-de-investimentos\/\" target=\"_blank\" data-element=\"shortcode-suno-banner\" title=\"Banner SUNO, clique e saiba mais\">\n\t\t\t<picture>\n\t\t\t\t<source media=\"(max-width: 500px)\" srcset=\"https:\/\/files.sunoresearch.com.br\/n\/uploads\/2023\/03\/400x300-Controle-de-Investimentos.png\">\n\t\t\t\t<img class=\"newsContent__article__imgCapa newsContent__article__imgCapa--banner\"\n\t\t\t\t\tsrc=\"https:\/\/files.sunoresearch.com.br\/n\/uploads\/2023\/03\/1420x240-Controle-de-Investimentos.png\"\n\t\t\t\t\tdata-promo-id=\"75934\"\t\t\t\t\t\t\t\t\t\twidth='1420' height='240'\t\t\t\t\talt=\"https:\/\/files.sunoresearch.com.br\/n\/uploads\/2023\/03\/1420x240-Controle-de-Investimentos.png\"\n\t\t\t\t>\n\t\t\t<\/picture>\n\t\t<\/a>\n\t<\/p>\n\n\n","protected":false},"excerpt":{"rendered":"<p>Pela primeira vez desde abril do ano passado, nenhuma das 645 cidades do estado de S\u00e3o Paulo est\u00e1 com o \u00edndice de ocupa\u00e7\u00e3o das Unidades de Terapia Intensiva (UTI) dedicadas ao combate \u00e0 Covid-19 em 100%. Foto: Pixabay A taxa foi registrada pelo governo estadual no \u00faltimo s\u00e1bado (21) e \u00e9 considerada como um marco [&hellip;]<\/p>\n","protected":false},"author":24,"featured_media":177209,"comment_status":"closed","ping_status":"closed","sticky":false,"template":"","format":"standard","meta":[],"categories":[62],"tags":[5255,842,843],"suno_strategy":[],"class_list":["post-177207","post","type-post","status-publish","format-standard","has-post-thumbnail","hentry","category-economia","tag-covid-19","tag-joao-doria","tag-sao-paulo"],"yoast_head":"<!-- This site is optimized with the Yoast SEO plugin v24.4 - https:\/\/yoast.com\/wordpress\/plugins\/seo\/ -->\n<title>Ap\u00f3s 16 meses, nenhuma UTI de S\u00e3o Paulo est\u00e1 lotada devido \u00e0 Covid-19<\/title>\n<meta name=\"description\" content=\"Pela primeira vez desde abril de 2020, nenhuma das 645 cidades do estado de S\u00e3o Paulo est\u00e1 com a UTI de combate \u00e0 Covid-19 lotada. Confira.\" \/>\n<meta name=\"robots\" content=\"index, follow, max-snippet:-1, max-image-preview:large, max-video-preview:-1\" \/>\n<link rel=\"canonical\" href=\"https:\/\/www.suno.com.br\/noticias\/nenhuma-uti-lotada-sao-paulo-covid-19\/\" \/>\n<meta property=\"og:locale\" content=\"pt_BR\" \/>\n<meta property=\"og:type\" content=\"article\" \/>\n<meta property=\"og:title\" content=\"Ap\u00f3s 16 meses, nenhuma UTI de S\u00e3o Paulo est\u00e1 lotada devido \u00e0 Covid-19\" \/>\n<meta property=\"og:description\" content=\"Pela primeira vez desde abril de 2020, nenhuma das 645 cidades do estado de S\u00e3o Paulo est\u00e1 com a UTI de combate \u00e0 Covid-19 lotada. Confira.\" \/>\n<meta property=\"og:url\" content=\"https:\/\/www.suno.com.br\/noticias\/nenhuma-uti-lotada-sao-paulo-covid-19\/\" \/>\n<meta property=\"og:site_name\" content=\"Suno Not\u00edcias\" \/>\n<meta property=\"article:publisher\" content=\"https:\/\/facebook.com\/sunoresearch\" \/>\n<meta property=\"og:image\" content=\"https:\/\/files.sunoresearch.com.br\/n\/uploads\/2021\/08\/58f8440f-hospital-840135_1920.jpg\" \/>\n\t<meta property=\"og:image:width\" content=\"1920\" \/>\n\t<meta property=\"og:image:height\" content=\"1280\" \/>\n\t<meta property=\"og:image:type\" content=\"image\/jpeg\" \/>\n<meta name=\"author\" content=\"Jader Lazarini\" \/>\n<meta name=\"twitter:card\" content=\"summary_large_image\" \/>\n<meta name=\"twitter:creator\" content=\"@sunoresearch\" \/>\n<meta name=\"twitter:site\" content=\"@sunoresearch\" \/>\n<meta name=\"twitter:label1\" content=\"Escrito por\" \/>\n\t<meta name=\"twitter:data1\" content=\"Jader Lazarini\" \/>\n\t<meta name=\"twitter:label2\" content=\"Est. tempo de leitura\" \/>\n\t<meta name=\"twitter:data2\" content=\"2 minutos\" \/>\n<script type=\"application\/ld+json\" class=\"yoast-schema-graph\">{\"@context\":\"https:\/\/schema.org\",\"@graph\":[{\"@type\":\"NewsArticle\",\"@id\":\"https:\/\/www.suno.com.br\/noticias\/nenhuma-uti-lotada-sao-paulo-covid-19\/#article\",\"isPartOf\":{\"@id\":\"https:\/\/www.suno.com.br\/noticias\/nenhuma-uti-lotada-sao-paulo-covid-19\/\"},\"author\":{\"name\":\"Jader Lazarini\",\"@id\":\"https:\/\/www.suno.com.br\/noticias\/#\/schema\/person\/918d79de1f0281f01599b93f9ea6e23f\"},\"headline\":\"Ap\u00f3s 16 meses, nenhuma UTI de S\u00e3o Paulo est\u00e1 lotada devido \u00e0 Covid-19\",\"datePublished\":\"2021-08-22T15:52:07+00:00\",\"mainEntityOfPage\":{\"@id\":\"https:\/\/www.suno.com.br\/noticias\/nenhuma-uti-lotada-sao-paulo-covid-19\/\"},\"wordCount\":449,\"publisher\":{\"@id\":\"https:\/\/www.suno.com.br\/noticias\/#organization\"},\"image\":{\"@id\":\"https:\/\/www.suno.com.br\/noticias\/nenhuma-uti-lotada-sao-paulo-covid-19\/#primaryimage\"},\"thumbnailUrl\":\"https:\/\/files.sunoresearch.com.br\/n\/uploads\/2021\/08\/58f8440f-hospital-840135_1920.jpg\",\"keywords\":[\"covid-19\",\"Jo\u00e3o Doria\",\"S\u00e3o Paulo\"],\"articleSection\":[\"Economia\"],\"inLanguage\":\"pt-BR\"},{\"@type\":\"WebPage\",\"@id\":\"https:\/\/www.suno.com.br\/noticias\/nenhuma-uti-lotada-sao-paulo-covid-19\/\",\"url\":\"https:\/\/www.suno.com.br\/noticias\/nenhuma-uti-lotada-sao-paulo-covid-19\/\",\"name\":\"Ap\u00f3s 16 meses, nenhuma UTI de S\u00e3o Paulo est\u00e1 lotada devido \u00e0 Covid-19\",\"isPartOf\":{\"@id\":\"https:\/\/www.suno.com.br\/noticias\/#website\"},\"primaryImageOfPage\":{\"@id\":\"https:\/\/www.suno.com.br\/noticias\/nenhuma-uti-lotada-sao-paulo-covid-19\/#primaryimage\"},\"image\":{\"@id\":\"https:\/\/www.suno.com.br\/noticias\/nenhuma-uti-lotada-sao-paulo-covid-19\/#primaryimage\"},\"thumbnailUrl\":\"https:\/\/files.sunoresearch.com.br\/n\/uploads\/2021\/08\/58f8440f-hospital-840135_1920.jpg\",\"datePublished\":\"2021-08-22T15:52:07+00:00\",\"description\":\"Pela primeira vez desde abril de 2020, nenhuma das 645 cidades do estado de S\u00e3o Paulo est\u00e1 com a UTI de combate \u00e0 Covid-19 lotada. Confira.\",\"breadcrumb\":{\"@id\":\"https:\/\/www.suno.com.br\/noticias\/nenhuma-uti-lotada-sao-paulo-covid-19\/#breadcrumb\"},\"inLanguage\":\"pt-BR\",\"potentialAction\":[{\"@type\":\"ReadAction\",\"target\":[\"https:\/\/www.suno.com.br\/noticias\/nenhuma-uti-lotada-sao-paulo-covid-19\/\"]}]},{\"@type\":\"ImageObject\",\"inLanguage\":\"pt-BR\",\"@id\":\"https:\/\/www.suno.com.br\/noticias\/nenhuma-uti-lotada-sao-paulo-covid-19\/#primaryimage\",\"url\":\"https:\/\/files.sunoresearch.com.br\/n\/uploads\/2021\/08\/58f8440f-hospital-840135_1920.jpg\",\"contentUrl\":\"https:\/\/files.sunoresearch.com.br\/n\/uploads\/2021\/08\/58f8440f-hospital-840135_1920.jpg\",\"width\":1920,\"height\":1280,\"caption\":\"Foto: Pixabay\"},{\"@type\":\"BreadcrumbList\",\"@id\":\"https:\/\/www.suno.com.br\/noticias\/nenhuma-uti-lotada-sao-paulo-covid-19\/#breadcrumb\",\"itemListElement\":[{\"@type\":\"ListItem\",\"position\":1,\"name\":\"Not\u00edcias\",\"item\":\"https:\/\/www.suno.com.br\/noticias\/\"},{\"@type\":\"ListItem\",\"position\":2,\"name\":\"Economia\",\"item\":\"https:\/\/www.suno.com.br\/noticias\/economia\/\"},{\"@type\":\"ListItem\",\"position\":3,\"name\":\"Ap\u00f3s 16 meses, nenhuma UTI de S\u00e3o Paulo est\u00e1 lotada devido \u00e0 Covid-19\"}]},{\"@type\":\"WebSite\",\"@id\":\"https:\/\/www.suno.com.br\/noticias\/#website\",\"url\":\"https:\/\/www.suno.com.br\/noticias\/\",\"name\":\"Suno Not\u00edcias\",\"description\":\"Seu portal de informa\u00e7\u00e3o sobre o mundo dos investimentos\",\"publisher\":{\"@id\":\"https:\/\/www.suno.com.br\/noticias\/#organization\"},\"potentialAction\":[{\"@type\":\"SearchAction\",\"target\":{\"@type\":\"EntryPoint\",\"urlTemplate\":\"https:\/\/www.suno.com.br\/noticias\/?s={search_term_string}\"},\"query-input\":{\"@type\":\"PropertyValueSpecification\",\"valueRequired\":true,\"valueName\":\"search_term_string\"}}],\"inLanguage\":\"pt-BR\"},{\"@type\":\"Organization\",\"@id\":\"https:\/\/www.suno.com.br\/noticias\/#organization\",\"name\":\"Suno Not\u00edcias\",\"url\":\"https:\/\/www.suno.com.br\/noticias\/\",\"logo\":{\"@type\":\"ImageObject\",\"inLanguage\":\"pt-BR\",\"@id\":\"https:\/\/www.suno.com.br\/noticias\/#\/schema\/logo\/image\/\",\"url\":\"https:\/\/files.sunoresearch.com.br\/n\/uploads\/2021\/09\/suno-logo.png\",\"contentUrl\":\"https:\/\/files.sunoresearch.com.br\/n\/uploads\/2021\/09\/suno-logo.png\",\"width\":180,\"height\":180,\"caption\":\"Suno Not\u00edcias\"},\"image\":{\"@id\":\"https:\/\/www.suno.com.br\/noticias\/#\/schema\/logo\/image\/\"},\"sameAs\":[\"https:\/\/facebook.com\/sunoresearch\",\"https:\/\/x.com\/sunoresearch\",\"https:\/\/www.instagram.com\/suno\",\"https:\/\/www.linkedin.com\/company\/suno-research\/\",\"https:\/\/www.youtube.com\/c\/sunoresearch\"]},{\"@type\":\"Person\",\"@id\":\"https:\/\/www.suno.com.br\/noticias\/#\/schema\/person\/918d79de1f0281f01599b93f9ea6e23f\",\"name\":\"Jader Lazarini\",\"image\":{\"@type\":\"ImageObject\",\"inLanguage\":\"pt-BR\",\"@id\":\"https:\/\/www.suno.com.br\/noticias\/#\/schema\/person\/image\/\",\"url\":\"https:\/\/secure.gravatar.com\/avatar\/3c1ad8caa51589841baeb923fcddea97?s=96&r=g\",\"contentUrl\":\"https:\/\/secure.gravatar.com\/avatar\/3c1ad8caa51589841baeb923fcddea97?s=96&r=g\",\"caption\":\"Jader Lazarini\"},\"description\":\"Jader Lazarini escreve sobre investimentos, finan\u00e7as, economia e neg\u00f3cios. \u00c9 bacharel em Rela\u00e7\u00f5es Internacionais e analista CNPI (2619).\",\"url\":\"https:\/\/www.suno.com.br\/noticias\/author\/jader-lazarini\/\"}]}<\/script>\n<!-- \/ Yoast SEO plugin. -->","yoast_head_json":{"title":"Ap\u00f3s 16 meses, nenhuma UTI de S\u00e3o Paulo est\u00e1 lotada devido \u00e0 Covid-19","description":"Pela primeira vez desde abril de 2020, nenhuma das 645 cidades do estado de S\u00e3o Paulo est\u00e1 com a UTI de combate \u00e0 Covid-19 lotada. Confira.","robots":{"index":"index","follow":"follow","max-snippet":"max-snippet:-1","max-image-preview":"max-image-preview:large","max-video-preview":"max-video-preview:-1"},"canonical":"https:\/\/www.suno.com.br\/noticias\/nenhuma-uti-lotada-sao-paulo-covid-19\/","og_locale":"pt_BR","og_type":"article","og_title":"Ap\u00f3s 16 meses, nenhuma UTI de S\u00e3o Paulo est\u00e1 lotada devido \u00e0 Covid-19","og_description":"Pela primeira vez desde abril de 2020, nenhuma das 645 cidades do estado de S\u00e3o Paulo est\u00e1 com a UTI de combate \u00e0 Covid-19 lotada. Confira.","og_url":"https:\/\/www.suno.com.br\/noticias\/nenhuma-uti-lotada-sao-paulo-covid-19\/","og_site_name":"Suno Not\u00edcias","article_publisher":"https:\/\/facebook.com\/sunoresearch","og_image":[{"width":1920,"height":1280,"url":"https:\/\/files.sunoresearch.com.br\/n\/uploads\/2021\/08\/58f8440f-hospital-840135_1920.jpg","type":"image\/jpeg"}],"author":"Jader Lazarini","twitter_card":"summary_large_image","twitter_creator":"@sunoresearch","twitter_site":"@sunoresearch","twitter_misc":{"Escrito por":"Jader Lazarini","Est. tempo de leitura":"2 minutos"},"schema":{"@context":"https:\/\/schema.org","@graph":[{"@type":"NewsArticle","@id":"https:\/\/www.suno.com.br\/noticias\/nenhuma-uti-lotada-sao-paulo-covid-19\/#article","isPartOf":{"@id":"https:\/\/www.suno.com.br\/noticias\/nenhuma-uti-lotada-sao-paulo-covid-19\/"},"author":{"name":"Jader Lazarini","@id":"https:\/\/www.suno.com.br\/noticias\/#\/schema\/person\/918d79de1f0281f01599b93f9ea6e23f"},"headline":"Ap\u00f3s 16 meses, nenhuma UTI de S\u00e3o Paulo est\u00e1 lotada devido \u00e0 Covid-19","datePublished":"2021-08-22T15:52:07+00:00","mainEntityOfPage":{"@id":"https:\/\/www.suno.com.br\/noticias\/nenhuma-uti-lotada-sao-paulo-covid-19\/"},"wordCount":449,"publisher":{"@id":"https:\/\/www.suno.com.br\/noticias\/#organization"},"image":{"@id":"https:\/\/www.suno.com.br\/noticias\/nenhuma-uti-lotada-sao-paulo-covid-19\/#primaryimage"},"thumbnailUrl":"https:\/\/files.sunoresearch.com.br\/n\/uploads\/2021\/08\/58f8440f-hospital-840135_1920.jpg","keywords":["covid-19","Jo\u00e3o Doria","S\u00e3o Paulo"],"articleSection":["Economia"],"inLanguage":"pt-BR"},{"@type":"WebPage","@id":"https:\/\/www.suno.com.br\/noticias\/nenhuma-uti-lotada-sao-paulo-covid-19\/","url":"https:\/\/www.suno.com.br\/noticias\/nenhuma-uti-lotada-sao-paulo-covid-19\/","name":"Ap\u00f3s 16 meses, nenhuma UTI de S\u00e3o Paulo est\u00e1 lotada devido \u00e0 Covid-19","isPartOf":{"@id":"https:\/\/www.suno.com.br\/noticias\/#website"},"primaryImageOfPage":{"@id":"https:\/\/www.suno.com.br\/noticias\/nenhuma-uti-lotada-sao-paulo-covid-19\/#primaryimage"},"image":{"@id":"https:\/\/www.suno.com.br\/noticias\/nenhuma-uti-lotada-sao-paulo-covid-19\/#primaryimage"},"thumbnailUrl":"https:\/\/files.sunoresearch.com.br\/n\/uploads\/2021\/08\/58f8440f-hospital-840135_1920.jpg","datePublished":"2021-08-22T15:52:07+00:00","description":"Pela primeira vez desde abril de 2020, nenhuma das 645 cidades do estado de S\u00e3o Paulo est\u00e1 com a UTI de combate \u00e0 Covid-19 lotada. Confira.","breadcrumb":{"@id":"https:\/\/www.suno.com.br\/noticias\/nenhuma-uti-lotada-sao-paulo-covid-19\/#breadcrumb"},"inLanguage":"pt-BR","potentialAction":[{"@type":"ReadAction","target":["https:\/\/www.suno.com.br\/noticias\/nenhuma-uti-lotada-sao-paulo-covid-19\/"]}]},{"@type":"ImageObject","inLanguage":"pt-BR","@id":"https:\/\/www.suno.com.br\/noticias\/nenhuma-uti-lotada-sao-paulo-covid-19\/#primaryimage","url":"https:\/\/files.sunoresearch.com.br\/n\/uploads\/2021\/08\/58f8440f-hospital-840135_1920.jpg","contentUrl":"https:\/\/files.sunoresearch.com.br\/n\/uploads\/2021\/08\/58f8440f-hospital-840135_1920.jpg","width":1920,"height":1280,"caption":"Foto: Pixabay"},{"@type":"BreadcrumbList","@id":"https:\/\/www.suno.com.br\/noticias\/nenhuma-uti-lotada-sao-paulo-covid-19\/#breadcrumb","itemListElement":[{"@type":"ListItem","position":1,"name":"Not\u00edcias","item":"https:\/\/www.suno.com.br\/noticias\/"},{"@type":"ListItem","position":2,"name":"Economia","item":"https:\/\/www.suno.com.br\/noticias\/economia\/"},{"@type":"ListItem","position":3,"name":"Ap\u00f3s 16 meses, nenhuma UTI de S\u00e3o Paulo est\u00e1 lotada devido \u00e0 Covid-19"}]},{"@type":"WebSite","@id":"https:\/\/www.suno.com.br\/noticias\/#website","url":"https:\/\/www.suno.com.br\/noticias\/","name":"Suno Not\u00edcias","description":"Seu portal de informa\u00e7\u00e3o sobre o mundo dos investimentos","publisher":{"@id":"https:\/\/www.suno.com.br\/noticias\/#organization"},"potentialAction":[{"@type":"SearchAction","target":{"@type":"EntryPoint","urlTemplate":"https:\/\/www.suno.com.br\/noticias\/?s={search_term_string}"},"query-input":{"@type":"PropertyValueSpecification","valueRequired":true,"valueName":"search_term_string"}}],"inLanguage":"pt-BR"},{"@type":"Organization","@id":"https:\/\/www.suno.com.br\/noticias\/#organization","name":"Suno Not\u00edcias","url":"https:\/\/www.suno.com.br\/noticias\/","logo":{"@type":"ImageObject","inLanguage":"pt-BR","@id":"https:\/\/www.suno.com.br\/noticias\/#\/schema\/logo\/image\/","url":"https:\/\/files.sunoresearch.com.br\/n\/uploads\/2021\/09\/suno-logo.png","contentUrl":"https:\/\/files.sunoresearch.com.br\/n\/uploads\/2021\/09\/suno-logo.png","width":180,"height":180,"caption":"Suno Not\u00edcias"},"image":{"@id":"https:\/\/www.suno.com.br\/noticias\/#\/schema\/logo\/image\/"},"sameAs":["https:\/\/facebook.com\/sunoresearch","https:\/\/x.com\/sunoresearch","https:\/\/www.instagram.com\/suno","https:\/\/www.linkedin.com\/company\/suno-research\/","https:\/\/www.youtube.com\/c\/sunoresearch"]},{"@type":"Person","@id":"https:\/\/www.suno.com.br\/noticias\/#\/schema\/person\/918d79de1f0281f01599b93f9ea6e23f","name":"Jader Lazarini","image":{"@type":"ImageObject","inLanguage":"pt-BR","@id":"https:\/\/www.suno.com.br\/noticias\/#\/schema\/person\/image\/","url":"https:\/\/secure.gravatar.com\/avatar\/3c1ad8caa51589841baeb923fcddea97?s=96&r=g","contentUrl":"https:\/\/secure.gravatar.com\/avatar\/3c1ad8caa51589841baeb923fcddea97?s=96&r=g","caption":"Jader Lazarini"},"description":"Jader Lazarini escreve sobre investimentos, finan\u00e7as, economia e neg\u00f3cios. \u00c9 bacharel em Rela\u00e7\u00f5es Internacionais e analista CNPI (2619).","url":"https:\/\/www.suno.com.br\/noticias\/author\/jader-lazarini\/"}]}},"default_loop_html":"<div class=\"cardsPage__listCard__boxs\"><div class=\"cardsPage__listCard__boxs__img\"><a href=\"https:\/\/www.suno.com.br\/noticias\/nenhuma-uti-lotada-sao-paulo-covid-19\/\"><img class=\"mask\" src=\"https:\/\/www.suno.com.br\/noticias\/wp-content\/themes\/suno\/resources\/images\/spotlight\/spotlight1img\/bg-mask.png\" alt=\"Image Mask\"\/><img src=\"https:\/\/files.sunoresearch.com.br\/n\/uploads\/2021\/08\/58f8440f-hospital-840135_1920-400x200.jpg\" alt=\"Ap\u00f3s 16 meses, nenhuma UTI de S\u00e3o Paulo est\u00e1 lotada devido \u00e0 Covid-19\"\/><\/a><span class=\"spotlightCategory\"><a href=\"https:\/\/www.suno.com.br\/noticias\/economia\/\">Economia<\/a><\/span><\/div><div class=\"cardsPage__listCard__boxs__content\"><a href=\"https:\/\/www.suno.com.br\/noticias\/nenhuma-uti-lotada-sao-paulo-covid-19\/\"><h2 class=\"content__title\">Ap\u00f3s 16 meses, nenhuma UTI de S\u00e3o Paulo est\u00e1 lotada devido \u00e0 Covid-19<\/h2><\/a><div class=\"newsContent__article__meta\"><div class=\"newsContent__article__meta__authorBox\"><a href=\"https:\/\/www.suno.com.br\/noticias\/author\/jader-lazarini\/\" class=\"authorBox__avatar noMobi\"><img src=\"https:\/\/files.sunoresearch.com.br\/n\/uploads\/2021\/01\/178e6598-foto-perfil-2-150x150.jpg\" alt=\"Jader Lazarini\"><\/a><div class=\"authorBox__name\"><span>por\n\t\t\t<a href=\"https:\/\/www.suno.com.br\/noticias\/author\/jader-lazarini\/\"><span itemprop=\"author\">Jader Lazarini<\/span><\/a><\/span><time datetime=\"2021-08-22T12:52:07-03:00\" itemprop=\"datePublished\">22\/08\/2021 12:52<\/time><\/div><\/div><\/div><\/div><\/div>","single_layout":"posts","amp_enabled":true,"_links":{"self":[{"href":"https:\/\/www.suno.com.br\/noticias\/wp-json\/wp\/v2\/posts\/177207"}],"collection":[{"href":"https:\/\/www.suno.com.br\/noticias\/wp-json\/wp\/v2\/posts"}],"about":[{"href":"https:\/\/www.suno.com.br\/noticias\/wp-json\/wp\/v2\/types\/post"}],"author":[{"embeddable":true,"href":"https:\/\/www.suno.com.br\/noticias\/wp-json\/wp\/v2\/users\/24"}],"replies":[{"embeddable":true,"href":"https:\/\/www.suno.com.br\/noticias\/wp-json\/wp\/v2\/comments?post=177207"}],"version-history":[{"count":2,"href":"https:\/\/www.suno.com.br\/noticias\/wp-json\/wp\/v2\/posts\/177207\/revisions"}],"predecessor-version":[{"id":177211,"href":"https:\/\/www.suno.com.br\/noticias\/wp-json\/wp\/v2\/posts\/177207\/revisions\/177211"}],"wp:featuredmedia":[{"embeddable":true,"href":"https:\/\/www.suno.com.br\/noticias\/wp-json\/wp\/v2\/media\/177209"}],"wp:attachment":[{"href":"https:\/\/www.suno.com.br\/noticias\/wp-json\/wp\/v2\/media?parent=177207"}],"wp:term":[{"taxonomy":"category","embeddable":true,"href":"https:\/\/www.suno.com.br\/noticias\/wp-json\/wp\/v2\/categories?post=177207"},{"taxonomy":"post_tag","embeddable":true,"href":"https:\/\/www.suno.com.br\/noticias\/wp-json\/wp\/v2\/tags?post=177207"},{"taxonomy":"suno_strategy","embeddable":true,"href":"https:\/\/www.suno.com.br\/noticias\/wp-json\/wp\/v2\/suno_strategy?post=177207"}],"curies":[{"name":"wp","href":"https:\/\/api.w.org\/{rel}","templated":true}]}}