{"id":17720,"date":"2019-03-12T13:50:23","date_gmt":"2019-03-12T16:50:23","guid":{"rendered":"https:\/\/www.suno.com.br\/noticias\/?p=17720"},"modified":"2019-03-12T13:50:23","modified_gmt":"2019-03-12T16:50:23","slug":"criancas-adolescentes-titulares-empresas","status":"publish","type":"post","link":"https:\/\/www.suno.com.br\/noticias\/criancas-adolescentes-titulares-empresas\/","title":{"rendered":"Governo permite a crian\u00e7as e adolescentes serem titulares de empresas"},"content":{"rendered":"<p>A partir desta ter\u00e7a (12), crian\u00e7as e adolescentes podem ser titulares de empresas individuais &#8211; permiss\u00e3o antes restrita a maiores de 16 anos emancipados. A informa\u00e7\u00e3o foi publicada no <a href=\"http:\/\/www.in.gov.br\/materia\/-\/asset_publisher\/Kujrw0TZC2Mb\/content\/id\/66544332\">Di\u00e1rio Oficial da Uni\u00e3o<\/a>.<\/p>\t<div class=\"wrapper-featured-image\">\n\t\t<figure class=\"spotlightImg\">\n\n\t\t\t<picture>\n\t\t\t\t<source media=\"(max-width: 768px)\" srcset=\"https:\/\/files.sunoresearch.com.br\/n\/uploads\/2019\/02\/fbbeb871-totvs-400x200.webp\">\n\t\t\t\t<img loading=\"lazy\" decoding=\"async\" class=\"newsContent__article__imgCapa lazyloadDisabled newsContent__article__imgCapa--noCaption\" src=\"https:\/\/files.sunoresearch.com.br\/n\/uploads\/2019\/02\/fbbeb871-totvs-800x450.webp\" width=\"800\" height=\"450\" alt=\"Governo permite a crian\u00e7as e adolescentes serem titulares de empresas\" fetchpriority=high \/>\n\t\t\t<\/picture>\n\n\t\t\t<figcaption class=\"wp-caption-text wp-caption-text--hide\">Retomada de IPOs atrai empresas de due dilligence reputacional<\/figcaption>\n\t\t<\/figure>\n\t<\/div>\n\n\n<p>O texto sinaliza que ser <strong>&#8220;titular&#8221;<\/strong> e ser <strong>&#8220;administrador&#8221;<\/strong> da <strong>empresa<\/strong> s\u00e3o duas coisas diferentes. Ou seja, os fins legais do <strong>capital<\/strong> da <strong>empresa<\/strong> poder\u00e3o ser do menor, mas a <strong>administra\u00e7\u00e3o<\/strong> ficar\u00e1 restrita aos seus pais.<\/p>\n<p><a href=\"https:\/\/www.suno.com.br\/noticias\/estudo-mostra-day-trade-prejuizo\/\">Saiba mais: FGV: mais de 90% de quem tenta viver de day trade t\u00eam preju\u00edzo<\/a><\/p>\n<p>&#8220;O <strong>incapaz,<\/strong> desde que devidamente representado ou assistido, conforme o grau de sua incapacidade, e com a <strong>administra\u00e7\u00e3o<\/strong> a cargo de <strong>terceira pessoa<\/strong> n\u00e3o impedida [&#8230;] Compete aos <strong>pais,<\/strong> e na falta de um deles ao outro, com exclusividade, representar os <strong>s\u00f3cios menores<\/strong> de 16 anos, bem como assisti-los at\u00e9 completarem a <strong>maioridade&#8221;,<\/strong> diz a publica\u00e7\u00e3o.<\/p>\n<p><a href=\"https:\/\/www.suno.com.br\/noticias\/ifood-drones-entrega-patinete-eletrico\/\">Saiba mais: iFodd inicia teste de entrega por meio de drones e patinetes el\u00e9tricos<\/a><\/p>\n<p>A mudan\u00e7a diz respeito ao novo modelo de <strong>empreendimento<\/strong> criado em 2011 com o objetivo de eliminar a figura do <strong>&#8220;s\u00f3cio fantasma&#8221;,<\/strong> a chamada <strong>Empresa Individual de Responsabilidade Limitada (Eireli)<\/strong>. Desde ent\u00e3o, <strong>empres\u00e1rios<\/strong> podem abrir firmas tendo apenas eles mesmos de s\u00f3cios.<\/p>\n<p><a href=\"https:\/\/www.suno.com.br\/noticias\/azul-comprara-ativos-avianca-105\/\">Saiba mais: Azul manifesta interesse para compra de ativos da Avianca<\/a><\/p>\n<p>O s\u00f3cio fict\u00edcio era pr\u00e1tica comum em empresas registradas como sociedade limitada, considerada uma atividade \u00e0 margem da lei. A <strong>Eireli<\/strong> acabou por reduzir a informalidade nesse caso. Seus benef\u00edcios se assemelham aos de um <a href=\"https:\/\/www.suno.com.br\/artigos\/limite-mei\/\"><strong>Microempreendedor Individual (MEI)<\/strong><\/a>, mas este \u00faltimo modelo n\u00e3o exige dispor de um capital m\u00ednimo, algo que \u00e9 necess\u00e1rio numa <strong>Eireli,<\/strong> e tamb\u00e9m \u00e9 vedada a menores de idade.<\/p>\n<p>H\u00e1 tamb\u00e9m outra diferen\u00e7a. A <strong>Eireli<\/strong> permite a separa\u00e7\u00e3o do <strong>patrim\u00f4nio pessoal<\/strong> do <strong>patrim\u00f4nio<\/strong> da <strong>empresa.<\/strong> No caso do <strong>MEI,<\/strong> as d\u00edvidas contra\u00eddas pelo <strong>empres\u00e1rio individual<\/strong> podem ser garantidas tamb\u00e9m pelo patrim\u00f4nio pessoal. Outro modelo de <strong>empreendimento<\/strong> \u00e9 a <strong>Sociedade Limitada (Ltda.)<\/strong>. Mas neste caso \u00e9 obrigat\u00f3rio haver outros <strong>s\u00f3cios<\/strong> da <strong>companhia<\/strong> al\u00e9m do titular.<\/p>\n","protected":false},"excerpt":{"rendered":"<p>A partir desta ter\u00e7a (12), crian\u00e7as e adolescentes podem ser titulares de empresas individuais &#8211; permiss\u00e3o antes restrita a maiores de 16 anos emancipados. A informa\u00e7\u00e3o foi publicada no Di\u00e1rio Oficial da Uni\u00e3o. Retomada de IPOs atrai empresas de due dilligence reputacional O texto sinaliza que ser &#8220;titular&#8221; e ser &#8220;administrador&#8221; da empresa s\u00e3o duas [&hellip;]<\/p>\n","protected":false},"author":13,"featured_media":15261,"comment_status":"closed","ping_status":"closed","sticky":false,"template":"","format":"standard","meta":[],"categories":[64],"tags":[],"suno_strategy":[],"class_list":["post-17720","post","type-post","status-publish","format-standard","has-post-thumbnail","hentry","category-negocios"],"yoast_head":"<!-- This site is optimized with the Yoast SEO plugin v24.4 - https:\/\/yoast.com\/wordpress\/plugins\/seo\/ -->\n<title>Governo permite a crian\u00e7as e adolescentes serem titulares de empresas<\/title>\n<meta name=\"description\" content=\"Crian\u00e7as e adolescentes agora podem ser titulares de empresas, permiss\u00e3o antes restrita a maiores de 16 anos emancipados. Clique e saiba mais\" \/>\n<meta name=\"robots\" content=\"index, follow, max-snippet:-1, max-image-preview:large, max-video-preview:-1\" \/>\n<link rel=\"canonical\" href=\"https:\/\/www.suno.com.br\/noticias\/criancas-adolescentes-titulares-empresas\/\" \/>\n<meta property=\"og:locale\" content=\"pt_BR\" \/>\n<meta property=\"og:type\" content=\"article\" \/>\n<meta property=\"og:title\" content=\"Governo permite a crian\u00e7as e adolescentes serem titulares de empresas\" \/>\n<meta property=\"og:description\" content=\"Crian\u00e7as e adolescentes agora podem ser titulares de empresas, permiss\u00e3o antes restrita a maiores de 16 anos emancipados. Clique e saiba mais\" \/>\n<meta property=\"og:url\" content=\"https:\/\/www.suno.com.br\/noticias\/criancas-adolescentes-titulares-empresas\/\" \/>\n<meta property=\"og:site_name\" content=\"Suno Not\u00edcias\" \/>\n<meta property=\"article:publisher\" content=\"https:\/\/facebook.com\/sunoresearch\" \/>\n<meta property=\"og:image\" content=\"https:\/\/files.sunoresearch.com.br\/n\/uploads\/2019\/02\/fbbeb871-totvs.jpg\" \/>\n\t<meta property=\"og:image:width\" content=\"960\" \/>\n\t<meta property=\"og:image:height\" content=\"640\" \/>\n\t<meta property=\"og:image:type\" content=\"image\/jpeg\" \/>\n<meta name=\"author\" content=\"Guilherme Caetano\" \/>\n<meta name=\"twitter:card\" content=\"summary_large_image\" \/>\n<meta name=\"twitter:creator\" content=\"@sunoresearch\" \/>\n<meta name=\"twitter:site\" content=\"@sunoresearch\" \/>\n<meta name=\"twitter:label1\" content=\"Escrito por\" \/>\n\t<meta name=\"twitter:data1\" content=\"Guilherme Caetano\" \/>\n\t<meta name=\"twitter:label2\" content=\"Est. tempo de leitura\" \/>\n\t<meta name=\"twitter:data2\" content=\"2 minutos\" \/>\n<script type=\"application\/ld+json\" class=\"yoast-schema-graph\">{\"@context\":\"https:\/\/schema.org\",\"@graph\":[{\"@type\":\"NewsArticle\",\"@id\":\"https:\/\/www.suno.com.br\/noticias\/criancas-adolescentes-titulares-empresas\/#article\",\"isPartOf\":{\"@id\":\"https:\/\/www.suno.com.br\/noticias\/criancas-adolescentes-titulares-empresas\/\"},\"author\":{\"name\":\"Guilherme Caetano\",\"@id\":\"https:\/\/www.suno.com.br\/noticias\/#\/schema\/person\/0d0c9687cd2f600c564f25980c140de9\"},\"headline\":\"Governo permite a crian\u00e7as e adolescentes serem titulares de empresas\",\"datePublished\":\"2019-03-12T16:50:23+00:00\",\"mainEntityOfPage\":{\"@id\":\"https:\/\/www.suno.com.br\/noticias\/criancas-adolescentes-titulares-empresas\/\"},\"wordCount\":367,\"publisher\":{\"@id\":\"https:\/\/www.suno.com.br\/noticias\/#organization\"},\"image\":{\"@id\":\"https:\/\/www.suno.com.br\/noticias\/criancas-adolescentes-titulares-empresas\/#primaryimage\"},\"thumbnailUrl\":\"https:\/\/files.sunoresearch.com.br\/n\/uploads\/2019\/02\/fbbeb871-totvs-jpg.webp\",\"articleSection\":[\"Neg\u00f3cios\"],\"inLanguage\":\"pt-BR\"},{\"@type\":\"WebPage\",\"@id\":\"https:\/\/www.suno.com.br\/noticias\/criancas-adolescentes-titulares-empresas\/\",\"url\":\"https:\/\/www.suno.com.br\/noticias\/criancas-adolescentes-titulares-empresas\/\",\"name\":\"Governo permite a crian\u00e7as e adolescentes serem titulares de empresas\",\"isPartOf\":{\"@id\":\"https:\/\/www.suno.com.br\/noticias\/#website\"},\"primaryImageOfPage\":{\"@id\":\"https:\/\/www.suno.com.br\/noticias\/criancas-adolescentes-titulares-empresas\/#primaryimage\"},\"image\":{\"@id\":\"https:\/\/www.suno.com.br\/noticias\/criancas-adolescentes-titulares-empresas\/#primaryimage\"},\"thumbnailUrl\":\"https:\/\/files.sunoresearch.com.br\/n\/uploads\/2019\/02\/fbbeb871-totvs-jpg.webp\",\"datePublished\":\"2019-03-12T16:50:23+00:00\",\"description\":\"Crian\u00e7as e adolescentes agora podem ser titulares de empresas, permiss\u00e3o antes restrita a maiores de 16 anos emancipados. Clique e saiba mais\",\"breadcrumb\":{\"@id\":\"https:\/\/www.suno.com.br\/noticias\/criancas-adolescentes-titulares-empresas\/#breadcrumb\"},\"inLanguage\":\"pt-BR\",\"potentialAction\":[{\"@type\":\"ReadAction\",\"target\":[\"https:\/\/www.suno.com.br\/noticias\/criancas-adolescentes-titulares-empresas\/\"]}]},{\"@type\":\"ImageObject\",\"inLanguage\":\"pt-BR\",\"@id\":\"https:\/\/www.suno.com.br\/noticias\/criancas-adolescentes-titulares-empresas\/#primaryimage\",\"url\":\"https:\/\/files.sunoresearch.com.br\/n\/uploads\/2019\/02\/fbbeb871-totvs-jpg.webp\",\"contentUrl\":\"https:\/\/files.sunoresearch.com.br\/n\/uploads\/2019\/02\/fbbeb871-totvs-jpg.webp\",\"width\":960,\"height\":640,\"caption\":\"Retomada de IPOs atrai empresas de due dilligence reputacional\"},{\"@type\":\"BreadcrumbList\",\"@id\":\"https:\/\/www.suno.com.br\/noticias\/criancas-adolescentes-titulares-empresas\/#breadcrumb\",\"itemListElement\":[{\"@type\":\"ListItem\",\"position\":1,\"name\":\"Not\u00edcias\",\"item\":\"https:\/\/www.suno.com.br\/noticias\/\"},{\"@type\":\"ListItem\",\"position\":2,\"name\":\"Neg\u00f3cios\",\"item\":\"https:\/\/www.suno.com.br\/noticias\/negocios\/\"},{\"@type\":\"ListItem\",\"position\":3,\"name\":\"Governo permite a crian\u00e7as e adolescentes serem titulares de empresas\"}]},{\"@type\":\"WebSite\",\"@id\":\"https:\/\/www.suno.com.br\/noticias\/#website\",\"url\":\"https:\/\/www.suno.com.br\/noticias\/\",\"name\":\"Suno Not\u00edcias\",\"description\":\"Seu portal de informa\u00e7\u00e3o sobre o mundo dos investimentos\",\"publisher\":{\"@id\":\"https:\/\/www.suno.com.br\/noticias\/#organization\"},\"potentialAction\":[{\"@type\":\"SearchAction\",\"target\":{\"@type\":\"EntryPoint\",\"urlTemplate\":\"https:\/\/www.suno.com.br\/noticias\/?s={search_term_string}\"},\"query-input\":{\"@type\":\"PropertyValueSpecification\",\"valueRequired\":true,\"valueName\":\"search_term_string\"}}],\"inLanguage\":\"pt-BR\"},{\"@type\":\"Organization\",\"@id\":\"https:\/\/www.suno.com.br\/noticias\/#organization\",\"name\":\"Suno Not\u00edcias\",\"url\":\"https:\/\/www.suno.com.br\/noticias\/\",\"logo\":{\"@type\":\"ImageObject\",\"inLanguage\":\"pt-BR\",\"@id\":\"https:\/\/www.suno.com.br\/noticias\/#\/schema\/logo\/image\/\",\"url\":\"https:\/\/files.sunoresearch.com.br\/n\/uploads\/2021\/09\/suno-logo.png\",\"contentUrl\":\"https:\/\/files.sunoresearch.com.br\/n\/uploads\/2021\/09\/suno-logo.png\",\"width\":180,\"height\":180,\"caption\":\"Suno Not\u00edcias\"},\"image\":{\"@id\":\"https:\/\/www.suno.com.br\/noticias\/#\/schema\/logo\/image\/\"},\"sameAs\":[\"https:\/\/facebook.com\/sunoresearch\",\"https:\/\/x.com\/sunoresearch\",\"https:\/\/www.instagram.com\/suno\",\"https:\/\/www.linkedin.com\/company\/suno-research\/\",\"https:\/\/www.youtube.com\/c\/sunoresearch\"]},{\"@type\":\"Person\",\"@id\":\"https:\/\/www.suno.com.br\/noticias\/#\/schema\/person\/0d0c9687cd2f600c564f25980c140de9\",\"name\":\"Guilherme Caetano\",\"image\":{\"@type\":\"ImageObject\",\"inLanguage\":\"pt-BR\",\"@id\":\"https:\/\/www.suno.com.br\/noticias\/#\/schema\/person\/image\/\",\"url\":\"https:\/\/secure.gravatar.com\/avatar\/e48357351a01702a0d19307070e081bf?s=96&r=g\",\"contentUrl\":\"https:\/\/secure.gravatar.com\/avatar\/e48357351a01702a0d19307070e081bf?s=96&r=g\",\"caption\":\"Guilherme Caetano\"},\"description\":\"Formado em jornalismo pela Escola de Comunica\u00e7\u00f5es e Artes da USP, Guilherme Caetano escreve para o portal de not\u00edcias da Suno Research. Passou pelas reda\u00e7\u00f5es da Folha de S.Paulo e da revista \u00c9poca.\",\"url\":\"https:\/\/www.suno.com.br\/noticias\/author\/guilherme-caetano\/\"}]}<\/script>\n<!-- \/ Yoast SEO plugin. -->","yoast_head_json":{"title":"Governo permite a crian\u00e7as e adolescentes serem titulares de empresas","description":"Crian\u00e7as e adolescentes agora podem ser titulares de empresas, permiss\u00e3o antes restrita a maiores de 16 anos emancipados. Clique e saiba mais","robots":{"index":"index","follow":"follow","max-snippet":"max-snippet:-1","max-image-preview":"max-image-preview:large","max-video-preview":"max-video-preview:-1"},"canonical":"https:\/\/www.suno.com.br\/noticias\/criancas-adolescentes-titulares-empresas\/","og_locale":"pt_BR","og_type":"article","og_title":"Governo permite a crian\u00e7as e adolescentes serem titulares de empresas","og_description":"Crian\u00e7as e adolescentes agora podem ser titulares de empresas, permiss\u00e3o antes restrita a maiores de 16 anos emancipados. Clique e saiba mais","og_url":"https:\/\/www.suno.com.br\/noticias\/criancas-adolescentes-titulares-empresas\/","og_site_name":"Suno Not\u00edcias","article_publisher":"https:\/\/facebook.com\/sunoresearch","og_image":[{"width":960,"height":640,"url":"https:\/\/files.sunoresearch.com.br\/n\/uploads\/2019\/02\/fbbeb871-totvs.jpg","type":"image\/jpeg"}],"author":"Guilherme Caetano","twitter_card":"summary_large_image","twitter_creator":"@sunoresearch","twitter_site":"@sunoresearch","twitter_misc":{"Escrito por":"Guilherme Caetano","Est. tempo de leitura":"2 minutos"},"schema":{"@context":"https:\/\/schema.org","@graph":[{"@type":"NewsArticle","@id":"https:\/\/www.suno.com.br\/noticias\/criancas-adolescentes-titulares-empresas\/#article","isPartOf":{"@id":"https:\/\/www.suno.com.br\/noticias\/criancas-adolescentes-titulares-empresas\/"},"author":{"name":"Guilherme Caetano","@id":"https:\/\/www.suno.com.br\/noticias\/#\/schema\/person\/0d0c9687cd2f600c564f25980c140de9"},"headline":"Governo permite a crian\u00e7as e adolescentes serem titulares de empresas","datePublished":"2019-03-12T16:50:23+00:00","mainEntityOfPage":{"@id":"https:\/\/www.suno.com.br\/noticias\/criancas-adolescentes-titulares-empresas\/"},"wordCount":367,"publisher":{"@id":"https:\/\/www.suno.com.br\/noticias\/#organization"},"image":{"@id":"https:\/\/www.suno.com.br\/noticias\/criancas-adolescentes-titulares-empresas\/#primaryimage"},"thumbnailUrl":"https:\/\/files.sunoresearch.com.br\/n\/uploads\/2019\/02\/fbbeb871-totvs-jpg.webp","articleSection":["Neg\u00f3cios"],"inLanguage":"pt-BR"},{"@type":"WebPage","@id":"https:\/\/www.suno.com.br\/noticias\/criancas-adolescentes-titulares-empresas\/","url":"https:\/\/www.suno.com.br\/noticias\/criancas-adolescentes-titulares-empresas\/","name":"Governo permite a crian\u00e7as e adolescentes serem titulares de empresas","isPartOf":{"@id":"https:\/\/www.suno.com.br\/noticias\/#website"},"primaryImageOfPage":{"@id":"https:\/\/www.suno.com.br\/noticias\/criancas-adolescentes-titulares-empresas\/#primaryimage"},"image":{"@id":"https:\/\/www.suno.com.br\/noticias\/criancas-adolescentes-titulares-empresas\/#primaryimage"},"thumbnailUrl":"https:\/\/files.sunoresearch.com.br\/n\/uploads\/2019\/02\/fbbeb871-totvs-jpg.webp","datePublished":"2019-03-12T16:50:23+00:00","description":"Crian\u00e7as e adolescentes agora podem ser titulares de empresas, permiss\u00e3o antes restrita a maiores de 16 anos emancipados. Clique e saiba mais","breadcrumb":{"@id":"https:\/\/www.suno.com.br\/noticias\/criancas-adolescentes-titulares-empresas\/#breadcrumb"},"inLanguage":"pt-BR","potentialAction":[{"@type":"ReadAction","target":["https:\/\/www.suno.com.br\/noticias\/criancas-adolescentes-titulares-empresas\/"]}]},{"@type":"ImageObject","inLanguage":"pt-BR","@id":"https:\/\/www.suno.com.br\/noticias\/criancas-adolescentes-titulares-empresas\/#primaryimage","url":"https:\/\/files.sunoresearch.com.br\/n\/uploads\/2019\/02\/fbbeb871-totvs-jpg.webp","contentUrl":"https:\/\/files.sunoresearch.com.br\/n\/uploads\/2019\/02\/fbbeb871-totvs-jpg.webp","width":960,"height":640,"caption":"Retomada de IPOs atrai empresas de due dilligence reputacional"},{"@type":"BreadcrumbList","@id":"https:\/\/www.suno.com.br\/noticias\/criancas-adolescentes-titulares-empresas\/#breadcrumb","itemListElement":[{"@type":"ListItem","position":1,"name":"Not\u00edcias","item":"https:\/\/www.suno.com.br\/noticias\/"},{"@type":"ListItem","position":2,"name":"Neg\u00f3cios","item":"https:\/\/www.suno.com.br\/noticias\/negocios\/"},{"@type":"ListItem","position":3,"name":"Governo permite a crian\u00e7as e adolescentes serem titulares de empresas"}]},{"@type":"WebSite","@id":"https:\/\/www.suno.com.br\/noticias\/#website","url":"https:\/\/www.suno.com.br\/noticias\/","name":"Suno Not\u00edcias","description":"Seu portal de informa\u00e7\u00e3o sobre o mundo dos investimentos","publisher":{"@id":"https:\/\/www.suno.com.br\/noticias\/#organization"},"potentialAction":[{"@type":"SearchAction","target":{"@type":"EntryPoint","urlTemplate":"https:\/\/www.suno.com.br\/noticias\/?s={search_term_string}"},"query-input":{"@type":"PropertyValueSpecification","valueRequired":true,"valueName":"search_term_string"}}],"inLanguage":"pt-BR"},{"@type":"Organization","@id":"https:\/\/www.suno.com.br\/noticias\/#organization","name":"Suno Not\u00edcias","url":"https:\/\/www.suno.com.br\/noticias\/","logo":{"@type":"ImageObject","inLanguage":"pt-BR","@id":"https:\/\/www.suno.com.br\/noticias\/#\/schema\/logo\/image\/","url":"https:\/\/files.sunoresearch.com.br\/n\/uploads\/2021\/09\/suno-logo.png","contentUrl":"https:\/\/files.sunoresearch.com.br\/n\/uploads\/2021\/09\/suno-logo.png","width":180,"height":180,"caption":"Suno Not\u00edcias"},"image":{"@id":"https:\/\/www.suno.com.br\/noticias\/#\/schema\/logo\/image\/"},"sameAs":["https:\/\/facebook.com\/sunoresearch","https:\/\/x.com\/sunoresearch","https:\/\/www.instagram.com\/suno","https:\/\/www.linkedin.com\/company\/suno-research\/","https:\/\/www.youtube.com\/c\/sunoresearch"]},{"@type":"Person","@id":"https:\/\/www.suno.com.br\/noticias\/#\/schema\/person\/0d0c9687cd2f600c564f25980c140de9","name":"Guilherme Caetano","image":{"@type":"ImageObject","inLanguage":"pt-BR","@id":"https:\/\/www.suno.com.br\/noticias\/#\/schema\/person\/image\/","url":"https:\/\/secure.gravatar.com\/avatar\/e48357351a01702a0d19307070e081bf?s=96&r=g","contentUrl":"https:\/\/secure.gravatar.com\/avatar\/e48357351a01702a0d19307070e081bf?s=96&r=g","caption":"Guilherme Caetano"},"description":"Formado em jornalismo pela Escola de Comunica\u00e7\u00f5es e Artes da USP, Guilherme Caetano escreve para o portal de not\u00edcias da Suno Research. Passou pelas reda\u00e7\u00f5es da Folha de S.Paulo e da revista \u00c9poca.","url":"https:\/\/www.suno.com.br\/noticias\/author\/guilherme-caetano\/"}]}},"default_loop_html":"<div class=\"cardsPage__listCard__boxs\"><div class=\"cardsPage__listCard__boxs__img\"><a href=\"https:\/\/www.suno.com.br\/noticias\/criancas-adolescentes-titulares-empresas\/\"><img class=\"mask\" src=\"https:\/\/www.suno.com.br\/noticias\/wp-content\/themes\/suno\/resources\/images\/spotlight\/spotlight1img\/bg-mask.png\" alt=\"Image Mask\"\/><img src=\"https:\/\/files.sunoresearch.com.br\/n\/uploads\/2019\/02\/fbbeb871-totvs-400x200.webp\" alt=\"Governo permite a crian\u00e7as e adolescentes serem titulares de empresas\"\/><\/a><span class=\"spotlightCategory\"><a href=\"https:\/\/www.suno.com.br\/noticias\/negocios\/\">Neg\u00f3cios<\/a><\/span><\/div><div class=\"cardsPage__listCard__boxs__content\"><a href=\"https:\/\/www.suno.com.br\/noticias\/criancas-adolescentes-titulares-empresas\/\"><h2 class=\"content__title\">Governo permite a crian\u00e7as e adolescentes serem titulares de empresas<\/h2><\/a><div class=\"newsContent__article__meta\"><div class=\"newsContent__article__meta__authorBox\"><a href=\"https:\/\/www.suno.com.br\/noticias\/author\/guilherme-caetano\/\" class=\"authorBox__avatar noMobi\"><img src=\"https:\/\/secure.gravatar.com\/avatar\/e48357351a01702a0d19307070e081bf?s=96&#038;r=g\" alt=\"Guilherme Caetano\"><\/a><div class=\"authorBox__name\"><span>por\n\t\t\t<a href=\"https:\/\/www.suno.com.br\/noticias\/author\/guilherme-caetano\/\"><span itemprop=\"author\">Guilherme Caetano<\/span><\/a><\/span><time datetime=\"2019-03-12T13:50:23-03:00\" itemprop=\"datePublished\">12\/03\/2019 13:50<\/time><\/div><\/div><\/div><\/div><\/div>","single_layout":"posts","amp_enabled":true,"_links":{"self":[{"href":"https:\/\/www.suno.com.br\/noticias\/wp-json\/wp\/v2\/posts\/17720"}],"collection":[{"href":"https:\/\/www.suno.com.br\/noticias\/wp-json\/wp\/v2\/posts"}],"about":[{"href":"https:\/\/www.suno.com.br\/noticias\/wp-json\/wp\/v2\/types\/post"}],"author":[{"embeddable":true,"href":"https:\/\/www.suno.com.br\/noticias\/wp-json\/wp\/v2\/users\/13"}],"replies":[{"embeddable":true,"href":"https:\/\/www.suno.com.br\/noticias\/wp-json\/wp\/v2\/comments?post=17720"}],"version-history":[{"count":0,"href":"https:\/\/www.suno.com.br\/noticias\/wp-json\/wp\/v2\/posts\/17720\/revisions"}],"wp:featuredmedia":[{"embeddable":true,"href":"https:\/\/www.suno.com.br\/noticias\/wp-json\/wp\/v2\/media\/15261"}],"wp:attachment":[{"href":"https:\/\/www.suno.com.br\/noticias\/wp-json\/wp\/v2\/media?parent=17720"}],"wp:term":[{"taxonomy":"category","embeddable":true,"href":"https:\/\/www.suno.com.br\/noticias\/wp-json\/wp\/v2\/categories?post=17720"},{"taxonomy":"post_tag","embeddable":true,"href":"https:\/\/www.suno.com.br\/noticias\/wp-json\/wp\/v2\/tags?post=17720"},{"taxonomy":"suno_strategy","embeddable":true,"href":"https:\/\/www.suno.com.br\/noticias\/wp-json\/wp\/v2\/suno_strategy?post=17720"}],"curies":[{"name":"wp","href":"https:\/\/api.w.org\/{rel}","templated":true}]}}