{"id":177121,"date":"2021-08-21T11:38:37","date_gmt":"2021-08-21T14:38:37","guid":{"rendered":"https:\/\/www.suno.com.br\/noticias\/?p=177121"},"modified":"2021-08-21T11:38:37","modified_gmt":"2021-08-21T14:38:37","slug":"autonomia-banco-central-bc-ciro-nogueira","status":"publish","type":"post","link":"https:\/\/www.suno.com.br\/noticias\/autonomia-banco-central-bc-ciro-nogueira\/","title":{"rendered":"Autonomia do Banco Central \u00e9 &#8216;avan\u00e7o hist\u00f3rico e irrevers\u00edvel&#8217;, diz Ciro Nogueira"},"content":{"rendered":"<p>Ap\u00f3s fala do presidente Jair Bolsonaro, falando sobre um arrependimento da autonomia do <strong>Banco Central<\/strong>, o ministro Ciro Nogueira, rec\u00e9m nomeado para a Casa Civil, disse que a autonomia do BC &#8220;\u00e9 um avan\u00e7o hist\u00f3rico e irrevers\u00edvel&#8221;. Ele assegurou que n\u00e3o existe &#8220;nenhuma crise&#8221; entre o presidente Jair Bolsonaro e o presidente do banco, <a class=\"suno-keyword\" href=\"https:\/\/www.suno.com.br\/tudo-sobre\/roberto-campos-neto\/\" target=\"_blank\" rel=\"noopener\" data-force=\"no\" data-priority=\"2\">Roberto Campos Neto<\/a>.<\/p>\t<div class=\"wrapper-featured-image\">\n\t\t<figure class=\"spotlightImg\">\n\n\t\t\t<picture>\n\t\t\t\t<source media=\"(max-width: 768px)\" srcset=\"https:\/\/files.sunoresearch.com.br\/n\/uploads\/2021\/08\/74d14c3b-planalto_04082110235-400x200.jpg\">\n\t\t\t\t<img loading=\"lazy\" decoding=\"async\" class=\"newsContent__article__imgCapa lazyloadDisabled \" src=\"https:\/\/files.sunoresearch.com.br\/n\/uploads\/2021\/08\/74d14c3b-planalto_04082110235-800x450.jpg\" width=\"800\" height=\"450\" alt=\"Autonomia do Banco Central \u00e9 &#8216;avan\u00e7o hist\u00f3rico e irrevers\u00edvel&#8217;, diz Ciro Nogueira\" fetchpriority=high \/>\n\t\t\t<\/picture>\n\n\t\t\t<figcaption class=\"wp-caption-text wp-caption-text--show\">O Casa Verde e Amarela teve baixa de 11,1% nos lan\u00e7amentos entre outubro e dezembro, caindo para 34 mil im\u00f3veis - Foto: Ag\u00eancia Brasil<\/figcaption>\n\t\t<\/figure>\n\t<\/div>\n\n\n\t<p>\n\t\t<a href=\"https:\/\/lp.suno.com.br\/planilha-controle-gastos\/\" target=\"_blank\" data-element=\"shortcode-suno-banner\" title=\"Banner SUNO, clique e saiba mais\">\n\t\t\t<picture>\n\t\t\t\t<source media=\"(max-width: 500px)\" srcset=\"https:\/\/files.sunoresearch.com.br\/n\/uploads\/2023\/03\/400x300-Planilha-controle-de-gastos.png\">\n\t\t\t\t<img class=\"newsContent__article__imgCapa newsContent__article__imgCapa--banner\"\n\t\t\t\t\tsrc=\"https:\/\/files.sunoresearch.com.br\/n\/uploads\/2023\/03\/1420x240-Planilha-controle-de-gastos.png\"\n\t\t\t\t\tdata-promo-id=\"101751\"\t\t\t\t\t\t\t\t\t\twidth='1420' height='240'\t\t\t\t\talt=\"https:\/\/files.sunoresearch.com.br\/n\/uploads\/2023\/03\/1420x240-Planilha-controle-de-gastos.png\"\n\t\t\t\t>\n\t\t\t<\/picture>\n\t\t<\/a>\n\t<\/p>\n\n\n<p>&#8220;Eu disse que ia ser um amortecedor (entre poderes). Mas agora fala o extintor de inc\u00eandios&#8221;, disse. &#8220;Dou meu testemunho de que a rea\u00e7\u00e3o do governo com o <strong>BC<\/strong> \u00e9 excelente, que a autonomia da autoridade monet\u00e1ria \u00e9 um avan\u00e7o hist\u00f3rico e irrevers\u00edvel&#8221;, acrescentou.<\/p>\n<p>Nesta sexta-feira, 20, a ag\u00eancia de not\u00edcias <i>Associated Press<\/i> divulgou que o presidente teria falado abertamente sobre seu arrependimento de apoiar a autonomia do BC durante um voo de volta ap\u00f3s participar de um compromisso p\u00fablico em Mato Grosso.<\/p>\n<p>A <i>AP<\/i> tamb\u00e9m informou que um ministro, sob condi\u00e7\u00e3o de anonimato, revelou que Bolsonaro tem expressado desconforto com a autonomia e gostaria de &#8220;interferir&#8221; na <a class=\"suno-keyword\" href=\"https:\/\/www.suno.com.br\/artigos\/politica-monetaria\/\" target=\"_blank\" rel=\"noopener\" data-force=\"no\" data-priority=\"1\">pol\u00edtica monet\u00e1ria<\/a>.<\/p>\n<p>Na esteira da acelera\u00e7\u00e3o da infla\u00e7\u00e3o, que bateu 8,99% em 12 meses at\u00e9 julho e deve estourar a meta para o ano, o Comit\u00ea de Pol\u00edtica de Monet\u00e1ria (<strong>Copom<\/strong>) apertou o passo e decidiu no in\u00edcio de agosto elevar a <a class=\"suno-keyword\" href=\"https:\/\/www.suno.com.br\/artigos\/taxa-basica-de-juros\/\" target=\"_blank\" rel=\"noopener\" data-force=\"no\" data-priority=\"1\">taxa b\u00e1sica de juros<\/a> em 1 ponto porcentual, para 5,25% ao ano. \u00c9 uma alta mais intensa do que as tr\u00eas eleva\u00e7\u00f5es de 0,75 ponto porcentual que j\u00e1 haviam sido decididas em reuni\u00f5es anteriores.<\/p>\n\t<div data-element=\"shortcode-read-more\" class=\"knowMore\">\n\t\t\t\t<span class=\"knowMore__title\">Leia mais<\/span>\n\t\t\t\t<a class=\"knowMore__link\" href=\"https:\/\/www.suno.com.br\/noticias\/governo-central-deficit-primario-maio\/\">\n\t\t\tGoverno Central tem d\u00e9ficit prim\u00e1rio de R$ 20,9 bilh\u00f5es em maio\t\t<\/a>\n\t<\/div>\n\n\n<p>A acelera\u00e7\u00e3o da infla\u00e7\u00e3o vem pouco mais de um ano antes das elei\u00e7\u00f5es de 2022 e j\u00e1 come\u00e7a a despertar rea\u00e7\u00e3o da popula\u00e7\u00e3o, que sente no bolso o aumento dos pre\u00e7os. Ela tamb\u00e9m coincide com o recente aumento da rejei\u00e7\u00e3o a Bolsonaro. Uma pesquisa realizada pelo PoderData apontou rejei\u00e7\u00e3o ao governo de 64%.<\/p>\n<p>A not\u00edcia envolvendo a autonomia do BC vem \u00e0 tona a cinco dias de o Supremo Tribunal Federal (<strong>STF<\/strong>) decidir se essa lei ficar\u00e1 mesmo de p\u00e9. Uma a\u00e7\u00e3o de inconstitucionalidade foi movida por partidos da oposi\u00e7\u00e3o e trouxe irrita\u00e7\u00e3o \u00e0 equipe econ\u00f4mica, que trabalhou arduamente para &#8220;convencer&#8221; Bolsonaro a endossar uma iniciativa da qual ele n\u00e3o era particularmente um entusiasta.<\/p>\n<p>A retomada do julgamento est\u00e1 prevista para o pr\u00f3ximo dia 25 de agosto. Como mostrou o Broadcast, sistema de not\u00edcias em tempo real do Grupo Estado, em maio, o ministro da Economia, <a class=\"suno-keyword\" href=\"https:\/\/www.suno.com.br\/tudo-sobre\/paulo-guedes\/\" target=\"_blank\" rel=\"noopener\" data-force=\"no\" data-priority=\"2\">Paulo Guedes<\/a>, e o presidente do BC, Roberto Campos Neto, se envolveram pessoalmente em conversas com ministros do STF para tentar convenc\u00ea-los a manter a validade da lei. Por enquanto, o placar est\u00e1 em 1 a 1.<\/p>\n<h2>PGR foi entrave na autonomia do Banco Central<\/h2>\n<p>A luz amarela acendeu quando a Procuradoria-Geral da Rep\u00fablica (PGR), comandada por Augusto Aras, que \u00e9 pr\u00f3ximo de Bolsonaro, emitiu um parecer argumentando que a lei \u00e9 inconstitucional por ter v\u00edcio de iniciativa &#8211; foi aprovada a partir de um texto apresentado pelo Legislativo, quando na verdade deveria ter sido proposta pelo Executivo.<\/p>\n<p>Na equipe econ\u00f4mica, sempre houve o reconhecimento de que a autonomia do BC n\u00e3o era uma agenda priorit\u00e1ria para o presidente. Um importante interlocutor admite que &#8220;foi dif\u00edcil convencer o governo a abrir m\u00e3o do BC&#8221;.<\/p>\n\t<p>\n\t\t<a href=\"https:\/\/lp.suno.com.br\/planilha-da-vida-financeira\/\" target=\"_blank\" data-element=\"shortcode-suno-banner\" title=\"Banner SUNO, clique e saiba mais\">\n\t\t\t<picture>\n\t\t\t\t<source media=\"(max-width: 500px)\" srcset=\"https:\/\/files.sunoresearch.com.br\/n\/uploads\/2023\/04\/400x300-Planilha-vida-financeira-true.png\">\n\t\t\t\t<img class=\"newsContent__article__imgCapa newsContent__article__imgCapa--banner\"\n\t\t\t\t\tsrc=\"https:\/\/files.sunoresearch.com.br\/n\/uploads\/2023\/04\/1420x240-Planilha-vida-financeira-true.png\"\n\t\t\t\t\tdata-promo-id=\"106682\"\t\t\t\t\t\t\t\t\t\twidth='1420' height='240'\t\t\t\t\talt=\"https:\/\/files.sunoresearch.com.br\/n\/uploads\/2023\/04\/1420x240-Planilha-vida-financeira-true.png\"\n\t\t\t\t>\n\t\t\t<\/picture>\n\t\t<\/a>\n\t<\/p>\n\n\n<p>&#8220;Voc\u00ea acha que o governo tamb\u00e9m n\u00e3o gostaria de ter um BC para chamar de seu, para mandar baixar juro como a Dilma (ex-presidente Dilma Rousseff) mandou?&#8221;, diz essa fonte. Por isso a a\u00e7\u00e3o apresentada pela oposi\u00e7\u00e3o \u00e9 vista como uma manobra totalmente equivocada e que poderia, no limite, dar chance ao governo de flertar com uma redu\u00e7\u00e3o de juros e partir para a reelei\u00e7\u00e3o.<\/p>\n<p>Por outro lado, a recente escalada da infla\u00e7\u00e3o leva outros integrantes da equipe econ\u00f4mica a avaliar que Bolsonaro pode ter feito as considera\u00e7\u00f5es sem levar em conta as consequ\u00eancias de uma &#8220;interven\u00e7\u00e3o&#8221; na pol\u00edtica monet\u00e1ria.<\/p>\n<h2>Bolsonaro cogitou substituir Campos Neto<\/h2>\n<p>Segundo uma fonte do governo, manter juros baixos permitira que a <a href=\"https:\/\/www.suno.com.br\/noticias\/tags\/ipca\/\">infla\u00e7\u00e3o seguisse elevada<\/a>. Se de um lado isso colaboraria para ampliar a arrecada\u00e7\u00e3o do governo, de outro pressionaria ainda mais o Or\u00e7amento das fam\u00edlias e tamb\u00e9m as pr\u00f3prias despesas do Tesouro, muitas delas corrigidas pela infla\u00e7\u00e3o.<\/p>\n<p>A <i>AP<\/i> tamb\u00e9m ouviu relatos de que Bolsonaro disse que gostaria de poder substituir o presidente Roberto Campos Neto com uma &#8220;canetada&#8221;. Uma fonte do BC lembrou, no entanto, que uma demiss\u00e3o sum\u00e1ria desse tipo n\u00e3o ocorria h\u00e1 quase 60 anos.<\/p>\n\t<p>\n\t\t<a href=\"https:\/\/lp.suno.com.br\/ebook-como-analisar-uma-acao\/\" target=\"_blank\" data-element=\"shortcode-suno-banner\" title=\"Banner SUNO, clique e saiba mais\">\n\t\t\t<picture>\n\t\t\t\t<source media=\"(max-width: 500px)\" srcset=\"https:\/\/files.sunoresearch.com.br\/n\/uploads\/2023\/03\/Ebook-Acoes-Mobile-1.jpg\">\n\t\t\t\t<img class=\"newsContent__article__imgCapa newsContent__article__imgCapa--banner\"\n\t\t\t\t\tsrc=\"https:\/\/files.sunoresearch.com.br\/n\/uploads\/2023\/03\/Ebook-Acoes-Desktop-1.jpg\"\n\t\t\t\t\tdata-promo-id=\"171998\"\t\t\t\t\t\t\t\t\t\twidth='1420' height='286'\t\t\t\t\talt=\"https:\/\/files.sunoresearch.com.br\/n\/uploads\/2023\/03\/Ebook-Acoes-Desktop-1.jpg\"\n\t\t\t\t>\n\t\t\t<\/picture>\n\t\t<\/a>\n\t<\/p>\n\n\n<p>Al\u00e9m disso, outra fonte comentou que os dois tiveram reuni\u00e3o na \u00faltima ter\u00e7a-feira (17) e que o encontro teria transcorrido normalmente. Pela agenda de Campos Neto, os dois trataram de &#8220;assuntos governamentais&#8221; no <a href=\"https:\/\/www.suno.com.br\/noticias\/tags\/governo-federal\">Pal\u00e1cio do Planalto<\/a>.<\/p>\n<p>Em junho, o <i>Broadcast<\/i> registrou que o BC n\u00e3o contava mais com o apoio do presidente, que j\u00e1 dava pistas sobre sua inseguran\u00e7a.<\/p>\n<p>Nessa ocasi\u00e3o, o ministro Lu\u00eds Roberto Barroso havia pedido vista do processo que corre no STF, e a autoridade monet\u00e1ria come\u00e7ou a preparar seu plano B: a tramita\u00e7\u00e3o de um novo projeto no Congresso Nacional. Essa via, por\u00e9m, dependeria n\u00e3o s\u00f3 da aprova\u00e7\u00e3o dos parlamentares, mas tamb\u00e9m de nova san\u00e7\u00e3o do presidente Jair Bolsonaro.<\/p>\n<h2>Panorama global dos demais BCs<\/h2>\n<p>Interfer\u00eancias pol\u00edticas no Copom sempre foram vistas como um empecilho para o trabalho do BC de buscar sua <a class=\"suno-keyword\" href=\"https:\/\/www.suno.com.br\/artigos\/meta-de-inflacao\/\" target=\"_blank\" rel=\"noopener\" data-force=\"no\" data-priority=\"1\">meta de infla\u00e7\u00e3o<\/a>. Muitos foram os ru\u00eddos ao longo dos \u00faltimos anos nesse sentido que mexeram com o mercado financeiro.<\/p>\n<p>E em todas as partes do mundo, a alta dos pre\u00e7os \u00e9 sempre uma pedra no sapato de governantes.<\/p>\n<p>Justamente por conta da expectativa de alta dos pre\u00e7os em todo o mundo depois da pandemia, os dois principais bancos centrais &#8211; o americano Federal Reserve (Fed) e o <a class=\"suno-keyword\" href=\"https:\/\/www.suno.com.br\/artigos\/bce\/\" target=\"_blank\" rel=\"noopener\" data-force=\"no\" data-priority=\"1\">Banco Central Europeu (BCE)<\/a> &#8211; ajustaram seus sistemas de metas de infla\u00e7\u00e3o.<\/p>\n<p>O intuito \u00e9 acomodar mais facilmente a press\u00e3o de alta dos pre\u00e7os. O que os dirigentes far\u00e3o agora \u00e9 monitorar que as taxas n\u00e3o extrapolem alguns limites num horizonte mais longo, e n\u00e3o t\u00e3o de <a class=\"suno-keyword\" href=\"https:\/\/www.suno.com.br\/artigos\/curto-prazo\/\" target=\"_blank\" rel=\"noopener\" data-force=\"no\" data-priority=\"1\">curto prazo<\/a>, mas mantendo a independ\u00eancia de seus governos, em situa\u00e7\u00e3o an\u00e1loga ao <strong>Banco Central<\/strong> do Brasil.<\/p>\n<p><em>Com informa\u00e7\u00f5es do Estad\u00e3o Conte\u00fado<\/em><\/p>\n\t<p>\n\t\t<a href=\"https:\/\/lp.suno.com.br\/planilha-de-controle-de-investimentos\/\" target=\"_blank\" data-element=\"shortcode-suno-banner\" title=\"Banner SUNO, clique e saiba mais\">\n\t\t\t<picture>\n\t\t\t\t<source media=\"(max-width: 500px)\" srcset=\"https:\/\/files.sunoresearch.com.br\/n\/uploads\/2023\/03\/400x300-Controle-de-Investimentos.png\">\n\t\t\t\t<img class=\"newsContent__article__imgCapa newsContent__article__imgCapa--banner\"\n\t\t\t\t\tsrc=\"https:\/\/files.sunoresearch.com.br\/n\/uploads\/2023\/03\/1420x240-Controle-de-Investimentos.png\"\n\t\t\t\t\tdata-promo-id=\"75934\"\t\t\t\t\t\t\t\t\t\twidth='1420' height='240'\t\t\t\t\talt=\"https:\/\/files.sunoresearch.com.br\/n\/uploads\/2023\/03\/1420x240-Controle-de-Investimentos.png\"\n\t\t\t\t>\n\t\t\t<\/picture>\n\t\t<\/a>\n\t<\/p>\n\n\n","protected":false},"excerpt":{"rendered":"<p>Ap\u00f3s fala do presidente Jair Bolsonaro, falando sobre um arrependimento da autonomia do Banco Central, o ministro Ciro Nogueira, rec\u00e9m nomeado para a Casa Civil, disse que a autonomia do BC &#8220;\u00e9 um avan\u00e7o hist\u00f3rico e irrevers\u00edvel&#8221;. Ele assegurou que n\u00e3o existe &#8220;nenhuma crise&#8221; entre o presidente Jair Bolsonaro e o presidente do banco, Roberto [&hellip;]<\/p>\n","protected":false},"author":73,"featured_media":177147,"comment_status":"closed","ping_status":"closed","sticky":false,"template":"","format":"standard","meta":[],"categories":[61],"tags":[],"suno_strategy":[],"class_list":["post-177121","post","type-post","status-publish","format-standard","has-post-thumbnail","hentry","category-politica"],"yoast_head":"<!-- This site is optimized with the Yoast SEO plugin v24.4 - https:\/\/yoast.com\/wordpress\/plugins\/seo\/ -->\n<title>Autonomia do Banco Central \u00e9 &#039;avan\u00e7o irrevers\u00edvel&#039;, diz Nogueira<\/title>\n<meta name=\"description\" content=\"Fala do Ministro da Casa Civil vem em contexto que Bolsonaro questiona se a autonomia do Banco Central \u00e9 eficaz. Clique aqui e leia mais.\" \/>\n<meta name=\"robots\" content=\"index, follow, max-snippet:-1, max-image-preview:large, max-video-preview:-1\" \/>\n<link rel=\"canonical\" href=\"https:\/\/www.suno.com.br\/noticias\/autonomia-banco-central-bc-ciro-nogueira\/\" \/>\n<meta property=\"og:locale\" content=\"pt_BR\" \/>\n<meta property=\"og:type\" content=\"article\" \/>\n<meta property=\"og:title\" content=\"Autonomia do Banco Central \u00e9 &#039;avan\u00e7o irrevers\u00edvel&#039;, diz Nogueira\" \/>\n<meta property=\"og:description\" content=\"Fala do Ministro da Casa Civil vem em contexto que Bolsonaro questiona se a autonomia do Banco Central \u00e9 eficaz. Clique aqui e leia mais.\" \/>\n<meta property=\"og:url\" content=\"https:\/\/www.suno.com.br\/noticias\/autonomia-banco-central-bc-ciro-nogueira\/\" \/>\n<meta property=\"og:site_name\" content=\"Suno Not\u00edcias\" \/>\n<meta property=\"article:publisher\" content=\"https:\/\/facebook.com\/sunoresearch\" \/>\n<meta property=\"og:image\" content=\"https:\/\/files.sunoresearch.com.br\/n\/uploads\/2021\/08\/74d14c3b-planalto_04082110235-scaled.jpg\" \/>\n\t<meta property=\"og:image:width\" content=\"2560\" \/>\n\t<meta property=\"og:image:height\" content=\"1707\" \/>\n\t<meta property=\"og:image:type\" content=\"image\/jpeg\" \/>\n<meta name=\"author\" content=\"Eduardo Vargas\" \/>\n<meta name=\"twitter:card\" content=\"summary_large_image\" \/>\n<meta name=\"twitter:creator\" content=\"@sunoresearch\" \/>\n<meta name=\"twitter:site\" content=\"@sunoresearch\" \/>\n<meta name=\"twitter:label1\" content=\"Escrito por\" \/>\n\t<meta name=\"twitter:data1\" content=\"Eduardo Vargas\" \/>\n\t<meta name=\"twitter:label2\" content=\"Est. tempo de leitura\" \/>\n\t<meta name=\"twitter:data2\" content=\"5 minutos\" \/>\n<script type=\"application\/ld+json\" class=\"yoast-schema-graph\">{\"@context\":\"https:\/\/schema.org\",\"@graph\":[{\"@type\":\"NewsArticle\",\"@id\":\"https:\/\/www.suno.com.br\/noticias\/autonomia-banco-central-bc-ciro-nogueira\/#article\",\"isPartOf\":{\"@id\":\"https:\/\/www.suno.com.br\/noticias\/autonomia-banco-central-bc-ciro-nogueira\/\"},\"author\":{\"name\":\"Eduardo Vargas\",\"@id\":\"https:\/\/www.suno.com.br\/noticias\/#\/schema\/person\/7f4d362bf3518e76090143ae77bb49a5\"},\"headline\":\"Autonomia do Banco Central \u00e9 &#8216;avan\u00e7o hist\u00f3rico e irrevers\u00edvel&#8217;, diz Ciro Nogueira\",\"datePublished\":\"2021-08-21T14:38:37+00:00\",\"mainEntityOfPage\":{\"@id\":\"https:\/\/www.suno.com.br\/noticias\/autonomia-banco-central-bc-ciro-nogueira\/\"},\"wordCount\":1110,\"publisher\":{\"@id\":\"https:\/\/www.suno.com.br\/noticias\/#organization\"},\"image\":{\"@id\":\"https:\/\/www.suno.com.br\/noticias\/autonomia-banco-central-bc-ciro-nogueira\/#primaryimage\"},\"thumbnailUrl\":\"https:\/\/files.sunoresearch.com.br\/n\/uploads\/2021\/08\/74d14c3b-planalto_04082110235-scaled.jpg\",\"articleSection\":[\"Pol\u00edtica\"],\"inLanguage\":\"pt-BR\"},{\"@type\":\"WebPage\",\"@id\":\"https:\/\/www.suno.com.br\/noticias\/autonomia-banco-central-bc-ciro-nogueira\/\",\"url\":\"https:\/\/www.suno.com.br\/noticias\/autonomia-banco-central-bc-ciro-nogueira\/\",\"name\":\"Autonomia do Banco Central \u00e9 'avan\u00e7o irrevers\u00edvel', diz Nogueira\",\"isPartOf\":{\"@id\":\"https:\/\/www.suno.com.br\/noticias\/#website\"},\"primaryImageOfPage\":{\"@id\":\"https:\/\/www.suno.com.br\/noticias\/autonomia-banco-central-bc-ciro-nogueira\/#primaryimage\"},\"image\":{\"@id\":\"https:\/\/www.suno.com.br\/noticias\/autonomia-banco-central-bc-ciro-nogueira\/#primaryimage\"},\"thumbnailUrl\":\"https:\/\/files.sunoresearch.com.br\/n\/uploads\/2021\/08\/74d14c3b-planalto_04082110235-scaled.jpg\",\"datePublished\":\"2021-08-21T14:38:37+00:00\",\"description\":\"Fala do Ministro da Casa Civil vem em contexto que Bolsonaro questiona se a autonomia do Banco Central \u00e9 eficaz. Clique aqui e leia mais.\",\"breadcrumb\":{\"@id\":\"https:\/\/www.suno.com.br\/noticias\/autonomia-banco-central-bc-ciro-nogueira\/#breadcrumb\"},\"inLanguage\":\"pt-BR\",\"potentialAction\":[{\"@type\":\"ReadAction\",\"target\":[\"https:\/\/www.suno.com.br\/noticias\/autonomia-banco-central-bc-ciro-nogueira\/\"]}]},{\"@type\":\"ImageObject\",\"inLanguage\":\"pt-BR\",\"@id\":\"https:\/\/www.suno.com.br\/noticias\/autonomia-banco-central-bc-ciro-nogueira\/#primaryimage\",\"url\":\"https:\/\/files.sunoresearch.com.br\/n\/uploads\/2021\/08\/74d14c3b-planalto_04082110235-scaled.jpg\",\"contentUrl\":\"https:\/\/files.sunoresearch.com.br\/n\/uploads\/2021\/08\/74d14c3b-planalto_04082110235-scaled.jpg\",\"width\":2560,\"height\":1707,\"caption\":\"O Casa Verde e Amarela teve baixa de 11,1% nos lan\u00e7amentos entre outubro e dezembro, caindo para 34 mil im\u00f3veis - Foto: Ag\u00eancia Brasil\"},{\"@type\":\"BreadcrumbList\",\"@id\":\"https:\/\/www.suno.com.br\/noticias\/autonomia-banco-central-bc-ciro-nogueira\/#breadcrumb\",\"itemListElement\":[{\"@type\":\"ListItem\",\"position\":1,\"name\":\"Not\u00edcias\",\"item\":\"https:\/\/www.suno.com.br\/noticias\/\"},{\"@type\":\"ListItem\",\"position\":2,\"name\":\"Pol\u00edtica\",\"item\":\"https:\/\/www.suno.com.br\/noticias\/politica\/\"},{\"@type\":\"ListItem\",\"position\":3,\"name\":\"Autonomia do Banco Central \u00e9 &#8216;avan\u00e7o hist\u00f3rico e irrevers\u00edvel&#8217;, diz Ciro Nogueira\"}]},{\"@type\":\"WebSite\",\"@id\":\"https:\/\/www.suno.com.br\/noticias\/#website\",\"url\":\"https:\/\/www.suno.com.br\/noticias\/\",\"name\":\"Suno Not\u00edcias\",\"description\":\"Seu portal de informa\u00e7\u00e3o sobre o mundo dos investimentos\",\"publisher\":{\"@id\":\"https:\/\/www.suno.com.br\/noticias\/#organization\"},\"potentialAction\":[{\"@type\":\"SearchAction\",\"target\":{\"@type\":\"EntryPoint\",\"urlTemplate\":\"https:\/\/www.suno.com.br\/noticias\/?s={search_term_string}\"},\"query-input\":{\"@type\":\"PropertyValueSpecification\",\"valueRequired\":true,\"valueName\":\"search_term_string\"}}],\"inLanguage\":\"pt-BR\"},{\"@type\":\"Organization\",\"@id\":\"https:\/\/www.suno.com.br\/noticias\/#organization\",\"name\":\"Suno Not\u00edcias\",\"url\":\"https:\/\/www.suno.com.br\/noticias\/\",\"logo\":{\"@type\":\"ImageObject\",\"inLanguage\":\"pt-BR\",\"@id\":\"https:\/\/www.suno.com.br\/noticias\/#\/schema\/logo\/image\/\",\"url\":\"https:\/\/files.sunoresearch.com.br\/n\/uploads\/2021\/09\/suno-logo.png\",\"contentUrl\":\"https:\/\/files.sunoresearch.com.br\/n\/uploads\/2021\/09\/suno-logo.png\",\"width\":180,\"height\":180,\"caption\":\"Suno Not\u00edcias\"},\"image\":{\"@id\":\"https:\/\/www.suno.com.br\/noticias\/#\/schema\/logo\/image\/\"},\"sameAs\":[\"https:\/\/facebook.com\/sunoresearch\",\"https:\/\/x.com\/sunoresearch\",\"https:\/\/www.instagram.com\/suno\",\"https:\/\/www.linkedin.com\/company\/suno-research\/\",\"https:\/\/www.youtube.com\/c\/sunoresearch\"]},{\"@type\":\"Person\",\"@id\":\"https:\/\/www.suno.com.br\/noticias\/#\/schema\/person\/7f4d362bf3518e76090143ae77bb49a5\",\"name\":\"Eduardo Vargas\",\"image\":{\"@type\":\"ImageObject\",\"inLanguage\":\"pt-BR\",\"@id\":\"https:\/\/www.suno.com.br\/noticias\/#\/schema\/person\/image\/\",\"url\":\"https:\/\/secure.gravatar.com\/avatar\/dac340933427a22924c9f99d1eb2e3f2?s=96&r=g\",\"contentUrl\":\"https:\/\/secure.gravatar.com\/avatar\/dac340933427a22924c9f99d1eb2e3f2?s=96&r=g\",\"caption\":\"Eduardo Vargas\"},\"description\":\"Jornalista formado pela UFSC, cobre macroeconomia, neg\u00f3cios e startups para o Suno Not\u00edcias, escrevendo principalmente not\u00edcias sobre o mercado financeiro e a bolsa de valores. No YouTube e no Instagram, \u00e9 respons\u00e1vel pela produ\u00e7\u00e3o de Reels e Shorts do Suno Not\u00edcias. Anteriormente, trabalhou cobrindo economia e cotidiano no ND+ e para o ND, maior jornal impresso de Santa Catarina. Cursou um semestre letivo de Estudos de M\u00eddia na Universidad de Buenos Aires.\",\"url\":\"https:\/\/www.suno.com.br\/noticias\/author\/eduardo-vargas\/\"}]}<\/script>\n<!-- \/ Yoast SEO plugin. -->","yoast_head_json":{"title":"Autonomia do Banco Central \u00e9 'avan\u00e7o irrevers\u00edvel', diz Nogueira","description":"Fala do Ministro da Casa Civil vem em contexto que Bolsonaro questiona se a autonomia do Banco Central \u00e9 eficaz. Clique aqui e leia mais.","robots":{"index":"index","follow":"follow","max-snippet":"max-snippet:-1","max-image-preview":"max-image-preview:large","max-video-preview":"max-video-preview:-1"},"canonical":"https:\/\/www.suno.com.br\/noticias\/autonomia-banco-central-bc-ciro-nogueira\/","og_locale":"pt_BR","og_type":"article","og_title":"Autonomia do Banco Central \u00e9 'avan\u00e7o irrevers\u00edvel', diz Nogueira","og_description":"Fala do Ministro da Casa Civil vem em contexto que Bolsonaro questiona se a autonomia do Banco Central \u00e9 eficaz. Clique aqui e leia mais.","og_url":"https:\/\/www.suno.com.br\/noticias\/autonomia-banco-central-bc-ciro-nogueira\/","og_site_name":"Suno Not\u00edcias","article_publisher":"https:\/\/facebook.com\/sunoresearch","og_image":[{"width":2560,"height":1707,"url":"https:\/\/files.sunoresearch.com.br\/n\/uploads\/2021\/08\/74d14c3b-planalto_04082110235-scaled.jpg","type":"image\/jpeg"}],"author":"Eduardo Vargas","twitter_card":"summary_large_image","twitter_creator":"@sunoresearch","twitter_site":"@sunoresearch","twitter_misc":{"Escrito por":"Eduardo Vargas","Est. tempo de leitura":"5 minutos"},"schema":{"@context":"https:\/\/schema.org","@graph":[{"@type":"NewsArticle","@id":"https:\/\/www.suno.com.br\/noticias\/autonomia-banco-central-bc-ciro-nogueira\/#article","isPartOf":{"@id":"https:\/\/www.suno.com.br\/noticias\/autonomia-banco-central-bc-ciro-nogueira\/"},"author":{"name":"Eduardo Vargas","@id":"https:\/\/www.suno.com.br\/noticias\/#\/schema\/person\/7f4d362bf3518e76090143ae77bb49a5"},"headline":"Autonomia do Banco Central \u00e9 &#8216;avan\u00e7o hist\u00f3rico e irrevers\u00edvel&#8217;, diz Ciro Nogueira","datePublished":"2021-08-21T14:38:37+00:00","mainEntityOfPage":{"@id":"https:\/\/www.suno.com.br\/noticias\/autonomia-banco-central-bc-ciro-nogueira\/"},"wordCount":1110,"publisher":{"@id":"https:\/\/www.suno.com.br\/noticias\/#organization"},"image":{"@id":"https:\/\/www.suno.com.br\/noticias\/autonomia-banco-central-bc-ciro-nogueira\/#primaryimage"},"thumbnailUrl":"https:\/\/files.sunoresearch.com.br\/n\/uploads\/2021\/08\/74d14c3b-planalto_04082110235-scaled.jpg","articleSection":["Pol\u00edtica"],"inLanguage":"pt-BR"},{"@type":"WebPage","@id":"https:\/\/www.suno.com.br\/noticias\/autonomia-banco-central-bc-ciro-nogueira\/","url":"https:\/\/www.suno.com.br\/noticias\/autonomia-banco-central-bc-ciro-nogueira\/","name":"Autonomia do Banco Central \u00e9 'avan\u00e7o irrevers\u00edvel', diz Nogueira","isPartOf":{"@id":"https:\/\/www.suno.com.br\/noticias\/#website"},"primaryImageOfPage":{"@id":"https:\/\/www.suno.com.br\/noticias\/autonomia-banco-central-bc-ciro-nogueira\/#primaryimage"},"image":{"@id":"https:\/\/www.suno.com.br\/noticias\/autonomia-banco-central-bc-ciro-nogueira\/#primaryimage"},"thumbnailUrl":"https:\/\/files.sunoresearch.com.br\/n\/uploads\/2021\/08\/74d14c3b-planalto_04082110235-scaled.jpg","datePublished":"2021-08-21T14:38:37+00:00","description":"Fala do Ministro da Casa Civil vem em contexto que Bolsonaro questiona se a autonomia do Banco Central \u00e9 eficaz. Clique aqui e leia mais.","breadcrumb":{"@id":"https:\/\/www.suno.com.br\/noticias\/autonomia-banco-central-bc-ciro-nogueira\/#breadcrumb"},"inLanguage":"pt-BR","potentialAction":[{"@type":"ReadAction","target":["https:\/\/www.suno.com.br\/noticias\/autonomia-banco-central-bc-ciro-nogueira\/"]}]},{"@type":"ImageObject","inLanguage":"pt-BR","@id":"https:\/\/www.suno.com.br\/noticias\/autonomia-banco-central-bc-ciro-nogueira\/#primaryimage","url":"https:\/\/files.sunoresearch.com.br\/n\/uploads\/2021\/08\/74d14c3b-planalto_04082110235-scaled.jpg","contentUrl":"https:\/\/files.sunoresearch.com.br\/n\/uploads\/2021\/08\/74d14c3b-planalto_04082110235-scaled.jpg","width":2560,"height":1707,"caption":"O Casa Verde e Amarela teve baixa de 11,1% nos lan\u00e7amentos entre outubro e dezembro, caindo para 34 mil im\u00f3veis - Foto: Ag\u00eancia Brasil"},{"@type":"BreadcrumbList","@id":"https:\/\/www.suno.com.br\/noticias\/autonomia-banco-central-bc-ciro-nogueira\/#breadcrumb","itemListElement":[{"@type":"ListItem","position":1,"name":"Not\u00edcias","item":"https:\/\/www.suno.com.br\/noticias\/"},{"@type":"ListItem","position":2,"name":"Pol\u00edtica","item":"https:\/\/www.suno.com.br\/noticias\/politica\/"},{"@type":"ListItem","position":3,"name":"Autonomia do Banco Central \u00e9 &#8216;avan\u00e7o hist\u00f3rico e irrevers\u00edvel&#8217;, diz Ciro Nogueira"}]},{"@type":"WebSite","@id":"https:\/\/www.suno.com.br\/noticias\/#website","url":"https:\/\/www.suno.com.br\/noticias\/","name":"Suno Not\u00edcias","description":"Seu portal de informa\u00e7\u00e3o sobre o mundo dos investimentos","publisher":{"@id":"https:\/\/www.suno.com.br\/noticias\/#organization"},"potentialAction":[{"@type":"SearchAction","target":{"@type":"EntryPoint","urlTemplate":"https:\/\/www.suno.com.br\/noticias\/?s={search_term_string}"},"query-input":{"@type":"PropertyValueSpecification","valueRequired":true,"valueName":"search_term_string"}}],"inLanguage":"pt-BR"},{"@type":"Organization","@id":"https:\/\/www.suno.com.br\/noticias\/#organization","name":"Suno Not\u00edcias","url":"https:\/\/www.suno.com.br\/noticias\/","logo":{"@type":"ImageObject","inLanguage":"pt-BR","@id":"https:\/\/www.suno.com.br\/noticias\/#\/schema\/logo\/image\/","url":"https:\/\/files.sunoresearch.com.br\/n\/uploads\/2021\/09\/suno-logo.png","contentUrl":"https:\/\/files.sunoresearch.com.br\/n\/uploads\/2021\/09\/suno-logo.png","width":180,"height":180,"caption":"Suno Not\u00edcias"},"image":{"@id":"https:\/\/www.suno.com.br\/noticias\/#\/schema\/logo\/image\/"},"sameAs":["https:\/\/facebook.com\/sunoresearch","https:\/\/x.com\/sunoresearch","https:\/\/www.instagram.com\/suno","https:\/\/www.linkedin.com\/company\/suno-research\/","https:\/\/www.youtube.com\/c\/sunoresearch"]},{"@type":"Person","@id":"https:\/\/www.suno.com.br\/noticias\/#\/schema\/person\/7f4d362bf3518e76090143ae77bb49a5","name":"Eduardo Vargas","image":{"@type":"ImageObject","inLanguage":"pt-BR","@id":"https:\/\/www.suno.com.br\/noticias\/#\/schema\/person\/image\/","url":"https:\/\/secure.gravatar.com\/avatar\/dac340933427a22924c9f99d1eb2e3f2?s=96&r=g","contentUrl":"https:\/\/secure.gravatar.com\/avatar\/dac340933427a22924c9f99d1eb2e3f2?s=96&r=g","caption":"Eduardo Vargas"},"description":"Jornalista formado pela UFSC, cobre macroeconomia, neg\u00f3cios e startups para o Suno Not\u00edcias, escrevendo principalmente not\u00edcias sobre o mercado financeiro e a bolsa de valores. No YouTube e no Instagram, \u00e9 respons\u00e1vel pela produ\u00e7\u00e3o de Reels e Shorts do Suno Not\u00edcias. Anteriormente, trabalhou cobrindo economia e cotidiano no ND+ e para o ND, maior jornal impresso de Santa Catarina. Cursou um semestre letivo de Estudos de M\u00eddia na Universidad de Buenos Aires.","url":"https:\/\/www.suno.com.br\/noticias\/author\/eduardo-vargas\/"}]}},"default_loop_html":"<div class=\"cardsPage__listCard__boxs\"><div class=\"cardsPage__listCard__boxs__img\"><a href=\"https:\/\/www.suno.com.br\/noticias\/autonomia-banco-central-bc-ciro-nogueira\/\"><img class=\"mask\" src=\"https:\/\/www.suno.com.br\/noticias\/wp-content\/themes\/suno\/resources\/images\/spotlight\/spotlight1img\/bg-mask.png\" alt=\"Image Mask\"\/><img src=\"https:\/\/files.sunoresearch.com.br\/n\/uploads\/2021\/08\/74d14c3b-planalto_04082110235-400x200.jpg\" alt=\"Autonomia do Banco Central \u00e9 &#8216;avan\u00e7o hist\u00f3rico e irrevers\u00edvel&#8217;, diz Ciro Nogueira\"\/><\/a><span class=\"spotlightCategory\"><a href=\"https:\/\/www.suno.com.br\/noticias\/politica\/\">Pol\u00edtica<\/a><\/span><\/div><div class=\"cardsPage__listCard__boxs__content\"><a href=\"https:\/\/www.suno.com.br\/noticias\/autonomia-banco-central-bc-ciro-nogueira\/\"><h2 class=\"content__title\">Autonomia do Banco Central \u00e9 &#8216;avan\u00e7o hist\u00f3rico e irrevers\u00edvel&#8217;, diz Ciro Nogueira<\/h2><\/a><div class=\"newsContent__article__meta\"><div class=\"newsContent__article__meta__authorBox\"><a href=\"https:\/\/www.suno.com.br\/noticias\/author\/eduardo-vargas\/\" class=\"authorBox__avatar noMobi\"><img src=\"https:\/\/secure.gravatar.com\/avatar\/dac340933427a22924c9f99d1eb2e3f2?s=96&#038;r=g\" alt=\"Eduardo Vargas\"><\/a><div class=\"authorBox__name\"><span>por\n\t\t\t<a href=\"https:\/\/www.suno.com.br\/noticias\/author\/eduardo-vargas\/\"><span itemprop=\"author\">Eduardo Vargas<\/span><\/a><\/span><time datetime=\"2021-08-21T11:38:37-03:00\" itemprop=\"datePublished\">21\/08\/2021 11:38<\/time><\/div><\/div><\/div><\/div><\/div>","single_layout":"posts","amp_enabled":true,"_links":{"self":[{"href":"https:\/\/www.suno.com.br\/noticias\/wp-json\/wp\/v2\/posts\/177121"}],"collection":[{"href":"https:\/\/www.suno.com.br\/noticias\/wp-json\/wp\/v2\/posts"}],"about":[{"href":"https:\/\/www.suno.com.br\/noticias\/wp-json\/wp\/v2\/types\/post"}],"author":[{"embeddable":true,"href":"https:\/\/www.suno.com.br\/noticias\/wp-json\/wp\/v2\/users\/73"}],"replies":[{"embeddable":true,"href":"https:\/\/www.suno.com.br\/noticias\/wp-json\/wp\/v2\/comments?post=177121"}],"version-history":[{"count":3,"href":"https:\/\/www.suno.com.br\/noticias\/wp-json\/wp\/v2\/posts\/177121\/revisions"}],"predecessor-version":[{"id":177149,"href":"https:\/\/www.suno.com.br\/noticias\/wp-json\/wp\/v2\/posts\/177121\/revisions\/177149"}],"wp:featuredmedia":[{"embeddable":true,"href":"https:\/\/www.suno.com.br\/noticias\/wp-json\/wp\/v2\/media\/177147"}],"wp:attachment":[{"href":"https:\/\/www.suno.com.br\/noticias\/wp-json\/wp\/v2\/media?parent=177121"}],"wp:term":[{"taxonomy":"category","embeddable":true,"href":"https:\/\/www.suno.com.br\/noticias\/wp-json\/wp\/v2\/categories?post=177121"},{"taxonomy":"post_tag","embeddable":true,"href":"https:\/\/www.suno.com.br\/noticias\/wp-json\/wp\/v2\/tags?post=177121"},{"taxonomy":"suno_strategy","embeddable":true,"href":"https:\/\/www.suno.com.br\/noticias\/wp-json\/wp\/v2\/suno_strategy?post=177121"}],"curies":[{"name":"wp","href":"https:\/\/api.w.org\/{rel}","templated":true}]}}