{"id":177095,"date":"2021-08-21T11:02:11","date_gmt":"2021-08-21T14:02:11","guid":{"rendered":"https:\/\/www.suno.com.br\/noticias\/?p=177095"},"modified":"2021-08-21T11:20:10","modified_gmt":"2021-08-21T14:20:10","slug":"reforma-tributaria-paulo-guedes-sistema-piorar","status":"publish","type":"post","link":"https:\/\/www.suno.com.br\/noticias\/reforma-tributaria-paulo-guedes-sistema-piorar\/","title":{"rendered":"Reforma Tribut\u00e1ria: Se sistema piorar, \u00e9 melhor n\u00e3o ter, diz Paulo Guedes"},"content":{"rendered":"<p>Com discuss\u00e3o e poss\u00edveis mudan\u00e7as na <strong><a class=\"suno-keyword\" href=\"https:\/\/www.suno.com.br\/artigos\/reforma-tributaria\/\" target=\"_blank\" rel=\"noopener\" data-force=\"no\" data-priority=\"2\">reforma tribut\u00e1ria<\/a><\/strong> pelo]s deputados, o ministro da Economia, Paulo Guedes, disse nesta sexta-feira (20) que prefere que n\u00e3o haja nenhuma reforma a ter uma proposta que resulte em piora do sistema atual. Ele deu a declara\u00e7\u00e3o em audi\u00eancia p\u00fablica no Senado.<\/p>\t<div class=\"wrapper-featured-image\">\n\t\t<figure class=\"spotlightImg\">\n\n\t\t\t<picture>\n\t\t\t\t<source media=\"(max-width: 768px)\" srcset=\"https:\/\/files.sunoresearch.com.br\/n\/uploads\/2021\/03\/42dda3a1-paulo-guedes-foto-alan-santos-pr-400x200.webp\">\n\t\t\t\t<img loading=\"lazy\" decoding=\"async\" class=\"newsContent__article__imgCapa lazyloadDisabled \" src=\"https:\/\/files.sunoresearch.com.br\/n\/uploads\/2021\/03\/42dda3a1-paulo-guedes-foto-alan-santos-pr-800x450.webp\" width=\"800\" height=\"450\" alt=\"Reforma Tribut\u00e1ria: Se sistema piorar, \u00e9 melhor n\u00e3o ter, diz Paulo Guedes\" fetchpriority=high \/>\n\t\t\t<\/picture>\n\n\t\t\t<figcaption class=\"wp-caption-text wp-caption-text--show\">Reforma tribut\u00e1ria deve ser apreciada nesta semana pelo Congresso - Foto Alan Santos PR<\/figcaption>\n\t\t<\/figure>\n\t<\/div>\n\n\n\t<p>\n\t\t<a href=\"https:\/\/lp.suno.com.br\/planilha-controle-gastos\/\" target=\"_blank\" data-element=\"shortcode-suno-banner\" title=\"Banner SUNO, clique e saiba mais\">\n\t\t\t<picture>\n\t\t\t\t<source media=\"(max-width: 500px)\" srcset=\"https:\/\/files.sunoresearch.com.br\/n\/uploads\/2023\/03\/400x300-Planilha-controle-de-gastos.png\">\n\t\t\t\t<img class=\"newsContent__article__imgCapa newsContent__article__imgCapa--banner\"\n\t\t\t\t\tsrc=\"https:\/\/files.sunoresearch.com.br\/n\/uploads\/2023\/03\/1420x240-Planilha-controle-de-gastos.png\"\n\t\t\t\t\tdata-promo-id=\"101751\"\t\t\t\t\t\t\t\t\t\twidth='1420' height='240'\t\t\t\t\talt=\"https:\/\/files.sunoresearch.com.br\/n\/uploads\/2023\/03\/1420x240-Planilha-controle-de-gastos.png\"\n\t\t\t\t>\n\t\t\t<\/picture>\n\t\t<\/a>\n\t<\/p>\n\n\n<p>\u201cTem muita gente gritando que est\u00e1 piorando, mas \u00e9 quem vai come\u00e7ar a pagar. Temos que ver mesmo se vai piorar ou n\u00e3o. Se chegarmos mesmo a conclus\u00e3o que vai piorar, eu prefiro n\u00e3o ter\u201d, disse o Ministro da Economia sobre a reforma tribut\u00e1ria.<\/p>\n<p><strong>Paulo Guedes<\/strong> refor\u00e7ou o compromisso em n\u00e3o aumentar a <a class=\"suno-keyword\" href=\"https:\/\/www.suno.com.br\/artigos\/carga-tributaria\/\" target=\"_blank\" rel=\"noopener\" data-force=\"no\" data-priority=\"1\">carga tribut\u00e1ria<\/a> e em evitar perda de receitas para estados e munic\u00edpios.<\/p>\n<p>\u201cE piorar, para mim, \u00e9 aumentar imposto, tributar gente que n\u00e3o pode ser tributada, \u00e9 fazer alguma coisa que prejudique estado ou munic\u00edpio, que eu acho que n\u00e3o est\u00e1 prejudicando\u201d, acrescentou.<\/p>\n<p>O ministro repetiu que acredita que a proposta do governo n\u00e3o resultar\u00e1 em preju\u00edzo para os cofres p\u00fablicos. Na avalia\u00e7\u00e3o dele, o crescimento da <strong>economia<\/strong> elevar\u00e1 a arrecada\u00e7\u00e3o, o que abriria espa\u00e7o para a redu\u00e7\u00e3o do Imposto de Renda das empresas. Al\u00e9m disso, as receitas com vendas de im\u00f3veis e privatiza\u00e7\u00f5es poderiam compensar eventuais perdas de receita para a Uni\u00e3o.<\/p>\n\t<div data-element=\"shortcode-read-more\" class=\"knowMore\">\n\t\t\t\t<span class=\"knowMore__title\">Leia mais<\/span>\n\t\t\t\t<a class=\"knowMore__link\" href=\"https:\/\/www.suno.com.br\/noticias\/governo-segurar-aumento-conta-de-luz\/\">\n\t\t\tGoverno quer segurar reajustes na conta de luz em ano de elei\u00e7\u00f5es\t\t<\/a>\n\t<\/div>\n\n\n<p>\u201cNingu\u00e9m vai perder. N\u00e3o vamos perder tamb\u00e9m e, se perder, prefiro perder um pouquinho. Porque o ritmo de neg\u00f3cios para o ano que vem n\u00f3s j\u00e1 vamos arrecadar de novo com essa reforma tamb\u00e9m. Vai\u00a0ter\u00a0uma boa base. Porque estamos trazendo gente que nunca pagou para atualizar, tem atualiza\u00e7\u00e3o de im\u00f3veis, tem uma por\u00e7\u00e3o [de medidas]\u201d, declarou.<\/p>\n<p>Nas \u00faltimas semanas, o <a class=\"suno-keyword\" href=\"https:\/\/www.suno.com.br\/artigos\/mercado-financeiro\/\" target=\"_blank\" rel=\"noopener\" data-force=\"no\" data-priority=\"2\">mercado financeiro<\/a> tem expressado d\u00favidas em rela\u00e7\u00e3o as mudan\u00e7as recentes feitas pelo relator da reforma do Imposto de Renda e de investimentos financeiros, deputado Celso <strong>Sabino<\/strong> (PSDB-BA).<\/p>\n<p>Entidades de prefeitos e de governadores tamb\u00e9m t\u00eam rejeitado o texto atual, por temerem perdas, j\u00e1 que o <strong>Imposto de Renda<\/strong> \u00e9 partilhado com os governos locais.<img decoding=\"async\" style=\"width: 1px; height: 1px;\" src=\"https:\/\/agenciabrasil.ebc.com.br\/ebc.png?id=1419145&amp;o=rss\" \/><img decoding=\"async\" style=\"width: 1px; height: 1px;\" src=\"https:\/\/agenciabrasil.ebc.com.br\/ebc.gif?id=1419145&amp;o=rss\" \/><\/p>\n<h2>Interesses<\/h2>\n<p>Segundo o ministro, a proposta atual mexe com interesses, principalmente de quem ganha mais. Apesar disso, ele voltou a defender o corte na taxa\u00e7\u00e3o das empresas ap\u00f3s a tributa\u00e7\u00e3o dos dividendos (parte dos lucros das empresas distribu\u00eddas aos acionistas) em 20%.<\/p>\n<p>\u201cTem muito interesse em jogo. [A reforma do Imposto de Renda] \u00e9 relativamente simples. No mundo inteiro os impostos est\u00e3o caindo. N\u00f3s vamos para a m\u00e9dia do mundo. De 34% [a al\u00edquota no Imposto de Renda da <a class=\"suno-keyword\" href=\"https:\/\/www.suno.com.br\/artigos\/pessoa-juridica\/\" target=\"_blank\" rel=\"noopener\" data-force=\"no\" data-priority=\"2\">Pessoa Jur\u00eddica<\/a>] para 24%\u201d, afirmou.<\/p>\n\t<p>\n\t\t<a href=\"https:\/\/lp.suno.com.br\/planilha-da-vida-financeira\/\" target=\"_blank\" data-element=\"shortcode-suno-banner\" title=\"Banner SUNO, clique e saiba mais\">\n\t\t\t<picture>\n\t\t\t\t<source media=\"(max-width: 500px)\" srcset=\"https:\/\/files.sunoresearch.com.br\/n\/uploads\/2023\/04\/400x300-Planilha-vida-financeira-true.png\">\n\t\t\t\t<img class=\"newsContent__article__imgCapa newsContent__article__imgCapa--banner\"\n\t\t\t\t\tsrc=\"https:\/\/files.sunoresearch.com.br\/n\/uploads\/2023\/04\/1420x240-Planilha-vida-financeira-true.png\"\n\t\t\t\t\tdata-promo-id=\"106682\"\t\t\t\t\t\t\t\t\t\twidth='1420' height='240'\t\t\t\t\talt=\"https:\/\/files.sunoresearch.com.br\/n\/uploads\/2023\/04\/1420x240-Planilha-vida-financeira-true.png\"\n\t\t\t\t>\n\t\t\t<\/picture>\n\t\t<\/a>\n\t<\/p>\n\n\n<p>A diminui\u00e7\u00e3o da al\u00edquota do Imposto de Renda Pessoa Jur\u00eddica, para Guedes, significa uma aposta no crescimento do pa\u00eds.<\/p>\n<p>\u201c[A al\u00edquota] vai cair. Isso \u00e9 uma aposta. Uma aposta no vigor, na recupera\u00e7\u00e3o econ\u00f4mica, aposta de que os impostos, baixando para as empresas, [far\u00e3o] os investimentos aumentar. Mas a hora de fazer essa aposta \u00e9 agora. A arrecada\u00e7\u00e3o est\u00e1 crescendo, as empresas est\u00e3o batendo recordes de resultados\u201d, comentou.<\/p>\n<h2>Fatiamento da Reforma Tribut\u00e1ria<\/h2>\n<p>O ministro disse considerar imposs\u00edvel fazer uma reforma ampla e que prefere fatiar a reforma tribut\u00e1ria, com a apresenta\u00e7\u00e3o de diversas propostas sobre pontos espec\u00edficos.<\/p>\n\t<p>\n\t\t<a href=\"https:\/\/lp.suno.com.br\/ebook-como-analisar-uma-acao\/\" target=\"_blank\" data-element=\"shortcode-suno-banner\" title=\"Banner SUNO, clique e saiba mais\">\n\t\t\t<picture>\n\t\t\t\t<source media=\"(max-width: 500px)\" srcset=\"https:\/\/files.sunoresearch.com.br\/n\/uploads\/2023\/03\/Ebook-Acoes-Mobile-1.jpg\">\n\t\t\t\t<img class=\"newsContent__article__imgCapa newsContent__article__imgCapa--banner\"\n\t\t\t\t\tsrc=\"https:\/\/files.sunoresearch.com.br\/n\/uploads\/2023\/03\/Ebook-Acoes-Desktop-1.jpg\"\n\t\t\t\t\tdata-promo-id=\"171998\"\t\t\t\t\t\t\t\t\t\twidth='1420' height='286'\t\t\t\t\talt=\"https:\/\/files.sunoresearch.com.br\/n\/uploads\/2023\/03\/Ebook-Acoes-Desktop-1.jpg\"\n\t\t\t\t>\n\t\t\t<\/picture>\n\t\t<\/a>\n\t<\/p>\n\n\n<p>Mesmo assim, ele prometeu aos senadores apresentar, em 30 ou 60 dias, um texto mais amplo, que abranja a reforma de outros tributos, n\u00e3o apenas do <a href=\"https:\/\/www.suno.com.br\/artigos\/imposto-de-renda\">Imposto de Renda<\/a>.<\/p>\n<p>No entanto, imp\u00f4s condi\u00e7\u00f5es, como evitar compensa\u00e7\u00f5es bilion\u00e1rias da Uni\u00e3o para cobrir eventuais perdas de estados e de munic\u00edpios e isen\u00e7\u00f5es indevidas para setores empresariais. \u201cSe n\u00e3o for um expediente para fazer a Uni\u00e3o pagar recursos, quero ver acontecer\u201d, declarou Guedes, sobre a reforma tribut\u00e1ria.<\/p>\n<p><em>Com informa\u00e7\u00f5es da Ag\u00eancia Brasil<\/em><\/p>\n","protected":false},"excerpt":{"rendered":"<p>Com discuss\u00e3o e poss\u00edveis mudan\u00e7as na reforma tribut\u00e1ria pelo]s deputados, o ministro da Economia, Paulo Guedes, disse nesta sexta-feira (20) que prefere que n\u00e3o haja nenhuma reforma a ter uma proposta que resulte em piora do sistema atual. Ele deu a declara\u00e7\u00e3o em audi\u00eancia p\u00fablica no Senado. Reforma tribut\u00e1ria deve ser apreciada nesta semana pelo [&hellip;]<\/p>\n","protected":false},"author":73,"featured_media":130411,"comment_status":"closed","ping_status":"closed","sticky":false,"template":"","format":"standard","meta":[],"categories":[62],"tags":[106444,106467,796,1286],"suno_strategy":[],"class_list":["post-177095","post","type-post","status-publish","format-standard","has-post-thumbnail","hentry","category-economia","tag-agencias","tag-guedes","tag-paulo-guedes","tag-reforma-tributaria"],"yoast_head":"<!-- This site is optimized with the Yoast SEO plugin v24.4 - https:\/\/yoast.com\/wordpress\/plugins\/seo\/ -->\n<title>Reforma Tribut\u00e1ria: Se sistema piorar, \u00e9 melhor n\u00e3o ter, diz Paulo Guedes<\/title>\n<meta name=\"description\" content=\"Ap\u00f3s adiamento na semana passada, Reforma Tribut\u00e1ria deve ser apreciada pela C\u00e2mara ainda nos pr\u00f3ximos dias. Clique aqui e leia mais.\" \/>\n<meta name=\"robots\" content=\"index, follow, max-snippet:-1, max-image-preview:large, max-video-preview:-1\" \/>\n<link rel=\"canonical\" href=\"https:\/\/www.suno.com.br\/noticias\/reforma-tributaria-paulo-guedes-sistema-piorar\/\" \/>\n<meta property=\"og:locale\" content=\"pt_BR\" \/>\n<meta property=\"og:type\" content=\"article\" \/>\n<meta property=\"og:title\" content=\"Reforma Tribut\u00e1ria: Se sistema piorar, \u00e9 melhor n\u00e3o ter, diz Paulo Guedes\" \/>\n<meta property=\"og:description\" content=\"Ap\u00f3s adiamento na semana passada, Reforma Tribut\u00e1ria deve ser apreciada pela C\u00e2mara ainda nos pr\u00f3ximos dias. Clique aqui e leia mais.\" \/>\n<meta property=\"og:url\" content=\"https:\/\/www.suno.com.br\/noticias\/reforma-tributaria-paulo-guedes-sistema-piorar\/\" \/>\n<meta property=\"og:site_name\" content=\"Suno Not\u00edcias\" \/>\n<meta property=\"article:publisher\" content=\"https:\/\/facebook.com\/sunoresearch\" \/>\n<meta property=\"og:image\" content=\"https:\/\/files.sunoresearch.com.br\/n\/uploads\/2021\/03\/42dda3a1-paulo-guedes-foto-alan-santos-pr.jpg\" \/>\n\t<meta property=\"og:image:width\" content=\"1200\" \/>\n\t<meta property=\"og:image:height\" content=\"800\" \/>\n\t<meta property=\"og:image:type\" content=\"image\/jpeg\" \/>\n<meta name=\"author\" content=\"Eduardo Vargas\" \/>\n<meta name=\"twitter:card\" content=\"summary_large_image\" \/>\n<meta name=\"twitter:creator\" content=\"@sunoresearch\" \/>\n<meta name=\"twitter:site\" content=\"@sunoresearch\" \/>\n<meta name=\"twitter:label1\" content=\"Escrito por\" \/>\n\t<meta name=\"twitter:data1\" content=\"Eduardo Vargas\" \/>\n\t<meta name=\"twitter:label2\" content=\"Est. tempo de leitura\" \/>\n\t<meta name=\"twitter:data2\" content=\"3 minutos\" \/>\n<script type=\"application\/ld+json\" class=\"yoast-schema-graph\">{\"@context\":\"https:\/\/schema.org\",\"@graph\":[{\"@type\":\"NewsArticle\",\"@id\":\"https:\/\/www.suno.com.br\/noticias\/reforma-tributaria-paulo-guedes-sistema-piorar\/#article\",\"isPartOf\":{\"@id\":\"https:\/\/www.suno.com.br\/noticias\/reforma-tributaria-paulo-guedes-sistema-piorar\/\"},\"author\":{\"name\":\"Eduardo Vargas\",\"@id\":\"https:\/\/www.suno.com.br\/noticias\/#\/schema\/person\/7f4d362bf3518e76090143ae77bb49a5\"},\"headline\":\"Reforma Tribut\u00e1ria: Se sistema piorar, \u00e9 melhor n\u00e3o ter, diz Paulo Guedes\",\"datePublished\":\"2021-08-21T14:02:11+00:00\",\"dateModified\":\"2021-08-21T14:20:10+00:00\",\"mainEntityOfPage\":{\"@id\":\"https:\/\/www.suno.com.br\/noticias\/reforma-tributaria-paulo-guedes-sistema-piorar\/\"},\"wordCount\":678,\"publisher\":{\"@id\":\"https:\/\/www.suno.com.br\/noticias\/#organization\"},\"image\":{\"@id\":\"https:\/\/www.suno.com.br\/noticias\/reforma-tributaria-paulo-guedes-sistema-piorar\/#primaryimage\"},\"thumbnailUrl\":\"https:\/\/files.sunoresearch.com.br\/n\/uploads\/2021\/03\/42dda3a1-paulo-guedes-foto-alan-santos-pr-jpg.webp\",\"keywords\":[\"Ag\u00eancias\",\"guedes\",\"Paulo Guedes\",\"reforma tribut\u00e1ria\"],\"articleSection\":[\"Economia\"],\"inLanguage\":\"pt-BR\"},{\"@type\":\"WebPage\",\"@id\":\"https:\/\/www.suno.com.br\/noticias\/reforma-tributaria-paulo-guedes-sistema-piorar\/\",\"url\":\"https:\/\/www.suno.com.br\/noticias\/reforma-tributaria-paulo-guedes-sistema-piorar\/\",\"name\":\"Reforma Tribut\u00e1ria: Se sistema piorar, \u00e9 melhor n\u00e3o ter, diz Paulo Guedes\",\"isPartOf\":{\"@id\":\"https:\/\/www.suno.com.br\/noticias\/#website\"},\"primaryImageOfPage\":{\"@id\":\"https:\/\/www.suno.com.br\/noticias\/reforma-tributaria-paulo-guedes-sistema-piorar\/#primaryimage\"},\"image\":{\"@id\":\"https:\/\/www.suno.com.br\/noticias\/reforma-tributaria-paulo-guedes-sistema-piorar\/#primaryimage\"},\"thumbnailUrl\":\"https:\/\/files.sunoresearch.com.br\/n\/uploads\/2021\/03\/42dda3a1-paulo-guedes-foto-alan-santos-pr-jpg.webp\",\"datePublished\":\"2021-08-21T14:02:11+00:00\",\"dateModified\":\"2021-08-21T14:20:10+00:00\",\"description\":\"Ap\u00f3s adiamento na semana passada, Reforma Tribut\u00e1ria deve ser apreciada pela C\u00e2mara ainda nos pr\u00f3ximos dias. Clique aqui e leia mais.\",\"breadcrumb\":{\"@id\":\"https:\/\/www.suno.com.br\/noticias\/reforma-tributaria-paulo-guedes-sistema-piorar\/#breadcrumb\"},\"inLanguage\":\"pt-BR\",\"potentialAction\":[{\"@type\":\"ReadAction\",\"target\":[\"https:\/\/www.suno.com.br\/noticias\/reforma-tributaria-paulo-guedes-sistema-piorar\/\"]}]},{\"@type\":\"ImageObject\",\"inLanguage\":\"pt-BR\",\"@id\":\"https:\/\/www.suno.com.br\/noticias\/reforma-tributaria-paulo-guedes-sistema-piorar\/#primaryimage\",\"url\":\"https:\/\/files.sunoresearch.com.br\/n\/uploads\/2021\/03\/42dda3a1-paulo-guedes-foto-alan-santos-pr-jpg.webp\",\"contentUrl\":\"https:\/\/files.sunoresearch.com.br\/n\/uploads\/2021\/03\/42dda3a1-paulo-guedes-foto-alan-santos-pr-jpg.webp\",\"width\":1200,\"height\":800,\"caption\":\"Reforma tribut\u00e1ria deve ser apreciada nesta semana pelo Congresso - Foto Alan Santos PR\"},{\"@type\":\"BreadcrumbList\",\"@id\":\"https:\/\/www.suno.com.br\/noticias\/reforma-tributaria-paulo-guedes-sistema-piorar\/#breadcrumb\",\"itemListElement\":[{\"@type\":\"ListItem\",\"position\":1,\"name\":\"Not\u00edcias\",\"item\":\"https:\/\/www.suno.com.br\/noticias\/\"},{\"@type\":\"ListItem\",\"position\":2,\"name\":\"Economia\",\"item\":\"https:\/\/www.suno.com.br\/noticias\/economia\/\"},{\"@type\":\"ListItem\",\"position\":3,\"name\":\"Reforma Tribut\u00e1ria: Se sistema piorar, \u00e9 melhor n\u00e3o ter, diz Paulo Guedes\"}]},{\"@type\":\"WebSite\",\"@id\":\"https:\/\/www.suno.com.br\/noticias\/#website\",\"url\":\"https:\/\/www.suno.com.br\/noticias\/\",\"name\":\"Suno Not\u00edcias\",\"description\":\"Seu portal de informa\u00e7\u00e3o sobre o mundo dos investimentos\",\"publisher\":{\"@id\":\"https:\/\/www.suno.com.br\/noticias\/#organization\"},\"potentialAction\":[{\"@type\":\"SearchAction\",\"target\":{\"@type\":\"EntryPoint\",\"urlTemplate\":\"https:\/\/www.suno.com.br\/noticias\/?s={search_term_string}\"},\"query-input\":{\"@type\":\"PropertyValueSpecification\",\"valueRequired\":true,\"valueName\":\"search_term_string\"}}],\"inLanguage\":\"pt-BR\"},{\"@type\":\"Organization\",\"@id\":\"https:\/\/www.suno.com.br\/noticias\/#organization\",\"name\":\"Suno Not\u00edcias\",\"url\":\"https:\/\/www.suno.com.br\/noticias\/\",\"logo\":{\"@type\":\"ImageObject\",\"inLanguage\":\"pt-BR\",\"@id\":\"https:\/\/www.suno.com.br\/noticias\/#\/schema\/logo\/image\/\",\"url\":\"https:\/\/files.sunoresearch.com.br\/n\/uploads\/2021\/09\/suno-logo.png\",\"contentUrl\":\"https:\/\/files.sunoresearch.com.br\/n\/uploads\/2021\/09\/suno-logo.png\",\"width\":180,\"height\":180,\"caption\":\"Suno Not\u00edcias\"},\"image\":{\"@id\":\"https:\/\/www.suno.com.br\/noticias\/#\/schema\/logo\/image\/\"},\"sameAs\":[\"https:\/\/facebook.com\/sunoresearch\",\"https:\/\/x.com\/sunoresearch\",\"https:\/\/www.instagram.com\/suno\",\"https:\/\/www.linkedin.com\/company\/suno-research\/\",\"https:\/\/www.youtube.com\/c\/sunoresearch\"]},{\"@type\":\"Person\",\"@id\":\"https:\/\/www.suno.com.br\/noticias\/#\/schema\/person\/7f4d362bf3518e76090143ae77bb49a5\",\"name\":\"Eduardo Vargas\",\"image\":{\"@type\":\"ImageObject\",\"inLanguage\":\"pt-BR\",\"@id\":\"https:\/\/www.suno.com.br\/noticias\/#\/schema\/person\/image\/\",\"url\":\"https:\/\/secure.gravatar.com\/avatar\/dac340933427a22924c9f99d1eb2e3f2?s=96&r=g\",\"contentUrl\":\"https:\/\/secure.gravatar.com\/avatar\/dac340933427a22924c9f99d1eb2e3f2?s=96&r=g\",\"caption\":\"Eduardo Vargas\"},\"description\":\"Jornalista formado pela UFSC, cobre macroeconomia, neg\u00f3cios e startups para o Suno Not\u00edcias, escrevendo principalmente not\u00edcias sobre o mercado financeiro e a bolsa de valores. No YouTube e no Instagram, \u00e9 respons\u00e1vel pela produ\u00e7\u00e3o de Reels e Shorts do Suno Not\u00edcias. Anteriormente, trabalhou cobrindo economia e cotidiano no ND+ e para o ND, maior jornal impresso de Santa Catarina. Cursou um semestre letivo de Estudos de M\u00eddia na Universidad de Buenos Aires.\",\"url\":\"https:\/\/www.suno.com.br\/noticias\/author\/eduardo-vargas\/\"}]}<\/script>\n<!-- \/ Yoast SEO plugin. -->","yoast_head_json":{"title":"Reforma Tribut\u00e1ria: Se sistema piorar, \u00e9 melhor n\u00e3o ter, diz Paulo Guedes","description":"Ap\u00f3s adiamento na semana passada, Reforma Tribut\u00e1ria deve ser apreciada pela C\u00e2mara ainda nos pr\u00f3ximos dias. Clique aqui e leia mais.","robots":{"index":"index","follow":"follow","max-snippet":"max-snippet:-1","max-image-preview":"max-image-preview:large","max-video-preview":"max-video-preview:-1"},"canonical":"https:\/\/www.suno.com.br\/noticias\/reforma-tributaria-paulo-guedes-sistema-piorar\/","og_locale":"pt_BR","og_type":"article","og_title":"Reforma Tribut\u00e1ria: Se sistema piorar, \u00e9 melhor n\u00e3o ter, diz Paulo Guedes","og_description":"Ap\u00f3s adiamento na semana passada, Reforma Tribut\u00e1ria deve ser apreciada pela C\u00e2mara ainda nos pr\u00f3ximos dias. Clique aqui e leia mais.","og_url":"https:\/\/www.suno.com.br\/noticias\/reforma-tributaria-paulo-guedes-sistema-piorar\/","og_site_name":"Suno Not\u00edcias","article_publisher":"https:\/\/facebook.com\/sunoresearch","og_image":[{"width":1200,"height":800,"url":"https:\/\/files.sunoresearch.com.br\/n\/uploads\/2021\/03\/42dda3a1-paulo-guedes-foto-alan-santos-pr.jpg","type":"image\/jpeg"}],"author":"Eduardo Vargas","twitter_card":"summary_large_image","twitter_creator":"@sunoresearch","twitter_site":"@sunoresearch","twitter_misc":{"Escrito por":"Eduardo Vargas","Est. tempo de leitura":"3 minutos"},"schema":{"@context":"https:\/\/schema.org","@graph":[{"@type":"NewsArticle","@id":"https:\/\/www.suno.com.br\/noticias\/reforma-tributaria-paulo-guedes-sistema-piorar\/#article","isPartOf":{"@id":"https:\/\/www.suno.com.br\/noticias\/reforma-tributaria-paulo-guedes-sistema-piorar\/"},"author":{"name":"Eduardo Vargas","@id":"https:\/\/www.suno.com.br\/noticias\/#\/schema\/person\/7f4d362bf3518e76090143ae77bb49a5"},"headline":"Reforma Tribut\u00e1ria: Se sistema piorar, \u00e9 melhor n\u00e3o ter, diz Paulo Guedes","datePublished":"2021-08-21T14:02:11+00:00","dateModified":"2021-08-21T14:20:10+00:00","mainEntityOfPage":{"@id":"https:\/\/www.suno.com.br\/noticias\/reforma-tributaria-paulo-guedes-sistema-piorar\/"},"wordCount":678,"publisher":{"@id":"https:\/\/www.suno.com.br\/noticias\/#organization"},"image":{"@id":"https:\/\/www.suno.com.br\/noticias\/reforma-tributaria-paulo-guedes-sistema-piorar\/#primaryimage"},"thumbnailUrl":"https:\/\/files.sunoresearch.com.br\/n\/uploads\/2021\/03\/42dda3a1-paulo-guedes-foto-alan-santos-pr-jpg.webp","keywords":["Ag\u00eancias","guedes","Paulo Guedes","reforma tribut\u00e1ria"],"articleSection":["Economia"],"inLanguage":"pt-BR"},{"@type":"WebPage","@id":"https:\/\/www.suno.com.br\/noticias\/reforma-tributaria-paulo-guedes-sistema-piorar\/","url":"https:\/\/www.suno.com.br\/noticias\/reforma-tributaria-paulo-guedes-sistema-piorar\/","name":"Reforma Tribut\u00e1ria: Se sistema piorar, \u00e9 melhor n\u00e3o ter, diz Paulo Guedes","isPartOf":{"@id":"https:\/\/www.suno.com.br\/noticias\/#website"},"primaryImageOfPage":{"@id":"https:\/\/www.suno.com.br\/noticias\/reforma-tributaria-paulo-guedes-sistema-piorar\/#primaryimage"},"image":{"@id":"https:\/\/www.suno.com.br\/noticias\/reforma-tributaria-paulo-guedes-sistema-piorar\/#primaryimage"},"thumbnailUrl":"https:\/\/files.sunoresearch.com.br\/n\/uploads\/2021\/03\/42dda3a1-paulo-guedes-foto-alan-santos-pr-jpg.webp","datePublished":"2021-08-21T14:02:11+00:00","dateModified":"2021-08-21T14:20:10+00:00","description":"Ap\u00f3s adiamento na semana passada, Reforma Tribut\u00e1ria deve ser apreciada pela C\u00e2mara ainda nos pr\u00f3ximos dias. Clique aqui e leia mais.","breadcrumb":{"@id":"https:\/\/www.suno.com.br\/noticias\/reforma-tributaria-paulo-guedes-sistema-piorar\/#breadcrumb"},"inLanguage":"pt-BR","potentialAction":[{"@type":"ReadAction","target":["https:\/\/www.suno.com.br\/noticias\/reforma-tributaria-paulo-guedes-sistema-piorar\/"]}]},{"@type":"ImageObject","inLanguage":"pt-BR","@id":"https:\/\/www.suno.com.br\/noticias\/reforma-tributaria-paulo-guedes-sistema-piorar\/#primaryimage","url":"https:\/\/files.sunoresearch.com.br\/n\/uploads\/2021\/03\/42dda3a1-paulo-guedes-foto-alan-santos-pr-jpg.webp","contentUrl":"https:\/\/files.sunoresearch.com.br\/n\/uploads\/2021\/03\/42dda3a1-paulo-guedes-foto-alan-santos-pr-jpg.webp","width":1200,"height":800,"caption":"Reforma tribut\u00e1ria deve ser apreciada nesta semana pelo Congresso - Foto Alan Santos PR"},{"@type":"BreadcrumbList","@id":"https:\/\/www.suno.com.br\/noticias\/reforma-tributaria-paulo-guedes-sistema-piorar\/#breadcrumb","itemListElement":[{"@type":"ListItem","position":1,"name":"Not\u00edcias","item":"https:\/\/www.suno.com.br\/noticias\/"},{"@type":"ListItem","position":2,"name":"Economia","item":"https:\/\/www.suno.com.br\/noticias\/economia\/"},{"@type":"ListItem","position":3,"name":"Reforma Tribut\u00e1ria: Se sistema piorar, \u00e9 melhor n\u00e3o ter, diz Paulo Guedes"}]},{"@type":"WebSite","@id":"https:\/\/www.suno.com.br\/noticias\/#website","url":"https:\/\/www.suno.com.br\/noticias\/","name":"Suno Not\u00edcias","description":"Seu portal de informa\u00e7\u00e3o sobre o mundo dos investimentos","publisher":{"@id":"https:\/\/www.suno.com.br\/noticias\/#organization"},"potentialAction":[{"@type":"SearchAction","target":{"@type":"EntryPoint","urlTemplate":"https:\/\/www.suno.com.br\/noticias\/?s={search_term_string}"},"query-input":{"@type":"PropertyValueSpecification","valueRequired":true,"valueName":"search_term_string"}}],"inLanguage":"pt-BR"},{"@type":"Organization","@id":"https:\/\/www.suno.com.br\/noticias\/#organization","name":"Suno Not\u00edcias","url":"https:\/\/www.suno.com.br\/noticias\/","logo":{"@type":"ImageObject","inLanguage":"pt-BR","@id":"https:\/\/www.suno.com.br\/noticias\/#\/schema\/logo\/image\/","url":"https:\/\/files.sunoresearch.com.br\/n\/uploads\/2021\/09\/suno-logo.png","contentUrl":"https:\/\/files.sunoresearch.com.br\/n\/uploads\/2021\/09\/suno-logo.png","width":180,"height":180,"caption":"Suno Not\u00edcias"},"image":{"@id":"https:\/\/www.suno.com.br\/noticias\/#\/schema\/logo\/image\/"},"sameAs":["https:\/\/facebook.com\/sunoresearch","https:\/\/x.com\/sunoresearch","https:\/\/www.instagram.com\/suno","https:\/\/www.linkedin.com\/company\/suno-research\/","https:\/\/www.youtube.com\/c\/sunoresearch"]},{"@type":"Person","@id":"https:\/\/www.suno.com.br\/noticias\/#\/schema\/person\/7f4d362bf3518e76090143ae77bb49a5","name":"Eduardo Vargas","image":{"@type":"ImageObject","inLanguage":"pt-BR","@id":"https:\/\/www.suno.com.br\/noticias\/#\/schema\/person\/image\/","url":"https:\/\/secure.gravatar.com\/avatar\/dac340933427a22924c9f99d1eb2e3f2?s=96&r=g","contentUrl":"https:\/\/secure.gravatar.com\/avatar\/dac340933427a22924c9f99d1eb2e3f2?s=96&r=g","caption":"Eduardo Vargas"},"description":"Jornalista formado pela UFSC, cobre macroeconomia, neg\u00f3cios e startups para o Suno Not\u00edcias, escrevendo principalmente not\u00edcias sobre o mercado financeiro e a bolsa de valores. No YouTube e no Instagram, \u00e9 respons\u00e1vel pela produ\u00e7\u00e3o de Reels e Shorts do Suno Not\u00edcias. Anteriormente, trabalhou cobrindo economia e cotidiano no ND+ e para o ND, maior jornal impresso de Santa Catarina. Cursou um semestre letivo de Estudos de M\u00eddia na Universidad de Buenos Aires.","url":"https:\/\/www.suno.com.br\/noticias\/author\/eduardo-vargas\/"}]}},"default_loop_html":"<div class=\"cardsPage__listCard__boxs\"><div class=\"cardsPage__listCard__boxs__img\"><a href=\"https:\/\/www.suno.com.br\/noticias\/reforma-tributaria-paulo-guedes-sistema-piorar\/\"><img class=\"mask\" src=\"https:\/\/www.suno.com.br\/noticias\/wp-content\/themes\/suno\/resources\/images\/spotlight\/spotlight1img\/bg-mask.png\" alt=\"Image Mask\"\/><img src=\"https:\/\/files.sunoresearch.com.br\/n\/uploads\/2021\/03\/42dda3a1-paulo-guedes-foto-alan-santos-pr-400x200.webp\" alt=\"Reforma Tribut\u00e1ria: Se sistema piorar, \u00e9 melhor n\u00e3o ter, diz Paulo Guedes\"\/><\/a><span class=\"spotlightCategory\"><a href=\"https:\/\/www.suno.com.br\/noticias\/economia\/\">Economia<\/a><\/span><\/div><div class=\"cardsPage__listCard__boxs__content\"><a href=\"https:\/\/www.suno.com.br\/noticias\/reforma-tributaria-paulo-guedes-sistema-piorar\/\"><h2 class=\"content__title\">Reforma Tribut\u00e1ria: Se sistema piorar, \u00e9 melhor n\u00e3o ter, diz Paulo Guedes<\/h2><\/a><div class=\"newsContent__article__meta\"><div class=\"newsContent__article__meta__authorBox\"><a href=\"https:\/\/www.suno.com.br\/noticias\/author\/eduardo-vargas\/\" class=\"authorBox__avatar noMobi\"><img src=\"https:\/\/secure.gravatar.com\/avatar\/dac340933427a22924c9f99d1eb2e3f2?s=96&#038;r=g\" alt=\"Eduardo Vargas\"><\/a><div class=\"authorBox__name\"><span>por\n\t\t\t<a href=\"https:\/\/www.suno.com.br\/noticias\/author\/eduardo-vargas\/\"><span itemprop=\"author\">Eduardo Vargas<\/span><\/a><\/span><time datetime=\"2021-08-21T11:02:11-03:00\" itemprop=\"datePublished\">21\/08\/2021 11:02<\/time><\/div><\/div><\/div><\/div><\/div>","single_layout":"posts","amp_enabled":true,"_links":{"self":[{"href":"https:\/\/www.suno.com.br\/noticias\/wp-json\/wp\/v2\/posts\/177095"}],"collection":[{"href":"https:\/\/www.suno.com.br\/noticias\/wp-json\/wp\/v2\/posts"}],"about":[{"href":"https:\/\/www.suno.com.br\/noticias\/wp-json\/wp\/v2\/types\/post"}],"author":[{"embeddable":true,"href":"https:\/\/www.suno.com.br\/noticias\/wp-json\/wp\/v2\/users\/73"}],"replies":[{"embeddable":true,"href":"https:\/\/www.suno.com.br\/noticias\/wp-json\/wp\/v2\/comments?post=177095"}],"version-history":[{"count":4,"href":"https:\/\/www.suno.com.br\/noticias\/wp-json\/wp\/v2\/posts\/177095\/revisions"}],"predecessor-version":[{"id":177145,"href":"https:\/\/www.suno.com.br\/noticias\/wp-json\/wp\/v2\/posts\/177095\/revisions\/177145"}],"wp:featuredmedia":[{"embeddable":true,"href":"https:\/\/www.suno.com.br\/noticias\/wp-json\/wp\/v2\/media\/130411"}],"wp:attachment":[{"href":"https:\/\/www.suno.com.br\/noticias\/wp-json\/wp\/v2\/media?parent=177095"}],"wp:term":[{"taxonomy":"category","embeddable":true,"href":"https:\/\/www.suno.com.br\/noticias\/wp-json\/wp\/v2\/categories?post=177095"},{"taxonomy":"post_tag","embeddable":true,"href":"https:\/\/www.suno.com.br\/noticias\/wp-json\/wp\/v2\/tags?post=177095"},{"taxonomy":"suno_strategy","embeddable":true,"href":"https:\/\/www.suno.com.br\/noticias\/wp-json\/wp\/v2\/suno_strategy?post=177095"}],"curies":[{"name":"wp","href":"https:\/\/api.w.org\/{rel}","templated":true}]}}